{"id":41414,"date":"2023-07-04T11:13:47","date_gmt":"2023-07-04T10:13:47","guid":{"rendered":"https:\/\/ihedn.fr\/?p=41414"},"modified":"2023-07-04T11:26:01","modified_gmt":"2023-07-04T10:26:01","slug":"european-armament-cooperation-4-au-6-juillet-2023-ecole-militaire-paris","status":"publish","type":"post","link":"https:\/\/ihedn.fr\/en\/notre-actualite\/european-armament-cooperation-4-au-6-juillet-2023-ecole-militaire-paris\/","title":{"rendered":"European Armament Cooperation - 4 to 6 July 2023 - Ecole militaire, Paris"},"content":{"rendered":"<div data-elementor-type=\"wp-post\" data-elementor-id=\"41414\" class=\"elementor elementor-41414\" data-elementor-post-type=\"post\">\n\t\t\t\t\t\t<section data-particle_enable=\"false\" data-particle-mobile-disabled=\"false\" class=\"elementor-section elementor-top-section elementor-element elementor-element-7d3640a elementor-section-boxed elementor-section-height-default elementor-section-height-default\" data-id=\"7d3640a\" data-element_type=\"section\" data-e-type=\"section\">\n\t\t\t\t\t\t<div class=\"elementor-container elementor-column-gap-default\">\n\t\t\t\t\t<div class=\"elementor-column elementor-col-100 elementor-top-column elementor-element elementor-element-4e7e1bc\" data-id=\"4e7e1bc\" data-element_type=\"column\" data-e-type=\"column\">\n\t\t\t<div class=\"elementor-widget-wrap elementor-element-populated\">\n\t\t\t\t\t\t<div class=\"elementor-element elementor-element-ad045eb elementor-widget elementor-widget-text-editor\" data-id=\"ad045eb\" data-element_type=\"widget\" data-e-type=\"widget\" data-widget_type=\"text-editor.default\">\n\t\t\t\t<div class=\"elementor-widget-container\">\n\t\t\t\t\t\t\t\t\t<p>Over the course of the 3 days, participants will have the opportunity to attend a number of conferences organised around 4 pillars: a general overview of European armaments cooperation; partnerships and cooperation: forging a common response at European level; innovation; and finally a look at European prospects in armaments.<\/p><p>This first day was opened by the Chief Armaments Engineer <span style=\"color: #000091;\"><strong>Damien Louise<\/strong><\/span>This was followed by speeches from representatives of the European Commission (DG DEFIS) and NATO, and ended with a conference on the development of cyber capabilities, a crucial area for EU security.\u00a0<\/p>\t\t\t\t\t\t\t\t<\/div>\n\t\t\t\t<\/div>\n\t\t\t\t\t<\/div>\n\t\t<\/div>\n\t\t\t\t\t<\/div>\n\t\t<\/section>\n\t\t\t\t<section data-particle_enable=\"false\" data-particle-mobile-disabled=\"false\" class=\"elementor-section elementor-top-section elementor-element elementor-element-a3c992d elementor-section-boxed elementor-section-height-default elementor-section-height-default\" data-id=\"a3c992d\" data-element_type=\"section\" data-e-type=\"section\">\n\t\t\t\t\t\t<div class=\"elementor-container elementor-column-gap-default\">\n\t\t\t\t\t<div class=\"elementor-column elementor-col-100 elementor-top-column elementor-element elementor-element-a0e1520\" data-id=\"a0e1520\" data-element_type=\"column\" data-e-type=\"column\">\n\t\t\t<div class=\"elementor-widget-wrap elementor-element-populated\">\n\t\t\t\t\t\t<div class=\"elementor-element elementor-element-d751e65 elementor-widget elementor-widget-heading\" data-id=\"d751e65\" data-element_type=\"widget\" data-e-type=\"widget\" data-widget_type=\"heading.default\">\n\t\t\t\t<div class=\"elementor-widget-container\">\n\t\t\t\t\t<h5 class=\"elementor-heading-title elementor-size-default\">European Armament Cooperation - 4-6 July 2023 - Ecole militaire, Paris<\/h5>\t\t\t\t<\/div>\n\t\t\t\t<\/div>\n\t\t\t\t\t<\/div>\n\t\t<\/div>\n\t\t\t\t\t<\/div>\n\t\t<\/section>\n\t\t\t\t<section data-particle_enable=\"false\" data-particle-mobile-disabled=\"false\" class=\"elementor-section elementor-top-section elementor-element elementor-element-d3cdb59 elementor-section-boxed elementor-section-height-default elementor-section-height-default\" data-id=\"d3cdb59\" data-element_type=\"section\" data-e-type=\"section\">\n\t\t\t\t\t\t<div class=\"elementor-container elementor-column-gap-default\">\n\t\t\t\t\t<div class=\"elementor-column elementor-col-100 elementor-top-column elementor-element elementor-element-440d2c3\" data-id=\"440d2c3\" data-element_type=\"column\" data-e-type=\"column\">\n\t\t\t<div class=\"elementor-widget-wrap elementor-element-populated\">\n\t\t\t\t\t\t<div class=\"elementor-element elementor-element-4fc5d38 elementor-widget elementor-widget-text-editor\" data-id=\"4fc5d38\" data-element_type=\"widget\" data-e-type=\"widget\" data-widget_type=\"text-editor.default\">\n\t\t\t\t<div class=\"elementor-widget-container\">\n\t\t\t\t\t\t\t\t\t<p>Today begins the European Armament Cooperation course organized in the framework of the European Security and Defense College (ESDC). This course will take place over 3 days, from July 4 to 6, and will be held in Paris at the Ecole Militaire. It gathers 24 mid-career level auditors, civilian and military, from different countries and institutions of the European Union.<\/p><p>During these 3 days, the attendees will have the opportunity to attend several conferences built around 4 main pillars: a general overview of European armaments cooperation; partnerships and cooperation: forging a common response at the European level; innovation; and European perspectives in terms of armaments.<\/p><p>The today's session has been opened by the ICA (Colonel, Armament) <strong><span style=\"color: #000091;\">Damien Louise<\/span><\/strong>EU specialized deputy to the International Development Director \/ Directorate General of Armament. Then the conferences continued with lectures from EU Commission (DG DEFIS) and NATO representatives, before ending with a panel dedicated to the cyber space, a crucial domain for EU security.<\/p>\t\t\t\t\t\t\t\t<\/div>\n\t\t\t\t<\/div>\n\t\t\t\t\t<\/div>\n\t\t<\/div>\n\t\t\t\t\t<\/div>\n\t\t<\/section>\n\t\t\t\t<section data-particle_enable=\"false\" data-particle-mobile-disabled=\"false\" class=\"elementor-section elementor-top-section elementor-element elementor-element-0236615 elementor-section-boxed elementor-section-height-default elementor-section-height-default\" data-id=\"0236615\" data-element_type=\"section\" data-e-type=\"section\">\n\t\t\t\t\t\t<div class=\"elementor-container elementor-column-gap-default\">\n\t\t\t\t\t<div class=\"elementor-column elementor-col-33 elementor-top-column elementor-element elementor-element-bd76eb7\" data-id=\"bd76eb7\" data-element_type=\"column\" data-e-type=\"column\">\n\t\t\t<div class=\"elementor-widget-wrap elementor-element-populated\">\n\t\t\t\t\t\t<div class=\"elementor-element elementor-element-a0aba49 elementor-widget elementor-widget-image\" data-id=\"a0aba49\" data-element_type=\"widget\" data-e-type=\"widget\" data-widget_type=\"image.default\">\n\t\t\t\t<div class=\"elementor-widget-container\">\n\t\t\t\t\t\t\t\t\t\t\t\t\t\t\t<img fetchpriority=\"high\" decoding=\"async\" width=\"1000\" height=\"750\" src=\"https:\/\/ihedn.fr\/wp-content\/uploads\/2023\/07\/f6be063e-1.jpg\" class=\"attachment-full size-full wp-image-41424\" alt=\"European Armament Cooperation\" srcset=\"https:\/\/ihedn.fr\/wp-content\/uploads\/2023\/07\/f6be063e-1.jpg 1000w, https:\/\/ihedn.fr\/wp-content\/uploads\/2023\/07\/f6be063e-1-16x12.jpg 16w\" sizes=\"(max-width: 1000px) 100vw, 1000px\" \/>\t\t\t\t\t\t\t\t\t\t\t\t\t\t\t<\/div>\n\t\t\t\t<\/div>\n\t\t\t\t\t<\/div>\n\t\t<\/div>\n\t\t\t\t<div class=\"elementor-column elementor-col-33 elementor-top-column elementor-element elementor-element-0acc3ae\" data-id=\"0acc3ae\" data-element_type=\"column\" data-e-type=\"column\">\n\t\t\t<div class=\"elementor-widget-wrap elementor-element-populated\">\n\t\t\t\t\t\t<div class=\"elementor-element elementor-element-85130cc elementor-widget elementor-widget-image\" data-id=\"85130cc\" data-element_type=\"widget\" data-e-type=\"widget\" data-widget_type=\"image.default\">\n\t\t\t\t<div class=\"elementor-widget-container\">\n\t\t\t\t\t\t\t\t\t\t\t\t\t\t\t<img decoding=\"async\" width=\"800\" height=\"600\" src=\"https:\/\/ihedn.fr\/wp-content\/uploads\/2023\/07\/78bd1464-1.jpg\" class=\"attachment-full size-full wp-image-41422\" alt=\"European Armament Cooperation\" srcset=\"https:\/\/ihedn.fr\/wp-content\/uploads\/2023\/07\/78bd1464-1.jpg 800w, https:\/\/ihedn.fr\/wp-content\/uploads\/2023\/07\/78bd1464-1-16x12.jpg 16w\" sizes=\"(max-width: 800px) 100vw, 800px\" \/>\t\t\t\t\t\t\t\t\t\t\t\t\t\t\t<\/div>\n\t\t\t\t<\/div>\n\t\t\t\t\t<\/div>\n\t\t<\/div>\n\t\t\t\t<div class=\"elementor-column elementor-col-33 elementor-top-column elementor-element elementor-element-f5dad17\" data-id=\"f5dad17\" data-element_type=\"column\" data-e-type=\"column\">\n\t\t\t<div class=\"elementor-widget-wrap elementor-element-populated\">\n\t\t\t\t\t\t<div class=\"elementor-element elementor-element-3737e4d elementor-widget elementor-widget-image\" data-id=\"3737e4d\" data-element_type=\"widget\" data-e-type=\"widget\" data-widget_type=\"image.default\">\n\t\t\t\t<div class=\"elementor-widget-container\">\n\t\t\t\t\t\t\t\t\t\t\t\t\t\t\t<img decoding=\"async\" width=\"800\" height=\"600\" src=\"https:\/\/ihedn.fr\/wp-content\/uploads\/2023\/07\/72d3279e-1.jpg\" class=\"attachment-full size-full wp-image-41421\" alt=\"European Armament Cooperation\" srcset=\"https:\/\/ihedn.fr\/wp-content\/uploads\/2023\/07\/72d3279e-1.jpg 800w, https:\/\/ihedn.fr\/wp-content\/uploads\/2023\/07\/72d3279e-1-16x12.jpg 16w\" sizes=\"(max-width: 800px) 100vw, 800px\" \/>\t\t\t\t\t\t\t\t\t\t\t\t\t\t\t<\/div>\n\t\t\t\t<\/div>\n\t\t\t\t\t<\/div>\n\t\t<\/div>\n\t\t\t\t\t<\/div>\n\t\t<\/section>\n\t\t\t\t<\/div>","protected":false},"excerpt":{"rendered":"<p>Today sees the start of the European Armament Cooperation course organised as part of the European Security and Defence College (ESDC). The course will take place over 3 days, from 4 to 6 July, at the Ecole Militaire - Paris. It brings together 24 mid-career students, both civilian and military, from various European Union countries and institutions.<\/p>","protected":false},"author":12,"featured_media":41415,"comment_status":"closed","ping_status":"closed","sticky":false,"template":"","format":"standard","meta":{"footnotes":""},"categories":[172],"tags":[],"class_list":["post-41414","post","type-post","status-publish","format-standard","has-post-thumbnail","hentry","category-notre-actualite"],"yoast_head":"<!-- This site is optimized with the Yoast SEO plugin v27.5 - https:\/\/yoast.com\/product\/yoast-seo-wordpress\/ -->\n<title>European Armament Cooperation \u2013 4 au 6 juillet 2023 \u2013 Ecole militaire, Paris - L&#039;IHEDN : Institut des hautes \u00e9tudes de d\u00e9fense nationale<\/title>\n<meta name=\"robots\" content=\"index, follow, max-snippet:-1, max-image-preview:large, max-video-preview:-1\" \/>\n<link rel=\"canonical\" href=\"https:\/\/ihedn.fr\/en\/actualites-des-sessions\/european-armament-cooperation-4-au-6-juillet-2023-ecole-militaire-paris\/\" \/>\n<meta property=\"og:locale\" content=\"en_GB\" \/>\n<meta property=\"og:type\" content=\"article\" \/>\n<meta property=\"og:title\" content=\"European Armament Cooperation \u2013 4 au 6 juillet 2023 \u2013 Ecole militaire, Paris\" \/>\n<meta property=\"og:description\" content=\"Aujourd\u2019hui d\u00e9bute le cours European Armament Cooperation organis\u00e9 dans le cadre du Coll\u00e8ge Europ\u00e9en de S\u00e9curit\u00e9 et de D\u00e9fense (CESD). Cette formation se d\u00e9roulera sur 3 jours, du 4 au 6 juillet, \u00e0 l\u2019Ecole Militaire - Paris. Elle regroupe 24 auditeurs de mi-carri\u00e8re, civils et militaires, provenant des diff\u00e9rents pays et institutions de l\u2019Union Europ\u00e9enne.\" \/>\n<meta property=\"og:url\" content=\"https:\/\/ihedn.fr\/en\/actualites-des-sessions\/european-armament-cooperation-4-au-6-juillet-2023-ecole-militaire-paris\/\" \/>\n<meta property=\"og:site_name\" content=\"L&#039;IHEDN : Institut des hautes \u00e9tudes de d\u00e9fense nationale\" \/>\n<meta property=\"article:publisher\" content=\"https:\/\/www.facebook.com\/ihedn\/\" \/>\n<meta property=\"article:published_time\" content=\"2023-07-04T10:13:47+00:00\" \/>\n<meta property=\"article:modified_time\" content=\"2023-07-04T10:26:01+00:00\" \/>\n<meta property=\"og:image\" content=\"https:\/\/ihedn.fr\/wp-content\/uploads\/2023\/07\/20230704_EAC.jpg\" \/>\n\t<meta property=\"og:image:width\" content=\"1000\" \/>\n\t<meta property=\"og:image:height\" content=\"707\" \/>\n\t<meta property=\"og:image:type\" content=\"image\/jpeg\" \/>\n<meta name=\"author\" content=\"Ad\u00e8le Thoumieux\" \/>\n<meta name=\"twitter:card\" content=\"summary_large_image\" \/>\n<meta name=\"twitter:title\" content=\"European Armament Cooperation \u2013 4 au 6 juillet 2023 \u2013 Ecole militaire, Paris\" \/>\n<meta name=\"twitter:description\" content=\"Aujourd\u2019hui d\u00e9bute le cours European Armament Cooperation organis\u00e9 dans le cadre du Coll\u00e8ge Europ\u00e9en de S\u00e9curit\u00e9 et de D\u00e9fense (CESD). Cette formation se d\u00e9roulera sur 3 jours, du 4 au 6 juillet, \u00e0 l\u2019Ecole Militaire - Paris. Elle regroupe 24 auditeurs de mi-carri\u00e8re, civils et militaires, provenant des diff\u00e9rents pays et institutions de l\u2019Union Europ\u00e9enne.\" \/>\n<meta name=\"twitter:image\" content=\"https:\/\/ihedn.fr\/wp-content\/uploads\/2023\/07\/20230704_EAC.jpg\" \/>\n<meta name=\"twitter:creator\" content=\"@IHEDN\" \/>\n<meta name=\"twitter:site\" content=\"@IHEDN\" \/>\n<meta name=\"twitter:label1\" content=\"Written by\" \/>\n\t<meta name=\"twitter:data1\" content=\"Ad\u00e8le Thoumieux\" \/>\n\t<meta name=\"twitter:label2\" content=\"Estimated reading time\" \/>\n\t<meta name=\"twitter:data2\" content=\"3 minutes\" \/>\n<script type=\"application\/ld+json\" class=\"yoast-schema-graph\">{\"@context\":\"https:\\\/\\\/schema.org\",\"@graph\":[{\"@type\":\"Article\",\"@id\":\"https:\\\/\\\/ihedn.fr\\\/en\\\/actualites-des-sessions\\\/european-armament-cooperation-4-au-6-juillet-2023-ecole-militaire-paris\\\/#article\",\"isPartOf\":{\"@id\":\"https:\\\/\\\/ihedn.fr\\\/en\\\/actualites-des-sessions\\\/european-armament-cooperation-4-au-6-juillet-2023-ecole-militaire-paris\\\/\"},\"author\":{\"name\":\"Ad\u00e8le Thoumieux\",\"@id\":\"https:\\\/\\\/ihedn.fr\\\/#\\\/schema\\\/person\\\/16d49c2bd0121499ea9b9023ce89826c\"},\"headline\":\"European Armament Cooperation \u2013 4 au 6 juillet 2023 \u2013 Ecole militaire, Paris\",\"datePublished\":\"2023-07-04T10:13:47+00:00\",\"dateModified\":\"2023-07-04T10:26:01+00:00\",\"mainEntityOfPage\":{\"@id\":\"https:\\\/\\\/ihedn.fr\\\/en\\\/actualites-des-sessions\\\/european-armament-cooperation-4-au-6-juillet-2023-ecole-militaire-paris\\\/\"},\"wordCount\":317,\"publisher\":{\"@id\":\"https:\\\/\\\/ihedn.fr\\\/#organization\"},\"image\":{\"@id\":\"https:\\\/\\\/ihedn.fr\\\/en\\\/actualites-des-sessions\\\/european-armament-cooperation-4-au-6-juillet-2023-ecole-militaire-paris\\\/#primaryimage\"},\"thumbnailUrl\":\"https:\\\/\\\/ihedn.fr\\\/wp-content\\\/uploads\\\/2023\\\/07\\\/20230704_EAC.jpg\",\"articleSection\":[\"Notre actualit\u00e9\"],\"inLanguage\":\"en-GB\"},{\"@type\":\"WebPage\",\"@id\":\"https:\\\/\\\/ihedn.fr\\\/en\\\/actualites-des-sessions\\\/european-armament-cooperation-4-au-6-juillet-2023-ecole-militaire-paris\\\/\",\"url\":\"https:\\\/\\\/ihedn.fr\\\/en\\\/actualites-des-sessions\\\/european-armament-cooperation-4-au-6-juillet-2023-ecole-militaire-paris\\\/\",\"name\":\"European Armament Cooperation \u2013 4 au 6 juillet 2023 \u2013 Ecole militaire, Paris - L&#039;IHEDN : Institut des hautes \u00e9tudes de d\u00e9fense nationale\",\"isPartOf\":{\"@id\":\"https:\\\/\\\/ihedn.fr\\\/#website\"},\"primaryImageOfPage\":{\"@id\":\"https:\\\/\\\/ihedn.fr\\\/en\\\/actualites-des-sessions\\\/european-armament-cooperation-4-au-6-juillet-2023-ecole-militaire-paris\\\/#primaryimage\"},\"image\":{\"@id\":\"https:\\\/\\\/ihedn.fr\\\/en\\\/actualites-des-sessions\\\/european-armament-cooperation-4-au-6-juillet-2023-ecole-militaire-paris\\\/#primaryimage\"},\"thumbnailUrl\":\"https:\\\/\\\/ihedn.fr\\\/wp-content\\\/uploads\\\/2023\\\/07\\\/20230704_EAC.jpg\",\"datePublished\":\"2023-07-04T10:13:47+00:00\",\"dateModified\":\"2023-07-04T10:26:01+00:00\",\"breadcrumb\":{\"@id\":\"https:\\\/\\\/ihedn.fr\\\/en\\\/actualites-des-sessions\\\/european-armament-cooperation-4-au-6-juillet-2023-ecole-militaire-paris\\\/#breadcrumb\"},\"inLanguage\":\"en-GB\",\"potentialAction\":[{\"@type\":\"ReadAction\",\"target\":[\"https:\\\/\\\/ihedn.fr\\\/en\\\/actualites-des-sessions\\\/european-armament-cooperation-4-au-6-juillet-2023-ecole-militaire-paris\\\/\"]}]},{\"@type\":\"ImageObject\",\"inLanguage\":\"en-GB\",\"@id\":\"https:\\\/\\\/ihedn.fr\\\/en\\\/actualites-des-sessions\\\/european-armament-cooperation-4-au-6-juillet-2023-ecole-militaire-paris\\\/#primaryimage\",\"url\":\"https:\\\/\\\/ihedn.fr\\\/wp-content\\\/uploads\\\/2023\\\/07\\\/20230704_EAC.jpg\",\"contentUrl\":\"https:\\\/\\\/ihedn.fr\\\/wp-content\\\/uploads\\\/2023\\\/07\\\/20230704_EAC.jpg\",\"width\":1000,\"height\":707,\"caption\":\"European Armament Cooperation \u2013 4 au 6 juillet 2023\"},{\"@type\":\"BreadcrumbList\",\"@id\":\"https:\\\/\\\/ihedn.fr\\\/en\\\/actualites-des-sessions\\\/european-armament-cooperation-4-au-6-juillet-2023-ecole-militaire-paris\\\/#breadcrumb\",\"itemListElement\":[{\"@type\":\"ListItem\",\"position\":1,\"name\":\"Accueil\",\"item\":\"https:\\\/\\\/ihedn.fr\\\/\"},{\"@type\":\"ListItem\",\"position\":2,\"name\":\"European Armament Cooperation \u2013 4 au 6 juillet 2023 \u2013 Ecole militaire, Paris\"}]},{\"@type\":\"WebSite\",\"@id\":\"https:\\\/\\\/ihedn.fr\\\/#website\",\"url\":\"https:\\\/\\\/ihedn.fr\\\/\",\"name\":\"IHEDN : Institut des hautes \u00e9tudes de d\u00e9fense nationale |\",\"description\":\"Site officiel de l&#039;IHEDN plac\u00e9 sous la tutelle du Premier ministre.\",\"publisher\":{\"@id\":\"https:\\\/\\\/ihedn.fr\\\/#organization\"},\"potentialAction\":[{\"@type\":\"SearchAction\",\"target\":{\"@type\":\"EntryPoint\",\"urlTemplate\":\"https:\\\/\\\/ihedn.fr\\\/?s={search_term_string}\"},\"query-input\":{\"@type\":\"PropertyValueSpecification\",\"valueRequired\":true,\"valueName\":\"search_term_string\"}}],\"inLanguage\":\"en-GB\"},{\"@type\":\"Organization\",\"@id\":\"https:\\\/\\\/ihedn.fr\\\/#organization\",\"name\":\"IHEDN - Institut des Hautes Etudes de D\u00e9fense Nationale\",\"url\":\"https:\\\/\\\/ihedn.fr\\\/\",\"logo\":{\"@type\":\"ImageObject\",\"inLanguage\":\"en-GB\",\"@id\":\"https:\\\/\\\/ihedn.fr\\\/#\\\/schema\\\/logo\\\/image\\\/\",\"url\":\"https:\\\/\\\/ihedn.fr\\\/wp-content\\\/uploads\\\/2020\\\/11\\\/BLOC_RF_IHEDN_WEB.png\",\"contentUrl\":\"https:\\\/\\\/ihedn.fr\\\/wp-content\\\/uploads\\\/2020\\\/11\\\/BLOC_RF_IHEDN_WEB.png\",\"width\":500,\"height\":237,\"caption\":\"IHEDN - Institut des Hautes Etudes de D\u00e9fense Nationale\"},\"image\":{\"@id\":\"https:\\\/\\\/ihedn.fr\\\/#\\\/schema\\\/logo\\\/image\\\/\"},\"sameAs\":[\"https:\\\/\\\/www.facebook.com\\\/ihedn\\\/\",\"https:\\\/\\\/x.com\\\/IHEDN\",\"https:\\\/\\\/www.instagram.com\\\/ihedn\\\/\",\"https:\\\/\\\/www.linkedin.com\\\/school\\\/ihedn\\\/\",\"https:\\\/\\\/fr.wikipedia.org\\\/wiki\\\/Institut_des_hautes_\u00e9tudes_de_D\u00e9fense_nationale\"]},{\"@type\":\"Person\",\"@id\":\"https:\\\/\\\/ihedn.fr\\\/#\\\/schema\\\/person\\\/16d49c2bd0121499ea9b9023ce89826c\",\"name\":\"Ad\u00e8le Thoumieux\",\"image\":{\"@type\":\"ImageObject\",\"inLanguage\":\"en-GB\",\"@id\":\"https:\\\/\\\/secure.gravatar.com\\\/avatar\\\/64fc58d14679bdd185946349bcb229b06e37d30d6290c2bec15f1daa8f8e0ece?s=96&d=mm&r=g\",\"url\":\"https:\\\/\\\/secure.gravatar.com\\\/avatar\\\/64fc58d14679bdd185946349bcb229b06e37d30d6290c2bec15f1daa8f8e0ece?s=96&d=mm&r=g\",\"contentUrl\":\"https:\\\/\\\/secure.gravatar.com\\\/avatar\\\/64fc58d14679bdd185946349bcb229b06e37d30d6290c2bec15f1daa8f8e0ece?s=96&d=mm&r=g\",\"caption\":\"Ad\u00e8le Thoumieux\"},\"sameAs\":[\"http:\\\/\\\/ihedn.fr\"],\"url\":\"https:\\\/\\\/ihedn.fr\\\/en\\\/author\\\/thoumieux\\\/\"}]}<\/script>\n<!-- \/ Yoast SEO plugin. -->","yoast_head_json":{"title":"European Armament Cooperation - 4 to 6 July 2023 - Ecole militaire, Paris - IHEDN: Institut des hautes \u00e9tudes de d\u00e9fense nationale (Institute for Advanced National Defence Studies)","robots":{"index":"index","follow":"follow","max-snippet":"max-snippet:-1","max-image-preview":"max-image-preview:large","max-video-preview":"max-video-preview:-1"},"canonical":"https:\/\/ihedn.fr\/en\/actualites-des-sessions\/european-armament-cooperation-4-au-6-juillet-2023-ecole-militaire-paris\/","og_locale":"en_GB","og_type":"article","og_title":"European Armament Cooperation \u2013 4 au 6 juillet 2023 \u2013 Ecole militaire, Paris","og_description":"Aujourd\u2019hui d\u00e9bute le cours European Armament Cooperation organis\u00e9 dans le cadre du Coll\u00e8ge Europ\u00e9en de S\u00e9curit\u00e9 et de D\u00e9fense (CESD). Cette formation se d\u00e9roulera sur 3 jours, du 4 au 6 juillet, \u00e0 l\u2019Ecole Militaire - Paris. Elle regroupe 24 auditeurs de mi-carri\u00e8re, civils et militaires, provenant des diff\u00e9rents pays et institutions de l\u2019Union Europ\u00e9enne.","og_url":"https:\/\/ihedn.fr\/en\/actualites-des-sessions\/european-armament-cooperation-4-au-6-juillet-2023-ecole-militaire-paris\/","og_site_name":"L&#039;IHEDN : Institut des hautes \u00e9tudes de d\u00e9fense nationale","article_publisher":"https:\/\/www.facebook.com\/ihedn\/","article_published_time":"2023-07-04T10:13:47+00:00","article_modified_time":"2023-07-04T10:26:01+00:00","og_image":[{"width":1000,"height":707,"url":"https:\/\/ihedn.fr\/wp-content\/uploads\/2023\/07\/20230704_EAC.jpg","type":"image\/jpeg"}],"author":"Ad\u00e8le Thoumieux","twitter_card":"summary_large_image","twitter_title":"European Armament Cooperation \u2013 4 au 6 juillet 2023 \u2013 Ecole militaire, Paris","twitter_description":"Aujourd\u2019hui d\u00e9bute le cours European Armament Cooperation organis\u00e9 dans le cadre du Coll\u00e8ge Europ\u00e9en de S\u00e9curit\u00e9 et de D\u00e9fense (CESD). Cette formation se d\u00e9roulera sur 3 jours, du 4 au 6 juillet, \u00e0 l\u2019Ecole Militaire - Paris. Elle regroupe 24 auditeurs de mi-carri\u00e8re, civils et militaires, provenant des diff\u00e9rents pays et institutions de l\u2019Union Europ\u00e9enne.","twitter_image":"https:\/\/ihedn.fr\/wp-content\/uploads\/2023\/07\/20230704_EAC.jpg","twitter_creator":"@IHEDN","twitter_site":"@IHEDN","twitter_misc":{"Written by":"Ad\u00e8le Thoumieux","Estimated reading time":"3 minutes"},"schema":{"@context":"https:\/\/schema.org","@graph":[{"@type":"Article","@id":"https:\/\/ihedn.fr\/en\/actualites-des-sessions\/european-armament-cooperation-4-au-6-juillet-2023-ecole-militaire-paris\/#article","isPartOf":{"@id":"https:\/\/ihedn.fr\/en\/actualites-des-sessions\/european-armament-cooperation-4-au-6-juillet-2023-ecole-militaire-paris\/"},"author":{"name":"Ad\u00e8le Thoumieux","@id":"https:\/\/ihedn.fr\/#\/schema\/person\/16d49c2bd0121499ea9b9023ce89826c"},"headline":"European Armament Cooperation \u2013 4 au 6 juillet 2023 \u2013 Ecole militaire, Paris","datePublished":"2023-07-04T10:13:47+00:00","dateModified":"2023-07-04T10:26:01+00:00","mainEntityOfPage":{"@id":"https:\/\/ihedn.fr\/en\/actualites-des-sessions\/european-armament-cooperation-4-au-6-juillet-2023-ecole-militaire-paris\/"},"wordCount":317,"publisher":{"@id":"https:\/\/ihedn.fr\/#organization"},"image":{"@id":"https:\/\/ihedn.fr\/en\/actualites-des-sessions\/european-armament-cooperation-4-au-6-juillet-2023-ecole-militaire-paris\/#primaryimage"},"thumbnailUrl":"https:\/\/ihedn.fr\/wp-content\/uploads\/2023\/07\/20230704_EAC.jpg","articleSection":["Notre actualit\u00e9"],"inLanguage":"en-GB"},{"@type":"WebPage","@id":"https:\/\/ihedn.fr\/en\/actualites-des-sessions\/european-armament-cooperation-4-au-6-juillet-2023-ecole-militaire-paris\/","url":"https:\/\/ihedn.fr\/en\/actualites-des-sessions\/european-armament-cooperation-4-au-6-juillet-2023-ecole-militaire-paris\/","name":"European Armament Cooperation - 4 to 6 July 2023 - Ecole militaire, Paris - IHEDN: Institut des hautes \u00e9tudes de d\u00e9fense nationale (Institute for Advanced National Defence Studies)","isPartOf":{"@id":"https:\/\/ihedn.fr\/#website"},"primaryImageOfPage":{"@id":"https:\/\/ihedn.fr\/en\/actualites-des-sessions\/european-armament-cooperation-4-au-6-juillet-2023-ecole-militaire-paris\/#primaryimage"},"image":{"@id":"https:\/\/ihedn.fr\/en\/actualites-des-sessions\/european-armament-cooperation-4-au-6-juillet-2023-ecole-militaire-paris\/#primaryimage"},"thumbnailUrl":"https:\/\/ihedn.fr\/wp-content\/uploads\/2023\/07\/20230704_EAC.jpg","datePublished":"2023-07-04T10:13:47+00:00","dateModified":"2023-07-04T10:26:01+00:00","breadcrumb":{"@id":"https:\/\/ihedn.fr\/en\/actualites-des-sessions\/european-armament-cooperation-4-au-6-juillet-2023-ecole-militaire-paris\/#breadcrumb"},"inLanguage":"en-GB","potentialAction":[{"@type":"ReadAction","target":["https:\/\/ihedn.fr\/en\/actualites-des-sessions\/european-armament-cooperation-4-au-6-juillet-2023-ecole-militaire-paris\/"]}]},{"@type":"ImageObject","inLanguage":"en-GB","@id":"https:\/\/ihedn.fr\/en\/actualites-des-sessions\/european-armament-cooperation-4-au-6-juillet-2023-ecole-militaire-paris\/#primaryimage","url":"https:\/\/ihedn.fr\/wp-content\/uploads\/2023\/07\/20230704_EAC.jpg","contentUrl":"https:\/\/ihedn.fr\/wp-content\/uploads\/2023\/07\/20230704_EAC.jpg","width":1000,"height":707,"caption":"European Armament Cooperation \u2013 4 au 6 juillet 2023"},{"@type":"BreadcrumbList","@id":"https:\/\/ihedn.fr\/en\/actualites-des-sessions\/european-armament-cooperation-4-au-6-juillet-2023-ecole-militaire-paris\/#breadcrumb","itemListElement":[{"@type":"ListItem","position":1,"name":"Accueil","item":"https:\/\/ihedn.fr\/"},{"@type":"ListItem","position":2,"name":"European Armament Cooperation \u2013 4 au 6 juillet 2023 \u2013 Ecole militaire, Paris"}]},{"@type":"WebSite","@id":"https:\/\/ihedn.fr\/#website","url":"https:\/\/ihedn.fr\/","name":"IHEDN: Institut des hautes \u00e9tudes de d\u00e9fense nationale (Institute for Higher National Defence Studies)","description":"Official website of the IHEDN under the supervision of the Prime Minister.","publisher":{"@id":"https:\/\/ihedn.fr\/#organization"},"potentialAction":[{"@type":"SearchAction","target":{"@type":"EntryPoint","urlTemplate":"https:\/\/ihedn.fr\/?s={search_term_string}"},"query-input":{"@type":"PropertyValueSpecification","valueRequired":true,"valueName":"search_term_string"}}],"inLanguage":"en-GB"},{"@type":"Organization","@id":"https:\/\/ihedn.fr\/#organization","name":"IHEDN - Institute for Higher National Defence Studies","url":"https:\/\/ihedn.fr\/","logo":{"@type":"ImageObject","inLanguage":"en-GB","@id":"https:\/\/ihedn.fr\/#\/schema\/logo\/image\/","url":"https:\/\/ihedn.fr\/wp-content\/uploads\/2020\/11\/BLOC_RF_IHEDN_WEB.png","contentUrl":"https:\/\/ihedn.fr\/wp-content\/uploads\/2020\/11\/BLOC_RF_IHEDN_WEB.png","width":500,"height":237,"caption":"IHEDN - Institut des Hautes Etudes de D\u00e9fense Nationale"},"image":{"@id":"https:\/\/ihedn.fr\/#\/schema\/logo\/image\/"},"sameAs":["https:\/\/www.facebook.com\/ihedn\/","https:\/\/x.com\/IHEDN","https:\/\/www.instagram.com\/ihedn\/","https:\/\/www.linkedin.com\/school\/ihedn\/","https:\/\/fr.wikipedia.org\/wiki\/Institut_des_hautes_\u00e9tudes_de_D\u00e9fense_nationale"]},{"@type":"Person","@id":"https:\/\/ihedn.fr\/#\/schema\/person\/16d49c2bd0121499ea9b9023ce89826c","name":"Ad\u00e8le Thoumieux","image":{"@type":"ImageObject","inLanguage":"en-GB","@id":"https:\/\/secure.gravatar.com\/avatar\/64fc58d14679bdd185946349bcb229b06e37d30d6290c2bec15f1daa8f8e0ece?s=96&d=mm&r=g","url":"https:\/\/secure.gravatar.com\/avatar\/64fc58d14679bdd185946349bcb229b06e37d30d6290c2bec15f1daa8f8e0ece?s=96&d=mm&r=g","contentUrl":"https:\/\/secure.gravatar.com\/avatar\/64fc58d14679bdd185946349bcb229b06e37d30d6290c2bec15f1daa8f8e0ece?s=96&d=mm&r=g","caption":"Ad\u00e8le Thoumieux"},"sameAs":["http:\/\/ihedn.fr"],"url":"https:\/\/ihedn.fr\/en\/author\/thoumieux\/"}]}},"publishpress_future_action":{"enabled":false,"date":"2026-05-09 05:29:05","action":"change-status","newStatus":"draft","terms":[],"taxonomy":"category","extraData":[]},"publishpress_future_workflow_manual_trigger":{"enabledWorkflows":[]},"_links":{"self":[{"href":"https:\/\/ihedn.fr\/en\/wp-json\/wp\/v2\/posts\/41414","targetHints":{"allow":["GET"]}}],"collection":[{"href":"https:\/\/ihedn.fr\/en\/wp-json\/wp\/v2\/posts"}],"about":[{"href":"https:\/\/ihedn.fr\/en\/wp-json\/wp\/v2\/types\/post"}],"author":[{"embeddable":true,"href":"https:\/\/ihedn.fr\/en\/wp-json\/wp\/v2\/users\/12"}],"replies":[{"embeddable":true,"href":"https:\/\/ihedn.fr\/en\/wp-json\/wp\/v2\/comments?post=41414"}],"version-history":[{"count":8,"href":"https:\/\/ihedn.fr\/en\/wp-json\/wp\/v2\/posts\/41414\/revisions"}],"predecessor-version":[{"id":41427,"href":"https:\/\/ihedn.fr\/en\/wp-json\/wp\/v2\/posts\/41414\/revisions\/41427"}],"wp:featuredmedia":[{"embeddable":true,"href":"https:\/\/ihedn.fr\/en\/wp-json\/wp\/v2\/media\/41415"}],"wp:attachment":[{"href":"https:\/\/ihedn.fr\/en\/wp-json\/wp\/v2\/media?parent=41414"}],"wp:term":[{"taxonomy":"category","embeddable":true,"href":"https:\/\/ihedn.fr\/en\/wp-json\/wp\/v2\/categories?post=41414"},{"taxonomy":"post_tag","embeddable":true,"href":"https:\/\/ihedn.fr\/en\/wp-json\/wp\/v2\/tags?post=41414"}],"curies":[{"name":"wp","href":"https:\/\/api.w.org\/{rel}","templated":true}]}}