{"id":41713,"date":"2023-07-31T08:50:11","date_gmt":"2023-07-31T07:50:11","guid":{"rendered":"https:\/\/ihedn.fr\/?p=41713"},"modified":"2025-08-27T13:17:17","modified_gmt":"2025-08-27T12:17:17","slug":"les-chars-de-combat-une-arme-indispensable-depuis-plus-dun-siecle","status":"publish","type":"post","link":"https:\/\/ihedn.fr\/en\/notre-selection\/les-chars-de-combat-une-arme-indispensable-depuis-plus-dun-siecle\/","title":{"rendered":"Battle tanks, an indispensable weapon for over a century"},"content":{"rendered":"\t\t<div data-elementor-type=\"wp-post\" data-elementor-id=\"41713\" class=\"elementor elementor-41713\" data-elementor-post-type=\"post\">\n\t\t\t\t\t\t<section data-particle_enable=\"false\" data-particle-mobile-disabled=\"false\" class=\"elementor-section elementor-top-section elementor-element elementor-element-eacbb2f elementor-section-boxed elementor-section-height-default elementor-section-height-default\" data-id=\"eacbb2f\" data-element_type=\"section\" data-e-type=\"section\">\n\t\t\t\t\t\t<div class=\"elementor-container elementor-column-gap-default\">\n\t\t\t\t\t<div class=\"elementor-column elementor-col-100 elementor-top-column elementor-element elementor-element-f807b3f\" data-id=\"f807b3f\" data-element_type=\"column\" data-e-type=\"column\">\n\t\t\t<div class=\"elementor-widget-wrap elementor-element-populated\">\n\t\t\t\t\t\t<div class=\"elementor-element elementor-element-bf8094e elementor-widget elementor-widget-text-editor\" data-id=\"bf8094e\" data-element_type=\"widget\" data-e-type=\"widget\" data-widget_type=\"text-editor.default\">\n\t\t\t\t<div class=\"elementor-widget-container\">\n\t\t\t\t\t\t\t\t\t<p>Pour illustrer le premier des <a href=\"https:\/\/ihedn.fr\/2023\/05\/15\/le-perimetre-de-la-defense-nationale-la-specificite-de-lihedn\/\">quatre cercles du p\u00e9rim\u00e8tre de la d\u00e9fense nationale<\/a>, celui de la d\u00e9fense militaire, Ath\u00e9na a choisi cette semaine de raconter l\u2019\u00e9pop\u00e9e d\u2019un \u00e9quipement indissociable de l\u2019imaginaire de la guerre depuis 107\u00a0ans\u00a0: le char de combat.<\/p>\t\t\t\t\t\t\t\t<\/div>\n\t\t\t\t<\/div>\n\t\t\t\t\t<\/div>\n\t\t<\/div>\n\t\t\t\t\t<\/div>\n\t\t<\/section>\n\t\t\t\t<section data-particle_enable=\"false\" data-particle-mobile-disabled=\"false\" class=\"elementor-section elementor-top-section elementor-element elementor-element-973b8c5 elementor-section-boxed elementor-section-height-default elementor-section-height-default\" data-id=\"973b8c5\" data-element_type=\"section\" data-e-type=\"section\">\n\t\t\t\t\t\t<div class=\"elementor-container elementor-column-gap-default\">\n\t\t\t\t\t<div class=\"elementor-column elementor-col-100 elementor-top-column elementor-element elementor-element-0064b38\" data-id=\"0064b38\" data-element_type=\"column\" data-e-type=\"column\">\n\t\t\t<div class=\"elementor-widget-wrap elementor-element-populated\">\n\t\t\t\t\t\t<div class=\"elementor-element elementor-element-5db711d elementor-widget elementor-widget-heading\" data-id=\"5db711d\" data-element_type=\"widget\" data-e-type=\"widget\" data-widget_type=\"heading.default\">\n\t\t\t\t<div class=\"elementor-widget-container\">\n\t\t\t\t\t<h4 class=\"elementor-heading-title elementor-size-default\">1916 : LES PREMIERS CHARS S\u00c8MENT LA TERREUR DANS LES LIGNES ALLEMANDES<\/h4>\t\t\t\t<\/div>\n\t\t\t\t<\/div>\n\t\t\t\t<div class=\"elementor-element elementor-element-6d6b166 elementor-widget-divider--view-line elementor-widget elementor-widget-divider\" data-id=\"6d6b166\" data-element_type=\"widget\" data-e-type=\"widget\" data-widget_type=\"divider.default\">\n\t\t\t\t<div class=\"elementor-widget-container\">\n\t\t\t\t\t\t\t<div class=\"elementor-divider\">\n\t\t\t<span class=\"elementor-divider-separator\">\n\t\t\t\t\t\t<\/span>\n\t\t<\/div>\n\t\t\t\t\t\t<\/div>\n\t\t\t\t<\/div>\n\t\t\t\t\t<\/div>\n\t\t<\/div>\n\t\t\t\t\t<\/div>\n\t\t<\/section>\n\t\t\t\t<section data-particle_enable=\"false\" data-particle-mobile-disabled=\"false\" class=\"elementor-section elementor-top-section elementor-element elementor-element-69abf8b elementor-section-boxed elementor-section-height-default elementor-section-height-default\" data-id=\"69abf8b\" data-element_type=\"section\" data-e-type=\"section\">\n\t\t\t\t\t\t<div class=\"elementor-container elementor-column-gap-default\">\n\t\t\t\t\t<div class=\"elementor-column elementor-col-100 elementor-top-column elementor-element elementor-element-58fee53\" data-id=\"58fee53\" data-element_type=\"column\" data-e-type=\"column\">\n\t\t\t<div class=\"elementor-widget-wrap elementor-element-populated\">\n\t\t\t\t\t\t<div class=\"elementor-element elementor-element-1ea243e elementor-widget elementor-widget-text-editor\" data-id=\"1ea243e\" data-element_type=\"widget\" data-e-type=\"widget\" data-widget_type=\"text-editor.default\">\n\t\t\t\t<div class=\"elementor-widget-container\">\n\t\t\t\t\t\t\t\t\t<p>Au d\u00e9but du XVI\u00e8me si\u00e8cle, L\u00e9onard de\u00a0Vinci dessinait d\u00e9j\u00e0 des prototypes de chars. Au d\u00e9but du XX\u00e8me, l\u2019\u00e9tat-major fran\u00e7ais, pr\u00e9f\u00e9rant la traction hippomobile, refusait le projet du capitaine d\u2019artillerie L\u00e9on Levavasseur, le premier de l\u2019Histoire \u00e0 combiner blindage, canon et traction \u00e0 chenilles. Il faut donc attendre le d\u00e9clenchement d\u2019une guerre mondiale pour que les premiers chars de combat r\u00e9alisent enfin un r\u00eave presque aussi vieux que la guerre\u00a0: pouvoir progresser sous le feu ennemi tout en tirant et en restant prot\u00e9g\u00e9. Au milieu du conflit, leur arriv\u00e9e dans les tranch\u00e9es allemandes est fracassante. Ces engins pionniers, les Mark I, sont britanniques et garderont le nom de \u00ab\u2009tanks\u2009\u00bb (r\u00e9servoirs) puisque leurs cr\u00e9ateurs avaient maquill\u00e9 leur conception ultrasecr\u00e8te en simple projet de citernes d\u2019eau autotract\u00e9es destin\u00e9es \u00e0 servir en M\u00e9sopotamie. Rejet\u00e9 par le ministre de la Guerre, lord Kitchener, le programme avait vu le jour gr\u00e2ce \u00e0 l\u2019insistance du Premier lord de l\u2019Amiraut\u00e9, Winston Churchill.<\/p><p>Affichant plus de 28\u00a0tonnes sur la balance, abritant huit soldats sous sa carapace blind\u00e9e de pr\u00e8s de 10\u00a0m de long sur 4 de large et 2,4 de haut, arm\u00e9 de deux canons de 57\u00a0mm Hotchkiss, le Mark I n\u2019est pas forc\u00e9ment un succ\u00e8s tactique lors de son premier engagement, le 15\u00a0septembre 1916, dans la bataille de Flers-Courcelette, un des \u00e9pisodes de la bataille de la Somme. Sur les 49\u00a0chars engag\u00e9s, seuls 9 parviennent \u00e0 leurs objectifs. Mais les d\u00e9g\u00e2ts que causent ces derniers sont importants et, surtout, ils s\u00e8ment la panique dans les tranch\u00e9es ennemies.<\/p>\t\t\t\t\t\t\t\t<\/div>\n\t\t\t\t<\/div>\n\t\t\t\t\t<\/div>\n\t\t<\/div>\n\t\t\t\t\t<\/div>\n\t\t<\/section>\n\t\t\t\t<section data-particle_enable=\"false\" data-particle-mobile-disabled=\"false\" class=\"elementor-section elementor-top-section elementor-element elementor-element-3eed320 elementor-section-boxed elementor-section-height-default elementor-section-height-default\" data-id=\"3eed320\" data-element_type=\"section\" data-e-type=\"section\">\n\t\t\t\t\t\t<div class=\"elementor-container elementor-column-gap-default\">\n\t\t\t\t\t<div class=\"elementor-column elementor-col-100 elementor-top-column elementor-element elementor-element-6cab0d5\" data-id=\"6cab0d5\" data-element_type=\"column\" data-e-type=\"column\">\n\t\t\t<div class=\"elementor-widget-wrap elementor-element-populated\">\n\t\t\t\t\t\t<div class=\"elementor-element elementor-element-057484b elementor-widget elementor-widget-heading\" data-id=\"057484b\" data-element_type=\"widget\" data-e-type=\"widget\" data-widget_type=\"heading.default\">\n\t\t\t\t<div class=\"elementor-widget-container\">\n\t\t\t\t\t<h5 class=\"elementor-heading-title elementor-size-default\">\u00ab\u2009UN CROCODILE RAMPE \u00c0 L\u2019INT\u00c9RIEUR DE NOS LIGNES\u2009!\u2009\u00bb<\/h5>\t\t\t\t<\/div>\n\t\t\t\t<\/div>\n\t\t\t\t\t<\/div>\n\t\t<\/div>\n\t\t\t\t\t<\/div>\n\t\t<\/section>\n\t\t\t\t<section data-particle_enable=\"false\" data-particle-mobile-disabled=\"false\" class=\"elementor-section elementor-top-section elementor-element elementor-element-bcac985 elementor-section-boxed elementor-section-height-default elementor-section-height-default\" data-id=\"bcac985\" data-element_type=\"section\" data-e-type=\"section\">\n\t\t\t\t\t\t<div class=\"elementor-container elementor-column-gap-default\">\n\t\t\t\t\t<div class=\"elementor-column elementor-col-100 elementor-top-column elementor-element elementor-element-8e5d153\" data-id=\"8e5d153\" data-element_type=\"column\" data-e-type=\"column\">\n\t\t\t<div class=\"elementor-widget-wrap elementor-element-populated\">\n\t\t\t\t\t\t<div class=\"elementor-element elementor-element-2ac653b elementor-widget elementor-widget-text-editor\" data-id=\"2ac653b\" data-element_type=\"widget\" data-e-type=\"widget\" data-widget_type=\"text-editor.default\">\n\t\t\t\t<div class=\"elementor-widget-container\">\n\t\t\t\t\t\t\t\t\t<p>Dans \u00ab\u2009Soldats de France\u2009\u00bb (le magazine de la Chaire de tactique g\u00e9n\u00e9rale et d\u2019histoire militaire de l\u2019arm\u00e9e de Terre)<a href=\"#_ftn1\" name=\"_ftnref1\">[1]<\/a>, l\u2019historien Fran\u00e7ois Cochet cite un \u00e9difiant t\u00e9moignage<a href=\"#_ftn2\" name=\"_ftnref2\">[2]<\/a> sur la r\u00e9action des soldats allemands face \u00e0 un Mark I, au sud de Courcelette\u00a0: \u00ab\u2009Un homme arriva en courant \u00e0 gauche\u00a0: \u201cIl y a un crocodile qui rampe \u00e0 l\u2019int\u00e9rieur de nos lignes\u2009!\u201d Le malheureux avait perdu la t\u00eate. Il venait de voir un char pour la premi\u00e8re fois et avait assimil\u00e9 \u00e0 un monstre cet \u00e9norme engin se cabrant et basculant. L\u2019ennemi avait amen\u00e9 un char dans nos lignes, nouvel engin de combat, dont nous n\u2019avions pas soup\u00e7onn\u00e9 l\u2019existence et contre lequel nous n\u2019avions pas de parade. Tirer au fusil dessus revenait \u00e0 tirer \u00e0 la sarbacane.\u2009\u00bb Commentaire du professeur Cochet\u00a0: \u00ab\u2009Un choc mat\u00e9riel et psychologique particuli\u00e8rement impressionnant et terrifiant.\u2009\u00bb<\/p><p>C\u00f4t\u00e9 fran\u00e7ais, depuis le d\u00e9but de la guerre en 1914, le comit\u00e9 g\u00e9n\u00e9ral d\u2019artillerie a finalement compris que le projet Levavasseur de 1903 pouvait avoir son utilit\u00e9. Le char Schneider CA1 sera le<\/p><p>premier blind\u00e9 engag\u00e9 sous pavillon tricolore, le 16\u00a0avril 1917 pour l\u2019offensive du Chemin des Dames, avec un succ\u00e8s tactique mitig\u00e9 mais, l\u00e0 encore, un impact psychologique important. Il faudra attendre le fameux char Renault FT, lanc\u00e9 au combat fin mai 1918 pendant la troisi\u00e8me bataille de l\u2019Aisne, pour que naissent v\u00e9ritablement les premi\u00e8res formes de \u00ab\u2009guerre blind\u00e9e\u2009\u00bb. La tourelle de canon pivotante \u00e0 360\u00b0 du \u00ab\u2009char de la victoire\u2009\u00bb sera reprise ensuite par tous les tanks, et pr\u00e8s de 4000\u00a0exemplaires \u00e9quiperont une trentaine de pays du monde entier jusqu\u2019en 1949.<\/p><p><a href=\"#_ftnref1\" name=\"_ftn1\">[1]<\/a> Num\u00e9ro\u00a019, printemps\u00a02023, p.\u00a010.<\/p><p><a href=\"#_ftnref2\" name=\"_ftn2\">[2]<\/a> Extrait de\u00a0: Trevor Pidgeon, <em>The Tanks at Flers<\/em>, Fairmile Books, 1995, cit\u00e9 par Henri Ortholan, <em>La guerre des chars, 1916-1918<\/em>, Bernard Giovanangeli \u00e9diteur, 2007.<\/p>\t\t\t\t\t\t\t\t<\/div>\n\t\t\t\t<\/div>\n\t\t\t\t\t<\/div>\n\t\t<\/div>\n\t\t\t\t\t<\/div>\n\t\t<\/section>\n\t\t\t\t<section data-particle_enable=\"false\" data-particle-mobile-disabled=\"false\" class=\"elementor-section elementor-top-section elementor-element elementor-element-0105769 elementor-section-boxed elementor-section-height-default elementor-section-height-default\" data-id=\"0105769\" data-element_type=\"section\" data-e-type=\"section\">\n\t\t\t\t\t\t<div class=\"elementor-container elementor-column-gap-default\">\n\t\t\t\t\t<div class=\"elementor-column elementor-col-100 elementor-top-column elementor-element elementor-element-315707c\" data-id=\"315707c\" data-element_type=\"column\" data-e-type=\"column\">\n\t\t\t<div class=\"elementor-widget-wrap elementor-element-populated\">\n\t\t\t\t\t\t<div class=\"elementor-element elementor-element-6e055e3 elementor-widget elementor-widget-heading\" data-id=\"6e055e3\" data-element_type=\"widget\" data-e-type=\"widget\" data-widget_type=\"heading.default\">\n\t\t\t\t<div class=\"elementor-widget-container\">\n\t\t\t\t\t<h4 class=\"elementor-heading-title elementor-size-default\">SECONDE GUERRE MONDIALE : \u00c0 CHACUN SON R\u00d4LE<\/h4>\t\t\t\t<\/div>\n\t\t\t\t<\/div>\n\t\t\t\t<div class=\"elementor-element elementor-element-237abc2 elementor-widget-divider--view-line elementor-widget elementor-widget-divider\" data-id=\"237abc2\" data-element_type=\"widget\" data-e-type=\"widget\" data-widget_type=\"divider.default\">\n\t\t\t\t<div class=\"elementor-widget-container\">\n\t\t\t\t\t\t\t<div class=\"elementor-divider\">\n\t\t\t<span class=\"elementor-divider-separator\">\n\t\t\t\t\t\t<\/span>\n\t\t<\/div>\n\t\t\t\t\t\t<\/div>\n\t\t\t\t<\/div>\n\t\t\t\t\t<\/div>\n\t\t<\/div>\n\t\t\t\t\t<\/div>\n\t\t<\/section>\n\t\t\t\t<section data-particle_enable=\"false\" data-particle-mobile-disabled=\"false\" class=\"elementor-section elementor-top-section elementor-element elementor-element-c445e1c elementor-section-boxed elementor-section-height-default elementor-section-height-default\" data-id=\"c445e1c\" data-element_type=\"section\" data-e-type=\"section\">\n\t\t\t\t\t\t<div class=\"elementor-container elementor-column-gap-default\">\n\t\t\t\t\t<div class=\"elementor-column elementor-col-100 elementor-top-column elementor-element elementor-element-815bad2\" data-id=\"815bad2\" data-element_type=\"column\" data-e-type=\"column\">\n\t\t\t<div class=\"elementor-widget-wrap elementor-element-populated\">\n\t\t\t\t\t\t<div class=\"elementor-element elementor-element-8631836 elementor-widget elementor-widget-text-editor\" data-id=\"8631836\" data-element_type=\"widget\" data-e-type=\"widget\" data-widget_type=\"text-editor.default\">\n\t\t\t\t<div class=\"elementor-widget-container\">\n\t\t\t\t\t\t\t\t\t<p>Pendant l\u2019entre-deux-guerres, les diff\u00e9rentes puissances se lancent dans le d\u00e9veloppement de chars chacun d\u00e9di\u00e9 \u00e0 un r\u00f4le diff\u00e9rent, qui sont lanc\u00e9s sur les champs de bataille de la Deuxi\u00e8me Guerre mondiale\u00a0:<\/p><ul><li><strong>Char l\u00e9ger<\/strong>: son poids de moins de 10\u00a0tonnes et son blindage plut\u00f4t fin (10\u00a0mm) le rendent tr\u00e8s rapide, autour de 40\u00a0km\/h. Il est donc assign\u00e9 \u00e0 des missions de reconnaissance ou de poursuite, comme les tanks allemands Panzer\u00a0I et II d\u00e9ploy\u00e9s lors de la <em>Blitzkrieg<\/em> (la guerre \u00e9clair) au d\u00e9but du conflit. C\u00f4t\u00e9 fran\u00e7ais, les Hotchkiss\u00a035 (puis 38 et 39) servent jusqu\u2019\u00e0 la d\u00e9faite de 1940.<\/li><li><strong>Char moyen<\/strong>: d\u2019un poids de 10 \u00e0 20\u00a0tonnes, blindage de 30\u00a0mm, il progresse \u00e0 moins de 30\u00a0km\/h, ce qui en fait un char polyvalent\u2009; les M3 Lee ou Grant et M4 Sherman am\u00e9ricains, les Panzer IV et V allemands et le T34 sovi\u00e9tique en sont les exemples les plus connus. Am\u00e9lior\u00e9s tout au long du conflit, ils seront progressivement \u00e9clips\u00e9s apr\u00e8s la guerre par l\u2019\u00e9mergence du concept de char de combat principal.<\/li><li><strong>Char d\u2019infanterie<\/strong>: d\u2019une puissance de feu importante, \u00e9paissement blind\u00e9, il est lourd et lent et se trouve progressivement d\u00e9pass\u00e9 par les tanks plus modernes et l\u2019artillerie antichar au fil du conflit, m\u00eame si les Churchill ou Valentine britanniques, ou le T26 sovi\u00e9tique (12\u2009000 exemplaires\u2009!) ont marqu\u00e9 les esprits.<\/li><li><strong>Char lourd<\/strong>: descendant direct des chars du premier conflit mondial, lourd de plus de 20\u00a0tonnes, notamment en raison de son blindage plus \u00e9pais,\u00a0il est fatalement plus lent, mais tr\u00e8s efficace pour d\u00e9truire des chars plus l\u00e9gers et des fortifications. Le mastodonte fran\u00e7ais\u00a0FCM-2C, qualifi\u00e9 de \u00ab\u2009super-lourd\u2009\u00bb avec ses 68\u00a0tonnes et son \u00e9quipage de 12\u00a0soldats, restera l\u2019un des plus impressionnants\u2026 mais ne sera jamais vraiment utilis\u00e9, sa dizaine d\u2019exemplaires \u00e9tant bombard\u00e9s ou bloqu\u00e9s puis sabord\u00e9s pendant la bataille de France, en 1939-40.<\/li><li><strong>Char de rupture<\/strong>: suppos\u00e9 apporter la victoire par sa simple pr\u00e9sence sur le champ de bataille, il est dot\u00e9 d\u2019une grosse puissance de feu et d\u2019un blindage \u00e9pais. Le sovi\u00e9tique\u00a0KV-1, construit \u00e0 pr\u00e8s de 3000\u00a0exemplaires, s\u2019est montr\u00e9\u00a0tr\u00e8s efficace pendant le conflit. Le char super lourd de rupture fran\u00e7ais FCM\u00a0F1, une \u00ab\u2009forteresse\u2009\u00bb de 139\u00a0tonnes, 10\u00a0m de long sur 3 de large et un blindage de 120\u00a0mm, con\u00e7u pour percer la ligne Siegfried, restera limit\u00e9 \u00e0 un seul prototype en raison de la d\u00e9faite de 1940.<\/li><li><strong>Char rapide<\/strong> (ou de cavalerie)\u00a0: appel\u00e9 <em>cruiser tank<\/em> par les Britanniques qui l\u2019ont con\u00e7u, il constitue <em>la<\/em> v\u00e9ritable innovation en mati\u00e8re de chars au d\u00e9but de la Seconde Guerre mondiale. Destin\u00e9 \u00e0 op\u00e9rer ind\u00e9pendamment des chars d\u2019infanterie et des chars de rupture, car plus agile et rapide, il se retrouve finalement rattrap\u00e9, au fil du conflit, par le gain de vitesse de tanks plus lourds et mieux blind\u00e9s. Mais ce concept sera inspirant pour la g\u00e9n\u00e9ration suivante de chars\u00a0: le char de combat principal. Exemples\u00a0: Covenanter, Cruisader, Comet, Centurion\u2026<\/li><\/ul>\t\t\t\t\t\t\t\t<\/div>\n\t\t\t\t<\/div>\n\t\t\t\t\t<\/div>\n\t\t<\/div>\n\t\t\t\t\t<\/div>\n\t\t<\/section>\n\t\t\t\t<section data-particle_enable=\"false\" data-particle-mobile-disabled=\"false\" class=\"elementor-section elementor-top-section elementor-element elementor-element-298d086 elementor-section-boxed elementor-section-height-default elementor-section-height-default\" data-id=\"298d086\" data-element_type=\"section\" data-e-type=\"section\">\n\t\t\t\t\t\t<div class=\"elementor-container elementor-column-gap-default\">\n\t\t\t\t\t<div class=\"elementor-column elementor-col-100 elementor-top-column elementor-element elementor-element-abefd0a\" data-id=\"abefd0a\" data-element_type=\"column\" data-e-type=\"column\">\n\t\t\t<div class=\"elementor-widget-wrap elementor-element-populated\">\n\t\t\t\t\t\t<div class=\"elementor-element elementor-element-e949041 elementor-widget elementor-widget-heading\" data-id=\"e949041\" data-element_type=\"widget\" data-e-type=\"widget\" data-widget_type=\"heading.default\">\n\t\t\t\t<div class=\"elementor-widget-container\">\n\t\t\t\t\t<h4 class=\"elementor-heading-title elementor-size-default\">APR\u00c8S-GUERRE ET AUJOURD\u2019HUI : LE CHAR DE COMBAT PRINCIPAL, TYPE LECLERC<\/h4>\t\t\t\t<\/div>\n\t\t\t\t<\/div>\n\t\t\t\t<div class=\"elementor-element elementor-element-4d39197 elementor-widget-divider--view-line elementor-widget elementor-widget-divider\" data-id=\"4d39197\" data-element_type=\"widget\" data-e-type=\"widget\" data-widget_type=\"divider.default\">\n\t\t\t\t<div class=\"elementor-widget-container\">\n\t\t\t\t\t\t\t<div class=\"elementor-divider\">\n\t\t\t<span class=\"elementor-divider-separator\">\n\t\t\t\t\t\t<\/span>\n\t\t<\/div>\n\t\t\t\t\t\t<\/div>\n\t\t\t\t<\/div>\n\t\t\t\t\t<\/div>\n\t\t<\/div>\n\t\t\t\t\t<\/div>\n\t\t<\/section>\n\t\t\t\t<section data-particle_enable=\"false\" data-particle-mobile-disabled=\"false\" class=\"elementor-section elementor-top-section elementor-element elementor-element-a81d2d7 elementor-section-boxed elementor-section-height-default elementor-section-height-default\" data-id=\"a81d2d7\" data-element_type=\"section\" data-e-type=\"section\">\n\t\t\t\t\t\t<div class=\"elementor-container elementor-column-gap-default\">\n\t\t\t\t\t<div class=\"elementor-column elementor-col-100 elementor-top-column elementor-element elementor-element-3b564e4\" data-id=\"3b564e4\" data-element_type=\"column\" data-e-type=\"column\">\n\t\t\t<div class=\"elementor-widget-wrap elementor-element-populated\">\n\t\t\t\t\t\t<div class=\"elementor-element elementor-element-d4d75ac elementor-widget elementor-widget-text-editor\" data-id=\"d4d75ac\" data-element_type=\"widget\" data-e-type=\"widget\" data-widget_type=\"text-editor.default\">\n\t\t\t\t<div class=\"elementor-widget-container\">\n\t\t\t\t\t\t\t\t\t<p>Principale le\u00e7on de la Seconde Guerre mondiale en mati\u00e8re de chars\u00a0: les tanks \u00e0 mission sp\u00e9cifique se sont souvent trouv\u00e9s impuissants dans des situations de bataille pour lesquelles ils n\u2019\u00e9taient pas con\u00e7us. Au d\u00e9but de la Guerre froide, les principales puissances en arrivent donc \u00e0 la m\u00eame conclusion, et fusionnent les concepts de char de rupture, char d\u2019infanterie, char rapide et chasseur de chars (un v\u00e9hicule de lutte antichar) en un seul\u00a0: le char de combat principal, ou char de bataille principal, ou encore char universel. Il s\u2019agit de combiner un blindage \u00e9pais, une vitesse rapide et une importante puissance de feu\u00a0: solidit\u00e9, v\u00e9locit\u00e9, agressivit\u00e9.<\/p><p>Le Centurion britannique, entr\u00e9 en service en 1946, est le premier du genre. \u00c0 l\u2019aube des ann\u00e9es\u00a01970, la plupart des arm\u00e9es en sont \u00e9quip\u00e9es. En novembre 1990, l\u2019Organisation pour la s\u00e9curit\u00e9 et la coop\u00e9ration en Europe (OSCE) d\u00e9finit le char de bataille de la mani\u00e8re suivante, dans son <a href=\"https:\/\/www.osce.org\/fr\/library\/14088\">trait\u00e9 sur les forces arm\u00e9es conventionnelles en Europe<\/a>\u00a0:<\/p><p>\u00ab\u2009Le terme \u201cchar de bataille\u201d signifie un v\u00e9hicule blind\u00e9 de combat automoteur, qui est dot\u00e9 d\u2019une grande puissance de feu, obtenue essentiellement par un canon principal \u00e0 tir direct \u00e0 grande vitesse initiale, n\u00e9cessaire pour prendre \u00e0 partie des objectifs blind\u00e9s et autres, qui poss\u00e8de une grande mobilit\u00e9 tout terrain, qui assure un degr\u00e9 \u00e9lev\u00e9 d\u2019autoprotection, et qui n\u2019est ni con\u00e7u ni \u00e9quip\u00e9 au premier chef pour transporter des troupes de combat. De tels v\u00e9hicules blind\u00e9s sont utilis\u00e9s comme syst\u00e8me d\u2019arme principal des formations de chars et des autres formations blind\u00e9es des forces terrestres. Les chars de bataille sont des v\u00e9hicules blind\u00e9s de combat \u00e0 chenilles qui ont un poids \u00e0 vide d\u2019au moins 16,5\u00a0tonnes et qui sont arm\u00e9s d\u2019un canon d\u2019un calibre d\u2019au moins 75\u00a0millim\u00e8tres pouvant tourner sur 360\u00a0degr\u00e9s. En outre, tout v\u00e9hicule blind\u00e9 de combat \u00e0 roues mis en service et r\u00e9pondant \u00e0 tous les autres crit\u00e8res susmentionn\u00e9s est \u00e9galement consid\u00e9r\u00e9 comme un char de bataille.\u2009\u00bb<\/p>\t\t\t\t\t\t\t\t<\/div>\n\t\t\t\t<\/div>\n\t\t\t\t\t<\/div>\n\t\t<\/div>\n\t\t\t\t\t<\/div>\n\t\t<\/section>\n\t\t\t\t<section data-particle_enable=\"false\" data-particle-mobile-disabled=\"false\" class=\"elementor-section elementor-top-section elementor-element elementor-element-49fb51a elementor-section-boxed elementor-section-height-default elementor-section-height-default\" data-id=\"49fb51a\" data-element_type=\"section\" data-e-type=\"section\">\n\t\t\t\t\t\t<div class=\"elementor-container elementor-column-gap-default\">\n\t\t\t\t\t<div class=\"elementor-column elementor-col-100 elementor-top-column elementor-element elementor-element-a0238b6\" data-id=\"a0238b6\" data-element_type=\"column\" data-e-type=\"column\">\n\t\t\t<div class=\"elementor-widget-wrap elementor-element-populated\">\n\t\t\t\t\t\t<div class=\"elementor-element elementor-element-38476d4 elementor-widget elementor-widget-heading\" data-id=\"38476d4\" data-element_type=\"widget\" data-e-type=\"widget\" data-widget_type=\"heading.default\">\n\t\t\t\t<div class=\"elementor-widget-container\">\n\t\t\t\t\t<h5 class=\"elementor-heading-title elementor-size-default\">LE LECLERC ATTEINT DES CIBLES MOUVANTES EN ROULANT<\/h5>\t\t\t\t<\/div>\n\t\t\t\t<\/div>\n\t\t\t\t\t<\/div>\n\t\t<\/div>\n\t\t\t\t\t<\/div>\n\t\t<\/section>\n\t\t\t\t<section data-particle_enable=\"false\" data-particle-mobile-disabled=\"false\" class=\"elementor-section elementor-top-section elementor-element elementor-element-2ad55ac elementor-section-boxed elementor-section-height-default elementor-section-height-default\" data-id=\"2ad55ac\" data-element_type=\"section\" data-e-type=\"section\">\n\t\t\t\t\t\t<div class=\"elementor-container elementor-column-gap-default\">\n\t\t\t\t\t<div class=\"elementor-column elementor-col-100 elementor-top-column elementor-element elementor-element-a16eb21\" data-id=\"a16eb21\" data-element_type=\"column\" data-e-type=\"column\">\n\t\t\t<div class=\"elementor-widget-wrap elementor-element-populated\">\n\t\t\t\t\t\t<div class=\"elementor-element elementor-element-713c6e9 elementor-widget elementor-widget-text-editor\" data-id=\"713c6e9\" data-element_type=\"widget\" data-e-type=\"widget\" data-widget_type=\"text-editor.default\">\n\t\t\t\t<div class=\"elementor-widget-container\">\n\t\t\t\t\t\t\t\t\t<p>Depuis 1946, plusieurs dizaines de mod\u00e8les ont \u00e9t\u00e9 con\u00e7us par une vingtaine de pays. Dans les ann\u00e9es\u00a060, la deuxi\u00e8me g\u00e9n\u00e9ration inclut des protections contre les armes nucl\u00e9aires, bact\u00e9riologiques et chimiques\u2009; la troisi\u00e8me, arriv\u00e9e dans les ann\u00e9es\u00a01970 et toujours en service aujourd\u2019hui, ajoute progressivement des syst\u00e8mes de vis\u00e9e num\u00e9rique am\u00e9liorant la capacit\u00e9 \u00e0 tirer, des blindages composites et de l\u2019imagerie thermique.<\/p><p>Le char fran\u00e7ais Leclerc entre dans cette cat\u00e9gorie. Successeur de l\u2019AMX-30, grand succ\u00e8s de l\u2019industrie hexagonale toujours utilis\u00e9 par quelques pays, le Leclerc s\u2019est beaucoup moins export\u00e9, en raison d\u2019un d\u00e9veloppement trop tardif par rapport \u00e0 ses concurrents\u00a0: \u00e0 part la France, seuls les \u00c9mirats arabes unis et la Jordanie l\u2019utilisent. En comparaison, le Leopard\u00a02 allemand sert dans 23\u00a0pays.<\/p><p>Con\u00e7u par Nexter (ex-GIAT Industries), entr\u00e9 en service en 1993, le Leclerc est aujourd\u2019hui le seul en dotation dans l\u2019arm\u00e9e fran\u00e7aise, avec 220\u00a0exemplaires op\u00e9rationnels actuellement. D\u2019une longueur de 6,9\u00a0m et d\u2019un poids de 54 \u00e0 57\u00a0tonnes selon les versions, il atteint 70\u00a0km\/h sur route, 60\u00a0km\/h sur terre et, malgr\u00e9 son poids, 32\u00a0km\/h en moins de 5\u00a0secondes. Le syst\u00e8me de chargement automatique de munitions de son canon de 120\u00a0mm lui permet de se contenter d\u2019un \u00e9quipage de 3\u00a0soldats (chef de char, conducteur et op\u00e9rateur en tourelle), contre 4 dans les autres chars. Sa capacit\u00e9 \u00e0 charger, mais aussi \u00e0 tirer en roulant sur cible fixe ou mouvante jusqu\u2019\u00e0 4000\u00a0m est unique par rapport \u00e0 ses rivaux. En r\u00e9sum\u00e9, le Leclerc allie rapidit\u00e9, mobilit\u00e9 et pr\u00e9cision, ce qui en fait l\u2019un des meilleurs chars du monde actuellement.<\/p><p>Plus fabriqu\u00e9 depuis 2008 mais pr\u00e9vu pour servir jusqu\u2019en 2040, il est actuellement modernis\u00e9 (version \u00ab\u2009XLR\u2009\u00bb) afin de s\u2019int\u00e9grer dans le syst\u00e8me de combat num\u00e9ris\u00e9 Scorpion. Les premiers engins XLR sont attendus \u00e0 la fin de l\u2019ann\u00e9e.<\/p>\t\t\t\t\t\t\t\t<\/div>\n\t\t\t\t<\/div>\n\t\t\t\t\t<\/div>\n\t\t<\/div>\n\t\t\t\t\t<\/div>\n\t\t<\/section>\n\t\t\t\t<section data-particle_enable=\"false\" data-particle-mobile-disabled=\"false\" class=\"elementor-section elementor-top-section elementor-element elementor-element-4a93ce2 elementor-section-boxed elementor-section-height-default elementor-section-height-default\" data-id=\"4a93ce2\" data-element_type=\"section\" data-e-type=\"section\">\n\t\t\t\t\t\t<div class=\"elementor-container elementor-column-gap-default\">\n\t\t\t\t\t<div class=\"elementor-column elementor-col-100 elementor-top-column elementor-element elementor-element-1359ef1\" data-id=\"1359ef1\" data-element_type=\"column\" data-e-type=\"column\">\n\t\t\t<div class=\"elementor-widget-wrap elementor-element-populated\">\n\t\t\t\t\t\t<div class=\"elementor-element elementor-element-adfeb7b elementor-widget elementor-widget-heading\" data-id=\"adfeb7b\" data-element_type=\"widget\" data-e-type=\"widget\" data-widget_type=\"heading.default\">\n\t\t\t\t<div class=\"elementor-widget-container\">\n\t\t\t\t\t<h4 class=\"elementor-heading-title elementor-size-default\">HORIZON 2040 : LE MGCS, PROJET FRANCO-ALLEMAND \u00c0 GESTATION COMPLEXE <\/h4>\t\t\t\t<\/div>\n\t\t\t\t<\/div>\n\t\t\t\t<div class=\"elementor-element elementor-element-ddecf3c elementor-widget-divider--view-line elementor-widget elementor-widget-divider\" data-id=\"ddecf3c\" data-element_type=\"widget\" data-e-type=\"widget\" data-widget_type=\"divider.default\">\n\t\t\t\t<div class=\"elementor-widget-container\">\n\t\t\t\t\t\t\t<div class=\"elementor-divider\">\n\t\t\t<span class=\"elementor-divider-separator\">\n\t\t\t\t\t\t<\/span>\n\t\t<\/div>\n\t\t\t\t\t\t<\/div>\n\t\t\t\t<\/div>\n\t\t\t\t\t<\/div>\n\t\t<\/div>\n\t\t\t\t\t<\/div>\n\t\t<\/section>\n\t\t\t\t<section data-particle_enable=\"false\" data-particle-mobile-disabled=\"false\" class=\"elementor-section elementor-top-section elementor-element elementor-element-a67db81 elementor-section-boxed elementor-section-height-default elementor-section-height-default\" data-id=\"a67db81\" data-element_type=\"section\" data-e-type=\"section\">\n\t\t\t\t\t\t<div class=\"elementor-container elementor-column-gap-default\">\n\t\t\t\t\t<div class=\"elementor-column elementor-col-100 elementor-top-column elementor-element elementor-element-96ff699\" data-id=\"96ff699\" data-element_type=\"column\" data-e-type=\"column\">\n\t\t\t<div class=\"elementor-widget-wrap elementor-element-populated\">\n\t\t\t\t\t\t<div class=\"elementor-element elementor-element-c2c3a58 elementor-widget elementor-widget-text-editor\" data-id=\"c2c3a58\" data-element_type=\"widget\" data-e-type=\"widget\" data-widget_type=\"text-editor.default\">\n\t\t\t\t<div class=\"elementor-widget-container\">\n\t\t\t\t\t\t\t\t\t<p>En 2017, la France et l\u2019Allemagne ont officiellement annonc\u00e9 lancer le d\u00e9veloppement du Syst\u00e8me de combat principal terrestre, plus connu sous l\u2019acronyme anglais MGCS (pour <em>Main Ground Combat System<\/em>). Pr\u00e9vu pour succ\u00e9der aux Leclerc et Leopard\u00a02 vers 2035-2040, ce char \u00ab\u2009augment\u00e9\u2009\u00bb devrait notamment utiliser l\u2019intelligence artificielle et les nano-technologies pour s\u2019int\u00e9grer dans le programme Titan (successeur du Scorpion) avec d\u2019autres engins a\u00e9riens ou terrestres, tout en emportant potentiellement des robots ou des drones.<\/p><p>\u00ab\u2009Devrait\u2009\u00bb, car depuis 2017, le programme connait quelques d\u00e9convenues. Initialement port\u00e9 \u00e0 50\/50 par Nexter et son homologue allemand Krauss-Maffei-Wegmann (KMW) au sein de la co-entreprise KNDS, il a vu depuis 2019 un troisi\u00e8me op\u00e9rateur s\u2019inviter dans le poste de pilotage, l\u2019autre industriel allemand Rheinmetall. Chaque entreprise g\u00e8re donc d\u00e9sormais un tiers du programme, l\u2019Allemagne en ayant la direction politique.<\/p><p>Depuis, les signes n\u00e9gatifs s\u2019accumulent\u00a0: le minist\u00e8re allemand de la D\u00e9fense a fait part cette ann\u00e9e de son intention de commander des Leopard\u00a02A8, derni\u00e8re version du best-seller de KMW, pour remplacer des chars donn\u00e9s \u00e0 l\u2019Ukraine. Et Rheinmetall, en parall\u00e8le, pousse son KF-51 Panther, pendant que ses dirigeants semblent jouer contre le programme MGCS\u2026<\/p><p>Qu\u2019\u00e0 cela ne tienne\u00a0: c\u00f4t\u00e9 politique, les deux pays maintiennent leur ferme intention de mener le projet \u00e0 terme. Le 10\u00a0juillet \u00e0 Berlin, lors d\u2019une conf\u00e9rence de presse commune avec son homologue allemand Boris Pistorius, le ministre fran\u00e7ais des Arm\u00e9es, S\u00e9bastien Lecornu, a d\u00e9clar\u00e9 \u00e0 propos du MGCS\u00a0: \u00ab\u2009On veut le faire. Et on ne le fait pas que pour des raisons industrielles. On a besoin de d\u00e9finir un avenir<strong>\u00a0<\/strong>\u00e0 ce segment d\u2019\u00e9quipement militaire.\u2009\u00bb<\/p>\t\t\t\t\t\t\t\t<\/div>\n\t\t\t\t<\/div>\n\t\t\t\t\t<\/div>\n\t\t<\/div>\n\t\t\t\t\t<\/div>\n\t\t<\/section>\n\t\t\t\t<section data-particle_enable=\"false\" data-particle-mobile-disabled=\"false\" class=\"elementor-section elementor-top-section elementor-element elementor-element-18baf7a elementor-section-boxed elementor-section-height-default elementor-section-height-default\" data-id=\"18baf7a\" data-element_type=\"section\" data-e-type=\"section\" data-settings=\"{&quot;shape_divider_top&quot;:&quot;tilt&quot;}\">\n\t\t\t\t\t<div class=\"elementor-shape elementor-shape-top\" aria-hidden=\"true\" data-negative=\"false\">\n\t\t\t<svg xmlns=\"http:\/\/www.w3.org\/2000\/svg\" viewBox=\"0 0 1000 100\" preserveAspectRatio=\"none\">\n\t<path class=\"elementor-shape-fill\" d=\"M0,6V0h1000v100L0,6z\"\/>\n<\/svg>\t\t<\/div>\n\t\t\t\t\t<div class=\"elementor-container elementor-column-gap-default\">\n\t\t\t\t\t<div class=\"elementor-column elementor-col-100 elementor-top-column elementor-element elementor-element-cfbe994\" data-id=\"cfbe994\" data-element_type=\"column\" data-e-type=\"column\">\n\t\t\t<div class=\"elementor-widget-wrap\">\n\t\t\t\t\t\t\t<\/div>\n\t\t<\/div>\n\t\t\t\t\t<\/div>\n\t\t<\/section>\n\t\t\t\t<\/div>\n\t\t","protected":false},"excerpt":{"rendered":"<p>From the trenches of the First World War to the future Franco-German MGCS tank, a look back at some of the key moments in the history of \"tanks\", major players on the battlefields since 1916.<\/p>","protected":false},"author":12,"featured_media":41729,"comment_status":"closed","ping_status":"closed","sticky":false,"template":"","format":"standard","meta":{"footnotes":""},"categories":[207,171],"tags":[257,263],"class_list":["post-41713","post","type-post","status-publish","format-standard","has-post-thumbnail","hentry","category-defense-militaire","category-notre-selection","tag-athena-2023","tag-athena-23-ep-1"],"yoast_head":"<!-- This site is optimized with the Yoast SEO plugin v27.5 - https:\/\/yoast.com\/product\/yoast-seo-wordpress\/ -->\n<title>Les chars de combat, une arme indispensable depuis plus d\u2019un si\u00e8cle - L&#039;IHEDN : Institut des hautes \u00e9tudes de d\u00e9fense nationale<\/title>\n<meta name=\"description\" content=\"D\u00e9esse de la strat\u00e9gie militaire, de la guerre et de la sagesse dans la mythologie grecque, Ath\u00e9na est aussi\u2026 la mascotte de l\u2019IHEDN. Jusqu\u2019\u00e0 fin ao\u00fbt, elle nous emm\u00e8ne explorer la culture de d\u00e9fense \u00e0 travers diff\u00e9rents contenus \u00e9rudits ou ludiques.\" \/>\n<meta name=\"robots\" content=\"index, follow, max-snippet:-1, max-image-preview:large, max-video-preview:-1\" \/>\n<link rel=\"canonical\" href=\"https:\/\/ihedn.fr\/en\/notre-selection\/les-chars-de-combat-une-arme-indispensable-depuis-plus-dun-siecle\/\" \/>\n<meta property=\"og:locale\" content=\"en_GB\" \/>\n<meta property=\"og:type\" content=\"article\" \/>\n<meta property=\"og:title\" content=\"Les chars de combat, une arme indispensable depuis plus d\u2019un si\u00e8cle\" \/>\n<meta property=\"og:description\" content=\"Des tranch\u00e9es de la Premi\u00e8re Guerre mondiale jusqu\u2019au futur char franco-allemand MGCS, retour sur quelques moments marquants de l\u2019histoire des \u00ab\u2009tanks\u2009\u00bb, acteurs majeurs des champs de bataille depuis 1916.\" \/>\n<meta property=\"og:url\" content=\"https:\/\/ihedn.fr\/en\/notre-selection\/les-chars-de-combat-une-arme-indispensable-depuis-plus-dun-siecle\/\" \/>\n<meta property=\"og:site_name\" content=\"L&#039;IHEDN : Institut des hautes \u00e9tudes de d\u00e9fense nationale\" \/>\n<meta property=\"article:publisher\" content=\"https:\/\/www.facebook.com\/ihedn\/\" \/>\n<meta property=\"article:published_time\" content=\"2023-07-31T07:50:11+00:00\" \/>\n<meta property=\"article:modified_time\" content=\"2025-08-27T12:17:17+00:00\" \/>\n<meta property=\"og:image\" content=\"https:\/\/ihedn.fr\/wp-content\/uploads\/2023\/07\/Athena_a_la_plage_EPISODE_1-1.jpg\" \/>\n\t<meta property=\"og:image:width\" content=\"1024\" \/>\n\t<meta property=\"og:image:height\" content=\"512\" \/>\n\t<meta property=\"og:image:type\" content=\"image\/jpeg\" \/>\n<meta name=\"author\" content=\"Ad\u00e8le Thoumieux\" \/>\n<meta name=\"twitter:card\" content=\"summary_large_image\" \/>\n<meta name=\"twitter:title\" content=\"Les chars de combat, une arme indispensable depuis plus d\u2019un si\u00e8cle\" \/>\n<meta name=\"twitter:description\" content=\"Des tranch\u00e9es de la Premi\u00e8re Guerre mondiale jusqu\u2019au futur char franco-allemand MGCS, retour sur quelques moments marquants de l\u2019histoire des \u00ab\u2009tanks\u2009\u00bb, acteurs majeurs des champs de bataille depuis 1916.\" \/>\n<meta name=\"twitter:image\" content=\"https:\/\/ihedn.fr\/wp-content\/uploads\/2023\/07\/Athena_a_la_plage_EPISODE_1-1.jpg\" \/>\n<meta name=\"twitter:creator\" content=\"@IHEDN\" \/>\n<meta name=\"twitter:site\" content=\"@IHEDN\" \/>\n<meta name=\"twitter:label1\" content=\"Written by\" \/>\n\t<meta name=\"twitter:data1\" content=\"Ad\u00e8le Thoumieux\" \/>\n\t<meta name=\"twitter:label2\" content=\"Estimated reading time\" \/>\n\t<meta name=\"twitter:data2\" content=\"11 minutes\" \/>\n<script type=\"application\/ld+json\" class=\"yoast-schema-graph\">{\"@context\":\"https:\\\/\\\/schema.org\",\"@graph\":[{\"@type\":\"Article\",\"@id\":\"https:\\\/\\\/ihedn.fr\\\/notre-selection\\\/les-chars-de-combat-une-arme-indispensable-depuis-plus-dun-siecle\\\/#article\",\"isPartOf\":{\"@id\":\"https:\\\/\\\/ihedn.fr\\\/notre-selection\\\/les-chars-de-combat-une-arme-indispensable-depuis-plus-dun-siecle\\\/\"},\"author\":{\"name\":\"Ad\u00e8le Thoumieux\",\"@id\":\"https:\\\/\\\/ihedn.fr\\\/#\\\/schema\\\/person\\\/16d49c2bd0121499ea9b9023ce89826c\"},\"headline\":\"Les chars de combat, une arme indispensable depuis plus d\u2019un si\u00e8cle\",\"datePublished\":\"2023-07-31T07:50:11+00:00\",\"dateModified\":\"2025-08-27T12:17:17+00:00\",\"mainEntityOfPage\":{\"@id\":\"https:\\\/\\\/ihedn.fr\\\/notre-selection\\\/les-chars-de-combat-une-arme-indispensable-depuis-plus-dun-siecle\\\/\"},\"wordCount\":2208,\"publisher\":{\"@id\":\"https:\\\/\\\/ihedn.fr\\\/#organization\"},\"image\":{\"@id\":\"https:\\\/\\\/ihedn.fr\\\/notre-selection\\\/les-chars-de-combat-une-arme-indispensable-depuis-plus-dun-siecle\\\/#primaryimage\"},\"thumbnailUrl\":\"https:\\\/\\\/ihedn.fr\\\/wp-content\\\/uploads\\\/2023\\\/07\\\/Athena_a_la_plage_EPISODE_1-1.jpg\",\"keywords\":[\"athena-2023\",\"athena-23-ep-1\"],\"articleSection\":[\"d\u00e9fense militaire\",\"Notre s\u00e9lection\"],\"inLanguage\":\"en-GB\"},{\"@type\":\"WebPage\",\"@id\":\"https:\\\/\\\/ihedn.fr\\\/notre-selection\\\/les-chars-de-combat-une-arme-indispensable-depuis-plus-dun-siecle\\\/\",\"url\":\"https:\\\/\\\/ihedn.fr\\\/notre-selection\\\/les-chars-de-combat-une-arme-indispensable-depuis-plus-dun-siecle\\\/\",\"name\":\"Les chars de combat, une arme indispensable depuis plus d\u2019un si\u00e8cle - L&#039;IHEDN : Institut des hautes \u00e9tudes de d\u00e9fense nationale\",\"isPartOf\":{\"@id\":\"https:\\\/\\\/ihedn.fr\\\/#website\"},\"primaryImageOfPage\":{\"@id\":\"https:\\\/\\\/ihedn.fr\\\/notre-selection\\\/les-chars-de-combat-une-arme-indispensable-depuis-plus-dun-siecle\\\/#primaryimage\"},\"image\":{\"@id\":\"https:\\\/\\\/ihedn.fr\\\/notre-selection\\\/les-chars-de-combat-une-arme-indispensable-depuis-plus-dun-siecle\\\/#primaryimage\"},\"thumbnailUrl\":\"https:\\\/\\\/ihedn.fr\\\/wp-content\\\/uploads\\\/2023\\\/07\\\/Athena_a_la_plage_EPISODE_1-1.jpg\",\"datePublished\":\"2023-07-31T07:50:11+00:00\",\"dateModified\":\"2025-08-27T12:17:17+00:00\",\"description\":\"D\u00e9esse de la strat\u00e9gie militaire, de la guerre et de la sagesse dans la mythologie grecque, Ath\u00e9na est aussi\u2026 la mascotte de l\u2019IHEDN. Jusqu\u2019\u00e0 fin ao\u00fbt, elle nous emm\u00e8ne explorer la culture de d\u00e9fense \u00e0 travers diff\u00e9rents contenus \u00e9rudits ou ludiques.\",\"breadcrumb\":{\"@id\":\"https:\\\/\\\/ihedn.fr\\\/notre-selection\\\/les-chars-de-combat-une-arme-indispensable-depuis-plus-dun-siecle\\\/#breadcrumb\"},\"inLanguage\":\"en-GB\",\"potentialAction\":[{\"@type\":\"ReadAction\",\"target\":[\"https:\\\/\\\/ihedn.fr\\\/notre-selection\\\/les-chars-de-combat-une-arme-indispensable-depuis-plus-dun-siecle\\\/\"]}]},{\"@type\":\"ImageObject\",\"inLanguage\":\"en-GB\",\"@id\":\"https:\\\/\\\/ihedn.fr\\\/notre-selection\\\/les-chars-de-combat-une-arme-indispensable-depuis-plus-dun-siecle\\\/#primaryimage\",\"url\":\"https:\\\/\\\/ihedn.fr\\\/wp-content\\\/uploads\\\/2023\\\/07\\\/Athena_a_la_plage_EPISODE_1-1.jpg\",\"contentUrl\":\"https:\\\/\\\/ihedn.fr\\\/wp-content\\\/uploads\\\/2023\\\/07\\\/Athena_a_la_plage_EPISODE_1-1.jpg\",\"width\":1024,\"height\":512,\"caption\":\"Les chars de combat, une arme indispensable depuis plus d\u2019un si\u00e8cle\"},{\"@type\":\"BreadcrumbList\",\"@id\":\"https:\\\/\\\/ihedn.fr\\\/notre-selection\\\/les-chars-de-combat-une-arme-indispensable-depuis-plus-dun-siecle\\\/#breadcrumb\",\"itemListElement\":[{\"@type\":\"ListItem\",\"position\":1,\"name\":\"Accueil\",\"item\":\"https:\\\/\\\/ihedn.fr\\\/\"},{\"@type\":\"ListItem\",\"position\":2,\"name\":\"Les chars de combat, une arme indispensable depuis plus d\u2019un si\u00e8cle\"}]},{\"@type\":\"WebSite\",\"@id\":\"https:\\\/\\\/ihedn.fr\\\/#website\",\"url\":\"https:\\\/\\\/ihedn.fr\\\/\",\"name\":\"IHEDN : Institut des hautes \u00e9tudes de d\u00e9fense nationale |\",\"description\":\"Site officiel de l&#039;IHEDN plac\u00e9 sous la tutelle du Premier ministre.\",\"publisher\":{\"@id\":\"https:\\\/\\\/ihedn.fr\\\/#organization\"},\"potentialAction\":[{\"@type\":\"SearchAction\",\"target\":{\"@type\":\"EntryPoint\",\"urlTemplate\":\"https:\\\/\\\/ihedn.fr\\\/?s={search_term_string}\"},\"query-input\":{\"@type\":\"PropertyValueSpecification\",\"valueRequired\":true,\"valueName\":\"search_term_string\"}}],\"inLanguage\":\"en-GB\"},{\"@type\":\"Organization\",\"@id\":\"https:\\\/\\\/ihedn.fr\\\/#organization\",\"name\":\"IHEDN - Institut des Hautes Etudes de D\u00e9fense Nationale\",\"url\":\"https:\\\/\\\/ihedn.fr\\\/\",\"logo\":{\"@type\":\"ImageObject\",\"inLanguage\":\"en-GB\",\"@id\":\"https:\\\/\\\/ihedn.fr\\\/#\\\/schema\\\/logo\\\/image\\\/\",\"url\":\"https:\\\/\\\/ihedn.fr\\\/wp-content\\\/uploads\\\/2020\\\/11\\\/BLOC_RF_IHEDN_WEB.png\",\"contentUrl\":\"https:\\\/\\\/ihedn.fr\\\/wp-content\\\/uploads\\\/2020\\\/11\\\/BLOC_RF_IHEDN_WEB.png\",\"width\":500,\"height\":237,\"caption\":\"IHEDN - Institut des Hautes Etudes de D\u00e9fense Nationale\"},\"image\":{\"@id\":\"https:\\\/\\\/ihedn.fr\\\/#\\\/schema\\\/logo\\\/image\\\/\"},\"sameAs\":[\"https:\\\/\\\/www.facebook.com\\\/ihedn\\\/\",\"https:\\\/\\\/x.com\\\/IHEDN\",\"https:\\\/\\\/www.instagram.com\\\/ihedn\\\/\",\"https:\\\/\\\/www.linkedin.com\\\/school\\\/ihedn\\\/\",\"https:\\\/\\\/fr.wikipedia.org\\\/wiki\\\/Institut_des_hautes_\u00e9tudes_de_D\u00e9fense_nationale\"]},{\"@type\":\"Person\",\"@id\":\"https:\\\/\\\/ihedn.fr\\\/#\\\/schema\\\/person\\\/16d49c2bd0121499ea9b9023ce89826c\",\"name\":\"Ad\u00e8le Thoumieux\",\"image\":{\"@type\":\"ImageObject\",\"inLanguage\":\"en-GB\",\"@id\":\"https:\\\/\\\/secure.gravatar.com\\\/avatar\\\/64fc58d14679bdd185946349bcb229b06e37d30d6290c2bec15f1daa8f8e0ece?s=96&d=mm&r=g\",\"url\":\"https:\\\/\\\/secure.gravatar.com\\\/avatar\\\/64fc58d14679bdd185946349bcb229b06e37d30d6290c2bec15f1daa8f8e0ece?s=96&d=mm&r=g\",\"contentUrl\":\"https:\\\/\\\/secure.gravatar.com\\\/avatar\\\/64fc58d14679bdd185946349bcb229b06e37d30d6290c2bec15f1daa8f8e0ece?s=96&d=mm&r=g\",\"caption\":\"Ad\u00e8le Thoumieux\"},\"sameAs\":[\"http:\\\/\\\/ihedn.fr\"],\"url\":\"https:\\\/\\\/ihedn.fr\\\/en\\\/author\\\/thoumieux\\\/\"}]}<\/script>\n<!-- \/ Yoast SEO plugin. -->","yoast_head_json":{"title":"Battle tanks, an indispensable weapon for over a century - L'IHEDN : Institut des hautes \u00e9tudes de d\u00e9fense nationale (French Institute for Higher National Defence Studies)","description":"The goddess of military strategy, war and wisdom in Greek mythology, Athena is also... the mascot of the IHEDN. Until the end of August, she will be taking us on an exploration of defence culture through a range of scholarly and entertaining content.","robots":{"index":"index","follow":"follow","max-snippet":"max-snippet:-1","max-image-preview":"max-image-preview:large","max-video-preview":"max-video-preview:-1"},"canonical":"https:\/\/ihedn.fr\/en\/notre-selection\/les-chars-de-combat-une-arme-indispensable-depuis-plus-dun-siecle\/","og_locale":"en_GB","og_type":"article","og_title":"Les chars de combat, une arme indispensable depuis plus d\u2019un si\u00e8cle","og_description":"Des tranch\u00e9es de la Premi\u00e8re Guerre mondiale jusqu\u2019au futur char franco-allemand MGCS, retour sur quelques moments marquants de l\u2019histoire des \u00ab\u2009tanks\u2009\u00bb, acteurs majeurs des champs de bataille depuis 1916.","og_url":"https:\/\/ihedn.fr\/en\/notre-selection\/les-chars-de-combat-une-arme-indispensable-depuis-plus-dun-siecle\/","og_site_name":"L&#039;IHEDN : Institut des hautes \u00e9tudes de d\u00e9fense nationale","article_publisher":"https:\/\/www.facebook.com\/ihedn\/","article_published_time":"2023-07-31T07:50:11+00:00","article_modified_time":"2025-08-27T12:17:17+00:00","og_image":[{"width":1024,"height":512,"url":"https:\/\/ihedn.fr\/wp-content\/uploads\/2023\/07\/Athena_a_la_plage_EPISODE_1-1.jpg","type":"image\/jpeg"}],"author":"Ad\u00e8le Thoumieux","twitter_card":"summary_large_image","twitter_title":"Les chars de combat, une arme indispensable depuis plus d\u2019un si\u00e8cle","twitter_description":"Des tranch\u00e9es de la Premi\u00e8re Guerre mondiale jusqu\u2019au futur char franco-allemand MGCS, retour sur quelques moments marquants de l\u2019histoire des \u00ab\u2009tanks\u2009\u00bb, acteurs majeurs des champs de bataille depuis 1916.","twitter_image":"https:\/\/ihedn.fr\/wp-content\/uploads\/2023\/07\/Athena_a_la_plage_EPISODE_1-1.jpg","twitter_creator":"@IHEDN","twitter_site":"@IHEDN","twitter_misc":{"Written by":"Ad\u00e8le Thoumieux","Estimated reading time":"11 minutes"},"schema":{"@context":"https:\/\/schema.org","@graph":[{"@type":"Article","@id":"https:\/\/ihedn.fr\/notre-selection\/les-chars-de-combat-une-arme-indispensable-depuis-plus-dun-siecle\/#article","isPartOf":{"@id":"https:\/\/ihedn.fr\/notre-selection\/les-chars-de-combat-une-arme-indispensable-depuis-plus-dun-siecle\/"},"author":{"name":"Ad\u00e8le Thoumieux","@id":"https:\/\/ihedn.fr\/#\/schema\/person\/16d49c2bd0121499ea9b9023ce89826c"},"headline":"Les chars de combat, une arme indispensable depuis plus d\u2019un si\u00e8cle","datePublished":"2023-07-31T07:50:11+00:00","dateModified":"2025-08-27T12:17:17+00:00","mainEntityOfPage":{"@id":"https:\/\/ihedn.fr\/notre-selection\/les-chars-de-combat-une-arme-indispensable-depuis-plus-dun-siecle\/"},"wordCount":2208,"publisher":{"@id":"https:\/\/ihedn.fr\/#organization"},"image":{"@id":"https:\/\/ihedn.fr\/notre-selection\/les-chars-de-combat-une-arme-indispensable-depuis-plus-dun-siecle\/#primaryimage"},"thumbnailUrl":"https:\/\/ihedn.fr\/wp-content\/uploads\/2023\/07\/Athena_a_la_plage_EPISODE_1-1.jpg","keywords":["athena-2023","athena-23-ep-1"],"articleSection":["d\u00e9fense militaire","Notre s\u00e9lection"],"inLanguage":"en-GB"},{"@type":"WebPage","@id":"https:\/\/ihedn.fr\/notre-selection\/les-chars-de-combat-une-arme-indispensable-depuis-plus-dun-siecle\/","url":"https:\/\/ihedn.fr\/notre-selection\/les-chars-de-combat-une-arme-indispensable-depuis-plus-dun-siecle\/","name":"Battle tanks, an indispensable weapon for over a century - L'IHEDN : Institut des hautes \u00e9tudes de d\u00e9fense nationale (French Institute for Higher National Defence Studies)","isPartOf":{"@id":"https:\/\/ihedn.fr\/#website"},"primaryImageOfPage":{"@id":"https:\/\/ihedn.fr\/notre-selection\/les-chars-de-combat-une-arme-indispensable-depuis-plus-dun-siecle\/#primaryimage"},"image":{"@id":"https:\/\/ihedn.fr\/notre-selection\/les-chars-de-combat-une-arme-indispensable-depuis-plus-dun-siecle\/#primaryimage"},"thumbnailUrl":"https:\/\/ihedn.fr\/wp-content\/uploads\/2023\/07\/Athena_a_la_plage_EPISODE_1-1.jpg","datePublished":"2023-07-31T07:50:11+00:00","dateModified":"2025-08-27T12:17:17+00:00","description":"The goddess of military strategy, war and wisdom in Greek mythology, Athena is also... the mascot of the IHEDN. Until the end of August, she will be taking us on an exploration of defence culture through a range of scholarly and entertaining content.","breadcrumb":{"@id":"https:\/\/ihedn.fr\/notre-selection\/les-chars-de-combat-une-arme-indispensable-depuis-plus-dun-siecle\/#breadcrumb"},"inLanguage":"en-GB","potentialAction":[{"@type":"ReadAction","target":["https:\/\/ihedn.fr\/notre-selection\/les-chars-de-combat-une-arme-indispensable-depuis-plus-dun-siecle\/"]}]},{"@type":"ImageObject","inLanguage":"en-GB","@id":"https:\/\/ihedn.fr\/notre-selection\/les-chars-de-combat-une-arme-indispensable-depuis-plus-dun-siecle\/#primaryimage","url":"https:\/\/ihedn.fr\/wp-content\/uploads\/2023\/07\/Athena_a_la_plage_EPISODE_1-1.jpg","contentUrl":"https:\/\/ihedn.fr\/wp-content\/uploads\/2023\/07\/Athena_a_la_plage_EPISODE_1-1.jpg","width":1024,"height":512,"caption":"Les chars de combat, une arme indispensable depuis plus d\u2019un si\u00e8cle"},{"@type":"BreadcrumbList","@id":"https:\/\/ihedn.fr\/notre-selection\/les-chars-de-combat-une-arme-indispensable-depuis-plus-dun-siecle\/#breadcrumb","itemListElement":[{"@type":"ListItem","position":1,"name":"Accueil","item":"https:\/\/ihedn.fr\/"},{"@type":"ListItem","position":2,"name":"Les chars de combat, une arme indispensable depuis plus d\u2019un si\u00e8cle"}]},{"@type":"WebSite","@id":"https:\/\/ihedn.fr\/#website","url":"https:\/\/ihedn.fr\/","name":"IHEDN: Institut des hautes \u00e9tudes de d\u00e9fense nationale (Institute for Higher National Defence Studies)","description":"Official website of the IHEDN under the supervision of the Prime Minister.","publisher":{"@id":"https:\/\/ihedn.fr\/#organization"},"potentialAction":[{"@type":"SearchAction","target":{"@type":"EntryPoint","urlTemplate":"https:\/\/ihedn.fr\/?s={search_term_string}"},"query-input":{"@type":"PropertyValueSpecification","valueRequired":true,"valueName":"search_term_string"}}],"inLanguage":"en-GB"},{"@type":"Organization","@id":"https:\/\/ihedn.fr\/#organization","name":"IHEDN - Institute for Higher National Defence Studies","url":"https:\/\/ihedn.fr\/","logo":{"@type":"ImageObject","inLanguage":"en-GB","@id":"https:\/\/ihedn.fr\/#\/schema\/logo\/image\/","url":"https:\/\/ihedn.fr\/wp-content\/uploads\/2020\/11\/BLOC_RF_IHEDN_WEB.png","contentUrl":"https:\/\/ihedn.fr\/wp-content\/uploads\/2020\/11\/BLOC_RF_IHEDN_WEB.png","width":500,"height":237,"caption":"IHEDN - Institut des Hautes Etudes de D\u00e9fense Nationale"},"image":{"@id":"https:\/\/ihedn.fr\/#\/schema\/logo\/image\/"},"sameAs":["https:\/\/www.facebook.com\/ihedn\/","https:\/\/x.com\/IHEDN","https:\/\/www.instagram.com\/ihedn\/","https:\/\/www.linkedin.com\/school\/ihedn\/","https:\/\/fr.wikipedia.org\/wiki\/Institut_des_hautes_\u00e9tudes_de_D\u00e9fense_nationale"]},{"@type":"Person","@id":"https:\/\/ihedn.fr\/#\/schema\/person\/16d49c2bd0121499ea9b9023ce89826c","name":"Ad\u00e8le Thoumieux","image":{"@type":"ImageObject","inLanguage":"en-GB","@id":"https:\/\/secure.gravatar.com\/avatar\/64fc58d14679bdd185946349bcb229b06e37d30d6290c2bec15f1daa8f8e0ece?s=96&d=mm&r=g","url":"https:\/\/secure.gravatar.com\/avatar\/64fc58d14679bdd185946349bcb229b06e37d30d6290c2bec15f1daa8f8e0ece?s=96&d=mm&r=g","contentUrl":"https:\/\/secure.gravatar.com\/avatar\/64fc58d14679bdd185946349bcb229b06e37d30d6290c2bec15f1daa8f8e0ece?s=96&d=mm&r=g","caption":"Ad\u00e8le Thoumieux"},"sameAs":["http:\/\/ihedn.fr"],"url":"https:\/\/ihedn.fr\/en\/author\/thoumieux\/"}]}},"publishpress_future_action":{"enabled":false,"date":"2026-05-07 20:15:23","action":"change-status","newStatus":"draft","terms":[],"taxonomy":"category","extraData":[]},"publishpress_future_workflow_manual_trigger":{"enabledWorkflows":[]},"_links":{"self":[{"href":"https:\/\/ihedn.fr\/en\/wp-json\/wp\/v2\/posts\/41713","targetHints":{"allow":["GET"]}}],"collection":[{"href":"https:\/\/ihedn.fr\/en\/wp-json\/wp\/v2\/posts"}],"about":[{"href":"https:\/\/ihedn.fr\/en\/wp-json\/wp\/v2\/types\/post"}],"author":[{"embeddable":true,"href":"https:\/\/ihedn.fr\/en\/wp-json\/wp\/v2\/users\/12"}],"replies":[{"embeddable":true,"href":"https:\/\/ihedn.fr\/en\/wp-json\/wp\/v2\/comments?post=41713"}],"version-history":[{"count":18,"href":"https:\/\/ihedn.fr\/en\/wp-json\/wp\/v2\/posts\/41713\/revisions"}],"predecessor-version":[{"id":41750,"href":"https:\/\/ihedn.fr\/en\/wp-json\/wp\/v2\/posts\/41713\/revisions\/41750"}],"wp:featuredmedia":[{"embeddable":true,"href":"https:\/\/ihedn.fr\/en\/wp-json\/wp\/v2\/media\/41729"}],"wp:attachment":[{"href":"https:\/\/ihedn.fr\/en\/wp-json\/wp\/v2\/media?parent=41713"}],"wp:term":[{"taxonomy":"category","embeddable":true,"href":"https:\/\/ihedn.fr\/en\/wp-json\/wp\/v2\/categories?post=41713"},{"taxonomy":"post_tag","embeddable":true,"href":"https:\/\/ihedn.fr\/en\/wp-json\/wp\/v2\/tags?post=41713"}],"curies":[{"name":"wp","href":"https:\/\/api.w.org\/{rel}","templated":true}]}}