{"id":41836,"date":"2023-08-07T09:23:49","date_gmt":"2023-08-07T08:23:49","guid":{"rendered":"https:\/\/ihedn.fr\/?p=41836"},"modified":"2025-08-27T13:18:43","modified_gmt":"2025-08-27T12:18:43","slug":"paris-nid-despions-depuis-des-siecles","status":"publish","type":"post","link":"https:\/\/ihedn.fr\/en\/notre-selection\/paris-nid-despions-depuis-des-siecles\/","title":{"rendered":"Paris, a nest of spies for centuries"},"content":{"rendered":"\t\t<div data-elementor-type=\"wp-post\" data-elementor-id=\"41836\" class=\"elementor elementor-41836\" data-elementor-post-type=\"post\">\n\t\t\t\t\t\t<section data-particle_enable=\"false\" data-particle-mobile-disabled=\"false\" class=\"elementor-section elementor-top-section elementor-element elementor-element-eacbb2f elementor-section-boxed elementor-section-height-default elementor-section-height-default\" data-id=\"eacbb2f\" data-element_type=\"section\" data-e-type=\"section\">\n\t\t\t\t\t\t<div class=\"elementor-container elementor-column-gap-default\">\n\t\t\t\t\t<div class=\"elementor-column elementor-col-100 elementor-top-column elementor-element elementor-element-f807b3f\" data-id=\"f807b3f\" data-element_type=\"column\" data-e-type=\"column\">\n\t\t\t<div class=\"elementor-widget-wrap elementor-element-populated\">\n\t\t\t\t\t\t<div class=\"elementor-element elementor-element-bf8094e elementor-widget elementor-widget-text-editor\" data-id=\"bf8094e\" data-element_type=\"widget\" data-e-type=\"widget\" data-widget_type=\"text-editor.default\">\n\t\t\t\t<div class=\"elementor-widget-container\">\n\t\t\t\t\t\t\t\t\t<p>Le deuxi\u00e8me des <a href=\"https:\/\/ihedn.fr\/2023\/05\/15\/le-perimetre-de-la-defense-nationale-la-specificite-de-lihedn\/\">quatre cercles du p\u00e9rim\u00e8tre de la d\u00e9fense nationale<\/a> concerne pr\u00e9cis\u00e9ment cette derni\u00e8re, qui cherche \u00e0 se pr\u00e9munir des intentions hostiles et \u00e0 vis\u00e9e politique des acteurs. Cette semaine, Ath\u00e9na a choisi de l\u2019illustrer en revenant sur des histoires vraies d\u2019espionnage survenues \u00e0 Paris.<\/p>\t\t\t\t\t\t\t\t<\/div>\n\t\t\t\t<\/div>\n\t\t\t\t\t<\/div>\n\t\t<\/div>\n\t\t\t\t\t<\/div>\n\t\t<\/section>\n\t\t\t\t<section data-particle_enable=\"false\" data-particle-mobile-disabled=\"false\" class=\"elementor-section elementor-top-section elementor-element elementor-element-973b8c5 elementor-section-boxed elementor-section-height-default elementor-section-height-default\" data-id=\"973b8c5\" data-element_type=\"section\" data-e-type=\"section\">\n\t\t\t\t\t\t<div class=\"elementor-container elementor-column-gap-default\">\n\t\t\t\t\t<div class=\"elementor-column elementor-col-100 elementor-top-column elementor-element elementor-element-0064b38\" data-id=\"0064b38\" data-element_type=\"column\" data-e-type=\"column\">\n\t\t\t<div class=\"elementor-widget-wrap elementor-element-populated\">\n\t\t\t\t\t\t<div class=\"elementor-element elementor-element-5db711d elementor-widget elementor-widget-heading\" data-id=\"5db711d\" data-element_type=\"widget\" data-e-type=\"widget\" data-widget_type=\"heading.default\">\n\t\t\t\t<div class=\"elementor-widget-container\">\n\t\t\t\t\t<h4 class=\"elementor-heading-title elementor-size-default\">XVIII\u00c8ME SI\u00c8CLE : LE \u00ab\u2009SECRET DU ROI\u2009\u00bb OU LA DIPLOMATIE PARALL\u00c8LE DE LOUIS XV<\/h4>\t\t\t\t<\/div>\n\t\t\t\t<\/div>\n\t\t\t\t<div class=\"elementor-element elementor-element-6d6b166 elementor-widget-divider--view-line elementor-widget elementor-widget-divider\" data-id=\"6d6b166\" data-element_type=\"widget\" data-e-type=\"widget\" data-widget_type=\"divider.default\">\n\t\t\t\t<div class=\"elementor-widget-container\">\n\t\t\t\t\t\t\t<div class=\"elementor-divider\">\n\t\t\t<span class=\"elementor-divider-separator\">\n\t\t\t\t\t\t<\/span>\n\t\t<\/div>\n\t\t\t\t\t\t<\/div>\n\t\t\t\t<\/div>\n\t\t\t\t\t<\/div>\n\t\t<\/div>\n\t\t\t\t\t<\/div>\n\t\t<\/section>\n\t\t\t\t<section data-particle_enable=\"false\" data-particle-mobile-disabled=\"false\" class=\"elementor-section elementor-top-section elementor-element elementor-element-69abf8b elementor-section-boxed elementor-section-height-default elementor-section-height-default\" data-id=\"69abf8b\" data-element_type=\"section\" data-e-type=\"section\">\n\t\t\t\t\t\t<div class=\"elementor-container elementor-column-gap-default\">\n\t\t\t\t\t<div class=\"elementor-column elementor-col-100 elementor-top-column elementor-element elementor-element-58fee53\" data-id=\"58fee53\" data-element_type=\"column\" data-e-type=\"column\">\n\t\t\t<div class=\"elementor-widget-wrap elementor-element-populated\">\n\t\t\t\t\t\t<div class=\"elementor-element elementor-element-1ea243e elementor-widget elementor-widget-text-editor\" data-id=\"1ea243e\" data-element_type=\"widget\" data-e-type=\"widget\" data-widget_type=\"text-editor.default\">\n\t\t\t\t<div class=\"elementor-widget-container\">\n\t\t\t\t\t\t\t\t\t<p>Selon les sp\u00e9cialistes, c\u2019est \u00e0 partir de 1746 que la France est entr\u00e9e dans l\u2019\u00e8re du renseignement moderne. Cette ann\u00e9e-l\u00e0, le roi Louis XV d\u00e9cide de cr\u00e9er une entit\u00e9 que l\u2019Histoire retiendra sous le nom de \u00ab\u2009Secret du roi\u2009\u00bb, le \u00ab\u2009premier service secret bureaucratique en France\u2009\u00bb, comme le qualifie l\u2019historien allemand Wolfgang Krieger.<\/p>\n<p>Le monarque prend cette d\u00e9cision pour une raison&nbsp;: officiellement alli\u00e9 \u00e0 la Pologne dans la guerre de Succession d\u2019Autriche (1740-48), il ne peut s\u2019impliquer dans les intrigues visant \u00e0 placer le roi de son choix sur le tr\u00f4ne de Varsovie, monarchie \u00e9lective. Plus largement,&nbsp;le Secret du roi entend imprimer la marque fran\u00e7aise en Europe orientale, dans le grand jeu entre la Prusse, la Grande-Bretagne, la Russie et l\u2019Autriche, dans un contexte bient\u00f4t marqu\u00e9 par la guerre de Sept Ans (1756-63).<\/p>\n<p>En parall\u00e8le de la diplomatie officielle qu\u2019il m\u00e8ne avec ses ministres, Louis&nbsp;XV charge donc, sous sa supervision directe et avec ses finances personnelles, quelques hommes de confiance de mener des missions de renseignement et de diplomatie plus \u00ab\u2009souples\u2009\u00bb. \u00ab\u2009Le renseignement est ainsi explicitement une affaire du souverain, pas de l\u2019administration\u2009\u00bb, commente l\u2019historien Olivier Brun dans son \u00ab\u2009Dictionnaire du Renseignement\u2009\u00bb<a href=\"#_ftn1\" name=\"_ftnref1\"><sup>[1]<\/sup><\/a>. \u00ab\u2009Ce faisant, le roi, qui montre une v\u00e9ritable inclination pour le secret, met ses ministres sous contr\u00f4le.\u2009\u00bb<\/p>\n<p>Pendant presque trente ans, jusqu\u2019\u00e0 sa dissolution par Louis&nbsp;XVI d\u00e8s son accession au tr\u00f4ne en 1774, le Secret du roi agira dans l\u2019ombre, sous l\u2019\u00e9gide d\u2019abord du \u00ab\u2009prince du sang\u2009\u00bb Louis-Fran\u00e7ois de Bourbon-Conti (lui-m\u00eame candidat \u2014 malheureux \u2014 au tr\u00f4ne de Pologne), puis du diplomate Jean-Pierre Tercier, et enfin du comte de Broglie.<\/p>\n<p>Une trentaine d\u2019agents secrets ont servi sous leurs ordres, parmi lesquels le dramaturge et aventurier Beaumarchais, le futur ministre des Affaires \u00e9trang\u00e8res Vergennes, et le plus haut en couleurs, le c\u00e9l\u00e8bre chevalier d\u2019\u00c9on, qui aimait se travestir en femme et a favoris\u00e9 l\u2019adh\u00e9sion russe au camp fran\u00e7ais dans la guerre de Sept Ans. L\u2019\u00e9crivain Gilles Perrault a romanc\u00e9 cette histoire dans son passionnant \u00ab\u2009Le Secret du Roi\u2009\u00bb<a href=\"#_ftn2\" name=\"_ftnref2\"><sup>[2]<\/sup><\/a>.<\/p>\t\t\t\t\t\t\t\t<\/div>\n\t\t\t\t<\/div>\n\t\t\t\t\t<\/div>\n\t\t<\/div>\n\t\t\t\t\t<\/div>\n\t\t<\/section>\n\t\t\t\t<section data-particle_enable=\"false\" data-particle-mobile-disabled=\"false\" class=\"elementor-section elementor-top-section elementor-element elementor-element-0105769 elementor-section-boxed elementor-section-height-default elementor-section-height-default\" data-id=\"0105769\" data-element_type=\"section\" data-e-type=\"section\">\n\t\t\t\t\t\t<div class=\"elementor-container elementor-column-gap-default\">\n\t\t\t\t\t<div class=\"elementor-column elementor-col-100 elementor-top-column elementor-element elementor-element-315707c\" data-id=\"315707c\" data-element_type=\"column\" data-e-type=\"column\">\n\t\t\t<div class=\"elementor-widget-wrap elementor-element-populated\">\n\t\t\t\t\t\t<div class=\"elementor-element elementor-element-6e055e3 elementor-widget elementor-widget-heading\" data-id=\"6e055e3\" data-element_type=\"widget\" data-e-type=\"widget\" data-widget_type=\"heading.default\">\n\t\t\t\t<div class=\"elementor-widget-container\">\n\t\t\t\t\t<h4 class=\"elementor-heading-title elementor-size-default\">PREMI\u00c8RE GUERRE MONDIALE : MATA HARI, DANSEUSE DEVENUE ESPIONNE DE L\u00c9GENDE<\/h4>\t\t\t\t<\/div>\n\t\t\t\t<\/div>\n\t\t\t\t<div class=\"elementor-element elementor-element-237abc2 elementor-widget-divider--view-line elementor-widget elementor-widget-divider\" data-id=\"237abc2\" data-element_type=\"widget\" data-e-type=\"widget\" data-widget_type=\"divider.default\">\n\t\t\t\t<div class=\"elementor-widget-container\">\n\t\t\t\t\t\t\t<div class=\"elementor-divider\">\n\t\t\t<span class=\"elementor-divider-separator\">\n\t\t\t\t\t\t<\/span>\n\t\t<\/div>\n\t\t\t\t\t\t<\/div>\n\t\t\t\t<\/div>\n\t\t\t\t\t<\/div>\n\t\t<\/div>\n\t\t\t\t\t<\/div>\n\t\t<\/section>\n\t\t\t\t<section data-particle_enable=\"false\" data-particle-mobile-disabled=\"false\" class=\"elementor-section elementor-top-section elementor-element elementor-element-c445e1c elementor-section-boxed elementor-section-height-default elementor-section-height-default\" data-id=\"c445e1c\" data-element_type=\"section\" data-e-type=\"section\">\n\t\t\t\t\t\t<div class=\"elementor-container elementor-column-gap-default\">\n\t\t\t\t\t<div class=\"elementor-column elementor-col-100 elementor-top-column elementor-element elementor-element-815bad2\" data-id=\"815bad2\" data-element_type=\"column\" data-e-type=\"column\">\n\t\t\t<div class=\"elementor-widget-wrap elementor-element-populated\">\n\t\t\t\t\t\t<div class=\"elementor-element elementor-element-8631836 elementor-widget elementor-widget-text-editor\" data-id=\"8631836\" data-element_type=\"widget\" data-e-type=\"widget\" data-widget_type=\"text-editor.default\">\n\t\t\t\t<div class=\"elementor-widget-container\">\n\t\t\t\t\t\t\t\t\t<p>Difficile de connaitre une existence plus romanesque\u2026 et tragique\u00a0: tour \u00e0 tour femme d\u2019officier \u00e0 Java, \u00ab\u2009cocotte\u2009\u00bb (statut interm\u00e9diaire entre la courtisane et la prostitu\u00e9e) dans le Paris de la Belle \u00c9poque, \u00e9cuy\u00e8re de cirque, danseuse exotique puis espionne, pour finir fusill\u00e9e\u2026 Tel fut le destin de Margaretha Geertruida Zelle, n\u00e9e en Hollande en 1876, ex\u00e9cut\u00e9e dans les foss\u00e9s du fort de Vincennes en 1917, et pass\u00e9e \u00e0 la post\u00e9rit\u00e9 sous le nom de Mata Hari.<\/p><p>Grande et belle, de type \u00ab\u2009oriental\u2009\u00bb avec sa peau bronz\u00e9e et sa chevelure brune, celle qu\u2019on surnomme d\u2019abord \u00ab\u2009Grietje\u2009\u00bb fait t\u00f4t chavirer le c\u0153ur des hommes\u00a0: avant m\u00eame ses 18\u00a0ans, une relation avec le directeur de son \u00e9cole d\u2019institutrices leur vaut \u00e0 tous deux d\u2019\u00eatre renvoy\u00e9s. Apr\u00e8s un mariage malheureux et le myst\u00e9rieux empoisonnement de ses deux enfants (sa fille survivra), elle s\u2019installe au d\u00e9but du si\u00e8cle \u00e0 Paris, o\u00f9 elle vit de sa sensualit\u00e9, entretenue par ses riches amants.<\/p><p>Quand \u00e9clate le premier conflit mondial, en 1914, elle est c\u00e9l\u00e8bre comme \u00ab\u2009danseuse hindoue\u2009\u00bb sous le nom de Mata Hari (\u00ab\u2009\u0153il du jour\u2009\u00bb en malais), mais son succ\u00e8s est derri\u00e8re elle. Elle qui s\u2019est produite \u00e0 l\u2019Olympia et dans l\u2019Europe enti\u00e8re, multipliant les aventures et s\u2019inventant un pass\u00e9 aussi intrigant que prestigieux, croule d\u00e9sormais sous les dettes. Install\u00e9e \u00e0 La Haye, la capitale hollandaise, elle est approch\u00e9e en 1916 par le consul d\u2019Allemagne, que le profil de cette femme polyglotte et connect\u00e9e dans les hautes sph\u00e8res parisiennes int\u00e9resse. D\u2019apr\u00e8s l\u2019historien Fred Kupferman<a href=\"#_ftn1\" name=\"_ftnref1\"><sup>[3]<\/sup><\/a>, le diplomate lui propose de rentrer en France pour y r\u00e9colter des renseignements, en \u00e9change du remboursement de ses dettes. Elle devient l\u2019agent\u00a0H21.<\/p>\t\t\t\t\t\t\t\t<\/div>\n\t\t\t\t<\/div>\n\t\t\t\t\t<\/div>\n\t\t<\/div>\n\t\t\t\t\t<\/div>\n\t\t<\/section>\n\t\t\t\t<section data-particle_enable=\"false\" data-particle-mobile-disabled=\"false\" class=\"elementor-section elementor-top-section elementor-element elementor-element-49fb51a elementor-section-boxed elementor-section-height-default elementor-section-height-default\" data-id=\"49fb51a\" data-element_type=\"section\" data-e-type=\"section\">\n\t\t\t\t\t\t<div class=\"elementor-container elementor-column-gap-default\">\n\t\t\t\t\t<div class=\"elementor-column elementor-col-100 elementor-top-column elementor-element elementor-element-a0238b6\" data-id=\"a0238b6\" data-element_type=\"column\" data-e-type=\"column\">\n\t\t\t<div class=\"elementor-widget-wrap elementor-element-populated\">\n\t\t\t\t\t\t<div class=\"elementor-element elementor-element-38476d4 elementor-widget elementor-widget-heading\" data-id=\"38476d4\" data-element_type=\"widget\" data-e-type=\"widget\" data-widget_type=\"heading.default\">\n\t\t\t\t<div class=\"elementor-widget-container\">\n\t\t\t\t\t<h5 class=\"elementor-heading-title elementor-size-default\">EN FAIT, MATA HARI N\u2019AURAIT \u00ab\u2009JAMAIS R\u00c9ELLEMENT ESPIONN\u00c9\u2009\u00bb<\/h5>\t\t\t\t<\/div>\n\t\t\t\t<\/div>\n\t\t\t\t\t<\/div>\n\t\t<\/div>\n\t\t\t\t\t<\/div>\n\t\t<\/section>\n\t\t\t\t<section data-particle_enable=\"false\" data-particle-mobile-disabled=\"false\" class=\"elementor-section elementor-top-section elementor-element elementor-element-2ad55ac elementor-section-boxed elementor-section-height-default elementor-section-height-default\" data-id=\"2ad55ac\" data-element_type=\"section\" data-e-type=\"section\">\n\t\t\t\t\t\t<div class=\"elementor-container elementor-column-gap-default\">\n\t\t\t\t\t<div class=\"elementor-column elementor-col-100 elementor-top-column elementor-element elementor-element-a16eb21\" data-id=\"a16eb21\" data-element_type=\"column\" data-e-type=\"column\">\n\t\t\t<div class=\"elementor-widget-wrap elementor-element-populated\">\n\t\t\t\t\t\t<div class=\"elementor-element elementor-element-713c6e9 elementor-widget elementor-widget-text-editor\" data-id=\"713c6e9\" data-element_type=\"widget\" data-e-type=\"widget\" data-widget_type=\"text-editor.default\">\n\t\t\t\t<div class=\"elementor-widget-container\">\n\t\t\t\t\t\t\t\t\t<p>De retour \u00e0 Paris, install\u00e9e dans un palace, elle \u00ab\u2009grenouille\u2009\u00bb aupr\u00e8s d\u2019officiers de toutes nationalit\u00e9s en s\u2019effor\u00e7ant d\u2019obtenir des informations, sous l\u2019\u00e9troite surveillance de la Suret\u00e9 fran\u00e7aise. \u00c9prise d\u2019un officier russe bless\u00e9 au service de la France, elle cherche \u00e0 le rejoindre \u00e0 Vittel, o\u00f9 il est soign\u00e9. En \u00e9change d\u2019un laissez-passer et d\u2019une promesse d\u2019argent, le capitaine Georges Ladoux, du contre-espionnage fran\u00e7ais, la convainc de travailler pour lui, et l\u2019envoie en Hollande, puis en Espagne. La voil\u00e0 agent double. \u00c0 Madrid, elle rencontre l\u2019attach\u00e9 militaire allemand, le major von Kalle, convaincue de pouvoir en tirer des renseignements pour Ladoux. Von Kalle la mentionne explicitement dans des t\u00e9l\u00e9grammes chiffr\u00e9s qu\u2019il envoie \u00e0 Berlin. Intercept\u00e9s par les antennes de la tour Eiffel, ces messages sont d\u00e9crypt\u00e9s par les Fran\u00e7ais.<\/p>\n<p>Le 13&nbsp;f\u00e9vrier 1917 \u00e0 l\u2019aube, Mata Hari est arr\u00eat\u00e9e par le commissaire Priolet, de la Suret\u00e9&nbsp;: \u00ab\u2009<em>La fille Zelle Marguerite, dite Mata Hari, habitant au Plaza Palace H\u00f4tel, de religion protestante, n\u00e9e en Hollande le 7&nbsp;ao\u00fbt 1876, taille 1,75&nbsp;m, sachant lire et \u00e9crire, est pr\u00e9venue d\u2019espionnage et de complicit\u00e9 d\u2019intelligence avec l\u2019ennemi, dans le but de favoriser ses entreprises.\u2009\u00bb <\/em>Son proc\u00e8s d\u00e9bute le 24&nbsp;juillet, et trois jours plus tard, elle est condamn\u00e9e \u00e0 mort. Fusill\u00e9e le 15&nbsp;octobre \u00e0 Vincennes par un peloton de douze Zouaves, elle leur aurait envoy\u00e9 de la main un dernier baiser.<\/p>\n<p>Selon le colonel (ER) et historien Fr\u00e9d\u00e9ric Guelton, ancien chef du d\u00e9partement de l\u2019arm\u00e9e de Terre au Service historique de la d\u00e9fense, qui lui a consacr\u00e9 <a href=\"https:\/\/journals.openedition.org\/rha\/1993\">un article<\/a> dans la Revue historique des Arm\u00e9es<a href=\"#_ftn1\" name=\"_ftnref1\"><sup>[4]<\/sup><\/a>, elle n\u2019aurait pourtant \u00ab\u2009jamais r\u00e9ellement espionn\u00e9\u2009\u00bb. M\u00eame le magistrat Andr\u00e9 Mornet, substitut du procureur \u00e0 son proc\u00e8s, le dira plus tard&nbsp;: \u00ab\u2009Il n\u2019y avait pas de quoi fouetter un chat.\u2009\u00bb Mais en 1917, la propagande fran\u00e7aise avait besoin de montrer \u00e0 l\u2019opinion une d\u00e9termination sans faille pour la victoire. En condamnant l\u2019aventuri\u00e8re mondaine Mata Hari, elle en a fait une espionne de l\u00e9gende.<\/p>\t\t\t\t\t\t\t\t<\/div>\n\t\t\t\t<\/div>\n\t\t\t\t\t<\/div>\n\t\t<\/div>\n\t\t\t\t\t<\/div>\n\t\t<\/section>\n\t\t\t\t<section data-particle_enable=\"false\" data-particle-mobile-disabled=\"false\" class=\"elementor-section elementor-top-section elementor-element elementor-element-4a93ce2 elementor-section-boxed elementor-section-height-default elementor-section-height-default\" data-id=\"4a93ce2\" data-element_type=\"section\" data-e-type=\"section\">\n\t\t\t\t\t\t<div class=\"elementor-container elementor-column-gap-default\">\n\t\t\t\t\t<div class=\"elementor-column elementor-col-100 elementor-top-column elementor-element elementor-element-1359ef1\" data-id=\"1359ef1\" data-element_type=\"column\" data-e-type=\"column\">\n\t\t\t<div class=\"elementor-widget-wrap elementor-element-populated\">\n\t\t\t\t\t\t<div class=\"elementor-element elementor-element-adfeb7b elementor-widget elementor-widget-heading\" data-id=\"adfeb7b\" data-element_type=\"widget\" data-e-type=\"widget\" data-widget_type=\"heading.default\">\n\t\t\t\t<div class=\"elementor-widget-container\">\n\t\t\t\t\t<h4 class=\"elementor-heading-title elementor-size-default\">ANN\u00c9ES 1980 : L\u2019AFFAIRE FAREWELL, LA PLUS IMPORTANTE DE LA GUERRE FROIDE<\/h4>\t\t\t\t<\/div>\n\t\t\t\t<\/div>\n\t\t\t\t<div class=\"elementor-element elementor-element-11b905b elementor-widget-divider--view-line elementor-widget elementor-widget-divider\" data-id=\"11b905b\" data-element_type=\"widget\" data-e-type=\"widget\" data-widget_type=\"divider.default\">\n\t\t\t\t<div class=\"elementor-widget-container\">\n\t\t\t\t\t\t\t<div class=\"elementor-divider\">\n\t\t\t<span class=\"elementor-divider-separator\">\n\t\t\t\t\t\t<\/span>\n\t\t<\/div>\n\t\t\t\t\t\t<\/div>\n\t\t\t\t<\/div>\n\t\t\t\t\t<\/div>\n\t\t<\/div>\n\t\t\t\t\t<\/div>\n\t\t<\/section>\n\t\t\t\t<section data-particle_enable=\"false\" data-particle-mobile-disabled=\"false\" class=\"elementor-section elementor-top-section elementor-element elementor-element-a67db81 elementor-section-boxed elementor-section-height-default elementor-section-height-default\" data-id=\"a67db81\" data-element_type=\"section\" data-e-type=\"section\">\n\t\t\t\t\t\t<div class=\"elementor-container elementor-column-gap-default\">\n\t\t\t\t\t<div class=\"elementor-column elementor-col-100 elementor-top-column elementor-element elementor-element-96ff699\" data-id=\"96ff699\" data-element_type=\"column\" data-e-type=\"column\">\n\t\t\t<div class=\"elementor-widget-wrap elementor-element-populated\">\n\t\t\t\t\t\t<div class=\"elementor-element elementor-element-c2c3a58 elementor-widget elementor-widget-text-editor\" data-id=\"c2c3a58\" data-element_type=\"widget\" data-e-type=\"widget\" data-widget_type=\"text-editor.default\">\n\t\t\t\t<div class=\"elementor-widget-container\">\n\t\t\t\t\t\t\t\t\t<p>Paris, 14 juillet 1981, jardins du palais de l\u2019\u00c9lys\u00e9e. Le patron de la Direction de la surveillance du territoire (DST, anc\u00eatre de la Direction g\u00e9n\u00e9rale de la s\u00e9curit\u00e9 int\u00e9rieure, la DGSI), Marcel Chalet, a d\u00fb attendre la traditionnelle garden-party de la f\u00eate nationale pour confier au nouveau pr\u00e9sident de la R\u00e9publique, Fran\u00e7ois Mitterrand, un secret de taille : un ponte du KGB, les services secrets sovi\u00e9tiques, transmet depuis quelques mois des informations majeures au contre-espionnage hexagonal. Chalet a baptis\u00e9 cette taupe \u00ab\u2009Farewell\u2009\u00bb. En pleine Guerre froide, ses pr\u00e9cieux renseignements permettront au pr\u00e9sident socialiste fran\u00e7ais, regard\u00e9 d\u2019un \u0153il soup\u00e7onneux par ses alli\u00e9s occidentaux parce qu\u2019il a des ministres communistes \u00e0 son gouvernement, de leur \u00ab\u2009montrer patte blanche\u2009\u00bb.<\/p>\n<p>Paris, 16 ao\u00fbt 1965. Ing\u00e9nieur \u00e9lectronicien de formation, le Moscovite Vladimir Vetrov travaille depuis six ans pour le KGB, qui le mute dans la capitale fran\u00e7aise. Sa mission, sous couvert de d\u00e9velopper le commerce franco-sovi\u00e9tique : recruter des informateurs dans le domaine technologique et industriel, et se procurer des plans de mat\u00e9riels innovants interdits \u00e0 l\u2019exportation, contre esp\u00e8ces sonnantes et tr\u00e9buchantes.<\/p>\n<p>Voil\u00e0 comment il rencontre Jacques Pr\u00e9vost, un cadre dirigeant de Thomson-CSF, avec qui il se lie d\u2019amiti\u00e9. Pr\u00e9vost est un \u00ab\u2009honorable correspondant\u2009\u00bb de la DST, qui n\u2019est pas dupe de la r\u00e9elle mission de Vetrov. Un soir, ivre au volant de sa Peugeot de fonction, le Russe a un accident dans le Val-d\u2019Oise. Sachant que le d\u00e9clarer \u00e0 sa hi\u00e9rarchie pourrait lui valoir de gros probl\u00e8mes, il se confie \u00e0 Pr\u00e9vost, qui prend amicalement \u00e0 sa charge les r\u00e9parations. Peu apr\u00e8s, en juillet 1970, Vladimir Vetrov est rapatri\u00e9 \u00e0 Moscou.<\/p>\n<p>La suite de sa carri\u00e8re dans les services sovi\u00e9tiques ne lui apporte que d\u00e9convenue sur d\u00e9ception. Fin&nbsp;1980, alors que Jacques Pr\u00e9vost, devenu directeur des ventes de Thomson en URSS, est aussi \u00e0 Moscou, il lui fait comprendre qu\u2019il a des informations \u00e0 transmettre. Par le biais de Xavier Ameil, un ing\u00e9nieur de Thomson en poste en URSS moins surveill\u00e9 que Pr\u00e9vost, Vladimir \u00ab\u2009Farewell\u2009\u00bb Vetrov transmettra jusqu\u2019en mars 1982 un total de pr\u00e8s de 3000&nbsp;documents \u00e0 la DST, en partie class\u00e9s au plus haut niveau, et l\u2019identit\u00e9 de plus de 400&nbsp;agents du KGB en poste \u00e0 l\u2019\u00e9tranger. En juillet 1981, au sommet du G7 \u00e0 Ottawa, Fran\u00e7ois Mitterrand informe son homologue am\u00e9ricain, Ronald Reagan, de l\u2019existence de Farewell, et les renseignements sont confi\u00e9s \u00e0 la CIA.<\/p>\n<p>Gr\u00e2ce \u00e0 ces informations, les \u00c9tats-Unis expulsent ensuite plus de 200 agents sovi\u00e9tiques, et la France une cinquantaine. Un ing\u00e9nieur fran\u00e7ais de Thomson, qui transmettait notamment des documents sur la fus\u00e9e Ariane, est ainsi confondu. \u00c0 l\u2019Est, \u00ab\u2009Farewell\u2009\u00bb cesse de livrer ses secrets \u00e0 la DST d\u00e9but 1982 : devenu parano\u00efaque, il aurait tu\u00e9 un milicien apr\u00e8s une rixe dans la rue, \u00e0 Moscou. Emprisonn\u00e9, son r\u00f4le d\u2019espion n\u2019est d\u00e9couvert qu\u2019un an plus tard, \u00e0 cause semble-t-il, d\u2019un document montr\u00e9 par les Fran\u00e7ais aux Sovi\u00e9tiques pour justifier l\u2019expulsion d\u2019espions. Condamn\u00e9 \u00e0 mort pour haute trahison, le lieutenant-colonel Vladimir Vetrov est ex\u00e9cut\u00e9 \u00e0 Moscou le 23 janvier 1983.<\/p>\t\t\t\t\t\t\t\t<\/div>\n\t\t\t\t<\/div>\n\t\t\t\t\t<\/div>\n\t\t<\/div>\n\t\t\t\t\t<\/div>\n\t\t<\/section>\n\t\t\t\t<section data-particle_enable=\"false\" data-particle-mobile-disabled=\"false\" class=\"elementor-section elementor-top-section elementor-element elementor-element-18baf7a elementor-section-boxed elementor-section-height-default elementor-section-height-default\" data-id=\"18baf7a\" data-element_type=\"section\" data-e-type=\"section\" data-settings=\"{&quot;shape_divider_top&quot;:&quot;tilt&quot;}\">\n\t\t\t\t\t<div class=\"elementor-shape elementor-shape-top\" aria-hidden=\"true\" data-negative=\"false\">\n\t\t\t<svg xmlns=\"http:\/\/www.w3.org\/2000\/svg\" viewBox=\"0 0 1000 100\" preserveAspectRatio=\"none\">\n\t<path class=\"elementor-shape-fill\" d=\"M0,6V0h1000v100L0,6z\"\/>\n<\/svg>\t\t<\/div>\n\t\t\t\t\t<div class=\"elementor-container elementor-column-gap-default\">\n\t\t\t\t\t<div class=\"elementor-column elementor-col-100 elementor-top-column elementor-element elementor-element-cfbe994\" data-id=\"cfbe994\" data-element_type=\"column\" data-e-type=\"column\">\n\t\t\t<div class=\"elementor-widget-wrap elementor-element-populated\">\n\t\t\t\t\t\t<div class=\"elementor-element elementor-element-4af5bbf elementor-widget elementor-widget-heading\" data-id=\"4af5bbf\" data-element_type=\"widget\" data-e-type=\"widget\" data-widget_type=\"heading.default\">\n\t\t\t\t<div class=\"elementor-widget-container\">\n\t\t\t\t\t<h4 class=\"elementor-heading-title elementor-size-default\">2022-2023 : DES ESPIONS RUSSES SUR LEBONCOIN.FR ET DANS UN RALLYE AUTOMOBILE<\/h4>\t\t\t\t<\/div>\n\t\t\t\t<\/div>\n\t\t\t\t<div class=\"elementor-element elementor-element-ddecf3c elementor-widget-divider--view-line elementor-widget elementor-widget-divider\" data-id=\"ddecf3c\" data-element_type=\"widget\" data-e-type=\"widget\" data-widget_type=\"divider.default\">\n\t\t\t\t<div class=\"elementor-widget-container\">\n\t\t\t\t\t\t\t<div class=\"elementor-divider\">\n\t\t\t<span class=\"elementor-divider-separator\">\n\t\t\t\t\t\t<\/span>\n\t\t<\/div>\n\t\t\t\t\t\t<\/div>\n\t\t\t\t<\/div>\n\t\t\t\t\t<\/div>\n\t\t<\/div>\n\t\t\t\t\t<\/div>\n\t\t<\/section>\n\t\t\t\t<section data-particle_enable=\"false\" data-particle-mobile-disabled=\"false\" class=\"elementor-section elementor-top-section elementor-element elementor-element-8879294 elementor-section-boxed elementor-section-height-default elementor-section-height-default\" data-id=\"8879294\" data-element_type=\"section\" data-e-type=\"section\">\n\t\t\t\t\t\t<div class=\"elementor-container elementor-column-gap-default\">\n\t\t\t\t\t<div class=\"elementor-column elementor-col-100 elementor-top-column elementor-element elementor-element-2e95d6d\" data-id=\"2e95d6d\" data-element_type=\"column\" data-e-type=\"column\">\n\t\t\t<div class=\"elementor-widget-wrap elementor-element-populated\">\n\t\t\t\t\t\t<div class=\"elementor-element elementor-element-567086d elementor-widget elementor-widget-text-editor\" data-id=\"567086d\" data-element_type=\"widget\" data-e-type=\"widget\" data-widget_type=\"text-editor.default\">\n\t\t\t\t<div class=\"elementor-widget-container\">\n\t\t\t\t\t\t\t\t\t<p>Le 11\u00a0avril 2022, le ministre de l\u2019Int\u00e9rieur, G\u00e9rald Darmanin, <a href=\"https:\/\/twitter.com\/GDarmanin\/status\/1513580008907984902?ref_src=twsrc%5Etfw%7Ctwcamp%5Etweetembed%7Ctwterm%5E1513580008907984902%7Ctwgr%5E4ad04cac7daaf351cd86309fb95b20185524a9ed%7Ctwcon%5Es1_&amp;ref_url=https%3A%2F%2Fwww.marianne.net%2Fsociete%2Fpolice-et-justice%2Fcas-rarissime-un-espion-russe-arrete-en-flagrant-delit-en-france\">tresse dans un tweet<\/a> des louanges \u00e0 la DGSI\u00a0:<\/p><p>\u00ab\u2009Remarquable op\u00e9ration de contrespionnage. Bravo aux agents de la DGSI qui ont entrav\u00e9 un r\u00e9seau d\u2019agents clandestins russes qui \u0153uvraient contre nos int\u00e9r\u00eats. Les agents impliqu\u00e9s devront quitter le territoire national. Dans l\u2019ombre, la DGSI veille sur nos int\u00e9r\u00eats fondamentaux.\u2009\u00bb<\/p><p>Depuis l\u2019attaque de l\u2019Ukraine par la Russie, le 24\u00a0f\u00e9vrier 2022, plusieurs dizaines d\u2019espions russes ont d\u00e9j\u00e0 \u00e9t\u00e9 expuls\u00e9s de la capitale fran\u00e7aise\u00a0: 44 selon Marianne. <a href=\"https:\/\/www.marianne.net\/societe\/police-et-justice\/cas-rarissime-un-espion-russe-arrete-en-flagrant-delit-en-france\">En avril 2022<\/a>, le magazine relate un \u00ab\u2009cas rarissime\u2009\u00bb\u00a0: l\u2019arrestation d\u2019un espion en flagrant d\u00e9lit. D\u00e9but\u00a02020, ce diplomate russe avait tent\u00e9 de \u00ab\u2009recruter\u2009\u00bb un Fran\u00e7ais. Plut\u00f4t que de l\u2019interpeler, la DGSI avait d\u00e9cid\u00e9 de le filer, jusqu\u2019\u00e0 son arrestation dix-huit mois plus tard. Cinq autres agents sont du m\u00eame coup d\u00e9masqu\u00e9s, et les six ont trois jours pour quitter le territoire fran\u00e7ais. Belle r\u00e9ussite de la DGSI, qui vaut au service secret ces f\u00e9licitations publiques de son ministre de tutelle.<\/p><p>En octobre 2022, <a href=\"https:\/\/www.lemonde.fr\/international\/article\/2022\/10\/21\/les-espions-russes-recrutent-sur-leboncoin_6146733_3210.html\">Le Monde r\u00e9v\u00e9lait<\/a> que la DGSI avait rep\u00e9r\u00e9 un mode op\u00e9ratoire plut\u00f4t \u00e9tonnant de la part du SVR, le successeur du KGB pour l\u2019espionnage ext\u00e9rieur russe\u00a0: il ciblait des profils de jeunes dipl\u00f4m\u00e9s prometteurs sur des sites comme Leboncoin.fr\u2009! Une source du minist\u00e8re de l\u2019Int\u00e9rieur l\u2019expliquait au quotidien\u00a0: ces derni\u00e8res ann\u00e9es, \u00ab\u2009<em>une douzaine d\u2019approches de ressortissants fran\u00e7ais sur des sites type Leboncoin.fr par des officiers traitants du SVR\u2009\u00bb <\/em>ont \u00e9t\u00e9 effectu\u00e9es. \u00c0 chaque fois, des \u00ab\u2009profils tendres mais \u00e0 haut potentiel\u2009\u00bb de jeunes proposant des cours particuliers afin d\u2019arrondir leurs fins de mois.<\/p><p>Le quotidien du soir explique\u00a0: \u00ab\u2009Pour le SVR, choisir de jeunes cibles est un investissement \u00e0 long terme qui rev\u00eat de nombreux avantages. Leur na\u00efvet\u00e9, leur faible exp\u00e9rience et leur ignorance des m\u00e9thodes d\u2019espionnage russes en font des recrues faciles \u00e0 pressurer pour des officiers exp\u00e9riment\u00e9s. L\u2019objectif est double. Il s\u2019agit de soutirer \u00e0 la source des informations confidentielles et sensibles, li\u00e9es au domaine d\u2019expertise du <em>\u00ab<\/em> professeur\u201d, et sur son employeur, mais \u00e9galement d\u2019acc\u00e9der \u00e0 son cercle professionnel et personnel. Dans les deux cas, l\u2019officier traitant parie sur la future carri\u00e8re de son contact.\u2009\u00bb<\/p>\t\t\t\t\t\t\t\t<\/div>\n\t\t\t\t<\/div>\n\t\t\t\t\t<\/div>\n\t\t<\/div>\n\t\t\t\t\t<\/div>\n\t\t<\/section>\n\t\t\t\t<section data-particle_enable=\"false\" data-particle-mobile-disabled=\"false\" class=\"elementor-section elementor-top-section elementor-element elementor-element-974cd32 elementor-section-boxed elementor-section-height-default elementor-section-height-default\" data-id=\"974cd32\" data-element_type=\"section\" data-e-type=\"section\">\n\t\t\t\t\t\t<div class=\"elementor-container elementor-column-gap-default\">\n\t\t\t\t\t<div class=\"elementor-column elementor-col-100 elementor-top-column elementor-element elementor-element-750ebac\" data-id=\"750ebac\" data-element_type=\"column\" data-e-type=\"column\">\n\t\t\t<div class=\"elementor-widget-wrap elementor-element-populated\">\n\t\t\t\t\t\t<div class=\"elementor-element elementor-element-cd90290 elementor-widget elementor-widget-heading\" data-id=\"cd90290\" data-element_type=\"widget\" data-e-type=\"widget\" data-widget_type=\"heading.default\">\n\t\t\t\t<div class=\"elementor-widget-container\">\n\t\t\t\t\t<h5 class=\"elementor-heading-title elementor-size-default\">UN AGENT DU RENSEIGNEMENT MILITAIRE RUSSE INSTALL\u00c9 EN FAMILLE \u00c0 PARIS <\/h5>\t\t\t\t<\/div>\n\t\t\t\t<\/div>\n\t\t\t\t\t<\/div>\n\t\t<\/div>\n\t\t\t\t\t<\/div>\n\t\t<\/section>\n\t\t\t\t<section data-particle_enable=\"false\" data-particle-mobile-disabled=\"false\" class=\"elementor-section elementor-top-section elementor-element elementor-element-f14337b elementor-section-boxed elementor-section-height-default elementor-section-height-default\" data-id=\"f14337b\" data-element_type=\"section\" data-e-type=\"section\">\n\t\t\t\t\t\t<div class=\"elementor-container elementor-column-gap-default\">\n\t\t\t\t\t<div class=\"elementor-column elementor-col-100 elementor-top-column elementor-element elementor-element-d5278ea\" data-id=\"d5278ea\" data-element_type=\"column\" data-e-type=\"column\">\n\t\t\t<div class=\"elementor-widget-wrap elementor-element-populated\">\n\t\t\t\t\t\t<div class=\"elementor-element elementor-element-3339eb0 elementor-widget elementor-widget-text-editor\" data-id=\"3339eb0\" data-element_type=\"widget\" data-e-type=\"widget\" data-widget_type=\"text-editor.default\">\n\t\t\t\t<div class=\"elementor-widget-container\">\n\t\t\t\t\t\t\t\t\t<p>Au moment de la parution de cet article, l\u2019automne dernier, Le Monde relatait que les autorit\u00e9s fran\u00e7aises estimaient \u00ab\u2009\u00e0 pr\u00e8s de 75 le nombre d\u2019agents secrets russes agissant sous fausse qualit\u00e9 diplomatique, qui leur permet de b\u00e9n\u00e9ficier de l\u2019immunit\u00e9 s\u2019ils se font arr\u00eater\u2009\u00bb. Mais parfois, ce n\u2019est m\u00eame pas le cas\u00a0: en avril 2023, <a href=\"https:\/\/www.lemonde.fr\/m-le-mag\/article\/2023\/04\/21\/un-espion-russe-a-paris-boulat-ianborissov-patron-de-course-automobile-et-agent-au-service-du-kremlin_6170489_4500055.html\">le m\u00eame quotidien r\u00e9v\u00e9lait<\/a>, apr\u00e8s une enqu\u00eate conjointe avec le magazine allemand Der Spiegel et le site d\u2019investigation russe The Insider, que Boulat Ianborissov \u00e9tait un espion au service du Kremlin.<\/p><p>Loin d\u2019\u00eatre un diplomate, ce Russe install\u00e9 dans le chic 17e arrondissement de la capitale avec son \u00e9pouse et leurs deux enfants est le patron d\u2019une course automobile, le Silk Way Rally, qui parcourt depuis 2009 la Chine, l\u2019Asie centrale et la Russie sur le mod\u00e8le du Paris-Dakar. Vivant \u00e0 Paris, o\u00f9 sa soci\u00e9t\u00e9 poss\u00e8de des bureaux, avec un titre de s\u00e9jour depuis 2014, Ianborissov envoyait r\u00e9guli\u00e8rement des rapports au ministre de la D\u00e9fense russe, Sergue\u00ef Cho\u00efgou. Il y vantait la capacit\u00e9 de son rallye \u00e0 appuyer les ventes du complexe militaro-industriel russe, contr\u00f4ler les stocks locaux d\u2019armement, ou augmenter la pr\u00e9sence militaire russe dans la r\u00e9gion.<\/p><p>Ce n\u2019est pas tout, \u00e9crit le quotidien\u00a0: \u00ab\u2009D\u00e9but\u00a02022, l\u2019espion communique, par t\u00e9l\u00e9phone, avec le g\u00e9n\u00e9ral Vladimir Alexe\u00efev, num\u00e9ro deux du renseignement militaire russe (le GRU), plus de soixante fois. Selon des donn\u00e9es t\u00e9l\u00e9phoniques, ces appels et textos, sur trois num\u00e9ros de t\u00e9l\u00e9phone diff\u00e9rents, se concentrent sur les deux premiers mois de l\u2019invasion russe en Ukraine.\u2009\u00bb Et le 22\u00a0avril 2022 \u00e0 Moscou, Boulat Ianborissov \u00e9tait d\u00e9cor\u00e9 de la prestigieuse m\u00e9daille de l\u2019ordre d\u2019Alexandre Nevksi, des mains du g\u00e9n\u00e9ral Alexe\u00efev.<\/p>\t\t\t\t\t\t\t\t<\/div>\n\t\t\t\t<\/div>\n\t\t\t\t\t<\/div>\n\t\t<\/div>\n\t\t\t\t\t<\/div>\n\t\t<\/section>\n\t\t\t\t<section data-particle_enable=\"false\" data-particle-mobile-disabled=\"false\" class=\"elementor-section elementor-top-section elementor-element elementor-element-279a3f8 elementor-section-boxed elementor-section-height-default elementor-section-height-default\" data-id=\"279a3f8\" data-element_type=\"section\" data-e-type=\"section\">\n\t\t\t\t\t\t<div class=\"elementor-container elementor-column-gap-default\">\n\t\t\t\t\t<div class=\"elementor-column elementor-col-100 elementor-top-column elementor-element elementor-element-fc827f8\" data-id=\"fc827f8\" data-element_type=\"column\" data-e-type=\"column\">\n\t\t\t<div class=\"elementor-widget-wrap elementor-element-populated\">\n\t\t\t\t\t\t<div class=\"elementor-element elementor-element-7247138 elementor-widget elementor-widget-text-editor\" data-id=\"7247138\" data-element_type=\"widget\" data-e-type=\"widget\" data-widget_type=\"text-editor.default\">\n\t\t\t\t<div class=\"elementor-widget-container\">\n\t\t\t\t\t\t\t\t\t<p><a href=\"#_ftnref1\" name=\"_ftn1\"><sup>[1] <\/sup><\/a>Perrin, 2018.<\/p><p><a href=\"#_ftnref2\" name=\"_ftn2\"><sup>[2] <\/sup><\/a>Fayard, 3 volumes, 1992-1996.<\/p><p><a href=\"#_ftnref1\" name=\"_ftn1\"><sup>[3]<\/sup><\/a> Mata Hari\u00a0: songes et mensonges, Editions Complexe, 2005.<\/p><p><a href=\"#_ftnref1\" name=\"_ftn1\"><sup>[4]<\/sup><\/a> Fr\u00e9d\u00e9ric Guelton, \u00ab\u2009Le dossier Mata Hari\u2009\u00bb, <em>Revue historique des arm\u00e9es<\/em>, 247 | 2007, 82-85.<\/p>\t\t\t\t\t\t\t\t<\/div>\n\t\t\t\t<\/div>\n\t\t\t\t\t<\/div>\n\t\t<\/div>\n\t\t\t\t\t<\/div>\n\t\t<\/section>\n\t\t\t\t<\/div>\n\t\t","protected":false},"excerpt":{"rendered":"<p>The French capital has always been a prime location for intelligence services. Here we take a look back at some of the most emblematic actions carried out by French and foreign spies along the banks of the Seine.<\/p>","protected":false},"author":12,"featured_media":41837,"comment_status":"closed","ping_status":"closed","sticky":false,"template":"","format":"standard","meta":{"footnotes":""},"categories":[208,171],"tags":[257,264],"class_list":["post-41836","post","type-post","status-publish","format-standard","has-post-thumbnail","hentry","category-defense-nationale","category-notre-selection","tag-athena-2023","tag-athena-23-ep-2"],"yoast_head":"<!-- This site is optimized with the Yoast SEO plugin v27.5 - https:\/\/yoast.com\/product\/yoast-seo-wordpress\/ -->\n<title>Paris, nid d\u2019espions depuis des si\u00e8cles - L&#039;IHEDN : Institut des hautes \u00e9tudes de d\u00e9fense nationale<\/title>\n<meta name=\"description\" content=\"D\u00e9esse de la strat\u00e9gie militaire, de la guerre et de la sagesse dans la mythologie grecque, Ath\u00e9na est aussi\u2026 la mascotte de l\u2019IHEDN. Jusqu\u2019\u00e0 fin ao\u00fbt, elle nous emm\u00e8ne explorer la culture de d\u00e9fense \u00e0 travers diff\u00e9rents contenus \u00e9rudits ou ludiques.\" \/>\n<meta name=\"robots\" content=\"index, follow, max-snippet:-1, max-image-preview:large, max-video-preview:-1\" \/>\n<link rel=\"canonical\" href=\"https:\/\/ihedn.fr\/en\/notre-selection\/paris-nid-despions-depuis-des-siecles\/\" \/>\n<meta property=\"og:locale\" content=\"en_GB\" \/>\n<meta property=\"og:type\" content=\"article\" \/>\n<meta property=\"og:title\" content=\"Paris, nid d\u2019espions depuis des si\u00e8cles\" \/>\n<meta property=\"og:description\" content=\"La capitale fran\u00e7aise a toujours \u00e9t\u00e9 un terrain de choix pour les services de renseignement. Retour, \u00e0 travers l\u2019Histoire, sur quelques actions embl\u00e9matiques effectu\u00e9es sur les bords de Seine par des espions fran\u00e7ais ou \u00e9trangers.\" \/>\n<meta property=\"og:url\" content=\"https:\/\/ihedn.fr\/en\/notre-selection\/paris-nid-despions-depuis-des-siecles\/\" \/>\n<meta property=\"og:site_name\" content=\"L&#039;IHEDN : Institut des hautes \u00e9tudes de d\u00e9fense nationale\" \/>\n<meta property=\"article:publisher\" content=\"https:\/\/www.facebook.com\/ihedn\/\" \/>\n<meta property=\"article:published_time\" content=\"2023-08-07T08:23:49+00:00\" \/>\n<meta property=\"article:modified_time\" content=\"2025-08-27T12:18:43+00:00\" \/>\n<meta property=\"og:image\" content=\"https:\/\/ihedn.fr\/wp-content\/uploads\/2023\/08\/Athena_a_la_plage_EPISODE_2.jpg\" \/>\n\t<meta property=\"og:image:width\" content=\"1024\" \/>\n\t<meta property=\"og:image:height\" content=\"512\" \/>\n\t<meta property=\"og:image:type\" content=\"image\/jpeg\" \/>\n<meta name=\"author\" content=\"Ad\u00e8le Thoumieux\" \/>\n<meta name=\"twitter:card\" content=\"summary_large_image\" \/>\n<meta name=\"twitter:title\" content=\"Paris, nid d\u2019espions depuis des si\u00e8cles\" \/>\n<meta name=\"twitter:description\" content=\"La capitale fran\u00e7aise a toujours \u00e9t\u00e9 un terrain de choix pour les services de renseignement. Retour, \u00e0 travers l\u2019Histoire, sur quelques actions embl\u00e9matiques effectu\u00e9es sur les bords de Seine par des espions fran\u00e7ais ou \u00e9trangers.\" \/>\n<meta name=\"twitter:image\" content=\"https:\/\/ihedn.fr\/wp-content\/uploads\/2023\/08\/Athena_a_la_plage_EPISODE_2.jpg\" \/>\n<meta name=\"twitter:creator\" content=\"@IHEDN\" \/>\n<meta name=\"twitter:site\" content=\"@IHEDN\" \/>\n<meta name=\"twitter:label1\" content=\"Written by\" \/>\n\t<meta name=\"twitter:data1\" content=\"Ad\u00e8le Thoumieux\" \/>\n\t<meta name=\"twitter:label2\" content=\"Estimated reading time\" \/>\n\t<meta name=\"twitter:data2\" content=\"12 minutes\" \/>\n<script type=\"application\/ld+json\" class=\"yoast-schema-graph\">{\"@context\":\"https:\\\/\\\/schema.org\",\"@graph\":[{\"@type\":\"Article\",\"@id\":\"https:\\\/\\\/ihedn.fr\\\/notre-selection\\\/paris-nid-despions-depuis-des-siecles\\\/#article\",\"isPartOf\":{\"@id\":\"https:\\\/\\\/ihedn.fr\\\/notre-selection\\\/paris-nid-despions-depuis-des-siecles\\\/\"},\"author\":{\"name\":\"Ad\u00e8le Thoumieux\",\"@id\":\"https:\\\/\\\/ihedn.fr\\\/#\\\/schema\\\/person\\\/16d49c2bd0121499ea9b9023ce89826c\"},\"headline\":\"Paris, nid d\u2019espions depuis des si\u00e8cles\",\"datePublished\":\"2023-08-07T08:23:49+00:00\",\"dateModified\":\"2025-08-27T12:18:43+00:00\",\"mainEntityOfPage\":{\"@id\":\"https:\\\/\\\/ihedn.fr\\\/notre-selection\\\/paris-nid-despions-depuis-des-siecles\\\/\"},\"wordCount\":2467,\"publisher\":{\"@id\":\"https:\\\/\\\/ihedn.fr\\\/#organization\"},\"image\":{\"@id\":\"https:\\\/\\\/ihedn.fr\\\/notre-selection\\\/paris-nid-despions-depuis-des-siecles\\\/#primaryimage\"},\"thumbnailUrl\":\"https:\\\/\\\/ihedn.fr\\\/wp-content\\\/uploads\\\/2023\\\/08\\\/Athena_a_la_plage_EPISODE_2.jpg\",\"keywords\":[\"athena-2023\",\"athena-23-ep-2\"],\"articleSection\":[\"d\u00e9fense nationale\",\"Notre s\u00e9lection\"],\"inLanguage\":\"en-GB\"},{\"@type\":\"WebPage\",\"@id\":\"https:\\\/\\\/ihedn.fr\\\/notre-selection\\\/paris-nid-despions-depuis-des-siecles\\\/\",\"url\":\"https:\\\/\\\/ihedn.fr\\\/notre-selection\\\/paris-nid-despions-depuis-des-siecles\\\/\",\"name\":\"Paris, nid d\u2019espions depuis des si\u00e8cles - L&#039;IHEDN : Institut des hautes \u00e9tudes de d\u00e9fense nationale\",\"isPartOf\":{\"@id\":\"https:\\\/\\\/ihedn.fr\\\/#website\"},\"primaryImageOfPage\":{\"@id\":\"https:\\\/\\\/ihedn.fr\\\/notre-selection\\\/paris-nid-despions-depuis-des-siecles\\\/#primaryimage\"},\"image\":{\"@id\":\"https:\\\/\\\/ihedn.fr\\\/notre-selection\\\/paris-nid-despions-depuis-des-siecles\\\/#primaryimage\"},\"thumbnailUrl\":\"https:\\\/\\\/ihedn.fr\\\/wp-content\\\/uploads\\\/2023\\\/08\\\/Athena_a_la_plage_EPISODE_2.jpg\",\"datePublished\":\"2023-08-07T08:23:49+00:00\",\"dateModified\":\"2025-08-27T12:18:43+00:00\",\"description\":\"D\u00e9esse de la strat\u00e9gie militaire, de la guerre et de la sagesse dans la mythologie grecque, Ath\u00e9na est aussi\u2026 la mascotte de l\u2019IHEDN. Jusqu\u2019\u00e0 fin ao\u00fbt, elle nous emm\u00e8ne explorer la culture de d\u00e9fense \u00e0 travers diff\u00e9rents contenus \u00e9rudits ou ludiques.\",\"breadcrumb\":{\"@id\":\"https:\\\/\\\/ihedn.fr\\\/notre-selection\\\/paris-nid-despions-depuis-des-siecles\\\/#breadcrumb\"},\"inLanguage\":\"en-GB\",\"potentialAction\":[{\"@type\":\"ReadAction\",\"target\":[\"https:\\\/\\\/ihedn.fr\\\/notre-selection\\\/paris-nid-despions-depuis-des-siecles\\\/\"]}]},{\"@type\":\"ImageObject\",\"inLanguage\":\"en-GB\",\"@id\":\"https:\\\/\\\/ihedn.fr\\\/notre-selection\\\/paris-nid-despions-depuis-des-siecles\\\/#primaryimage\",\"url\":\"https:\\\/\\\/ihedn.fr\\\/wp-content\\\/uploads\\\/2023\\\/08\\\/Athena_a_la_plage_EPISODE_2.jpg\",\"contentUrl\":\"https:\\\/\\\/ihedn.fr\\\/wp-content\\\/uploads\\\/2023\\\/08\\\/Athena_a_la_plage_EPISODE_2.jpg\",\"width\":1024,\"height\":512,\"caption\":\"Paris, nid d\u2019espions depuis des si\u00e8cles\"},{\"@type\":\"BreadcrumbList\",\"@id\":\"https:\\\/\\\/ihedn.fr\\\/notre-selection\\\/paris-nid-despions-depuis-des-siecles\\\/#breadcrumb\",\"itemListElement\":[{\"@type\":\"ListItem\",\"position\":1,\"name\":\"Accueil\",\"item\":\"https:\\\/\\\/ihedn.fr\\\/\"},{\"@type\":\"ListItem\",\"position\":2,\"name\":\"Paris, nid d\u2019espions depuis des si\u00e8cles\"}]},{\"@type\":\"WebSite\",\"@id\":\"https:\\\/\\\/ihedn.fr\\\/#website\",\"url\":\"https:\\\/\\\/ihedn.fr\\\/\",\"name\":\"IHEDN : Institut des hautes \u00e9tudes de d\u00e9fense nationale |\",\"description\":\"Site officiel de l&#039;IHEDN plac\u00e9 sous la tutelle du Premier ministre.\",\"publisher\":{\"@id\":\"https:\\\/\\\/ihedn.fr\\\/#organization\"},\"potentialAction\":[{\"@type\":\"SearchAction\",\"target\":{\"@type\":\"EntryPoint\",\"urlTemplate\":\"https:\\\/\\\/ihedn.fr\\\/?s={search_term_string}\"},\"query-input\":{\"@type\":\"PropertyValueSpecification\",\"valueRequired\":true,\"valueName\":\"search_term_string\"}}],\"inLanguage\":\"en-GB\"},{\"@type\":\"Organization\",\"@id\":\"https:\\\/\\\/ihedn.fr\\\/#organization\",\"name\":\"IHEDN - Institut des Hautes Etudes de D\u00e9fense Nationale\",\"url\":\"https:\\\/\\\/ihedn.fr\\\/\",\"logo\":{\"@type\":\"ImageObject\",\"inLanguage\":\"en-GB\",\"@id\":\"https:\\\/\\\/ihedn.fr\\\/#\\\/schema\\\/logo\\\/image\\\/\",\"url\":\"https:\\\/\\\/ihedn.fr\\\/wp-content\\\/uploads\\\/2020\\\/11\\\/BLOC_RF_IHEDN_WEB.png\",\"contentUrl\":\"https:\\\/\\\/ihedn.fr\\\/wp-content\\\/uploads\\\/2020\\\/11\\\/BLOC_RF_IHEDN_WEB.png\",\"width\":500,\"height\":237,\"caption\":\"IHEDN - Institut des Hautes Etudes de D\u00e9fense Nationale\"},\"image\":{\"@id\":\"https:\\\/\\\/ihedn.fr\\\/#\\\/schema\\\/logo\\\/image\\\/\"},\"sameAs\":[\"https:\\\/\\\/www.facebook.com\\\/ihedn\\\/\",\"https:\\\/\\\/x.com\\\/IHEDN\",\"https:\\\/\\\/www.instagram.com\\\/ihedn\\\/\",\"https:\\\/\\\/www.linkedin.com\\\/school\\\/ihedn\\\/\",\"https:\\\/\\\/fr.wikipedia.org\\\/wiki\\\/Institut_des_hautes_\u00e9tudes_de_D\u00e9fense_nationale\"]},{\"@type\":\"Person\",\"@id\":\"https:\\\/\\\/ihedn.fr\\\/#\\\/schema\\\/person\\\/16d49c2bd0121499ea9b9023ce89826c\",\"name\":\"Ad\u00e8le Thoumieux\",\"image\":{\"@type\":\"ImageObject\",\"inLanguage\":\"en-GB\",\"@id\":\"https:\\\/\\\/secure.gravatar.com\\\/avatar\\\/64fc58d14679bdd185946349bcb229b06e37d30d6290c2bec15f1daa8f8e0ece?s=96&d=mm&r=g\",\"url\":\"https:\\\/\\\/secure.gravatar.com\\\/avatar\\\/64fc58d14679bdd185946349bcb229b06e37d30d6290c2bec15f1daa8f8e0ece?s=96&d=mm&r=g\",\"contentUrl\":\"https:\\\/\\\/secure.gravatar.com\\\/avatar\\\/64fc58d14679bdd185946349bcb229b06e37d30d6290c2bec15f1daa8f8e0ece?s=96&d=mm&r=g\",\"caption\":\"Ad\u00e8le Thoumieux\"},\"sameAs\":[\"http:\\\/\\\/ihedn.fr\"],\"url\":\"https:\\\/\\\/ihedn.fr\\\/en\\\/author\\\/thoumieux\\\/\"}]}<\/script>\n<!-- \/ Yoast SEO plugin. -->","yoast_head_json":{"title":"Paris, a nest of spies for centuries - L'IHEDN : Institut des hautes \u00e9tudes de d\u00e9fense nationale (Institute for Higher National Defence Studies)","description":"The goddess of military strategy, war and wisdom in Greek mythology, Athena is also... the mascot of the IHEDN. Until the end of August, she will be taking us on an exploration of defence culture through a range of scholarly and entertaining content.","robots":{"index":"index","follow":"follow","max-snippet":"max-snippet:-1","max-image-preview":"max-image-preview:large","max-video-preview":"max-video-preview:-1"},"canonical":"https:\/\/ihedn.fr\/en\/notre-selection\/paris-nid-despions-depuis-des-siecles\/","og_locale":"en_GB","og_type":"article","og_title":"Paris, nid d\u2019espions depuis des si\u00e8cles","og_description":"La capitale fran\u00e7aise a toujours \u00e9t\u00e9 un terrain de choix pour les services de renseignement. Retour, \u00e0 travers l\u2019Histoire, sur quelques actions embl\u00e9matiques effectu\u00e9es sur les bords de Seine par des espions fran\u00e7ais ou \u00e9trangers.","og_url":"https:\/\/ihedn.fr\/en\/notre-selection\/paris-nid-despions-depuis-des-siecles\/","og_site_name":"L&#039;IHEDN : Institut des hautes \u00e9tudes de d\u00e9fense nationale","article_publisher":"https:\/\/www.facebook.com\/ihedn\/","article_published_time":"2023-08-07T08:23:49+00:00","article_modified_time":"2025-08-27T12:18:43+00:00","og_image":[{"width":1024,"height":512,"url":"https:\/\/ihedn.fr\/wp-content\/uploads\/2023\/08\/Athena_a_la_plage_EPISODE_2.jpg","type":"image\/jpeg"}],"author":"Ad\u00e8le Thoumieux","twitter_card":"summary_large_image","twitter_title":"Paris, nid d\u2019espions depuis des si\u00e8cles","twitter_description":"La capitale fran\u00e7aise a toujours \u00e9t\u00e9 un terrain de choix pour les services de renseignement. Retour, \u00e0 travers l\u2019Histoire, sur quelques actions embl\u00e9matiques effectu\u00e9es sur les bords de Seine par des espions fran\u00e7ais ou \u00e9trangers.","twitter_image":"https:\/\/ihedn.fr\/wp-content\/uploads\/2023\/08\/Athena_a_la_plage_EPISODE_2.jpg","twitter_creator":"@IHEDN","twitter_site":"@IHEDN","twitter_misc":{"Written by":"Ad\u00e8le Thoumieux","Estimated reading time":"12 minutes"},"schema":{"@context":"https:\/\/schema.org","@graph":[{"@type":"Article","@id":"https:\/\/ihedn.fr\/notre-selection\/paris-nid-despions-depuis-des-siecles\/#article","isPartOf":{"@id":"https:\/\/ihedn.fr\/notre-selection\/paris-nid-despions-depuis-des-siecles\/"},"author":{"name":"Ad\u00e8le Thoumieux","@id":"https:\/\/ihedn.fr\/#\/schema\/person\/16d49c2bd0121499ea9b9023ce89826c"},"headline":"Paris, nid d\u2019espions depuis des si\u00e8cles","datePublished":"2023-08-07T08:23:49+00:00","dateModified":"2025-08-27T12:18:43+00:00","mainEntityOfPage":{"@id":"https:\/\/ihedn.fr\/notre-selection\/paris-nid-despions-depuis-des-siecles\/"},"wordCount":2467,"publisher":{"@id":"https:\/\/ihedn.fr\/#organization"},"image":{"@id":"https:\/\/ihedn.fr\/notre-selection\/paris-nid-despions-depuis-des-siecles\/#primaryimage"},"thumbnailUrl":"https:\/\/ihedn.fr\/wp-content\/uploads\/2023\/08\/Athena_a_la_plage_EPISODE_2.jpg","keywords":["athena-2023","athena-23-ep-2"],"articleSection":["d\u00e9fense nationale","Notre s\u00e9lection"],"inLanguage":"en-GB"},{"@type":"WebPage","@id":"https:\/\/ihedn.fr\/notre-selection\/paris-nid-despions-depuis-des-siecles\/","url":"https:\/\/ihedn.fr\/notre-selection\/paris-nid-despions-depuis-des-siecles\/","name":"Paris, a nest of spies for centuries - L'IHEDN : Institut des hautes \u00e9tudes de d\u00e9fense nationale (Institute for Higher National Defence Studies)","isPartOf":{"@id":"https:\/\/ihedn.fr\/#website"},"primaryImageOfPage":{"@id":"https:\/\/ihedn.fr\/notre-selection\/paris-nid-despions-depuis-des-siecles\/#primaryimage"},"image":{"@id":"https:\/\/ihedn.fr\/notre-selection\/paris-nid-despions-depuis-des-siecles\/#primaryimage"},"thumbnailUrl":"https:\/\/ihedn.fr\/wp-content\/uploads\/2023\/08\/Athena_a_la_plage_EPISODE_2.jpg","datePublished":"2023-08-07T08:23:49+00:00","dateModified":"2025-08-27T12:18:43+00:00","description":"The goddess of military strategy, war and wisdom in Greek mythology, Athena is also... the mascot of the IHEDN. Until the end of August, she will be taking us on an exploration of defence culture through a range of scholarly and entertaining content.","breadcrumb":{"@id":"https:\/\/ihedn.fr\/notre-selection\/paris-nid-despions-depuis-des-siecles\/#breadcrumb"},"inLanguage":"en-GB","potentialAction":[{"@type":"ReadAction","target":["https:\/\/ihedn.fr\/notre-selection\/paris-nid-despions-depuis-des-siecles\/"]}]},{"@type":"ImageObject","inLanguage":"en-GB","@id":"https:\/\/ihedn.fr\/notre-selection\/paris-nid-despions-depuis-des-siecles\/#primaryimage","url":"https:\/\/ihedn.fr\/wp-content\/uploads\/2023\/08\/Athena_a_la_plage_EPISODE_2.jpg","contentUrl":"https:\/\/ihedn.fr\/wp-content\/uploads\/2023\/08\/Athena_a_la_plage_EPISODE_2.jpg","width":1024,"height":512,"caption":"Paris, nid d\u2019espions depuis des si\u00e8cles"},{"@type":"BreadcrumbList","@id":"https:\/\/ihedn.fr\/notre-selection\/paris-nid-despions-depuis-des-siecles\/#breadcrumb","itemListElement":[{"@type":"ListItem","position":1,"name":"Accueil","item":"https:\/\/ihedn.fr\/"},{"@type":"ListItem","position":2,"name":"Paris, nid d\u2019espions depuis des si\u00e8cles"}]},{"@type":"WebSite","@id":"https:\/\/ihedn.fr\/#website","url":"https:\/\/ihedn.fr\/","name":"IHEDN: Institut des hautes \u00e9tudes de d\u00e9fense nationale (Institute for Higher National Defence Studies)","description":"Official website of the IHEDN under the supervision of the Prime Minister.","publisher":{"@id":"https:\/\/ihedn.fr\/#organization"},"potentialAction":[{"@type":"SearchAction","target":{"@type":"EntryPoint","urlTemplate":"https:\/\/ihedn.fr\/?s={search_term_string}"},"query-input":{"@type":"PropertyValueSpecification","valueRequired":true,"valueName":"search_term_string"}}],"inLanguage":"en-GB"},{"@type":"Organization","@id":"https:\/\/ihedn.fr\/#organization","name":"IHEDN - Institute for Higher National Defence Studies","url":"https:\/\/ihedn.fr\/","logo":{"@type":"ImageObject","inLanguage":"en-GB","@id":"https:\/\/ihedn.fr\/#\/schema\/logo\/image\/","url":"https:\/\/ihedn.fr\/wp-content\/uploads\/2020\/11\/BLOC_RF_IHEDN_WEB.png","contentUrl":"https:\/\/ihedn.fr\/wp-content\/uploads\/2020\/11\/BLOC_RF_IHEDN_WEB.png","width":500,"height":237,"caption":"IHEDN - Institut des Hautes Etudes de D\u00e9fense Nationale"},"image":{"@id":"https:\/\/ihedn.fr\/#\/schema\/logo\/image\/"},"sameAs":["https:\/\/www.facebook.com\/ihedn\/","https:\/\/x.com\/IHEDN","https:\/\/www.instagram.com\/ihedn\/","https:\/\/www.linkedin.com\/school\/ihedn\/","https:\/\/fr.wikipedia.org\/wiki\/Institut_des_hautes_\u00e9tudes_de_D\u00e9fense_nationale"]},{"@type":"Person","@id":"https:\/\/ihedn.fr\/#\/schema\/person\/16d49c2bd0121499ea9b9023ce89826c","name":"Ad\u00e8le Thoumieux","image":{"@type":"ImageObject","inLanguage":"en-GB","@id":"https:\/\/secure.gravatar.com\/avatar\/64fc58d14679bdd185946349bcb229b06e37d30d6290c2bec15f1daa8f8e0ece?s=96&d=mm&r=g","url":"https:\/\/secure.gravatar.com\/avatar\/64fc58d14679bdd185946349bcb229b06e37d30d6290c2bec15f1daa8f8e0ece?s=96&d=mm&r=g","contentUrl":"https:\/\/secure.gravatar.com\/avatar\/64fc58d14679bdd185946349bcb229b06e37d30d6290c2bec15f1daa8f8e0ece?s=96&d=mm&r=g","caption":"Ad\u00e8le Thoumieux"},"sameAs":["http:\/\/ihedn.fr"],"url":"https:\/\/ihedn.fr\/en\/author\/thoumieux\/"}]}},"publishpress_future_action":{"enabled":false,"date":"2026-05-06 11:43:25","action":"change-status","newStatus":"draft","terms":[],"taxonomy":"category","extraData":[]},"publishpress_future_workflow_manual_trigger":{"enabledWorkflows":[]},"_links":{"self":[{"href":"https:\/\/ihedn.fr\/en\/wp-json\/wp\/v2\/posts\/41836","targetHints":{"allow":["GET"]}}],"collection":[{"href":"https:\/\/ihedn.fr\/en\/wp-json\/wp\/v2\/posts"}],"about":[{"href":"https:\/\/ihedn.fr\/en\/wp-json\/wp\/v2\/types\/post"}],"author":[{"embeddable":true,"href":"https:\/\/ihedn.fr\/en\/wp-json\/wp\/v2\/users\/12"}],"replies":[{"embeddable":true,"href":"https:\/\/ihedn.fr\/en\/wp-json\/wp\/v2\/comments?post=41836"}],"version-history":[{"count":38,"href":"https:\/\/ihedn.fr\/en\/wp-json\/wp\/v2\/posts\/41836\/revisions"}],"predecessor-version":[{"id":53563,"href":"https:\/\/ihedn.fr\/en\/wp-json\/wp\/v2\/posts\/41836\/revisions\/53563"}],"wp:featuredmedia":[{"embeddable":true,"href":"https:\/\/ihedn.fr\/en\/wp-json\/wp\/v2\/media\/41837"}],"wp:attachment":[{"href":"https:\/\/ihedn.fr\/en\/wp-json\/wp\/v2\/media?parent=41836"}],"wp:term":[{"taxonomy":"category","embeddable":true,"href":"https:\/\/ihedn.fr\/en\/wp-json\/wp\/v2\/categories?post=41836"},{"taxonomy":"post_tag","embeddable":true,"href":"https:\/\/ihedn.fr\/en\/wp-json\/wp\/v2\/tags?post=41836"}],"curies":[{"name":"wp","href":"https:\/\/api.w.org\/{rel}","templated":true}]}}