{"id":42223,"date":"2023-08-21T15:45:38","date_gmt":"2023-08-21T14:45:38","guid":{"rendered":"https:\/\/ihedn.fr\/?p=42223"},"modified":"2025-08-27T13:19:37","modified_gmt":"2025-08-27T12:19:37","slug":"operations-exterieures-quand-la-france-se-met-au-service-de-lonu","status":"publish","type":"post","link":"https:\/\/ihedn.fr\/en\/notre-selection\/operations-exterieures-quand-la-france-se-met-au-service-de-lonu\/","title":{"rendered":"External operations: when France puts itself at the service of the UN"},"content":{"rendered":"<div data-elementor-type=\"wp-post\" data-elementor-id=\"42223\" class=\"elementor elementor-42223\" data-elementor-post-type=\"post\">\n\t\t\t\t\t\t<section data-particle_enable=\"false\" data-particle-mobile-disabled=\"false\" class=\"elementor-section elementor-top-section elementor-element elementor-element-eacbb2f elementor-section-boxed elementor-section-height-default elementor-section-height-default\" data-id=\"eacbb2f\" data-element_type=\"section\" data-e-type=\"section\">\n\t\t\t\t\t\t<div class=\"elementor-container elementor-column-gap-default\">\n\t\t\t\t\t<div class=\"elementor-column elementor-col-100 elementor-top-column elementor-element elementor-element-f807b3f\" data-id=\"f807b3f\" data-element_type=\"column\" data-e-type=\"column\">\n\t\t\t<div class=\"elementor-widget-wrap elementor-element-populated\">\n\t\t\t\t\t\t<div class=\"elementor-element elementor-element-bf8094e elementor-widget elementor-widget-text-editor\" data-id=\"bf8094e\" data-element_type=\"widget\" data-e-type=\"widget\" data-widget_type=\"text-editor.default\">\n\t\t\t\t<div class=\"elementor-widget-container\">\n\t\t\t\t\t\t\t\t\t<p>Of the four circles that make up <a href=\"https:\/\/ihedn.fr\/en\/2023\/05\/15\/le-perimetre-de-la-defense-nationale-la-specificite-de-lihedn\/\">the national defence perimeter<\/a>The broadest of these is international security. The three smaller circles cover bilateral or multilateral diplomatic action, arms control and the promotion of collective security mechanisms. This includes the French army's overseas operations (OPEX). To illustrate this circle, Athena has chosen this week to look at France's involvement in peacekeeping operations launched by the United Nations.<\/p><p>These operations did not come into being when the UN was created in 1945. Moreover, they were not provided for in the <a href=\"https:\/\/www.un.org\/fr\/about-us\/un-charter\/full-text\">United Nations Charter<\/a>which defines the aims and principles of this organisation. As researcher Alexandra Novosseloff writes in the Dictionnaire de la guerre et de la paix, \"Although they are mechanisms outside the charter, they are nonetheless based on its provisions\".<sup>1<\/sup>. In particular, Article 1, which states that maintaining peace means not only \"taking effective collective measures for the prevention and removal of threats to the peace, and for the suppression of acts of aggression or other breaches of the peace\", but also \"achieving by peaceful means the adjustment or settlement of disputes or situations which might lead to breaches of the peace\", but also \"to bring about by peaceful means the adjustment or settlement of differences or of situations which might lead to breaches of the peace\", and also on Article 40 because these operations are basically \"provisional measures which in no way prejudice the rights, claims or position of the parties concerned\".<\/p><p>In addition to this legal foundation, there are three basic principles: the consent of the parties (the host state and other actors in the crisis); impartiality (the <a href=\"https:\/\/peacekeeping.un.org\/sites\/default\/files\/capstone_doctrine_fr.pdf\">Capstone doctrine<\/a> 2008 states that \"just as a good referee is impartial but whistles for fouls\", the operation cannot allow violations of a peace agreement or international principles to go unchallenged); and the use of force in self-defence. Chapter VII of the Charter, entitled \"Action in case of a threat to the peace, breach of the peace and act of aggression\", is most often invoked in resolutions launching an operation.<\/p>\t\t\t\t\t\t\t\t<\/div>\n\t\t\t\t<\/div>\n\t\t\t\t\t<\/div>\n\t\t<\/div>\n\t\t\t\t\t<\/div>\n\t\t<\/section>\n\t\t\t\t<section data-particle_enable=\"false\" data-particle-mobile-disabled=\"false\" class=\"elementor-section elementor-top-section elementor-element elementor-element-973b8c5 elementor-section-boxed elementor-section-height-default elementor-section-height-default\" data-id=\"973b8c5\" data-element_type=\"section\" data-e-type=\"section\">\n\t\t\t\t\t\t<div class=\"elementor-container elementor-column-gap-default\">\n\t\t\t\t\t<div class=\"elementor-column elementor-col-100 elementor-top-column elementor-element elementor-element-0064b38\" data-id=\"0064b38\" data-element_type=\"column\" data-e-type=\"column\">\n\t\t\t<div class=\"elementor-widget-wrap elementor-element-populated\">\n\t\t\t\t\t\t<div class=\"elementor-element elementor-element-5db711d elementor-widget elementor-widget-heading\" data-id=\"5db711d\" data-element_type=\"widget\" data-e-type=\"widget\" data-widget_type=\"heading.default\">\n\t\t\t\t<div class=\"elementor-widget-container\">\n\t\t\t\t\t<h4 class=\"elementor-heading-title elementor-size-default\">AN INITIATIVE OF UN SECRETARY-GENERAL HAMMARSKJ\u00d6LD, KILLED IN OFFICE IN 1961<\/h4>\t\t\t\t<\/div>\n\t\t\t\t<\/div>\n\t\t\t\t<div class=\"elementor-element elementor-element-6d6b166 elementor-widget-divider--view-line elementor-widget elementor-widget-divider\" data-id=\"6d6b166\" data-element_type=\"widget\" data-e-type=\"widget\" data-widget_type=\"divider.default\">\n\t\t\t\t<div class=\"elementor-widget-container\">\n\t\t\t\t\t\t\t<div class=\"elementor-divider\">\n\t\t\t<span class=\"elementor-divider-separator\">\n\t\t\t\t\t\t<\/span>\n\t\t<\/div>\n\t\t\t\t\t\t<\/div>\n\t\t\t\t<\/div>\n\t\t\t\t\t<\/div>\n\t\t<\/div>\n\t\t\t\t\t<\/div>\n\t\t<\/section>\n\t\t\t\t<section data-particle_enable=\"false\" data-particle-mobile-disabled=\"false\" class=\"elementor-section elementor-top-section elementor-element elementor-element-69abf8b elementor-section-boxed elementor-section-height-default elementor-section-height-default\" data-id=\"69abf8b\" data-element_type=\"section\" data-e-type=\"section\">\n\t\t\t\t\t\t<div class=\"elementor-container elementor-column-gap-default\">\n\t\t\t\t\t<div class=\"elementor-column elementor-col-100 elementor-top-column elementor-element elementor-element-58fee53\" data-id=\"58fee53\" data-element_type=\"column\" data-e-type=\"column\">\n\t\t\t<div class=\"elementor-widget-wrap elementor-element-populated\">\n\t\t\t\t\t\t<div class=\"elementor-element elementor-element-1ea243e elementor-widget elementor-widget-text-editor\" data-id=\"1ea243e\" data-element_type=\"widget\" data-e-type=\"widget\" data-widget_type=\"text-editor.default\">\n\t\t\t\t<div class=\"elementor-widget-container\">\n\t\t\t\t\t\t\t\t\t<p>Following the first observation missions set up in 1948 (in Jerusalem and Kashmir), the first peacekeeping operation was conceived in 1956 under the aegis of the then Secretary General, the Swede Dag Hammarskj\u00f6ld: the UNEF (United Nations Emergency Force), deployed in Egypt in response to the Suez crisis. Five years later, Hammarskj\u00f6ld would also give his life for peacekeeping, his plane <a href=\"https:\/\/www.lefigaro.fr\/international\/2017\/09\/27\/01003-20170927ARTFIG00190-l-onu-ne-croit-plus-a-la-mort-accidentelle-de-son-secretaire-general-hammarskjold.php\">being shot<\/a> while working to resolve the Congolese crisis.<\/p><p>As one of the five permanent members of the UN Security Council (along with China, Russia, the United Kingdom and the United States), France is one of the main financial contributors to peacekeeping operations, although not in terms of the number of soldiers. As Alexandra Novosseloff explains, there are \"two main types of contributor to peacekeeping: troop contributors (military and police), who since the late 1990s have come mainly from Asia and Africa, and financial contributors, essentially Western countries and China, including the permanent members of the Security Council who draw up the mandates for these operations\".<\/p><p>Of the operations in which France has participated by sending troops, three have been particularly memorable, with many French soldiers losing their lives. Legally, these operations illustrate the variety of frameworks for deploying contingents under the aegis of the UN.<\/p>\t\t\t\t\t\t\t\t<\/div>\n\t\t\t\t<\/div>\n\t\t\t\t\t<\/div>\n\t\t<\/div>\n\t\t\t\t\t<\/div>\n\t\t<\/section>\n\t\t\t\t<section data-particle_enable=\"false\" data-particle-mobile-disabled=\"false\" class=\"elementor-section elementor-top-section elementor-element elementor-element-4a93ce2 elementor-section-boxed elementor-section-height-default elementor-section-height-default\" data-id=\"4a93ce2\" data-element_type=\"section\" data-e-type=\"section\">\n\t\t\t\t\t\t<div class=\"elementor-container elementor-column-gap-default\">\n\t\t\t\t\t<div class=\"elementor-column elementor-col-100 elementor-top-column elementor-element elementor-element-1359ef1\" data-id=\"1359ef1\" data-element_type=\"column\" data-e-type=\"column\">\n\t\t\t<div class=\"elementor-widget-wrap elementor-element-populated\">\n\t\t\t\t\t\t<div class=\"elementor-element elementor-element-adfeb7b elementor-widget elementor-widget-heading\" data-id=\"adfeb7b\" data-element_type=\"widget\" data-e-type=\"widget\" data-widget_type=\"heading.default\">\n\t\t\t\t<div class=\"elementor-widget-container\">\n\t\t\t\t\t<h4 class=\"elementor-heading-title elementor-size-default\">1983: THE DRAKKAR ATTACK IN BEIRUT (LEBANON)<\/h4>\t\t\t\t<\/div>\n\t\t\t\t<\/div>\n\t\t\t\t<div class=\"elementor-element elementor-element-11b905b elementor-widget-divider--view-line elementor-widget elementor-widget-divider\" data-id=\"11b905b\" data-element_type=\"widget\" data-e-type=\"widget\" data-widget_type=\"divider.default\">\n\t\t\t\t<div class=\"elementor-widget-container\">\n\t\t\t\t\t\t\t<div class=\"elementor-divider\">\n\t\t\t<span class=\"elementor-divider-separator\">\n\t\t\t\t\t\t<\/span>\n\t\t<\/div>\n\t\t\t\t\t\t<\/div>\n\t\t\t\t<\/div>\n\t\t\t\t\t<\/div>\n\t\t<\/div>\n\t\t\t\t\t<\/div>\n\t\t<\/section>\n\t\t\t\t<section data-particle_enable=\"false\" data-particle-mobile-disabled=\"false\" class=\"elementor-section elementor-top-section elementor-element elementor-element-a67db81 elementor-section-boxed elementor-section-height-default elementor-section-height-default\" data-id=\"a67db81\" data-element_type=\"section\" data-e-type=\"section\">\n\t\t\t\t\t\t<div class=\"elementor-container elementor-column-gap-default\">\n\t\t\t\t\t<div class=\"elementor-column elementor-col-100 elementor-top-column elementor-element elementor-element-96ff699\" data-id=\"96ff699\" data-element_type=\"column\" data-e-type=\"column\">\n\t\t\t<div class=\"elementor-widget-wrap elementor-element-populated\">\n\t\t\t\t\t\t<div class=\"elementor-element elementor-element-c2c3a58 elementor-widget elementor-widget-text-editor\" data-id=\"c2c3a58\" data-element_type=\"widget\" data-e-type=\"widget\" data-widget_type=\"text-editor.default\">\n\t\t\t\t<div class=\"elementor-widget-container\">\n\t\t\t\t\t\t\t\t\t<p>On 19 March 1978, at the start of the Lebanese civil war (1975-1990), the UN adopted resolutions 425 and 426, which set up the United Nations Interim Force in Lebanon (UNIFIL) to respond to the outbreak of violence along the Israeli-Lebanese border. It is still in place today, with contingents from eleven countries, including France.<\/p><p>At the same time, on 25 August 1982, at Lebanon's request, the Secretary General of the United Nations created the Multinational Security Force in Beirut (FMSB), bringing together the armies of the United States, the United Kingdom, Italy and France, to help the Lebanese government restore its authority around the capital in the face of pro-Syrian militias, and to protect the civilian population.<\/p><p>Around 2,000 French soldiers were deployed, and 1,500 on the American side. On Sunday 23 October 1983, at 6.18 am, a lorry loaded with six tonnes of explosives piloted by an Iranian suicide bomber crashed into the American army headquarters at Beirut international airport. The toll was terrible: 241 soldiers, including 220 Marines, were killed.<\/p><p>Two minutes later, the HQ of French troops, located in the Drakkar building in West Beirut, exploded: 58 French soldiers (55 from the 1<sup>er<\/sup> R\u00e9giment de chasseurs parachutistes and 3 du 9<sup>th<\/sup> RCP) and 6 members of the Lebanese guard's family were killed. To date, this attack remains the deadliest for the French army since the end of the Indochina War in 1954.<\/p><p>According to investigations by the Lebanese and French authorities, the modus operandi of the Drakkar attack was the same as that against the American base a few minutes earlier: a suicide attack using a truck bomb. This version is called into question by survivors of the attack, who did not see a lorry and believe that the building, which previously housed the Syrian secret services, had been mined.<\/p><p>After the shock of the double attack, the United States and France pointed the finger of blame at Iran and its local ally, the Lebanese Hezbollah. The latter's armed wing, the Islamic Jihad Organisation, claimed responsibility for the double operation. Its leader, Imad Moughniyah, was killed in a car explosion in Damascus in 2008, an operation allegedly carried out by the Israeli Mossad with CIA support.<\/p>\t\t\t\t\t\t\t\t<\/div>\n\t\t\t\t<\/div>\n\t\t\t\t\t<\/div>\n\t\t<\/div>\n\t\t\t\t\t<\/div>\n\t\t<\/section>\n\t\t\t\t<section data-particle_enable=\"false\" data-particle-mobile-disabled=\"false\" class=\"elementor-section elementor-top-section elementor-element elementor-element-18baf7a elementor-section-boxed elementor-section-height-default elementor-section-height-default\" data-id=\"18baf7a\" data-element_type=\"section\" data-e-type=\"section\" data-settings=\"{&quot;shape_divider_top&quot;:&quot;tilt&quot;}\">\n\t\t\t\t\t<div class=\"elementor-shape elementor-shape-top\" aria-hidden=\"true\" data-negative=\"false\">\n\t\t\t<svg xmlns=\"http:\/\/www.w3.org\/2000\/svg\" viewbox=\"0 0 1000 100\" preserveaspectratio=\"none\">\n\t<path class=\"elementor-shape-fill\" d=\"M0,6V0h1000v100L0,6z\"\/>\n<\/svg>\t\t<\/div>\n\t\t\t\t\t<div class=\"elementor-container elementor-column-gap-default\">\n\t\t\t\t\t<div class=\"elementor-column elementor-col-100 elementor-top-column elementor-element elementor-element-cfbe994\" data-id=\"cfbe994\" data-element_type=\"column\" data-e-type=\"column\">\n\t\t\t<div class=\"elementor-widget-wrap elementor-element-populated\">\n\t\t\t\t\t\t<div class=\"elementor-element elementor-element-4af5bbf elementor-widget elementor-widget-heading\" data-id=\"4af5bbf\" data-element_type=\"widget\" data-e-type=\"widget\" data-widget_type=\"heading.default\">\n\t\t\t\t<div class=\"elementor-widget-container\">\n\t\t\t\t\t<h4 class=\"elementor-heading-title elementor-size-default\">2004: THE BOMBING OF BOUAK\u00c9 (C\u00d4TE-D'IVOIRE)<\/h4>\t\t\t\t<\/div>\n\t\t\t\t<\/div>\n\t\t\t\t<div class=\"elementor-element elementor-element-ddecf3c elementor-widget-divider--view-line elementor-widget elementor-widget-divider\" data-id=\"ddecf3c\" data-element_type=\"widget\" data-e-type=\"widget\" data-widget_type=\"divider.default\">\n\t\t\t\t<div class=\"elementor-widget-container\">\n\t\t\t\t\t\t\t<div class=\"elementor-divider\">\n\t\t\t<span class=\"elementor-divider-separator\">\n\t\t\t\t\t\t<\/span>\n\t\t<\/div>\n\t\t\t\t\t\t<\/div>\n\t\t\t\t<\/div>\n\t\t\t\t\t<\/div>\n\t\t<\/div>\n\t\t\t\t\t<\/div>\n\t\t<\/section>\n\t\t\t\t<section data-particle_enable=\"false\" data-particle-mobile-disabled=\"false\" class=\"elementor-section elementor-top-section elementor-element elementor-element-8879294 elementor-section-boxed elementor-section-height-default elementor-section-height-default\" data-id=\"8879294\" data-element_type=\"section\" data-e-type=\"section\">\n\t\t\t\t\t\t<div class=\"elementor-container elementor-column-gap-default\">\n\t\t\t\t\t<div class=\"elementor-column elementor-col-100 elementor-top-column elementor-element elementor-element-2e95d6d\" data-id=\"2e95d6d\" data-element_type=\"column\" data-e-type=\"column\">\n\t\t\t<div class=\"elementor-widget-wrap elementor-element-populated\">\n\t\t\t\t\t\t<div class=\"elementor-element elementor-element-567086d elementor-widget elementor-widget-text-editor\" data-id=\"567086d\" data-element_type=\"widget\" data-e-type=\"widget\" data-widget_type=\"text-editor.default\">\n\t\t\t\t<div class=\"elementor-widget-container\">\n\t\t\t\t\t\t\t\t\t<p>On 4 February 2003, United Nations Security Council Resolution 1464 authorised the Economic Community of West African States (ECOWAS) and France to send troops to C\u00f4te d'Ivoire, following the Marcoussis Agreement signed in January between the belligerents in the civil war that had broken out the previous year. In February 2004, when the UN adopted resolution 1528 creating the United Nations Operation in C\u00f4te d'Ivoire (UNOCI), the French Licorne force, deployed since September 2002 under the Franco-Ivorian bilateral defence agreement, was given a mandate to support the UN mission.<\/p><p>At 1.15pm on 6 November 2004, two Soukho\u00ef Su-25 aircraft belonging to the Ivorian air force bombed the Ren\u00e9-Descartes French secondary school in Bouak\u00e9, in the centre of the country, where a Licorne operation base was located. The attack left 10 dead (9 French soldiers and an American aid worker) and 40 wounded (38 soldiers and 2 civilians, all French), the heaviest losses suffered by the French army since the Drakkar attack.<\/p><p>Bouak\u00e9 was on the front line between the rebel-controlled north of C\u00f4te d'Ivoire and the south, loyal to President Laurent Gbagbo. In the preceding days, the Ivorian army had attacked rebel positions around the town. Following the bombing of the French base, French President Jacques Chirac ordered the destruction of the entire Ivorian air force in retaliation.<\/p><p>We will probably never know who was behind this attack. The two Soukho\u00ef were piloted by Belarusians assisted by co-pilots from the Ivorian army; the first two fled to Togo and disappeared from circulation at the end of November 2004. On 15 April 2021, the Paris Assize Court sentenced, in absentia, the two Ivorians and one of the Belarusians (the other's involvement could not be proven) to life imprisonment for \"murder, attempted murder and destruction of the property of others aggravated by two circumstances (in a group and to the detriment of a person holding public authority)\".<\/p><p>General Henri Poncet, former commander of Operation Licorne, gave his version of events when he appeared before the French courts in 2013.<sup>2<\/sup>\u00a0While he believes that the operation was \"clearly deliberate\", he believes that Laurent Gbagbo was \"too much of a politician to give such an absurd order\". He attributes the decision to bomb the French base to \"extremists\" in the Ivorian president's entourage.<\/p>\t\t\t\t\t\t\t\t<\/div>\n\t\t\t\t<\/div>\n\t\t\t\t\t<\/div>\n\t\t<\/div>\n\t\t\t\t\t<\/div>\n\t\t<\/section>\n\t\t\t\t<section data-particle_enable=\"false\" data-particle-mobile-disabled=\"false\" class=\"elementor-section elementor-top-section elementor-element elementor-element-4568891 elementor-section-boxed elementor-section-height-default elementor-section-height-default\" data-id=\"4568891\" data-element_type=\"section\" data-e-type=\"section\">\n\t\t\t\t\t\t<div class=\"elementor-container elementor-column-gap-default\">\n\t\t\t\t\t<div class=\"elementor-column elementor-col-100 elementor-top-column elementor-element elementor-element-d013b5c\" data-id=\"d013b5c\" data-element_type=\"column\" data-e-type=\"column\">\n\t\t\t<div class=\"elementor-widget-wrap elementor-element-populated\">\n\t\t\t\t\t\t<div class=\"elementor-element elementor-element-c0fee9d elementor-widget elementor-widget-heading\" data-id=\"c0fee9d\" data-element_type=\"widget\" data-e-type=\"widget\" data-widget_type=\"heading.default\">\n\t\t\t\t<div class=\"elementor-widget-container\">\n\t\t\t\t\t<h4 class=\"elementor-heading-title elementor-size-default\">2008: THE UZBIN AMBUSH (AFGHANISTAN)<\/h4>\t\t\t\t<\/div>\n\t\t\t\t<\/div>\n\t\t\t\t<div class=\"elementor-element elementor-element-d0d7d92 elementor-widget-divider--view-line elementor-widget elementor-widget-divider\" data-id=\"d0d7d92\" data-element_type=\"widget\" data-e-type=\"widget\" data-widget_type=\"divider.default\">\n\t\t\t\t<div class=\"elementor-widget-container\">\n\t\t\t\t\t\t\t<div class=\"elementor-divider\">\n\t\t\t<span class=\"elementor-divider-separator\">\n\t\t\t\t\t\t<\/span>\n\t\t<\/div>\n\t\t\t\t\t\t<\/div>\n\t\t\t\t<\/div>\n\t\t\t\t\t<\/div>\n\t\t<\/div>\n\t\t\t\t\t<\/div>\n\t\t<\/section>\n\t\t\t\t<section data-particle_enable=\"false\" data-particle-mobile-disabled=\"false\" class=\"elementor-section elementor-top-section elementor-element elementor-element-2918c75 elementor-section-boxed elementor-section-height-default elementor-section-height-default\" data-id=\"2918c75\" data-element_type=\"section\" data-e-type=\"section\">\n\t\t\t\t\t\t<div class=\"elementor-container elementor-column-gap-default\">\n\t\t\t\t\t<div class=\"elementor-column elementor-col-100 elementor-top-column elementor-element elementor-element-9e15245\" data-id=\"9e15245\" data-element_type=\"column\" data-e-type=\"column\">\n\t\t\t<div class=\"elementor-widget-wrap elementor-element-populated\">\n\t\t\t\t\t\t<div class=\"elementor-element elementor-element-4a85343 elementor-widget elementor-widget-text-editor\" data-id=\"4a85343\" data-element_type=\"widget\" data-e-type=\"widget\" data-widget_type=\"text-editor.default\">\n\t\t\t\t<div class=\"elementor-widget-container\">\n\t\t\t\t\t\t\t\t\t<p><strong>\u00a0<\/strong>On 20 December 2001, Security Council Resolution 1386 created the International Security Assistance Force (ISAF), which the UN placed under the command of the North Atlantic Treaty Organisation (NATO). Its troops joined the US army in Afghanistan, which had been deployed unilaterally in October following the 11 September attacks in the United States. Disbanded in 2014, this force aimed at fighting Osama Bin Laden's al-Qaeda terrorist organisation, its Taliban allies and other armed groups, had a maximum strength (in 2011) of 150,000 soldiers from 48 countries, including 8 non-NATO members.<\/p><p>Although the coalition overthrew the Taliban regime at the end of 2001, the war has become a long-term insurgency. On 18 August 2008, around a hundred French, Afghan and American ISAF soldiers patrolled the Uzbin valley, around fifty kilometres from Kabul, without prior aerial reconnaissance, in order to reconnoitre the area and make contact with the local population. The region, close to the Pakistani tribal areas used as a rear base by the insurgents, is partly in Taliban hands.<\/p><p>In the early afternoon, part of the Carmin 2 section of the 8<sup>th<\/sup> RPIMa (marine infantry parachute regiment) and a legionnaire from the 2<sup>th<\/sup> REP (foreign parachute regiment), 24 men strong, set off on foot to reconnoitre a pass controlling access to a nearby village. At around 3.30pm, Taliban posted on a ridge began to open fire. There were 150 of them, i.e. 5 to 1. At the same time, other Taliban attacked the rest of the section, which had remained below, firing back with its armoured front vehicles (AFVs). In the middle of a circus surrounded by ridges where their enemies were, the French were virtually surrounded. At 3.52pm, they called for reinforcements, but the Allied planes and helicopters were unable to fire because the combatants on both sides were too close. A section of the RMT (regiment de marche du Tchad) was nevertheless able to support the paratroopers under Taliban fire.<\/p><p>Other sections of the RMT and RPIMa then arrived as reinforcements, but the Taliban also received support. As the situation became critical, allied planes and helicopters provided air support and then ammunition. At around 8pm, three more sections of the RMT arrived from Kabul. Sniper duels, hand grenade fire, soldiers sacrificing themselves to cover their brothers in arms... the battle continued into the night, as the American air force finished clearing the ridges of Taliban. The slopes leading to the pass were retaken, and the first bodies of soldiers brought down... The pass was recaptured at dawn, and ISAF continued to bomb the Taliban positions, which finally \"fell\" around midday on 19 August.<\/p><p>In all, 10 French soldiers were killed and 21 wounded. In the Dictionnaire des op\u00e9rations ext\u00e9rieures de l'arm\u00e9e fran\u00e7aise from 1963 to the present day<sup>3<\/sup>According to Lieutenant-Colonel Gilles Chevalier, these losses represent \"one of the worst casualties suffered by the French army in combat action since the end of the Algerian War (along with the Bedo ambush in Chad on 11 October 1970)\".<\/p>\t\t\t\t\t\t\t\t<\/div>\n\t\t\t\t<\/div>\n\t\t\t\t\t<\/div>\n\t\t<\/div>\n\t\t\t\t\t<\/div>\n\t\t<\/section>\n\t\t\t\t<section data-particle_enable=\"false\" data-particle-mobile-disabled=\"false\" class=\"elementor-section elementor-top-section elementor-element elementor-element-fc6b50f elementor-section-boxed elementor-section-height-default elementor-section-height-default\" data-id=\"fc6b50f\" data-element_type=\"section\" data-e-type=\"section\">\n\t\t\t\t\t\t<div class=\"elementor-container elementor-column-gap-default\">\n\t\t\t\t\t<div class=\"elementor-column elementor-col-100 elementor-top-column elementor-element elementor-element-b5fd209\" data-id=\"b5fd209\" data-element_type=\"column\" data-e-type=\"column\">\n\t\t\t<div class=\"elementor-widget-wrap elementor-element-populated\">\n\t\t\t\t\t\t<div class=\"elementor-element elementor-element-c52ce6e elementor-widget elementor-widget-text-editor\" data-id=\"c52ce6e\" data-element_type=\"widget\" data-e-type=\"widget\" data-widget_type=\"text-editor.default\">\n\t\t\t\t<div class=\"elementor-widget-container\">\n\t\t\t\t\t\t\t\t\t<p><sup>1<\/sup> Edited by Beno\u00eet Durieux, Jean-Baptiste Jeang\u00e8ne Vilmer and Fr\u00e9d\u00e9ric Ramel, Presses Universitaires de France, 2017.<\/p><p><sup>2<\/sup> Quoted by Mathieu Olivier and Vincent Duhem, <a href=\"https:\/\/www.jeuneafrique.com\/mag\/460008\/politique\/bombardement-de-bouake-de-paris-a-abidjan-qui-etait-aux-commandes\/\">\"Bouak\u00e9 bombing: from Paris to Abidjan, who was in charge?<\/a>, <em>Young Africa<\/em>, 4 August 2017.<\/p><p><sup>3<\/sup> Edited by Philippe Chapleau and Jean-Marc Marill, Nouveau monde \u00e9ditions, Minist\u00e8re des Arm\u00e9es, ECPAD, 2018.\u00a0<\/p>\t\t\t\t\t\t\t\t<\/div>\n\t\t\t\t<\/div>\n\t\t\t\t\t<\/div>\n\t\t<\/div>\n\t\t\t\t\t<\/div>\n\t\t<\/section>\n\t\t\t\t<\/div>","protected":false},"excerpt":{"rendered":"<p>Since 1956, the United Nations has regularly launched peacekeeping operations around the world. Here is a look back at three emblematic operations in which French soldiers gave their lives under the UN banner.<\/p>","protected":false},"author":12,"featured_media":42224,"comment_status":"closed","ping_status":"closed","sticky":false,"template":"","format":"standard","meta":{"footnotes":""},"categories":[171,209],"tags":[257,266],"class_list":["post-42223","post","type-post","status-publish","format-standard","has-post-thumbnail","hentry","category-notre-selection","category-securite-internationale","tag-athena-2023","tag-athena-23-ep-4"],"yoast_head":"<!-- This site is optimized with the Yoast SEO plugin v27.5 - https:\/\/yoast.com\/product\/yoast-seo-wordpress\/ -->\n<title>Op\u00e9rations ext\u00e9rieures : quand la France se met au service de l\u2019ONU - L&#039;IHEDN : Institut des hautes \u00e9tudes de d\u00e9fense nationale<\/title>\n<meta name=\"description\" content=\"D\u00e9esse de la strat\u00e9gie militaire, de la guerre et de la sagesse dans la mythologie grecque, Ath\u00e9na est aussi\u2026 la mascotte de l\u2019IHEDN. Jusqu\u2019\u00e0 fin ao\u00fbt, elle nous emm\u00e8ne explorer la culture de d\u00e9fense \u00e0 travers diff\u00e9rents contenus \u00e9rudits ou ludiques.\" \/>\n<meta name=\"robots\" content=\"index, follow, max-snippet:-1, max-image-preview:large, max-video-preview:-1\" \/>\n<link rel=\"canonical\" href=\"https:\/\/ihedn.fr\/en\/notre-selection\/operations-exterieures-quand-la-france-se-met-au-service-de-lonu\/\" \/>\n<meta property=\"og:locale\" content=\"en_GB\" \/>\n<meta property=\"og:type\" content=\"article\" \/>\n<meta property=\"og:title\" content=\"Op\u00e9rations ext\u00e9rieures : quand la France se met au service de l\u2019ONU\" \/>\n<meta property=\"og:description\" content=\"Depuis 1956, l\u2019Organisation des Nations unies lance r\u00e9guli\u00e8rement des op\u00e9rations de maintien de la paix, dans le monde entier. Retour sur trois engagements embl\u00e9matiques o\u00f9 des soldats fran\u00e7ais ont donn\u00e9 leur vie sous banni\u00e8re onusienne.\" \/>\n<meta property=\"og:url\" content=\"https:\/\/ihedn.fr\/en\/notre-selection\/operations-exterieures-quand-la-france-se-met-au-service-de-lonu\/\" \/>\n<meta property=\"og:site_name\" content=\"L&#039;IHEDN : Institut des hautes \u00e9tudes de d\u00e9fense nationale\" \/>\n<meta property=\"article:publisher\" content=\"https:\/\/www.facebook.com\/ihedn\/\" \/>\n<meta property=\"article:published_time\" content=\"2023-08-21T14:45:38+00:00\" \/>\n<meta property=\"article:modified_time\" content=\"2025-08-27T12:19:37+00:00\" \/>\n<meta property=\"og:image\" content=\"https:\/\/ihedn.fr\/wp-content\/uploads\/2023\/08\/Athena_a_la_plage_EPISODE_4.jpg\" \/>\n\t<meta property=\"og:image:width\" content=\"1024\" \/>\n\t<meta property=\"og:image:height\" content=\"512\" \/>\n\t<meta property=\"og:image:type\" content=\"image\/jpeg\" \/>\n<meta name=\"author\" content=\"Ad\u00e8le Thoumieux\" \/>\n<meta name=\"twitter:card\" content=\"summary_large_image\" \/>\n<meta name=\"twitter:title\" content=\"Op\u00e9rations ext\u00e9rieures : quand la France se met au service de l\u2019ONU\" \/>\n<meta name=\"twitter:description\" content=\"Depuis 1956, l\u2019Organisation des Nations unies lance r\u00e9guli\u00e8rement des op\u00e9rations de maintien de la paix, dans le monde entier. Retour sur trois engagements embl\u00e9matiques o\u00f9 des soldats fran\u00e7ais ont donn\u00e9 leur vie sous banni\u00e8re onusienne.\" \/>\n<meta name=\"twitter:image\" content=\"https:\/\/ihedn.fr\/wp-content\/uploads\/2023\/08\/Athena_a_la_plage_EPISODE_4.jpg\" \/>\n<meta name=\"twitter:creator\" content=\"@IHEDN\" \/>\n<meta name=\"twitter:site\" content=\"@IHEDN\" \/>\n<meta name=\"twitter:label1\" content=\"Written by\" \/>\n\t<meta name=\"twitter:data1\" content=\"Ad\u00e8le Thoumieux\" \/>\n\t<meta name=\"twitter:label2\" content=\"Estimated reading time\" \/>\n\t<meta name=\"twitter:data2\" content=\"11 minutes\" \/>\n<script type=\"application\/ld+json\" class=\"yoast-schema-graph\">{\"@context\":\"https:\\\/\\\/schema.org\",\"@graph\":[{\"@type\":\"Article\",\"@id\":\"https:\\\/\\\/ihedn.fr\\\/notre-selection\\\/operations-exterieures-quand-la-france-se-met-au-service-de-lonu\\\/#article\",\"isPartOf\":{\"@id\":\"https:\\\/\\\/ihedn.fr\\\/notre-selection\\\/operations-exterieures-quand-la-france-se-met-au-service-de-lonu\\\/\"},\"author\":{\"name\":\"Ad\u00e8le Thoumieux\",\"@id\":\"https:\\\/\\\/ihedn.fr\\\/#\\\/schema\\\/person\\\/16d49c2bd0121499ea9b9023ce89826c\"},\"headline\":\"Op\u00e9rations ext\u00e9rieures : quand la France se met au service de l\u2019ONU\",\"datePublished\":\"2023-08-21T14:45:38+00:00\",\"dateModified\":\"2025-08-27T12:19:37+00:00\",\"mainEntityOfPage\":{\"@id\":\"https:\\\/\\\/ihedn.fr\\\/notre-selection\\\/operations-exterieures-quand-la-france-se-met-au-service-de-lonu\\\/\"},\"wordCount\":2250,\"publisher\":{\"@id\":\"https:\\\/\\\/ihedn.fr\\\/#organization\"},\"image\":{\"@id\":\"https:\\\/\\\/ihedn.fr\\\/notre-selection\\\/operations-exterieures-quand-la-france-se-met-au-service-de-lonu\\\/#primaryimage\"},\"thumbnailUrl\":\"https:\\\/\\\/ihedn.fr\\\/wp-content\\\/uploads\\\/2023\\\/08\\\/Athena_a_la_plage_EPISODE_4.jpg\",\"keywords\":[\"athena-2023\",\"athena-23-ep-4\"],\"articleSection\":[\"Notre s\u00e9lection\",\"s\u00e9curit\u00e9 internationale\"],\"inLanguage\":\"en-GB\"},{\"@type\":\"WebPage\",\"@id\":\"https:\\\/\\\/ihedn.fr\\\/notre-selection\\\/operations-exterieures-quand-la-france-se-met-au-service-de-lonu\\\/\",\"url\":\"https:\\\/\\\/ihedn.fr\\\/notre-selection\\\/operations-exterieures-quand-la-france-se-met-au-service-de-lonu\\\/\",\"name\":\"Op\u00e9rations ext\u00e9rieures : quand la France se met au service de l\u2019ONU - L&#039;IHEDN : Institut des hautes \u00e9tudes de d\u00e9fense nationale\",\"isPartOf\":{\"@id\":\"https:\\\/\\\/ihedn.fr\\\/#website\"},\"primaryImageOfPage\":{\"@id\":\"https:\\\/\\\/ihedn.fr\\\/notre-selection\\\/operations-exterieures-quand-la-france-se-met-au-service-de-lonu\\\/#primaryimage\"},\"image\":{\"@id\":\"https:\\\/\\\/ihedn.fr\\\/notre-selection\\\/operations-exterieures-quand-la-france-se-met-au-service-de-lonu\\\/#primaryimage\"},\"thumbnailUrl\":\"https:\\\/\\\/ihedn.fr\\\/wp-content\\\/uploads\\\/2023\\\/08\\\/Athena_a_la_plage_EPISODE_4.jpg\",\"datePublished\":\"2023-08-21T14:45:38+00:00\",\"dateModified\":\"2025-08-27T12:19:37+00:00\",\"description\":\"D\u00e9esse de la strat\u00e9gie militaire, de la guerre et de la sagesse dans la mythologie grecque, Ath\u00e9na est aussi\u2026 la mascotte de l\u2019IHEDN. Jusqu\u2019\u00e0 fin ao\u00fbt, elle nous emm\u00e8ne explorer la culture de d\u00e9fense \u00e0 travers diff\u00e9rents contenus \u00e9rudits ou ludiques.\",\"breadcrumb\":{\"@id\":\"https:\\\/\\\/ihedn.fr\\\/notre-selection\\\/operations-exterieures-quand-la-france-se-met-au-service-de-lonu\\\/#breadcrumb\"},\"inLanguage\":\"en-GB\",\"potentialAction\":[{\"@type\":\"ReadAction\",\"target\":[\"https:\\\/\\\/ihedn.fr\\\/notre-selection\\\/operations-exterieures-quand-la-france-se-met-au-service-de-lonu\\\/\"]}]},{\"@type\":\"ImageObject\",\"inLanguage\":\"en-GB\",\"@id\":\"https:\\\/\\\/ihedn.fr\\\/notre-selection\\\/operations-exterieures-quand-la-france-se-met-au-service-de-lonu\\\/#primaryimage\",\"url\":\"https:\\\/\\\/ihedn.fr\\\/wp-content\\\/uploads\\\/2023\\\/08\\\/Athena_a_la_plage_EPISODE_4.jpg\",\"contentUrl\":\"https:\\\/\\\/ihedn.fr\\\/wp-content\\\/uploads\\\/2023\\\/08\\\/Athena_a_la_plage_EPISODE_4.jpg\",\"width\":1024,\"height\":512},{\"@type\":\"BreadcrumbList\",\"@id\":\"https:\\\/\\\/ihedn.fr\\\/notre-selection\\\/operations-exterieures-quand-la-france-se-met-au-service-de-lonu\\\/#breadcrumb\",\"itemListElement\":[{\"@type\":\"ListItem\",\"position\":1,\"name\":\"Accueil\",\"item\":\"https:\\\/\\\/ihedn.fr\\\/\"},{\"@type\":\"ListItem\",\"position\":2,\"name\":\"Op\u00e9rations ext\u00e9rieures : quand la France se met au service de l\u2019ONU\"}]},{\"@type\":\"WebSite\",\"@id\":\"https:\\\/\\\/ihedn.fr\\\/#website\",\"url\":\"https:\\\/\\\/ihedn.fr\\\/\",\"name\":\"IHEDN : Institut des hautes \u00e9tudes de d\u00e9fense nationale |\",\"description\":\"Site officiel de l&#039;IHEDN plac\u00e9 sous la tutelle du Premier ministre.\",\"publisher\":{\"@id\":\"https:\\\/\\\/ihedn.fr\\\/#organization\"},\"potentialAction\":[{\"@type\":\"SearchAction\",\"target\":{\"@type\":\"EntryPoint\",\"urlTemplate\":\"https:\\\/\\\/ihedn.fr\\\/?s={search_term_string}\"},\"query-input\":{\"@type\":\"PropertyValueSpecification\",\"valueRequired\":true,\"valueName\":\"search_term_string\"}}],\"inLanguage\":\"en-GB\"},{\"@type\":\"Organization\",\"@id\":\"https:\\\/\\\/ihedn.fr\\\/#organization\",\"name\":\"IHEDN - Institut des Hautes Etudes de D\u00e9fense Nationale\",\"url\":\"https:\\\/\\\/ihedn.fr\\\/\",\"logo\":{\"@type\":\"ImageObject\",\"inLanguage\":\"en-GB\",\"@id\":\"https:\\\/\\\/ihedn.fr\\\/#\\\/schema\\\/logo\\\/image\\\/\",\"url\":\"https:\\\/\\\/ihedn.fr\\\/wp-content\\\/uploads\\\/2020\\\/11\\\/BLOC_RF_IHEDN_WEB.png\",\"contentUrl\":\"https:\\\/\\\/ihedn.fr\\\/wp-content\\\/uploads\\\/2020\\\/11\\\/BLOC_RF_IHEDN_WEB.png\",\"width\":500,\"height\":237,\"caption\":\"IHEDN - Institut des Hautes Etudes de D\u00e9fense Nationale\"},\"image\":{\"@id\":\"https:\\\/\\\/ihedn.fr\\\/#\\\/schema\\\/logo\\\/image\\\/\"},\"sameAs\":[\"https:\\\/\\\/www.facebook.com\\\/ihedn\\\/\",\"https:\\\/\\\/x.com\\\/IHEDN\",\"https:\\\/\\\/www.instagram.com\\\/ihedn\\\/\",\"https:\\\/\\\/www.linkedin.com\\\/school\\\/ihedn\\\/\",\"https:\\\/\\\/fr.wikipedia.org\\\/wiki\\\/Institut_des_hautes_\u00e9tudes_de_D\u00e9fense_nationale\"]},{\"@type\":\"Person\",\"@id\":\"https:\\\/\\\/ihedn.fr\\\/#\\\/schema\\\/person\\\/16d49c2bd0121499ea9b9023ce89826c\",\"name\":\"Ad\u00e8le Thoumieux\",\"image\":{\"@type\":\"ImageObject\",\"inLanguage\":\"en-GB\",\"@id\":\"https:\\\/\\\/secure.gravatar.com\\\/avatar\\\/64fc58d14679bdd185946349bcb229b06e37d30d6290c2bec15f1daa8f8e0ece?s=96&d=mm&r=g\",\"url\":\"https:\\\/\\\/secure.gravatar.com\\\/avatar\\\/64fc58d14679bdd185946349bcb229b06e37d30d6290c2bec15f1daa8f8e0ece?s=96&d=mm&r=g\",\"contentUrl\":\"https:\\\/\\\/secure.gravatar.com\\\/avatar\\\/64fc58d14679bdd185946349bcb229b06e37d30d6290c2bec15f1daa8f8e0ece?s=96&d=mm&r=g\",\"caption\":\"Ad\u00e8le Thoumieux\"},\"sameAs\":[\"http:\\\/\\\/ihedn.fr\"],\"url\":\"https:\\\/\\\/ihedn.fr\\\/en\\\/author\\\/thoumieux\\\/\"}]}<\/script>\n<!-- \/ Yoast SEO plugin. -->","yoast_head_json":{"title":"External operations: when France puts itself at the service of the UN - L'IHEDN : Institut des hautes \u00e9tudes de d\u00e9fense nationale (Graduate Institute of National Defence)","description":"The goddess of military strategy, war and wisdom in Greek mythology, Athena is also... the mascot of the IHEDN. Until the end of August, she will be taking us on an exploration of defence culture through a range of scholarly and entertaining content.","robots":{"index":"index","follow":"follow","max-snippet":"max-snippet:-1","max-image-preview":"max-image-preview:large","max-video-preview":"max-video-preview:-1"},"canonical":"https:\/\/ihedn.fr\/en\/notre-selection\/operations-exterieures-quand-la-france-se-met-au-service-de-lonu\/","og_locale":"en_GB","og_type":"article","og_title":"Op\u00e9rations ext\u00e9rieures : quand la France se met au service de l\u2019ONU","og_description":"Depuis 1956, l\u2019Organisation des Nations unies lance r\u00e9guli\u00e8rement des op\u00e9rations de maintien de la paix, dans le monde entier. Retour sur trois engagements embl\u00e9matiques o\u00f9 des soldats fran\u00e7ais ont donn\u00e9 leur vie sous banni\u00e8re onusienne.","og_url":"https:\/\/ihedn.fr\/en\/notre-selection\/operations-exterieures-quand-la-france-se-met-au-service-de-lonu\/","og_site_name":"L&#039;IHEDN : Institut des hautes \u00e9tudes de d\u00e9fense nationale","article_publisher":"https:\/\/www.facebook.com\/ihedn\/","article_published_time":"2023-08-21T14:45:38+00:00","article_modified_time":"2025-08-27T12:19:37+00:00","og_image":[{"width":1024,"height":512,"url":"https:\/\/ihedn.fr\/wp-content\/uploads\/2023\/08\/Athena_a_la_plage_EPISODE_4.jpg","type":"image\/jpeg"}],"author":"Ad\u00e8le Thoumieux","twitter_card":"summary_large_image","twitter_title":"Op\u00e9rations ext\u00e9rieures : quand la France se met au service de l\u2019ONU","twitter_description":"Depuis 1956, l\u2019Organisation des Nations unies lance r\u00e9guli\u00e8rement des op\u00e9rations de maintien de la paix, dans le monde entier. Retour sur trois engagements embl\u00e9matiques o\u00f9 des soldats fran\u00e7ais ont donn\u00e9 leur vie sous banni\u00e8re onusienne.","twitter_image":"https:\/\/ihedn.fr\/wp-content\/uploads\/2023\/08\/Athena_a_la_plage_EPISODE_4.jpg","twitter_creator":"@IHEDN","twitter_site":"@IHEDN","twitter_misc":{"Written by":"Ad\u00e8le Thoumieux","Estimated reading time":"11 minutes"},"schema":{"@context":"https:\/\/schema.org","@graph":[{"@type":"Article","@id":"https:\/\/ihedn.fr\/notre-selection\/operations-exterieures-quand-la-france-se-met-au-service-de-lonu\/#article","isPartOf":{"@id":"https:\/\/ihedn.fr\/notre-selection\/operations-exterieures-quand-la-france-se-met-au-service-de-lonu\/"},"author":{"name":"Ad\u00e8le Thoumieux","@id":"https:\/\/ihedn.fr\/#\/schema\/person\/16d49c2bd0121499ea9b9023ce89826c"},"headline":"Op\u00e9rations ext\u00e9rieures : quand la France se met au service de l\u2019ONU","datePublished":"2023-08-21T14:45:38+00:00","dateModified":"2025-08-27T12:19:37+00:00","mainEntityOfPage":{"@id":"https:\/\/ihedn.fr\/notre-selection\/operations-exterieures-quand-la-france-se-met-au-service-de-lonu\/"},"wordCount":2250,"publisher":{"@id":"https:\/\/ihedn.fr\/#organization"},"image":{"@id":"https:\/\/ihedn.fr\/notre-selection\/operations-exterieures-quand-la-france-se-met-au-service-de-lonu\/#primaryimage"},"thumbnailUrl":"https:\/\/ihedn.fr\/wp-content\/uploads\/2023\/08\/Athena_a_la_plage_EPISODE_4.jpg","keywords":["athena-2023","athena-23-ep-4"],"articleSection":["Notre s\u00e9lection","s\u00e9curit\u00e9 internationale"],"inLanguage":"en-GB"},{"@type":"WebPage","@id":"https:\/\/ihedn.fr\/notre-selection\/operations-exterieures-quand-la-france-se-met-au-service-de-lonu\/","url":"https:\/\/ihedn.fr\/notre-selection\/operations-exterieures-quand-la-france-se-met-au-service-de-lonu\/","name":"External operations: when France puts itself at the service of the UN - L'IHEDN : Institut des hautes \u00e9tudes de d\u00e9fense nationale (Graduate Institute of National Defence)","isPartOf":{"@id":"https:\/\/ihedn.fr\/#website"},"primaryImageOfPage":{"@id":"https:\/\/ihedn.fr\/notre-selection\/operations-exterieures-quand-la-france-se-met-au-service-de-lonu\/#primaryimage"},"image":{"@id":"https:\/\/ihedn.fr\/notre-selection\/operations-exterieures-quand-la-france-se-met-au-service-de-lonu\/#primaryimage"},"thumbnailUrl":"https:\/\/ihedn.fr\/wp-content\/uploads\/2023\/08\/Athena_a_la_plage_EPISODE_4.jpg","datePublished":"2023-08-21T14:45:38+00:00","dateModified":"2025-08-27T12:19:37+00:00","description":"The goddess of military strategy, war and wisdom in Greek mythology, Athena is also... the mascot of the IHEDN. Until the end of August, she will be taking us on an exploration of defence culture through a range of scholarly and entertaining content.","breadcrumb":{"@id":"https:\/\/ihedn.fr\/notre-selection\/operations-exterieures-quand-la-france-se-met-au-service-de-lonu\/#breadcrumb"},"inLanguage":"en-GB","potentialAction":[{"@type":"ReadAction","target":["https:\/\/ihedn.fr\/notre-selection\/operations-exterieures-quand-la-france-se-met-au-service-de-lonu\/"]}]},{"@type":"ImageObject","inLanguage":"en-GB","@id":"https:\/\/ihedn.fr\/notre-selection\/operations-exterieures-quand-la-france-se-met-au-service-de-lonu\/#primaryimage","url":"https:\/\/ihedn.fr\/wp-content\/uploads\/2023\/08\/Athena_a_la_plage_EPISODE_4.jpg","contentUrl":"https:\/\/ihedn.fr\/wp-content\/uploads\/2023\/08\/Athena_a_la_plage_EPISODE_4.jpg","width":1024,"height":512},{"@type":"BreadcrumbList","@id":"https:\/\/ihedn.fr\/notre-selection\/operations-exterieures-quand-la-france-se-met-au-service-de-lonu\/#breadcrumb","itemListElement":[{"@type":"ListItem","position":1,"name":"Accueil","item":"https:\/\/ihedn.fr\/"},{"@type":"ListItem","position":2,"name":"Op\u00e9rations ext\u00e9rieures : quand la France se met au service de l\u2019ONU"}]},{"@type":"WebSite","@id":"https:\/\/ihedn.fr\/#website","url":"https:\/\/ihedn.fr\/","name":"IHEDN: Institut des hautes \u00e9tudes de d\u00e9fense nationale (Institute for Higher National Defence Studies)","description":"Official website of the IHEDN under the supervision of the Prime Minister.","publisher":{"@id":"https:\/\/ihedn.fr\/#organization"},"potentialAction":[{"@type":"SearchAction","target":{"@type":"EntryPoint","urlTemplate":"https:\/\/ihedn.fr\/?s={search_term_string}"},"query-input":{"@type":"PropertyValueSpecification","valueRequired":true,"valueName":"search_term_string"}}],"inLanguage":"en-GB"},{"@type":"Organization","@id":"https:\/\/ihedn.fr\/#organization","name":"IHEDN - Institute for Higher National Defence Studies","url":"https:\/\/ihedn.fr\/","logo":{"@type":"ImageObject","inLanguage":"en-GB","@id":"https:\/\/ihedn.fr\/#\/schema\/logo\/image\/","url":"https:\/\/ihedn.fr\/wp-content\/uploads\/2020\/11\/BLOC_RF_IHEDN_WEB.png","contentUrl":"https:\/\/ihedn.fr\/wp-content\/uploads\/2020\/11\/BLOC_RF_IHEDN_WEB.png","width":500,"height":237,"caption":"IHEDN - Institut des Hautes Etudes de D\u00e9fense Nationale"},"image":{"@id":"https:\/\/ihedn.fr\/#\/schema\/logo\/image\/"},"sameAs":["https:\/\/www.facebook.com\/ihedn\/","https:\/\/x.com\/IHEDN","https:\/\/www.instagram.com\/ihedn\/","https:\/\/www.linkedin.com\/school\/ihedn\/","https:\/\/fr.wikipedia.org\/wiki\/Institut_des_hautes_\u00e9tudes_de_D\u00e9fense_nationale"]},{"@type":"Person","@id":"https:\/\/ihedn.fr\/#\/schema\/person\/16d49c2bd0121499ea9b9023ce89826c","name":"Ad\u00e8le Thoumieux","image":{"@type":"ImageObject","inLanguage":"en-GB","@id":"https:\/\/secure.gravatar.com\/avatar\/64fc58d14679bdd185946349bcb229b06e37d30d6290c2bec15f1daa8f8e0ece?s=96&d=mm&r=g","url":"https:\/\/secure.gravatar.com\/avatar\/64fc58d14679bdd185946349bcb229b06e37d30d6290c2bec15f1daa8f8e0ece?s=96&d=mm&r=g","contentUrl":"https:\/\/secure.gravatar.com\/avatar\/64fc58d14679bdd185946349bcb229b06e37d30d6290c2bec15f1daa8f8e0ece?s=96&d=mm&r=g","caption":"Ad\u00e8le Thoumieux"},"sameAs":["http:\/\/ihedn.fr"],"url":"https:\/\/ihedn.fr\/en\/author\/thoumieux\/"}]}},"publishpress_future_action":{"enabled":false,"date":"2026-05-08 08:35:22","action":"change-status","newStatus":"draft","terms":[],"taxonomy":"category","extraData":[]},"publishpress_future_workflow_manual_trigger":{"enabledWorkflows":[]},"_links":{"self":[{"href":"https:\/\/ihedn.fr\/en\/wp-json\/wp\/v2\/posts\/42223","targetHints":{"allow":["GET"]}}],"collection":[{"href":"https:\/\/ihedn.fr\/en\/wp-json\/wp\/v2\/posts"}],"about":[{"href":"https:\/\/ihedn.fr\/en\/wp-json\/wp\/v2\/types\/post"}],"author":[{"embeddable":true,"href":"https:\/\/ihedn.fr\/en\/wp-json\/wp\/v2\/users\/12"}],"replies":[{"embeddable":true,"href":"https:\/\/ihedn.fr\/en\/wp-json\/wp\/v2\/comments?post=42223"}],"version-history":[{"count":6,"href":"https:\/\/ihedn.fr\/en\/wp-json\/wp\/v2\/posts\/42223\/revisions"}],"predecessor-version":[{"id":53561,"href":"https:\/\/ihedn.fr\/en\/wp-json\/wp\/v2\/posts\/42223\/revisions\/53561"}],"wp:featuredmedia":[{"embeddable":true,"href":"https:\/\/ihedn.fr\/en\/wp-json\/wp\/v2\/media\/42224"}],"wp:attachment":[{"href":"https:\/\/ihedn.fr\/en\/wp-json\/wp\/v2\/media?parent=42223"}],"wp:term":[{"taxonomy":"category","embeddable":true,"href":"https:\/\/ihedn.fr\/en\/wp-json\/wp\/v2\/categories?post=42223"},{"taxonomy":"post_tag","embeddable":true,"href":"https:\/\/ihedn.fr\/en\/wp-json\/wp\/v2\/tags?post=42223"}],"curies":[{"name":"wp","href":"https:\/\/api.w.org\/{rel}","templated":true}]}}