{"id":42381,"date":"2023-09-13T15:19:31","date_gmt":"2023-09-13T14:19:31","guid":{"rendered":"https:\/\/ihedn.fr\/?p=42381"},"modified":"2023-10-11T10:48:54","modified_gmt":"2023-10-11T09:48:54","slug":"conference-diplomaties-aerienne-et-spatiale-outils-strategiques-au-service-des-interets-francais","status":"publish","type":"post","link":"https:\/\/ihedn.fr\/en\/uncategorized\/conference-diplomaties-aerienne-et-spatiale-outils-strategiques-au-service-des-interets-francais\/","title":{"rendered":"Conference - Air and space diplomacy: strategic tools in the service of French interests"},"content":{"rendered":"<div data-elementor-type=\"wp-post\" data-elementor-id=\"42381\" class=\"elementor elementor-42381\" data-elementor-post-type=\"post\">\n\t\t\t\t\t\t<section data-particle_enable=\"false\" data-particle-mobile-disabled=\"false\" class=\"elementor-section elementor-top-section elementor-element elementor-element-a4a4ca3 elementor-section-boxed elementor-section-height-default elementor-section-height-default\" data-id=\"a4a4ca3\" data-element_type=\"section\" data-e-type=\"section\">\n\t\t\t\t\t\t<div class=\"elementor-container elementor-column-gap-default\">\n\t\t\t\t\t<div class=\"elementor-column elementor-col-100 elementor-top-column elementor-element elementor-element-544d086\" data-id=\"544d086\" data-element_type=\"column\" data-e-type=\"column\">\n\t\t\t<div class=\"elementor-widget-wrap elementor-element-populated\">\n\t\t\t\t\t\t<div class=\"elementor-element elementor-element-9d63d56 elementor-widget elementor-widget-text-editor\" data-id=\"9d63d56\" data-element_type=\"widget\" data-e-type=\"widget\" data-widget_type=\"text-editor.default\">\n\t\t\t\t<div class=\"elementor-widget-container\">\n\t\t\t\t\t\t\t\t\t<p>This conference, organised by the <span style=\"color: #000000;\">CESA<\/span>will be held <strong>Friday 6 October 2023 from 10 a.m. to 1 p.m. in the Foch amphitheatre<\/strong>.<\/p><p>Its aim is to initiate reflection on how to think about, develop and use air and space diplomacy in the service of French interests.<\/p><p>The video opening will be performed by <span style=\"color: #000091;\"><strong>Ms Alice RUFO<\/strong><\/span>Director General of International Relations and Strategy (DGRIS).<\/p><p>It will be structured around two round tables with contributions from civilian and military experts on the following themes:<\/p><ul><li>Air diplomacy: history and concept,<\/li><li>Air and space diplomacy: supporting a power's policy.<\/li><\/ul><p>\u00a0<\/p><p>It will close with the <strong><span style=\"color: #000091;\">Air Force General St\u00e9phane MILLE<\/span><\/strong>Chief of the Air and Space Staff (CEMAAE).<\/p>\t\t\t\t\t\t\t\t<\/div>\n\t\t\t\t<\/div>\n\t\t\t\t\t<\/div>\n\t\t<\/div>\n\t\t\t\t\t<\/div>\n\t\t<\/section>\n\t\t\t\t<section data-particle_enable=\"false\" data-particle-mobile-disabled=\"false\" class=\"elementor-section elementor-top-section elementor-element elementor-element-c47d1a9 elementor-section-boxed elementor-section-height-default elementor-section-height-default\" data-id=\"c47d1a9\" data-element_type=\"section\" data-e-type=\"section\">\n\t\t\t\t\t\t<div class=\"elementor-container elementor-column-gap-default\">\n\t\t\t\t\t<div class=\"elementor-column elementor-col-50 elementor-top-column elementor-element elementor-element-175ca5a\" data-id=\"175ca5a\" data-element_type=\"column\" data-e-type=\"column\">\n\t\t\t<div class=\"elementor-widget-wrap elementor-element-populated\">\n\t\t\t\t\t\t<div class=\"elementor-element elementor-element-f3dee98 elementor-align-center elementor-widget elementor-widget-button\" data-id=\"f3dee98\" data-element_type=\"widget\" data-e-type=\"widget\" data-widget_type=\"button.default\">\n\t\t\t\t<div class=\"elementor-widget-container\">\n\t\t\t\t\t\t\t\t\t<div class=\"elementor-button-wrapper\">\n\t\t\t\t\t<a class=\"elementor-button elementor-button-link elementor-size-sm\" href=\"https:\/\/www.paris-ecole-militaire.fr\/fr\/forms\/colloquediplomatieaerienneetspatiale\">\n\t\t\t\t\t\t<span class=\"elementor-button-content-wrapper\">\n\t\t\t\t\t\t\t\t\t<span class=\"elementor-button-text\">registrations<\/span>\n\t\t\t\t\t<\/span>\n\t\t\t\t\t<\/a>\n\t\t\t\t<\/div>\n\t\t\t\t\t\t\t\t<\/div>\n\t\t\t\t<\/div>\n\t\t\t\t\t<\/div>\n\t\t<\/div>\n\t\t\t\t<div class=\"elementor-column elementor-col-50 elementor-top-column elementor-element elementor-element-67f41c5\" data-id=\"67f41c5\" data-element_type=\"column\" data-e-type=\"column\">\n\t\t\t<div class=\"elementor-widget-wrap elementor-element-populated\">\n\t\t\t\t\t\t<div class=\"elementor-element elementor-element-2eb6930 elementor-align-center elementor-widget elementor-widget-button\" data-id=\"2eb6930\" data-element_type=\"widget\" data-e-type=\"widget\" data-widget_type=\"button.default\">\n\t\t\t\t<div class=\"elementor-widget-container\">\n\t\t\t\t\t\t\t\t\t<div class=\"elementor-button-wrapper\">\n\t\t\t\t\t<a class=\"elementor-button elementor-button-link elementor-size-xs\" href=\"https:\/\/ihedn.fr\/wp-content\/uploads\/2023\/09\/Conference-Diplomaties-aeriennes-et-spatiales_affiche-et-programme.pdf\">\n\t\t\t\t\t\t<span class=\"elementor-button-content-wrapper\">\n\t\t\t\t\t\t\t\t\t<span class=\"elementor-button-text\">Consult the programme<\/span>\n\t\t\t\t\t<\/span>\n\t\t\t\t\t<\/a>\n\t\t\t\t<\/div>\n\t\t\t\t\t\t\t\t<\/div>\n\t\t\t\t<\/div>\n\t\t\t\t\t<\/div>\n\t\t<\/div>\n\t\t\t\t\t<\/div>\n\t\t<\/section>\n\t\t\t\t<\/div>","protected":false},"excerpt":{"rendered":"<p><span style=\"color: #c80a23;\"><strong>friday 6 october 2023 | 10 a.m. - 1 p.m.<\/strong><\/span> at the \u00c9cole militaire<\/p>","protected":false},"author":12,"featured_media":42429,"comment_status":"closed","ping_status":"closed","sticky":false,"template":"","format":"standard","meta":{"footnotes":""},"categories":[1],"tags":[],"class_list":["post-42381","post","type-post","status-publish","format-standard","has-post-thumbnail","hentry","category-uncategorized"],"yoast_head":"<!-- This site is optimized with the Yoast SEO plugin v27.5 - https:\/\/yoast.com\/product\/yoast-seo-wordpress\/ -->\n<title>Conf\u00e9rence - Diplomaties a\u00e9rienne et spatiale : outils strat\u00e9giques au service des int\u00e9r\u00eats fran\u00e7ais - L&#039;IHEDN : Institut des hautes \u00e9tudes de d\u00e9fense nationale<\/title>\n<meta name=\"robots\" content=\"index, follow, max-snippet:-1, max-image-preview:large, max-video-preview:-1\" \/>\n<link rel=\"canonical\" href=\"https:\/\/ihedn.fr\/en\/uncategorized\/conference-diplomaties-aerienne-et-spatiale-outils-strategiques-au-service-des-interets-francais\/\" \/>\n<meta property=\"og:locale\" content=\"en_GB\" \/>\n<meta property=\"og:type\" content=\"article\" \/>\n<meta property=\"og:title\" content=\"Conf\u00e9rence - Diplomaties a\u00e9rienne et spatiale : outils strat\u00e9giques au service des int\u00e9r\u00eats fran\u00e7ais - L&#039;IHEDN : Institut des hautes \u00e9tudes de d\u00e9fense nationale\" \/>\n<meta property=\"og:description\" content=\"vendredi 6 octobre 2023 | 10h \u2013 13h \u00e0 l&#039;\u00c9cole militaire\" \/>\n<meta property=\"og:url\" content=\"https:\/\/ihedn.fr\/en\/uncategorized\/conference-diplomaties-aerienne-et-spatiale-outils-strategiques-au-service-des-interets-francais\/\" \/>\n<meta property=\"og:site_name\" content=\"L&#039;IHEDN : Institut des hautes \u00e9tudes de d\u00e9fense nationale\" \/>\n<meta property=\"article:publisher\" content=\"https:\/\/www.facebook.com\/ihedn\/\" \/>\n<meta property=\"article:published_time\" content=\"2023-09-13T14:19:31+00:00\" \/>\n<meta property=\"article:modified_time\" content=\"2023-10-11T09:48:54+00:00\" \/>\n<meta property=\"og:image\" content=\"https:\/\/ihedn.fr\/wp-content\/uploads\/2023\/09\/visu.jpg\" \/>\n\t<meta property=\"og:image:width\" content=\"1000\" \/>\n\t<meta property=\"og:image:height\" content=\"279\" \/>\n\t<meta property=\"og:image:type\" content=\"image\/jpeg\" \/>\n<meta name=\"author\" content=\"Ad\u00e8le Thoumieux\" \/>\n<meta name=\"twitter:card\" content=\"summary_large_image\" \/>\n<meta name=\"twitter:image\" content=\"https:\/\/ihedn.fr\/wp-content\/uploads\/2023\/09\/visu.jpg\" \/>\n<meta name=\"twitter:creator\" content=\"@IHEDN\" \/>\n<meta name=\"twitter:site\" content=\"@IHEDN\" \/>\n<meta name=\"twitter:label1\" content=\"Written by\" \/>\n\t<meta name=\"twitter:data1\" content=\"Ad\u00e8le Thoumieux\" \/>\n\t<meta name=\"twitter:label2\" content=\"Estimated reading time\" \/>\n\t<meta name=\"twitter:data2\" content=\"1 minute\" \/>\n<script type=\"application\/ld+json\" class=\"yoast-schema-graph\">{\"@context\":\"https:\\\/\\\/schema.org\",\"@graph\":[{\"@type\":\"Article\",\"@id\":\"https:\\\/\\\/ihedn.fr\\\/uncategorized\\\/conference-diplomaties-aerienne-et-spatiale-outils-strategiques-au-service-des-interets-francais\\\/#article\",\"isPartOf\":{\"@id\":\"https:\\\/\\\/ihedn.fr\\\/uncategorized\\\/conference-diplomaties-aerienne-et-spatiale-outils-strategiques-au-service-des-interets-francais\\\/\"},\"author\":{\"name\":\"Ad\u00e8le Thoumieux\",\"@id\":\"https:\\\/\\\/ihedn.fr\\\/#\\\/schema\\\/person\\\/16d49c2bd0121499ea9b9023ce89826c\"},\"headline\":\"Conf\u00e9rence &#8211; Diplomaties a\u00e9rienne et spatiale : outils strat\u00e9giques au service des int\u00e9r\u00eats fran\u00e7ais\",\"datePublished\":\"2023-09-13T14:19:31+00:00\",\"dateModified\":\"2023-10-11T09:48:54+00:00\",\"mainEntityOfPage\":{\"@id\":\"https:\\\/\\\/ihedn.fr\\\/uncategorized\\\/conference-diplomaties-aerienne-et-spatiale-outils-strategiques-au-service-des-interets-francais\\\/\"},\"wordCount\":174,\"publisher\":{\"@id\":\"https:\\\/\\\/ihedn.fr\\\/#organization\"},\"image\":{\"@id\":\"https:\\\/\\\/ihedn.fr\\\/uncategorized\\\/conference-diplomaties-aerienne-et-spatiale-outils-strategiques-au-service-des-interets-francais\\\/#primaryimage\"},\"thumbnailUrl\":\"https:\\\/\\\/ihedn.fr\\\/wp-content\\\/uploads\\\/2023\\\/09\\\/visu.jpg\",\"articleSection\":[\"Uncategorized\"],\"inLanguage\":\"en-GB\"},{\"@type\":\"WebPage\",\"@id\":\"https:\\\/\\\/ihedn.fr\\\/uncategorized\\\/conference-diplomaties-aerienne-et-spatiale-outils-strategiques-au-service-des-interets-francais\\\/\",\"url\":\"https:\\\/\\\/ihedn.fr\\\/uncategorized\\\/conference-diplomaties-aerienne-et-spatiale-outils-strategiques-au-service-des-interets-francais\\\/\",\"name\":\"Conf\u00e9rence - Diplomaties a\u00e9rienne et spatiale : outils strat\u00e9giques au service des int\u00e9r\u00eats fran\u00e7ais - L&#039;IHEDN : Institut des hautes \u00e9tudes de d\u00e9fense nationale\",\"isPartOf\":{\"@id\":\"https:\\\/\\\/ihedn.fr\\\/#website\"},\"primaryImageOfPage\":{\"@id\":\"https:\\\/\\\/ihedn.fr\\\/uncategorized\\\/conference-diplomaties-aerienne-et-spatiale-outils-strategiques-au-service-des-interets-francais\\\/#primaryimage\"},\"image\":{\"@id\":\"https:\\\/\\\/ihedn.fr\\\/uncategorized\\\/conference-diplomaties-aerienne-et-spatiale-outils-strategiques-au-service-des-interets-francais\\\/#primaryimage\"},\"thumbnailUrl\":\"https:\\\/\\\/ihedn.fr\\\/wp-content\\\/uploads\\\/2023\\\/09\\\/visu.jpg\",\"datePublished\":\"2023-09-13T14:19:31+00:00\",\"dateModified\":\"2023-10-11T09:48:54+00:00\",\"breadcrumb\":{\"@id\":\"https:\\\/\\\/ihedn.fr\\\/uncategorized\\\/conference-diplomaties-aerienne-et-spatiale-outils-strategiques-au-service-des-interets-francais\\\/#breadcrumb\"},\"inLanguage\":\"en-GB\",\"potentialAction\":[{\"@type\":\"ReadAction\",\"target\":[\"https:\\\/\\\/ihedn.fr\\\/uncategorized\\\/conference-diplomaties-aerienne-et-spatiale-outils-strategiques-au-service-des-interets-francais\\\/\"]}]},{\"@type\":\"ImageObject\",\"inLanguage\":\"en-GB\",\"@id\":\"https:\\\/\\\/ihedn.fr\\\/uncategorized\\\/conference-diplomaties-aerienne-et-spatiale-outils-strategiques-au-service-des-interets-francais\\\/#primaryimage\",\"url\":\"https:\\\/\\\/ihedn.fr\\\/wp-content\\\/uploads\\\/2023\\\/09\\\/visu.jpg\",\"contentUrl\":\"https:\\\/\\\/ihedn.fr\\\/wp-content\\\/uploads\\\/2023\\\/09\\\/visu.jpg\",\"width\":1000,\"height\":279},{\"@type\":\"BreadcrumbList\",\"@id\":\"https:\\\/\\\/ihedn.fr\\\/uncategorized\\\/conference-diplomaties-aerienne-et-spatiale-outils-strategiques-au-service-des-interets-francais\\\/#breadcrumb\",\"itemListElement\":[{\"@type\":\"ListItem\",\"position\":1,\"name\":\"Accueil\",\"item\":\"https:\\\/\\\/ihedn.fr\\\/\"},{\"@type\":\"ListItem\",\"position\":2,\"name\":\"Conf\u00e9rence &#8211; Diplomaties a\u00e9rienne et spatiale : outils strat\u00e9giques au service des int\u00e9r\u00eats fran\u00e7ais\"}]},{\"@type\":\"WebSite\",\"@id\":\"https:\\\/\\\/ihedn.fr\\\/#website\",\"url\":\"https:\\\/\\\/ihedn.fr\\\/\",\"name\":\"IHEDN : Institut des hautes \u00e9tudes de d\u00e9fense nationale |\",\"description\":\"Site officiel de l&#039;IHEDN plac\u00e9 sous la tutelle du Premier ministre.\",\"publisher\":{\"@id\":\"https:\\\/\\\/ihedn.fr\\\/#organization\"},\"potentialAction\":[{\"@type\":\"SearchAction\",\"target\":{\"@type\":\"EntryPoint\",\"urlTemplate\":\"https:\\\/\\\/ihedn.fr\\\/?s={search_term_string}\"},\"query-input\":{\"@type\":\"PropertyValueSpecification\",\"valueRequired\":true,\"valueName\":\"search_term_string\"}}],\"inLanguage\":\"en-GB\"},{\"@type\":\"Organization\",\"@id\":\"https:\\\/\\\/ihedn.fr\\\/#organization\",\"name\":\"IHEDN - Institut des Hautes Etudes de D\u00e9fense Nationale\",\"url\":\"https:\\\/\\\/ihedn.fr\\\/\",\"logo\":{\"@type\":\"ImageObject\",\"inLanguage\":\"en-GB\",\"@id\":\"https:\\\/\\\/ihedn.fr\\\/#\\\/schema\\\/logo\\\/image\\\/\",\"url\":\"https:\\\/\\\/ihedn.fr\\\/wp-content\\\/uploads\\\/2020\\\/11\\\/BLOC_RF_IHEDN_WEB.png\",\"contentUrl\":\"https:\\\/\\\/ihedn.fr\\\/wp-content\\\/uploads\\\/2020\\\/11\\\/BLOC_RF_IHEDN_WEB.png\",\"width\":500,\"height\":237,\"caption\":\"IHEDN - Institut des Hautes Etudes de D\u00e9fense Nationale\"},\"image\":{\"@id\":\"https:\\\/\\\/ihedn.fr\\\/#\\\/schema\\\/logo\\\/image\\\/\"},\"sameAs\":[\"https:\\\/\\\/www.facebook.com\\\/ihedn\\\/\",\"https:\\\/\\\/x.com\\\/IHEDN\",\"https:\\\/\\\/www.instagram.com\\\/ihedn\\\/\",\"https:\\\/\\\/www.linkedin.com\\\/school\\\/ihedn\\\/\",\"https:\\\/\\\/fr.wikipedia.org\\\/wiki\\\/Institut_des_hautes_\u00e9tudes_de_D\u00e9fense_nationale\"]},{\"@type\":\"Person\",\"@id\":\"https:\\\/\\\/ihedn.fr\\\/#\\\/schema\\\/person\\\/16d49c2bd0121499ea9b9023ce89826c\",\"name\":\"Ad\u00e8le Thoumieux\",\"image\":{\"@type\":\"ImageObject\",\"inLanguage\":\"en-GB\",\"@id\":\"https:\\\/\\\/secure.gravatar.com\\\/avatar\\\/64fc58d14679bdd185946349bcb229b06e37d30d6290c2bec15f1daa8f8e0ece?s=96&d=mm&r=g\",\"url\":\"https:\\\/\\\/secure.gravatar.com\\\/avatar\\\/64fc58d14679bdd185946349bcb229b06e37d30d6290c2bec15f1daa8f8e0ece?s=96&d=mm&r=g\",\"contentUrl\":\"https:\\\/\\\/secure.gravatar.com\\\/avatar\\\/64fc58d14679bdd185946349bcb229b06e37d30d6290c2bec15f1daa8f8e0ece?s=96&d=mm&r=g\",\"caption\":\"Ad\u00e8le Thoumieux\"},\"sameAs\":[\"http:\\\/\\\/ihedn.fr\"],\"url\":\"https:\\\/\\\/ihedn.fr\\\/en\\\/author\\\/thoumieux\\\/\"}]}<\/script>\n<!-- \/ Yoast SEO plugin. -->","yoast_head_json":{"title":"Conference - Air and space diplomacy: strategic tools in the service of French interests - L'IHEDN : Institut des hautes \u00e9tudes de d\u00e9fense nationale (in French)","robots":{"index":"index","follow":"follow","max-snippet":"max-snippet:-1","max-image-preview":"max-image-preview:large","max-video-preview":"max-video-preview:-1"},"canonical":"https:\/\/ihedn.fr\/en\/uncategorized\/conference-diplomaties-aerienne-et-spatiale-outils-strategiques-au-service-des-interets-francais\/","og_locale":"en_GB","og_type":"article","og_title":"Conf\u00e9rence - Diplomaties a\u00e9rienne et spatiale : outils strat\u00e9giques au service des int\u00e9r\u00eats fran\u00e7ais - L&#039;IHEDN : Institut des hautes \u00e9tudes de d\u00e9fense nationale","og_description":"vendredi 6 octobre 2023 | 10h \u2013 13h \u00e0 l'\u00c9cole militaire","og_url":"https:\/\/ihedn.fr\/en\/uncategorized\/conference-diplomaties-aerienne-et-spatiale-outils-strategiques-au-service-des-interets-francais\/","og_site_name":"L&#039;IHEDN : Institut des hautes \u00e9tudes de d\u00e9fense nationale","article_publisher":"https:\/\/www.facebook.com\/ihedn\/","article_published_time":"2023-09-13T14:19:31+00:00","article_modified_time":"2023-10-11T09:48:54+00:00","og_image":[{"width":1000,"height":279,"url":"https:\/\/ihedn.fr\/wp-content\/uploads\/2023\/09\/visu.jpg","type":"image\/jpeg"}],"author":"Ad\u00e8le Thoumieux","twitter_card":"summary_large_image","twitter_image":"https:\/\/ihedn.fr\/wp-content\/uploads\/2023\/09\/visu.jpg","twitter_creator":"@IHEDN","twitter_site":"@IHEDN","twitter_misc":{"Written by":"Ad\u00e8le Thoumieux","Estimated reading time":"1 minute"},"schema":{"@context":"https:\/\/schema.org","@graph":[{"@type":"Article","@id":"https:\/\/ihedn.fr\/uncategorized\/conference-diplomaties-aerienne-et-spatiale-outils-strategiques-au-service-des-interets-francais\/#article","isPartOf":{"@id":"https:\/\/ihedn.fr\/uncategorized\/conference-diplomaties-aerienne-et-spatiale-outils-strategiques-au-service-des-interets-francais\/"},"author":{"name":"Ad\u00e8le Thoumieux","@id":"https:\/\/ihedn.fr\/#\/schema\/person\/16d49c2bd0121499ea9b9023ce89826c"},"headline":"Conf\u00e9rence &#8211; Diplomaties a\u00e9rienne et spatiale : outils strat\u00e9giques au service des int\u00e9r\u00eats fran\u00e7ais","datePublished":"2023-09-13T14:19:31+00:00","dateModified":"2023-10-11T09:48:54+00:00","mainEntityOfPage":{"@id":"https:\/\/ihedn.fr\/uncategorized\/conference-diplomaties-aerienne-et-spatiale-outils-strategiques-au-service-des-interets-francais\/"},"wordCount":174,"publisher":{"@id":"https:\/\/ihedn.fr\/#organization"},"image":{"@id":"https:\/\/ihedn.fr\/uncategorized\/conference-diplomaties-aerienne-et-spatiale-outils-strategiques-au-service-des-interets-francais\/#primaryimage"},"thumbnailUrl":"https:\/\/ihedn.fr\/wp-content\/uploads\/2023\/09\/visu.jpg","articleSection":["Uncategorized"],"inLanguage":"en-GB"},{"@type":"WebPage","@id":"https:\/\/ihedn.fr\/uncategorized\/conference-diplomaties-aerienne-et-spatiale-outils-strategiques-au-service-des-interets-francais\/","url":"https:\/\/ihedn.fr\/uncategorized\/conference-diplomaties-aerienne-et-spatiale-outils-strategiques-au-service-des-interets-francais\/","name":"Conference - Air and space diplomacy: strategic tools in the service of French interests - L'IHEDN : Institut des hautes \u00e9tudes de d\u00e9fense nationale (in French)","isPartOf":{"@id":"https:\/\/ihedn.fr\/#website"},"primaryImageOfPage":{"@id":"https:\/\/ihedn.fr\/uncategorized\/conference-diplomaties-aerienne-et-spatiale-outils-strategiques-au-service-des-interets-francais\/#primaryimage"},"image":{"@id":"https:\/\/ihedn.fr\/uncategorized\/conference-diplomaties-aerienne-et-spatiale-outils-strategiques-au-service-des-interets-francais\/#primaryimage"},"thumbnailUrl":"https:\/\/ihedn.fr\/wp-content\/uploads\/2023\/09\/visu.jpg","datePublished":"2023-09-13T14:19:31+00:00","dateModified":"2023-10-11T09:48:54+00:00","breadcrumb":{"@id":"https:\/\/ihedn.fr\/uncategorized\/conference-diplomaties-aerienne-et-spatiale-outils-strategiques-au-service-des-interets-francais\/#breadcrumb"},"inLanguage":"en-GB","potentialAction":[{"@type":"ReadAction","target":["https:\/\/ihedn.fr\/uncategorized\/conference-diplomaties-aerienne-et-spatiale-outils-strategiques-au-service-des-interets-francais\/"]}]},{"@type":"ImageObject","inLanguage":"en-GB","@id":"https:\/\/ihedn.fr\/uncategorized\/conference-diplomaties-aerienne-et-spatiale-outils-strategiques-au-service-des-interets-francais\/#primaryimage","url":"https:\/\/ihedn.fr\/wp-content\/uploads\/2023\/09\/visu.jpg","contentUrl":"https:\/\/ihedn.fr\/wp-content\/uploads\/2023\/09\/visu.jpg","width":1000,"height":279},{"@type":"BreadcrumbList","@id":"https:\/\/ihedn.fr\/uncategorized\/conference-diplomaties-aerienne-et-spatiale-outils-strategiques-au-service-des-interets-francais\/#breadcrumb","itemListElement":[{"@type":"ListItem","position":1,"name":"Accueil","item":"https:\/\/ihedn.fr\/"},{"@type":"ListItem","position":2,"name":"Conf\u00e9rence &#8211; Diplomaties a\u00e9rienne et spatiale : outils strat\u00e9giques au service des int\u00e9r\u00eats fran\u00e7ais"}]},{"@type":"WebSite","@id":"https:\/\/ihedn.fr\/#website","url":"https:\/\/ihedn.fr\/","name":"IHEDN: Institut des hautes \u00e9tudes de d\u00e9fense nationale (Institute for Higher National Defence Studies)","description":"Official website of the IHEDN under the supervision of the Prime Minister.","publisher":{"@id":"https:\/\/ihedn.fr\/#organization"},"potentialAction":[{"@type":"SearchAction","target":{"@type":"EntryPoint","urlTemplate":"https:\/\/ihedn.fr\/?s={search_term_string}"},"query-input":{"@type":"PropertyValueSpecification","valueRequired":true,"valueName":"search_term_string"}}],"inLanguage":"en-GB"},{"@type":"Organization","@id":"https:\/\/ihedn.fr\/#organization","name":"IHEDN - Institute for Higher National Defence Studies","url":"https:\/\/ihedn.fr\/","logo":{"@type":"ImageObject","inLanguage":"en-GB","@id":"https:\/\/ihedn.fr\/#\/schema\/logo\/image\/","url":"https:\/\/ihedn.fr\/wp-content\/uploads\/2020\/11\/BLOC_RF_IHEDN_WEB.png","contentUrl":"https:\/\/ihedn.fr\/wp-content\/uploads\/2020\/11\/BLOC_RF_IHEDN_WEB.png","width":500,"height":237,"caption":"IHEDN - Institut des Hautes Etudes de D\u00e9fense Nationale"},"image":{"@id":"https:\/\/ihedn.fr\/#\/schema\/logo\/image\/"},"sameAs":["https:\/\/www.facebook.com\/ihedn\/","https:\/\/x.com\/IHEDN","https:\/\/www.instagram.com\/ihedn\/","https:\/\/www.linkedin.com\/school\/ihedn\/","https:\/\/fr.wikipedia.org\/wiki\/Institut_des_hautes_\u00e9tudes_de_D\u00e9fense_nationale"]},{"@type":"Person","@id":"https:\/\/ihedn.fr\/#\/schema\/person\/16d49c2bd0121499ea9b9023ce89826c","name":"Ad\u00e8le Thoumieux","image":{"@type":"ImageObject","inLanguage":"en-GB","@id":"https:\/\/secure.gravatar.com\/avatar\/64fc58d14679bdd185946349bcb229b06e37d30d6290c2bec15f1daa8f8e0ece?s=96&d=mm&r=g","url":"https:\/\/secure.gravatar.com\/avatar\/64fc58d14679bdd185946349bcb229b06e37d30d6290c2bec15f1daa8f8e0ece?s=96&d=mm&r=g","contentUrl":"https:\/\/secure.gravatar.com\/avatar\/64fc58d14679bdd185946349bcb229b06e37d30d6290c2bec15f1daa8f8e0ece?s=96&d=mm&r=g","caption":"Ad\u00e8le Thoumieux"},"sameAs":["http:\/\/ihedn.fr"],"url":"https:\/\/ihedn.fr\/en\/author\/thoumieux\/"}]}},"publishpress_future_action":{"enabled":false,"date":"2026-05-07 19:13:42","action":"change-status","newStatus":"draft","terms":[],"taxonomy":"category","extraData":[]},"publishpress_future_workflow_manual_trigger":{"enabledWorkflows":[]},"_links":{"self":[{"href":"https:\/\/ihedn.fr\/en\/wp-json\/wp\/v2\/posts\/42381","targetHints":{"allow":["GET"]}}],"collection":[{"href":"https:\/\/ihedn.fr\/en\/wp-json\/wp\/v2\/posts"}],"about":[{"href":"https:\/\/ihedn.fr\/en\/wp-json\/wp\/v2\/types\/post"}],"author":[{"embeddable":true,"href":"https:\/\/ihedn.fr\/en\/wp-json\/wp\/v2\/users\/12"}],"replies":[{"embeddable":true,"href":"https:\/\/ihedn.fr\/en\/wp-json\/wp\/v2\/comments?post=42381"}],"version-history":[{"count":11,"href":"https:\/\/ihedn.fr\/en\/wp-json\/wp\/v2\/posts\/42381\/revisions"}],"predecessor-version":[{"id":43131,"href":"https:\/\/ihedn.fr\/en\/wp-json\/wp\/v2\/posts\/42381\/revisions\/43131"}],"wp:featuredmedia":[{"embeddable":true,"href":"https:\/\/ihedn.fr\/en\/wp-json\/wp\/v2\/media\/42429"}],"wp:attachment":[{"href":"https:\/\/ihedn.fr\/en\/wp-json\/wp\/v2\/media?parent=42381"}],"wp:term":[{"taxonomy":"category","embeddable":true,"href":"https:\/\/ihedn.fr\/en\/wp-json\/wp\/v2\/categories?post=42381"},{"taxonomy":"post_tag","embeddable":true,"href":"https:\/\/ihedn.fr\/en\/wp-json\/wp\/v2\/tags?post=42381"}],"curies":[{"name":"wp","href":"https:\/\/api.w.org\/{rel}","templated":true}]}}