{"id":42391,"date":"2023-09-10T16:25:14","date_gmt":"2023-09-10T15:25:14","guid":{"rendered":"https:\/\/ihedn.fr\/?p=42391"},"modified":"2023-09-11T14:27:31","modified_gmt":"2023-09-11T13:27:31","slug":"11-septembre-les-lecons-geopolitiques-22-ans-apres","status":"publish","type":"post","link":"https:\/\/ihedn.fr\/en\/notre-selection\/11-septembre-les-lecons-geopolitiques-22-ans-apres\/","title":{"rendered":"11 September: the geopolitical lessons, 22 years on"},"content":{"rendered":"<div data-elementor-type=\"wp-post\" data-elementor-id=\"42391\" class=\"elementor elementor-42391\" data-elementor-post-type=\"post\">\n\t\t\t\t\t\t<section data-particle_enable=\"false\" data-particle-mobile-disabled=\"false\" class=\"elementor-section elementor-top-section elementor-element elementor-element-04fef2b elementor-section-boxed elementor-section-height-default elementor-section-height-default\" data-id=\"04fef2b\" data-element_type=\"section\" data-e-type=\"section\">\n\t\t\t\t\t\t<div class=\"elementor-container elementor-column-gap-default\">\n\t\t\t\t\t<div class=\"elementor-column elementor-col-100 elementor-top-column elementor-element elementor-element-634f261\" data-id=\"634f261\" data-element_type=\"column\" data-e-type=\"column\">\n\t\t\t<div class=\"elementor-widget-wrap elementor-element-populated\">\n\t\t\t\t\t\t<div class=\"elementor-element elementor-element-4bdf21a elementor-widget elementor-widget-text-editor\" data-id=\"4bdf21a\" data-element_type=\"widget\" data-e-type=\"widget\" data-widget_type=\"text-editor.default\">\n\t\t\t\t<div class=\"elementor-widget-container\">\n\t\t\t\t\t\t\t\t\t<p>On 11 September 2001, the jihadist terrorist organisation Al Qaeda carried out suicide attacks in the United States, hijacking four airliners and launching them at their targets. Nearly 3,000 people were killed, and two places symbolic of American power were struck: the World Trade Center in New York for financial power, and the Pentagon, not far from Washington, for military power.<\/p><p>More than two decades later, the geopolitical repercussions of these events are still being felt. As part of their work, two researchers from the Institut de recherche strat\u00e9gique de l'\u00c9cole militaire (IRSEM) are examining various fields relevant to the analysis of the aftermath of 9\/11:<\/p><ul><li><a href=\"https:\/\/www.irsem.fr\/equipe\/quessard.html\">Maud Quessard<\/a>director of the Euratlantic-Russia section and a specialist in American foreign policy;<\/li><li><a href=\"https:\/\/www.irsem.fr\/equipe\/baranets.html\">\u00c9lie Baranets<\/a>a researcher in international security specialising in the causes of armed conflict, the link between political regimes and wars and, more specifically, the strategic impact of political discourse.<\/li><\/ul>\t\t\t\t\t\t\t\t<\/div>\n\t\t\t\t<\/div>\n\t\t\t\t\t<\/div>\n\t\t<\/div>\n\t\t\t\t\t<\/div>\n\t\t<\/section>\n\t\t\t\t<section data-particle_enable=\"false\" data-particle-mobile-disabled=\"false\" class=\"elementor-section elementor-top-section elementor-element elementor-element-90cf80c elementor-section-boxed elementor-section-height-default elementor-section-height-default\" data-id=\"90cf80c\" data-element_type=\"section\" data-e-type=\"section\">\n\t\t\t\t\t\t<div class=\"elementor-container elementor-column-gap-default\">\n\t\t\t\t\t<div class=\"elementor-column elementor-col-100 elementor-top-column elementor-element elementor-element-0cec92e\" data-id=\"0cec92e\" data-element_type=\"column\" data-e-type=\"column\">\n\t\t\t<div class=\"elementor-widget-wrap elementor-element-populated\">\n\t\t\t\t\t\t<div class=\"elementor-element elementor-element-ee7a256 elementor-widget elementor-widget-heading\" data-id=\"ee7a256\" data-element_type=\"widget\" data-e-type=\"widget\" data-widget_type=\"heading.default\">\n\t\t\t\t<div class=\"elementor-widget-container\">\n\t\t\t\t\t<h4 class=\"elementor-heading-title elementor-size-default\">In the end, the United States' reaction did them a disservice.<\/h4>\t\t\t\t<\/div>\n\t\t\t\t<\/div>\n\t\t\t\t<div class=\"elementor-element elementor-element-018b02d elementor-widget-divider--view-line elementor-widget elementor-widget-divider\" data-id=\"018b02d\" data-element_type=\"widget\" data-e-type=\"widget\" data-widget_type=\"divider.default\">\n\t\t\t\t<div class=\"elementor-widget-container\">\n\t\t\t\t\t\t\t<div class=\"elementor-divider\">\n\t\t\t<span class=\"elementor-divider-separator\">\n\t\t\t\t\t\t<\/span>\n\t\t<\/div>\n\t\t\t\t\t\t<\/div>\n\t\t\t\t<\/div>\n\t\t\t\t\t<\/div>\n\t\t<\/div>\n\t\t\t\t\t<\/div>\n\t\t<\/section>\n\t\t\t\t<section data-particle_enable=\"false\" data-particle-mobile-disabled=\"false\" class=\"elementor-section elementor-top-section elementor-element elementor-element-16bfdc8 elementor-section-boxed elementor-section-height-default elementor-section-height-default\" data-id=\"16bfdc8\" data-element_type=\"section\" data-e-type=\"section\">\n\t\t\t\t\t\t<div class=\"elementor-container elementor-column-gap-default\">\n\t\t\t\t\t<div class=\"elementor-column elementor-col-100 elementor-top-column elementor-element elementor-element-bb2a3a7\" data-id=\"bb2a3a7\" data-element_type=\"column\" data-e-type=\"column\">\n\t\t\t<div class=\"elementor-widget-wrap elementor-element-populated\">\n\t\t\t\t\t\t<div class=\"elementor-element elementor-element-b6acd66 elementor-widget elementor-widget-text-editor\" data-id=\"b6acd66\" data-element_type=\"widget\" data-e-type=\"widget\" data-widget_type=\"text-editor.default\">\n\t\t\t\t<div class=\"elementor-widget-container\">\n\t\t\t\t\t\t\t\t\t<p>For Elie Baranets, \"it was not at all obvious that this event would become a major strategic turning point for the world's major balances\": \"A non-state actor attacked the United States, but the latter did not come out on its knees. On their scale, beyond the very significant emotional charge, the damage was rather marginal. Maud Quessard notes the \"shock\" caused by the fact that \"for the first time, major American institutional bastions such as the Pentagon were attacked\".<\/p><p>In their view, the changeover occurred because of the choices made by the US administration at the time in response to the attacks. \"What made it a major event was the way in which the United States dealt with it\", analyses \u00c9lie Baranets: through its military commitments in Afghanistan and then Iraq, and the definition of an \"axis of evil\" bringing together Iraq, North Korea and Iran. \"These interminable wars have exposed the weaknesses of the United States, weakening it both externally, because it has lost legitimacy and prestige, and internally, because of their budgetary cost and their impact on the electorate\", says Maud Quessard.<\/p><p>In her view, these \"strategic errors by the decision-makers of the Bush administration confirm the end of the 'American century'\", marked by a desire to impose American political conceptions on the world, which began in 1918 with President Wilson's \"Fourteen Points\". In a famous phrase, the French researcher Pierre Hassner described the United States' post-11 September reaction as \"Wilsonism with a boot\".<\/p><p>Maud Quessard sums up this period as \"a muscular and messianic unilateralism aimed at promoting the <em>regime change<\/em>and perceived as a Western crusade\". At the same time, \"these errors also signal the failure of the neo-conservative movement\", which inspired George W. Bush to adopt this policy. Finally, they validate the prediction of the American political scientist Samuel Huntington about the \"clash of civilisations\".<\/p><p>A \"change of narrative\" then took place, comments Elie Baranets: \"During the Cold War, the successive narratives related to opposition to a major power; when they won, we moved on to that of the undisputed dominant power. After 9\/11, another narrative emerged: that of the \"global war on terror\". It is through the application of this new narrative, which is very Manichean and will be used to justify wars elsewhere in the world, that the strategic shift is taking place.<\/p>\t\t\t\t\t\t\t\t<\/div>\n\t\t\t\t<\/div>\n\t\t\t\t\t<\/div>\n\t\t<\/div>\n\t\t\t\t\t<\/div>\n\t\t<\/section>\n\t\t\t\t<section data-particle_enable=\"false\" data-particle-mobile-disabled=\"false\" class=\"elementor-section elementor-top-section elementor-element elementor-element-19be913 elementor-section-boxed elementor-section-height-default elementor-section-height-default\" data-id=\"19be913\" data-element_type=\"section\" data-e-type=\"section\">\n\t\t\t\t\t\t<div class=\"elementor-container elementor-column-gap-default\">\n\t\t\t\t\t<div class=\"elementor-column elementor-col-100 elementor-top-column elementor-element elementor-element-b86613b\" data-id=\"b86613b\" data-element_type=\"column\" data-e-type=\"column\">\n\t\t\t<div class=\"elementor-widget-wrap elementor-element-populated\">\n\t\t\t\t\t\t<div class=\"elementor-element elementor-element-b8fb3c7 elementor-widget elementor-widget-heading\" data-id=\"b8fb3c7\" data-element_type=\"widget\" data-e-type=\"widget\" data-widget_type=\"heading.default\">\n\t\t\t\t<div class=\"elementor-widget-container\">\n\t\t\t\t\t<h4 class=\"elementor-heading-title elementor-size-default\">Relative cooling of US relations with France<\/h4>\t\t\t\t<\/div>\n\t\t\t\t<\/div>\n\t\t\t\t<div class=\"elementor-element elementor-element-ae814b3 elementor-widget-divider--view-line elementor-widget elementor-widget-divider\" data-id=\"ae814b3\" data-element_type=\"widget\" data-e-type=\"widget\" data-widget_type=\"divider.default\">\n\t\t\t\t<div class=\"elementor-widget-container\">\n\t\t\t\t\t\t\t<div class=\"elementor-divider\">\n\t\t\t<span class=\"elementor-divider-separator\">\n\t\t\t\t\t\t<\/span>\n\t\t<\/div>\n\t\t\t\t\t\t<\/div>\n\t\t\t\t<\/div>\n\t\t\t\t\t<\/div>\n\t\t<\/div>\n\t\t\t\t\t<\/div>\n\t\t<\/section>\n\t\t\t\t<section data-particle_enable=\"false\" data-particle-mobile-disabled=\"false\" class=\"elementor-section elementor-top-section elementor-element elementor-element-c26f458 elementor-section-boxed elementor-section-height-default elementor-section-height-default\" data-id=\"c26f458\" data-element_type=\"section\" data-e-type=\"section\">\n\t\t\t\t\t\t<div class=\"elementor-container elementor-column-gap-default\">\n\t\t\t\t\t<div class=\"elementor-column elementor-col-100 elementor-top-column elementor-element elementor-element-ecef182\" data-id=\"ecef182\" data-element_type=\"column\" data-e-type=\"column\">\n\t\t\t<div class=\"elementor-widget-wrap elementor-element-populated\">\n\t\t\t\t\t\t<div class=\"elementor-element elementor-element-a324cfd elementor-widget elementor-widget-text-editor\" data-id=\"a324cfd\" data-element_type=\"widget\" data-e-type=\"widget\" data-widget_type=\"text-editor.default\">\n\t\t\t\t<div class=\"elementor-widget-container\">\n\t\t\t\t\t\t\t\t\t<p>Subsequently, Presidents Obama and then Trump sought above all to put \"America first\", in other words, domestic affairs first. \"They wanted to remain involved in world affairs, but in a less visible way\", notes Maud Quessard.<\/p><p>In the meantime, the invasion of Iraq in 2003, following an American lie at the UN, has significantly cooled transatlantic relations, particularly with France. \"This war marked a breaking point and a marked estrangement between Paris and Washington\", explains the researcher. \"Throughout this period, there was a difference in world views.<\/p><p>\"2003 was a moment of prestige for France\", notes Elie Baranets. But behind this political divergence, which was on display for the whole world to see, came \"very close anti-terrorist cooperation, with the sharing of information, particularly in Africa, where American resources were extremely valuable to France\".<\/p><p>The researcher adds that since the Russian invasion of Ukraine a few years ago, \"the United States and France have been making a doctrinaire shift towards less asymmetric conflict and more high-intensity conflict. And we are making this change together\".<\/p><p>The fact remains that during this \"\u00a0<em>Global War on Terrorism<\/em>\u00a0\"As Maud Quessard points out, the world has seen \"a rise in difficulties that the Americans did not see coming, and that Bush and Obama have not managed to stem\". Internally, there has been \"a major rift between the vision of politicians and that of the military\", which was again reflected in the American withdrawal from Afghanistan, which officers such as former General Petraeus did not want.<\/p><p>Externally, 9\/11 and its aftermath have \"put American diplomats in a difficult position on the ground in sensitive countries\", adds the researcher: \"Bunker embassies, little work on the ground, and a problem of visibility for American foreign policy. Under Obama, drone attacks were not accompanied by any narrative to explain them to the local population. In Pakistan, this has led to one of the highest levels of anti-Americanism in the world\".<\/p>\t\t\t\t\t\t\t\t<\/div>\n\t\t\t\t<\/div>\n\t\t\t\t\t<\/div>\n\t\t<\/div>\n\t\t\t\t\t<\/div>\n\t\t<\/section>\n\t\t\t\t<section data-particle_enable=\"false\" data-particle-mobile-disabled=\"false\" class=\"elementor-section elementor-top-section elementor-element elementor-element-e959064 elementor-section-boxed elementor-section-height-default elementor-section-height-default\" data-id=\"e959064\" data-element_type=\"section\" data-e-type=\"section\">\n\t\t\t\t\t\t<div class=\"elementor-container elementor-column-gap-default\">\n\t\t\t\t\t<div class=\"elementor-column elementor-col-100 elementor-top-column elementor-element elementor-element-e151bfd\" data-id=\"e151bfd\" data-element_type=\"column\" data-e-type=\"column\">\n\t\t\t<div class=\"elementor-widget-wrap elementor-element-populated\">\n\t\t\t\t\t\t<div class=\"elementor-element elementor-element-e9fc77d elementor-widget elementor-widget-heading\" data-id=\"e9fc77d\" data-element_type=\"widget\" data-e-type=\"widget\" data-widget_type=\"heading.default\">\n\t\t\t\t<div class=\"elementor-widget-container\">\n\t\t\t\t\t<h4 class=\"elementor-heading-title elementor-size-default\">In the meantime, China has had a free hand to emerge<\/h4>\t\t\t\t<\/div>\n\t\t\t\t<\/div>\n\t\t\t\t<div class=\"elementor-element elementor-element-65582ed elementor-widget-divider--view-line elementor-widget elementor-widget-divider\" data-id=\"65582ed\" data-element_type=\"widget\" data-e-type=\"widget\" data-widget_type=\"divider.default\">\n\t\t\t\t<div class=\"elementor-widget-container\">\n\t\t\t\t\t\t\t<div class=\"elementor-divider\">\n\t\t\t<span class=\"elementor-divider-separator\">\n\t\t\t\t\t\t<\/span>\n\t\t<\/div>\n\t\t\t\t\t\t<\/div>\n\t\t\t\t<\/div>\n\t\t\t\t\t<\/div>\n\t\t<\/div>\n\t\t\t\t\t<\/div>\n\t\t<\/section>\n\t\t\t\t<section data-particle_enable=\"false\" data-particle-mobile-disabled=\"false\" class=\"elementor-section elementor-top-section elementor-element elementor-element-93d3a2b elementor-section-boxed elementor-section-height-default elementor-section-height-default\" data-id=\"93d3a2b\" data-element_type=\"section\" data-e-type=\"section\">\n\t\t\t\t\t\t<div class=\"elementor-container elementor-column-gap-default\">\n\t\t\t\t\t<div class=\"elementor-column elementor-col-100 elementor-top-column elementor-element elementor-element-275fcb0\" data-id=\"275fcb0\" data-element_type=\"column\" data-e-type=\"column\">\n\t\t\t<div class=\"elementor-widget-wrap elementor-element-populated\">\n\t\t\t\t\t\t<div class=\"elementor-element elementor-element-7dfb8e2 elementor-widget elementor-widget-text-editor\" data-id=\"7dfb8e2\" data-element_type=\"widget\" data-e-type=\"widget\" data-widget_type=\"text-editor.default\">\n\t\t\t\t<div class=\"elementor-widget-container\">\n\t\t\t\t\t\t\t\t\t<p>While under the Clinton administration (1993-2001), the United States began to show concern for the Indo-Pacific region, the Bush administration became more hesitant: \"When asked whether China was their partner or their competitor, they found it hard to decide, especially as China cooperated in the fight against terrorism\", notes Maud Quessard, \"While 9\/11 weakened the United States and took it out of the region, China continued to rise. Then came the 2008 financial crisis.<\/p><p>\"In American framework documents, the idea of the great competition for power rather than the war on terror only came about fifteen years after the 2001 attacks\", notes Elie Baranets, for his part, who believes that it is clear that without the longevity of the narrative of the global war on terror, \"the United States would have strategically seized on China's rise to power a little earlier\".<\/p><p>Moreover, the UN episode in 2003 made the Americans look like \"hypocrites\", reinforcing the thesis that their embodiment of a \"law-based international order\" (<em>rules based international order<\/em>) was \"superficial\": \"This argument is being put forward a lot today by the Americans' competitors, such as Russia and China\", adds the researcher, who develops: \"China is trying to show that the United States is not respecting its status as guarantor of the liberal international order, which Beijing believes it has illegitimately granted itself. In so doing, China is using its violations of liberal principles in the aftermath of 9\/11 to try to challenge the US position as guarantor of this international order. It is a way of enhancing their own status, since in its speeches China poses as the true protector of a law-based order and of world stability, a position of benevolent great power that it claims to deserve, both in terms of the power it has amassed and its behaviour on the international stage.<\/p>\t\t\t\t\t\t\t\t<\/div>\n\t\t\t\t<\/div>\n\t\t\t\t\t<\/div>\n\t\t<\/div>\n\t\t\t\t\t<\/div>\n\t\t<\/section>\n\t\t\t\t<\/div>","protected":false},"excerpt":{"rendered":"<p>More than the al-Qaeda attacks, it is the reaction of the United States that constitutes a strategic shift, analyse two IRSEM researchers, Maud Quessard and \u00c9lie Baranets.<\/p>","protected":false},"author":12,"featured_media":42392,"comment_status":"closed","ping_status":"closed","sticky":false,"template":"","format":"standard","meta":{"footnotes":""},"categories":[41,171,209],"tags":[],"class_list":["post-42391","post","type-post","status-publish","format-standard","has-post-thumbnail","hentry","category-lundis-de-lihedn","category-notre-selection","category-securite-internationale"],"yoast_head":"<!-- This site is optimized with the Yoast SEO plugin v27.5 - https:\/\/yoast.com\/product\/yoast-seo-wordpress\/ -->\n<title>11-Septembre : les le\u00e7ons g\u00e9opolitiques, 22 ans apr\u00e8s - L&#039;IHEDN : Institut des hautes \u00e9tudes de d\u00e9fense nationale<\/title>\n<meta name=\"robots\" content=\"index, follow, max-snippet:-1, max-image-preview:large, max-video-preview:-1\" \/>\n<link rel=\"canonical\" href=\"https:\/\/ihedn.fr\/en\/lundis-de-lihedn\/11-septembre-les-lecons-geopolitiques-22-ans-apres\/\" \/>\n<meta property=\"og:locale\" content=\"en_GB\" \/>\n<meta property=\"og:type\" content=\"article\" \/>\n<meta property=\"og:title\" content=\"11-Septembre : les le\u00e7ons g\u00e9opolitiques, 22 ans apr\u00e8s\" \/>\n<meta property=\"og:description\" content=\"Plus que les attentats d\u2019Al-Qa\u00efda, c\u2019est la r\u00e9action des \u00c9tats-Unis qui constitue un basculement strat\u00e9gique, analysent deux chercheurs \u00e0 l\u2019IRSEM, Maud Quessard et \u00c9lie Baranets.\" \/>\n<meta property=\"og:url\" content=\"https:\/\/ihedn.fr\/en\/lundis-de-lihedn\/11-septembre-les-lecons-geopolitiques-22-ans-apres\/\" \/>\n<meta property=\"og:site_name\" content=\"L&#039;IHEDN : Institut des hautes \u00e9tudes de d\u00e9fense nationale\" \/>\n<meta property=\"article:publisher\" content=\"https:\/\/www.facebook.com\/ihedn\/\" \/>\n<meta property=\"article:published_time\" content=\"2023-09-10T15:25:14+00:00\" \/>\n<meta property=\"article:modified_time\" content=\"2023-09-11T13:27:31+00:00\" \/>\n<meta property=\"og:image\" content=\"https:\/\/ihedn.fr\/wp-content\/uploads\/2023\/09\/VISUEL_11-SEPTEMBRE-scaled.jpg\" \/>\n\t<meta property=\"og:image:width\" content=\"2560\" \/>\n\t<meta property=\"og:image:height\" content=\"1440\" \/>\n\t<meta property=\"og:image:type\" content=\"image\/jpeg\" \/>\n<meta name=\"author\" content=\"Ad\u00e8le Thoumieux\" \/>\n<meta name=\"twitter:card\" content=\"summary_large_image\" \/>\n<meta name=\"twitter:title\" content=\"11-Septembre : les le\u00e7ons g\u00e9opolitiques, 22 ans apr\u00e8s\" \/>\n<meta name=\"twitter:description\" content=\"Plus que les attentats d\u2019Al-Qa\u00efda, c\u2019est la r\u00e9action des \u00c9tats-Unis qui constitue un basculement strat\u00e9gique, analysent deux chercheurs \u00e0 l\u2019IRSEM, Maud Quessard et \u00c9lie Baranets.\" \/>\n<meta name=\"twitter:image\" content=\"https:\/\/ihedn.fr\/wp-content\/uploads\/2023\/09\/VISUEL_11-SEPTEMBRE-scaled.jpg\" \/>\n<meta name=\"twitter:creator\" content=\"@IHEDN\" \/>\n<meta name=\"twitter:site\" content=\"@IHEDN\" \/>\n<meta name=\"twitter:label1\" content=\"Written by\" \/>\n\t<meta name=\"twitter:data1\" content=\"Ad\u00e8le Thoumieux\" \/>\n\t<meta name=\"twitter:label2\" content=\"Estimated reading time\" \/>\n\t<meta name=\"twitter:data2\" content=\"7 minutes\" \/>\n<script type=\"application\/ld+json\" class=\"yoast-schema-graph\">{\"@context\":\"https:\\\/\\\/schema.org\",\"@graph\":[{\"@type\":\"Article\",\"@id\":\"https:\\\/\\\/ihedn.fr\\\/lundis-de-lihedn\\\/11-septembre-les-lecons-geopolitiques-22-ans-apres\\\/#article\",\"isPartOf\":{\"@id\":\"https:\\\/\\\/ihedn.fr\\\/lundis-de-lihedn\\\/11-septembre-les-lecons-geopolitiques-22-ans-apres\\\/\"},\"author\":{\"name\":\"Ad\u00e8le Thoumieux\",\"@id\":\"https:\\\/\\\/ihedn.fr\\\/#\\\/schema\\\/person\\\/16d49c2bd0121499ea9b9023ce89826c\"},\"headline\":\"11-Septembre : les le\u00e7ons g\u00e9opolitiques, 22 ans apr\u00e8s\",\"datePublished\":\"2023-09-10T15:25:14+00:00\",\"dateModified\":\"2023-09-11T13:27:31+00:00\",\"mainEntityOfPage\":{\"@id\":\"https:\\\/\\\/ihedn.fr\\\/lundis-de-lihedn\\\/11-septembre-les-lecons-geopolitiques-22-ans-apres\\\/\"},\"wordCount\":1417,\"publisher\":{\"@id\":\"https:\\\/\\\/ihedn.fr\\\/#organization\"},\"image\":{\"@id\":\"https:\\\/\\\/ihedn.fr\\\/lundis-de-lihedn\\\/11-septembre-les-lecons-geopolitiques-22-ans-apres\\\/#primaryimage\"},\"thumbnailUrl\":\"https:\\\/\\\/ihedn.fr\\\/wp-content\\\/uploads\\\/2023\\\/09\\\/VISUEL_11-SEPTEMBRE-scaled.jpg\",\"articleSection\":[\"Lundis de l'IHEDN\",\"Notre s\u00e9lection\",\"s\u00e9curit\u00e9 internationale\"],\"inLanguage\":\"en-GB\"},{\"@type\":\"WebPage\",\"@id\":\"https:\\\/\\\/ihedn.fr\\\/lundis-de-lihedn\\\/11-septembre-les-lecons-geopolitiques-22-ans-apres\\\/\",\"url\":\"https:\\\/\\\/ihedn.fr\\\/lundis-de-lihedn\\\/11-septembre-les-lecons-geopolitiques-22-ans-apres\\\/\",\"name\":\"11-Septembre : les le\u00e7ons g\u00e9opolitiques, 22 ans apr\u00e8s - L&#039;IHEDN : Institut des hautes \u00e9tudes de d\u00e9fense nationale\",\"isPartOf\":{\"@id\":\"https:\\\/\\\/ihedn.fr\\\/#website\"},\"primaryImageOfPage\":{\"@id\":\"https:\\\/\\\/ihedn.fr\\\/lundis-de-lihedn\\\/11-septembre-les-lecons-geopolitiques-22-ans-apres\\\/#primaryimage\"},\"image\":{\"@id\":\"https:\\\/\\\/ihedn.fr\\\/lundis-de-lihedn\\\/11-septembre-les-lecons-geopolitiques-22-ans-apres\\\/#primaryimage\"},\"thumbnailUrl\":\"https:\\\/\\\/ihedn.fr\\\/wp-content\\\/uploads\\\/2023\\\/09\\\/VISUEL_11-SEPTEMBRE-scaled.jpg\",\"datePublished\":\"2023-09-10T15:25:14+00:00\",\"dateModified\":\"2023-09-11T13:27:31+00:00\",\"breadcrumb\":{\"@id\":\"https:\\\/\\\/ihedn.fr\\\/lundis-de-lihedn\\\/11-septembre-les-lecons-geopolitiques-22-ans-apres\\\/#breadcrumb\"},\"inLanguage\":\"en-GB\",\"potentialAction\":[{\"@type\":\"ReadAction\",\"target\":[\"https:\\\/\\\/ihedn.fr\\\/lundis-de-lihedn\\\/11-septembre-les-lecons-geopolitiques-22-ans-apres\\\/\"]}]},{\"@type\":\"ImageObject\",\"inLanguage\":\"en-GB\",\"@id\":\"https:\\\/\\\/ihedn.fr\\\/lundis-de-lihedn\\\/11-septembre-les-lecons-geopolitiques-22-ans-apres\\\/#primaryimage\",\"url\":\"https:\\\/\\\/ihedn.fr\\\/wp-content\\\/uploads\\\/2023\\\/09\\\/VISUEL_11-SEPTEMBRE-scaled.jpg\",\"contentUrl\":\"https:\\\/\\\/ihedn.fr\\\/wp-content\\\/uploads\\\/2023\\\/09\\\/VISUEL_11-SEPTEMBRE-scaled.jpg\",\"width\":2560,\"height\":1440,\"caption\":\"11-Septembre : les le\u00e7ons g\u00e9opolitiques, 22 ans apr\u00e8s\"},{\"@type\":\"BreadcrumbList\",\"@id\":\"https:\\\/\\\/ihedn.fr\\\/lundis-de-lihedn\\\/11-septembre-les-lecons-geopolitiques-22-ans-apres\\\/#breadcrumb\",\"itemListElement\":[{\"@type\":\"ListItem\",\"position\":1,\"name\":\"Accueil\",\"item\":\"https:\\\/\\\/ihedn.fr\\\/\"},{\"@type\":\"ListItem\",\"position\":2,\"name\":\"11-Septembre : les le\u00e7ons g\u00e9opolitiques, 22 ans apr\u00e8s\"}]},{\"@type\":\"WebSite\",\"@id\":\"https:\\\/\\\/ihedn.fr\\\/#website\",\"url\":\"https:\\\/\\\/ihedn.fr\\\/\",\"name\":\"IHEDN : Institut des hautes \u00e9tudes de d\u00e9fense nationale |\",\"description\":\"Site officiel de l&#039;IHEDN plac\u00e9 sous la tutelle du Premier ministre.\",\"publisher\":{\"@id\":\"https:\\\/\\\/ihedn.fr\\\/#organization\"},\"potentialAction\":[{\"@type\":\"SearchAction\",\"target\":{\"@type\":\"EntryPoint\",\"urlTemplate\":\"https:\\\/\\\/ihedn.fr\\\/?s={search_term_string}\"},\"query-input\":{\"@type\":\"PropertyValueSpecification\",\"valueRequired\":true,\"valueName\":\"search_term_string\"}}],\"inLanguage\":\"en-GB\"},{\"@type\":\"Organization\",\"@id\":\"https:\\\/\\\/ihedn.fr\\\/#organization\",\"name\":\"IHEDN - Institut des Hautes Etudes de D\u00e9fense Nationale\",\"url\":\"https:\\\/\\\/ihedn.fr\\\/\",\"logo\":{\"@type\":\"ImageObject\",\"inLanguage\":\"en-GB\",\"@id\":\"https:\\\/\\\/ihedn.fr\\\/#\\\/schema\\\/logo\\\/image\\\/\",\"url\":\"https:\\\/\\\/ihedn.fr\\\/wp-content\\\/uploads\\\/2020\\\/11\\\/BLOC_RF_IHEDN_WEB.png\",\"contentUrl\":\"https:\\\/\\\/ihedn.fr\\\/wp-content\\\/uploads\\\/2020\\\/11\\\/BLOC_RF_IHEDN_WEB.png\",\"width\":500,\"height\":237,\"caption\":\"IHEDN - Institut des Hautes Etudes de D\u00e9fense Nationale\"},\"image\":{\"@id\":\"https:\\\/\\\/ihedn.fr\\\/#\\\/schema\\\/logo\\\/image\\\/\"},\"sameAs\":[\"https:\\\/\\\/www.facebook.com\\\/ihedn\\\/\",\"https:\\\/\\\/x.com\\\/IHEDN\",\"https:\\\/\\\/www.instagram.com\\\/ihedn\\\/\",\"https:\\\/\\\/www.linkedin.com\\\/school\\\/ihedn\\\/\",\"https:\\\/\\\/fr.wikipedia.org\\\/wiki\\\/Institut_des_hautes_\u00e9tudes_de_D\u00e9fense_nationale\"]},{\"@type\":\"Person\",\"@id\":\"https:\\\/\\\/ihedn.fr\\\/#\\\/schema\\\/person\\\/16d49c2bd0121499ea9b9023ce89826c\",\"name\":\"Ad\u00e8le Thoumieux\",\"image\":{\"@type\":\"ImageObject\",\"inLanguage\":\"en-GB\",\"@id\":\"https:\\\/\\\/secure.gravatar.com\\\/avatar\\\/64fc58d14679bdd185946349bcb229b06e37d30d6290c2bec15f1daa8f8e0ece?s=96&d=mm&r=g\",\"url\":\"https:\\\/\\\/secure.gravatar.com\\\/avatar\\\/64fc58d14679bdd185946349bcb229b06e37d30d6290c2bec15f1daa8f8e0ece?s=96&d=mm&r=g\",\"contentUrl\":\"https:\\\/\\\/secure.gravatar.com\\\/avatar\\\/64fc58d14679bdd185946349bcb229b06e37d30d6290c2bec15f1daa8f8e0ece?s=96&d=mm&r=g\",\"caption\":\"Ad\u00e8le Thoumieux\"},\"sameAs\":[\"http:\\\/\\\/ihedn.fr\"],\"url\":\"https:\\\/\\\/ihedn.fr\\\/en\\\/author\\\/thoumieux\\\/\"}]}<\/script>\n<!-- \/ Yoast SEO plugin. -->","yoast_head_json":{"title":"11-September: geopolitical lessons, 22 years on - L'IHEDN : Institut des hautes \u00e9tudes de d\u00e9fense nationale (French Institute for Higher National Defence Studies)","robots":{"index":"index","follow":"follow","max-snippet":"max-snippet:-1","max-image-preview":"max-image-preview:large","max-video-preview":"max-video-preview:-1"},"canonical":"https:\/\/ihedn.fr\/en\/lundis-de-lihedn\/11-septembre-les-lecons-geopolitiques-22-ans-apres\/","og_locale":"en_GB","og_type":"article","og_title":"11-Septembre : les le\u00e7ons g\u00e9opolitiques, 22 ans apr\u00e8s","og_description":"Plus que les attentats d\u2019Al-Qa\u00efda, c\u2019est la r\u00e9action des \u00c9tats-Unis qui constitue un basculement strat\u00e9gique, analysent deux chercheurs \u00e0 l\u2019IRSEM, Maud Quessard et \u00c9lie Baranets.","og_url":"https:\/\/ihedn.fr\/en\/lundis-de-lihedn\/11-septembre-les-lecons-geopolitiques-22-ans-apres\/","og_site_name":"L&#039;IHEDN : Institut des hautes \u00e9tudes de d\u00e9fense nationale","article_publisher":"https:\/\/www.facebook.com\/ihedn\/","article_published_time":"2023-09-10T15:25:14+00:00","article_modified_time":"2023-09-11T13:27:31+00:00","og_image":[{"width":2560,"height":1440,"url":"https:\/\/ihedn.fr\/wp-content\/uploads\/2023\/09\/VISUEL_11-SEPTEMBRE-scaled.jpg","type":"image\/jpeg"}],"author":"Ad\u00e8le Thoumieux","twitter_card":"summary_large_image","twitter_title":"11-Septembre : les le\u00e7ons g\u00e9opolitiques, 22 ans apr\u00e8s","twitter_description":"Plus que les attentats d\u2019Al-Qa\u00efda, c\u2019est la r\u00e9action des \u00c9tats-Unis qui constitue un basculement strat\u00e9gique, analysent deux chercheurs \u00e0 l\u2019IRSEM, Maud Quessard et \u00c9lie Baranets.","twitter_image":"https:\/\/ihedn.fr\/wp-content\/uploads\/2023\/09\/VISUEL_11-SEPTEMBRE-scaled.jpg","twitter_creator":"@IHEDN","twitter_site":"@IHEDN","twitter_misc":{"Written by":"Ad\u00e8le Thoumieux","Estimated reading time":"7 minutes"},"schema":{"@context":"https:\/\/schema.org","@graph":[{"@type":"Article","@id":"https:\/\/ihedn.fr\/lundis-de-lihedn\/11-septembre-les-lecons-geopolitiques-22-ans-apres\/#article","isPartOf":{"@id":"https:\/\/ihedn.fr\/lundis-de-lihedn\/11-septembre-les-lecons-geopolitiques-22-ans-apres\/"},"author":{"name":"Ad\u00e8le Thoumieux","@id":"https:\/\/ihedn.fr\/#\/schema\/person\/16d49c2bd0121499ea9b9023ce89826c"},"headline":"11-Septembre : les le\u00e7ons g\u00e9opolitiques, 22 ans apr\u00e8s","datePublished":"2023-09-10T15:25:14+00:00","dateModified":"2023-09-11T13:27:31+00:00","mainEntityOfPage":{"@id":"https:\/\/ihedn.fr\/lundis-de-lihedn\/11-septembre-les-lecons-geopolitiques-22-ans-apres\/"},"wordCount":1417,"publisher":{"@id":"https:\/\/ihedn.fr\/#organization"},"image":{"@id":"https:\/\/ihedn.fr\/lundis-de-lihedn\/11-septembre-les-lecons-geopolitiques-22-ans-apres\/#primaryimage"},"thumbnailUrl":"https:\/\/ihedn.fr\/wp-content\/uploads\/2023\/09\/VISUEL_11-SEPTEMBRE-scaled.jpg","articleSection":["Lundis de l'IHEDN","Notre s\u00e9lection","s\u00e9curit\u00e9 internationale"],"inLanguage":"en-GB"},{"@type":"WebPage","@id":"https:\/\/ihedn.fr\/lundis-de-lihedn\/11-septembre-les-lecons-geopolitiques-22-ans-apres\/","url":"https:\/\/ihedn.fr\/lundis-de-lihedn\/11-septembre-les-lecons-geopolitiques-22-ans-apres\/","name":"11-September: geopolitical lessons, 22 years on - L'IHEDN : Institut des hautes \u00e9tudes de d\u00e9fense nationale (French Institute for Higher National Defence Studies)","isPartOf":{"@id":"https:\/\/ihedn.fr\/#website"},"primaryImageOfPage":{"@id":"https:\/\/ihedn.fr\/lundis-de-lihedn\/11-septembre-les-lecons-geopolitiques-22-ans-apres\/#primaryimage"},"image":{"@id":"https:\/\/ihedn.fr\/lundis-de-lihedn\/11-septembre-les-lecons-geopolitiques-22-ans-apres\/#primaryimage"},"thumbnailUrl":"https:\/\/ihedn.fr\/wp-content\/uploads\/2023\/09\/VISUEL_11-SEPTEMBRE-scaled.jpg","datePublished":"2023-09-10T15:25:14+00:00","dateModified":"2023-09-11T13:27:31+00:00","breadcrumb":{"@id":"https:\/\/ihedn.fr\/lundis-de-lihedn\/11-septembre-les-lecons-geopolitiques-22-ans-apres\/#breadcrumb"},"inLanguage":"en-GB","potentialAction":[{"@type":"ReadAction","target":["https:\/\/ihedn.fr\/lundis-de-lihedn\/11-septembre-les-lecons-geopolitiques-22-ans-apres\/"]}]},{"@type":"ImageObject","inLanguage":"en-GB","@id":"https:\/\/ihedn.fr\/lundis-de-lihedn\/11-septembre-les-lecons-geopolitiques-22-ans-apres\/#primaryimage","url":"https:\/\/ihedn.fr\/wp-content\/uploads\/2023\/09\/VISUEL_11-SEPTEMBRE-scaled.jpg","contentUrl":"https:\/\/ihedn.fr\/wp-content\/uploads\/2023\/09\/VISUEL_11-SEPTEMBRE-scaled.jpg","width":2560,"height":1440,"caption":"11-Septembre : les le\u00e7ons g\u00e9opolitiques, 22 ans apr\u00e8s"},{"@type":"BreadcrumbList","@id":"https:\/\/ihedn.fr\/lundis-de-lihedn\/11-septembre-les-lecons-geopolitiques-22-ans-apres\/#breadcrumb","itemListElement":[{"@type":"ListItem","position":1,"name":"Accueil","item":"https:\/\/ihedn.fr\/"},{"@type":"ListItem","position":2,"name":"11-Septembre : les le\u00e7ons g\u00e9opolitiques, 22 ans apr\u00e8s"}]},{"@type":"WebSite","@id":"https:\/\/ihedn.fr\/#website","url":"https:\/\/ihedn.fr\/","name":"IHEDN: Institut des hautes \u00e9tudes de d\u00e9fense nationale (Institute for Higher National Defence Studies)","description":"Official website of the IHEDN under the supervision of the Prime Minister.","publisher":{"@id":"https:\/\/ihedn.fr\/#organization"},"potentialAction":[{"@type":"SearchAction","target":{"@type":"EntryPoint","urlTemplate":"https:\/\/ihedn.fr\/?s={search_term_string}"},"query-input":{"@type":"PropertyValueSpecification","valueRequired":true,"valueName":"search_term_string"}}],"inLanguage":"en-GB"},{"@type":"Organization","@id":"https:\/\/ihedn.fr\/#organization","name":"IHEDN - Institute for Higher National Defence Studies","url":"https:\/\/ihedn.fr\/","logo":{"@type":"ImageObject","inLanguage":"en-GB","@id":"https:\/\/ihedn.fr\/#\/schema\/logo\/image\/","url":"https:\/\/ihedn.fr\/wp-content\/uploads\/2020\/11\/BLOC_RF_IHEDN_WEB.png","contentUrl":"https:\/\/ihedn.fr\/wp-content\/uploads\/2020\/11\/BLOC_RF_IHEDN_WEB.png","width":500,"height":237,"caption":"IHEDN - Institut des Hautes Etudes de D\u00e9fense Nationale"},"image":{"@id":"https:\/\/ihedn.fr\/#\/schema\/logo\/image\/"},"sameAs":["https:\/\/www.facebook.com\/ihedn\/","https:\/\/x.com\/IHEDN","https:\/\/www.instagram.com\/ihedn\/","https:\/\/www.linkedin.com\/school\/ihedn\/","https:\/\/fr.wikipedia.org\/wiki\/Institut_des_hautes_\u00e9tudes_de_D\u00e9fense_nationale"]},{"@type":"Person","@id":"https:\/\/ihedn.fr\/#\/schema\/person\/16d49c2bd0121499ea9b9023ce89826c","name":"Ad\u00e8le Thoumieux","image":{"@type":"ImageObject","inLanguage":"en-GB","@id":"https:\/\/secure.gravatar.com\/avatar\/64fc58d14679bdd185946349bcb229b06e37d30d6290c2bec15f1daa8f8e0ece?s=96&d=mm&r=g","url":"https:\/\/secure.gravatar.com\/avatar\/64fc58d14679bdd185946349bcb229b06e37d30d6290c2bec15f1daa8f8e0ece?s=96&d=mm&r=g","contentUrl":"https:\/\/secure.gravatar.com\/avatar\/64fc58d14679bdd185946349bcb229b06e37d30d6290c2bec15f1daa8f8e0ece?s=96&d=mm&r=g","caption":"Ad\u00e8le Thoumieux"},"sameAs":["http:\/\/ihedn.fr"],"url":"https:\/\/ihedn.fr\/en\/author\/thoumieux\/"}]}},"publishpress_future_action":{"enabled":false,"date":"2026-05-07 00:33:07","action":"change-status","newStatus":"draft","terms":[],"taxonomy":"category","extraData":[]},"publishpress_future_workflow_manual_trigger":{"enabledWorkflows":[]},"_links":{"self":[{"href":"https:\/\/ihedn.fr\/en\/wp-json\/wp\/v2\/posts\/42391","targetHints":{"allow":["GET"]}}],"collection":[{"href":"https:\/\/ihedn.fr\/en\/wp-json\/wp\/v2\/posts"}],"about":[{"href":"https:\/\/ihedn.fr\/en\/wp-json\/wp\/v2\/types\/post"}],"author":[{"embeddable":true,"href":"https:\/\/ihedn.fr\/en\/wp-json\/wp\/v2\/users\/12"}],"replies":[{"embeddable":true,"href":"https:\/\/ihedn.fr\/en\/wp-json\/wp\/v2\/comments?post=42391"}],"version-history":[{"count":11,"href":"https:\/\/ihedn.fr\/en\/wp-json\/wp\/v2\/posts\/42391\/revisions"}],"predecessor-version":[{"id":42404,"href":"https:\/\/ihedn.fr\/en\/wp-json\/wp\/v2\/posts\/42391\/revisions\/42404"}],"wp:featuredmedia":[{"embeddable":true,"href":"https:\/\/ihedn.fr\/en\/wp-json\/wp\/v2\/media\/42392"}],"wp:attachment":[{"href":"https:\/\/ihedn.fr\/en\/wp-json\/wp\/v2\/media?parent=42391"}],"wp:term":[{"taxonomy":"category","embeddable":true,"href":"https:\/\/ihedn.fr\/en\/wp-json\/wp\/v2\/categories?post=42391"},{"taxonomy":"post_tag","embeddable":true,"href":"https:\/\/ihedn.fr\/en\/wp-json\/wp\/v2\/tags?post=42391"}],"curies":[{"name":"wp","href":"https:\/\/api.w.org\/{rel}","templated":true}]}}