{"id":42441,"date":"2023-09-14T11:22:33","date_gmt":"2023-09-14T10:22:33","guid":{"rendered":"https:\/\/ihedn.fr\/?p=42441"},"modified":"2023-10-25T09:53:47","modified_gmt":"2023-10-25T08:53:47","slug":"rentree-de-la-3e-session-nationale-face-a-la-guerre-se-former-a-lesprit-de-defense","status":"publish","type":"post","link":"https:\/\/ihedn.fr\/en\/notre-actualite\/rentree-de-la-3e-session-nationale-face-a-la-guerre-se-former-a-lesprit-de-defense\/","title":{"rendered":"Back to school for the 3rd national session: \"Facing up to war\", training in the spirit of defence"},"content":{"rendered":"<div data-elementor-type=\"wp-post\" data-elementor-id=\"42441\" class=\"elementor elementor-42441\" data-elementor-post-type=\"post\">\n\t\t\t\t\t\t<section data-particle_enable=\"false\" data-particle-mobile-disabled=\"false\" class=\"elementor-section elementor-top-section elementor-element elementor-element-39f38c4 elementor-section-boxed elementor-section-height-default elementor-section-height-default\" data-id=\"39f38c4\" data-element_type=\"section\" data-e-type=\"section\">\n\t\t\t\t\t\t<div class=\"elementor-container elementor-column-gap-default\">\n\t\t\t\t\t<div class=\"elementor-column elementor-col-100 elementor-top-column elementor-element elementor-element-9b63f34\" data-id=\"9b63f34\" data-element_type=\"column\" data-e-type=\"column\">\n\t\t\t<div class=\"elementor-widget-wrap elementor-element-populated\">\n\t\t\t\t\t\t<div class=\"elementor-element elementor-element-1d024c0 elementor-widget elementor-widget-text-editor\" data-id=\"1d024c0\" data-element_type=\"widget\" data-e-type=\"widget\" data-widget_type=\"text-editor.default\">\n\t\t\t\t<div class=\"elementor-widget-container\">\n\t\t\t\t\t\t\t\t\t<p>Appointed at the beginning of the summer by <a href=\"https:\/\/ihedn.fr\/wp-content\/uploads\/2023\/06\/ihedn_session-nationale_2023-2024.pdf\">Order of the Prime Minister<\/a>It was in his presence that the 283 auditors of the 3<sup>e<\/sup> national session made their d\u00e9but on Wednesday 13 September at the \u00c9cole Militaire. Throughout the day, they learned more about the course of their training, which will run until June 2024, while enjoying the first lectures given by leading figures from the military and civilian world, in connection with the study theme chosen for this year: \"Faced with war, France and the new balances in its defence and security\".<\/p><p>The Director of the IHEDN, Lieutenant General Beno\u00eet Durieux, first welcomed them to the Foch amphitheatre, predicting \"the start of a collective adventure that will mark more than your year\". He greeted the officers sent for this session by seven allied armies (Germany, Canada, Spain, the United States, Italy, the Netherlands and the United Kingdom), as well as the students from the civilian world, emphasising: \"We are all citizens\".<\/p><p>Retailer <a href=\"https:\/\/ihedn.fr\/en\/2023\/05\/15\/le-perimetre-de-la-defense-nationale-la-specificite-de-lihedn\/\">the four circles of the national defence perimeter<\/a>The Director also reminded them of the Institute's motto: \"Understanding in order to act, understanding in order to act together\". \"This has been the compass of our sessions since 1936\", he emphasised. Giving an overview of the current strategic context, General Durieux detailed \"three major phenomena today: the new roughness of relations between States; the anarchy that is affecting entire regions on our doorstep\" with terrorist movements and various forms of trafficking, bearing in mind that \"it is more difficult to control disorder than to reason with a unified State; and the fragilities that are emerging in our territories\".<\/p>\t\t\t\t\t\t\t\t<\/div>\n\t\t\t\t<\/div>\n\t\t\t\t\t<\/div>\n\t\t<\/div>\n\t\t\t\t\t<\/div>\n\t\t<\/section>\n\t\t\t\t<section data-particle_enable=\"false\" data-particle-mobile-disabled=\"false\" class=\"elementor-section elementor-top-section elementor-element elementor-element-f17b214 elementor-section-boxed elementor-section-height-default elementor-section-height-default\" data-id=\"f17b214\" data-element_type=\"section\" data-e-type=\"section\">\n\t\t\t\t\t\t<div class=\"elementor-container elementor-column-gap-default\">\n\t\t\t\t\t<div class=\"elementor-column elementor-col-100 elementor-top-column elementor-element elementor-element-8764ef3\" data-id=\"8764ef3\" data-element_type=\"column\" data-e-type=\"column\">\n\t\t\t<div class=\"elementor-widget-wrap elementor-element-populated\">\n\t\t\t\t\t\t<div class=\"elementor-element elementor-element-2d87fb8 elementor-widget elementor-widget-heading\" data-id=\"2d87fb8\" data-element_type=\"widget\" data-e-type=\"widget\" data-widget_type=\"heading.default\">\n\t\t\t\t<div class=\"elementor-widget-container\">\n\t\t\t\t\t<h1 class=\"elementor-heading-title elementor-size-default\">OPERATIONS COVERED BY THE CHATHAM HOUSE RULE<\/h1>\t\t\t\t<\/div>\n\t\t\t\t<\/div>\n\t\t\t\t\t<\/div>\n\t\t<\/div>\n\t\t\t\t\t<\/div>\n\t\t<\/section>\n\t\t\t\t<section data-particle_enable=\"false\" data-particle-mobile-disabled=\"false\" class=\"elementor-section elementor-top-section elementor-element elementor-element-ab5fe97 elementor-section-boxed elementor-section-height-default elementor-section-height-default\" data-id=\"ab5fe97\" data-element_type=\"section\" data-e-type=\"section\">\n\t\t\t\t\t\t<div class=\"elementor-container elementor-column-gap-default\">\n\t\t\t\t\t<div class=\"elementor-column elementor-col-100 elementor-top-column elementor-element elementor-element-7d79aad\" data-id=\"7d79aad\" data-element_type=\"column\" data-e-type=\"column\">\n\t\t\t<div class=\"elementor-widget-wrap elementor-element-populated\">\n\t\t\t\t\t\t<div class=\"elementor-element elementor-element-c1494b5 elementor-widget elementor-widget-text-editor\" data-id=\"c1494b5\" data-element_type=\"widget\" data-e-type=\"widget\" data-widget_type=\"text-editor.default\">\n\t\t\t\t<div class=\"elementor-widget-container\">\n\t\t\t\t\t\t\t\t\t<p>Prefect St\u00e9phane Bouillon, General Secretary for Defence and National Security (SGDSN), who supervises the IHEDN on behalf of the Prime Minister, went on to explain its missions and the importance of the Institute's role. However, as the SGDSN's speech was covered by the <a href=\"https:\/\/fr.wikipedia.org\/wiki\/R%C3%A8gle_de_Chatham_House\">Rule of Chatham House<\/a>The content of the conference, which was designed to ensure greater freedom of speech, was confined within the walls of the \u00c9cole Militaire. The same was true later in the day for the speech by the Chief of Staff of the French Armed Forces, General Thierry Burkhard, and his exchanges with the audience, as well as for that of Lieutenant General Jacques de Montgros, Director of Military Intelligence, the following morning. This will be the case until the end of the session for all speeches by external personalities to the audience.<\/p><p>President of the <a href=\"https:\/\/www.legifrance.gouv.fr\/download\/pdf?id=5T5_vWvFKWHkB0b2CFOrldVeMJTi2C06ic6UTBmB0po=\">IHEDN Board of Directors<\/a>Ambassador Sylvie Bermann spoke briefly about its role, and that of the <a href=\"https:\/\/ihedn.fr\/wp-content\/uploads\/2021\/02\/IHEDN-Arrete-PM-conseil-scientifique-IHEDN-24-septembre-2020.pdf\">scientific advisory board<\/a>. She also gave her vision of the strategic context, pointing out that she took up her post at the time of the pandemic in 2020, the first \"black swan\" in the global sky. \"The war in Ukraine is another black swan, and in reality, there are more black swans than white swans in the world today\", she added, quoting former minister Jean-Yves Le Drian: \"The new world is going to be the old world only worse\".<\/p><p>Prefect Denis Conus, Deputy Director of the IHEDN, then gave a detailed presentation of this 3rd edition of the IHEDN.<sup>e<\/sup> session. Last spring, he and the head of the national session department, armaments engineer Florence Plessix, chaired the selection panels for 500 applicants from a wide variety of backgrounds. \"The IHEDN is not an academic entrance exam, and many of you have already passed some very difficult ones,\" he said. \"The purpose of the interview with the jury is to enable the director to give the Prime Minister the best advice. And the best advice is a list that maximises the benefits of training to spread the spirit of defence in all sectors of society.<\/p>\t\t\t\t\t\t\t\t<\/div>\n\t\t\t\t<\/div>\n\t\t\t\t<section data-particle_enable=\"false\" data-particle-mobile-disabled=\"false\" class=\"elementor-section elementor-inner-section elementor-element elementor-element-506c719 elementor-section-boxed elementor-section-height-default elementor-section-height-default\" data-id=\"506c719\" data-element_type=\"section\" data-e-type=\"section\">\n\t\t\t\t\t\t<div class=\"elementor-container elementor-column-gap-default\">\n\t\t\t\t\t<div class=\"elementor-column elementor-col-33 elementor-inner-column elementor-element elementor-element-23df93a\" data-id=\"23df93a\" data-element_type=\"column\" data-e-type=\"column\">\n\t\t\t<div class=\"elementor-widget-wrap elementor-element-populated\">\n\t\t\t\t\t\t<div class=\"elementor-element elementor-element-3b8ec67 elementor-widget elementor-widget-image\" data-id=\"3b8ec67\" data-element_type=\"widget\" data-e-type=\"widget\" data-widget_type=\"image.default\">\n\t\t\t\t<div class=\"elementor-widget-container\">\n\t\t\t\t\t\t\t\t\t\t\t\t<figure class=\"wp-caption\">\n\t\t\t\t\t\t\t\t\t\t<img fetchpriority=\"high\" decoding=\"async\" width=\"1599\" height=\"1066\" src=\"https:\/\/ihedn.fr\/wp-content\/uploads\/2023\/09\/PHOTO-2023-09-13-14-57-48-3.jpg\" class=\"attachment-full size-full wp-image-42444\" alt=\"Intervention du Chef d\u2019\u00e9tat-major des arm\u00e9es, le g\u00e9n\u00e9ral d\u2019arm\u00e9e Thierry Burkhard\" srcset=\"https:\/\/ihedn.fr\/wp-content\/uploads\/2023\/09\/PHOTO-2023-09-13-14-57-48-3.jpg 1599w, https:\/\/ihedn.fr\/wp-content\/uploads\/2023\/09\/PHOTO-2023-09-13-14-57-48-3-1536x1024.jpg 1536w, https:\/\/ihedn.fr\/wp-content\/uploads\/2023\/09\/PHOTO-2023-09-13-14-57-48-3-18x12.jpg 18w\" sizes=\"(max-width: 1599px) 100vw, 1599px\" \/>\t\t\t\t\t\t\t\t\t\t\t<figcaption class=\"widget-image-caption wp-caption-text\">Speech by the Chief of the Defence Staff, Army General Thierry Burkhard<\/figcaption>\n\t\t\t\t\t\t\t\t\t\t<\/figure>\n\t\t\t\t\t\t\t\t\t<\/div>\n\t\t\t\t<\/div>\n\t\t\t\t\t<\/div>\n\t\t<\/div>\n\t\t\t\t<div class=\"elementor-column elementor-col-33 elementor-inner-column elementor-element elementor-element-5320608\" data-id=\"5320608\" data-element_type=\"column\" data-e-type=\"column\">\n\t\t\t<div class=\"elementor-widget-wrap elementor-element-populated\">\n\t\t\t\t\t\t<div class=\"elementor-element elementor-element-7953a92 elementor-widget elementor-widget-image\" data-id=\"7953a92\" data-element_type=\"widget\" data-e-type=\"widget\" data-widget_type=\"image.default\">\n\t\t\t\t<div class=\"elementor-widget-container\">\n\t\t\t\t\t\t\t\t\t\t\t\t<figure class=\"wp-caption\">\n\t\t\t\t\t\t\t\t\t\t<img decoding=\"async\" width=\"300\" height=\"300\" src=\"https:\/\/ihedn.fr\/wp-content\/uploads\/2023\/09\/DSC_0102-300x300.jpg\" class=\"attachment-medium size-medium wp-image-42447\" alt=\"Madame l&#039;ambassadeur Sylvie Bermann\" srcset=\"https:\/\/ihedn.fr\/wp-content\/uploads\/2023\/09\/DSC_0102-300x300.jpg 300w, https:\/\/ihedn.fr\/wp-content\/uploads\/2023\/09\/DSC_0102-1024x1024.jpg 1024w, https:\/\/ihedn.fr\/wp-content\/uploads\/2023\/09\/DSC_0102-150x150.jpg 150w, https:\/\/ihedn.fr\/wp-content\/uploads\/2023\/09\/DSC_0102-768x768.jpg 768w\" sizes=\"(max-width: 300px) 100vw, 300px\" \/>\t\t\t\t\t\t\t\t\t\t\t<figcaption class=\"widget-image-caption wp-caption-text\">Ambassador Sylvie Bermann <\/figcaption>\n\t\t\t\t\t\t\t\t\t\t<\/figure>\n\t\t\t\t\t\t\t\t\t<\/div>\n\t\t\t\t<\/div>\n\t\t\t\t\t<\/div>\n\t\t<\/div>\n\t\t\t\t<div class=\"elementor-column elementor-col-33 elementor-inner-column elementor-element elementor-element-52e63dd\" data-id=\"52e63dd\" data-element_type=\"column\" data-e-type=\"column\">\n\t\t\t<div class=\"elementor-widget-wrap elementor-element-populated\">\n\t\t\t\t\t\t<div class=\"elementor-element elementor-element-a37a5dd elementor-widget elementor-widget-image\" data-id=\"a37a5dd\" data-element_type=\"widget\" data-e-type=\"widget\" data-widget_type=\"image.default\">\n\t\t\t\t<div class=\"elementor-widget-container\">\n\t\t\t\t\t\t\t\t\t\t\t\t<figure class=\"wp-caption\">\n\t\t\t\t\t\t\t\t\t\t<img decoding=\"async\" width=\"1896\" height=\"1264\" src=\"https:\/\/ihedn.fr\/wp-content\/uploads\/2023\/09\/DSC_0104.jpg\" class=\"attachment-full size-full wp-image-42446\" alt=\"Le pr\u00e9fet Denis Conus, Directeur adjoint de l\u2019IHEDN\" srcset=\"https:\/\/ihedn.fr\/wp-content\/uploads\/2023\/09\/DSC_0104.jpg 1896w, https:\/\/ihedn.fr\/wp-content\/uploads\/2023\/09\/DSC_0104-1536x1024.jpg 1536w, https:\/\/ihedn.fr\/wp-content\/uploads\/2023\/09\/DSC_0104-18x12.jpg 18w\" sizes=\"(max-width: 1896px) 100vw, 1896px\" \/>\t\t\t\t\t\t\t\t\t\t\t<figcaption class=\"widget-image-caption wp-caption-text\">Prefect Denis Conus, Deputy Director of IHEDN<\/figcaption>\n\t\t\t\t\t\t\t\t\t\t<\/figure>\n\t\t\t\t\t\t\t\t\t<\/div>\n\t\t\t\t<\/div>\n\t\t\t\t\t<\/div>\n\t\t<\/div>\n\t\t\t\t\t<\/div>\n\t\t<\/section>\n\t\t\t\t\t<\/div>\n\t\t<\/div>\n\t\t\t\t\t<\/div>\n\t\t<\/section>\n\t\t\t\t<section data-particle_enable=\"false\" data-particle-mobile-disabled=\"false\" class=\"elementor-section elementor-top-section elementor-element elementor-element-4f2aa20 elementor-section-boxed elementor-section-height-default elementor-section-height-default\" data-id=\"4f2aa20\" data-element_type=\"section\" data-e-type=\"section\">\n\t\t\t\t\t\t<div class=\"elementor-container elementor-column-gap-default\">\n\t\t\t\t\t<div class=\"elementor-column elementor-col-100 elementor-top-column elementor-element elementor-element-094a83e\" data-id=\"094a83e\" data-element_type=\"column\" data-e-type=\"column\">\n\t\t\t<div class=\"elementor-widget-wrap elementor-element-populated\">\n\t\t\t\t\t\t<div class=\"elementor-element elementor-element-6fae9b1 elementor-widget elementor-widget-heading\" data-id=\"6fae9b1\" data-element_type=\"widget\" data-e-type=\"widget\" data-widget_type=\"heading.default\">\n\t\t\t\t<div class=\"elementor-widget-container\">\n\t\t\t\t\t<h1 class=\"elementor-heading-title elementor-size-default\">APPLICATIONS UP 43%, BEST SUCCESS RATE FOR WOMEN<\/h1>\t\t\t\t<\/div>\n\t\t\t\t<\/div>\n\t\t\t\t\t<\/div>\n\t\t<\/div>\n\t\t\t\t\t<\/div>\n\t\t<\/section>\n\t\t\t\t<section data-particle_enable=\"false\" data-particle-mobile-disabled=\"false\" class=\"elementor-section elementor-top-section elementor-element elementor-element-797c8d8 elementor-section-boxed elementor-section-height-default elementor-section-height-default\" data-id=\"797c8d8\" data-element_type=\"section\" data-e-type=\"section\">\n\t\t\t\t\t\t<div class=\"elementor-container elementor-column-gap-default\">\n\t\t\t\t\t<div class=\"elementor-column elementor-col-100 elementor-top-column elementor-element elementor-element-df7a4c9\" data-id=\"df7a4c9\" data-element_type=\"column\" data-e-type=\"column\">\n\t\t\t<div class=\"elementor-widget-wrap elementor-element-populated\">\n\t\t\t\t\t\t<div class=\"elementor-element elementor-element-6ccf82c elementor-widget elementor-widget-text-editor\" data-id=\"6ccf82c\" data-element_type=\"widget\" data-e-type=\"widget\" data-widget_type=\"text-editor.default\">\n\t\t\t\t<div class=\"elementor-widget-container\">\n\t\t\t\t\t\t\t\t\t<p>In two years, the number of applications has increased by 43%. Apart from military personnel from the Centre des Hautes \u00c9tudes Militaires (CHEM) and members of parliament (8 MPs, 4 senators and one MEP), who are members by right, all passed the selection process. With 283 auditors, 18 more than last year, \"we are almost at maximum capacity\", noted the Prefect. Their average age is 47. 30% of the candidates were women, but in the end there were 35% female auditors in the session. \"The success rate for women is therefore higher than that for men, without any positive discrimination.<\/p><p>In addition to military personnel from the 7 allied countries, listeners come from 45 French departments and, new this year thanks to an agreement signed with the French Overseas Departments and Territories Ministry, from more distant departments, regions or communities: Martinique, Mayotte, New Caledonia, Polynesia and Reunion Island. In terms of socio-professional composition, there are four main categories:<\/p><ul><li>Private sector: 31%, 2\/3 from SMEs, ETIs or self-employed, and 1\/3 from major groups, in energy, telecoms and digital, arms, aeronautics and space, banking and finance, publishing, transport, construction, consultancy, etc.<\/li><li>Ministry of the Armed Forces: 28%, mostly military personnel representing the three services and the gendarmerie, but also civilians<\/li><li>Public sector: 21%, with representatives from the three civil services (state, local and hospital), central government, the judiciary and higher education.<\/li><li>The remainder is made up of opinion leaders, for whom applications are on the increase: members of parliament, local elected representatives, heads of associations or foundations, lawyers, trade union representatives and representatives of religious denominations (one Catholic, one Protestant, one Buddhist).<\/li><\/ul><p>Florence Plessix then succeeded the Prefect on the stage of the Foch amphitheatre to give details of the national session. IHEDN training is based on a three-pronged pedagogical approach, described in detail by Dr Guillaume Lasconjarias, head of the studies and research department, with :<\/p><ul><li>Lectures by leading figures from the world of defence<\/li><li>Work on specific subjects in committees of several auditors<\/li><li>Field visits in France and abroad, and missions to pre-positioned armed forces in French Guiana, Djibouti, etc.<\/li><\/ul><p>\u00a0<\/p><p>Together, the 283 auditors follow a common core curriculum and dedicated courses for each of the five majors, which their heads presented in turn:\u00a0<\/p><ul><li>Defence Policy (PolDef), headed by Lieutenant General (in 2<sup>e<\/sup> section) Michel Yakovleff<\/li><li>Armaments and Defence Economics (AED), headed by Armaments Engineer General (2S) \u00c9tienne Paris<\/li><li>Defence and Economic Security (DSE), headed by Engineer General of Armaments (2S) Jacques Roujansky<\/li><li>Maritime Issues and Strategies (ESM), headed by Vice-Admiral (2S) Franck Baduel<\/li><li>Digital Sovereignty and Cybersecurity (SNC), headed by Vice-Admiral (2S) Henri Schricke<\/li><\/ul>\t\t\t\t\t\t\t\t<\/div>\n\t\t\t\t<\/div>\n\t\t\t\t<section data-particle_enable=\"false\" data-particle-mobile-disabled=\"false\" class=\"elementor-section elementor-inner-section elementor-element elementor-element-475cd69 elementor-section-boxed elementor-section-height-default elementor-section-height-default\" data-id=\"475cd69\" data-element_type=\"section\" data-e-type=\"section\">\n\t\t\t\t\t\t<div class=\"elementor-container elementor-column-gap-default\">\n\t\t\t\t\t<div class=\"elementor-column elementor-col-50 elementor-inner-column elementor-element elementor-element-f669dcd\" data-id=\"f669dcd\" data-element_type=\"column\" data-e-type=\"column\">\n\t\t\t<div class=\"elementor-widget-wrap elementor-element-populated\">\n\t\t\t\t\t\t<div class=\"elementor-element elementor-element-56899e5 elementor-widget elementor-widget-image\" data-id=\"56899e5\" data-element_type=\"widget\" data-e-type=\"widget\" data-widget_type=\"image.default\">\n\t\t\t\t<div class=\"elementor-widget-container\">\n\t\t\t\t\t\t\t\t\t\t\t\t<figure class=\"wp-caption\">\n\t\t\t\t\t\t\t\t\t\t<img loading=\"lazy\" decoding=\"async\" width=\"1981\" height=\"1321\" src=\"https:\/\/ihedn.fr\/wp-content\/uploads\/2023\/09\/DSC_0171.jpg\" class=\"attachment-full size-full wp-image-42448\" alt=\"Pr\u00e9sentation des chefs de d\u00e9partements\" srcset=\"https:\/\/ihedn.fr\/wp-content\/uploads\/2023\/09\/DSC_0171.jpg 1981w, https:\/\/ihedn.fr\/wp-content\/uploads\/2023\/09\/DSC_0171-1536x1024.jpg 1536w, https:\/\/ihedn.fr\/wp-content\/uploads\/2023\/09\/DSC_0171-18x12.jpg 18w\" sizes=\"(max-width: 1981px) 100vw, 1981px\" \/>\t\t\t\t\t\t\t\t\t\t\t<figcaption class=\"widget-image-caption wp-caption-text\">Introducing the heads of department<\/figcaption>\n\t\t\t\t\t\t\t\t\t\t<\/figure>\n\t\t\t\t\t\t\t\t\t<\/div>\n\t\t\t\t<\/div>\n\t\t\t\t\t<\/div>\n\t\t<\/div>\n\t\t\t\t<div class=\"elementor-column elementor-col-50 elementor-inner-column elementor-element elementor-element-76629bd\" data-id=\"76629bd\" data-element_type=\"column\" data-e-type=\"column\">\n\t\t\t<div class=\"elementor-widget-wrap elementor-element-populated\">\n\t\t\t\t\t\t<div class=\"elementor-element elementor-element-44a2c00 elementor-widget elementor-widget-image\" data-id=\"44a2c00\" data-element_type=\"widget\" data-e-type=\"widget\" data-widget_type=\"image.default\">\n\t\t\t\t<div class=\"elementor-widget-container\">\n\t\t\t\t\t\t\t\t\t\t\t\t<figure class=\"wp-caption\">\n\t\t\t\t\t\t\t\t\t\t<img loading=\"lazy\" decoding=\"async\" width=\"1599\" height=\"1066\" src=\"https:\/\/ihedn.fr\/wp-content\/uploads\/2023\/09\/PHOTO-2023-09-13-17-24-47.jpg\" class=\"attachment-full size-full wp-image-42449\" alt=\"Auditeurs de la 3e session nationale\" srcset=\"https:\/\/ihedn.fr\/wp-content\/uploads\/2023\/09\/PHOTO-2023-09-13-17-24-47.jpg 1599w, https:\/\/ihedn.fr\/wp-content\/uploads\/2023\/09\/PHOTO-2023-09-13-17-24-47-1536x1024.jpg 1536w, https:\/\/ihedn.fr\/wp-content\/uploads\/2023\/09\/PHOTO-2023-09-13-17-24-47-18x12.jpg 18w\" sizes=\"(max-width: 1599px) 100vw, 1599px\" \/>\t\t\t\t\t\t\t\t\t\t\t<figcaption class=\"widget-image-caption wp-caption-text\">Auditors at the 3rd national session<\/figcaption>\n\t\t\t\t\t\t\t\t\t\t<\/figure>\n\t\t\t\t\t\t\t\t\t<\/div>\n\t\t\t\t<\/div>\n\t\t\t\t\t<\/div>\n\t\t<\/div>\n\t\t\t\t\t<\/div>\n\t\t<\/section>\n\t\t\t\t\t<\/div>\n\t\t<\/div>\n\t\t\t\t\t<\/div>\n\t\t<\/section>\n\t\t\t\t<section data-particle_enable=\"false\" data-particle-mobile-disabled=\"false\" class=\"elementor-section elementor-top-section elementor-element elementor-element-e340610 elementor-section-boxed elementor-section-height-default elementor-section-height-default\" data-id=\"e340610\" data-element_type=\"section\" data-e-type=\"section\">\n\t\t\t\t\t\t<div class=\"elementor-container elementor-column-gap-default\">\n\t\t\t\t\t<div class=\"elementor-column elementor-col-100 elementor-top-column elementor-element elementor-element-bb0a777\" data-id=\"bb0a777\" data-element_type=\"column\" data-e-type=\"column\">\n\t\t\t<div class=\"elementor-widget-wrap elementor-element-populated\">\n\t\t\t\t\t\t<div class=\"elementor-element elementor-element-1eb70c9 elementor-widget elementor-widget-heading\" data-id=\"1eb70c9\" data-element_type=\"widget\" data-e-type=\"widget\" data-widget_type=\"heading.default\">\n\t\t\t\t<div class=\"elementor-widget-container\">\n\t\t\t\t\t<h1 class=\"elementor-heading-title elementor-size-default\">ELISABETH BORNE : <br>\"THE WORDS OF A WOMAN WHO HAS WORN THE UNIFORM<\/h1>\t\t\t\t<\/div>\n\t\t\t\t<\/div>\n\t\t\t\t\t<\/div>\n\t\t<\/div>\n\t\t\t\t\t<\/div>\n\t\t<\/section>\n\t\t\t\t<section data-particle_enable=\"false\" data-particle-mobile-disabled=\"false\" class=\"elementor-section elementor-top-section elementor-element elementor-element-49257f3 elementor-section-boxed elementor-section-height-default elementor-section-height-default\" data-id=\"49257f3\" data-element_type=\"section\" data-e-type=\"section\">\n\t\t\t\t\t\t<div class=\"elementor-container elementor-column-gap-default\">\n\t\t\t\t\t<div class=\"elementor-column elementor-col-100 elementor-top-column elementor-element elementor-element-3b014c5\" data-id=\"3b014c5\" data-element_type=\"column\" data-e-type=\"column\">\n\t\t\t<div class=\"elementor-widget-wrap elementor-element-populated\">\n\t\t\t\t\t\t<div class=\"elementor-element elementor-element-cddf461 elementor-widget elementor-widget-text-editor\" data-id=\"cddf461\" data-element_type=\"widget\" data-e-type=\"widget\" data-widget_type=\"text-editor.default\">\n\t\t\t\t<div class=\"elementor-widget-container\">\n\t\t\t\t\t\t\t\t\t<p>In the afternoon, Prime Minister \u00c9lisabeth Borne addressed the audience, together with a number of military and government authorities. Introducing the theme for this year's 3<sup>e<\/sup> In her address to the national session on \"Faced with war, France and the new balances of its defence and security\", the Head of Government emphasised: \"We would no doubt all have preferred to avoid asking ourselves these crucial and painful questions again. However, it will be up to you, over the course of this year, to reflect on them as part of your work.<\/p><p>\"In the words of a woman who knows the armed forces, who has worn the uniform\" (editor's note: of the \u00c9cole polytechnique), she then urged the audience to \"approach this question with lucidity, with a certain gravity, but also with great confidence in our country's ability to meet the challenges of our time\".<\/p><p>From observations to analyses, the Prime Minister peppered her speech with advice to the students on how to approach their training at the IHEDN: \"We are going through a period of profound change with the return of war to Europe and emerging crises around the world. To analyse this period, we need to look at the world as it is, without twisting reality to make it reassuring or to fit a predefined reading grid.\u00a0<\/p><p>After welcoming the audience from overseas, the Head of Government spoke of the forthcoming launch of the Defence Academy of the \u00c9cole Militaire (ACADEM), stressing the importance of building \"on the formidable expertise developed on the \u00c9cole Militaire site, the heart of French strategic thinking. The \u00c9cole Militaire Defence Academy project, which will be launched in October, bears witness to this vitality and to the results of the efforts of General Beno\u00eet Durieux, who is carrying this project forward with determination\". The Prime Minister's speech at the start of the IHEDN national session is available at <a href=\"https:\/\/twitter.com\/gouvernementFR\/status\/1701975987754352658\">to be found in full on the government's X account<\/a>.<\/p><p>The following day, the auditors continued their studies with their first field trip, which was both intellectually and physically rewarding: the AED and ESM majors went to the 3<sup>e<\/sup> Marine Infantry Regiment at Fort de Penthi\u00e8vre (Morbihan), the SNC and DSE majors at 1<sup>er<\/sup> R\u00e9giment de spahis in Valence (Dr\u00f4me) and at the Commissariat \u00e0 l'\u00e9nergie atomique in Grenoble (Is\u00e8re), while the PolDef major was at the Centre national d'entra\u00eenement commando in Collioure (Pyr\u00e9n\u00e9es-Orientales).<\/p>\t\t\t\t\t\t\t\t<\/div>\n\t\t\t\t<\/div>\n\t\t\t\t<section data-particle_enable=\"false\" data-particle-mobile-disabled=\"false\" class=\"elementor-section elementor-inner-section elementor-element elementor-element-530bc1a elementor-section-boxed elementor-section-height-default elementor-section-height-default\" data-id=\"530bc1a\" data-element_type=\"section\" data-e-type=\"section\">\n\t\t\t\t\t\t<div class=\"elementor-container elementor-column-gap-default\">\n\t\t\t\t\t<div class=\"elementor-column elementor-col-50 elementor-inner-column elementor-element elementor-element-01108ba\" data-id=\"01108ba\" data-element_type=\"column\" data-e-type=\"column\">\n\t\t\t<div class=\"elementor-widget-wrap elementor-element-populated\">\n\t\t\t\t\t\t<div class=\"elementor-element elementor-element-43e8314 elementor-widget elementor-widget-image\" data-id=\"43e8314\" data-element_type=\"widget\" data-e-type=\"widget\" data-widget_type=\"image.default\">\n\t\t\t\t<div class=\"elementor-widget-container\">\n\t\t\t\t\t\t\t\t\t\t\t\t<figure class=\"wp-caption\">\n\t\t\t\t\t\t\t\t\t\t<img loading=\"lazy\" decoding=\"async\" width=\"1599\" height=\"1066\" src=\"https:\/\/ihedn.fr\/wp-content\/uploads\/2023\/09\/PHOTO-2023-09-13-17-24-48-2.jpg\" class=\"attachment-full size-full wp-image-42450\" alt=\"Intervention de Mme \u00c9lisabeth Borne, Premi\u00e8re ministre\" srcset=\"https:\/\/ihedn.fr\/wp-content\/uploads\/2023\/09\/PHOTO-2023-09-13-17-24-48-2.jpg 1599w, https:\/\/ihedn.fr\/wp-content\/uploads\/2023\/09\/PHOTO-2023-09-13-17-24-48-2-1536x1024.jpg 1536w, https:\/\/ihedn.fr\/wp-content\/uploads\/2023\/09\/PHOTO-2023-09-13-17-24-48-2-18x12.jpg 18w\" sizes=\"(max-width: 1599px) 100vw, 1599px\" \/>\t\t\t\t\t\t\t\t\t\t\t<figcaption class=\"widget-image-caption wp-caption-text\">Speech by \u00c9lisabeth Borne, Prime Minister of France<\/figcaption>\n\t\t\t\t\t\t\t\t\t\t<\/figure>\n\t\t\t\t\t\t\t\t\t<\/div>\n\t\t\t\t<\/div>\n\t\t\t\t\t<\/div>\n\t\t<\/div>\n\t\t\t\t<div class=\"elementor-column elementor-col-50 elementor-inner-column elementor-element elementor-element-4873510\" data-id=\"4873510\" data-element_type=\"column\" data-e-type=\"column\">\n\t\t\t<div class=\"elementor-widget-wrap elementor-element-populated\">\n\t\t\t\t\t\t<div class=\"elementor-element elementor-element-881bedb elementor-widget elementor-widget-image\" data-id=\"881bedb\" data-element_type=\"widget\" data-e-type=\"widget\" data-widget_type=\"image.default\">\n\t\t\t\t<div class=\"elementor-widget-container\">\n\t\t\t\t\t\t\t\t\t\t\t\t<figure class=\"wp-caption\">\n\t\t\t\t\t\t\t\t\t\t<img loading=\"lazy\" decoding=\"async\" width=\"1599\" height=\"1066\" src=\"https:\/\/ihedn.fr\/wp-content\/uploads\/2023\/09\/PHOTO-2023-09-13-17-17-20-2.jpg\" class=\"attachment-full size-full wp-image-42451\" alt=\"Mme \u00c9lisabeth Borne Premi\u00e8re ministre, s&#039;adresse aux auditeurs de l&#039;IHEDN\" srcset=\"https:\/\/ihedn.fr\/wp-content\/uploads\/2023\/09\/PHOTO-2023-09-13-17-17-20-2.jpg 1599w, https:\/\/ihedn.fr\/wp-content\/uploads\/2023\/09\/PHOTO-2023-09-13-17-17-20-2-1536x1024.jpg 1536w, https:\/\/ihedn.fr\/wp-content\/uploads\/2023\/09\/PHOTO-2023-09-13-17-17-20-2-18x12.jpg 18w\" sizes=\"(max-width: 1599px) 100vw, 1599px\" \/>\t\t\t\t\t\t\t\t\t\t\t<figcaption class=\"widget-image-caption wp-caption-text\">Prime Minister Elisabeth Borne addresses IHEDN students<\/figcaption>\n\t\t\t\t\t\t\t\t\t\t<\/figure>\n\t\t\t\t\t\t\t\t\t<\/div>\n\t\t\t\t<\/div>\n\t\t\t\t\t<\/div>\n\t\t<\/div>\n\t\t\t\t\t<\/div>\n\t\t<\/section>\n\t\t\t\t<div class=\"elementor-element elementor-element-2df3f5f elementor-widget elementor-widget-spacer\" data-id=\"2df3f5f\" data-element_type=\"widget\" data-e-type=\"widget\" data-widget_type=\"spacer.default\">\n\t\t\t\t<div class=\"elementor-widget-container\">\n\t\t\t\t\t\t\t<div class=\"elementor-spacer\">\n\t\t\t<div class=\"elementor-spacer-inner\"><\/div>\n\t\t<\/div>\n\t\t\t\t\t\t<\/div>\n\t\t\t\t<\/div>\n\t\t\t\t\t<\/div>\n\t\t<\/div>\n\t\t\t\t\t<\/div>\n\t\t<\/section>\n\t\t\t\t<\/div>","protected":false},"excerpt":{"rendered":"<p>The 283 students taking part in the 3rd national session of the IHEDN began their year-long course on 13 September with speeches by military and government figures, including the Prime Minister, \u00c9lisabeth Borne.<\/p>","protected":false},"author":12,"featured_media":42442,"comment_status":"closed","ping_status":"closed","sticky":false,"template":"","format":"standard","meta":{"footnotes":""},"categories":[172],"tags":[216],"class_list":["post-42441","post","type-post","status-publish","format-standard","has-post-thumbnail","hentry","category-notre-actualite","tag-sn3"],"yoast_head":"<!-- This site is optimized with the Yoast SEO plugin v27.5 - https:\/\/yoast.com\/product\/yoast-seo-wordpress\/ -->\n<title>Rentr\u00e9e de la 3e session nationale : \u00ab face \u00e0 la guerre \u00bb, se former \u00e0 l\u2019esprit de d\u00e9fense - L&#039;IHEDN : Institut des hautes \u00e9tudes de d\u00e9fense nationale<\/title>\n<meta name=\"description\" content=\"Apr\u00e8s un an de travaux et de visites, les 264 auditeurs de la 2\u00e8me session nationale se sont retrouv\u00e9s pour une journ\u00e9e de cl\u00f4ture riche en rencontres et \u00e9v\u00e9nements, avec une intervention remarqu\u00e9e de l\u2019ancien ministre de la D\u00e9fense et des Affaires \u00e9trang\u00e8res Jean-Yves Le Drian.\" \/>\n<meta name=\"robots\" content=\"index, follow, max-snippet:-1, max-image-preview:large, max-video-preview:-1\" \/>\n<link rel=\"canonical\" href=\"https:\/\/ihedn.fr\/en\/notre-actualite\/rentree-de-la-3e-session-nationale-face-a-la-guerre-se-former-a-lesprit-de-defense\/\" \/>\n<meta property=\"og:locale\" content=\"en_GB\" \/>\n<meta property=\"og:type\" content=\"article\" \/>\n<meta property=\"og:title\" content=\"Rentr\u00e9e de la 3e session nationale : \u00ab face \u00e0 la guerre \u00bb, se former \u00e0 l\u2019esprit de d\u00e9fense\" \/>\n<meta property=\"og:description\" content=\"Les 283 auditeurs de la 3e session nationale de l\u2019IHEDN ont d\u00e9but\u00e9 ce 13 septembre leur cursus d\u2019un an par des interventions de personnalit\u00e9s militaires et gouvernementales, dont la Premi\u00e8re ministre, \u00c9lisabeth Borne.\" \/>\n<meta property=\"og:url\" content=\"https:\/\/ihedn.fr\/en\/notre-actualite\/rentree-de-la-3e-session-nationale-face-a-la-guerre-se-former-a-lesprit-de-defense\/\" \/>\n<meta property=\"og:site_name\" content=\"L&#039;IHEDN : Institut des hautes \u00e9tudes de d\u00e9fense nationale\" \/>\n<meta property=\"article:publisher\" content=\"https:\/\/www.facebook.com\/ihedn\/\" \/>\n<meta property=\"article:published_time\" content=\"2023-09-14T10:22:33+00:00\" \/>\n<meta property=\"article:modified_time\" content=\"2023-10-25T08:53:47+00:00\" \/>\n<meta property=\"og:image\" content=\"https:\/\/ihedn.fr\/wp-content\/uploads\/2023\/09\/DSC_0018.jpg\" \/>\n\t<meta property=\"og:image:width\" content=\"1852\" \/>\n\t<meta property=\"og:image:height\" content=\"1235\" \/>\n\t<meta property=\"og:image:type\" content=\"image\/jpeg\" \/>\n<meta name=\"author\" content=\"Ad\u00e8le Thoumieux\" \/>\n<meta name=\"twitter:card\" content=\"summary_large_image\" \/>\n<meta name=\"twitter:title\" content=\"Rentr\u00e9e de la 3e session nationale : \u00ab face \u00e0 la guerre \u00bb, se former \u00e0 l\u2019esprit de d\u00e9fense\" \/>\n<meta name=\"twitter:description\" content=\"Les 283 auditeurs de la 3e session nationale de l\u2019IHEDN ont d\u00e9but\u00e9 ce 13 septembre leur cursus d\u2019un an par des interventions de personnalit\u00e9s militaires et gouvernementales, dont la Premi\u00e8re ministre, \u00c9lisabeth Borne.\" \/>\n<meta name=\"twitter:image\" content=\"https:\/\/ihedn.fr\/wp-content\/uploads\/2023\/09\/DSC_0018.jpg\" \/>\n<meta name=\"twitter:creator\" content=\"@IHEDN\" \/>\n<meta name=\"twitter:site\" content=\"@IHEDN\" \/>\n<meta name=\"twitter:label1\" content=\"Written by\" \/>\n\t<meta name=\"twitter:data1\" content=\"Ad\u00e8le Thoumieux\" \/>\n\t<meta name=\"twitter:label2\" content=\"Estimated reading time\" \/>\n\t<meta name=\"twitter:data2\" content=\"10 minutes\" \/>\n<script type=\"application\/ld+json\" class=\"yoast-schema-graph\">{\"@context\":\"https:\\\/\\\/schema.org\",\"@graph\":[{\"@type\":\"Article\",\"@id\":\"https:\\\/\\\/ihedn.fr\\\/notre-actualite\\\/rentree-de-la-3e-session-nationale-face-a-la-guerre-se-former-a-lesprit-de-defense\\\/#article\",\"isPartOf\":{\"@id\":\"https:\\\/\\\/ihedn.fr\\\/notre-actualite\\\/rentree-de-la-3e-session-nationale-face-a-la-guerre-se-former-a-lesprit-de-defense\\\/\"},\"author\":{\"name\":\"Ad\u00e8le Thoumieux\",\"@id\":\"https:\\\/\\\/ihedn.fr\\\/#\\\/schema\\\/person\\\/16d49c2bd0121499ea9b9023ce89826c\"},\"headline\":\"Rentr\u00e9e de la 3e session nationale : \u00ab face \u00e0 la guerre \u00bb, se former \u00e0 l\u2019esprit de d\u00e9fense\",\"datePublished\":\"2023-09-14T10:22:33+00:00\",\"dateModified\":\"2023-10-25T08:53:47+00:00\",\"mainEntityOfPage\":{\"@id\":\"https:\\\/\\\/ihedn.fr\\\/notre-actualite\\\/rentree-de-la-3e-session-nationale-face-a-la-guerre-se-former-a-lesprit-de-defense\\\/\"},\"wordCount\":1850,\"publisher\":{\"@id\":\"https:\\\/\\\/ihedn.fr\\\/#organization\"},\"image\":{\"@id\":\"https:\\\/\\\/ihedn.fr\\\/notre-actualite\\\/rentree-de-la-3e-session-nationale-face-a-la-guerre-se-former-a-lesprit-de-defense\\\/#primaryimage\"},\"thumbnailUrl\":\"https:\\\/\\\/ihedn.fr\\\/wp-content\\\/uploads\\\/2023\\\/09\\\/DSC_0018.jpg\",\"keywords\":[\"SN3\"],\"articleSection\":[\"Notre actualit\u00e9\"],\"inLanguage\":\"en-GB\"},{\"@type\":\"WebPage\",\"@id\":\"https:\\\/\\\/ihedn.fr\\\/notre-actualite\\\/rentree-de-la-3e-session-nationale-face-a-la-guerre-se-former-a-lesprit-de-defense\\\/\",\"url\":\"https:\\\/\\\/ihedn.fr\\\/notre-actualite\\\/rentree-de-la-3e-session-nationale-face-a-la-guerre-se-former-a-lesprit-de-defense\\\/\",\"name\":\"Rentr\u00e9e de la 3e session nationale : \u00ab face \u00e0 la guerre \u00bb, se former \u00e0 l\u2019esprit de d\u00e9fense - L&#039;IHEDN : Institut des hautes \u00e9tudes de d\u00e9fense nationale\",\"isPartOf\":{\"@id\":\"https:\\\/\\\/ihedn.fr\\\/#website\"},\"primaryImageOfPage\":{\"@id\":\"https:\\\/\\\/ihedn.fr\\\/notre-actualite\\\/rentree-de-la-3e-session-nationale-face-a-la-guerre-se-former-a-lesprit-de-defense\\\/#primaryimage\"},\"image\":{\"@id\":\"https:\\\/\\\/ihedn.fr\\\/notre-actualite\\\/rentree-de-la-3e-session-nationale-face-a-la-guerre-se-former-a-lesprit-de-defense\\\/#primaryimage\"},\"thumbnailUrl\":\"https:\\\/\\\/ihedn.fr\\\/wp-content\\\/uploads\\\/2023\\\/09\\\/DSC_0018.jpg\",\"datePublished\":\"2023-09-14T10:22:33+00:00\",\"dateModified\":\"2023-10-25T08:53:47+00:00\",\"description\":\"Apr\u00e8s un an de travaux et de visites, les 264 auditeurs de la 2\u00e8me session nationale se sont retrouv\u00e9s pour une journ\u00e9e de cl\u00f4ture riche en rencontres et \u00e9v\u00e9nements, avec une intervention remarqu\u00e9e de l\u2019ancien ministre de la D\u00e9fense et des Affaires \u00e9trang\u00e8res Jean-Yves Le Drian.\",\"breadcrumb\":{\"@id\":\"https:\\\/\\\/ihedn.fr\\\/notre-actualite\\\/rentree-de-la-3e-session-nationale-face-a-la-guerre-se-former-a-lesprit-de-defense\\\/#breadcrumb\"},\"inLanguage\":\"en-GB\",\"potentialAction\":[{\"@type\":\"ReadAction\",\"target\":[\"https:\\\/\\\/ihedn.fr\\\/notre-actualite\\\/rentree-de-la-3e-session-nationale-face-a-la-guerre-se-former-a-lesprit-de-defense\\\/\"]}]},{\"@type\":\"ImageObject\",\"inLanguage\":\"en-GB\",\"@id\":\"https:\\\/\\\/ihedn.fr\\\/notre-actualite\\\/rentree-de-la-3e-session-nationale-face-a-la-guerre-se-former-a-lesprit-de-defense\\\/#primaryimage\",\"url\":\"https:\\\/\\\/ihedn.fr\\\/wp-content\\\/uploads\\\/2023\\\/09\\\/DSC_0018.jpg\",\"contentUrl\":\"https:\\\/\\\/ihedn.fr\\\/wp-content\\\/uploads\\\/2023\\\/09\\\/DSC_0018.jpg\",\"width\":1852,\"height\":1235,\"caption\":\"Rentr\u00e9e de la 3e session nationale\"},{\"@type\":\"BreadcrumbList\",\"@id\":\"https:\\\/\\\/ihedn.fr\\\/notre-actualite\\\/rentree-de-la-3e-session-nationale-face-a-la-guerre-se-former-a-lesprit-de-defense\\\/#breadcrumb\",\"itemListElement\":[{\"@type\":\"ListItem\",\"position\":1,\"name\":\"Accueil\",\"item\":\"https:\\\/\\\/ihedn.fr\\\/\"},{\"@type\":\"ListItem\",\"position\":2,\"name\":\"Rentr\u00e9e de la 3e session nationale : \u00ab face \u00e0 la guerre \u00bb, se former \u00e0 l\u2019esprit de d\u00e9fense\"}]},{\"@type\":\"WebSite\",\"@id\":\"https:\\\/\\\/ihedn.fr\\\/#website\",\"url\":\"https:\\\/\\\/ihedn.fr\\\/\",\"name\":\"IHEDN : Institut des hautes \u00e9tudes de d\u00e9fense nationale |\",\"description\":\"Site officiel de l&#039;IHEDN plac\u00e9 sous la tutelle du Premier ministre.\",\"publisher\":{\"@id\":\"https:\\\/\\\/ihedn.fr\\\/#organization\"},\"potentialAction\":[{\"@type\":\"SearchAction\",\"target\":{\"@type\":\"EntryPoint\",\"urlTemplate\":\"https:\\\/\\\/ihedn.fr\\\/?s={search_term_string}\"},\"query-input\":{\"@type\":\"PropertyValueSpecification\",\"valueRequired\":true,\"valueName\":\"search_term_string\"}}],\"inLanguage\":\"en-GB\"},{\"@type\":\"Organization\",\"@id\":\"https:\\\/\\\/ihedn.fr\\\/#organization\",\"name\":\"IHEDN - Institut des Hautes Etudes de D\u00e9fense Nationale\",\"url\":\"https:\\\/\\\/ihedn.fr\\\/\",\"logo\":{\"@type\":\"ImageObject\",\"inLanguage\":\"en-GB\",\"@id\":\"https:\\\/\\\/ihedn.fr\\\/#\\\/schema\\\/logo\\\/image\\\/\",\"url\":\"https:\\\/\\\/ihedn.fr\\\/wp-content\\\/uploads\\\/2020\\\/11\\\/BLOC_RF_IHEDN_WEB.png\",\"contentUrl\":\"https:\\\/\\\/ihedn.fr\\\/wp-content\\\/uploads\\\/2020\\\/11\\\/BLOC_RF_IHEDN_WEB.png\",\"width\":500,\"height\":237,\"caption\":\"IHEDN - Institut des Hautes Etudes de D\u00e9fense Nationale\"},\"image\":{\"@id\":\"https:\\\/\\\/ihedn.fr\\\/#\\\/schema\\\/logo\\\/image\\\/\"},\"sameAs\":[\"https:\\\/\\\/www.facebook.com\\\/ihedn\\\/\",\"https:\\\/\\\/x.com\\\/IHEDN\",\"https:\\\/\\\/www.instagram.com\\\/ihedn\\\/\",\"https:\\\/\\\/www.linkedin.com\\\/school\\\/ihedn\\\/\",\"https:\\\/\\\/fr.wikipedia.org\\\/wiki\\\/Institut_des_hautes_\u00e9tudes_de_D\u00e9fense_nationale\"]},{\"@type\":\"Person\",\"@id\":\"https:\\\/\\\/ihedn.fr\\\/#\\\/schema\\\/person\\\/16d49c2bd0121499ea9b9023ce89826c\",\"name\":\"Ad\u00e8le Thoumieux\",\"image\":{\"@type\":\"ImageObject\",\"inLanguage\":\"en-GB\",\"@id\":\"https:\\\/\\\/secure.gravatar.com\\\/avatar\\\/64fc58d14679bdd185946349bcb229b06e37d30d6290c2bec15f1daa8f8e0ece?s=96&d=mm&r=g\",\"url\":\"https:\\\/\\\/secure.gravatar.com\\\/avatar\\\/64fc58d14679bdd185946349bcb229b06e37d30d6290c2bec15f1daa8f8e0ece?s=96&d=mm&r=g\",\"contentUrl\":\"https:\\\/\\\/secure.gravatar.com\\\/avatar\\\/64fc58d14679bdd185946349bcb229b06e37d30d6290c2bec15f1daa8f8e0ece?s=96&d=mm&r=g\",\"caption\":\"Ad\u00e8le Thoumieux\"},\"sameAs\":[\"http:\\\/\\\/ihedn.fr\"],\"url\":\"https:\\\/\\\/ihedn.fr\\\/en\\\/author\\\/thoumieux\\\/\"}]}<\/script>\n<!-- \/ Yoast SEO plugin. -->","yoast_head_json":{"title":"Start of the 3rd national session: \"facing war\", training in the spirit of defence - L'IHEDN : Institut des hautes \u00e9tudes de d\u00e9fense nationale (Graduate Institute of National Defence)","description":"After a year of work and visits, the 264 auditors from the 2nd national session gathered for a closing day packed with meetings and events, including a keynote speech by former Defence and Foreign Affairs Minister Jean-Yves Le Drian.","robots":{"index":"index","follow":"follow","max-snippet":"max-snippet:-1","max-image-preview":"max-image-preview:large","max-video-preview":"max-video-preview:-1"},"canonical":"https:\/\/ihedn.fr\/en\/notre-actualite\/rentree-de-la-3e-session-nationale-face-a-la-guerre-se-former-a-lesprit-de-defense\/","og_locale":"en_GB","og_type":"article","og_title":"Rentr\u00e9e de la 3e session nationale : \u00ab face \u00e0 la guerre \u00bb, se former \u00e0 l\u2019esprit de d\u00e9fense","og_description":"Les 283 auditeurs de la 3e session nationale de l\u2019IHEDN ont d\u00e9but\u00e9 ce 13 septembre leur cursus d\u2019un an par des interventions de personnalit\u00e9s militaires et gouvernementales, dont la Premi\u00e8re ministre, \u00c9lisabeth Borne.","og_url":"https:\/\/ihedn.fr\/en\/notre-actualite\/rentree-de-la-3e-session-nationale-face-a-la-guerre-se-former-a-lesprit-de-defense\/","og_site_name":"L&#039;IHEDN : Institut des hautes \u00e9tudes de d\u00e9fense nationale","article_publisher":"https:\/\/www.facebook.com\/ihedn\/","article_published_time":"2023-09-14T10:22:33+00:00","article_modified_time":"2023-10-25T08:53:47+00:00","og_image":[{"width":1852,"height":1235,"url":"https:\/\/ihedn.fr\/wp-content\/uploads\/2023\/09\/DSC_0018.jpg","type":"image\/jpeg"}],"author":"Ad\u00e8le Thoumieux","twitter_card":"summary_large_image","twitter_title":"Rentr\u00e9e de la 3e session nationale : \u00ab face \u00e0 la guerre \u00bb, se former \u00e0 l\u2019esprit de d\u00e9fense","twitter_description":"Les 283 auditeurs de la 3e session nationale de l\u2019IHEDN ont d\u00e9but\u00e9 ce 13 septembre leur cursus d\u2019un an par des interventions de personnalit\u00e9s militaires et gouvernementales, dont la Premi\u00e8re ministre, \u00c9lisabeth Borne.","twitter_image":"https:\/\/ihedn.fr\/wp-content\/uploads\/2023\/09\/DSC_0018.jpg","twitter_creator":"@IHEDN","twitter_site":"@IHEDN","twitter_misc":{"Written by":"Ad\u00e8le Thoumieux","Estimated reading time":"10 minutes"},"schema":{"@context":"https:\/\/schema.org","@graph":[{"@type":"Article","@id":"https:\/\/ihedn.fr\/notre-actualite\/rentree-de-la-3e-session-nationale-face-a-la-guerre-se-former-a-lesprit-de-defense\/#article","isPartOf":{"@id":"https:\/\/ihedn.fr\/notre-actualite\/rentree-de-la-3e-session-nationale-face-a-la-guerre-se-former-a-lesprit-de-defense\/"},"author":{"name":"Ad\u00e8le Thoumieux","@id":"https:\/\/ihedn.fr\/#\/schema\/person\/16d49c2bd0121499ea9b9023ce89826c"},"headline":"Rentr\u00e9e de la 3e session nationale : \u00ab face \u00e0 la guerre \u00bb, se former \u00e0 l\u2019esprit de d\u00e9fense","datePublished":"2023-09-14T10:22:33+00:00","dateModified":"2023-10-25T08:53:47+00:00","mainEntityOfPage":{"@id":"https:\/\/ihedn.fr\/notre-actualite\/rentree-de-la-3e-session-nationale-face-a-la-guerre-se-former-a-lesprit-de-defense\/"},"wordCount":1850,"publisher":{"@id":"https:\/\/ihedn.fr\/#organization"},"image":{"@id":"https:\/\/ihedn.fr\/notre-actualite\/rentree-de-la-3e-session-nationale-face-a-la-guerre-se-former-a-lesprit-de-defense\/#primaryimage"},"thumbnailUrl":"https:\/\/ihedn.fr\/wp-content\/uploads\/2023\/09\/DSC_0018.jpg","keywords":["SN3"],"articleSection":["Notre actualit\u00e9"],"inLanguage":"en-GB"},{"@type":"WebPage","@id":"https:\/\/ihedn.fr\/notre-actualite\/rentree-de-la-3e-session-nationale-face-a-la-guerre-se-former-a-lesprit-de-defense\/","url":"https:\/\/ihedn.fr\/notre-actualite\/rentree-de-la-3e-session-nationale-face-a-la-guerre-se-former-a-lesprit-de-defense\/","name":"Start of the 3rd national session: \"facing war\", training in the spirit of defence - L'IHEDN : Institut des hautes \u00e9tudes de d\u00e9fense nationale (Graduate Institute of National Defence)","isPartOf":{"@id":"https:\/\/ihedn.fr\/#website"},"primaryImageOfPage":{"@id":"https:\/\/ihedn.fr\/notre-actualite\/rentree-de-la-3e-session-nationale-face-a-la-guerre-se-former-a-lesprit-de-defense\/#primaryimage"},"image":{"@id":"https:\/\/ihedn.fr\/notre-actualite\/rentree-de-la-3e-session-nationale-face-a-la-guerre-se-former-a-lesprit-de-defense\/#primaryimage"},"thumbnailUrl":"https:\/\/ihedn.fr\/wp-content\/uploads\/2023\/09\/DSC_0018.jpg","datePublished":"2023-09-14T10:22:33+00:00","dateModified":"2023-10-25T08:53:47+00:00","description":"After a year of work and visits, the 264 auditors from the 2nd national session gathered for a closing day packed with meetings and events, including a keynote speech by former Defence and Foreign Affairs Minister Jean-Yves Le Drian.","breadcrumb":{"@id":"https:\/\/ihedn.fr\/notre-actualite\/rentree-de-la-3e-session-nationale-face-a-la-guerre-se-former-a-lesprit-de-defense\/#breadcrumb"},"inLanguage":"en-GB","potentialAction":[{"@type":"ReadAction","target":["https:\/\/ihedn.fr\/notre-actualite\/rentree-de-la-3e-session-nationale-face-a-la-guerre-se-former-a-lesprit-de-defense\/"]}]},{"@type":"ImageObject","inLanguage":"en-GB","@id":"https:\/\/ihedn.fr\/notre-actualite\/rentree-de-la-3e-session-nationale-face-a-la-guerre-se-former-a-lesprit-de-defense\/#primaryimage","url":"https:\/\/ihedn.fr\/wp-content\/uploads\/2023\/09\/DSC_0018.jpg","contentUrl":"https:\/\/ihedn.fr\/wp-content\/uploads\/2023\/09\/DSC_0018.jpg","width":1852,"height":1235,"caption":"Rentr\u00e9e de la 3e session nationale"},{"@type":"BreadcrumbList","@id":"https:\/\/ihedn.fr\/notre-actualite\/rentree-de-la-3e-session-nationale-face-a-la-guerre-se-former-a-lesprit-de-defense\/#breadcrumb","itemListElement":[{"@type":"ListItem","position":1,"name":"Accueil","item":"https:\/\/ihedn.fr\/"},{"@type":"ListItem","position":2,"name":"Rentr\u00e9e de la 3e session nationale : \u00ab face \u00e0 la guerre \u00bb, se former \u00e0 l\u2019esprit de d\u00e9fense"}]},{"@type":"WebSite","@id":"https:\/\/ihedn.fr\/#website","url":"https:\/\/ihedn.fr\/","name":"IHEDN: Institut des hautes \u00e9tudes de d\u00e9fense nationale (Institute for Higher National Defence Studies)","description":"Official website of the IHEDN under the supervision of the Prime Minister.","publisher":{"@id":"https:\/\/ihedn.fr\/#organization"},"potentialAction":[{"@type":"SearchAction","target":{"@type":"EntryPoint","urlTemplate":"https:\/\/ihedn.fr\/?s={search_term_string}"},"query-input":{"@type":"PropertyValueSpecification","valueRequired":true,"valueName":"search_term_string"}}],"inLanguage":"en-GB"},{"@type":"Organization","@id":"https:\/\/ihedn.fr\/#organization","name":"IHEDN - Institute for Higher National Defence Studies","url":"https:\/\/ihedn.fr\/","logo":{"@type":"ImageObject","inLanguage":"en-GB","@id":"https:\/\/ihedn.fr\/#\/schema\/logo\/image\/","url":"https:\/\/ihedn.fr\/wp-content\/uploads\/2020\/11\/BLOC_RF_IHEDN_WEB.png","contentUrl":"https:\/\/ihedn.fr\/wp-content\/uploads\/2020\/11\/BLOC_RF_IHEDN_WEB.png","width":500,"height":237,"caption":"IHEDN - Institut des Hautes Etudes de D\u00e9fense Nationale"},"image":{"@id":"https:\/\/ihedn.fr\/#\/schema\/logo\/image\/"},"sameAs":["https:\/\/www.facebook.com\/ihedn\/","https:\/\/x.com\/IHEDN","https:\/\/www.instagram.com\/ihedn\/","https:\/\/www.linkedin.com\/school\/ihedn\/","https:\/\/fr.wikipedia.org\/wiki\/Institut_des_hautes_\u00e9tudes_de_D\u00e9fense_nationale"]},{"@type":"Person","@id":"https:\/\/ihedn.fr\/#\/schema\/person\/16d49c2bd0121499ea9b9023ce89826c","name":"Ad\u00e8le Thoumieux","image":{"@type":"ImageObject","inLanguage":"en-GB","@id":"https:\/\/secure.gravatar.com\/avatar\/64fc58d14679bdd185946349bcb229b06e37d30d6290c2bec15f1daa8f8e0ece?s=96&d=mm&r=g","url":"https:\/\/secure.gravatar.com\/avatar\/64fc58d14679bdd185946349bcb229b06e37d30d6290c2bec15f1daa8f8e0ece?s=96&d=mm&r=g","contentUrl":"https:\/\/secure.gravatar.com\/avatar\/64fc58d14679bdd185946349bcb229b06e37d30d6290c2bec15f1daa8f8e0ece?s=96&d=mm&r=g","caption":"Ad\u00e8le Thoumieux"},"sameAs":["http:\/\/ihedn.fr"],"url":"https:\/\/ihedn.fr\/en\/author\/thoumieux\/"}]}},"publishpress_future_action":{"enabled":false,"date":"2026-05-09 13:34:20","action":"change-status","newStatus":"draft","terms":[],"taxonomy":"category","extraData":[]},"publishpress_future_workflow_manual_trigger":{"enabledWorkflows":[]},"_links":{"self":[{"href":"https:\/\/ihedn.fr\/en\/wp-json\/wp\/v2\/posts\/42441","targetHints":{"allow":["GET"]}}],"collection":[{"href":"https:\/\/ihedn.fr\/en\/wp-json\/wp\/v2\/posts"}],"about":[{"href":"https:\/\/ihedn.fr\/en\/wp-json\/wp\/v2\/types\/post"}],"author":[{"embeddable":true,"href":"https:\/\/ihedn.fr\/en\/wp-json\/wp\/v2\/users\/12"}],"replies":[{"embeddable":true,"href":"https:\/\/ihedn.fr\/en\/wp-json\/wp\/v2\/comments?post=42441"}],"version-history":[{"count":30,"href":"https:\/\/ihedn.fr\/en\/wp-json\/wp\/v2\/posts\/42441\/revisions"}],"predecessor-version":[{"id":43479,"href":"https:\/\/ihedn.fr\/en\/wp-json\/wp\/v2\/posts\/42441\/revisions\/43479"}],"wp:featuredmedia":[{"embeddable":true,"href":"https:\/\/ihedn.fr\/en\/wp-json\/wp\/v2\/media\/42442"}],"wp:attachment":[{"href":"https:\/\/ihedn.fr\/en\/wp-json\/wp\/v2\/media?parent=42441"}],"wp:term":[{"taxonomy":"category","embeddable":true,"href":"https:\/\/ihedn.fr\/en\/wp-json\/wp\/v2\/categories?post=42441"},{"taxonomy":"post_tag","embeddable":true,"href":"https:\/\/ihedn.fr\/en\/wp-json\/wp\/v2\/tags?post=42441"}],"curies":[{"name":"wp","href":"https:\/\/api.w.org\/{rel}","templated":true}]}}