{"id":42675,"date":"2023-09-21T09:01:38","date_gmt":"2023-09-21T08:01:38","guid":{"rendered":"https:\/\/ihedn.fr\/?p=42675"},"modified":"2025-04-18T08:21:18","modified_gmt":"2025-04-18T07:21:18","slug":"relation-de-defense-royaume-uni-france-une-progression-constante","status":"publish","type":"post","link":"https:\/\/ihedn.fr\/en\/notre-selection\/relation-de-defense-royaume-uni-france-une-progression-constante\/","title":{"rendered":"UK-France defence relations: steady progress"},"content":{"rendered":"<div data-elementor-type=\"wp-post\" data-elementor-id=\"42675\" class=\"elementor elementor-42675\" data-elementor-post-type=\"post\">\n\t\t\t\t\t\t<section data-particle_enable=\"false\" data-particle-mobile-disabled=\"false\" class=\"elementor-section elementor-top-section elementor-element elementor-element-04fef2b elementor-section-boxed elementor-section-height-default elementor-section-height-default\" data-id=\"04fef2b\" data-element_type=\"section\" data-e-type=\"section\">\n\t\t\t\t\t\t<div class=\"elementor-container elementor-column-gap-default\">\n\t\t\t\t\t<div class=\"elementor-column elementor-col-100 elementor-top-column elementor-element elementor-element-634f261\" data-id=\"634f261\" data-element_type=\"column\" data-e-type=\"column\">\n\t\t\t<div class=\"elementor-widget-wrap elementor-element-populated\">\n\t\t\t\t\t\t<div class=\"elementor-element elementor-element-4bdf21a elementor-widget elementor-widget-text-editor\" data-id=\"4bdf21a\" data-element_type=\"widget\" data-e-type=\"widget\" data-widget_type=\"text-editor.default\">\n\t\t\t\t<div class=\"elementor-widget-container\">\n\t\t\t\t\t\t\t\t\t<p style=\"text-align: left;\">After the defeat of Napoleon I in 1815, France and the United Kingdom learned to settle the centuries of differences that had pitted them against each other since the Middle Ages. Without going back as far as the first Entente Cordiale (1833) or their alliance during the Crimean War (1853-56), we can see that the military dimension has become increasingly important over the decades.<\/p><p style=\"text-align: left;\">In 1904, the second Entente Cordiale saw the first exchanges of officers between the two armies; this dimension was increased after the Treaty of Dunkirk (1947) and the Saint-Malo Summit (1998). But it is over the last 15 years that the Franco-British defence relationship has been considerably strengthened, notably with the Treaty of Lancaster House in 2010. This set in stone the assurance of joint military cooperation between France and the UK. Brexit, which came into force at the beginning of 2020, has had no impact on this bilateral relationship.<\/p><p class=\"MsoNormal\" style=\"text-align: left;\">Signed on 2 November 2010 by David Cameron and Nicolas Sarkozy, Lancaster House has created a legal framework and identified synergies. The agreement reflects a shared commitment to operational cooperation, the pooling of resources and the rationalisation of capabilities. It has greatly intensified cooperation in defence, national security and foreign policy.\u00a0<\/p>\t\t\t\t\t\t\t\t<\/div>\n\t\t\t\t<\/div>\n\t\t\t\t\t<\/div>\n\t\t<\/div>\n\t\t\t\t\t<\/div>\n\t\t<\/section>\n\t\t\t\t<section data-particle_enable=\"false\" data-particle-mobile-disabled=\"false\" class=\"elementor-section elementor-top-section elementor-element elementor-element-90cf80c elementor-section-boxed elementor-section-height-default elementor-section-height-default\" data-id=\"90cf80c\" data-element_type=\"section\" data-e-type=\"section\">\n\t\t\t\t\t\t<div class=\"elementor-container elementor-column-gap-default\">\n\t\t\t\t\t<div class=\"elementor-column elementor-col-100 elementor-top-column elementor-element elementor-element-0cec92e\" data-id=\"0cec92e\" data-element_type=\"column\" data-e-type=\"column\">\n\t\t\t<div class=\"elementor-widget-wrap elementor-element-populated\">\n\t\t\t\t\t\t<div class=\"elementor-element elementor-element-ee7a256 elementor-widget elementor-widget-heading\" data-id=\"ee7a256\" data-element_type=\"widget\" data-e-type=\"widget\" data-widget_type=\"heading.default\">\n\t\t\t\t<div class=\"elementor-widget-container\">\n\t\t\t\t\t<h4 class=\"elementor-heading-title elementor-size-default\">A LONG-TERM PARTNERSHIP CONFIRMED IN 2023<\/h4>\t\t\t\t<\/div>\n\t\t\t\t<\/div>\n\t\t\t\t<div class=\"elementor-element elementor-element-018b02d elementor-widget-divider--view-line elementor-widget elementor-widget-divider\" data-id=\"018b02d\" data-element_type=\"widget\" data-e-type=\"widget\" data-widget_type=\"divider.default\">\n\t\t\t\t<div class=\"elementor-widget-container\">\n\t\t\t\t\t\t\t<div class=\"elementor-divider\">\n\t\t\t<span class=\"elementor-divider-separator\">\n\t\t\t\t\t\t<\/span>\n\t\t<\/div>\n\t\t\t\t\t\t<\/div>\n\t\t\t\t<\/div>\n\t\t\t\t\t<\/div>\n\t\t<\/div>\n\t\t\t\t\t<\/div>\n\t\t<\/section>\n\t\t\t\t<section data-particle_enable=\"false\" data-particle-mobile-disabled=\"false\" class=\"elementor-section elementor-top-section elementor-element elementor-element-16bfdc8 elementor-section-boxed elementor-section-height-default elementor-section-height-default\" data-id=\"16bfdc8\" data-element_type=\"section\" data-e-type=\"section\">\n\t\t\t\t\t\t<div class=\"elementor-container elementor-column-gap-default\">\n\t\t\t\t\t<div class=\"elementor-column elementor-col-100 elementor-top-column elementor-element elementor-element-bb2a3a7\" data-id=\"bb2a3a7\" data-element_type=\"column\" data-e-type=\"column\">\n\t\t\t<div class=\"elementor-widget-wrap elementor-element-populated\">\n\t\t\t\t\t\t<div class=\"elementor-element elementor-element-b6acd66 elementor-widget elementor-widget-text-editor\" data-id=\"b6acd66\" data-element_type=\"widget\" data-e-type=\"widget\" data-widget_type=\"text-editor.default\">\n\t\t\t\t<div class=\"elementor-widget-container\">\n\t\t\t\t\t\t\t\t\t<p style=\"text-align: left;\">The last Franco-British summit was held in Paris in March 2023. It confirmed the content of this long-term, mutually beneficial partnership in the areas of capabilities, industry, operations, deterrence and international cooperation. The two countries also expressed their ambition to further integrate their armed forces by adapting to the security environment: improved logistical cooperation in support of operations, increased intelligence sharing, etc. This determination is reflected in the strengthening of cyber cooperation, as well as in the coordination of deployments of their aircraft carriers to ensure a complementary and more lasting European presence in regions of common interest.<\/p><p style=\"text-align: left;\">This defence relationship is therefore based on three pillars: an ongoing politico-military dialogue, an operational pillar and a capabilities pillar.<\/p><p style=\"text-align: left;\">Maintaining a sustained strategic dialogue, the two countries consult each other regularly at all levels (experts, political directors, ministers, heads of state and government) on security issues. Bilateral cooperation between the two countries is very dynamic, thanks to the involvement of a wide range of governmental, parliamentary, military and senior civil servants.<\/p><p style=\"text-align: left;\">On the operational front, in 2010 the United Kingdom and France set up a joint expeditionary force, the CJEF (<em>Combined Joint Expeditionary Force<\/em>). Bringing together land, air and sea units from both countries, this force can be deployed in theatres of operations on a bilateral basis or as part of a coalition launched by the UN or NATO.<\/p>\t\t\t\t\t\t\t\t<\/div>\n\t\t\t\t<\/div>\n\t\t\t\t\t<\/div>\n\t\t<\/div>\n\t\t\t\t\t<\/div>\n\t\t<\/section>\n\t\t\t\t<section data-particle_enable=\"false\" data-particle-mobile-disabled=\"false\" class=\"elementor-section elementor-top-section elementor-element elementor-element-19be913 elementor-section-boxed elementor-section-height-default elementor-section-height-default\" data-id=\"19be913\" data-element_type=\"section\" data-e-type=\"section\">\n\t\t\t\t\t\t<div class=\"elementor-container elementor-column-gap-default\">\n\t\t\t\t\t<div class=\"elementor-column elementor-col-100 elementor-top-column elementor-element elementor-element-b86613b\" data-id=\"b86613b\" data-element_type=\"column\" data-e-type=\"column\">\n\t\t\t<div class=\"elementor-widget-wrap elementor-element-populated\">\n\t\t\t\t\t\t<div class=\"elementor-element elementor-element-b8fb3c7 elementor-widget elementor-widget-heading\" data-id=\"b8fb3c7\" data-element_type=\"widget\" data-e-type=\"widget\" data-widget_type=\"heading.default\">\n\t\t\t\t<div class=\"elementor-widget-container\">\n\t\t\t\t\t<h4 class=\"elementor-heading-title elementor-size-default\">CLOSER COOPERATION\nIN THEATRES OF OPERATION<\/h4>\t\t\t\t<\/div>\n\t\t\t\t<\/div>\n\t\t\t\t<div class=\"elementor-element elementor-element-ae814b3 elementor-widget-divider--view-line elementor-widget elementor-widget-divider\" data-id=\"ae814b3\" data-element_type=\"widget\" data-e-type=\"widget\" data-widget_type=\"divider.default\">\n\t\t\t\t<div class=\"elementor-widget-container\">\n\t\t\t\t\t\t\t<div class=\"elementor-divider\">\n\t\t\t<span class=\"elementor-divider-separator\">\n\t\t\t\t\t\t<\/span>\n\t\t<\/div>\n\t\t\t\t\t\t<\/div>\n\t\t\t\t<\/div>\n\t\t\t\t\t<\/div>\n\t\t<\/div>\n\t\t\t\t\t<\/div>\n\t\t<\/section>\n\t\t\t\t<section data-particle_enable=\"false\" data-particle-mobile-disabled=\"false\" class=\"elementor-section elementor-top-section elementor-element elementor-element-c26f458 elementor-section-boxed elementor-section-height-default elementor-section-height-default\" data-id=\"c26f458\" data-element_type=\"section\" data-e-type=\"section\">\n\t\t\t\t\t\t<div class=\"elementor-container elementor-column-gap-default\">\n\t\t\t\t\t<div class=\"elementor-column elementor-col-100 elementor-top-column elementor-element elementor-element-ecef182\" data-id=\"ecef182\" data-element_type=\"column\" data-e-type=\"column\">\n\t\t\t<div class=\"elementor-widget-wrap elementor-element-populated\">\n\t\t\t\t\t\t<div class=\"elementor-element elementor-element-a324cfd elementor-widget elementor-widget-text-editor\" data-id=\"a324cfd\" data-element_type=\"widget\" data-e-type=\"widget\" data-widget_type=\"text-editor.default\">\n\t\t\t\t<div class=\"elementor-widget-container\">\n\t\t\t\t\t\t\t\t\t<p style=\"text-align: left;\">The British and French armies operate jointly in a number of theatres in the Euro-Atlantic area, notably in the eFP (<em>enhanced Forward Presence<\/em>) in Estonia, in the Levant as part of the international coalition and in the Indian Ocean as part of the <em>Combined Maritime forces<\/em> (CMF). The French Defence Staff, which has taken command of the <em>Combined task force<\/em> (CTF) 150 in Bahrain in the second half of 2023. The 501<sup>e<\/sup> r\u00e9giment de Chars de combat de Mourmelon, twinned with the <em>Royal Tank Regiment <\/em>(British Army Armoured Regiment), under the command of British tankers, carried out the Lynx mission in Estonia last spring. For its part, 152<sup>e<\/sup> regiment of infantry of Colmar is bin\u00f4m\u00e9 with the 2<sup>e<\/sup> battalion of the <em>Royal Anglian<\/em>British Army infantry regiment.<\/p><p style=\"text-align: left;\">In the area of capabilities, the Brize-Norton summit on 31 January 2014 saw the signing of new agreements immediately committing major defence programmes:<\/p><ul style=\"text-align: left;\"><li>Missiles: the FMAN\/FMC programme (<em>FC\/ASW<\/em> is to replace the SCALP Storm Shadow (FR\/UK) cruise missiles with Harpoon (UK) and Exocet (FR) anti-ship missiles by 2030. At the same time, cooperation also covers the light anti-ship missile (ANL) programme, the renovation of SCALP and Storm Shadow cruise missiles, Aster missiles with Italy and the METEOR missile with Germany, Italy, Sweden and Spain.<\/li><\/ul><div style=\"text-align: left;\">\u00a0<\/div><ul style=\"text-align: left;\"><li>MBDA shared centres of excellence: in 2012, the two governments decided to create centres of excellence shared by the French and British subsidiaries of MBDA, the Franco-Italian-British missile group, in order to consolidate their joint expertise in specific technological fields.<\/li><\/ul><div style=\"text-align: left;\">\u00a0<\/div><ul style=\"text-align: left;\"><li>Naval mine warfare drones: the MMCM mine warfare cooperation project (<em>Maritime Mine Counter Measures<\/em>) covers operational issues and the development of industrial expertise in underwater detection and robotics. Prototypes were delivered to the navies in November 2020 and the first production systems are expected by the end of the year.<\/li><\/ul><p style=\"text-indent: -18pt; text-align: left;\">\u00a0<\/p>\t\t\t\t\t\t\t\t<\/div>\n\t\t\t\t<\/div>\n\t\t\t\t\t<\/div>\n\t\t<\/div>\n\t\t\t\t\t<\/div>\n\t\t<\/section>\n\t\t\t\t<section data-particle_enable=\"false\" data-particle-mobile-disabled=\"false\" class=\"elementor-section elementor-top-section elementor-element elementor-element-bb7dd5a elementor-section-boxed elementor-section-height-default elementor-section-height-default\" data-id=\"bb7dd5a\" data-element_type=\"section\" data-e-type=\"section\">\n\t\t\t\t\t\t<div class=\"elementor-container elementor-column-gap-default\">\n\t\t\t\t\t<div class=\"elementor-column elementor-col-100 elementor-top-column elementor-element elementor-element-aaaffca\" data-id=\"aaaffca\" data-element_type=\"column\" data-e-type=\"column\">\n\t\t\t<div class=\"elementor-widget-wrap elementor-element-populated\">\n\t\t\t\t\t\t<div class=\"elementor-element elementor-element-526bc88 elementor-widget elementor-widget-heading\" data-id=\"526bc88\" data-element_type=\"widget\" data-e-type=\"widget\" data-widget_type=\"heading.default\">\n\t\t\t\t<div class=\"elementor-widget-container\">\n\t\t\t\t\t<h4 class=\"elementor-heading-title elementor-size-default\">Generalising officer exchanges<\/h4>\t\t\t\t<\/div>\n\t\t\t\t<\/div>\n\t\t\t\t<div class=\"elementor-element elementor-element-c215667 elementor-widget-divider--view-line elementor-widget elementor-widget-divider\" data-id=\"c215667\" data-element_type=\"widget\" data-e-type=\"widget\" data-widget_type=\"divider.default\">\n\t\t\t\t<div class=\"elementor-widget-container\">\n\t\t\t\t\t\t\t<div class=\"elementor-divider\">\n\t\t\t<span class=\"elementor-divider-separator\">\n\t\t\t\t\t\t<\/span>\n\t\t<\/div>\n\t\t\t\t\t\t<\/div>\n\t\t\t\t<\/div>\n\t\t\t\t\t<\/div>\n\t\t<\/div>\n\t\t\t\t\t<\/div>\n\t\t<\/section>\n\t\t\t\t<section data-particle_enable=\"false\" data-particle-mobile-disabled=\"false\" class=\"elementor-section elementor-top-section elementor-element elementor-element-93d3a2b elementor-section-boxed elementor-section-height-default elementor-section-height-default\" data-id=\"93d3a2b\" data-element_type=\"section\" data-e-type=\"section\">\n\t\t\t\t\t\t<div class=\"elementor-container elementor-column-gap-default\">\n\t\t\t\t\t<div class=\"elementor-column elementor-col-100 elementor-top-column elementor-element elementor-element-275fcb0\" data-id=\"275fcb0\" data-element_type=\"column\" data-e-type=\"column\">\n\t\t\t<div class=\"elementor-widget-wrap elementor-element-populated\">\n\t\t\t\t\t\t<div class=\"elementor-element elementor-element-7dfb8e2 elementor-widget elementor-widget-text-editor\" data-id=\"7dfb8e2\" data-element_type=\"widget\" data-e-type=\"widget\" data-widget_type=\"text-editor.default\">\n\t\t\t\t<div class=\"elementor-widget-container\">\n\t\t\t\t\t\t\t\t\t<p style=\"text-align: left;\">At the Amiens summit in 2016, the two countries decided to extend officer exchanges, which have already been numerous for several years; the long-term viability of this programme was guaranteed at the Paris summit on 10 March. Since 2016, a British general has been deputy general of the 1st French division, based in Besan\u00e7on, and a French general has been deputy general of the 1st British division, based in York.<\/p><p style=\"text-align: left;\">Holding the latter post from 2021 to 2023, Brigadier General Jean Laurentin says that it has enabled him to reconsider a preconceived idea: \"I came to the 1UKDIV headquarters with a rather distorted view of the<em>Army<\/em>It was an army where the officers were far removed from their soldiers and the non-commissioned officers directly commanded the sections,\" explains the man who has since taken over as second-in-command of the French Special Forces Land. \"By visiting and inspecting the division's units (for the record, when I arrived in August 2021, 1UKDIV comprised 9 brigades and 98 active and reserve regiments and battalions), I very quickly realised that my vision was wrong: as in our land army, the officers are in contact with their soldiers and are supported by a corps of very high quality non-commissioned officers, who form the backbone of 1UKDIV.<em>Army<\/em>. \"<\/p><p style=\"text-align: left;\">At divisional staff level, the general discovered \"a different approach\": \"The British method of planning and preparing orders is \"... a different approach\".\u00a0<em>Command led<\/em>\u00a0\"In other words, it's the general who very quickly gives direction to his staff, whereas the French method is more \"\u00a0<em>Staff led<\/em>\u00a0\"This will allow the general to choose between several options prepared by his team.<\/p><p style=\"text-align: left;\">After two years of immersion, General Laurentin notes that \"the two armies are very close, share the same values, the same culture and the same fighting spirit, and have every interest in continuing to work hand in hand, as brothers in arms\". On an individual level, he believes that \"it is an extraordinary opportunity for a French general officer to be inserted into a friendly army, in a position of high responsibility, with the same prerogatives as a British general\". Visit <em>brigadier<\/em> Jon Cresswell, currently deputy general manager of the 1<sup>era<\/sup> French division at Besan\u00e7on, <a href=\"https:\/\/ihedn.fr\/en\/2023\/09\/18\/general-jon-cresswell-une-relation-bilaterale-necessite-un-travail-constant\/\">also gave his testimony for the IHEDN<\/a>.<\/p>\t\t\t\t\t\t\t\t<\/div>\n\t\t\t\t<\/div>\n\t\t\t\t\t<\/div>\n\t\t<\/div>\n\t\t\t\t\t<\/div>\n\t\t<\/section>\n\t\t\t\t<section data-particle_enable=\"false\" data-particle-mobile-disabled=\"false\" class=\"elementor-section elementor-top-section elementor-element elementor-element-e959064 elementor-section-boxed elementor-section-height-default elementor-section-height-default\" data-id=\"e959064\" data-element_type=\"section\" data-e-type=\"section\">\n\t\t\t\t\t\t<div class=\"elementor-container elementor-column-gap-default\">\n\t\t\t\t\t<div class=\"elementor-column elementor-col-100 elementor-top-column elementor-element elementor-element-e151bfd\" data-id=\"e151bfd\" data-element_type=\"column\" data-e-type=\"column\">\n\t\t\t<div class=\"elementor-widget-wrap elementor-element-populated\">\n\t\t\t\t\t\t<div class=\"elementor-element elementor-element-e9fc77d elementor-widget elementor-widget-heading\" data-id=\"e9fc77d\" data-element_type=\"widget\" data-e-type=\"widget\" data-widget_type=\"heading.default\">\n\t\t\t\t<div class=\"elementor-widget-container\">\n\t\t\t\t\t<h4 class=\"elementor-heading-title elementor-size-default\">The role of IHEDN in establishing a common defence culture\n\n<p><\/p><\/h4>\t\t\t\t<\/div>\n\t\t\t\t<\/div>\n\t\t\t\t<div class=\"elementor-element elementor-element-65582ed elementor-widget-divider--view-line elementor-widget elementor-widget-divider\" data-id=\"65582ed\" data-element_type=\"widget\" data-e-type=\"widget\" data-widget_type=\"divider.default\">\n\t\t\t\t<div class=\"elementor-widget-container\">\n\t\t\t\t\t\t\t<div class=\"elementor-divider\">\n\t\t\t<span class=\"elementor-divider-separator\">\n\t\t\t\t\t\t<\/span>\n\t\t<\/div>\n\t\t\t\t\t\t<\/div>\n\t\t\t\t<\/div>\n\t\t\t\t\t<\/div>\n\t\t<\/div>\n\t\t\t\t\t<\/div>\n\t\t<\/section>\n\t\t\t\t<section data-particle_enable=\"false\" data-particle-mobile-disabled=\"false\" class=\"elementor-section elementor-top-section elementor-element elementor-element-003eb0e elementor-section-boxed elementor-section-height-default elementor-section-height-default\" data-id=\"003eb0e\" data-element_type=\"section\" data-e-type=\"section\">\n\t\t\t\t\t\t<div class=\"elementor-container elementor-column-gap-default\">\n\t\t\t\t\t<div class=\"elementor-column elementor-col-100 elementor-top-column elementor-element elementor-element-9b32cb6\" data-id=\"9b32cb6\" data-element_type=\"column\" data-e-type=\"column\">\n\t\t\t<div class=\"elementor-widget-wrap elementor-element-populated\">\n\t\t\t\t\t\t<div class=\"elementor-element elementor-element-ecebb90 elementor-widget elementor-widget-text-editor\" data-id=\"ecebb90\" data-element_type=\"widget\" data-e-type=\"widget\" data-widget_type=\"text-editor.default\">\n\t\t\t\t<div class=\"elementor-widget-container\">\n\t\t\t\t\t\t\t\t\t<p style=\"text-align: left;\">Another form of officer exchange exists between the two countries, at just a lower hierarchical level: every year, a British colonel attends the Centre Hautes Etudes Militaires (CHEM), along with his French counterparts and those from other allied armies. CHEM students are also ex-officio members of the Defence Policy major at the national session of IHEDN: \"While bilateral relations between our ministries, academic institutions and senior public and private sector officials remain strong, there is no direct equivalent of IHEDN in the UK,\" points out Colonel Carsten Duke, who completed the CHEM-IHEDN programme in 2022-23 and has since been studying at the University of London. <em>Defence Academy<\/em> of Shrivenham. \"IHEDN therefore represents an incredible opportunity to deepen military and civilian understanding across an extremely diverse spectrum of professional fields.\"<\/p><p style=\"text-align: left;\">For the British officer, these exchanges are invaluable in the cohesion between the two armies and, more broadly, the two countries: \"The deep personal links forged during IHEDN and an active alumni network have had a direct and positive impact on interaction between the UK and France, whether on issues of national strategic importance or, more importantly, rugby. If I could repeat the year, I would! Vive l'IHEDN!\"<\/p>\t\t\t\t\t\t\t\t<\/div>\n\t\t\t\t<\/div>\n\t\t\t\t\t<\/div>\n\t\t<\/div>\n\t\t\t\t\t<\/div>\n\t\t<\/section>\n\t\t\t\t<\/div>","protected":false},"excerpt":{"rendered":"<p>The military alliance between the two countries, which began over a century ago, has been strengthened since 2010. On the occasion of the visit of the British monarch Charles III, officers involved in exchanges on both sides of the Channel give their impressions.<\/p>","protected":false},"author":10,"featured_media":42672,"comment_status":"closed","ping_status":"closed","sticky":false,"template":"","format":"standard","meta":{"footnotes":""},"categories":[171],"tags":[],"class_list":["post-42675","post","type-post","status-publish","format-standard","has-post-thumbnail","hentry","category-notre-selection"],"yoast_head":"<!-- This site is optimized with the Yoast SEO plugin v27.5 - https:\/\/yoast.com\/product\/yoast-seo-wordpress\/ -->\n<title>Relation de d\u00e9fense Royaume-Uni-France : une progression constante - L&#039;IHEDN : Institut des hautes \u00e9tudes de d\u00e9fense nationale<\/title>\n<meta name=\"description\" content=\"Entam\u00e9e il y a plus d\u2019un si\u00e8cle, l\u2019alliance militaire entre les deux pays se renforce depuis 2010. \u00c0 l\u2019occasion de la visite du souverain britannique Charles III, des officiers impliqu\u00e9s dans des \u00e9changes sur les deux rives de la Manche livrent leurs impressions.\" \/>\n<meta name=\"robots\" content=\"index, follow, max-snippet:-1, max-image-preview:large, max-video-preview:-1\" \/>\n<link rel=\"canonical\" href=\"https:\/\/ihedn.fr\/en\/notre-selection\/relation-de-defense-royaume-uni-france-une-progression-constante\/\" \/>\n<meta property=\"og:locale\" content=\"en_GB\" \/>\n<meta property=\"og:type\" content=\"article\" \/>\n<meta property=\"og:title\" content=\"Relation de d\u00e9fense Royaume-Uni-France : une progression constante\" \/>\n<meta property=\"og:description\" content=\"Entam\u00e9e il y a plus d\u2019un si\u00e8cle, l\u2019alliance militaire entre les deux pays se renforce depuis 2010. \u00c0 l\u2019occasion de la visite du souverain britannique Charles III, des officiers impliqu\u00e9s dans des \u00e9changes sur les deux rives de la Manche livrent leurs impressions.\" \/>\n<meta property=\"og:url\" content=\"https:\/\/ihedn.fr\/en\/notre-selection\/relation-de-defense-royaume-uni-france-une-progression-constante\/\" \/>\n<meta property=\"og:site_name\" content=\"L&#039;IHEDN : Institut des hautes \u00e9tudes de d\u00e9fense nationale\" \/>\n<meta property=\"article:publisher\" content=\"https:\/\/www.facebook.com\/ihedn\/\" \/>\n<meta property=\"article:published_time\" content=\"2023-09-21T08:01:38+00:00\" \/>\n<meta property=\"article:modified_time\" content=\"2025-04-18T07:21:18+00:00\" \/>\n<meta property=\"og:image\" content=\"https:\/\/ihedn.fr\/wp-content\/uploads\/2023\/09\/charlesIII-scaled.jpg\" \/>\n\t<meta property=\"og:image:width\" content=\"2560\" \/>\n\t<meta property=\"og:image:height\" content=\"1440\" \/>\n\t<meta property=\"og:image:type\" content=\"image\/jpeg\" \/>\n<meta name=\"author\" content=\"tanguy.morel@ihedn.fr\" \/>\n<meta name=\"twitter:card\" content=\"summary_large_image\" \/>\n<meta name=\"twitter:title\" content=\"Relation de d\u00e9fense Royaume-Uni-France : une progression constante\" \/>\n<meta name=\"twitter:description\" content=\"Entam\u00e9e il y a plus d\u2019un si\u00e8cle, l\u2019alliance militaire entre les deux pays se renforce depuis 2010. \u00c0 l\u2019occasion de la visite du souverain britannique Charles III, des officiers impliqu\u00e9s dans des \u00e9changes sur les deux rives de la Manche livrent leurs impressions.\" \/>\n<meta name=\"twitter:image\" content=\"https:\/\/ihedn.fr\/wp-content\/uploads\/2023\/09\/charlesIII-scaled.jpg\" \/>\n<meta name=\"twitter:creator\" content=\"@IHEDN\" \/>\n<meta name=\"twitter:site\" content=\"@IHEDN\" \/>\n<meta name=\"twitter:label1\" content=\"Written by\" \/>\n\t<meta name=\"twitter:data1\" content=\"tanguy.morel@ihedn.fr\" \/>\n\t<meta name=\"twitter:label2\" content=\"Estimated reading time\" \/>\n\t<meta name=\"twitter:data2\" content=\"8 minutes\" \/>\n<script type=\"application\/ld+json\" class=\"yoast-schema-graph\">{\"@context\":\"https:\\\/\\\/schema.org\",\"@graph\":[{\"@type\":\"Article\",\"@id\":\"https:\\\/\\\/ihedn.fr\\\/notre-selection\\\/relation-de-defense-royaume-uni-france-une-progression-constante\\\/#article\",\"isPartOf\":{\"@id\":\"https:\\\/\\\/ihedn.fr\\\/notre-selection\\\/relation-de-defense-royaume-uni-france-une-progression-constante\\\/\"},\"author\":{\"name\":\"tanguy.morel@ihedn.fr\",\"@id\":\"https:\\\/\\\/ihedn.fr\\\/#\\\/schema\\\/person\\\/ed217a37104b27a246b200e65b827cc7\"},\"headline\":\"Relation de d\u00e9fense Royaume-Uni-France : une progression constante\",\"datePublished\":\"2023-09-21T08:01:38+00:00\",\"dateModified\":\"2025-04-18T07:21:18+00:00\",\"mainEntityOfPage\":{\"@id\":\"https:\\\/\\\/ihedn.fr\\\/notre-selection\\\/relation-de-defense-royaume-uni-france-une-progression-constante\\\/\"},\"wordCount\":1639,\"publisher\":{\"@id\":\"https:\\\/\\\/ihedn.fr\\\/#organization\"},\"image\":{\"@id\":\"https:\\\/\\\/ihedn.fr\\\/notre-selection\\\/relation-de-defense-royaume-uni-france-une-progression-constante\\\/#primaryimage\"},\"thumbnailUrl\":\"https:\\\/\\\/ihedn.fr\\\/wp-content\\\/uploads\\\/2023\\\/09\\\/charlesIII-scaled.jpg\",\"articleSection\":[\"Notre s\u00e9lection\"],\"inLanguage\":\"en-GB\"},{\"@type\":\"WebPage\",\"@id\":\"https:\\\/\\\/ihedn.fr\\\/notre-selection\\\/relation-de-defense-royaume-uni-france-une-progression-constante\\\/\",\"url\":\"https:\\\/\\\/ihedn.fr\\\/notre-selection\\\/relation-de-defense-royaume-uni-france-une-progression-constante\\\/\",\"name\":\"Relation de d\u00e9fense Royaume-Uni-France : une progression constante - L&#039;IHEDN : Institut des hautes \u00e9tudes de d\u00e9fense nationale\",\"isPartOf\":{\"@id\":\"https:\\\/\\\/ihedn.fr\\\/#website\"},\"primaryImageOfPage\":{\"@id\":\"https:\\\/\\\/ihedn.fr\\\/notre-selection\\\/relation-de-defense-royaume-uni-france-une-progression-constante\\\/#primaryimage\"},\"image\":{\"@id\":\"https:\\\/\\\/ihedn.fr\\\/notre-selection\\\/relation-de-defense-royaume-uni-france-une-progression-constante\\\/#primaryimage\"},\"thumbnailUrl\":\"https:\\\/\\\/ihedn.fr\\\/wp-content\\\/uploads\\\/2023\\\/09\\\/charlesIII-scaled.jpg\",\"datePublished\":\"2023-09-21T08:01:38+00:00\",\"dateModified\":\"2025-04-18T07:21:18+00:00\",\"description\":\"Entam\u00e9e il y a plus d\u2019un si\u00e8cle, l\u2019alliance militaire entre les deux pays se renforce depuis 2010. \u00c0 l\u2019occasion de la visite du souverain britannique Charles III, des officiers impliqu\u00e9s dans des \u00e9changes sur les deux rives de la Manche livrent leurs impressions.\",\"breadcrumb\":{\"@id\":\"https:\\\/\\\/ihedn.fr\\\/notre-selection\\\/relation-de-defense-royaume-uni-france-une-progression-constante\\\/#breadcrumb\"},\"inLanguage\":\"en-GB\",\"potentialAction\":[{\"@type\":\"ReadAction\",\"target\":[\"https:\\\/\\\/ihedn.fr\\\/notre-selection\\\/relation-de-defense-royaume-uni-france-une-progression-constante\\\/\"]}]},{\"@type\":\"ImageObject\",\"inLanguage\":\"en-GB\",\"@id\":\"https:\\\/\\\/ihedn.fr\\\/notre-selection\\\/relation-de-defense-royaume-uni-france-une-progression-constante\\\/#primaryimage\",\"url\":\"https:\\\/\\\/ihedn.fr\\\/wp-content\\\/uploads\\\/2023\\\/09\\\/charlesIII-scaled.jpg\",\"contentUrl\":\"https:\\\/\\\/ihedn.fr\\\/wp-content\\\/uploads\\\/2023\\\/09\\\/charlesIII-scaled.jpg\",\"width\":2560,\"height\":1440,\"caption\":\"Charles III en visite \u00e0 Paris avec le Pr\u00e9sident Emmanuel Macron\"},{\"@type\":\"BreadcrumbList\",\"@id\":\"https:\\\/\\\/ihedn.fr\\\/notre-selection\\\/relation-de-defense-royaume-uni-france-une-progression-constante\\\/#breadcrumb\",\"itemListElement\":[{\"@type\":\"ListItem\",\"position\":1,\"name\":\"Accueil\",\"item\":\"https:\\\/\\\/ihedn.fr\\\/\"},{\"@type\":\"ListItem\",\"position\":2,\"name\":\"Relation de d\u00e9fense Royaume-Uni-France : une progression constante\"}]},{\"@type\":\"WebSite\",\"@id\":\"https:\\\/\\\/ihedn.fr\\\/#website\",\"url\":\"https:\\\/\\\/ihedn.fr\\\/\",\"name\":\"IHEDN : Institut des hautes \u00e9tudes de d\u00e9fense nationale |\",\"description\":\"Site officiel de l&#039;IHEDN plac\u00e9 sous la tutelle du Premier ministre.\",\"publisher\":{\"@id\":\"https:\\\/\\\/ihedn.fr\\\/#organization\"},\"potentialAction\":[{\"@type\":\"SearchAction\",\"target\":{\"@type\":\"EntryPoint\",\"urlTemplate\":\"https:\\\/\\\/ihedn.fr\\\/?s={search_term_string}\"},\"query-input\":{\"@type\":\"PropertyValueSpecification\",\"valueRequired\":true,\"valueName\":\"search_term_string\"}}],\"inLanguage\":\"en-GB\"},{\"@type\":\"Organization\",\"@id\":\"https:\\\/\\\/ihedn.fr\\\/#organization\",\"name\":\"IHEDN - Institut des Hautes Etudes de D\u00e9fense Nationale\",\"url\":\"https:\\\/\\\/ihedn.fr\\\/\",\"logo\":{\"@type\":\"ImageObject\",\"inLanguage\":\"en-GB\",\"@id\":\"https:\\\/\\\/ihedn.fr\\\/#\\\/schema\\\/logo\\\/image\\\/\",\"url\":\"https:\\\/\\\/ihedn.fr\\\/wp-content\\\/uploads\\\/2020\\\/11\\\/BLOC_RF_IHEDN_WEB.png\",\"contentUrl\":\"https:\\\/\\\/ihedn.fr\\\/wp-content\\\/uploads\\\/2020\\\/11\\\/BLOC_RF_IHEDN_WEB.png\",\"width\":500,\"height\":237,\"caption\":\"IHEDN - Institut des Hautes Etudes de D\u00e9fense Nationale\"},\"image\":{\"@id\":\"https:\\\/\\\/ihedn.fr\\\/#\\\/schema\\\/logo\\\/image\\\/\"},\"sameAs\":[\"https:\\\/\\\/www.facebook.com\\\/ihedn\\\/\",\"https:\\\/\\\/x.com\\\/IHEDN\",\"https:\\\/\\\/www.instagram.com\\\/ihedn\\\/\",\"https:\\\/\\\/www.linkedin.com\\\/school\\\/ihedn\\\/\",\"https:\\\/\\\/fr.wikipedia.org\\\/wiki\\\/Institut_des_hautes_\u00e9tudes_de_D\u00e9fense_nationale\"]},{\"@type\":\"Person\",\"@id\":\"https:\\\/\\\/ihedn.fr\\\/#\\\/schema\\\/person\\\/ed217a37104b27a246b200e65b827cc7\",\"name\":\"tanguy.morel@ihedn.fr\",\"image\":{\"@type\":\"ImageObject\",\"inLanguage\":\"en-GB\",\"@id\":\"https:\\\/\\\/secure.gravatar.com\\\/avatar\\\/36877cd30919fafddf1f9da45f4154aa468a64328452f2ceaff0968772207348?s=96&d=mm&r=g\",\"url\":\"https:\\\/\\\/secure.gravatar.com\\\/avatar\\\/36877cd30919fafddf1f9da45f4154aa468a64328452f2ceaff0968772207348?s=96&d=mm&r=g\",\"contentUrl\":\"https:\\\/\\\/secure.gravatar.com\\\/avatar\\\/36877cd30919fafddf1f9da45f4154aa468a64328452f2ceaff0968772207348?s=96&d=mm&r=g\",\"caption\":\"tanguy.morel@ihedn.fr\"},\"url\":\"https:\\\/\\\/ihedn.fr\\\/en\\\/author\\\/tanguy-morelihedn-fr\\\/\"}]}<\/script>\n<!-- \/ Yoast SEO plugin. -->","yoast_head_json":{"title":"UK-France defence relations: steady progress - L'IHEDN : Institut des hautes \u00e9tudes de d\u00e9fense nationale","description":"The military alliance between the two countries, which began over a century ago, has been strengthened since 2010. On the occasion of the visit of the British monarch Charles III, officers involved in exchanges on both sides of the Channel give their impressions.","robots":{"index":"index","follow":"follow","max-snippet":"max-snippet:-1","max-image-preview":"max-image-preview:large","max-video-preview":"max-video-preview:-1"},"canonical":"https:\/\/ihedn.fr\/en\/notre-selection\/relation-de-defense-royaume-uni-france-une-progression-constante\/","og_locale":"en_GB","og_type":"article","og_title":"Relation de d\u00e9fense Royaume-Uni-France : une progression constante","og_description":"Entam\u00e9e il y a plus d\u2019un si\u00e8cle, l\u2019alliance militaire entre les deux pays se renforce depuis 2010. \u00c0 l\u2019occasion de la visite du souverain britannique Charles III, des officiers impliqu\u00e9s dans des \u00e9changes sur les deux rives de la Manche livrent leurs impressions.","og_url":"https:\/\/ihedn.fr\/en\/notre-selection\/relation-de-defense-royaume-uni-france-une-progression-constante\/","og_site_name":"L&#039;IHEDN : Institut des hautes \u00e9tudes de d\u00e9fense nationale","article_publisher":"https:\/\/www.facebook.com\/ihedn\/","article_published_time":"2023-09-21T08:01:38+00:00","article_modified_time":"2025-04-18T07:21:18+00:00","og_image":[{"width":2560,"height":1440,"url":"https:\/\/ihedn.fr\/wp-content\/uploads\/2023\/09\/charlesIII-scaled.jpg","type":"image\/jpeg"}],"author":"tanguy.morel@ihedn.fr","twitter_card":"summary_large_image","twitter_title":"Relation de d\u00e9fense Royaume-Uni-France : une progression constante","twitter_description":"Entam\u00e9e il y a plus d\u2019un si\u00e8cle, l\u2019alliance militaire entre les deux pays se renforce depuis 2010. \u00c0 l\u2019occasion de la visite du souverain britannique Charles III, des officiers impliqu\u00e9s dans des \u00e9changes sur les deux rives de la Manche livrent leurs impressions.","twitter_image":"https:\/\/ihedn.fr\/wp-content\/uploads\/2023\/09\/charlesIII-scaled.jpg","twitter_creator":"@IHEDN","twitter_site":"@IHEDN","twitter_misc":{"Written by":"tanguy.morel@ihedn.fr","Estimated reading time":"8 minutes"},"schema":{"@context":"https:\/\/schema.org","@graph":[{"@type":"Article","@id":"https:\/\/ihedn.fr\/notre-selection\/relation-de-defense-royaume-uni-france-une-progression-constante\/#article","isPartOf":{"@id":"https:\/\/ihedn.fr\/notre-selection\/relation-de-defense-royaume-uni-france-une-progression-constante\/"},"author":{"name":"tanguy.morel@ihedn.fr","@id":"https:\/\/ihedn.fr\/#\/schema\/person\/ed217a37104b27a246b200e65b827cc7"},"headline":"Relation de d\u00e9fense Royaume-Uni-France : une progression constante","datePublished":"2023-09-21T08:01:38+00:00","dateModified":"2025-04-18T07:21:18+00:00","mainEntityOfPage":{"@id":"https:\/\/ihedn.fr\/notre-selection\/relation-de-defense-royaume-uni-france-une-progression-constante\/"},"wordCount":1639,"publisher":{"@id":"https:\/\/ihedn.fr\/#organization"},"image":{"@id":"https:\/\/ihedn.fr\/notre-selection\/relation-de-defense-royaume-uni-france-une-progression-constante\/#primaryimage"},"thumbnailUrl":"https:\/\/ihedn.fr\/wp-content\/uploads\/2023\/09\/charlesIII-scaled.jpg","articleSection":["Notre s\u00e9lection"],"inLanguage":"en-GB"},{"@type":"WebPage","@id":"https:\/\/ihedn.fr\/notre-selection\/relation-de-defense-royaume-uni-france-une-progression-constante\/","url":"https:\/\/ihedn.fr\/notre-selection\/relation-de-defense-royaume-uni-france-une-progression-constante\/","name":"UK-France defence relations: steady progress - L'IHEDN : Institut des hautes \u00e9tudes de d\u00e9fense nationale","isPartOf":{"@id":"https:\/\/ihedn.fr\/#website"},"primaryImageOfPage":{"@id":"https:\/\/ihedn.fr\/notre-selection\/relation-de-defense-royaume-uni-france-une-progression-constante\/#primaryimage"},"image":{"@id":"https:\/\/ihedn.fr\/notre-selection\/relation-de-defense-royaume-uni-france-une-progression-constante\/#primaryimage"},"thumbnailUrl":"https:\/\/ihedn.fr\/wp-content\/uploads\/2023\/09\/charlesIII-scaled.jpg","datePublished":"2023-09-21T08:01:38+00:00","dateModified":"2025-04-18T07:21:18+00:00","description":"The military alliance between the two countries, which began over a century ago, has been strengthened since 2010. On the occasion of the visit of the British monarch Charles III, officers involved in exchanges on both sides of the Channel give their impressions.","breadcrumb":{"@id":"https:\/\/ihedn.fr\/notre-selection\/relation-de-defense-royaume-uni-france-une-progression-constante\/#breadcrumb"},"inLanguage":"en-GB","potentialAction":[{"@type":"ReadAction","target":["https:\/\/ihedn.fr\/notre-selection\/relation-de-defense-royaume-uni-france-une-progression-constante\/"]}]},{"@type":"ImageObject","inLanguage":"en-GB","@id":"https:\/\/ihedn.fr\/notre-selection\/relation-de-defense-royaume-uni-france-une-progression-constante\/#primaryimage","url":"https:\/\/ihedn.fr\/wp-content\/uploads\/2023\/09\/charlesIII-scaled.jpg","contentUrl":"https:\/\/ihedn.fr\/wp-content\/uploads\/2023\/09\/charlesIII-scaled.jpg","width":2560,"height":1440,"caption":"Charles III en visite \u00e0 Paris avec le Pr\u00e9sident Emmanuel Macron"},{"@type":"BreadcrumbList","@id":"https:\/\/ihedn.fr\/notre-selection\/relation-de-defense-royaume-uni-france-une-progression-constante\/#breadcrumb","itemListElement":[{"@type":"ListItem","position":1,"name":"Accueil","item":"https:\/\/ihedn.fr\/"},{"@type":"ListItem","position":2,"name":"Relation de d\u00e9fense Royaume-Uni-France : une progression constante"}]},{"@type":"WebSite","@id":"https:\/\/ihedn.fr\/#website","url":"https:\/\/ihedn.fr\/","name":"IHEDN: Institut des hautes \u00e9tudes de d\u00e9fense nationale (Institute for Higher National Defence Studies)","description":"Official website of the IHEDN under the supervision of the Prime Minister.","publisher":{"@id":"https:\/\/ihedn.fr\/#organization"},"potentialAction":[{"@type":"SearchAction","target":{"@type":"EntryPoint","urlTemplate":"https:\/\/ihedn.fr\/?s={search_term_string}"},"query-input":{"@type":"PropertyValueSpecification","valueRequired":true,"valueName":"search_term_string"}}],"inLanguage":"en-GB"},{"@type":"Organization","@id":"https:\/\/ihedn.fr\/#organization","name":"IHEDN - Institute for Higher National Defence Studies","url":"https:\/\/ihedn.fr\/","logo":{"@type":"ImageObject","inLanguage":"en-GB","@id":"https:\/\/ihedn.fr\/#\/schema\/logo\/image\/","url":"https:\/\/ihedn.fr\/wp-content\/uploads\/2020\/11\/BLOC_RF_IHEDN_WEB.png","contentUrl":"https:\/\/ihedn.fr\/wp-content\/uploads\/2020\/11\/BLOC_RF_IHEDN_WEB.png","width":500,"height":237,"caption":"IHEDN - Institut des Hautes Etudes de D\u00e9fense Nationale"},"image":{"@id":"https:\/\/ihedn.fr\/#\/schema\/logo\/image\/"},"sameAs":["https:\/\/www.facebook.com\/ihedn\/","https:\/\/x.com\/IHEDN","https:\/\/www.instagram.com\/ihedn\/","https:\/\/www.linkedin.com\/school\/ihedn\/","https:\/\/fr.wikipedia.org\/wiki\/Institut_des_hautes_\u00e9tudes_de_D\u00e9fense_nationale"]},{"@type":"Person","@id":"https:\/\/ihedn.fr\/#\/schema\/person\/ed217a37104b27a246b200e65b827cc7","name":"tanguy.morel@ihedn.fr","image":{"@type":"ImageObject","inLanguage":"en-GB","@id":"https:\/\/secure.gravatar.com\/avatar\/36877cd30919fafddf1f9da45f4154aa468a64328452f2ceaff0968772207348?s=96&d=mm&r=g","url":"https:\/\/secure.gravatar.com\/avatar\/36877cd30919fafddf1f9da45f4154aa468a64328452f2ceaff0968772207348?s=96&d=mm&r=g","contentUrl":"https:\/\/secure.gravatar.com\/avatar\/36877cd30919fafddf1f9da45f4154aa468a64328452f2ceaff0968772207348?s=96&d=mm&r=g","caption":"tanguy.morel@ihedn.fr"},"url":"https:\/\/ihedn.fr\/en\/author\/tanguy-morelihedn-fr\/"}]}},"publishpress_future_action":{"enabled":false,"date":"2026-05-09 09:03:17","action":"change-status","newStatus":"draft","terms":[],"taxonomy":"category","extraData":[]},"publishpress_future_workflow_manual_trigger":{"enabledWorkflows":[]},"_links":{"self":[{"href":"https:\/\/ihedn.fr\/en\/wp-json\/wp\/v2\/posts\/42675","targetHints":{"allow":["GET"]}}],"collection":[{"href":"https:\/\/ihedn.fr\/en\/wp-json\/wp\/v2\/posts"}],"about":[{"href":"https:\/\/ihedn.fr\/en\/wp-json\/wp\/v2\/types\/post"}],"author":[{"embeddable":true,"href":"https:\/\/ihedn.fr\/en\/wp-json\/wp\/v2\/users\/10"}],"replies":[{"embeddable":true,"href":"https:\/\/ihedn.fr\/en\/wp-json\/wp\/v2\/comments?post=42675"}],"version-history":[{"count":48,"href":"https:\/\/ihedn.fr\/en\/wp-json\/wp\/v2\/posts\/42675\/revisions"}],"predecessor-version":[{"id":53803,"href":"https:\/\/ihedn.fr\/en\/wp-json\/wp\/v2\/posts\/42675\/revisions\/53803"}],"wp:featuredmedia":[{"embeddable":true,"href":"https:\/\/ihedn.fr\/en\/wp-json\/wp\/v2\/media\/42672"}],"wp:attachment":[{"href":"https:\/\/ihedn.fr\/en\/wp-json\/wp\/v2\/media?parent=42675"}],"wp:term":[{"taxonomy":"category","embeddable":true,"href":"https:\/\/ihedn.fr\/en\/wp-json\/wp\/v2\/categories?post=42675"},{"taxonomy":"post_tag","embeddable":true,"href":"https:\/\/ihedn.fr\/en\/wp-json\/wp\/v2\/tags?post=42675"}],"curies":[{"name":"wp","href":"https:\/\/api.w.org\/{rel}","templated":true}]}}