{"id":42802,"date":"2023-09-25T13:00:51","date_gmt":"2023-09-25T12:00:51","guid":{"rendered":"https:\/\/ihedn.fr\/?p=42802"},"modified":"2025-04-18T08:24:21","modified_gmt":"2025-04-18T07:24:21","slug":"evenements-climatiques-extremes-les-militaires-de-la-securite-civile-en-premiere-ligne","status":"publish","type":"post","link":"https:\/\/ihedn.fr\/en\/notre-selection\/evenements-climatiques-extremes-les-militaires-de-la-securite-civile-en-premiere-ligne\/","title":{"rendered":"Extreme weather events: civil defence personnel on the front line"},"content":{"rendered":"<div data-elementor-type=\"wp-post\" data-elementor-id=\"42802\" class=\"elementor elementor-42802\" data-elementor-post-type=\"post\">\n\t\t\t\t\t\t<section data-particle_enable=\"false\" data-particle-mobile-disabled=\"false\" class=\"elementor-section elementor-top-section elementor-element elementor-element-04fef2b elementor-section-boxed elementor-section-height-default elementor-section-height-default\" data-id=\"04fef2b\" data-element_type=\"section\" data-e-type=\"section\">\n\t\t\t\t\t\t<div class=\"elementor-container elementor-column-gap-default\">\n\t\t\t\t\t<div class=\"elementor-column elementor-col-100 elementor-top-column elementor-element elementor-element-634f261\" data-id=\"634f261\" data-element_type=\"column\" data-e-type=\"column\">\n\t\t\t<div class=\"elementor-widget-wrap elementor-element-populated\">\n\t\t\t\t\t\t<div class=\"elementor-element elementor-element-4bdf21a elementor-widget elementor-widget-text-editor\" data-id=\"4bdf21a\" data-element_type=\"widget\" data-e-type=\"widget\" data-widget_type=\"text-editor.default\">\n\t\t\t\t<div class=\"elementor-widget-container\">\n\t\t\t\t\t\t\t\t\t<p class=\"MsoNormal\" style=\"text-align: left;\">It's a clear sign of climate change and the need to adapt to it: this summer, Operation Hephaestus, the name given to the armed forces' involvement in the fight against forest fires, was extended to cover the whole of mainland France. Previously, since 1984, it had covered \"only\" around twenty d\u00e9partements, all in the south of the country. \"We can now speak of a nationalisation of this mission, traditionally assigned to the south of France\", commented Colonel Stanislas Rouquayrol, Commander of the Civil Protection Military Training Corps (ForMiSC), at the time of the announcement in July.<\/p>\t\t\t\t\t\t\t\t<\/div>\n\t\t\t\t<\/div>\n\t\t\t\t<div class=\"elementor-element elementor-element-af2a298 elementor-widget elementor-widget-image\" data-id=\"af2a298\" data-element_type=\"widget\" data-e-type=\"widget\" data-widget_type=\"image.default\">\n\t\t\t\t<div class=\"elementor-widget-container\">\n\t\t\t\t\t\t\t\t\t\t\t\t\t\t\t<img fetchpriority=\"high\" decoding=\"async\" width=\"1386\" height=\"780\" src=\"https:\/\/ihedn.fr\/wp-content\/uploads\/2023\/09\/carte.jpg\" class=\"attachment-full size-full wp-image-42812\" alt=\"Carte de la zone d&#039;op\u00e9ration H\u00e9pha\u00efstos\" srcset=\"https:\/\/ihedn.fr\/wp-content\/uploads\/2023\/09\/carte.jpg 1386w, https:\/\/ihedn.fr\/wp-content\/uploads\/2023\/09\/carte-18x10.jpg 18w\" sizes=\"(max-width: 1386px) 100vw, 1386px\" \/>\t\t\t\t\t\t\t\t\t\t\t\t\t\t\t<\/div>\n\t\t\t\t<\/div>\n\t\t\t\t<div class=\"elementor-element elementor-element-419313f elementor-widget elementor-widget-text-editor\" data-id=\"419313f\" data-element_type=\"widget\" data-e-type=\"widget\" data-widget_type=\"text-editor.default\">\n\t\t\t\t<div class=\"elementor-widget-container\">\n\t\t\t\t\t\t\t\t\t<p style=\"text-align: right;\"><span style=\"font-family: Marianne; font-size: 10px; text-align: right;\">Military Staff\u00a0<\/span><\/p>\t\t\t\t\t\t\t\t<\/div>\n\t\t\t\t<\/div>\n\t\t\t\t<div class=\"elementor-element elementor-element-059d89b elementor-widget elementor-widget-text-editor\" data-id=\"059d89b\" data-element_type=\"widget\" data-e-type=\"widget\" data-widget_type=\"text-editor.default\">\n\t\t\t\t<div class=\"elementor-widget-container\">\n\t\t\t\t\t\t\t\t\t<p style=\"text-align: left;\">Since 1988, the ForMiSC units, which are part of the army's engineering arm (like the Paris fire brigade), have been made available to the Ministry of the Interior, as part of the very broad Directorate-General for Civil Protection and Crisis Management (DGSCGC). The DGSCGC oversees more than 350,000 civil protection personnel throughout the country, including 250,000 professional fire fighters, 100,000 volunteers and 2,500 civil servants.<\/p>\t\t\t\t\t\t\t\t<\/div>\n\t\t\t\t<\/div>\n\t\t\t\t\t<\/div>\n\t\t<\/div>\n\t\t\t\t\t<\/div>\n\t\t<\/section>\n\t\t\t\t<section data-particle_enable=\"false\" data-particle-mobile-disabled=\"false\" class=\"elementor-section elementor-top-section elementor-element elementor-element-90cf80c elementor-section-boxed elementor-section-height-default elementor-section-height-default\" data-id=\"90cf80c\" data-element_type=\"section\" data-e-type=\"section\">\n\t\t\t\t\t\t<div class=\"elementor-container elementor-column-gap-default\">\n\t\t\t\t\t<div class=\"elementor-column elementor-col-100 elementor-top-column elementor-element elementor-element-0cec92e\" data-id=\"0cec92e\" data-element_type=\"column\" data-e-type=\"column\">\n\t\t\t<div class=\"elementor-widget-wrap elementor-element-populated\">\n\t\t\t\t\t\t<div class=\"elementor-element elementor-element-ee7a256 elementor-widget elementor-widget-heading\" data-id=\"ee7a256\" data-element_type=\"widget\" data-e-type=\"widget\" data-widget_type=\"heading.default\">\n\t\t\t\t<div class=\"elementor-widget-container\">\n\t\t\t\t\t<h4 class=\"elementor-heading-title elementor-size-default\">1,408 RESCUE WORKERS AT PRESENT, ALMOST 2,000 BY 2027<\/h4>\t\t\t\t<\/div>\n\t\t\t\t<\/div>\n\t\t\t\t<div class=\"elementor-element elementor-element-018b02d elementor-widget-divider--view-line elementor-widget elementor-widget-divider\" data-id=\"018b02d\" data-element_type=\"widget\" data-e-type=\"widget\" data-widget_type=\"divider.default\">\n\t\t\t\t<div class=\"elementor-widget-container\">\n\t\t\t\t\t\t\t<div class=\"elementor-divider\">\n\t\t\t<span class=\"elementor-divider-separator\">\n\t\t\t\t\t\t<\/span>\n\t\t<\/div>\n\t\t\t\t\t\t<\/div>\n\t\t\t\t<\/div>\n\t\t\t\t\t<\/div>\n\t\t<\/div>\n\t\t\t\t\t<\/div>\n\t\t<\/section>\n\t\t\t\t<section data-particle_enable=\"false\" data-particle-mobile-disabled=\"false\" class=\"elementor-section elementor-top-section elementor-element elementor-element-16bfdc8 elementor-section-boxed elementor-section-height-default elementor-section-height-default\" data-id=\"16bfdc8\" data-element_type=\"section\" data-e-type=\"section\">\n\t\t\t\t\t\t<div class=\"elementor-container elementor-column-gap-default\">\n\t\t\t\t\t<div class=\"elementor-column elementor-col-100 elementor-top-column elementor-element elementor-element-bb2a3a7\" data-id=\"bb2a3a7\" data-element_type=\"column\" data-e-type=\"column\">\n\t\t\t<div class=\"elementor-widget-wrap elementor-element-populated\">\n\t\t\t\t\t\t<div class=\"elementor-element elementor-element-b6acd66 elementor-widget elementor-widget-text-editor\" data-id=\"b6acd66\" data-element_type=\"widget\" data-e-type=\"widget\" data-widget_type=\"text-editor.default\">\n\t\t\t\t<div class=\"elementor-widget-container\">\n\t\t\t\t\t\t\t\t\t<p style=\"text-align: left;\">There are 1,408 ForMiSC military experts, known as sappers. Their missions are far more than just fighting forest fires. Specialised and autonomous, their detachments are capable of intervening in all natural or technological disasters, in times of peace, crisis or war, both in France and abroad: floods, pollution, cyclones, contamination, earthquakes, landslides, building collapses, etc. They can, for example, provide NRBC (nuclear, radiological, biological and chemical) expertise, or drone support for mine clearance or securing rescue operations.<\/p><p style=\"text-align: left;\">They have rare and specific equipment for their different areas of intervention, to complement local or regional resources.<\/p><p style=\"text-align: left;\">In France, ForMiSCs act in emergencies as back-up for the fire brigade, but also in support of police forces, particularly in the fight against terrorism. Abroad, they respond to requests for assistance from countries hit by disasters. They also provide numerous training courses for the armed forces and fire brigades, both in France and abroad.<\/p><p style=\"text-align: left;\">ForMiSC currently comprises three Civil Protection Training and Intervention Units (UIISC):<\/p><p style=\"text-align: left;\">- UIISC 1, created in 1978 and based in Nogent-le-Rotrou (Eure-et-Loir)<\/p><p style=\"text-align: left;\">- UIISC 5, set up in 1988 and based in Corte (Haute-Corse)<\/p><p style=\"text-align: left;\">- UIISC 7, the oldest, created in 1974 and based in Brignoles (Var)<\/p><p style=\"text-align: left;\">In October 2022, the French President announced the creation of a 4th UIISC to deal with the increasing number and intensity of climatic and natural events. Based in Libourne (Gironde), it will come into operation in 2024 and should have 565 rescue engineers by 2027.<\/p>\t\t\t\t\t\t\t\t<\/div>\n\t\t\t\t<\/div>\n\t\t\t\t\t<\/div>\n\t\t<\/div>\n\t\t\t\t\t<\/div>\n\t\t<\/section>\n\t\t\t\t<section data-particle_enable=\"false\" data-particle-mobile-disabled=\"false\" class=\"elementor-section elementor-top-section elementor-element elementor-element-19be913 elementor-section-boxed elementor-section-height-default elementor-section-height-default\" data-id=\"19be913\" data-element_type=\"section\" data-e-type=\"section\">\n\t\t\t\t\t\t<div class=\"elementor-container elementor-column-gap-default\">\n\t\t\t\t\t<div class=\"elementor-column elementor-col-100 elementor-top-column elementor-element elementor-element-b86613b\" data-id=\"b86613b\" data-element_type=\"column\" data-e-type=\"column\">\n\t\t\t<div class=\"elementor-widget-wrap elementor-element-populated\">\n\t\t\t\t\t\t<div class=\"elementor-element elementor-element-b8fb3c7 elementor-widget elementor-widget-heading\" data-id=\"b8fb3c7\" data-element_type=\"widget\" data-e-type=\"widget\" data-widget_type=\"heading.default\">\n\t\t\t\t<div class=\"elementor-widget-container\">\n\t\t\t\t\t<h4 class=\"elementor-heading-title elementor-size-default\">THE FIELD HOSPITAL\nIS CURRENTLY IN\nDERNA (LIBYA)<\/h4>\t\t\t\t<\/div>\n\t\t\t\t<\/div>\n\t\t\t\t<div class=\"elementor-element elementor-element-ae814b3 elementor-widget-divider--view-line elementor-widget elementor-widget-divider\" data-id=\"ae814b3\" data-element_type=\"widget\" data-e-type=\"widget\" data-widget_type=\"divider.default\">\n\t\t\t\t<div class=\"elementor-widget-container\">\n\t\t\t\t\t\t\t<div class=\"elementor-divider\">\n\t\t\t<span class=\"elementor-divider-separator\">\n\t\t\t\t\t\t<\/span>\n\t\t<\/div>\n\t\t\t\t\t\t<\/div>\n\t\t\t\t<\/div>\n\t\t\t\t\t<\/div>\n\t\t<\/div>\n\t\t\t\t\t<\/div>\n\t\t<\/section>\n\t\t\t\t<section data-particle_enable=\"false\" data-particle-mobile-disabled=\"false\" class=\"elementor-section elementor-top-section elementor-element elementor-element-c26f458 elementor-section-boxed elementor-section-height-default elementor-section-height-default\" data-id=\"c26f458\" data-element_type=\"section\" data-e-type=\"section\">\n\t\t\t\t\t\t<div class=\"elementor-container elementor-column-gap-default\">\n\t\t\t\t\t<div class=\"elementor-column elementor-col-100 elementor-top-column elementor-element elementor-element-ecef182\" data-id=\"ecef182\" data-element_type=\"column\" data-e-type=\"column\">\n\t\t\t<div class=\"elementor-widget-wrap elementor-element-populated\">\n\t\t\t\t\t\t<div class=\"elementor-element elementor-element-a324cfd elementor-widget elementor-widget-text-editor\" data-id=\"a324cfd\" data-element_type=\"widget\" data-e-type=\"widget\" data-widget_type=\"text-editor.default\">\n\t\t\t\t<div class=\"elementor-widget-container\">\n\t\t\t\t\t\t\t\t\t<p style=\"text-align: left;\">In 2022, the ForMiSCs were deployed on 273 different missions, including 92 forest fire missions in France, in Corsica or on Reunion Island, for example. They were also involved in technological risk prevention at major events such as the Nice carnival and the Cannes festival.<\/p><p style=\"text-align: left;\">Thirteen missions took place abroad, including four convoys to Ukraine, as well as deployments to Pakistan to purify water after floods, to Madagascar after cyclone Batsirai, to Greece for fires, to Chad following floods...<\/p><p style=\"text-align: left;\">Of course, the list of missions for this year has not yet been finalised. The ForMiSC field hospital is currently in Derna, Libya, following dramatic flooding. This summer, they also responded to forest fires in Canada and Chile, and in February they went to Turkey to search for earthquake victims and treat them in the field hospital. One of the units has just returned from Slovenia, where it carried out clearance operations following flooding.<\/p>\t\t\t\t\t\t\t\t<\/div>\n\t\t\t\t<\/div>\n\t\t\t\t\t<\/div>\n\t\t<\/div>\n\t\t\t\t\t<\/div>\n\t\t<\/section>\n\t\t\t\t<\/div>","protected":false},"excerpt":{"rendered":"<p>Storms, fires, floods in Libya, Canada, Greece, France... Climate change and the increasing number of disasters are forcing civil protection military training to adapt.<\/p>","protected":false},"author":10,"featured_media":42810,"comment_status":"closed","ping_status":"closed","sticky":false,"template":"","format":"standard","meta":{"footnotes":""},"categories":[171],"tags":[],"class_list":["post-42802","post","type-post","status-publish","format-standard","has-post-thumbnail","hentry","category-notre-selection"],"yoast_head":"<!-- This site is optimized with the Yoast SEO plugin v27.5 - https:\/\/yoast.com\/product\/yoast-seo-wordpress\/ -->\n<title>\u00c9v\u00e9nements climatiques extr\u00eames : les militaires de la s\u00e9curit\u00e9 civile en premi\u00e8re ligne - L&#039;IHEDN : Institut des hautes \u00e9tudes de d\u00e9fense nationale<\/title>\n<meta name=\"description\" content=\"Temp\u00eates, incendies, inondations en Libye, au Canada, en Gr\u00e8ce, en France\u2026 Le changement climatique et la multiplication des catastrophes poussent les Formations militaires de la s\u00e9curit\u00e9 civile \u00e0 s\u2019adapter.\" \/>\n<meta name=\"robots\" content=\"index, follow, max-snippet:-1, max-image-preview:large, max-video-preview:-1\" \/>\n<link rel=\"canonical\" href=\"https:\/\/ihedn.fr\/en\/notre-selection\/evenements-climatiques-extremes-les-militaires-de-la-securite-civile-en-premiere-ligne\/\" \/>\n<meta property=\"og:locale\" content=\"en_GB\" \/>\n<meta property=\"og:type\" content=\"article\" \/>\n<meta property=\"og:title\" content=\"\u00c9v\u00e9nements climatiques extr\u00eames : les militaires de la s\u00e9curit\u00e9 civile en premi\u00e8re ligne\" \/>\n<meta property=\"og:description\" content=\"Temp\u00eates, incendies, inondations en Libye, au Canada, en Gr\u00e8ce, en France\u2026 Le changement climatique et la multiplication des catastrophes poussent les Formations militaires de la s\u00e9curit\u00e9 civile \u00e0 s\u2019adapter.\" \/>\n<meta property=\"og:url\" content=\"https:\/\/ihedn.fr\/en\/notre-selection\/evenements-climatiques-extremes-les-militaires-de-la-securite-civile-en-premiere-ligne\/\" \/>\n<meta property=\"og:site_name\" content=\"L&#039;IHEDN : Institut des hautes \u00e9tudes de d\u00e9fense nationale\" \/>\n<meta property=\"article:publisher\" content=\"https:\/\/www.facebook.com\/ihedn\/\" \/>\n<meta property=\"article:published_time\" content=\"2023-09-25T12:00:51+00:00\" \/>\n<meta property=\"article:modified_time\" content=\"2025-04-18T07:24:21+00:00\" \/>\n<meta property=\"og:image\" content=\"https:\/\/ihedn.fr\/wp-content\/uploads\/2023\/09\/VISUEL_LIH_CLIMATIQUE_EXTREME-1024x1024.png\" \/>\n\t<meta property=\"og:image:width\" content=\"1024\" \/>\n\t<meta property=\"og:image:height\" content=\"1024\" \/>\n\t<meta property=\"og:image:type\" content=\"image\/png\" \/>\n<meta name=\"author\" content=\"tanguy.morel@ihedn.fr\" \/>\n<meta name=\"twitter:card\" content=\"summary_large_image\" \/>\n<meta name=\"twitter:title\" content=\"\u00c9v\u00e9nements climatiques extr\u00eames : les militaires de la s\u00e9curit\u00e9 civile en premi\u00e8re ligne\" \/>\n<meta name=\"twitter:description\" content=\"Temp\u00eates, incendies, inondations en Libye, au Canada, en Gr\u00e8ce, en France\u2026 Le changement climatique et la multiplication des catastrophes poussent les Formations militaires de la s\u00e9curit\u00e9 civile \u00e0 s\u2019adapter.\" \/>\n<meta name=\"twitter:image\" content=\"https:\/\/ihedn.fr\/wp-content\/uploads\/2023\/09\/VISUEL_LIH_CLIMATIQUE_EXTREME.png\" \/>\n<meta name=\"twitter:creator\" content=\"@IHEDN\" \/>\n<meta name=\"twitter:site\" content=\"@IHEDN\" \/>\n<meta name=\"twitter:label1\" content=\"Written by\" \/>\n\t<meta name=\"twitter:data1\" content=\"tanguy.morel@ihedn.fr\" \/>\n\t<meta name=\"twitter:label2\" content=\"Estimated reading time\" \/>\n\t<meta name=\"twitter:data2\" content=\"4 minutes\" \/>\n<script type=\"application\/ld+json\" class=\"yoast-schema-graph\">{\"@context\":\"https:\\\/\\\/schema.org\",\"@graph\":[{\"@type\":\"Article\",\"@id\":\"https:\\\/\\\/ihedn.fr\\\/notre-selection\\\/evenements-climatiques-extremes-les-militaires-de-la-securite-civile-en-premiere-ligne\\\/#article\",\"isPartOf\":{\"@id\":\"https:\\\/\\\/ihedn.fr\\\/notre-selection\\\/evenements-climatiques-extremes-les-militaires-de-la-securite-civile-en-premiere-ligne\\\/\"},\"author\":{\"name\":\"tanguy.morel@ihedn.fr\",\"@id\":\"https:\\\/\\\/ihedn.fr\\\/#\\\/schema\\\/person\\\/ed217a37104b27a246b200e65b827cc7\"},\"headline\":\"\u00c9v\u00e9nements climatiques extr\u00eames : les militaires de la s\u00e9curit\u00e9 civile en premi\u00e8re ligne\",\"datePublished\":\"2023-09-25T12:00:51+00:00\",\"dateModified\":\"2025-04-18T07:24:21+00:00\",\"mainEntityOfPage\":{\"@id\":\"https:\\\/\\\/ihedn.fr\\\/notre-selection\\\/evenements-climatiques-extremes-les-militaires-de-la-securite-civile-en-premiere-ligne\\\/\"},\"wordCount\":732,\"publisher\":{\"@id\":\"https:\\\/\\\/ihedn.fr\\\/#organization\"},\"image\":{\"@id\":\"https:\\\/\\\/ihedn.fr\\\/notre-selection\\\/evenements-climatiques-extremes-les-militaires-de-la-securite-civile-en-premiere-ligne\\\/#primaryimage\"},\"thumbnailUrl\":\"https:\\\/\\\/ihedn.fr\\\/wp-content\\\/uploads\\\/2023\\\/09\\\/VISUEL_LIH_CLIMATIQUE_EXTREME.png\",\"articleSection\":[\"Notre s\u00e9lection\"],\"inLanguage\":\"en-GB\"},{\"@type\":\"WebPage\",\"@id\":\"https:\\\/\\\/ihedn.fr\\\/notre-selection\\\/evenements-climatiques-extremes-les-militaires-de-la-securite-civile-en-premiere-ligne\\\/\",\"url\":\"https:\\\/\\\/ihedn.fr\\\/notre-selection\\\/evenements-climatiques-extremes-les-militaires-de-la-securite-civile-en-premiere-ligne\\\/\",\"name\":\"\u00c9v\u00e9nements climatiques extr\u00eames : les militaires de la s\u00e9curit\u00e9 civile en premi\u00e8re ligne - L&#039;IHEDN : Institut des hautes \u00e9tudes de d\u00e9fense nationale\",\"isPartOf\":{\"@id\":\"https:\\\/\\\/ihedn.fr\\\/#website\"},\"primaryImageOfPage\":{\"@id\":\"https:\\\/\\\/ihedn.fr\\\/notre-selection\\\/evenements-climatiques-extremes-les-militaires-de-la-securite-civile-en-premiere-ligne\\\/#primaryimage\"},\"image\":{\"@id\":\"https:\\\/\\\/ihedn.fr\\\/notre-selection\\\/evenements-climatiques-extremes-les-militaires-de-la-securite-civile-en-premiere-ligne\\\/#primaryimage\"},\"thumbnailUrl\":\"https:\\\/\\\/ihedn.fr\\\/wp-content\\\/uploads\\\/2023\\\/09\\\/VISUEL_LIH_CLIMATIQUE_EXTREME.png\",\"datePublished\":\"2023-09-25T12:00:51+00:00\",\"dateModified\":\"2025-04-18T07:24:21+00:00\",\"description\":\"Temp\u00eates, incendies, inondations en Libye, au Canada, en Gr\u00e8ce, en France\u2026 Le changement climatique et la multiplication des catastrophes poussent les Formations militaires de la s\u00e9curit\u00e9 civile \u00e0 s\u2019adapter.\",\"breadcrumb\":{\"@id\":\"https:\\\/\\\/ihedn.fr\\\/notre-selection\\\/evenements-climatiques-extremes-les-militaires-de-la-securite-civile-en-premiere-ligne\\\/#breadcrumb\"},\"inLanguage\":\"en-GB\",\"potentialAction\":[{\"@type\":\"ReadAction\",\"target\":[\"https:\\\/\\\/ihedn.fr\\\/notre-selection\\\/evenements-climatiques-extremes-les-militaires-de-la-securite-civile-en-premiere-ligne\\\/\"]}]},{\"@type\":\"ImageObject\",\"inLanguage\":\"en-GB\",\"@id\":\"https:\\\/\\\/ihedn.fr\\\/notre-selection\\\/evenements-climatiques-extremes-les-militaires-de-la-securite-civile-en-premiere-ligne\\\/#primaryimage\",\"url\":\"https:\\\/\\\/ihedn.fr\\\/wp-content\\\/uploads\\\/2023\\\/09\\\/VISUEL_LIH_CLIMATIQUE_EXTREME.png\",\"contentUrl\":\"https:\\\/\\\/ihedn.fr\\\/wp-content\\\/uploads\\\/2023\\\/09\\\/VISUEL_LIH_CLIMATIQUE_EXTREME.png\",\"width\":2133,\"height\":1200,\"caption\":\"Pompiers sur un intervention de feu de for\u00eat - Les lundis de l'IHEDN\"},{\"@type\":\"BreadcrumbList\",\"@id\":\"https:\\\/\\\/ihedn.fr\\\/notre-selection\\\/evenements-climatiques-extremes-les-militaires-de-la-securite-civile-en-premiere-ligne\\\/#breadcrumb\",\"itemListElement\":[{\"@type\":\"ListItem\",\"position\":1,\"name\":\"Accueil\",\"item\":\"https:\\\/\\\/ihedn.fr\\\/\"},{\"@type\":\"ListItem\",\"position\":2,\"name\":\"\u00c9v\u00e9nements climatiques extr\u00eames : les militaires de la s\u00e9curit\u00e9 civile en premi\u00e8re ligne\"}]},{\"@type\":\"WebSite\",\"@id\":\"https:\\\/\\\/ihedn.fr\\\/#website\",\"url\":\"https:\\\/\\\/ihedn.fr\\\/\",\"name\":\"IHEDN : Institut des hautes \u00e9tudes de d\u00e9fense nationale |\",\"description\":\"Site officiel de l&#039;IHEDN plac\u00e9 sous la tutelle du Premier ministre.\",\"publisher\":{\"@id\":\"https:\\\/\\\/ihedn.fr\\\/#organization\"},\"potentialAction\":[{\"@type\":\"SearchAction\",\"target\":{\"@type\":\"EntryPoint\",\"urlTemplate\":\"https:\\\/\\\/ihedn.fr\\\/?s={search_term_string}\"},\"query-input\":{\"@type\":\"PropertyValueSpecification\",\"valueRequired\":true,\"valueName\":\"search_term_string\"}}],\"inLanguage\":\"en-GB\"},{\"@type\":\"Organization\",\"@id\":\"https:\\\/\\\/ihedn.fr\\\/#organization\",\"name\":\"IHEDN - Institut des Hautes Etudes de D\u00e9fense Nationale\",\"url\":\"https:\\\/\\\/ihedn.fr\\\/\",\"logo\":{\"@type\":\"ImageObject\",\"inLanguage\":\"en-GB\",\"@id\":\"https:\\\/\\\/ihedn.fr\\\/#\\\/schema\\\/logo\\\/image\\\/\",\"url\":\"https:\\\/\\\/ihedn.fr\\\/wp-content\\\/uploads\\\/2020\\\/11\\\/BLOC_RF_IHEDN_WEB.png\",\"contentUrl\":\"https:\\\/\\\/ihedn.fr\\\/wp-content\\\/uploads\\\/2020\\\/11\\\/BLOC_RF_IHEDN_WEB.png\",\"width\":500,\"height\":237,\"caption\":\"IHEDN - Institut des Hautes Etudes de D\u00e9fense Nationale\"},\"image\":{\"@id\":\"https:\\\/\\\/ihedn.fr\\\/#\\\/schema\\\/logo\\\/image\\\/\"},\"sameAs\":[\"https:\\\/\\\/www.facebook.com\\\/ihedn\\\/\",\"https:\\\/\\\/x.com\\\/IHEDN\",\"https:\\\/\\\/www.instagram.com\\\/ihedn\\\/\",\"https:\\\/\\\/www.linkedin.com\\\/school\\\/ihedn\\\/\",\"https:\\\/\\\/fr.wikipedia.org\\\/wiki\\\/Institut_des_hautes_\u00e9tudes_de_D\u00e9fense_nationale\"]},{\"@type\":\"Person\",\"@id\":\"https:\\\/\\\/ihedn.fr\\\/#\\\/schema\\\/person\\\/ed217a37104b27a246b200e65b827cc7\",\"name\":\"tanguy.morel@ihedn.fr\",\"image\":{\"@type\":\"ImageObject\",\"inLanguage\":\"en-GB\",\"@id\":\"https:\\\/\\\/secure.gravatar.com\\\/avatar\\\/36877cd30919fafddf1f9da45f4154aa468a64328452f2ceaff0968772207348?s=96&d=mm&r=g\",\"url\":\"https:\\\/\\\/secure.gravatar.com\\\/avatar\\\/36877cd30919fafddf1f9da45f4154aa468a64328452f2ceaff0968772207348?s=96&d=mm&r=g\",\"contentUrl\":\"https:\\\/\\\/secure.gravatar.com\\\/avatar\\\/36877cd30919fafddf1f9da45f4154aa468a64328452f2ceaff0968772207348?s=96&d=mm&r=g\",\"caption\":\"tanguy.morel@ihedn.fr\"},\"url\":\"https:\\\/\\\/ihedn.fr\\\/en\\\/author\\\/tanguy-morelihedn-fr\\\/\"}]}<\/script>\n<!-- \/ Yoast SEO plugin. -->","yoast_head_json":{"title":"Extreme weather events: civil defence personnel on the front line - L'IHEDN : Institut des hautes \u00e9tudes de d\u00e9fense nationale (in French)","description":"Storms, fires, floods in Libya, Canada, Greece, France... Climate change and the increasing number of disasters are forcing civil protection military training to adapt.","robots":{"index":"index","follow":"follow","max-snippet":"max-snippet:-1","max-image-preview":"max-image-preview:large","max-video-preview":"max-video-preview:-1"},"canonical":"https:\/\/ihedn.fr\/en\/notre-selection\/evenements-climatiques-extremes-les-militaires-de-la-securite-civile-en-premiere-ligne\/","og_locale":"en_GB","og_type":"article","og_title":"\u00c9v\u00e9nements climatiques extr\u00eames : les militaires de la s\u00e9curit\u00e9 civile en premi\u00e8re ligne","og_description":"Temp\u00eates, incendies, inondations en Libye, au Canada, en Gr\u00e8ce, en France\u2026 Le changement climatique et la multiplication des catastrophes poussent les Formations militaires de la s\u00e9curit\u00e9 civile \u00e0 s\u2019adapter.","og_url":"https:\/\/ihedn.fr\/en\/notre-selection\/evenements-climatiques-extremes-les-militaires-de-la-securite-civile-en-premiere-ligne\/","og_site_name":"L&#039;IHEDN : Institut des hautes \u00e9tudes de d\u00e9fense nationale","article_publisher":"https:\/\/www.facebook.com\/ihedn\/","article_published_time":"2023-09-25T12:00:51+00:00","article_modified_time":"2025-04-18T07:24:21+00:00","og_image":[{"width":1024,"height":1024,"url":"https:\/\/ihedn.fr\/wp-content\/uploads\/2023\/09\/VISUEL_LIH_CLIMATIQUE_EXTREME-1024x1024.png","type":"image\/png"}],"author":"tanguy.morel@ihedn.fr","twitter_card":"summary_large_image","twitter_title":"\u00c9v\u00e9nements climatiques extr\u00eames : les militaires de la s\u00e9curit\u00e9 civile en premi\u00e8re ligne","twitter_description":"Temp\u00eates, incendies, inondations en Libye, au Canada, en Gr\u00e8ce, en France\u2026 Le changement climatique et la multiplication des catastrophes poussent les Formations militaires de la s\u00e9curit\u00e9 civile \u00e0 s\u2019adapter.","twitter_image":"https:\/\/ihedn.fr\/wp-content\/uploads\/2023\/09\/VISUEL_LIH_CLIMATIQUE_EXTREME.png","twitter_creator":"@IHEDN","twitter_site":"@IHEDN","twitter_misc":{"Written by":"tanguy.morel@ihedn.fr","Estimated reading time":"4 minutes"},"schema":{"@context":"https:\/\/schema.org","@graph":[{"@type":"Article","@id":"https:\/\/ihedn.fr\/notre-selection\/evenements-climatiques-extremes-les-militaires-de-la-securite-civile-en-premiere-ligne\/#article","isPartOf":{"@id":"https:\/\/ihedn.fr\/notre-selection\/evenements-climatiques-extremes-les-militaires-de-la-securite-civile-en-premiere-ligne\/"},"author":{"name":"tanguy.morel@ihedn.fr","@id":"https:\/\/ihedn.fr\/#\/schema\/person\/ed217a37104b27a246b200e65b827cc7"},"headline":"\u00c9v\u00e9nements climatiques extr\u00eames : les militaires de la s\u00e9curit\u00e9 civile en premi\u00e8re ligne","datePublished":"2023-09-25T12:00:51+00:00","dateModified":"2025-04-18T07:24:21+00:00","mainEntityOfPage":{"@id":"https:\/\/ihedn.fr\/notre-selection\/evenements-climatiques-extremes-les-militaires-de-la-securite-civile-en-premiere-ligne\/"},"wordCount":732,"publisher":{"@id":"https:\/\/ihedn.fr\/#organization"},"image":{"@id":"https:\/\/ihedn.fr\/notre-selection\/evenements-climatiques-extremes-les-militaires-de-la-securite-civile-en-premiere-ligne\/#primaryimage"},"thumbnailUrl":"https:\/\/ihedn.fr\/wp-content\/uploads\/2023\/09\/VISUEL_LIH_CLIMATIQUE_EXTREME.png","articleSection":["Notre s\u00e9lection"],"inLanguage":"en-GB"},{"@type":"WebPage","@id":"https:\/\/ihedn.fr\/notre-selection\/evenements-climatiques-extremes-les-militaires-de-la-securite-civile-en-premiere-ligne\/","url":"https:\/\/ihedn.fr\/notre-selection\/evenements-climatiques-extremes-les-militaires-de-la-securite-civile-en-premiere-ligne\/","name":"Extreme weather events: civil defence personnel on the front line - L'IHEDN : Institut des hautes \u00e9tudes de d\u00e9fense nationale (in French)","isPartOf":{"@id":"https:\/\/ihedn.fr\/#website"},"primaryImageOfPage":{"@id":"https:\/\/ihedn.fr\/notre-selection\/evenements-climatiques-extremes-les-militaires-de-la-securite-civile-en-premiere-ligne\/#primaryimage"},"image":{"@id":"https:\/\/ihedn.fr\/notre-selection\/evenements-climatiques-extremes-les-militaires-de-la-securite-civile-en-premiere-ligne\/#primaryimage"},"thumbnailUrl":"https:\/\/ihedn.fr\/wp-content\/uploads\/2023\/09\/VISUEL_LIH_CLIMATIQUE_EXTREME.png","datePublished":"2023-09-25T12:00:51+00:00","dateModified":"2025-04-18T07:24:21+00:00","description":"Storms, fires, floods in Libya, Canada, Greece, France... Climate change and the increasing number of disasters are forcing civil protection military training to adapt.","breadcrumb":{"@id":"https:\/\/ihedn.fr\/notre-selection\/evenements-climatiques-extremes-les-militaires-de-la-securite-civile-en-premiere-ligne\/#breadcrumb"},"inLanguage":"en-GB","potentialAction":[{"@type":"ReadAction","target":["https:\/\/ihedn.fr\/notre-selection\/evenements-climatiques-extremes-les-militaires-de-la-securite-civile-en-premiere-ligne\/"]}]},{"@type":"ImageObject","inLanguage":"en-GB","@id":"https:\/\/ihedn.fr\/notre-selection\/evenements-climatiques-extremes-les-militaires-de-la-securite-civile-en-premiere-ligne\/#primaryimage","url":"https:\/\/ihedn.fr\/wp-content\/uploads\/2023\/09\/VISUEL_LIH_CLIMATIQUE_EXTREME.png","contentUrl":"https:\/\/ihedn.fr\/wp-content\/uploads\/2023\/09\/VISUEL_LIH_CLIMATIQUE_EXTREME.png","width":2133,"height":1200,"caption":"Pompiers sur un intervention de feu de for\u00eat - Les lundis de l'IHEDN"},{"@type":"BreadcrumbList","@id":"https:\/\/ihedn.fr\/notre-selection\/evenements-climatiques-extremes-les-militaires-de-la-securite-civile-en-premiere-ligne\/#breadcrumb","itemListElement":[{"@type":"ListItem","position":1,"name":"Accueil","item":"https:\/\/ihedn.fr\/"},{"@type":"ListItem","position":2,"name":"\u00c9v\u00e9nements climatiques extr\u00eames : les militaires de la s\u00e9curit\u00e9 civile en premi\u00e8re ligne"}]},{"@type":"WebSite","@id":"https:\/\/ihedn.fr\/#website","url":"https:\/\/ihedn.fr\/","name":"IHEDN: Institut des hautes \u00e9tudes de d\u00e9fense nationale (Institute for Higher National Defence Studies)","description":"Official website of the IHEDN under the supervision of the Prime Minister.","publisher":{"@id":"https:\/\/ihedn.fr\/#organization"},"potentialAction":[{"@type":"SearchAction","target":{"@type":"EntryPoint","urlTemplate":"https:\/\/ihedn.fr\/?s={search_term_string}"},"query-input":{"@type":"PropertyValueSpecification","valueRequired":true,"valueName":"search_term_string"}}],"inLanguage":"en-GB"},{"@type":"Organization","@id":"https:\/\/ihedn.fr\/#organization","name":"IHEDN - Institute for Higher National Defence Studies","url":"https:\/\/ihedn.fr\/","logo":{"@type":"ImageObject","inLanguage":"en-GB","@id":"https:\/\/ihedn.fr\/#\/schema\/logo\/image\/","url":"https:\/\/ihedn.fr\/wp-content\/uploads\/2020\/11\/BLOC_RF_IHEDN_WEB.png","contentUrl":"https:\/\/ihedn.fr\/wp-content\/uploads\/2020\/11\/BLOC_RF_IHEDN_WEB.png","width":500,"height":237,"caption":"IHEDN - Institut des Hautes Etudes de D\u00e9fense Nationale"},"image":{"@id":"https:\/\/ihedn.fr\/#\/schema\/logo\/image\/"},"sameAs":["https:\/\/www.facebook.com\/ihedn\/","https:\/\/x.com\/IHEDN","https:\/\/www.instagram.com\/ihedn\/","https:\/\/www.linkedin.com\/school\/ihedn\/","https:\/\/fr.wikipedia.org\/wiki\/Institut_des_hautes_\u00e9tudes_de_D\u00e9fense_nationale"]},{"@type":"Person","@id":"https:\/\/ihedn.fr\/#\/schema\/person\/ed217a37104b27a246b200e65b827cc7","name":"tanguy.morel@ihedn.fr","image":{"@type":"ImageObject","inLanguage":"en-GB","@id":"https:\/\/secure.gravatar.com\/avatar\/36877cd30919fafddf1f9da45f4154aa468a64328452f2ceaff0968772207348?s=96&d=mm&r=g","url":"https:\/\/secure.gravatar.com\/avatar\/36877cd30919fafddf1f9da45f4154aa468a64328452f2ceaff0968772207348?s=96&d=mm&r=g","contentUrl":"https:\/\/secure.gravatar.com\/avatar\/36877cd30919fafddf1f9da45f4154aa468a64328452f2ceaff0968772207348?s=96&d=mm&r=g","caption":"tanguy.morel@ihedn.fr"},"url":"https:\/\/ihedn.fr\/en\/author\/tanguy-morelihedn-fr\/"}]}},"publishpress_future_action":{"enabled":false,"date":"2026-05-06 17:55:14","action":"change-status","newStatus":"draft","terms":[],"taxonomy":"category","extraData":[]},"publishpress_future_workflow_manual_trigger":{"enabledWorkflows":[]},"_links":{"self":[{"href":"https:\/\/ihedn.fr\/en\/wp-json\/wp\/v2\/posts\/42802","targetHints":{"allow":["GET"]}}],"collection":[{"href":"https:\/\/ihedn.fr\/en\/wp-json\/wp\/v2\/posts"}],"about":[{"href":"https:\/\/ihedn.fr\/en\/wp-json\/wp\/v2\/types\/post"}],"author":[{"embeddable":true,"href":"https:\/\/ihedn.fr\/en\/wp-json\/wp\/v2\/users\/10"}],"replies":[{"embeddable":true,"href":"https:\/\/ihedn.fr\/en\/wp-json\/wp\/v2\/comments?post=42802"}],"version-history":[{"count":26,"href":"https:\/\/ihedn.fr\/en\/wp-json\/wp\/v2\/posts\/42802\/revisions"}],"predecessor-version":[{"id":53806,"href":"https:\/\/ihedn.fr\/en\/wp-json\/wp\/v2\/posts\/42802\/revisions\/53806"}],"wp:featuredmedia":[{"embeddable":true,"href":"https:\/\/ihedn.fr\/en\/wp-json\/wp\/v2\/media\/42810"}],"wp:attachment":[{"href":"https:\/\/ihedn.fr\/en\/wp-json\/wp\/v2\/media?parent=42802"}],"wp:term":[{"taxonomy":"category","embeddable":true,"href":"https:\/\/ihedn.fr\/en\/wp-json\/wp\/v2\/categories?post=42802"},{"taxonomy":"post_tag","embeddable":true,"href":"https:\/\/ihedn.fr\/en\/wp-json\/wp\/v2\/tags?post=42802"}],"curies":[{"name":"wp","href":"https:\/\/api.w.org\/{rel}","templated":true}]}}