{"id":42847,"date":"2023-09-26T11:24:53","date_gmt":"2023-09-26T10:24:53","guid":{"rendered":"https:\/\/ihedn.fr\/?p=42847"},"modified":"2023-09-26T11:26:07","modified_gmt":"2023-09-26T10:26:07","slug":"rapport-au-parlement-sur-les-exportations-darmement-de-la-france-2023","status":"publish","type":"post","link":"https:\/\/ihedn.fr\/en\/veille-strategique\/rapport-au-parlement-sur-les-exportations-darmement-de-la-france-2023\/","title":{"rendered":"Report to Parliament on French arms exports"},"content":{"rendered":"<div data-elementor-type=\"wp-post\" data-elementor-id=\"42847\" class=\"elementor elementor-42847\" data-elementor-post-type=\"post\">\n\t\t\t\t\t\t<section data-particle_enable=\"false\" data-particle-mobile-disabled=\"false\" class=\"elementor-section elementor-top-section elementor-element elementor-element-25cf675 elementor-section-boxed elementor-section-height-default elementor-section-height-default\" data-id=\"25cf675\" data-element_type=\"section\" data-e-type=\"section\">\n\t\t\t\t\t\t<div class=\"elementor-container elementor-column-gap-default\">\n\t\t\t\t\t<div class=\"elementor-column elementor-col-100 elementor-top-column elementor-element elementor-element-f3ba09f\" data-id=\"f3ba09f\" data-element_type=\"column\" data-e-type=\"column\">\n\t\t\t<div class=\"elementor-widget-wrap elementor-element-populated\">\n\t\t\t\t\t\t<div class=\"elementor-element elementor-element-254228e elementor-widget elementor-widget-text-editor\" data-id=\"254228e\" data-element_type=\"widget\" data-e-type=\"widget\" data-widget_type=\"text-editor.default\">\n\t\t\t\t<div class=\"elementor-widget-container\">\n\t\t\t\t\t\t\t\t\t<p>In 2022, French arms exports reached a \"historic\" figure of almost \u20ac27 billion. These<br \/>exports underline the quality of French military equipment, but also call for an essential effort in terms of<br \/>We need to make sure that these exports are consistent with our understanding of our customers' needs.<br \/>geopolitical relations and France's position on arms exports. The report also raises the question of<br \/>the development of our defence industries in a context of diverse threats.<\/p>\t\t\t\t\t\t\t\t<\/div>\n\t\t\t\t<\/div>\n\t\t\t\t\t<\/div>\n\t\t<\/div>\n\t\t\t\t\t<\/div>\n\t\t<\/section>\n\t\t\t\t<section data-particle_enable=\"false\" data-particle-mobile-disabled=\"false\" class=\"elementor-section elementor-top-section elementor-element elementor-element-56cf714 elementor-section-boxed elementor-section-height-default elementor-section-height-default\" data-id=\"56cf714\" data-element_type=\"section\" data-e-type=\"section\">\n\t\t\t\t\t\t<div class=\"elementor-container elementor-column-gap-default\">\n\t\t\t\t\t<div class=\"elementor-column elementor-col-50 elementor-top-column elementor-element elementor-element-8a23d72\" data-id=\"8a23d72\" data-element_type=\"column\" data-e-type=\"column\">\n\t\t\t<div class=\"elementor-widget-wrap elementor-element-populated\">\n\t\t\t\t\t\t<div class=\"elementor-element elementor-element-1d5cb98 elementor-widget elementor-widget-text-editor\" data-id=\"1d5cb98\" data-element_type=\"widget\" data-e-type=\"widget\" data-widget_type=\"text-editor.default\">\n\t\t\t\t<div class=\"elementor-widget-container\">\n\t\t\t\t\t\t\t\t\t<p><strong>Ministry of Defence, July 2023<\/strong><\/p>\t\t\t\t\t\t\t\t<\/div>\n\t\t\t\t<\/div>\n\t\t\t\t\t<\/div>\n\t\t<\/div>\n\t\t\t\t<div class=\"elementor-column elementor-col-50 elementor-top-column elementor-element elementor-element-b25c284\" data-id=\"b25c284\" data-element_type=\"column\" data-e-type=\"column\">\n\t\t\t<div class=\"elementor-widget-wrap elementor-element-populated\">\n\t\t\t\t\t\t<div class=\"elementor-element elementor-element-d6cca6f elementor-align-right elementor-mobile-align-center elementor-widget-mobile__width-inherit elementor-invisible elementor-widget elementor-widget-button\" data-id=\"d6cca6f\" data-element_type=\"widget\" data-e-type=\"widget\" data-settings=\"{&quot;_animation&quot;:&quot;fadeInUp&quot;}\" data-widget_type=\"button.default\">\n\t\t\t\t<div class=\"elementor-widget-container\">\n\t\t\t\t\t\t\t\t\t<div class=\"elementor-button-wrapper\">\n\t\t\t\t\t<a class=\"elementor-button elementor-button-link elementor-size-xs\" href=\"https:\/\/www.defense.gouv.fr\/rapport-au-parlement-2023-exportations-darmement-france\">\n\t\t\t\t\t\t<span class=\"elementor-button-content-wrapper\">\n\t\t\t\t\t\t<span class=\"elementor-button-icon\">\n\t\t\t\t<svg aria-hidden=\"true\" class=\"e-font-icon-svg e-fas-arrow-alt-circle-right\" viewbox=\"0 0 512 512\" xmlns=\"http:\/\/www.w3.org\/2000\/svg\"><path d=\"M256 8c137 0 248 111 248 248S393 504 256 504 8 393 8 256 119 8 256 8zM140 300h116v70.9c0 10.7 13 16.1 20.5 8.5l114.3-114.9c4.7-4.7 4.7-12.2 0-16.9l-114.3-115c-7.6-7.6-20.5-2.2-20.5 8.5V212H140c-6.6 0-12 5.4-12 12v64c0 6.6 5.4 12 12 12z\"><\/path><\/svg>\t\t\t<\/span>\n\t\t\t\t\t\t\t\t\t<span class=\"elementor-button-text\">Visit<\/span>\n\t\t\t\t\t<\/span>\n\t\t\t\t\t<\/a>\n\t\t\t\t<\/div>\n\t\t\t\t\t\t\t\t<\/div>\n\t\t\t\t<\/div>\n\t\t\t\t\t<\/div>\n\t\t<\/div>\n\t\t\t\t\t<\/div>\n\t\t<\/section>\n\t\t\t\t<\/div>","protected":false},"excerpt":{"rendered":"<p>Les exportations d\u2019armes fran\u00e7aises ont, en 2022, atteint un chiffre \u00abhistorique \u00bb de pr\u00e8s de 27 milliards d\u2019euros. Ces exportations soulignent la qualit\u00e9 des \u00e9quipements militaires fran\u00e7ais mais incitent \u00e0 un effort essentiel en termes de contr\u00f4le ; en effet, il est n\u00e9cessaire de s\u2019assurer que ces exportations sont en coh\u00e9rence avec notre compr\u00e9hension des [&hellip;]<\/p>\n","protected":false},"author":10,"featured_media":0,"comment_status":"closed","ping_status":"closed","sticky":false,"template":"","format":"standard","meta":{"footnotes":""},"categories":[177,175],"tags":[],"class_list":["post-42847","post","type-post","status-publish","format-standard","hentry","category-doc-institutionnel","category-veille-strategique"],"yoast_head":"<!-- This site is optimized with the Yoast SEO plugin v27.5 - https:\/\/yoast.com\/product\/yoast-seo-wordpress\/ -->\n<title>Rapport au Parlement sur les exportations d\u2019armement de la France - L&#039;IHEDN : Institut des hautes \u00e9tudes de d\u00e9fense nationale<\/title>\n<meta name=\"description\" content=\"Les exportations d\u2019armes fran\u00e7aises ont, en 2022, atteint un chiffre \u00abhistorique \u00bb de pr\u00e8s de 27 milliards d\u2019euros. Cesexportations soulignent la qualit\u00e9 des \u00e9quipements militaires fran\u00e7ais mais incitent \u00e0 un effort essentiel en termes decontr\u00f4le ; en effet, il est n\u00e9cessaire de s\u2019assurer que ces exportations sont en coh\u00e9rence avec notre compr\u00e9hension desrapports g\u00e9opolitiques et la posture de la France en mati\u00e8re d\u2019export d\u2019armement. Ce rapport pose \u00e9galement la questiondu d\u00e9veloppement de nos industries de d\u00e9fense dans un contexte de menaces diverses.\" \/>\n<meta name=\"robots\" content=\"index, follow, max-snippet:-1, max-image-preview:large, max-video-preview:-1\" \/>\n<link rel=\"canonical\" href=\"https:\/\/ihedn.fr\/en\/comprendre\/veille-strategique\/rapport-au-parlement-sur-les-exportations-darmement-de-la-france-2023\/\" \/>\n<meta property=\"og:locale\" content=\"en_GB\" \/>\n<meta property=\"og:type\" content=\"article\" \/>\n<meta property=\"og:title\" content=\"Rapport au Parlement sur les exportations d\u2019armement de la France - L&#039;IHEDN : Institut des hautes \u00e9tudes de d\u00e9fense nationale\" \/>\n<meta property=\"og:description\" content=\"Les exportations d\u2019armes fran\u00e7aises ont, en 2022, atteint un chiffre \u00abhistorique \u00bb de pr\u00e8s de 27 milliards d\u2019euros. Cesexportations soulignent la qualit\u00e9 des \u00e9quipements militaires fran\u00e7ais mais incitent \u00e0 un effort essentiel en termes decontr\u00f4le ; en effet, il est n\u00e9cessaire de s\u2019assurer que ces exportations sont en coh\u00e9rence avec notre compr\u00e9hension desrapports g\u00e9opolitiques et la posture de la France en mati\u00e8re d\u2019export d\u2019armement. Ce rapport pose \u00e9galement la questiondu d\u00e9veloppement de nos industries de d\u00e9fense dans un contexte de menaces diverses.\" \/>\n<meta property=\"og:url\" content=\"https:\/\/ihedn.fr\/en\/comprendre\/veille-strategique\/rapport-au-parlement-sur-les-exportations-darmement-de-la-france-2023\/\" \/>\n<meta property=\"og:site_name\" content=\"L&#039;IHEDN : Institut des hautes \u00e9tudes de d\u00e9fense nationale\" \/>\n<meta property=\"article:publisher\" content=\"https:\/\/www.facebook.com\/ihedn\/\" \/>\n<meta property=\"article:published_time\" content=\"2023-09-26T10:24:53+00:00\" \/>\n<meta property=\"article:modified_time\" content=\"2023-09-26T10:26:07+00:00\" \/>\n<meta name=\"author\" content=\"tanguy.morel@ihedn.fr\" \/>\n<meta name=\"twitter:card\" content=\"summary_large_image\" \/>\n<meta name=\"twitter:creator\" content=\"@IHEDN\" \/>\n<meta name=\"twitter:site\" content=\"@IHEDN\" \/>\n<meta name=\"twitter:label1\" content=\"Written by\" \/>\n\t<meta name=\"twitter:data1\" content=\"tanguy.morel@ihedn.fr\" \/>\n\t<meta name=\"twitter:label2\" content=\"Estimated reading time\" \/>\n\t<meta name=\"twitter:data2\" content=\"1 minute\" \/>\n<script type=\"application\/ld+json\" class=\"yoast-schema-graph\">{\"@context\":\"https:\\\/\\\/schema.org\",\"@graph\":[{\"@type\":\"Article\",\"@id\":\"https:\\\/\\\/ihedn.fr\\\/comprendre\\\/veille-strategique\\\/rapport-au-parlement-sur-les-exportations-darmement-de-la-france-2023\\\/#article\",\"isPartOf\":{\"@id\":\"https:\\\/\\\/ihedn.fr\\\/comprendre\\\/veille-strategique\\\/rapport-au-parlement-sur-les-exportations-darmement-de-la-france-2023\\\/\"},\"author\":{\"name\":\"tanguy.morel@ihedn.fr\",\"@id\":\"https:\\\/\\\/ihedn.fr\\\/#\\\/schema\\\/person\\\/ed217a37104b27a246b200e65b827cc7\"},\"headline\":\"Rapport au Parlement sur les exportations d\u2019armement de la France\",\"datePublished\":\"2023-09-26T10:24:53+00:00\",\"dateModified\":\"2023-09-26T10:26:07+00:00\",\"mainEntityOfPage\":{\"@id\":\"https:\\\/\\\/ihedn.fr\\\/comprendre\\\/veille-strategique\\\/rapport-au-parlement-sur-les-exportations-darmement-de-la-france-2023\\\/\"},\"wordCount\":115,\"publisher\":{\"@id\":\"https:\\\/\\\/ihedn.fr\\\/#organization\"},\"articleSection\":[\"doc-institutionnel\",\"Veille strat\u00e9gique\"],\"inLanguage\":\"en-GB\"},{\"@type\":\"WebPage\",\"@id\":\"https:\\\/\\\/ihedn.fr\\\/comprendre\\\/veille-strategique\\\/rapport-au-parlement-sur-les-exportations-darmement-de-la-france-2023\\\/\",\"url\":\"https:\\\/\\\/ihedn.fr\\\/comprendre\\\/veille-strategique\\\/rapport-au-parlement-sur-les-exportations-darmement-de-la-france-2023\\\/\",\"name\":\"Rapport au Parlement sur les exportations d\u2019armement de la France - L&#039;IHEDN : Institut des hautes \u00e9tudes de d\u00e9fense nationale\",\"isPartOf\":{\"@id\":\"https:\\\/\\\/ihedn.fr\\\/#website\"},\"datePublished\":\"2023-09-26T10:24:53+00:00\",\"dateModified\":\"2023-09-26T10:26:07+00:00\",\"description\":\"Les exportations d\u2019armes fran\u00e7aises ont, en 2022, atteint un chiffre \u00abhistorique \u00bb de pr\u00e8s de 27 milliards d\u2019euros. Cesexportations soulignent la qualit\u00e9 des \u00e9quipements militaires fran\u00e7ais mais incitent \u00e0 un effort essentiel en termes decontr\u00f4le ; en effet, il est n\u00e9cessaire de s\u2019assurer que ces exportations sont en coh\u00e9rence avec notre compr\u00e9hension desrapports g\u00e9opolitiques et la posture de la France en mati\u00e8re d\u2019export d\u2019armement. Ce rapport pose \u00e9galement la questiondu d\u00e9veloppement de nos industries de d\u00e9fense dans un contexte de menaces diverses.\",\"breadcrumb\":{\"@id\":\"https:\\\/\\\/ihedn.fr\\\/comprendre\\\/veille-strategique\\\/rapport-au-parlement-sur-les-exportations-darmement-de-la-france-2023\\\/#breadcrumb\"},\"inLanguage\":\"en-GB\",\"potentialAction\":[{\"@type\":\"ReadAction\",\"target\":[\"https:\\\/\\\/ihedn.fr\\\/comprendre\\\/veille-strategique\\\/rapport-au-parlement-sur-les-exportations-darmement-de-la-france-2023\\\/\"]}]},{\"@type\":\"BreadcrumbList\",\"@id\":\"https:\\\/\\\/ihedn.fr\\\/comprendre\\\/veille-strategique\\\/rapport-au-parlement-sur-les-exportations-darmement-de-la-france-2023\\\/#breadcrumb\",\"itemListElement\":[{\"@type\":\"ListItem\",\"position\":1,\"name\":\"Accueil\",\"item\":\"https:\\\/\\\/ihedn.fr\\\/\"},{\"@type\":\"ListItem\",\"position\":2,\"name\":\"Rapport au Parlement sur les exportations d\u2019armement de la France\"}]},{\"@type\":\"WebSite\",\"@id\":\"https:\\\/\\\/ihedn.fr\\\/#website\",\"url\":\"https:\\\/\\\/ihedn.fr\\\/\",\"name\":\"IHEDN : Institut des hautes \u00e9tudes de d\u00e9fense nationale |\",\"description\":\"Site officiel de l&#039;IHEDN plac\u00e9 sous la tutelle du Premier ministre.\",\"publisher\":{\"@id\":\"https:\\\/\\\/ihedn.fr\\\/#organization\"},\"potentialAction\":[{\"@type\":\"SearchAction\",\"target\":{\"@type\":\"EntryPoint\",\"urlTemplate\":\"https:\\\/\\\/ihedn.fr\\\/?s={search_term_string}\"},\"query-input\":{\"@type\":\"PropertyValueSpecification\",\"valueRequired\":true,\"valueName\":\"search_term_string\"}}],\"inLanguage\":\"en-GB\"},{\"@type\":\"Organization\",\"@id\":\"https:\\\/\\\/ihedn.fr\\\/#organization\",\"name\":\"IHEDN - Institut des Hautes Etudes de D\u00e9fense Nationale\",\"url\":\"https:\\\/\\\/ihedn.fr\\\/\",\"logo\":{\"@type\":\"ImageObject\",\"inLanguage\":\"en-GB\",\"@id\":\"https:\\\/\\\/ihedn.fr\\\/#\\\/schema\\\/logo\\\/image\\\/\",\"url\":\"https:\\\/\\\/ihedn.fr\\\/wp-content\\\/uploads\\\/2020\\\/11\\\/BLOC_RF_IHEDN_WEB.png\",\"contentUrl\":\"https:\\\/\\\/ihedn.fr\\\/wp-content\\\/uploads\\\/2020\\\/11\\\/BLOC_RF_IHEDN_WEB.png\",\"width\":500,\"height\":237,\"caption\":\"IHEDN - Institut des Hautes Etudes de D\u00e9fense Nationale\"},\"image\":{\"@id\":\"https:\\\/\\\/ihedn.fr\\\/#\\\/schema\\\/logo\\\/image\\\/\"},\"sameAs\":[\"https:\\\/\\\/www.facebook.com\\\/ihedn\\\/\",\"https:\\\/\\\/x.com\\\/IHEDN\",\"https:\\\/\\\/www.instagram.com\\\/ihedn\\\/\",\"https:\\\/\\\/www.linkedin.com\\\/school\\\/ihedn\\\/\",\"https:\\\/\\\/fr.wikipedia.org\\\/wiki\\\/Institut_des_hautes_\u00e9tudes_de_D\u00e9fense_nationale\"]},{\"@type\":\"Person\",\"@id\":\"https:\\\/\\\/ihedn.fr\\\/#\\\/schema\\\/person\\\/ed217a37104b27a246b200e65b827cc7\",\"name\":\"tanguy.morel@ihedn.fr\",\"image\":{\"@type\":\"ImageObject\",\"inLanguage\":\"en-GB\",\"@id\":\"https:\\\/\\\/secure.gravatar.com\\\/avatar\\\/36877cd30919fafddf1f9da45f4154aa468a64328452f2ceaff0968772207348?s=96&d=mm&r=g\",\"url\":\"https:\\\/\\\/secure.gravatar.com\\\/avatar\\\/36877cd30919fafddf1f9da45f4154aa468a64328452f2ceaff0968772207348?s=96&d=mm&r=g\",\"contentUrl\":\"https:\\\/\\\/secure.gravatar.com\\\/avatar\\\/36877cd30919fafddf1f9da45f4154aa468a64328452f2ceaff0968772207348?s=96&d=mm&r=g\",\"caption\":\"tanguy.morel@ihedn.fr\"},\"url\":\"https:\\\/\\\/ihedn.fr\\\/en\\\/author\\\/tanguy-morelihedn-fr\\\/\"}]}<\/script>\n<!-- \/ Yoast SEO plugin. -->","yoast_head_json":{"title":"Report to Parliament on French arms exports - L'IHEDN : Institut des hautes \u00e9tudes de d\u00e9fense nationale","description":"In 2022, French arms exports reached a \"historic\" figure of almost \u20ac27 billion. These exports underline the quality of France's military equipment, but they also call for essential efforts in terms of control. Indeed, it is necessary to ensure that these exports are consistent with our understanding of geopolitical relations and France's posture in terms of arms exports. This report also raises the question of the development of our defence industries in a context of diverse threats.","robots":{"index":"index","follow":"follow","max-snippet":"max-snippet:-1","max-image-preview":"max-image-preview:large","max-video-preview":"max-video-preview:-1"},"canonical":"https:\/\/ihedn.fr\/en\/comprendre\/veille-strategique\/rapport-au-parlement-sur-les-exportations-darmement-de-la-france-2023\/","og_locale":"en_GB","og_type":"article","og_title":"Rapport au Parlement sur les exportations d\u2019armement de la France - L&#039;IHEDN : Institut des hautes \u00e9tudes de d\u00e9fense nationale","og_description":"Les exportations d\u2019armes fran\u00e7aises ont, en 2022, atteint un chiffre \u00abhistorique \u00bb de pr\u00e8s de 27 milliards d\u2019euros. Cesexportations soulignent la qualit\u00e9 des \u00e9quipements militaires fran\u00e7ais mais incitent \u00e0 un effort essentiel en termes decontr\u00f4le ; en effet, il est n\u00e9cessaire de s\u2019assurer que ces exportations sont en coh\u00e9rence avec notre compr\u00e9hension desrapports g\u00e9opolitiques et la posture de la France en mati\u00e8re d\u2019export d\u2019armement. Ce rapport pose \u00e9galement la questiondu d\u00e9veloppement de nos industries de d\u00e9fense dans un contexte de menaces diverses.","og_url":"https:\/\/ihedn.fr\/en\/comprendre\/veille-strategique\/rapport-au-parlement-sur-les-exportations-darmement-de-la-france-2023\/","og_site_name":"L&#039;IHEDN : Institut des hautes \u00e9tudes de d\u00e9fense nationale","article_publisher":"https:\/\/www.facebook.com\/ihedn\/","article_published_time":"2023-09-26T10:24:53+00:00","article_modified_time":"2023-09-26T10:26:07+00:00","author":"tanguy.morel@ihedn.fr","twitter_card":"summary_large_image","twitter_creator":"@IHEDN","twitter_site":"@IHEDN","twitter_misc":{"Written by":"tanguy.morel@ihedn.fr","Estimated reading time":"1 minute"},"schema":{"@context":"https:\/\/schema.org","@graph":[{"@type":"Article","@id":"https:\/\/ihedn.fr\/comprendre\/veille-strategique\/rapport-au-parlement-sur-les-exportations-darmement-de-la-france-2023\/#article","isPartOf":{"@id":"https:\/\/ihedn.fr\/comprendre\/veille-strategique\/rapport-au-parlement-sur-les-exportations-darmement-de-la-france-2023\/"},"author":{"name":"tanguy.morel@ihedn.fr","@id":"https:\/\/ihedn.fr\/#\/schema\/person\/ed217a37104b27a246b200e65b827cc7"},"headline":"Rapport au Parlement sur les exportations d\u2019armement de la France","datePublished":"2023-09-26T10:24:53+00:00","dateModified":"2023-09-26T10:26:07+00:00","mainEntityOfPage":{"@id":"https:\/\/ihedn.fr\/comprendre\/veille-strategique\/rapport-au-parlement-sur-les-exportations-darmement-de-la-france-2023\/"},"wordCount":115,"publisher":{"@id":"https:\/\/ihedn.fr\/#organization"},"articleSection":["doc-institutionnel","Veille strat\u00e9gique"],"inLanguage":"en-GB"},{"@type":"WebPage","@id":"https:\/\/ihedn.fr\/comprendre\/veille-strategique\/rapport-au-parlement-sur-les-exportations-darmement-de-la-france-2023\/","url":"https:\/\/ihedn.fr\/comprendre\/veille-strategique\/rapport-au-parlement-sur-les-exportations-darmement-de-la-france-2023\/","name":"Report to Parliament on French arms exports - L'IHEDN : Institut des hautes \u00e9tudes de d\u00e9fense nationale","isPartOf":{"@id":"https:\/\/ihedn.fr\/#website"},"datePublished":"2023-09-26T10:24:53+00:00","dateModified":"2023-09-26T10:26:07+00:00","description":"In 2022, French arms exports reached a \"historic\" figure of almost \u20ac27 billion. These exports underline the quality of France's military equipment, but they also call for essential efforts in terms of control. Indeed, it is necessary to ensure that these exports are consistent with our understanding of geopolitical relations and France's posture in terms of arms exports. This report also raises the question of the development of our defence industries in a context of diverse threats.","breadcrumb":{"@id":"https:\/\/ihedn.fr\/comprendre\/veille-strategique\/rapport-au-parlement-sur-les-exportations-darmement-de-la-france-2023\/#breadcrumb"},"inLanguage":"en-GB","potentialAction":[{"@type":"ReadAction","target":["https:\/\/ihedn.fr\/comprendre\/veille-strategique\/rapport-au-parlement-sur-les-exportations-darmement-de-la-france-2023\/"]}]},{"@type":"BreadcrumbList","@id":"https:\/\/ihedn.fr\/comprendre\/veille-strategique\/rapport-au-parlement-sur-les-exportations-darmement-de-la-france-2023\/#breadcrumb","itemListElement":[{"@type":"ListItem","position":1,"name":"Accueil","item":"https:\/\/ihedn.fr\/"},{"@type":"ListItem","position":2,"name":"Rapport au Parlement sur les exportations d\u2019armement de la France"}]},{"@type":"WebSite","@id":"https:\/\/ihedn.fr\/#website","url":"https:\/\/ihedn.fr\/","name":"IHEDN: Institut des hautes \u00e9tudes de d\u00e9fense nationale (Institute for Higher National Defence Studies)","description":"Official website of the IHEDN under the supervision of the Prime Minister.","publisher":{"@id":"https:\/\/ihedn.fr\/#organization"},"potentialAction":[{"@type":"SearchAction","target":{"@type":"EntryPoint","urlTemplate":"https:\/\/ihedn.fr\/?s={search_term_string}"},"query-input":{"@type":"PropertyValueSpecification","valueRequired":true,"valueName":"search_term_string"}}],"inLanguage":"en-GB"},{"@type":"Organization","@id":"https:\/\/ihedn.fr\/#organization","name":"IHEDN - Institute for Higher National Defence Studies","url":"https:\/\/ihedn.fr\/","logo":{"@type":"ImageObject","inLanguage":"en-GB","@id":"https:\/\/ihedn.fr\/#\/schema\/logo\/image\/","url":"https:\/\/ihedn.fr\/wp-content\/uploads\/2020\/11\/BLOC_RF_IHEDN_WEB.png","contentUrl":"https:\/\/ihedn.fr\/wp-content\/uploads\/2020\/11\/BLOC_RF_IHEDN_WEB.png","width":500,"height":237,"caption":"IHEDN - Institut des Hautes Etudes de D\u00e9fense Nationale"},"image":{"@id":"https:\/\/ihedn.fr\/#\/schema\/logo\/image\/"},"sameAs":["https:\/\/www.facebook.com\/ihedn\/","https:\/\/x.com\/IHEDN","https:\/\/www.instagram.com\/ihedn\/","https:\/\/www.linkedin.com\/school\/ihedn\/","https:\/\/fr.wikipedia.org\/wiki\/Institut_des_hautes_\u00e9tudes_de_D\u00e9fense_nationale"]},{"@type":"Person","@id":"https:\/\/ihedn.fr\/#\/schema\/person\/ed217a37104b27a246b200e65b827cc7","name":"tanguy.morel@ihedn.fr","image":{"@type":"ImageObject","inLanguage":"en-GB","@id":"https:\/\/secure.gravatar.com\/avatar\/36877cd30919fafddf1f9da45f4154aa468a64328452f2ceaff0968772207348?s=96&d=mm&r=g","url":"https:\/\/secure.gravatar.com\/avatar\/36877cd30919fafddf1f9da45f4154aa468a64328452f2ceaff0968772207348?s=96&d=mm&r=g","contentUrl":"https:\/\/secure.gravatar.com\/avatar\/36877cd30919fafddf1f9da45f4154aa468a64328452f2ceaff0968772207348?s=96&d=mm&r=g","caption":"tanguy.morel@ihedn.fr"},"url":"https:\/\/ihedn.fr\/en\/author\/tanguy-morelihedn-fr\/"}]}},"publishpress_future_action":{"enabled":false,"date":"2026-05-06 11:43:24","action":"change-status","newStatus":"draft","terms":[],"taxonomy":"category","extraData":[]},"publishpress_future_workflow_manual_trigger":{"enabledWorkflows":[]},"_links":{"self":[{"href":"https:\/\/ihedn.fr\/en\/wp-json\/wp\/v2\/posts\/42847","targetHints":{"allow":["GET"]}}],"collection":[{"href":"https:\/\/ihedn.fr\/en\/wp-json\/wp\/v2\/posts"}],"about":[{"href":"https:\/\/ihedn.fr\/en\/wp-json\/wp\/v2\/types\/post"}],"author":[{"embeddable":true,"href":"https:\/\/ihedn.fr\/en\/wp-json\/wp\/v2\/users\/10"}],"replies":[{"embeddable":true,"href":"https:\/\/ihedn.fr\/en\/wp-json\/wp\/v2\/comments?post=42847"}],"version-history":[{"count":10,"href":"https:\/\/ihedn.fr\/en\/wp-json\/wp\/v2\/posts\/42847\/revisions"}],"predecessor-version":[{"id":42860,"href":"https:\/\/ihedn.fr\/en\/wp-json\/wp\/v2\/posts\/42847\/revisions\/42860"}],"wp:attachment":[{"href":"https:\/\/ihedn.fr\/en\/wp-json\/wp\/v2\/media?parent=42847"}],"wp:term":[{"taxonomy":"category","embeddable":true,"href":"https:\/\/ihedn.fr\/en\/wp-json\/wp\/v2\/categories?post=42847"},{"taxonomy":"post_tag","embeddable":true,"href":"https:\/\/ihedn.fr\/en\/wp-json\/wp\/v2\/tags?post=42847"}],"curies":[{"name":"wp","href":"https:\/\/api.w.org\/{rel}","templated":true}]}}