{"id":42891,"date":"2023-09-26T12:50:26","date_gmt":"2023-09-26T11:50:26","guid":{"rendered":"https:\/\/ihedn.fr\/?p=42891"},"modified":"2023-09-26T12:51:31","modified_gmt":"2023-09-26T11:51:31","slug":"haute-intensite-quels-defis-pour-les-armees-francaises","status":"publish","type":"post","link":"https:\/\/ihedn.fr\/en\/veille-strategique\/haute-intensite-quels-defis-pour-les-armees-francaises\/","title":{"rendered":"\"High intensity: what challenges for the French armed forces?"},"content":{"rendered":"<div data-elementor-type=\"wp-post\" data-elementor-id=\"42891\" class=\"elementor elementor-42891\" data-elementor-post-type=\"post\">\n\t\t\t\t\t\t<section data-particle_enable=\"false\" data-particle-mobile-disabled=\"false\" class=\"elementor-section elementor-top-section elementor-element elementor-element-25cf675 elementor-section-boxed elementor-section-height-default elementor-section-height-default\" data-id=\"25cf675\" data-element_type=\"section\" data-e-type=\"section\">\n\t\t\t\t\t\t<div class=\"elementor-container elementor-column-gap-default\">\n\t\t\t\t\t<div class=\"elementor-column elementor-col-100 elementor-top-column elementor-element elementor-element-f3ba09f\" data-id=\"f3ba09f\" data-element_type=\"column\" data-e-type=\"column\">\n\t\t\t<div class=\"elementor-widget-wrap elementor-element-populated\">\n\t\t\t\t\t\t<div class=\"elementor-element elementor-element-254228e elementor-widget elementor-widget-text-editor\" data-id=\"254228e\" data-element_type=\"widget\" data-e-type=\"widget\" data-widget_type=\"text-editor.default\">\n\t\t\t\t<div class=\"elementor-widget-container\">\n\t\t\t\t\t\t\t\t\t<p>The return of high-intensity warfare, among other things, means that there is a growing demand for capabilities, and this means that we need to think about our ability to respond. What resources do we have to deal with this type of conflict, where nuclear weapons are not an option? High-intensity warfare requires a great deal of equipment and is characterised by high lethality, but also by the multiplicity of areas involved: from space to the seabed, from the battlefield to cyber. The author seeks to provide an overview of our needs in the event of a high-intensity conflict.<\/p>\t\t\t\t\t\t\t\t<\/div>\n\t\t\t\t<\/div>\n\t\t\t\t\t<\/div>\n\t\t<\/div>\n\t\t\t\t\t<\/div>\n\t\t<\/section>\n\t\t\t\t<section data-particle_enable=\"false\" data-particle-mobile-disabled=\"false\" class=\"elementor-section elementor-top-section elementor-element elementor-element-56cf714 elementor-section-boxed elementor-section-height-default elementor-section-height-default\" data-id=\"56cf714\" data-element_type=\"section\" data-e-type=\"section\">\n\t\t\t\t\t\t<div class=\"elementor-container elementor-column-gap-default\">\n\t\t\t\t\t<div class=\"elementor-column elementor-col-50 elementor-top-column elementor-element elementor-element-8a23d72\" data-id=\"8a23d72\" data-element_type=\"column\" data-e-type=\"column\">\n\t\t\t<div class=\"elementor-widget-wrap elementor-element-populated\">\n\t\t\t\t\t\t<div class=\"elementor-element elementor-element-1d5cb98 elementor-widget elementor-widget-text-editor\" data-id=\"1d5cb98\" data-element_type=\"widget\" data-e-type=\"widget\" data-widget_type=\"text-editor.default\">\n\t\t\t\t<div class=\"elementor-widget-container\">\n\t\t\t\t\t\t\t\t\t<p><strong>TENENBAUM Elie, Ifri Notes, Ifri, July 2023.\u00a0<\/strong><\/p>\t\t\t\t\t\t\t\t<\/div>\n\t\t\t\t<\/div>\n\t\t\t\t\t<\/div>\n\t\t<\/div>\n\t\t\t\t<div class=\"elementor-column elementor-col-50 elementor-top-column elementor-element elementor-element-b25c284\" data-id=\"b25c284\" data-element_type=\"column\" data-e-type=\"column\">\n\t\t\t<div class=\"elementor-widget-wrap elementor-element-populated\">\n\t\t\t\t\t\t<div class=\"elementor-element elementor-element-d6cca6f elementor-align-right elementor-mobile-align-center elementor-widget-mobile__width-inherit elementor-invisible elementor-widget elementor-widget-button\" data-id=\"d6cca6f\" data-element_type=\"widget\" data-e-type=\"widget\" data-settings=\"{&quot;_animation&quot;:&quot;fadeInUp&quot;}\" data-widget_type=\"button.default\">\n\t\t\t\t<div class=\"elementor-widget-container\">\n\t\t\t\t\t\t\t\t\t<div class=\"elementor-button-wrapper\">\n\t\t\t\t\t<a class=\"elementor-button elementor-button-link elementor-size-xs\" href=\"https:\/\/www.ifri.org\/fr\/publications\/notes-de-lifri\/haute-intensite-defis-armees-francaises\">\n\t\t\t\t\t\t<span class=\"elementor-button-content-wrapper\">\n\t\t\t\t\t\t<span class=\"elementor-button-icon\">\n\t\t\t\t<svg aria-hidden=\"true\" class=\"e-font-icon-svg e-fas-arrow-alt-circle-right\" viewbox=\"0 0 512 512\" xmlns=\"http:\/\/www.w3.org\/2000\/svg\"><path d=\"M256 8c137 0 248 111 248 248S393 504 256 504 8 393 8 256 119 8 256 8zM140 300h116v70.9c0 10.7 13 16.1 20.5 8.5l114.3-114.9c4.7-4.7 4.7-12.2 0-16.9l-114.3-115c-7.6-7.6-20.5-2.2-20.5 8.5V212H140c-6.6 0-12 5.4-12 12v64c0 6.6 5.4 12 12 12z\"><\/path><\/svg>\t\t\t<\/span>\n\t\t\t\t\t\t\t\t\t<span class=\"elementor-button-text\">Visit<\/span>\n\t\t\t\t\t<\/span>\n\t\t\t\t\t<\/a>\n\t\t\t\t<\/div>\n\t\t\t\t\t\t\t\t<\/div>\n\t\t\t\t<\/div>\n\t\t\t\t\t<\/div>\n\t\t<\/div>\n\t\t\t\t\t<\/div>\n\t\t<\/section>\n\t\t\t\t<\/div>","protected":false},"excerpt":{"rendered":"<p>Le retour de la haute intensit\u00e9, entre autres, se traduit par une demande capacitaire croissante et cela induit une r\u00e9flexion sur notre capacit\u00e9 de riposte. Quels moyens avons-nous face \u00e0 ce type de conflit o\u00f9 l\u2019armement nucl\u00e9aire n\u2019est pas une solution\u00a0? La haute intensit\u00e9 implique de gros besoins mat\u00e9riels, se caract\u00e9rise par une l\u00e9talit\u00e9 \u00e9lev\u00e9e [&hellip;]<\/p>\n","protected":false},"author":10,"featured_media":0,"comment_status":"closed","ping_status":"closed","sticky":false,"template":"","format":"standard","meta":{"footnotes":""},"categories":[175],"tags":[],"class_list":["post-42891","post","type-post","status-publish","format-standard","hentry","category-veille-strategique"],"yoast_head":"<!-- This site is optimized with the Yoast SEO plugin v27.5 - https:\/\/yoast.com\/product\/yoast-seo-wordpress\/ -->\n<title>\u00ab Haute intensit\u00e9 : quels d\u00e9fis pour les arm\u00e9es fran\u00e7aises ? - L&#039;IHEDN : Institut des hautes \u00e9tudes de d\u00e9fense nationale<\/title>\n<meta name=\"description\" content=\"Le retour de la haute intensit\u00e9, entre autres, se traduit par une demande capacitaire croissante et cela induit une r\u00e9flexion sur notre capacit\u00e9 de riposte. Quels moyens avons-nous face \u00e0 ce type de conflit o\u00f9 l\u2019armement nucl\u00e9aire n\u2019est pas une solution ? La haute intensit\u00e9 implique de gros besoins mat\u00e9riels, se caract\u00e9rise par une l\u00e9talit\u00e9 \u00e9lev\u00e9e mais \u00e9galement par la multiplicit\u00e9 des espaces concern\u00e9es : de l\u2019espace aux fonds marins, du champ de bataille au cyber. L\u2019auteur cherche \u00e0 dresser un panorama de nos besoins en cas de conflit de haute intensit\u00e9.\" \/>\n<meta name=\"robots\" content=\"index, follow, max-snippet:-1, max-image-preview:large, max-video-preview:-1\" \/>\n<link rel=\"canonical\" href=\"https:\/\/ihedn.fr\/en\/comprendre\/veille-strategique\/haute-intensite-quels-defis-pour-les-armees-francaises\/\" \/>\n<meta property=\"og:locale\" content=\"en_GB\" \/>\n<meta property=\"og:type\" content=\"article\" \/>\n<meta property=\"og:title\" content=\"\u00ab Haute intensit\u00e9 : quels d\u00e9fis pour les arm\u00e9es fran\u00e7aises ? - L&#039;IHEDN : Institut des hautes \u00e9tudes de d\u00e9fense nationale\" \/>\n<meta property=\"og:description\" content=\"Le retour de la haute intensit\u00e9, entre autres, se traduit par une demande capacitaire croissante et cela induit une r\u00e9flexion sur notre capacit\u00e9 de riposte. Quels moyens avons-nous face \u00e0 ce type de conflit o\u00f9 l\u2019armement nucl\u00e9aire n\u2019est pas une solution ? La haute intensit\u00e9 implique de gros besoins mat\u00e9riels, se caract\u00e9rise par une l\u00e9talit\u00e9 \u00e9lev\u00e9e mais \u00e9galement par la multiplicit\u00e9 des espaces concern\u00e9es : de l\u2019espace aux fonds marins, du champ de bataille au cyber. L\u2019auteur cherche \u00e0 dresser un panorama de nos besoins en cas de conflit de haute intensit\u00e9.\" \/>\n<meta property=\"og:url\" content=\"https:\/\/ihedn.fr\/en\/comprendre\/veille-strategique\/haute-intensite-quels-defis-pour-les-armees-francaises\/\" \/>\n<meta property=\"og:site_name\" content=\"L&#039;IHEDN : Institut des hautes \u00e9tudes de d\u00e9fense nationale\" \/>\n<meta property=\"article:publisher\" content=\"https:\/\/www.facebook.com\/ihedn\/\" \/>\n<meta property=\"article:published_time\" content=\"2023-09-26T11:50:26+00:00\" \/>\n<meta property=\"article:modified_time\" content=\"2023-09-26T11:51:31+00:00\" \/>\n<meta name=\"author\" content=\"tanguy.morel@ihedn.fr\" \/>\n<meta name=\"twitter:card\" content=\"summary_large_image\" \/>\n<meta name=\"twitter:creator\" content=\"@IHEDN\" \/>\n<meta name=\"twitter:site\" content=\"@IHEDN\" \/>\n<meta name=\"twitter:label1\" content=\"Written by\" \/>\n\t<meta name=\"twitter:data1\" content=\"tanguy.morel@ihedn.fr\" \/>\n\t<meta name=\"twitter:label2\" content=\"Estimated reading time\" \/>\n\t<meta name=\"twitter:data2\" content=\"1 minute\" \/>\n<script type=\"application\/ld+json\" class=\"yoast-schema-graph\">{\"@context\":\"https:\\\/\\\/schema.org\",\"@graph\":[{\"@type\":\"Article\",\"@id\":\"https:\\\/\\\/ihedn.fr\\\/comprendre\\\/veille-strategique\\\/haute-intensite-quels-defis-pour-les-armees-francaises\\\/#article\",\"isPartOf\":{\"@id\":\"https:\\\/\\\/ihedn.fr\\\/comprendre\\\/veille-strategique\\\/haute-intensite-quels-defis-pour-les-armees-francaises\\\/\"},\"author\":{\"name\":\"tanguy.morel@ihedn.fr\",\"@id\":\"https:\\\/\\\/ihedn.fr\\\/#\\\/schema\\\/person\\\/ed217a37104b27a246b200e65b827cc7\"},\"headline\":\"\u00ab Haute intensit\u00e9 : quels d\u00e9fis pour les arm\u00e9es fran\u00e7aises ?\",\"datePublished\":\"2023-09-26T11:50:26+00:00\",\"dateModified\":\"2023-09-26T11:51:31+00:00\",\"mainEntityOfPage\":{\"@id\":\"https:\\\/\\\/ihedn.fr\\\/comprendre\\\/veille-strategique\\\/haute-intensite-quels-defis-pour-les-armees-francaises\\\/\"},\"wordCount\":119,\"publisher\":{\"@id\":\"https:\\\/\\\/ihedn.fr\\\/#organization\"},\"articleSection\":[\"Veille strat\u00e9gique\"],\"inLanguage\":\"en-GB\"},{\"@type\":\"WebPage\",\"@id\":\"https:\\\/\\\/ihedn.fr\\\/comprendre\\\/veille-strategique\\\/haute-intensite-quels-defis-pour-les-armees-francaises\\\/\",\"url\":\"https:\\\/\\\/ihedn.fr\\\/comprendre\\\/veille-strategique\\\/haute-intensite-quels-defis-pour-les-armees-francaises\\\/\",\"name\":\"\u00ab Haute intensit\u00e9 : quels d\u00e9fis pour les arm\u00e9es fran\u00e7aises ? - L&#039;IHEDN : Institut des hautes \u00e9tudes de d\u00e9fense nationale\",\"isPartOf\":{\"@id\":\"https:\\\/\\\/ihedn.fr\\\/#website\"},\"datePublished\":\"2023-09-26T11:50:26+00:00\",\"dateModified\":\"2023-09-26T11:51:31+00:00\",\"description\":\"Le retour de la haute intensit\u00e9, entre autres, se traduit par une demande capacitaire croissante et cela induit une r\u00e9flexion sur notre capacit\u00e9 de riposte. Quels moyens avons-nous face \u00e0 ce type de conflit o\u00f9 l\u2019armement nucl\u00e9aire n\u2019est pas une solution ? La haute intensit\u00e9 implique de gros besoins mat\u00e9riels, se caract\u00e9rise par une l\u00e9talit\u00e9 \u00e9lev\u00e9e mais \u00e9galement par la multiplicit\u00e9 des espaces concern\u00e9es : de l\u2019espace aux fonds marins, du champ de bataille au cyber. L\u2019auteur cherche \u00e0 dresser un panorama de nos besoins en cas de conflit de haute intensit\u00e9.\",\"breadcrumb\":{\"@id\":\"https:\\\/\\\/ihedn.fr\\\/comprendre\\\/veille-strategique\\\/haute-intensite-quels-defis-pour-les-armees-francaises\\\/#breadcrumb\"},\"inLanguage\":\"en-GB\",\"potentialAction\":[{\"@type\":\"ReadAction\",\"target\":[\"https:\\\/\\\/ihedn.fr\\\/comprendre\\\/veille-strategique\\\/haute-intensite-quels-defis-pour-les-armees-francaises\\\/\"]}]},{\"@type\":\"BreadcrumbList\",\"@id\":\"https:\\\/\\\/ihedn.fr\\\/comprendre\\\/veille-strategique\\\/haute-intensite-quels-defis-pour-les-armees-francaises\\\/#breadcrumb\",\"itemListElement\":[{\"@type\":\"ListItem\",\"position\":1,\"name\":\"Accueil\",\"item\":\"https:\\\/\\\/ihedn.fr\\\/\"},{\"@type\":\"ListItem\",\"position\":2,\"name\":\"\u00ab Haute intensit\u00e9 : quels d\u00e9fis pour les arm\u00e9es fran\u00e7aises ?\"}]},{\"@type\":\"WebSite\",\"@id\":\"https:\\\/\\\/ihedn.fr\\\/#website\",\"url\":\"https:\\\/\\\/ihedn.fr\\\/\",\"name\":\"IHEDN : Institut des hautes \u00e9tudes de d\u00e9fense nationale |\",\"description\":\"Site officiel de l&#039;IHEDN plac\u00e9 sous la tutelle du Premier ministre.\",\"publisher\":{\"@id\":\"https:\\\/\\\/ihedn.fr\\\/#organization\"},\"potentialAction\":[{\"@type\":\"SearchAction\",\"target\":{\"@type\":\"EntryPoint\",\"urlTemplate\":\"https:\\\/\\\/ihedn.fr\\\/?s={search_term_string}\"},\"query-input\":{\"@type\":\"PropertyValueSpecification\",\"valueRequired\":true,\"valueName\":\"search_term_string\"}}],\"inLanguage\":\"en-GB\"},{\"@type\":\"Organization\",\"@id\":\"https:\\\/\\\/ihedn.fr\\\/#organization\",\"name\":\"IHEDN - Institut des Hautes Etudes de D\u00e9fense Nationale\",\"url\":\"https:\\\/\\\/ihedn.fr\\\/\",\"logo\":{\"@type\":\"ImageObject\",\"inLanguage\":\"en-GB\",\"@id\":\"https:\\\/\\\/ihedn.fr\\\/#\\\/schema\\\/logo\\\/image\\\/\",\"url\":\"https:\\\/\\\/ihedn.fr\\\/wp-content\\\/uploads\\\/2020\\\/11\\\/BLOC_RF_IHEDN_WEB.png\",\"contentUrl\":\"https:\\\/\\\/ihedn.fr\\\/wp-content\\\/uploads\\\/2020\\\/11\\\/BLOC_RF_IHEDN_WEB.png\",\"width\":500,\"height\":237,\"caption\":\"IHEDN - Institut des Hautes Etudes de D\u00e9fense Nationale\"},\"image\":{\"@id\":\"https:\\\/\\\/ihedn.fr\\\/#\\\/schema\\\/logo\\\/image\\\/\"},\"sameAs\":[\"https:\\\/\\\/www.facebook.com\\\/ihedn\\\/\",\"https:\\\/\\\/x.com\\\/IHEDN\",\"https:\\\/\\\/www.instagram.com\\\/ihedn\\\/\",\"https:\\\/\\\/www.linkedin.com\\\/school\\\/ihedn\\\/\",\"https:\\\/\\\/fr.wikipedia.org\\\/wiki\\\/Institut_des_hautes_\u00e9tudes_de_D\u00e9fense_nationale\"]},{\"@type\":\"Person\",\"@id\":\"https:\\\/\\\/ihedn.fr\\\/#\\\/schema\\\/person\\\/ed217a37104b27a246b200e65b827cc7\",\"name\":\"tanguy.morel@ihedn.fr\",\"image\":{\"@type\":\"ImageObject\",\"inLanguage\":\"en-GB\",\"@id\":\"https:\\\/\\\/secure.gravatar.com\\\/avatar\\\/36877cd30919fafddf1f9da45f4154aa468a64328452f2ceaff0968772207348?s=96&d=mm&r=g\",\"url\":\"https:\\\/\\\/secure.gravatar.com\\\/avatar\\\/36877cd30919fafddf1f9da45f4154aa468a64328452f2ceaff0968772207348?s=96&d=mm&r=g\",\"contentUrl\":\"https:\\\/\\\/secure.gravatar.com\\\/avatar\\\/36877cd30919fafddf1f9da45f4154aa468a64328452f2ceaff0968772207348?s=96&d=mm&r=g\",\"caption\":\"tanguy.morel@ihedn.fr\"},\"url\":\"https:\\\/\\\/ihedn.fr\\\/en\\\/author\\\/tanguy-morelihedn-fr\\\/\"}]}<\/script>\n<!-- \/ Yoast SEO plugin. -->","yoast_head_json":{"title":"\"High intensity: what challenges for the French armed forces? - IHEDN: Institute for Advanced National Defence Studies","description":"The return of high-intensity warfare, among other things, is resulting in a growing demand for capabilities, and this means that we need to think about our ability to respond. What resources do we have to deal with this type of conflict, where nuclear weapons are not an option? High-intensity warfare requires a great deal of equipment and is characterised by high lethality, but also by the multiplicity of areas involved: from space to the seabed, from the battlefield to cyber. The author seeks to provide an overview of our needs in the event of a high-intensity conflict.","robots":{"index":"index","follow":"follow","max-snippet":"max-snippet:-1","max-image-preview":"max-image-preview:large","max-video-preview":"max-video-preview:-1"},"canonical":"https:\/\/ihedn.fr\/en\/comprendre\/veille-strategique\/haute-intensite-quels-defis-pour-les-armees-francaises\/","og_locale":"en_GB","og_type":"article","og_title":"\u00ab Haute intensit\u00e9 : quels d\u00e9fis pour les arm\u00e9es fran\u00e7aises ? - L&#039;IHEDN : Institut des hautes \u00e9tudes de d\u00e9fense nationale","og_description":"Le retour de la haute intensit\u00e9, entre autres, se traduit par une demande capacitaire croissante et cela induit une r\u00e9flexion sur notre capacit\u00e9 de riposte. Quels moyens avons-nous face \u00e0 ce type de conflit o\u00f9 l\u2019armement nucl\u00e9aire n\u2019est pas une solution ? La haute intensit\u00e9 implique de gros besoins mat\u00e9riels, se caract\u00e9rise par une l\u00e9talit\u00e9 \u00e9lev\u00e9e mais \u00e9galement par la multiplicit\u00e9 des espaces concern\u00e9es : de l\u2019espace aux fonds marins, du champ de bataille au cyber. L\u2019auteur cherche \u00e0 dresser un panorama de nos besoins en cas de conflit de haute intensit\u00e9.","og_url":"https:\/\/ihedn.fr\/en\/comprendre\/veille-strategique\/haute-intensite-quels-defis-pour-les-armees-francaises\/","og_site_name":"L&#039;IHEDN : Institut des hautes \u00e9tudes de d\u00e9fense nationale","article_publisher":"https:\/\/www.facebook.com\/ihedn\/","article_published_time":"2023-09-26T11:50:26+00:00","article_modified_time":"2023-09-26T11:51:31+00:00","author":"tanguy.morel@ihedn.fr","twitter_card":"summary_large_image","twitter_creator":"@IHEDN","twitter_site":"@IHEDN","twitter_misc":{"Written by":"tanguy.morel@ihedn.fr","Estimated reading time":"1 minute"},"schema":{"@context":"https:\/\/schema.org","@graph":[{"@type":"Article","@id":"https:\/\/ihedn.fr\/comprendre\/veille-strategique\/haute-intensite-quels-defis-pour-les-armees-francaises\/#article","isPartOf":{"@id":"https:\/\/ihedn.fr\/comprendre\/veille-strategique\/haute-intensite-quels-defis-pour-les-armees-francaises\/"},"author":{"name":"tanguy.morel@ihedn.fr","@id":"https:\/\/ihedn.fr\/#\/schema\/person\/ed217a37104b27a246b200e65b827cc7"},"headline":"\u00ab Haute intensit\u00e9 : quels d\u00e9fis pour les arm\u00e9es fran\u00e7aises ?","datePublished":"2023-09-26T11:50:26+00:00","dateModified":"2023-09-26T11:51:31+00:00","mainEntityOfPage":{"@id":"https:\/\/ihedn.fr\/comprendre\/veille-strategique\/haute-intensite-quels-defis-pour-les-armees-francaises\/"},"wordCount":119,"publisher":{"@id":"https:\/\/ihedn.fr\/#organization"},"articleSection":["Veille strat\u00e9gique"],"inLanguage":"en-GB"},{"@type":"WebPage","@id":"https:\/\/ihedn.fr\/comprendre\/veille-strategique\/haute-intensite-quels-defis-pour-les-armees-francaises\/","url":"https:\/\/ihedn.fr\/comprendre\/veille-strategique\/haute-intensite-quels-defis-pour-les-armees-francaises\/","name":"\"High intensity: what challenges for the French armed forces? - IHEDN: Institute for Advanced National Defence Studies","isPartOf":{"@id":"https:\/\/ihedn.fr\/#website"},"datePublished":"2023-09-26T11:50:26+00:00","dateModified":"2023-09-26T11:51:31+00:00","description":"The return of high-intensity warfare, among other things, is resulting in a growing demand for capabilities, and this means that we need to think about our ability to respond. What resources do we have to deal with this type of conflict, where nuclear weapons are not an option? High-intensity warfare requires a great deal of equipment and is characterised by high lethality, but also by the multiplicity of areas involved: from space to the seabed, from the battlefield to cyber. The author seeks to provide an overview of our needs in the event of a high-intensity conflict.","breadcrumb":{"@id":"https:\/\/ihedn.fr\/comprendre\/veille-strategique\/haute-intensite-quels-defis-pour-les-armees-francaises\/#breadcrumb"},"inLanguage":"en-GB","potentialAction":[{"@type":"ReadAction","target":["https:\/\/ihedn.fr\/comprendre\/veille-strategique\/haute-intensite-quels-defis-pour-les-armees-francaises\/"]}]},{"@type":"BreadcrumbList","@id":"https:\/\/ihedn.fr\/comprendre\/veille-strategique\/haute-intensite-quels-defis-pour-les-armees-francaises\/#breadcrumb","itemListElement":[{"@type":"ListItem","position":1,"name":"Accueil","item":"https:\/\/ihedn.fr\/"},{"@type":"ListItem","position":2,"name":"\u00ab Haute intensit\u00e9 : quels d\u00e9fis pour les arm\u00e9es fran\u00e7aises ?"}]},{"@type":"WebSite","@id":"https:\/\/ihedn.fr\/#website","url":"https:\/\/ihedn.fr\/","name":"IHEDN: Institut des hautes \u00e9tudes de d\u00e9fense nationale (Institute for Higher National Defence Studies)","description":"Official website of the IHEDN under the supervision of the Prime Minister.","publisher":{"@id":"https:\/\/ihedn.fr\/#organization"},"potentialAction":[{"@type":"SearchAction","target":{"@type":"EntryPoint","urlTemplate":"https:\/\/ihedn.fr\/?s={search_term_string}"},"query-input":{"@type":"PropertyValueSpecification","valueRequired":true,"valueName":"search_term_string"}}],"inLanguage":"en-GB"},{"@type":"Organization","@id":"https:\/\/ihedn.fr\/#organization","name":"IHEDN - Institute for Higher National Defence Studies","url":"https:\/\/ihedn.fr\/","logo":{"@type":"ImageObject","inLanguage":"en-GB","@id":"https:\/\/ihedn.fr\/#\/schema\/logo\/image\/","url":"https:\/\/ihedn.fr\/wp-content\/uploads\/2020\/11\/BLOC_RF_IHEDN_WEB.png","contentUrl":"https:\/\/ihedn.fr\/wp-content\/uploads\/2020\/11\/BLOC_RF_IHEDN_WEB.png","width":500,"height":237,"caption":"IHEDN - Institut des Hautes Etudes de D\u00e9fense Nationale"},"image":{"@id":"https:\/\/ihedn.fr\/#\/schema\/logo\/image\/"},"sameAs":["https:\/\/www.facebook.com\/ihedn\/","https:\/\/x.com\/IHEDN","https:\/\/www.instagram.com\/ihedn\/","https:\/\/www.linkedin.com\/school\/ihedn\/","https:\/\/fr.wikipedia.org\/wiki\/Institut_des_hautes_\u00e9tudes_de_D\u00e9fense_nationale"]},{"@type":"Person","@id":"https:\/\/ihedn.fr\/#\/schema\/person\/ed217a37104b27a246b200e65b827cc7","name":"tanguy.morel@ihedn.fr","image":{"@type":"ImageObject","inLanguage":"en-GB","@id":"https:\/\/secure.gravatar.com\/avatar\/36877cd30919fafddf1f9da45f4154aa468a64328452f2ceaff0968772207348?s=96&d=mm&r=g","url":"https:\/\/secure.gravatar.com\/avatar\/36877cd30919fafddf1f9da45f4154aa468a64328452f2ceaff0968772207348?s=96&d=mm&r=g","contentUrl":"https:\/\/secure.gravatar.com\/avatar\/36877cd30919fafddf1f9da45f4154aa468a64328452f2ceaff0968772207348?s=96&d=mm&r=g","caption":"tanguy.morel@ihedn.fr"},"url":"https:\/\/ihedn.fr\/en\/author\/tanguy-morelihedn-fr\/"}]}},"publishpress_future_action":{"enabled":false,"date":"2026-05-09 12:46:39","action":"change-status","newStatus":"draft","terms":[],"taxonomy":"category","extraData":[]},"publishpress_future_workflow_manual_trigger":{"enabledWorkflows":[]},"_links":{"self":[{"href":"https:\/\/ihedn.fr\/en\/wp-json\/wp\/v2\/posts\/42891","targetHints":{"allow":["GET"]}}],"collection":[{"href":"https:\/\/ihedn.fr\/en\/wp-json\/wp\/v2\/posts"}],"about":[{"href":"https:\/\/ihedn.fr\/en\/wp-json\/wp\/v2\/types\/post"}],"author":[{"embeddable":true,"href":"https:\/\/ihedn.fr\/en\/wp-json\/wp\/v2\/users\/10"}],"replies":[{"embeddable":true,"href":"https:\/\/ihedn.fr\/en\/wp-json\/wp\/v2\/comments?post=42891"}],"version-history":[{"count":4,"href":"https:\/\/ihedn.fr\/en\/wp-json\/wp\/v2\/posts\/42891\/revisions"}],"predecessor-version":[{"id":42895,"href":"https:\/\/ihedn.fr\/en\/wp-json\/wp\/v2\/posts\/42891\/revisions\/42895"}],"wp:attachment":[{"href":"https:\/\/ihedn.fr\/en\/wp-json\/wp\/v2\/media?parent=42891"}],"wp:term":[{"taxonomy":"category","embeddable":true,"href":"https:\/\/ihedn.fr\/en\/wp-json\/wp\/v2\/categories?post=42891"},{"taxonomy":"post_tag","embeddable":true,"href":"https:\/\/ihedn.fr\/en\/wp-json\/wp\/v2\/tags?post=42891"}],"curies":[{"name":"wp","href":"https:\/\/api.w.org\/{rel}","templated":true}]}}