{"id":43132,"date":"2023-10-09T13:38:12","date_gmt":"2023-10-09T12:38:12","guid":{"rendered":"https:\/\/ihedn.fr\/?p=43132"},"modified":"2023-10-09T13:39:02","modified_gmt":"2023-10-09T12:39:02","slug":"le-gca-benoit-durieux-etait-au-forum-de-securite-de-varsovie","status":"publish","type":"post","link":"https:\/\/ihedn.fr\/en\/notre-actualite\/le-gca-benoit-durieux-etait-au-forum-de-securite-de-varsovie\/","title":{"rendered":"Lt-Gen Beno\u00eet Durieux at the Warsaw Security Forum"},"content":{"rendered":"<div data-elementor-type=\"wp-post\" data-elementor-id=\"43132\" class=\"elementor elementor-43132\" data-elementor-post-type=\"post\">\n\t\t\t\t\t\t<section data-particle_enable=\"false\" data-particle-mobile-disabled=\"false\" class=\"elementor-section elementor-top-section elementor-element elementor-element-04fef2b elementor-section-boxed elementor-section-height-default elementor-section-height-default\" data-id=\"04fef2b\" data-element_type=\"section\" data-e-type=\"section\">\n\t\t\t\t\t\t<div class=\"elementor-container elementor-column-gap-default\">\n\t\t\t\t\t<div class=\"elementor-column elementor-col-100 elementor-top-column elementor-element elementor-element-634f261\" data-id=\"634f261\" data-element_type=\"column\" data-e-type=\"column\">\n\t\t\t<div class=\"elementor-widget-wrap elementor-element-populated\">\n\t\t\t\t\t\t<div class=\"elementor-element elementor-element-4bdf21a elementor-widget elementor-widget-text-editor\" data-id=\"4bdf21a\" data-element_type=\"widget\" data-e-type=\"widget\" data-widget_type=\"text-editor.default\">\n\t\t\t\t<div class=\"elementor-widget-container\">\n\t\t\t\t\t\t\t\t\t<p>On the programme for this 10th edition of the forum: understanding how the<strong>\u00a0Central European countries<\/strong> and Eastern European countries\u00a0<strong>proactive partners<\/strong>\u00a0for<strong>\u00a0their transatlantic allies<\/strong>while protecting itself from\u00a0<strong>external threats.<\/strong><\/p><p>Le\u00a0<strong>General Beno\u00eet Durieux<\/strong>President of the Defence Academy of the \u00c9cole Militaire and Director of the Institut des Hautes \u00c9tudes de D\u00e9fense Nationale (IHEDN), took part in a round table discussion on the implementation of a \"European defence policy\".\u00a0<strong>common european strategy towards China<\/strong>.<\/p><p class=\"MsoNormal\" style=\"background-image: initial; background-position: initial; background-size: initial; background-repeat: initial; background-attachment: initial; background-origin: initial; background-clip: initial;\"><span style=\"color: #3a3a3a; mso-fareast-language: FR;\">Discussions focused on :<\/span><\/p><ul><li>relations between the European Union and the United States,<\/li><li>integrating the interests of all European nations into the future European strategy for China,<\/li><li>the role of democratic values and human rights.<\/li><\/ul>\t\t\t\t\t\t\t\t<\/div>\n\t\t\t\t<\/div>\n\t\t\t\t\t<\/div>\n\t\t<\/div>\n\t\t\t\t\t<\/div>\n\t\t<\/section>\n\t\t\t\t<section data-particle_enable=\"false\" data-particle-mobile-disabled=\"false\" class=\"elementor-section elementor-top-section elementor-element elementor-element-90cf80c elementor-section-boxed elementor-section-height-default elementor-section-height-default\" data-id=\"90cf80c\" data-element_type=\"section\" data-e-type=\"section\">\n\t\t\t\t\t\t<div class=\"elementor-container elementor-column-gap-default\">\n\t\t\t\t\t<div class=\"elementor-column elementor-col-100 elementor-top-column elementor-element elementor-element-45a89d4\" data-id=\"45a89d4\" data-element_type=\"column\" data-e-type=\"column\">\n\t\t\t<div class=\"elementor-widget-wrap elementor-element-populated\">\n\t\t\t\t\t\t<div class=\"elementor-element elementor-element-4aed5f0 gallery-spacing-custom elementor-widget elementor-widget-image-gallery\" data-id=\"4aed5f0\" data-element_type=\"widget\" data-e-type=\"widget\" data-widget_type=\"image-gallery.default\">\n\t\t\t\t<div class=\"elementor-widget-container\">\n\t\t\t\t\t\t\t<div class=\"elementor-image-gallery\">\n\t\t\t<div id='gallery-1' class='gallery galleryid-43132 gallery-columns-4 gallery-size-medium'><figure class='gallery-item'>\n\t\t\t<div class='gallery-icon landscape'>\n\t\t\t\t<a data-elementor-open-lightbox=\"yes\" data-elementor-lightbox-slideshow=\"4aed5f0\" data-e-action-hash=\"#elementor-action%3Aaction%3Dlightbox%26settings%3DeyJpZCI6NDMxMzgsInVybCI6Imh0dHBzOlwvXC9paGVkbi5mclwvd3AtY29udGVudFwvdXBsb2Fkc1wvMjAyM1wvMTBcLzEzOS1TVEFfMjgxMC5qcGciLCJzbGlkZXNob3ciOiI0YWVkNWYwIn0%3D\" href='https:\/\/ihedn.fr\/wp-content\/uploads\/2023\/10\/139-STA_2810.jpg'><img fetchpriority=\"high\" decoding=\"async\" width=\"300\" height=\"300\" src=\"https:\/\/ihedn.fr\/wp-content\/uploads\/2023\/10\/139-STA_2810-300x300.jpg\" class=\"attachment-medium size-medium\" alt=\"\" srcset=\"https:\/\/ihedn.fr\/wp-content\/uploads\/2023\/10\/139-STA_2810-300x300.jpg 300w, https:\/\/ihedn.fr\/wp-content\/uploads\/2023\/10\/139-STA_2810-1024x1024.jpg 1024w, https:\/\/ihedn.fr\/wp-content\/uploads\/2023\/10\/139-STA_2810-150x150.jpg 150w, https:\/\/ihedn.fr\/wp-content\/uploads\/2023\/10\/139-STA_2810-768x768.jpg 768w\" sizes=\"(max-width: 300px) 100vw, 300px\" \/><\/a>\n\t\t\t<\/div><\/figure><figure class='gallery-item'>\n\t\t\t<div class='gallery-icon landscape'>\n\t\t\t\t<a data-elementor-open-lightbox=\"yes\" data-elementor-lightbox-slideshow=\"4aed5f0\" data-e-action-hash=\"#elementor-action%3Aaction%3Dlightbox%26settings%3DeyJpZCI6NDMxMzksInVybCI6Imh0dHBzOlwvXC9paGVkbi5mclwvd3AtY29udGVudFwvdXBsb2Fkc1wvMjAyM1wvMTBcLzE2MC1TVEFfMjgyMS5qcGciLCJzbGlkZXNob3ciOiI0YWVkNWYwIn0%3D\" href='https:\/\/ihedn.fr\/wp-content\/uploads\/2023\/10\/160-STA_2821.jpg'><img decoding=\"async\" width=\"300\" height=\"300\" src=\"https:\/\/ihedn.fr\/wp-content\/uploads\/2023\/10\/160-STA_2821-300x300.jpg\" class=\"attachment-medium size-medium\" alt=\"\" srcset=\"https:\/\/ihedn.fr\/wp-content\/uploads\/2023\/10\/160-STA_2821-300x300.jpg 300w, https:\/\/ihedn.fr\/wp-content\/uploads\/2023\/10\/160-STA_2821-1024x1024.jpg 1024w, https:\/\/ihedn.fr\/wp-content\/uploads\/2023\/10\/160-STA_2821-150x150.jpg 150w, https:\/\/ihedn.fr\/wp-content\/uploads\/2023\/10\/160-STA_2821-768x768.jpg 768w\" sizes=\"(max-width: 300px) 100vw, 300px\" \/><\/a>\n\t\t\t<\/div><\/figure><figure class='gallery-item'>\n\t\t\t<div class='gallery-icon landscape'>\n\t\t\t\t<a data-elementor-open-lightbox=\"yes\" data-elementor-lightbox-slideshow=\"4aed5f0\" data-e-action-hash=\"#elementor-action%3Aaction%3Dlightbox%26settings%3DeyJpZCI6NDMxNDAsInVybCI6Imh0dHBzOlwvXC9paGVkbi5mclwvd3AtY29udGVudFwvdXBsb2Fkc1wvMjAyM1wvMTBcLzIyNS1TVEFfMzEzMC5qcGciLCJzbGlkZXNob3ciOiI0YWVkNWYwIn0%3D\" href='https:\/\/ihedn.fr\/wp-content\/uploads\/2023\/10\/225-STA_3130.jpg'><img decoding=\"async\" width=\"300\" height=\"300\" src=\"https:\/\/ihedn.fr\/wp-content\/uploads\/2023\/10\/225-STA_3130-300x300.jpg\" class=\"attachment-medium size-medium\" alt=\"\" srcset=\"https:\/\/ihedn.fr\/wp-content\/uploads\/2023\/10\/225-STA_3130-300x300.jpg 300w, https:\/\/ihedn.fr\/wp-content\/uploads\/2023\/10\/225-STA_3130-1024x1024.jpg 1024w, https:\/\/ihedn.fr\/wp-content\/uploads\/2023\/10\/225-STA_3130-150x150.jpg 150w, https:\/\/ihedn.fr\/wp-content\/uploads\/2023\/10\/225-STA_3130-768x768.jpg 768w\" sizes=\"(max-width: 300px) 100vw, 300px\" \/><\/a>\n\t\t\t<\/div><\/figure><figure class='gallery-item'>\n\t\t\t<div class='gallery-icon landscape'>\n\t\t\t\t<a data-elementor-open-lightbox=\"yes\" data-elementor-lightbox-slideshow=\"4aed5f0\" data-e-action-hash=\"#elementor-action%3Aaction%3Dlightbox%26settings%3DeyJpZCI6NDMxNDEsInVybCI6Imh0dHBzOlwvXC9paGVkbi5mclwvd3AtY29udGVudFwvdXBsb2Fkc1wvMjAyM1wvMTBcLzEyNS1TVEFfMjc1OC5qcGciLCJzbGlkZXNob3ciOiI0YWVkNWYwIn0%3D\" href='https:\/\/ihedn.fr\/wp-content\/uploads\/2023\/10\/125-STA_2758.jpg'><img loading=\"lazy\" decoding=\"async\" width=\"300\" height=\"300\" src=\"https:\/\/ihedn.fr\/wp-content\/uploads\/2023\/10\/125-STA_2758-300x300.jpg\" class=\"attachment-medium size-medium\" alt=\"\" srcset=\"https:\/\/ihedn.fr\/wp-content\/uploads\/2023\/10\/125-STA_2758-300x300.jpg 300w, https:\/\/ihedn.fr\/wp-content\/uploads\/2023\/10\/125-STA_2758-1024x1024.jpg 1024w, https:\/\/ihedn.fr\/wp-content\/uploads\/2023\/10\/125-STA_2758-150x150.jpg 150w, https:\/\/ihedn.fr\/wp-content\/uploads\/2023\/10\/125-STA_2758-768x768.jpg 768w\" sizes=\"(max-width: 300px) 100vw, 300px\" \/><\/a>\n\t\t\t<\/div><\/figure><figure class='gallery-item'>\n\t\t\t<div class='gallery-icon landscape'>\n\t\t\t\t<a data-elementor-open-lightbox=\"yes\" data-elementor-lightbox-slideshow=\"4aed5f0\" data-e-action-hash=\"#elementor-action%3Aaction%3Dlightbox%26settings%3DeyJpZCI6NDMxNDIsInVybCI6Imh0dHBzOlwvXC9paGVkbi5mclwvd3AtY29udGVudFwvdXBsb2Fkc1wvMjAyM1wvMTBcLzEyNi1TVEFfMjc2OS5qcGciLCJzbGlkZXNob3ciOiI0YWVkNWYwIn0%3D\" href='https:\/\/ihedn.fr\/wp-content\/uploads\/2023\/10\/126-STA_2769.jpg'><img loading=\"lazy\" decoding=\"async\" width=\"300\" height=\"300\" src=\"https:\/\/ihedn.fr\/wp-content\/uploads\/2023\/10\/126-STA_2769-300x300.jpg\" class=\"attachment-medium size-medium\" alt=\"\" srcset=\"https:\/\/ihedn.fr\/wp-content\/uploads\/2023\/10\/126-STA_2769-300x300.jpg 300w, https:\/\/ihedn.fr\/wp-content\/uploads\/2023\/10\/126-STA_2769-1024x1024.jpg 1024w, https:\/\/ihedn.fr\/wp-content\/uploads\/2023\/10\/126-STA_2769-150x150.jpg 150w, https:\/\/ihedn.fr\/wp-content\/uploads\/2023\/10\/126-STA_2769-768x768.jpg 768w\" sizes=\"(max-width: 300px) 100vw, 300px\" \/><\/a>\n\t\t\t<\/div><\/figure><figure class='gallery-item'>\n\t\t\t<div class='gallery-icon landscape'>\n\t\t\t\t<a data-elementor-open-lightbox=\"yes\" data-elementor-lightbox-slideshow=\"4aed5f0\" data-e-action-hash=\"#elementor-action%3Aaction%3Dlightbox%26settings%3DeyJpZCI6NDMxNDMsInVybCI6Imh0dHBzOlwvXC9paGVkbi5mclwvd3AtY29udGVudFwvdXBsb2Fkc1wvMjAyM1wvMTBcLzEyNy1TVEFfMjc3Ni5qcGciLCJzbGlkZXNob3ciOiI0YWVkNWYwIn0%3D\" href='https:\/\/ihedn.fr\/wp-content\/uploads\/2023\/10\/127-STA_2776.jpg'><img loading=\"lazy\" decoding=\"async\" width=\"300\" height=\"300\" src=\"https:\/\/ihedn.fr\/wp-content\/uploads\/2023\/10\/127-STA_2776-300x300.jpg\" class=\"attachment-medium size-medium\" alt=\"\" srcset=\"https:\/\/ihedn.fr\/wp-content\/uploads\/2023\/10\/127-STA_2776-300x300.jpg 300w, https:\/\/ihedn.fr\/wp-content\/uploads\/2023\/10\/127-STA_2776-1024x1024.jpg 1024w, https:\/\/ihedn.fr\/wp-content\/uploads\/2023\/10\/127-STA_2776-150x150.jpg 150w, https:\/\/ihedn.fr\/wp-content\/uploads\/2023\/10\/127-STA_2776-768x768.jpg 768w\" sizes=\"(max-width: 300px) 100vw, 300px\" \/><\/a>\n\t\t\t<\/div><\/figure><figure class='gallery-item'>\n\t\t\t<div class='gallery-icon landscape'>\n\t\t\t\t<a data-elementor-open-lightbox=\"yes\" data-elementor-lightbox-slideshow=\"4aed5f0\" data-e-action-hash=\"#elementor-action%3Aaction%3Dlightbox%26settings%3DeyJpZCI6NDMxNDQsInVybCI6Imh0dHBzOlwvXC9paGVkbi5mclwvd3AtY29udGVudFwvdXBsb2Fkc1wvMjAyM1wvMTBcLzEzMC1TVEFfMjc4Mi5qcGciLCJzbGlkZXNob3ciOiI0YWVkNWYwIn0%3D\" href='https:\/\/ihedn.fr\/wp-content\/uploads\/2023\/10\/130-STA_2782.jpg'><img loading=\"lazy\" decoding=\"async\" width=\"300\" height=\"300\" src=\"https:\/\/ihedn.fr\/wp-content\/uploads\/2023\/10\/130-STA_2782-300x300.jpg\" class=\"attachment-medium size-medium\" alt=\"\" srcset=\"https:\/\/ihedn.fr\/wp-content\/uploads\/2023\/10\/130-STA_2782-300x300.jpg 300w, https:\/\/ihedn.fr\/wp-content\/uploads\/2023\/10\/130-STA_2782-1024x1024.jpg 1024w, https:\/\/ihedn.fr\/wp-content\/uploads\/2023\/10\/130-STA_2782-150x150.jpg 150w, https:\/\/ihedn.fr\/wp-content\/uploads\/2023\/10\/130-STA_2782-768x768.jpg 768w\" sizes=\"(max-width: 300px) 100vw, 300px\" \/><\/a>\n\t\t\t<\/div><\/figure><figure class='gallery-item'>\n\t\t\t<div class='gallery-icon landscape'>\n\t\t\t\t<a data-elementor-open-lightbox=\"yes\" data-elementor-lightbox-slideshow=\"4aed5f0\" data-e-action-hash=\"#elementor-action%3Aaction%3Dlightbox%26settings%3DeyJpZCI6NDMxNDUsInVybCI6Imh0dHBzOlwvXC9paGVkbi5mclwvd3AtY29udGVudFwvdXBsb2Fkc1wvMjAyM1wvMTBcLzEzMS1TVEFfMjc4Ni5qcGciLCJzbGlkZXNob3ciOiI0YWVkNWYwIn0%3D\" href='https:\/\/ihedn.fr\/wp-content\/uploads\/2023\/10\/131-STA_2786.jpg'><img loading=\"lazy\" decoding=\"async\" width=\"300\" height=\"300\" src=\"https:\/\/ihedn.fr\/wp-content\/uploads\/2023\/10\/131-STA_2786-300x300.jpg\" class=\"attachment-medium size-medium\" alt=\"\" srcset=\"https:\/\/ihedn.fr\/wp-content\/uploads\/2023\/10\/131-STA_2786-300x300.jpg 300w, https:\/\/ihedn.fr\/wp-content\/uploads\/2023\/10\/131-STA_2786-1024x1024.jpg 1024w, https:\/\/ihedn.fr\/wp-content\/uploads\/2023\/10\/131-STA_2786-150x150.jpg 150w, https:\/\/ihedn.fr\/wp-content\/uploads\/2023\/10\/131-STA_2786-768x768.jpg 768w\" sizes=\"(max-width: 300px) 100vw, 300px\" \/><\/a>\n\t\t\t<\/div><\/figure>\n\t\t<\/div>\n\t\t<\/div>\n\t\t\t\t\t\t<\/div>\n\t\t\t\t<\/div>\n\t\t\t\t\t<\/div>\n\t\t<\/div>\n\t\t\t\t\t<\/div>\n\t\t<\/section>\n\t\t\t\t<section data-particle_enable=\"false\" data-particle-mobile-disabled=\"false\" class=\"elementor-section elementor-top-section elementor-element elementor-element-16bfdc8 elementor-section-boxed elementor-section-height-default elementor-section-height-default\" data-id=\"16bfdc8\" data-element_type=\"section\" data-e-type=\"section\">\n\t\t\t\t\t\t<div class=\"elementor-container elementor-column-gap-default\">\n\t\t\t\t\t<div class=\"elementor-column elementor-col-100 elementor-top-column elementor-element elementor-element-bb2a3a7\" data-id=\"bb2a3a7\" data-element_type=\"column\" data-e-type=\"column\">\n\t\t\t<div class=\"elementor-widget-wrap\">\n\t\t\t\t\t\t\t<\/div>\n\t\t<\/div>\n\t\t\t\t\t<\/div>\n\t\t<\/section>\n\t\t\t\t<section data-particle_enable=\"false\" data-particle-mobile-disabled=\"false\" class=\"elementor-section elementor-top-section elementor-element elementor-element-19be913 elementor-section-boxed elementor-section-height-default elementor-section-height-default\" data-id=\"19be913\" data-element_type=\"section\" data-e-type=\"section\">\n\t\t\t\t\t\t<div class=\"elementor-container elementor-column-gap-default\">\n\t\t\t\t\t<div class=\"elementor-column elementor-col-100 elementor-top-column elementor-element elementor-element-b86613b\" data-id=\"b86613b\" data-element_type=\"column\" data-e-type=\"column\">\n\t\t\t<div class=\"elementor-widget-wrap\">\n\t\t\t\t\t\t\t<\/div>\n\t\t<\/div>\n\t\t\t\t\t<\/div>\n\t\t<\/section>\n\t\t\t\t<section data-particle_enable=\"false\" data-particle-mobile-disabled=\"false\" class=\"elementor-section elementor-top-section elementor-element elementor-element-c26f458 elementor-section-boxed elementor-section-height-default elementor-section-height-default\" data-id=\"c26f458\" data-element_type=\"section\" data-e-type=\"section\">\n\t\t\t\t\t\t<div class=\"elementor-container elementor-column-gap-default\">\n\t\t\t\t\t<div class=\"elementor-column elementor-col-100 elementor-top-column elementor-element elementor-element-ecef182\" data-id=\"ecef182\" data-element_type=\"column\" data-e-type=\"column\">\n\t\t\t<div class=\"elementor-widget-wrap\">\n\t\t\t\t\t\t\t<\/div>\n\t\t<\/div>\n\t\t\t\t\t<\/div>\n\t\t<\/section>\n\t\t\t\t<section data-particle_enable=\"false\" data-particle-mobile-disabled=\"false\" class=\"elementor-section elementor-top-section elementor-element elementor-element-828a096 elementor-section-boxed elementor-section-height-default elementor-section-height-default\" data-id=\"828a096\" data-element_type=\"section\" data-e-type=\"section\">\n\t\t\t\t\t\t<div class=\"elementor-container elementor-column-gap-default\">\n\t\t\t\t\t<div class=\"elementor-column elementor-col-100 elementor-top-column elementor-element elementor-element-9a6389f\" data-id=\"9a6389f\" data-element_type=\"column\" data-e-type=\"column\">\n\t\t\t<div class=\"elementor-widget-wrap\">\n\t\t\t\t\t\t\t<\/div>\n\t\t<\/div>\n\t\t\t\t\t<\/div>\n\t\t<\/section>\n\t\t\t\t<section data-particle_enable=\"false\" data-particle-mobile-disabled=\"false\" class=\"elementor-section elementor-top-section elementor-element elementor-element-c32b3ab elementor-section-boxed elementor-section-height-default elementor-section-height-default\" data-id=\"c32b3ab\" data-element_type=\"section\" data-e-type=\"section\">\n\t\t\t\t\t\t<div class=\"elementor-container elementor-column-gap-default\">\n\t\t\t\t\t<div class=\"elementor-column elementor-col-100 elementor-top-column elementor-element elementor-element-385ed67\" data-id=\"385ed67\" data-element_type=\"column\" data-e-type=\"column\">\n\t\t\t<div class=\"elementor-widget-wrap\">\n\t\t\t\t\t\t\t<\/div>\n\t\t<\/div>\n\t\t\t\t\t<\/div>\n\t\t<\/section>\n\t\t\t\t<\/div>","protected":false},"excerpt":{"rendered":"<p>The Defence Academy of the \u00c9cole Militaire took part in the Warsaw Security Forum  <i> <a href=\"https:\/\/warsawsecurityforum.org\/\">Warsaw Security Forum<\/a><\/i> 3 and 4 October 2023<\/p>","protected":false},"author":10,"featured_media":43141,"comment_status":"closed","ping_status":"closed","sticky":false,"template":"","format":"standard","meta":{"footnotes":""},"categories":[172],"tags":[],"class_list":["post-43132","post","type-post","status-publish","format-standard","has-post-thumbnail","hentry","category-notre-actualite"],"yoast_head":"<!-- This site is optimized with the Yoast SEO plugin v27.5 - https:\/\/yoast.com\/product\/yoast-seo-wordpress\/ -->\n<title>Le GCA Beno\u00eet Durieux \u00e9tait au Forum de s\u00e9curit\u00e9 de Varsovie - L&#039;IHEDN : Institut des hautes \u00e9tudes de d\u00e9fense nationale<\/title>\n<meta name=\"description\" content=\"Temp\u00eates, incendies, inondations en Libye, au Canada, en Gr\u00e8ce, en France\u2026 Le changement climatique et la multiplication des catastrophes poussent les Formations militaires de la s\u00e9curit\u00e9 civile \u00e0 s\u2019adapter.\" \/>\n<meta name=\"robots\" content=\"index, follow, max-snippet:-1, max-image-preview:large, max-video-preview:-1\" \/>\n<link rel=\"canonical\" href=\"https:\/\/ihedn.fr\/en\/notre-actualite\/le-gca-benoit-durieux-etait-au-forum-de-securite-de-varsovie\/\" \/>\n<meta property=\"og:locale\" content=\"en_GB\" \/>\n<meta property=\"og:type\" content=\"article\" \/>\n<meta property=\"og:title\" content=\"La France en Indopacifique : une priorit\u00e9 d\u2019importance croissante\" \/>\n<meta property=\"og:description\" content=\"\u00c0 l\u2019occasion de la Session internationale pour l\u2019Indopacifique, r\u00e9unie \u00e0 Paris cette semaine, point d\u2019\u00e9tape sur les derni\u00e8res annonces concernant la strat\u00e9gie fran\u00e7aise dans cette r\u00e9gion.\" \/>\n<meta property=\"og:url\" content=\"https:\/\/ihedn.fr\/en\/notre-actualite\/le-gca-benoit-durieux-etait-au-forum-de-securite-de-varsovie\/\" \/>\n<meta property=\"og:site_name\" content=\"L&#039;IHEDN : Institut des hautes \u00e9tudes de d\u00e9fense nationale\" \/>\n<meta property=\"article:publisher\" content=\"https:\/\/www.facebook.com\/ihedn\/\" \/>\n<meta property=\"article:published_time\" content=\"2023-10-09T12:38:12+00:00\" \/>\n<meta property=\"article:modified_time\" content=\"2023-10-09T12:39:02+00:00\" \/>\n<meta property=\"og:image\" content=\"https:\/\/ihedn.fr\/wp-content\/uploads\/2023\/10\/VISUEL_INDOPACIFIQUE-1024x1024.png\" \/>\n\t<meta property=\"og:image:width\" content=\"1024\" \/>\n\t<meta property=\"og:image:height\" content=\"1024\" \/>\n\t<meta property=\"og:image:type\" content=\"image\/png\" \/>\n<meta name=\"author\" content=\"tanguy.morel@ihedn.fr\" \/>\n<meta name=\"twitter:card\" content=\"summary_large_image\" \/>\n<meta name=\"twitter:title\" content=\"La France en Indopacifique : une priorit\u00e9 d\u2019importance croissante\" \/>\n<meta name=\"twitter:description\" content=\"\u00c0 l\u2019occasion de la Session internationale pour l\u2019Indopacifique, r\u00e9unie \u00e0 Paris cette semaine, point d\u2019\u00e9tape sur les derni\u00e8res annonces concernant la strat\u00e9gie fran\u00e7aise dans cette r\u00e9gion.\" \/>\n<meta name=\"twitter:image\" content=\"https:\/\/ihedn.fr\/wp-content\/uploads\/2023\/10\/VISUEL_INDOPACIFIQUE.png\" \/>\n<meta name=\"twitter:creator\" content=\"@IHEDN\" \/>\n<meta name=\"twitter:site\" content=\"@IHEDN\" \/>\n<meta name=\"twitter:label1\" content=\"Written by\" \/>\n\t<meta name=\"twitter:data1\" content=\"tanguy.morel@ihedn.fr\" \/>\n\t<meta name=\"twitter:label2\" content=\"Estimated reading time\" \/>\n\t<meta name=\"twitter:data2\" content=\"3 minutes\" \/>\n<script type=\"application\/ld+json\" class=\"yoast-schema-graph\">{\"@context\":\"https:\\\/\\\/schema.org\",\"@graph\":[{\"@type\":\"Article\",\"@id\":\"https:\\\/\\\/ihedn.fr\\\/en\\\/notre-actualite\\\/le-gca-benoit-durieux-etait-au-forum-de-securite-de-varsovie\\\/#article\",\"isPartOf\":{\"@id\":\"https:\\\/\\\/ihedn.fr\\\/en\\\/notre-actualite\\\/le-gca-benoit-durieux-etait-au-forum-de-securite-de-varsovie\\\/\"},\"author\":{\"name\":\"tanguy.morel@ihedn.fr\",\"@id\":\"https:\\\/\\\/ihedn.fr\\\/#\\\/schema\\\/person\\\/ed217a37104b27a246b200e65b827cc7\"},\"headline\":\"Le GCA Beno\u00eet Durieux \u00e9tait au Forum de s\u00e9curit\u00e9 de Varsovie\",\"datePublished\":\"2023-10-09T12:38:12+00:00\",\"dateModified\":\"2023-10-09T12:39:02+00:00\",\"mainEntityOfPage\":{\"@id\":\"https:\\\/\\\/ihedn.fr\\\/en\\\/notre-actualite\\\/le-gca-benoit-durieux-etait-au-forum-de-securite-de-varsovie\\\/\"},\"wordCount\":158,\"publisher\":{\"@id\":\"https:\\\/\\\/ihedn.fr\\\/#organization\"},\"image\":{\"@id\":\"https:\\\/\\\/ihedn.fr\\\/en\\\/notre-actualite\\\/le-gca-benoit-durieux-etait-au-forum-de-securite-de-varsovie\\\/#primaryimage\"},\"thumbnailUrl\":\"https:\\\/\\\/ihedn.fr\\\/wp-content\\\/uploads\\\/2023\\\/10\\\/125-STA_2758.jpg\",\"articleSection\":[\"Notre actualit\u00e9\"],\"inLanguage\":\"en-GB\"},{\"@type\":\"WebPage\",\"@id\":\"https:\\\/\\\/ihedn.fr\\\/en\\\/notre-actualite\\\/le-gca-benoit-durieux-etait-au-forum-de-securite-de-varsovie\\\/\",\"url\":\"https:\\\/\\\/ihedn.fr\\\/en\\\/notre-actualite\\\/le-gca-benoit-durieux-etait-au-forum-de-securite-de-varsovie\\\/\",\"name\":\"Le GCA Beno\u00eet Durieux \u00e9tait au Forum de s\u00e9curit\u00e9 de Varsovie - L&#039;IHEDN : Institut des hautes \u00e9tudes de d\u00e9fense nationale\",\"isPartOf\":{\"@id\":\"https:\\\/\\\/ihedn.fr\\\/#website\"},\"primaryImageOfPage\":{\"@id\":\"https:\\\/\\\/ihedn.fr\\\/en\\\/notre-actualite\\\/le-gca-benoit-durieux-etait-au-forum-de-securite-de-varsovie\\\/#primaryimage\"},\"image\":{\"@id\":\"https:\\\/\\\/ihedn.fr\\\/en\\\/notre-actualite\\\/le-gca-benoit-durieux-etait-au-forum-de-securite-de-varsovie\\\/#primaryimage\"},\"thumbnailUrl\":\"https:\\\/\\\/ihedn.fr\\\/wp-content\\\/uploads\\\/2023\\\/10\\\/125-STA_2758.jpg\",\"datePublished\":\"2023-10-09T12:38:12+00:00\",\"dateModified\":\"2023-10-09T12:39:02+00:00\",\"description\":\"Temp\u00eates, incendies, inondations en Libye, au Canada, en Gr\u00e8ce, en France\u2026 Le changement climatique et la multiplication des catastrophes poussent les Formations militaires de la s\u00e9curit\u00e9 civile \u00e0 s\u2019adapter.\",\"breadcrumb\":{\"@id\":\"https:\\\/\\\/ihedn.fr\\\/en\\\/notre-actualite\\\/le-gca-benoit-durieux-etait-au-forum-de-securite-de-varsovie\\\/#breadcrumb\"},\"inLanguage\":\"en-GB\",\"potentialAction\":[{\"@type\":\"ReadAction\",\"target\":[\"https:\\\/\\\/ihedn.fr\\\/en\\\/notre-actualite\\\/le-gca-benoit-durieux-etait-au-forum-de-securite-de-varsovie\\\/\"]}]},{\"@type\":\"ImageObject\",\"inLanguage\":\"en-GB\",\"@id\":\"https:\\\/\\\/ihedn.fr\\\/en\\\/notre-actualite\\\/le-gca-benoit-durieux-etait-au-forum-de-securite-de-varsovie\\\/#primaryimage\",\"url\":\"https:\\\/\\\/ihedn.fr\\\/wp-content\\\/uploads\\\/2023\\\/10\\\/125-STA_2758.jpg\",\"contentUrl\":\"https:\\\/\\\/ihedn.fr\\\/wp-content\\\/uploads\\\/2023\\\/10\\\/125-STA_2758.jpg\",\"width\":2048,\"height\":1365},{\"@type\":\"BreadcrumbList\",\"@id\":\"https:\\\/\\\/ihedn.fr\\\/en\\\/notre-actualite\\\/le-gca-benoit-durieux-etait-au-forum-de-securite-de-varsovie\\\/#breadcrumb\",\"itemListElement\":[{\"@type\":\"ListItem\",\"position\":1,\"name\":\"Accueil\",\"item\":\"https:\\\/\\\/ihedn.fr\\\/\"},{\"@type\":\"ListItem\",\"position\":2,\"name\":\"Le GCA Beno\u00eet Durieux \u00e9tait au Forum de s\u00e9curit\u00e9 de Varsovie\"}]},{\"@type\":\"WebSite\",\"@id\":\"https:\\\/\\\/ihedn.fr\\\/#website\",\"url\":\"https:\\\/\\\/ihedn.fr\\\/\",\"name\":\"IHEDN : Institut des hautes \u00e9tudes de d\u00e9fense nationale |\",\"description\":\"Site officiel de l&#039;IHEDN plac\u00e9 sous la tutelle du Premier ministre.\",\"publisher\":{\"@id\":\"https:\\\/\\\/ihedn.fr\\\/#organization\"},\"potentialAction\":[{\"@type\":\"SearchAction\",\"target\":{\"@type\":\"EntryPoint\",\"urlTemplate\":\"https:\\\/\\\/ihedn.fr\\\/?s={search_term_string}\"},\"query-input\":{\"@type\":\"PropertyValueSpecification\",\"valueRequired\":true,\"valueName\":\"search_term_string\"}}],\"inLanguage\":\"en-GB\"},{\"@type\":\"Organization\",\"@id\":\"https:\\\/\\\/ihedn.fr\\\/#organization\",\"name\":\"IHEDN - Institut des Hautes Etudes de D\u00e9fense Nationale\",\"url\":\"https:\\\/\\\/ihedn.fr\\\/\",\"logo\":{\"@type\":\"ImageObject\",\"inLanguage\":\"en-GB\",\"@id\":\"https:\\\/\\\/ihedn.fr\\\/#\\\/schema\\\/logo\\\/image\\\/\",\"url\":\"https:\\\/\\\/ihedn.fr\\\/wp-content\\\/uploads\\\/2020\\\/11\\\/BLOC_RF_IHEDN_WEB.png\",\"contentUrl\":\"https:\\\/\\\/ihedn.fr\\\/wp-content\\\/uploads\\\/2020\\\/11\\\/BLOC_RF_IHEDN_WEB.png\",\"width\":500,\"height\":237,\"caption\":\"IHEDN - Institut des Hautes Etudes de D\u00e9fense Nationale\"},\"image\":{\"@id\":\"https:\\\/\\\/ihedn.fr\\\/#\\\/schema\\\/logo\\\/image\\\/\"},\"sameAs\":[\"https:\\\/\\\/www.facebook.com\\\/ihedn\\\/\",\"https:\\\/\\\/x.com\\\/IHEDN\",\"https:\\\/\\\/www.instagram.com\\\/ihedn\\\/\",\"https:\\\/\\\/www.linkedin.com\\\/school\\\/ihedn\\\/\",\"https:\\\/\\\/fr.wikipedia.org\\\/wiki\\\/Institut_des_hautes_\u00e9tudes_de_D\u00e9fense_nationale\"]},{\"@type\":\"Person\",\"@id\":\"https:\\\/\\\/ihedn.fr\\\/#\\\/schema\\\/person\\\/ed217a37104b27a246b200e65b827cc7\",\"name\":\"tanguy.morel@ihedn.fr\",\"image\":{\"@type\":\"ImageObject\",\"inLanguage\":\"en-GB\",\"@id\":\"https:\\\/\\\/secure.gravatar.com\\\/avatar\\\/36877cd30919fafddf1f9da45f4154aa468a64328452f2ceaff0968772207348?s=96&d=mm&r=g\",\"url\":\"https:\\\/\\\/secure.gravatar.com\\\/avatar\\\/36877cd30919fafddf1f9da45f4154aa468a64328452f2ceaff0968772207348?s=96&d=mm&r=g\",\"contentUrl\":\"https:\\\/\\\/secure.gravatar.com\\\/avatar\\\/36877cd30919fafddf1f9da45f4154aa468a64328452f2ceaff0968772207348?s=96&d=mm&r=g\",\"caption\":\"tanguy.morel@ihedn.fr\"},\"url\":\"https:\\\/\\\/ihedn.fr\\\/en\\\/author\\\/tanguy-morelihedn-fr\\\/\"}]}<\/script>\n<!-- \/ Yoast SEO plugin. -->","yoast_head_json":{"title":"Lt-Gen Beno\u00eet Durieux at the Warsaw Security Forum - L'IHEDN : Institut des hautes \u00e9tudes de d\u00e9fense nationale","description":"Storms, fires, floods in Libya, Canada, Greece, France... Climate change and the increasing number of disasters are forcing civil protection military training to adapt.","robots":{"index":"index","follow":"follow","max-snippet":"max-snippet:-1","max-image-preview":"max-image-preview:large","max-video-preview":"max-video-preview:-1"},"canonical":"https:\/\/ihedn.fr\/en\/notre-actualite\/le-gca-benoit-durieux-etait-au-forum-de-securite-de-varsovie\/","og_locale":"en_GB","og_type":"article","og_title":"La France en Indopacifique : une priorit\u00e9 d\u2019importance croissante","og_description":"\u00c0 l\u2019occasion de la Session internationale pour l\u2019Indopacifique, r\u00e9unie \u00e0 Paris cette semaine, point d\u2019\u00e9tape sur les derni\u00e8res annonces concernant la strat\u00e9gie fran\u00e7aise dans cette r\u00e9gion.","og_url":"https:\/\/ihedn.fr\/en\/notre-actualite\/le-gca-benoit-durieux-etait-au-forum-de-securite-de-varsovie\/","og_site_name":"L&#039;IHEDN : Institut des hautes \u00e9tudes de d\u00e9fense nationale","article_publisher":"https:\/\/www.facebook.com\/ihedn\/","article_published_time":"2023-10-09T12:38:12+00:00","article_modified_time":"2023-10-09T12:39:02+00:00","og_image":[{"width":1024,"height":1024,"url":"https:\/\/ihedn.fr\/wp-content\/uploads\/2023\/10\/VISUEL_INDOPACIFIQUE-1024x1024.png","type":"image\/png"}],"author":"tanguy.morel@ihedn.fr","twitter_card":"summary_large_image","twitter_title":"La France en Indopacifique : une priorit\u00e9 d\u2019importance croissante","twitter_description":"\u00c0 l\u2019occasion de la Session internationale pour l\u2019Indopacifique, r\u00e9unie \u00e0 Paris cette semaine, point d\u2019\u00e9tape sur les derni\u00e8res annonces concernant la strat\u00e9gie fran\u00e7aise dans cette r\u00e9gion.","twitter_image":"https:\/\/ihedn.fr\/wp-content\/uploads\/2023\/10\/VISUEL_INDOPACIFIQUE.png","twitter_creator":"@IHEDN","twitter_site":"@IHEDN","twitter_misc":{"Written by":"tanguy.morel@ihedn.fr","Estimated reading time":"3 minutes"},"schema":{"@context":"https:\/\/schema.org","@graph":[{"@type":"Article","@id":"https:\/\/ihedn.fr\/en\/notre-actualite\/le-gca-benoit-durieux-etait-au-forum-de-securite-de-varsovie\/#article","isPartOf":{"@id":"https:\/\/ihedn.fr\/en\/notre-actualite\/le-gca-benoit-durieux-etait-au-forum-de-securite-de-varsovie\/"},"author":{"name":"tanguy.morel@ihedn.fr","@id":"https:\/\/ihedn.fr\/#\/schema\/person\/ed217a37104b27a246b200e65b827cc7"},"headline":"Le GCA Beno\u00eet Durieux \u00e9tait au Forum de s\u00e9curit\u00e9 de Varsovie","datePublished":"2023-10-09T12:38:12+00:00","dateModified":"2023-10-09T12:39:02+00:00","mainEntityOfPage":{"@id":"https:\/\/ihedn.fr\/en\/notre-actualite\/le-gca-benoit-durieux-etait-au-forum-de-securite-de-varsovie\/"},"wordCount":158,"publisher":{"@id":"https:\/\/ihedn.fr\/#organization"},"image":{"@id":"https:\/\/ihedn.fr\/en\/notre-actualite\/le-gca-benoit-durieux-etait-au-forum-de-securite-de-varsovie\/#primaryimage"},"thumbnailUrl":"https:\/\/ihedn.fr\/wp-content\/uploads\/2023\/10\/125-STA_2758.jpg","articleSection":["Notre actualit\u00e9"],"inLanguage":"en-GB"},{"@type":"WebPage","@id":"https:\/\/ihedn.fr\/en\/notre-actualite\/le-gca-benoit-durieux-etait-au-forum-de-securite-de-varsovie\/","url":"https:\/\/ihedn.fr\/en\/notre-actualite\/le-gca-benoit-durieux-etait-au-forum-de-securite-de-varsovie\/","name":"Lt-Gen Beno\u00eet Durieux at the Warsaw Security Forum - L'IHEDN : Institut des hautes \u00e9tudes de d\u00e9fense nationale","isPartOf":{"@id":"https:\/\/ihedn.fr\/#website"},"primaryImageOfPage":{"@id":"https:\/\/ihedn.fr\/en\/notre-actualite\/le-gca-benoit-durieux-etait-au-forum-de-securite-de-varsovie\/#primaryimage"},"image":{"@id":"https:\/\/ihedn.fr\/en\/notre-actualite\/le-gca-benoit-durieux-etait-au-forum-de-securite-de-varsovie\/#primaryimage"},"thumbnailUrl":"https:\/\/ihedn.fr\/wp-content\/uploads\/2023\/10\/125-STA_2758.jpg","datePublished":"2023-10-09T12:38:12+00:00","dateModified":"2023-10-09T12:39:02+00:00","description":"Storms, fires, floods in Libya, Canada, Greece, France... Climate change and the increasing number of disasters are forcing civil protection military training to adapt.","breadcrumb":{"@id":"https:\/\/ihedn.fr\/en\/notre-actualite\/le-gca-benoit-durieux-etait-au-forum-de-securite-de-varsovie\/#breadcrumb"},"inLanguage":"en-GB","potentialAction":[{"@type":"ReadAction","target":["https:\/\/ihedn.fr\/en\/notre-actualite\/le-gca-benoit-durieux-etait-au-forum-de-securite-de-varsovie\/"]}]},{"@type":"ImageObject","inLanguage":"en-GB","@id":"https:\/\/ihedn.fr\/en\/notre-actualite\/le-gca-benoit-durieux-etait-au-forum-de-securite-de-varsovie\/#primaryimage","url":"https:\/\/ihedn.fr\/wp-content\/uploads\/2023\/10\/125-STA_2758.jpg","contentUrl":"https:\/\/ihedn.fr\/wp-content\/uploads\/2023\/10\/125-STA_2758.jpg","width":2048,"height":1365},{"@type":"BreadcrumbList","@id":"https:\/\/ihedn.fr\/en\/notre-actualite\/le-gca-benoit-durieux-etait-au-forum-de-securite-de-varsovie\/#breadcrumb","itemListElement":[{"@type":"ListItem","position":1,"name":"Accueil","item":"https:\/\/ihedn.fr\/"},{"@type":"ListItem","position":2,"name":"Le GCA Beno\u00eet Durieux \u00e9tait au Forum de s\u00e9curit\u00e9 de Varsovie"}]},{"@type":"WebSite","@id":"https:\/\/ihedn.fr\/#website","url":"https:\/\/ihedn.fr\/","name":"IHEDN: Institut des hautes \u00e9tudes de d\u00e9fense nationale (Institute for Higher National Defence Studies)","description":"Official website of the IHEDN under the supervision of the Prime Minister.","publisher":{"@id":"https:\/\/ihedn.fr\/#organization"},"potentialAction":[{"@type":"SearchAction","target":{"@type":"EntryPoint","urlTemplate":"https:\/\/ihedn.fr\/?s={search_term_string}"},"query-input":{"@type":"PropertyValueSpecification","valueRequired":true,"valueName":"search_term_string"}}],"inLanguage":"en-GB"},{"@type":"Organization","@id":"https:\/\/ihedn.fr\/#organization","name":"IHEDN - Institute for Higher National Defence Studies","url":"https:\/\/ihedn.fr\/","logo":{"@type":"ImageObject","inLanguage":"en-GB","@id":"https:\/\/ihedn.fr\/#\/schema\/logo\/image\/","url":"https:\/\/ihedn.fr\/wp-content\/uploads\/2020\/11\/BLOC_RF_IHEDN_WEB.png","contentUrl":"https:\/\/ihedn.fr\/wp-content\/uploads\/2020\/11\/BLOC_RF_IHEDN_WEB.png","width":500,"height":237,"caption":"IHEDN - Institut des Hautes Etudes de D\u00e9fense Nationale"},"image":{"@id":"https:\/\/ihedn.fr\/#\/schema\/logo\/image\/"},"sameAs":["https:\/\/www.facebook.com\/ihedn\/","https:\/\/x.com\/IHEDN","https:\/\/www.instagram.com\/ihedn\/","https:\/\/www.linkedin.com\/school\/ihedn\/","https:\/\/fr.wikipedia.org\/wiki\/Institut_des_hautes_\u00e9tudes_de_D\u00e9fense_nationale"]},{"@type":"Person","@id":"https:\/\/ihedn.fr\/#\/schema\/person\/ed217a37104b27a246b200e65b827cc7","name":"tanguy.morel@ihedn.fr","image":{"@type":"ImageObject","inLanguage":"en-GB","@id":"https:\/\/secure.gravatar.com\/avatar\/36877cd30919fafddf1f9da45f4154aa468a64328452f2ceaff0968772207348?s=96&d=mm&r=g","url":"https:\/\/secure.gravatar.com\/avatar\/36877cd30919fafddf1f9da45f4154aa468a64328452f2ceaff0968772207348?s=96&d=mm&r=g","contentUrl":"https:\/\/secure.gravatar.com\/avatar\/36877cd30919fafddf1f9da45f4154aa468a64328452f2ceaff0968772207348?s=96&d=mm&r=g","caption":"tanguy.morel@ihedn.fr"},"url":"https:\/\/ihedn.fr\/en\/author\/tanguy-morelihedn-fr\/"}]}},"publishpress_future_action":{"enabled":false,"date":"2026-05-09 05:36:56","action":"change-status","newStatus":"draft","terms":[],"taxonomy":"category","extraData":[]},"publishpress_future_workflow_manual_trigger":{"enabledWorkflows":[]},"_links":{"self":[{"href":"https:\/\/ihedn.fr\/en\/wp-json\/wp\/v2\/posts\/43132","targetHints":{"allow":["GET"]}}],"collection":[{"href":"https:\/\/ihedn.fr\/en\/wp-json\/wp\/v2\/posts"}],"about":[{"href":"https:\/\/ihedn.fr\/en\/wp-json\/wp\/v2\/types\/post"}],"author":[{"embeddable":true,"href":"https:\/\/ihedn.fr\/en\/wp-json\/wp\/v2\/users\/10"}],"replies":[{"embeddable":true,"href":"https:\/\/ihedn.fr\/en\/wp-json\/wp\/v2\/comments?post=43132"}],"version-history":[{"count":12,"href":"https:\/\/ihedn.fr\/en\/wp-json\/wp\/v2\/posts\/43132\/revisions"}],"predecessor-version":[{"id":43152,"href":"https:\/\/ihedn.fr\/en\/wp-json\/wp\/v2\/posts\/43132\/revisions\/43152"}],"wp:featuredmedia":[{"embeddable":true,"href":"https:\/\/ihedn.fr\/en\/wp-json\/wp\/v2\/media\/43141"}],"wp:attachment":[{"href":"https:\/\/ihedn.fr\/en\/wp-json\/wp\/v2\/media?parent=43132"}],"wp:term":[{"taxonomy":"category","embeddable":true,"href":"https:\/\/ihedn.fr\/en\/wp-json\/wp\/v2\/categories?post=43132"},{"taxonomy":"post_tag","embeddable":true,"href":"https:\/\/ihedn.fr\/en\/wp-json\/wp\/v2\/tags?post=43132"}],"curies":[{"name":"wp","href":"https:\/\/api.w.org\/{rel}","templated":true}]}}