{"id":43157,"date":"2023-10-10T08:16:27","date_gmt":"2023-10-10T07:16:27","guid":{"rendered":"https:\/\/ihedn.fr\/?p=43157"},"modified":"2023-11-03T10:41:08","modified_gmt":"2023-11-03T09:41:08","slug":"lancement-de-lacademie-de-defense-de-lecole-militaire","status":"publish","type":"post","link":"https:\/\/ihedn.fr\/en\/uncategorized\/lancement-de-lacademie-de-defense-de-lecole-militaire\/","title":{"rendered":"Launch of the Defence Academy at the \u00c9cole Militaire"},"content":{"rendered":"<div data-elementor-type=\"wp-post\" data-elementor-id=\"43157\" class=\"elementor elementor-43157\" data-elementor-post-type=\"post\">\n\t\t\t\t\t\t<section data-particle_enable=\"false\" data-particle-mobile-disabled=\"false\" class=\"elementor-section elementor-top-section elementor-element elementor-element-a996be7 elementor-section-boxed elementor-section-height-default elementor-section-height-default\" data-id=\"a996be7\" data-element_type=\"section\" data-e-type=\"section\">\n\t\t\t\t\t\t<div class=\"elementor-container elementor-column-gap-default\">\n\t\t\t\t\t<div class=\"elementor-column elementor-col-100 elementor-top-column elementor-element elementor-element-ec8e958\" data-id=\"ec8e958\" data-element_type=\"column\" data-e-type=\"column\">\n\t\t\t<div class=\"elementor-widget-wrap elementor-element-populated\">\n\t\t\t\t\t\t<div class=\"elementor-element elementor-element-41d14fe elementor-widget elementor-widget-text-editor\" data-id=\"41d14fe\" data-element_type=\"widget\" data-e-type=\"widget\" data-widget_type=\"text-editor.default\">\n\t\t\t\t<div class=\"elementor-widget-container\">\n\t\t\t\t\t\t\t\t\t<p>The rapidly changing geopolitical context, the changing forms of conflict and the transformation of societies call for greater openness in strategic thinking. The creation of the ACADEM is a response to this need.<\/p><p>The twenty or so research, higher education and doctrine bodies that the \u00c9cole Militaire brings together in the fields of defence and national security constitute a unique group in Europe. The aim of ACADEM is to make this a more integrated platform for exchange, open to all those interested in strategy or war studies, and an incubator for thinking on an international scale.\u00a0<\/p><p>26 October 2023,\u00a0<strong>Mr S\u00e9bastien Lecornu, Minister for the Armed Forces<\/strong>will pronounce the\u00a0<strong>founding speech\u00a0<\/strong>of the Defence Academy of the \u00c9cole Militaire (ACADEM).<\/p>\t\t\t\t\t\t\t\t<\/div>\n\t\t\t\t<\/div>\n\t\t\t\t\t<\/div>\n\t\t<\/div>\n\t\t\t\t\t<\/div>\n\t\t<\/section>\n\t\t\t\t<section data-particle_enable=\"false\" data-particle-mobile-disabled=\"false\" class=\"elementor-section elementor-top-section elementor-element elementor-element-2e65394 elementor-section-boxed elementor-section-height-default elementor-section-height-default\" data-id=\"2e65394\" data-element_type=\"section\" data-e-type=\"section\">\n\t\t\t\t\t\t<div class=\"elementor-container elementor-column-gap-default\">\n\t\t\t\t\t<div class=\"elementor-column elementor-col-100 elementor-top-column elementor-element elementor-element-4c71c76\" data-id=\"4c71c76\" data-element_type=\"column\" data-e-type=\"column\">\n\t\t\t<div class=\"elementor-widget-wrap elementor-element-populated\">\n\t\t\t\t\t\t<div class=\"elementor-element elementor-element-1e2c6c9 elementor-align-center elementor-widget elementor-widget-button\" data-id=\"1e2c6c9\" data-element_type=\"widget\" data-e-type=\"widget\" data-widget_type=\"button.default\">\n\t\t\t\t<div class=\"elementor-widget-container\">\n\t\t\t\t\t\t\t\t\t<div class=\"elementor-button-wrapper\">\n\t\t\t\t\t<a class=\"elementor-button elementor-button-link elementor-size-sm\" href=\"https:\/\/www.defense.gouv.fr\/academ\/evenements\/lancement-lacademie-defense-lecole-militaire\">\n\t\t\t\t\t\t<span class=\"elementor-button-content-wrapper\">\n\t\t\t\t\t\t\t\t\t<span class=\"elementor-button-text\">REGISTER<\/span>\n\t\t\t\t\t<\/span>\n\t\t\t\t\t<\/a>\n\t\t\t\t<\/div>\n\t\t\t\t\t\t\t\t<\/div>\n\t\t\t\t<\/div>\n\t\t\t\t\t<\/div>\n\t\t<\/div>\n\t\t\t\t\t<\/div>\n\t\t<\/section>\n\t\t\t\t<\/div>","protected":false},"excerpt":{"rendered":"<p><span style=\"color: #c80a23;\"><strong>26 October 2023 <\/strong><\/span> at the \u00c9cole militaire<\/p>","protected":false},"author":10,"featured_media":43158,"comment_status":"closed","ping_status":"closed","sticky":false,"template":"","format":"standard","meta":{"footnotes":""},"categories":[1],"tags":[],"class_list":["post-43157","post","type-post","status-publish","format-standard","has-post-thumbnail","hentry","category-uncategorized"],"yoast_head":"<!-- This site is optimized with the Yoast SEO plugin v27.5 - https:\/\/yoast.com\/product\/yoast-seo-wordpress\/ -->\n<title>Lancement de l\u2019Acad\u00e9mie de d\u00e9fense de l\u2019\u00c9cole militaire - L&#039;IHEDN : Institut des hautes \u00e9tudes de d\u00e9fense nationale<\/title>\n<meta name=\"robots\" content=\"index, follow, max-snippet:-1, max-image-preview:large, max-video-preview:-1\" \/>\n<link rel=\"canonical\" href=\"https:\/\/ihedn.fr\/en\/uncategorized\/lancement-de-lacademie-de-defense-de-lecole-militaire\/\" \/>\n<meta property=\"og:locale\" content=\"en_GB\" \/>\n<meta property=\"og:type\" content=\"article\" \/>\n<meta property=\"og:title\" content=\"Lancement de l\u2019Acad\u00e9mie de d\u00e9fense de l\u2019\u00c9cole militaire\" \/>\n<meta property=\"og:description\" content=\"Le 26 octobre 2023, Monsieur S\u00e9bastien Lecornu, ministre des arm\u00e9es, prononcera le discours fondateur de l\u2019Acad\u00e9mie de d\u00e9fense de l\u2019\u00c9cole militaire (ACADEM).\" \/>\n<meta property=\"og:url\" content=\"https:\/\/ihedn.fr\/en\/uncategorized\/lancement-de-lacademie-de-defense-de-lecole-militaire\/\" \/>\n<meta property=\"og:site_name\" content=\"L&#039;IHEDN : Institut des hautes \u00e9tudes de d\u00e9fense nationale\" \/>\n<meta property=\"article:publisher\" content=\"https:\/\/www.facebook.com\/ihedn\/\" \/>\n<meta property=\"article:published_time\" content=\"2023-10-10T07:16:27+00:00\" \/>\n<meta property=\"article:modified_time\" content=\"2023-11-03T09:41:08+00:00\" \/>\n<meta property=\"og:image\" content=\"https:\/\/ihedn.fr\/wp-content\/uploads\/2023\/10\/academ.jpg\" \/>\n\t<meta property=\"og:image:width\" content=\"792\" \/>\n\t<meta property=\"og:image:height\" content=\"445\" \/>\n\t<meta property=\"og:image:type\" content=\"image\/jpeg\" \/>\n<meta name=\"author\" content=\"tanguy.morel@ihedn.fr\" \/>\n<meta name=\"twitter:card\" content=\"summary_large_image\" \/>\n<meta name=\"twitter:title\" content=\"Lancement de l\u2019Acad\u00e9mie de d\u00e9fense de l\u2019\u00c9cole militaire\" \/>\n<meta name=\"twitter:description\" content=\"Le 26 octobre 2023, Monsieur S\u00e9bastien Lecornu, ministre des arm\u00e9es, prononcera le discours fondateur de l\u2019Acad\u00e9mie de d\u00e9fense de l\u2019\u00c9cole militaire (ACADEM).\" \/>\n<meta name=\"twitter:image\" content=\"https:\/\/ihedn.fr\/wp-content\/uploads\/2023\/10\/academ.jpg\" \/>\n<meta name=\"twitter:creator\" content=\"@IHEDN\" \/>\n<meta name=\"twitter:site\" content=\"@IHEDN\" \/>\n<meta name=\"twitter:label1\" content=\"Written by\" \/>\n\t<meta name=\"twitter:data1\" content=\"tanguy.morel@ihedn.fr\" \/>\n\t<meta name=\"twitter:label2\" content=\"Estimated reading time\" \/>\n\t<meta name=\"twitter:data2\" content=\"1 minute\" \/>\n<script type=\"application\/ld+json\" class=\"yoast-schema-graph\">{\"@context\":\"https:\\\/\\\/schema.org\",\"@graph\":[{\"@type\":\"Article\",\"@id\":\"https:\\\/\\\/ihedn.fr\\\/uncategorized\\\/lancement-de-lacademie-de-defense-de-lecole-militaire\\\/#article\",\"isPartOf\":{\"@id\":\"https:\\\/\\\/ihedn.fr\\\/uncategorized\\\/lancement-de-lacademie-de-defense-de-lecole-militaire\\\/\"},\"author\":{\"name\":\"tanguy.morel@ihedn.fr\",\"@id\":\"https:\\\/\\\/ihedn.fr\\\/#\\\/schema\\\/person\\\/ed217a37104b27a246b200e65b827cc7\"},\"headline\":\"Lancement de l\u2019Acad\u00e9mie de d\u00e9fense de l\u2019\u00c9cole militaire\",\"datePublished\":\"2023-10-10T07:16:27+00:00\",\"dateModified\":\"2023-11-03T09:41:08+00:00\",\"mainEntityOfPage\":{\"@id\":\"https:\\\/\\\/ihedn.fr\\\/uncategorized\\\/lancement-de-lacademie-de-defense-de-lecole-militaire\\\/\"},\"wordCount\":159,\"publisher\":{\"@id\":\"https:\\\/\\\/ihedn.fr\\\/#organization\"},\"image\":{\"@id\":\"https:\\\/\\\/ihedn.fr\\\/uncategorized\\\/lancement-de-lacademie-de-defense-de-lecole-militaire\\\/#primaryimage\"},\"thumbnailUrl\":\"https:\\\/\\\/ihedn.fr\\\/wp-content\\\/uploads\\\/2023\\\/10\\\/academ.jpg\",\"articleSection\":[\"Uncategorized\"],\"inLanguage\":\"en-GB\"},{\"@type\":\"WebPage\",\"@id\":\"https:\\\/\\\/ihedn.fr\\\/uncategorized\\\/lancement-de-lacademie-de-defense-de-lecole-militaire\\\/\",\"url\":\"https:\\\/\\\/ihedn.fr\\\/uncategorized\\\/lancement-de-lacademie-de-defense-de-lecole-militaire\\\/\",\"name\":\"Lancement de l\u2019Acad\u00e9mie de d\u00e9fense de l\u2019\u00c9cole militaire - L&#039;IHEDN : Institut des hautes \u00e9tudes de d\u00e9fense nationale\",\"isPartOf\":{\"@id\":\"https:\\\/\\\/ihedn.fr\\\/#website\"},\"primaryImageOfPage\":{\"@id\":\"https:\\\/\\\/ihedn.fr\\\/uncategorized\\\/lancement-de-lacademie-de-defense-de-lecole-militaire\\\/#primaryimage\"},\"image\":{\"@id\":\"https:\\\/\\\/ihedn.fr\\\/uncategorized\\\/lancement-de-lacademie-de-defense-de-lecole-militaire\\\/#primaryimage\"},\"thumbnailUrl\":\"https:\\\/\\\/ihedn.fr\\\/wp-content\\\/uploads\\\/2023\\\/10\\\/academ.jpg\",\"datePublished\":\"2023-10-10T07:16:27+00:00\",\"dateModified\":\"2023-11-03T09:41:08+00:00\",\"breadcrumb\":{\"@id\":\"https:\\\/\\\/ihedn.fr\\\/uncategorized\\\/lancement-de-lacademie-de-defense-de-lecole-militaire\\\/#breadcrumb\"},\"inLanguage\":\"en-GB\",\"potentialAction\":[{\"@type\":\"ReadAction\",\"target\":[\"https:\\\/\\\/ihedn.fr\\\/uncategorized\\\/lancement-de-lacademie-de-defense-de-lecole-militaire\\\/\"]}]},{\"@type\":\"ImageObject\",\"inLanguage\":\"en-GB\",\"@id\":\"https:\\\/\\\/ihedn.fr\\\/uncategorized\\\/lancement-de-lacademie-de-defense-de-lecole-militaire\\\/#primaryimage\",\"url\":\"https:\\\/\\\/ihedn.fr\\\/wp-content\\\/uploads\\\/2023\\\/10\\\/academ.jpg\",\"contentUrl\":\"https:\\\/\\\/ihedn.fr\\\/wp-content\\\/uploads\\\/2023\\\/10\\\/academ.jpg\",\"width\":792,\"height\":445,\"caption\":\"Lancement de l'Academ\"},{\"@type\":\"BreadcrumbList\",\"@id\":\"https:\\\/\\\/ihedn.fr\\\/uncategorized\\\/lancement-de-lacademie-de-defense-de-lecole-militaire\\\/#breadcrumb\",\"itemListElement\":[{\"@type\":\"ListItem\",\"position\":1,\"name\":\"Accueil\",\"item\":\"https:\\\/\\\/ihedn.fr\\\/\"},{\"@type\":\"ListItem\",\"position\":2,\"name\":\"Lancement de l\u2019Acad\u00e9mie de d\u00e9fense de l\u2019\u00c9cole militaire\"}]},{\"@type\":\"WebSite\",\"@id\":\"https:\\\/\\\/ihedn.fr\\\/#website\",\"url\":\"https:\\\/\\\/ihedn.fr\\\/\",\"name\":\"IHEDN : Institut des hautes \u00e9tudes de d\u00e9fense nationale |\",\"description\":\"Site officiel de l&#039;IHEDN plac\u00e9 sous la tutelle du Premier ministre.\",\"publisher\":{\"@id\":\"https:\\\/\\\/ihedn.fr\\\/#organization\"},\"potentialAction\":[{\"@type\":\"SearchAction\",\"target\":{\"@type\":\"EntryPoint\",\"urlTemplate\":\"https:\\\/\\\/ihedn.fr\\\/?s={search_term_string}\"},\"query-input\":{\"@type\":\"PropertyValueSpecification\",\"valueRequired\":true,\"valueName\":\"search_term_string\"}}],\"inLanguage\":\"en-GB\"},{\"@type\":\"Organization\",\"@id\":\"https:\\\/\\\/ihedn.fr\\\/#organization\",\"name\":\"IHEDN - Institut des Hautes Etudes de D\u00e9fense Nationale\",\"url\":\"https:\\\/\\\/ihedn.fr\\\/\",\"logo\":{\"@type\":\"ImageObject\",\"inLanguage\":\"en-GB\",\"@id\":\"https:\\\/\\\/ihedn.fr\\\/#\\\/schema\\\/logo\\\/image\\\/\",\"url\":\"https:\\\/\\\/ihedn.fr\\\/wp-content\\\/uploads\\\/2020\\\/11\\\/BLOC_RF_IHEDN_WEB.png\",\"contentUrl\":\"https:\\\/\\\/ihedn.fr\\\/wp-content\\\/uploads\\\/2020\\\/11\\\/BLOC_RF_IHEDN_WEB.png\",\"width\":500,\"height\":237,\"caption\":\"IHEDN - Institut des Hautes Etudes de D\u00e9fense Nationale\"},\"image\":{\"@id\":\"https:\\\/\\\/ihedn.fr\\\/#\\\/schema\\\/logo\\\/image\\\/\"},\"sameAs\":[\"https:\\\/\\\/www.facebook.com\\\/ihedn\\\/\",\"https:\\\/\\\/x.com\\\/IHEDN\",\"https:\\\/\\\/www.instagram.com\\\/ihedn\\\/\",\"https:\\\/\\\/www.linkedin.com\\\/school\\\/ihedn\\\/\",\"https:\\\/\\\/fr.wikipedia.org\\\/wiki\\\/Institut_des_hautes_\u00e9tudes_de_D\u00e9fense_nationale\"]},{\"@type\":\"Person\",\"@id\":\"https:\\\/\\\/ihedn.fr\\\/#\\\/schema\\\/person\\\/ed217a37104b27a246b200e65b827cc7\",\"name\":\"tanguy.morel@ihedn.fr\",\"image\":{\"@type\":\"ImageObject\",\"inLanguage\":\"en-GB\",\"@id\":\"https:\\\/\\\/secure.gravatar.com\\\/avatar\\\/36877cd30919fafddf1f9da45f4154aa468a64328452f2ceaff0968772207348?s=96&d=mm&r=g\",\"url\":\"https:\\\/\\\/secure.gravatar.com\\\/avatar\\\/36877cd30919fafddf1f9da45f4154aa468a64328452f2ceaff0968772207348?s=96&d=mm&r=g\",\"contentUrl\":\"https:\\\/\\\/secure.gravatar.com\\\/avatar\\\/36877cd30919fafddf1f9da45f4154aa468a64328452f2ceaff0968772207348?s=96&d=mm&r=g\",\"caption\":\"tanguy.morel@ihedn.fr\"},\"url\":\"https:\\\/\\\/ihedn.fr\\\/en\\\/author\\\/tanguy-morelihedn-fr\\\/\"}]}<\/script>\n<!-- \/ Yoast SEO plugin. -->","yoast_head_json":{"title":"Launch of the Defence Academy at the \u00c9cole militaire - IHEDN: Institut des hautes \u00e9tudes de d\u00e9fense nationale (Institute for Advanced National Defence Studies)","robots":{"index":"index","follow":"follow","max-snippet":"max-snippet:-1","max-image-preview":"max-image-preview:large","max-video-preview":"max-video-preview:-1"},"canonical":"https:\/\/ihedn.fr\/en\/uncategorized\/lancement-de-lacademie-de-defense-de-lecole-militaire\/","og_locale":"en_GB","og_type":"article","og_title":"Lancement de l\u2019Acad\u00e9mie de d\u00e9fense de l\u2019\u00c9cole militaire","og_description":"Le 26 octobre 2023, Monsieur S\u00e9bastien Lecornu, ministre des arm\u00e9es, prononcera le discours fondateur de l\u2019Acad\u00e9mie de d\u00e9fense de l\u2019\u00c9cole militaire (ACADEM).","og_url":"https:\/\/ihedn.fr\/en\/uncategorized\/lancement-de-lacademie-de-defense-de-lecole-militaire\/","og_site_name":"L&#039;IHEDN : Institut des hautes \u00e9tudes de d\u00e9fense nationale","article_publisher":"https:\/\/www.facebook.com\/ihedn\/","article_published_time":"2023-10-10T07:16:27+00:00","article_modified_time":"2023-11-03T09:41:08+00:00","og_image":[{"width":792,"height":445,"url":"https:\/\/ihedn.fr\/wp-content\/uploads\/2023\/10\/academ.jpg","type":"image\/jpeg"}],"author":"tanguy.morel@ihedn.fr","twitter_card":"summary_large_image","twitter_title":"Lancement de l\u2019Acad\u00e9mie de d\u00e9fense de l\u2019\u00c9cole militaire","twitter_description":"Le 26 octobre 2023, Monsieur S\u00e9bastien Lecornu, ministre des arm\u00e9es, prononcera le discours fondateur de l\u2019Acad\u00e9mie de d\u00e9fense de l\u2019\u00c9cole militaire (ACADEM).","twitter_image":"https:\/\/ihedn.fr\/wp-content\/uploads\/2023\/10\/academ.jpg","twitter_creator":"@IHEDN","twitter_site":"@IHEDN","twitter_misc":{"Written by":"tanguy.morel@ihedn.fr","Estimated reading time":"1 minute"},"schema":{"@context":"https:\/\/schema.org","@graph":[{"@type":"Article","@id":"https:\/\/ihedn.fr\/uncategorized\/lancement-de-lacademie-de-defense-de-lecole-militaire\/#article","isPartOf":{"@id":"https:\/\/ihedn.fr\/uncategorized\/lancement-de-lacademie-de-defense-de-lecole-militaire\/"},"author":{"name":"tanguy.morel@ihedn.fr","@id":"https:\/\/ihedn.fr\/#\/schema\/person\/ed217a37104b27a246b200e65b827cc7"},"headline":"Lancement de l\u2019Acad\u00e9mie de d\u00e9fense de l\u2019\u00c9cole militaire","datePublished":"2023-10-10T07:16:27+00:00","dateModified":"2023-11-03T09:41:08+00:00","mainEntityOfPage":{"@id":"https:\/\/ihedn.fr\/uncategorized\/lancement-de-lacademie-de-defense-de-lecole-militaire\/"},"wordCount":159,"publisher":{"@id":"https:\/\/ihedn.fr\/#organization"},"image":{"@id":"https:\/\/ihedn.fr\/uncategorized\/lancement-de-lacademie-de-defense-de-lecole-militaire\/#primaryimage"},"thumbnailUrl":"https:\/\/ihedn.fr\/wp-content\/uploads\/2023\/10\/academ.jpg","articleSection":["Uncategorized"],"inLanguage":"en-GB"},{"@type":"WebPage","@id":"https:\/\/ihedn.fr\/uncategorized\/lancement-de-lacademie-de-defense-de-lecole-militaire\/","url":"https:\/\/ihedn.fr\/uncategorized\/lancement-de-lacademie-de-defense-de-lecole-militaire\/","name":"Launch of the Defence Academy at the \u00c9cole militaire - IHEDN: Institut des hautes \u00e9tudes de d\u00e9fense nationale (Institute for Advanced National Defence Studies)","isPartOf":{"@id":"https:\/\/ihedn.fr\/#website"},"primaryImageOfPage":{"@id":"https:\/\/ihedn.fr\/uncategorized\/lancement-de-lacademie-de-defense-de-lecole-militaire\/#primaryimage"},"image":{"@id":"https:\/\/ihedn.fr\/uncategorized\/lancement-de-lacademie-de-defense-de-lecole-militaire\/#primaryimage"},"thumbnailUrl":"https:\/\/ihedn.fr\/wp-content\/uploads\/2023\/10\/academ.jpg","datePublished":"2023-10-10T07:16:27+00:00","dateModified":"2023-11-03T09:41:08+00:00","breadcrumb":{"@id":"https:\/\/ihedn.fr\/uncategorized\/lancement-de-lacademie-de-defense-de-lecole-militaire\/#breadcrumb"},"inLanguage":"en-GB","potentialAction":[{"@type":"ReadAction","target":["https:\/\/ihedn.fr\/uncategorized\/lancement-de-lacademie-de-defense-de-lecole-militaire\/"]}]},{"@type":"ImageObject","inLanguage":"en-GB","@id":"https:\/\/ihedn.fr\/uncategorized\/lancement-de-lacademie-de-defense-de-lecole-militaire\/#primaryimage","url":"https:\/\/ihedn.fr\/wp-content\/uploads\/2023\/10\/academ.jpg","contentUrl":"https:\/\/ihedn.fr\/wp-content\/uploads\/2023\/10\/academ.jpg","width":792,"height":445,"caption":"Lancement de l'Academ"},{"@type":"BreadcrumbList","@id":"https:\/\/ihedn.fr\/uncategorized\/lancement-de-lacademie-de-defense-de-lecole-militaire\/#breadcrumb","itemListElement":[{"@type":"ListItem","position":1,"name":"Accueil","item":"https:\/\/ihedn.fr\/"},{"@type":"ListItem","position":2,"name":"Lancement de l\u2019Acad\u00e9mie de d\u00e9fense de l\u2019\u00c9cole militaire"}]},{"@type":"WebSite","@id":"https:\/\/ihedn.fr\/#website","url":"https:\/\/ihedn.fr\/","name":"IHEDN: Institut des hautes \u00e9tudes de d\u00e9fense nationale (Institute for Higher National Defence Studies)","description":"Official website of the IHEDN under the supervision of the Prime Minister.","publisher":{"@id":"https:\/\/ihedn.fr\/#organization"},"potentialAction":[{"@type":"SearchAction","target":{"@type":"EntryPoint","urlTemplate":"https:\/\/ihedn.fr\/?s={search_term_string}"},"query-input":{"@type":"PropertyValueSpecification","valueRequired":true,"valueName":"search_term_string"}}],"inLanguage":"en-GB"},{"@type":"Organization","@id":"https:\/\/ihedn.fr\/#organization","name":"IHEDN - Institute for Higher National Defence Studies","url":"https:\/\/ihedn.fr\/","logo":{"@type":"ImageObject","inLanguage":"en-GB","@id":"https:\/\/ihedn.fr\/#\/schema\/logo\/image\/","url":"https:\/\/ihedn.fr\/wp-content\/uploads\/2020\/11\/BLOC_RF_IHEDN_WEB.png","contentUrl":"https:\/\/ihedn.fr\/wp-content\/uploads\/2020\/11\/BLOC_RF_IHEDN_WEB.png","width":500,"height":237,"caption":"IHEDN - Institut des Hautes Etudes de D\u00e9fense Nationale"},"image":{"@id":"https:\/\/ihedn.fr\/#\/schema\/logo\/image\/"},"sameAs":["https:\/\/www.facebook.com\/ihedn\/","https:\/\/x.com\/IHEDN","https:\/\/www.instagram.com\/ihedn\/","https:\/\/www.linkedin.com\/school\/ihedn\/","https:\/\/fr.wikipedia.org\/wiki\/Institut_des_hautes_\u00e9tudes_de_D\u00e9fense_nationale"]},{"@type":"Person","@id":"https:\/\/ihedn.fr\/#\/schema\/person\/ed217a37104b27a246b200e65b827cc7","name":"tanguy.morel@ihedn.fr","image":{"@type":"ImageObject","inLanguage":"en-GB","@id":"https:\/\/secure.gravatar.com\/avatar\/36877cd30919fafddf1f9da45f4154aa468a64328452f2ceaff0968772207348?s=96&d=mm&r=g","url":"https:\/\/secure.gravatar.com\/avatar\/36877cd30919fafddf1f9da45f4154aa468a64328452f2ceaff0968772207348?s=96&d=mm&r=g","contentUrl":"https:\/\/secure.gravatar.com\/avatar\/36877cd30919fafddf1f9da45f4154aa468a64328452f2ceaff0968772207348?s=96&d=mm&r=g","caption":"tanguy.morel@ihedn.fr"},"url":"https:\/\/ihedn.fr\/en\/author\/tanguy-morelihedn-fr\/"}]}},"publishpress_future_action":{"enabled":false,"date":"2026-05-07 19:27:23","action":"change-status","newStatus":"draft","terms":[],"taxonomy":"category","extraData":[]},"publishpress_future_workflow_manual_trigger":{"enabledWorkflows":[]},"_links":{"self":[{"href":"https:\/\/ihedn.fr\/en\/wp-json\/wp\/v2\/posts\/43157","targetHints":{"allow":["GET"]}}],"collection":[{"href":"https:\/\/ihedn.fr\/en\/wp-json\/wp\/v2\/posts"}],"about":[{"href":"https:\/\/ihedn.fr\/en\/wp-json\/wp\/v2\/types\/post"}],"author":[{"embeddable":true,"href":"https:\/\/ihedn.fr\/en\/wp-json\/wp\/v2\/users\/10"}],"replies":[{"embeddable":true,"href":"https:\/\/ihedn.fr\/en\/wp-json\/wp\/v2\/comments?post=43157"}],"version-history":[{"count":9,"href":"https:\/\/ihedn.fr\/en\/wp-json\/wp\/v2\/posts\/43157\/revisions"}],"predecessor-version":[{"id":43579,"href":"https:\/\/ihedn.fr\/en\/wp-json\/wp\/v2\/posts\/43157\/revisions\/43579"}],"wp:featuredmedia":[{"embeddable":true,"href":"https:\/\/ihedn.fr\/en\/wp-json\/wp\/v2\/media\/43158"}],"wp:attachment":[{"href":"https:\/\/ihedn.fr\/en\/wp-json\/wp\/v2\/media?parent=43157"}],"wp:term":[{"taxonomy":"category","embeddable":true,"href":"https:\/\/ihedn.fr\/en\/wp-json\/wp\/v2\/categories?post=43157"},{"taxonomy":"post_tag","embeddable":true,"href":"https:\/\/ihedn.fr\/en\/wp-json\/wp\/v2\/tags?post=43157"}],"curies":[{"name":"wp","href":"https:\/\/api.w.org\/{rel}","templated":true}]}}