{"id":43167,"date":"2023-10-10T08:55:31","date_gmt":"2023-10-10T07:55:31","guid":{"rendered":"https:\/\/ihedn.fr\/?p=43167"},"modified":"2023-10-13T08:52:10","modified_gmt":"2023-10-13T07:52:10","slug":"genese-de-lintelligence-strategique-journee-detude-organisee-par-le-cercle-des-amis-du-general-poirier-et-linstitut-francais-danalyse-strategique-avec-le-centre-de-documentation-d","status":"publish","type":"post","link":"https:\/\/ihedn.fr\/en\/uncategorized\/genese-de-lintelligence-strategique-journee-detude-organisee-par-le-cercle-des-amis-du-general-poirier-et-linstitut-francais-danalyse-strategique-avec-le-centre-de-documentation-d\/","title":{"rendered":"Gen\u00e8se de l'intelligence strat\u00e9gique, study day organised by the Cercle des amis du g\u00e9n\u00e9ral Poirier and the Institut fran\u00e7ais d'analyse strat\u00e9gique with the Centre de documentation de l'\u00c9cole militaire"},"content":{"rendered":"<div data-elementor-type=\"wp-post\" data-elementor-id=\"43167\" class=\"elementor elementor-43167\" data-elementor-post-type=\"post\">\n\t\t\t\t\t\t<section data-particle_enable=\"false\" data-particle-mobile-disabled=\"false\" class=\"elementor-section elementor-top-section elementor-element elementor-element-a996be7 elementor-section-boxed elementor-section-height-default elementor-section-height-default\" data-id=\"a996be7\" data-element_type=\"section\" data-e-type=\"section\">\n\t\t\t\t\t\t<div class=\"elementor-container elementor-column-gap-default\">\n\t\t\t\t\t<div class=\"elementor-column elementor-col-100 elementor-top-column elementor-element elementor-element-ec8e958\" data-id=\"ec8e958\" data-element_type=\"column\" data-e-type=\"column\">\n\t\t\t<div class=\"elementor-widget-wrap elementor-element-populated\">\n\t\t\t\t\t\t<div class=\"elementor-element elementor-element-41d14fe elementor-widget elementor-widget-text-editor\" data-id=\"41d14fe\" data-element_type=\"widget\" data-e-type=\"widget\" data-widget_type=\"text-editor.default\">\n\t\t\t\t<div class=\"elementor-widget-container\">\n\t\t\t\t\t\t\t\t\t<p><b>Programme :\u00a0<\/b><\/p><ul><li>Pr Fran\u00e7ois G\u00e9r\u00e9 : Lucien Poirier, understanding organised armed violence<\/li><\/ul><ul><li>GDI (2s) Eric de La Maisonneuve : Lucien Poirier and David's cunning\u00a0<\/li><\/ul><ul><li>Prof. Gabriel P\u00e9ri\u00e8s: Major Lucien Poirier's contribution to the French doctrine of the \"Revolutionary War\" during the Algerian War<\/li><\/ul><ul><li>Dr Philippe Wodka-Gallien: War in Ukraine and nuclear issues: the Lucien Poirier reference<\/li><\/ul><p>\u00a0<\/p><p><strong>Admission on presentation of registration confirmation and proof of identity for external visitors<\/strong><\/p>\t\t\t\t\t\t\t\t<\/div>\n\t\t\t\t<\/div>\n\t\t\t\t\t<\/div>\n\t\t<\/div>\n\t\t\t\t\t<\/div>\n\t\t<\/section>\n\t\t\t\t<section data-particle_enable=\"false\" data-particle-mobile-disabled=\"false\" class=\"elementor-section elementor-top-section elementor-element elementor-element-2e65394 elementor-section-boxed elementor-section-height-default elementor-section-height-default\" data-id=\"2e65394\" data-element_type=\"section\" data-e-type=\"section\">\n\t\t\t\t\t\t<div class=\"elementor-container elementor-column-gap-default\">\n\t\t\t\t\t<div class=\"elementor-column elementor-col-100 elementor-top-column elementor-element elementor-element-ab00606\" data-id=\"ab00606\" data-element_type=\"column\" data-e-type=\"column\">\n\t\t\t<div class=\"elementor-widget-wrap elementor-element-populated\">\n\t\t\t\t\t\t<div class=\"elementor-element elementor-element-1e2c6c9 elementor-align-center elementor-widget elementor-widget-button\" data-id=\"1e2c6c9\" data-element_type=\"widget\" data-e-type=\"widget\" data-widget_type=\"button.default\">\n\t\t\t\t<div class=\"elementor-widget-container\">\n\t\t\t\t\t\t\t\t\t<div class=\"elementor-button-wrapper\">\n\t\t\t\t\t<a class=\"elementor-button elementor-button-link elementor-size-sm\" href=\"https:\/\/www.paris-ecole-militaire.fr\/fr\/forms\/geneseetdeveloppements\">\n\t\t\t\t\t\t<span class=\"elementor-button-content-wrapper\">\n\t\t\t\t\t\t\t\t\t<span class=\"elementor-button-text\">REGISTER<\/span>\n\t\t\t\t\t<\/span>\n\t\t\t\t\t<\/a>\n\t\t\t\t<\/div>\n\t\t\t\t\t\t\t\t<\/div>\n\t\t\t\t<\/div>\n\t\t\t\t\t<\/div>\n\t\t<\/div>\n\t\t\t\t\t<\/div>\n\t\t<\/section>\n\t\t\t\t<\/div>","protected":false},"excerpt":{"rendered":"<p><span style=\"color: #c80a23;\"><strong>12 October 2023 | 8.30pm<\/strong><\/span> at the \u00c9cole militaire<\/p>","protected":false},"author":10,"featured_media":43173,"comment_status":"closed","ping_status":"closed","sticky":false,"template":"","format":"standard","meta":{"footnotes":""},"categories":[1],"tags":[],"class_list":["post-43167","post","type-post","status-publish","format-standard","has-post-thumbnail","hentry","category-uncategorized"],"yoast_head":"<!-- This site is optimized with the Yoast SEO plugin v27.5 - https:\/\/yoast.com\/product\/yoast-seo-wordpress\/ -->\n<title>Gen\u00e8se de l\u2019intelligence strat\u00e9gique, journ\u00e9e d\u2019\u00e9tude organis\u00e9e par le Cercle des amis du g\u00e9n\u00e9ral Poirier et l&#039;Institut fran\u00e7ais d&#039;analyse strat\u00e9gique avec le Centre de documentation de l\u2019\u00c9cole militaire - L&#039;IHEDN : Institut des hautes \u00e9tudes de d\u00e9fense nationale<\/title>\n<meta name=\"description\" content=\"Gen\u00e8se de l\u2019intelligence strat\u00e9gique, journ\u00e9e d\u2019\u00e9tude organis\u00e9e par le Cercle des amis du g\u00e9n\u00e9ral Poirier et l&#039;Institut fran\u00e7ais d&#039;analyse strat\u00e9gique avec le Centre de documentation de l\u2019\u00c9cole militaire\" \/>\n<meta name=\"robots\" content=\"index, follow, max-snippet:-1, max-image-preview:large, max-video-preview:-1\" \/>\n<link rel=\"canonical\" href=\"https:\/\/ihedn.fr\/en\/uncategorized\/genese-de-lintelligence-strategique-journee-detude-organisee-par-le-cercle-des-amis-du-general-poirier-et-linstitut-francais-danalyse-strategique-avec-le-centre-de-documentation-d\/\" \/>\n<meta property=\"og:locale\" content=\"en_GB\" \/>\n<meta property=\"og:type\" content=\"article\" \/>\n<meta property=\"og:title\" content=\"Gen\u00e8se de l\u2019intelligence strat\u00e9gique, journ\u00e9e d\u2019\u00e9tude organis\u00e9e par le Cercle des amis du g\u00e9n\u00e9ral Poirier et l&#039;Institut fran\u00e7ais d&#039;analyse strat\u00e9gique avec le Centre de documentation de l\u2019\u00c9cole militaire\" \/>\n<meta property=\"og:description\" content=\"Gen\u00e8se de l\u2019intelligence strat\u00e9gique, journ\u00e9e d\u2019\u00e9tude organis\u00e9e par le Cercle des amis du g\u00e9n\u00e9ral Poirier et l&#039;Institut fran\u00e7ais d&#039;analyse strat\u00e9gique avec le Centre de documentation de l\u2019\u00c9cole militaire\" \/>\n<meta property=\"og:url\" content=\"https:\/\/ihedn.fr\/en\/uncategorized\/genese-de-lintelligence-strategique-journee-detude-organisee-par-le-cercle-des-amis-du-general-poirier-et-linstitut-francais-danalyse-strategique-avec-le-centre-de-documentation-d\/\" \/>\n<meta property=\"og:site_name\" content=\"L&#039;IHEDN : Institut des hautes \u00e9tudes de d\u00e9fense nationale\" \/>\n<meta property=\"article:publisher\" content=\"https:\/\/www.facebook.com\/ihedn\/\" \/>\n<meta property=\"article:published_time\" content=\"2023-10-10T07:55:31+00:00\" \/>\n<meta property=\"article:modified_time\" content=\"2023-10-13T07:52:10+00:00\" \/>\n<meta property=\"og:image\" content=\"https:\/\/ihedn.fr\/wp-content\/uploads\/2023\/10\/Bandeau_livret.png\" \/>\n\t<meta property=\"og:image:width\" content=\"1599\" \/>\n\t<meta property=\"og:image:height\" content=\"514\" \/>\n\t<meta property=\"og:image:type\" content=\"image\/png\" \/>\n<meta name=\"author\" content=\"tanguy.morel@ihedn.fr\" \/>\n<meta name=\"twitter:card\" content=\"summary_large_image\" \/>\n<meta name=\"twitter:title\" content=\"Gen\u00e8se de l\u2019intelligence strat\u00e9gique, journ\u00e9e d\u2019\u00e9tude organis\u00e9e par le Cercle des amis du g\u00e9n\u00e9ral Poirier et l&#039;Institut fran\u00e7ais d&#039;analyse strat\u00e9gique avec le Centre de documentation de l\u2019\u00c9cole militaire\" \/>\n<meta name=\"twitter:image\" content=\"https:\/\/ihedn.fr\/wp-content\/uploads\/2023\/10\/Bandeau_livret.png\" \/>\n<meta name=\"twitter:creator\" content=\"@IHEDN\" \/>\n<meta name=\"twitter:site\" content=\"@IHEDN\" \/>\n<meta name=\"twitter:label1\" content=\"Written by\" \/>\n\t<meta name=\"twitter:data1\" content=\"tanguy.morel@ihedn.fr\" \/>\n\t<meta name=\"twitter:label2\" content=\"Estimated reading time\" \/>\n\t<meta name=\"twitter:data2\" content=\"1 minute\" \/>\n<script type=\"application\/ld+json\" class=\"yoast-schema-graph\">{\"@context\":\"https:\\\/\\\/schema.org\",\"@graph\":[{\"@type\":\"Article\",\"@id\":\"https:\\\/\\\/ihedn.fr\\\/uncategorized\\\/genese-de-lintelligence-strategique-journee-detude-organisee-par-le-cercle-des-amis-du-general-poirier-et-linstitut-francais-danalyse-strategique-avec-le-centre-de-documentation-d\\\/#article\",\"isPartOf\":{\"@id\":\"https:\\\/\\\/ihedn.fr\\\/uncategorized\\\/genese-de-lintelligence-strategique-journee-detude-organisee-par-le-cercle-des-amis-du-general-poirier-et-linstitut-francais-danalyse-strategique-avec-le-centre-de-documentation-d\\\/\"},\"author\":{\"name\":\"tanguy.morel@ihedn.fr\",\"@id\":\"https:\\\/\\\/ihedn.fr\\\/#\\\/schema\\\/person\\\/ed217a37104b27a246b200e65b827cc7\"},\"headline\":\"Gen\u00e8se de l\u2019intelligence strat\u00e9gique, journ\u00e9e d\u2019\u00e9tude organis\u00e9e par le Cercle des amis du g\u00e9n\u00e9ral Poirier et l&rsquo;Institut fran\u00e7ais d&rsquo;analyse strat\u00e9gique avec le Centre de documentation de l\u2019\u00c9cole militaire\",\"datePublished\":\"2023-10-10T07:55:31+00:00\",\"dateModified\":\"2023-10-13T07:52:10+00:00\",\"mainEntityOfPage\":{\"@id\":\"https:\\\/\\\/ihedn.fr\\\/uncategorized\\\/genese-de-lintelligence-strategique-journee-detude-organisee-par-le-cercle-des-amis-du-general-poirier-et-linstitut-francais-danalyse-strategique-avec-le-centre-de-documentation-d\\\/\"},\"wordCount\":133,\"publisher\":{\"@id\":\"https:\\\/\\\/ihedn.fr\\\/#organization\"},\"image\":{\"@id\":\"https:\\\/\\\/ihedn.fr\\\/uncategorized\\\/genese-de-lintelligence-strategique-journee-detude-organisee-par-le-cercle-des-amis-du-general-poirier-et-linstitut-francais-danalyse-strategique-avec-le-centre-de-documentation-d\\\/#primaryimage\"},\"thumbnailUrl\":\"https:\\\/\\\/ihedn.fr\\\/wp-content\\\/uploads\\\/2023\\\/10\\\/Bandeau_livret.png\",\"articleSection\":[\"Uncategorized\"],\"inLanguage\":\"en-GB\"},{\"@type\":\"WebPage\",\"@id\":\"https:\\\/\\\/ihedn.fr\\\/uncategorized\\\/genese-de-lintelligence-strategique-journee-detude-organisee-par-le-cercle-des-amis-du-general-poirier-et-linstitut-francais-danalyse-strategique-avec-le-centre-de-documentation-d\\\/\",\"url\":\"https:\\\/\\\/ihedn.fr\\\/uncategorized\\\/genese-de-lintelligence-strategique-journee-detude-organisee-par-le-cercle-des-amis-du-general-poirier-et-linstitut-francais-danalyse-strategique-avec-le-centre-de-documentation-d\\\/\",\"name\":\"Gen\u00e8se de l\u2019intelligence strat\u00e9gique, journ\u00e9e d\u2019\u00e9tude organis\u00e9e par le Cercle des amis du g\u00e9n\u00e9ral Poirier et l'Institut fran\u00e7ais d'analyse strat\u00e9gique avec le Centre de documentation de l\u2019\u00c9cole militaire - L&#039;IHEDN : Institut des hautes \u00e9tudes de d\u00e9fense nationale\",\"isPartOf\":{\"@id\":\"https:\\\/\\\/ihedn.fr\\\/#website\"},\"primaryImageOfPage\":{\"@id\":\"https:\\\/\\\/ihedn.fr\\\/uncategorized\\\/genese-de-lintelligence-strategique-journee-detude-organisee-par-le-cercle-des-amis-du-general-poirier-et-linstitut-francais-danalyse-strategique-avec-le-centre-de-documentation-d\\\/#primaryimage\"},\"image\":{\"@id\":\"https:\\\/\\\/ihedn.fr\\\/uncategorized\\\/genese-de-lintelligence-strategique-journee-detude-organisee-par-le-cercle-des-amis-du-general-poirier-et-linstitut-francais-danalyse-strategique-avec-le-centre-de-documentation-d\\\/#primaryimage\"},\"thumbnailUrl\":\"https:\\\/\\\/ihedn.fr\\\/wp-content\\\/uploads\\\/2023\\\/10\\\/Bandeau_livret.png\",\"datePublished\":\"2023-10-10T07:55:31+00:00\",\"dateModified\":\"2023-10-13T07:52:10+00:00\",\"description\":\"Gen\u00e8se de l\u2019intelligence strat\u00e9gique, journ\u00e9e d\u2019\u00e9tude organis\u00e9e par le Cercle des amis du g\u00e9n\u00e9ral Poirier et l'Institut fran\u00e7ais d'analyse strat\u00e9gique avec le Centre de documentation de l\u2019\u00c9cole militaire\",\"breadcrumb\":{\"@id\":\"https:\\\/\\\/ihedn.fr\\\/uncategorized\\\/genese-de-lintelligence-strategique-journee-detude-organisee-par-le-cercle-des-amis-du-general-poirier-et-linstitut-francais-danalyse-strategique-avec-le-centre-de-documentation-d\\\/#breadcrumb\"},\"inLanguage\":\"en-GB\",\"potentialAction\":[{\"@type\":\"ReadAction\",\"target\":[\"https:\\\/\\\/ihedn.fr\\\/uncategorized\\\/genese-de-lintelligence-strategique-journee-detude-organisee-par-le-cercle-des-amis-du-general-poirier-et-linstitut-francais-danalyse-strategique-avec-le-centre-de-documentation-d\\\/\"]}]},{\"@type\":\"ImageObject\",\"inLanguage\":\"en-GB\",\"@id\":\"https:\\\/\\\/ihedn.fr\\\/uncategorized\\\/genese-de-lintelligence-strategique-journee-detude-organisee-par-le-cercle-des-amis-du-general-poirier-et-linstitut-francais-danalyse-strategique-avec-le-centre-de-documentation-d\\\/#primaryimage\",\"url\":\"https:\\\/\\\/ihedn.fr\\\/wp-content\\\/uploads\\\/2023\\\/10\\\/Bandeau_livret.png\",\"contentUrl\":\"https:\\\/\\\/ihedn.fr\\\/wp-content\\\/uploads\\\/2023\\\/10\\\/Bandeau_livret.png\",\"width\":1599,\"height\":514},{\"@type\":\"BreadcrumbList\",\"@id\":\"https:\\\/\\\/ihedn.fr\\\/uncategorized\\\/genese-de-lintelligence-strategique-journee-detude-organisee-par-le-cercle-des-amis-du-general-poirier-et-linstitut-francais-danalyse-strategique-avec-le-centre-de-documentation-d\\\/#breadcrumb\",\"itemListElement\":[{\"@type\":\"ListItem\",\"position\":1,\"name\":\"Accueil\",\"item\":\"https:\\\/\\\/ihedn.fr\\\/\"},{\"@type\":\"ListItem\",\"position\":2,\"name\":\"Gen\u00e8se de l\u2019intelligence strat\u00e9gique, journ\u00e9e d\u2019\u00e9tude organis\u00e9e par le Cercle des amis du g\u00e9n\u00e9ral Poirier et l&rsquo;Institut fran\u00e7ais d&rsquo;analyse strat\u00e9gique avec le Centre de documentation de l\u2019\u00c9cole militaire\"}]},{\"@type\":\"WebSite\",\"@id\":\"https:\\\/\\\/ihedn.fr\\\/#website\",\"url\":\"https:\\\/\\\/ihedn.fr\\\/\",\"name\":\"IHEDN : Institut des hautes \u00e9tudes de d\u00e9fense nationale |\",\"description\":\"Site officiel de l&#039;IHEDN plac\u00e9 sous la tutelle du Premier ministre.\",\"publisher\":{\"@id\":\"https:\\\/\\\/ihedn.fr\\\/#organization\"},\"potentialAction\":[{\"@type\":\"SearchAction\",\"target\":{\"@type\":\"EntryPoint\",\"urlTemplate\":\"https:\\\/\\\/ihedn.fr\\\/?s={search_term_string}\"},\"query-input\":{\"@type\":\"PropertyValueSpecification\",\"valueRequired\":true,\"valueName\":\"search_term_string\"}}],\"inLanguage\":\"en-GB\"},{\"@type\":\"Organization\",\"@id\":\"https:\\\/\\\/ihedn.fr\\\/#organization\",\"name\":\"IHEDN - Institut des Hautes Etudes de D\u00e9fense Nationale\",\"url\":\"https:\\\/\\\/ihedn.fr\\\/\",\"logo\":{\"@type\":\"ImageObject\",\"inLanguage\":\"en-GB\",\"@id\":\"https:\\\/\\\/ihedn.fr\\\/#\\\/schema\\\/logo\\\/image\\\/\",\"url\":\"https:\\\/\\\/ihedn.fr\\\/wp-content\\\/uploads\\\/2020\\\/11\\\/BLOC_RF_IHEDN_WEB.png\",\"contentUrl\":\"https:\\\/\\\/ihedn.fr\\\/wp-content\\\/uploads\\\/2020\\\/11\\\/BLOC_RF_IHEDN_WEB.png\",\"width\":500,\"height\":237,\"caption\":\"IHEDN - Institut des Hautes Etudes de D\u00e9fense Nationale\"},\"image\":{\"@id\":\"https:\\\/\\\/ihedn.fr\\\/#\\\/schema\\\/logo\\\/image\\\/\"},\"sameAs\":[\"https:\\\/\\\/www.facebook.com\\\/ihedn\\\/\",\"https:\\\/\\\/x.com\\\/IHEDN\",\"https:\\\/\\\/www.instagram.com\\\/ihedn\\\/\",\"https:\\\/\\\/www.linkedin.com\\\/school\\\/ihedn\\\/\",\"https:\\\/\\\/fr.wikipedia.org\\\/wiki\\\/Institut_des_hautes_\u00e9tudes_de_D\u00e9fense_nationale\"]},{\"@type\":\"Person\",\"@id\":\"https:\\\/\\\/ihedn.fr\\\/#\\\/schema\\\/person\\\/ed217a37104b27a246b200e65b827cc7\",\"name\":\"tanguy.morel@ihedn.fr\",\"image\":{\"@type\":\"ImageObject\",\"inLanguage\":\"en-GB\",\"@id\":\"https:\\\/\\\/secure.gravatar.com\\\/avatar\\\/36877cd30919fafddf1f9da45f4154aa468a64328452f2ceaff0968772207348?s=96&d=mm&r=g\",\"url\":\"https:\\\/\\\/secure.gravatar.com\\\/avatar\\\/36877cd30919fafddf1f9da45f4154aa468a64328452f2ceaff0968772207348?s=96&d=mm&r=g\",\"contentUrl\":\"https:\\\/\\\/secure.gravatar.com\\\/avatar\\\/36877cd30919fafddf1f9da45f4154aa468a64328452f2ceaff0968772207348?s=96&d=mm&r=g\",\"caption\":\"tanguy.morel@ihedn.fr\"},\"url\":\"https:\\\/\\\/ihedn.fr\\\/en\\\/author\\\/tanguy-morelihedn-fr\\\/\"}]}<\/script>\n<!-- \/ Yoast SEO plugin. -->","yoast_head_json":{"title":"Genesis of strategic intelligence, study day organised by the Cercle des amis du g\u00e9n\u00e9ral Poirier and the Institut fran\u00e7ais d'analyse strat\u00e9gique with the Centre de documentation de l'\u00c9cole militaire - IHEDN: Institut des hautes \u00e9tudes de d\u00e9fense nationale (Institute for Advanced National Defence Studies)","description":"Gen\u00e8se de l'intelligence strat\u00e9gique, study day organised by the Cercle des amis du g\u00e9n\u00e9ral Poirier and the Institut fran\u00e7ais d'analyse strat\u00e9gique with the Centre de documentation de l'\u00c9cole militaire","robots":{"index":"index","follow":"follow","max-snippet":"max-snippet:-1","max-image-preview":"max-image-preview:large","max-video-preview":"max-video-preview:-1"},"canonical":"https:\/\/ihedn.fr\/en\/uncategorized\/genese-de-lintelligence-strategique-journee-detude-organisee-par-le-cercle-des-amis-du-general-poirier-et-linstitut-francais-danalyse-strategique-avec-le-centre-de-documentation-d\/","og_locale":"en_GB","og_type":"article","og_title":"Gen\u00e8se de l\u2019intelligence strat\u00e9gique, journ\u00e9e d\u2019\u00e9tude organis\u00e9e par le Cercle des amis du g\u00e9n\u00e9ral Poirier et l'Institut fran\u00e7ais d'analyse strat\u00e9gique avec le Centre de documentation de l\u2019\u00c9cole militaire","og_description":"Gen\u00e8se de l\u2019intelligence strat\u00e9gique, journ\u00e9e d\u2019\u00e9tude organis\u00e9e par le Cercle des amis du g\u00e9n\u00e9ral Poirier et l'Institut fran\u00e7ais d'analyse strat\u00e9gique avec le Centre de documentation de l\u2019\u00c9cole militaire","og_url":"https:\/\/ihedn.fr\/en\/uncategorized\/genese-de-lintelligence-strategique-journee-detude-organisee-par-le-cercle-des-amis-du-general-poirier-et-linstitut-francais-danalyse-strategique-avec-le-centre-de-documentation-d\/","og_site_name":"L&#039;IHEDN : Institut des hautes \u00e9tudes de d\u00e9fense nationale","article_publisher":"https:\/\/www.facebook.com\/ihedn\/","article_published_time":"2023-10-10T07:55:31+00:00","article_modified_time":"2023-10-13T07:52:10+00:00","og_image":[{"width":1599,"height":514,"url":"https:\/\/ihedn.fr\/wp-content\/uploads\/2023\/10\/Bandeau_livret.png","type":"image\/png"}],"author":"tanguy.morel@ihedn.fr","twitter_card":"summary_large_image","twitter_title":"Gen\u00e8se de l\u2019intelligence strat\u00e9gique, journ\u00e9e d\u2019\u00e9tude organis\u00e9e par le Cercle des amis du g\u00e9n\u00e9ral Poirier et l'Institut fran\u00e7ais d'analyse strat\u00e9gique avec le Centre de documentation de l\u2019\u00c9cole militaire","twitter_image":"https:\/\/ihedn.fr\/wp-content\/uploads\/2023\/10\/Bandeau_livret.png","twitter_creator":"@IHEDN","twitter_site":"@IHEDN","twitter_misc":{"Written by":"tanguy.morel@ihedn.fr","Estimated reading time":"1 minute"},"schema":{"@context":"https:\/\/schema.org","@graph":[{"@type":"Article","@id":"https:\/\/ihedn.fr\/uncategorized\/genese-de-lintelligence-strategique-journee-detude-organisee-par-le-cercle-des-amis-du-general-poirier-et-linstitut-francais-danalyse-strategique-avec-le-centre-de-documentation-d\/#article","isPartOf":{"@id":"https:\/\/ihedn.fr\/uncategorized\/genese-de-lintelligence-strategique-journee-detude-organisee-par-le-cercle-des-amis-du-general-poirier-et-linstitut-francais-danalyse-strategique-avec-le-centre-de-documentation-d\/"},"author":{"name":"tanguy.morel@ihedn.fr","@id":"https:\/\/ihedn.fr\/#\/schema\/person\/ed217a37104b27a246b200e65b827cc7"},"headline":"Gen\u00e8se de l\u2019intelligence strat\u00e9gique, journ\u00e9e d\u2019\u00e9tude organis\u00e9e par le Cercle des amis du g\u00e9n\u00e9ral Poirier et l&rsquo;Institut fran\u00e7ais d&rsquo;analyse strat\u00e9gique avec le Centre de documentation de l\u2019\u00c9cole militaire","datePublished":"2023-10-10T07:55:31+00:00","dateModified":"2023-10-13T07:52:10+00:00","mainEntityOfPage":{"@id":"https:\/\/ihedn.fr\/uncategorized\/genese-de-lintelligence-strategique-journee-detude-organisee-par-le-cercle-des-amis-du-general-poirier-et-linstitut-francais-danalyse-strategique-avec-le-centre-de-documentation-d\/"},"wordCount":133,"publisher":{"@id":"https:\/\/ihedn.fr\/#organization"},"image":{"@id":"https:\/\/ihedn.fr\/uncategorized\/genese-de-lintelligence-strategique-journee-detude-organisee-par-le-cercle-des-amis-du-general-poirier-et-linstitut-francais-danalyse-strategique-avec-le-centre-de-documentation-d\/#primaryimage"},"thumbnailUrl":"https:\/\/ihedn.fr\/wp-content\/uploads\/2023\/10\/Bandeau_livret.png","articleSection":["Uncategorized"],"inLanguage":"en-GB"},{"@type":"WebPage","@id":"https:\/\/ihedn.fr\/uncategorized\/genese-de-lintelligence-strategique-journee-detude-organisee-par-le-cercle-des-amis-du-general-poirier-et-linstitut-francais-danalyse-strategique-avec-le-centre-de-documentation-d\/","url":"https:\/\/ihedn.fr\/uncategorized\/genese-de-lintelligence-strategique-journee-detude-organisee-par-le-cercle-des-amis-du-general-poirier-et-linstitut-francais-danalyse-strategique-avec-le-centre-de-documentation-d\/","name":"Genesis of strategic intelligence, study day organised by the Cercle des amis du g\u00e9n\u00e9ral Poirier and the Institut fran\u00e7ais d'analyse strat\u00e9gique with the Centre de documentation de l'\u00c9cole militaire - IHEDN: Institut des hautes \u00e9tudes de d\u00e9fense nationale (Institute for Advanced National Defence Studies)","isPartOf":{"@id":"https:\/\/ihedn.fr\/#website"},"primaryImageOfPage":{"@id":"https:\/\/ihedn.fr\/uncategorized\/genese-de-lintelligence-strategique-journee-detude-organisee-par-le-cercle-des-amis-du-general-poirier-et-linstitut-francais-danalyse-strategique-avec-le-centre-de-documentation-d\/#primaryimage"},"image":{"@id":"https:\/\/ihedn.fr\/uncategorized\/genese-de-lintelligence-strategique-journee-detude-organisee-par-le-cercle-des-amis-du-general-poirier-et-linstitut-francais-danalyse-strategique-avec-le-centre-de-documentation-d\/#primaryimage"},"thumbnailUrl":"https:\/\/ihedn.fr\/wp-content\/uploads\/2023\/10\/Bandeau_livret.png","datePublished":"2023-10-10T07:55:31+00:00","dateModified":"2023-10-13T07:52:10+00:00","description":"Gen\u00e8se de l'intelligence strat\u00e9gique, study day organised by the Cercle des amis du g\u00e9n\u00e9ral Poirier and the Institut fran\u00e7ais d'analyse strat\u00e9gique with the Centre de documentation de l'\u00c9cole militaire","breadcrumb":{"@id":"https:\/\/ihedn.fr\/uncategorized\/genese-de-lintelligence-strategique-journee-detude-organisee-par-le-cercle-des-amis-du-general-poirier-et-linstitut-francais-danalyse-strategique-avec-le-centre-de-documentation-d\/#breadcrumb"},"inLanguage":"en-GB","potentialAction":[{"@type":"ReadAction","target":["https:\/\/ihedn.fr\/uncategorized\/genese-de-lintelligence-strategique-journee-detude-organisee-par-le-cercle-des-amis-du-general-poirier-et-linstitut-francais-danalyse-strategique-avec-le-centre-de-documentation-d\/"]}]},{"@type":"ImageObject","inLanguage":"en-GB","@id":"https:\/\/ihedn.fr\/uncategorized\/genese-de-lintelligence-strategique-journee-detude-organisee-par-le-cercle-des-amis-du-general-poirier-et-linstitut-francais-danalyse-strategique-avec-le-centre-de-documentation-d\/#primaryimage","url":"https:\/\/ihedn.fr\/wp-content\/uploads\/2023\/10\/Bandeau_livret.png","contentUrl":"https:\/\/ihedn.fr\/wp-content\/uploads\/2023\/10\/Bandeau_livret.png","width":1599,"height":514},{"@type":"BreadcrumbList","@id":"https:\/\/ihedn.fr\/uncategorized\/genese-de-lintelligence-strategique-journee-detude-organisee-par-le-cercle-des-amis-du-general-poirier-et-linstitut-francais-danalyse-strategique-avec-le-centre-de-documentation-d\/#breadcrumb","itemListElement":[{"@type":"ListItem","position":1,"name":"Accueil","item":"https:\/\/ihedn.fr\/"},{"@type":"ListItem","position":2,"name":"Gen\u00e8se de l\u2019intelligence strat\u00e9gique, journ\u00e9e d\u2019\u00e9tude organis\u00e9e par le Cercle des amis du g\u00e9n\u00e9ral Poirier et l&rsquo;Institut fran\u00e7ais d&rsquo;analyse strat\u00e9gique avec le Centre de documentation de l\u2019\u00c9cole militaire"}]},{"@type":"WebSite","@id":"https:\/\/ihedn.fr\/#website","url":"https:\/\/ihedn.fr\/","name":"IHEDN: Institut des hautes \u00e9tudes de d\u00e9fense nationale (Institute for Higher National Defence Studies)","description":"Official website of the IHEDN under the supervision of the Prime Minister.","publisher":{"@id":"https:\/\/ihedn.fr\/#organization"},"potentialAction":[{"@type":"SearchAction","target":{"@type":"EntryPoint","urlTemplate":"https:\/\/ihedn.fr\/?s={search_term_string}"},"query-input":{"@type":"PropertyValueSpecification","valueRequired":true,"valueName":"search_term_string"}}],"inLanguage":"en-GB"},{"@type":"Organization","@id":"https:\/\/ihedn.fr\/#organization","name":"IHEDN - Institute for Higher National Defence Studies","url":"https:\/\/ihedn.fr\/","logo":{"@type":"ImageObject","inLanguage":"en-GB","@id":"https:\/\/ihedn.fr\/#\/schema\/logo\/image\/","url":"https:\/\/ihedn.fr\/wp-content\/uploads\/2020\/11\/BLOC_RF_IHEDN_WEB.png","contentUrl":"https:\/\/ihedn.fr\/wp-content\/uploads\/2020\/11\/BLOC_RF_IHEDN_WEB.png","width":500,"height":237,"caption":"IHEDN - Institut des Hautes Etudes de D\u00e9fense Nationale"},"image":{"@id":"https:\/\/ihedn.fr\/#\/schema\/logo\/image\/"},"sameAs":["https:\/\/www.facebook.com\/ihedn\/","https:\/\/x.com\/IHEDN","https:\/\/www.instagram.com\/ihedn\/","https:\/\/www.linkedin.com\/school\/ihedn\/","https:\/\/fr.wikipedia.org\/wiki\/Institut_des_hautes_\u00e9tudes_de_D\u00e9fense_nationale"]},{"@type":"Person","@id":"https:\/\/ihedn.fr\/#\/schema\/person\/ed217a37104b27a246b200e65b827cc7","name":"tanguy.morel@ihedn.fr","image":{"@type":"ImageObject","inLanguage":"en-GB","@id":"https:\/\/secure.gravatar.com\/avatar\/36877cd30919fafddf1f9da45f4154aa468a64328452f2ceaff0968772207348?s=96&d=mm&r=g","url":"https:\/\/secure.gravatar.com\/avatar\/36877cd30919fafddf1f9da45f4154aa468a64328452f2ceaff0968772207348?s=96&d=mm&r=g","contentUrl":"https:\/\/secure.gravatar.com\/avatar\/36877cd30919fafddf1f9da45f4154aa468a64328452f2ceaff0968772207348?s=96&d=mm&r=g","caption":"tanguy.morel@ihedn.fr"},"url":"https:\/\/ihedn.fr\/en\/author\/tanguy-morelihedn-fr\/"}]}},"publishpress_future_action":{"enabled":false,"date":"2026-05-07 19:12:33","action":"change-status","newStatus":"draft","terms":[],"taxonomy":"category","extraData":[]},"publishpress_future_workflow_manual_trigger":{"enabledWorkflows":[]},"_links":{"self":[{"href":"https:\/\/ihedn.fr\/en\/wp-json\/wp\/v2\/posts\/43167","targetHints":{"allow":["GET"]}}],"collection":[{"href":"https:\/\/ihedn.fr\/en\/wp-json\/wp\/v2\/posts"}],"about":[{"href":"https:\/\/ihedn.fr\/en\/wp-json\/wp\/v2\/types\/post"}],"author":[{"embeddable":true,"href":"https:\/\/ihedn.fr\/en\/wp-json\/wp\/v2\/users\/10"}],"replies":[{"embeddable":true,"href":"https:\/\/ihedn.fr\/en\/wp-json\/wp\/v2\/comments?post=43167"}],"version-history":[{"count":6,"href":"https:\/\/ihedn.fr\/en\/wp-json\/wp\/v2\/posts\/43167\/revisions"}],"predecessor-version":[{"id":43174,"href":"https:\/\/ihedn.fr\/en\/wp-json\/wp\/v2\/posts\/43167\/revisions\/43174"}],"wp:featuredmedia":[{"embeddable":true,"href":"https:\/\/ihedn.fr\/en\/wp-json\/wp\/v2\/media\/43173"}],"wp:attachment":[{"href":"https:\/\/ihedn.fr\/en\/wp-json\/wp\/v2\/media?parent=43167"}],"wp:term":[{"taxonomy":"category","embeddable":true,"href":"https:\/\/ihedn.fr\/en\/wp-json\/wp\/v2\/categories?post=43167"},{"taxonomy":"post_tag","embeddable":true,"href":"https:\/\/ihedn.fr\/en\/wp-json\/wp\/v2\/tags?post=43167"}],"curies":[{"name":"wp","href":"https:\/\/api.w.org\/{rel}","templated":true}]}}