{"id":43197,"date":"2023-10-13T08:50:57","date_gmt":"2023-10-13T07:50:57","guid":{"rendered":"https:\/\/ihedn.fr\/?p=43197"},"modified":"2025-04-09T15:07:52","modified_gmt":"2025-04-09T14:07:52","slug":"frequenter-les-infrequentables","status":"publish","type":"post","link":"https:\/\/ihedn.fr\/en\/les-debats-strategiques\/frequenter-les-infrequentables\/","title":{"rendered":"Frequenting the un-frequentable"},"content":{"rendered":"<div data-elementor-type=\"wp-post\" data-elementor-id=\"43197\" class=\"elementor elementor-43197\" data-elementor-post-type=\"post\">\n\t\t\t\t<div data-particle_enable=\"false\" data-particle-mobile-disabled=\"false\" class=\"elementor-element elementor-element-1552e5e e-flex e-con-boxed e-con e-parent\" data-id=\"1552e5e\" data-element_type=\"container\" data-e-type=\"container\">\n\t\t\t\t\t<div class=\"e-con-inner\">\n\t\t\t\t<div class=\"elementor-element elementor-element-139eae7 elementor-widget elementor-widget-text-editor\" data-id=\"139eae7\" data-element_type=\"widget\" data-e-type=\"widget\" data-widget_type=\"text-editor.default\">\n\t\t\t\t<div class=\"elementor-widget-container\">\n\t\t\t\t\t\t\t\t\t<p style=\"text-align: left;\"><strong>4 December: Manon-Nour Tannous and Jean-Pierre Bat, Fr\u00e9quenter les infr\u00e9quentables<\/strong><\/p><p style=\"text-align: left;\">Should we talk to Putin? Negotiate with Bashar al-Assad? Compromise with Kim Jong-Un? These are the questions that the authors of this book attempt to answer, using numerous examples from contemporary history to introduce the criteria for good relations: the embodiment of the State, representation of the people, respect for human rights, etc. The authors also examine the dilemmas of diplomacy and the relationship with the Other. Returning to the dilemmas of diplomacy and the relationship with the Other, the researchers highlight the fact that, like any discursive strategy, labelling produces effects (both material and symbolic costs).<\/p><p style=\"text-align: left;\">Manon-Nour Tannous holds a doctorate in international relations and is a lecturer at the University of Reims Champagne Ardenne. She is a research associate at the Coll\u00e8ge de France (Chair of Contemporary History of the Arab World) and at the University of Paris 2 (Thucydides Centre). Editor-in-chief of the journal Mondes arabes, she is the author of Chirac, Assad et les autres. Les relations franco-syriennes depuis 1946 (PUF, 2017), La Syrie au-del\u00e0 de la guerre (Le Cavalier bleu, 2022).<\/p><p style=\"text-align: left;\">Jean-Pierre Bat has a teaching qualification and a doctorate in history, and is a researcher affiliated to the CNRS. A specialist in Central Africa and French decolonisation policy, he is the author of Le syndrome Foccart (Folio, 2012).<\/p>\t\t\t\t\t\t\t\t<\/div>\n\t\t\t\t<\/div>\n\t\t\t\t\t<\/div>\n\t\t\t\t<\/div>\n\t\t\t\t<\/div>","protected":false},"excerpt":{"rendered":"<p><span style=\"color: #c80a23;\"><strong>04 December 2023 | 18:30<\/strong><\/span> at the \u00c9cole militaire<\/p>","protected":false},"author":10,"featured_media":44030,"comment_status":"closed","ping_status":"closed","sticky":false,"template":"","format":"standard","meta":{"footnotes":""},"categories":[42],"tags":[247,249],"class_list":["post-43197","post","type-post","status-publish","format-standard","has-post-thumbnail","hentry","category-les-debats-strategiques","tag-debat-strategique","tag-ancien-debat-strategique"],"yoast_head":"<!-- This site is optimized with the Yoast SEO plugin v27.5 - https:\/\/yoast.com\/product\/yoast-seo-wordpress\/ -->\n<title>Fr\u00e9quenter les infr\u00e9quentables - L&#039;IHEDN : Institut des hautes \u00e9tudes de d\u00e9fense nationale<\/title>\n<meta name=\"description\" content=\"Cet ouvrage met en lumi\u00e8re les menaces invisibles qui p\u00e8sent aujourd\u2019hui sur les d\u00e9mocraties occidentales. Les campagnes de d\u00e9sinformation, les cyberattaques, l&#039;ing\u00e9rence dans les campagnes \u00e9lectorales et dans la vie politique se sont en effet multipli\u00e9es. Fake news, trolls : l&#039;infox touche d\u00e9sormais tous les sujets, de la Covid aux droits des femmes et des minorit\u00e9s, en passant par la guerre d&#039;Ukraine.\" \/>\n<meta name=\"robots\" content=\"index, follow, max-snippet:-1, max-image-preview:large, max-video-preview:-1\" \/>\n<link rel=\"canonical\" href=\"https:\/\/ihedn.fr\/en\/les-debats-strategiques\/frequenter-les-infrequentables\/\" \/>\n<meta property=\"og:locale\" content=\"en_GB\" \/>\n<meta property=\"og:type\" content=\"article\" \/>\n<meta property=\"og:title\" content=\"Fr\u00e9quenter les infr\u00e9quentables\" \/>\n<meta property=\"og:description\" content=\"Cet ouvrage met en lumi\u00e8re les menaces invisibles qui p\u00e8sent aujourd\u2019hui sur les d\u00e9mocraties occidentales. Les campagnes de d\u00e9sinformation, les cyberattaques, l&#039;ing\u00e9rence dans les campagnes \u00e9lectorales et dans la vie politique se sont en effet multipli\u00e9es. Fake news, trolls : l&#039;infox touche d\u00e9sormais tous les sujets, de la Covid aux droits des femmes et des minorit\u00e9s, en passant par la guerre d&#039;Ukraine.\" \/>\n<meta property=\"og:url\" content=\"https:\/\/ihedn.fr\/en\/les-debats-strategiques\/frequenter-les-infrequentables\/\" \/>\n<meta property=\"og:site_name\" content=\"L&#039;IHEDN : Institut des hautes \u00e9tudes de d\u00e9fense nationale\" \/>\n<meta property=\"article:publisher\" content=\"https:\/\/www.facebook.com\/ihedn\/\" \/>\n<meta property=\"article:published_time\" content=\"2023-10-13T07:50:57+00:00\" \/>\n<meta property=\"article:modified_time\" content=\"2025-04-09T14:07:52+00:00\" \/>\n<meta property=\"og:image\" content=\"https:\/\/ihedn.fr\/wp-content\/uploads\/2023\/10\/NOUR_DEBSTRATEGIQUE_1600x900-002-scaled.jpg\" \/>\n\t<meta property=\"og:image:width\" content=\"2560\" \/>\n\t<meta property=\"og:image:height\" content=\"1440\" \/>\n\t<meta property=\"og:image:type\" content=\"image\/jpeg\" \/>\n<meta name=\"author\" content=\"tanguy.morel@ihedn.fr\" \/>\n<meta name=\"twitter:card\" content=\"summary_large_image\" \/>\n<meta name=\"twitter:title\" content=\"Fr\u00e9quenter les infr\u00e9quentables\" \/>\n<meta name=\"twitter:image\" content=\"https:\/\/ihedn.fr\/wp-content\/uploads\/2023\/10\/NOUR_DEBSTRATEGIQUE_1600x900-002-scaled.jpg\" \/>\n<meta name=\"twitter:creator\" content=\"@IHEDN\" \/>\n<meta name=\"twitter:site\" content=\"@IHEDN\" \/>\n<meta name=\"twitter:label1\" content=\"Written by\" \/>\n\t<meta name=\"twitter:data1\" content=\"tanguy.morel@ihedn.fr\" \/>\n\t<meta name=\"twitter:label2\" content=\"Estimated reading time\" \/>\n\t<meta name=\"twitter:data2\" content=\"2 minutes\" \/>\n<script type=\"application\/ld+json\" class=\"yoast-schema-graph\">{\"@context\":\"https:\\\/\\\/schema.org\",\"@graph\":[{\"@type\":\"Article\",\"@id\":\"https:\\\/\\\/ihedn.fr\\\/les-debats-strategiques\\\/frequenter-les-infrequentables\\\/#article\",\"isPartOf\":{\"@id\":\"https:\\\/\\\/ihedn.fr\\\/les-debats-strategiques\\\/frequenter-les-infrequentables\\\/\"},\"author\":{\"name\":\"tanguy.morel@ihedn.fr\",\"@id\":\"https:\\\/\\\/ihedn.fr\\\/#\\\/schema\\\/person\\\/ed217a37104b27a246b200e65b827cc7\"},\"headline\":\"Fr\u00e9quenter les infr\u00e9quentables\",\"datePublished\":\"2023-10-13T07:50:57+00:00\",\"dateModified\":\"2025-04-09T14:07:52+00:00\",\"mainEntityOfPage\":{\"@id\":\"https:\\\/\\\/ihedn.fr\\\/les-debats-strategiques\\\/frequenter-les-infrequentables\\\/\"},\"wordCount\":225,\"publisher\":{\"@id\":\"https:\\\/\\\/ihedn.fr\\\/#organization\"},\"image\":{\"@id\":\"https:\\\/\\\/ihedn.fr\\\/les-debats-strategiques\\\/frequenter-les-infrequentables\\\/#primaryimage\"},\"thumbnailUrl\":\"https:\\\/\\\/ihedn.fr\\\/wp-content\\\/uploads\\\/2023\\\/10\\\/NOUR_DEBSTRATEGIQUE_1600x900-002-scaled.jpg\",\"keywords\":[\"d\u00e9bat-strat\u00e9gique\",\"pr\u00e9c\u00e9dent-d\u00e9bat-strat\u00e9gique\"],\"articleSection\":[\"Les d\u00e9bats strat\u00e9giques\"],\"inLanguage\":\"en-GB\"},{\"@type\":\"WebPage\",\"@id\":\"https:\\\/\\\/ihedn.fr\\\/les-debats-strategiques\\\/frequenter-les-infrequentables\\\/\",\"url\":\"https:\\\/\\\/ihedn.fr\\\/les-debats-strategiques\\\/frequenter-les-infrequentables\\\/\",\"name\":\"Fr\u00e9quenter les infr\u00e9quentables - L&#039;IHEDN : Institut des hautes \u00e9tudes de d\u00e9fense nationale\",\"isPartOf\":{\"@id\":\"https:\\\/\\\/ihedn.fr\\\/#website\"},\"primaryImageOfPage\":{\"@id\":\"https:\\\/\\\/ihedn.fr\\\/les-debats-strategiques\\\/frequenter-les-infrequentables\\\/#primaryimage\"},\"image\":{\"@id\":\"https:\\\/\\\/ihedn.fr\\\/les-debats-strategiques\\\/frequenter-les-infrequentables\\\/#primaryimage\"},\"thumbnailUrl\":\"https:\\\/\\\/ihedn.fr\\\/wp-content\\\/uploads\\\/2023\\\/10\\\/NOUR_DEBSTRATEGIQUE_1600x900-002-scaled.jpg\",\"datePublished\":\"2023-10-13T07:50:57+00:00\",\"dateModified\":\"2025-04-09T14:07:52+00:00\",\"description\":\"Cet ouvrage met en lumi\u00e8re les menaces invisibles qui p\u00e8sent aujourd\u2019hui sur les d\u00e9mocraties occidentales. Les campagnes de d\u00e9sinformation, les cyberattaques, l'ing\u00e9rence dans les campagnes \u00e9lectorales et dans la vie politique se sont en effet multipli\u00e9es. Fake news, trolls : l'infox touche d\u00e9sormais tous les sujets, de la Covid aux droits des femmes et des minorit\u00e9s, en passant par la guerre d'Ukraine.\",\"breadcrumb\":{\"@id\":\"https:\\\/\\\/ihedn.fr\\\/les-debats-strategiques\\\/frequenter-les-infrequentables\\\/#breadcrumb\"},\"inLanguage\":\"en-GB\",\"potentialAction\":[{\"@type\":\"ReadAction\",\"target\":[\"https:\\\/\\\/ihedn.fr\\\/les-debats-strategiques\\\/frequenter-les-infrequentables\\\/\"]}]},{\"@type\":\"ImageObject\",\"inLanguage\":\"en-GB\",\"@id\":\"https:\\\/\\\/ihedn.fr\\\/les-debats-strategiques\\\/frequenter-les-infrequentables\\\/#primaryimage\",\"url\":\"https:\\\/\\\/ihedn.fr\\\/wp-content\\\/uploads\\\/2023\\\/10\\\/NOUR_DEBSTRATEGIQUE_1600x900-002-scaled.jpg\",\"contentUrl\":\"https:\\\/\\\/ihedn.fr\\\/wp-content\\\/uploads\\\/2023\\\/10\\\/NOUR_DEBSTRATEGIQUE_1600x900-002-scaled.jpg\",\"width\":2560,\"height\":1440,\"caption\":\"Fr\u00e9quenter les infr\u00e9quentables, un livre de Manon-Nour Tannous et Jean-Pierre Bat | Les d\u00e9bats strat\u00e9giques de l'IHEDN\"},{\"@type\":\"BreadcrumbList\",\"@id\":\"https:\\\/\\\/ihedn.fr\\\/les-debats-strategiques\\\/frequenter-les-infrequentables\\\/#breadcrumb\",\"itemListElement\":[{\"@type\":\"ListItem\",\"position\":1,\"name\":\"Accueil\",\"item\":\"https:\\\/\\\/ihedn.fr\\\/\"},{\"@type\":\"ListItem\",\"position\":2,\"name\":\"Fr\u00e9quenter les infr\u00e9quentables\"}]},{\"@type\":\"WebSite\",\"@id\":\"https:\\\/\\\/ihedn.fr\\\/#website\",\"url\":\"https:\\\/\\\/ihedn.fr\\\/\",\"name\":\"IHEDN : Institut des hautes \u00e9tudes de d\u00e9fense nationale |\",\"description\":\"Site officiel de l&#039;IHEDN plac\u00e9 sous la tutelle du Premier ministre.\",\"publisher\":{\"@id\":\"https:\\\/\\\/ihedn.fr\\\/#organization\"},\"potentialAction\":[{\"@type\":\"SearchAction\",\"target\":{\"@type\":\"EntryPoint\",\"urlTemplate\":\"https:\\\/\\\/ihedn.fr\\\/?s={search_term_string}\"},\"query-input\":{\"@type\":\"PropertyValueSpecification\",\"valueRequired\":true,\"valueName\":\"search_term_string\"}}],\"inLanguage\":\"en-GB\"},{\"@type\":\"Organization\",\"@id\":\"https:\\\/\\\/ihedn.fr\\\/#organization\",\"name\":\"IHEDN - Institut des Hautes Etudes de D\u00e9fense Nationale\",\"url\":\"https:\\\/\\\/ihedn.fr\\\/\",\"logo\":{\"@type\":\"ImageObject\",\"inLanguage\":\"en-GB\",\"@id\":\"https:\\\/\\\/ihedn.fr\\\/#\\\/schema\\\/logo\\\/image\\\/\",\"url\":\"https:\\\/\\\/ihedn.fr\\\/wp-content\\\/uploads\\\/2020\\\/11\\\/BLOC_RF_IHEDN_WEB.png\",\"contentUrl\":\"https:\\\/\\\/ihedn.fr\\\/wp-content\\\/uploads\\\/2020\\\/11\\\/BLOC_RF_IHEDN_WEB.png\",\"width\":500,\"height\":237,\"caption\":\"IHEDN - Institut des Hautes Etudes de D\u00e9fense Nationale\"},\"image\":{\"@id\":\"https:\\\/\\\/ihedn.fr\\\/#\\\/schema\\\/logo\\\/image\\\/\"},\"sameAs\":[\"https:\\\/\\\/www.facebook.com\\\/ihedn\\\/\",\"https:\\\/\\\/x.com\\\/IHEDN\",\"https:\\\/\\\/www.instagram.com\\\/ihedn\\\/\",\"https:\\\/\\\/www.linkedin.com\\\/school\\\/ihedn\\\/\",\"https:\\\/\\\/fr.wikipedia.org\\\/wiki\\\/Institut_des_hautes_\u00e9tudes_de_D\u00e9fense_nationale\"]},{\"@type\":\"Person\",\"@id\":\"https:\\\/\\\/ihedn.fr\\\/#\\\/schema\\\/person\\\/ed217a37104b27a246b200e65b827cc7\",\"name\":\"tanguy.morel@ihedn.fr\",\"image\":{\"@type\":\"ImageObject\",\"inLanguage\":\"en-GB\",\"@id\":\"https:\\\/\\\/secure.gravatar.com\\\/avatar\\\/36877cd30919fafddf1f9da45f4154aa468a64328452f2ceaff0968772207348?s=96&d=mm&r=g\",\"url\":\"https:\\\/\\\/secure.gravatar.com\\\/avatar\\\/36877cd30919fafddf1f9da45f4154aa468a64328452f2ceaff0968772207348?s=96&d=mm&r=g\",\"contentUrl\":\"https:\\\/\\\/secure.gravatar.com\\\/avatar\\\/36877cd30919fafddf1f9da45f4154aa468a64328452f2ceaff0968772207348?s=96&d=mm&r=g\",\"caption\":\"tanguy.morel@ihedn.fr\"},\"url\":\"https:\\\/\\\/ihedn.fr\\\/en\\\/author\\\/tanguy-morelihedn-fr\\\/\"}]}<\/script>\n<!-- \/ Yoast SEO plugin. -->","yoast_head_json":{"title":"Fr\u00e9quenter les infr\u00e9quentables - IHEDN: Institut des hautes \u00e9tudes de d\u00e9fense nationale (Institute for Advanced Studies in National Defence)","description":"This book highlights the invisible threats facing Western democracies today. Disinformation campaigns, cyber-attacks and interference in election campaigns and political life are on the increase. Fake news, trolls: the infox now touches on everything from Covid to women's and minority rights, via the war in Ukraine.","robots":{"index":"index","follow":"follow","max-snippet":"max-snippet:-1","max-image-preview":"max-image-preview:large","max-video-preview":"max-video-preview:-1"},"canonical":"https:\/\/ihedn.fr\/en\/les-debats-strategiques\/frequenter-les-infrequentables\/","og_locale":"en_GB","og_type":"article","og_title":"Fr\u00e9quenter les infr\u00e9quentables","og_description":"Cet ouvrage met en lumi\u00e8re les menaces invisibles qui p\u00e8sent aujourd\u2019hui sur les d\u00e9mocraties occidentales. Les campagnes de d\u00e9sinformation, les cyberattaques, l'ing\u00e9rence dans les campagnes \u00e9lectorales et dans la vie politique se sont en effet multipli\u00e9es. Fake news, trolls : l'infox touche d\u00e9sormais tous les sujets, de la Covid aux droits des femmes et des minorit\u00e9s, en passant par la guerre d'Ukraine.","og_url":"https:\/\/ihedn.fr\/en\/les-debats-strategiques\/frequenter-les-infrequentables\/","og_site_name":"L&#039;IHEDN : Institut des hautes \u00e9tudes de d\u00e9fense nationale","article_publisher":"https:\/\/www.facebook.com\/ihedn\/","article_published_time":"2023-10-13T07:50:57+00:00","article_modified_time":"2025-04-09T14:07:52+00:00","og_image":[{"width":2560,"height":1440,"url":"https:\/\/ihedn.fr\/wp-content\/uploads\/2023\/10\/NOUR_DEBSTRATEGIQUE_1600x900-002-scaled.jpg","type":"image\/jpeg"}],"author":"tanguy.morel@ihedn.fr","twitter_card":"summary_large_image","twitter_title":"Fr\u00e9quenter les infr\u00e9quentables","twitter_image":"https:\/\/ihedn.fr\/wp-content\/uploads\/2023\/10\/NOUR_DEBSTRATEGIQUE_1600x900-002-scaled.jpg","twitter_creator":"@IHEDN","twitter_site":"@IHEDN","twitter_misc":{"Written by":"tanguy.morel@ihedn.fr","Estimated reading time":"2 minutes"},"schema":{"@context":"https:\/\/schema.org","@graph":[{"@type":"Article","@id":"https:\/\/ihedn.fr\/les-debats-strategiques\/frequenter-les-infrequentables\/#article","isPartOf":{"@id":"https:\/\/ihedn.fr\/les-debats-strategiques\/frequenter-les-infrequentables\/"},"author":{"name":"tanguy.morel@ihedn.fr","@id":"https:\/\/ihedn.fr\/#\/schema\/person\/ed217a37104b27a246b200e65b827cc7"},"headline":"Fr\u00e9quenter les infr\u00e9quentables","datePublished":"2023-10-13T07:50:57+00:00","dateModified":"2025-04-09T14:07:52+00:00","mainEntityOfPage":{"@id":"https:\/\/ihedn.fr\/les-debats-strategiques\/frequenter-les-infrequentables\/"},"wordCount":225,"publisher":{"@id":"https:\/\/ihedn.fr\/#organization"},"image":{"@id":"https:\/\/ihedn.fr\/les-debats-strategiques\/frequenter-les-infrequentables\/#primaryimage"},"thumbnailUrl":"https:\/\/ihedn.fr\/wp-content\/uploads\/2023\/10\/NOUR_DEBSTRATEGIQUE_1600x900-002-scaled.jpg","keywords":["d\u00e9bat-strat\u00e9gique","pr\u00e9c\u00e9dent-d\u00e9bat-strat\u00e9gique"],"articleSection":["Les d\u00e9bats strat\u00e9giques"],"inLanguage":"en-GB"},{"@type":"WebPage","@id":"https:\/\/ihedn.fr\/les-debats-strategiques\/frequenter-les-infrequentables\/","url":"https:\/\/ihedn.fr\/les-debats-strategiques\/frequenter-les-infrequentables\/","name":"Fr\u00e9quenter les infr\u00e9quentables - IHEDN: Institut des hautes \u00e9tudes de d\u00e9fense nationale (Institute for Advanced Studies in National Defence)","isPartOf":{"@id":"https:\/\/ihedn.fr\/#website"},"primaryImageOfPage":{"@id":"https:\/\/ihedn.fr\/les-debats-strategiques\/frequenter-les-infrequentables\/#primaryimage"},"image":{"@id":"https:\/\/ihedn.fr\/les-debats-strategiques\/frequenter-les-infrequentables\/#primaryimage"},"thumbnailUrl":"https:\/\/ihedn.fr\/wp-content\/uploads\/2023\/10\/NOUR_DEBSTRATEGIQUE_1600x900-002-scaled.jpg","datePublished":"2023-10-13T07:50:57+00:00","dateModified":"2025-04-09T14:07:52+00:00","description":"This book highlights the invisible threats facing Western democracies today. Disinformation campaigns, cyber-attacks and interference in election campaigns and political life are on the increase. Fake news, trolls: the infox now touches on everything from Covid to women's and minority rights, via the war in Ukraine.","breadcrumb":{"@id":"https:\/\/ihedn.fr\/les-debats-strategiques\/frequenter-les-infrequentables\/#breadcrumb"},"inLanguage":"en-GB","potentialAction":[{"@type":"ReadAction","target":["https:\/\/ihedn.fr\/les-debats-strategiques\/frequenter-les-infrequentables\/"]}]},{"@type":"ImageObject","inLanguage":"en-GB","@id":"https:\/\/ihedn.fr\/les-debats-strategiques\/frequenter-les-infrequentables\/#primaryimage","url":"https:\/\/ihedn.fr\/wp-content\/uploads\/2023\/10\/NOUR_DEBSTRATEGIQUE_1600x900-002-scaled.jpg","contentUrl":"https:\/\/ihedn.fr\/wp-content\/uploads\/2023\/10\/NOUR_DEBSTRATEGIQUE_1600x900-002-scaled.jpg","width":2560,"height":1440,"caption":"Fr\u00e9quenter les infr\u00e9quentables, un livre de Manon-Nour Tannous et Jean-Pierre Bat | Les d\u00e9bats strat\u00e9giques de l'IHEDN"},{"@type":"BreadcrumbList","@id":"https:\/\/ihedn.fr\/les-debats-strategiques\/frequenter-les-infrequentables\/#breadcrumb","itemListElement":[{"@type":"ListItem","position":1,"name":"Accueil","item":"https:\/\/ihedn.fr\/"},{"@type":"ListItem","position":2,"name":"Fr\u00e9quenter les infr\u00e9quentables"}]},{"@type":"WebSite","@id":"https:\/\/ihedn.fr\/#website","url":"https:\/\/ihedn.fr\/","name":"IHEDN: Institut des hautes \u00e9tudes de d\u00e9fense nationale (Institute for Higher National Defence Studies)","description":"Official website of the IHEDN under the supervision of the Prime Minister.","publisher":{"@id":"https:\/\/ihedn.fr\/#organization"},"potentialAction":[{"@type":"SearchAction","target":{"@type":"EntryPoint","urlTemplate":"https:\/\/ihedn.fr\/?s={search_term_string}"},"query-input":{"@type":"PropertyValueSpecification","valueRequired":true,"valueName":"search_term_string"}}],"inLanguage":"en-GB"},{"@type":"Organization","@id":"https:\/\/ihedn.fr\/#organization","name":"IHEDN - Institute for Higher National Defence Studies","url":"https:\/\/ihedn.fr\/","logo":{"@type":"ImageObject","inLanguage":"en-GB","@id":"https:\/\/ihedn.fr\/#\/schema\/logo\/image\/","url":"https:\/\/ihedn.fr\/wp-content\/uploads\/2020\/11\/BLOC_RF_IHEDN_WEB.png","contentUrl":"https:\/\/ihedn.fr\/wp-content\/uploads\/2020\/11\/BLOC_RF_IHEDN_WEB.png","width":500,"height":237,"caption":"IHEDN - Institut des Hautes Etudes de D\u00e9fense Nationale"},"image":{"@id":"https:\/\/ihedn.fr\/#\/schema\/logo\/image\/"},"sameAs":["https:\/\/www.facebook.com\/ihedn\/","https:\/\/x.com\/IHEDN","https:\/\/www.instagram.com\/ihedn\/","https:\/\/www.linkedin.com\/school\/ihedn\/","https:\/\/fr.wikipedia.org\/wiki\/Institut_des_hautes_\u00e9tudes_de_D\u00e9fense_nationale"]},{"@type":"Person","@id":"https:\/\/ihedn.fr\/#\/schema\/person\/ed217a37104b27a246b200e65b827cc7","name":"tanguy.morel@ihedn.fr","image":{"@type":"ImageObject","inLanguage":"en-GB","@id":"https:\/\/secure.gravatar.com\/avatar\/36877cd30919fafddf1f9da45f4154aa468a64328452f2ceaff0968772207348?s=96&d=mm&r=g","url":"https:\/\/secure.gravatar.com\/avatar\/36877cd30919fafddf1f9da45f4154aa468a64328452f2ceaff0968772207348?s=96&d=mm&r=g","contentUrl":"https:\/\/secure.gravatar.com\/avatar\/36877cd30919fafddf1f9da45f4154aa468a64328452f2ceaff0968772207348?s=96&d=mm&r=g","caption":"tanguy.morel@ihedn.fr"},"url":"https:\/\/ihedn.fr\/en\/author\/tanguy-morelihedn-fr\/"}]}},"publishpress_future_action":{"enabled":false,"date":"2026-05-06 13:33:41","action":"change-status","newStatus":"draft","terms":[],"taxonomy":"category","extraData":[]},"publishpress_future_workflow_manual_trigger":{"enabledWorkflows":[]},"_links":{"self":[{"href":"https:\/\/ihedn.fr\/en\/wp-json\/wp\/v2\/posts\/43197","targetHints":{"allow":["GET"]}}],"collection":[{"href":"https:\/\/ihedn.fr\/en\/wp-json\/wp\/v2\/posts"}],"about":[{"href":"https:\/\/ihedn.fr\/en\/wp-json\/wp\/v2\/types\/post"}],"author":[{"embeddable":true,"href":"https:\/\/ihedn.fr\/en\/wp-json\/wp\/v2\/users\/10"}],"replies":[{"embeddable":true,"href":"https:\/\/ihedn.fr\/en\/wp-json\/wp\/v2\/comments?post=43197"}],"version-history":[{"count":28,"href":"https:\/\/ihedn.fr\/en\/wp-json\/wp\/v2\/posts\/43197\/revisions"}],"predecessor-version":[{"id":53637,"href":"https:\/\/ihedn.fr\/en\/wp-json\/wp\/v2\/posts\/43197\/revisions\/53637"}],"wp:featuredmedia":[{"embeddable":true,"href":"https:\/\/ihedn.fr\/en\/wp-json\/wp\/v2\/media\/44030"}],"wp:attachment":[{"href":"https:\/\/ihedn.fr\/en\/wp-json\/wp\/v2\/media?parent=43197"}],"wp:term":[{"taxonomy":"category","embeddable":true,"href":"https:\/\/ihedn.fr\/en\/wp-json\/wp\/v2\/categories?post=43197"},{"taxonomy":"post_tag","embeddable":true,"href":"https:\/\/ihedn.fr\/en\/wp-json\/wp\/v2\/tags?post=43197"}],"curies":[{"name":"wp","href":"https:\/\/api.w.org\/{rel}","templated":true}]}}