{"id":43199,"date":"2023-10-16T09:36:53","date_gmt":"2023-10-16T08:36:53","guid":{"rendered":"https:\/\/ihedn.fr\/?p=43199"},"modified":"2025-04-18T09:16:11","modified_gmt":"2025-04-18T08:16:11","slug":"face-aux-nouvelles-realites-operationnelles-larmee-de-terre-renforce-linnovation","status":"publish","type":"post","link":"https:\/\/ihedn.fr\/en\/lundis-de-lihedn\/face-aux-nouvelles-realites-operationnelles-larmee-de-terre-renforce-linnovation\/","title":{"rendered":"Faced with new operational realities, the French Army is stepping up innovation"},"content":{"rendered":"\t\t<div data-elementor-type=\"wp-post\" data-elementor-id=\"43199\" class=\"elementor elementor-43199\" data-elementor-post-type=\"post\">\n\t\t\t\t\t\t<section data-particle_enable=\"false\" data-particle-mobile-disabled=\"false\" class=\"elementor-section elementor-top-section elementor-element elementor-element-04fef2b elementor-section-boxed elementor-section-height-default elementor-section-height-default\" data-id=\"04fef2b\" data-element_type=\"section\" data-e-type=\"section\">\n\t\t\t\t\t\t<div class=\"elementor-container elementor-column-gap-default\">\n\t\t\t\t\t<div class=\"elementor-column elementor-col-100 elementor-top-column elementor-element elementor-element-634f261\" data-id=\"634f261\" data-element_type=\"column\" data-e-type=\"column\">\n\t\t\t<div class=\"elementor-widget-wrap elementor-element-populated\">\n\t\t\t\t\t\t<div class=\"elementor-element elementor-element-4bdf21a elementor-widget elementor-widget-text-editor\" data-id=\"4bdf21a\" data-element_type=\"widget\" data-e-type=\"widget\" data-widget_type=\"text-editor.default\">\n\t\t\t\t<div class=\"elementor-widget-container\">\n\t\t\t\t\t\t\t\t\t<p style=\"text-align: left;\">C\u2019est un dossier d\u2019envergure, m\u00eame s\u2019il reste peu m\u00e9diatis\u00e9\u00a0: en ce moment, l\u2019arm\u00e9e de Terre se transforme profond\u00e9ment. Demand\u00e9e par le Gouvernement et mise en \u0153uvre par le chef d\u2019\u00e9tat-major de l\u2019arm\u00e9e de Terre (CEMAT), le g\u00e9n\u00e9ral d\u2019arm\u00e9e Pierre Schill, cette transformation est rendue indispensable par le climat d\u2019incertitude, le changement d\u2019\u00e9chelle dans les conflits et l\u2019acc\u00e9l\u00e9ration technologique actuels. \u00c0 cette \u00e8re strat\u00e9gique in\u00e9dite r\u00e9pond une organisation in\u00e9dite, qui repose sur quatre piliers\u00a0: \u00eatre et durer\u00a0; agir\u00a0; prot\u00e9ger\u00a0; innover. Ce dernier se traduit, en parall\u00e8le d\u2019efforts vers la guerre hybride notamment, par une ad\u00e9quation renforc\u00e9e entre doctrine et \u00e9quipements, \u00e0 dimension \u00e0 la fois op\u00e9rationnelle et prospective.<\/p><p style=\"text-align: left;\">Cr\u00e9\u00e9 le 1er ao\u00fbt dernier et en cours d\u2019organisation, le Commandement du combat futur (CCF) constitue le grand organisme de la coh\u00e9rence capacitaire et doctrinale de l\u2019arm\u00e9e de Terre, vou\u00e9 \u00e0 d\u00e9velopper sa capacit\u00e9 d\u2019innovation. \u00c0 sa t\u00eate, le g\u00e9n\u00e9ral de corps d\u2019arm\u00e9e Bruno Baratz, Commandant du combat futur, est directement subordonn\u00e9 au CEMAT. Cet ancien commandant des forces sp\u00e9ciales Terre a pour adjoint le g\u00e9n\u00e9ral de division Beno\u00eet Vidaud, ex-directeur de la Section technique de l\u2019arm\u00e9e de Terre (STAT) et actuel chef du Centre de doctrine et d\u2019enseignement du commandement (CDEC),\u00a0qui se fondra dans le CCF d\u2019ici \u00e0 la fin de l\u2019ann\u00e9e. Outre le CDEC et la STAT, le CCF agr\u00e9gera la FECS (Force d\u2019expertise du combat<a href=\"https:\/\/www.defense.gouv.fr\/terre\/nos-materiels-nos-innovations\/nos-innovations\/dossier-programme-scorpion\/programme-scorpion\" target=\"_blank\" rel=\"noopener\"> Scorpion<\/a>), la Division \u00e9tude prospective du commandement et du combat interarmes (DEPCIA) et le Battle Lab Terre.<\/p><p class=\"MsoNormal\" style=\"text-align: left;\">Au c\u0153ur des missions de ce nouveau commandement, l\u2019innovation au sein de l\u2019arm\u00e9e de combat remplit un triple objectif : \u00e9clairer sur les engagements \u00e0 venir, comprendre les enjeux de la m\u00e9tamorphose de la guerre, et dynamiser la transformation capacitaire des unit\u00e9s. En clair, il s\u2019agit de donner avec plus de r\u00e9activit\u00e9 aux forces terrestres les outils et concepts d\u2019emploi dont elles ont besoin. Pour ce faire, le CCF a comme feuille de route de capter rapidement l&rsquo;innovation, de l&rsquo;exp\u00e9rimenter, de la formaliser et de faciliter son appropriation par les soldats.<\/p>\t\t\t\t\t\t\t\t<\/div>\n\t\t\t\t<\/div>\n\t\t\t\t\t<\/div>\n\t\t<\/div>\n\t\t\t\t\t<\/div>\n\t\t<\/section>\n\t\t\t\t<section data-particle_enable=\"false\" data-particle-mobile-disabled=\"false\" class=\"elementor-section elementor-top-section elementor-element elementor-element-90cf80c elementor-section-boxed elementor-section-height-default elementor-section-height-default\" data-id=\"90cf80c\" data-element_type=\"section\" data-e-type=\"section\">\n\t\t\t\t\t\t<div class=\"elementor-container elementor-column-gap-default\">\n\t\t\t\t\t<div class=\"elementor-column elementor-col-100 elementor-top-column elementor-element elementor-element-0cec92e\" data-id=\"0cec92e\" data-element_type=\"column\" data-e-type=\"column\">\n\t\t\t<div class=\"elementor-widget-wrap elementor-element-populated\">\n\t\t\t\t\t\t<div class=\"elementor-element elementor-element-ee7a256 elementor-widget elementor-widget-heading\" data-id=\"ee7a256\" data-element_type=\"widget\" data-e-type=\"widget\" data-widget_type=\"heading.default\">\n\t\t\t\t<div class=\"elementor-widget-container\">\n\t\t\t\t\t<h4 class=\"elementor-heading-title elementor-size-default\">\u00c0 LA CONVERGENCE DE LA PROSPECTIVE, DE LA DOCTRINE ET DU CAPACITAIRE<\/h4>\t\t\t\t<\/div>\n\t\t\t\t<\/div>\n\t\t\t\t<div class=\"elementor-element elementor-element-018b02d elementor-widget-divider--view-line elementor-widget elementor-widget-divider\" data-id=\"018b02d\" data-element_type=\"widget\" data-e-type=\"widget\" data-widget_type=\"divider.default\">\n\t\t\t\t<div class=\"elementor-widget-container\">\n\t\t\t\t\t\t\t<div class=\"elementor-divider\">\n\t\t\t<span class=\"elementor-divider-separator\">\n\t\t\t\t\t\t<\/span>\n\t\t<\/div>\n\t\t\t\t\t\t<\/div>\n\t\t\t\t<\/div>\n\t\t\t\t\t<\/div>\n\t\t<\/div>\n\t\t\t\t\t<\/div>\n\t\t<\/section>\n\t\t\t\t<section data-particle_enable=\"false\" data-particle-mobile-disabled=\"false\" class=\"elementor-section elementor-top-section elementor-element elementor-element-16bfdc8 elementor-section-boxed elementor-section-height-default elementor-section-height-default\" data-id=\"16bfdc8\" data-element_type=\"section\" data-e-type=\"section\">\n\t\t\t\t\t\t<div class=\"elementor-container elementor-column-gap-default\">\n\t\t\t\t\t<div class=\"elementor-column elementor-col-100 elementor-top-column elementor-element elementor-element-bb2a3a7\" data-id=\"bb2a3a7\" data-element_type=\"column\" data-e-type=\"column\">\n\t\t\t<div class=\"elementor-widget-wrap elementor-element-populated\">\n\t\t\t\t\t\t<div class=\"elementor-element elementor-element-b6acd66 elementor-widget elementor-widget-text-editor\" data-id=\"b6acd66\" data-element_type=\"widget\" data-e-type=\"widget\" data-widget_type=\"text-editor.default\">\n\t\t\t\t<div class=\"elementor-widget-container\">\n\t\t\t\t\t\t\t\t\t<p style=\"text-align: left;\">\u00c0 la convergence des mondes de la prospective, de la doctrine et du capacitaire, le Commandement du combat futur doit exploiter toutes les opportunit\u00e9s de synergie. En s\u2019\u00e9clairant sur les r\u00e9alit\u00e9s conflictuelles du monde actuel, fort de sa capacit\u00e9 d\u2019analyse et des applications concr\u00e8tes qu\u2019il en d\u00e9duit, il entend aussi contribuer au rayonnement de la pens\u00e9e militaire de l&rsquo;arm\u00e9e de Terre aupr\u00e8s de la soci\u00e9t\u00e9 civile et des arm\u00e9es \u00e9trang\u00e8res.<\/p><p style=\"text-align: left;\">Afin de remplir ses missions, le CCF travaille sur trois axes compl\u00e9mentaires :<\/p><ul style=\"text-align: left;\"><li>\u00c9clairer l\u2019arm\u00e9e de Terre pour comprendre les menaces. Cette analyse pr\u00e9cise et omnidirectionnelle doit conduire \u00e0 innover dans tous les domaines de la conflictualit\u00e9 contemporaine et future.<\/li><li>Innover, autrement dit acqu\u00e9rir, \u00e9valuer et exp\u00e9rimenter en coordination \u00e9troite avec les directions et services du minist\u00e8re des Arm\u00e9es, les industriels, mais \u00e9galement avec les unit\u00e9s de la force op\u00e9rationnelle terrestre.<\/li><li>Exploiter\u00a0: facteur de sup\u00e9riorit\u00e9, la technologie doit, pour \u00eatre pleinement efficace, faire l\u2019objet d\u2019un concept d\u2019emploi, d\u2019une doctrine, pour que chaque fonction op\u00e9rationnelle en tire le meilleur usage. Il faut aussi que, dans le combat interarmes, interarm\u00e9es, ou dans le cadre interalli\u00e9, la culture commune et l\u2019interop\u00e9rabilit\u00e9 de tous les acteurs permettent de d\u00e9multiplier l\u2019efficacit\u00e9 technologique.<\/li><\/ul>\t\t\t\t\t\t\t\t<\/div>\n\t\t\t\t<\/div>\n\t\t\t\t<div class=\"elementor-element elementor-element-037bda7 elementor-widget elementor-widget-text-editor\" data-id=\"037bda7\" data-element_type=\"widget\" data-e-type=\"widget\" data-widget_type=\"text-editor.default\">\n\t\t\t\t<div class=\"elementor-widget-container\">\n\t\t\t\t\t\t\t\t\t<p style=\"text-align: left;\">Lors de la Pr\u00e9sentation des capacit\u00e9s de l\u2019arm\u00e9e de Terre (PCAT) ce jeudi 19 octobre, le CCF est responsable du p\u00f4le \u00ab\u00a0Innover\u00a0\u00bb. En lien avec plusieurs organismes (STAT, Battle-lab Terre, \u00c9cole militaire de haute montagne, Structure int\u00e9gr\u00e9e du maintien en condition op\u00e9rationnelle des mat\u00e9riels terrestres\u2026), il va pr\u00e9senter tout un panel d\u2019innovations, allant du <em>wargame<\/em> aux drones arm\u00e9s ou de transport, en passant par la robotique terrestre (robots de maintenance, robot mule\u2026), les petits \u00e9quipements (tenues et mat\u00e9riels pour combat en zone polaire) ou la maintenance (projet de maintenance holographique des V\u00e9hicules blind\u00e9s l\u00e9gers\u2026)<\/p>\t\t\t\t\t\t\t\t<\/div>\n\t\t\t\t<\/div>\n\t\t\t\t\t<\/div>\n\t\t<\/div>\n\t\t\t\t\t<\/div>\n\t\t<\/section>\n\t\t\t\t<section data-particle_enable=\"false\" data-particle-mobile-disabled=\"false\" class=\"elementor-section elementor-top-section elementor-element elementor-element-19be913 elementor-section-boxed elementor-section-height-default elementor-section-height-default\" data-id=\"19be913\" data-element_type=\"section\" data-e-type=\"section\">\n\t\t\t\t\t\t<div class=\"elementor-container elementor-column-gap-default\">\n\t\t\t\t\t<div class=\"elementor-column elementor-col-100 elementor-top-column elementor-element elementor-element-b86613b\" data-id=\"b86613b\" data-element_type=\"column\" data-e-type=\"column\">\n\t\t\t<div class=\"elementor-widget-wrap elementor-element-populated\">\n\t\t\t\t\t\t<div class=\"elementor-element elementor-element-b8fb3c7 elementor-widget elementor-widget-heading\" data-id=\"b8fb3c7\" data-element_type=\"widget\" data-e-type=\"widget\" data-widget_type=\"heading.default\">\n\t\t\t\t<div class=\"elementor-widget-container\">\n\t\t\t\t\t<h4 class=\"elementor-heading-title elementor-size-default\">DES INNOVATIONS DE RUPTURE, SUR TERRE OU EN L\u2019AIR<\/h4>\t\t\t\t<\/div>\n\t\t\t\t<\/div>\n\t\t\t\t<div class=\"elementor-element elementor-element-ae814b3 elementor-widget-divider--view-line elementor-widget elementor-widget-divider\" data-id=\"ae814b3\" data-element_type=\"widget\" data-e-type=\"widget\" data-widget_type=\"divider.default\">\n\t\t\t\t<div class=\"elementor-widget-container\">\n\t\t\t\t\t\t\t<div class=\"elementor-divider\">\n\t\t\t<span class=\"elementor-divider-separator\">\n\t\t\t\t\t\t<\/span>\n\t\t<\/div>\n\t\t\t\t\t\t<\/div>\n\t\t\t\t<\/div>\n\t\t\t\t\t<\/div>\n\t\t<\/div>\n\t\t\t\t\t<\/div>\n\t\t<\/section>\n\t\t\t\t<section data-particle_enable=\"false\" data-particle-mobile-disabled=\"false\" class=\"elementor-section elementor-top-section elementor-element elementor-element-c26f458 elementor-section-boxed elementor-section-height-default elementor-section-height-default\" data-id=\"c26f458\" data-element_type=\"section\" data-e-type=\"section\">\n\t\t\t\t\t\t<div class=\"elementor-container elementor-column-gap-default\">\n\t\t\t\t\t<div class=\"elementor-column elementor-col-100 elementor-top-column elementor-element elementor-element-ecef182\" data-id=\"ecef182\" data-element_type=\"column\" data-e-type=\"column\">\n\t\t\t<div class=\"elementor-widget-wrap elementor-element-populated\">\n\t\t\t\t\t\t<div class=\"elementor-element elementor-element-a324cfd elementor-widget elementor-widget-text-editor\" data-id=\"a324cfd\" data-element_type=\"widget\" data-e-type=\"widget\" data-widget_type=\"text-editor.default\">\n\t\t\t\t<div class=\"elementor-widget-container\">\n\t\t\t\t\t\t\t\t\t<p style=\"text-align: left;\">Voici quatre exemples d\u2019\u00e9quipements pr\u00e9sent\u00e9s cette ann\u00e9e, et en quoi ils constituent une innovation\u00a0:<\/p>\t\t\t\t\t\t\t\t<\/div>\n\t\t\t\t<\/div>\n\t\t\t\t<div class=\"elementor-element elementor-element-a8d683a elementor-widget elementor-widget-image\" data-id=\"a8d683a\" data-element_type=\"widget\" data-e-type=\"widget\" data-widget_type=\"image.default\">\n\t\t\t\t<div class=\"elementor-widget-container\">\n\t\t\t\t\t\t\t\t\t\t\t\t<figure class=\"wp-caption\">\n\t\t\t\t\t\t\t\t\t\t<img fetchpriority=\"high\" decoding=\"async\" width=\"2560\" height=\"1703\" src=\"https:\/\/ihedn.fr\/wp-content\/uploads\/2023\/10\/Photo-1-drone-Avatar-scaled.jpg\" class=\"attachment-full size-full wp-image-43201\" alt=\"Drone Avatar de l&#039;arm\u00e9e\" srcset=\"https:\/\/ihedn.fr\/wp-content\/uploads\/2023\/10\/Photo-1-drone-Avatar-scaled.jpg 2560w, https:\/\/ihedn.fr\/wp-content\/uploads\/2023\/10\/Photo-1-drone-Avatar-1536x1022.jpg 1536w, https:\/\/ihedn.fr\/wp-content\/uploads\/2023\/10\/Photo-1-drone-Avatar-2048x1363.jpg 2048w, https:\/\/ihedn.fr\/wp-content\/uploads\/2023\/10\/Photo-1-drone-Avatar-18x12.jpg 18w\" sizes=\"(max-width: 2560px) 100vw, 2560px\" \/>\t\t\t\t\t\t\t\t\t\t\t<figcaption class=\"widget-image-caption wp-caption-text\"> \u00a9arm\u00e9e de Terre<\/figcaption>\n\t\t\t\t\t\t\t\t\t\t<\/figure>\n\t\t\t\t\t\t\t\t\t<\/div>\n\t\t\t\t<\/div>\n\t\t\t\t<div class=\"elementor-element elementor-element-94b6cc1 elementor-widget elementor-widget-text-editor\" data-id=\"94b6cc1\" data-element_type=\"widget\" data-e-type=\"widget\" data-widget_type=\"text-editor.default\">\n\t\t\t\t<div class=\"elementor-widget-container\">\n\t\t\t\t\t\t\t\t\t<ul><li style=\"text-align: left;\"><strong>Le drone arm\u00e9 AVATAR<\/strong> (action par vecteur a\u00e9rien de tir d\u2019armement robotis\u00e9). Ce d\u00e9monstrateur int\u00e9grant un armement d\u2019infanterie (un fusil d\u2019assaut HK 416 F) sur une plateforme l\u00e9g\u00e8re constitue une innovation de rupture\u00a0: il allonge la port\u00e9e des tirs tout en am\u00e9liorant l\u2019identification des cibles et la protection des soldats op\u00e9rateurs.<\/li><\/ul>\t\t\t\t\t\t\t\t<\/div>\n\t\t\t\t<\/div>\n\t\t\t\t<div class=\"elementor-element elementor-element-fb01210 elementor-widget elementor-widget-spacer\" data-id=\"fb01210\" data-element_type=\"widget\" data-e-type=\"widget\" data-widget_type=\"spacer.default\">\n\t\t\t\t<div class=\"elementor-widget-container\">\n\t\t\t\t\t\t\t<div class=\"elementor-spacer\">\n\t\t\t<div class=\"elementor-spacer-inner\"><\/div>\n\t\t<\/div>\n\t\t\t\t\t\t<\/div>\n\t\t\t\t<\/div>\n\t\t\t\t\t<\/div>\n\t\t<\/div>\n\t\t\t\t\t<\/div>\n\t\t<\/section>\n\t\t\t\t<section data-particle_enable=\"false\" data-particle-mobile-disabled=\"false\" class=\"elementor-section elementor-top-section elementor-element elementor-element-43af813 elementor-section-boxed elementor-section-height-default elementor-section-height-default\" data-id=\"43af813\" data-element_type=\"section\" data-e-type=\"section\">\n\t\t\t\t\t\t<div class=\"elementor-container elementor-column-gap-default\">\n\t\t\t\t\t<div class=\"elementor-column elementor-col-100 elementor-top-column elementor-element elementor-element-a80d9f2\" data-id=\"a80d9f2\" data-element_type=\"column\" data-e-type=\"column\">\n\t\t\t<div class=\"elementor-widget-wrap elementor-element-populated\">\n\t\t\t\t\t\t<section data-particle_enable=\"false\" data-particle-mobile-disabled=\"false\" class=\"elementor-section elementor-inner-section elementor-element elementor-element-9c16a84 elementor-section-boxed elementor-section-height-default elementor-section-height-default\" data-id=\"9c16a84\" data-element_type=\"section\" data-e-type=\"section\">\n\t\t\t\t\t\t<div class=\"elementor-container elementor-column-gap-default\">\n\t\t\t\t\t<div class=\"elementor-column elementor-col-100 elementor-inner-column elementor-element elementor-element-bf82a10\" data-id=\"bf82a10\" data-element_type=\"column\" data-e-type=\"column\">\n\t\t\t<div class=\"elementor-widget-wrap elementor-element-populated\">\n\t\t\t\t\t\t<div class=\"elementor-element elementor-element-7c14e2d elementor-widget elementor-widget-image\" data-id=\"7c14e2d\" data-element_type=\"widget\" data-e-type=\"widget\" data-widget_type=\"image.default\">\n\t\t\t\t<div class=\"elementor-widget-container\">\n\t\t\t\t\t\t\t\t\t\t\t\t<figure class=\"wp-caption\">\n\t\t\t\t\t\t\t\t\t\t<img decoding=\"async\" width=\"2560\" height=\"1703\" src=\"https:\/\/ihedn.fr\/wp-content\/uploads\/2023\/10\/Photo-2-robot-mule-probot-scaled.jpg\" class=\"attachment-full size-full wp-image-43202\" alt=\"\" srcset=\"https:\/\/ihedn.fr\/wp-content\/uploads\/2023\/10\/Photo-2-robot-mule-probot-scaled.jpg 2560w, https:\/\/ihedn.fr\/wp-content\/uploads\/2023\/10\/Photo-2-robot-mule-probot-1536x1022.jpg 1536w, https:\/\/ihedn.fr\/wp-content\/uploads\/2023\/10\/Photo-2-robot-mule-probot-2048x1363.jpg 2048w, https:\/\/ihedn.fr\/wp-content\/uploads\/2023\/10\/Photo-2-robot-mule-probot-18x12.jpg 18w\" sizes=\"(max-width: 2560px) 100vw, 2560px\" \/>\t\t\t\t\t\t\t\t\t\t\t<figcaption class=\"widget-image-caption wp-caption-text\"> \u00a9arm\u00e9e de Terre<\/figcaption>\n\t\t\t\t\t\t\t\t\t\t<\/figure>\n\t\t\t\t\t\t\t\t\t<\/div>\n\t\t\t\t<\/div>\n\t\t\t\t<div class=\"elementor-element elementor-element-36fa916 elementor-widget elementor-widget-text-editor\" data-id=\"36fa916\" data-element_type=\"widget\" data-e-type=\"widget\" data-widget_type=\"text-editor.default\">\n\t\t\t\t<div class=\"elementor-widget-container\">\n\t\t\t\t\t\t\t\t\t<ul><li><p class=\"MsoListParagraph\" style=\"text-indent: -18pt; text-align: left;\"><span style=\"font-family: Symbol; mso-fareast-font-family: Symbol; mso-bidi-font-family: Symbol;\"><span style=\"font-variant-numeric: normal; font-variant-east-asian: normal; font-variant-alternates: normal; font-kerning: auto; font-optical-sizing: auto; font-feature-settings: normal; font-variation-settings: normal; font-variant-position: normal; font-stretch: normal; font-size: 7pt; line-height: normal; font-family: 'Times New Roman';\">\u00a0 \u00a0 \u00a0 \u00a0 \u00a0<\/span><\/span><!--[endif]--><b>Le robot mule PROBOT <\/b>avec panier.\u00a0T\u00e9l\u00e9op\u00e9rable \u00e0 vue et hors vue, mais aussi tractable, ce robot dispose d\u2019une capacit\u00e9 de charge de 750 kg. Il permet d\u2019all\u00e9ger des combattants ou, par exemple, l\u2019extraction sanitaire d\u2019un bless\u00e9.<\/p><\/li><\/ul>\t\t\t\t\t\t\t\t<\/div>\n\t\t\t\t<\/div>\n\t\t\t\t\t<\/div>\n\t\t<\/div>\n\t\t\t\t\t<\/div>\n\t\t<\/section>\n\t\t\t\t<div class=\"elementor-element elementor-element-92a0fbc elementor-widget elementor-widget-spacer\" data-id=\"92a0fbc\" data-element_type=\"widget\" data-e-type=\"widget\" data-widget_type=\"spacer.default\">\n\t\t\t\t<div class=\"elementor-widget-container\">\n\t\t\t\t\t\t\t<div class=\"elementor-spacer\">\n\t\t\t<div class=\"elementor-spacer-inner\"><\/div>\n\t\t<\/div>\n\t\t\t\t\t\t<\/div>\n\t\t\t\t<\/div>\n\t\t\t\t\t<\/div>\n\t\t<\/div>\n\t\t\t\t\t<\/div>\n\t\t<\/section>\n\t\t\t\t<section data-particle_enable=\"false\" data-particle-mobile-disabled=\"false\" class=\"elementor-section elementor-top-section elementor-element elementor-element-c210be4 elementor-section-boxed elementor-section-height-default elementor-section-height-default\" data-id=\"c210be4\" data-element_type=\"section\" data-e-type=\"section\">\n\t\t\t\t\t\t<div class=\"elementor-container elementor-column-gap-default\">\n\t\t\t\t\t<div class=\"elementor-column elementor-col-100 elementor-top-column elementor-element elementor-element-bb688f6\" data-id=\"bb688f6\" data-element_type=\"column\" data-e-type=\"column\">\n\t\t\t<div class=\"elementor-widget-wrap elementor-element-populated\">\n\t\t\t\t\t\t<div class=\"elementor-element elementor-element-129484e elementor-widget elementor-widget-image\" data-id=\"129484e\" data-element_type=\"widget\" data-e-type=\"widget\" data-widget_type=\"image.default\">\n\t\t\t\t<div class=\"elementor-widget-container\">\n\t\t\t\t\t\t\t\t\t\t\t\t<figure class=\"wp-caption\">\n\t\t\t\t\t\t\t\t\t\t<img decoding=\"async\" width=\"2560\" height=\"1703\" src=\"https:\/\/ihedn.fr\/wp-content\/uploads\/2023\/10\/Photo-3-robot-arme-PROBOT-chenille-scaled.jpg\" class=\"attachment-full size-full wp-image-43203\" alt=\"Le robot arm\u00e9 PROBOT chenill\u00e9\" srcset=\"https:\/\/ihedn.fr\/wp-content\/uploads\/2023\/10\/Photo-3-robot-arme-PROBOT-chenille-scaled.jpg 2560w, https:\/\/ihedn.fr\/wp-content\/uploads\/2023\/10\/Photo-3-robot-arme-PROBOT-chenille-1536x1022.jpg 1536w, https:\/\/ihedn.fr\/wp-content\/uploads\/2023\/10\/Photo-3-robot-arme-PROBOT-chenille-2048x1363.jpg 2048w, https:\/\/ihedn.fr\/wp-content\/uploads\/2023\/10\/Photo-3-robot-arme-PROBOT-chenille-18x12.jpg 18w\" sizes=\"(max-width: 2560px) 100vw, 2560px\" \/>\t\t\t\t\t\t\t\t\t\t\t<figcaption class=\"widget-image-caption wp-caption-text\"> \u00a9arm\u00e9e de Terre<\/figcaption>\n\t\t\t\t\t\t\t\t\t\t<\/figure>\n\t\t\t\t\t\t\t\t\t<\/div>\n\t\t\t\t<\/div>\n\t\t\t\t<div class=\"elementor-element elementor-element-524d9aa elementor-widget elementor-widget-text-editor\" data-id=\"524d9aa\" data-element_type=\"widget\" data-e-type=\"widget\" data-widget_type=\"text-editor.default\">\n\t\t\t\t<div class=\"elementor-widget-container\">\n\t\t\t\t\t\t\t\t\t<ul><li><p style=\"text-indent: -18pt; text-align: left;\"><span style=\"font-family: Symbol; mso-fareast-font-family: Symbol; mso-bidi-font-family: Symbol;\"><span style=\"font-variant-numeric: normal; font-variant-east-asian: normal; font-variant-alternates: normal; font-kerning: auto; font-optical-sizing: auto; font-feature-settings: normal; font-variation-settings: normal; font-variant-position: normal; font-stretch: normal; font-size: 7pt; line-height: normal; font-family: 'Times New Roman';\">\u00a0 \u00a0 \u00a0 \u00a0\u00a0<\/span><\/span><!--[endif]--><b>Le robot arm\u00e9 PROBOT chenill\u00e9.<\/b> Int\u00e9grant un tourelleau t\u00e9l\u00e9op\u00e9r\u00e9 12.7mm FN Herstal, il constitue une innovation de rupture gr\u00e2ce \u00e0 l\u2019augmentation et \u00e0 l\u2019\u00e9longation de la capacit\u00e9 des tirs, et en mettant ses op\u00e9rateurs \u00e0 l\u2019abri des vues ennemies.<\/p><\/li><\/ul>\t\t\t\t\t\t\t\t<\/div>\n\t\t\t\t<\/div>\n\t\t\t\t<div class=\"elementor-element elementor-element-db32473 elementor-widget elementor-widget-spacer\" data-id=\"db32473\" data-element_type=\"widget\" data-e-type=\"widget\" data-widget_type=\"spacer.default\">\n\t\t\t\t<div class=\"elementor-widget-container\">\n\t\t\t\t\t\t\t<div class=\"elementor-spacer\">\n\t\t\t<div class=\"elementor-spacer-inner\"><\/div>\n\t\t<\/div>\n\t\t\t\t\t\t<\/div>\n\t\t\t\t<\/div>\n\t\t\t\t\t<\/div>\n\t\t<\/div>\n\t\t\t\t\t<\/div>\n\t\t<\/section>\n\t\t\t\t<section data-particle_enable=\"false\" data-particle-mobile-disabled=\"false\" class=\"elementor-section elementor-top-section elementor-element elementor-element-97abbdc elementor-section-boxed elementor-section-height-default elementor-section-height-default\" data-id=\"97abbdc\" data-element_type=\"section\" data-e-type=\"section\">\n\t\t\t\t\t\t<div class=\"elementor-container elementor-column-gap-default\">\n\t\t\t\t\t<div class=\"elementor-column elementor-col-100 elementor-top-column elementor-element elementor-element-18d130c\" data-id=\"18d130c\" data-element_type=\"column\" data-e-type=\"column\">\n\t\t\t<div class=\"elementor-widget-wrap elementor-element-populated\">\n\t\t\t\t\t\t<div class=\"elementor-element elementor-element-253dff5 elementor-widget elementor-widget-image\" data-id=\"253dff5\" data-element_type=\"widget\" data-e-type=\"widget\" data-widget_type=\"image.default\">\n\t\t\t\t<div class=\"elementor-widget-container\">\n\t\t\t\t\t\t\t\t\t\t\t\t<figure class=\"wp-caption\">\n\t\t\t\t\t\t\t\t\t\t<img loading=\"lazy\" decoding=\"async\" width=\"2560\" height=\"1704\" src=\"https:\/\/ihedn.fr\/wp-content\/uploads\/2023\/10\/Photo-4-robot-NERVA-scaled.jpg\" class=\"attachment-full size-full wp-image-43204\" alt=\"Le robot NERVA\" srcset=\"https:\/\/ihedn.fr\/wp-content\/uploads\/2023\/10\/Photo-4-robot-NERVA-scaled.jpg 2560w, https:\/\/ihedn.fr\/wp-content\/uploads\/2023\/10\/Photo-4-robot-NERVA-1536x1022.jpg 1536w, https:\/\/ihedn.fr\/wp-content\/uploads\/2023\/10\/Photo-4-robot-NERVA-2048x1363.jpg 2048w, https:\/\/ihedn.fr\/wp-content\/uploads\/2023\/10\/Photo-4-robot-NERVA-18x12.jpg 18w\" sizes=\"(max-width: 2560px) 100vw, 2560px\" \/>\t\t\t\t\t\t\t\t\t\t\t<figcaption class=\"widget-image-caption wp-caption-text\"> \u00a9arm\u00e9e de Terre<\/figcaption>\n\t\t\t\t\t\t\t\t\t\t<\/figure>\n\t\t\t\t\t\t\t\t\t<\/div>\n\t\t\t\t<\/div>\n\t\t\t\t<div class=\"elementor-element elementor-element-373dd5c elementor-widget elementor-widget-text-editor\" data-id=\"373dd5c\" data-element_type=\"widget\" data-e-type=\"widget\" data-widget_type=\"text-editor.default\">\n\t\t\t\t<div class=\"elementor-widget-container\">\n\t\t\t\t\t\t\t\t\t<ul><li><p style=\"text-indent: -18pt; text-align: left;\"><span style=\"font-family: Symbol; mso-fareast-font-family: Symbol; mso-bidi-font-family: Symbol;\"><span style=\"font-variant-numeric: normal; font-variant-east-asian: normal; font-variant-alternates: normal; font-kerning: auto; font-optical-sizing: auto; font-feature-settings: normal; font-variation-settings: normal; font-variant-position: normal; font-stretch: normal; font-size: 7pt; line-height: normal; font-family: 'Times New Roman';\">\u00a0 \u00a0 \u00a0 \u00a0 \u00a0<\/span><\/span><!--[endif]--><b>Le robot NERVA<\/b> avec cam\u00e9ra. Son agilit\u00e9, son adaptabilit\u00e9 et sa furtivit\u00e9 lui permettent d\u2019am\u00e9liorer les missions de reconnaissance, d\u2019observation et de brouillage.<\/p><\/li><\/ul>\t\t\t\t\t\t\t\t<\/div>\n\t\t\t\t<\/div>\n\t\t\t\t\t<\/div>\n\t\t<\/div>\n\t\t\t\t\t<\/div>\n\t\t<\/section>\n\t\t\t\t<\/div>\n\t\t","protected":false},"excerpt":{"rendered":"<p>As it undergoes a transformation, the French Army is placing particular emphasis on innovation. At the annual presentation of its capabilities this week, we focus on a new dedicated body, the Future Combat Command, and some of the latest equipment. <\/p>","protected":false},"author":10,"featured_media":43274,"comment_status":"closed","ping_status":"closed","sticky":false,"template":"","format":"standard","meta":{"footnotes":""},"categories":[207,41,171],"tags":[],"class_list":["post-43199","post","type-post","status-publish","format-standard","has-post-thumbnail","hentry","category-defense-militaire","category-lundis-de-lihedn","category-notre-selection"],"yoast_head":"<!-- This site is optimized with the Yoast SEO plugin v27.5 - https:\/\/yoast.com\/product\/yoast-seo-wordpress\/ -->\n<title>Face aux nouvelles r\u00e9alit\u00e9s op\u00e9rationnelles, l\u2019arm\u00e9e de Terre renforce l\u2019innovation - L&#039;IHEDN : Institut des hautes \u00e9tudes de d\u00e9fense nationale<\/title>\n<meta name=\"description\" content=\"\u00c0 l\u2019occasion de la pr\u00e9sentation des capacit\u00e9s de l\u2019arm\u00e9e de l\u2019Air et de l\u2019Espace (AAE) cette semaine, le g\u00e9n\u00e9ral de corps a\u00e9rien Laurent Rataud, commandant la d\u00e9fense a\u00e9rienne et les op\u00e9rations a\u00e9riennes, d\u00e9taille l\u2019importance et les missions de cette arm\u00e9e dans la diplomatie fran\u00e7aise et la coop\u00e9ration interalli\u00e9e.\" \/>\n<meta name=\"robots\" content=\"index, follow, max-snippet:-1, max-image-preview:large, max-video-preview:-1\" \/>\n<link rel=\"canonical\" href=\"https:\/\/ihedn.fr\/en\/lundis-de-lihedn\/face-aux-nouvelles-realites-operationnelles-larmee-de-terre-renforce-linnovation\/\" \/>\n<meta property=\"og:locale\" content=\"en_GB\" \/>\n<meta property=\"og:type\" content=\"article\" \/>\n<meta property=\"og:title\" content=\"Face aux nouvelles r\u00e9alit\u00e9s op\u00e9rationnelles, l\u2019arm\u00e9e de Terre renforce l\u2019innovation\" \/>\n<meta property=\"og:description\" content=\"En cours de transformation, l\u2019arm\u00e9e de Terre met notamment l\u2019accent sur l\u2019innovation. \u00c0 l\u2019occasion de la pr\u00e9sentation annuelle de ses capacit\u00e9s cette semaine, focus sur un nouvel organisme d\u00e9di\u00e9, le Commandement du combat futur, et sur quelques \u00e9quipements dernier cri.\" \/>\n<meta property=\"og:url\" content=\"https:\/\/ihedn.fr\/en\/lundis-de-lihedn\/face-aux-nouvelles-realites-operationnelles-larmee-de-terre-renforce-linnovation\/\" \/>\n<meta property=\"og:site_name\" content=\"L&#039;IHEDN : Institut des hautes \u00e9tudes de d\u00e9fense nationale\" \/>\n<meta property=\"article:publisher\" content=\"https:\/\/www.facebook.com\/ihedn\/\" \/>\n<meta property=\"article:published_time\" content=\"2023-10-16T08:36:53+00:00\" \/>\n<meta property=\"article:modified_time\" content=\"2025-04-18T08:16:11+00:00\" \/>\n<meta property=\"og:image\" content=\"https:\/\/ihedn.fr\/wp-content\/uploads\/2023\/10\/VISUEL_INNOVATION_AT_ST-1024x1024.png\" \/>\n\t<meta property=\"og:image:width\" content=\"1024\" \/>\n\t<meta property=\"og:image:height\" content=\"1024\" \/>\n\t<meta property=\"og:image:type\" content=\"image\/png\" \/>\n<meta name=\"author\" content=\"tanguy.morel@ihedn.fr\" \/>\n<meta name=\"twitter:card\" content=\"summary_large_image\" \/>\n<meta name=\"twitter:title\" content=\"Face aux nouvelles r\u00e9alit\u00e9s op\u00e9rationnelles, l\u2019arm\u00e9e de Terre renforce l\u2019innovation\" \/>\n<meta name=\"twitter:description\" content=\"En cours de transformation, l\u2019arm\u00e9e de Terre met notamment l\u2019accent sur l\u2019innovation. \u00c0 l\u2019occasion de la pr\u00e9sentation annuelle de ses capacit\u00e9s cette semaine, focus sur un nouvel organisme d\u00e9di\u00e9, le Commandement du combat futur, et sur quelques \u00e9quipements dernier cri.\" \/>\n<meta name=\"twitter:image\" content=\"https:\/\/ihedn.fr\/wp-content\/uploads\/2023\/10\/VISUEL_INNOVATION_AT_ST.png\" \/>\n<meta name=\"twitter:creator\" content=\"@IHEDN\" \/>\n<meta name=\"twitter:site\" content=\"@IHEDN\" \/>\n<meta name=\"twitter:label1\" content=\"Written by\" \/>\n\t<meta name=\"twitter:data1\" content=\"tanguy.morel@ihedn.fr\" \/>\n\t<meta name=\"twitter:label2\" content=\"Estimated reading time\" \/>\n\t<meta name=\"twitter:data2\" content=\"6 minutes\" \/>\n<script type=\"application\/ld+json\" class=\"yoast-schema-graph\">{\"@context\":\"https:\\\/\\\/schema.org\",\"@graph\":[{\"@type\":\"Article\",\"@id\":\"https:\\\/\\\/ihedn.fr\\\/lundis-de-lihedn\\\/face-aux-nouvelles-realites-operationnelles-larmee-de-terre-renforce-linnovation\\\/#article\",\"isPartOf\":{\"@id\":\"https:\\\/\\\/ihedn.fr\\\/lundis-de-lihedn\\\/face-aux-nouvelles-realites-operationnelles-larmee-de-terre-renforce-linnovation\\\/\"},\"author\":{\"name\":\"tanguy.morel@ihedn.fr\",\"@id\":\"https:\\\/\\\/ihedn.fr\\\/#\\\/schema\\\/person\\\/ed217a37104b27a246b200e65b827cc7\"},\"headline\":\"Face aux nouvelles r\u00e9alit\u00e9s op\u00e9rationnelles, l\u2019arm\u00e9e de Terre renforce l\u2019innovation\",\"datePublished\":\"2023-10-16T08:36:53+00:00\",\"dateModified\":\"2025-04-18T08:16:11+00:00\",\"mainEntityOfPage\":{\"@id\":\"https:\\\/\\\/ihedn.fr\\\/lundis-de-lihedn\\\/face-aux-nouvelles-realites-operationnelles-larmee-de-terre-renforce-linnovation\\\/\"},\"wordCount\":980,\"publisher\":{\"@id\":\"https:\\\/\\\/ihedn.fr\\\/#organization\"},\"image\":{\"@id\":\"https:\\\/\\\/ihedn.fr\\\/lundis-de-lihedn\\\/face-aux-nouvelles-realites-operationnelles-larmee-de-terre-renforce-linnovation\\\/#primaryimage\"},\"thumbnailUrl\":\"https:\\\/\\\/ihedn.fr\\\/wp-content\\\/uploads\\\/2023\\\/10\\\/VISUEL_INNOVATION_AT_ST.png\",\"articleSection\":[\"d\u00e9fense militaire\",\"Lundis de l'IHEDN\",\"Notre s\u00e9lection\"],\"inLanguage\":\"en-GB\"},{\"@type\":\"WebPage\",\"@id\":\"https:\\\/\\\/ihedn.fr\\\/lundis-de-lihedn\\\/face-aux-nouvelles-realites-operationnelles-larmee-de-terre-renforce-linnovation\\\/\",\"url\":\"https:\\\/\\\/ihedn.fr\\\/lundis-de-lihedn\\\/face-aux-nouvelles-realites-operationnelles-larmee-de-terre-renforce-linnovation\\\/\",\"name\":\"Face aux nouvelles r\u00e9alit\u00e9s op\u00e9rationnelles, l\u2019arm\u00e9e de Terre renforce l\u2019innovation - L&#039;IHEDN : Institut des hautes \u00e9tudes de d\u00e9fense nationale\",\"isPartOf\":{\"@id\":\"https:\\\/\\\/ihedn.fr\\\/#website\"},\"primaryImageOfPage\":{\"@id\":\"https:\\\/\\\/ihedn.fr\\\/lundis-de-lihedn\\\/face-aux-nouvelles-realites-operationnelles-larmee-de-terre-renforce-linnovation\\\/#primaryimage\"},\"image\":{\"@id\":\"https:\\\/\\\/ihedn.fr\\\/lundis-de-lihedn\\\/face-aux-nouvelles-realites-operationnelles-larmee-de-terre-renforce-linnovation\\\/#primaryimage\"},\"thumbnailUrl\":\"https:\\\/\\\/ihedn.fr\\\/wp-content\\\/uploads\\\/2023\\\/10\\\/VISUEL_INNOVATION_AT_ST.png\",\"datePublished\":\"2023-10-16T08:36:53+00:00\",\"dateModified\":\"2025-04-18T08:16:11+00:00\",\"description\":\"\u00c0 l\u2019occasion de la pr\u00e9sentation des capacit\u00e9s de l\u2019arm\u00e9e de l\u2019Air et de l\u2019Espace (AAE) cette semaine, le g\u00e9n\u00e9ral de corps a\u00e9rien Laurent Rataud, commandant la d\u00e9fense a\u00e9rienne et les op\u00e9rations a\u00e9riennes, d\u00e9taille l\u2019importance et les missions de cette arm\u00e9e dans la diplomatie fran\u00e7aise et la coop\u00e9ration interalli\u00e9e.\",\"breadcrumb\":{\"@id\":\"https:\\\/\\\/ihedn.fr\\\/lundis-de-lihedn\\\/face-aux-nouvelles-realites-operationnelles-larmee-de-terre-renforce-linnovation\\\/#breadcrumb\"},\"inLanguage\":\"en-GB\",\"potentialAction\":[{\"@type\":\"ReadAction\",\"target\":[\"https:\\\/\\\/ihedn.fr\\\/lundis-de-lihedn\\\/face-aux-nouvelles-realites-operationnelles-larmee-de-terre-renforce-linnovation\\\/\"]}]},{\"@type\":\"ImageObject\",\"inLanguage\":\"en-GB\",\"@id\":\"https:\\\/\\\/ihedn.fr\\\/lundis-de-lihedn\\\/face-aux-nouvelles-realites-operationnelles-larmee-de-terre-renforce-linnovation\\\/#primaryimage\",\"url\":\"https:\\\/\\\/ihedn.fr\\\/wp-content\\\/uploads\\\/2023\\\/10\\\/VISUEL_INNOVATION_AT_ST.png\",\"contentUrl\":\"https:\\\/\\\/ihedn.fr\\\/wp-content\\\/uploads\\\/2023\\\/10\\\/VISUEL_INNOVATION_AT_ST.png\",\"width\":2133,\"height\":1200,\"caption\":\"Focus - L'innovation dans l'arm\u00e9e de Terre - Les lundis de l'IHEDN\"},{\"@type\":\"BreadcrumbList\",\"@id\":\"https:\\\/\\\/ihedn.fr\\\/lundis-de-lihedn\\\/face-aux-nouvelles-realites-operationnelles-larmee-de-terre-renforce-linnovation\\\/#breadcrumb\",\"itemListElement\":[{\"@type\":\"ListItem\",\"position\":1,\"name\":\"Accueil\",\"item\":\"https:\\\/\\\/ihedn.fr\\\/\"},{\"@type\":\"ListItem\",\"position\":2,\"name\":\"Face aux nouvelles r\u00e9alit\u00e9s op\u00e9rationnelles, l\u2019arm\u00e9e de Terre renforce l\u2019innovation\"}]},{\"@type\":\"WebSite\",\"@id\":\"https:\\\/\\\/ihedn.fr\\\/#website\",\"url\":\"https:\\\/\\\/ihedn.fr\\\/\",\"name\":\"IHEDN : Institut des hautes \u00e9tudes de d\u00e9fense nationale |\",\"description\":\"Site officiel de l&#039;IHEDN plac\u00e9 sous la tutelle du Premier ministre.\",\"publisher\":{\"@id\":\"https:\\\/\\\/ihedn.fr\\\/#organization\"},\"potentialAction\":[{\"@type\":\"SearchAction\",\"target\":{\"@type\":\"EntryPoint\",\"urlTemplate\":\"https:\\\/\\\/ihedn.fr\\\/?s={search_term_string}\"},\"query-input\":{\"@type\":\"PropertyValueSpecification\",\"valueRequired\":true,\"valueName\":\"search_term_string\"}}],\"inLanguage\":\"en-GB\"},{\"@type\":\"Organization\",\"@id\":\"https:\\\/\\\/ihedn.fr\\\/#organization\",\"name\":\"IHEDN - Institut des Hautes Etudes de D\u00e9fense Nationale\",\"url\":\"https:\\\/\\\/ihedn.fr\\\/\",\"logo\":{\"@type\":\"ImageObject\",\"inLanguage\":\"en-GB\",\"@id\":\"https:\\\/\\\/ihedn.fr\\\/#\\\/schema\\\/logo\\\/image\\\/\",\"url\":\"https:\\\/\\\/ihedn.fr\\\/wp-content\\\/uploads\\\/2020\\\/11\\\/BLOC_RF_IHEDN_WEB.png\",\"contentUrl\":\"https:\\\/\\\/ihedn.fr\\\/wp-content\\\/uploads\\\/2020\\\/11\\\/BLOC_RF_IHEDN_WEB.png\",\"width\":500,\"height\":237,\"caption\":\"IHEDN - Institut des Hautes Etudes de D\u00e9fense Nationale\"},\"image\":{\"@id\":\"https:\\\/\\\/ihedn.fr\\\/#\\\/schema\\\/logo\\\/image\\\/\"},\"sameAs\":[\"https:\\\/\\\/www.facebook.com\\\/ihedn\\\/\",\"https:\\\/\\\/x.com\\\/IHEDN\",\"https:\\\/\\\/www.instagram.com\\\/ihedn\\\/\",\"https:\\\/\\\/www.linkedin.com\\\/school\\\/ihedn\\\/\",\"https:\\\/\\\/fr.wikipedia.org\\\/wiki\\\/Institut_des_hautes_\u00e9tudes_de_D\u00e9fense_nationale\"]},{\"@type\":\"Person\",\"@id\":\"https:\\\/\\\/ihedn.fr\\\/#\\\/schema\\\/person\\\/ed217a37104b27a246b200e65b827cc7\",\"name\":\"tanguy.morel@ihedn.fr\",\"image\":{\"@type\":\"ImageObject\",\"inLanguage\":\"en-GB\",\"@id\":\"https:\\\/\\\/secure.gravatar.com\\\/avatar\\\/36877cd30919fafddf1f9da45f4154aa468a64328452f2ceaff0968772207348?s=96&d=mm&r=g\",\"url\":\"https:\\\/\\\/secure.gravatar.com\\\/avatar\\\/36877cd30919fafddf1f9da45f4154aa468a64328452f2ceaff0968772207348?s=96&d=mm&r=g\",\"contentUrl\":\"https:\\\/\\\/secure.gravatar.com\\\/avatar\\\/36877cd30919fafddf1f9da45f4154aa468a64328452f2ceaff0968772207348?s=96&d=mm&r=g\",\"caption\":\"tanguy.morel@ihedn.fr\"},\"url\":\"https:\\\/\\\/ihedn.fr\\\/en\\\/author\\\/tanguy-morelihedn-fr\\\/\"}]}<\/script>\n<!-- \/ Yoast SEO plugin. -->","yoast_head_json":{"title":"Faced with new operational realities, the French Army is stepping up innovation - L'IHEDN : Institut des hautes \u00e9tudes de d\u00e9fense nationale (Graduate Institute of National Defence Studies)","description":"At this week's presentation of the capabilities of the French Air Force (AAE), Air Force Lieutenant General Laurent Rataud, Commander of Air Defence and Air Operations, explains the importance and missions of the AAE in French diplomacy and allied cooperation.","robots":{"index":"index","follow":"follow","max-snippet":"max-snippet:-1","max-image-preview":"max-image-preview:large","max-video-preview":"max-video-preview:-1"},"canonical":"https:\/\/ihedn.fr\/en\/lundis-de-lihedn\/face-aux-nouvelles-realites-operationnelles-larmee-de-terre-renforce-linnovation\/","og_locale":"en_GB","og_type":"article","og_title":"Face aux nouvelles r\u00e9alit\u00e9s op\u00e9rationnelles, l\u2019arm\u00e9e de Terre renforce l\u2019innovation","og_description":"En cours de transformation, l\u2019arm\u00e9e de Terre met notamment l\u2019accent sur l\u2019innovation. \u00c0 l\u2019occasion de la pr\u00e9sentation annuelle de ses capacit\u00e9s cette semaine, focus sur un nouvel organisme d\u00e9di\u00e9, le Commandement du combat futur, et sur quelques \u00e9quipements dernier cri.","og_url":"https:\/\/ihedn.fr\/en\/lundis-de-lihedn\/face-aux-nouvelles-realites-operationnelles-larmee-de-terre-renforce-linnovation\/","og_site_name":"L&#039;IHEDN : Institut des hautes \u00e9tudes de d\u00e9fense nationale","article_publisher":"https:\/\/www.facebook.com\/ihedn\/","article_published_time":"2023-10-16T08:36:53+00:00","article_modified_time":"2025-04-18T08:16:11+00:00","og_image":[{"width":1024,"height":1024,"url":"https:\/\/ihedn.fr\/wp-content\/uploads\/2023\/10\/VISUEL_INNOVATION_AT_ST-1024x1024.png","type":"image\/png"}],"author":"tanguy.morel@ihedn.fr","twitter_card":"summary_large_image","twitter_title":"Face aux nouvelles r\u00e9alit\u00e9s op\u00e9rationnelles, l\u2019arm\u00e9e de Terre renforce l\u2019innovation","twitter_description":"En cours de transformation, l\u2019arm\u00e9e de Terre met notamment l\u2019accent sur l\u2019innovation. \u00c0 l\u2019occasion de la pr\u00e9sentation annuelle de ses capacit\u00e9s cette semaine, focus sur un nouvel organisme d\u00e9di\u00e9, le Commandement du combat futur, et sur quelques \u00e9quipements dernier cri.","twitter_image":"https:\/\/ihedn.fr\/wp-content\/uploads\/2023\/10\/VISUEL_INNOVATION_AT_ST.png","twitter_creator":"@IHEDN","twitter_site":"@IHEDN","twitter_misc":{"Written by":"tanguy.morel@ihedn.fr","Estimated reading time":"6 minutes"},"schema":{"@context":"https:\/\/schema.org","@graph":[{"@type":"Article","@id":"https:\/\/ihedn.fr\/lundis-de-lihedn\/face-aux-nouvelles-realites-operationnelles-larmee-de-terre-renforce-linnovation\/#article","isPartOf":{"@id":"https:\/\/ihedn.fr\/lundis-de-lihedn\/face-aux-nouvelles-realites-operationnelles-larmee-de-terre-renforce-linnovation\/"},"author":{"name":"tanguy.morel@ihedn.fr","@id":"https:\/\/ihedn.fr\/#\/schema\/person\/ed217a37104b27a246b200e65b827cc7"},"headline":"Face aux nouvelles r\u00e9alit\u00e9s op\u00e9rationnelles, l\u2019arm\u00e9e de Terre renforce l\u2019innovation","datePublished":"2023-10-16T08:36:53+00:00","dateModified":"2025-04-18T08:16:11+00:00","mainEntityOfPage":{"@id":"https:\/\/ihedn.fr\/lundis-de-lihedn\/face-aux-nouvelles-realites-operationnelles-larmee-de-terre-renforce-linnovation\/"},"wordCount":980,"publisher":{"@id":"https:\/\/ihedn.fr\/#organization"},"image":{"@id":"https:\/\/ihedn.fr\/lundis-de-lihedn\/face-aux-nouvelles-realites-operationnelles-larmee-de-terre-renforce-linnovation\/#primaryimage"},"thumbnailUrl":"https:\/\/ihedn.fr\/wp-content\/uploads\/2023\/10\/VISUEL_INNOVATION_AT_ST.png","articleSection":["d\u00e9fense militaire","Lundis de l'IHEDN","Notre s\u00e9lection"],"inLanguage":"en-GB"},{"@type":"WebPage","@id":"https:\/\/ihedn.fr\/lundis-de-lihedn\/face-aux-nouvelles-realites-operationnelles-larmee-de-terre-renforce-linnovation\/","url":"https:\/\/ihedn.fr\/lundis-de-lihedn\/face-aux-nouvelles-realites-operationnelles-larmee-de-terre-renforce-linnovation\/","name":"Faced with new operational realities, the French Army is stepping up innovation - L'IHEDN : Institut des hautes \u00e9tudes de d\u00e9fense nationale (Graduate Institute of National Defence Studies)","isPartOf":{"@id":"https:\/\/ihedn.fr\/#website"},"primaryImageOfPage":{"@id":"https:\/\/ihedn.fr\/lundis-de-lihedn\/face-aux-nouvelles-realites-operationnelles-larmee-de-terre-renforce-linnovation\/#primaryimage"},"image":{"@id":"https:\/\/ihedn.fr\/lundis-de-lihedn\/face-aux-nouvelles-realites-operationnelles-larmee-de-terre-renforce-linnovation\/#primaryimage"},"thumbnailUrl":"https:\/\/ihedn.fr\/wp-content\/uploads\/2023\/10\/VISUEL_INNOVATION_AT_ST.png","datePublished":"2023-10-16T08:36:53+00:00","dateModified":"2025-04-18T08:16:11+00:00","description":"At this week's presentation of the capabilities of the French Air Force (AAE), Air Force Lieutenant General Laurent Rataud, Commander of Air Defence and Air Operations, explains the importance and missions of the AAE in French diplomacy and allied cooperation.","breadcrumb":{"@id":"https:\/\/ihedn.fr\/lundis-de-lihedn\/face-aux-nouvelles-realites-operationnelles-larmee-de-terre-renforce-linnovation\/#breadcrumb"},"inLanguage":"en-GB","potentialAction":[{"@type":"ReadAction","target":["https:\/\/ihedn.fr\/lundis-de-lihedn\/face-aux-nouvelles-realites-operationnelles-larmee-de-terre-renforce-linnovation\/"]}]},{"@type":"ImageObject","inLanguage":"en-GB","@id":"https:\/\/ihedn.fr\/lundis-de-lihedn\/face-aux-nouvelles-realites-operationnelles-larmee-de-terre-renforce-linnovation\/#primaryimage","url":"https:\/\/ihedn.fr\/wp-content\/uploads\/2023\/10\/VISUEL_INNOVATION_AT_ST.png","contentUrl":"https:\/\/ihedn.fr\/wp-content\/uploads\/2023\/10\/VISUEL_INNOVATION_AT_ST.png","width":2133,"height":1200,"caption":"Focus - L'innovation dans l'arm\u00e9e de Terre - Les lundis de l'IHEDN"},{"@type":"BreadcrumbList","@id":"https:\/\/ihedn.fr\/lundis-de-lihedn\/face-aux-nouvelles-realites-operationnelles-larmee-de-terre-renforce-linnovation\/#breadcrumb","itemListElement":[{"@type":"ListItem","position":1,"name":"Accueil","item":"https:\/\/ihedn.fr\/"},{"@type":"ListItem","position":2,"name":"Face aux nouvelles r\u00e9alit\u00e9s op\u00e9rationnelles, l\u2019arm\u00e9e de Terre renforce l\u2019innovation"}]},{"@type":"WebSite","@id":"https:\/\/ihedn.fr\/#website","url":"https:\/\/ihedn.fr\/","name":"IHEDN: Institut des hautes \u00e9tudes de d\u00e9fense nationale (Institute for Higher National Defence Studies)","description":"Official website of the IHEDN under the supervision of the Prime Minister.","publisher":{"@id":"https:\/\/ihedn.fr\/#organization"},"potentialAction":[{"@type":"SearchAction","target":{"@type":"EntryPoint","urlTemplate":"https:\/\/ihedn.fr\/?s={search_term_string}"},"query-input":{"@type":"PropertyValueSpecification","valueRequired":true,"valueName":"search_term_string"}}],"inLanguage":"en-GB"},{"@type":"Organization","@id":"https:\/\/ihedn.fr\/#organization","name":"IHEDN - Institute for Higher National Defence Studies","url":"https:\/\/ihedn.fr\/","logo":{"@type":"ImageObject","inLanguage":"en-GB","@id":"https:\/\/ihedn.fr\/#\/schema\/logo\/image\/","url":"https:\/\/ihedn.fr\/wp-content\/uploads\/2020\/11\/BLOC_RF_IHEDN_WEB.png","contentUrl":"https:\/\/ihedn.fr\/wp-content\/uploads\/2020\/11\/BLOC_RF_IHEDN_WEB.png","width":500,"height":237,"caption":"IHEDN - Institut des Hautes Etudes de D\u00e9fense Nationale"},"image":{"@id":"https:\/\/ihedn.fr\/#\/schema\/logo\/image\/"},"sameAs":["https:\/\/www.facebook.com\/ihedn\/","https:\/\/x.com\/IHEDN","https:\/\/www.instagram.com\/ihedn\/","https:\/\/www.linkedin.com\/school\/ihedn\/","https:\/\/fr.wikipedia.org\/wiki\/Institut_des_hautes_\u00e9tudes_de_D\u00e9fense_nationale"]},{"@type":"Person","@id":"https:\/\/ihedn.fr\/#\/schema\/person\/ed217a37104b27a246b200e65b827cc7","name":"tanguy.morel@ihedn.fr","image":{"@type":"ImageObject","inLanguage":"en-GB","@id":"https:\/\/secure.gravatar.com\/avatar\/36877cd30919fafddf1f9da45f4154aa468a64328452f2ceaff0968772207348?s=96&d=mm&r=g","url":"https:\/\/secure.gravatar.com\/avatar\/36877cd30919fafddf1f9da45f4154aa468a64328452f2ceaff0968772207348?s=96&d=mm&r=g","contentUrl":"https:\/\/secure.gravatar.com\/avatar\/36877cd30919fafddf1f9da45f4154aa468a64328452f2ceaff0968772207348?s=96&d=mm&r=g","caption":"tanguy.morel@ihedn.fr"},"url":"https:\/\/ihedn.fr\/en\/author\/tanguy-morelihedn-fr\/"}]}},"publishpress_future_action":{"enabled":false,"date":"2026-05-07 00:23:52","action":"change-status","newStatus":"draft","terms":[],"taxonomy":"category","extraData":[]},"publishpress_future_workflow_manual_trigger":{"enabledWorkflows":[]},"_links":{"self":[{"href":"https:\/\/ihedn.fr\/en\/wp-json\/wp\/v2\/posts\/43199","targetHints":{"allow":["GET"]}}],"collection":[{"href":"https:\/\/ihedn.fr\/en\/wp-json\/wp\/v2\/posts"}],"about":[{"href":"https:\/\/ihedn.fr\/en\/wp-json\/wp\/v2\/types\/post"}],"author":[{"embeddable":true,"href":"https:\/\/ihedn.fr\/en\/wp-json\/wp\/v2\/users\/10"}],"replies":[{"embeddable":true,"href":"https:\/\/ihedn.fr\/en\/wp-json\/wp\/v2\/comments?post=43199"}],"version-history":[{"count":11,"href":"https:\/\/ihedn.fr\/en\/wp-json\/wp\/v2\/posts\/43199\/revisions"}],"predecessor-version":[{"id":53826,"href":"https:\/\/ihedn.fr\/en\/wp-json\/wp\/v2\/posts\/43199\/revisions\/53826"}],"wp:featuredmedia":[{"embeddable":true,"href":"https:\/\/ihedn.fr\/en\/wp-json\/wp\/v2\/media\/43274"}],"wp:attachment":[{"href":"https:\/\/ihedn.fr\/en\/wp-json\/wp\/v2\/media?parent=43199"}],"wp:term":[{"taxonomy":"category","embeddable":true,"href":"https:\/\/ihedn.fr\/en\/wp-json\/wp\/v2\/categories?post=43199"},{"taxonomy":"post_tag","embeddable":true,"href":"https:\/\/ihedn.fr\/en\/wp-json\/wp\/v2\/tags?post=43199"}],"curies":[{"name":"wp","href":"https:\/\/api.w.org\/{rel}","templated":true}]}}