{"id":43214,"date":"2023-10-11T14:00:39","date_gmt":"2023-10-11T13:00:39","guid":{"rendered":"https:\/\/ihedn.fr\/?p=43214"},"modified":"2025-04-09T14:47:05","modified_gmt":"2025-04-09T13:47:05","slug":"pensee-et-culture-strategique-russes-du-contournement-de-la-lutte-armee-a-la-guerre-en-ukraine","status":"publish","type":"post","link":"https:\/\/ihedn.fr\/en\/les-debats-strategiques\/pensee-et-culture-strategique-russes-du-contournement-de-la-lutte-armee-a-la-guerre-en-ukraine\/","title":{"rendered":"Russian strategic thought and culture, From bypassing armed struggle to war in Ukraine"},"content":{"rendered":"<div data-elementor-type=\"wp-post\" data-elementor-id=\"43214\" class=\"elementor elementor-43214\" data-elementor-post-type=\"post\">\n\t\t\t\t\t\t<section data-particle_enable=\"false\" data-particle-mobile-disabled=\"false\" class=\"elementor-section elementor-top-section elementor-element elementor-element-a996be7 elementor-section-boxed elementor-section-height-default elementor-section-height-default\" data-id=\"a996be7\" data-element_type=\"section\" data-e-type=\"section\">\n\t\t\t\t\t\t<div class=\"elementor-container elementor-column-gap-default\">\n\t\t\t\t\t<div class=\"elementor-column elementor-col-100 elementor-top-column elementor-element elementor-element-ec8e958\" data-id=\"ec8e958\" data-element_type=\"column\" data-e-type=\"column\">\n\t\t\t<div class=\"elementor-widget-wrap elementor-element-populated\">\n\t\t\t\t\t\t<div class=\"elementor-element elementor-element-41d14fe elementor-widget elementor-widget-text-editor\" data-id=\"41d14fe\" data-element_type=\"widget\" data-e-type=\"widget\" data-widget_type=\"text-editor.default\">\n\t\t\t\t<div class=\"elementor-widget-container\">\n\t\t\t\t\t\t\t\t\t<p><strong>13 November: Dimitri Minic, <em>Russian strategic thought and culture, From bypassing armed struggle to war in Ukraine<\/em><\/strong><\/p><p>Since the collapse of the USSR, post-Soviet Russian strategic thinking has undergone profound change. Based on an examination of Russian military literature, doctrinal documents and speeches by Russian military and political officials, this history and strategy book analyses the concepts, notions and debates through which Russian military theorists have attempted to understand the characteristics of a modern war that is less and less centred on armed struggle.\u00a0<\/p><p>A researcher at the French Institute of International Relations (Ifri), Dimitri Minic holds a doctorate in the history of international relations from Sorbonne University. He has also worked as a consultant for the DGRIS, where he produced reports on energy issues in Eurasia and North America, and was awarded the Albert Thibaudet prize for his book <em>Russian strategic thinking and culture<\/em>.<\/p>\t\t\t\t\t\t\t\t<\/div>\n\t\t\t\t<\/div>\n\t\t\t\t<div class=\"elementor-element elementor-element-04b335a elementor-widget elementor-widget-text-editor\" data-id=\"04b335a\" data-element_type=\"widget\" data-e-type=\"widget\" data-widget_type=\"text-editor.default\">\n\t\t\t\t<div class=\"elementor-widget-container\">\n\t\t\t\t\t\t\t\t\t<p><strong>Registration is now closed.<\/strong><\/p>\t\t\t\t\t\t\t\t<\/div>\n\t\t\t\t<\/div>\n\t\t\t\t\t<\/div>\n\t\t<\/div>\n\t\t\t\t\t<\/div>\n\t\t<\/section>\n\t\t\t\t<\/div>","protected":false},"excerpt":{"rendered":"<p><span style=\"color: #c80a23;\"><strong>13 November 2023 | 6.30pm<\/strong><\/span> at the \u00c9cole militaire<\/p>","protected":false},"author":10,"featured_media":43336,"comment_status":"closed","ping_status":"closed","sticky":false,"template":"","format":"standard","meta":{"footnotes":""},"categories":[42],"tags":[247,249],"class_list":["post-43214","post","type-post","status-publish","format-standard","has-post-thumbnail","hentry","category-les-debats-strategiques","tag-debat-strategique","tag-ancien-debat-strategique"],"yoast_head":"<!-- This site is optimized with the Yoast SEO plugin v27.5 - https:\/\/yoast.com\/product\/yoast-seo-wordpress\/ -->\n<title>Pens\u00e9e et culture strat\u00e9gique russes, Du contournement de la lutte arm\u00e9e \u00e0 la guerre en Ukraine - L&#039;IHEDN : Institut des hautes \u00e9tudes de d\u00e9fense nationale<\/title>\n<meta name=\"description\" content=\"Cet ouvrage met en lumi\u00e8re les menaces invisibles qui p\u00e8sent aujourd\u2019hui sur les d\u00e9mocraties occidentales. Les campagnes de d\u00e9sinformation, les cyberattaques, l&#039;ing\u00e9rence dans les campagnes \u00e9lectorales et dans la vie politique se sont en effet multipli\u00e9es. Fake news, trolls : l&#039;infox touche d\u00e9sormais tous les sujets, de la Covid aux droits des femmes et des minorit\u00e9s, en passant par la guerre d&#039;Ukraine.\" \/>\n<meta name=\"robots\" content=\"index, follow, max-snippet:-1, max-image-preview:large, max-video-preview:-1\" \/>\n<link rel=\"canonical\" href=\"https:\/\/ihedn.fr\/en\/les-debats-strategiques\/pensee-et-culture-strategique-russes-du-contournement-de-la-lutte-armee-a-la-guerre-en-ukraine\/\" \/>\n<meta property=\"og:locale\" content=\"en_GB\" \/>\n<meta property=\"og:type\" content=\"article\" \/>\n<meta property=\"og:title\" content=\"Pens\u00e9e et culture strat\u00e9gique russes, Du contournement de la lutte arm\u00e9e \u00e0 la guerre en Ukraine\" \/>\n<meta property=\"og:description\" content=\"13 novembre 2023 | 18h30 \u00e0 l&#039;\u00c9cole militaire\" \/>\n<meta property=\"og:url\" content=\"https:\/\/ihedn.fr\/en\/les-debats-strategiques\/pensee-et-culture-strategique-russes-du-contournement-de-la-lutte-armee-a-la-guerre-en-ukraine\/\" \/>\n<meta property=\"og:site_name\" content=\"L&#039;IHEDN : Institut des hautes \u00e9tudes de d\u00e9fense nationale\" \/>\n<meta property=\"article:publisher\" content=\"https:\/\/www.facebook.com\/ihedn\/\" \/>\n<meta property=\"article:published_time\" content=\"2023-10-11T13:00:39+00:00\" \/>\n<meta property=\"article:modified_time\" content=\"2025-04-09T13:47:05+00:00\" \/>\n<meta property=\"og:image\" content=\"https:\/\/ihedn.fr\/wp-content\/uploads\/2023\/10\/MINIC_DEBSTRATEGIQUE_1600x900-2.png\" \/>\n\t<meta property=\"og:image:width\" content=\"1000\" \/>\n\t<meta property=\"og:image:height\" content=\"563\" \/>\n\t<meta property=\"og:image:type\" content=\"image\/png\" \/>\n<meta name=\"author\" content=\"tanguy.morel@ihedn.fr\" \/>\n<meta name=\"twitter:card\" content=\"summary_large_image\" \/>\n<meta name=\"twitter:title\" content=\"Pens\u00e9e et culture strat\u00e9gique russes, Du contournement de la lutte arm\u00e9e \u00e0 la guerre en Ukraine\" \/>\n<meta name=\"twitter:description\" content=\"13 novembre 2023 | 18h30 \u00e0 l&#039;\u00c9cole militaire\" \/>\n<meta name=\"twitter:image\" content=\"https:\/\/ihedn.fr\/wp-content\/uploads\/2023\/10\/MINIC_DEBSTRATEGIQUE_1600x900-2.png\" \/>\n<meta name=\"twitter:creator\" content=\"@IHEDN\" \/>\n<meta name=\"twitter:site\" content=\"@IHEDN\" \/>\n<meta name=\"twitter:label1\" content=\"Written by\" \/>\n\t<meta name=\"twitter:data1\" content=\"tanguy.morel@ihedn.fr\" \/>\n\t<meta name=\"twitter:label2\" content=\"Estimated reading time\" \/>\n\t<meta name=\"twitter:data2\" content=\"1 minute\" \/>\n<script type=\"application\/ld+json\" class=\"yoast-schema-graph\">{\"@context\":\"https:\\\/\\\/schema.org\",\"@graph\":[{\"@type\":\"Article\",\"@id\":\"https:\\\/\\\/ihedn.fr\\\/les-debats-strategiques\\\/pensee-et-culture-strategique-russes-du-contournement-de-la-lutte-armee-a-la-guerre-en-ukraine\\\/#article\",\"isPartOf\":{\"@id\":\"https:\\\/\\\/ihedn.fr\\\/les-debats-strategiques\\\/pensee-et-culture-strategique-russes-du-contournement-de-la-lutte-armee-a-la-guerre-en-ukraine\\\/\"},\"author\":{\"name\":\"tanguy.morel@ihedn.fr\",\"@id\":\"https:\\\/\\\/ihedn.fr\\\/#\\\/schema\\\/person\\\/ed217a37104b27a246b200e65b827cc7\"},\"headline\":\"Pens\u00e9e et culture strat\u00e9gique russes, Du contournement de la lutte arm\u00e9e \u00e0 la guerre en Ukraine\",\"datePublished\":\"2023-10-11T13:00:39+00:00\",\"dateModified\":\"2025-04-09T13:47:05+00:00\",\"mainEntityOfPage\":{\"@id\":\"https:\\\/\\\/ihedn.fr\\\/les-debats-strategiques\\\/pensee-et-culture-strategique-russes-du-contournement-de-la-lutte-armee-a-la-guerre-en-ukraine\\\/\"},\"wordCount\":194,\"publisher\":{\"@id\":\"https:\\\/\\\/ihedn.fr\\\/#organization\"},\"image\":{\"@id\":\"https:\\\/\\\/ihedn.fr\\\/les-debats-strategiques\\\/pensee-et-culture-strategique-russes-du-contournement-de-la-lutte-armee-a-la-guerre-en-ukraine\\\/#primaryimage\"},\"thumbnailUrl\":\"https:\\\/\\\/ihedn.fr\\\/wp-content\\\/uploads\\\/2023\\\/10\\\/MINIC_DEBSTRATEGIQUE_1600x900-2.png\",\"keywords\":[\"d\u00e9bat-strat\u00e9gique\",\"pr\u00e9c\u00e9dent-d\u00e9bat-strat\u00e9gique\"],\"articleSection\":[\"Les d\u00e9bats strat\u00e9giques\"],\"inLanguage\":\"en-GB\"},{\"@type\":\"WebPage\",\"@id\":\"https:\\\/\\\/ihedn.fr\\\/les-debats-strategiques\\\/pensee-et-culture-strategique-russes-du-contournement-de-la-lutte-armee-a-la-guerre-en-ukraine\\\/\",\"url\":\"https:\\\/\\\/ihedn.fr\\\/les-debats-strategiques\\\/pensee-et-culture-strategique-russes-du-contournement-de-la-lutte-armee-a-la-guerre-en-ukraine\\\/\",\"name\":\"Pens\u00e9e et culture strat\u00e9gique russes, Du contournement de la lutte arm\u00e9e \u00e0 la guerre en Ukraine - L&#039;IHEDN : Institut des hautes \u00e9tudes de d\u00e9fense nationale\",\"isPartOf\":{\"@id\":\"https:\\\/\\\/ihedn.fr\\\/#website\"},\"primaryImageOfPage\":{\"@id\":\"https:\\\/\\\/ihedn.fr\\\/les-debats-strategiques\\\/pensee-et-culture-strategique-russes-du-contournement-de-la-lutte-armee-a-la-guerre-en-ukraine\\\/#primaryimage\"},\"image\":{\"@id\":\"https:\\\/\\\/ihedn.fr\\\/les-debats-strategiques\\\/pensee-et-culture-strategique-russes-du-contournement-de-la-lutte-armee-a-la-guerre-en-ukraine\\\/#primaryimage\"},\"thumbnailUrl\":\"https:\\\/\\\/ihedn.fr\\\/wp-content\\\/uploads\\\/2023\\\/10\\\/MINIC_DEBSTRATEGIQUE_1600x900-2.png\",\"datePublished\":\"2023-10-11T13:00:39+00:00\",\"dateModified\":\"2025-04-09T13:47:05+00:00\",\"description\":\"Cet ouvrage met en lumi\u00e8re les menaces invisibles qui p\u00e8sent aujourd\u2019hui sur les d\u00e9mocraties occidentales. Les campagnes de d\u00e9sinformation, les cyberattaques, l'ing\u00e9rence dans les campagnes \u00e9lectorales et dans la vie politique se sont en effet multipli\u00e9es. Fake news, trolls : l'infox touche d\u00e9sormais tous les sujets, de la Covid aux droits des femmes et des minorit\u00e9s, en passant par la guerre d'Ukraine.\",\"breadcrumb\":{\"@id\":\"https:\\\/\\\/ihedn.fr\\\/les-debats-strategiques\\\/pensee-et-culture-strategique-russes-du-contournement-de-la-lutte-armee-a-la-guerre-en-ukraine\\\/#breadcrumb\"},\"inLanguage\":\"en-GB\",\"potentialAction\":[{\"@type\":\"ReadAction\",\"target\":[\"https:\\\/\\\/ihedn.fr\\\/les-debats-strategiques\\\/pensee-et-culture-strategique-russes-du-contournement-de-la-lutte-armee-a-la-guerre-en-ukraine\\\/\"]}]},{\"@type\":\"ImageObject\",\"inLanguage\":\"en-GB\",\"@id\":\"https:\\\/\\\/ihedn.fr\\\/les-debats-strategiques\\\/pensee-et-culture-strategique-russes-du-contournement-de-la-lutte-armee-a-la-guerre-en-ukraine\\\/#primaryimage\",\"url\":\"https:\\\/\\\/ihedn.fr\\\/wp-content\\\/uploads\\\/2023\\\/10\\\/MINIC_DEBSTRATEGIQUE_1600x900-2.png\",\"contentUrl\":\"https:\\\/\\\/ihedn.fr\\\/wp-content\\\/uploads\\\/2023\\\/10\\\/MINIC_DEBSTRATEGIQUE_1600x900-2.png\",\"width\":1000,\"height\":563,\"caption\":\"Pens\u00e9e et culture strat\u00e9giques russes, un livre de Dimitri Minic | Les d\u00e9bats strat\u00e9giques de l'IHEDN\"},{\"@type\":\"BreadcrumbList\",\"@id\":\"https:\\\/\\\/ihedn.fr\\\/les-debats-strategiques\\\/pensee-et-culture-strategique-russes-du-contournement-de-la-lutte-armee-a-la-guerre-en-ukraine\\\/#breadcrumb\",\"itemListElement\":[{\"@type\":\"ListItem\",\"position\":1,\"name\":\"Accueil\",\"item\":\"https:\\\/\\\/ihedn.fr\\\/\"},{\"@type\":\"ListItem\",\"position\":2,\"name\":\"Pens\u00e9e et culture strat\u00e9gique russes, Du contournement de la lutte arm\u00e9e \u00e0 la guerre en Ukraine\"}]},{\"@type\":\"WebSite\",\"@id\":\"https:\\\/\\\/ihedn.fr\\\/#website\",\"url\":\"https:\\\/\\\/ihedn.fr\\\/\",\"name\":\"IHEDN : Institut des hautes \u00e9tudes de d\u00e9fense nationale |\",\"description\":\"Site officiel de l&#039;IHEDN plac\u00e9 sous la tutelle du Premier ministre.\",\"publisher\":{\"@id\":\"https:\\\/\\\/ihedn.fr\\\/#organization\"},\"potentialAction\":[{\"@type\":\"SearchAction\",\"target\":{\"@type\":\"EntryPoint\",\"urlTemplate\":\"https:\\\/\\\/ihedn.fr\\\/?s={search_term_string}\"},\"query-input\":{\"@type\":\"PropertyValueSpecification\",\"valueRequired\":true,\"valueName\":\"search_term_string\"}}],\"inLanguage\":\"en-GB\"},{\"@type\":\"Organization\",\"@id\":\"https:\\\/\\\/ihedn.fr\\\/#organization\",\"name\":\"IHEDN - Institut des Hautes Etudes de D\u00e9fense Nationale\",\"url\":\"https:\\\/\\\/ihedn.fr\\\/\",\"logo\":{\"@type\":\"ImageObject\",\"inLanguage\":\"en-GB\",\"@id\":\"https:\\\/\\\/ihedn.fr\\\/#\\\/schema\\\/logo\\\/image\\\/\",\"url\":\"https:\\\/\\\/ihedn.fr\\\/wp-content\\\/uploads\\\/2020\\\/11\\\/BLOC_RF_IHEDN_WEB.png\",\"contentUrl\":\"https:\\\/\\\/ihedn.fr\\\/wp-content\\\/uploads\\\/2020\\\/11\\\/BLOC_RF_IHEDN_WEB.png\",\"width\":500,\"height\":237,\"caption\":\"IHEDN - Institut des Hautes Etudes de D\u00e9fense Nationale\"},\"image\":{\"@id\":\"https:\\\/\\\/ihedn.fr\\\/#\\\/schema\\\/logo\\\/image\\\/\"},\"sameAs\":[\"https:\\\/\\\/www.facebook.com\\\/ihedn\\\/\",\"https:\\\/\\\/x.com\\\/IHEDN\",\"https:\\\/\\\/www.instagram.com\\\/ihedn\\\/\",\"https:\\\/\\\/www.linkedin.com\\\/school\\\/ihedn\\\/\",\"https:\\\/\\\/fr.wikipedia.org\\\/wiki\\\/Institut_des_hautes_\u00e9tudes_de_D\u00e9fense_nationale\"]},{\"@type\":\"Person\",\"@id\":\"https:\\\/\\\/ihedn.fr\\\/#\\\/schema\\\/person\\\/ed217a37104b27a246b200e65b827cc7\",\"name\":\"tanguy.morel@ihedn.fr\",\"image\":{\"@type\":\"ImageObject\",\"inLanguage\":\"en-GB\",\"@id\":\"https:\\\/\\\/secure.gravatar.com\\\/avatar\\\/36877cd30919fafddf1f9da45f4154aa468a64328452f2ceaff0968772207348?s=96&d=mm&r=g\",\"url\":\"https:\\\/\\\/secure.gravatar.com\\\/avatar\\\/36877cd30919fafddf1f9da45f4154aa468a64328452f2ceaff0968772207348?s=96&d=mm&r=g\",\"contentUrl\":\"https:\\\/\\\/secure.gravatar.com\\\/avatar\\\/36877cd30919fafddf1f9da45f4154aa468a64328452f2ceaff0968772207348?s=96&d=mm&r=g\",\"caption\":\"tanguy.morel@ihedn.fr\"},\"url\":\"https:\\\/\\\/ihedn.fr\\\/en\\\/author\\\/tanguy-morelihedn-fr\\\/\"}]}<\/script>\n<!-- \/ Yoast SEO plugin. -->","yoast_head_json":{"title":"Russian strategic thinking and culture, From bypassing the armed struggle to the war in Ukraine - L'IHEDN : Institut des hautes \u00e9tudes de d\u00e9fense nationale (Graduate Institute of National Defence)","description":"This book highlights the invisible threats facing Western democracies today. Disinformation campaigns, cyber-attacks and interference in election campaigns and political life are on the increase. Fake news, trolls: the infox now touches on everything from Covid to women's and minority rights, via the war in Ukraine.","robots":{"index":"index","follow":"follow","max-snippet":"max-snippet:-1","max-image-preview":"max-image-preview:large","max-video-preview":"max-video-preview:-1"},"canonical":"https:\/\/ihedn.fr\/en\/les-debats-strategiques\/pensee-et-culture-strategique-russes-du-contournement-de-la-lutte-armee-a-la-guerre-en-ukraine\/","og_locale":"en_GB","og_type":"article","og_title":"Pens\u00e9e et culture strat\u00e9gique russes, Du contournement de la lutte arm\u00e9e \u00e0 la guerre en Ukraine","og_description":"13 novembre 2023 | 18h30 \u00e0 l'\u00c9cole militaire","og_url":"https:\/\/ihedn.fr\/en\/les-debats-strategiques\/pensee-et-culture-strategique-russes-du-contournement-de-la-lutte-armee-a-la-guerre-en-ukraine\/","og_site_name":"L&#039;IHEDN : Institut des hautes \u00e9tudes de d\u00e9fense nationale","article_publisher":"https:\/\/www.facebook.com\/ihedn\/","article_published_time":"2023-10-11T13:00:39+00:00","article_modified_time":"2025-04-09T13:47:05+00:00","og_image":[{"width":1000,"height":563,"url":"https:\/\/ihedn.fr\/wp-content\/uploads\/2023\/10\/MINIC_DEBSTRATEGIQUE_1600x900-2.png","type":"image\/png"}],"author":"tanguy.morel@ihedn.fr","twitter_card":"summary_large_image","twitter_title":"Pens\u00e9e et culture strat\u00e9gique russes, Du contournement de la lutte arm\u00e9e \u00e0 la guerre en Ukraine","twitter_description":"13 novembre 2023 | 18h30 \u00e0 l'\u00c9cole militaire","twitter_image":"https:\/\/ihedn.fr\/wp-content\/uploads\/2023\/10\/MINIC_DEBSTRATEGIQUE_1600x900-2.png","twitter_creator":"@IHEDN","twitter_site":"@IHEDN","twitter_misc":{"Written by":"tanguy.morel@ihedn.fr","Estimated reading time":"1 minute"},"schema":{"@context":"https:\/\/schema.org","@graph":[{"@type":"Article","@id":"https:\/\/ihedn.fr\/les-debats-strategiques\/pensee-et-culture-strategique-russes-du-contournement-de-la-lutte-armee-a-la-guerre-en-ukraine\/#article","isPartOf":{"@id":"https:\/\/ihedn.fr\/les-debats-strategiques\/pensee-et-culture-strategique-russes-du-contournement-de-la-lutte-armee-a-la-guerre-en-ukraine\/"},"author":{"name":"tanguy.morel@ihedn.fr","@id":"https:\/\/ihedn.fr\/#\/schema\/person\/ed217a37104b27a246b200e65b827cc7"},"headline":"Pens\u00e9e et culture strat\u00e9gique russes, Du contournement de la lutte arm\u00e9e \u00e0 la guerre en Ukraine","datePublished":"2023-10-11T13:00:39+00:00","dateModified":"2025-04-09T13:47:05+00:00","mainEntityOfPage":{"@id":"https:\/\/ihedn.fr\/les-debats-strategiques\/pensee-et-culture-strategique-russes-du-contournement-de-la-lutte-armee-a-la-guerre-en-ukraine\/"},"wordCount":194,"publisher":{"@id":"https:\/\/ihedn.fr\/#organization"},"image":{"@id":"https:\/\/ihedn.fr\/les-debats-strategiques\/pensee-et-culture-strategique-russes-du-contournement-de-la-lutte-armee-a-la-guerre-en-ukraine\/#primaryimage"},"thumbnailUrl":"https:\/\/ihedn.fr\/wp-content\/uploads\/2023\/10\/MINIC_DEBSTRATEGIQUE_1600x900-2.png","keywords":["d\u00e9bat-strat\u00e9gique","pr\u00e9c\u00e9dent-d\u00e9bat-strat\u00e9gique"],"articleSection":["Les d\u00e9bats strat\u00e9giques"],"inLanguage":"en-GB"},{"@type":"WebPage","@id":"https:\/\/ihedn.fr\/les-debats-strategiques\/pensee-et-culture-strategique-russes-du-contournement-de-la-lutte-armee-a-la-guerre-en-ukraine\/","url":"https:\/\/ihedn.fr\/les-debats-strategiques\/pensee-et-culture-strategique-russes-du-contournement-de-la-lutte-armee-a-la-guerre-en-ukraine\/","name":"Russian strategic thinking and culture, From bypassing the armed struggle to the war in Ukraine - L'IHEDN : Institut des hautes \u00e9tudes de d\u00e9fense nationale (Graduate Institute of National Defence)","isPartOf":{"@id":"https:\/\/ihedn.fr\/#website"},"primaryImageOfPage":{"@id":"https:\/\/ihedn.fr\/les-debats-strategiques\/pensee-et-culture-strategique-russes-du-contournement-de-la-lutte-armee-a-la-guerre-en-ukraine\/#primaryimage"},"image":{"@id":"https:\/\/ihedn.fr\/les-debats-strategiques\/pensee-et-culture-strategique-russes-du-contournement-de-la-lutte-armee-a-la-guerre-en-ukraine\/#primaryimage"},"thumbnailUrl":"https:\/\/ihedn.fr\/wp-content\/uploads\/2023\/10\/MINIC_DEBSTRATEGIQUE_1600x900-2.png","datePublished":"2023-10-11T13:00:39+00:00","dateModified":"2025-04-09T13:47:05+00:00","description":"This book highlights the invisible threats facing Western democracies today. Disinformation campaigns, cyber-attacks and interference in election campaigns and political life are on the increase. Fake news, trolls: the infox now touches on everything from Covid to women's and minority rights, via the war in Ukraine.","breadcrumb":{"@id":"https:\/\/ihedn.fr\/les-debats-strategiques\/pensee-et-culture-strategique-russes-du-contournement-de-la-lutte-armee-a-la-guerre-en-ukraine\/#breadcrumb"},"inLanguage":"en-GB","potentialAction":[{"@type":"ReadAction","target":["https:\/\/ihedn.fr\/les-debats-strategiques\/pensee-et-culture-strategique-russes-du-contournement-de-la-lutte-armee-a-la-guerre-en-ukraine\/"]}]},{"@type":"ImageObject","inLanguage":"en-GB","@id":"https:\/\/ihedn.fr\/les-debats-strategiques\/pensee-et-culture-strategique-russes-du-contournement-de-la-lutte-armee-a-la-guerre-en-ukraine\/#primaryimage","url":"https:\/\/ihedn.fr\/wp-content\/uploads\/2023\/10\/MINIC_DEBSTRATEGIQUE_1600x900-2.png","contentUrl":"https:\/\/ihedn.fr\/wp-content\/uploads\/2023\/10\/MINIC_DEBSTRATEGIQUE_1600x900-2.png","width":1000,"height":563,"caption":"Pens\u00e9e et culture strat\u00e9giques russes, un livre de Dimitri Minic | Les d\u00e9bats strat\u00e9giques de l'IHEDN"},{"@type":"BreadcrumbList","@id":"https:\/\/ihedn.fr\/les-debats-strategiques\/pensee-et-culture-strategique-russes-du-contournement-de-la-lutte-armee-a-la-guerre-en-ukraine\/#breadcrumb","itemListElement":[{"@type":"ListItem","position":1,"name":"Accueil","item":"https:\/\/ihedn.fr\/"},{"@type":"ListItem","position":2,"name":"Pens\u00e9e et culture strat\u00e9gique russes, Du contournement de la lutte arm\u00e9e \u00e0 la guerre en Ukraine"}]},{"@type":"WebSite","@id":"https:\/\/ihedn.fr\/#website","url":"https:\/\/ihedn.fr\/","name":"IHEDN: Institut des hautes \u00e9tudes de d\u00e9fense nationale (Institute for Higher National Defence Studies)","description":"Official website of the IHEDN under the supervision of the Prime Minister.","publisher":{"@id":"https:\/\/ihedn.fr\/#organization"},"potentialAction":[{"@type":"SearchAction","target":{"@type":"EntryPoint","urlTemplate":"https:\/\/ihedn.fr\/?s={search_term_string}"},"query-input":{"@type":"PropertyValueSpecification","valueRequired":true,"valueName":"search_term_string"}}],"inLanguage":"en-GB"},{"@type":"Organization","@id":"https:\/\/ihedn.fr\/#organization","name":"IHEDN - Institute for Higher National Defence Studies","url":"https:\/\/ihedn.fr\/","logo":{"@type":"ImageObject","inLanguage":"en-GB","@id":"https:\/\/ihedn.fr\/#\/schema\/logo\/image\/","url":"https:\/\/ihedn.fr\/wp-content\/uploads\/2020\/11\/BLOC_RF_IHEDN_WEB.png","contentUrl":"https:\/\/ihedn.fr\/wp-content\/uploads\/2020\/11\/BLOC_RF_IHEDN_WEB.png","width":500,"height":237,"caption":"IHEDN - Institut des Hautes Etudes de D\u00e9fense Nationale"},"image":{"@id":"https:\/\/ihedn.fr\/#\/schema\/logo\/image\/"},"sameAs":["https:\/\/www.facebook.com\/ihedn\/","https:\/\/x.com\/IHEDN","https:\/\/www.instagram.com\/ihedn\/","https:\/\/www.linkedin.com\/school\/ihedn\/","https:\/\/fr.wikipedia.org\/wiki\/Institut_des_hautes_\u00e9tudes_de_D\u00e9fense_nationale"]},{"@type":"Person","@id":"https:\/\/ihedn.fr\/#\/schema\/person\/ed217a37104b27a246b200e65b827cc7","name":"tanguy.morel@ihedn.fr","image":{"@type":"ImageObject","inLanguage":"en-GB","@id":"https:\/\/secure.gravatar.com\/avatar\/36877cd30919fafddf1f9da45f4154aa468a64328452f2ceaff0968772207348?s=96&d=mm&r=g","url":"https:\/\/secure.gravatar.com\/avatar\/36877cd30919fafddf1f9da45f4154aa468a64328452f2ceaff0968772207348?s=96&d=mm&r=g","contentUrl":"https:\/\/secure.gravatar.com\/avatar\/36877cd30919fafddf1f9da45f4154aa468a64328452f2ceaff0968772207348?s=96&d=mm&r=g","caption":"tanguy.morel@ihedn.fr"},"url":"https:\/\/ihedn.fr\/en\/author\/tanguy-morelihedn-fr\/"}]}},"publishpress_future_action":{"enabled":false,"date":"2026-05-06 13:34:12","action":"change-status","newStatus":"draft","terms":[],"taxonomy":"category","extraData":[]},"publishpress_future_workflow_manual_trigger":{"enabledWorkflows":[]},"_links":{"self":[{"href":"https:\/\/ihedn.fr\/en\/wp-json\/wp\/v2\/posts\/43214","targetHints":{"allow":["GET"]}}],"collection":[{"href":"https:\/\/ihedn.fr\/en\/wp-json\/wp\/v2\/posts"}],"about":[{"href":"https:\/\/ihedn.fr\/en\/wp-json\/wp\/v2\/types\/post"}],"author":[{"embeddable":true,"href":"https:\/\/ihedn.fr\/en\/wp-json\/wp\/v2\/users\/10"}],"replies":[{"embeddable":true,"href":"https:\/\/ihedn.fr\/en\/wp-json\/wp\/v2\/comments?post=43214"}],"version-history":[{"count":16,"href":"https:\/\/ihedn.fr\/en\/wp-json\/wp\/v2\/posts\/43214\/revisions"}],"predecessor-version":[{"id":43960,"href":"https:\/\/ihedn.fr\/en\/wp-json\/wp\/v2\/posts\/43214\/revisions\/43960"}],"wp:featuredmedia":[{"embeddable":true,"href":"https:\/\/ihedn.fr\/en\/wp-json\/wp\/v2\/media\/43336"}],"wp:attachment":[{"href":"https:\/\/ihedn.fr\/en\/wp-json\/wp\/v2\/media?parent=43214"}],"wp:term":[{"taxonomy":"category","embeddable":true,"href":"https:\/\/ihedn.fr\/en\/wp-json\/wp\/v2\/categories?post=43214"},{"taxonomy":"post_tag","embeddable":true,"href":"https:\/\/ihedn.fr\/en\/wp-json\/wp\/v2\/tags?post=43214"}],"curies":[{"name":"wp","href":"https:\/\/api.w.org\/{rel}","templated":true}]}}