{"id":43306,"date":"2023-10-19T17:16:41","date_gmt":"2023-10-19T16:16:41","guid":{"rendered":"https:\/\/ihedn.fr\/?p=43306"},"modified":"2023-10-20T13:03:20","modified_gmt":"2023-10-20T12:03:20","slug":"une-troisieme-semaine-costarmoricaine-riche-en-visites-industrielles-pour-la-233eme-session-en-bretagne","status":"publish","type":"post","link":"https:\/\/ihedn.fr\/en\/notre-actualite\/une-troisieme-semaine-costarmoricaine-riche-en-visites-industrielles-pour-la-233eme-session-en-bretagne\/","title":{"rendered":"The 233rd session in Brittany enjoyed a third week of industrial visits in the Costarmoric region"},"content":{"rendered":"<div data-elementor-type=\"wp-post\" data-elementor-id=\"43306\" class=\"elementor elementor-43306\" data-elementor-post-type=\"post\">\n\t\t\t\t\t\t<section data-particle_enable=\"false\" data-particle-mobile-disabled=\"false\" class=\"elementor-section elementor-top-section elementor-element elementor-element-04fef2b elementor-section-boxed elementor-section-height-default elementor-section-height-default\" data-id=\"04fef2b\" data-element_type=\"section\" data-e-type=\"section\">\n\t\t\t\t\t\t<div class=\"elementor-container elementor-column-gap-default\">\n\t\t\t\t\t<div class=\"elementor-column elementor-col-100 elementor-top-column elementor-element elementor-element-634f261\" data-id=\"634f261\" data-element_type=\"column\" data-e-type=\"column\">\n\t\t\t<div class=\"elementor-widget-wrap elementor-element-populated\">\n\t\t\t\t\t\t<div class=\"elementor-element elementor-element-ae814b3 elementor-widget-divider--view-line elementor-widget elementor-widget-divider\" data-id=\"ae814b3\" data-element_type=\"widget\" data-e-type=\"widget\" data-widget_type=\"divider.default\">\n\t\t\t\t<div class=\"elementor-widget-container\">\n\t\t\t\t\t\t\t<div class=\"elementor-divider\">\n\t\t\t<span class=\"elementor-divider-separator\">\n\t\t\t\t\t\t<\/span>\n\t\t<\/div>\n\t\t\t\t\t\t<\/div>\n\t\t\t\t<\/div>\n\t\t\t\t<div class=\"elementor-element elementor-element-4bdf21a elementor-widget elementor-widget-text-editor\" data-id=\"4bdf21a\" data-element_type=\"widget\" data-e-type=\"widget\" data-widget_type=\"text-editor.default\">\n\t\t\t\t<div class=\"elementor-widget-container\">\n\t\t\t\t\t\t\t\t\t<p>From 10 to 13 October, auditors gathered in Saint-Brieuc for another week of lectures, industrial visits and, of course, committee work. Laure Schiettecate, a professor at Science Po Rennes, presented the challenges facing the French security and defence industry, before Army General Marc Watin-Augouard gave an overview of the strategic challenges of cyber, particularly for the defence community. Eric Lesage, Regional Director of INSEE Brittany, provided an objective overview of the strengths and weaknesses of the Brittany region, based on figures. Listeners were also immersed in military themes, with contributions from Lieutenant General Laurent Michon, General Officer of the Western Defence and Security Zone, and Rear Admiral Samuel Majou, who took listeners into the world of the French Navy's FORCUSO. Frigate Captain Alexandre Arkwright of the French Space Command also explained France's space strategy. Finally, a lecture on the Olympic Games from a geopolitical perspective was given by Eric Monin, Vice-President of the University of Franche-Comt\u00e9 in charge of Olympism. This concluded the week's lecture series.<br \/>As for the industrial visits, they helped the audience to understand the local issues facing the C\u00f4tes d'Armor and Brittany. Questions of food and industrial sovereignty were raised during a visit to the COOPERL agri-food cooperative in Lamballe. The 233rd session then visited the Anticipa technology cluster in Lannion to discover an anthill of cutting-edge companies in the technology sector. The visit to Exail, a French nugget specialising in fibre optics, was a great success. Finally, listeners went to the port of L\u00e9zardrieux to find out from Ailes Marines how the wind farm in the Bay of Saint-Brieuc is being built and commissioned.<br \/>The IHEDN would particularly like to thank St\u00e9phane Rouv\u00e9, Prefect of the C\u00f4tes d'Armor, for coming to meet our students during the week.<\/p>\t\t\t\t\t\t\t\t<\/div>\n\t\t\t\t<\/div>\n\t\t\t\t\t<\/div>\n\t\t<\/div>\n\t\t\t\t\t<\/div>\n\t\t<\/section>\n\t\t\t\t<section data-particle_enable=\"false\" data-particle-mobile-disabled=\"false\" class=\"elementor-section elementor-top-section elementor-element elementor-element-19be913 elementor-section-boxed elementor-section-height-default elementor-section-height-default\" data-id=\"19be913\" data-element_type=\"section\" data-e-type=\"section\">\n\t\t\t\t\t\t<div class=\"elementor-container elementor-column-gap-default\">\n\t\t\t\t\t<div class=\"elementor-column elementor-col-100 elementor-top-column elementor-element elementor-element-b86613b\" data-id=\"b86613b\" data-element_type=\"column\" data-e-type=\"column\">\n\t\t\t<div class=\"elementor-widget-wrap elementor-element-populated\">\n\t\t\t\t\t\t<div class=\"elementor-element elementor-element-6da7fa0 elementor-widget elementor-widget-gallery\" data-id=\"6da7fa0\" data-element_type=\"widget\" data-e-type=\"widget\" data-settings=\"{&quot;lazyload&quot;:&quot;yes&quot;,&quot;gallery_layout&quot;:&quot;grid&quot;,&quot;columns&quot;:4,&quot;columns_tablet&quot;:2,&quot;columns_mobile&quot;:1,&quot;gap&quot;:{&quot;unit&quot;:&quot;px&quot;,&quot;size&quot;:10,&quot;sizes&quot;:[]},&quot;gap_tablet&quot;:{&quot;unit&quot;:&quot;px&quot;,&quot;size&quot;:10,&quot;sizes&quot;:[]},&quot;gap_mobile&quot;:{&quot;unit&quot;:&quot;px&quot;,&quot;size&quot;:10,&quot;sizes&quot;:[]},&quot;link_to&quot;:&quot;file&quot;,&quot;aspect_ratio&quot;:&quot;3:2&quot;,&quot;overlay_background&quot;:&quot;yes&quot;,&quot;content_hover_animation&quot;:&quot;fade-in&quot;}\" data-widget_type=\"gallery.default\">\n\t\t\t\t<div class=\"elementor-widget-container\">\n\t\t\t\t\t\t\t<div class=\"elementor-gallery__container\">\n\t\t\t\t\t\t\t<a class=\"e-gallery-item elementor-gallery-item elementor-animated-content\" href=\"https:\/\/ihedn.fr\/wp-content\/uploads\/2023\/10\/Photo-ailes-marines-2.jpg\" data-elementor-open-lightbox=\"yes\" data-elementor-lightbox-slideshow=\"6da7fa0\" data-e-action-hash=\"#elementor-action%3Aaction%3Dlightbox%26settings%3DeyJpZCI6NDMzMDgsInVybCI6Imh0dHBzOlwvXC9paGVkbi5mclwvd3AtY29udGVudFwvdXBsb2Fkc1wvMjAyM1wvMTBcL1Bob3RvLWFpbGVzLW1hcmluZXMtMi5qcGciLCJzbGlkZXNob3ciOiI2ZGE3ZmEwIn0%3D\">\n\t\t\t\t\t<div class=\"e-gallery-image elementor-gallery-item__image\" data-thumbnail=\"https:\/\/ihedn.fr\/wp-content\/uploads\/2023\/10\/Photo-ailes-marines-2-300x300.jpg\" data-width=\"300\" data-height=\"300\" aria-label=\"\" role=\"img\" ><\/div>\n\t\t\t\t\t\t\t\t\t\t\t<div class=\"elementor-gallery-item__overlay\"><\/div>\n\t\t\t\t\t\t\t\t\t\t\t\t\t\t<\/a>\n\t\t\t\t\t\t\t<a class=\"e-gallery-item elementor-gallery-item elementor-animated-content\" href=\"https:\/\/ihedn.fr\/wp-content\/uploads\/2023\/10\/Photo-COOPERL-scaled.jpg\" data-elementor-open-lightbox=\"yes\" data-elementor-lightbox-slideshow=\"6da7fa0\" data-e-action-hash=\"#elementor-action%3Aaction%3Dlightbox%26settings%3DeyJpZCI6NDMzMDksInVybCI6Imh0dHBzOlwvXC9paGVkbi5mclwvd3AtY29udGVudFwvdXBsb2Fkc1wvMjAyM1wvMTBcL1Bob3RvLUNPT1BFUkwtc2NhbGVkLmpwZyIsInNsaWRlc2hvdyI6IjZkYTdmYTAifQ%3D%3D\">\n\t\t\t\t\t<div class=\"e-gallery-image elementor-gallery-item__image\" data-thumbnail=\"https:\/\/ihedn.fr\/wp-content\/uploads\/2023\/10\/Photo-COOPERL-300x300.jpg\" data-width=\"300\" data-height=\"300\" aria-label=\"\" role=\"img\" ><\/div>\n\t\t\t\t\t\t\t\t\t\t\t<div class=\"elementor-gallery-item__overlay\"><\/div>\n\t\t\t\t\t\t\t\t\t\t\t\t\t\t<\/a>\n\t\t\t\t\t\t\t<a class=\"e-gallery-item elementor-gallery-item elementor-animated-content\" href=\"https:\/\/ihedn.fr\/wp-content\/uploads\/2023\/10\/Photo-Exail-scaled.jpg\" data-elementor-open-lightbox=\"yes\" data-elementor-lightbox-slideshow=\"6da7fa0\" data-e-action-hash=\"#elementor-action%3Aaction%3Dlightbox%26settings%3DeyJpZCI6NDMzMTAsInVybCI6Imh0dHBzOlwvXC9paGVkbi5mclwvd3AtY29udGVudFwvdXBsb2Fkc1wvMjAyM1wvMTBcL1Bob3RvLUV4YWlsLXNjYWxlZC5qcGciLCJzbGlkZXNob3ciOiI2ZGE3ZmEwIn0%3D\">\n\t\t\t\t\t<div class=\"e-gallery-image elementor-gallery-item__image\" data-thumbnail=\"https:\/\/ihedn.fr\/wp-content\/uploads\/2023\/10\/Photo-Exail-300x300.jpg\" data-width=\"300\" data-height=\"300\" aria-label=\"\" role=\"img\" ><\/div>\n\t\t\t\t\t\t\t\t\t\t\t<div class=\"elementor-gallery-item__overlay\"><\/div>\n\t\t\t\t\t\t\t\t\t\t\t\t\t\t<\/a>\n\t\t\t\t\t\t\t<a class=\"e-gallery-item elementor-gallery-item elementor-animated-content\" href=\"https:\/\/ihedn.fr\/wp-content\/uploads\/2023\/10\/Photo-Prefet.jpg\" data-elementor-open-lightbox=\"yes\" data-elementor-lightbox-slideshow=\"6da7fa0\" data-e-action-hash=\"#elementor-action%3Aaction%3Dlightbox%26settings%3DeyJpZCI6NDMzMTEsInVybCI6Imh0dHBzOlwvXC9paGVkbi5mclwvd3AtY29udGVudFwvdXBsb2Fkc1wvMjAyM1wvMTBcL1Bob3RvLVByZWZldC5qcGciLCJzbGlkZXNob3ciOiI2ZGE3ZmEwIn0%3D\">\n\t\t\t\t\t<div class=\"e-gallery-image elementor-gallery-item__image\" data-thumbnail=\"https:\/\/ihedn.fr\/wp-content\/uploads\/2023\/10\/Photo-Prefet-300x300.jpg\" data-width=\"300\" data-height=\"300\" aria-label=\"\" role=\"img\" ><\/div>\n\t\t\t\t\t\t\t\t\t\t\t<div class=\"elementor-gallery-item__overlay\"><\/div>\n\t\t\t\t\t\t\t\t\t\t\t\t\t\t<\/a>\n\t\t\t\t\t<\/div>\n\t\t\t\t\t<\/div>\n\t\t\t\t<\/div>\n\t\t\t\t\t<\/div>\n\t\t<\/div>\n\t\t\t\t\t<\/div>\n\t\t<\/section>\n\t\t\t\t<\/div>","protected":false},"excerpt":{"rendered":"<p>C\u2019est \u00e0 Saint-Brieuc que les auditeurs se sont r\u00e9unis du 10 au 13 octobre pour une semaine \u00e0 nouveau rythm\u00e9e par de nombreuses conf\u00e9rences, quelques visites industrielles et bien s\u00fbr du temps de travail en comit\u00e9. Madame Laure Schiettecate, professeure \u00e0 Science po Rennes a pr\u00e9sent\u00e9 les enjeux de l\u2019industrie fran\u00e7aise de la s\u00e9curit\u00e9 et [&hellip;]<\/p>\n","protected":false},"author":7,"featured_media":43313,"comment_status":"closed","ping_status":"closed","sticky":false,"template":"","format":"standard","meta":{"footnotes":""},"categories":[172],"tags":[],"class_list":["post-43306","post","type-post","status-publish","format-standard","has-post-thumbnail","hentry","category-notre-actualite"],"yoast_head":"<!-- This site is optimized with the Yoast SEO plugin v27.5 - https:\/\/yoast.com\/product\/yoast-seo-wordpress\/ -->\n<title>Une troisi\u00e8me semaine costarmoricaine riche en visites industrielles pour la 233\u00e8me session en Bretagne - L&#039;IHEDN : Institut des hautes \u00e9tudes de d\u00e9fense nationale<\/title>\n<meta name=\"robots\" content=\"index, follow, max-snippet:-1, max-image-preview:large, max-video-preview:-1\" \/>\n<link rel=\"canonical\" href=\"https:\/\/ihedn.fr\/en\/notre-actualite\/une-troisieme-semaine-costarmoricaine-riche-en-visites-industrielles-pour-la-233eme-session-en-bretagne\/\" \/>\n<meta property=\"og:locale\" content=\"en_GB\" \/>\n<meta property=\"og:type\" content=\"article\" \/>\n<meta property=\"og:title\" content=\"233e session en Bretagne : \u00e0 Brest, dissuasion nucl\u00e9aire et visites de sites\" \/>\n<meta property=\"og:description\" content=\"La 2e semaine de la 233e session en r\u00e9gion Bretagne a eu lieu dans la capitale du Finist\u00e8re du 26 au 29 septembre, avec plusieurs conf\u00e9rences abordant la France dans le contexte g\u00e9ostrat\u00e9gique et des visites de bases, navires et sites industriels.\" \/>\n<meta property=\"og:url\" content=\"https:\/\/ihedn.fr\/en\/notre-actualite\/une-troisieme-semaine-costarmoricaine-riche-en-visites-industrielles-pour-la-233eme-session-en-bretagne\/\" \/>\n<meta property=\"og:site_name\" content=\"L&#039;IHEDN : Institut des hautes \u00e9tudes de d\u00e9fense nationale\" \/>\n<meta property=\"article:publisher\" content=\"https:\/\/www.facebook.com\/ihedn\/\" \/>\n<meta property=\"article:published_time\" content=\"2023-10-19T16:16:41+00:00\" \/>\n<meta property=\"article:modified_time\" content=\"2023-10-20T12:03:20+00:00\" \/>\n<meta property=\"og:image\" content=\"https:\/\/ihedn.fr\/wp-content\/uploads\/2023\/09\/IMG_3760-scaled.jpg\" \/>\n\t<meta property=\"og:image:width\" content=\"2560\" \/>\n\t<meta property=\"og:image:height\" content=\"1707\" \/>\n\t<meta property=\"og:image:type\" content=\"image\/jpeg\" \/>\n<meta name=\"author\" content=\"alexia\" \/>\n<meta name=\"twitter:card\" content=\"summary_large_image\" \/>\n<meta name=\"twitter:title\" content=\"233e session en Bretagne : \u00e0 Brest, dissuasion nucl\u00e9aire et visites de sites\" \/>\n<meta name=\"twitter:description\" content=\"La 2e semaine de la 233e session en r\u00e9gion Bretagne a eu lieu dans la capitale du Finist\u00e8re du 26 au 29 septembre, avec plusieurs conf\u00e9rences abordant la France dans le contexte g\u00e9ostrat\u00e9gique et des visites de bases, navires et sites industriels.\" \/>\n<meta name=\"twitter:image\" content=\"https:\/\/ihedn.fr\/wp-content\/uploads\/2023\/09\/IMG_3760-scaled.jpg\" \/>\n<meta name=\"twitter:creator\" content=\"@IHEDN\" \/>\n<meta name=\"twitter:site\" content=\"@IHEDN\" \/>\n<meta name=\"twitter:label1\" content=\"Written by\" \/>\n\t<meta name=\"twitter:data1\" content=\"alexia\" \/>\n\t<meta name=\"twitter:label2\" content=\"Estimated reading time\" \/>\n\t<meta name=\"twitter:data2\" content=\"2 minutes\" \/>\n<script type=\"application\/ld+json\" class=\"yoast-schema-graph\">{\"@context\":\"https:\\\/\\\/schema.org\",\"@graph\":[{\"@type\":\"Article\",\"@id\":\"https:\\\/\\\/ihedn.fr\\\/en\\\/notre-actualite\\\/une-troisieme-semaine-costarmoricaine-riche-en-visites-industrielles-pour-la-233eme-session-en-bretagne\\\/#article\",\"isPartOf\":{\"@id\":\"https:\\\/\\\/ihedn.fr\\\/en\\\/notre-actualite\\\/une-troisieme-semaine-costarmoricaine-riche-en-visites-industrielles-pour-la-233eme-session-en-bretagne\\\/\"},\"author\":{\"name\":\"alexia\",\"@id\":\"https:\\\/\\\/ihedn.fr\\\/#\\\/schema\\\/person\\\/f5fdd32c2827287accbcbc33f74121b5\"},\"headline\":\"Une troisi\u00e8me semaine costarmoricaine riche en visites industrielles pour la 233\u00e8me session en Bretagne\",\"datePublished\":\"2023-10-19T16:16:41+00:00\",\"dateModified\":\"2023-10-20T12:03:20+00:00\",\"mainEntityOfPage\":{\"@id\":\"https:\\\/\\\/ihedn.fr\\\/en\\\/notre-actualite\\\/une-troisieme-semaine-costarmoricaine-riche-en-visites-industrielles-pour-la-233eme-session-en-bretagne\\\/\"},\"wordCount\":435,\"publisher\":{\"@id\":\"https:\\\/\\\/ihedn.fr\\\/#organization\"},\"image\":{\"@id\":\"https:\\\/\\\/ihedn.fr\\\/en\\\/notre-actualite\\\/une-troisieme-semaine-costarmoricaine-riche-en-visites-industrielles-pour-la-233eme-session-en-bretagne\\\/#primaryimage\"},\"thumbnailUrl\":\"https:\\\/\\\/ihedn.fr\\\/wp-content\\\/uploads\\\/2023\\\/10\\\/Photo-SDIS-scaled.jpg\",\"articleSection\":[\"Notre actualit\u00e9\"],\"inLanguage\":\"en-GB\"},{\"@type\":\"WebPage\",\"@id\":\"https:\\\/\\\/ihedn.fr\\\/en\\\/notre-actualite\\\/une-troisieme-semaine-costarmoricaine-riche-en-visites-industrielles-pour-la-233eme-session-en-bretagne\\\/\",\"url\":\"https:\\\/\\\/ihedn.fr\\\/en\\\/notre-actualite\\\/une-troisieme-semaine-costarmoricaine-riche-en-visites-industrielles-pour-la-233eme-session-en-bretagne\\\/\",\"name\":\"Une troisi\u00e8me semaine costarmoricaine riche en visites industrielles pour la 233\u00e8me session en Bretagne - L&#039;IHEDN : Institut des hautes \u00e9tudes de d\u00e9fense nationale\",\"isPartOf\":{\"@id\":\"https:\\\/\\\/ihedn.fr\\\/#website\"},\"primaryImageOfPage\":{\"@id\":\"https:\\\/\\\/ihedn.fr\\\/en\\\/notre-actualite\\\/une-troisieme-semaine-costarmoricaine-riche-en-visites-industrielles-pour-la-233eme-session-en-bretagne\\\/#primaryimage\"},\"image\":{\"@id\":\"https:\\\/\\\/ihedn.fr\\\/en\\\/notre-actualite\\\/une-troisieme-semaine-costarmoricaine-riche-en-visites-industrielles-pour-la-233eme-session-en-bretagne\\\/#primaryimage\"},\"thumbnailUrl\":\"https:\\\/\\\/ihedn.fr\\\/wp-content\\\/uploads\\\/2023\\\/10\\\/Photo-SDIS-scaled.jpg\",\"datePublished\":\"2023-10-19T16:16:41+00:00\",\"dateModified\":\"2023-10-20T12:03:20+00:00\",\"breadcrumb\":{\"@id\":\"https:\\\/\\\/ihedn.fr\\\/en\\\/notre-actualite\\\/une-troisieme-semaine-costarmoricaine-riche-en-visites-industrielles-pour-la-233eme-session-en-bretagne\\\/#breadcrumb\"},\"inLanguage\":\"en-GB\",\"potentialAction\":[{\"@type\":\"ReadAction\",\"target\":[\"https:\\\/\\\/ihedn.fr\\\/en\\\/notre-actualite\\\/une-troisieme-semaine-costarmoricaine-riche-en-visites-industrielles-pour-la-233eme-session-en-bretagne\\\/\"]}]},{\"@type\":\"ImageObject\",\"inLanguage\":\"en-GB\",\"@id\":\"https:\\\/\\\/ihedn.fr\\\/en\\\/notre-actualite\\\/une-troisieme-semaine-costarmoricaine-riche-en-visites-industrielles-pour-la-233eme-session-en-bretagne\\\/#primaryimage\",\"url\":\"https:\\\/\\\/ihedn.fr\\\/wp-content\\\/uploads\\\/2023\\\/10\\\/Photo-SDIS-scaled.jpg\",\"contentUrl\":\"https:\\\/\\\/ihedn.fr\\\/wp-content\\\/uploads\\\/2023\\\/10\\\/Photo-SDIS-scaled.jpg\",\"width\":2560,\"height\":1920},{\"@type\":\"BreadcrumbList\",\"@id\":\"https:\\\/\\\/ihedn.fr\\\/en\\\/notre-actualite\\\/une-troisieme-semaine-costarmoricaine-riche-en-visites-industrielles-pour-la-233eme-session-en-bretagne\\\/#breadcrumb\",\"itemListElement\":[{\"@type\":\"ListItem\",\"position\":1,\"name\":\"Accueil\",\"item\":\"https:\\\/\\\/ihedn.fr\\\/\"},{\"@type\":\"ListItem\",\"position\":2,\"name\":\"Une troisi\u00e8me semaine costarmoricaine riche en visites industrielles pour la 233\u00e8me session en Bretagne\"}]},{\"@type\":\"WebSite\",\"@id\":\"https:\\\/\\\/ihedn.fr\\\/#website\",\"url\":\"https:\\\/\\\/ihedn.fr\\\/\",\"name\":\"IHEDN : Institut des hautes \u00e9tudes de d\u00e9fense nationale |\",\"description\":\"Site officiel de l&#039;IHEDN plac\u00e9 sous la tutelle du Premier ministre.\",\"publisher\":{\"@id\":\"https:\\\/\\\/ihedn.fr\\\/#organization\"},\"potentialAction\":[{\"@type\":\"SearchAction\",\"target\":{\"@type\":\"EntryPoint\",\"urlTemplate\":\"https:\\\/\\\/ihedn.fr\\\/?s={search_term_string}\"},\"query-input\":{\"@type\":\"PropertyValueSpecification\",\"valueRequired\":true,\"valueName\":\"search_term_string\"}}],\"inLanguage\":\"en-GB\"},{\"@type\":\"Organization\",\"@id\":\"https:\\\/\\\/ihedn.fr\\\/#organization\",\"name\":\"IHEDN - Institut des Hautes Etudes de D\u00e9fense Nationale\",\"url\":\"https:\\\/\\\/ihedn.fr\\\/\",\"logo\":{\"@type\":\"ImageObject\",\"inLanguage\":\"en-GB\",\"@id\":\"https:\\\/\\\/ihedn.fr\\\/#\\\/schema\\\/logo\\\/image\\\/\",\"url\":\"https:\\\/\\\/ihedn.fr\\\/wp-content\\\/uploads\\\/2020\\\/11\\\/BLOC_RF_IHEDN_WEB.png\",\"contentUrl\":\"https:\\\/\\\/ihedn.fr\\\/wp-content\\\/uploads\\\/2020\\\/11\\\/BLOC_RF_IHEDN_WEB.png\",\"width\":500,\"height\":237,\"caption\":\"IHEDN - Institut des Hautes Etudes de D\u00e9fense Nationale\"},\"image\":{\"@id\":\"https:\\\/\\\/ihedn.fr\\\/#\\\/schema\\\/logo\\\/image\\\/\"},\"sameAs\":[\"https:\\\/\\\/www.facebook.com\\\/ihedn\\\/\",\"https:\\\/\\\/x.com\\\/IHEDN\",\"https:\\\/\\\/www.instagram.com\\\/ihedn\\\/\",\"https:\\\/\\\/www.linkedin.com\\\/school\\\/ihedn\\\/\",\"https:\\\/\\\/fr.wikipedia.org\\\/wiki\\\/Institut_des_hautes_\u00e9tudes_de_D\u00e9fense_nationale\"]},{\"@type\":\"Person\",\"@id\":\"https:\\\/\\\/ihedn.fr\\\/#\\\/schema\\\/person\\\/f5fdd32c2827287accbcbc33f74121b5\",\"name\":\"alexia\",\"image\":{\"@type\":\"ImageObject\",\"inLanguage\":\"en-GB\",\"@id\":\"https:\\\/\\\/secure.gravatar.com\\\/avatar\\\/85eb8ccdb2990af9e1d5b99962700286b212c6b84c155ade95bbe0703f9c9001?s=96&d=mm&r=g\",\"url\":\"https:\\\/\\\/secure.gravatar.com\\\/avatar\\\/85eb8ccdb2990af9e1d5b99962700286b212c6b84c155ade95bbe0703f9c9001?s=96&d=mm&r=g\",\"contentUrl\":\"https:\\\/\\\/secure.gravatar.com\\\/avatar\\\/85eb8ccdb2990af9e1d5b99962700286b212c6b84c155ade95bbe0703f9c9001?s=96&d=mm&r=g\",\"caption\":\"alexia\"},\"url\":\"https:\\\/\\\/ihedn.fr\\\/en\\\/author\\\/alexia\\\/\"}]}<\/script>\n<!-- \/ Yoast SEO plugin. -->","yoast_head_json":{"title":"The 233rd session in Brittany featured a third week of industrial visits in the Costarmorican region - L'IHEDN : Institut des hautes \u00e9tudes de d\u00e9fense nationale","robots":{"index":"index","follow":"follow","max-snippet":"max-snippet:-1","max-image-preview":"max-image-preview:large","max-video-preview":"max-video-preview:-1"},"canonical":"https:\/\/ihedn.fr\/en\/notre-actualite\/une-troisieme-semaine-costarmoricaine-riche-en-visites-industrielles-pour-la-233eme-session-en-bretagne\/","og_locale":"en_GB","og_type":"article","og_title":"233e session en Bretagne : \u00e0 Brest, dissuasion nucl\u00e9aire et visites de sites","og_description":"La 2e semaine de la 233e session en r\u00e9gion Bretagne a eu lieu dans la capitale du Finist\u00e8re du 26 au 29 septembre, avec plusieurs conf\u00e9rences abordant la France dans le contexte g\u00e9ostrat\u00e9gique et des visites de bases, navires et sites industriels.","og_url":"https:\/\/ihedn.fr\/en\/notre-actualite\/une-troisieme-semaine-costarmoricaine-riche-en-visites-industrielles-pour-la-233eme-session-en-bretagne\/","og_site_name":"L&#039;IHEDN : Institut des hautes \u00e9tudes de d\u00e9fense nationale","article_publisher":"https:\/\/www.facebook.com\/ihedn\/","article_published_time":"2023-10-19T16:16:41+00:00","article_modified_time":"2023-10-20T12:03:20+00:00","og_image":[{"width":2560,"height":1707,"url":"https:\/\/ihedn.fr\/wp-content\/uploads\/2023\/09\/IMG_3760-scaled.jpg","type":"image\/jpeg"}],"author":"alexia","twitter_card":"summary_large_image","twitter_title":"233e session en Bretagne : \u00e0 Brest, dissuasion nucl\u00e9aire et visites de sites","twitter_description":"La 2e semaine de la 233e session en r\u00e9gion Bretagne a eu lieu dans la capitale du Finist\u00e8re du 26 au 29 septembre, avec plusieurs conf\u00e9rences abordant la France dans le contexte g\u00e9ostrat\u00e9gique et des visites de bases, navires et sites industriels.","twitter_image":"https:\/\/ihedn.fr\/wp-content\/uploads\/2023\/09\/IMG_3760-scaled.jpg","twitter_creator":"@IHEDN","twitter_site":"@IHEDN","twitter_misc":{"Written by":"alexia","Estimated reading time":"2 minutes"},"schema":{"@context":"https:\/\/schema.org","@graph":[{"@type":"Article","@id":"https:\/\/ihedn.fr\/en\/notre-actualite\/une-troisieme-semaine-costarmoricaine-riche-en-visites-industrielles-pour-la-233eme-session-en-bretagne\/#article","isPartOf":{"@id":"https:\/\/ihedn.fr\/en\/notre-actualite\/une-troisieme-semaine-costarmoricaine-riche-en-visites-industrielles-pour-la-233eme-session-en-bretagne\/"},"author":{"name":"alexia","@id":"https:\/\/ihedn.fr\/#\/schema\/person\/f5fdd32c2827287accbcbc33f74121b5"},"headline":"Une troisi\u00e8me semaine costarmoricaine riche en visites industrielles pour la 233\u00e8me session en Bretagne","datePublished":"2023-10-19T16:16:41+00:00","dateModified":"2023-10-20T12:03:20+00:00","mainEntityOfPage":{"@id":"https:\/\/ihedn.fr\/en\/notre-actualite\/une-troisieme-semaine-costarmoricaine-riche-en-visites-industrielles-pour-la-233eme-session-en-bretagne\/"},"wordCount":435,"publisher":{"@id":"https:\/\/ihedn.fr\/#organization"},"image":{"@id":"https:\/\/ihedn.fr\/en\/notre-actualite\/une-troisieme-semaine-costarmoricaine-riche-en-visites-industrielles-pour-la-233eme-session-en-bretagne\/#primaryimage"},"thumbnailUrl":"https:\/\/ihedn.fr\/wp-content\/uploads\/2023\/10\/Photo-SDIS-scaled.jpg","articleSection":["Notre actualit\u00e9"],"inLanguage":"en-GB"},{"@type":"WebPage","@id":"https:\/\/ihedn.fr\/en\/notre-actualite\/une-troisieme-semaine-costarmoricaine-riche-en-visites-industrielles-pour-la-233eme-session-en-bretagne\/","url":"https:\/\/ihedn.fr\/en\/notre-actualite\/une-troisieme-semaine-costarmoricaine-riche-en-visites-industrielles-pour-la-233eme-session-en-bretagne\/","name":"The 233rd session in Brittany featured a third week of industrial visits in the Costarmorican region - L'IHEDN : Institut des hautes \u00e9tudes de d\u00e9fense nationale","isPartOf":{"@id":"https:\/\/ihedn.fr\/#website"},"primaryImageOfPage":{"@id":"https:\/\/ihedn.fr\/en\/notre-actualite\/une-troisieme-semaine-costarmoricaine-riche-en-visites-industrielles-pour-la-233eme-session-en-bretagne\/#primaryimage"},"image":{"@id":"https:\/\/ihedn.fr\/en\/notre-actualite\/une-troisieme-semaine-costarmoricaine-riche-en-visites-industrielles-pour-la-233eme-session-en-bretagne\/#primaryimage"},"thumbnailUrl":"https:\/\/ihedn.fr\/wp-content\/uploads\/2023\/10\/Photo-SDIS-scaled.jpg","datePublished":"2023-10-19T16:16:41+00:00","dateModified":"2023-10-20T12:03:20+00:00","breadcrumb":{"@id":"https:\/\/ihedn.fr\/en\/notre-actualite\/une-troisieme-semaine-costarmoricaine-riche-en-visites-industrielles-pour-la-233eme-session-en-bretagne\/#breadcrumb"},"inLanguage":"en-GB","potentialAction":[{"@type":"ReadAction","target":["https:\/\/ihedn.fr\/en\/notre-actualite\/une-troisieme-semaine-costarmoricaine-riche-en-visites-industrielles-pour-la-233eme-session-en-bretagne\/"]}]},{"@type":"ImageObject","inLanguage":"en-GB","@id":"https:\/\/ihedn.fr\/en\/notre-actualite\/une-troisieme-semaine-costarmoricaine-riche-en-visites-industrielles-pour-la-233eme-session-en-bretagne\/#primaryimage","url":"https:\/\/ihedn.fr\/wp-content\/uploads\/2023\/10\/Photo-SDIS-scaled.jpg","contentUrl":"https:\/\/ihedn.fr\/wp-content\/uploads\/2023\/10\/Photo-SDIS-scaled.jpg","width":2560,"height":1920},{"@type":"BreadcrumbList","@id":"https:\/\/ihedn.fr\/en\/notre-actualite\/une-troisieme-semaine-costarmoricaine-riche-en-visites-industrielles-pour-la-233eme-session-en-bretagne\/#breadcrumb","itemListElement":[{"@type":"ListItem","position":1,"name":"Accueil","item":"https:\/\/ihedn.fr\/"},{"@type":"ListItem","position":2,"name":"Une troisi\u00e8me semaine costarmoricaine riche en visites industrielles pour la 233\u00e8me session en Bretagne"}]},{"@type":"WebSite","@id":"https:\/\/ihedn.fr\/#website","url":"https:\/\/ihedn.fr\/","name":"IHEDN: Institut des hautes \u00e9tudes de d\u00e9fense nationale (Institute for Higher National Defence Studies)","description":"Official website of the IHEDN under the supervision of the Prime Minister.","publisher":{"@id":"https:\/\/ihedn.fr\/#organization"},"potentialAction":[{"@type":"SearchAction","target":{"@type":"EntryPoint","urlTemplate":"https:\/\/ihedn.fr\/?s={search_term_string}"},"query-input":{"@type":"PropertyValueSpecification","valueRequired":true,"valueName":"search_term_string"}}],"inLanguage":"en-GB"},{"@type":"Organization","@id":"https:\/\/ihedn.fr\/#organization","name":"IHEDN - Institute for Higher National Defence Studies","url":"https:\/\/ihedn.fr\/","logo":{"@type":"ImageObject","inLanguage":"en-GB","@id":"https:\/\/ihedn.fr\/#\/schema\/logo\/image\/","url":"https:\/\/ihedn.fr\/wp-content\/uploads\/2020\/11\/BLOC_RF_IHEDN_WEB.png","contentUrl":"https:\/\/ihedn.fr\/wp-content\/uploads\/2020\/11\/BLOC_RF_IHEDN_WEB.png","width":500,"height":237,"caption":"IHEDN - Institut des Hautes Etudes de D\u00e9fense Nationale"},"image":{"@id":"https:\/\/ihedn.fr\/#\/schema\/logo\/image\/"},"sameAs":["https:\/\/www.facebook.com\/ihedn\/","https:\/\/x.com\/IHEDN","https:\/\/www.instagram.com\/ihedn\/","https:\/\/www.linkedin.com\/school\/ihedn\/","https:\/\/fr.wikipedia.org\/wiki\/Institut_des_hautes_\u00e9tudes_de_D\u00e9fense_nationale"]},{"@type":"Person","@id":"https:\/\/ihedn.fr\/#\/schema\/person\/f5fdd32c2827287accbcbc33f74121b5","name":"alexia","image":{"@type":"ImageObject","inLanguage":"en-GB","@id":"https:\/\/secure.gravatar.com\/avatar\/85eb8ccdb2990af9e1d5b99962700286b212c6b84c155ade95bbe0703f9c9001?s=96&d=mm&r=g","url":"https:\/\/secure.gravatar.com\/avatar\/85eb8ccdb2990af9e1d5b99962700286b212c6b84c155ade95bbe0703f9c9001?s=96&d=mm&r=g","contentUrl":"https:\/\/secure.gravatar.com\/avatar\/85eb8ccdb2990af9e1d5b99962700286b212c6b84c155ade95bbe0703f9c9001?s=96&d=mm&r=g","caption":"alexia"},"url":"https:\/\/ihedn.fr\/en\/author\/alexia\/"}]}},"publishpress_future_action":{"enabled":false,"date":"2026-05-08 05:12:21","action":"change-status","newStatus":"draft","terms":[],"taxonomy":"category","extraData":[]},"publishpress_future_workflow_manual_trigger":{"enabledWorkflows":[]},"_links":{"self":[{"href":"https:\/\/ihedn.fr\/en\/wp-json\/wp\/v2\/posts\/43306","targetHints":{"allow":["GET"]}}],"collection":[{"href":"https:\/\/ihedn.fr\/en\/wp-json\/wp\/v2\/posts"}],"about":[{"href":"https:\/\/ihedn.fr\/en\/wp-json\/wp\/v2\/types\/post"}],"author":[{"embeddable":true,"href":"https:\/\/ihedn.fr\/en\/wp-json\/wp\/v2\/users\/7"}],"replies":[{"embeddable":true,"href":"https:\/\/ihedn.fr\/en\/wp-json\/wp\/v2\/comments?post=43306"}],"version-history":[{"count":7,"href":"https:\/\/ihedn.fr\/en\/wp-json\/wp\/v2\/posts\/43306\/revisions"}],"predecessor-version":[{"id":43322,"href":"https:\/\/ihedn.fr\/en\/wp-json\/wp\/v2\/posts\/43306\/revisions\/43322"}],"wp:featuredmedia":[{"embeddable":true,"href":"https:\/\/ihedn.fr\/en\/wp-json\/wp\/v2\/media\/43313"}],"wp:attachment":[{"href":"https:\/\/ihedn.fr\/en\/wp-json\/wp\/v2\/media?parent=43306"}],"wp:term":[{"taxonomy":"category","embeddable":true,"href":"https:\/\/ihedn.fr\/en\/wp-json\/wp\/v2\/categories?post=43306"},{"taxonomy":"post_tag","embeddable":true,"href":"https:\/\/ihedn.fr\/en\/wp-json\/wp\/v2\/tags?post=43306"}],"curies":[{"name":"wp","href":"https:\/\/api.w.org\/{rel}","templated":true}]}}