{"id":43324,"date":"2023-10-23T13:51:12","date_gmt":"2023-10-23T12:51:12","guid":{"rendered":"https:\/\/ihedn.fr\/?p=43324"},"modified":"2025-09-05T08:51:20","modified_gmt":"2025-09-05T07:51:20","slug":"general-durieux-avec-lacadem-la-pensee-strategique-francaise-rayonne-plus-fort-et-plus-loin","status":"publish","type":"post","link":"https:\/\/ihedn.fr\/en\/notre-selection\/general-durieux-avec-lacadem-la-pensee-strategique-francaise-rayonne-plus-fort-et-plus-loin\/","title":{"rendered":"General Durieux: \"With the ACADEM, French strategic thinking shines out stronger and further afield\"."},"content":{"rendered":"<div data-elementor-type=\"wp-post\" data-elementor-id=\"43324\" class=\"elementor elementor-43324\" data-elementor-post-type=\"post\">\n\t\t\t\t\t\t<section data-particle_enable=\"false\" data-particle-mobile-disabled=\"false\" class=\"elementor-section elementor-top-section elementor-element elementor-element-04fef2b elementor-section-boxed elementor-section-height-default elementor-section-height-default\" data-id=\"04fef2b\" data-element_type=\"section\" data-e-type=\"section\">\n\t\t\t\t\t\t<div class=\"elementor-container elementor-column-gap-default\">\n\t\t\t\t\t<div class=\"elementor-column elementor-col-100 elementor-top-column elementor-element elementor-element-634f261\" data-id=\"634f261\" data-element_type=\"column\" data-e-type=\"column\">\n\t\t\t<div class=\"elementor-widget-wrap elementor-element-populated\">\n\t\t\t\t\t\t<div class=\"elementor-element elementor-element-4bdf21a elementor-widget__width-initial elementor-widget elementor-widget-text-editor\" data-id=\"4bdf21a\" data-element_type=\"widget\" data-e-type=\"widget\" data-widget_type=\"text-editor.default\">\n\t\t\t\t<div class=\"elementor-widget-container\">\n\t\t\t\t\t\t\t\t\t<p style=\"text-align: left;\">Bringing together under a single banner 21 defence and security research, teaching and doctrine bodies*, all based at the \u00c9cole Militaire in Paris, the ACADEM <a href=\"https:\/\/urlz.fr\/ob9o\" target=\"_blank\" rel=\"noopener\">is officially launched on Thursday 26 October<\/a>. The Minister for the Armed Forces, S\u00e9bastien Lecornu, will deliver his founding speech, while General Beno\u00eet Durieux, Chairman of the structure, will explain its objectives, before a series of round tables. Also Director of the IHEDN and Higher Military Education, this officer from the Foreign Legion also has a doctorate in history and specialises in strategy.<\/p>\t\t\t\t\t\t\t\t<\/div>\n\t\t\t\t<\/div>\n\t\t\t\t\t<\/div>\n\t\t<\/div>\n\t\t\t\t\t<\/div>\n\t\t<\/section>\n\t\t\t\t<section data-particle_enable=\"false\" data-particle-mobile-disabled=\"false\" class=\"elementor-section elementor-top-section elementor-element elementor-element-90cf80c elementor-section-boxed elementor-section-height-default elementor-section-height-default\" data-id=\"90cf80c\" data-element_type=\"section\" data-e-type=\"section\">\n\t\t\t\t\t\t<div class=\"elementor-container elementor-column-gap-default\">\n\t\t\t\t\t<div class=\"elementor-column elementor-col-100 elementor-top-column elementor-element elementor-element-0cec92e\" data-id=\"0cec92e\" data-element_type=\"column\" data-e-type=\"column\">\n\t\t\t<div class=\"elementor-widget-wrap elementor-element-populated\">\n\t\t\t\t\t\t<div class=\"elementor-element elementor-element-ee7a256 elementor-widget elementor-widget-heading\" data-id=\"ee7a256\" data-element_type=\"widget\" data-e-type=\"widget\" data-widget_type=\"heading.default\">\n\t\t\t\t<div class=\"elementor-widget-container\">\n\t\t\t\t\t<h2 class=\"elementor-heading-title elementor-size-default\">HOW DID THE MILITARY ACADEMY COME INTO BEING?<\/h2>\t\t\t\t<\/div>\n\t\t\t\t<\/div>\n\t\t\t\t<div class=\"elementor-element elementor-element-018b02d elementor-widget-divider--view-line elementor-widget elementor-widget-divider\" data-id=\"018b02d\" data-element_type=\"widget\" data-e-type=\"widget\" data-widget_type=\"divider.default\">\n\t\t\t\t<div class=\"elementor-widget-container\">\n\t\t\t\t\t\t\t<div class=\"elementor-divider\">\n\t\t\t<span class=\"elementor-divider-separator\">\n\t\t\t\t\t\t<\/span>\n\t\t<\/div>\n\t\t\t\t\t\t<\/div>\n\t\t\t\t<\/div>\n\t\t\t\t\t<\/div>\n\t\t<\/div>\n\t\t\t\t\t<\/div>\n\t\t<\/section>\n\t\t\t\t<section data-particle_enable=\"false\" data-particle-mobile-disabled=\"false\" class=\"elementor-section elementor-top-section elementor-element elementor-element-16bfdc8 elementor-section-boxed elementor-section-height-default elementor-section-height-default\" data-id=\"16bfdc8\" data-element_type=\"section\" data-e-type=\"section\">\n\t\t\t\t\t\t<div class=\"elementor-container elementor-column-gap-default\">\n\t\t\t\t\t<div class=\"elementor-column elementor-col-100 elementor-top-column elementor-element elementor-element-bb2a3a7\" data-id=\"bb2a3a7\" data-element_type=\"column\" data-e-type=\"column\">\n\t\t\t<div class=\"elementor-widget-wrap elementor-element-populated\">\n\t\t\t\t\t\t<div class=\"elementor-element elementor-element-b6acd66 elementor-widget elementor-widget-text-editor\" data-id=\"b6acd66\" data-element_type=\"widget\" data-e-type=\"widget\" data-widget_type=\"text-editor.default\">\n\t\t\t\t<div class=\"elementor-widget-container\">\n\t\t\t\t\t\t\t\t\t<p style=\"text-align: left;\">Its creation comes in response to a geopolitical necessity: the international situation and the changes in the strategic context make it more important than ever for us to renew our strategic thinking, feed the European and Atlantic debate and increase our capacity to influence our partners and allies.<\/p><p style=\"text-align: left;\">The French political authorities have turned this observation into an impetus. In November 2022, the <em>National Strategic Review<\/em> unveiled by the President of the French Republic, established influence as the sixth strategic function. This approach has since been confirmed by the <a href=\"https:\/\/ihedn.fr\/en\/2023\/06\/30\/thomas-gassilloud-avec-cette-lpm-la-france-pourra-agir-vite-fort-et-loin\/\" target=\"_blank\" rel=\"noopener\">military programming law 2024-2030<\/a>. The development of this new strategic function required the creation of centres of influence. And what better place than the \u00c9cole Militaire to centralise the influence of national strategic thinking?<\/p><p style=\"text-align: left;\">There is no doubt that this Parisian location has great potential in this respect. In the heart of the capital, this prestigious site, without any real equivalent in the world, can boast major legitimacy in terms of training. The memory of Bonaparte, Foch and de Gaulle continues to float among the walls of the old school designed by Marshal de Saxe and founded by Louis XV in 1751.<\/p><p style=\"text-align: left;\">Made possible in less than two years, the creation of the ACADEM is in fact the culmination of a much earlier desire. At the time of the Liberation, General de Gaulle's government planned to create a \"defence academy\" for the joint training of the military and civilian elite. Although this ambition was short-lived, from that time onwards the \u00c9cole Militaire site became the focal point for higher military education and the Institut des Hautes \u00c9tudes de D\u00e9fense Nationale (IHEDN). This ambition was strongly reaffirmed at the start of the Fifth Republic, but the \"military university\" project proposed by Prime Minister Michel Debr\u00e9 failed, as did subsequent attempts. However, over the years, and particularly since the 1990s, a growing number of research bodies have come together at the \u00c9cole Militaire: the \u00c9cole de Guerre, doctrine centres, research institutes and chairs, and leadership training institutes. This grouping is unique in Europe.<\/p><p style=\"text-align: left;\">It is for all these reasons that the Minister of the Armed Forces made the project to create the Defence Academy at the \u00c9cole Militaire a priority over a year ago. With the ACADEM, the aim is to take full advantage of the co-location on the same site of the various organisations, whether they are attached to the Ministry of the Armed Forces, the Ministry of the Interior, or have an interministerial vocation.<\/p>\t\t\t\t\t\t\t\t<\/div>\n\t\t\t\t<\/div>\n\t\t\t\t\t<\/div>\n\t\t<\/div>\n\t\t\t\t\t<\/div>\n\t\t<\/section>\n\t\t\t\t<section data-particle_enable=\"false\" data-particle-mobile-disabled=\"false\" class=\"elementor-section elementor-top-section elementor-element elementor-element-19be913 elementor-section-boxed elementor-section-height-default elementor-section-height-default\" data-id=\"19be913\" data-element_type=\"section\" data-e-type=\"section\">\n\t\t\t\t\t\t<div class=\"elementor-container elementor-column-gap-default\">\n\t\t\t\t\t<div class=\"elementor-column elementor-col-100 elementor-top-column elementor-element elementor-element-b86613b\" data-id=\"b86613b\" data-element_type=\"column\" data-e-type=\"column\">\n\t\t\t<div class=\"elementor-widget-wrap elementor-element-populated\">\n\t\t\t\t\t\t<div class=\"elementor-element elementor-element-b8fb3c7 elementor-widget elementor-widget-heading\" data-id=\"b8fb3c7\" data-element_type=\"widget\" data-e-type=\"widget\" data-widget_type=\"heading.default\">\n\t\t\t\t<div class=\"elementor-widget-container\">\n\t\t\t\t\t<h2 class=\"elementor-heading-title elementor-size-default\">HOW DOES IT WORK?<\/h2>\t\t\t\t<\/div>\n\t\t\t\t<\/div>\n\t\t\t\t<div class=\"elementor-element elementor-element-ae814b3 elementor-widget-divider--view-line elementor-widget elementor-widget-divider\" data-id=\"ae814b3\" data-element_type=\"widget\" data-e-type=\"widget\" data-widget_type=\"divider.default\">\n\t\t\t\t<div class=\"elementor-widget-container\">\n\t\t\t\t\t\t\t<div class=\"elementor-divider\">\n\t\t\t<span class=\"elementor-divider-separator\">\n\t\t\t\t\t\t<\/span>\n\t\t<\/div>\n\t\t\t\t\t\t<\/div>\n\t\t\t\t<\/div>\n\t\t\t\t\t<\/div>\n\t\t<\/div>\n\t\t\t\t\t<\/div>\n\t\t<\/section>\n\t\t\t\t<section data-particle_enable=\"false\" data-particle-mobile-disabled=\"false\" class=\"elementor-section elementor-top-section elementor-element elementor-element-c26f458 elementor-section-boxed elementor-section-height-default elementor-section-height-default\" data-id=\"c26f458\" data-element_type=\"section\" data-e-type=\"section\">\n\t\t\t\t\t\t<div class=\"elementor-container elementor-column-gap-default\">\n\t\t\t\t\t<div class=\"elementor-column elementor-col-100 elementor-top-column elementor-element elementor-element-ecef182\" data-id=\"ecef182\" data-element_type=\"column\" data-e-type=\"column\">\n\t\t\t<div class=\"elementor-widget-wrap elementor-element-populated\">\n\t\t\t\t\t\t<div class=\"elementor-element elementor-element-a324cfd elementor-widget elementor-widget-text-editor\" data-id=\"a324cfd\" data-element_type=\"widget\" data-e-type=\"widget\" data-widget_type=\"text-editor.default\">\n\t\t\t\t<div class=\"elementor-widget-container\">\n\t\t\t\t\t\t\t\t\t<p style=\"text-align: left;\">Far from being a new administrative \"layer\", the ACADEM is a light, federating structure dedicated solely to promoting French training, research and doctrine in the field of defence and security, through the organisation of events, seminars and forums common to the various structures it brings together.<\/p>\n<p style=\"text-align: left;\">It was therefore decided to set up a light governance structure: chaired by the General Director of Higher Military Education (DEMS) and the IHEDN, ACADEM's Secretary General is the DEMS's deputy, a Major General or Vice-Admiral. They are supported by a team that ensures that French strategic thinking is disseminated, both to the research community and to our foreign partners and allies: diplomatic, academic and communications advisors and representatives, etc.<\/p>\n<p style=\"text-align: left;\">The creation of the Defence Academy at the \u00c9cole Militaire in no way diminishes the functions and competencies of the organisations it brings together. They will continue to work in complete autonomy, under their own management. However, they will all participate in the organisation of the various ACADEM events, according to their respective fields of action.<\/p>\n<p style=\"text-align: left;\">In this way, ACADEM gives the \u00c9cole Militaire an existence in the minds, media and circles of reflection on a French, European and global scale. The Ministry of the Armed Forces and, more broadly, the State, can now make better use of the tremendous reservoir of resources represented by the \u00c9cole Militaire, which is establishing itself as a forum for debate and a source of international influence. It is also a natural meeting place for researchers and teachers, officers and academics, thinkers and practitioners.<\/p>\t\t\t\t\t\t\t\t<\/div>\n\t\t\t\t<\/div>\n\t\t\t\t\t<\/div>\n\t\t<\/div>\n\t\t\t\t\t<\/div>\n\t\t<\/section>\n\t\t\t\t<section data-particle_enable=\"false\" data-particle-mobile-disabled=\"false\" class=\"elementor-section elementor-top-section elementor-element elementor-element-e7895f4 elementor-section-boxed elementor-section-height-default elementor-section-height-default\" data-id=\"e7895f4\" data-element_type=\"section\" data-e-type=\"section\">\n\t\t\t\t\t\t<div class=\"elementor-container elementor-column-gap-default\">\n\t\t\t\t\t<div class=\"elementor-column elementor-col-100 elementor-top-column elementor-element elementor-element-8c0b275\" data-id=\"8c0b275\" data-element_type=\"column\" data-e-type=\"column\">\n\t\t\t<div class=\"elementor-widget-wrap elementor-element-populated\">\n\t\t\t\t\t\t<div class=\"elementor-element elementor-element-023feeb elementor-widget elementor-widget-heading\" data-id=\"023feeb\" data-element_type=\"widget\" data-e-type=\"widget\" data-widget_type=\"heading.default\">\n\t\t\t\t<div class=\"elementor-widget-container\">\n\t\t\t\t\t<h2 class=\"elementor-heading-title elementor-size-default\">WHAT ARE THE ACADEMY'S FUTURE PLANS?<\/h2>\t\t\t\t<\/div>\n\t\t\t\t<\/div>\n\t\t\t\t<div class=\"elementor-element elementor-element-68ca4c8 elementor-widget-divider--view-line elementor-widget elementor-widget-divider\" data-id=\"68ca4c8\" data-element_type=\"widget\" data-e-type=\"widget\" data-widget_type=\"divider.default\">\n\t\t\t\t<div class=\"elementor-widget-container\">\n\t\t\t\t\t\t\t<div class=\"elementor-divider\">\n\t\t\t<span class=\"elementor-divider-separator\">\n\t\t\t\t\t\t<\/span>\n\t\t<\/div>\n\t\t\t\t\t\t<\/div>\n\t\t\t\t<\/div>\n\t\t\t\t\t<\/div>\n\t\t<\/div>\n\t\t\t\t\t<\/div>\n\t\t<\/section>\n\t\t\t\t<section data-particle_enable=\"false\" data-particle-mobile-disabled=\"false\" class=\"elementor-section elementor-top-section elementor-element elementor-element-93d3a2b elementor-section-boxed elementor-section-height-default elementor-section-height-default\" data-id=\"93d3a2b\" data-element_type=\"section\" data-e-type=\"section\">\n\t\t\t\t\t\t<div class=\"elementor-container elementor-column-gap-default\">\n\t\t\t\t\t<div class=\"elementor-column elementor-col-100 elementor-top-column elementor-element elementor-element-275fcb0\" data-id=\"275fcb0\" data-element_type=\"column\" data-e-type=\"column\">\n\t\t\t<div class=\"elementor-widget-wrap elementor-element-populated\">\n\t\t\t\t\t\t<div class=\"elementor-element elementor-element-7dfb8e2 elementor-widget elementor-widget-text-editor\" data-id=\"7dfb8e2\" data-element_type=\"widget\" data-e-type=\"widget\" data-widget_type=\"text-editor.default\">\n\t\t\t\t<div class=\"elementor-widget-container\">\n\t\t\t\t\t\t\t\t\t<p style=\"text-align: left;\">We can even talk about a past event! Indeed, on 16 February this year, <a href=\"https:\/\/www.irsem.fr\/media\/programme-colloque-ukraine-160223.pdf\" target=\"_blank\" rel=\"noopener\">the \"War in Ukraine: one year on, what lessons have we learned?<\/a> was a forerunner of the ACADEM, in the sense that it already brought together a number of organisations from the \u00c9cole Militaire.<\/p><p style=\"text-align: left;\">For the future, the immediate focus is on the inauguration, this Thursday, with <a href=\"https:\/\/urlz.fr\/ob9o\" target=\"_blank\" rel=\"noopener\">a programme<\/a> of presentations and round tables. And in just over a month's time, on 28 November, ACADEM is organising the <a href=\"https:\/\/www.defense.gouv.fr\/academ\/evenements\/colloque-forces-morales-nation\" target=\"_blank\" rel=\"noopener\">Forces morales de la nation conference<\/a>.<\/p><p style=\"text-align: left;\">For the future, we are working on organising the <em>Paris Defence and Strategy Forum<\/em>scheduled for 13 and 14 March 2024. In between these events, there will be plenty of opportunities for meetings and debates, some of which will be open to the public.<\/p><p style=\"text-align: left;\">This is how ACADEM is establishing itself as an international incubator for training and strategic studies.<\/p>\t\t\t\t\t\t\t\t<\/div>\n\t\t\t\t<\/div>\n\t\t\t\t<div class=\"elementor-element elementor-element-2be9a00 elementor-widget-divider--view-line elementor-widget elementor-widget-divider\" data-id=\"2be9a00\" data-element_type=\"widget\" data-e-type=\"widget\" data-widget_type=\"divider.default\">\n\t\t\t\t<div class=\"elementor-widget-container\">\n\t\t\t\t\t\t\t<div class=\"elementor-divider\">\n\t\t\t<span class=\"elementor-divider-separator\">\n\t\t\t\t\t\t<\/span>\n\t\t<\/div>\n\t\t\t\t\t\t<\/div>\n\t\t\t\t<\/div>\n\t\t\t\t<div class=\"elementor-element elementor-element-0b19b97 elementor-widget elementor-widget-text-editor\" data-id=\"0b19b97\" data-element_type=\"widget\" data-e-type=\"widget\" data-widget_type=\"text-editor.default\">\n\t\t\t\t<div class=\"elementor-widget-container\">\n\t\t\t\t\t\t\t\t\t<p style=\"text-align: left;\"><sup>* <\/sup>The 21 member organisations of ACADEM :<\/p><p style=\"text-align: left;\">Acad\u00e9mie du renseignement, Biblioth\u00e8que de l'\u00c9cole militaire (BEM), Centre de doctrine et d'enseignement du commandement (CDEC), Centre d'enseignement militaire sup\u00e9rieur air (CEMSAIR), Centre d'enseignement militaire sup\u00e9rieur Terre (CEMS-T), Centre d'\u00e9tudes strat\u00e9giques de la marine (CESM), Centre d'\u00e9tudes strat\u00e9giques a\u00e9rospatiales (CESA), Centre de formation des dirigeants de la gendarmerie (CFDG), Centre de formation au management de la d\u00e9fense (CFMD), Centre de recherche de l'\u00e9cole des officiers de la gendarmerie nationale (CREOGN), Centre des hautes \u00e9tudes militaires (CHEM), Centre interarm\u00e9es de concepts, de doctrines et d'exp\u00e9rimentations (CICDE), Cyberdefence and Digital Sovereignty Chair of the IHEDN, Defence Economics Chair of the IHEDN, 'Defence and Security of the National Territory' Chair of the Joint Staff of the Metropolitan National Territory (EMIA-TN), Applied Air and Space Strategies\" chair at CESA, Conseil g\u00e9n\u00e9ral de l'armement (CGArm), \u00c9cole de Guerre (EdG), Institut des hautes \u00e9tudes de d\u00e9fense nationale (IHEDN), Institut des hautes \u00e9tudes du minist\u00e8re de l'Int\u00e9rieur (IHEMI), Institut de recherche strat\u00e9gique de l'\u00c9cole militaire (IRSEM).<\/p>\t\t\t\t\t\t\t\t<\/div>\n\t\t\t\t<\/div>\n\t\t\t\t\t<\/div>\n\t\t<\/div>\n\t\t\t\t\t<\/div>\n\t\t<\/section>\n\t\t\t\t<\/div>","protected":false},"excerpt":{"rendered":"<p>Inaugurated on Thursday by the Minister for the Armed Forces, the Defence Academy of the \u00c9cole Militaire (ACADEM) is a powerful tool for academic exchange and dialogue with France's allies. Its president, Lieutenant General Beno\u00eet Durieux, talks about its origins, functions and plans. <\/p>","protected":false},"author":10,"featured_media":43326,"comment_status":"closed","ping_status":"closed","sticky":false,"template":"","format":"standard","meta":{"footnotes":""},"categories":[208,41,171],"tags":[],"class_list":["post-43324","post","type-post","status-publish","format-standard","has-post-thumbnail","hentry","category-defense-nationale","category-lundis-de-lihedn","category-notre-selection"],"yoast_head":"<!-- This site is optimized with the Yoast SEO plugin v27.5 - https:\/\/yoast.com\/product\/yoast-seo-wordpress\/ -->\n<title>G\u00e9n\u00e9ral Durieux : \u00ab Avec l\u2019ACADEM, la pens\u00e9e strat\u00e9gique fran\u00e7aise rayonne plus fort et plus loin \u00bb - L&#039;IHEDN : Institut des hautes \u00e9tudes de d\u00e9fense nationale<\/title>\n<meta name=\"description\" content=\"Inaugur\u00e9e jeudi par le ministre des Arm\u00e9es, l\u2019Acad\u00e9mie de d\u00e9fense de l\u2019\u00c9cole militaire (ACADEM) repr\u00e9sente un outil puissant d\u2019\u00e9change acad\u00e9mique et de dialogue avec les alli\u00e9s de la France. Son pr\u00e9sident, le g\u00e9n\u00e9ral de corps d\u2019arm\u00e9e Beno\u00eet Durieux, revient sur sa gen\u00e8se, ses fonctions et ses projets.\" \/>\n<meta name=\"robots\" content=\"index, follow, max-snippet:-1, max-image-preview:large, max-video-preview:-1\" \/>\n<link rel=\"canonical\" href=\"https:\/\/ihedn.fr\/en\/lundis-de-lihedn\/general-durieux-avec-lacadem-la-pensee-strategique-francaise-rayonne-plus-fort-et-plus-loin\/\" \/>\n<meta property=\"og:locale\" content=\"en_GB\" \/>\n<meta property=\"og:type\" content=\"article\" \/>\n<meta property=\"og:title\" content=\"G\u00e9n\u00e9ral Durieux : \u00ab Avec l\u2019ACADEM, la pens\u00e9e strat\u00e9gique fran\u00e7aise rayonne plus fort et plus loin \u00bb\" \/>\n<meta property=\"og:description\" content=\"Inaugur\u00e9e jeudi par le ministre des Arm\u00e9es, l\u2019Acad\u00e9mie de d\u00e9fense de l\u2019\u00c9cole militaire (ACADEM) repr\u00e9sente un outil puissant d\u2019\u00e9change acad\u00e9mique et de dialogue avec les alli\u00e9s de la France. Son pr\u00e9sident, le g\u00e9n\u00e9ral de corps d\u2019arm\u00e9e Beno\u00eet Durieux, revient sur sa gen\u00e8se, ses fonctions et ses projets.\" \/>\n<meta property=\"og:url\" content=\"https:\/\/ihedn.fr\/en\/lundis-de-lihedn\/general-durieux-avec-lacadem-la-pensee-strategique-francaise-rayonne-plus-fort-et-plus-loin\/\" \/>\n<meta property=\"og:site_name\" content=\"L&#039;IHEDN : Institut des hautes \u00e9tudes de d\u00e9fense nationale\" \/>\n<meta property=\"article:publisher\" content=\"https:\/\/www.facebook.com\/ihedn\/\" \/>\n<meta property=\"article:published_time\" content=\"2023-10-23T12:51:12+00:00\" \/>\n<meta property=\"article:modified_time\" content=\"2025-09-05T07:51:20+00:00\" \/>\n<meta property=\"og:image\" content=\"https:\/\/ihedn.fr\/wp-content\/uploads\/2023\/10\/Bandeau_ACADEM_DURIEUX_1600x900.png\" \/>\n\t<meta property=\"og:image:width\" content=\"800\" \/>\n\t<meta property=\"og:image:height\" content=\"400\" \/>\n\t<meta property=\"og:image:type\" content=\"image\/png\" \/>\n<meta name=\"author\" content=\"tanguy.morel@ihedn.fr\" \/>\n<meta name=\"twitter:card\" content=\"summary_large_image\" \/>\n<meta name=\"twitter:title\" content=\"G\u00e9n\u00e9ral Durieux : \u00ab Avec l\u2019ACADEM, la pens\u00e9e strat\u00e9gique fran\u00e7aise rayonne plus fort et plus loin \u00bb\" \/>\n<meta name=\"twitter:description\" content=\"Inaugur\u00e9e jeudi par le ministre des Arm\u00e9es, l\u2019Acad\u00e9mie de d\u00e9fense de l\u2019\u00c9cole militaire (ACADEM) repr\u00e9sente un outil puissant d\u2019\u00e9change acad\u00e9mique et de dialogue avec les alli\u00e9s de la France. Son pr\u00e9sident, le g\u00e9n\u00e9ral de corps d\u2019arm\u00e9e Beno\u00eet Durieux, revient sur sa gen\u00e8se, ses fonctions et ses projets.\" \/>\n<meta name=\"twitter:image\" content=\"https:\/\/ihedn.fr\/wp-content\/uploads\/2023\/10\/Bandeau_ACADEM_DURIEUX_1600x900.png\" \/>\n<meta name=\"twitter:creator\" content=\"@IHEDN\" \/>\n<meta name=\"twitter:site\" content=\"@IHEDN\" \/>\n<meta name=\"twitter:label1\" content=\"Written by\" \/>\n\t<meta name=\"twitter:data1\" content=\"tanguy.morel@ihedn.fr\" \/>\n\t<meta name=\"twitter:label2\" content=\"Estimated reading time\" \/>\n\t<meta name=\"twitter:data2\" content=\"6 minutes\" \/>\n<script type=\"application\/ld+json\" class=\"yoast-schema-graph\">{\"@context\":\"https:\\\/\\\/schema.org\",\"@graph\":[{\"@type\":\"Article\",\"@id\":\"https:\\\/\\\/ihedn.fr\\\/lundis-de-lihedn\\\/general-durieux-avec-lacadem-la-pensee-strategique-francaise-rayonne-plus-fort-et-plus-loin\\\/#article\",\"isPartOf\":{\"@id\":\"https:\\\/\\\/ihedn.fr\\\/lundis-de-lihedn\\\/general-durieux-avec-lacadem-la-pensee-strategique-francaise-rayonne-plus-fort-et-plus-loin\\\/\"},\"author\":{\"name\":\"tanguy.morel@ihedn.fr\",\"@id\":\"https:\\\/\\\/ihedn.fr\\\/#\\\/schema\\\/person\\\/ed217a37104b27a246b200e65b827cc7\"},\"headline\":\"G\u00e9n\u00e9ral Durieux : \u00ab Avec l\u2019ACADEM, la pens\u00e9e strat\u00e9gique fran\u00e7aise rayonne plus fort et plus loin \u00bb\",\"datePublished\":\"2023-10-23T12:51:12+00:00\",\"dateModified\":\"2025-09-05T07:51:20+00:00\",\"mainEntityOfPage\":{\"@id\":\"https:\\\/\\\/ihedn.fr\\\/lundis-de-lihedn\\\/general-durieux-avec-lacadem-la-pensee-strategique-francaise-rayonne-plus-fort-et-plus-loin\\\/\"},\"wordCount\":1352,\"publisher\":{\"@id\":\"https:\\\/\\\/ihedn.fr\\\/#organization\"},\"image\":{\"@id\":\"https:\\\/\\\/ihedn.fr\\\/lundis-de-lihedn\\\/general-durieux-avec-lacadem-la-pensee-strategique-francaise-rayonne-plus-fort-et-plus-loin\\\/#primaryimage\"},\"thumbnailUrl\":\"https:\\\/\\\/ihedn.fr\\\/wp-content\\\/uploads\\\/2023\\\/10\\\/Bandeau_ACADEM_DURIEUX_1600x900.png\",\"articleSection\":[\"d\u00e9fense nationale\",\"Lundis de l'IHEDN\",\"Notre s\u00e9lection\"],\"inLanguage\":\"en-GB\"},{\"@type\":\"WebPage\",\"@id\":\"https:\\\/\\\/ihedn.fr\\\/lundis-de-lihedn\\\/general-durieux-avec-lacadem-la-pensee-strategique-francaise-rayonne-plus-fort-et-plus-loin\\\/\",\"url\":\"https:\\\/\\\/ihedn.fr\\\/lundis-de-lihedn\\\/general-durieux-avec-lacadem-la-pensee-strategique-francaise-rayonne-plus-fort-et-plus-loin\\\/\",\"name\":\"G\u00e9n\u00e9ral Durieux : \u00ab Avec l\u2019ACADEM, la pens\u00e9e strat\u00e9gique fran\u00e7aise rayonne plus fort et plus loin \u00bb - L&#039;IHEDN : Institut des hautes \u00e9tudes de d\u00e9fense nationale\",\"isPartOf\":{\"@id\":\"https:\\\/\\\/ihedn.fr\\\/#website\"},\"primaryImageOfPage\":{\"@id\":\"https:\\\/\\\/ihedn.fr\\\/lundis-de-lihedn\\\/general-durieux-avec-lacadem-la-pensee-strategique-francaise-rayonne-plus-fort-et-plus-loin\\\/#primaryimage\"},\"image\":{\"@id\":\"https:\\\/\\\/ihedn.fr\\\/lundis-de-lihedn\\\/general-durieux-avec-lacadem-la-pensee-strategique-francaise-rayonne-plus-fort-et-plus-loin\\\/#primaryimage\"},\"thumbnailUrl\":\"https:\\\/\\\/ihedn.fr\\\/wp-content\\\/uploads\\\/2023\\\/10\\\/Bandeau_ACADEM_DURIEUX_1600x900.png\",\"datePublished\":\"2023-10-23T12:51:12+00:00\",\"dateModified\":\"2025-09-05T07:51:20+00:00\",\"description\":\"Inaugur\u00e9e jeudi par le ministre des Arm\u00e9es, l\u2019Acad\u00e9mie de d\u00e9fense de l\u2019\u00c9cole militaire (ACADEM) repr\u00e9sente un outil puissant d\u2019\u00e9change acad\u00e9mique et de dialogue avec les alli\u00e9s de la France. Son pr\u00e9sident, le g\u00e9n\u00e9ral de corps d\u2019arm\u00e9e Beno\u00eet Durieux, revient sur sa gen\u00e8se, ses fonctions et ses projets.\",\"breadcrumb\":{\"@id\":\"https:\\\/\\\/ihedn.fr\\\/lundis-de-lihedn\\\/general-durieux-avec-lacadem-la-pensee-strategique-francaise-rayonne-plus-fort-et-plus-loin\\\/#breadcrumb\"},\"inLanguage\":\"en-GB\",\"potentialAction\":[{\"@type\":\"ReadAction\",\"target\":[\"https:\\\/\\\/ihedn.fr\\\/lundis-de-lihedn\\\/general-durieux-avec-lacadem-la-pensee-strategique-francaise-rayonne-plus-fort-et-plus-loin\\\/\"]}]},{\"@type\":\"ImageObject\",\"inLanguage\":\"en-GB\",\"@id\":\"https:\\\/\\\/ihedn.fr\\\/lundis-de-lihedn\\\/general-durieux-avec-lacadem-la-pensee-strategique-francaise-rayonne-plus-fort-et-plus-loin\\\/#primaryimage\",\"url\":\"https:\\\/\\\/ihedn.fr\\\/wp-content\\\/uploads\\\/2023\\\/10\\\/Bandeau_ACADEM_DURIEUX_1600x900.png\",\"contentUrl\":\"https:\\\/\\\/ihedn.fr\\\/wp-content\\\/uploads\\\/2023\\\/10\\\/Bandeau_ACADEM_DURIEUX_1600x900.png\",\"width\":1024,\"height\":512},{\"@type\":\"BreadcrumbList\",\"@id\":\"https:\\\/\\\/ihedn.fr\\\/lundis-de-lihedn\\\/general-durieux-avec-lacadem-la-pensee-strategique-francaise-rayonne-plus-fort-et-plus-loin\\\/#breadcrumb\",\"itemListElement\":[{\"@type\":\"ListItem\",\"position\":1,\"name\":\"Accueil\",\"item\":\"https:\\\/\\\/ihedn.fr\\\/\"},{\"@type\":\"ListItem\",\"position\":2,\"name\":\"G\u00e9n\u00e9ral Durieux : \u00ab Avec l\u2019ACADEM, la pens\u00e9e strat\u00e9gique fran\u00e7aise rayonne plus fort et plus loin \u00bb\"}]},{\"@type\":\"WebSite\",\"@id\":\"https:\\\/\\\/ihedn.fr\\\/#website\",\"url\":\"https:\\\/\\\/ihedn.fr\\\/\",\"name\":\"IHEDN : Institut des hautes \u00e9tudes de d\u00e9fense nationale |\",\"description\":\"Site officiel de l&#039;IHEDN plac\u00e9 sous la tutelle du Premier ministre.\",\"publisher\":{\"@id\":\"https:\\\/\\\/ihedn.fr\\\/#organization\"},\"potentialAction\":[{\"@type\":\"SearchAction\",\"target\":{\"@type\":\"EntryPoint\",\"urlTemplate\":\"https:\\\/\\\/ihedn.fr\\\/?s={search_term_string}\"},\"query-input\":{\"@type\":\"PropertyValueSpecification\",\"valueRequired\":true,\"valueName\":\"search_term_string\"}}],\"inLanguage\":\"en-GB\"},{\"@type\":\"Organization\",\"@id\":\"https:\\\/\\\/ihedn.fr\\\/#organization\",\"name\":\"IHEDN - Institut des Hautes Etudes de D\u00e9fense Nationale\",\"url\":\"https:\\\/\\\/ihedn.fr\\\/\",\"logo\":{\"@type\":\"ImageObject\",\"inLanguage\":\"en-GB\",\"@id\":\"https:\\\/\\\/ihedn.fr\\\/#\\\/schema\\\/logo\\\/image\\\/\",\"url\":\"https:\\\/\\\/ihedn.fr\\\/wp-content\\\/uploads\\\/2020\\\/11\\\/BLOC_RF_IHEDN_WEB.png\",\"contentUrl\":\"https:\\\/\\\/ihedn.fr\\\/wp-content\\\/uploads\\\/2020\\\/11\\\/BLOC_RF_IHEDN_WEB.png\",\"width\":500,\"height\":237,\"caption\":\"IHEDN - Institut des Hautes Etudes de D\u00e9fense Nationale\"},\"image\":{\"@id\":\"https:\\\/\\\/ihedn.fr\\\/#\\\/schema\\\/logo\\\/image\\\/\"},\"sameAs\":[\"https:\\\/\\\/www.facebook.com\\\/ihedn\\\/\",\"https:\\\/\\\/x.com\\\/IHEDN\",\"https:\\\/\\\/www.instagram.com\\\/ihedn\\\/\",\"https:\\\/\\\/www.linkedin.com\\\/school\\\/ihedn\\\/\",\"https:\\\/\\\/fr.wikipedia.org\\\/wiki\\\/Institut_des_hautes_\u00e9tudes_de_D\u00e9fense_nationale\"]},{\"@type\":\"Person\",\"@id\":\"https:\\\/\\\/ihedn.fr\\\/#\\\/schema\\\/person\\\/ed217a37104b27a246b200e65b827cc7\",\"name\":\"tanguy.morel@ihedn.fr\",\"image\":{\"@type\":\"ImageObject\",\"inLanguage\":\"en-GB\",\"@id\":\"https:\\\/\\\/secure.gravatar.com\\\/avatar\\\/36877cd30919fafddf1f9da45f4154aa468a64328452f2ceaff0968772207348?s=96&d=mm&r=g\",\"url\":\"https:\\\/\\\/secure.gravatar.com\\\/avatar\\\/36877cd30919fafddf1f9da45f4154aa468a64328452f2ceaff0968772207348?s=96&d=mm&r=g\",\"contentUrl\":\"https:\\\/\\\/secure.gravatar.com\\\/avatar\\\/36877cd30919fafddf1f9da45f4154aa468a64328452f2ceaff0968772207348?s=96&d=mm&r=g\",\"caption\":\"tanguy.morel@ihedn.fr\"},\"url\":\"https:\\\/\\\/ihedn.fr\\\/en\\\/author\\\/tanguy-morelihedn-fr\\\/\"}]}<\/script>\n<!-- \/ Yoast SEO plugin. -->","yoast_head_json":{"title":"General Durieux: \"With the ACADEM, French strategic thinking shines out stronger and further afield\" - L'IHEDN : Institut des hautes \u00e9tudes de d\u00e9fense nationale (Institute for Advanced Studies in National Defence)","description":"Inaugurated on Thursday by the Minister for the Armed Forces, the Defence Academy of the \u00c9cole Militaire (ACADEM) is a powerful tool for academic exchange and dialogue with France's allies. Its president, Lieutenant General Beno\u00eet Durieux, talks about its origins, functions and plans.","robots":{"index":"index","follow":"follow","max-snippet":"max-snippet:-1","max-image-preview":"max-image-preview:large","max-video-preview":"max-video-preview:-1"},"canonical":"https:\/\/ihedn.fr\/en\/lundis-de-lihedn\/general-durieux-avec-lacadem-la-pensee-strategique-francaise-rayonne-plus-fort-et-plus-loin\/","og_locale":"en_GB","og_type":"article","og_title":"G\u00e9n\u00e9ral Durieux : \u00ab Avec l\u2019ACADEM, la pens\u00e9e strat\u00e9gique fran\u00e7aise rayonne plus fort et plus loin \u00bb","og_description":"Inaugur\u00e9e jeudi par le ministre des Arm\u00e9es, l\u2019Acad\u00e9mie de d\u00e9fense de l\u2019\u00c9cole militaire (ACADEM) repr\u00e9sente un outil puissant d\u2019\u00e9change acad\u00e9mique et de dialogue avec les alli\u00e9s de la France. Son pr\u00e9sident, le g\u00e9n\u00e9ral de corps d\u2019arm\u00e9e Beno\u00eet Durieux, revient sur sa gen\u00e8se, ses fonctions et ses projets.","og_url":"https:\/\/ihedn.fr\/en\/lundis-de-lihedn\/general-durieux-avec-lacadem-la-pensee-strategique-francaise-rayonne-plus-fort-et-plus-loin\/","og_site_name":"L&#039;IHEDN : Institut des hautes \u00e9tudes de d\u00e9fense nationale","article_publisher":"https:\/\/www.facebook.com\/ihedn\/","article_published_time":"2023-10-23T12:51:12+00:00","article_modified_time":"2025-09-05T07:51:20+00:00","og_image":[{"url":"https:\/\/ihedn.fr\/wp-content\/uploads\/2023\/10\/Bandeau_ACADEM_DURIEUX_1600x900.png","width":800,"height":400,"type":"image\/png"}],"author":"tanguy.morel@ihedn.fr","twitter_card":"summary_large_image","twitter_title":"G\u00e9n\u00e9ral Durieux : \u00ab Avec l\u2019ACADEM, la pens\u00e9e strat\u00e9gique fran\u00e7aise rayonne plus fort et plus loin \u00bb","twitter_description":"Inaugur\u00e9e jeudi par le ministre des Arm\u00e9es, l\u2019Acad\u00e9mie de d\u00e9fense de l\u2019\u00c9cole militaire (ACADEM) repr\u00e9sente un outil puissant d\u2019\u00e9change acad\u00e9mique et de dialogue avec les alli\u00e9s de la France. Son pr\u00e9sident, le g\u00e9n\u00e9ral de corps d\u2019arm\u00e9e Beno\u00eet Durieux, revient sur sa gen\u00e8se, ses fonctions et ses projets.","twitter_image":"https:\/\/ihedn.fr\/wp-content\/uploads\/2023\/10\/Bandeau_ACADEM_DURIEUX_1600x900.png","twitter_creator":"@IHEDN","twitter_site":"@IHEDN","twitter_misc":{"Written by":"tanguy.morel@ihedn.fr","Estimated reading time":"6 minutes"},"schema":{"@context":"https:\/\/schema.org","@graph":[{"@type":"Article","@id":"https:\/\/ihedn.fr\/lundis-de-lihedn\/general-durieux-avec-lacadem-la-pensee-strategique-francaise-rayonne-plus-fort-et-plus-loin\/#article","isPartOf":{"@id":"https:\/\/ihedn.fr\/lundis-de-lihedn\/general-durieux-avec-lacadem-la-pensee-strategique-francaise-rayonne-plus-fort-et-plus-loin\/"},"author":{"name":"tanguy.morel@ihedn.fr","@id":"https:\/\/ihedn.fr\/#\/schema\/person\/ed217a37104b27a246b200e65b827cc7"},"headline":"G\u00e9n\u00e9ral Durieux : \u00ab Avec l\u2019ACADEM, la pens\u00e9e strat\u00e9gique fran\u00e7aise rayonne plus fort et plus loin \u00bb","datePublished":"2023-10-23T12:51:12+00:00","dateModified":"2025-09-05T07:51:20+00:00","mainEntityOfPage":{"@id":"https:\/\/ihedn.fr\/lundis-de-lihedn\/general-durieux-avec-lacadem-la-pensee-strategique-francaise-rayonne-plus-fort-et-plus-loin\/"},"wordCount":1352,"publisher":{"@id":"https:\/\/ihedn.fr\/#organization"},"image":{"@id":"https:\/\/ihedn.fr\/lundis-de-lihedn\/general-durieux-avec-lacadem-la-pensee-strategique-francaise-rayonne-plus-fort-et-plus-loin\/#primaryimage"},"thumbnailUrl":"https:\/\/ihedn.fr\/wp-content\/uploads\/2023\/10\/Bandeau_ACADEM_DURIEUX_1600x900.png","articleSection":["d\u00e9fense nationale","Lundis de l'IHEDN","Notre s\u00e9lection"],"inLanguage":"en-GB"},{"@type":"WebPage","@id":"https:\/\/ihedn.fr\/lundis-de-lihedn\/general-durieux-avec-lacadem-la-pensee-strategique-francaise-rayonne-plus-fort-et-plus-loin\/","url":"https:\/\/ihedn.fr\/lundis-de-lihedn\/general-durieux-avec-lacadem-la-pensee-strategique-francaise-rayonne-plus-fort-et-plus-loin\/","name":"General Durieux: \"With the ACADEM, French strategic thinking shines out stronger and further afield\" - L'IHEDN : Institut des hautes \u00e9tudes de d\u00e9fense nationale (Institute for Advanced Studies in National Defence)","isPartOf":{"@id":"https:\/\/ihedn.fr\/#website"},"primaryImageOfPage":{"@id":"https:\/\/ihedn.fr\/lundis-de-lihedn\/general-durieux-avec-lacadem-la-pensee-strategique-francaise-rayonne-plus-fort-et-plus-loin\/#primaryimage"},"image":{"@id":"https:\/\/ihedn.fr\/lundis-de-lihedn\/general-durieux-avec-lacadem-la-pensee-strategique-francaise-rayonne-plus-fort-et-plus-loin\/#primaryimage"},"thumbnailUrl":"https:\/\/ihedn.fr\/wp-content\/uploads\/2023\/10\/Bandeau_ACADEM_DURIEUX_1600x900.png","datePublished":"2023-10-23T12:51:12+00:00","dateModified":"2025-09-05T07:51:20+00:00","description":"Inaugurated on Thursday by the Minister for the Armed Forces, the Defence Academy of the \u00c9cole Militaire (ACADEM) is a powerful tool for academic exchange and dialogue with France's allies. Its president, Lieutenant General Beno\u00eet Durieux, talks about its origins, functions and plans.","breadcrumb":{"@id":"https:\/\/ihedn.fr\/lundis-de-lihedn\/general-durieux-avec-lacadem-la-pensee-strategique-francaise-rayonne-plus-fort-et-plus-loin\/#breadcrumb"},"inLanguage":"en-GB","potentialAction":[{"@type":"ReadAction","target":["https:\/\/ihedn.fr\/lundis-de-lihedn\/general-durieux-avec-lacadem-la-pensee-strategique-francaise-rayonne-plus-fort-et-plus-loin\/"]}]},{"@type":"ImageObject","inLanguage":"en-GB","@id":"https:\/\/ihedn.fr\/lundis-de-lihedn\/general-durieux-avec-lacadem-la-pensee-strategique-francaise-rayonne-plus-fort-et-plus-loin\/#primaryimage","url":"https:\/\/ihedn.fr\/wp-content\/uploads\/2023\/10\/Bandeau_ACADEM_DURIEUX_1600x900.png","contentUrl":"https:\/\/ihedn.fr\/wp-content\/uploads\/2023\/10\/Bandeau_ACADEM_DURIEUX_1600x900.png","width":1024,"height":512},{"@type":"BreadcrumbList","@id":"https:\/\/ihedn.fr\/lundis-de-lihedn\/general-durieux-avec-lacadem-la-pensee-strategique-francaise-rayonne-plus-fort-et-plus-loin\/#breadcrumb","itemListElement":[{"@type":"ListItem","position":1,"name":"Accueil","item":"https:\/\/ihedn.fr\/"},{"@type":"ListItem","position":2,"name":"G\u00e9n\u00e9ral Durieux : \u00ab Avec l\u2019ACADEM, la pens\u00e9e strat\u00e9gique fran\u00e7aise rayonne plus fort et plus loin \u00bb"}]},{"@type":"WebSite","@id":"https:\/\/ihedn.fr\/#website","url":"https:\/\/ihedn.fr\/","name":"IHEDN: Institut des hautes \u00e9tudes de d\u00e9fense nationale (Institute for Higher National Defence Studies)","description":"Official website of the IHEDN under the supervision of the Prime Minister.","publisher":{"@id":"https:\/\/ihedn.fr\/#organization"},"potentialAction":[{"@type":"SearchAction","target":{"@type":"EntryPoint","urlTemplate":"https:\/\/ihedn.fr\/?s={search_term_string}"},"query-input":{"@type":"PropertyValueSpecification","valueRequired":true,"valueName":"search_term_string"}}],"inLanguage":"en-GB"},{"@type":"Organization","@id":"https:\/\/ihedn.fr\/#organization","name":"IHEDN - Institute for Higher National Defence Studies","url":"https:\/\/ihedn.fr\/","logo":{"@type":"ImageObject","inLanguage":"en-GB","@id":"https:\/\/ihedn.fr\/#\/schema\/logo\/image\/","url":"https:\/\/ihedn.fr\/wp-content\/uploads\/2020\/11\/BLOC_RF_IHEDN_WEB.png","contentUrl":"https:\/\/ihedn.fr\/wp-content\/uploads\/2020\/11\/BLOC_RF_IHEDN_WEB.png","width":500,"height":237,"caption":"IHEDN - Institut des Hautes Etudes de D\u00e9fense Nationale"},"image":{"@id":"https:\/\/ihedn.fr\/#\/schema\/logo\/image\/"},"sameAs":["https:\/\/www.facebook.com\/ihedn\/","https:\/\/x.com\/IHEDN","https:\/\/www.instagram.com\/ihedn\/","https:\/\/www.linkedin.com\/school\/ihedn\/","https:\/\/fr.wikipedia.org\/wiki\/Institut_des_hautes_\u00e9tudes_de_D\u00e9fense_nationale"]},{"@type":"Person","@id":"https:\/\/ihedn.fr\/#\/schema\/person\/ed217a37104b27a246b200e65b827cc7","name":"tanguy.morel@ihedn.fr","image":{"@type":"ImageObject","inLanguage":"en-GB","@id":"https:\/\/secure.gravatar.com\/avatar\/36877cd30919fafddf1f9da45f4154aa468a64328452f2ceaff0968772207348?s=96&d=mm&r=g","url":"https:\/\/secure.gravatar.com\/avatar\/36877cd30919fafddf1f9da45f4154aa468a64328452f2ceaff0968772207348?s=96&d=mm&r=g","contentUrl":"https:\/\/secure.gravatar.com\/avatar\/36877cd30919fafddf1f9da45f4154aa468a64328452f2ceaff0968772207348?s=96&d=mm&r=g","caption":"tanguy.morel@ihedn.fr"},"url":"https:\/\/ihedn.fr\/en\/author\/tanguy-morelihedn-fr\/"}]}},"publishpress_future_action":{"enabled":false,"date":"2026-05-07 00:24:54","action":"change-status","newStatus":"draft","terms":[],"taxonomy":"category","extraData":[]},"publishpress_future_workflow_manual_trigger":{"enabledWorkflows":[]},"_links":{"self":[{"href":"https:\/\/ihedn.fr\/en\/wp-json\/wp\/v2\/posts\/43324","targetHints":{"allow":["GET"]}}],"collection":[{"href":"https:\/\/ihedn.fr\/en\/wp-json\/wp\/v2\/posts"}],"about":[{"href":"https:\/\/ihedn.fr\/en\/wp-json\/wp\/v2\/types\/post"}],"author":[{"embeddable":true,"href":"https:\/\/ihedn.fr\/en\/wp-json\/wp\/v2\/users\/10"}],"replies":[{"embeddable":true,"href":"https:\/\/ihedn.fr\/en\/wp-json\/wp\/v2\/comments?post=43324"}],"version-history":[{"count":25,"href":"https:\/\/ihedn.fr\/en\/wp-json\/wp\/v2\/posts\/43324\/revisions"}],"predecessor-version":[{"id":55500,"href":"https:\/\/ihedn.fr\/en\/wp-json\/wp\/v2\/posts\/43324\/revisions\/55500"}],"wp:featuredmedia":[{"embeddable":true,"href":"https:\/\/ihedn.fr\/en\/wp-json\/wp\/v2\/media\/43326"}],"wp:attachment":[{"href":"https:\/\/ihedn.fr\/en\/wp-json\/wp\/v2\/media?parent=43324"}],"wp:term":[{"taxonomy":"category","embeddable":true,"href":"https:\/\/ihedn.fr\/en\/wp-json\/wp\/v2\/categories?post=43324"},{"taxonomy":"post_tag","embeddable":true,"href":"https:\/\/ihedn.fr\/en\/wp-json\/wp\/v2\/tags?post=43324"}],"curies":[{"name":"wp","href":"https:\/\/api.w.org\/{rel}","templated":true}]}}