{"id":43565,"date":"2023-10-30T10:43:52","date_gmt":"2023-10-30T09:43:52","guid":{"rendered":"https:\/\/ihedn.fr\/?p=43565"},"modified":"2025-09-05T08:48:54","modified_gmt":"2025-09-05T07:48:54","slug":"lundis-ihedn-geopolitique-du-moyen-orient-depassionner-la-reflexion","status":"publish","type":"post","link":"https:\/\/ihedn.fr\/en\/notre-selection\/lundis-ihedn-geopolitique-du-moyen-orient-depassionner-la-reflexion\/","title":{"rendered":"Geopolitics of the Middle East: \"Taking a dispassionate approach\"."},"content":{"rendered":"<div data-elementor-type=\"wp-post\" data-elementor-id=\"43565\" class=\"elementor elementor-43565\" data-elementor-post-type=\"post\">\n\t\t\t\t\t\t<section data-particle_enable=\"false\" data-particle-mobile-disabled=\"false\" class=\"elementor-section elementor-top-section elementor-element elementor-element-04fef2b elementor-section-boxed elementor-section-height-default elementor-section-height-default\" data-id=\"04fef2b\" data-element_type=\"section\" data-e-type=\"section\">\n\t\t\t\t\t\t<div class=\"elementor-container elementor-column-gap-default\">\n\t\t\t\t\t<div class=\"elementor-column elementor-col-100 elementor-top-column elementor-element elementor-element-634f261\" data-id=\"634f261\" data-element_type=\"column\" data-e-type=\"column\">\n\t\t\t<div class=\"elementor-widget-wrap elementor-element-populated\">\n\t\t\t\t\t\t<div class=\"elementor-element elementor-element-4bdf21a elementor-widget__width-initial elementor-widget elementor-widget-text-editor\" data-id=\"4bdf21a\" data-element_type=\"widget\" data-e-type=\"widget\" data-widget_type=\"text-editor.default\">\n\t\t\t\t<div class=\"elementor-widget-container\">\n\t\t\t\t\t\t\t\t\t<p class=\"MsoNormal\" style=\"text-align: left;\">The launch of the Defence Academy at the \u00c9cole Militaire (ACADEM) by the Minister for the Armed Forces, S\u00e9bastien Lecornu, on Thursday 26 October, was followed by a series of <a href=\"https:\/\/www.defense.gouv.fr\/sites\/default\/files\/academ\/programme%20du%2026%20octobre.pdf\" target=\"_blank\" rel=\"noopener\">meetings and debates<\/a> on various themes. The long-planned workshop entitled \"Geopolitical recomposition in the Middle East: the next strategic surprise\" was thrust into the spotlight by the outbreak of hostilities between Hamas and Israel. Ongoing since 7 October, this is the fifth conflict between the two parties in fifteen years.<\/p><p class=\"MsoNormal\" style=\"text-align: left;\">Moderated by Vice-Admiral (2S) Pascal Ausseur, Director General of the Fondation m\u00e9diterran\u00e9enne d'\u00e9tudes strat\u00e9giques (FMES), the debate brought together a number of specialists on the region in the Foch amphitheatre at the \u00c9cole militaire: French-Lebanese researcher Karim Emile Bitar, former head of the Middle East programme at IRIS, lecturer at the \u00c9cole normale sup\u00e9rieure in Lyon and at the Institut national du service public (ex-ENA); Jean-Paul Chagnollaud, President of the Institut de Recherche et d'\u00e9tudes M\u00e9diterran\u00e9e Moyen-Orient (iReMMO); Fatiha Dazi-H\u00e9ni, researcher at the Institut de recherche strat\u00e9gique de l'\u00c9cole militaire (IRSEM); Th\u00e9o Nencini, specialist in China in the Middle East and Iran, doctoral researcher at the Institut catholique de Paris and the Universit\u00e9 de Grenoble-Alpes; and Pierre Razoux, Academic Director of the FMES.\u00a0<\/p>\t\t\t\t\t\t\t\t<\/div>\n\t\t\t\t<\/div>\n\t\t\t\t\t<\/div>\n\t\t<\/div>\n\t\t\t\t\t<\/div>\n\t\t<\/section>\n\t\t\t\t<section data-particle_enable=\"false\" data-particle-mobile-disabled=\"false\" class=\"elementor-section elementor-top-section elementor-element elementor-element-90cf80c elementor-section-boxed elementor-section-height-default elementor-section-height-default\" data-id=\"90cf80c\" data-element_type=\"section\" data-e-type=\"section\">\n\t\t\t\t\t\t<div class=\"elementor-container elementor-column-gap-default\">\n\t\t\t\t\t<div class=\"elementor-column elementor-col-100 elementor-top-column elementor-element elementor-element-0cec92e\" data-id=\"0cec92e\" data-element_type=\"column\" data-e-type=\"column\">\n\t\t\t<div class=\"elementor-widget-wrap elementor-element-populated\">\n\t\t\t\t\t\t<div class=\"elementor-element elementor-element-ee7a256 elementor-widget elementor-widget-heading\" data-id=\"ee7a256\" data-element_type=\"widget\" data-e-type=\"widget\" data-widget_type=\"heading.default\">\n\t\t\t\t<div class=\"elementor-widget-container\">\n\t\t\t\t\t<h2 class=\"elementor-heading-title elementor-size-default\">\"REFUSAL OF PEACE, REFUSAL OF THE INTERNATIONAL COMMUNITY TO GET INVOLVED...\".<\/h2>\t\t\t\t<\/div>\n\t\t\t\t<\/div>\n\t\t\t\t<div class=\"elementor-element elementor-element-018b02d elementor-widget-divider--view-line elementor-widget elementor-widget-divider\" data-id=\"018b02d\" data-element_type=\"widget\" data-e-type=\"widget\" data-widget_type=\"divider.default\">\n\t\t\t\t<div class=\"elementor-widget-container\">\n\t\t\t\t\t\t\t<div class=\"elementor-divider\">\n\t\t\t<span class=\"elementor-divider-separator\">\n\t\t\t\t\t\t<\/span>\n\t\t<\/div>\n\t\t\t\t\t\t<\/div>\n\t\t\t\t<\/div>\n\t\t\t\t\t<\/div>\n\t\t<\/div>\n\t\t\t\t\t<\/div>\n\t\t<\/section>\n\t\t\t\t<section data-particle_enable=\"false\" data-particle-mobile-disabled=\"false\" class=\"elementor-section elementor-top-section elementor-element elementor-element-16bfdc8 elementor-section-boxed elementor-section-height-default elementor-section-height-default\" data-id=\"16bfdc8\" data-element_type=\"section\" data-e-type=\"section\">\n\t\t\t\t\t\t<div class=\"elementor-container elementor-column-gap-default\">\n\t\t\t\t\t<div class=\"elementor-column elementor-col-100 elementor-top-column elementor-element elementor-element-bb2a3a7\" data-id=\"bb2a3a7\" data-element_type=\"column\" data-e-type=\"column\">\n\t\t\t<div class=\"elementor-widget-wrap elementor-element-populated\">\n\t\t\t\t\t\t<div class=\"elementor-element elementor-element-b6acd66 elementor-widget elementor-widget-text-editor\" data-id=\"b6acd66\" data-element_type=\"widget\" data-e-type=\"widget\" data-widget_type=\"text-editor.default\">\n\t\t\t\t<div class=\"elementor-widget-container\">\n\t\t\t\t\t\t\t\t\t<p style=\"text-align: left;\">Jean-Paul Chagnollaud, an expert on Palestine, began by explaining that the situation that has prevailed since 7 October is the result of a \"triple refusal\": \"a refusal to accept peace, a refusal by the international community to get involved, and a failure to understand that the status quo there is untenable\". A refusal to accept peace: after they were signed in 1993, the Oslo Accords were \"a source of hope for everyone\", Israelis and Palestinians alike. Except that on both sides, \"there were forces that didn't want peace, that didn't want compromise\": \"on the Palestinian side it was clearly Hamas\"; and on the Israeli side, \"the main player was Benyamin Netanyahu\", already Prime Minister from 1996 to 1999.<\/p><p style=\"text-align: left;\">Secondly, a refusal by the international community to get involved<strong>, <\/strong>which begins just after the UN Security Council's \"fundamental\" resolution <a href=\"https:\/\/documents-dds-ny.un.org\/doc\/UNDOC\/GEN\/N16\/463\/92\/PDF\/N1646392.pdf?OpenElement\" target=\"_blank\" rel=\"noopener\">of 23 December 2016<\/a>. In January 2017, the arrival of Donald Trump as US President marked the start of a period in which the Palestinian situation was being \"managed\", while at the same time pushing for a \"normalisation\" of relations between Israel and the Arab countries. And finally, a refusal to understand that \"the status quo is not viable\", as the UN resolution put it at the end of 2016: \"Moreover, there is no status quo, because the situation is deteriorating every day\", says Jean-Paul Chagnollaud. For the Palestinians, <strong>\"\u00a0<\/strong>the confinement of 2.3 million people in Gaza since 2007 is impossible to maintain\", particularly for young people, \"sons or grandsons of the 1948 refugees, whose fates are truly tragic and utterly hopeless\". This lack of a status quo is also reflected in \"an even greater acceleration of settlement\" in the West Bank and East Jerusalem.<\/p>\t\t\t\t\t\t\t\t<\/div>\n\t\t\t\t<\/div>\n\t\t\t\t\t<\/div>\n\t\t<\/div>\n\t\t\t\t\t<\/div>\n\t\t<\/section>\n\t\t\t\t<section data-particle_enable=\"false\" data-particle-mobile-disabled=\"false\" class=\"elementor-section elementor-top-section elementor-element elementor-element-19be913 elementor-section-boxed elementor-section-height-default elementor-section-height-default\" data-id=\"19be913\" data-element_type=\"section\" data-e-type=\"section\">\n\t\t\t\t\t\t<div class=\"elementor-container elementor-column-gap-default\">\n\t\t\t\t\t<div class=\"elementor-column elementor-col-100 elementor-top-column elementor-element elementor-element-b86613b\" data-id=\"b86613b\" data-element_type=\"column\" data-e-type=\"column\">\n\t\t\t<div class=\"elementor-widget-wrap elementor-element-populated\">\n\t\t\t\t\t\t<div class=\"elementor-element elementor-element-b8fb3c7 elementor-widget elementor-widget-heading\" data-id=\"b8fb3c7\" data-element_type=\"widget\" data-e-type=\"widget\" data-widget_type=\"heading.default\">\n\t\t\t\t<div class=\"elementor-widget-container\">\n\t\t\t\t\t<h2 class=\"elementor-heading-title elementor-size-default\">THIS WAR IS \"TEARING APART ALL THE COUNTRIES OF THE MIDDLE EAST\".<\/h2>\t\t\t\t<\/div>\n\t\t\t\t<\/div>\n\t\t\t\t<div class=\"elementor-element elementor-element-ae814b3 elementor-widget-divider--view-line elementor-widget elementor-widget-divider\" data-id=\"ae814b3\" data-element_type=\"widget\" data-e-type=\"widget\" data-widget_type=\"divider.default\">\n\t\t\t\t<div class=\"elementor-widget-container\">\n\t\t\t\t\t\t\t<div class=\"elementor-divider\">\n\t\t\t<span class=\"elementor-divider-separator\">\n\t\t\t\t\t\t<\/span>\n\t\t<\/div>\n\t\t\t\t\t\t<\/div>\n\t\t\t\t<\/div>\n\t\t\t\t\t<\/div>\n\t\t<\/div>\n\t\t\t\t\t<\/div>\n\t\t<\/section>\n\t\t\t\t<section data-particle_enable=\"false\" data-particle-mobile-disabled=\"false\" class=\"elementor-section elementor-top-section elementor-element elementor-element-c26f458 elementor-section-boxed elementor-section-height-default elementor-section-height-default\" data-id=\"c26f458\" data-element_type=\"section\" data-e-type=\"section\">\n\t\t\t\t\t\t<div class=\"elementor-container elementor-column-gap-default\">\n\t\t\t\t\t<div class=\"elementor-column elementor-col-100 elementor-top-column elementor-element elementor-element-ecef182\" data-id=\"ecef182\" data-element_type=\"column\" data-e-type=\"column\">\n\t\t\t<div class=\"elementor-widget-wrap elementor-element-populated\">\n\t\t\t\t\t\t<div class=\"elementor-element elementor-element-a324cfd elementor-widget elementor-widget-text-editor\" data-id=\"a324cfd\" data-element_type=\"widget\" data-e-type=\"widget\" data-widget_type=\"text-editor.default\">\n\t\t\t\t<div class=\"elementor-widget-container\">\n\t\t\t\t\t\t\t\t\t<p style=\"text-align: left;\">An expert on Israel, Pierre Razoux listed the \"dilemmas\" facing the coalition government led by Benyamin Netanyahu. Firstly, \"they sold the Israeli population on the fact that the existential threat was Iran\", and that \"the Palestinians are under control\". This has just been proven wrong. Netanyahu is therefore \"torn between what he has been saying for a long time and what is happening on the ground\". The second dilemma is that the government is also torn between \"its own population, which is demanding that it apply the law of Talion and eradicate the military wing of Hamas, and the United States and Europeans, who are calling for restraint\". Finally, \"the third dilemma is the possible extension of the conflict\" towards the north and the axis formed by the Lebanese Hezbollah and Iran.<\/p><p style=\"text-align: left;\">More broadly, in his view, the war between Israel and Hamas \"is tearing apart all the countries in the Middle East, including those that used to have close relations with Israel: Egypt, Jordan, Turkey and the Gulf monarchies\". While they \"had good reasons to get along with Israel, they find themselves confronted with their own public opinions, and the mantras they have been repeating for decades\". All in all, Pierre Razoux believes that we are \"more than ever at the heart of the confrontation and power rivalry between China and the United States\".<\/p>\t\t\t\t\t\t\t\t<\/div>\n\t\t\t\t<\/div>\n\t\t\t\t\t<\/div>\n\t\t<\/div>\n\t\t\t\t\t<\/div>\n\t\t<\/section>\n\t\t\t\t<section data-particle_enable=\"false\" data-particle-mobile-disabled=\"false\" class=\"elementor-section elementor-top-section elementor-element elementor-element-e7895f4 elementor-section-boxed elementor-section-height-default elementor-section-height-default\" data-id=\"e7895f4\" data-element_type=\"section\" data-e-type=\"section\">\n\t\t\t\t\t\t<div class=\"elementor-container elementor-column-gap-default\">\n\t\t\t\t\t<div class=\"elementor-column elementor-col-100 elementor-top-column elementor-element elementor-element-8c0b275\" data-id=\"8c0b275\" data-element_type=\"column\" data-e-type=\"column\">\n\t\t\t<div class=\"elementor-widget-wrap elementor-element-populated\">\n\t\t\t\t\t\t<div class=\"elementor-element elementor-element-023feeb elementor-widget elementor-widget-heading\" data-id=\"023feeb\" data-element_type=\"widget\" data-e-type=\"widget\" data-widget_type=\"heading.default\">\n\t\t\t\t<div class=\"elementor-widget-container\">\n\t\t\t\t\t<h2 class=\"elementor-heading-title elementor-size-default\">\"THE PERSISTENCE, CENTRALITY AND UNIVERSALITY OF THE PALESTINIAN QUESTION\".<\/h2>\t\t\t\t<\/div>\n\t\t\t\t<\/div>\n\t\t\t\t<div class=\"elementor-element elementor-element-68ca4c8 elementor-widget-divider--view-line elementor-widget elementor-widget-divider\" data-id=\"68ca4c8\" data-element_type=\"widget\" data-e-type=\"widget\" data-widget_type=\"divider.default\">\n\t\t\t\t<div class=\"elementor-widget-container\">\n\t\t\t\t\t\t\t<div class=\"elementor-divider\">\n\t\t\t<span class=\"elementor-divider-separator\">\n\t\t\t\t\t\t<\/span>\n\t\t<\/div>\n\t\t\t\t\t\t<\/div>\n\t\t\t\t<\/div>\n\t\t\t\t\t<\/div>\n\t\t<\/div>\n\t\t\t\t\t<\/div>\n\t\t<\/section>\n\t\t\t\t<section data-particle_enable=\"false\" data-particle-mobile-disabled=\"false\" class=\"elementor-section elementor-top-section elementor-element elementor-element-93d3a2b elementor-section-boxed elementor-section-height-default elementor-section-height-default\" data-id=\"93d3a2b\" data-element_type=\"section\" data-e-type=\"section\">\n\t\t\t\t\t\t<div class=\"elementor-container elementor-column-gap-default\">\n\t\t\t\t\t<div class=\"elementor-column elementor-col-100 elementor-top-column elementor-element elementor-element-275fcb0\" data-id=\"275fcb0\" data-element_type=\"column\" data-e-type=\"column\">\n\t\t\t<div class=\"elementor-widget-wrap elementor-element-populated\">\n\t\t\t\t\t\t<div class=\"elementor-element elementor-element-7dfb8e2 elementor-widget elementor-widget-text-editor\" data-id=\"7dfb8e2\" data-element_type=\"widget\" data-e-type=\"widget\" data-widget_type=\"text-editor.default\">\n\t\t\t\t<div class=\"elementor-widget-container\">\n\t\t\t\t\t\t\t\t\t<p style=\"text-align: left;\">For Karim \u00c9mile Bitar, \"there is a growing need for dispassionate reflection on these issues\", since \"we are witnessing a certain return of tribalism in international relations. We have the feeling that emotions are winning out\". In his view, \"we are witnessing two radically different discourses, two visions that may seem irreconcilable\". When we look at \"the television channels of the 'global South' and those of the West\", we get the feeling that \"there is an inability to break down these blinkers, to consider the suffering of the other side, and sometimes even to humanise that other side\".<\/p>\n<p style=\"text-align: left;\">For twenty years or so, \"everyone knew that a whole series of international resolutions were being violated on a daily basis, and people wanted to forget about the Israeli-Palestinian conflict\", as if it had become \"a minor, low-intensity conflict\". However, \"the appalling carnage of 7 October has reminded us of the persistence, centrality and universality of the Palestinian question\". In his view, the possibility of the opening of a second front on the Lebanese border should not be overlooked, nor even that of a third front on the West Bank.<\/p>\t\t\t\t\t\t\t\t<\/div>\n\t\t\t\t<\/div>\n\t\t\t\t\t<\/div>\n\t\t<\/div>\n\t\t\t\t\t<\/div>\n\t\t<\/section>\n\t\t\t\t<section data-particle_enable=\"false\" data-particle-mobile-disabled=\"false\" class=\"elementor-section elementor-top-section elementor-element elementor-element-04a01f9 elementor-section-boxed elementor-section-height-default elementor-section-height-default\" data-id=\"04a01f9\" data-element_type=\"section\" data-e-type=\"section\">\n\t\t\t\t\t\t<div class=\"elementor-container elementor-column-gap-default\">\n\t\t\t\t\t<div class=\"elementor-column elementor-col-100 elementor-top-column elementor-element elementor-element-4a171d1\" data-id=\"4a171d1\" data-element_type=\"column\" data-e-type=\"column\">\n\t\t\t<div class=\"elementor-widget-wrap elementor-element-populated\">\n\t\t\t\t\t\t<div class=\"elementor-element elementor-element-d64cdde elementor-widget elementor-widget-heading\" data-id=\"d64cdde\" data-element_type=\"widget\" data-e-type=\"widget\" data-widget_type=\"heading.default\">\n\t\t\t\t<div class=\"elementor-widget-container\">\n\t\t\t\t\t<h2 class=\"elementor-heading-title elementor-size-default\">A \"STAGGERING GAP\" BETWEEN WESTERN AND ARAB POSITIONS<\/h2>\t\t\t\t<\/div>\n\t\t\t\t<\/div>\n\t\t\t\t<div class=\"elementor-element elementor-element-0b36b72 elementor-widget-divider--view-line elementor-widget elementor-widget-divider\" data-id=\"0b36b72\" data-element_type=\"widget\" data-e-type=\"widget\" data-widget_type=\"divider.default\">\n\t\t\t\t<div class=\"elementor-widget-container\">\n\t\t\t\t\t\t\t<div class=\"elementor-divider\">\n\t\t\t<span class=\"elementor-divider-separator\">\n\t\t\t\t\t\t<\/span>\n\t\t<\/div>\n\t\t\t\t\t\t<\/div>\n\t\t\t\t<\/div>\n\t\t\t\t\t<\/div>\n\t\t<\/div>\n\t\t\t\t\t<\/div>\n\t\t<\/section>\n\t\t\t\t<section data-particle_enable=\"false\" data-particle-mobile-disabled=\"false\" class=\"elementor-section elementor-top-section elementor-element elementor-element-c4aaae6 elementor-section-boxed elementor-section-height-default elementor-section-height-default\" data-id=\"c4aaae6\" data-element_type=\"section\" data-e-type=\"section\">\n\t\t\t\t\t\t<div class=\"elementor-container elementor-column-gap-default\">\n\t\t\t\t\t<div class=\"elementor-column elementor-col-100 elementor-top-column elementor-element elementor-element-ff87bf7\" data-id=\"ff87bf7\" data-element_type=\"column\" data-e-type=\"column\">\n\t\t\t<div class=\"elementor-widget-wrap elementor-element-populated\">\n\t\t\t\t\t\t<div class=\"elementor-element elementor-element-aa3c9f2 elementor-widget elementor-widget-text-editor\" data-id=\"aa3c9f2\" data-element_type=\"widget\" data-e-type=\"widget\" data-widget_type=\"text-editor.default\">\n\t\t\t\t<div class=\"elementor-widget-container\">\n\t\t\t\t\t\t\t\t\t<p class=\"MsoNormal\" style=\"text-align: left;\">Fatiha Dazi-H\u00e9ni, a specialist in Arab-Muslim governments and societies, observes that there is an \"ever-increasing gap between Westerners' understanding of the world and that of the countries of the Middle East, particularly those closest to the West\", such as the Gulf monarchies, Egypt and Jordan: Today, they are \"unanimous\" in their view that \"the main Western states with responsibility for managing the conflict\" - the United States, the United Kingdom and France - \"are out of step\" with the positions of the Arab states.\u00a0<\/p><p class=\"MsoNormal\" style=\"text-align: left;\">\"Struck by China's very neutral stance\", she calls for us to \"really bear in mind that even among the West's closest allies, these states are now looking more towards the BRICS\". Not least because they can see that \"Westerners are not seeing things the same way when it comes to the Russian invasion of Ukraine or the daily siege and bombardment in Gaza\": \"There is no denying the impression of dehumanisation when it comes to Palestinian victims compared with Israeli victims. This feeling is extremely strong\". From the perspective of the Arab states, the BRICS could therefore put pressure on the West to find a political solution to the Israeli-Palestinian conflict.<\/p>\t\t\t\t\t\t\t\t<\/div>\n\t\t\t\t<\/div>\n\t\t\t\t\t<\/div>\n\t\t<\/div>\n\t\t\t\t\t<\/div>\n\t\t<\/section>\n\t\t\t\t<section data-particle_enable=\"false\" data-particle-mobile-disabled=\"false\" class=\"elementor-section elementor-top-section elementor-element elementor-element-e9060fa elementor-section-boxed elementor-section-height-default elementor-section-height-default\" data-id=\"e9060fa\" data-element_type=\"section\" data-e-type=\"section\">\n\t\t\t\t\t\t<div class=\"elementor-container elementor-column-gap-default\">\n\t\t\t\t\t<div class=\"elementor-column elementor-col-100 elementor-top-column elementor-element elementor-element-43b5b84\" data-id=\"43b5b84\" data-element_type=\"column\" data-e-type=\"column\">\n\t\t\t<div class=\"elementor-widget-wrap elementor-element-populated\">\n\t\t\t\t\t\t<div class=\"elementor-element elementor-element-66d56b9 elementor-widget elementor-widget-heading\" data-id=\"66d56b9\" data-element_type=\"widget\" data-e-type=\"widget\" data-widget_type=\"heading.default\">\n\t\t\t\t<div class=\"elementor-widget-container\">\n\t\t\t\t\t<h2 class=\"elementor-heading-title elementor-size-default\">\"IRAN FEELS IT IS THE BIG WINNER IN THIS AFFAIR\".<\/h2>\t\t\t\t<\/div>\n\t\t\t\t<\/div>\n\t\t\t\t<div class=\"elementor-element elementor-element-4a5bb4d elementor-widget-divider--view-line elementor-widget elementor-widget-divider\" data-id=\"4a5bb4d\" data-element_type=\"widget\" data-e-type=\"widget\" data-widget_type=\"divider.default\">\n\t\t\t\t<div class=\"elementor-widget-container\">\n\t\t\t\t\t\t\t<div class=\"elementor-divider\">\n\t\t\t<span class=\"elementor-divider-separator\">\n\t\t\t\t\t\t<\/span>\n\t\t<\/div>\n\t\t\t\t\t\t<\/div>\n\t\t\t\t<\/div>\n\t\t\t\t\t<\/div>\n\t\t<\/div>\n\t\t\t\t\t<\/div>\n\t\t<\/section>\n\t\t\t\t<section data-particle_enable=\"false\" data-particle-mobile-disabled=\"false\" class=\"elementor-section elementor-top-section elementor-element elementor-element-d18744b elementor-section-boxed elementor-section-height-default elementor-section-height-default\" data-id=\"d18744b\" data-element_type=\"section\" data-e-type=\"section\">\n\t\t\t\t\t\t<div class=\"elementor-container elementor-column-gap-default\">\n\t\t\t\t\t<div class=\"elementor-column elementor-col-100 elementor-top-column elementor-element elementor-element-abdfd90\" data-id=\"abdfd90\" data-element_type=\"column\" data-e-type=\"column\">\n\t\t\t<div class=\"elementor-widget-wrap elementor-element-populated\">\n\t\t\t\t\t\t<div class=\"elementor-element elementor-element-33899c9 elementor-widget elementor-widget-text-editor\" data-id=\"33899c9\" data-element_type=\"widget\" data-e-type=\"widget\" data-widget_type=\"text-editor.default\">\n\t\t\t\t<div class=\"elementor-widget-container\">\n\t\t\t\t\t\t\t\t\t<p style=\"text-align: left;\">On the Iranian position, Th\u00e9o Nencini explains that \"Iran feels it is the big winner in this affair\", and believes that, \"objectively, it can be proved right\": \"The simple reactivation of the Israeli-Palestinian conflict was a strategic objective for Iran\", and enables it to obtain \"positive repercussions from a political, diplomatic and strategic point of view\". In domestic politics first of all, since support for the Palestinian cause is \"one of the founding dogmas of the Islamic Republic\": the regime can therefore say to its population \"we are on the right side, don't overthrow us\". A strategic victory, since many organisations linked to Iran (Lebanese Hezbollah, Yemeni Houthis, etc.) \"are back on the warpath\".<\/p><p style=\"text-align: left;\">Iran's biggest success has been diplomatic, firstly by putting the Abraham agreements between Israel and Arab countries on hold, and secondly by speeding up the \"Asianisation\" of its foreign policy, as a means of establishing \"an alternative regional geopolitical order\" to that desired by the Americans. \"But the real diplomatic (and symbolic) victory for Iran is the isolation of the West. The episode underway since 7 October \"makes it clear to the world that the geopolitical \"West\" (the West plus Japan and South Korea) \"finds itself diplomatically isolated\": \"Isolated for forty years, the Islamic Republic of Iran is taking its revenge, that's the feeling in Tehran\".<\/p><p style=\"text-align: left;\">The moderator of the debate, Admiral Ausseur, made clear the need to balance the analysis: \"This situation is a good illustration of the new world we are in, a world that is fracturing\", he noted, pointing in particular to \"the ideological and emotional aspect, which is based on resentment and humiliation\", and widening the differences between countries and communities. Finally, he warned that social networks, the Internet and artificial intelligence \"are new bombs for the fragmentation of society, and for fragmentation between States and between communities\".<\/p>\t\t\t\t\t\t\t\t<\/div>\n\t\t\t\t<\/div>\n\t\t\t\t<section data-particle_enable=\"false\" data-particle-mobile-disabled=\"false\" class=\"elementor-section elementor-inner-section elementor-element elementor-element-c1c48c5 elementor-section-boxed elementor-section-height-default elementor-section-height-default\" data-id=\"c1c48c5\" data-element_type=\"section\" data-e-type=\"section\">\n\t\t\t\t\t\t<div class=\"elementor-container elementor-column-gap-default\">\n\t\t\t\t\t<div class=\"elementor-column elementor-col-100 elementor-inner-column elementor-element elementor-element-651e69a\" data-id=\"651e69a\" data-element_type=\"column\" data-e-type=\"column\">\n\t\t\t<div class=\"elementor-widget-wrap elementor-element-populated\">\n\t\t\t\t\t\t<div class=\"elementor-element elementor-element-2a54da9 elementor-widget__width-initial elementor-widget elementor-widget-text-editor\" data-id=\"2a54da9\" data-element_type=\"widget\" data-e-type=\"widget\" data-widget_type=\"text-editor.default\">\n\t\t\t\t<div class=\"elementor-widget-container\">\n\t\t\t\t\t\t\t\t\t<p>Relive the debate:&nbsp;<\/p>\t\t\t\t\t\t\t\t<\/div>\n\t\t\t\t<\/div>\n\t\t\t\t<div class=\"elementor-element elementor-element-e5b2162 elementor-widget__width-initial elementor-widget elementor-widget-video\" data-id=\"e5b2162\" data-element_type=\"widget\" data-e-type=\"widget\" data-settings=\"{&quot;youtube_url&quot;:&quot;https:\\\/\\\/www.youtube.com\\\/watch?v=jitvuLrHf8Y&amp;list=PLkZ9xqja2UKHpXpuhci51yA0OGv1JZDdp&amp;index=5&quot;,&quot;video_type&quot;:&quot;youtube&quot;,&quot;controls&quot;:&quot;yes&quot;}\" data-widget_type=\"video.default\">\n\t\t\t\t<div class=\"elementor-widget-container\">\n\t\t\t\t\t\t\t<div class=\"elementor-wrapper elementor-open-inline\">\n\t\t\t<div class=\"elementor-video\"><\/div>\t\t<\/div>\n\t\t\t\t\t\t<\/div>\n\t\t\t\t<\/div>\n\t\t\t\t\t<\/div>\n\t\t<\/div>\n\t\t\t\t\t<\/div>\n\t\t<\/section>\n\t\t\t\t\t<\/div>\n\t\t<\/div>\n\t\t\t\t\t<\/div>\n\t\t<\/section>\n\t\t\t\t<\/div>","protected":false},"excerpt":{"rendered":"<p>A highly topical debate was held on Thursday 26 October at the launch of the Defence Academy at the \u00c9cole Militaire. Criticising the prevailing media discourse, the speakers all noted a growing gap between Western positions and those of the \"global South\".<\/p>","protected":false},"author":10,"featured_media":43566,"comment_status":"closed","ping_status":"closed","sticky":false,"template":"","format":"standard","meta":{"footnotes":""},"categories":[41,171,209],"tags":[],"class_list":["post-43565","post","type-post","status-publish","format-standard","has-post-thumbnail","hentry","category-lundis-de-lihedn","category-notre-selection","category-securite-internationale"],"yoast_head":"<!-- This site is optimized with the Yoast SEO plugin v27.5 - https:\/\/yoast.com\/product\/yoast-seo-wordpress\/ -->\n<title>G\u00e9opolitique du Moyen-Orient : \u00ab D\u00e9passionner la r\u00e9flexion \u00bb - L&#039;IHEDN : Institut des hautes \u00e9tudes de d\u00e9fense nationale<\/title>\n<meta name=\"description\" content=\"Un d\u00e9bat d\u2019une br\u00fblante actualit\u00e9 s\u2019est tenu jeudi 26 octobre \u00e0 l\u2019occasion du lancement de l\u2019Acad\u00e9mie de d\u00e9fense de l\u2019\u00c9cole militaire. Critiquant le discours m\u00e9diatique ambiant, les intervenants pr\u00e9sents constatent tous un d\u00e9calage croissant entre les positions occidentales et celles du \u00ab Sud global \u00bb.\" \/>\n<meta name=\"robots\" content=\"index, follow, max-snippet:-1, max-image-preview:large, max-video-preview:-1\" \/>\n<link rel=\"canonical\" href=\"https:\/\/ihedn.fr\/en\/lundis-de-lihedn\/lundis-ihedn-geopolitique-du-moyen-orient-depassionner-la-reflexion\/\" \/>\n<meta property=\"og:locale\" content=\"en_GB\" \/>\n<meta property=\"og:type\" content=\"article\" \/>\n<meta property=\"og:title\" content=\"G\u00c9OPOLITIQUE DU MOYEN-ORIENT : \u00ab D\u00c9PASSIONNER LA R\u00c9FLEXION \u00bb\" \/>\n<meta property=\"og:description\" content=\"Un d\u00e9bat d\u2019une br\u00fblante actualit\u00e9 s\u2019est tenu jeudi 26 octobre \u00e0 l\u2019occasion du lancement de l\u2019Acad\u00e9mie de d\u00e9fense de l\u2019\u00c9cole militaire. Critiquant le discours m\u00e9diatique ambiant, les intervenants pr\u00e9sents constatent tous un d\u00e9calage croissant entre les positions occidentales et celles du \u00ab Sud global \u00bb.\" \/>\n<meta property=\"og:url\" content=\"https:\/\/ihedn.fr\/en\/lundis-de-lihedn\/lundis-ihedn-geopolitique-du-moyen-orient-depassionner-la-reflexion\/\" \/>\n<meta property=\"og:site_name\" content=\"L&#039;IHEDN : Institut des hautes \u00e9tudes de d\u00e9fense nationale\" \/>\n<meta property=\"article:publisher\" content=\"https:\/\/www.facebook.com\/ihedn\/\" \/>\n<meta property=\"article:published_time\" content=\"2023-10-30T09:43:52+00:00\" \/>\n<meta property=\"article:modified_time\" content=\"2025-09-05T07:48:54+00:00\" \/>\n<meta property=\"og:image\" content=\"https:\/\/ihedn.fr\/wp-content\/uploads\/2023\/10\/VISUEL_MOYEN-ORIENT.png\" \/>\n\t<meta property=\"og:image:width\" content=\"2133\" \/>\n\t<meta property=\"og:image:height\" content=\"1200\" \/>\n\t<meta property=\"og:image:type\" content=\"image\/png\" \/>\n<meta name=\"author\" content=\"tanguy.morel@ihedn.fr\" \/>\n<meta name=\"twitter:card\" content=\"summary_large_image\" \/>\n<meta name=\"twitter:title\" content=\"G\u00c9OPOLITIQUE DU MOYEN-ORIENT : \u00ab D\u00c9PASSIONNER LA R\u00c9FLEXION \u00bb\" \/>\n<meta name=\"twitter:description\" content=\"Un d\u00e9bat d\u2019une br\u00fblante actualit\u00e9 s\u2019est tenu jeudi 26 octobre \u00e0 l\u2019occasion du lancement de l\u2019Acad\u00e9mie de d\u00e9fense de l\u2019\u00c9cole militaire. Critiquant le discours m\u00e9diatique ambiant, les intervenants pr\u00e9sents constatent tous un d\u00e9calage croissant entre les positions occidentales et celles du \u00ab Sud global \u00bb.\" \/>\n<meta name=\"twitter:image\" content=\"https:\/\/ihedn.fr\/wp-content\/uploads\/2023\/10\/VISUEL_MOYEN-ORIENT.png\" \/>\n<meta name=\"twitter:creator\" content=\"@IHEDN\" \/>\n<meta name=\"twitter:site\" content=\"@IHEDN\" \/>\n<meta name=\"twitter:label1\" content=\"Written by\" \/>\n\t<meta name=\"twitter:data1\" content=\"tanguy.morel@ihedn.fr\" \/>\n\t<meta name=\"twitter:label2\" content=\"Estimated reading time\" \/>\n\t<meta name=\"twitter:data2\" content=\"8 minutes\" \/>\n<script type=\"application\/ld+json\" class=\"yoast-schema-graph\">{\"@context\":\"https:\\\/\\\/schema.org\",\"@graph\":[{\"@type\":\"Article\",\"@id\":\"https:\\\/\\\/ihedn.fr\\\/lundis-de-lihedn\\\/lundis-ihedn-geopolitique-du-moyen-orient-depassionner-la-reflexion\\\/#article\",\"isPartOf\":{\"@id\":\"https:\\\/\\\/ihedn.fr\\\/lundis-de-lihedn\\\/lundis-ihedn-geopolitique-du-moyen-orient-depassionner-la-reflexion\\\/\"},\"author\":{\"name\":\"tanguy.morel@ihedn.fr\",\"@id\":\"https:\\\/\\\/ihedn.fr\\\/#\\\/schema\\\/person\\\/ed217a37104b27a246b200e65b827cc7\"},\"headline\":\"G\u00e9opolitique du Moyen-Orient : \u00ab D\u00e9passionner la r\u00e9flexion \u00bb\",\"datePublished\":\"2023-10-30T09:43:52+00:00\",\"dateModified\":\"2025-09-05T07:48:54+00:00\",\"mainEntityOfPage\":{\"@id\":\"https:\\\/\\\/ihedn.fr\\\/lundis-de-lihedn\\\/lundis-ihedn-geopolitique-du-moyen-orient-depassionner-la-reflexion\\\/\"},\"wordCount\":1680,\"publisher\":{\"@id\":\"https:\\\/\\\/ihedn.fr\\\/#organization\"},\"image\":{\"@id\":\"https:\\\/\\\/ihedn.fr\\\/lundis-de-lihedn\\\/lundis-ihedn-geopolitique-du-moyen-orient-depassionner-la-reflexion\\\/#primaryimage\"},\"thumbnailUrl\":\"https:\\\/\\\/ihedn.fr\\\/wp-content\\\/uploads\\\/2023\\\/10\\\/VISUEL_MOYEN-ORIENT.png\",\"articleSection\":[\"Lundis de l'IHEDN\",\"Notre s\u00e9lection\",\"s\u00e9curit\u00e9 internationale\"],\"inLanguage\":\"en-GB\"},{\"@type\":\"WebPage\",\"@id\":\"https:\\\/\\\/ihedn.fr\\\/lundis-de-lihedn\\\/lundis-ihedn-geopolitique-du-moyen-orient-depassionner-la-reflexion\\\/\",\"url\":\"https:\\\/\\\/ihedn.fr\\\/lundis-de-lihedn\\\/lundis-ihedn-geopolitique-du-moyen-orient-depassionner-la-reflexion\\\/\",\"name\":\"G\u00e9opolitique du Moyen-Orient : \u00ab D\u00e9passionner la r\u00e9flexion \u00bb - L&#039;IHEDN : Institut des hautes \u00e9tudes de d\u00e9fense nationale\",\"isPartOf\":{\"@id\":\"https:\\\/\\\/ihedn.fr\\\/#website\"},\"primaryImageOfPage\":{\"@id\":\"https:\\\/\\\/ihedn.fr\\\/lundis-de-lihedn\\\/lundis-ihedn-geopolitique-du-moyen-orient-depassionner-la-reflexion\\\/#primaryimage\"},\"image\":{\"@id\":\"https:\\\/\\\/ihedn.fr\\\/lundis-de-lihedn\\\/lundis-ihedn-geopolitique-du-moyen-orient-depassionner-la-reflexion\\\/#primaryimage\"},\"thumbnailUrl\":\"https:\\\/\\\/ihedn.fr\\\/wp-content\\\/uploads\\\/2023\\\/10\\\/VISUEL_MOYEN-ORIENT.png\",\"datePublished\":\"2023-10-30T09:43:52+00:00\",\"dateModified\":\"2025-09-05T07:48:54+00:00\",\"description\":\"Un d\u00e9bat d\u2019une br\u00fblante actualit\u00e9 s\u2019est tenu jeudi 26 octobre \u00e0 l\u2019occasion du lancement de l\u2019Acad\u00e9mie de d\u00e9fense de l\u2019\u00c9cole militaire. Critiquant le discours m\u00e9diatique ambiant, les intervenants pr\u00e9sents constatent tous un d\u00e9calage croissant entre les positions occidentales et celles du \u00ab Sud global \u00bb.\",\"breadcrumb\":{\"@id\":\"https:\\\/\\\/ihedn.fr\\\/lundis-de-lihedn\\\/lundis-ihedn-geopolitique-du-moyen-orient-depassionner-la-reflexion\\\/#breadcrumb\"},\"inLanguage\":\"en-GB\",\"potentialAction\":[{\"@type\":\"ReadAction\",\"target\":[\"https:\\\/\\\/ihedn.fr\\\/lundis-de-lihedn\\\/lundis-ihedn-geopolitique-du-moyen-orient-depassionner-la-reflexion\\\/\"]}]},{\"@type\":\"ImageObject\",\"inLanguage\":\"en-GB\",\"@id\":\"https:\\\/\\\/ihedn.fr\\\/lundis-de-lihedn\\\/lundis-ihedn-geopolitique-du-moyen-orient-depassionner-la-reflexion\\\/#primaryimage\",\"url\":\"https:\\\/\\\/ihedn.fr\\\/wp-content\\\/uploads\\\/2023\\\/10\\\/VISUEL_MOYEN-ORIENT.png\",\"contentUrl\":\"https:\\\/\\\/ihedn.fr\\\/wp-content\\\/uploads\\\/2023\\\/10\\\/VISUEL_MOYEN-ORIENT.png\",\"width\":2133,\"height\":1200},{\"@type\":\"BreadcrumbList\",\"@id\":\"https:\\\/\\\/ihedn.fr\\\/lundis-de-lihedn\\\/lundis-ihedn-geopolitique-du-moyen-orient-depassionner-la-reflexion\\\/#breadcrumb\",\"itemListElement\":[{\"@type\":\"ListItem\",\"position\":1,\"name\":\"Accueil\",\"item\":\"https:\\\/\\\/ihedn.fr\\\/\"},{\"@type\":\"ListItem\",\"position\":2,\"name\":\"G\u00e9opolitique du Moyen-Orient : \u00ab D\u00e9passionner la r\u00e9flexion \u00bb\"}]},{\"@type\":\"WebSite\",\"@id\":\"https:\\\/\\\/ihedn.fr\\\/#website\",\"url\":\"https:\\\/\\\/ihedn.fr\\\/\",\"name\":\"IHEDN : Institut des hautes \u00e9tudes de d\u00e9fense nationale |\",\"description\":\"Site officiel de l&#039;IHEDN plac\u00e9 sous la tutelle du Premier ministre.\",\"publisher\":{\"@id\":\"https:\\\/\\\/ihedn.fr\\\/#organization\"},\"potentialAction\":[{\"@type\":\"SearchAction\",\"target\":{\"@type\":\"EntryPoint\",\"urlTemplate\":\"https:\\\/\\\/ihedn.fr\\\/?s={search_term_string}\"},\"query-input\":{\"@type\":\"PropertyValueSpecification\",\"valueRequired\":true,\"valueName\":\"search_term_string\"}}],\"inLanguage\":\"en-GB\"},{\"@type\":\"Organization\",\"@id\":\"https:\\\/\\\/ihedn.fr\\\/#organization\",\"name\":\"IHEDN - Institut des Hautes Etudes de D\u00e9fense Nationale\",\"url\":\"https:\\\/\\\/ihedn.fr\\\/\",\"logo\":{\"@type\":\"ImageObject\",\"inLanguage\":\"en-GB\",\"@id\":\"https:\\\/\\\/ihedn.fr\\\/#\\\/schema\\\/logo\\\/image\\\/\",\"url\":\"https:\\\/\\\/ihedn.fr\\\/wp-content\\\/uploads\\\/2020\\\/11\\\/BLOC_RF_IHEDN_WEB.png\",\"contentUrl\":\"https:\\\/\\\/ihedn.fr\\\/wp-content\\\/uploads\\\/2020\\\/11\\\/BLOC_RF_IHEDN_WEB.png\",\"width\":500,\"height\":237,\"caption\":\"IHEDN - Institut des Hautes Etudes de D\u00e9fense Nationale\"},\"image\":{\"@id\":\"https:\\\/\\\/ihedn.fr\\\/#\\\/schema\\\/logo\\\/image\\\/\"},\"sameAs\":[\"https:\\\/\\\/www.facebook.com\\\/ihedn\\\/\",\"https:\\\/\\\/x.com\\\/IHEDN\",\"https:\\\/\\\/www.instagram.com\\\/ihedn\\\/\",\"https:\\\/\\\/www.linkedin.com\\\/school\\\/ihedn\\\/\",\"https:\\\/\\\/fr.wikipedia.org\\\/wiki\\\/Institut_des_hautes_\u00e9tudes_de_D\u00e9fense_nationale\"]},{\"@type\":\"Person\",\"@id\":\"https:\\\/\\\/ihedn.fr\\\/#\\\/schema\\\/person\\\/ed217a37104b27a246b200e65b827cc7\",\"name\":\"tanguy.morel@ihedn.fr\",\"image\":{\"@type\":\"ImageObject\",\"inLanguage\":\"en-GB\",\"@id\":\"https:\\\/\\\/secure.gravatar.com\\\/avatar\\\/36877cd30919fafddf1f9da45f4154aa468a64328452f2ceaff0968772207348?s=96&d=mm&r=g\",\"url\":\"https:\\\/\\\/secure.gravatar.com\\\/avatar\\\/36877cd30919fafddf1f9da45f4154aa468a64328452f2ceaff0968772207348?s=96&d=mm&r=g\",\"contentUrl\":\"https:\\\/\\\/secure.gravatar.com\\\/avatar\\\/36877cd30919fafddf1f9da45f4154aa468a64328452f2ceaff0968772207348?s=96&d=mm&r=g\",\"caption\":\"tanguy.morel@ihedn.fr\"},\"url\":\"https:\\\/\\\/ihedn.fr\\\/en\\\/author\\\/tanguy-morelihedn-fr\\\/\"}]}<\/script>\n<!-- \/ Yoast SEO plugin. -->","yoast_head_json":{"title":"Geopolitics of the Middle East: \"Depassionate reflection\" - L'IHEDN : Institut des hautes \u00e9tudes de d\u00e9fense nationale (Graduate Institute of National Defence)","description":"A highly topical debate was held on Thursday 26 October at the launch of the Defence Academy at the \u00c9cole Militaire. Criticising the prevailing media discourse, the speakers all noted a growing gap between Western positions and those of the \"global South\".","robots":{"index":"index","follow":"follow","max-snippet":"max-snippet:-1","max-image-preview":"max-image-preview:large","max-video-preview":"max-video-preview:-1"},"canonical":"https:\/\/ihedn.fr\/en\/lundis-de-lihedn\/lundis-ihedn-geopolitique-du-moyen-orient-depassionner-la-reflexion\/","og_locale":"en_GB","og_type":"article","og_title":"G\u00c9OPOLITIQUE DU MOYEN-ORIENT : \u00ab D\u00c9PASSIONNER LA R\u00c9FLEXION \u00bb","og_description":"Un d\u00e9bat d\u2019une br\u00fblante actualit\u00e9 s\u2019est tenu jeudi 26 octobre \u00e0 l\u2019occasion du lancement de l\u2019Acad\u00e9mie de d\u00e9fense de l\u2019\u00c9cole militaire. Critiquant le discours m\u00e9diatique ambiant, les intervenants pr\u00e9sents constatent tous un d\u00e9calage croissant entre les positions occidentales et celles du \u00ab Sud global \u00bb.","og_url":"https:\/\/ihedn.fr\/en\/lundis-de-lihedn\/lundis-ihedn-geopolitique-du-moyen-orient-depassionner-la-reflexion\/","og_site_name":"L&#039;IHEDN : Institut des hautes \u00e9tudes de d\u00e9fense nationale","article_publisher":"https:\/\/www.facebook.com\/ihedn\/","article_published_time":"2023-10-30T09:43:52+00:00","article_modified_time":"2025-09-05T07:48:54+00:00","og_image":[{"width":2133,"height":1200,"url":"https:\/\/ihedn.fr\/wp-content\/uploads\/2023\/10\/VISUEL_MOYEN-ORIENT.png","type":"image\/png"}],"author":"tanguy.morel@ihedn.fr","twitter_card":"summary_large_image","twitter_title":"G\u00c9OPOLITIQUE DU MOYEN-ORIENT : \u00ab D\u00c9PASSIONNER LA R\u00c9FLEXION \u00bb","twitter_description":"Un d\u00e9bat d\u2019une br\u00fblante actualit\u00e9 s\u2019est tenu jeudi 26 octobre \u00e0 l\u2019occasion du lancement de l\u2019Acad\u00e9mie de d\u00e9fense de l\u2019\u00c9cole militaire. Critiquant le discours m\u00e9diatique ambiant, les intervenants pr\u00e9sents constatent tous un d\u00e9calage croissant entre les positions occidentales et celles du \u00ab Sud global \u00bb.","twitter_image":"https:\/\/ihedn.fr\/wp-content\/uploads\/2023\/10\/VISUEL_MOYEN-ORIENT.png","twitter_creator":"@IHEDN","twitter_site":"@IHEDN","twitter_misc":{"Written by":"tanguy.morel@ihedn.fr","Estimated reading time":"8 minutes"},"schema":{"@context":"https:\/\/schema.org","@graph":[{"@type":"Article","@id":"https:\/\/ihedn.fr\/lundis-de-lihedn\/lundis-ihedn-geopolitique-du-moyen-orient-depassionner-la-reflexion\/#article","isPartOf":{"@id":"https:\/\/ihedn.fr\/lundis-de-lihedn\/lundis-ihedn-geopolitique-du-moyen-orient-depassionner-la-reflexion\/"},"author":{"name":"tanguy.morel@ihedn.fr","@id":"https:\/\/ihedn.fr\/#\/schema\/person\/ed217a37104b27a246b200e65b827cc7"},"headline":"G\u00e9opolitique du Moyen-Orient : \u00ab D\u00e9passionner la r\u00e9flexion \u00bb","datePublished":"2023-10-30T09:43:52+00:00","dateModified":"2025-09-05T07:48:54+00:00","mainEntityOfPage":{"@id":"https:\/\/ihedn.fr\/lundis-de-lihedn\/lundis-ihedn-geopolitique-du-moyen-orient-depassionner-la-reflexion\/"},"wordCount":1680,"publisher":{"@id":"https:\/\/ihedn.fr\/#organization"},"image":{"@id":"https:\/\/ihedn.fr\/lundis-de-lihedn\/lundis-ihedn-geopolitique-du-moyen-orient-depassionner-la-reflexion\/#primaryimage"},"thumbnailUrl":"https:\/\/ihedn.fr\/wp-content\/uploads\/2023\/10\/VISUEL_MOYEN-ORIENT.png","articleSection":["Lundis de l'IHEDN","Notre s\u00e9lection","s\u00e9curit\u00e9 internationale"],"inLanguage":"en-GB"},{"@type":"WebPage","@id":"https:\/\/ihedn.fr\/lundis-de-lihedn\/lundis-ihedn-geopolitique-du-moyen-orient-depassionner-la-reflexion\/","url":"https:\/\/ihedn.fr\/lundis-de-lihedn\/lundis-ihedn-geopolitique-du-moyen-orient-depassionner-la-reflexion\/","name":"Geopolitics of the Middle East: \"Depassionate reflection\" - L'IHEDN : Institut des hautes \u00e9tudes de d\u00e9fense nationale (Graduate Institute of National Defence)","isPartOf":{"@id":"https:\/\/ihedn.fr\/#website"},"primaryImageOfPage":{"@id":"https:\/\/ihedn.fr\/lundis-de-lihedn\/lundis-ihedn-geopolitique-du-moyen-orient-depassionner-la-reflexion\/#primaryimage"},"image":{"@id":"https:\/\/ihedn.fr\/lundis-de-lihedn\/lundis-ihedn-geopolitique-du-moyen-orient-depassionner-la-reflexion\/#primaryimage"},"thumbnailUrl":"https:\/\/ihedn.fr\/wp-content\/uploads\/2023\/10\/VISUEL_MOYEN-ORIENT.png","datePublished":"2023-10-30T09:43:52+00:00","dateModified":"2025-09-05T07:48:54+00:00","description":"A highly topical debate was held on Thursday 26 October at the launch of the Defence Academy at the \u00c9cole Militaire. Criticising the prevailing media discourse, the speakers all noted a growing gap between Western positions and those of the \"global South\".","breadcrumb":{"@id":"https:\/\/ihedn.fr\/lundis-de-lihedn\/lundis-ihedn-geopolitique-du-moyen-orient-depassionner-la-reflexion\/#breadcrumb"},"inLanguage":"en-GB","potentialAction":[{"@type":"ReadAction","target":["https:\/\/ihedn.fr\/lundis-de-lihedn\/lundis-ihedn-geopolitique-du-moyen-orient-depassionner-la-reflexion\/"]}]},{"@type":"ImageObject","inLanguage":"en-GB","@id":"https:\/\/ihedn.fr\/lundis-de-lihedn\/lundis-ihedn-geopolitique-du-moyen-orient-depassionner-la-reflexion\/#primaryimage","url":"https:\/\/ihedn.fr\/wp-content\/uploads\/2023\/10\/VISUEL_MOYEN-ORIENT.png","contentUrl":"https:\/\/ihedn.fr\/wp-content\/uploads\/2023\/10\/VISUEL_MOYEN-ORIENT.png","width":2133,"height":1200},{"@type":"BreadcrumbList","@id":"https:\/\/ihedn.fr\/lundis-de-lihedn\/lundis-ihedn-geopolitique-du-moyen-orient-depassionner-la-reflexion\/#breadcrumb","itemListElement":[{"@type":"ListItem","position":1,"name":"Accueil","item":"https:\/\/ihedn.fr\/"},{"@type":"ListItem","position":2,"name":"G\u00e9opolitique du Moyen-Orient : \u00ab D\u00e9passionner la r\u00e9flexion \u00bb"}]},{"@type":"WebSite","@id":"https:\/\/ihedn.fr\/#website","url":"https:\/\/ihedn.fr\/","name":"IHEDN: Institut des hautes \u00e9tudes de d\u00e9fense nationale (Institute for Higher National Defence Studies)","description":"Official website of the IHEDN under the supervision of the Prime Minister.","publisher":{"@id":"https:\/\/ihedn.fr\/#organization"},"potentialAction":[{"@type":"SearchAction","target":{"@type":"EntryPoint","urlTemplate":"https:\/\/ihedn.fr\/?s={search_term_string}"},"query-input":{"@type":"PropertyValueSpecification","valueRequired":true,"valueName":"search_term_string"}}],"inLanguage":"en-GB"},{"@type":"Organization","@id":"https:\/\/ihedn.fr\/#organization","name":"IHEDN - Institute for Higher National Defence Studies","url":"https:\/\/ihedn.fr\/","logo":{"@type":"ImageObject","inLanguage":"en-GB","@id":"https:\/\/ihedn.fr\/#\/schema\/logo\/image\/","url":"https:\/\/ihedn.fr\/wp-content\/uploads\/2020\/11\/BLOC_RF_IHEDN_WEB.png","contentUrl":"https:\/\/ihedn.fr\/wp-content\/uploads\/2020\/11\/BLOC_RF_IHEDN_WEB.png","width":500,"height":237,"caption":"IHEDN - Institut des Hautes Etudes de D\u00e9fense Nationale"},"image":{"@id":"https:\/\/ihedn.fr\/#\/schema\/logo\/image\/"},"sameAs":["https:\/\/www.facebook.com\/ihedn\/","https:\/\/x.com\/IHEDN","https:\/\/www.instagram.com\/ihedn\/","https:\/\/www.linkedin.com\/school\/ihedn\/","https:\/\/fr.wikipedia.org\/wiki\/Institut_des_hautes_\u00e9tudes_de_D\u00e9fense_nationale"]},{"@type":"Person","@id":"https:\/\/ihedn.fr\/#\/schema\/person\/ed217a37104b27a246b200e65b827cc7","name":"tanguy.morel@ihedn.fr","image":{"@type":"ImageObject","inLanguage":"en-GB","@id":"https:\/\/secure.gravatar.com\/avatar\/36877cd30919fafddf1f9da45f4154aa468a64328452f2ceaff0968772207348?s=96&d=mm&r=g","url":"https:\/\/secure.gravatar.com\/avatar\/36877cd30919fafddf1f9da45f4154aa468a64328452f2ceaff0968772207348?s=96&d=mm&r=g","contentUrl":"https:\/\/secure.gravatar.com\/avatar\/36877cd30919fafddf1f9da45f4154aa468a64328452f2ceaff0968772207348?s=96&d=mm&r=g","caption":"tanguy.morel@ihedn.fr"},"url":"https:\/\/ihedn.fr\/en\/author\/tanguy-morelihedn-fr\/"}]}},"publishpress_future_action":{"enabled":false,"date":"2026-05-08 02:15:38","action":"change-status","newStatus":"draft","terms":[],"taxonomy":"category","extraData":[]},"publishpress_future_workflow_manual_trigger":{"enabledWorkflows":[]},"_links":{"self":[{"href":"https:\/\/ihedn.fr\/en\/wp-json\/wp\/v2\/posts\/43565","targetHints":{"allow":["GET"]}}],"collection":[{"href":"https:\/\/ihedn.fr\/en\/wp-json\/wp\/v2\/posts"}],"about":[{"href":"https:\/\/ihedn.fr\/en\/wp-json\/wp\/v2\/types\/post"}],"author":[{"embeddable":true,"href":"https:\/\/ihedn.fr\/en\/wp-json\/wp\/v2\/users\/10"}],"replies":[{"embeddable":true,"href":"https:\/\/ihedn.fr\/en\/wp-json\/wp\/v2\/comments?post=43565"}],"version-history":[{"count":26,"href":"https:\/\/ihedn.fr\/en\/wp-json\/wp\/v2\/posts\/43565\/revisions"}],"predecessor-version":[{"id":55496,"href":"https:\/\/ihedn.fr\/en\/wp-json\/wp\/v2\/posts\/43565\/revisions\/55496"}],"wp:featuredmedia":[{"embeddable":true,"href":"https:\/\/ihedn.fr\/en\/wp-json\/wp\/v2\/media\/43566"}],"wp:attachment":[{"href":"https:\/\/ihedn.fr\/en\/wp-json\/wp\/v2\/media?parent=43565"}],"wp:term":[{"taxonomy":"category","embeddable":true,"href":"https:\/\/ihedn.fr\/en\/wp-json\/wp\/v2\/categories?post=43565"},{"taxonomy":"post_tag","embeddable":true,"href":"https:\/\/ihedn.fr\/en\/wp-json\/wp\/v2\/tags?post=43565"}],"curies":[{"name":"wp","href":"https:\/\/api.w.org\/{rel}","templated":true}]}}