{"id":43682,"date":"2023-11-03T12:40:18","date_gmt":"2023-11-03T11:40:18","guid":{"rendered":"https:\/\/ihedn.fr\/?p=43682"},"modified":"2023-11-03T12:42:07","modified_gmt":"2023-11-03T11:42:07","slug":"la-mesure-de-la-force-traite-de-strategie-de-lecole-de-guerre","status":"publish","type":"post","link":"https:\/\/ihedn.fr\/en\/veille-strategique\/la-mesure-de-la-force-traite-de-strategie-de-lecole-de-guerre\/","title":{"rendered":"The measure of force. A treatise on strategy from the \u00c9cole de guerre"},"content":{"rendered":"<div data-elementor-type=\"wp-post\" data-elementor-id=\"43682\" class=\"elementor elementor-43682\" data-elementor-post-type=\"post\">\n\t\t\t\t\t\t<section data-particle_enable=\"false\" data-particle-mobile-disabled=\"false\" class=\"elementor-section elementor-top-section elementor-element elementor-element-f66b938 elementor-section-boxed elementor-section-height-default elementor-section-height-default\" data-id=\"f66b938\" data-element_type=\"section\" data-e-type=\"section\">\n\t\t\t\t\t\t<div class=\"elementor-container elementor-column-gap-default\">\n\t\t\t\t\t<div class=\"elementor-column elementor-col-100 elementor-top-column elementor-element elementor-element-17f03b1\" data-id=\"17f03b1\" data-element_type=\"column\" data-e-type=\"column\">\n\t\t\t<div class=\"elementor-widget-wrap elementor-element-populated\">\n\t\t\t\t\t\t<div class=\"elementor-element elementor-element-37d2ebc elementor-widget__width-initial elementor-widget elementor-widget-text-editor\" data-id=\"37d2ebc\" data-element_type=\"widget\" data-e-type=\"widget\" data-widget_type=\"text-editor.default\">\n\t\t\t\t<div class=\"elementor-widget-container\">\n\t\t\t\t\t\t\t\t\t<p>Western strategic thinking is struggling to define a credible course of action in the face of changes in warfare: it is torn between the temptation to be all-technological and the fascination for new approaches coming from sociology, anthropology, ethnology, etc. Yet technology is only one factor in the strategic equation and the social sciences, although indispensable, cannot replace fundamental military knowledge. Yet technology is only one factor in the strategic equation, and the social sciences, while essential, cannot replace fundamental military knowledge. It is this knowledge that the authors of this book, historians of strategy and professors at the \u00c9cole de guerre, will introduce us to.<\/p>\t\t\t\t\t\t\t\t<\/div>\n\t\t\t\t<\/div>\n\t\t\t\t<div class=\"elementor-element elementor-element-7f83902 elementor-widget elementor-widget-text-editor\" data-id=\"7f83902\" data-element_type=\"widget\" data-e-type=\"widget\" data-widget_type=\"text-editor.default\">\n\t\t\t\t<div class=\"elementor-widget-container\">\n\t\t\t\t\t\t\t\t\t<p><strong>Tallandier, 2023<\/strong><\/p><ul><li>Martin DE LA MOTTE<\/li><li>Georges-Henri SOUTOU<\/li><li>Olivier ZAJEC<\/li><li>J\u00e9rome DE LESPINOIS<\/li><\/ul>\t\t\t\t\t\t\t\t<\/div>\n\t\t\t\t<\/div>\n\t\t\t\t<div class=\"elementor-element elementor-element-5222ae9 elementor-align-right elementor-widget elementor-widget-button\" data-id=\"5222ae9\" data-element_type=\"widget\" data-e-type=\"widget\" data-widget_type=\"button.default\">\n\t\t\t\t<div class=\"elementor-widget-container\">\n\t\t\t\t\t\t\t\t\t<div class=\"elementor-button-wrapper\">\n\t\t\t\t\t<a class=\"elementor-button elementor-button-link elementor-size-xs\" href=\"https:\/\/www.tallandier.com\/livre\/la-mesure-de-la-force-3\/\" target=\"_blank\">\n\t\t\t\t\t\t<span class=\"elementor-button-content-wrapper\">\n\t\t\t\t\t\t\t\t\t<span class=\"elementor-button-text\">buy<\/span>\n\t\t\t\t\t<\/span>\n\t\t\t\t\t<\/a>\n\t\t\t\t<\/div>\n\t\t\t\t\t\t\t\t<\/div>\n\t\t\t\t<\/div>\n\t\t\t\t\t<\/div>\n\t\t<\/div>\n\t\t\t\t\t<\/div>\n\t\t<\/section>\n\t\t\t\t<\/div>","protected":false},"excerpt":{"rendered":"<p>La pens\u00e9e strat\u00e9gique occidentale peine \u00e0 d\u00e9finir une ligne d\u2019action cr\u00e9dible face aux \u00e9volutions de la guerre\u00a0: elle est \u00e9cartel\u00e9e entre la tentation du tout-technologique et la fascination pour les nouvelles approches venues de la sociologie, de l\u2019anthropologie, de l\u2019ethnologie, etc. Or la technique n\u2019est qu\u2019un facteur de l\u2019\u00e9quation strat\u00e9gique et les sciences sociales, certes [&hellip;]<\/p>\n","protected":false},"author":10,"featured_media":43683,"comment_status":"closed","ping_status":"closed","sticky":false,"template":"","format":"standard","meta":{"footnotes":""},"categories":[92,175],"tags":[],"class_list":["post-43682","post","type-post","status-publish","format-standard","has-post-thumbnail","hentry","category-nos-lectures","category-veille-strategique"],"yoast_head":"<!-- This site is optimized with the Yoast SEO plugin v27.5 - https:\/\/yoast.com\/product\/yoast-seo-wordpress\/ -->\n<title>La mesure de la force. Trait\u00e9 de strat\u00e9gie de l\u2019\u00c9cole de guerre - L&#039;IHEDN : Institut des hautes \u00e9tudes de d\u00e9fense nationale<\/title>\n<meta name=\"description\" content=\"Strat\u00e8ge \u00e0 l\u2019image malmen\u00e9e au cours du XXesi\u00e8cle, cette r\u00e9\u00e9dition des \u00e9crits du mar\u00e9chal Foch se voit dot\u00e9de nombreuses cartes et d\u2019un appareil critique. Ce volume r\u00e9unit deux des ouvrages du mar\u00e9chal Foch, Des principes de la guerre (1903) et De la conduite de la guerre (1904). Dans un contexte de red\u00e9couverte de la guerre de haute intensit\u00e9, la relecture non seulement d\u2019un acteur de la premi\u00e8re guerre mondiale, mais \u00e9galement th\u00e9oricien de la guerre moderne semble bienvenue.\" \/>\n<meta name=\"robots\" content=\"index, follow, max-snippet:-1, max-image-preview:large, max-video-preview:-1\" \/>\n<link rel=\"canonical\" href=\"https:\/\/ihedn.fr\/en\/publications\/nos-lectures\/la-mesure-de-la-force-traite-de-strategie-de-lecole-de-guerre\/\" \/>\n<meta property=\"og:locale\" content=\"en_GB\" \/>\n<meta property=\"og:type\" content=\"article\" \/>\n<meta property=\"og:title\" content=\"La mesure de la force. Trait\u00e9 de strat\u00e9gie de l\u2019\u00c9cole de guerre - L&#039;IHEDN : Institut des hautes \u00e9tudes de d\u00e9fense nationale\" \/>\n<meta property=\"og:description\" content=\"Strat\u00e8ge \u00e0 l\u2019image malmen\u00e9e au cours du XXesi\u00e8cle, cette r\u00e9\u00e9dition des \u00e9crits du mar\u00e9chal Foch se voit dot\u00e9de nombreuses cartes et d\u2019un appareil critique. Ce volume r\u00e9unit deux des ouvrages du mar\u00e9chal Foch, Des principes de la guerre (1903) et De la conduite de la guerre (1904). Dans un contexte de red\u00e9couverte de la guerre de haute intensit\u00e9, la relecture non seulement d\u2019un acteur de la premi\u00e8re guerre mondiale, mais \u00e9galement th\u00e9oricien de la guerre moderne semble bienvenue.\" \/>\n<meta property=\"og:url\" content=\"https:\/\/ihedn.fr\/en\/publications\/nos-lectures\/la-mesure-de-la-force-traite-de-strategie-de-lecole-de-guerre\/\" \/>\n<meta property=\"og:site_name\" content=\"L&#039;IHEDN : Institut des hautes \u00e9tudes de d\u00e9fense nationale\" \/>\n<meta property=\"article:publisher\" content=\"https:\/\/www.facebook.com\/ihedn\/\" \/>\n<meta property=\"article:published_time\" content=\"2023-11-03T11:40:18+00:00\" \/>\n<meta property=\"article:modified_time\" content=\"2023-11-03T11:42:07+00:00\" \/>\n<meta property=\"og:image\" content=\"https:\/\/ihedn.fr\/wp-content\/uploads\/2023\/11\/livre-1.jpg\" \/>\n\t<meta property=\"og:image:width\" content=\"400\" \/>\n\t<meta property=\"og:image:height\" content=\"593\" \/>\n\t<meta property=\"og:image:type\" content=\"image\/jpeg\" \/>\n<meta name=\"author\" content=\"tanguy.morel@ihedn.fr\" \/>\n<meta name=\"twitter:card\" content=\"summary_large_image\" \/>\n<meta name=\"twitter:creator\" content=\"@IHEDN\" \/>\n<meta name=\"twitter:site\" content=\"@IHEDN\" \/>\n<meta name=\"twitter:label1\" content=\"Written by\" \/>\n\t<meta name=\"twitter:data1\" content=\"tanguy.morel@ihedn.fr\" \/>\n\t<meta name=\"twitter:label2\" content=\"Estimated reading time\" \/>\n\t<meta name=\"twitter:data2\" content=\"1 minute\" \/>\n<script type=\"application\/ld+json\" class=\"yoast-schema-graph\">{\"@context\":\"https:\\\/\\\/schema.org\",\"@graph\":[{\"@type\":\"Article\",\"@id\":\"https:\\\/\\\/ihedn.fr\\\/publications\\\/nos-lectures\\\/la-mesure-de-la-force-traite-de-strategie-de-lecole-de-guerre\\\/#article\",\"isPartOf\":{\"@id\":\"https:\\\/\\\/ihedn.fr\\\/publications\\\/nos-lectures\\\/la-mesure-de-la-force-traite-de-strategie-de-lecole-de-guerre\\\/\"},\"author\":{\"name\":\"tanguy.morel@ihedn.fr\",\"@id\":\"https:\\\/\\\/ihedn.fr\\\/#\\\/schema\\\/person\\\/ed217a37104b27a246b200e65b827cc7\"},\"headline\":\"La mesure de la force. Trait\u00e9 de strat\u00e9gie de l\u2019\u00c9cole de guerre\",\"datePublished\":\"2023-11-03T11:40:18+00:00\",\"dateModified\":\"2023-11-03T11:42:07+00:00\",\"mainEntityOfPage\":{\"@id\":\"https:\\\/\\\/ihedn.fr\\\/publications\\\/nos-lectures\\\/la-mesure-de-la-force-traite-de-strategie-de-lecole-de-guerre\\\/\"},\"wordCount\":129,\"publisher\":{\"@id\":\"https:\\\/\\\/ihedn.fr\\\/#organization\"},\"image\":{\"@id\":\"https:\\\/\\\/ihedn.fr\\\/publications\\\/nos-lectures\\\/la-mesure-de-la-force-traite-de-strategie-de-lecole-de-guerre\\\/#primaryimage\"},\"thumbnailUrl\":\"https:\\\/\\\/ihedn.fr\\\/wp-content\\\/uploads\\\/2023\\\/11\\\/livre-1.jpg\",\"articleSection\":[\"nos lectures\",\"Veille strat\u00e9gique\"],\"inLanguage\":\"en-GB\"},{\"@type\":\"WebPage\",\"@id\":\"https:\\\/\\\/ihedn.fr\\\/publications\\\/nos-lectures\\\/la-mesure-de-la-force-traite-de-strategie-de-lecole-de-guerre\\\/\",\"url\":\"https:\\\/\\\/ihedn.fr\\\/publications\\\/nos-lectures\\\/la-mesure-de-la-force-traite-de-strategie-de-lecole-de-guerre\\\/\",\"name\":\"La mesure de la force. Trait\u00e9 de strat\u00e9gie de l\u2019\u00c9cole de guerre - L&#039;IHEDN : Institut des hautes \u00e9tudes de d\u00e9fense nationale\",\"isPartOf\":{\"@id\":\"https:\\\/\\\/ihedn.fr\\\/#website\"},\"primaryImageOfPage\":{\"@id\":\"https:\\\/\\\/ihedn.fr\\\/publications\\\/nos-lectures\\\/la-mesure-de-la-force-traite-de-strategie-de-lecole-de-guerre\\\/#primaryimage\"},\"image\":{\"@id\":\"https:\\\/\\\/ihedn.fr\\\/publications\\\/nos-lectures\\\/la-mesure-de-la-force-traite-de-strategie-de-lecole-de-guerre\\\/#primaryimage\"},\"thumbnailUrl\":\"https:\\\/\\\/ihedn.fr\\\/wp-content\\\/uploads\\\/2023\\\/11\\\/livre-1.jpg\",\"datePublished\":\"2023-11-03T11:40:18+00:00\",\"dateModified\":\"2023-11-03T11:42:07+00:00\",\"description\":\"Strat\u00e8ge \u00e0 l\u2019image malmen\u00e9e au cours du XXesi\u00e8cle, cette r\u00e9\u00e9dition des \u00e9crits du mar\u00e9chal Foch se voit dot\u00e9de nombreuses cartes et d\u2019un appareil critique. Ce volume r\u00e9unit deux des ouvrages du mar\u00e9chal Foch, Des principes de la guerre (1903) et De la conduite de la guerre (1904). Dans un contexte de red\u00e9couverte de la guerre de haute intensit\u00e9, la relecture non seulement d\u2019un acteur de la premi\u00e8re guerre mondiale, mais \u00e9galement th\u00e9oricien de la guerre moderne semble bienvenue.\",\"breadcrumb\":{\"@id\":\"https:\\\/\\\/ihedn.fr\\\/publications\\\/nos-lectures\\\/la-mesure-de-la-force-traite-de-strategie-de-lecole-de-guerre\\\/#breadcrumb\"},\"inLanguage\":\"en-GB\",\"potentialAction\":[{\"@type\":\"ReadAction\",\"target\":[\"https:\\\/\\\/ihedn.fr\\\/publications\\\/nos-lectures\\\/la-mesure-de-la-force-traite-de-strategie-de-lecole-de-guerre\\\/\"]}]},{\"@type\":\"ImageObject\",\"inLanguage\":\"en-GB\",\"@id\":\"https:\\\/\\\/ihedn.fr\\\/publications\\\/nos-lectures\\\/la-mesure-de-la-force-traite-de-strategie-de-lecole-de-guerre\\\/#primaryimage\",\"url\":\"https:\\\/\\\/ihedn.fr\\\/wp-content\\\/uploads\\\/2023\\\/11\\\/livre-1.jpg\",\"contentUrl\":\"https:\\\/\\\/ihedn.fr\\\/wp-content\\\/uploads\\\/2023\\\/11\\\/livre-1.jpg\",\"width\":400,\"height\":593,\"caption\":\"La mesure de la force, trait\u00e9 de strat\u00e9gie de l'\u00c9cole de guerre\"},{\"@type\":\"BreadcrumbList\",\"@id\":\"https:\\\/\\\/ihedn.fr\\\/publications\\\/nos-lectures\\\/la-mesure-de-la-force-traite-de-strategie-de-lecole-de-guerre\\\/#breadcrumb\",\"itemListElement\":[{\"@type\":\"ListItem\",\"position\":1,\"name\":\"Accueil\",\"item\":\"https:\\\/\\\/ihedn.fr\\\/\"},{\"@type\":\"ListItem\",\"position\":2,\"name\":\"La mesure de la force. Trait\u00e9 de strat\u00e9gie de l\u2019\u00c9cole de guerre\"}]},{\"@type\":\"WebSite\",\"@id\":\"https:\\\/\\\/ihedn.fr\\\/#website\",\"url\":\"https:\\\/\\\/ihedn.fr\\\/\",\"name\":\"IHEDN : Institut des hautes \u00e9tudes de d\u00e9fense nationale |\",\"description\":\"Site officiel de l&#039;IHEDN plac\u00e9 sous la tutelle du Premier ministre.\",\"publisher\":{\"@id\":\"https:\\\/\\\/ihedn.fr\\\/#organization\"},\"potentialAction\":[{\"@type\":\"SearchAction\",\"target\":{\"@type\":\"EntryPoint\",\"urlTemplate\":\"https:\\\/\\\/ihedn.fr\\\/?s={search_term_string}\"},\"query-input\":{\"@type\":\"PropertyValueSpecification\",\"valueRequired\":true,\"valueName\":\"search_term_string\"}}],\"inLanguage\":\"en-GB\"},{\"@type\":\"Organization\",\"@id\":\"https:\\\/\\\/ihedn.fr\\\/#organization\",\"name\":\"IHEDN - Institut des Hautes Etudes de D\u00e9fense Nationale\",\"url\":\"https:\\\/\\\/ihedn.fr\\\/\",\"logo\":{\"@type\":\"ImageObject\",\"inLanguage\":\"en-GB\",\"@id\":\"https:\\\/\\\/ihedn.fr\\\/#\\\/schema\\\/logo\\\/image\\\/\",\"url\":\"https:\\\/\\\/ihedn.fr\\\/wp-content\\\/uploads\\\/2020\\\/11\\\/BLOC_RF_IHEDN_WEB.png\",\"contentUrl\":\"https:\\\/\\\/ihedn.fr\\\/wp-content\\\/uploads\\\/2020\\\/11\\\/BLOC_RF_IHEDN_WEB.png\",\"width\":500,\"height\":237,\"caption\":\"IHEDN - Institut des Hautes Etudes de D\u00e9fense Nationale\"},\"image\":{\"@id\":\"https:\\\/\\\/ihedn.fr\\\/#\\\/schema\\\/logo\\\/image\\\/\"},\"sameAs\":[\"https:\\\/\\\/www.facebook.com\\\/ihedn\\\/\",\"https:\\\/\\\/x.com\\\/IHEDN\",\"https:\\\/\\\/www.instagram.com\\\/ihedn\\\/\",\"https:\\\/\\\/www.linkedin.com\\\/school\\\/ihedn\\\/\",\"https:\\\/\\\/fr.wikipedia.org\\\/wiki\\\/Institut_des_hautes_\u00e9tudes_de_D\u00e9fense_nationale\"]},{\"@type\":\"Person\",\"@id\":\"https:\\\/\\\/ihedn.fr\\\/#\\\/schema\\\/person\\\/ed217a37104b27a246b200e65b827cc7\",\"name\":\"tanguy.morel@ihedn.fr\",\"image\":{\"@type\":\"ImageObject\",\"inLanguage\":\"en-GB\",\"@id\":\"https:\\\/\\\/secure.gravatar.com\\\/avatar\\\/36877cd30919fafddf1f9da45f4154aa468a64328452f2ceaff0968772207348?s=96&d=mm&r=g\",\"url\":\"https:\\\/\\\/secure.gravatar.com\\\/avatar\\\/36877cd30919fafddf1f9da45f4154aa468a64328452f2ceaff0968772207348?s=96&d=mm&r=g\",\"contentUrl\":\"https:\\\/\\\/secure.gravatar.com\\\/avatar\\\/36877cd30919fafddf1f9da45f4154aa468a64328452f2ceaff0968772207348?s=96&d=mm&r=g\",\"caption\":\"tanguy.morel@ihedn.fr\"},\"url\":\"https:\\\/\\\/ihedn.fr\\\/en\\\/author\\\/tanguy-morelihedn-fr\\\/\"}]}<\/script>\n<!-- \/ Yoast SEO plugin. -->","yoast_head_json":{"title":"La mesure de la force. Trait\u00e9 de strat\u00e9gie de l'\u00c9cole de guerre - IHEDN: Institut des hautes \u00e9tudes de d\u00e9fense nationale (Institute for Advanced National Defence Studies)","description":"This reprint of Marshal Foch's writings, a strategist whose image has suffered in the twentieth century, includes numerous maps and a critical section. This volume brings together two of Marshal Foch's works, Des principes de la guerre (1903) and De la conduite de la guerre (1904). Against a backdrop of the rediscovery of high-intensity warfare, it is a welcome re-reading not only of a player in the First World War, but also of a theorist of modern warfare.","robots":{"index":"index","follow":"follow","max-snippet":"max-snippet:-1","max-image-preview":"max-image-preview:large","max-video-preview":"max-video-preview:-1"},"canonical":"https:\/\/ihedn.fr\/en\/publications\/nos-lectures\/la-mesure-de-la-force-traite-de-strategie-de-lecole-de-guerre\/","og_locale":"en_GB","og_type":"article","og_title":"La mesure de la force. Trait\u00e9 de strat\u00e9gie de l\u2019\u00c9cole de guerre - L&#039;IHEDN : Institut des hautes \u00e9tudes de d\u00e9fense nationale","og_description":"Strat\u00e8ge \u00e0 l\u2019image malmen\u00e9e au cours du XXesi\u00e8cle, cette r\u00e9\u00e9dition des \u00e9crits du mar\u00e9chal Foch se voit dot\u00e9de nombreuses cartes et d\u2019un appareil critique. Ce volume r\u00e9unit deux des ouvrages du mar\u00e9chal Foch, Des principes de la guerre (1903) et De la conduite de la guerre (1904). Dans un contexte de red\u00e9couverte de la guerre de haute intensit\u00e9, la relecture non seulement d\u2019un acteur de la premi\u00e8re guerre mondiale, mais \u00e9galement th\u00e9oricien de la guerre moderne semble bienvenue.","og_url":"https:\/\/ihedn.fr\/en\/publications\/nos-lectures\/la-mesure-de-la-force-traite-de-strategie-de-lecole-de-guerre\/","og_site_name":"L&#039;IHEDN : Institut des hautes \u00e9tudes de d\u00e9fense nationale","article_publisher":"https:\/\/www.facebook.com\/ihedn\/","article_published_time":"2023-11-03T11:40:18+00:00","article_modified_time":"2023-11-03T11:42:07+00:00","og_image":[{"width":400,"height":593,"url":"https:\/\/ihedn.fr\/wp-content\/uploads\/2023\/11\/livre-1.jpg","type":"image\/jpeg"}],"author":"tanguy.morel@ihedn.fr","twitter_card":"summary_large_image","twitter_creator":"@IHEDN","twitter_site":"@IHEDN","twitter_misc":{"Written by":"tanguy.morel@ihedn.fr","Estimated reading time":"1 minute"},"schema":{"@context":"https:\/\/schema.org","@graph":[{"@type":"Article","@id":"https:\/\/ihedn.fr\/publications\/nos-lectures\/la-mesure-de-la-force-traite-de-strategie-de-lecole-de-guerre\/#article","isPartOf":{"@id":"https:\/\/ihedn.fr\/publications\/nos-lectures\/la-mesure-de-la-force-traite-de-strategie-de-lecole-de-guerre\/"},"author":{"name":"tanguy.morel@ihedn.fr","@id":"https:\/\/ihedn.fr\/#\/schema\/person\/ed217a37104b27a246b200e65b827cc7"},"headline":"La mesure de la force. Trait\u00e9 de strat\u00e9gie de l\u2019\u00c9cole de guerre","datePublished":"2023-11-03T11:40:18+00:00","dateModified":"2023-11-03T11:42:07+00:00","mainEntityOfPage":{"@id":"https:\/\/ihedn.fr\/publications\/nos-lectures\/la-mesure-de-la-force-traite-de-strategie-de-lecole-de-guerre\/"},"wordCount":129,"publisher":{"@id":"https:\/\/ihedn.fr\/#organization"},"image":{"@id":"https:\/\/ihedn.fr\/publications\/nos-lectures\/la-mesure-de-la-force-traite-de-strategie-de-lecole-de-guerre\/#primaryimage"},"thumbnailUrl":"https:\/\/ihedn.fr\/wp-content\/uploads\/2023\/11\/livre-1.jpg","articleSection":["nos lectures","Veille strat\u00e9gique"],"inLanguage":"en-GB"},{"@type":"WebPage","@id":"https:\/\/ihedn.fr\/publications\/nos-lectures\/la-mesure-de-la-force-traite-de-strategie-de-lecole-de-guerre\/","url":"https:\/\/ihedn.fr\/publications\/nos-lectures\/la-mesure-de-la-force-traite-de-strategie-de-lecole-de-guerre\/","name":"La mesure de la force. Trait\u00e9 de strat\u00e9gie de l'\u00c9cole de guerre - IHEDN: Institut des hautes \u00e9tudes de d\u00e9fense nationale (Institute for Advanced National Defence Studies)","isPartOf":{"@id":"https:\/\/ihedn.fr\/#website"},"primaryImageOfPage":{"@id":"https:\/\/ihedn.fr\/publications\/nos-lectures\/la-mesure-de-la-force-traite-de-strategie-de-lecole-de-guerre\/#primaryimage"},"image":{"@id":"https:\/\/ihedn.fr\/publications\/nos-lectures\/la-mesure-de-la-force-traite-de-strategie-de-lecole-de-guerre\/#primaryimage"},"thumbnailUrl":"https:\/\/ihedn.fr\/wp-content\/uploads\/2023\/11\/livre-1.jpg","datePublished":"2023-11-03T11:40:18+00:00","dateModified":"2023-11-03T11:42:07+00:00","description":"This reprint of Marshal Foch's writings, a strategist whose image has suffered in the twentieth century, includes numerous maps and a critical section. This volume brings together two of Marshal Foch's works, Des principes de la guerre (1903) and De la conduite de la guerre (1904). Against a backdrop of the rediscovery of high-intensity warfare, it is a welcome re-reading not only of a player in the First World War, but also of a theorist of modern warfare.","breadcrumb":{"@id":"https:\/\/ihedn.fr\/publications\/nos-lectures\/la-mesure-de-la-force-traite-de-strategie-de-lecole-de-guerre\/#breadcrumb"},"inLanguage":"en-GB","potentialAction":[{"@type":"ReadAction","target":["https:\/\/ihedn.fr\/publications\/nos-lectures\/la-mesure-de-la-force-traite-de-strategie-de-lecole-de-guerre\/"]}]},{"@type":"ImageObject","inLanguage":"en-GB","@id":"https:\/\/ihedn.fr\/publications\/nos-lectures\/la-mesure-de-la-force-traite-de-strategie-de-lecole-de-guerre\/#primaryimage","url":"https:\/\/ihedn.fr\/wp-content\/uploads\/2023\/11\/livre-1.jpg","contentUrl":"https:\/\/ihedn.fr\/wp-content\/uploads\/2023\/11\/livre-1.jpg","width":400,"height":593,"caption":"La mesure de la force, trait\u00e9 de strat\u00e9gie de l'\u00c9cole de guerre"},{"@type":"BreadcrumbList","@id":"https:\/\/ihedn.fr\/publications\/nos-lectures\/la-mesure-de-la-force-traite-de-strategie-de-lecole-de-guerre\/#breadcrumb","itemListElement":[{"@type":"ListItem","position":1,"name":"Accueil","item":"https:\/\/ihedn.fr\/"},{"@type":"ListItem","position":2,"name":"La mesure de la force. Trait\u00e9 de strat\u00e9gie de l\u2019\u00c9cole de guerre"}]},{"@type":"WebSite","@id":"https:\/\/ihedn.fr\/#website","url":"https:\/\/ihedn.fr\/","name":"IHEDN: Institut des hautes \u00e9tudes de d\u00e9fense nationale (Institute for Higher National Defence Studies)","description":"Official website of the IHEDN under the supervision of the Prime Minister.","publisher":{"@id":"https:\/\/ihedn.fr\/#organization"},"potentialAction":[{"@type":"SearchAction","target":{"@type":"EntryPoint","urlTemplate":"https:\/\/ihedn.fr\/?s={search_term_string}"},"query-input":{"@type":"PropertyValueSpecification","valueRequired":true,"valueName":"search_term_string"}}],"inLanguage":"en-GB"},{"@type":"Organization","@id":"https:\/\/ihedn.fr\/#organization","name":"IHEDN - Institute for Higher National Defence Studies","url":"https:\/\/ihedn.fr\/","logo":{"@type":"ImageObject","inLanguage":"en-GB","@id":"https:\/\/ihedn.fr\/#\/schema\/logo\/image\/","url":"https:\/\/ihedn.fr\/wp-content\/uploads\/2020\/11\/BLOC_RF_IHEDN_WEB.png","contentUrl":"https:\/\/ihedn.fr\/wp-content\/uploads\/2020\/11\/BLOC_RF_IHEDN_WEB.png","width":500,"height":237,"caption":"IHEDN - Institut des Hautes Etudes de D\u00e9fense Nationale"},"image":{"@id":"https:\/\/ihedn.fr\/#\/schema\/logo\/image\/"},"sameAs":["https:\/\/www.facebook.com\/ihedn\/","https:\/\/x.com\/IHEDN","https:\/\/www.instagram.com\/ihedn\/","https:\/\/www.linkedin.com\/school\/ihedn\/","https:\/\/fr.wikipedia.org\/wiki\/Institut_des_hautes_\u00e9tudes_de_D\u00e9fense_nationale"]},{"@type":"Person","@id":"https:\/\/ihedn.fr\/#\/schema\/person\/ed217a37104b27a246b200e65b827cc7","name":"tanguy.morel@ihedn.fr","image":{"@type":"ImageObject","inLanguage":"en-GB","@id":"https:\/\/secure.gravatar.com\/avatar\/36877cd30919fafddf1f9da45f4154aa468a64328452f2ceaff0968772207348?s=96&d=mm&r=g","url":"https:\/\/secure.gravatar.com\/avatar\/36877cd30919fafddf1f9da45f4154aa468a64328452f2ceaff0968772207348?s=96&d=mm&r=g","contentUrl":"https:\/\/secure.gravatar.com\/avatar\/36877cd30919fafddf1f9da45f4154aa468a64328452f2ceaff0968772207348?s=96&d=mm&r=g","caption":"tanguy.morel@ihedn.fr"},"url":"https:\/\/ihedn.fr\/en\/author\/tanguy-morelihedn-fr\/"}]}},"publishpress_future_action":{"enabled":false,"date":"2026-05-07 01:41:13","action":"change-status","newStatus":"draft","terms":[],"taxonomy":"category","extraData":[]},"publishpress_future_workflow_manual_trigger":{"enabledWorkflows":[]},"_links":{"self":[{"href":"https:\/\/ihedn.fr\/en\/wp-json\/wp\/v2\/posts\/43682","targetHints":{"allow":["GET"]}}],"collection":[{"href":"https:\/\/ihedn.fr\/en\/wp-json\/wp\/v2\/posts"}],"about":[{"href":"https:\/\/ihedn.fr\/en\/wp-json\/wp\/v2\/types\/post"}],"author":[{"embeddable":true,"href":"https:\/\/ihedn.fr\/en\/wp-json\/wp\/v2\/users\/10"}],"replies":[{"embeddable":true,"href":"https:\/\/ihedn.fr\/en\/wp-json\/wp\/v2\/comments?post=43682"}],"version-history":[{"count":4,"href":"https:\/\/ihedn.fr\/en\/wp-json\/wp\/v2\/posts\/43682\/revisions"}],"predecessor-version":[{"id":43687,"href":"https:\/\/ihedn.fr\/en\/wp-json\/wp\/v2\/posts\/43682\/revisions\/43687"}],"wp:featuredmedia":[{"embeddable":true,"href":"https:\/\/ihedn.fr\/en\/wp-json\/wp\/v2\/media\/43683"}],"wp:attachment":[{"href":"https:\/\/ihedn.fr\/en\/wp-json\/wp\/v2\/media?parent=43682"}],"wp:term":[{"taxonomy":"category","embeddable":true,"href":"https:\/\/ihedn.fr\/en\/wp-json\/wp\/v2\/categories?post=43682"},{"taxonomy":"post_tag","embeddable":true,"href":"https:\/\/ihedn.fr\/en\/wp-json\/wp\/v2\/tags?post=43682"}],"curies":[{"name":"wp","href":"https:\/\/api.w.org\/{rel}","templated":true}]}}