{"id":43883,"date":"2023-11-10T15:39:16","date_gmt":"2023-11-10T14:39:16","guid":{"rendered":"https:\/\/ihedn.fr\/?p=43883"},"modified":"2023-11-10T17:38:06","modified_gmt":"2023-11-10T16:38:06","slug":"cycle-intelligence-economique-et-strategique-a-paris","status":"publish","type":"post","link":"https:\/\/ihedn.fr\/en\/notre-actualite\/cycle-intelligence-economique-et-strategique-a-paris\/","title":{"rendered":"Business and Strategic Intelligence Cycle in Paris"},"content":{"rendered":"<div data-elementor-type=\"wp-post\" data-elementor-id=\"43883\" class=\"elementor elementor-43883\" data-elementor-post-type=\"post\">\n\t\t\t\t\t\t<section data-particle_enable=\"false\" data-particle-mobile-disabled=\"false\" class=\"elementor-section elementor-top-section elementor-element elementor-element-04fef2b elementor-section-boxed elementor-section-height-default elementor-section-height-default\" data-id=\"04fef2b\" data-element_type=\"section\" data-e-type=\"section\">\n\t\t\t\t\t\t<div class=\"elementor-container elementor-column-gap-default\">\n\t\t\t\t\t<div class=\"elementor-column elementor-col-100 elementor-top-column elementor-element elementor-element-634f261\" data-id=\"634f261\" data-element_type=\"column\" data-e-type=\"column\">\n\t\t\t<div class=\"elementor-widget-wrap elementor-element-populated\">\n\t\t\t\t\t\t<div class=\"elementor-element elementor-element-ae814b3 elementor-widget-divider--view-line elementor-widget elementor-widget-divider\" data-id=\"ae814b3\" data-element_type=\"widget\" data-e-type=\"widget\" data-widget_type=\"divider.default\">\n\t\t\t\t<div class=\"elementor-widget-container\">\n\t\t\t\t\t\t\t<div class=\"elementor-divider\">\n\t\t\t<span class=\"elementor-divider-separator\">\n\t\t\t\t\t\t<\/span>\n\t\t<\/div>\n\t\t\t\t\t\t<\/div>\n\t\t\t\t<\/div>\n\t\t\t\t<div class=\"elementor-element elementor-element-4bdf21a elementor-widget elementor-widget-text-editor\" data-id=\"4bdf21a\" data-element_type=\"widget\" data-e-type=\"widget\" data-widget_type=\"text-editor.default\">\n\t\t\t\t<div class=\"elementor-widget-container\">\n\t\t\t\t\t\t\t\t\t<p>This week saw the start of the 81st Economic and Strategic Intelligence course, which runs until 13 November at the \u00c9cole Militaire. Welcomed by Lieutenant General Beno\u00eet Durieux, Director of the IHEDN, the students will have the opportunity to meet various players in the fields of cybersecurity, influence and lobbying, as well as specialists in ethics and compliance.<\/p>\n<p>Combining lectures and committee work, the course enables students to put everything they learn into practice through practical case studies.<\/p>\n<p>On the programme:<\/p>\n<ul>\n<li>Public policy on economic security<\/li>\n<li>Information monitoring and management<\/li>\n<li>Cybersecurity and digital sovereignty<\/li>\n<li>Influence and lobbying&nbsp;<\/li>\n<\/ul>\n<div>&nbsp;<\/div>\n<p>For almost 30 years, the IHEDN has been raising awareness among public and private players of the concepts of economic intelligence, such as information sharing, influence and the knowledge economy.<\/p>\n<p>If you would like to learn more about economic security, influence or cyber security, find out about the various courses offered by the IHEDN:&nbsp; <a href=\"https:\/\/ihedn.fr\/en\/formations\/formation-intelligence-economique\/\"><span style=\"color: #0000ff;\"><em>https:\/\/ihedn.fr\/formations\/formation-intelligence-economique\/<\/em><\/span><\/a><\/p>\t\t\t\t\t\t\t\t<\/div>\n\t\t\t\t<\/div>\n\t\t\t\t\t<\/div>\n\t\t<\/div>\n\t\t\t\t\t<\/div>\n\t\t<\/section>\n\t\t\t\t<section data-particle_enable=\"false\" data-particle-mobile-disabled=\"false\" class=\"elementor-section elementor-top-section elementor-element elementor-element-19be913 elementor-section-boxed elementor-section-height-default elementor-section-height-default\" data-id=\"19be913\" data-element_type=\"section\" data-e-type=\"section\">\n\t\t\t\t\t\t<div class=\"elementor-container elementor-column-gap-default\">\n\t\t\t\t\t<div class=\"elementor-column elementor-col-100 elementor-top-column elementor-element elementor-element-b86613b\" data-id=\"b86613b\" data-element_type=\"column\" data-e-type=\"column\">\n\t\t\t<div class=\"elementor-widget-wrap\">\n\t\t\t\t\t\t\t<\/div>\n\t\t<\/div>\n\t\t\t\t\t<\/div>\n\t\t<\/section>\n\t\t\t\t<\/div>","protected":false},"excerpt":{"rendered":"<p>Cette semaine a d\u00e9but\u00e9 le 81\u00e8me cycle Intelligence \u00e9conomique et strat\u00e9gique, jusqu\u2019au 13 novembre \u00e0 l&rsquo;\u00c9cole militaire. Accueillis par le g\u00e9n\u00e9ral de corps d\u2019arm\u00e9e Beno\u00eet Durieux, directeur de l&rsquo;IHEDN, les auditeurs ont l&rsquo;opportunit\u00e9 de rencontrer diff\u00e9rents acteurs des domaines de la cybers\u00e9curit\u00e9, de l\u2019influence et du lobbying, ainsi que des sp\u00e9cialistes de l&rsquo;\u00e9thique et de [&hellip;]<\/p>\n","protected":false},"author":10,"featured_media":43884,"comment_status":"closed","ping_status":"closed","sticky":false,"template":"","format":"standard","meta":{"footnotes":""},"categories":[172],"tags":[],"class_list":["post-43883","post","type-post","status-publish","format-standard","has-post-thumbnail","hentry","category-notre-actualite"],"yoast_head":"<!-- This site is optimized with the Yoast SEO plugin v27.5 - https:\/\/yoast.com\/product\/yoast-seo-wordpress\/ -->\n<title>Cycle Intelligence \u00e9conomique et strat\u00e9gique \u00e0 Paris - L&#039;IHEDN : Institut des hautes \u00e9tudes de d\u00e9fense nationale<\/title>\n<meta name=\"description\" content=\"D\u00e9velopper une expertise strat\u00e9gique, appr\u00e9hender les enjeux d&#039;influence et du lobbying, comprendre les pratiques de la diplomatie d\u2019entreprise\u2026 Du 21 au 22 septembre, l&#039;IHEDN organise une formation en Strat\u00e9gies d&#039;influence et lobbying au sein de l&#039;\u00c9cole militaire.\" \/>\n<meta name=\"robots\" content=\"index, follow, max-snippet:-1, max-image-preview:large, max-video-preview:-1\" \/>\n<link rel=\"canonical\" href=\"https:\/\/ihedn.fr\/en\/notre-actualite\/cycle-intelligence-economique-et-strategique-a-paris\/\" \/>\n<meta property=\"og:locale\" content=\"en_GB\" \/>\n<meta property=\"og:type\" content=\"article\" \/>\n<meta property=\"og:title\" content=\"Cycle Intelligence \u00e9conomique et strat\u00e9gique \u00e0 Paris\" \/>\n<meta property=\"og:description\" content=\"Cette semaine a d\u00e9but\u00e9 le 81\u00e8me cycle Intelligence \u00e9conomique et strat\u00e9gique, jusqu\u2019au 13 novembre \u00e0 l&#039;\u00c9cole militaire.\" \/>\n<meta property=\"og:url\" content=\"https:\/\/ihedn.fr\/en\/notre-actualite\/cycle-intelligence-economique-et-strategique-a-paris\/\" \/>\n<meta property=\"og:site_name\" content=\"L&#039;IHEDN : Institut des hautes \u00e9tudes de d\u00e9fense nationale\" \/>\n<meta property=\"article:publisher\" content=\"https:\/\/www.facebook.com\/ihedn\/\" \/>\n<meta property=\"article:published_time\" content=\"2023-11-10T14:39:16+00:00\" \/>\n<meta property=\"article:modified_time\" content=\"2023-11-10T16:38:06+00:00\" \/>\n<meta property=\"og:image\" content=\"https:\/\/ihedn.fr\/wp-content\/uploads\/2023\/11\/DSC_1320-scaled.jpg\" \/>\n\t<meta property=\"og:image:width\" content=\"2560\" \/>\n\t<meta property=\"og:image:height\" content=\"1707\" \/>\n\t<meta property=\"og:image:type\" content=\"image\/jpeg\" \/>\n<meta name=\"author\" content=\"tanguy.morel@ihedn.fr\" \/>\n<meta name=\"twitter:card\" content=\"summary_large_image\" \/>\n<meta name=\"twitter:title\" content=\"Cycle Intelligence \u00e9conomique et strat\u00e9gique \u00e0 Paris\" \/>\n<meta name=\"twitter:description\" content=\"Cette semaine a d\u00e9but\u00e9 le 81\u00e8me cycle Intelligence \u00e9conomique et strat\u00e9gique, jusqu\u2019au 13 novembre \u00e0 l&#039;\u00c9cole militaire.\" \/>\n<meta name=\"twitter:image\" content=\"https:\/\/ihedn.fr\/wp-content\/uploads\/2023\/11\/DSC_1320-scaled.jpg\" \/>\n<meta name=\"twitter:creator\" content=\"@IHEDN\" \/>\n<meta name=\"twitter:site\" content=\"@IHEDN\" \/>\n<meta name=\"twitter:label1\" content=\"Written by\" \/>\n\t<meta name=\"twitter:data1\" content=\"tanguy.morel@ihedn.fr\" \/>\n\t<meta name=\"twitter:label2\" content=\"Estimated reading time\" \/>\n\t<meta name=\"twitter:data2\" content=\"1 minute\" \/>\n<script type=\"application\/ld+json\" class=\"yoast-schema-graph\">{\"@context\":\"https:\\\/\\\/schema.org\",\"@graph\":[{\"@type\":\"Article\",\"@id\":\"https:\\\/\\\/ihedn.fr\\\/notre-actualite\\\/cycle-intelligence-economique-et-strategique-a-paris\\\/#article\",\"isPartOf\":{\"@id\":\"https:\\\/\\\/ihedn.fr\\\/notre-actualite\\\/cycle-intelligence-economique-et-strategique-a-paris\\\/\"},\"author\":{\"name\":\"tanguy.morel@ihedn.fr\",\"@id\":\"https:\\\/\\\/ihedn.fr\\\/#\\\/schema\\\/person\\\/ed217a37104b27a246b200e65b827cc7\"},\"headline\":\"Cycle Intelligence \u00e9conomique et strat\u00e9gique \u00e0 Paris\",\"datePublished\":\"2023-11-10T14:39:16+00:00\",\"dateModified\":\"2023-11-10T16:38:06+00:00\",\"mainEntityOfPage\":{\"@id\":\"https:\\\/\\\/ihedn.fr\\\/notre-actualite\\\/cycle-intelligence-economique-et-strategique-a-paris\\\/\"},\"wordCount\":201,\"publisher\":{\"@id\":\"https:\\\/\\\/ihedn.fr\\\/#organization\"},\"image\":{\"@id\":\"https:\\\/\\\/ihedn.fr\\\/notre-actualite\\\/cycle-intelligence-economique-et-strategique-a-paris\\\/#primaryimage\"},\"thumbnailUrl\":\"https:\\\/\\\/ihedn.fr\\\/wp-content\\\/uploads\\\/2023\\\/11\\\/DSC_1320-scaled.jpg\",\"articleSection\":[\"Notre actualit\u00e9\"],\"inLanguage\":\"en-GB\"},{\"@type\":\"WebPage\",\"@id\":\"https:\\\/\\\/ihedn.fr\\\/notre-actualite\\\/cycle-intelligence-economique-et-strategique-a-paris\\\/\",\"url\":\"https:\\\/\\\/ihedn.fr\\\/notre-actualite\\\/cycle-intelligence-economique-et-strategique-a-paris\\\/\",\"name\":\"Cycle Intelligence \u00e9conomique et strat\u00e9gique \u00e0 Paris - L&#039;IHEDN : Institut des hautes \u00e9tudes de d\u00e9fense nationale\",\"isPartOf\":{\"@id\":\"https:\\\/\\\/ihedn.fr\\\/#website\"},\"primaryImageOfPage\":{\"@id\":\"https:\\\/\\\/ihedn.fr\\\/notre-actualite\\\/cycle-intelligence-economique-et-strategique-a-paris\\\/#primaryimage\"},\"image\":{\"@id\":\"https:\\\/\\\/ihedn.fr\\\/notre-actualite\\\/cycle-intelligence-economique-et-strategique-a-paris\\\/#primaryimage\"},\"thumbnailUrl\":\"https:\\\/\\\/ihedn.fr\\\/wp-content\\\/uploads\\\/2023\\\/11\\\/DSC_1320-scaled.jpg\",\"datePublished\":\"2023-11-10T14:39:16+00:00\",\"dateModified\":\"2023-11-10T16:38:06+00:00\",\"description\":\"D\u00e9velopper une expertise strat\u00e9gique, appr\u00e9hender les enjeux d'influence et du lobbying, comprendre les pratiques de la diplomatie d\u2019entreprise\u2026 Du 21 au 22 septembre, l'IHEDN organise une formation en Strat\u00e9gies d'influence et lobbying au sein de l'\u00c9cole militaire.\",\"breadcrumb\":{\"@id\":\"https:\\\/\\\/ihedn.fr\\\/notre-actualite\\\/cycle-intelligence-economique-et-strategique-a-paris\\\/#breadcrumb\"},\"inLanguage\":\"en-GB\",\"potentialAction\":[{\"@type\":\"ReadAction\",\"target\":[\"https:\\\/\\\/ihedn.fr\\\/notre-actualite\\\/cycle-intelligence-economique-et-strategique-a-paris\\\/\"]}]},{\"@type\":\"ImageObject\",\"inLanguage\":\"en-GB\",\"@id\":\"https:\\\/\\\/ihedn.fr\\\/notre-actualite\\\/cycle-intelligence-economique-et-strategique-a-paris\\\/#primaryimage\",\"url\":\"https:\\\/\\\/ihedn.fr\\\/wp-content\\\/uploads\\\/2023\\\/11\\\/DSC_1320-scaled.jpg\",\"contentUrl\":\"https:\\\/\\\/ihedn.fr\\\/wp-content\\\/uploads\\\/2023\\\/11\\\/DSC_1320-scaled.jpg\",\"width\":2560,\"height\":1707},{\"@type\":\"BreadcrumbList\",\"@id\":\"https:\\\/\\\/ihedn.fr\\\/notre-actualite\\\/cycle-intelligence-economique-et-strategique-a-paris\\\/#breadcrumb\",\"itemListElement\":[{\"@type\":\"ListItem\",\"position\":1,\"name\":\"Accueil\",\"item\":\"https:\\\/\\\/ihedn.fr\\\/\"},{\"@type\":\"ListItem\",\"position\":2,\"name\":\"Cycle Intelligence \u00e9conomique et strat\u00e9gique \u00e0 Paris\"}]},{\"@type\":\"WebSite\",\"@id\":\"https:\\\/\\\/ihedn.fr\\\/#website\",\"url\":\"https:\\\/\\\/ihedn.fr\\\/\",\"name\":\"IHEDN : Institut des hautes \u00e9tudes de d\u00e9fense nationale |\",\"description\":\"Site officiel de l&#039;IHEDN plac\u00e9 sous la tutelle du Premier ministre.\",\"publisher\":{\"@id\":\"https:\\\/\\\/ihedn.fr\\\/#organization\"},\"potentialAction\":[{\"@type\":\"SearchAction\",\"target\":{\"@type\":\"EntryPoint\",\"urlTemplate\":\"https:\\\/\\\/ihedn.fr\\\/?s={search_term_string}\"},\"query-input\":{\"@type\":\"PropertyValueSpecification\",\"valueRequired\":true,\"valueName\":\"search_term_string\"}}],\"inLanguage\":\"en-GB\"},{\"@type\":\"Organization\",\"@id\":\"https:\\\/\\\/ihedn.fr\\\/#organization\",\"name\":\"IHEDN - Institut des Hautes Etudes de D\u00e9fense Nationale\",\"url\":\"https:\\\/\\\/ihedn.fr\\\/\",\"logo\":{\"@type\":\"ImageObject\",\"inLanguage\":\"en-GB\",\"@id\":\"https:\\\/\\\/ihedn.fr\\\/#\\\/schema\\\/logo\\\/image\\\/\",\"url\":\"https:\\\/\\\/ihedn.fr\\\/wp-content\\\/uploads\\\/2020\\\/11\\\/BLOC_RF_IHEDN_WEB.png\",\"contentUrl\":\"https:\\\/\\\/ihedn.fr\\\/wp-content\\\/uploads\\\/2020\\\/11\\\/BLOC_RF_IHEDN_WEB.png\",\"width\":500,\"height\":237,\"caption\":\"IHEDN - Institut des Hautes Etudes de D\u00e9fense Nationale\"},\"image\":{\"@id\":\"https:\\\/\\\/ihedn.fr\\\/#\\\/schema\\\/logo\\\/image\\\/\"},\"sameAs\":[\"https:\\\/\\\/www.facebook.com\\\/ihedn\\\/\",\"https:\\\/\\\/x.com\\\/IHEDN\",\"https:\\\/\\\/www.instagram.com\\\/ihedn\\\/\",\"https:\\\/\\\/www.linkedin.com\\\/school\\\/ihedn\\\/\",\"https:\\\/\\\/fr.wikipedia.org\\\/wiki\\\/Institut_des_hautes_\u00e9tudes_de_D\u00e9fense_nationale\"]},{\"@type\":\"Person\",\"@id\":\"https:\\\/\\\/ihedn.fr\\\/#\\\/schema\\\/person\\\/ed217a37104b27a246b200e65b827cc7\",\"name\":\"tanguy.morel@ihedn.fr\",\"image\":{\"@type\":\"ImageObject\",\"inLanguage\":\"en-GB\",\"@id\":\"https:\\\/\\\/secure.gravatar.com\\\/avatar\\\/36877cd30919fafddf1f9da45f4154aa468a64328452f2ceaff0968772207348?s=96&d=mm&r=g\",\"url\":\"https:\\\/\\\/secure.gravatar.com\\\/avatar\\\/36877cd30919fafddf1f9da45f4154aa468a64328452f2ceaff0968772207348?s=96&d=mm&r=g\",\"contentUrl\":\"https:\\\/\\\/secure.gravatar.com\\\/avatar\\\/36877cd30919fafddf1f9da45f4154aa468a64328452f2ceaff0968772207348?s=96&d=mm&r=g\",\"caption\":\"tanguy.morel@ihedn.fr\"},\"url\":\"https:\\\/\\\/ihedn.fr\\\/en\\\/author\\\/tanguy-morelihedn-fr\\\/\"}]}<\/script>\n<!-- \/ Yoast SEO plugin. -->","yoast_head_json":{"title":"Economic and Strategic Intelligence Cycle in Paris - IHEDN: Institut des hautes \u00e9tudes de d\u00e9fense nationale (French Institute for Higher National Defence Studies)","description":"Developing strategic expertise, understanding the challenges of influence and lobbying, understanding the practices of corporate diplomacy... From 21 to 22 September, the IHEDN is organising a training course in Strategies of Influence and Lobbying at the \u00c9cole Militaire.","robots":{"index":"index","follow":"follow","max-snippet":"max-snippet:-1","max-image-preview":"max-image-preview:large","max-video-preview":"max-video-preview:-1"},"canonical":"https:\/\/ihedn.fr\/en\/notre-actualite\/cycle-intelligence-economique-et-strategique-a-paris\/","og_locale":"en_GB","og_type":"article","og_title":"Cycle Intelligence \u00e9conomique et strat\u00e9gique \u00e0 Paris","og_description":"Cette semaine a d\u00e9but\u00e9 le 81\u00e8me cycle Intelligence \u00e9conomique et strat\u00e9gique, jusqu\u2019au 13 novembre \u00e0 l'\u00c9cole militaire.","og_url":"https:\/\/ihedn.fr\/en\/notre-actualite\/cycle-intelligence-economique-et-strategique-a-paris\/","og_site_name":"L&#039;IHEDN : Institut des hautes \u00e9tudes de d\u00e9fense nationale","article_publisher":"https:\/\/www.facebook.com\/ihedn\/","article_published_time":"2023-11-10T14:39:16+00:00","article_modified_time":"2023-11-10T16:38:06+00:00","og_image":[{"width":2560,"height":1707,"url":"https:\/\/ihedn.fr\/wp-content\/uploads\/2023\/11\/DSC_1320-scaled.jpg","type":"image\/jpeg"}],"author":"tanguy.morel@ihedn.fr","twitter_card":"summary_large_image","twitter_title":"Cycle Intelligence \u00e9conomique et strat\u00e9gique \u00e0 Paris","twitter_description":"Cette semaine a d\u00e9but\u00e9 le 81\u00e8me cycle Intelligence \u00e9conomique et strat\u00e9gique, jusqu\u2019au 13 novembre \u00e0 l'\u00c9cole militaire.","twitter_image":"https:\/\/ihedn.fr\/wp-content\/uploads\/2023\/11\/DSC_1320-scaled.jpg","twitter_creator":"@IHEDN","twitter_site":"@IHEDN","twitter_misc":{"Written by":"tanguy.morel@ihedn.fr","Estimated reading time":"1 minute"},"schema":{"@context":"https:\/\/schema.org","@graph":[{"@type":"Article","@id":"https:\/\/ihedn.fr\/notre-actualite\/cycle-intelligence-economique-et-strategique-a-paris\/#article","isPartOf":{"@id":"https:\/\/ihedn.fr\/notre-actualite\/cycle-intelligence-economique-et-strategique-a-paris\/"},"author":{"name":"tanguy.morel@ihedn.fr","@id":"https:\/\/ihedn.fr\/#\/schema\/person\/ed217a37104b27a246b200e65b827cc7"},"headline":"Cycle Intelligence \u00e9conomique et strat\u00e9gique \u00e0 Paris","datePublished":"2023-11-10T14:39:16+00:00","dateModified":"2023-11-10T16:38:06+00:00","mainEntityOfPage":{"@id":"https:\/\/ihedn.fr\/notre-actualite\/cycle-intelligence-economique-et-strategique-a-paris\/"},"wordCount":201,"publisher":{"@id":"https:\/\/ihedn.fr\/#organization"},"image":{"@id":"https:\/\/ihedn.fr\/notre-actualite\/cycle-intelligence-economique-et-strategique-a-paris\/#primaryimage"},"thumbnailUrl":"https:\/\/ihedn.fr\/wp-content\/uploads\/2023\/11\/DSC_1320-scaled.jpg","articleSection":["Notre actualit\u00e9"],"inLanguage":"en-GB"},{"@type":"WebPage","@id":"https:\/\/ihedn.fr\/notre-actualite\/cycle-intelligence-economique-et-strategique-a-paris\/","url":"https:\/\/ihedn.fr\/notre-actualite\/cycle-intelligence-economique-et-strategique-a-paris\/","name":"Economic and Strategic Intelligence Cycle in Paris - IHEDN: Institut des hautes \u00e9tudes de d\u00e9fense nationale (French Institute for Higher National Defence Studies)","isPartOf":{"@id":"https:\/\/ihedn.fr\/#website"},"primaryImageOfPage":{"@id":"https:\/\/ihedn.fr\/notre-actualite\/cycle-intelligence-economique-et-strategique-a-paris\/#primaryimage"},"image":{"@id":"https:\/\/ihedn.fr\/notre-actualite\/cycle-intelligence-economique-et-strategique-a-paris\/#primaryimage"},"thumbnailUrl":"https:\/\/ihedn.fr\/wp-content\/uploads\/2023\/11\/DSC_1320-scaled.jpg","datePublished":"2023-11-10T14:39:16+00:00","dateModified":"2023-11-10T16:38:06+00:00","description":"Developing strategic expertise, understanding the challenges of influence and lobbying, understanding the practices of corporate diplomacy... From 21 to 22 September, the IHEDN is organising a training course in Strategies of Influence and Lobbying at the \u00c9cole Militaire.","breadcrumb":{"@id":"https:\/\/ihedn.fr\/notre-actualite\/cycle-intelligence-economique-et-strategique-a-paris\/#breadcrumb"},"inLanguage":"en-GB","potentialAction":[{"@type":"ReadAction","target":["https:\/\/ihedn.fr\/notre-actualite\/cycle-intelligence-economique-et-strategique-a-paris\/"]}]},{"@type":"ImageObject","inLanguage":"en-GB","@id":"https:\/\/ihedn.fr\/notre-actualite\/cycle-intelligence-economique-et-strategique-a-paris\/#primaryimage","url":"https:\/\/ihedn.fr\/wp-content\/uploads\/2023\/11\/DSC_1320-scaled.jpg","contentUrl":"https:\/\/ihedn.fr\/wp-content\/uploads\/2023\/11\/DSC_1320-scaled.jpg","width":2560,"height":1707},{"@type":"BreadcrumbList","@id":"https:\/\/ihedn.fr\/notre-actualite\/cycle-intelligence-economique-et-strategique-a-paris\/#breadcrumb","itemListElement":[{"@type":"ListItem","position":1,"name":"Accueil","item":"https:\/\/ihedn.fr\/"},{"@type":"ListItem","position":2,"name":"Cycle Intelligence \u00e9conomique et strat\u00e9gique \u00e0 Paris"}]},{"@type":"WebSite","@id":"https:\/\/ihedn.fr\/#website","url":"https:\/\/ihedn.fr\/","name":"IHEDN: Institut des hautes \u00e9tudes de d\u00e9fense nationale (Institute for Higher National Defence Studies)","description":"Official website of the IHEDN under the supervision of the Prime Minister.","publisher":{"@id":"https:\/\/ihedn.fr\/#organization"},"potentialAction":[{"@type":"SearchAction","target":{"@type":"EntryPoint","urlTemplate":"https:\/\/ihedn.fr\/?s={search_term_string}"},"query-input":{"@type":"PropertyValueSpecification","valueRequired":true,"valueName":"search_term_string"}}],"inLanguage":"en-GB"},{"@type":"Organization","@id":"https:\/\/ihedn.fr\/#organization","name":"IHEDN - Institute for Higher National Defence Studies","url":"https:\/\/ihedn.fr\/","logo":{"@type":"ImageObject","inLanguage":"en-GB","@id":"https:\/\/ihedn.fr\/#\/schema\/logo\/image\/","url":"https:\/\/ihedn.fr\/wp-content\/uploads\/2020\/11\/BLOC_RF_IHEDN_WEB.png","contentUrl":"https:\/\/ihedn.fr\/wp-content\/uploads\/2020\/11\/BLOC_RF_IHEDN_WEB.png","width":500,"height":237,"caption":"IHEDN - Institut des Hautes Etudes de D\u00e9fense Nationale"},"image":{"@id":"https:\/\/ihedn.fr\/#\/schema\/logo\/image\/"},"sameAs":["https:\/\/www.facebook.com\/ihedn\/","https:\/\/x.com\/IHEDN","https:\/\/www.instagram.com\/ihedn\/","https:\/\/www.linkedin.com\/school\/ihedn\/","https:\/\/fr.wikipedia.org\/wiki\/Institut_des_hautes_\u00e9tudes_de_D\u00e9fense_nationale"]},{"@type":"Person","@id":"https:\/\/ihedn.fr\/#\/schema\/person\/ed217a37104b27a246b200e65b827cc7","name":"tanguy.morel@ihedn.fr","image":{"@type":"ImageObject","inLanguage":"en-GB","@id":"https:\/\/secure.gravatar.com\/avatar\/36877cd30919fafddf1f9da45f4154aa468a64328452f2ceaff0968772207348?s=96&d=mm&r=g","url":"https:\/\/secure.gravatar.com\/avatar\/36877cd30919fafddf1f9da45f4154aa468a64328452f2ceaff0968772207348?s=96&d=mm&r=g","contentUrl":"https:\/\/secure.gravatar.com\/avatar\/36877cd30919fafddf1f9da45f4154aa468a64328452f2ceaff0968772207348?s=96&d=mm&r=g","caption":"tanguy.morel@ihedn.fr"},"url":"https:\/\/ihedn.fr\/en\/author\/tanguy-morelihedn-fr\/"}]}},"publishpress_future_action":{"enabled":false,"date":"2026-05-09 04:29:34","action":"change-status","newStatus":"draft","terms":[],"taxonomy":"category","extraData":[]},"publishpress_future_workflow_manual_trigger":{"enabledWorkflows":[]},"_links":{"self":[{"href":"https:\/\/ihedn.fr\/en\/wp-json\/wp\/v2\/posts\/43883","targetHints":{"allow":["GET"]}}],"collection":[{"href":"https:\/\/ihedn.fr\/en\/wp-json\/wp\/v2\/posts"}],"about":[{"href":"https:\/\/ihedn.fr\/en\/wp-json\/wp\/v2\/types\/post"}],"author":[{"embeddable":true,"href":"https:\/\/ihedn.fr\/en\/wp-json\/wp\/v2\/users\/10"}],"replies":[{"embeddable":true,"href":"https:\/\/ihedn.fr\/en\/wp-json\/wp\/v2\/comments?post=43883"}],"version-history":[{"count":16,"href":"https:\/\/ihedn.fr\/en\/wp-json\/wp\/v2\/posts\/43883\/revisions"}],"predecessor-version":[{"id":43931,"href":"https:\/\/ihedn.fr\/en\/wp-json\/wp\/v2\/posts\/43883\/revisions\/43931"}],"wp:featuredmedia":[{"embeddable":true,"href":"https:\/\/ihedn.fr\/en\/wp-json\/wp\/v2\/media\/43884"}],"wp:attachment":[{"href":"https:\/\/ihedn.fr\/en\/wp-json\/wp\/v2\/media?parent=43883"}],"wp:term":[{"taxonomy":"category","embeddable":true,"href":"https:\/\/ihedn.fr\/en\/wp-json\/wp\/v2\/categories?post=43883"},{"taxonomy":"post_tag","embeddable":true,"href":"https:\/\/ihedn.fr\/en\/wp-json\/wp\/v2\/tags?post=43883"}],"curies":[{"name":"wp","href":"https:\/\/api.w.org\/{rel}","templated":true}]}}