{"id":43922,"date":"2023-11-13T17:56:37","date_gmt":"2023-11-13T16:56:37","guid":{"rendered":"https:\/\/ihedn.fr\/?p=43922"},"modified":"2025-09-05T08:45:43","modified_gmt":"2025-09-05T07:45:43","slug":"quatre-occasions-pour-decrypter-un-monde-en-recomposition","status":"publish","type":"post","link":"https:\/\/ihedn.fr\/en\/notre-selection\/quatre-occasions-pour-decrypter-un-monde-en-recomposition\/","title":{"rendered":"Four opportunities to decipher a changing world"},"content":{"rendered":"<div data-elementor-type=\"wp-post\" data-elementor-id=\"43922\" class=\"elementor elementor-43922\" data-elementor-post-type=\"post\">\n\t\t\t\t\t\t<section data-particle_enable=\"false\" data-particle-mobile-disabled=\"false\" class=\"elementor-section elementor-top-section elementor-element elementor-element-04fef2b elementor-section-boxed elementor-section-height-default elementor-section-height-default\" data-id=\"04fef2b\" data-element_type=\"section\" data-e-type=\"section\">\n\t\t\t\t\t\t<div class=\"elementor-container elementor-column-gap-default\">\n\t\t\t\t\t<div class=\"elementor-column elementor-col-100 elementor-top-column elementor-element elementor-element-634f261\" data-id=\"634f261\" data-element_type=\"column\" data-e-type=\"column\">\n\t\t\t<div class=\"elementor-widget-wrap elementor-element-populated\">\n\t\t\t\t\t\t<div class=\"elementor-element elementor-element-4bdf21a elementor-widget__width-initial elementor-widget elementor-widget-text-editor\" data-id=\"4bdf21a\" data-element_type=\"widget\" data-e-type=\"widget\" data-widget_type=\"text-editor.default\">\n\t\t\t\t<div class=\"elementor-widget-container\">\n\t\t\t\t\t\t\t\t\t<p style=\"text-align: left;\">It will have escaped no-one's notice that over the last few years, our world has been reshaping on all fronts: strategic, technological, geopolitical... True to its maxim, \"understanding in order to act, understanding in order to act together\", the IHEDN is organising four forthcoming events at the \u00c9cole Militaire, each in its own field, to help decipher these upheavals.<\/p>\t\t\t\t\t\t\t\t<\/div>\n\t\t\t\t<\/div>\n\t\t\t\t\t<\/div>\n\t\t<\/div>\n\t\t\t\t\t<\/div>\n\t\t<\/section>\n\t\t\t\t<section data-particle_enable=\"false\" data-particle-mobile-disabled=\"false\" class=\"elementor-section elementor-top-section elementor-element elementor-element-90cf80c elementor-section-boxed elementor-section-height-default elementor-section-height-default\" data-id=\"90cf80c\" data-element_type=\"section\" data-e-type=\"section\">\n\t\t\t\t\t\t<div class=\"elementor-container elementor-column-gap-default\">\n\t\t\t\t\t<div class=\"elementor-column elementor-col-100 elementor-top-column elementor-element elementor-element-0cec92e\" data-id=\"0cec92e\" data-element_type=\"column\" data-e-type=\"column\">\n\t\t\t<div class=\"elementor-widget-wrap elementor-element-populated\">\n\t\t\t\t\t\t<div class=\"elementor-element elementor-element-ee7a256 elementor-widget elementor-widget-heading\" data-id=\"ee7a256\" data-element_type=\"widget\" data-e-type=\"widget\" data-widget_type=\"heading.default\">\n\t\t\t\t<div class=\"elementor-widget-container\">\n\t\t\t\t\t<h2 class=\"elementor-heading-title elementor-size-default\">23 NOVEMBER: DISINFORMATION, CYBER ATTACKS... THE INVISIBLE WARS<\/h2>\t\t\t\t<\/div>\n\t\t\t\t<\/div>\n\t\t\t\t<div class=\"elementor-element elementor-element-018b02d elementor-widget-divider--view-line elementor-widget elementor-widget-divider\" data-id=\"018b02d\" data-element_type=\"widget\" data-e-type=\"widget\" data-widget_type=\"divider.default\">\n\t\t\t\t<div class=\"elementor-widget-container\">\n\t\t\t\t\t\t\t<div class=\"elementor-divider\">\n\t\t\t<span class=\"elementor-divider-separator\">\n\t\t\t\t\t\t<\/span>\n\t\t<\/div>\n\t\t\t\t\t\t<\/div>\n\t\t\t\t<\/div>\n\t\t\t\t\t<\/div>\n\t\t<\/div>\n\t\t\t\t\t<\/div>\n\t\t<\/section>\n\t\t\t\t<section data-particle_enable=\"false\" data-particle-mobile-disabled=\"false\" class=\"elementor-section elementor-top-section elementor-element elementor-element-16bfdc8 elementor-section-boxed elementor-section-height-default elementor-section-height-default\" data-id=\"16bfdc8\" data-element_type=\"section\" data-e-type=\"section\">\n\t\t\t\t\t\t<div class=\"elementor-container elementor-column-gap-default\">\n\t\t\t\t\t<div class=\"elementor-column elementor-col-100 elementor-top-column elementor-element elementor-element-bb2a3a7\" data-id=\"bb2a3a7\" data-element_type=\"column\" data-e-type=\"column\">\n\t\t\t<div class=\"elementor-widget-wrap elementor-element-populated\">\n\t\t\t\t\t\t<div class=\"elementor-element elementor-element-b6acd66 elementor-widget elementor-widget-text-editor\" data-id=\"b6acd66\" data-element_type=\"widget\" data-e-type=\"widget\" data-widget_type=\"text-editor.default\">\n\t\t\t\t<div class=\"elementor-widget-container\">\n\t\t\t\t\t\t\t\t\t<p style=\"text-align: left;\">On 23 November at 6.30pm, diplomat Nathalie Loiseau will present her book \"La guerre qu'on ne voit pas venir\" (published by L'Observatoire) as part of a strategic debate. Minister for European Affairs from 2017 to 2019, former director of ENA and now a Member of the European Parliament, the author looks at the invisible threats facing Western democracies today.<\/p><p style=\"text-align: left;\">Disinformation campaigns, cyber attacks and interference in election campaigns and political life have multiplied exponentially in recent years. Disseminated by means of fake news and legions of trolls, the infox now touches on everything from Covid to women's and minority rights, via the war in Ukraine. European democracies are being harassed, criticised and slandered, so that their foundations are shaking and their influence is waning.<\/p><p style=\"text-align: left;\">How can we win these invisible wars and defend democratic values? These are the questions that Nathalie Loiseau seeks to answer in her book, which focuses on Vladimir Putin and contemporary Russia, but also on China and Turkey.<\/p>\t\t\t\t\t\t\t\t<\/div>\n\t\t\t\t<\/div>\n\t\t\t\t<section data-particle_enable=\"false\" data-particle-mobile-disabled=\"false\" class=\"elementor-section elementor-inner-section elementor-element elementor-element-798f332 elementor-section-boxed elementor-section-height-default elementor-section-height-default\" data-id=\"798f332\" data-element_type=\"section\" data-e-type=\"section\">\n\t\t\t\t\t\t<div class=\"elementor-container elementor-column-gap-default\">\n\t\t\t\t\t<div class=\"elementor-column elementor-col-50 elementor-inner-column elementor-element elementor-element-a636afb\" data-id=\"a636afb\" data-element_type=\"column\" data-e-type=\"column\">\n\t\t\t<div class=\"elementor-widget-wrap elementor-element-populated\">\n\t\t\t\t\t\t<div class=\"elementor-element elementor-element-25eac0e elementor-widget elementor-widget-text-editor\" data-id=\"25eac0e\" data-element_type=\"widget\" data-e-type=\"widget\" data-widget_type=\"text-editor.default\">\n\t\t\t\t<div class=\"elementor-widget-container\">\n\t\t\t\t\t\t\t\t\t<p>To follow the debate <strong>at<\/strong> <strong>face-to-face<\/strong>Please register below.<\/p>\t\t\t\t\t\t\t\t<\/div>\n\t\t\t\t<\/div>\n\t\t\t\t<div class=\"elementor-element elementor-element-9bd4968 elementor-align-left elementor-widget__width-initial elementor-widget elementor-widget-button\" data-id=\"9bd4968\" data-element_type=\"widget\" data-e-type=\"widget\" data-widget_type=\"button.default\">\n\t\t\t\t<div class=\"elementor-widget-container\">\n\t\t\t\t\t\t\t\t\t<div class=\"elementor-button-wrapper\">\n\t\t\t\t\t<a class=\"elementor-button elementor-button-link elementor-size-xs\" href=\"https:\/\/www.paris-ecole-militaire.fr\/fr\/forms\/debatstrategique23\">\n\t\t\t\t\t\t<span class=\"elementor-button-content-wrapper\">\n\t\t\t\t\t\t\t\t\t<span class=\"elementor-button-text\">Registration<\/span>\n\t\t\t\t\t<\/span>\n\t\t\t\t\t<\/a>\n\t\t\t\t<\/div>\n\t\t\t\t\t\t\t\t<\/div>\n\t\t\t\t<\/div>\n\t\t\t\t\t<\/div>\n\t\t<\/div>\n\t\t\t\t<div class=\"elementor-column elementor-col-50 elementor-inner-column elementor-element elementor-element-296af5e\" data-id=\"296af5e\" data-element_type=\"column\" data-e-type=\"column\">\n\t\t\t<div class=\"elementor-widget-wrap elementor-element-populated\">\n\t\t\t\t\t\t<div class=\"elementor-element elementor-element-23fd930 elementor-widget elementor-widget-text-editor\" data-id=\"23fd930\" data-element_type=\"widget\" data-e-type=\"widget\" data-widget_type=\"text-editor.default\">\n\t\t\t\t<div class=\"elementor-widget-container\">\n\t\t\t\t\t\t\t\t\t<p>It will be possible to follow the debate <b>live<\/b> below.<\/p>\t\t\t\t\t\t\t\t<\/div>\n\t\t\t\t<\/div>\n\t\t\t\t<div class=\"elementor-element elementor-element-8158ee2 elementor-widget elementor-widget-video\" data-id=\"8158ee2\" data-element_type=\"widget\" data-e-type=\"widget\" data-settings=\"{&quot;youtube_url&quot;:&quot;https:\\\/\\\/www.youtube.com\\\/watch?v=u0uOs-j1JLg&amp;ab_channel=IHEDN&quot;,&quot;video_type&quot;:&quot;youtube&quot;,&quot;controls&quot;:&quot;yes&quot;}\" data-widget_type=\"video.default\">\n\t\t\t\t<div class=\"elementor-widget-container\">\n\t\t\t\t\t\t\t<div class=\"elementor-wrapper elementor-open-inline\">\n\t\t\t<div class=\"elementor-video\"><\/div>\t\t<\/div>\n\t\t\t\t\t\t<\/div>\n\t\t\t\t<\/div>\n\t\t\t\t\t<\/div>\n\t\t<\/div>\n\t\t\t\t\t<\/div>\n\t\t<\/section>\n\t\t\t\t\t<\/div>\n\t\t<\/div>\n\t\t\t\t\t<\/div>\n\t\t<\/section>\n\t\t\t\t<section data-particle_enable=\"false\" data-particle-mobile-disabled=\"false\" class=\"elementor-section elementor-top-section elementor-element elementor-element-19be913 elementor-section-boxed elementor-section-height-default elementor-section-height-default\" data-id=\"19be913\" data-element_type=\"section\" data-e-type=\"section\">\n\t\t\t\t\t\t<div class=\"elementor-container elementor-column-gap-default\">\n\t\t\t\t\t<div class=\"elementor-column elementor-col-100 elementor-top-column elementor-element elementor-element-b86613b\" data-id=\"b86613b\" data-element_type=\"column\" data-e-type=\"column\">\n\t\t\t<div class=\"elementor-widget-wrap elementor-element-populated\">\n\t\t\t\t\t\t<div class=\"elementor-element elementor-element-b8fb3c7 elementor-widget elementor-widget-heading\" data-id=\"b8fb3c7\" data-element_type=\"widget\" data-e-type=\"widget\" data-widget_type=\"heading.default\">\n\t\t\t\t<div class=\"elementor-widget-container\">\n\t\t\t\t\t<h2 class=\"elementor-heading-title elementor-size-default\">4 DECEMBER: ARE VLADIMIR POUTINE, BACHAR EL ASSAD AND KIM JONG-UN UNACCEPTABLE?<\/h2>\t\t\t\t<\/div>\n\t\t\t\t<\/div>\n\t\t\t\t<div class=\"elementor-element elementor-element-ae814b3 elementor-widget-divider--view-line elementor-widget elementor-widget-divider\" data-id=\"ae814b3\" data-element_type=\"widget\" data-e-type=\"widget\" data-widget_type=\"divider.default\">\n\t\t\t\t<div class=\"elementor-widget-container\">\n\t\t\t\t\t\t\t<div class=\"elementor-divider\">\n\t\t\t<span class=\"elementor-divider-separator\">\n\t\t\t\t\t\t<\/span>\n\t\t<\/div>\n\t\t\t\t\t\t<\/div>\n\t\t\t\t<\/div>\n\t\t\t\t\t<\/div>\n\t\t<\/div>\n\t\t\t\t\t<\/div>\n\t\t<\/section>\n\t\t\t\t<section data-particle_enable=\"false\" data-particle-mobile-disabled=\"false\" class=\"elementor-section elementor-top-section elementor-element elementor-element-c26f458 elementor-section-boxed elementor-section-height-default elementor-section-height-default\" data-id=\"c26f458\" data-element_type=\"section\" data-e-type=\"section\">\n\t\t\t\t\t\t<div class=\"elementor-container elementor-column-gap-default\">\n\t\t\t\t\t<div class=\"elementor-column elementor-col-100 elementor-top-column elementor-element elementor-element-ecef182\" data-id=\"ecef182\" data-element_type=\"column\" data-e-type=\"column\">\n\t\t\t<div class=\"elementor-widget-wrap elementor-element-populated\">\n\t\t\t\t\t\t<div class=\"elementor-element elementor-element-a324cfd elementor-widget elementor-widget-text-editor\" data-id=\"a324cfd\" data-element_type=\"widget\" data-e-type=\"widget\" data-widget_type=\"text-editor.default\">\n\t\t\t\t<div class=\"elementor-widget-container\">\n\t\t\t\t\t\t\t\t\t<p style=\"text-align: left;\">4 December at 6.30pm<strong>, <\/strong>Manon-Nour Tannous and Jean-Pierre Bat will be presenting the book Fr\u00e9quenter les infr\u00e9quentables (published by Biblis), edited by Manon-Nour Tannous, as part of a strategic debate.<\/p><p style=\"text-align: left;\">Manon-Nour Tannous has a doctorate in international relations and is a lecturer at the University of Reims Champagne Ardenne. She is an associate researcher at the Coll\u00e8ge de France (Chair of Contemporary History of the Arab World) and at the University of Paris 2 (Thucydides Centre), as well as editor-in-chief of the journal Mondes arabes. Jean-Pierre Bat is an associate professor and doctor of history, specialising in Central Africa and French decolonisation policy, and is a researcher affiliated to the CNRS.<\/p><p style=\"text-align: left;\">Should we talk to Vladimir Putin? Negotiate with Bashar al-Assad? Compromise with Kim Jong-Un? These are the questions the authors attempt to answer. Using a number of examples from contemporary history, they introduce the criteria for 'associability': embodiment of the State, representation of the people, respect for human rights, etc. Going back over the dilemmas of diplomacy and the relationship with the Other, the researchers highlight the fact that, like any discursive strategy, labelling produces effects (both material and symbolic costs).<\/p>\t\t\t\t\t\t\t\t<\/div>\n\t\t\t\t<\/div>\n\t\t\t\t\t<\/div>\n\t\t<\/div>\n\t\t\t\t\t<\/div>\n\t\t<\/section>\n\t\t\t\t<section data-particle_enable=\"false\" data-particle-mobile-disabled=\"false\" class=\"elementor-section elementor-top-section elementor-element elementor-element-e7895f4 elementor-section-boxed elementor-section-height-default elementor-section-height-default\" data-id=\"e7895f4\" data-element_type=\"section\" data-e-type=\"section\">\n\t\t\t\t\t\t<div class=\"elementor-container elementor-column-gap-default\">\n\t\t\t\t\t<div class=\"elementor-column elementor-col-100 elementor-top-column elementor-element elementor-element-8c0b275\" data-id=\"8c0b275\" data-element_type=\"column\" data-e-type=\"column\">\n\t\t\t<div class=\"elementor-widget-wrap elementor-element-populated\">\n\t\t\t\t\t\t<div class=\"elementor-element elementor-element-023feeb elementor-widget elementor-widget-heading\" data-id=\"023feeb\" data-element_type=\"widget\" data-e-type=\"widget\" data-widget_type=\"heading.default\">\n\t\t\t\t<div class=\"elementor-widget-container\">\n\t\t\t\t\t<h2 class=\"elementor-heading-title elementor-size-default\">7 DECEMBER: LAUNCH OF THE NATIONAL DEFENCE YEAR<\/h2>\t\t\t\t<\/div>\n\t\t\t\t<\/div>\n\t\t\t\t<div class=\"elementor-element elementor-element-68ca4c8 elementor-widget-divider--view-line elementor-widget elementor-widget-divider\" data-id=\"68ca4c8\" data-element_type=\"widget\" data-e-type=\"widget\" data-widget_type=\"divider.default\">\n\t\t\t\t<div class=\"elementor-widget-container\">\n\t\t\t\t\t\t\t<div class=\"elementor-divider\">\n\t\t\t<span class=\"elementor-divider-separator\">\n\t\t\t\t\t\t<\/span>\n\t\t<\/div>\n\t\t\t\t\t\t<\/div>\n\t\t\t\t<\/div>\n\t\t\t\t\t<\/div>\n\t\t<\/div>\n\t\t\t\t\t<\/div>\n\t\t<\/section>\n\t\t\t\t<section data-particle_enable=\"false\" data-particle-mobile-disabled=\"false\" class=\"elementor-section elementor-top-section elementor-element elementor-element-93d3a2b elementor-section-boxed elementor-section-height-default elementor-section-height-default\" data-id=\"93d3a2b\" data-element_type=\"section\" data-e-type=\"section\">\n\t\t\t\t\t\t<div class=\"elementor-container elementor-column-gap-default\">\n\t\t\t\t\t<div class=\"elementor-column elementor-col-100 elementor-top-column elementor-element elementor-element-275fcb0\" data-id=\"275fcb0\" data-element_type=\"column\" data-e-type=\"column\">\n\t\t\t<div class=\"elementor-widget-wrap elementor-element-populated\">\n\t\t\t\t\t\t<div class=\"elementor-element elementor-element-7dfb8e2 elementor-widget elementor-widget-text-editor\" data-id=\"7dfb8e2\" data-element_type=\"widget\" data-e-type=\"widget\" data-widget_type=\"text-editor.default\">\n\t\t\t\t<div class=\"elementor-widget-container\">\n\t\t\t\t\t\t\t\t\t<p style=\"text-align: left;\">On 7 December at 7pm, the IHEDN and the government's Legal and Administrative Information Directorate (DILA) will be presenting the first edition of the<em>National Defence Year<\/em>.<\/p><p style=\"text-align: left;\">The resurgence of high-intensity warfare in Europe, the toughening of strategic competition and the weakening of Western economies and democracies are putting defence and security issues back at the centre of national concerns. At a time when France is strengthening its sovereignty and partnerships, the<em>National Defence Year\u00a0<\/em>presents the keys to understanding a changing world, the challenges it faces and the major directions it is taking, both military and non-military.\u00a0<\/p><p style=\"text-align: left;\">ADN 2024 puts into perspective a selection of major events that took place in 2022, the effects of which will have a profound and lasting impact on the development of defence and security issues beyond 2023. These events are systematically accompanied by a reference document, a founding speech or an official statement, and are analysed in an educational and synthetic way by the best specialists in the field.\u00a0<\/p><p style=\"text-align: left;\">Based around four circles (military defence, national defence, national security and international security), this first edition of the<em>National Defence Year\u00a0<\/em>helps to promote and disseminate useful knowledge in this area.\u00a0<\/p><p style=\"text-align: left;\">Following presentations of the book by the Director of the IHEDN, Lieutenant General Beno\u00eet Durieux, and the Director of the DILA, Anne Duclos-Grisier, a round table discussion chaired by Guillaume Lasconjarias, Head of the Studies and Research Department at the IHEDN, will bring together Major General Vincent Breton, Director of the Centre interarm\u00e9es de doctrines, concepts et exp\u00e9rimentations (CDICE), Isabelle Facon, Senior Research Fellow at the Fondation pour la recherche strat\u00e9gique (FRS), and Nicolas Regaud, Climate Advisor to the Major General of the French Armed Forces.<\/p>\t\t\t\t\t\t\t\t<\/div>\n\t\t\t\t<\/div>\n\t\t\t\t\t<\/div>\n\t\t<\/div>\n\t\t\t\t\t<\/div>\n\t\t<\/section>\n\t\t\t\t<section data-particle_enable=\"false\" data-particle-mobile-disabled=\"false\" class=\"elementor-section elementor-top-section elementor-element elementor-element-04a01f9 elementor-section-boxed elementor-section-height-default elementor-section-height-default\" data-id=\"04a01f9\" data-element_type=\"section\" data-e-type=\"section\">\n\t\t\t\t\t\t<div class=\"elementor-container elementor-column-gap-default\">\n\t\t\t\t\t<div class=\"elementor-column elementor-col-100 elementor-top-column elementor-element elementor-element-4a171d1\" data-id=\"4a171d1\" data-element_type=\"column\" data-e-type=\"column\">\n\t\t\t<div class=\"elementor-widget-wrap elementor-element-populated\">\n\t\t\t\t\t\t<div class=\"elementor-element elementor-element-d64cdde elementor-widget elementor-widget-heading\" data-id=\"d64cdde\" data-element_type=\"widget\" data-e-type=\"widget\" data-widget_type=\"heading.default\">\n\t\t\t\t<div class=\"elementor-widget-container\">\n\t\t\t\t\t<h2 class=\"elementor-heading-title elementor-size-default\">8 DECEMBER: THE FOUR FRONTS OF THE WAR IN UKRAINE<\/h2>\t\t\t\t<\/div>\n\t\t\t\t<\/div>\n\t\t\t\t<div class=\"elementor-element elementor-element-0b36b72 elementor-widget-divider--view-line elementor-widget elementor-widget-divider\" data-id=\"0b36b72\" data-element_type=\"widget\" data-e-type=\"widget\" data-widget_type=\"divider.default\">\n\t\t\t\t<div class=\"elementor-widget-container\">\n\t\t\t\t\t\t\t<div class=\"elementor-divider\">\n\t\t\t<span class=\"elementor-divider-separator\">\n\t\t\t\t\t\t<\/span>\n\t\t<\/div>\n\t\t\t\t\t\t<\/div>\n\t\t\t\t<\/div>\n\t\t\t\t\t<\/div>\n\t\t<\/div>\n\t\t\t\t\t<\/div>\n\t\t<\/section>\n\t\t\t\t<section data-particle_enable=\"false\" data-particle-mobile-disabled=\"false\" class=\"elementor-section elementor-top-section elementor-element elementor-element-c4aaae6 elementor-section-boxed elementor-section-height-default elementor-section-height-default\" data-id=\"c4aaae6\" data-element_type=\"section\" data-e-type=\"section\">\n\t\t\t\t\t\t<div class=\"elementor-container elementor-column-gap-default\">\n\t\t\t\t\t<div class=\"elementor-column elementor-col-100 elementor-top-column elementor-element elementor-element-ff87bf7\" data-id=\"ff87bf7\" data-element_type=\"column\" data-e-type=\"column\">\n\t\t\t<div class=\"elementor-widget-wrap elementor-element-populated\">\n\t\t\t\t\t\t<div class=\"elementor-element elementor-element-aa3c9f2 elementor-widget elementor-widget-text-editor\" data-id=\"aa3c9f2\" data-element_type=\"widget\" data-e-type=\"widget\" data-widget_type=\"text-editor.default\">\n\t\t\t\t<div class=\"elementor-widget-container\">\n\t\t\t\t\t\t\t\t\t<p style=\"text-align: left;\">On 8 December from 9.30 a.m., the IHEDN and the <em>think tank<\/em> Eastern Circles is organising a day of meetings dedicated to the war in Ukraine.<\/p><p style=\"text-align: left;\">After more than 600 days of war, marked by violence, massacres and fierce resistance, Ukraine has impressed the world. President Zelensky was named \"Man of the Year\" by Time magazine, lawyer and activist Oleksandra Matviichuk was awarded the Nobel Peace Prize, and the Ukrainian army emerged as the country's strongest institution, while volunteers and conscripts, both men and women, filled the ranks.<\/p><p style=\"text-align: left;\">In almost two years of war, Ukraine has demonstrated its ability to resist, to transform its defence sector and to develop new industries such as drones. This success is the result of cooperation between public institutions, the private sector and civil society in support of the war effort. During the war, Ukraine is modernising and reforming its institutions, particularly in the fight against corruption, in order to become a candidate for EU and NATO membership.<\/p><p style=\"text-align: left;\">This conference seeks to explain how the country has transformed itself while at the same time fighting on the information, economic, diplomatic and military fronts of a new global war.<\/p><p style=\"text-align: left;\">It will therefore be structured around a series of round tables devoted successively to these four fronts, with speakers from Ukraine of course, but also from Africa, India, the United Kingdom... Oleksandra Matviichuk, Nobel Peace Prize winner in 2022, will be the closing speaker. The names of the other speakers will be announced shortly.<\/p>\t\t\t\t\t\t\t\t<\/div>\n\t\t\t\t<\/div>\n\t\t\t\t\t<\/div>\n\t\t<\/div>\n\t\t\t\t\t<\/div>\n\t\t<\/section>\n\t\t\t\t<section data-particle_enable=\"false\" data-particle-mobile-disabled=\"false\" class=\"elementor-section elementor-top-section elementor-element elementor-element-91e4eb1 elementor-section-boxed elementor-section-height-default elementor-section-height-default\" data-id=\"91e4eb1\" data-element_type=\"section\" data-e-type=\"section\">\n\t\t\t\t\t\t<div class=\"elementor-container elementor-column-gap-default\">\n\t\t\t\t\t<div class=\"elementor-column elementor-col-100 elementor-top-column elementor-element elementor-element-aade929\" data-id=\"aade929\" data-element_type=\"column\" data-e-type=\"column\">\n\t\t\t<div class=\"elementor-widget-wrap\">\n\t\t\t\t\t\t\t<\/div>\n\t\t<\/div>\n\t\t\t\t\t<\/div>\n\t\t<\/section>\n\t\t\t\t<\/div>","protected":false},"excerpt":{"rendered":"<p>The war in Ukraine, digital and information attacks, relations with autocrats, the Year of National Defence... Specialists, elected representatives, practitioners and Nobel Peace Prize winners will be speaking at events organised by the IHEDN and its partners in late November and early December. A detailed review.<\/p>","protected":false},"author":10,"featured_media":43950,"comment_status":"closed","ping_status":"closed","sticky":false,"template":"","format":"standard","meta":{"footnotes":""},"categories":[41,171,209],"tags":[],"class_list":["post-43922","post","type-post","status-publish","format-standard","has-post-thumbnail","hentry","category-lundis-de-lihedn","category-notre-selection","category-securite-internationale"],"yoast_head":"<!-- This site is optimized with the Yoast SEO plugin v27.5 - https:\/\/yoast.com\/product\/yoast-seo-wordpress\/ -->\n<title>Quatre occasions pour d\u00e9crypter un monde en recomposition - L&#039;IHEDN : Institut des hautes \u00e9tudes de d\u00e9fense nationale<\/title>\n<meta name=\"description\" content=\"Guerre en Ukraine, attaques num\u00e9riques et informationnelles, relations avec les autocrates, Ann\u00e9e de la d\u00e9fense nationale\u2026 Sp\u00e9cialistes, \u00e9lus, praticiens, prix Nobel de la paix interviendront fin novembre-d\u00e9but d\u00e9cembre dans des \u00e9v\u00e9nements organis\u00e9s par l\u2019IHEDN et ses partenaires. Revue de d\u00e9tail.\" \/>\n<meta name=\"robots\" content=\"index, follow, max-snippet:-1, max-image-preview:large, max-video-preview:-1\" \/>\n<link rel=\"canonical\" href=\"https:\/\/ihedn.fr\/en\/lundis-de-lihedn\/quatre-occasions-pour-decrypter-un-monde-en-recomposition\/\" \/>\n<meta property=\"og:locale\" content=\"en_GB\" \/>\n<meta property=\"og:type\" content=\"article\" \/>\n<meta property=\"og:title\" content=\"Quatre occasions pour d\u00e9crypter un monde en recomposition\" \/>\n<meta property=\"og:description\" content=\"Guerre en Ukraine, attaques num\u00e9riques et informationnelles, relations avec les autocrates, Ann\u00e9e de la d\u00e9fense nationale\u2026 Sp\u00e9cialistes, \u00e9lus, praticiens, prix Nobel de la paix interviendront fin novembre-d\u00e9but d\u00e9cembre dans des \u00e9v\u00e9nements organis\u00e9s par l\u2019IHEDN et ses partenaires. Revue de d\u00e9tail.\" \/>\n<meta property=\"og:url\" content=\"https:\/\/ihedn.fr\/en\/lundis-de-lihedn\/quatre-occasions-pour-decrypter-un-monde-en-recomposition\/\" \/>\n<meta property=\"og:site_name\" content=\"L&#039;IHEDN : Institut des hautes \u00e9tudes de d\u00e9fense nationale\" \/>\n<meta property=\"article:publisher\" content=\"https:\/\/www.facebook.com\/ihedn\/\" \/>\n<meta property=\"article:published_time\" content=\"2023-11-13T16:56:37+00:00\" \/>\n<meta property=\"article:modified_time\" content=\"2025-09-05T07:45:43+00:00\" \/>\n<meta property=\"og:image\" content=\"https:\/\/ihedn.fr\/wp-content\/uploads\/2023\/11\/LIH_13_11_2023_22-1-scaled.jpg\" \/>\n\t<meta property=\"og:image:width\" content=\"2560\" \/>\n\t<meta property=\"og:image:height\" content=\"1440\" \/>\n\t<meta property=\"og:image:type\" content=\"image\/jpeg\" \/>\n<meta name=\"author\" content=\"tanguy.morel@ihedn.fr\" \/>\n<meta name=\"twitter:card\" content=\"summary_large_image\" \/>\n<meta name=\"twitter:title\" content=\"Quatre occasions pour d\u00e9crypter un monde en recomposition\" \/>\n<meta name=\"twitter:description\" content=\"Guerre en Ukraine, attaques num\u00e9riques et informationnelles, relations avec les autocrates, Ann\u00e9e de la d\u00e9fense nationale\u2026 Sp\u00e9cialistes, \u00e9lus, praticiens, prix Nobel de la paix interviendront fin novembre-d\u00e9but d\u00e9cembre dans des \u00e9v\u00e9nements organis\u00e9s par l\u2019IHEDN et ses partenaires. Revue de d\u00e9tail.\" \/>\n<meta name=\"twitter:creator\" content=\"@IHEDN\" \/>\n<meta name=\"twitter:site\" content=\"@IHEDN\" \/>\n<meta name=\"twitter:label1\" content=\"Written by\" \/>\n\t<meta name=\"twitter:data1\" content=\"tanguy.morel@ihedn.fr\" \/>\n\t<meta name=\"twitter:label2\" content=\"Estimated reading time\" \/>\n\t<meta name=\"twitter:data2\" content=\"6 minutes\" \/>\n<script type=\"application\/ld+json\" class=\"yoast-schema-graph\">{\"@context\":\"https:\\\/\\\/schema.org\",\"@graph\":[{\"@type\":\"Article\",\"@id\":\"https:\\\/\\\/ihedn.fr\\\/lundis-de-lihedn\\\/quatre-occasions-pour-decrypter-un-monde-en-recomposition\\\/#article\",\"isPartOf\":{\"@id\":\"https:\\\/\\\/ihedn.fr\\\/lundis-de-lihedn\\\/quatre-occasions-pour-decrypter-un-monde-en-recomposition\\\/\"},\"author\":{\"name\":\"tanguy.morel@ihedn.fr\",\"@id\":\"https:\\\/\\\/ihedn.fr\\\/#\\\/schema\\\/person\\\/ed217a37104b27a246b200e65b827cc7\"},\"headline\":\"Quatre occasions pour d\u00e9crypter un monde en recomposition\",\"datePublished\":\"2023-11-13T16:56:37+00:00\",\"dateModified\":\"2025-09-05T07:45:43+00:00\",\"mainEntityOfPage\":{\"@id\":\"https:\\\/\\\/ihedn.fr\\\/lundis-de-lihedn\\\/quatre-occasions-pour-decrypter-un-monde-en-recomposition\\\/\"},\"wordCount\":1209,\"publisher\":{\"@id\":\"https:\\\/\\\/ihedn.fr\\\/#organization\"},\"image\":{\"@id\":\"https:\\\/\\\/ihedn.fr\\\/lundis-de-lihedn\\\/quatre-occasions-pour-decrypter-un-monde-en-recomposition\\\/#primaryimage\"},\"thumbnailUrl\":\"https:\\\/\\\/ihedn.fr\\\/wp-content\\\/uploads\\\/2023\\\/11\\\/LIH_13_11_2023_22-1-scaled.jpg\",\"articleSection\":[\"Lundis de l'IHEDN\",\"Notre s\u00e9lection\",\"s\u00e9curit\u00e9 internationale\"],\"inLanguage\":\"en-GB\"},{\"@type\":\"WebPage\",\"@id\":\"https:\\\/\\\/ihedn.fr\\\/lundis-de-lihedn\\\/quatre-occasions-pour-decrypter-un-monde-en-recomposition\\\/\",\"url\":\"https:\\\/\\\/ihedn.fr\\\/lundis-de-lihedn\\\/quatre-occasions-pour-decrypter-un-monde-en-recomposition\\\/\",\"name\":\"Quatre occasions pour d\u00e9crypter un monde en recomposition - L&#039;IHEDN : Institut des hautes \u00e9tudes de d\u00e9fense nationale\",\"isPartOf\":{\"@id\":\"https:\\\/\\\/ihedn.fr\\\/#website\"},\"primaryImageOfPage\":{\"@id\":\"https:\\\/\\\/ihedn.fr\\\/lundis-de-lihedn\\\/quatre-occasions-pour-decrypter-un-monde-en-recomposition\\\/#primaryimage\"},\"image\":{\"@id\":\"https:\\\/\\\/ihedn.fr\\\/lundis-de-lihedn\\\/quatre-occasions-pour-decrypter-un-monde-en-recomposition\\\/#primaryimage\"},\"thumbnailUrl\":\"https:\\\/\\\/ihedn.fr\\\/wp-content\\\/uploads\\\/2023\\\/11\\\/LIH_13_11_2023_22-1-scaled.jpg\",\"datePublished\":\"2023-11-13T16:56:37+00:00\",\"dateModified\":\"2025-09-05T07:45:43+00:00\",\"description\":\"Guerre en Ukraine, attaques num\u00e9riques et informationnelles, relations avec les autocrates, Ann\u00e9e de la d\u00e9fense nationale\u2026 Sp\u00e9cialistes, \u00e9lus, praticiens, prix Nobel de la paix interviendront fin novembre-d\u00e9but d\u00e9cembre dans des \u00e9v\u00e9nements organis\u00e9s par l\u2019IHEDN et ses partenaires. Revue de d\u00e9tail.\",\"breadcrumb\":{\"@id\":\"https:\\\/\\\/ihedn.fr\\\/lundis-de-lihedn\\\/quatre-occasions-pour-decrypter-un-monde-en-recomposition\\\/#breadcrumb\"},\"inLanguage\":\"en-GB\",\"potentialAction\":[{\"@type\":\"ReadAction\",\"target\":[\"https:\\\/\\\/ihedn.fr\\\/lundis-de-lihedn\\\/quatre-occasions-pour-decrypter-un-monde-en-recomposition\\\/\"]}]},{\"@type\":\"ImageObject\",\"inLanguage\":\"en-GB\",\"@id\":\"https:\\\/\\\/ihedn.fr\\\/lundis-de-lihedn\\\/quatre-occasions-pour-decrypter-un-monde-en-recomposition\\\/#primaryimage\",\"url\":\"https:\\\/\\\/ihedn.fr\\\/wp-content\\\/uploads\\\/2023\\\/11\\\/LIH_13_11_2023_22-1-scaled.jpg\",\"contentUrl\":\"https:\\\/\\\/ihedn.fr\\\/wp-content\\\/uploads\\\/2023\\\/11\\\/LIH_13_11_2023_22-1-scaled.jpg\",\"width\":2560,\"height\":1440},{\"@type\":\"BreadcrumbList\",\"@id\":\"https:\\\/\\\/ihedn.fr\\\/lundis-de-lihedn\\\/quatre-occasions-pour-decrypter-un-monde-en-recomposition\\\/#breadcrumb\",\"itemListElement\":[{\"@type\":\"ListItem\",\"position\":1,\"name\":\"Accueil\",\"item\":\"https:\\\/\\\/ihedn.fr\\\/\"},{\"@type\":\"ListItem\",\"position\":2,\"name\":\"Quatre occasions pour d\u00e9crypter un monde en recomposition\"}]},{\"@type\":\"WebSite\",\"@id\":\"https:\\\/\\\/ihedn.fr\\\/#website\",\"url\":\"https:\\\/\\\/ihedn.fr\\\/\",\"name\":\"IHEDN : Institut des hautes \u00e9tudes de d\u00e9fense nationale |\",\"description\":\"Site officiel de l&#039;IHEDN plac\u00e9 sous la tutelle du Premier ministre.\",\"publisher\":{\"@id\":\"https:\\\/\\\/ihedn.fr\\\/#organization\"},\"potentialAction\":[{\"@type\":\"SearchAction\",\"target\":{\"@type\":\"EntryPoint\",\"urlTemplate\":\"https:\\\/\\\/ihedn.fr\\\/?s={search_term_string}\"},\"query-input\":{\"@type\":\"PropertyValueSpecification\",\"valueRequired\":true,\"valueName\":\"search_term_string\"}}],\"inLanguage\":\"en-GB\"},{\"@type\":\"Organization\",\"@id\":\"https:\\\/\\\/ihedn.fr\\\/#organization\",\"name\":\"IHEDN - Institut des Hautes Etudes de D\u00e9fense Nationale\",\"url\":\"https:\\\/\\\/ihedn.fr\\\/\",\"logo\":{\"@type\":\"ImageObject\",\"inLanguage\":\"en-GB\",\"@id\":\"https:\\\/\\\/ihedn.fr\\\/#\\\/schema\\\/logo\\\/image\\\/\",\"url\":\"https:\\\/\\\/ihedn.fr\\\/wp-content\\\/uploads\\\/2020\\\/11\\\/BLOC_RF_IHEDN_WEB.png\",\"contentUrl\":\"https:\\\/\\\/ihedn.fr\\\/wp-content\\\/uploads\\\/2020\\\/11\\\/BLOC_RF_IHEDN_WEB.png\",\"width\":500,\"height\":237,\"caption\":\"IHEDN - Institut des Hautes Etudes de D\u00e9fense Nationale\"},\"image\":{\"@id\":\"https:\\\/\\\/ihedn.fr\\\/#\\\/schema\\\/logo\\\/image\\\/\"},\"sameAs\":[\"https:\\\/\\\/www.facebook.com\\\/ihedn\\\/\",\"https:\\\/\\\/x.com\\\/IHEDN\",\"https:\\\/\\\/www.instagram.com\\\/ihedn\\\/\",\"https:\\\/\\\/www.linkedin.com\\\/school\\\/ihedn\\\/\",\"https:\\\/\\\/fr.wikipedia.org\\\/wiki\\\/Institut_des_hautes_\u00e9tudes_de_D\u00e9fense_nationale\"]},{\"@type\":\"Person\",\"@id\":\"https:\\\/\\\/ihedn.fr\\\/#\\\/schema\\\/person\\\/ed217a37104b27a246b200e65b827cc7\",\"name\":\"tanguy.morel@ihedn.fr\",\"image\":{\"@type\":\"ImageObject\",\"inLanguage\":\"en-GB\",\"@id\":\"https:\\\/\\\/secure.gravatar.com\\\/avatar\\\/36877cd30919fafddf1f9da45f4154aa468a64328452f2ceaff0968772207348?s=96&d=mm&r=g\",\"url\":\"https:\\\/\\\/secure.gravatar.com\\\/avatar\\\/36877cd30919fafddf1f9da45f4154aa468a64328452f2ceaff0968772207348?s=96&d=mm&r=g\",\"contentUrl\":\"https:\\\/\\\/secure.gravatar.com\\\/avatar\\\/36877cd30919fafddf1f9da45f4154aa468a64328452f2ceaff0968772207348?s=96&d=mm&r=g\",\"caption\":\"tanguy.morel@ihedn.fr\"},\"url\":\"https:\\\/\\\/ihedn.fr\\\/en\\\/author\\\/tanguy-morelihedn-fr\\\/\"}]}<\/script>\n<!-- \/ Yoast SEO plugin. -->","yoast_head_json":{"title":"Four opportunities to decipher a changing world - L'IHEDN : Institut des hautes \u00e9tudes de d\u00e9fense nationale","description":"The war in Ukraine, digital and information attacks, relations with autocrats, the Year of National Defence... Specialists, elected representatives, practitioners and Nobel Peace Prize winners will be speaking at events organised by the IHEDN and its partners in late November and early December. A detailed review.","robots":{"index":"index","follow":"follow","max-snippet":"max-snippet:-1","max-image-preview":"max-image-preview:large","max-video-preview":"max-video-preview:-1"},"canonical":"https:\/\/ihedn.fr\/en\/lundis-de-lihedn\/quatre-occasions-pour-decrypter-un-monde-en-recomposition\/","og_locale":"en_GB","og_type":"article","og_title":"Quatre occasions pour d\u00e9crypter un monde en recomposition","og_description":"Guerre en Ukraine, attaques num\u00e9riques et informationnelles, relations avec les autocrates, Ann\u00e9e de la d\u00e9fense nationale\u2026 Sp\u00e9cialistes, \u00e9lus, praticiens, prix Nobel de la paix interviendront fin novembre-d\u00e9but d\u00e9cembre dans des \u00e9v\u00e9nements organis\u00e9s par l\u2019IHEDN et ses partenaires. Revue de d\u00e9tail.","og_url":"https:\/\/ihedn.fr\/en\/lundis-de-lihedn\/quatre-occasions-pour-decrypter-un-monde-en-recomposition\/","og_site_name":"L&#039;IHEDN : Institut des hautes \u00e9tudes de d\u00e9fense nationale","article_publisher":"https:\/\/www.facebook.com\/ihedn\/","article_published_time":"2023-11-13T16:56:37+00:00","article_modified_time":"2025-09-05T07:45:43+00:00","og_image":[{"width":2560,"height":1440,"url":"https:\/\/ihedn.fr\/wp-content\/uploads\/2023\/11\/LIH_13_11_2023_22-1-scaled.jpg","type":"image\/jpeg"}],"author":"tanguy.morel@ihedn.fr","twitter_card":"summary_large_image","twitter_title":"Quatre occasions pour d\u00e9crypter un monde en recomposition","twitter_description":"Guerre en Ukraine, attaques num\u00e9riques et informationnelles, relations avec les autocrates, Ann\u00e9e de la d\u00e9fense nationale\u2026 Sp\u00e9cialistes, \u00e9lus, praticiens, prix Nobel de la paix interviendront fin novembre-d\u00e9but d\u00e9cembre dans des \u00e9v\u00e9nements organis\u00e9s par l\u2019IHEDN et ses partenaires. Revue de d\u00e9tail.","twitter_creator":"@IHEDN","twitter_site":"@IHEDN","twitter_misc":{"Written by":"tanguy.morel@ihedn.fr","Estimated reading time":"6 minutes"},"schema":{"@context":"https:\/\/schema.org","@graph":[{"@type":"Article","@id":"https:\/\/ihedn.fr\/lundis-de-lihedn\/quatre-occasions-pour-decrypter-un-monde-en-recomposition\/#article","isPartOf":{"@id":"https:\/\/ihedn.fr\/lundis-de-lihedn\/quatre-occasions-pour-decrypter-un-monde-en-recomposition\/"},"author":{"name":"tanguy.morel@ihedn.fr","@id":"https:\/\/ihedn.fr\/#\/schema\/person\/ed217a37104b27a246b200e65b827cc7"},"headline":"Quatre occasions pour d\u00e9crypter un monde en recomposition","datePublished":"2023-11-13T16:56:37+00:00","dateModified":"2025-09-05T07:45:43+00:00","mainEntityOfPage":{"@id":"https:\/\/ihedn.fr\/lundis-de-lihedn\/quatre-occasions-pour-decrypter-un-monde-en-recomposition\/"},"wordCount":1209,"publisher":{"@id":"https:\/\/ihedn.fr\/#organization"},"image":{"@id":"https:\/\/ihedn.fr\/lundis-de-lihedn\/quatre-occasions-pour-decrypter-un-monde-en-recomposition\/#primaryimage"},"thumbnailUrl":"https:\/\/ihedn.fr\/wp-content\/uploads\/2023\/11\/LIH_13_11_2023_22-1-scaled.jpg","articleSection":["Lundis de l'IHEDN","Notre s\u00e9lection","s\u00e9curit\u00e9 internationale"],"inLanguage":"en-GB"},{"@type":"WebPage","@id":"https:\/\/ihedn.fr\/lundis-de-lihedn\/quatre-occasions-pour-decrypter-un-monde-en-recomposition\/","url":"https:\/\/ihedn.fr\/lundis-de-lihedn\/quatre-occasions-pour-decrypter-un-monde-en-recomposition\/","name":"Four opportunities to decipher a changing world - L'IHEDN : Institut des hautes \u00e9tudes de d\u00e9fense nationale","isPartOf":{"@id":"https:\/\/ihedn.fr\/#website"},"primaryImageOfPage":{"@id":"https:\/\/ihedn.fr\/lundis-de-lihedn\/quatre-occasions-pour-decrypter-un-monde-en-recomposition\/#primaryimage"},"image":{"@id":"https:\/\/ihedn.fr\/lundis-de-lihedn\/quatre-occasions-pour-decrypter-un-monde-en-recomposition\/#primaryimage"},"thumbnailUrl":"https:\/\/ihedn.fr\/wp-content\/uploads\/2023\/11\/LIH_13_11_2023_22-1-scaled.jpg","datePublished":"2023-11-13T16:56:37+00:00","dateModified":"2025-09-05T07:45:43+00:00","description":"The war in Ukraine, digital and information attacks, relations with autocrats, the Year of National Defence... Specialists, elected representatives, practitioners and Nobel Peace Prize winners will be speaking at events organised by the IHEDN and its partners in late November and early December. A detailed review.","breadcrumb":{"@id":"https:\/\/ihedn.fr\/lundis-de-lihedn\/quatre-occasions-pour-decrypter-un-monde-en-recomposition\/#breadcrumb"},"inLanguage":"en-GB","potentialAction":[{"@type":"ReadAction","target":["https:\/\/ihedn.fr\/lundis-de-lihedn\/quatre-occasions-pour-decrypter-un-monde-en-recomposition\/"]}]},{"@type":"ImageObject","inLanguage":"en-GB","@id":"https:\/\/ihedn.fr\/lundis-de-lihedn\/quatre-occasions-pour-decrypter-un-monde-en-recomposition\/#primaryimage","url":"https:\/\/ihedn.fr\/wp-content\/uploads\/2023\/11\/LIH_13_11_2023_22-1-scaled.jpg","contentUrl":"https:\/\/ihedn.fr\/wp-content\/uploads\/2023\/11\/LIH_13_11_2023_22-1-scaled.jpg","width":2560,"height":1440},{"@type":"BreadcrumbList","@id":"https:\/\/ihedn.fr\/lundis-de-lihedn\/quatre-occasions-pour-decrypter-un-monde-en-recomposition\/#breadcrumb","itemListElement":[{"@type":"ListItem","position":1,"name":"Accueil","item":"https:\/\/ihedn.fr\/"},{"@type":"ListItem","position":2,"name":"Quatre occasions pour d\u00e9crypter un monde en recomposition"}]},{"@type":"WebSite","@id":"https:\/\/ihedn.fr\/#website","url":"https:\/\/ihedn.fr\/","name":"IHEDN: Institut des hautes \u00e9tudes de d\u00e9fense nationale (Institute for Higher National Defence Studies)","description":"Official website of the IHEDN under the supervision of the Prime Minister.","publisher":{"@id":"https:\/\/ihedn.fr\/#organization"},"potentialAction":[{"@type":"SearchAction","target":{"@type":"EntryPoint","urlTemplate":"https:\/\/ihedn.fr\/?s={search_term_string}"},"query-input":{"@type":"PropertyValueSpecification","valueRequired":true,"valueName":"search_term_string"}}],"inLanguage":"en-GB"},{"@type":"Organization","@id":"https:\/\/ihedn.fr\/#organization","name":"IHEDN - Institute for Higher National Defence Studies","url":"https:\/\/ihedn.fr\/","logo":{"@type":"ImageObject","inLanguage":"en-GB","@id":"https:\/\/ihedn.fr\/#\/schema\/logo\/image\/","url":"https:\/\/ihedn.fr\/wp-content\/uploads\/2020\/11\/BLOC_RF_IHEDN_WEB.png","contentUrl":"https:\/\/ihedn.fr\/wp-content\/uploads\/2020\/11\/BLOC_RF_IHEDN_WEB.png","width":500,"height":237,"caption":"IHEDN - Institut des Hautes Etudes de D\u00e9fense Nationale"},"image":{"@id":"https:\/\/ihedn.fr\/#\/schema\/logo\/image\/"},"sameAs":["https:\/\/www.facebook.com\/ihedn\/","https:\/\/x.com\/IHEDN","https:\/\/www.instagram.com\/ihedn\/","https:\/\/www.linkedin.com\/school\/ihedn\/","https:\/\/fr.wikipedia.org\/wiki\/Institut_des_hautes_\u00e9tudes_de_D\u00e9fense_nationale"]},{"@type":"Person","@id":"https:\/\/ihedn.fr\/#\/schema\/person\/ed217a37104b27a246b200e65b827cc7","name":"tanguy.morel@ihedn.fr","image":{"@type":"ImageObject","inLanguage":"en-GB","@id":"https:\/\/secure.gravatar.com\/avatar\/36877cd30919fafddf1f9da45f4154aa468a64328452f2ceaff0968772207348?s=96&d=mm&r=g","url":"https:\/\/secure.gravatar.com\/avatar\/36877cd30919fafddf1f9da45f4154aa468a64328452f2ceaff0968772207348?s=96&d=mm&r=g","contentUrl":"https:\/\/secure.gravatar.com\/avatar\/36877cd30919fafddf1f9da45f4154aa468a64328452f2ceaff0968772207348?s=96&d=mm&r=g","caption":"tanguy.morel@ihedn.fr"},"url":"https:\/\/ihedn.fr\/en\/author\/tanguy-morelihedn-fr\/"}]}},"publishpress_future_action":{"enabled":false,"date":"2026-05-07 00:21:32","action":"change-status","newStatus":"draft","terms":[],"taxonomy":"category","extraData":[]},"publishpress_future_workflow_manual_trigger":{"enabledWorkflows":[]},"_links":{"self":[{"href":"https:\/\/ihedn.fr\/en\/wp-json\/wp\/v2\/posts\/43922","targetHints":{"allow":["GET"]}}],"collection":[{"href":"https:\/\/ihedn.fr\/en\/wp-json\/wp\/v2\/posts"}],"about":[{"href":"https:\/\/ihedn.fr\/en\/wp-json\/wp\/v2\/types\/post"}],"author":[{"embeddable":true,"href":"https:\/\/ihedn.fr\/en\/wp-json\/wp\/v2\/users\/10"}],"replies":[{"embeddable":true,"href":"https:\/\/ihedn.fr\/en\/wp-json\/wp\/v2\/comments?post=43922"}],"version-history":[{"count":32,"href":"https:\/\/ihedn.fr\/en\/wp-json\/wp\/v2\/posts\/43922\/revisions"}],"predecessor-version":[{"id":55491,"href":"https:\/\/ihedn.fr\/en\/wp-json\/wp\/v2\/posts\/43922\/revisions\/55491"}],"wp:featuredmedia":[{"embeddable":true,"href":"https:\/\/ihedn.fr\/en\/wp-json\/wp\/v2\/media\/43950"}],"wp:attachment":[{"href":"https:\/\/ihedn.fr\/en\/wp-json\/wp\/v2\/media?parent=43922"}],"wp:term":[{"taxonomy":"category","embeddable":true,"href":"https:\/\/ihedn.fr\/en\/wp-json\/wp\/v2\/categories?post=43922"},{"taxonomy":"post_tag","embeddable":true,"href":"https:\/\/ihedn.fr\/en\/wp-json\/wp\/v2\/tags?post=43922"}],"curies":[{"name":"wp","href":"https:\/\/api.w.org\/{rel}","templated":true}]}}