{"id":44133,"date":"2023-11-24T11:40:52","date_gmt":"2023-11-24T10:40:52","guid":{"rendered":"https:\/\/ihedn.fr\/?p=44133"},"modified":"2023-11-24T11:42:40","modified_gmt":"2023-11-24T10:42:40","slug":"escale-a-toulon-pour-la-majeure-armement-et-economie-de-defense","status":"publish","type":"post","link":"https:\/\/ihedn.fr\/en\/notre-actualite\/escale-a-toulon-pour-la-majeure-armement-et-economie-de-defense\/","title":{"rendered":"Stopover in Toulon for the \"Armaments and Defence Economics\" major"},"content":{"rendered":"<div data-elementor-type=\"wp-post\" data-elementor-id=\"44133\" class=\"elementor elementor-44133\" data-elementor-post-type=\"post\">\n\t\t\t\t\t\t<section data-particle_enable=\"false\" data-particle-mobile-disabled=\"false\" class=\"elementor-section elementor-top-section elementor-element elementor-element-04fef2b elementor-section-boxed elementor-section-height-default elementor-section-height-default\" data-id=\"04fef2b\" data-element_type=\"section\" data-e-type=\"section\">\n\t\t\t\t\t\t<div class=\"elementor-container elementor-column-gap-default\">\n\t\t\t\t\t<div class=\"elementor-column elementor-col-100 elementor-top-column elementor-element elementor-element-634f261\" data-id=\"634f261\" data-element_type=\"column\" data-e-type=\"column\">\n\t\t\t<div class=\"elementor-widget-wrap elementor-element-populated\">\n\t\t\t\t\t\t<div class=\"elementor-element elementor-element-ae814b3 elementor-widget-divider--view-line elementor-widget elementor-widget-divider\" data-id=\"ae814b3\" data-element_type=\"widget\" data-e-type=\"widget\" data-widget_type=\"divider.default\">\n\t\t\t\t<div class=\"elementor-widget-container\">\n\t\t\t\t\t\t\t<div class=\"elementor-divider\">\n\t\t\t<span class=\"elementor-divider-separator\">\n\t\t\t\t\t\t<\/span>\n\t\t<\/div>\n\t\t\t\t\t\t<\/div>\n\t\t\t\t<\/div>\n\t\t\t\t<div class=\"elementor-element elementor-element-4bdf21a elementor-widget elementor-widget-text-editor\" data-id=\"4bdf21a\" data-element_type=\"widget\" data-e-type=\"widget\" data-widget_type=\"text-editor.default\">\n\t\t\t\t<div class=\"elementor-widget-container\">\n\t\t\t\t\t\t\t\t\t<p><strong>Thursday 16 November<\/strong>The AED auditors were welcomed by Exail, a company formed from the merger of ECA and IxBlue, for a presentation of the group and its mine warfare and seabed control activities.  The visit provided a vivid illustration of the high-tech products developed to guarantee France's sovereignty and strategic autonomy in the deep sea.<\/p><p>The afternoon continued with a visit to DGA Techniques navales at the SESDA site (Site d'exp\u00e9rimentation de syst\u00e8mes de d\u00e9fense a\u00e9rienne), where the auditors took part in various workshops illustrating the expertise of the centre, which is involved in ship programmes led by the Direction g\u00e9n\u00e9rale de l'armement or operated by the French Navy.<\/p><p><strong>Friday 17th November<\/strong>A lecture by Captain Le Goff of the Pr\u00e9fecture Maritime, on the theme of \"The Mediterranean and its challenges\", enthralled listeners with its richness and burning topicality.<\/p><p>In the afternoon, the auditors were given a presentation by Rear Admiral Bechler, Director of the Toulon establishment of the Fleet Support Service (SSF), on the challenges of maintaining the Navy in operational condition and its organisation, followed by a tour of the Vauban docks.<\/p><p>Finally, the AED major was welcomed on board the air defence frigate <em>Chevalier Paul<\/em>before visiting the Am\u00e9thyste and Duguay-Trouin nuclear attack submarines, and the Centre d'expertise de la plong\u00e9e sous-marine (CEPHISMER).<\/p><p>All the students in the AED major greatly appreciated this very enriching mission, which enabled them to discover, in situ and on a real scale, the capabilities of the Navy, as well as its links with the naval industry.<\/p>\t\t\t\t\t\t\t\t<\/div>\n\t\t\t\t<\/div>\n\t\t\t\t\t<\/div>\n\t\t<\/div>\n\t\t\t\t\t<\/div>\n\t\t<\/section>\n\t\t\t\t<section data-particle_enable=\"false\" data-particle-mobile-disabled=\"false\" class=\"elementor-section elementor-top-section elementor-element elementor-element-19be913 elementor-section-content-middle elementor-section-boxed elementor-section-height-default elementor-section-height-default\" data-id=\"19be913\" data-element_type=\"section\" data-e-type=\"section\">\n\t\t\t\t\t\t<div class=\"elementor-container elementor-column-gap-default\">\n\t\t\t\t\t<div class=\"elementor-column elementor-col-100 elementor-top-column elementor-element elementor-element-b86613b\" data-id=\"b86613b\" data-element_type=\"column\" data-e-type=\"column\">\n\t\t\t<div class=\"elementor-widget-wrap elementor-element-populated\">\n\t\t\t\t\t\t<div class=\"elementor-element elementor-element-6da7fa0 elementor-widget elementor-widget-gallery\" data-id=\"6da7fa0\" data-element_type=\"widget\" data-e-type=\"widget\" data-settings=\"{&quot;lazyload&quot;:&quot;yes&quot;,&quot;gallery_layout&quot;:&quot;grid&quot;,&quot;columns&quot;:4,&quot;columns_tablet&quot;:2,&quot;columns_mobile&quot;:1,&quot;gap&quot;:{&quot;unit&quot;:&quot;px&quot;,&quot;size&quot;:10,&quot;sizes&quot;:[]},&quot;gap_tablet&quot;:{&quot;unit&quot;:&quot;px&quot;,&quot;size&quot;:10,&quot;sizes&quot;:[]},&quot;gap_mobile&quot;:{&quot;unit&quot;:&quot;px&quot;,&quot;size&quot;:10,&quot;sizes&quot;:[]},&quot;link_to&quot;:&quot;file&quot;,&quot;aspect_ratio&quot;:&quot;3:2&quot;,&quot;overlay_background&quot;:&quot;yes&quot;,&quot;content_hover_animation&quot;:&quot;fade-in&quot;}\" data-widget_type=\"gallery.default\">\n\t\t\t\t<div class=\"elementor-widget-container\">\n\t\t\t\t\t\t\t<div class=\"elementor-gallery__container\">\n\t\t\t\t\t\t\t<a class=\"e-gallery-item elementor-gallery-item elementor-animated-content\" href=\"https:\/\/ihedn.fr\/wp-content\/uploads\/2023\/11\/Visite-de-la-base-navale-depuis-un-EDAR-scaled.jpg\" data-elementor-open-lightbox=\"yes\" data-elementor-lightbox-slideshow=\"6da7fa0\" data-e-action-hash=\"#elementor-action%3Aaction%3Dlightbox%26settings%3DeyJpZCI6NDQxMzgsInVybCI6Imh0dHBzOlwvXC9paGVkbi5mclwvd3AtY29udGVudFwvdXBsb2Fkc1wvMjAyM1wvMTFcL1Zpc2l0ZS1kZS1sYS1iYXNlLW5hdmFsZS1kZXB1aXMtdW4tRURBUi1zY2FsZWQuanBnIiwic2xpZGVzaG93IjoiNmRhN2ZhMCJ9\">\n\t\t\t\t\t<div class=\"e-gallery-image elementor-gallery-item__image\" data-thumbnail=\"https:\/\/ihedn.fr\/wp-content\/uploads\/2023\/11\/Visite-de-la-base-navale-depuis-un-EDAR-300x300.jpg\" data-width=\"300\" data-height=\"300\" aria-label=\"The &quot;Armaments and Defence Economics&quot; major visits Toulon\" role=\"img\" ><\/div>\n\t\t\t\t\t\t\t\t\t\t\t<div class=\"elementor-gallery-item__overlay\"><\/div>\n\t\t\t\t\t\t\t\t\t\t\t\t\t\t<\/a>\n\t\t\t\t\t\t\t<a class=\"e-gallery-item elementor-gallery-item elementor-animated-content\" href=\"https:\/\/ihedn.fr\/wp-content\/uploads\/2023\/11\/Photo-Carenage-scaled.jpg\" data-elementor-open-lightbox=\"yes\" data-elementor-lightbox-slideshow=\"6da7fa0\" data-e-action-hash=\"#elementor-action%3Aaction%3Dlightbox%26settings%3DeyJpZCI6NDQxMzYsInVybCI6Imh0dHBzOlwvXC9paGVkbi5mclwvd3AtY29udGVudFwvdXBsb2Fkc1wvMjAyM1wvMTFcL1Bob3RvLUNhcmVuYWdlLXNjYWxlZC5qcGciLCJzbGlkZXNob3ciOiI2ZGE3ZmEwIn0%3D\">\n\t\t\t\t\t<div class=\"e-gallery-image elementor-gallery-item__image\" data-thumbnail=\"https:\/\/ihedn.fr\/wp-content\/uploads\/2023\/11\/Photo-Carenage-300x300.jpg\" data-width=\"300\" data-height=\"300\" aria-label=\"The &quot;Armaments and Defence Economics&quot; major visits Toulon\" role=\"img\" ><\/div>\n\t\t\t\t\t\t\t\t\t\t\t<div class=\"elementor-gallery-item__overlay\"><\/div>\n\t\t\t\t\t\t\t\t\t\t\t\t\t\t<\/a>\n\t\t\t\t\t\t\t<a class=\"e-gallery-item elementor-gallery-item elementor-animated-content\" href=\"https:\/\/ihedn.fr\/wp-content\/uploads\/2023\/11\/PACDG-scaled.jpg\" data-elementor-open-lightbox=\"yes\" data-elementor-lightbox-slideshow=\"6da7fa0\" data-e-action-hash=\"#elementor-action%3Aaction%3Dlightbox%26settings%3DeyJpZCI6NDQxMzUsInVybCI6Imh0dHBzOlwvXC9paGVkbi5mclwvd3AtY29udGVudFwvdXBsb2Fkc1wvMjAyM1wvMTFcL1BBQ0RHLXNjYWxlZC5qcGciLCJzbGlkZXNob3ciOiI2ZGE3ZmEwIn0%3D\">\n\t\t\t\t\t<div class=\"e-gallery-image elementor-gallery-item__image\" data-thumbnail=\"https:\/\/ihedn.fr\/wp-content\/uploads\/2023\/11\/PACDG-300x300.jpg\" data-width=\"300\" data-height=\"300\" aria-label=\"The &quot;Armaments and Defence Economics&quot; major visits Toulon\" role=\"img\" ><\/div>\n\t\t\t\t\t\t\t\t\t\t\t<div class=\"elementor-gallery-item__overlay\"><\/div>\n\t\t\t\t\t\t\t\t\t\t\t\t\t\t<\/a>\n\t\t\t\t\t\t\t<a class=\"e-gallery-item elementor-gallery-item elementor-animated-content\" href=\"https:\/\/ihedn.fr\/wp-content\/uploads\/2023\/11\/Visite-de-la-fregate-de-defense-aerienne-CHEVALIER-PAUL-scaled.jpg\" data-elementor-open-lightbox=\"yes\" data-elementor-lightbox-slideshow=\"6da7fa0\" data-e-action-hash=\"#elementor-action%3Aaction%3Dlightbox%26settings%3DeyJpZCI6NDQxMzQsInVybCI6Imh0dHBzOlwvXC9paGVkbi5mclwvd3AtY29udGVudFwvdXBsb2Fkc1wvMjAyM1wvMTFcL1Zpc2l0ZS1kZS1sYS1mcmVnYXRlLWRlLWRlZmVuc2UtYWVyaWVubmUtQ0hFVkFMSUVSLVBBVUwtc2NhbGVkLmpwZyIsInNsaWRlc2hvdyI6IjZkYTdmYTAifQ%3D%3D\">\n\t\t\t\t\t<div class=\"e-gallery-image elementor-gallery-item__image\" data-thumbnail=\"https:\/\/ihedn.fr\/wp-content\/uploads\/2023\/11\/Visite-de-la-fregate-de-defense-aerienne-CHEVALIER-PAUL-300x300.jpg\" data-width=\"300\" data-height=\"300\" aria-label=\"The &quot;Armaments and Defence Economics&quot; major visits Toulon\" role=\"img\" ><\/div>\n\t\t\t\t\t\t\t\t\t\t\t<div class=\"elementor-gallery-item__overlay\"><\/div>\n\t\t\t\t\t\t\t\t\t\t\t\t\t\t<\/a>\n\t\t\t\t\t<\/div>\n\t\t\t\t\t<\/div>\n\t\t\t\t<\/div>\n\t\t\t\t\t<\/div>\n\t\t<\/div>\n\t\t\t\t\t<\/div>\n\t\t<\/section>\n\t\t\t\t<\/div>","protected":false},"excerpt":{"rendered":"<p>From 16 to 17 November, auditors from the 3rd national session of the IHEDN visited Toulon. On the programme: presentation of the Navy's capabilities and missions in the Mediterranean and of the naval industry. <\/p>","protected":false},"author":10,"featured_media":44137,"comment_status":"closed","ping_status":"closed","sticky":false,"template":"","format":"standard","meta":{"footnotes":""},"categories":[172],"tags":[],"class_list":["post-44133","post","type-post","status-publish","format-standard","has-post-thumbnail","hentry","category-notre-actualite"],"yoast_head":"<!-- This site is optimized with the Yoast SEO plugin v27.5 - https:\/\/yoast.com\/product\/yoast-seo-wordpress\/ -->\n<title>Escale \u00e0 Toulon pour la majeure \u00ab Armement et \u00e9conomie de d\u00e9fense \u00bb - L&#039;IHEDN : Institut des hautes \u00e9tudes de d\u00e9fense nationale<\/title>\n<meta name=\"robots\" content=\"index, follow, max-snippet:-1, max-image-preview:large, max-video-preview:-1\" \/>\n<link rel=\"canonical\" href=\"https:\/\/ihedn.fr\/en\/notre-actualite\/escale-a-toulon-pour-la-majeure-armement-et-economie-de-defense\/\" \/>\n<meta property=\"og:locale\" content=\"en_GB\" \/>\n<meta property=\"og:type\" content=\"article\" \/>\n<meta property=\"og:title\" content=\"Escale \u00e0 Toulon pour la majeure \u00ab Armement et \u00e9conomie de d\u00e9fense \u00bb\" \/>\n<meta property=\"og:description\" content=\"Du 16 au 17 novembre, des auditeurs de la 3e session nationale de l\u2019IHEDN se sont rendus \u00e0 Toulon. Au programme : pr\u00e9sentation des capacit\u00e9s et des missions de la Marine en M\u00e9diterran\u00e9e et des industriels du secteur naval.\" \/>\n<meta property=\"og:url\" content=\"https:\/\/ihedn.fr\/en\/notre-actualite\/escale-a-toulon-pour-la-majeure-armement-et-economie-de-defense\/\" \/>\n<meta property=\"og:site_name\" content=\"L&#039;IHEDN : Institut des hautes \u00e9tudes de d\u00e9fense nationale\" \/>\n<meta property=\"article:publisher\" content=\"https:\/\/www.facebook.com\/ihedn\/\" \/>\n<meta property=\"article:published_time\" content=\"2023-11-24T10:40:52+00:00\" \/>\n<meta property=\"article:modified_time\" content=\"2023-11-24T10:42:40+00:00\" \/>\n<meta property=\"og:image\" content=\"https:\/\/ihedn.fr\/wp-content\/uploads\/2023\/11\/Gendarmerie.jpg\" \/>\n\t<meta property=\"og:image:width\" content=\"1600\" \/>\n\t<meta property=\"og:image:height\" content=\"1158\" \/>\n\t<meta property=\"og:image:type\" content=\"image\/jpeg\" \/>\n<meta name=\"author\" content=\"tanguy.morel@ihedn.fr\" \/>\n<meta name=\"twitter:card\" content=\"summary_large_image\" \/>\n<meta name=\"twitter:title\" content=\"Escale \u00e0 Toulon pour la majeure \u00ab Armement et \u00e9conomie de d\u00e9fense \u00bb\" \/>\n<meta name=\"twitter:description\" content=\"Du 16 au 17 novembre, des auditeurs de la 3e session nationale de l\u2019IHEDN se sont rendus \u00e0 Toulon. Au programme : pr\u00e9sentation des capacit\u00e9s et des missions de la Marine en M\u00e9diterran\u00e9e et des industriels du secteur naval.\" \/>\n<meta name=\"twitter:image\" content=\"https:\/\/ihedn.fr\/wp-content\/uploads\/2023\/11\/Gendarmerie.jpg\" \/>\n<meta name=\"twitter:creator\" content=\"@IHEDN\" \/>\n<meta name=\"twitter:site\" content=\"@IHEDN\" \/>\n<meta name=\"twitter:label1\" content=\"Written by\" \/>\n\t<meta name=\"twitter:data1\" content=\"tanguy.morel@ihedn.fr\" \/>\n\t<meta name=\"twitter:label2\" content=\"Estimated reading time\" \/>\n\t<meta name=\"twitter:data2\" content=\"2 minutes\" \/>\n<script type=\"application\/ld+json\" class=\"yoast-schema-graph\">{\"@context\":\"https:\\\/\\\/schema.org\",\"@graph\":[{\"@type\":\"Article\",\"@id\":\"https:\\\/\\\/ihedn.fr\\\/en\\\/notre-actualite\\\/escale-a-toulon-pour-la-majeure-armement-et-economie-de-defense\\\/#article\",\"isPartOf\":{\"@id\":\"https:\\\/\\\/ihedn.fr\\\/en\\\/notre-actualite\\\/escale-a-toulon-pour-la-majeure-armement-et-economie-de-defense\\\/\"},\"author\":{\"name\":\"tanguy.morel@ihedn.fr\",\"@id\":\"https:\\\/\\\/ihedn.fr\\\/#\\\/schema\\\/person\\\/ed217a37104b27a246b200e65b827cc7\"},\"headline\":\"Escale \u00e0 Toulon pour la majeure \u00ab Armement et \u00e9conomie de d\u00e9fense \u00bb\",\"datePublished\":\"2023-11-24T10:40:52+00:00\",\"dateModified\":\"2023-11-24T10:42:40+00:00\",\"mainEntityOfPage\":{\"@id\":\"https:\\\/\\\/ihedn.fr\\\/en\\\/notre-actualite\\\/escale-a-toulon-pour-la-majeure-armement-et-economie-de-defense\\\/\"},\"wordCount\":340,\"publisher\":{\"@id\":\"https:\\\/\\\/ihedn.fr\\\/#organization\"},\"image\":{\"@id\":\"https:\\\/\\\/ihedn.fr\\\/en\\\/notre-actualite\\\/escale-a-toulon-pour-la-majeure-armement-et-economie-de-defense\\\/#primaryimage\"},\"thumbnailUrl\":\"https:\\\/\\\/ihedn.fr\\\/wp-content\\\/uploads\\\/2023\\\/11\\\/Presentation-de-la-Force-daction-navale-a-bord-de-la-FDA-Chevalier-Paul-scaled.jpg\",\"articleSection\":[\"Notre actualit\u00e9\"],\"inLanguage\":\"en-GB\"},{\"@type\":\"WebPage\",\"@id\":\"https:\\\/\\\/ihedn.fr\\\/en\\\/notre-actualite\\\/escale-a-toulon-pour-la-majeure-armement-et-economie-de-defense\\\/\",\"url\":\"https:\\\/\\\/ihedn.fr\\\/en\\\/notre-actualite\\\/escale-a-toulon-pour-la-majeure-armement-et-economie-de-defense\\\/\",\"name\":\"Escale \u00e0 Toulon pour la majeure \u00ab Armement et \u00e9conomie de d\u00e9fense \u00bb - L&#039;IHEDN : Institut des hautes \u00e9tudes de d\u00e9fense nationale\",\"isPartOf\":{\"@id\":\"https:\\\/\\\/ihedn.fr\\\/#website\"},\"primaryImageOfPage\":{\"@id\":\"https:\\\/\\\/ihedn.fr\\\/en\\\/notre-actualite\\\/escale-a-toulon-pour-la-majeure-armement-et-economie-de-defense\\\/#primaryimage\"},\"image\":{\"@id\":\"https:\\\/\\\/ihedn.fr\\\/en\\\/notre-actualite\\\/escale-a-toulon-pour-la-majeure-armement-et-economie-de-defense\\\/#primaryimage\"},\"thumbnailUrl\":\"https:\\\/\\\/ihedn.fr\\\/wp-content\\\/uploads\\\/2023\\\/11\\\/Presentation-de-la-Force-daction-navale-a-bord-de-la-FDA-Chevalier-Paul-scaled.jpg\",\"datePublished\":\"2023-11-24T10:40:52+00:00\",\"dateModified\":\"2023-11-24T10:42:40+00:00\",\"breadcrumb\":{\"@id\":\"https:\\\/\\\/ihedn.fr\\\/en\\\/notre-actualite\\\/escale-a-toulon-pour-la-majeure-armement-et-economie-de-defense\\\/#breadcrumb\"},\"inLanguage\":\"en-GB\",\"potentialAction\":[{\"@type\":\"ReadAction\",\"target\":[\"https:\\\/\\\/ihedn.fr\\\/en\\\/notre-actualite\\\/escale-a-toulon-pour-la-majeure-armement-et-economie-de-defense\\\/\"]}]},{\"@type\":\"ImageObject\",\"inLanguage\":\"en-GB\",\"@id\":\"https:\\\/\\\/ihedn.fr\\\/en\\\/notre-actualite\\\/escale-a-toulon-pour-la-majeure-armement-et-economie-de-defense\\\/#primaryimage\",\"url\":\"https:\\\/\\\/ihedn.fr\\\/wp-content\\\/uploads\\\/2023\\\/11\\\/Presentation-de-la-Force-daction-navale-a-bord-de-la-FDA-Chevalier-Paul-scaled.jpg\",\"contentUrl\":\"https:\\\/\\\/ihedn.fr\\\/wp-content\\\/uploads\\\/2023\\\/11\\\/Presentation-de-la-Force-daction-navale-a-bord-de-la-FDA-Chevalier-Paul-scaled.jpg\",\"width\":2560,\"height\":1920,\"caption\":\"la majeure \u00ab Armement et \u00e9conomie de d\u00e9fense \u00bb en visite \u00e0 Toulon\"},{\"@type\":\"BreadcrumbList\",\"@id\":\"https:\\\/\\\/ihedn.fr\\\/en\\\/notre-actualite\\\/escale-a-toulon-pour-la-majeure-armement-et-economie-de-defense\\\/#breadcrumb\",\"itemListElement\":[{\"@type\":\"ListItem\",\"position\":1,\"name\":\"Accueil\",\"item\":\"https:\\\/\\\/ihedn.fr\\\/\"},{\"@type\":\"ListItem\",\"position\":2,\"name\":\"Escale \u00e0 Toulon pour la majeure \u00ab Armement et \u00e9conomie de d\u00e9fense \u00bb\"}]},{\"@type\":\"WebSite\",\"@id\":\"https:\\\/\\\/ihedn.fr\\\/#website\",\"url\":\"https:\\\/\\\/ihedn.fr\\\/\",\"name\":\"IHEDN : Institut des hautes \u00e9tudes de d\u00e9fense nationale |\",\"description\":\"Site officiel de l&#039;IHEDN plac\u00e9 sous la tutelle du Premier ministre.\",\"publisher\":{\"@id\":\"https:\\\/\\\/ihedn.fr\\\/#organization\"},\"potentialAction\":[{\"@type\":\"SearchAction\",\"target\":{\"@type\":\"EntryPoint\",\"urlTemplate\":\"https:\\\/\\\/ihedn.fr\\\/?s={search_term_string}\"},\"query-input\":{\"@type\":\"PropertyValueSpecification\",\"valueRequired\":true,\"valueName\":\"search_term_string\"}}],\"inLanguage\":\"en-GB\"},{\"@type\":\"Organization\",\"@id\":\"https:\\\/\\\/ihedn.fr\\\/#organization\",\"name\":\"IHEDN - Institut des Hautes Etudes de D\u00e9fense Nationale\",\"url\":\"https:\\\/\\\/ihedn.fr\\\/\",\"logo\":{\"@type\":\"ImageObject\",\"inLanguage\":\"en-GB\",\"@id\":\"https:\\\/\\\/ihedn.fr\\\/#\\\/schema\\\/logo\\\/image\\\/\",\"url\":\"https:\\\/\\\/ihedn.fr\\\/wp-content\\\/uploads\\\/2020\\\/11\\\/BLOC_RF_IHEDN_WEB.png\",\"contentUrl\":\"https:\\\/\\\/ihedn.fr\\\/wp-content\\\/uploads\\\/2020\\\/11\\\/BLOC_RF_IHEDN_WEB.png\",\"width\":500,\"height\":237,\"caption\":\"IHEDN - Institut des Hautes Etudes de D\u00e9fense Nationale\"},\"image\":{\"@id\":\"https:\\\/\\\/ihedn.fr\\\/#\\\/schema\\\/logo\\\/image\\\/\"},\"sameAs\":[\"https:\\\/\\\/www.facebook.com\\\/ihedn\\\/\",\"https:\\\/\\\/x.com\\\/IHEDN\",\"https:\\\/\\\/www.instagram.com\\\/ihedn\\\/\",\"https:\\\/\\\/www.linkedin.com\\\/school\\\/ihedn\\\/\",\"https:\\\/\\\/fr.wikipedia.org\\\/wiki\\\/Institut_des_hautes_\u00e9tudes_de_D\u00e9fense_nationale\"]},{\"@type\":\"Person\",\"@id\":\"https:\\\/\\\/ihedn.fr\\\/#\\\/schema\\\/person\\\/ed217a37104b27a246b200e65b827cc7\",\"name\":\"tanguy.morel@ihedn.fr\",\"image\":{\"@type\":\"ImageObject\",\"inLanguage\":\"en-GB\",\"@id\":\"https:\\\/\\\/secure.gravatar.com\\\/avatar\\\/36877cd30919fafddf1f9da45f4154aa468a64328452f2ceaff0968772207348?s=96&d=mm&r=g\",\"url\":\"https:\\\/\\\/secure.gravatar.com\\\/avatar\\\/36877cd30919fafddf1f9da45f4154aa468a64328452f2ceaff0968772207348?s=96&d=mm&r=g\",\"contentUrl\":\"https:\\\/\\\/secure.gravatar.com\\\/avatar\\\/36877cd30919fafddf1f9da45f4154aa468a64328452f2ceaff0968772207348?s=96&d=mm&r=g\",\"caption\":\"tanguy.morel@ihedn.fr\"},\"url\":\"https:\\\/\\\/ihedn.fr\\\/en\\\/author\\\/tanguy-morelihedn-fr\\\/\"}]}<\/script>\n<!-- \/ Yoast SEO plugin. -->","yoast_head_json":{"title":"Stopover in Toulon for the \"Armaments and Defence Economics\" major - L'IHEDN : Institut des hautes \u00e9tudes de d\u00e9fense nationale (Graduate Institute of National Defence Studies)","robots":{"index":"index","follow":"follow","max-snippet":"max-snippet:-1","max-image-preview":"max-image-preview:large","max-video-preview":"max-video-preview:-1"},"canonical":"https:\/\/ihedn.fr\/en\/notre-actualite\/escale-a-toulon-pour-la-majeure-armement-et-economie-de-defense\/","og_locale":"en_GB","og_type":"article","og_title":"Escale \u00e0 Toulon pour la majeure \u00ab Armement et \u00e9conomie de d\u00e9fense \u00bb","og_description":"Du 16 au 17 novembre, des auditeurs de la 3e session nationale de l\u2019IHEDN se sont rendus \u00e0 Toulon. Au programme : pr\u00e9sentation des capacit\u00e9s et des missions de la Marine en M\u00e9diterran\u00e9e et des industriels du secteur naval.","og_url":"https:\/\/ihedn.fr\/en\/notre-actualite\/escale-a-toulon-pour-la-majeure-armement-et-economie-de-defense\/","og_site_name":"L&#039;IHEDN : Institut des hautes \u00e9tudes de d\u00e9fense nationale","article_publisher":"https:\/\/www.facebook.com\/ihedn\/","article_published_time":"2023-11-24T10:40:52+00:00","article_modified_time":"2023-11-24T10:42:40+00:00","og_image":[{"width":1600,"height":1158,"url":"https:\/\/ihedn.fr\/wp-content\/uploads\/2023\/11\/Gendarmerie.jpg","type":"image\/jpeg"}],"author":"tanguy.morel@ihedn.fr","twitter_card":"summary_large_image","twitter_title":"Escale \u00e0 Toulon pour la majeure \u00ab Armement et \u00e9conomie de d\u00e9fense \u00bb","twitter_description":"Du 16 au 17 novembre, des auditeurs de la 3e session nationale de l\u2019IHEDN se sont rendus \u00e0 Toulon. Au programme : pr\u00e9sentation des capacit\u00e9s et des missions de la Marine en M\u00e9diterran\u00e9e et des industriels du secteur naval.","twitter_image":"https:\/\/ihedn.fr\/wp-content\/uploads\/2023\/11\/Gendarmerie.jpg","twitter_creator":"@IHEDN","twitter_site":"@IHEDN","twitter_misc":{"Written by":"tanguy.morel@ihedn.fr","Estimated reading time":"2 minutes"},"schema":{"@context":"https:\/\/schema.org","@graph":[{"@type":"Article","@id":"https:\/\/ihedn.fr\/en\/notre-actualite\/escale-a-toulon-pour-la-majeure-armement-et-economie-de-defense\/#article","isPartOf":{"@id":"https:\/\/ihedn.fr\/en\/notre-actualite\/escale-a-toulon-pour-la-majeure-armement-et-economie-de-defense\/"},"author":{"name":"tanguy.morel@ihedn.fr","@id":"https:\/\/ihedn.fr\/#\/schema\/person\/ed217a37104b27a246b200e65b827cc7"},"headline":"Escale \u00e0 Toulon pour la majeure \u00ab Armement et \u00e9conomie de d\u00e9fense \u00bb","datePublished":"2023-11-24T10:40:52+00:00","dateModified":"2023-11-24T10:42:40+00:00","mainEntityOfPage":{"@id":"https:\/\/ihedn.fr\/en\/notre-actualite\/escale-a-toulon-pour-la-majeure-armement-et-economie-de-defense\/"},"wordCount":340,"publisher":{"@id":"https:\/\/ihedn.fr\/#organization"},"image":{"@id":"https:\/\/ihedn.fr\/en\/notre-actualite\/escale-a-toulon-pour-la-majeure-armement-et-economie-de-defense\/#primaryimage"},"thumbnailUrl":"https:\/\/ihedn.fr\/wp-content\/uploads\/2023\/11\/Presentation-de-la-Force-daction-navale-a-bord-de-la-FDA-Chevalier-Paul-scaled.jpg","articleSection":["Notre actualit\u00e9"],"inLanguage":"en-GB"},{"@type":"WebPage","@id":"https:\/\/ihedn.fr\/en\/notre-actualite\/escale-a-toulon-pour-la-majeure-armement-et-economie-de-defense\/","url":"https:\/\/ihedn.fr\/en\/notre-actualite\/escale-a-toulon-pour-la-majeure-armement-et-economie-de-defense\/","name":"Stopover in Toulon for the \"Armaments and Defence Economics\" major - L'IHEDN : Institut des hautes \u00e9tudes de d\u00e9fense nationale (Graduate Institute of National Defence Studies)","isPartOf":{"@id":"https:\/\/ihedn.fr\/#website"},"primaryImageOfPage":{"@id":"https:\/\/ihedn.fr\/en\/notre-actualite\/escale-a-toulon-pour-la-majeure-armement-et-economie-de-defense\/#primaryimage"},"image":{"@id":"https:\/\/ihedn.fr\/en\/notre-actualite\/escale-a-toulon-pour-la-majeure-armement-et-economie-de-defense\/#primaryimage"},"thumbnailUrl":"https:\/\/ihedn.fr\/wp-content\/uploads\/2023\/11\/Presentation-de-la-Force-daction-navale-a-bord-de-la-FDA-Chevalier-Paul-scaled.jpg","datePublished":"2023-11-24T10:40:52+00:00","dateModified":"2023-11-24T10:42:40+00:00","breadcrumb":{"@id":"https:\/\/ihedn.fr\/en\/notre-actualite\/escale-a-toulon-pour-la-majeure-armement-et-economie-de-defense\/#breadcrumb"},"inLanguage":"en-GB","potentialAction":[{"@type":"ReadAction","target":["https:\/\/ihedn.fr\/en\/notre-actualite\/escale-a-toulon-pour-la-majeure-armement-et-economie-de-defense\/"]}]},{"@type":"ImageObject","inLanguage":"en-GB","@id":"https:\/\/ihedn.fr\/en\/notre-actualite\/escale-a-toulon-pour-la-majeure-armement-et-economie-de-defense\/#primaryimage","url":"https:\/\/ihedn.fr\/wp-content\/uploads\/2023\/11\/Presentation-de-la-Force-daction-navale-a-bord-de-la-FDA-Chevalier-Paul-scaled.jpg","contentUrl":"https:\/\/ihedn.fr\/wp-content\/uploads\/2023\/11\/Presentation-de-la-Force-daction-navale-a-bord-de-la-FDA-Chevalier-Paul-scaled.jpg","width":2560,"height":1920,"caption":"la majeure \u00ab Armement et \u00e9conomie de d\u00e9fense \u00bb en visite \u00e0 Toulon"},{"@type":"BreadcrumbList","@id":"https:\/\/ihedn.fr\/en\/notre-actualite\/escale-a-toulon-pour-la-majeure-armement-et-economie-de-defense\/#breadcrumb","itemListElement":[{"@type":"ListItem","position":1,"name":"Accueil","item":"https:\/\/ihedn.fr\/"},{"@type":"ListItem","position":2,"name":"Escale \u00e0 Toulon pour la majeure \u00ab Armement et \u00e9conomie de d\u00e9fense \u00bb"}]},{"@type":"WebSite","@id":"https:\/\/ihedn.fr\/#website","url":"https:\/\/ihedn.fr\/","name":"IHEDN: Institut des hautes \u00e9tudes de d\u00e9fense nationale (Institute for Higher National Defence Studies)","description":"Official website of the IHEDN under the supervision of the Prime Minister.","publisher":{"@id":"https:\/\/ihedn.fr\/#organization"},"potentialAction":[{"@type":"SearchAction","target":{"@type":"EntryPoint","urlTemplate":"https:\/\/ihedn.fr\/?s={search_term_string}"},"query-input":{"@type":"PropertyValueSpecification","valueRequired":true,"valueName":"search_term_string"}}],"inLanguage":"en-GB"},{"@type":"Organization","@id":"https:\/\/ihedn.fr\/#organization","name":"IHEDN - Institute for Higher National Defence Studies","url":"https:\/\/ihedn.fr\/","logo":{"@type":"ImageObject","inLanguage":"en-GB","@id":"https:\/\/ihedn.fr\/#\/schema\/logo\/image\/","url":"https:\/\/ihedn.fr\/wp-content\/uploads\/2020\/11\/BLOC_RF_IHEDN_WEB.png","contentUrl":"https:\/\/ihedn.fr\/wp-content\/uploads\/2020\/11\/BLOC_RF_IHEDN_WEB.png","width":500,"height":237,"caption":"IHEDN - Institut des Hautes Etudes de D\u00e9fense Nationale"},"image":{"@id":"https:\/\/ihedn.fr\/#\/schema\/logo\/image\/"},"sameAs":["https:\/\/www.facebook.com\/ihedn\/","https:\/\/x.com\/IHEDN","https:\/\/www.instagram.com\/ihedn\/","https:\/\/www.linkedin.com\/school\/ihedn\/","https:\/\/fr.wikipedia.org\/wiki\/Institut_des_hautes_\u00e9tudes_de_D\u00e9fense_nationale"]},{"@type":"Person","@id":"https:\/\/ihedn.fr\/#\/schema\/person\/ed217a37104b27a246b200e65b827cc7","name":"tanguy.morel@ihedn.fr","image":{"@type":"ImageObject","inLanguage":"en-GB","@id":"https:\/\/secure.gravatar.com\/avatar\/36877cd30919fafddf1f9da45f4154aa468a64328452f2ceaff0968772207348?s=96&d=mm&r=g","url":"https:\/\/secure.gravatar.com\/avatar\/36877cd30919fafddf1f9da45f4154aa468a64328452f2ceaff0968772207348?s=96&d=mm&r=g","contentUrl":"https:\/\/secure.gravatar.com\/avatar\/36877cd30919fafddf1f9da45f4154aa468a64328452f2ceaff0968772207348?s=96&d=mm&r=g","caption":"tanguy.morel@ihedn.fr"},"url":"https:\/\/ihedn.fr\/en\/author\/tanguy-morelihedn-fr\/"}]}},"publishpress_future_action":{"enabled":false,"date":"2026-05-09 04:17:54","action":"change-status","newStatus":"draft","terms":[],"taxonomy":"category","extraData":[]},"publishpress_future_workflow_manual_trigger":{"enabledWorkflows":[]},"_links":{"self":[{"href":"https:\/\/ihedn.fr\/en\/wp-json\/wp\/v2\/posts\/44133","targetHints":{"allow":["GET"]}}],"collection":[{"href":"https:\/\/ihedn.fr\/en\/wp-json\/wp\/v2\/posts"}],"about":[{"href":"https:\/\/ihedn.fr\/en\/wp-json\/wp\/v2\/types\/post"}],"author":[{"embeddable":true,"href":"https:\/\/ihedn.fr\/en\/wp-json\/wp\/v2\/users\/10"}],"replies":[{"embeddable":true,"href":"https:\/\/ihedn.fr\/en\/wp-json\/wp\/v2\/comments?post=44133"}],"version-history":[{"count":4,"href":"https:\/\/ihedn.fr\/en\/wp-json\/wp\/v2\/posts\/44133\/revisions"}],"predecessor-version":[{"id":44142,"href":"https:\/\/ihedn.fr\/en\/wp-json\/wp\/v2\/posts\/44133\/revisions\/44142"}],"wp:featuredmedia":[{"embeddable":true,"href":"https:\/\/ihedn.fr\/en\/wp-json\/wp\/v2\/media\/44137"}],"wp:attachment":[{"href":"https:\/\/ihedn.fr\/en\/wp-json\/wp\/v2\/media?parent=44133"}],"wp:term":[{"taxonomy":"category","embeddable":true,"href":"https:\/\/ihedn.fr\/en\/wp-json\/wp\/v2\/categories?post=44133"},{"taxonomy":"post_tag","embeddable":true,"href":"https:\/\/ihedn.fr\/en\/wp-json\/wp\/v2\/tags?post=44133"}],"curies":[{"name":"wp","href":"https:\/\/api.w.org\/{rel}","templated":true}]}}