{"id":44240,"date":"2023-11-30T15:17:23","date_gmt":"2023-11-30T14:17:23","guid":{"rendered":"https:\/\/ihedn.fr\/?p=44240"},"modified":"2023-11-30T15:17:23","modified_gmt":"2023-11-30T14:17:23","slug":"lyon-accueille-un-cycle-en-intelligence-economique-et-strategique","status":"publish","type":"post","link":"https:\/\/ihedn.fr\/en\/notre-actualite\/lyon-accueille-un-cycle-en-intelligence-economique-et-strategique\/","title":{"rendered":"Lyon hosts a course in Economic and Strategic Intelligence"},"content":{"rendered":"<div data-elementor-type=\"wp-post\" data-elementor-id=\"44240\" class=\"elementor elementor-44240\" data-elementor-post-type=\"post\">\n\t\t\t\t\t\t<section data-particle_enable=\"false\" data-particle-mobile-disabled=\"false\" class=\"elementor-section elementor-top-section elementor-element elementor-element-04fef2b elementor-section-boxed elementor-section-height-default elementor-section-height-default\" data-id=\"04fef2b\" data-element_type=\"section\" data-e-type=\"section\">\n\t\t\t\t\t\t<div class=\"elementor-container elementor-column-gap-default\">\n\t\t\t\t\t<div class=\"elementor-column elementor-col-100 elementor-top-column elementor-element elementor-element-634f261\" data-id=\"634f261\" data-element_type=\"column\" data-e-type=\"column\">\n\t\t\t<div class=\"elementor-widget-wrap elementor-element-populated\">\n\t\t\t\t\t\t<div class=\"elementor-element elementor-element-ae814b3 elementor-widget-divider--view-line elementor-widget elementor-widget-divider\" data-id=\"ae814b3\" data-element_type=\"widget\" data-e-type=\"widget\" data-widget_type=\"divider.default\">\n\t\t\t\t<div class=\"elementor-widget-container\">\n\t\t\t\t\t\t\t<div class=\"elementor-divider\">\n\t\t\t<span class=\"elementor-divider-separator\">\n\t\t\t\t\t\t<\/span>\n\t\t<\/div>\n\t\t\t\t\t\t<\/div>\n\t\t\t\t<\/div>\n\t\t\t\t<div class=\"elementor-element elementor-element-4bdf21a elementor-widget elementor-widget-text-editor\" data-id=\"4bdf21a\" data-element_type=\"widget\" data-e-type=\"widget\" data-widget_type=\"text-editor.default\">\n\t\t\t\t<div class=\"elementor-widget-container\">\n\t\t\t\t\t\t\t\t\t<p>In order to adapt its training to the regions, IHEDN has teamed up with local partners, including: the Regional Directorates for the Economy, Employment, Labour and Solidarity; the National Agency for Information Systems Security (ANSSI) and the Lyon Academic School for Continuing Education.<\/p><p>The programme includes 49 hours of lectures on the key themes of international competition, such as economic security, monitoring and OSINT, cybersecurity, influence and lobbying, and compliance.<\/p><p>This exciting course, which brings together experts from both the public and private sectors, consists of :\u00a0<\/p><ul><li>a presentation of the government departments responsible for combating interference and defending our economic interests (the Defence Intelligence and Security Directorate, the General Directorate for External Security, the General Directorate for Internal Security, the Strategic Information and Economic Security Department, the National Agency for Information Systems Security, the French Anti-Corruption Agency).<\/li><\/ul><p>\u00a0<\/p><ul><li>an introduction to economic and strategic intelligence<\/li><\/ul><p>\u00a0<\/p><ul><li>familiarisation with OSINT monitoring tools and awareness of France's digital sovereignty<\/li><\/ul><p>\u00a0<\/p><ul><li>an understanding of the challenges of influence and lobbying<\/li><\/ul><p>\u00a0<\/p><ul><li>familiarisation with compliance, extraterritoriality and the fight against corruption through powerful and concrete accounts of economic confrontation manoeuvres<\/li><\/ul><p>\u00a0<\/p><p>Coming up: from 30 January to 7 February 2024 in Paris, IHEDN will be organising the 83rd Economic and Strategic Intelligence course.<\/p><p>Register now: <a href=\"https:\/\/ihedn.fr\/en\/2023\/11\/22\/83e-cycle-en-intelligence-economique-et-strategique\/\">https:\/\/ihedn.fr\/2023\/11\/22\/83e-cycle-en-intelligence-economique-et-strategique\/<\/a><\/p>\t\t\t\t\t\t\t\t<\/div>\n\t\t\t\t<\/div>\n\t\t\t\t\t<\/div>\n\t\t<\/div>\n\t\t\t\t\t<\/div>\n\t\t<\/section>\n\t\t\t\t<\/div>","protected":false},"excerpt":{"rendered":"<p>The 82nd Cycle in Economic and Strategic Intelligence (IES) is taking place for the first time in Lyon, from 28 November to 6 December. <\/p>","protected":false},"author":10,"featured_media":44241,"comment_status":"closed","ping_status":"closed","sticky":false,"template":"","format":"standard","meta":{"footnotes":""},"categories":[172],"tags":[],"class_list":["post-44240","post","type-post","status-publish","format-standard","has-post-thumbnail","hentry","category-notre-actualite"],"yoast_head":"<!-- This site is optimized with the Yoast SEO plugin v27.5 - https:\/\/yoast.com\/product\/yoast-seo-wordpress\/ -->\n<title>Lyon accueille un cycle en Intelligence \u00e9conomique et strat\u00e9gique - L&#039;IHEDN : Institut des hautes \u00e9tudes de d\u00e9fense nationale<\/title>\n<meta name=\"robots\" content=\"index, follow, max-snippet:-1, max-image-preview:large, max-video-preview:-1\" \/>\n<link rel=\"canonical\" href=\"https:\/\/ihedn.fr\/en\/notre-actualite\/lyon-accueille-un-cycle-en-intelligence-economique-et-strategique\/\" \/>\n<meta property=\"og:locale\" content=\"en_GB\" \/>\n<meta property=\"og:type\" content=\"article\" \/>\n<meta property=\"og:title\" content=\"Lyon accueille un cycle en Intelligence \u00e9conomique et strat\u00e9gique\" \/>\n<meta property=\"og:description\" content=\"Le 82\u00e8me Cycle en Intelligence \u00e9conomique et strat\u00e9gique (IES) se d\u00e9roule pour la premi\u00e8re fois en r\u00e9gion, \u00e0 Lyon, du 28 novembre au 6 d\u00e9cembre.\" \/>\n<meta property=\"og:url\" content=\"https:\/\/ihedn.fr\/en\/notre-actualite\/lyon-accueille-un-cycle-en-intelligence-economique-et-strategique\/\" \/>\n<meta property=\"og:site_name\" content=\"L&#039;IHEDN : Institut des hautes \u00e9tudes de d\u00e9fense nationale\" \/>\n<meta property=\"article:publisher\" content=\"https:\/\/www.facebook.com\/ihedn\/\" \/>\n<meta property=\"article:published_time\" content=\"2023-11-30T14:17:23+00:00\" \/>\n<meta property=\"og:image\" content=\"https:\/\/ihedn.fr\/wp-content\/uploads\/2023\/11\/Gendarmerie.jpg\" \/>\n\t<meta property=\"og:image:width\" content=\"1600\" \/>\n\t<meta property=\"og:image:height\" content=\"1158\" \/>\n\t<meta property=\"og:image:type\" content=\"image\/jpeg\" \/>\n<meta name=\"author\" content=\"tanguy.morel@ihedn.fr\" \/>\n<meta name=\"twitter:card\" content=\"summary_large_image\" \/>\n<meta name=\"twitter:title\" content=\"Lyon accueille un cycle en Intelligence \u00e9conomique et strat\u00e9gique\" \/>\n<meta name=\"twitter:description\" content=\"Le 82\u00e8me Cycle en Intelligence \u00e9conomique et strat\u00e9gique (IES) se d\u00e9roule pour la premi\u00e8re fois en r\u00e9gion, \u00e0 Lyon, du 28 novembre au 6 d\u00e9cembre.\" \/>\n<meta name=\"twitter:image\" content=\"https:\/\/ihedn.fr\/wp-content\/uploads\/2023\/11\/PHOTO-2023-11-28-09-36-55-002.jpg\" \/>\n<meta name=\"twitter:creator\" content=\"@IHEDN\" \/>\n<meta name=\"twitter:site\" content=\"@IHEDN\" \/>\n<meta name=\"twitter:label1\" content=\"Written by\" \/>\n\t<meta name=\"twitter:data1\" content=\"tanguy.morel@ihedn.fr\" \/>\n\t<meta name=\"twitter:label2\" content=\"Estimated reading time\" \/>\n\t<meta name=\"twitter:data2\" content=\"2 minutes\" \/>\n<script type=\"application\/ld+json\" class=\"yoast-schema-graph\">{\"@context\":\"https:\\\/\\\/schema.org\",\"@graph\":[{\"@type\":\"Article\",\"@id\":\"https:\\\/\\\/ihedn.fr\\\/en\\\/notre-actualite\\\/lyon-accueille-un-cycle-en-intelligence-economique-et-strategique\\\/#article\",\"isPartOf\":{\"@id\":\"https:\\\/\\\/ihedn.fr\\\/en\\\/notre-actualite\\\/lyon-accueille-un-cycle-en-intelligence-economique-et-strategique\\\/\"},\"author\":{\"name\":\"tanguy.morel@ihedn.fr\",\"@id\":\"https:\\\/\\\/ihedn.fr\\\/#\\\/schema\\\/person\\\/ed217a37104b27a246b200e65b827cc7\"},\"headline\":\"Lyon accueille un cycle en Intelligence \u00e9conomique et strat\u00e9gique\",\"datePublished\":\"2023-11-30T14:17:23+00:00\",\"mainEntityOfPage\":{\"@id\":\"https:\\\/\\\/ihedn.fr\\\/en\\\/notre-actualite\\\/lyon-accueille-un-cycle-en-intelligence-economique-et-strategique\\\/\"},\"wordCount\":314,\"publisher\":{\"@id\":\"https:\\\/\\\/ihedn.fr\\\/#organization\"},\"image\":{\"@id\":\"https:\\\/\\\/ihedn.fr\\\/en\\\/notre-actualite\\\/lyon-accueille-un-cycle-en-intelligence-economique-et-strategique\\\/#primaryimage\"},\"thumbnailUrl\":\"https:\\\/\\\/ihedn.fr\\\/wp-content\\\/uploads\\\/2023\\\/11\\\/PHOTO-2023-11-28-09-36-55-002.jpg\",\"articleSection\":[\"Notre actualit\u00e9\"],\"inLanguage\":\"en-GB\"},{\"@type\":\"WebPage\",\"@id\":\"https:\\\/\\\/ihedn.fr\\\/en\\\/notre-actualite\\\/lyon-accueille-un-cycle-en-intelligence-economique-et-strategique\\\/\",\"url\":\"https:\\\/\\\/ihedn.fr\\\/en\\\/notre-actualite\\\/lyon-accueille-un-cycle-en-intelligence-economique-et-strategique\\\/\",\"name\":\"Lyon accueille un cycle en Intelligence \u00e9conomique et strat\u00e9gique - L&#039;IHEDN : Institut des hautes \u00e9tudes de d\u00e9fense nationale\",\"isPartOf\":{\"@id\":\"https:\\\/\\\/ihedn.fr\\\/#website\"},\"primaryImageOfPage\":{\"@id\":\"https:\\\/\\\/ihedn.fr\\\/en\\\/notre-actualite\\\/lyon-accueille-un-cycle-en-intelligence-economique-et-strategique\\\/#primaryimage\"},\"image\":{\"@id\":\"https:\\\/\\\/ihedn.fr\\\/en\\\/notre-actualite\\\/lyon-accueille-un-cycle-en-intelligence-economique-et-strategique\\\/#primaryimage\"},\"thumbnailUrl\":\"https:\\\/\\\/ihedn.fr\\\/wp-content\\\/uploads\\\/2023\\\/11\\\/PHOTO-2023-11-28-09-36-55-002.jpg\",\"datePublished\":\"2023-11-30T14:17:23+00:00\",\"breadcrumb\":{\"@id\":\"https:\\\/\\\/ihedn.fr\\\/en\\\/notre-actualite\\\/lyon-accueille-un-cycle-en-intelligence-economique-et-strategique\\\/#breadcrumb\"},\"inLanguage\":\"en-GB\",\"potentialAction\":[{\"@type\":\"ReadAction\",\"target\":[\"https:\\\/\\\/ihedn.fr\\\/en\\\/notre-actualite\\\/lyon-accueille-un-cycle-en-intelligence-economique-et-strategique\\\/\"]}]},{\"@type\":\"ImageObject\",\"inLanguage\":\"en-GB\",\"@id\":\"https:\\\/\\\/ihedn.fr\\\/en\\\/notre-actualite\\\/lyon-accueille-un-cycle-en-intelligence-economique-et-strategique\\\/#primaryimage\",\"url\":\"https:\\\/\\\/ihedn.fr\\\/wp-content\\\/uploads\\\/2023\\\/11\\\/PHOTO-2023-11-28-09-36-55-002.jpg\",\"contentUrl\":\"https:\\\/\\\/ihedn.fr\\\/wp-content\\\/uploads\\\/2023\\\/11\\\/PHOTO-2023-11-28-09-36-55-002.jpg\",\"width\":1536,\"height\":1424,\"caption\":\"Ouverture du 82\u00e8me Cycle en Intelligence \u00e9conomique et strat\u00e9gique (IES) \u00e0 Lyon\"},{\"@type\":\"BreadcrumbList\",\"@id\":\"https:\\\/\\\/ihedn.fr\\\/en\\\/notre-actualite\\\/lyon-accueille-un-cycle-en-intelligence-economique-et-strategique\\\/#breadcrumb\",\"itemListElement\":[{\"@type\":\"ListItem\",\"position\":1,\"name\":\"Accueil\",\"item\":\"https:\\\/\\\/ihedn.fr\\\/\"},{\"@type\":\"ListItem\",\"position\":2,\"name\":\"Lyon accueille un cycle en Intelligence \u00e9conomique et strat\u00e9gique\"}]},{\"@type\":\"WebSite\",\"@id\":\"https:\\\/\\\/ihedn.fr\\\/#website\",\"url\":\"https:\\\/\\\/ihedn.fr\\\/\",\"name\":\"IHEDN : Institut des hautes \u00e9tudes de d\u00e9fense nationale |\",\"description\":\"Site officiel de l&#039;IHEDN plac\u00e9 sous la tutelle du Premier ministre.\",\"publisher\":{\"@id\":\"https:\\\/\\\/ihedn.fr\\\/#organization\"},\"potentialAction\":[{\"@type\":\"SearchAction\",\"target\":{\"@type\":\"EntryPoint\",\"urlTemplate\":\"https:\\\/\\\/ihedn.fr\\\/?s={search_term_string}\"},\"query-input\":{\"@type\":\"PropertyValueSpecification\",\"valueRequired\":true,\"valueName\":\"search_term_string\"}}],\"inLanguage\":\"en-GB\"},{\"@type\":\"Organization\",\"@id\":\"https:\\\/\\\/ihedn.fr\\\/#organization\",\"name\":\"IHEDN - Institut des Hautes Etudes de D\u00e9fense Nationale\",\"url\":\"https:\\\/\\\/ihedn.fr\\\/\",\"logo\":{\"@type\":\"ImageObject\",\"inLanguage\":\"en-GB\",\"@id\":\"https:\\\/\\\/ihedn.fr\\\/#\\\/schema\\\/logo\\\/image\\\/\",\"url\":\"https:\\\/\\\/ihedn.fr\\\/wp-content\\\/uploads\\\/2020\\\/11\\\/BLOC_RF_IHEDN_WEB.png\",\"contentUrl\":\"https:\\\/\\\/ihedn.fr\\\/wp-content\\\/uploads\\\/2020\\\/11\\\/BLOC_RF_IHEDN_WEB.png\",\"width\":500,\"height\":237,\"caption\":\"IHEDN - Institut des Hautes Etudes de D\u00e9fense Nationale\"},\"image\":{\"@id\":\"https:\\\/\\\/ihedn.fr\\\/#\\\/schema\\\/logo\\\/image\\\/\"},\"sameAs\":[\"https:\\\/\\\/www.facebook.com\\\/ihedn\\\/\",\"https:\\\/\\\/x.com\\\/IHEDN\",\"https:\\\/\\\/www.instagram.com\\\/ihedn\\\/\",\"https:\\\/\\\/www.linkedin.com\\\/school\\\/ihedn\\\/\",\"https:\\\/\\\/fr.wikipedia.org\\\/wiki\\\/Institut_des_hautes_\u00e9tudes_de_D\u00e9fense_nationale\"]},{\"@type\":\"Person\",\"@id\":\"https:\\\/\\\/ihedn.fr\\\/#\\\/schema\\\/person\\\/ed217a37104b27a246b200e65b827cc7\",\"name\":\"tanguy.morel@ihedn.fr\",\"image\":{\"@type\":\"ImageObject\",\"inLanguage\":\"en-GB\",\"@id\":\"https:\\\/\\\/secure.gravatar.com\\\/avatar\\\/36877cd30919fafddf1f9da45f4154aa468a64328452f2ceaff0968772207348?s=96&d=mm&r=g\",\"url\":\"https:\\\/\\\/secure.gravatar.com\\\/avatar\\\/36877cd30919fafddf1f9da45f4154aa468a64328452f2ceaff0968772207348?s=96&d=mm&r=g\",\"contentUrl\":\"https:\\\/\\\/secure.gravatar.com\\\/avatar\\\/36877cd30919fafddf1f9da45f4154aa468a64328452f2ceaff0968772207348?s=96&d=mm&r=g\",\"caption\":\"tanguy.morel@ihedn.fr\"},\"url\":\"https:\\\/\\\/ihedn.fr\\\/en\\\/author\\\/tanguy-morelihedn-fr\\\/\"}]}<\/script>\n<!-- \/ Yoast SEO plugin. -->","yoast_head_json":{"title":"Lyon hosts a course in Economic and Strategic Intelligence - IHEDN: Institut des hautes \u00e9tudes de d\u00e9fense nationale (Graduate Institute of National Defence)","robots":{"index":"index","follow":"follow","max-snippet":"max-snippet:-1","max-image-preview":"max-image-preview:large","max-video-preview":"max-video-preview:-1"},"canonical":"https:\/\/ihedn.fr\/en\/notre-actualite\/lyon-accueille-un-cycle-en-intelligence-economique-et-strategique\/","og_locale":"en_GB","og_type":"article","og_title":"Lyon accueille un cycle en Intelligence \u00e9conomique et strat\u00e9gique","og_description":"Le 82\u00e8me Cycle en Intelligence \u00e9conomique et strat\u00e9gique (IES) se d\u00e9roule pour la premi\u00e8re fois en r\u00e9gion, \u00e0 Lyon, du 28 novembre au 6 d\u00e9cembre.","og_url":"https:\/\/ihedn.fr\/en\/notre-actualite\/lyon-accueille-un-cycle-en-intelligence-economique-et-strategique\/","og_site_name":"L&#039;IHEDN : Institut des hautes \u00e9tudes de d\u00e9fense nationale","article_publisher":"https:\/\/www.facebook.com\/ihedn\/","article_published_time":"2023-11-30T14:17:23+00:00","og_image":[{"width":1600,"height":1158,"url":"https:\/\/ihedn.fr\/wp-content\/uploads\/2023\/11\/Gendarmerie.jpg","type":"image\/jpeg"}],"author":"tanguy.morel@ihedn.fr","twitter_card":"summary_large_image","twitter_title":"Lyon accueille un cycle en Intelligence \u00e9conomique et strat\u00e9gique","twitter_description":"Le 82\u00e8me Cycle en Intelligence \u00e9conomique et strat\u00e9gique (IES) se d\u00e9roule pour la premi\u00e8re fois en r\u00e9gion, \u00e0 Lyon, du 28 novembre au 6 d\u00e9cembre.","twitter_image":"https:\/\/ihedn.fr\/wp-content\/uploads\/2023\/11\/PHOTO-2023-11-28-09-36-55-002.jpg","twitter_creator":"@IHEDN","twitter_site":"@IHEDN","twitter_misc":{"Written by":"tanguy.morel@ihedn.fr","Estimated reading time":"2 minutes"},"schema":{"@context":"https:\/\/schema.org","@graph":[{"@type":"Article","@id":"https:\/\/ihedn.fr\/en\/notre-actualite\/lyon-accueille-un-cycle-en-intelligence-economique-et-strategique\/#article","isPartOf":{"@id":"https:\/\/ihedn.fr\/en\/notre-actualite\/lyon-accueille-un-cycle-en-intelligence-economique-et-strategique\/"},"author":{"name":"tanguy.morel@ihedn.fr","@id":"https:\/\/ihedn.fr\/#\/schema\/person\/ed217a37104b27a246b200e65b827cc7"},"headline":"Lyon accueille un cycle en Intelligence \u00e9conomique et strat\u00e9gique","datePublished":"2023-11-30T14:17:23+00:00","mainEntityOfPage":{"@id":"https:\/\/ihedn.fr\/en\/notre-actualite\/lyon-accueille-un-cycle-en-intelligence-economique-et-strategique\/"},"wordCount":314,"publisher":{"@id":"https:\/\/ihedn.fr\/#organization"},"image":{"@id":"https:\/\/ihedn.fr\/en\/notre-actualite\/lyon-accueille-un-cycle-en-intelligence-economique-et-strategique\/#primaryimage"},"thumbnailUrl":"https:\/\/ihedn.fr\/wp-content\/uploads\/2023\/11\/PHOTO-2023-11-28-09-36-55-002.jpg","articleSection":["Notre actualit\u00e9"],"inLanguage":"en-GB"},{"@type":"WebPage","@id":"https:\/\/ihedn.fr\/en\/notre-actualite\/lyon-accueille-un-cycle-en-intelligence-economique-et-strategique\/","url":"https:\/\/ihedn.fr\/en\/notre-actualite\/lyon-accueille-un-cycle-en-intelligence-economique-et-strategique\/","name":"Lyon hosts a course in Economic and Strategic Intelligence - IHEDN: Institut des hautes \u00e9tudes de d\u00e9fense nationale (Graduate Institute of National Defence)","isPartOf":{"@id":"https:\/\/ihedn.fr\/#website"},"primaryImageOfPage":{"@id":"https:\/\/ihedn.fr\/en\/notre-actualite\/lyon-accueille-un-cycle-en-intelligence-economique-et-strategique\/#primaryimage"},"image":{"@id":"https:\/\/ihedn.fr\/en\/notre-actualite\/lyon-accueille-un-cycle-en-intelligence-economique-et-strategique\/#primaryimage"},"thumbnailUrl":"https:\/\/ihedn.fr\/wp-content\/uploads\/2023\/11\/PHOTO-2023-11-28-09-36-55-002.jpg","datePublished":"2023-11-30T14:17:23+00:00","breadcrumb":{"@id":"https:\/\/ihedn.fr\/en\/notre-actualite\/lyon-accueille-un-cycle-en-intelligence-economique-et-strategique\/#breadcrumb"},"inLanguage":"en-GB","potentialAction":[{"@type":"ReadAction","target":["https:\/\/ihedn.fr\/en\/notre-actualite\/lyon-accueille-un-cycle-en-intelligence-economique-et-strategique\/"]}]},{"@type":"ImageObject","inLanguage":"en-GB","@id":"https:\/\/ihedn.fr\/en\/notre-actualite\/lyon-accueille-un-cycle-en-intelligence-economique-et-strategique\/#primaryimage","url":"https:\/\/ihedn.fr\/wp-content\/uploads\/2023\/11\/PHOTO-2023-11-28-09-36-55-002.jpg","contentUrl":"https:\/\/ihedn.fr\/wp-content\/uploads\/2023\/11\/PHOTO-2023-11-28-09-36-55-002.jpg","width":1536,"height":1424,"caption":"Ouverture du 82\u00e8me Cycle en Intelligence \u00e9conomique et strat\u00e9gique (IES) \u00e0 Lyon"},{"@type":"BreadcrumbList","@id":"https:\/\/ihedn.fr\/en\/notre-actualite\/lyon-accueille-un-cycle-en-intelligence-economique-et-strategique\/#breadcrumb","itemListElement":[{"@type":"ListItem","position":1,"name":"Accueil","item":"https:\/\/ihedn.fr\/"},{"@type":"ListItem","position":2,"name":"Lyon accueille un cycle en Intelligence \u00e9conomique et strat\u00e9gique"}]},{"@type":"WebSite","@id":"https:\/\/ihedn.fr\/#website","url":"https:\/\/ihedn.fr\/","name":"IHEDN: Institut des hautes \u00e9tudes de d\u00e9fense nationale (Institute for Higher National Defence Studies)","description":"Official website of the IHEDN under the supervision of the Prime Minister.","publisher":{"@id":"https:\/\/ihedn.fr\/#organization"},"potentialAction":[{"@type":"SearchAction","target":{"@type":"EntryPoint","urlTemplate":"https:\/\/ihedn.fr\/?s={search_term_string}"},"query-input":{"@type":"PropertyValueSpecification","valueRequired":true,"valueName":"search_term_string"}}],"inLanguage":"en-GB"},{"@type":"Organization","@id":"https:\/\/ihedn.fr\/#organization","name":"IHEDN - Institute for Higher National Defence Studies","url":"https:\/\/ihedn.fr\/","logo":{"@type":"ImageObject","inLanguage":"en-GB","@id":"https:\/\/ihedn.fr\/#\/schema\/logo\/image\/","url":"https:\/\/ihedn.fr\/wp-content\/uploads\/2020\/11\/BLOC_RF_IHEDN_WEB.png","contentUrl":"https:\/\/ihedn.fr\/wp-content\/uploads\/2020\/11\/BLOC_RF_IHEDN_WEB.png","width":500,"height":237,"caption":"IHEDN - Institut des Hautes Etudes de D\u00e9fense Nationale"},"image":{"@id":"https:\/\/ihedn.fr\/#\/schema\/logo\/image\/"},"sameAs":["https:\/\/www.facebook.com\/ihedn\/","https:\/\/x.com\/IHEDN","https:\/\/www.instagram.com\/ihedn\/","https:\/\/www.linkedin.com\/school\/ihedn\/","https:\/\/fr.wikipedia.org\/wiki\/Institut_des_hautes_\u00e9tudes_de_D\u00e9fense_nationale"]},{"@type":"Person","@id":"https:\/\/ihedn.fr\/#\/schema\/person\/ed217a37104b27a246b200e65b827cc7","name":"tanguy.morel@ihedn.fr","image":{"@type":"ImageObject","inLanguage":"en-GB","@id":"https:\/\/secure.gravatar.com\/avatar\/36877cd30919fafddf1f9da45f4154aa468a64328452f2ceaff0968772207348?s=96&d=mm&r=g","url":"https:\/\/secure.gravatar.com\/avatar\/36877cd30919fafddf1f9da45f4154aa468a64328452f2ceaff0968772207348?s=96&d=mm&r=g","contentUrl":"https:\/\/secure.gravatar.com\/avatar\/36877cd30919fafddf1f9da45f4154aa468a64328452f2ceaff0968772207348?s=96&d=mm&r=g","caption":"tanguy.morel@ihedn.fr"},"url":"https:\/\/ihedn.fr\/en\/author\/tanguy-morelihedn-fr\/"}]}},"publishpress_future_action":{"enabled":false,"date":"2026-05-09 04:17:55","action":"change-status","newStatus":"draft","terms":[],"taxonomy":"category","extraData":[]},"publishpress_future_workflow_manual_trigger":{"enabledWorkflows":[]},"_links":{"self":[{"href":"https:\/\/ihedn.fr\/en\/wp-json\/wp\/v2\/posts\/44240","targetHints":{"allow":["GET"]}}],"collection":[{"href":"https:\/\/ihedn.fr\/en\/wp-json\/wp\/v2\/posts"}],"about":[{"href":"https:\/\/ihedn.fr\/en\/wp-json\/wp\/v2\/types\/post"}],"author":[{"embeddable":true,"href":"https:\/\/ihedn.fr\/en\/wp-json\/wp\/v2\/users\/10"}],"replies":[{"embeddable":true,"href":"https:\/\/ihedn.fr\/en\/wp-json\/wp\/v2\/comments?post=44240"}],"version-history":[{"count":6,"href":"https:\/\/ihedn.fr\/en\/wp-json\/wp\/v2\/posts\/44240\/revisions"}],"predecessor-version":[{"id":44248,"href":"https:\/\/ihedn.fr\/en\/wp-json\/wp\/v2\/posts\/44240\/revisions\/44248"}],"wp:featuredmedia":[{"embeddable":true,"href":"https:\/\/ihedn.fr\/en\/wp-json\/wp\/v2\/media\/44241"}],"wp:attachment":[{"href":"https:\/\/ihedn.fr\/en\/wp-json\/wp\/v2\/media?parent=44240"}],"wp:term":[{"taxonomy":"category","embeddable":true,"href":"https:\/\/ihedn.fr\/en\/wp-json\/wp\/v2\/categories?post=44240"},{"taxonomy":"post_tag","embeddable":true,"href":"https:\/\/ihedn.fr\/en\/wp-json\/wp\/v2\/tags?post=44240"}],"curies":[{"name":"wp","href":"https:\/\/api.w.org\/{rel}","templated":true}]}}