{"id":44261,"date":"2023-12-04T17:06:13","date_gmt":"2023-12-04T16:06:13","guid":{"rendered":"https:\/\/ihedn.fr\/?p=44261"},"modified":"2023-12-04T17:07:04","modified_gmt":"2023-12-04T16:07:04","slug":"rapport-dinformation-sur-le-bilan-du-soutien-militaire-a-lukraine-presente-par-lionel-royer-perreaut-et-christophe-naegelen-n-1840","status":"publish","type":"post","link":"https:\/\/ihedn.fr\/en\/veille-strategique\/rapport-dinformation-sur-le-bilan-du-soutien-militaire-a-lukraine-presente-par-lionel-royer-perreaut-et-christophe-naegelen-n-1840\/","title":{"rendered":"Information report on the assessment of military support for Ukraine, submitted by Lionel ROYER-PERREAUT and Christophe NAEGELEN, No. 1840"},"content":{"rendered":"<div data-elementor-type=\"wp-post\" data-elementor-id=\"44261\" class=\"elementor elementor-44261\" data-elementor-post-type=\"post\">\n\t\t\t\t\t\t<section data-particle_enable=\"false\" data-particle-mobile-disabled=\"false\" class=\"elementor-section elementor-top-section elementor-element elementor-element-25cf675 elementor-section-boxed elementor-section-height-default elementor-section-height-default\" data-id=\"25cf675\" data-element_type=\"section\" data-e-type=\"section\">\n\t\t\t\t\t\t<div class=\"elementor-container elementor-column-gap-default\">\n\t\t\t\t\t<div class=\"elementor-column elementor-col-100 elementor-top-column elementor-element elementor-element-f3ba09f\" data-id=\"f3ba09f\" data-element_type=\"column\" data-e-type=\"column\">\n\t\t\t<div class=\"elementor-widget-wrap elementor-element-populated\">\n\t\t\t\t\t\t<div class=\"elementor-element elementor-element-254228e elementor-widget elementor-widget-text-editor\" data-id=\"254228e\" data-element_type=\"widget\" data-e-type=\"widget\" data-widget_type=\"text-editor.default\">\n\t\t\t\t<div class=\"elementor-widget-container\">\n\t\t\t\t\t\t\t\t\t<p>Violence in political activism is nothing new, but the aim of this report is to establish a diagnosis of the current situation. Which movements resort to violent action? What are their motives and where do they come from? From environmentalist occupations to accelerationism, a movement that preaches racial war and seeks to unleash it through attacks. Here we look at the threats of political violence hanging over the country.<\/p>\t\t\t\t\t\t\t\t<\/div>\n\t\t\t\t<\/div>\n\t\t\t\t\t<\/div>\n\t\t<\/div>\n\t\t\t\t\t<\/div>\n\t\t<\/section>\n\t\t\t\t<section data-particle_enable=\"false\" data-particle-mobile-disabled=\"false\" class=\"elementor-section elementor-top-section elementor-element elementor-element-56cf714 elementor-section-boxed elementor-section-height-default elementor-section-height-default\" data-id=\"56cf714\" data-element_type=\"section\" data-e-type=\"section\">\n\t\t\t\t\t\t<div class=\"elementor-container elementor-column-gap-default\">\n\t\t\t\t\t<div class=\"elementor-column elementor-col-50 elementor-top-column elementor-element elementor-element-8a23d72\" data-id=\"8a23d72\" data-element_type=\"column\" data-e-type=\"column\">\n\t\t\t<div class=\"elementor-widget-wrap elementor-element-populated\">\n\t\t\t\t\t\t<div class=\"elementor-element elementor-element-1d5cb98 elementor-widget elementor-widget-text-editor\" data-id=\"1d5cb98\" data-element_type=\"widget\" data-e-type=\"widget\" data-widget_type=\"text-editor.default\">\n\t\t\t\t<div class=\"elementor-widget-container\">\n\t\t\t\t\t\t\t\t\t<p><strong>Assembl\u00e9e Nationale, 8 November 2023<\/strong><\/p>\t\t\t\t\t\t\t\t<\/div>\n\t\t\t\t<\/div>\n\t\t\t\t\t<\/div>\n\t\t<\/div>\n\t\t\t\t<div class=\"elementor-column elementor-col-50 elementor-top-column elementor-element elementor-element-b25c284\" data-id=\"b25c284\" data-element_type=\"column\" data-e-type=\"column\">\n\t\t\t<div class=\"elementor-widget-wrap elementor-element-populated\">\n\t\t\t\t\t\t<div class=\"elementor-element elementor-element-d6cca6f elementor-align-right elementor-mobile-align-center elementor-widget-mobile__width-inherit elementor-invisible elementor-widget elementor-widget-button\" data-id=\"d6cca6f\" data-element_type=\"widget\" data-e-type=\"widget\" data-settings=\"{&quot;_animation&quot;:&quot;fadeInUp&quot;}\" data-widget_type=\"button.default\">\n\t\t\t\t<div class=\"elementor-widget-container\">\n\t\t\t\t\t\t\t\t\t<div class=\"elementor-button-wrapper\">\n\t\t\t\t\t<a class=\"elementor-button elementor-button-link elementor-size-xs\" href=\"https:\/\/www.assemblee-nationale.fr\/dyn\/16\/rapports\/cion_def\/l16b1840_rapport-information\" target=\"_blank\">\n\t\t\t\t\t\t<span class=\"elementor-button-content-wrapper\">\n\t\t\t\t\t\t<span class=\"elementor-button-icon\">\n\t\t\t\t<svg aria-hidden=\"true\" class=\"e-font-icon-svg e-fas-arrow-alt-circle-right\" viewbox=\"0 0 512 512\" xmlns=\"http:\/\/www.w3.org\/2000\/svg\"><path d=\"M256 8c137 0 248 111 248 248S393 504 256 504 8 393 8 256 119 8 256 8zM140 300h116v70.9c0 10.7 13 16.1 20.5 8.5l114.3-114.9c4.7-4.7 4.7-12.2 0-16.9l-114.3-115c-7.6-7.6-20.5-2.2-20.5 8.5V212H140c-6.6 0-12 5.4-12 12v64c0 6.6 5.4 12 12 12z\"><\/path><\/svg>\t\t\t<\/span>\n\t\t\t\t\t\t\t\t\t<span class=\"elementor-button-text\">Visit<\/span>\n\t\t\t\t\t<\/span>\n\t\t\t\t\t<\/a>\n\t\t\t\t<\/div>\n\t\t\t\t\t\t\t\t<\/div>\n\t\t\t\t<\/div>\n\t\t\t\t\t<\/div>\n\t\t<\/div>\n\t\t\t\t\t<\/div>\n\t\t<\/section>\n\t\t\t\t<\/div>","protected":false},"excerpt":{"rendered":"<p>La violence dans le militantisme politique n\u2019est pas une nouveaut\u00e9, il s\u2019agit cependant pour ce rapport d\u2019\u00e9tablir un diagnostic sur son actualit\u00e9. Quels mouvements sombrent dans l\u2019action violente\u2009? Avec quels motifs et sur quels terreaux\u2009? Des occupations \u00e9cologistes \u00e0 l\u2019acc\u00e9l\u00e9rationnisme, mouvement pr\u00eachant la guerre raciale et cherchant \u00e0 la d\u00e9clencher par le biais d\u2019attentats. Il [&hellip;]<\/p>\n","protected":false},"author":10,"featured_media":0,"comment_status":"closed","ping_status":"closed","sticky":false,"template":"","format":"standard","meta":{"footnotes":""},"categories":[177,175],"tags":[],"class_list":["post-44261","post","type-post","status-publish","format-standard","hentry","category-doc-institutionnel","category-veille-strategique"],"yoast_head":"<!-- This site is optimized with the Yoast SEO plugin v27.5 - https:\/\/yoast.com\/product\/yoast-seo-wordpress\/ -->\n<title>Rapport d\u2019information sur le bilan du soutien militaire \u00e0 l\u2019Ukraine, pr\u00e9sent\u00e9 par Lionel ROYER-PERREAUT et Christophe NAEGELEN, N\u00b0 1840 - L&#039;IHEDN : Institut des hautes \u00e9tudes de d\u00e9fense nationale<\/title>\n<meta name=\"description\" content=\"Les exportations d\u2019armes fran\u00e7aises ont, en 2022, atteint un chiffre \u00abhistorique \u00bb de pr\u00e8s de 27 milliards d\u2019euros. Cesexportations soulignent la qualit\u00e9 des \u00e9quipements militaires fran\u00e7ais mais incitent \u00e0 un effort essentiel en termes decontr\u00f4le ; en effet, il est n\u00e9cessaire de s\u2019assurer que ces exportations sont en coh\u00e9rence avec notre compr\u00e9hension desrapports g\u00e9opolitiques et la posture de la France en mati\u00e8re d\u2019export d\u2019armement. Ce rapport pose \u00e9galement la questiondu d\u00e9veloppement de nos industries de d\u00e9fense dans un contexte de menaces diverses.\" \/>\n<meta name=\"robots\" content=\"index, follow, max-snippet:-1, max-image-preview:large, max-video-preview:-1\" \/>\n<link rel=\"canonical\" href=\"https:\/\/ihedn.fr\/en\/comprendre\/veille-strategique\/rapport-dinformation-sur-le-bilan-du-soutien-militaire-a-lukraine-presente-par-lionel-royer-perreaut-et-christophe-naegelen-n-1840\/\" \/>\n<meta property=\"og:locale\" content=\"en_GB\" \/>\n<meta property=\"og:type\" content=\"article\" \/>\n<meta property=\"og:title\" content=\"Rapport d\u2019information sur le bilan du soutien militaire \u00e0 l\u2019Ukraine, pr\u00e9sent\u00e9 par Lionel ROYER-PERREAUT et Christophe NAEGELEN, N\u00b0 1840\" \/>\n<meta property=\"og:description\" content=\"Le soutien militaire accord\u00e9 \u00e0 l\u2019Ukraine par les pays europ\u00e9ens a jou\u00e9 un r\u00f4le fondamental dans le d\u00e9roulement du conflit. Ce rapport cherche \u00e0 mesurer l\u2019impact des envois fran\u00e7ais, tant sur le terrain militaire que dans l\u2019opinion publique ukrainienne. Une partie de ce rapport s\u2019attache \u00e9galement \u00e0 l\u2019impact de ces livraisons sur nos arm\u00e9es. Il faut garder \u00e0 l\u2019esprit que ce rapport fait l\u2019objet de critique quant \u00e0 sa m\u00e9thode de comptabilit\u00e9. Il s\u2019av\u00e8re n\u00e9cessaire de croiser ces donn\u00e9es avec celles du \u00ab\u2009Kiel Institute\u2009\u00bb qui comptabilise les aides \u00e9tatiques \u00e0 destination du gouvernement ukrainien.\" \/>\n<meta property=\"og:url\" content=\"https:\/\/ihedn.fr\/en\/comprendre\/veille-strategique\/rapport-dinformation-sur-le-bilan-du-soutien-militaire-a-lukraine-presente-par-lionel-royer-perreaut-et-christophe-naegelen-n-1840\/\" \/>\n<meta property=\"og:site_name\" content=\"L&#039;IHEDN : Institut des hautes \u00e9tudes de d\u00e9fense nationale\" \/>\n<meta property=\"article:publisher\" content=\"https:\/\/www.facebook.com\/ihedn\/\" \/>\n<meta property=\"article:published_time\" content=\"2023-12-04T16:06:13+00:00\" \/>\n<meta property=\"article:modified_time\" content=\"2023-12-04T16:07:04+00:00\" \/>\n<meta name=\"author\" content=\"tanguy.morel@ihedn.fr\" \/>\n<meta name=\"twitter:card\" content=\"summary_large_image\" \/>\n<meta name=\"twitter:title\" content=\"Rapport d\u2019information sur le bilan du soutien militaire \u00e0 l\u2019Ukraine, pr\u00e9sent\u00e9 par Lionel ROYER-PERREAUT et Christophe NAEGELEN, N\u00b0 1840\" \/>\n<meta name=\"twitter:description\" content=\"Le soutien militaire accord\u00e9 \u00e0 l\u2019Ukraine par les pays europ\u00e9ens a jou\u00e9 un r\u00f4le fondamental dans le d\u00e9roulement du conflit. Ce rapport cherche \u00e0 mesurer l\u2019impact des envois fran\u00e7ais, tant sur le terrain militaire que dans l\u2019opinion publique ukrainienne. Une partie de ce rapport s\u2019attache \u00e9galement \u00e0 l\u2019impact de ces livraisons sur nos arm\u00e9es. Il faut garder \u00e0 l\u2019esprit que ce rapport fait l\u2019objet de critique quant \u00e0 sa m\u00e9thode de comptabilit\u00e9. Il s\u2019av\u00e8re n\u00e9cessaire de croiser ces donn\u00e9es avec celles du \u00ab\u2009Kiel Institute\u2009\u00bb qui comptabilise les aides \u00e9tatiques \u00e0 destination du gouvernement ukrainien.\" \/>\n<meta name=\"twitter:creator\" content=\"@IHEDN\" \/>\n<meta name=\"twitter:site\" content=\"@IHEDN\" \/>\n<meta name=\"twitter:label1\" content=\"Written by\" \/>\n\t<meta name=\"twitter:data1\" content=\"tanguy.morel@ihedn.fr\" \/>\n\t<meta name=\"twitter:label2\" content=\"Estimated reading time\" \/>\n\t<meta name=\"twitter:data2\" content=\"1 minute\" \/>\n<script type=\"application\/ld+json\" class=\"yoast-schema-graph\">{\"@context\":\"https:\\\/\\\/schema.org\",\"@graph\":[{\"@type\":\"Article\",\"@id\":\"https:\\\/\\\/ihedn.fr\\\/comprendre\\\/veille-strategique\\\/rapport-dinformation-sur-le-bilan-du-soutien-militaire-a-lukraine-presente-par-lionel-royer-perreaut-et-christophe-naegelen-n-1840\\\/#article\",\"isPartOf\":{\"@id\":\"https:\\\/\\\/ihedn.fr\\\/comprendre\\\/veille-strategique\\\/rapport-dinformation-sur-le-bilan-du-soutien-militaire-a-lukraine-presente-par-lionel-royer-perreaut-et-christophe-naegelen-n-1840\\\/\"},\"author\":{\"name\":\"tanguy.morel@ihedn.fr\",\"@id\":\"https:\\\/\\\/ihedn.fr\\\/#\\\/schema\\\/person\\\/ed217a37104b27a246b200e65b827cc7\"},\"headline\":\"Rapport d\u2019information sur le bilan du soutien militaire \u00e0 l\u2019Ukraine, pr\u00e9sent\u00e9 par Lionel ROYER-PERREAUT et Christophe NAEGELEN, N\u00b0 1840\",\"datePublished\":\"2023-12-04T16:06:13+00:00\",\"dateModified\":\"2023-12-04T16:07:04+00:00\",\"mainEntityOfPage\":{\"@id\":\"https:\\\/\\\/ihedn.fr\\\/comprendre\\\/veille-strategique\\\/rapport-dinformation-sur-le-bilan-du-soutien-militaire-a-lukraine-presente-par-lionel-royer-perreaut-et-christophe-naegelen-n-1840\\\/\"},\"wordCount\":100,\"publisher\":{\"@id\":\"https:\\\/\\\/ihedn.fr\\\/#organization\"},\"articleSection\":[\"doc-institutionnel\",\"Veille strat\u00e9gique\"],\"inLanguage\":\"en-GB\"},{\"@type\":\"WebPage\",\"@id\":\"https:\\\/\\\/ihedn.fr\\\/comprendre\\\/veille-strategique\\\/rapport-dinformation-sur-le-bilan-du-soutien-militaire-a-lukraine-presente-par-lionel-royer-perreaut-et-christophe-naegelen-n-1840\\\/\",\"url\":\"https:\\\/\\\/ihedn.fr\\\/comprendre\\\/veille-strategique\\\/rapport-dinformation-sur-le-bilan-du-soutien-militaire-a-lukraine-presente-par-lionel-royer-perreaut-et-christophe-naegelen-n-1840\\\/\",\"name\":\"Rapport d\u2019information sur le bilan du soutien militaire \u00e0 l\u2019Ukraine, pr\u00e9sent\u00e9 par Lionel ROYER-PERREAUT et Christophe NAEGELEN, N\u00b0 1840 - L&#039;IHEDN : Institut des hautes \u00e9tudes de d\u00e9fense nationale\",\"isPartOf\":{\"@id\":\"https:\\\/\\\/ihedn.fr\\\/#website\"},\"datePublished\":\"2023-12-04T16:06:13+00:00\",\"dateModified\":\"2023-12-04T16:07:04+00:00\",\"description\":\"Les exportations d\u2019armes fran\u00e7aises ont, en 2022, atteint un chiffre \u00abhistorique \u00bb de pr\u00e8s de 27 milliards d\u2019euros. Cesexportations soulignent la qualit\u00e9 des \u00e9quipements militaires fran\u00e7ais mais incitent \u00e0 un effort essentiel en termes decontr\u00f4le ; en effet, il est n\u00e9cessaire de s\u2019assurer que ces exportations sont en coh\u00e9rence avec notre compr\u00e9hension desrapports g\u00e9opolitiques et la posture de la France en mati\u00e8re d\u2019export d\u2019armement. Ce rapport pose \u00e9galement la questiondu d\u00e9veloppement de nos industries de d\u00e9fense dans un contexte de menaces diverses.\",\"breadcrumb\":{\"@id\":\"https:\\\/\\\/ihedn.fr\\\/comprendre\\\/veille-strategique\\\/rapport-dinformation-sur-le-bilan-du-soutien-militaire-a-lukraine-presente-par-lionel-royer-perreaut-et-christophe-naegelen-n-1840\\\/#breadcrumb\"},\"inLanguage\":\"en-GB\",\"potentialAction\":[{\"@type\":\"ReadAction\",\"target\":[\"https:\\\/\\\/ihedn.fr\\\/comprendre\\\/veille-strategique\\\/rapport-dinformation-sur-le-bilan-du-soutien-militaire-a-lukraine-presente-par-lionel-royer-perreaut-et-christophe-naegelen-n-1840\\\/\"]}]},{\"@type\":\"BreadcrumbList\",\"@id\":\"https:\\\/\\\/ihedn.fr\\\/comprendre\\\/veille-strategique\\\/rapport-dinformation-sur-le-bilan-du-soutien-militaire-a-lukraine-presente-par-lionel-royer-perreaut-et-christophe-naegelen-n-1840\\\/#breadcrumb\",\"itemListElement\":[{\"@type\":\"ListItem\",\"position\":1,\"name\":\"Accueil\",\"item\":\"https:\\\/\\\/ihedn.fr\\\/\"},{\"@type\":\"ListItem\",\"position\":2,\"name\":\"Rapport d\u2019information sur le bilan du soutien militaire \u00e0 l\u2019Ukraine, pr\u00e9sent\u00e9 par Lionel ROYER-PERREAUT et Christophe NAEGELEN, N\u00b0 1840\"}]},{\"@type\":\"WebSite\",\"@id\":\"https:\\\/\\\/ihedn.fr\\\/#website\",\"url\":\"https:\\\/\\\/ihedn.fr\\\/\",\"name\":\"IHEDN : Institut des hautes \u00e9tudes de d\u00e9fense nationale |\",\"description\":\"Site officiel de l&#039;IHEDN plac\u00e9 sous la tutelle du Premier ministre.\",\"publisher\":{\"@id\":\"https:\\\/\\\/ihedn.fr\\\/#organization\"},\"potentialAction\":[{\"@type\":\"SearchAction\",\"target\":{\"@type\":\"EntryPoint\",\"urlTemplate\":\"https:\\\/\\\/ihedn.fr\\\/?s={search_term_string}\"},\"query-input\":{\"@type\":\"PropertyValueSpecification\",\"valueRequired\":true,\"valueName\":\"search_term_string\"}}],\"inLanguage\":\"en-GB\"},{\"@type\":\"Organization\",\"@id\":\"https:\\\/\\\/ihedn.fr\\\/#organization\",\"name\":\"IHEDN - Institut des Hautes Etudes de D\u00e9fense Nationale\",\"url\":\"https:\\\/\\\/ihedn.fr\\\/\",\"logo\":{\"@type\":\"ImageObject\",\"inLanguage\":\"en-GB\",\"@id\":\"https:\\\/\\\/ihedn.fr\\\/#\\\/schema\\\/logo\\\/image\\\/\",\"url\":\"https:\\\/\\\/ihedn.fr\\\/wp-content\\\/uploads\\\/2020\\\/11\\\/BLOC_RF_IHEDN_WEB.png\",\"contentUrl\":\"https:\\\/\\\/ihedn.fr\\\/wp-content\\\/uploads\\\/2020\\\/11\\\/BLOC_RF_IHEDN_WEB.png\",\"width\":500,\"height\":237,\"caption\":\"IHEDN - Institut des Hautes Etudes de D\u00e9fense Nationale\"},\"image\":{\"@id\":\"https:\\\/\\\/ihedn.fr\\\/#\\\/schema\\\/logo\\\/image\\\/\"},\"sameAs\":[\"https:\\\/\\\/www.facebook.com\\\/ihedn\\\/\",\"https:\\\/\\\/x.com\\\/IHEDN\",\"https:\\\/\\\/www.instagram.com\\\/ihedn\\\/\",\"https:\\\/\\\/www.linkedin.com\\\/school\\\/ihedn\\\/\",\"https:\\\/\\\/fr.wikipedia.org\\\/wiki\\\/Institut_des_hautes_\u00e9tudes_de_D\u00e9fense_nationale\"]},{\"@type\":\"Person\",\"@id\":\"https:\\\/\\\/ihedn.fr\\\/#\\\/schema\\\/person\\\/ed217a37104b27a246b200e65b827cc7\",\"name\":\"tanguy.morel@ihedn.fr\",\"image\":{\"@type\":\"ImageObject\",\"inLanguage\":\"en-GB\",\"@id\":\"https:\\\/\\\/secure.gravatar.com\\\/avatar\\\/36877cd30919fafddf1f9da45f4154aa468a64328452f2ceaff0968772207348?s=96&d=mm&r=g\",\"url\":\"https:\\\/\\\/secure.gravatar.com\\\/avatar\\\/36877cd30919fafddf1f9da45f4154aa468a64328452f2ceaff0968772207348?s=96&d=mm&r=g\",\"contentUrl\":\"https:\\\/\\\/secure.gravatar.com\\\/avatar\\\/36877cd30919fafddf1f9da45f4154aa468a64328452f2ceaff0968772207348?s=96&d=mm&r=g\",\"caption\":\"tanguy.morel@ihedn.fr\"},\"url\":\"https:\\\/\\\/ihedn.fr\\\/en\\\/author\\\/tanguy-morelihedn-fr\\\/\"}]}<\/script>\n<!-- \/ Yoast SEO plugin. -->","yoast_head_json":{"title":"Rapport d'information sur le bilan du soutien militaire \u00e0 l'Ukraine, submitted by Lionel ROYER-PERREAUT and Christophe NAEGELEN, No. 1840 - L'IHEDN : Institut des hautes \u00e9tudes de d\u00e9fense nationale (French Institute for Advanced National Defence Studies)","description":"In 2022, French arms exports reached a \"historic\" figure of almost \u20ac27 billion. These exports underline the quality of France's military equipment, but they also call for essential efforts in terms of control. Indeed, it is necessary to ensure that these exports are consistent with our understanding of geopolitical relations and France's posture in terms of arms exports. This report also raises the question of the development of our defence industries in a context of diverse threats.","robots":{"index":"index","follow":"follow","max-snippet":"max-snippet:-1","max-image-preview":"max-image-preview:large","max-video-preview":"max-video-preview:-1"},"canonical":"https:\/\/ihedn.fr\/en\/comprendre\/veille-strategique\/rapport-dinformation-sur-le-bilan-du-soutien-militaire-a-lukraine-presente-par-lionel-royer-perreaut-et-christophe-naegelen-n-1840\/","og_locale":"en_GB","og_type":"article","og_title":"Rapport d\u2019information sur le bilan du soutien militaire \u00e0 l\u2019Ukraine, pr\u00e9sent\u00e9 par Lionel ROYER-PERREAUT et Christophe NAEGELEN, N\u00b0 1840","og_description":"Le soutien militaire accord\u00e9 \u00e0 l\u2019Ukraine par les pays europ\u00e9ens a jou\u00e9 un r\u00f4le fondamental dans le d\u00e9roulement du conflit. Ce rapport cherche \u00e0 mesurer l\u2019impact des envois fran\u00e7ais, tant sur le terrain militaire que dans l\u2019opinion publique ukrainienne. Une partie de ce rapport s\u2019attache \u00e9galement \u00e0 l\u2019impact de ces livraisons sur nos arm\u00e9es. Il faut garder \u00e0 l\u2019esprit que ce rapport fait l\u2019objet de critique quant \u00e0 sa m\u00e9thode de comptabilit\u00e9. Il s\u2019av\u00e8re n\u00e9cessaire de croiser ces donn\u00e9es avec celles du \u00ab\u2009Kiel Institute\u2009\u00bb qui comptabilise les aides \u00e9tatiques \u00e0 destination du gouvernement ukrainien.","og_url":"https:\/\/ihedn.fr\/en\/comprendre\/veille-strategique\/rapport-dinformation-sur-le-bilan-du-soutien-militaire-a-lukraine-presente-par-lionel-royer-perreaut-et-christophe-naegelen-n-1840\/","og_site_name":"L&#039;IHEDN : Institut des hautes \u00e9tudes de d\u00e9fense nationale","article_publisher":"https:\/\/www.facebook.com\/ihedn\/","article_published_time":"2023-12-04T16:06:13+00:00","article_modified_time":"2023-12-04T16:07:04+00:00","author":"tanguy.morel@ihedn.fr","twitter_card":"summary_large_image","twitter_title":"Rapport d\u2019information sur le bilan du soutien militaire \u00e0 l\u2019Ukraine, pr\u00e9sent\u00e9 par Lionel ROYER-PERREAUT et Christophe NAEGELEN, N\u00b0 1840","twitter_description":"Le soutien militaire accord\u00e9 \u00e0 l\u2019Ukraine par les pays europ\u00e9ens a jou\u00e9 un r\u00f4le fondamental dans le d\u00e9roulement du conflit. Ce rapport cherche \u00e0 mesurer l\u2019impact des envois fran\u00e7ais, tant sur le terrain militaire que dans l\u2019opinion publique ukrainienne. Une partie de ce rapport s\u2019attache \u00e9galement \u00e0 l\u2019impact de ces livraisons sur nos arm\u00e9es. Il faut garder \u00e0 l\u2019esprit que ce rapport fait l\u2019objet de critique quant \u00e0 sa m\u00e9thode de comptabilit\u00e9. Il s\u2019av\u00e8re n\u00e9cessaire de croiser ces donn\u00e9es avec celles du \u00ab\u2009Kiel Institute\u2009\u00bb qui comptabilise les aides \u00e9tatiques \u00e0 destination du gouvernement ukrainien.","twitter_creator":"@IHEDN","twitter_site":"@IHEDN","twitter_misc":{"Written by":"tanguy.morel@ihedn.fr","Estimated reading time":"1 minute"},"schema":{"@context":"https:\/\/schema.org","@graph":[{"@type":"Article","@id":"https:\/\/ihedn.fr\/comprendre\/veille-strategique\/rapport-dinformation-sur-le-bilan-du-soutien-militaire-a-lukraine-presente-par-lionel-royer-perreaut-et-christophe-naegelen-n-1840\/#article","isPartOf":{"@id":"https:\/\/ihedn.fr\/comprendre\/veille-strategique\/rapport-dinformation-sur-le-bilan-du-soutien-militaire-a-lukraine-presente-par-lionel-royer-perreaut-et-christophe-naegelen-n-1840\/"},"author":{"name":"tanguy.morel@ihedn.fr","@id":"https:\/\/ihedn.fr\/#\/schema\/person\/ed217a37104b27a246b200e65b827cc7"},"headline":"Rapport d\u2019information sur le bilan du soutien militaire \u00e0 l\u2019Ukraine, pr\u00e9sent\u00e9 par Lionel ROYER-PERREAUT et Christophe NAEGELEN, N\u00b0 1840","datePublished":"2023-12-04T16:06:13+00:00","dateModified":"2023-12-04T16:07:04+00:00","mainEntityOfPage":{"@id":"https:\/\/ihedn.fr\/comprendre\/veille-strategique\/rapport-dinformation-sur-le-bilan-du-soutien-militaire-a-lukraine-presente-par-lionel-royer-perreaut-et-christophe-naegelen-n-1840\/"},"wordCount":100,"publisher":{"@id":"https:\/\/ihedn.fr\/#organization"},"articleSection":["doc-institutionnel","Veille strat\u00e9gique"],"inLanguage":"en-GB"},{"@type":"WebPage","@id":"https:\/\/ihedn.fr\/comprendre\/veille-strategique\/rapport-dinformation-sur-le-bilan-du-soutien-militaire-a-lukraine-presente-par-lionel-royer-perreaut-et-christophe-naegelen-n-1840\/","url":"https:\/\/ihedn.fr\/comprendre\/veille-strategique\/rapport-dinformation-sur-le-bilan-du-soutien-militaire-a-lukraine-presente-par-lionel-royer-perreaut-et-christophe-naegelen-n-1840\/","name":"Rapport d'information sur le bilan du soutien militaire \u00e0 l'Ukraine, submitted by Lionel ROYER-PERREAUT and Christophe NAEGELEN, No. 1840 - L'IHEDN : Institut des hautes \u00e9tudes de d\u00e9fense nationale (French Institute for Advanced National Defence Studies)","isPartOf":{"@id":"https:\/\/ihedn.fr\/#website"},"datePublished":"2023-12-04T16:06:13+00:00","dateModified":"2023-12-04T16:07:04+00:00","description":"In 2022, French arms exports reached a \"historic\" figure of almost \u20ac27 billion. These exports underline the quality of France's military equipment, but they also call for essential efforts in terms of control. Indeed, it is necessary to ensure that these exports are consistent with our understanding of geopolitical relations and France's posture in terms of arms exports. This report also raises the question of the development of our defence industries in a context of diverse threats.","breadcrumb":{"@id":"https:\/\/ihedn.fr\/comprendre\/veille-strategique\/rapport-dinformation-sur-le-bilan-du-soutien-militaire-a-lukraine-presente-par-lionel-royer-perreaut-et-christophe-naegelen-n-1840\/#breadcrumb"},"inLanguage":"en-GB","potentialAction":[{"@type":"ReadAction","target":["https:\/\/ihedn.fr\/comprendre\/veille-strategique\/rapport-dinformation-sur-le-bilan-du-soutien-militaire-a-lukraine-presente-par-lionel-royer-perreaut-et-christophe-naegelen-n-1840\/"]}]},{"@type":"BreadcrumbList","@id":"https:\/\/ihedn.fr\/comprendre\/veille-strategique\/rapport-dinformation-sur-le-bilan-du-soutien-militaire-a-lukraine-presente-par-lionel-royer-perreaut-et-christophe-naegelen-n-1840\/#breadcrumb","itemListElement":[{"@type":"ListItem","position":1,"name":"Accueil","item":"https:\/\/ihedn.fr\/"},{"@type":"ListItem","position":2,"name":"Rapport d\u2019information sur le bilan du soutien militaire \u00e0 l\u2019Ukraine, pr\u00e9sent\u00e9 par Lionel ROYER-PERREAUT et Christophe NAEGELEN, N\u00b0 1840"}]},{"@type":"WebSite","@id":"https:\/\/ihedn.fr\/#website","url":"https:\/\/ihedn.fr\/","name":"IHEDN: Institut des hautes \u00e9tudes de d\u00e9fense nationale (Institute for Higher National Defence Studies)","description":"Official website of the IHEDN under the supervision of the Prime Minister.","publisher":{"@id":"https:\/\/ihedn.fr\/#organization"},"potentialAction":[{"@type":"SearchAction","target":{"@type":"EntryPoint","urlTemplate":"https:\/\/ihedn.fr\/?s={search_term_string}"},"query-input":{"@type":"PropertyValueSpecification","valueRequired":true,"valueName":"search_term_string"}}],"inLanguage":"en-GB"},{"@type":"Organization","@id":"https:\/\/ihedn.fr\/#organization","name":"IHEDN - Institute for Higher National Defence Studies","url":"https:\/\/ihedn.fr\/","logo":{"@type":"ImageObject","inLanguage":"en-GB","@id":"https:\/\/ihedn.fr\/#\/schema\/logo\/image\/","url":"https:\/\/ihedn.fr\/wp-content\/uploads\/2020\/11\/BLOC_RF_IHEDN_WEB.png","contentUrl":"https:\/\/ihedn.fr\/wp-content\/uploads\/2020\/11\/BLOC_RF_IHEDN_WEB.png","width":500,"height":237,"caption":"IHEDN - Institut des Hautes Etudes de D\u00e9fense Nationale"},"image":{"@id":"https:\/\/ihedn.fr\/#\/schema\/logo\/image\/"},"sameAs":["https:\/\/www.facebook.com\/ihedn\/","https:\/\/x.com\/IHEDN","https:\/\/www.instagram.com\/ihedn\/","https:\/\/www.linkedin.com\/school\/ihedn\/","https:\/\/fr.wikipedia.org\/wiki\/Institut_des_hautes_\u00e9tudes_de_D\u00e9fense_nationale"]},{"@type":"Person","@id":"https:\/\/ihedn.fr\/#\/schema\/person\/ed217a37104b27a246b200e65b827cc7","name":"tanguy.morel@ihedn.fr","image":{"@type":"ImageObject","inLanguage":"en-GB","@id":"https:\/\/secure.gravatar.com\/avatar\/36877cd30919fafddf1f9da45f4154aa468a64328452f2ceaff0968772207348?s=96&d=mm&r=g","url":"https:\/\/secure.gravatar.com\/avatar\/36877cd30919fafddf1f9da45f4154aa468a64328452f2ceaff0968772207348?s=96&d=mm&r=g","contentUrl":"https:\/\/secure.gravatar.com\/avatar\/36877cd30919fafddf1f9da45f4154aa468a64328452f2ceaff0968772207348?s=96&d=mm&r=g","caption":"tanguy.morel@ihedn.fr"},"url":"https:\/\/ihedn.fr\/en\/author\/tanguy-morelihedn-fr\/"}]}},"publishpress_future_action":{"enabled":false,"date":"2026-05-09 07:41:43","action":"change-status","newStatus":"draft","terms":[],"taxonomy":"category","extraData":[]},"publishpress_future_workflow_manual_trigger":{"enabledWorkflows":[]},"_links":{"self":[{"href":"https:\/\/ihedn.fr\/en\/wp-json\/wp\/v2\/posts\/44261","targetHints":{"allow":["GET"]}}],"collection":[{"href":"https:\/\/ihedn.fr\/en\/wp-json\/wp\/v2\/posts"}],"about":[{"href":"https:\/\/ihedn.fr\/en\/wp-json\/wp\/v2\/types\/post"}],"author":[{"embeddable":true,"href":"https:\/\/ihedn.fr\/en\/wp-json\/wp\/v2\/users\/10"}],"replies":[{"embeddable":true,"href":"https:\/\/ihedn.fr\/en\/wp-json\/wp\/v2\/comments?post=44261"}],"version-history":[{"count":4,"href":"https:\/\/ihedn.fr\/en\/wp-json\/wp\/v2\/posts\/44261\/revisions"}],"predecessor-version":[{"id":44265,"href":"https:\/\/ihedn.fr\/en\/wp-json\/wp\/v2\/posts\/44261\/revisions\/44265"}],"wp:attachment":[{"href":"https:\/\/ihedn.fr\/en\/wp-json\/wp\/v2\/media?parent=44261"}],"wp:term":[{"taxonomy":"category","embeddable":true,"href":"https:\/\/ihedn.fr\/en\/wp-json\/wp\/v2\/categories?post=44261"},{"taxonomy":"post_tag","embeddable":true,"href":"https:\/\/ihedn.fr\/en\/wp-json\/wp\/v2\/tags?post=44261"}],"curies":[{"name":"wp","href":"https:\/\/api.w.org\/{rel}","templated":true}]}}