{"id":44399,"date":"2023-12-05T09:42:56","date_gmt":"2023-12-05T08:42:56","guid":{"rendered":"https:\/\/ihedn.fr\/?p=44399"},"modified":"2025-10-16T10:04:07","modified_gmt":"2025-10-16T09:04:07","slug":"lannee-de-la-defense-nationale-2024-adn-2024","status":"publish","type":"post","link":"https:\/\/ihedn.fr\/en\/veille-strategique\/lannee-de-la-defense-nationale-2024-adn-2024\/","title":{"rendered":"The Year of National Defence 2024 (ADN 2024)"},"content":{"rendered":"<div data-elementor-type=\"wp-post\" data-elementor-id=\"44399\" class=\"elementor elementor-44399\" data-elementor-post-type=\"post\">\n\t\t\t\t\t\t<section data-particle_enable=\"false\" data-particle-mobile-disabled=\"false\" class=\"elementor-section elementor-top-section elementor-element elementor-element-f66b938 elementor-section-boxed elementor-section-height-default elementor-section-height-default\" data-id=\"f66b938\" data-element_type=\"section\" data-e-type=\"section\">\n\t\t\t\t\t\t<div class=\"elementor-container elementor-column-gap-default\">\n\t\t\t\t\t<div class=\"elementor-column elementor-col-100 elementor-top-column elementor-element elementor-element-17f03b1\" data-id=\"17f03b1\" data-element_type=\"column\" data-e-type=\"column\">\n\t\t\t<div class=\"elementor-widget-wrap elementor-element-populated\">\n\t\t\t\t\t\t<div class=\"elementor-element elementor-element-37d2ebc elementor-widget__width-initial elementor-widget elementor-widget-text-editor\" data-id=\"37d2ebc\" data-element_type=\"widget\" data-e-type=\"widget\" data-widget_type=\"text-editor.default\">\n\t\t\t\t<div class=\"elementor-widget-container\">\n\t\t\t\t\t\t\t\t\t<p>The resurgence of high-intensity warfare in Europe and the weakening of both Western economies and democracies have brought defence concerns back to the fore. The aim here is to put the events of 2022 into perspective over the long term, and to have them analysed by the best specialists in the field. <\/p>\t\t\t\t\t\t\t\t<\/div>\n\t\t\t\t<\/div>\n\t\t\t\t<div class=\"elementor-element elementor-element-7f83902 elementor-widget elementor-widget-text-editor\" data-id=\"7f83902\" data-element_type=\"widget\" data-e-type=\"widget\" data-widget_type=\"text-editor.default\">\n\t\t\t\t<div class=\"elementor-widget-container\">\n\t\t\t\t\t\t\t\t\t<p><strong>La documentation fran\u00e7aise, November 2023<\/strong><\/p><ul><li>Institute of Higher National Defence Studies (IHEDN)<\/li><\/ul>\t\t\t\t\t\t\t\t<\/div>\n\t\t\t\t<\/div>\n\t\t\t\t<div class=\"elementor-element elementor-element-5222ae9 elementor-align-right elementor-widget elementor-widget-button\" data-id=\"5222ae9\" data-element_type=\"widget\" data-e-type=\"widget\" data-widget_type=\"button.default\">\n\t\t\t\t<div class=\"elementor-widget-container\">\n\t\t\t\t\t\t\t\t\t<div class=\"elementor-button-wrapper\">\n\t\t\t\t\t<a class=\"elementor-button elementor-button-link elementor-size-xs\" href=\"https:\/\/www.vie-publique.fr\/catalogue\/291624-adn-2024\" target=\"_blank\">\n\t\t\t\t\t\t<span class=\"elementor-button-content-wrapper\">\n\t\t\t\t\t\t\t\t\t<span class=\"elementor-button-text\">More information<\/span>\n\t\t\t\t\t<\/span>\n\t\t\t\t\t<\/a>\n\t\t\t\t<\/div>\n\t\t\t\t\t\t\t\t<\/div>\n\t\t\t\t<\/div>\n\t\t\t\t\t<\/div>\n\t\t<\/div>\n\t\t\t\t\t<\/div>\n\t\t<\/section>\n\t\t\t\t<\/div>","protected":false},"excerpt":{"rendered":"<p>La r\u00e9surgence de la guerre de haute intensit\u00e9 en Europe et la fragilisation tant des \u00e9conomies que des d\u00e9mocraties occidentales ont remis au premier plan les pr\u00e9occupations en mati\u00e8re de d\u00e9fense. Il s\u2019agit d\u00e8s lors de proposer une mise en perspective des \u00e9v\u00e8nements de 2022 dans la dur\u00e9e ainsi que leur analyse par les meilleurs [&hellip;]<\/p>\n","protected":false},"author":10,"featured_media":44400,"comment_status":"closed","ping_status":"closed","sticky":false,"template":"","format":"standard","meta":{"footnotes":""},"categories":[92,175],"tags":[269],"class_list":["post-44399","post","type-post","status-publish","format-standard","has-post-thumbnail","hentry","category-nos-lectures","category-veille-strategique","tag-adn"],"yoast_head":"<!-- This site is optimized with the Yoast SEO plugin v27.5 - https:\/\/yoast.com\/product\/yoast-seo-wordpress\/ -->\n<title>L&#039;Ann\u00e9e de la D\u00e9fense Nationale 2024 (ADN 2024) - L&#039;IHEDN : Institut des hautes \u00e9tudes de d\u00e9fense nationale<\/title>\n<meta name=\"description\" content=\"Strat\u00e8ge \u00e0 l\u2019image malmen\u00e9e au cours du XXesi\u00e8cle, cette r\u00e9\u00e9dition des \u00e9crits du mar\u00e9chal Foch se voit dot\u00e9de nombreuses cartes et d\u2019un appareil critique. Ce volume r\u00e9unit deux des ouvrages du mar\u00e9chal Foch, Des principes de la guerre (1903) et De la conduite de la guerre (1904). Dans un contexte de red\u00e9couverte de la guerre de haute intensit\u00e9, la relecture non seulement d\u2019un acteur de la premi\u00e8re guerre mondiale, mais \u00e9galement th\u00e9oricien de la guerre moderne semble bienvenue.\" \/>\n<meta name=\"robots\" content=\"index, follow, max-snippet:-1, max-image-preview:large, max-video-preview:-1\" \/>\n<link rel=\"canonical\" href=\"https:\/\/ihedn.fr\/en\/nos-lectures\/lannee-de-la-defense-nationale-2024-adn-2024\/\" \/>\n<meta property=\"og:locale\" content=\"en_GB\" \/>\n<meta property=\"og:type\" content=\"article\" \/>\n<meta property=\"og:title\" content=\"L&#039;Ann\u00e9e de la D\u00e9fense Nationale 2024 (ADN 2024)\" \/>\n<meta property=\"og:description\" content=\"Strat\u00e8ge \u00e0 l\u2019image malmen\u00e9e au cours du XXesi\u00e8cle, cette r\u00e9\u00e9dition des \u00e9crits du mar\u00e9chal Foch se voit dot\u00e9de nombreuses cartes et d\u2019un appareil critique. Ce volume r\u00e9unit deux des ouvrages du mar\u00e9chal Foch, Des principes de la guerre (1903) et De la conduite de la guerre (1904). Dans un contexte de red\u00e9couverte de la guerre de haute intensit\u00e9, la relecture non seulement d\u2019un acteur de la premi\u00e8re guerre mondiale, mais \u00e9galement th\u00e9oricien de la guerre moderne semble bienvenue.\" \/>\n<meta property=\"og:url\" content=\"https:\/\/ihedn.fr\/en\/nos-lectures\/lannee-de-la-defense-nationale-2024-adn-2024\/\" \/>\n<meta property=\"og:site_name\" content=\"L&#039;IHEDN : Institut des hautes \u00e9tudes de d\u00e9fense nationale\" \/>\n<meta property=\"article:publisher\" content=\"https:\/\/www.facebook.com\/ihedn\/\" \/>\n<meta property=\"article:published_time\" content=\"2023-12-05T08:42:56+00:00\" \/>\n<meta property=\"article:modified_time\" content=\"2025-10-16T09:04:07+00:00\" \/>\n<meta property=\"og:image\" content=\"https:\/\/ihedn.fr\/wp-content\/uploads\/2023\/12\/adn.jpg\" \/>\n\t<meta property=\"og:image:width\" content=\"333\" \/>\n\t<meta property=\"og:image:height\" content=\"500\" \/>\n\t<meta property=\"og:image:type\" content=\"image\/jpeg\" \/>\n<meta name=\"author\" content=\"tanguy.morel@ihedn.fr\" \/>\n<meta name=\"twitter:card\" content=\"summary_large_image\" \/>\n<meta name=\"twitter:title\" content=\"L&#039;Ann\u00e9e de la D\u00e9fense Nationale 2024 (ADN 2024)\" \/>\n<meta name=\"twitter:creator\" content=\"@IHEDN\" \/>\n<meta name=\"twitter:site\" content=\"@IHEDN\" \/>\n<meta name=\"twitter:label1\" content=\"Written by\" \/>\n\t<meta name=\"twitter:data1\" content=\"tanguy.morel@ihedn.fr\" \/>\n\t<meta name=\"twitter:label2\" content=\"Estimated reading time\" \/>\n\t<meta name=\"twitter:data2\" content=\"1 minute\" \/>\n<script type=\"application\/ld+json\" class=\"yoast-schema-graph\">{\"@context\":\"https:\\\/\\\/schema.org\",\"@graph\":[{\"@type\":\"Article\",\"@id\":\"https:\\\/\\\/ihedn.fr\\\/nos-lectures\\\/lannee-de-la-defense-nationale-2024-adn-2024\\\/#article\",\"isPartOf\":{\"@id\":\"https:\\\/\\\/ihedn.fr\\\/nos-lectures\\\/lannee-de-la-defense-nationale-2024-adn-2024\\\/\"},\"author\":{\"name\":\"tanguy.morel@ihedn.fr\",\"@id\":\"https:\\\/\\\/ihedn.fr\\\/#\\\/schema\\\/person\\\/ed217a37104b27a246b200e65b827cc7\"},\"headline\":\"L&rsquo;Ann\u00e9e de la D\u00e9fense Nationale 2024 (ADN 2024)\",\"datePublished\":\"2023-12-05T08:42:56+00:00\",\"dateModified\":\"2025-10-16T09:04:07+00:00\",\"mainEntityOfPage\":{\"@id\":\"https:\\\/\\\/ihedn.fr\\\/nos-lectures\\\/lannee-de-la-defense-nationale-2024-adn-2024\\\/\"},\"wordCount\":93,\"publisher\":{\"@id\":\"https:\\\/\\\/ihedn.fr\\\/#organization\"},\"image\":{\"@id\":\"https:\\\/\\\/ihedn.fr\\\/nos-lectures\\\/lannee-de-la-defense-nationale-2024-adn-2024\\\/#primaryimage\"},\"thumbnailUrl\":\"https:\\\/\\\/ihedn.fr\\\/wp-content\\\/uploads\\\/2023\\\/12\\\/adn.jpg\",\"keywords\":[\"ADN\"],\"articleSection\":[\"nos lectures\",\"Veille strat\u00e9gique\"],\"inLanguage\":\"en-GB\"},{\"@type\":\"WebPage\",\"@id\":\"https:\\\/\\\/ihedn.fr\\\/nos-lectures\\\/lannee-de-la-defense-nationale-2024-adn-2024\\\/\",\"url\":\"https:\\\/\\\/ihedn.fr\\\/nos-lectures\\\/lannee-de-la-defense-nationale-2024-adn-2024\\\/\",\"name\":\"L'Ann\u00e9e de la D\u00e9fense Nationale 2024 (ADN 2024) - L&#039;IHEDN : Institut des hautes \u00e9tudes de d\u00e9fense nationale\",\"isPartOf\":{\"@id\":\"https:\\\/\\\/ihedn.fr\\\/#website\"},\"primaryImageOfPage\":{\"@id\":\"https:\\\/\\\/ihedn.fr\\\/nos-lectures\\\/lannee-de-la-defense-nationale-2024-adn-2024\\\/#primaryimage\"},\"image\":{\"@id\":\"https:\\\/\\\/ihedn.fr\\\/nos-lectures\\\/lannee-de-la-defense-nationale-2024-adn-2024\\\/#primaryimage\"},\"thumbnailUrl\":\"https:\\\/\\\/ihedn.fr\\\/wp-content\\\/uploads\\\/2023\\\/12\\\/adn.jpg\",\"datePublished\":\"2023-12-05T08:42:56+00:00\",\"dateModified\":\"2025-10-16T09:04:07+00:00\",\"description\":\"Strat\u00e8ge \u00e0 l\u2019image malmen\u00e9e au cours du XXesi\u00e8cle, cette r\u00e9\u00e9dition des \u00e9crits du mar\u00e9chal Foch se voit dot\u00e9de nombreuses cartes et d\u2019un appareil critique. Ce volume r\u00e9unit deux des ouvrages du mar\u00e9chal Foch, Des principes de la guerre (1903) et De la conduite de la guerre (1904). Dans un contexte de red\u00e9couverte de la guerre de haute intensit\u00e9, la relecture non seulement d\u2019un acteur de la premi\u00e8re guerre mondiale, mais \u00e9galement th\u00e9oricien de la guerre moderne semble bienvenue.\",\"breadcrumb\":{\"@id\":\"https:\\\/\\\/ihedn.fr\\\/nos-lectures\\\/lannee-de-la-defense-nationale-2024-adn-2024\\\/#breadcrumb\"},\"inLanguage\":\"en-GB\",\"potentialAction\":[{\"@type\":\"ReadAction\",\"target\":[\"https:\\\/\\\/ihedn.fr\\\/nos-lectures\\\/lannee-de-la-defense-nationale-2024-adn-2024\\\/\"]}]},{\"@type\":\"ImageObject\",\"inLanguage\":\"en-GB\",\"@id\":\"https:\\\/\\\/ihedn.fr\\\/nos-lectures\\\/lannee-de-la-defense-nationale-2024-adn-2024\\\/#primaryimage\",\"url\":\"https:\\\/\\\/ihedn.fr\\\/wp-content\\\/uploads\\\/2023\\\/12\\\/adn.jpg\",\"contentUrl\":\"https:\\\/\\\/ihedn.fr\\\/wp-content\\\/uploads\\\/2023\\\/12\\\/adn.jpg\",\"width\":333,\"height\":500,\"caption\":\"L'Ann\u00e9e de la D\u00e9fense Nationale 2024 (ADN 2024)\"},{\"@type\":\"BreadcrumbList\",\"@id\":\"https:\\\/\\\/ihedn.fr\\\/nos-lectures\\\/lannee-de-la-defense-nationale-2024-adn-2024\\\/#breadcrumb\",\"itemListElement\":[{\"@type\":\"ListItem\",\"position\":1,\"name\":\"Accueil\",\"item\":\"https:\\\/\\\/ihedn.fr\\\/\"},{\"@type\":\"ListItem\",\"position\":2,\"name\":\"L&rsquo;Ann\u00e9e de la D\u00e9fense Nationale 2024 (ADN 2024)\"}]},{\"@type\":\"WebSite\",\"@id\":\"https:\\\/\\\/ihedn.fr\\\/#website\",\"url\":\"https:\\\/\\\/ihedn.fr\\\/\",\"name\":\"IHEDN : Institut des hautes \u00e9tudes de d\u00e9fense nationale |\",\"description\":\"Site officiel de l&#039;IHEDN plac\u00e9 sous la tutelle du Premier ministre.\",\"publisher\":{\"@id\":\"https:\\\/\\\/ihedn.fr\\\/#organization\"},\"potentialAction\":[{\"@type\":\"SearchAction\",\"target\":{\"@type\":\"EntryPoint\",\"urlTemplate\":\"https:\\\/\\\/ihedn.fr\\\/?s={search_term_string}\"},\"query-input\":{\"@type\":\"PropertyValueSpecification\",\"valueRequired\":true,\"valueName\":\"search_term_string\"}}],\"inLanguage\":\"en-GB\"},{\"@type\":\"Organization\",\"@id\":\"https:\\\/\\\/ihedn.fr\\\/#organization\",\"name\":\"IHEDN - Institut des Hautes Etudes de D\u00e9fense Nationale\",\"url\":\"https:\\\/\\\/ihedn.fr\\\/\",\"logo\":{\"@type\":\"ImageObject\",\"inLanguage\":\"en-GB\",\"@id\":\"https:\\\/\\\/ihedn.fr\\\/#\\\/schema\\\/logo\\\/image\\\/\",\"url\":\"https:\\\/\\\/ihedn.fr\\\/wp-content\\\/uploads\\\/2020\\\/11\\\/BLOC_RF_IHEDN_WEB.png\",\"contentUrl\":\"https:\\\/\\\/ihedn.fr\\\/wp-content\\\/uploads\\\/2020\\\/11\\\/BLOC_RF_IHEDN_WEB.png\",\"width\":500,\"height\":237,\"caption\":\"IHEDN - Institut des Hautes Etudes de D\u00e9fense Nationale\"},\"image\":{\"@id\":\"https:\\\/\\\/ihedn.fr\\\/#\\\/schema\\\/logo\\\/image\\\/\"},\"sameAs\":[\"https:\\\/\\\/www.facebook.com\\\/ihedn\\\/\",\"https:\\\/\\\/x.com\\\/IHEDN\",\"https:\\\/\\\/www.instagram.com\\\/ihedn\\\/\",\"https:\\\/\\\/www.linkedin.com\\\/school\\\/ihedn\\\/\",\"https:\\\/\\\/fr.wikipedia.org\\\/wiki\\\/Institut_des_hautes_\u00e9tudes_de_D\u00e9fense_nationale\"]},{\"@type\":\"Person\",\"@id\":\"https:\\\/\\\/ihedn.fr\\\/#\\\/schema\\\/person\\\/ed217a37104b27a246b200e65b827cc7\",\"name\":\"tanguy.morel@ihedn.fr\",\"image\":{\"@type\":\"ImageObject\",\"inLanguage\":\"en-GB\",\"@id\":\"https:\\\/\\\/secure.gravatar.com\\\/avatar\\\/36877cd30919fafddf1f9da45f4154aa468a64328452f2ceaff0968772207348?s=96&d=mm&r=g\",\"url\":\"https:\\\/\\\/secure.gravatar.com\\\/avatar\\\/36877cd30919fafddf1f9da45f4154aa468a64328452f2ceaff0968772207348?s=96&d=mm&r=g\",\"contentUrl\":\"https:\\\/\\\/secure.gravatar.com\\\/avatar\\\/36877cd30919fafddf1f9da45f4154aa468a64328452f2ceaff0968772207348?s=96&d=mm&r=g\",\"caption\":\"tanguy.morel@ihedn.fr\"},\"url\":\"https:\\\/\\\/ihedn.fr\\\/en\\\/author\\\/tanguy-morelihedn-fr\\\/\"}]}<\/script>\n<!-- \/ Yoast SEO plugin. -->","yoast_head_json":{"title":"The Year of National Defence 2024 (ADN 2024) - L'IHEDN : Institut des hautes \u00e9tudes de d\u00e9fense nationale","description":"This reprint of Marshal Foch's writings, a strategist whose image has suffered in the twentieth century, includes numerous maps and a critical section. This volume brings together two of Marshal Foch's works, Des principes de la guerre (1903) and De la conduite de la guerre (1904). Against a backdrop of the rediscovery of high-intensity warfare, it is a welcome re-reading not only of a player in the First World War, but also of a theorist of modern warfare.","robots":{"index":"index","follow":"follow","max-snippet":"max-snippet:-1","max-image-preview":"max-image-preview:large","max-video-preview":"max-video-preview:-1"},"canonical":"https:\/\/ihedn.fr\/en\/nos-lectures\/lannee-de-la-defense-nationale-2024-adn-2024\/","og_locale":"en_GB","og_type":"article","og_title":"L'Ann\u00e9e de la D\u00e9fense Nationale 2024 (ADN 2024)","og_description":"Strat\u00e8ge \u00e0 l\u2019image malmen\u00e9e au cours du XXesi\u00e8cle, cette r\u00e9\u00e9dition des \u00e9crits du mar\u00e9chal Foch se voit dot\u00e9de nombreuses cartes et d\u2019un appareil critique. Ce volume r\u00e9unit deux des ouvrages du mar\u00e9chal Foch, Des principes de la guerre (1903) et De la conduite de la guerre (1904). Dans un contexte de red\u00e9couverte de la guerre de haute intensit\u00e9, la relecture non seulement d\u2019un acteur de la premi\u00e8re guerre mondiale, mais \u00e9galement th\u00e9oricien de la guerre moderne semble bienvenue.","og_url":"https:\/\/ihedn.fr\/en\/nos-lectures\/lannee-de-la-defense-nationale-2024-adn-2024\/","og_site_name":"L&#039;IHEDN : Institut des hautes \u00e9tudes de d\u00e9fense nationale","article_publisher":"https:\/\/www.facebook.com\/ihedn\/","article_published_time":"2023-12-05T08:42:56+00:00","article_modified_time":"2025-10-16T09:04:07+00:00","og_image":[{"width":333,"height":500,"url":"https:\/\/ihedn.fr\/wp-content\/uploads\/2023\/12\/adn.jpg","type":"image\/jpeg"}],"author":"tanguy.morel@ihedn.fr","twitter_card":"summary_large_image","twitter_title":"L'Ann\u00e9e de la D\u00e9fense Nationale 2024 (ADN 2024)","twitter_creator":"@IHEDN","twitter_site":"@IHEDN","twitter_misc":{"Written by":"tanguy.morel@ihedn.fr","Estimated reading time":"1 minute"},"schema":{"@context":"https:\/\/schema.org","@graph":[{"@type":"Article","@id":"https:\/\/ihedn.fr\/nos-lectures\/lannee-de-la-defense-nationale-2024-adn-2024\/#article","isPartOf":{"@id":"https:\/\/ihedn.fr\/nos-lectures\/lannee-de-la-defense-nationale-2024-adn-2024\/"},"author":{"name":"tanguy.morel@ihedn.fr","@id":"https:\/\/ihedn.fr\/#\/schema\/person\/ed217a37104b27a246b200e65b827cc7"},"headline":"L&rsquo;Ann\u00e9e de la D\u00e9fense Nationale 2024 (ADN 2024)","datePublished":"2023-12-05T08:42:56+00:00","dateModified":"2025-10-16T09:04:07+00:00","mainEntityOfPage":{"@id":"https:\/\/ihedn.fr\/nos-lectures\/lannee-de-la-defense-nationale-2024-adn-2024\/"},"wordCount":93,"publisher":{"@id":"https:\/\/ihedn.fr\/#organization"},"image":{"@id":"https:\/\/ihedn.fr\/nos-lectures\/lannee-de-la-defense-nationale-2024-adn-2024\/#primaryimage"},"thumbnailUrl":"https:\/\/ihedn.fr\/wp-content\/uploads\/2023\/12\/adn.jpg","keywords":["ADN"],"articleSection":["nos lectures","Veille strat\u00e9gique"],"inLanguage":"en-GB"},{"@type":"WebPage","@id":"https:\/\/ihedn.fr\/nos-lectures\/lannee-de-la-defense-nationale-2024-adn-2024\/","url":"https:\/\/ihedn.fr\/nos-lectures\/lannee-de-la-defense-nationale-2024-adn-2024\/","name":"The Year of National Defence 2024 (ADN 2024) - L'IHEDN : Institut des hautes \u00e9tudes de d\u00e9fense nationale","isPartOf":{"@id":"https:\/\/ihedn.fr\/#website"},"primaryImageOfPage":{"@id":"https:\/\/ihedn.fr\/nos-lectures\/lannee-de-la-defense-nationale-2024-adn-2024\/#primaryimage"},"image":{"@id":"https:\/\/ihedn.fr\/nos-lectures\/lannee-de-la-defense-nationale-2024-adn-2024\/#primaryimage"},"thumbnailUrl":"https:\/\/ihedn.fr\/wp-content\/uploads\/2023\/12\/adn.jpg","datePublished":"2023-12-05T08:42:56+00:00","dateModified":"2025-10-16T09:04:07+00:00","description":"This reprint of Marshal Foch's writings, a strategist whose image has suffered in the twentieth century, includes numerous maps and a critical section. This volume brings together two of Marshal Foch's works, Des principes de la guerre (1903) and De la conduite de la guerre (1904). Against a backdrop of the rediscovery of high-intensity warfare, it is a welcome re-reading not only of a player in the First World War, but also of a theorist of modern warfare.","breadcrumb":{"@id":"https:\/\/ihedn.fr\/nos-lectures\/lannee-de-la-defense-nationale-2024-adn-2024\/#breadcrumb"},"inLanguage":"en-GB","potentialAction":[{"@type":"ReadAction","target":["https:\/\/ihedn.fr\/nos-lectures\/lannee-de-la-defense-nationale-2024-adn-2024\/"]}]},{"@type":"ImageObject","inLanguage":"en-GB","@id":"https:\/\/ihedn.fr\/nos-lectures\/lannee-de-la-defense-nationale-2024-adn-2024\/#primaryimage","url":"https:\/\/ihedn.fr\/wp-content\/uploads\/2023\/12\/adn.jpg","contentUrl":"https:\/\/ihedn.fr\/wp-content\/uploads\/2023\/12\/adn.jpg","width":333,"height":500,"caption":"L'Ann\u00e9e de la D\u00e9fense Nationale 2024 (ADN 2024)"},{"@type":"BreadcrumbList","@id":"https:\/\/ihedn.fr\/nos-lectures\/lannee-de-la-defense-nationale-2024-adn-2024\/#breadcrumb","itemListElement":[{"@type":"ListItem","position":1,"name":"Accueil","item":"https:\/\/ihedn.fr\/"},{"@type":"ListItem","position":2,"name":"L&rsquo;Ann\u00e9e de la D\u00e9fense Nationale 2024 (ADN 2024)"}]},{"@type":"WebSite","@id":"https:\/\/ihedn.fr\/#website","url":"https:\/\/ihedn.fr\/","name":"IHEDN: Institut des hautes \u00e9tudes de d\u00e9fense nationale (Institute for Higher National Defence Studies)","description":"Official website of the IHEDN under the supervision of the Prime Minister.","publisher":{"@id":"https:\/\/ihedn.fr\/#organization"},"potentialAction":[{"@type":"SearchAction","target":{"@type":"EntryPoint","urlTemplate":"https:\/\/ihedn.fr\/?s={search_term_string}"},"query-input":{"@type":"PropertyValueSpecification","valueRequired":true,"valueName":"search_term_string"}}],"inLanguage":"en-GB"},{"@type":"Organization","@id":"https:\/\/ihedn.fr\/#organization","name":"IHEDN - Institute for Higher National Defence Studies","url":"https:\/\/ihedn.fr\/","logo":{"@type":"ImageObject","inLanguage":"en-GB","@id":"https:\/\/ihedn.fr\/#\/schema\/logo\/image\/","url":"https:\/\/ihedn.fr\/wp-content\/uploads\/2020\/11\/BLOC_RF_IHEDN_WEB.png","contentUrl":"https:\/\/ihedn.fr\/wp-content\/uploads\/2020\/11\/BLOC_RF_IHEDN_WEB.png","width":500,"height":237,"caption":"IHEDN - Institut des Hautes Etudes de D\u00e9fense Nationale"},"image":{"@id":"https:\/\/ihedn.fr\/#\/schema\/logo\/image\/"},"sameAs":["https:\/\/www.facebook.com\/ihedn\/","https:\/\/x.com\/IHEDN","https:\/\/www.instagram.com\/ihedn\/","https:\/\/www.linkedin.com\/school\/ihedn\/","https:\/\/fr.wikipedia.org\/wiki\/Institut_des_hautes_\u00e9tudes_de_D\u00e9fense_nationale"]},{"@type":"Person","@id":"https:\/\/ihedn.fr\/#\/schema\/person\/ed217a37104b27a246b200e65b827cc7","name":"tanguy.morel@ihedn.fr","image":{"@type":"ImageObject","inLanguage":"en-GB","@id":"https:\/\/secure.gravatar.com\/avatar\/36877cd30919fafddf1f9da45f4154aa468a64328452f2ceaff0968772207348?s=96&d=mm&r=g","url":"https:\/\/secure.gravatar.com\/avatar\/36877cd30919fafddf1f9da45f4154aa468a64328452f2ceaff0968772207348?s=96&d=mm&r=g","contentUrl":"https:\/\/secure.gravatar.com\/avatar\/36877cd30919fafddf1f9da45f4154aa468a64328452f2ceaff0968772207348?s=96&d=mm&r=g","caption":"tanguy.morel@ihedn.fr"},"url":"https:\/\/ihedn.fr\/en\/author\/tanguy-morelihedn-fr\/"}]}},"publishpress_future_action":{"enabled":false,"date":"2026-05-08 05:12:09","action":"change-status","newStatus":"draft","terms":[],"taxonomy":"category","extraData":[]},"publishpress_future_workflow_manual_trigger":{"enabledWorkflows":[]},"_links":{"self":[{"href":"https:\/\/ihedn.fr\/en\/wp-json\/wp\/v2\/posts\/44399","targetHints":{"allow":["GET"]}}],"collection":[{"href":"https:\/\/ihedn.fr\/en\/wp-json\/wp\/v2\/posts"}],"about":[{"href":"https:\/\/ihedn.fr\/en\/wp-json\/wp\/v2\/types\/post"}],"author":[{"embeddable":true,"href":"https:\/\/ihedn.fr\/en\/wp-json\/wp\/v2\/users\/10"}],"replies":[{"embeddable":true,"href":"https:\/\/ihedn.fr\/en\/wp-json\/wp\/v2\/comments?post=44399"}],"version-history":[{"count":5,"href":"https:\/\/ihedn.fr\/en\/wp-json\/wp\/v2\/posts\/44399\/revisions"}],"predecessor-version":[{"id":56216,"href":"https:\/\/ihedn.fr\/en\/wp-json\/wp\/v2\/posts\/44399\/revisions\/56216"}],"wp:featuredmedia":[{"embeddable":true,"href":"https:\/\/ihedn.fr\/en\/wp-json\/wp\/v2\/media\/44400"}],"wp:attachment":[{"href":"https:\/\/ihedn.fr\/en\/wp-json\/wp\/v2\/media?parent=44399"}],"wp:term":[{"taxonomy":"category","embeddable":true,"href":"https:\/\/ihedn.fr\/en\/wp-json\/wp\/v2\/categories?post=44399"},{"taxonomy":"post_tag","embeddable":true,"href":"https:\/\/ihedn.fr\/en\/wp-json\/wp\/v2\/tags?post=44399"}],"curies":[{"name":"wp","href":"https:\/\/api.w.org\/{rel}","templated":true}]}}