{"id":44521,"date":"2023-12-11T15:21:40","date_gmt":"2023-12-11T14:21:40","guid":{"rendered":"https:\/\/ihedn.fr\/?p=44521"},"modified":"2024-01-25T16:15:10","modified_gmt":"2024-01-25T15:15:10","slug":"ladn-2024-une-nouvelle-grille-de-lecture-des-evenements-strategiques","status":"publish","type":"post","link":"https:\/\/ihedn.fr\/en\/notre-selection\/ladn-2024-une-nouvelle-grille-de-lecture-des-evenements-strategiques\/","title":{"rendered":"2024 DNA, \"a new way of looking at\" strategic events"},"content":{"rendered":"<div data-elementor-type=\"wp-post\" data-elementor-id=\"44521\" class=\"elementor elementor-44521\" data-elementor-post-type=\"post\">\n\t\t\t\t\t\t<section data-particle_enable=\"false\" data-particle-mobile-disabled=\"false\" class=\"elementor-section elementor-top-section elementor-element elementor-element-2393d72 elementor-section-boxed elementor-section-height-default elementor-section-height-default\" data-id=\"2393d72\" data-element_type=\"section\" data-e-type=\"section\">\n\t\t\t\t\t\t<div class=\"elementor-container elementor-column-gap-default\">\n\t\t\t\t\t<div class=\"elementor-column elementor-col-100 elementor-top-column elementor-element elementor-element-64441e7\" data-id=\"64441e7\" data-element_type=\"column\" data-e-type=\"column\">\n\t\t\t<div class=\"elementor-widget-wrap elementor-element-populated\">\n\t\t\t\t\t\t<div class=\"elementor-element elementor-element-f273ef3 elementor-widget elementor-widget-text-editor\" data-id=\"f273ef3\" data-element_type=\"widget\" data-e-type=\"widget\" data-widget_type=\"text-editor.default\">\n\t\t\t\t<div class=\"elementor-widget-container\">\n\t\t\t\t\t\t\t\t\t<p style=\"text-align: left;\">Returning to the \u00c9cole Militaire for a former IHEDN auditor always has a certain flavour, that of the 'Proust's madeleine' of a session - a truly enchanted interlude - devoted, for some, to defence policy or, for others, to maritime issues, armaments and the defence economy, cyber or economic security. So, to return to it for the launch of a new publication entitled L'Ann\u00e9e de la D\u00e9fense Nationale (ADN), on Thursday 7 December, under the prestigious double stamp of the IHEDN and La Documentation fran\u00e7aise, is like returning to the source: precisely that of the \"DNA\" of the IHEDN, which is to bring together around the issues of defence and national security a panel of military and civilian actors from French society, as diverse as possible. It is also a publishing event made possible by the support of the Direction de l'information l\u00e9gale et administrative (DILA).<\/p><p style=\"text-align: left;\">The name of this first annual issue, ADN 2024, is well chosen because, as General Beno\u00eet Durieux, Director of the IHEDN and President of the Defence Academy of the \u00c9cole Militaire, said in his introduction, it reflects the Institute's vocation to take a critical but forward-looking look at the upheavals in the strategic context since the outbreak of war in Ukraine on 24 February 2022. It is an attempt, through rigorous analysis, to go beyond the simple description of the present to anticipate new forms of conflict and contribute to the wider dissemination of IHEDN's vocation, which is to \"understand in order to act\".<\/p><p style=\"text-align: left;\">In concrete terms, the first edition of ADN 2024 provides a new framework for reading the chronicle of events in 2022. The first quality of this grid is that it is not dated. In fact, the magazine is organised around the four following themes <a href=\"https:\/\/ihedn.fr\/en\/2023\/05\/15\/le-perimetre-de-la-defense-nationale-la-specificite-de-lihedn\/\">the concentric circle of national defence and security<\/a> (military defence, national defence, national security and international security). For each article, it sets out a three-point analysis (context, analysis, perspective), which allows Guillaume Lasconjarias, Director of Studies at the IHEDN, to offer the reader a projection of events over the coming years, whether it be the military lessons of the war in Ukraine, the repercussions of this 'special military operation', the international order or defence strategy through the prism of the climate.<\/p>\t\t\t\t\t\t\t\t<\/div>\n\t\t\t\t<\/div>\n\t\t\t\t\t<\/div>\n\t\t<\/div>\n\t\t\t\t\t<\/div>\n\t\t<\/section>\n\t\t\t\t<section data-particle_enable=\"false\" data-particle-mobile-disabled=\"false\" class=\"elementor-section elementor-top-section elementor-element elementor-element-90cf80c elementor-section-boxed elementor-section-height-default elementor-section-height-default\" data-id=\"90cf80c\" data-element_type=\"section\" data-e-type=\"section\">\n\t\t\t\t\t\t<div class=\"elementor-container elementor-column-gap-default\">\n\t\t\t\t\t<div class=\"elementor-column elementor-col-100 elementor-top-column elementor-element elementor-element-0cec92e\" data-id=\"0cec92e\" data-element_type=\"column\" data-e-type=\"column\">\n\t\t\t<div class=\"elementor-widget-wrap elementor-element-populated\">\n\t\t\t\t\t\t<div class=\"elementor-element elementor-element-ee7a256 elementor-widget elementor-widget-heading\" data-id=\"ee7a256\" data-element_type=\"widget\" data-e-type=\"widget\" data-widget_type=\"heading.default\">\n\t\t\t\t<div class=\"elementor-widget-container\">\n\t\t\t\t\t<h2 class=\"elementor-heading-title elementor-size-default\">A CONFERENCE TO START THE DAY<\/h2>\t\t\t\t<\/div>\n\t\t\t\t<\/div>\n\t\t\t\t<div class=\"elementor-element elementor-element-018b02d elementor-widget-divider--view-line elementor-widget elementor-widget-divider\" data-id=\"018b02d\" data-element_type=\"widget\" data-e-type=\"widget\" data-widget_type=\"divider.default\">\n\t\t\t\t<div class=\"elementor-widget-container\">\n\t\t\t\t\t\t\t<div class=\"elementor-divider\">\n\t\t\t<span class=\"elementor-divider-separator\">\n\t\t\t\t\t\t<\/span>\n\t\t<\/div>\n\t\t\t\t\t\t<\/div>\n\t\t\t\t<\/div>\n\t\t\t\t\t<\/div>\n\t\t<\/div>\n\t\t\t\t\t<\/div>\n\t\t<\/section>\n\t\t\t\t<section data-particle_enable=\"false\" data-particle-mobile-disabled=\"false\" class=\"elementor-section elementor-top-section elementor-element elementor-element-16bfdc8 elementor-section-boxed elementor-section-height-default elementor-section-height-default\" data-id=\"16bfdc8\" data-element_type=\"section\" data-e-type=\"section\">\n\t\t\t\t\t\t<div class=\"elementor-container elementor-column-gap-default\">\n\t\t\t\t\t<div class=\"elementor-column elementor-col-100 elementor-top-column elementor-element elementor-element-bb2a3a7\" data-id=\"bb2a3a7\" data-element_type=\"column\" data-e-type=\"column\">\n\t\t\t<div class=\"elementor-widget-wrap elementor-element-populated\">\n\t\t\t\t\t\t<div class=\"elementor-element elementor-element-b6acd66 elementor-widget elementor-widget-text-editor\" data-id=\"b6acd66\" data-element_type=\"widget\" data-e-type=\"widget\" data-widget_type=\"text-editor.default\">\n\t\t\t\t<div class=\"elementor-widget-container\">\n\t\t\t\t\t\t\t\t\t<p>Their respective authors, Major General Vincent Breton, Director of the Centre interarm\u00e9es de concepts, de doctrines et d'exp\u00e9rimentations (CICDE), Isabelle Facon, Deputy Director of the Fondation pour la recherche strat\u00e9gique and Nicolas Regaud, Climate Advisor to the Major General of the Armed Forces, discussed the strategic shift that 2022 will bring for the decades to come, through the implementation of the European strategic compass, the general military strategy outlined by the Chief of the Defence Staff to the French Parliament, and the international negotiations on climate change.<\/p><p>Exciting though it was, this launch conference was merely a sort of appetiser, a call to readers to immerse themselves in a much broader spectrum of thought, consisting of 19 thematic articles on NATO, France's strategy in Africa, cyber, the national strategic review and, without being exhaustive, the annual report to Parliament on France's arms exports.<\/p><p>The aim of this ADN 2024, published under the direction of General Durieux and with a preface by Jean-Marie Gu\u00e9henno, Chairman of the IHEDN Scientific Council, is to provide an understanding of strategic orientations in a changing world, with the ever-present feeling that you will come away from the \u00c9cole Militaire even more passionate, if not intelligent!<\/p>\t\t\t\t\t\t\t\t<\/div>\n\t\t\t\t<\/div>\n\t\t\t\t\t<\/div>\n\t\t<\/div>\n\t\t\t\t\t<\/div>\n\t\t<\/section>\n\t\t\t\t<section data-particle_enable=\"false\" data-particle-mobile-disabled=\"false\" class=\"elementor-section elementor-top-section elementor-element elementor-element-953b10a elementor-section-boxed elementor-section-height-default elementor-section-height-default\" data-id=\"953b10a\" data-element_type=\"section\" data-e-type=\"section\">\n\t\t\t\t\t\t<div class=\"elementor-container elementor-column-gap-default\">\n\t\t\t\t\t<div class=\"elementor-column elementor-col-100 elementor-top-column elementor-element elementor-element-cb217b3\" data-id=\"cb217b3\" data-element_type=\"column\" data-e-type=\"column\">\n\t\t\t<div class=\"elementor-widget-wrap elementor-element-populated\">\n\t\t\t\t\t\t<div class=\"elementor-element elementor-element-59b069d elementor-widget elementor-widget-spacer\" data-id=\"59b069d\" data-element_type=\"widget\" data-e-type=\"widget\" data-widget_type=\"spacer.default\">\n\t\t\t\t<div class=\"elementor-widget-container\">\n\t\t\t\t\t\t\t<div class=\"elementor-spacer\">\n\t\t\t<div class=\"elementor-spacer-inner\"><\/div>\n\t\t<\/div>\n\t\t\t\t\t\t<\/div>\n\t\t\t\t<\/div>\n\t\t\t\t<div class=\"elementor-element elementor-element-767c0a5 elementor-widget elementor-widget-text-editor\" data-id=\"767c0a5\" data-element_type=\"widget\" data-e-type=\"widget\" data-widget_type=\"text-editor.default\">\n\t\t\t\t<div class=\"elementor-widget-container\">\n\t\t\t\t\t\t\t\t\t<p><strong>Jean Pouch, member of the AA-IHEDN, auditor of the 2<sup>th<\/sup> national session and chairman of the 75<sup>th<\/sup> Defence Policy\" promotion<\/strong><\/p>\t\t\t\t\t\t\t\t<\/div>\n\t\t\t\t<\/div>\n\t\t\t\t\t<\/div>\n\t\t<\/div>\n\t\t\t\t\t<\/div>\n\t\t<\/section>\n\t\t\t\t<section data-particle_enable=\"false\" data-particle-mobile-disabled=\"false\" class=\"elementor-section elementor-top-section elementor-element elementor-element-e0e545e elementor-section-boxed elementor-section-height-default elementor-section-height-default\" data-id=\"e0e545e\" data-element_type=\"section\" data-e-type=\"section\">\n\t\t\t\t\t\t<div class=\"elementor-container elementor-column-gap-default\">\n\t\t\t\t\t<div class=\"elementor-column elementor-col-100 elementor-top-column elementor-element elementor-element-f538752\" data-id=\"f538752\" data-element_type=\"column\" data-e-type=\"column\">\n\t\t\t<div class=\"elementor-widget-wrap elementor-element-populated\">\n\t\t\t\t\t\t<div class=\"elementor-element elementor-element-c546d53 elementor-widget elementor-widget-video\" data-id=\"c546d53\" data-element_type=\"widget\" data-e-type=\"widget\" data-settings=\"{&quot;youtube_url&quot;:&quot;https:\\\/\\\/youtu.be\\\/ICoLnOzcOgY&quot;,&quot;video_type&quot;:&quot;youtube&quot;,&quot;controls&quot;:&quot;yes&quot;}\" data-widget_type=\"video.default\">\n\t\t\t\t<div class=\"elementor-widget-container\">\n\t\t\t\t\t\t\t<div class=\"elementor-wrapper elementor-open-inline\">\n\t\t\t<div class=\"elementor-video\"><\/div>\t\t<\/div>\n\t\t\t\t\t\t<\/div>\n\t\t\t\t<\/div>\n\t\t\t\t\t<\/div>\n\t\t<\/div>\n\t\t\t\t\t<\/div>\n\t\t<\/section>\n\t\t\t\t<\/div>","protected":false},"excerpt":{"rendered":"<p>Jean Pouch, an auditor in the 2nd national session, attended the launch of the Year of National Defence 2024 on 7 December. He gives us his impressions of the first edition of this book.<\/p>","protected":false},"author":12,"featured_media":44535,"comment_status":"closed","ping_status":"closed","sticky":false,"template":"","format":"standard","meta":{"footnotes":""},"categories":[41,171],"tags":[],"class_list":["post-44521","post","type-post","status-publish","format-standard","has-post-thumbnail","hentry","category-lundis-de-lihedn","category-notre-selection"],"yoast_head":"<!-- This site is optimized with the Yoast SEO plugin v27.5 - https:\/\/yoast.com\/product\/yoast-seo-wordpress\/ -->\n<title>L\u2019ADN 2024, \u00ab une nouvelle grille de lecture \u00bb des \u00e9v\u00e9nements strat\u00e9giques - L&#039;IHEDN : Institut des hautes \u00e9tudes de d\u00e9fense nationale<\/title>\n<meta name=\"description\" content=\"\u00c0 l\u2019occasion de la pr\u00e9sentation des capacit\u00e9s de l\u2019arm\u00e9e de l\u2019Air et de l\u2019Espace (AAE) cette semaine, le g\u00e9n\u00e9ral de corps a\u00e9rien Laurent Rataud, commandant la d\u00e9fense a\u00e9rienne et les op\u00e9rations a\u00e9riennes, d\u00e9taille l\u2019importance et les missions de cette arm\u00e9e dans la diplomatie fran\u00e7aise et la coop\u00e9ration interalli\u00e9e.\" \/>\n<meta name=\"robots\" content=\"index, follow, max-snippet:-1, max-image-preview:large, max-video-preview:-1\" \/>\n<link rel=\"canonical\" href=\"https:\/\/ihedn.fr\/en\/notre-selection\/ladn-2024-une-nouvelle-grille-de-lecture-des-evenements-strategiques\/\" \/>\n<meta property=\"og:locale\" content=\"en_GB\" \/>\n<meta property=\"og:type\" content=\"article\" \/>\n<meta property=\"og:title\" content=\"L\u2019ADN 2024, \u00ab une nouvelle grille de lecture \u00bb des \u00e9v\u00e9nements strat\u00e9giques\" \/>\n<meta property=\"og:description\" content=\"Auditeur de la 2\u00e8me session nationale, Jean Pouch s\u2019est rendu au lancement de l\u2019Ann\u00e9e de la D\u00e9fense Nationale 2024, le 7 d\u00e9cembre. Il nous livre ses impressions sur la premi\u00e8re \u00e9dition de cet ouvrage.\" \/>\n<meta property=\"og:url\" content=\"https:\/\/ihedn.fr\/en\/notre-selection\/ladn-2024-une-nouvelle-grille-de-lecture-des-evenements-strategiques\/\" \/>\n<meta property=\"og:site_name\" content=\"L&#039;IHEDN : Institut des hautes \u00e9tudes de d\u00e9fense nationale\" \/>\n<meta property=\"article:publisher\" content=\"https:\/\/www.facebook.com\/ihedn\/\" \/>\n<meta property=\"article:published_time\" content=\"2023-12-11T14:21:40+00:00\" \/>\n<meta property=\"article:modified_time\" content=\"2024-01-25T15:15:10+00:00\" \/>\n<meta property=\"og:image\" content=\"https:\/\/ihedn.fr\/wp-content\/uploads\/2023\/12\/ADN_2024_LUNDISIH-scaled.jpg\" \/>\n\t<meta property=\"og:image:width\" content=\"2560\" \/>\n\t<meta property=\"og:image:height\" content=\"1440\" \/>\n\t<meta property=\"og:image:type\" content=\"image\/jpeg\" \/>\n<meta name=\"author\" content=\"Ad\u00e8le Thoumieux\" \/>\n<meta name=\"twitter:card\" content=\"summary_large_image\" \/>\n<meta name=\"twitter:title\" content=\"L\u2019ADN 2024, \u00ab une nouvelle grille de lecture \u00bb des \u00e9v\u00e9nements strat\u00e9giques\" \/>\n<meta name=\"twitter:description\" content=\"Auditeur de la 2\u00e8me session nationale, Jean Pouch s\u2019est rendu au lancement de l\u2019Ann\u00e9e de la D\u00e9fense Nationale 2024, le 7 d\u00e9cembre. Il nous livre ses impressions sur la premi\u00e8re \u00e9dition de cet ouvrage.\" \/>\n<meta name=\"twitter:image\" content=\"https:\/\/ihedn.fr\/wp-content\/uploads\/2023\/12\/ADN_2024_LUNDISIH-scaled.jpg\" \/>\n<meta name=\"twitter:creator\" content=\"@IHEDN\" \/>\n<meta name=\"twitter:site\" content=\"@IHEDN\" \/>\n<meta name=\"twitter:label1\" content=\"Written by\" \/>\n\t<meta name=\"twitter:data1\" content=\"Ad\u00e8le Thoumieux\" \/>\n\t<meta name=\"twitter:label2\" content=\"Estimated reading time\" \/>\n\t<meta name=\"twitter:data2\" content=\"4 minutes\" \/>\n<script type=\"application\/ld+json\" class=\"yoast-schema-graph\">{\"@context\":\"https:\\\/\\\/schema.org\",\"@graph\":[{\"@type\":\"Article\",\"@id\":\"https:\\\/\\\/ihedn.fr\\\/notre-selection\\\/ladn-2024-une-nouvelle-grille-de-lecture-des-evenements-strategiques\\\/#article\",\"isPartOf\":{\"@id\":\"https:\\\/\\\/ihedn.fr\\\/notre-selection\\\/ladn-2024-une-nouvelle-grille-de-lecture-des-evenements-strategiques\\\/\"},\"author\":{\"name\":\"Ad\u00e8le Thoumieux\",\"@id\":\"https:\\\/\\\/ihedn.fr\\\/#\\\/schema\\\/person\\\/16d49c2bd0121499ea9b9023ce89826c\"},\"headline\":\"L\u2019ADN 2024, \u00ab une nouvelle grille de lecture \u00bb des \u00e9v\u00e9nements strat\u00e9giques\",\"datePublished\":\"2023-12-11T14:21:40+00:00\",\"dateModified\":\"2024-01-25T15:15:10+00:00\",\"mainEntityOfPage\":{\"@id\":\"https:\\\/\\\/ihedn.fr\\\/notre-selection\\\/ladn-2024-une-nouvelle-grille-de-lecture-des-evenements-strategiques\\\/\"},\"wordCount\":765,\"publisher\":{\"@id\":\"https:\\\/\\\/ihedn.fr\\\/#organization\"},\"image\":{\"@id\":\"https:\\\/\\\/ihedn.fr\\\/notre-selection\\\/ladn-2024-une-nouvelle-grille-de-lecture-des-evenements-strategiques\\\/#primaryimage\"},\"thumbnailUrl\":\"https:\\\/\\\/ihedn.fr\\\/wp-content\\\/uploads\\\/2023\\\/12\\\/ADN_2024_LUNDISIH-scaled.jpg\",\"articleSection\":[\"Lundis de l'IHEDN\",\"Notre s\u00e9lection\"],\"inLanguage\":\"en-GB\"},{\"@type\":\"WebPage\",\"@id\":\"https:\\\/\\\/ihedn.fr\\\/notre-selection\\\/ladn-2024-une-nouvelle-grille-de-lecture-des-evenements-strategiques\\\/\",\"url\":\"https:\\\/\\\/ihedn.fr\\\/notre-selection\\\/ladn-2024-une-nouvelle-grille-de-lecture-des-evenements-strategiques\\\/\",\"name\":\"L\u2019ADN 2024, \u00ab une nouvelle grille de lecture \u00bb des \u00e9v\u00e9nements strat\u00e9giques - L&#039;IHEDN : Institut des hautes \u00e9tudes de d\u00e9fense nationale\",\"isPartOf\":{\"@id\":\"https:\\\/\\\/ihedn.fr\\\/#website\"},\"primaryImageOfPage\":{\"@id\":\"https:\\\/\\\/ihedn.fr\\\/notre-selection\\\/ladn-2024-une-nouvelle-grille-de-lecture-des-evenements-strategiques\\\/#primaryimage\"},\"image\":{\"@id\":\"https:\\\/\\\/ihedn.fr\\\/notre-selection\\\/ladn-2024-une-nouvelle-grille-de-lecture-des-evenements-strategiques\\\/#primaryimage\"},\"thumbnailUrl\":\"https:\\\/\\\/ihedn.fr\\\/wp-content\\\/uploads\\\/2023\\\/12\\\/ADN_2024_LUNDISIH-scaled.jpg\",\"datePublished\":\"2023-12-11T14:21:40+00:00\",\"dateModified\":\"2024-01-25T15:15:10+00:00\",\"description\":\"\u00c0 l\u2019occasion de la pr\u00e9sentation des capacit\u00e9s de l\u2019arm\u00e9e de l\u2019Air et de l\u2019Espace (AAE) cette semaine, le g\u00e9n\u00e9ral de corps a\u00e9rien Laurent Rataud, commandant la d\u00e9fense a\u00e9rienne et les op\u00e9rations a\u00e9riennes, d\u00e9taille l\u2019importance et les missions de cette arm\u00e9e dans la diplomatie fran\u00e7aise et la coop\u00e9ration interalli\u00e9e.\",\"breadcrumb\":{\"@id\":\"https:\\\/\\\/ihedn.fr\\\/notre-selection\\\/ladn-2024-une-nouvelle-grille-de-lecture-des-evenements-strategiques\\\/#breadcrumb\"},\"inLanguage\":\"en-GB\",\"potentialAction\":[{\"@type\":\"ReadAction\",\"target\":[\"https:\\\/\\\/ihedn.fr\\\/notre-selection\\\/ladn-2024-une-nouvelle-grille-de-lecture-des-evenements-strategiques\\\/\"]}]},{\"@type\":\"ImageObject\",\"inLanguage\":\"en-GB\",\"@id\":\"https:\\\/\\\/ihedn.fr\\\/notre-selection\\\/ladn-2024-une-nouvelle-grille-de-lecture-des-evenements-strategiques\\\/#primaryimage\",\"url\":\"https:\\\/\\\/ihedn.fr\\\/wp-content\\\/uploads\\\/2023\\\/12\\\/ADN_2024_LUNDISIH-scaled.jpg\",\"contentUrl\":\"https:\\\/\\\/ihedn.fr\\\/wp-content\\\/uploads\\\/2023\\\/12\\\/ADN_2024_LUNDISIH-scaled.jpg\",\"width\":2560,\"height\":1440},{\"@type\":\"BreadcrumbList\",\"@id\":\"https:\\\/\\\/ihedn.fr\\\/notre-selection\\\/ladn-2024-une-nouvelle-grille-de-lecture-des-evenements-strategiques\\\/#breadcrumb\",\"itemListElement\":[{\"@type\":\"ListItem\",\"position\":1,\"name\":\"Accueil\",\"item\":\"https:\\\/\\\/ihedn.fr\\\/\"},{\"@type\":\"ListItem\",\"position\":2,\"name\":\"L\u2019ADN 2024, \u00ab une nouvelle grille de lecture \u00bb des \u00e9v\u00e9nements strat\u00e9giques\"}]},{\"@type\":\"WebSite\",\"@id\":\"https:\\\/\\\/ihedn.fr\\\/#website\",\"url\":\"https:\\\/\\\/ihedn.fr\\\/\",\"name\":\"IHEDN : Institut des hautes \u00e9tudes de d\u00e9fense nationale |\",\"description\":\"Site officiel de l&#039;IHEDN plac\u00e9 sous la tutelle du Premier ministre.\",\"publisher\":{\"@id\":\"https:\\\/\\\/ihedn.fr\\\/#organization\"},\"potentialAction\":[{\"@type\":\"SearchAction\",\"target\":{\"@type\":\"EntryPoint\",\"urlTemplate\":\"https:\\\/\\\/ihedn.fr\\\/?s={search_term_string}\"},\"query-input\":{\"@type\":\"PropertyValueSpecification\",\"valueRequired\":true,\"valueName\":\"search_term_string\"}}],\"inLanguage\":\"en-GB\"},{\"@type\":\"Organization\",\"@id\":\"https:\\\/\\\/ihedn.fr\\\/#organization\",\"name\":\"IHEDN - Institut des Hautes Etudes de D\u00e9fense Nationale\",\"url\":\"https:\\\/\\\/ihedn.fr\\\/\",\"logo\":{\"@type\":\"ImageObject\",\"inLanguage\":\"en-GB\",\"@id\":\"https:\\\/\\\/ihedn.fr\\\/#\\\/schema\\\/logo\\\/image\\\/\",\"url\":\"https:\\\/\\\/ihedn.fr\\\/wp-content\\\/uploads\\\/2020\\\/11\\\/BLOC_RF_IHEDN_WEB.png\",\"contentUrl\":\"https:\\\/\\\/ihedn.fr\\\/wp-content\\\/uploads\\\/2020\\\/11\\\/BLOC_RF_IHEDN_WEB.png\",\"width\":500,\"height\":237,\"caption\":\"IHEDN - Institut des Hautes Etudes de D\u00e9fense Nationale\"},\"image\":{\"@id\":\"https:\\\/\\\/ihedn.fr\\\/#\\\/schema\\\/logo\\\/image\\\/\"},\"sameAs\":[\"https:\\\/\\\/www.facebook.com\\\/ihedn\\\/\",\"https:\\\/\\\/x.com\\\/IHEDN\",\"https:\\\/\\\/www.instagram.com\\\/ihedn\\\/\",\"https:\\\/\\\/www.linkedin.com\\\/school\\\/ihedn\\\/\",\"https:\\\/\\\/fr.wikipedia.org\\\/wiki\\\/Institut_des_hautes_\u00e9tudes_de_D\u00e9fense_nationale\"]},{\"@type\":\"Person\",\"@id\":\"https:\\\/\\\/ihedn.fr\\\/#\\\/schema\\\/person\\\/16d49c2bd0121499ea9b9023ce89826c\",\"name\":\"Ad\u00e8le Thoumieux\",\"image\":{\"@type\":\"ImageObject\",\"inLanguage\":\"en-GB\",\"@id\":\"https:\\\/\\\/secure.gravatar.com\\\/avatar\\\/64fc58d14679bdd185946349bcb229b06e37d30d6290c2bec15f1daa8f8e0ece?s=96&d=mm&r=g\",\"url\":\"https:\\\/\\\/secure.gravatar.com\\\/avatar\\\/64fc58d14679bdd185946349bcb229b06e37d30d6290c2bec15f1daa8f8e0ece?s=96&d=mm&r=g\",\"contentUrl\":\"https:\\\/\\\/secure.gravatar.com\\\/avatar\\\/64fc58d14679bdd185946349bcb229b06e37d30d6290c2bec15f1daa8f8e0ece?s=96&d=mm&r=g\",\"caption\":\"Ad\u00e8le Thoumieux\"},\"sameAs\":[\"http:\\\/\\\/ihedn.fr\"],\"url\":\"https:\\\/\\\/ihedn.fr\\\/en\\\/author\\\/thoumieux\\\/\"}]}<\/script>\n<!-- \/ Yoast SEO plugin. -->","yoast_head_json":{"title":"ADN 2024, \"a new reading grid\" for strategic events - L'IHEDN : Institut des hautes \u00e9tudes de d\u00e9fense nationale (Graduate Institute of National Defence)","description":"At this week's presentation of the capabilities of the French Air Force (AAE), Air Force Lieutenant General Laurent Rataud, Commander of Air Defence and Air Operations, explains the importance and missions of the AAE in French diplomacy and allied cooperation.","robots":{"index":"index","follow":"follow","max-snippet":"max-snippet:-1","max-image-preview":"max-image-preview:large","max-video-preview":"max-video-preview:-1"},"canonical":"https:\/\/ihedn.fr\/en\/notre-selection\/ladn-2024-une-nouvelle-grille-de-lecture-des-evenements-strategiques\/","og_locale":"en_GB","og_type":"article","og_title":"L\u2019ADN 2024, \u00ab une nouvelle grille de lecture \u00bb des \u00e9v\u00e9nements strat\u00e9giques","og_description":"Auditeur de la 2\u00e8me session nationale, Jean Pouch s\u2019est rendu au lancement de l\u2019Ann\u00e9e de la D\u00e9fense Nationale 2024, le 7 d\u00e9cembre. Il nous livre ses impressions sur la premi\u00e8re \u00e9dition de cet ouvrage.","og_url":"https:\/\/ihedn.fr\/en\/notre-selection\/ladn-2024-une-nouvelle-grille-de-lecture-des-evenements-strategiques\/","og_site_name":"L&#039;IHEDN : Institut des hautes \u00e9tudes de d\u00e9fense nationale","article_publisher":"https:\/\/www.facebook.com\/ihedn\/","article_published_time":"2023-12-11T14:21:40+00:00","article_modified_time":"2024-01-25T15:15:10+00:00","og_image":[{"width":2560,"height":1440,"url":"https:\/\/ihedn.fr\/wp-content\/uploads\/2023\/12\/ADN_2024_LUNDISIH-scaled.jpg","type":"image\/jpeg"}],"author":"Ad\u00e8le Thoumieux","twitter_card":"summary_large_image","twitter_title":"L\u2019ADN 2024, \u00ab une nouvelle grille de lecture \u00bb des \u00e9v\u00e9nements strat\u00e9giques","twitter_description":"Auditeur de la 2\u00e8me session nationale, Jean Pouch s\u2019est rendu au lancement de l\u2019Ann\u00e9e de la D\u00e9fense Nationale 2024, le 7 d\u00e9cembre. Il nous livre ses impressions sur la premi\u00e8re \u00e9dition de cet ouvrage.","twitter_image":"https:\/\/ihedn.fr\/wp-content\/uploads\/2023\/12\/ADN_2024_LUNDISIH-scaled.jpg","twitter_creator":"@IHEDN","twitter_site":"@IHEDN","twitter_misc":{"Written by":"Ad\u00e8le Thoumieux","Estimated reading time":"4 minutes"},"schema":{"@context":"https:\/\/schema.org","@graph":[{"@type":"Article","@id":"https:\/\/ihedn.fr\/notre-selection\/ladn-2024-une-nouvelle-grille-de-lecture-des-evenements-strategiques\/#article","isPartOf":{"@id":"https:\/\/ihedn.fr\/notre-selection\/ladn-2024-une-nouvelle-grille-de-lecture-des-evenements-strategiques\/"},"author":{"name":"Ad\u00e8le Thoumieux","@id":"https:\/\/ihedn.fr\/#\/schema\/person\/16d49c2bd0121499ea9b9023ce89826c"},"headline":"L\u2019ADN 2024, \u00ab une nouvelle grille de lecture \u00bb des \u00e9v\u00e9nements strat\u00e9giques","datePublished":"2023-12-11T14:21:40+00:00","dateModified":"2024-01-25T15:15:10+00:00","mainEntityOfPage":{"@id":"https:\/\/ihedn.fr\/notre-selection\/ladn-2024-une-nouvelle-grille-de-lecture-des-evenements-strategiques\/"},"wordCount":765,"publisher":{"@id":"https:\/\/ihedn.fr\/#organization"},"image":{"@id":"https:\/\/ihedn.fr\/notre-selection\/ladn-2024-une-nouvelle-grille-de-lecture-des-evenements-strategiques\/#primaryimage"},"thumbnailUrl":"https:\/\/ihedn.fr\/wp-content\/uploads\/2023\/12\/ADN_2024_LUNDISIH-scaled.jpg","articleSection":["Lundis de l'IHEDN","Notre s\u00e9lection"],"inLanguage":"en-GB"},{"@type":"WebPage","@id":"https:\/\/ihedn.fr\/notre-selection\/ladn-2024-une-nouvelle-grille-de-lecture-des-evenements-strategiques\/","url":"https:\/\/ihedn.fr\/notre-selection\/ladn-2024-une-nouvelle-grille-de-lecture-des-evenements-strategiques\/","name":"ADN 2024, \"a new reading grid\" for strategic events - L'IHEDN : Institut des hautes \u00e9tudes de d\u00e9fense nationale (Graduate Institute of National Defence)","isPartOf":{"@id":"https:\/\/ihedn.fr\/#website"},"primaryImageOfPage":{"@id":"https:\/\/ihedn.fr\/notre-selection\/ladn-2024-une-nouvelle-grille-de-lecture-des-evenements-strategiques\/#primaryimage"},"image":{"@id":"https:\/\/ihedn.fr\/notre-selection\/ladn-2024-une-nouvelle-grille-de-lecture-des-evenements-strategiques\/#primaryimage"},"thumbnailUrl":"https:\/\/ihedn.fr\/wp-content\/uploads\/2023\/12\/ADN_2024_LUNDISIH-scaled.jpg","datePublished":"2023-12-11T14:21:40+00:00","dateModified":"2024-01-25T15:15:10+00:00","description":"At this week's presentation of the capabilities of the French Air Force (AAE), Air Force Lieutenant General Laurent Rataud, Commander of Air Defence and Air Operations, explains the importance and missions of the AAE in French diplomacy and allied cooperation.","breadcrumb":{"@id":"https:\/\/ihedn.fr\/notre-selection\/ladn-2024-une-nouvelle-grille-de-lecture-des-evenements-strategiques\/#breadcrumb"},"inLanguage":"en-GB","potentialAction":[{"@type":"ReadAction","target":["https:\/\/ihedn.fr\/notre-selection\/ladn-2024-une-nouvelle-grille-de-lecture-des-evenements-strategiques\/"]}]},{"@type":"ImageObject","inLanguage":"en-GB","@id":"https:\/\/ihedn.fr\/notre-selection\/ladn-2024-une-nouvelle-grille-de-lecture-des-evenements-strategiques\/#primaryimage","url":"https:\/\/ihedn.fr\/wp-content\/uploads\/2023\/12\/ADN_2024_LUNDISIH-scaled.jpg","contentUrl":"https:\/\/ihedn.fr\/wp-content\/uploads\/2023\/12\/ADN_2024_LUNDISIH-scaled.jpg","width":2560,"height":1440},{"@type":"BreadcrumbList","@id":"https:\/\/ihedn.fr\/notre-selection\/ladn-2024-une-nouvelle-grille-de-lecture-des-evenements-strategiques\/#breadcrumb","itemListElement":[{"@type":"ListItem","position":1,"name":"Accueil","item":"https:\/\/ihedn.fr\/"},{"@type":"ListItem","position":2,"name":"L\u2019ADN 2024, \u00ab une nouvelle grille de lecture \u00bb des \u00e9v\u00e9nements strat\u00e9giques"}]},{"@type":"WebSite","@id":"https:\/\/ihedn.fr\/#website","url":"https:\/\/ihedn.fr\/","name":"IHEDN: Institut des hautes \u00e9tudes de d\u00e9fense nationale (Institute for Higher National Defence Studies)","description":"Official website of the IHEDN under the supervision of the Prime Minister.","publisher":{"@id":"https:\/\/ihedn.fr\/#organization"},"potentialAction":[{"@type":"SearchAction","target":{"@type":"EntryPoint","urlTemplate":"https:\/\/ihedn.fr\/?s={search_term_string}"},"query-input":{"@type":"PropertyValueSpecification","valueRequired":true,"valueName":"search_term_string"}}],"inLanguage":"en-GB"},{"@type":"Organization","@id":"https:\/\/ihedn.fr\/#organization","name":"IHEDN - Institute for Higher National Defence Studies","url":"https:\/\/ihedn.fr\/","logo":{"@type":"ImageObject","inLanguage":"en-GB","@id":"https:\/\/ihedn.fr\/#\/schema\/logo\/image\/","url":"https:\/\/ihedn.fr\/wp-content\/uploads\/2020\/11\/BLOC_RF_IHEDN_WEB.png","contentUrl":"https:\/\/ihedn.fr\/wp-content\/uploads\/2020\/11\/BLOC_RF_IHEDN_WEB.png","width":500,"height":237,"caption":"IHEDN - Institut des Hautes Etudes de D\u00e9fense Nationale"},"image":{"@id":"https:\/\/ihedn.fr\/#\/schema\/logo\/image\/"},"sameAs":["https:\/\/www.facebook.com\/ihedn\/","https:\/\/x.com\/IHEDN","https:\/\/www.instagram.com\/ihedn\/","https:\/\/www.linkedin.com\/school\/ihedn\/","https:\/\/fr.wikipedia.org\/wiki\/Institut_des_hautes_\u00e9tudes_de_D\u00e9fense_nationale"]},{"@type":"Person","@id":"https:\/\/ihedn.fr\/#\/schema\/person\/16d49c2bd0121499ea9b9023ce89826c","name":"Ad\u00e8le Thoumieux","image":{"@type":"ImageObject","inLanguage":"en-GB","@id":"https:\/\/secure.gravatar.com\/avatar\/64fc58d14679bdd185946349bcb229b06e37d30d6290c2bec15f1daa8f8e0ece?s=96&d=mm&r=g","url":"https:\/\/secure.gravatar.com\/avatar\/64fc58d14679bdd185946349bcb229b06e37d30d6290c2bec15f1daa8f8e0ece?s=96&d=mm&r=g","contentUrl":"https:\/\/secure.gravatar.com\/avatar\/64fc58d14679bdd185946349bcb229b06e37d30d6290c2bec15f1daa8f8e0ece?s=96&d=mm&r=g","caption":"Ad\u00e8le Thoumieux"},"sameAs":["http:\/\/ihedn.fr"],"url":"https:\/\/ihedn.fr\/en\/author\/thoumieux\/"}]}},"publishpress_future_action":{"enabled":false,"date":"2026-05-07 15:30:31","action":"change-status","newStatus":"draft","terms":[],"taxonomy":"category","extraData":[]},"publishpress_future_workflow_manual_trigger":{"enabledWorkflows":[]},"_links":{"self":[{"href":"https:\/\/ihedn.fr\/en\/wp-json\/wp\/v2\/posts\/44521","targetHints":{"allow":["GET"]}}],"collection":[{"href":"https:\/\/ihedn.fr\/en\/wp-json\/wp\/v2\/posts"}],"about":[{"href":"https:\/\/ihedn.fr\/en\/wp-json\/wp\/v2\/types\/post"}],"author":[{"embeddable":true,"href":"https:\/\/ihedn.fr\/en\/wp-json\/wp\/v2\/users\/12"}],"replies":[{"embeddable":true,"href":"https:\/\/ihedn.fr\/en\/wp-json\/wp\/v2\/comments?post=44521"}],"version-history":[{"count":24,"href":"https:\/\/ihedn.fr\/en\/wp-json\/wp\/v2\/posts\/44521\/revisions"}],"predecessor-version":[{"id":45472,"href":"https:\/\/ihedn.fr\/en\/wp-json\/wp\/v2\/posts\/44521\/revisions\/45472"}],"wp:featuredmedia":[{"embeddable":true,"href":"https:\/\/ihedn.fr\/en\/wp-json\/wp\/v2\/media\/44535"}],"wp:attachment":[{"href":"https:\/\/ihedn.fr\/en\/wp-json\/wp\/v2\/media?parent=44521"}],"wp:term":[{"taxonomy":"category","embeddable":true,"href":"https:\/\/ihedn.fr\/en\/wp-json\/wp\/v2\/categories?post=44521"},{"taxonomy":"post_tag","embeddable":true,"href":"https:\/\/ihedn.fr\/en\/wp-json\/wp\/v2\/tags?post=44521"}],"curies":[{"name":"wp","href":"https:\/\/api.w.org\/{rel}","templated":true}]}}