{"id":44555,"date":"2023-12-12T12:21:03","date_gmt":"2023-12-12T11:21:03","guid":{"rendered":"https:\/\/ihedn.fr\/?p=44555"},"modified":"2025-04-09T15:04:58","modified_gmt":"2025-04-09T14:04:58","slug":"martin-motte-relire-un-classique-de-la-strategie-de-la-guerre-par-ferdinand-foch","status":"publish","type":"post","link":"https:\/\/ihedn.fr\/en\/les-debats-strategiques\/martin-motte-relire-un-classique-de-la-strategie-de-la-guerre-par-ferdinand-foch\/","title":{"rendered":"Martin MOTTE: Rereading a strategy classic: De La Guerre, by Ferdinand Foch"},"content":{"rendered":"<div data-elementor-type=\"wp-post\" data-elementor-id=\"44555\" class=\"elementor elementor-44555\" data-elementor-post-type=\"post\">\n\t\t\t\t<div data-particle_enable=\"false\" data-particle-mobile-disabled=\"false\" class=\"elementor-element elementor-element-05f991d e-flex e-con-boxed e-con e-parent\" data-id=\"05f991d\" data-element_type=\"container\" data-e-type=\"container\">\n\t\t\t\t\t<div class=\"e-con-inner\">\n\t\t\t\t<div class=\"elementor-element elementor-element-8c24b2d elementor-widget elementor-widget-text-editor\" data-id=\"8c24b2d\" data-element_type=\"widget\" data-e-type=\"widget\" data-widget_type=\"text-editor.default\">\n\t\t\t\t<div class=\"elementor-widget-container\">\n\t\t\t\t\t\t\t\t\t<p style=\"text-align: left;\">Rarely has an author had such a destiny; when he writes <em>The principles of war<\/em> (1903) and then <em>The conduct of war<\/em> (1904), Ferdinand Foch taught at the Ecole Sup\u00e9rieure de Guerre, where he taught a new way of combining analysis and preparation for action, the latter being the most complex of all: waging war.<\/p><p style=\"text-align: left;\">While we know that the principles he put forward are enduring - and that they will still be relevant to our armies in 2024 - the future Marshal has also been much criticised for being a man of his time. But to reduce him to a tactician obscures Foch's ability to rise to the strategic level, at the intersection of political ends and military means.<\/p><p style=\"text-align: left;\">With Martin Motte, a former student of the ENS Ulm and Director of Studies at the \u00c9cole Pratique des Hautes \u00c9tudes, we will look back at Foch, the professor of energy who inspired de Gaulle, Churchill, Eisenhower and Patton.<\/p>\t\t\t\t\t\t\t\t<\/div>\n\t\t\t\t<\/div>\n\t\t\t\t\t<\/div>\n\t\t\t\t<\/div>\n\t\t<div data-particle_enable=\"false\" data-particle-mobile-disabled=\"false\" class=\"elementor-element elementor-element-63a9e1d e-con-full e-flex e-con e-parent\" data-id=\"63a9e1d\" data-element_type=\"container\" data-e-type=\"container\">\n\t\t\t\t<div class=\"elementor-element elementor-element-ec8774f elementor-widget elementor-widget-text-editor\" data-id=\"ec8774f\" data-element_type=\"widget\" data-e-type=\"widget\" data-widget_type=\"text-editor.default\">\n\t\t\t\t<div class=\"elementor-widget-container\">\n\t\t\t\t\t\t\t\t\t<p style=\"text-align: left;\"><strong>A replay of this strategic debate is available on our Youtube channel:<\/strong><\/p>\t\t\t\t\t\t\t\t<\/div>\n\t\t\t\t<\/div>\n\t\t\t\t<div class=\"elementor-element elementor-element-7ab5650 elementor-widget elementor-widget-video\" data-id=\"7ab5650\" data-element_type=\"widget\" data-e-type=\"widget\" data-settings=\"{&quot;youtube_url&quot;:&quot;https:\\\/\\\/www.youtube.com\\\/watch?v=SgAtuhBrepQ&quot;,&quot;video_type&quot;:&quot;youtube&quot;,&quot;controls&quot;:&quot;yes&quot;}\" data-widget_type=\"video.default\">\n\t\t\t\t<div class=\"elementor-widget-container\">\n\t\t\t\t\t\t\t<div class=\"elementor-wrapper elementor-open-inline\">\n\t\t\t<div class=\"elementor-video\"><\/div>\t\t<\/div>\n\t\t\t\t\t\t<\/div>\n\t\t\t\t<\/div>\n\t\t\t\t<\/div>\n\t\t\t\t<\/div>","protected":false},"excerpt":{"rendered":"<p><span style=\"color: #c80a23;\"><strong>22 January 2024 | 6.30pm<\/strong><\/span> at the \u00c9cole militaire<\/p>","protected":false},"author":7,"featured_media":44781,"comment_status":"closed","ping_status":"closed","sticky":false,"template":"","format":"standard","meta":{"footnotes":""},"categories":[42],"tags":[247,249],"class_list":["post-44555","post","type-post","status-publish","format-standard","has-post-thumbnail","hentry","category-les-debats-strategiques","tag-debat-strategique","tag-ancien-debat-strategique"],"yoast_head":"<!-- This site is optimized with the Yoast SEO plugin v27.5 - https:\/\/yoast.com\/product\/yoast-seo-wordpress\/ -->\n<title>Martin MOTTE : Relire un classique de la strat\u00e9gie : De La Guerre, par Ferdinand Foch - L&#039;IHEDN : Institut des hautes \u00e9tudes de d\u00e9fense nationale<\/title>\n<meta name=\"description\" content=\"Cet ouvrage met en lumi\u00e8re les menaces invisibles qui p\u00e8sent aujourd\u2019hui sur les d\u00e9mocraties occidentales. Les campagnes de d\u00e9sinformation, les cyberattaques, l&#039;ing\u00e9rence dans les campagnes \u00e9lectorales et dans la vie politique se sont en effet multipli\u00e9es. Fake news, trolls : l&#039;infox touche d\u00e9sormais tous les sujets, de la Covid aux droits des femmes et des minorit\u00e9s, en passant par la guerre d&#039;Ukraine.\" \/>\n<meta name=\"robots\" content=\"index, follow, max-snippet:-1, max-image-preview:large, max-video-preview:-1\" \/>\n<link rel=\"canonical\" href=\"https:\/\/ihedn.fr\/en\/les-debats-strategiques\/martin-motte-relire-un-classique-de-la-strategie-de-la-guerre-par-ferdinand-foch\/\" \/>\n<meta property=\"og:locale\" content=\"en_GB\" \/>\n<meta property=\"og:type\" content=\"article\" \/>\n<meta property=\"og:title\" content=\"Martin MOTTE : Relire un classique de la strat\u00e9gie : De La Guerre, par Ferdinand Foch\" \/>\n<meta property=\"og:description\" content=\"Cet ouvrage met en lumi\u00e8re les menaces invisibles qui p\u00e8sent aujourd\u2019hui sur les d\u00e9mocraties occidentales. Les campagnes de d\u00e9sinformation, les cyberattaques, l&#039;ing\u00e9rence dans les campagnes \u00e9lectorales et dans la vie politique se sont en effet multipli\u00e9es. Fake news, trolls : l&#039;infox touche d\u00e9sormais tous les sujets, de la Covid aux droits des femmes et des minorit\u00e9s, en passant par la guerre d&#039;Ukraine.\" \/>\n<meta property=\"og:url\" content=\"https:\/\/ihedn.fr\/en\/les-debats-strategiques\/martin-motte-relire-un-classique-de-la-strategie-de-la-guerre-par-ferdinand-foch\/\" \/>\n<meta property=\"og:site_name\" content=\"L&#039;IHEDN : Institut des hautes \u00e9tudes de d\u00e9fense nationale\" \/>\n<meta property=\"article:publisher\" content=\"https:\/\/www.facebook.com\/ihedn\/\" \/>\n<meta property=\"article:published_time\" content=\"2023-12-12T11:21:03+00:00\" \/>\n<meta property=\"article:modified_time\" content=\"2025-04-09T14:04:58+00:00\" \/>\n<meta property=\"og:image\" content=\"https:\/\/ihedn.fr\/wp-content\/uploads\/2023\/12\/JAN_FEV_MARS_DEBSTRATEGIQUE_1600x900.jpg\" \/>\n\t<meta property=\"og:image:width\" content=\"2133\" \/>\n\t<meta property=\"og:image:height\" content=\"1200\" \/>\n\t<meta property=\"og:image:type\" content=\"image\/jpeg\" \/>\n<meta name=\"author\" content=\"alexia\" \/>\n<meta name=\"twitter:card\" content=\"summary_large_image\" \/>\n<meta name=\"twitter:title\" content=\"Martin MOTTE : Relire un classique de la strat\u00e9gie : De La Guerre, par Ferdinand Foch\" \/>\n<meta name=\"twitter:image\" content=\"https:\/\/ihedn.fr\/wp-content\/uploads\/2023\/12\/JAN_FEV_MARS_DEBSTRATEGIQUE_1600x900.jpg\" \/>\n<meta name=\"twitter:creator\" content=\"@IHEDN\" \/>\n<meta name=\"twitter:site\" content=\"@IHEDN\" \/>\n<meta name=\"twitter:label1\" content=\"Written by\" \/>\n\t<meta name=\"twitter:data1\" content=\"alexia\" \/>\n\t<meta name=\"twitter:label2\" content=\"Estimated reading time\" \/>\n\t<meta name=\"twitter:data2\" content=\"1 minute\" \/>\n<script type=\"application\/ld+json\" class=\"yoast-schema-graph\">{\"@context\":\"https:\\\/\\\/schema.org\",\"@graph\":[{\"@type\":\"Article\",\"@id\":\"https:\\\/\\\/ihedn.fr\\\/les-debats-strategiques\\\/martin-motte-relire-un-classique-de-la-strategie-de-la-guerre-par-ferdinand-foch\\\/#article\",\"isPartOf\":{\"@id\":\"https:\\\/\\\/ihedn.fr\\\/les-debats-strategiques\\\/martin-motte-relire-un-classique-de-la-strategie-de-la-guerre-par-ferdinand-foch\\\/\"},\"author\":{\"name\":\"alexia\",\"@id\":\"https:\\\/\\\/ihedn.fr\\\/#\\\/schema\\\/person\\\/f5fdd32c2827287accbcbc33f74121b5\"},\"headline\":\"Martin MOTTE : Relire un classique de la strat\u00e9gie : De La Guerre, par Ferdinand Foch\",\"datePublished\":\"2023-12-12T11:21:03+00:00\",\"dateModified\":\"2025-04-09T14:04:58+00:00\",\"mainEntityOfPage\":{\"@id\":\"https:\\\/\\\/ihedn.fr\\\/les-debats-strategiques\\\/martin-motte-relire-un-classique-de-la-strategie-de-la-guerre-par-ferdinand-foch\\\/\"},\"wordCount\":201,\"publisher\":{\"@id\":\"https:\\\/\\\/ihedn.fr\\\/#organization\"},\"image\":{\"@id\":\"https:\\\/\\\/ihedn.fr\\\/les-debats-strategiques\\\/martin-motte-relire-un-classique-de-la-strategie-de-la-guerre-par-ferdinand-foch\\\/#primaryimage\"},\"thumbnailUrl\":\"https:\\\/\\\/ihedn.fr\\\/wp-content\\\/uploads\\\/2023\\\/12\\\/JAN_FEV_MARS_DEBSTRATEGIQUE_1600x900-1.jpg\",\"keywords\":[\"d\u00e9bat-strat\u00e9gique\",\"pr\u00e9c\u00e9dent-d\u00e9bat-strat\u00e9gique\"],\"articleSection\":[\"Les d\u00e9bats strat\u00e9giques\"],\"inLanguage\":\"en-GB\"},{\"@type\":\"WebPage\",\"@id\":\"https:\\\/\\\/ihedn.fr\\\/les-debats-strategiques\\\/martin-motte-relire-un-classique-de-la-strategie-de-la-guerre-par-ferdinand-foch\\\/\",\"url\":\"https:\\\/\\\/ihedn.fr\\\/les-debats-strategiques\\\/martin-motte-relire-un-classique-de-la-strategie-de-la-guerre-par-ferdinand-foch\\\/\",\"name\":\"Martin MOTTE : Relire un classique de la strat\u00e9gie : De La Guerre, par Ferdinand Foch - L&#039;IHEDN : Institut des hautes \u00e9tudes de d\u00e9fense nationale\",\"isPartOf\":{\"@id\":\"https:\\\/\\\/ihedn.fr\\\/#website\"},\"primaryImageOfPage\":{\"@id\":\"https:\\\/\\\/ihedn.fr\\\/les-debats-strategiques\\\/martin-motte-relire-un-classique-de-la-strategie-de-la-guerre-par-ferdinand-foch\\\/#primaryimage\"},\"image\":{\"@id\":\"https:\\\/\\\/ihedn.fr\\\/les-debats-strategiques\\\/martin-motte-relire-un-classique-de-la-strategie-de-la-guerre-par-ferdinand-foch\\\/#primaryimage\"},\"thumbnailUrl\":\"https:\\\/\\\/ihedn.fr\\\/wp-content\\\/uploads\\\/2023\\\/12\\\/JAN_FEV_MARS_DEBSTRATEGIQUE_1600x900-1.jpg\",\"datePublished\":\"2023-12-12T11:21:03+00:00\",\"dateModified\":\"2025-04-09T14:04:58+00:00\",\"description\":\"Cet ouvrage met en lumi\u00e8re les menaces invisibles qui p\u00e8sent aujourd\u2019hui sur les d\u00e9mocraties occidentales. Les campagnes de d\u00e9sinformation, les cyberattaques, l'ing\u00e9rence dans les campagnes \u00e9lectorales et dans la vie politique se sont en effet multipli\u00e9es. Fake news, trolls : l'infox touche d\u00e9sormais tous les sujets, de la Covid aux droits des femmes et des minorit\u00e9s, en passant par la guerre d'Ukraine.\",\"breadcrumb\":{\"@id\":\"https:\\\/\\\/ihedn.fr\\\/les-debats-strategiques\\\/martin-motte-relire-un-classique-de-la-strategie-de-la-guerre-par-ferdinand-foch\\\/#breadcrumb\"},\"inLanguage\":\"en-GB\",\"potentialAction\":[{\"@type\":\"ReadAction\",\"target\":[\"https:\\\/\\\/ihedn.fr\\\/les-debats-strategiques\\\/martin-motte-relire-un-classique-de-la-strategie-de-la-guerre-par-ferdinand-foch\\\/\"]}]},{\"@type\":\"ImageObject\",\"inLanguage\":\"en-GB\",\"@id\":\"https:\\\/\\\/ihedn.fr\\\/les-debats-strategiques\\\/martin-motte-relire-un-classique-de-la-strategie-de-la-guerre-par-ferdinand-foch\\\/#primaryimage\",\"url\":\"https:\\\/\\\/ihedn.fr\\\/wp-content\\\/uploads\\\/2023\\\/12\\\/JAN_FEV_MARS_DEBSTRATEGIQUE_1600x900-1.jpg\",\"contentUrl\":\"https:\\\/\\\/ihedn.fr\\\/wp-content\\\/uploads\\\/2023\\\/12\\\/JAN_FEV_MARS_DEBSTRATEGIQUE_1600x900-1.jpg\",\"width\":1800,\"height\":1013,\"caption\":\"Mar\u00e9chal Foch - de la guerre, un livre de Martin Motte | Les d\u00e9bats strat\u00e9giques de l'IHEDN\"},{\"@type\":\"BreadcrumbList\",\"@id\":\"https:\\\/\\\/ihedn.fr\\\/les-debats-strategiques\\\/martin-motte-relire-un-classique-de-la-strategie-de-la-guerre-par-ferdinand-foch\\\/#breadcrumb\",\"itemListElement\":[{\"@type\":\"ListItem\",\"position\":1,\"name\":\"Accueil\",\"item\":\"https:\\\/\\\/ihedn.fr\\\/\"},{\"@type\":\"ListItem\",\"position\":2,\"name\":\"Martin MOTTE : Relire un classique de la strat\u00e9gie : De La Guerre, par Ferdinand Foch\"}]},{\"@type\":\"WebSite\",\"@id\":\"https:\\\/\\\/ihedn.fr\\\/#website\",\"url\":\"https:\\\/\\\/ihedn.fr\\\/\",\"name\":\"IHEDN : Institut des hautes \u00e9tudes de d\u00e9fense nationale |\",\"description\":\"Site officiel de l&#039;IHEDN plac\u00e9 sous la tutelle du Premier ministre.\",\"publisher\":{\"@id\":\"https:\\\/\\\/ihedn.fr\\\/#organization\"},\"potentialAction\":[{\"@type\":\"SearchAction\",\"target\":{\"@type\":\"EntryPoint\",\"urlTemplate\":\"https:\\\/\\\/ihedn.fr\\\/?s={search_term_string}\"},\"query-input\":{\"@type\":\"PropertyValueSpecification\",\"valueRequired\":true,\"valueName\":\"search_term_string\"}}],\"inLanguage\":\"en-GB\"},{\"@type\":\"Organization\",\"@id\":\"https:\\\/\\\/ihedn.fr\\\/#organization\",\"name\":\"IHEDN - Institut des Hautes Etudes de D\u00e9fense Nationale\",\"url\":\"https:\\\/\\\/ihedn.fr\\\/\",\"logo\":{\"@type\":\"ImageObject\",\"inLanguage\":\"en-GB\",\"@id\":\"https:\\\/\\\/ihedn.fr\\\/#\\\/schema\\\/logo\\\/image\\\/\",\"url\":\"https:\\\/\\\/ihedn.fr\\\/wp-content\\\/uploads\\\/2020\\\/11\\\/BLOC_RF_IHEDN_WEB.png\",\"contentUrl\":\"https:\\\/\\\/ihedn.fr\\\/wp-content\\\/uploads\\\/2020\\\/11\\\/BLOC_RF_IHEDN_WEB.png\",\"width\":500,\"height\":237,\"caption\":\"IHEDN - Institut des Hautes Etudes de D\u00e9fense Nationale\"},\"image\":{\"@id\":\"https:\\\/\\\/ihedn.fr\\\/#\\\/schema\\\/logo\\\/image\\\/\"},\"sameAs\":[\"https:\\\/\\\/www.facebook.com\\\/ihedn\\\/\",\"https:\\\/\\\/x.com\\\/IHEDN\",\"https:\\\/\\\/www.instagram.com\\\/ihedn\\\/\",\"https:\\\/\\\/www.linkedin.com\\\/school\\\/ihedn\\\/\",\"https:\\\/\\\/fr.wikipedia.org\\\/wiki\\\/Institut_des_hautes_\u00e9tudes_de_D\u00e9fense_nationale\"]},{\"@type\":\"Person\",\"@id\":\"https:\\\/\\\/ihedn.fr\\\/#\\\/schema\\\/person\\\/f5fdd32c2827287accbcbc33f74121b5\",\"name\":\"alexia\",\"image\":{\"@type\":\"ImageObject\",\"inLanguage\":\"en-GB\",\"@id\":\"https:\\\/\\\/secure.gravatar.com\\\/avatar\\\/85eb8ccdb2990af9e1d5b99962700286b212c6b84c155ade95bbe0703f9c9001?s=96&d=mm&r=g\",\"url\":\"https:\\\/\\\/secure.gravatar.com\\\/avatar\\\/85eb8ccdb2990af9e1d5b99962700286b212c6b84c155ade95bbe0703f9c9001?s=96&d=mm&r=g\",\"contentUrl\":\"https:\\\/\\\/secure.gravatar.com\\\/avatar\\\/85eb8ccdb2990af9e1d5b99962700286b212c6b84c155ade95bbe0703f9c9001?s=96&d=mm&r=g\",\"caption\":\"alexia\"},\"url\":\"https:\\\/\\\/ihedn.fr\\\/en\\\/author\\\/alexia\\\/\"}]}<\/script>\n<!-- \/ Yoast SEO plugin. -->","yoast_head_json":{"title":"Martin MOTTE : Rereading a strategy classic: De La Guerre, by Ferdinand Foch - IHEDN : Institut des hautes \u00e9tudes de d\u00e9fense nationale (Graduate Institute of National Defence)","description":"This book highlights the invisible threats facing Western democracies today. Disinformation campaigns, cyber-attacks and interference in election campaigns and political life are on the increase. Fake news, trolls: the infox now touches on everything from Covid to women's and minority rights, via the war in Ukraine.","robots":{"index":"index","follow":"follow","max-snippet":"max-snippet:-1","max-image-preview":"max-image-preview:large","max-video-preview":"max-video-preview:-1"},"canonical":"https:\/\/ihedn.fr\/en\/les-debats-strategiques\/martin-motte-relire-un-classique-de-la-strategie-de-la-guerre-par-ferdinand-foch\/","og_locale":"en_GB","og_type":"article","og_title":"Martin MOTTE : Relire un classique de la strat\u00e9gie : De La Guerre, par Ferdinand Foch","og_description":"Cet ouvrage met en lumi\u00e8re les menaces invisibles qui p\u00e8sent aujourd\u2019hui sur les d\u00e9mocraties occidentales. Les campagnes de d\u00e9sinformation, les cyberattaques, l'ing\u00e9rence dans les campagnes \u00e9lectorales et dans la vie politique se sont en effet multipli\u00e9es. Fake news, trolls : l'infox touche d\u00e9sormais tous les sujets, de la Covid aux droits des femmes et des minorit\u00e9s, en passant par la guerre d'Ukraine.","og_url":"https:\/\/ihedn.fr\/en\/les-debats-strategiques\/martin-motte-relire-un-classique-de-la-strategie-de-la-guerre-par-ferdinand-foch\/","og_site_name":"L&#039;IHEDN : Institut des hautes \u00e9tudes de d\u00e9fense nationale","article_publisher":"https:\/\/www.facebook.com\/ihedn\/","article_published_time":"2023-12-12T11:21:03+00:00","article_modified_time":"2025-04-09T14:04:58+00:00","og_image":[{"width":2133,"height":1200,"url":"https:\/\/ihedn.fr\/wp-content\/uploads\/2023\/12\/JAN_FEV_MARS_DEBSTRATEGIQUE_1600x900.jpg","type":"image\/jpeg"}],"author":"alexia","twitter_card":"summary_large_image","twitter_title":"Martin MOTTE : Relire un classique de la strat\u00e9gie : De La Guerre, par Ferdinand Foch","twitter_image":"https:\/\/ihedn.fr\/wp-content\/uploads\/2023\/12\/JAN_FEV_MARS_DEBSTRATEGIQUE_1600x900.jpg","twitter_creator":"@IHEDN","twitter_site":"@IHEDN","twitter_misc":{"Written by":"alexia","Estimated reading time":"1 minute"},"schema":{"@context":"https:\/\/schema.org","@graph":[{"@type":"Article","@id":"https:\/\/ihedn.fr\/les-debats-strategiques\/martin-motte-relire-un-classique-de-la-strategie-de-la-guerre-par-ferdinand-foch\/#article","isPartOf":{"@id":"https:\/\/ihedn.fr\/les-debats-strategiques\/martin-motte-relire-un-classique-de-la-strategie-de-la-guerre-par-ferdinand-foch\/"},"author":{"name":"alexia","@id":"https:\/\/ihedn.fr\/#\/schema\/person\/f5fdd32c2827287accbcbc33f74121b5"},"headline":"Martin MOTTE : Relire un classique de la strat\u00e9gie : De La Guerre, par Ferdinand Foch","datePublished":"2023-12-12T11:21:03+00:00","dateModified":"2025-04-09T14:04:58+00:00","mainEntityOfPage":{"@id":"https:\/\/ihedn.fr\/les-debats-strategiques\/martin-motte-relire-un-classique-de-la-strategie-de-la-guerre-par-ferdinand-foch\/"},"wordCount":201,"publisher":{"@id":"https:\/\/ihedn.fr\/#organization"},"image":{"@id":"https:\/\/ihedn.fr\/les-debats-strategiques\/martin-motte-relire-un-classique-de-la-strategie-de-la-guerre-par-ferdinand-foch\/#primaryimage"},"thumbnailUrl":"https:\/\/ihedn.fr\/wp-content\/uploads\/2023\/12\/JAN_FEV_MARS_DEBSTRATEGIQUE_1600x900-1.jpg","keywords":["d\u00e9bat-strat\u00e9gique","pr\u00e9c\u00e9dent-d\u00e9bat-strat\u00e9gique"],"articleSection":["Les d\u00e9bats strat\u00e9giques"],"inLanguage":"en-GB"},{"@type":"WebPage","@id":"https:\/\/ihedn.fr\/les-debats-strategiques\/martin-motte-relire-un-classique-de-la-strategie-de-la-guerre-par-ferdinand-foch\/","url":"https:\/\/ihedn.fr\/les-debats-strategiques\/martin-motte-relire-un-classique-de-la-strategie-de-la-guerre-par-ferdinand-foch\/","name":"Martin MOTTE : Rereading a strategy classic: De La Guerre, by Ferdinand Foch - IHEDN : Institut des hautes \u00e9tudes de d\u00e9fense nationale (Graduate Institute of National Defence)","isPartOf":{"@id":"https:\/\/ihedn.fr\/#website"},"primaryImageOfPage":{"@id":"https:\/\/ihedn.fr\/les-debats-strategiques\/martin-motte-relire-un-classique-de-la-strategie-de-la-guerre-par-ferdinand-foch\/#primaryimage"},"image":{"@id":"https:\/\/ihedn.fr\/les-debats-strategiques\/martin-motte-relire-un-classique-de-la-strategie-de-la-guerre-par-ferdinand-foch\/#primaryimage"},"thumbnailUrl":"https:\/\/ihedn.fr\/wp-content\/uploads\/2023\/12\/JAN_FEV_MARS_DEBSTRATEGIQUE_1600x900-1.jpg","datePublished":"2023-12-12T11:21:03+00:00","dateModified":"2025-04-09T14:04:58+00:00","description":"This book highlights the invisible threats facing Western democracies today. Disinformation campaigns, cyber-attacks and interference in election campaigns and political life are on the increase. Fake news, trolls: the infox now touches on everything from Covid to women's and minority rights, via the war in Ukraine.","breadcrumb":{"@id":"https:\/\/ihedn.fr\/les-debats-strategiques\/martin-motte-relire-un-classique-de-la-strategie-de-la-guerre-par-ferdinand-foch\/#breadcrumb"},"inLanguage":"en-GB","potentialAction":[{"@type":"ReadAction","target":["https:\/\/ihedn.fr\/les-debats-strategiques\/martin-motte-relire-un-classique-de-la-strategie-de-la-guerre-par-ferdinand-foch\/"]}]},{"@type":"ImageObject","inLanguage":"en-GB","@id":"https:\/\/ihedn.fr\/les-debats-strategiques\/martin-motte-relire-un-classique-de-la-strategie-de-la-guerre-par-ferdinand-foch\/#primaryimage","url":"https:\/\/ihedn.fr\/wp-content\/uploads\/2023\/12\/JAN_FEV_MARS_DEBSTRATEGIQUE_1600x900-1.jpg","contentUrl":"https:\/\/ihedn.fr\/wp-content\/uploads\/2023\/12\/JAN_FEV_MARS_DEBSTRATEGIQUE_1600x900-1.jpg","width":1800,"height":1013,"caption":"Mar\u00e9chal Foch - de la guerre, un livre de Martin Motte | Les d\u00e9bats strat\u00e9giques de l'IHEDN"},{"@type":"BreadcrumbList","@id":"https:\/\/ihedn.fr\/les-debats-strategiques\/martin-motte-relire-un-classique-de-la-strategie-de-la-guerre-par-ferdinand-foch\/#breadcrumb","itemListElement":[{"@type":"ListItem","position":1,"name":"Accueil","item":"https:\/\/ihedn.fr\/"},{"@type":"ListItem","position":2,"name":"Martin MOTTE : Relire un classique de la strat\u00e9gie : De La Guerre, par Ferdinand Foch"}]},{"@type":"WebSite","@id":"https:\/\/ihedn.fr\/#website","url":"https:\/\/ihedn.fr\/","name":"IHEDN: Institut des hautes \u00e9tudes de d\u00e9fense nationale (Institute for Higher National Defence Studies)","description":"Official website of the IHEDN under the supervision of the Prime Minister.","publisher":{"@id":"https:\/\/ihedn.fr\/#organization"},"potentialAction":[{"@type":"SearchAction","target":{"@type":"EntryPoint","urlTemplate":"https:\/\/ihedn.fr\/?s={search_term_string}"},"query-input":{"@type":"PropertyValueSpecification","valueRequired":true,"valueName":"search_term_string"}}],"inLanguage":"en-GB"},{"@type":"Organization","@id":"https:\/\/ihedn.fr\/#organization","name":"IHEDN - Institute for Higher National Defence Studies","url":"https:\/\/ihedn.fr\/","logo":{"@type":"ImageObject","inLanguage":"en-GB","@id":"https:\/\/ihedn.fr\/#\/schema\/logo\/image\/","url":"https:\/\/ihedn.fr\/wp-content\/uploads\/2020\/11\/BLOC_RF_IHEDN_WEB.png","contentUrl":"https:\/\/ihedn.fr\/wp-content\/uploads\/2020\/11\/BLOC_RF_IHEDN_WEB.png","width":500,"height":237,"caption":"IHEDN - Institut des Hautes Etudes de D\u00e9fense Nationale"},"image":{"@id":"https:\/\/ihedn.fr\/#\/schema\/logo\/image\/"},"sameAs":["https:\/\/www.facebook.com\/ihedn\/","https:\/\/x.com\/IHEDN","https:\/\/www.instagram.com\/ihedn\/","https:\/\/www.linkedin.com\/school\/ihedn\/","https:\/\/fr.wikipedia.org\/wiki\/Institut_des_hautes_\u00e9tudes_de_D\u00e9fense_nationale"]},{"@type":"Person","@id":"https:\/\/ihedn.fr\/#\/schema\/person\/f5fdd32c2827287accbcbc33f74121b5","name":"alexia","image":{"@type":"ImageObject","inLanguage":"en-GB","@id":"https:\/\/secure.gravatar.com\/avatar\/85eb8ccdb2990af9e1d5b99962700286b212c6b84c155ade95bbe0703f9c9001?s=96&d=mm&r=g","url":"https:\/\/secure.gravatar.com\/avatar\/85eb8ccdb2990af9e1d5b99962700286b212c6b84c155ade95bbe0703f9c9001?s=96&d=mm&r=g","contentUrl":"https:\/\/secure.gravatar.com\/avatar\/85eb8ccdb2990af9e1d5b99962700286b212c6b84c155ade95bbe0703f9c9001?s=96&d=mm&r=g","caption":"alexia"},"url":"https:\/\/ihedn.fr\/en\/author\/alexia\/"}]}},"publishpress_future_action":{"enabled":false,"date":"2026-05-06 13:33:34","action":"change-status","newStatus":"draft","terms":[],"taxonomy":"category","extraData":[]},"publishpress_future_workflow_manual_trigger":{"enabledWorkflows":[]},"_links":{"self":[{"href":"https:\/\/ihedn.fr\/en\/wp-json\/wp\/v2\/posts\/44555","targetHints":{"allow":["GET"]}}],"collection":[{"href":"https:\/\/ihedn.fr\/en\/wp-json\/wp\/v2\/posts"}],"about":[{"href":"https:\/\/ihedn.fr\/en\/wp-json\/wp\/v2\/types\/post"}],"author":[{"embeddable":true,"href":"https:\/\/ihedn.fr\/en\/wp-json\/wp\/v2\/users\/7"}],"replies":[{"embeddable":true,"href":"https:\/\/ihedn.fr\/en\/wp-json\/wp\/v2\/comments?post=44555"}],"version-history":[{"count":22,"href":"https:\/\/ihedn.fr\/en\/wp-json\/wp\/v2\/posts\/44555\/revisions"}],"predecessor-version":[{"id":53634,"href":"https:\/\/ihedn.fr\/en\/wp-json\/wp\/v2\/posts\/44555\/revisions\/53634"}],"wp:featuredmedia":[{"embeddable":true,"href":"https:\/\/ihedn.fr\/en\/wp-json\/wp\/v2\/media\/44781"}],"wp:attachment":[{"href":"https:\/\/ihedn.fr\/en\/wp-json\/wp\/v2\/media?parent=44555"}],"wp:term":[{"taxonomy":"category","embeddable":true,"href":"https:\/\/ihedn.fr\/en\/wp-json\/wp\/v2\/categories?post=44555"},{"taxonomy":"post_tag","embeddable":true,"href":"https:\/\/ihedn.fr\/en\/wp-json\/wp\/v2\/tags?post=44555"}],"curies":[{"name":"wp","href":"https:\/\/api.w.org\/{rel}","templated":true}]}}