{"id":44662,"date":"2024-02-10T14:48:48","date_gmt":"2024-02-10T13:48:48","guid":{"rendered":"https:\/\/ihedn.fr\/?p=44662"},"modified":"2025-04-09T15:02:00","modified_gmt":"2025-04-09T14:02:00","slug":"olivier-wievorka-la-guerre-absolue-remettre-en-perspective-la-2e-guerre-mondiale","status":"publish","type":"post","link":"https:\/\/ihedn.fr\/en\/les-debats-strategiques\/olivier-wievorka-la-guerre-absolue-remettre-en-perspective-la-2e-guerre-mondiale\/","title":{"rendered":"Olivier WIEVORKA: Absolute war? Putting the 2nd World War back into perspective"},"content":{"rendered":"<div data-elementor-type=\"wp-post\" data-elementor-id=\"44662\" class=\"elementor elementor-44662\" data-elementor-post-type=\"post\">\n\t\t\t\t<div data-particle_enable=\"false\" data-particle-mobile-disabled=\"false\" class=\"elementor-element elementor-element-317d407 e-flex e-con-boxed e-con e-parent\" data-id=\"317d407\" data-element_type=\"container\" data-e-type=\"container\">\n\t\t\t\t\t<div class=\"e-con-inner\">\n\t\t<div data-particle_enable=\"false\" data-particle-mobile-disabled=\"false\" class=\"elementor-element elementor-element-35ca9ec e-con-full e-flex e-con e-child\" data-id=\"35ca9ec\" data-element_type=\"container\" data-e-type=\"container\">\n\t\t\t\t<div class=\"elementor-element elementor-element-ab128f5 elementor-widget elementor-widget-text-editor\" data-id=\"ab128f5\" data-element_type=\"widget\" data-e-type=\"widget\" data-widget_type=\"text-editor.default\">\n\t\t\t\t<div class=\"elementor-widget-container\">\n\t\t\t\t\t\t\t\t\t<p style=\"text-align: left;\">A titanic conflict, on land, on and under the sea, in the skies, a war unheard of in its brutality and scale, we think we know what the origins, confrontations and consequences of the Second World War were. And yet, although there is a wealth of research, there is a dearth of summaries to underline the extent to which, almost 80 years after its conclusion, our geopolitical environment is still marked by this major war.<\/p><p style=\"text-align: left;\">Olivier Wieworka, a professor at ENS Paris-Saclay and one of the world's leading experts on the Second World War, takes a broad look at the conflict, inviting us to grasp a history in the making, to break down myths and avoid over-simplistic explanations.<\/p>\t\t\t\t\t\t\t\t<\/div>\n\t\t\t\t<\/div>\n\t\t\t\t<\/div>\n\t\t\t\t\t<\/div>\n\t\t\t\t<\/div>\n\t\t<div data-particle_enable=\"false\" data-particle-mobile-disabled=\"false\" class=\"elementor-element elementor-element-6db86fe e-flex e-con-boxed e-con e-parent\" data-id=\"6db86fe\" data-element_type=\"container\" data-e-type=\"container\">\n\t\t\t\t\t<div class=\"e-con-inner\">\n\t\t\t\t<div class=\"elementor-element elementor-element-ab4cf6e elementor-widget elementor-widget-text-editor\" data-id=\"ab4cf6e\" data-element_type=\"widget\" data-e-type=\"widget\" data-widget_type=\"text-editor.default\">\n\t\t\t\t<div class=\"elementor-widget-container\">\n\t\t\t\t\t\t\t\t\t<p style=\"text-align: left;\"><strong>A replay of this strategic debate is available on our Youtube channel:<\/strong><\/p>\t\t\t\t\t\t\t\t<\/div>\n\t\t\t\t<\/div>\n\t\t\t\t<div class=\"elementor-element elementor-element-f2cea99 elementor-widget elementor-widget-video\" data-id=\"f2cea99\" data-element_type=\"widget\" data-e-type=\"widget\" data-settings=\"{&quot;youtube_url&quot;:&quot;https:\\\/\\\/www.youtube.com\\\/watch?v=R2F9zHi43gM&amp;t=74s&amp;ab_channel=IHEDN&quot;,&quot;video_type&quot;:&quot;youtube&quot;,&quot;controls&quot;:&quot;yes&quot;}\" data-widget_type=\"video.default\">\n\t\t\t\t<div class=\"elementor-widget-container\">\n\t\t\t\t\t\t\t<div class=\"elementor-wrapper elementor-open-inline\">\n\t\t\t<div class=\"elementor-video\"><\/div>\t\t<\/div>\n\t\t\t\t\t\t<\/div>\n\t\t\t\t<\/div>\n\t\t\t\t\t<\/div>\n\t\t\t\t<\/div>\n\t\t\t\t<\/div>","protected":false},"excerpt":{"rendered":"<p><span style=\"color: #c80a23;\"><strong>18 March 2024 | 6.30pm<\/strong><\/span> at the \u00c9cole Militaire, Desvalli\u00e8res amphitheatre<\/p>","protected":false},"author":10,"featured_media":44663,"comment_status":"closed","ping_status":"closed","sticky":false,"template":"","format":"standard","meta":{"footnotes":""},"categories":[42],"tags":[247,249],"class_list":["post-44662","post","type-post","status-publish","format-standard","has-post-thumbnail","hentry","category-les-debats-strategiques","tag-debat-strategique","tag-ancien-debat-strategique"],"yoast_head":"<!-- This site is optimized with the Yoast SEO plugin v27.5 - https:\/\/yoast.com\/product\/yoast-seo-wordpress\/ -->\n<title>Olivier WIEVORKA : La guerre absolue ? Remettre en perspective la 2e Guerre mondiale - L&#039;IHEDN : Institut des hautes \u00e9tudes de d\u00e9fense nationale<\/title>\n<meta name=\"description\" content=\"Conflit titanesque, sur les terres, sur et sous les mers, dans les cieux, guerre inou\u00efe par sa brutalit\u00e9 et son ampleur, on croit savoir quelles furent les origines, les affrontements et les cons\u00e9quences du second conflit mondial...\" \/>\n<meta name=\"robots\" content=\"index, follow, max-snippet:-1, max-image-preview:large, max-video-preview:-1\" \/>\n<link rel=\"canonical\" href=\"https:\/\/ihedn.fr\/en\/les-debats-strategiques\/olivier-wievorka-la-guerre-absolue-remettre-en-perspective-la-2e-guerre-mondiale\/\" \/>\n<meta property=\"og:locale\" content=\"en_GB\" \/>\n<meta property=\"og:type\" content=\"article\" \/>\n<meta property=\"og:title\" content=\"Olivier WIEVORKA : La guerre absolue ? Remettre en perspective la 2e Guerre mondial\" \/>\n<meta property=\"og:description\" content=\"Conflit titanesque, sur les terres, sur et sous les mers, dans les cieux, guerre inou\u00efe par sa brutalit\u00e9 et son ampleur, on croit savoir quelles furent les origines, les affrontements et les cons\u00e9quences du second conflit mondial...\" \/>\n<meta property=\"og:url\" content=\"https:\/\/ihedn.fr\/en\/les-debats-strategiques\/olivier-wievorka-la-guerre-absolue-remettre-en-perspective-la-2e-guerre-mondiale\/\" \/>\n<meta property=\"og:site_name\" content=\"L&#039;IHEDN : Institut des hautes \u00e9tudes de d\u00e9fense nationale\" \/>\n<meta property=\"article:publisher\" content=\"https:\/\/www.facebook.com\/ihedn\/\" \/>\n<meta property=\"article:published_time\" content=\"2024-02-10T13:48:48+00:00\" \/>\n<meta property=\"article:modified_time\" content=\"2025-04-09T14:02:00+00:00\" \/>\n<meta property=\"og:image\" content=\"https:\/\/ihedn.fr\/wp-content\/uploads\/2023\/12\/JAN_FEV_MARS_DEBSTRATEGIQUE_1600x9003-1.jpg\" \/>\n\t<meta property=\"og:image:width\" content=\"2133\" \/>\n\t<meta property=\"og:image:height\" content=\"1200\" \/>\n\t<meta property=\"og:image:type\" content=\"image\/jpeg\" \/>\n<meta name=\"author\" content=\"tanguy.morel@ihedn.fr\" \/>\n<meta name=\"twitter:card\" content=\"summary_large_image\" \/>\n<meta name=\"twitter:title\" content=\"Olivier WIEVORKA : La guerre absolue ? Remettre en perspective la 2e Guerre mondial\" \/>\n<meta name=\"twitter:description\" content=\"Conflit titanesque, sur les terres, sur et sous les mers, dans les cieux, guerre inou\u00efe par sa brutalit\u00e9 et son ampleur, on croit savoir quelles furent les origines, les affrontements et les cons\u00e9quences du second conflit mondial...\" \/>\n<meta name=\"twitter:image\" content=\"https:\/\/ihedn.fr\/wp-content\/uploads\/2023\/12\/JAN_FEV_MARS_DEBSTRATEGIQUE_1600x9003-1.jpg\" \/>\n<meta name=\"twitter:creator\" content=\"@IHEDN\" \/>\n<meta name=\"twitter:site\" content=\"@IHEDN\" \/>\n<meta name=\"twitter:label1\" content=\"Written by\" \/>\n\t<meta name=\"twitter:data1\" content=\"tanguy.morel@ihedn.fr\" \/>\n\t<meta name=\"twitter:label2\" content=\"Estimated reading time\" \/>\n\t<meta name=\"twitter:data2\" content=\"1 minute\" \/>\n<script type=\"application\/ld+json\" class=\"yoast-schema-graph\">{\"@context\":\"https:\\\/\\\/schema.org\",\"@graph\":[{\"@type\":\"Article\",\"@id\":\"https:\\\/\\\/ihedn.fr\\\/les-debats-strategiques\\\/olivier-wievorka-la-guerre-absolue-remettre-en-perspective-la-2e-guerre-mondiale\\\/#article\",\"isPartOf\":{\"@id\":\"https:\\\/\\\/ihedn.fr\\\/les-debats-strategiques\\\/olivier-wievorka-la-guerre-absolue-remettre-en-perspective-la-2e-guerre-mondiale\\\/\"},\"author\":{\"name\":\"tanguy.morel@ihedn.fr\",\"@id\":\"https:\\\/\\\/ihedn.fr\\\/#\\\/schema\\\/person\\\/ed217a37104b27a246b200e65b827cc7\"},\"headline\":\"Olivier WIEVORKA : La guerre absolue ? Remettre en perspective la 2e Guerre mondiale\",\"datePublished\":\"2024-02-10T13:48:48+00:00\",\"dateModified\":\"2025-04-09T14:02:00+00:00\",\"mainEntityOfPage\":{\"@id\":\"https:\\\/\\\/ihedn.fr\\\/les-debats-strategiques\\\/olivier-wievorka-la-guerre-absolue-remettre-en-perspective-la-2e-guerre-mondiale\\\/\"},\"wordCount\":156,\"publisher\":{\"@id\":\"https:\\\/\\\/ihedn.fr\\\/#organization\"},\"image\":{\"@id\":\"https:\\\/\\\/ihedn.fr\\\/les-debats-strategiques\\\/olivier-wievorka-la-guerre-absolue-remettre-en-perspective-la-2e-guerre-mondiale\\\/#primaryimage\"},\"thumbnailUrl\":\"https:\\\/\\\/ihedn.fr\\\/wp-content\\\/uploads\\\/2023\\\/12\\\/JAN_FEV_MARS_DEBSTRATEGIQUE_1600x9003-1.jpg\",\"keywords\":[\"d\u00e9bat-strat\u00e9gique\",\"pr\u00e9c\u00e9dent-d\u00e9bat-strat\u00e9gique\"],\"articleSection\":[\"Les d\u00e9bats strat\u00e9giques\"],\"inLanguage\":\"en-GB\"},{\"@type\":\"WebPage\",\"@id\":\"https:\\\/\\\/ihedn.fr\\\/les-debats-strategiques\\\/olivier-wievorka-la-guerre-absolue-remettre-en-perspective-la-2e-guerre-mondiale\\\/\",\"url\":\"https:\\\/\\\/ihedn.fr\\\/les-debats-strategiques\\\/olivier-wievorka-la-guerre-absolue-remettre-en-perspective-la-2e-guerre-mondiale\\\/\",\"name\":\"Olivier WIEVORKA : La guerre absolue ? Remettre en perspective la 2e Guerre mondiale - L&#039;IHEDN : Institut des hautes \u00e9tudes de d\u00e9fense nationale\",\"isPartOf\":{\"@id\":\"https:\\\/\\\/ihedn.fr\\\/#website\"},\"primaryImageOfPage\":{\"@id\":\"https:\\\/\\\/ihedn.fr\\\/les-debats-strategiques\\\/olivier-wievorka-la-guerre-absolue-remettre-en-perspective-la-2e-guerre-mondiale\\\/#primaryimage\"},\"image\":{\"@id\":\"https:\\\/\\\/ihedn.fr\\\/les-debats-strategiques\\\/olivier-wievorka-la-guerre-absolue-remettre-en-perspective-la-2e-guerre-mondiale\\\/#primaryimage\"},\"thumbnailUrl\":\"https:\\\/\\\/ihedn.fr\\\/wp-content\\\/uploads\\\/2023\\\/12\\\/JAN_FEV_MARS_DEBSTRATEGIQUE_1600x9003-1.jpg\",\"datePublished\":\"2024-02-10T13:48:48+00:00\",\"dateModified\":\"2025-04-09T14:02:00+00:00\",\"description\":\"Conflit titanesque, sur les terres, sur et sous les mers, dans les cieux, guerre inou\u00efe par sa brutalit\u00e9 et son ampleur, on croit savoir quelles furent les origines, les affrontements et les cons\u00e9quences du second conflit mondial...\",\"breadcrumb\":{\"@id\":\"https:\\\/\\\/ihedn.fr\\\/les-debats-strategiques\\\/olivier-wievorka-la-guerre-absolue-remettre-en-perspective-la-2e-guerre-mondiale\\\/#breadcrumb\"},\"inLanguage\":\"en-GB\",\"potentialAction\":[{\"@type\":\"ReadAction\",\"target\":[\"https:\\\/\\\/ihedn.fr\\\/les-debats-strategiques\\\/olivier-wievorka-la-guerre-absolue-remettre-en-perspective-la-2e-guerre-mondiale\\\/\"]}]},{\"@type\":\"ImageObject\",\"inLanguage\":\"en-GB\",\"@id\":\"https:\\\/\\\/ihedn.fr\\\/les-debats-strategiques\\\/olivier-wievorka-la-guerre-absolue-remettre-en-perspective-la-2e-guerre-mondiale\\\/#primaryimage\",\"url\":\"https:\\\/\\\/ihedn.fr\\\/wp-content\\\/uploads\\\/2023\\\/12\\\/JAN_FEV_MARS_DEBSTRATEGIQUE_1600x9003-1.jpg\",\"contentUrl\":\"https:\\\/\\\/ihedn.fr\\\/wp-content\\\/uploads\\\/2023\\\/12\\\/JAN_FEV_MARS_DEBSTRATEGIQUE_1600x9003-1.jpg\",\"width\":2133,\"height\":1200,\"caption\":\"Histoire totale de la seconde guerre mondiale, un livre de Olivier Wieviorka | Les d\u00e9bats strat\u00e9giques de l'IHEDN\"},{\"@type\":\"BreadcrumbList\",\"@id\":\"https:\\\/\\\/ihedn.fr\\\/les-debats-strategiques\\\/olivier-wievorka-la-guerre-absolue-remettre-en-perspective-la-2e-guerre-mondiale\\\/#breadcrumb\",\"itemListElement\":[{\"@type\":\"ListItem\",\"position\":1,\"name\":\"Accueil\",\"item\":\"https:\\\/\\\/ihedn.fr\\\/\"},{\"@type\":\"ListItem\",\"position\":2,\"name\":\"Olivier WIEVORKA : La guerre absolue ? Remettre en perspective la 2e Guerre mondiale\"}]},{\"@type\":\"WebSite\",\"@id\":\"https:\\\/\\\/ihedn.fr\\\/#website\",\"url\":\"https:\\\/\\\/ihedn.fr\\\/\",\"name\":\"IHEDN : Institut des hautes \u00e9tudes de d\u00e9fense nationale |\",\"description\":\"Site officiel de l&#039;IHEDN plac\u00e9 sous la tutelle du Premier ministre.\",\"publisher\":{\"@id\":\"https:\\\/\\\/ihedn.fr\\\/#organization\"},\"potentialAction\":[{\"@type\":\"SearchAction\",\"target\":{\"@type\":\"EntryPoint\",\"urlTemplate\":\"https:\\\/\\\/ihedn.fr\\\/?s={search_term_string}\"},\"query-input\":{\"@type\":\"PropertyValueSpecification\",\"valueRequired\":true,\"valueName\":\"search_term_string\"}}],\"inLanguage\":\"en-GB\"},{\"@type\":\"Organization\",\"@id\":\"https:\\\/\\\/ihedn.fr\\\/#organization\",\"name\":\"IHEDN - Institut des Hautes Etudes de D\u00e9fense Nationale\",\"url\":\"https:\\\/\\\/ihedn.fr\\\/\",\"logo\":{\"@type\":\"ImageObject\",\"inLanguage\":\"en-GB\",\"@id\":\"https:\\\/\\\/ihedn.fr\\\/#\\\/schema\\\/logo\\\/image\\\/\",\"url\":\"https:\\\/\\\/ihedn.fr\\\/wp-content\\\/uploads\\\/2020\\\/11\\\/BLOC_RF_IHEDN_WEB.png\",\"contentUrl\":\"https:\\\/\\\/ihedn.fr\\\/wp-content\\\/uploads\\\/2020\\\/11\\\/BLOC_RF_IHEDN_WEB.png\",\"width\":500,\"height\":237,\"caption\":\"IHEDN - Institut des Hautes Etudes de D\u00e9fense Nationale\"},\"image\":{\"@id\":\"https:\\\/\\\/ihedn.fr\\\/#\\\/schema\\\/logo\\\/image\\\/\"},\"sameAs\":[\"https:\\\/\\\/www.facebook.com\\\/ihedn\\\/\",\"https:\\\/\\\/x.com\\\/IHEDN\",\"https:\\\/\\\/www.instagram.com\\\/ihedn\\\/\",\"https:\\\/\\\/www.linkedin.com\\\/school\\\/ihedn\\\/\",\"https:\\\/\\\/fr.wikipedia.org\\\/wiki\\\/Institut_des_hautes_\u00e9tudes_de_D\u00e9fense_nationale\"]},{\"@type\":\"Person\",\"@id\":\"https:\\\/\\\/ihedn.fr\\\/#\\\/schema\\\/person\\\/ed217a37104b27a246b200e65b827cc7\",\"name\":\"tanguy.morel@ihedn.fr\",\"image\":{\"@type\":\"ImageObject\",\"inLanguage\":\"en-GB\",\"@id\":\"https:\\\/\\\/secure.gravatar.com\\\/avatar\\\/36877cd30919fafddf1f9da45f4154aa468a64328452f2ceaff0968772207348?s=96&d=mm&r=g\",\"url\":\"https:\\\/\\\/secure.gravatar.com\\\/avatar\\\/36877cd30919fafddf1f9da45f4154aa468a64328452f2ceaff0968772207348?s=96&d=mm&r=g\",\"contentUrl\":\"https:\\\/\\\/secure.gravatar.com\\\/avatar\\\/36877cd30919fafddf1f9da45f4154aa468a64328452f2ceaff0968772207348?s=96&d=mm&r=g\",\"caption\":\"tanguy.morel@ihedn.fr\"},\"url\":\"https:\\\/\\\/ihedn.fr\\\/en\\\/author\\\/tanguy-morelihedn-fr\\\/\"}]}<\/script>\n<!-- \/ Yoast SEO plugin. -->","yoast_head_json":{"title":"Olivier WIEVORKA: Absolute war? Putting the 2nd World War back into perspective - IHEDN: Institut des hautes \u00e9tudes de d\u00e9fense nationale (Institute for Advanced Studies in National Defence)","description":"A titanic conflict, on land, on and under the sea, in the skies, a war unheard of in its brutality and scale, we think we know what the origins, confrontations and consequences of the Second World War were...","robots":{"index":"index","follow":"follow","max-snippet":"max-snippet:-1","max-image-preview":"max-image-preview:large","max-video-preview":"max-video-preview:-1"},"canonical":"https:\/\/ihedn.fr\/en\/les-debats-strategiques\/olivier-wievorka-la-guerre-absolue-remettre-en-perspective-la-2e-guerre-mondiale\/","og_locale":"en_GB","og_type":"article","og_title":"Olivier WIEVORKA : La guerre absolue ? Remettre en perspective la 2e Guerre mondial","og_description":"Conflit titanesque, sur les terres, sur et sous les mers, dans les cieux, guerre inou\u00efe par sa brutalit\u00e9 et son ampleur, on croit savoir quelles furent les origines, les affrontements et les cons\u00e9quences du second conflit mondial...","og_url":"https:\/\/ihedn.fr\/en\/les-debats-strategiques\/olivier-wievorka-la-guerre-absolue-remettre-en-perspective-la-2e-guerre-mondiale\/","og_site_name":"L&#039;IHEDN : Institut des hautes \u00e9tudes de d\u00e9fense nationale","article_publisher":"https:\/\/www.facebook.com\/ihedn\/","article_published_time":"2024-02-10T13:48:48+00:00","article_modified_time":"2025-04-09T14:02:00+00:00","og_image":[{"width":2133,"height":1200,"url":"https:\/\/ihedn.fr\/wp-content\/uploads\/2023\/12\/JAN_FEV_MARS_DEBSTRATEGIQUE_1600x9003-1.jpg","type":"image\/jpeg"}],"author":"tanguy.morel@ihedn.fr","twitter_card":"summary_large_image","twitter_title":"Olivier WIEVORKA : La guerre absolue ? Remettre en perspective la 2e Guerre mondial","twitter_description":"Conflit titanesque, sur les terres, sur et sous les mers, dans les cieux, guerre inou\u00efe par sa brutalit\u00e9 et son ampleur, on croit savoir quelles furent les origines, les affrontements et les cons\u00e9quences du second conflit mondial...","twitter_image":"https:\/\/ihedn.fr\/wp-content\/uploads\/2023\/12\/JAN_FEV_MARS_DEBSTRATEGIQUE_1600x9003-1.jpg","twitter_creator":"@IHEDN","twitter_site":"@IHEDN","twitter_misc":{"Written by":"tanguy.morel@ihedn.fr","Estimated reading time":"1 minute"},"schema":{"@context":"https:\/\/schema.org","@graph":[{"@type":"Article","@id":"https:\/\/ihedn.fr\/les-debats-strategiques\/olivier-wievorka-la-guerre-absolue-remettre-en-perspective-la-2e-guerre-mondiale\/#article","isPartOf":{"@id":"https:\/\/ihedn.fr\/les-debats-strategiques\/olivier-wievorka-la-guerre-absolue-remettre-en-perspective-la-2e-guerre-mondiale\/"},"author":{"name":"tanguy.morel@ihedn.fr","@id":"https:\/\/ihedn.fr\/#\/schema\/person\/ed217a37104b27a246b200e65b827cc7"},"headline":"Olivier WIEVORKA : La guerre absolue ? Remettre en perspective la 2e Guerre mondiale","datePublished":"2024-02-10T13:48:48+00:00","dateModified":"2025-04-09T14:02:00+00:00","mainEntityOfPage":{"@id":"https:\/\/ihedn.fr\/les-debats-strategiques\/olivier-wievorka-la-guerre-absolue-remettre-en-perspective-la-2e-guerre-mondiale\/"},"wordCount":156,"publisher":{"@id":"https:\/\/ihedn.fr\/#organization"},"image":{"@id":"https:\/\/ihedn.fr\/les-debats-strategiques\/olivier-wievorka-la-guerre-absolue-remettre-en-perspective-la-2e-guerre-mondiale\/#primaryimage"},"thumbnailUrl":"https:\/\/ihedn.fr\/wp-content\/uploads\/2023\/12\/JAN_FEV_MARS_DEBSTRATEGIQUE_1600x9003-1.jpg","keywords":["d\u00e9bat-strat\u00e9gique","pr\u00e9c\u00e9dent-d\u00e9bat-strat\u00e9gique"],"articleSection":["Les d\u00e9bats strat\u00e9giques"],"inLanguage":"en-GB"},{"@type":"WebPage","@id":"https:\/\/ihedn.fr\/les-debats-strategiques\/olivier-wievorka-la-guerre-absolue-remettre-en-perspective-la-2e-guerre-mondiale\/","url":"https:\/\/ihedn.fr\/les-debats-strategiques\/olivier-wievorka-la-guerre-absolue-remettre-en-perspective-la-2e-guerre-mondiale\/","name":"Olivier WIEVORKA: Absolute war? Putting the 2nd World War back into perspective - IHEDN: Institut des hautes \u00e9tudes de d\u00e9fense nationale (Institute for Advanced Studies in National Defence)","isPartOf":{"@id":"https:\/\/ihedn.fr\/#website"},"primaryImageOfPage":{"@id":"https:\/\/ihedn.fr\/les-debats-strategiques\/olivier-wievorka-la-guerre-absolue-remettre-en-perspective-la-2e-guerre-mondiale\/#primaryimage"},"image":{"@id":"https:\/\/ihedn.fr\/les-debats-strategiques\/olivier-wievorka-la-guerre-absolue-remettre-en-perspective-la-2e-guerre-mondiale\/#primaryimage"},"thumbnailUrl":"https:\/\/ihedn.fr\/wp-content\/uploads\/2023\/12\/JAN_FEV_MARS_DEBSTRATEGIQUE_1600x9003-1.jpg","datePublished":"2024-02-10T13:48:48+00:00","dateModified":"2025-04-09T14:02:00+00:00","description":"A titanic conflict, on land, on and under the sea, in the skies, a war unheard of in its brutality and scale, we think we know what the origins, confrontations and consequences of the Second World War were...","breadcrumb":{"@id":"https:\/\/ihedn.fr\/les-debats-strategiques\/olivier-wievorka-la-guerre-absolue-remettre-en-perspective-la-2e-guerre-mondiale\/#breadcrumb"},"inLanguage":"en-GB","potentialAction":[{"@type":"ReadAction","target":["https:\/\/ihedn.fr\/les-debats-strategiques\/olivier-wievorka-la-guerre-absolue-remettre-en-perspective-la-2e-guerre-mondiale\/"]}]},{"@type":"ImageObject","inLanguage":"en-GB","@id":"https:\/\/ihedn.fr\/les-debats-strategiques\/olivier-wievorka-la-guerre-absolue-remettre-en-perspective-la-2e-guerre-mondiale\/#primaryimage","url":"https:\/\/ihedn.fr\/wp-content\/uploads\/2023\/12\/JAN_FEV_MARS_DEBSTRATEGIQUE_1600x9003-1.jpg","contentUrl":"https:\/\/ihedn.fr\/wp-content\/uploads\/2023\/12\/JAN_FEV_MARS_DEBSTRATEGIQUE_1600x9003-1.jpg","width":2133,"height":1200,"caption":"Histoire totale de la seconde guerre mondiale, un livre de Olivier Wieviorka | Les d\u00e9bats strat\u00e9giques de l'IHEDN"},{"@type":"BreadcrumbList","@id":"https:\/\/ihedn.fr\/les-debats-strategiques\/olivier-wievorka-la-guerre-absolue-remettre-en-perspective-la-2e-guerre-mondiale\/#breadcrumb","itemListElement":[{"@type":"ListItem","position":1,"name":"Accueil","item":"https:\/\/ihedn.fr\/"},{"@type":"ListItem","position":2,"name":"Olivier WIEVORKA : La guerre absolue ? Remettre en perspective la 2e Guerre mondiale"}]},{"@type":"WebSite","@id":"https:\/\/ihedn.fr\/#website","url":"https:\/\/ihedn.fr\/","name":"IHEDN: Institut des hautes \u00e9tudes de d\u00e9fense nationale (Institute for Higher National Defence Studies)","description":"Official website of the IHEDN under the supervision of the Prime Minister.","publisher":{"@id":"https:\/\/ihedn.fr\/#organization"},"potentialAction":[{"@type":"SearchAction","target":{"@type":"EntryPoint","urlTemplate":"https:\/\/ihedn.fr\/?s={search_term_string}"},"query-input":{"@type":"PropertyValueSpecification","valueRequired":true,"valueName":"search_term_string"}}],"inLanguage":"en-GB"},{"@type":"Organization","@id":"https:\/\/ihedn.fr\/#organization","name":"IHEDN - Institute for Higher National Defence Studies","url":"https:\/\/ihedn.fr\/","logo":{"@type":"ImageObject","inLanguage":"en-GB","@id":"https:\/\/ihedn.fr\/#\/schema\/logo\/image\/","url":"https:\/\/ihedn.fr\/wp-content\/uploads\/2020\/11\/BLOC_RF_IHEDN_WEB.png","contentUrl":"https:\/\/ihedn.fr\/wp-content\/uploads\/2020\/11\/BLOC_RF_IHEDN_WEB.png","width":500,"height":237,"caption":"IHEDN - Institut des Hautes Etudes de D\u00e9fense Nationale"},"image":{"@id":"https:\/\/ihedn.fr\/#\/schema\/logo\/image\/"},"sameAs":["https:\/\/www.facebook.com\/ihedn\/","https:\/\/x.com\/IHEDN","https:\/\/www.instagram.com\/ihedn\/","https:\/\/www.linkedin.com\/school\/ihedn\/","https:\/\/fr.wikipedia.org\/wiki\/Institut_des_hautes_\u00e9tudes_de_D\u00e9fense_nationale"]},{"@type":"Person","@id":"https:\/\/ihedn.fr\/#\/schema\/person\/ed217a37104b27a246b200e65b827cc7","name":"tanguy.morel@ihedn.fr","image":{"@type":"ImageObject","inLanguage":"en-GB","@id":"https:\/\/secure.gravatar.com\/avatar\/36877cd30919fafddf1f9da45f4154aa468a64328452f2ceaff0968772207348?s=96&d=mm&r=g","url":"https:\/\/secure.gravatar.com\/avatar\/36877cd30919fafddf1f9da45f4154aa468a64328452f2ceaff0968772207348?s=96&d=mm&r=g","contentUrl":"https:\/\/secure.gravatar.com\/avatar\/36877cd30919fafddf1f9da45f4154aa468a64328452f2ceaff0968772207348?s=96&d=mm&r=g","caption":"tanguy.morel@ihedn.fr"},"url":"https:\/\/ihedn.fr\/en\/author\/tanguy-morelihedn-fr\/"}]}},"publishpress_future_action":{"enabled":false,"date":"2026-05-06 13:33:06","action":"change-status","newStatus":"draft","terms":[],"taxonomy":"category","extraData":[]},"publishpress_future_workflow_manual_trigger":{"enabledWorkflows":[]},"_links":{"self":[{"href":"https:\/\/ihedn.fr\/en\/wp-json\/wp\/v2\/posts\/44662","targetHints":{"allow":["GET"]}}],"collection":[{"href":"https:\/\/ihedn.fr\/en\/wp-json\/wp\/v2\/posts"}],"about":[{"href":"https:\/\/ihedn.fr\/en\/wp-json\/wp\/v2\/types\/post"}],"author":[{"embeddable":true,"href":"https:\/\/ihedn.fr\/en\/wp-json\/wp\/v2\/users\/10"}],"replies":[{"embeddable":true,"href":"https:\/\/ihedn.fr\/en\/wp-json\/wp\/v2\/comments?post=44662"}],"version-history":[{"count":18,"href":"https:\/\/ihedn.fr\/en\/wp-json\/wp\/v2\/posts\/44662\/revisions"}],"predecessor-version":[{"id":53628,"href":"https:\/\/ihedn.fr\/en\/wp-json\/wp\/v2\/posts\/44662\/revisions\/53628"}],"wp:featuredmedia":[{"embeddable":true,"href":"https:\/\/ihedn.fr\/en\/wp-json\/wp\/v2\/media\/44663"}],"wp:attachment":[{"href":"https:\/\/ihedn.fr\/en\/wp-json\/wp\/v2\/media?parent=44662"}],"wp:term":[{"taxonomy":"category","embeddable":true,"href":"https:\/\/ihedn.fr\/en\/wp-json\/wp\/v2\/categories?post=44662"},{"taxonomy":"post_tag","embeddable":true,"href":"https:\/\/ihedn.fr\/en\/wp-json\/wp\/v2\/tags?post=44662"}],"curies":[{"name":"wp","href":"https:\/\/api.w.org\/{rel}","templated":true}]}}