{"id":44674,"date":"2023-12-18T11:40:51","date_gmt":"2023-12-18T10:40:51","guid":{"rendered":"https:\/\/ihedn.fr\/?p=44674"},"modified":"2024-01-29T12:31:21","modified_gmt":"2024-01-29T11:31:21","slug":"general-breton-la-bataille-de-linformation-est-absolument-decisive","status":"publish","type":"post","link":"https:\/\/ihedn.fr\/en\/uncategorized\/general-breton-la-bataille-de-linformation-est-absolument-decisive\/","title":{"rendered":"GENERAL BRETON: \"THE BATTLE FOR INFORMATION IS ABSOLUTELY DECISIVE\"."},"content":{"rendered":"<div data-elementor-type=\"wp-post\" data-elementor-id=\"44674\" class=\"elementor elementor-44674\" data-elementor-post-type=\"post\">\n\t\t\t\t\t\t<section data-particle_enable=\"false\" data-particle-mobile-disabled=\"false\" class=\"elementor-section elementor-top-section elementor-element elementor-element-7b1b72b elementor-section-boxed elementor-section-height-default elementor-section-height-default\" data-id=\"7b1b72b\" data-element_type=\"section\" data-e-type=\"section\">\n\t\t\t\t\t\t<div class=\"elementor-container elementor-column-gap-default\">\n\t\t\t\t\t<div class=\"elementor-column elementor-col-100 elementor-top-column elementor-element elementor-element-d24cb0e\" data-id=\"d24cb0e\" data-element_type=\"column\" data-e-type=\"column\">\n\t\t\t<div class=\"elementor-widget-wrap elementor-element-populated\">\n\t\t\t\t\t\t<div class=\"elementor-element elementor-element-299fe8e elementor-widget elementor-widget-text-editor\" data-id=\"299fe8e\" data-element_type=\"widget\" data-e-type=\"widget\" data-widget_type=\"text-editor.default\">\n\t\t\t\t<div class=\"elementor-widget-container\">\n\t\t\t\t\t\t\t\t\t<p>Air Force Major General Vincent Breton, Director of the Joint Centre for Concepts, Doctrines and Experiments, provides an overall strategic and operational analysis. Highlighting the return of high-intensity warfare in Europe, in seven fields and areas of conflict (land, sea, air, space, cyber, information and electromagnetic), he also notes the return of nuclear rhetoric.<\/p><p>He places particular emphasis on the field of information: \"The information battle is absolutely decisive in this war, and Ukraine is very impressive in this respect and is teaching us a lesson. The Ukrainian communication strategy is absolutely remarkable and targets three very specific audiences.<\/p><p>Firstly, it targets the Ukrainian people and their soldiers to galvanise them and strengthen what are known as moral forces. Secondly, it targets Western public opinion to reinforce empathy and ensure massive support from the West, which is decisive. Finally, it targets the Russians, in particular to demobilise their soldiers. The Ukrainians are very good at making fun of Russian soldiers on social networks, to make them look like poor soldiers and so make them lose confidence.<\/p><p>As far as Russia's communications strategy is concerned, it is such a failure in the West that it is so outrageous, but that is probably not the point. On the other hand, Russia's strategy of influence is highly effective vis-\u00e0-vis the rest of the world. I would remind you that the leaders of more than 50 % of humanity support or refuse to condemn Russia. It is clear that the world is not allied under the West and does not think like us, and we must be fully aware of this.\"<\/p>\t\t\t\t\t\t\t\t<\/div>\n\t\t\t\t<\/div>\n\t\t\t\t\t<\/div>\n\t\t<\/div>\n\t\t\t\t\t<\/div>\n\t\t<\/section>\n\t\t\t\t<\/div>","protected":false},"excerpt":{"rendered":"<p>Le g\u00e9n\u00e9ral de division a\u00e9rienne Vincent Breton, directeur du Centre interarm\u00e9es des concepts, doctrines et exp\u00e9rimentations, livre une analyse strat\u00e9gique et op\u00e9rative d\u2019ensemble. Soulignant le retour de la guerre de haute intensit\u00e9 en Europe, sur sept champs et terrains de conflictualit\u00e9 (terre, mer, air, espace, cyber, informationnel et \u00e9lectromagn\u00e9tique), il note aussi un retour de [&hellip;]<\/p>\n","protected":false},"author":10,"featured_media":0,"comment_status":"closed","ping_status":"closed","sticky":false,"template":"","format":"standard","meta":{"footnotes":""},"categories":[1],"tags":[219],"class_list":["post-44674","post","type-post","status-publish","format-standard","hentry","category-uncategorized","tag-colloque-guerreukraine"],"yoast_head":"<!-- This site is optimized with the Yoast SEO plugin v27.5 - https:\/\/yoast.com\/product\/yoast-seo-wordpress\/ -->\n<title>G\u00c9N\u00c9RAL BRETON : \u201cLA BATAILLE DE L\u2019INFORMATION EST ABSOLUMENT D\u00c9CISIVE\u201d\u200b - L&#039;IHEDN : Institut des hautes \u00e9tudes de d\u00e9fense nationale<\/title>\n<meta name=\"robots\" content=\"index, follow, max-snippet:-1, max-image-preview:large, max-video-preview:-1\" \/>\n<link rel=\"canonical\" href=\"https:\/\/ihedn.fr\/en\/uncategorized\/general-breton-la-bataille-de-linformation-est-absolument-decisive\/\" \/>\n<meta property=\"og:locale\" content=\"en_GB\" \/>\n<meta property=\"og:type\" content=\"article\" \/>\n<meta property=\"og:title\" content=\"G\u00c9N\u00c9RAL BRETON : \u201cLA BATAILLE DE L\u2019INFORMATION EST ABSOLUMENT D\u00c9CISIVE\u201d\u200b - L&#039;IHEDN : Institut des hautes \u00e9tudes de d\u00e9fense nationale\" \/>\n<meta property=\"og:description\" content=\"Le g\u00e9n\u00e9ral de division a\u00e9rienne Vincent Breton, directeur du Centre interarm\u00e9es des concepts, doctrines et exp\u00e9rimentations, livre une analyse strat\u00e9gique et op\u00e9rative d\u2019ensemble. Soulignant le retour de la guerre de haute intensit\u00e9 en Europe, sur sept champs et terrains de conflictualit\u00e9 (terre, mer, air, espace, cyber, informationnel et \u00e9lectromagn\u00e9tique), il note aussi un retour de [&hellip;]\" \/>\n<meta property=\"og:url\" content=\"https:\/\/ihedn.fr\/en\/uncategorized\/general-breton-la-bataille-de-linformation-est-absolument-decisive\/\" \/>\n<meta property=\"og:site_name\" content=\"L&#039;IHEDN : Institut des hautes \u00e9tudes de d\u00e9fense nationale\" \/>\n<meta property=\"article:publisher\" content=\"https:\/\/www.facebook.com\/ihedn\/\" \/>\n<meta property=\"article:published_time\" content=\"2023-12-18T10:40:51+00:00\" \/>\n<meta property=\"article:modified_time\" content=\"2024-01-29T11:31:21+00:00\" \/>\n<meta name=\"author\" content=\"tanguy.morel@ihedn.fr\" \/>\n<meta name=\"twitter:card\" content=\"summary_large_image\" \/>\n<meta name=\"twitter:creator\" content=\"@IHEDN\" \/>\n<meta name=\"twitter:site\" content=\"@IHEDN\" \/>\n<meta name=\"twitter:label1\" content=\"Written by\" \/>\n\t<meta name=\"twitter:data1\" content=\"tanguy.morel@ihedn.fr\" \/>\n\t<meta name=\"twitter:label2\" content=\"Estimated reading time\" \/>\n\t<meta name=\"twitter:data2\" content=\"2 minutes\" \/>\n<script type=\"application\/ld+json\" class=\"yoast-schema-graph\">{\"@context\":\"https:\\\/\\\/schema.org\",\"@graph\":[{\"@type\":\"Article\",\"@id\":\"https:\\\/\\\/ihedn.fr\\\/uncategorized\\\/general-breton-la-bataille-de-linformation-est-absolument-decisive\\\/#article\",\"isPartOf\":{\"@id\":\"https:\\\/\\\/ihedn.fr\\\/uncategorized\\\/general-breton-la-bataille-de-linformation-est-absolument-decisive\\\/\"},\"author\":{\"name\":\"tanguy.morel@ihedn.fr\",\"@id\":\"https:\\\/\\\/ihedn.fr\\\/#\\\/schema\\\/person\\\/ed217a37104b27a246b200e65b827cc7\"},\"headline\":\"G\u00c9N\u00c9RAL BRETON : \u201cLA BATAILLE DE L\u2019INFORMATION EST ABSOLUMENT D\u00c9CISIVE\u201d\u200b\",\"datePublished\":\"2023-12-18T10:40:51+00:00\",\"dateModified\":\"2024-01-29T11:31:21+00:00\",\"mainEntityOfPage\":{\"@id\":\"https:\\\/\\\/ihedn.fr\\\/uncategorized\\\/general-breton-la-bataille-de-linformation-est-absolument-decisive\\\/\"},\"wordCount\":321,\"publisher\":{\"@id\":\"https:\\\/\\\/ihedn.fr\\\/#organization\"},\"keywords\":[\"colloque-guerreUkraine\"],\"articleSection\":[\"Uncategorized\"],\"inLanguage\":\"en-GB\"},{\"@type\":\"WebPage\",\"@id\":\"https:\\\/\\\/ihedn.fr\\\/uncategorized\\\/general-breton-la-bataille-de-linformation-est-absolument-decisive\\\/\",\"url\":\"https:\\\/\\\/ihedn.fr\\\/uncategorized\\\/general-breton-la-bataille-de-linformation-est-absolument-decisive\\\/\",\"name\":\"G\u00c9N\u00c9RAL BRETON : \u201cLA BATAILLE DE L\u2019INFORMATION EST ABSOLUMENT D\u00c9CISIVE\u201d\u200b - L&#039;IHEDN : Institut des hautes \u00e9tudes de d\u00e9fense nationale\",\"isPartOf\":{\"@id\":\"https:\\\/\\\/ihedn.fr\\\/#website\"},\"datePublished\":\"2023-12-18T10:40:51+00:00\",\"dateModified\":\"2024-01-29T11:31:21+00:00\",\"breadcrumb\":{\"@id\":\"https:\\\/\\\/ihedn.fr\\\/uncategorized\\\/general-breton-la-bataille-de-linformation-est-absolument-decisive\\\/#breadcrumb\"},\"inLanguage\":\"en-GB\",\"potentialAction\":[{\"@type\":\"ReadAction\",\"target\":[\"https:\\\/\\\/ihedn.fr\\\/uncategorized\\\/general-breton-la-bataille-de-linformation-est-absolument-decisive\\\/\"]}]},{\"@type\":\"BreadcrumbList\",\"@id\":\"https:\\\/\\\/ihedn.fr\\\/uncategorized\\\/general-breton-la-bataille-de-linformation-est-absolument-decisive\\\/#breadcrumb\",\"itemListElement\":[{\"@type\":\"ListItem\",\"position\":1,\"name\":\"Accueil\",\"item\":\"https:\\\/\\\/ihedn.fr\\\/\"},{\"@type\":\"ListItem\",\"position\":2,\"name\":\"G\u00c9N\u00c9RAL BRETON : \u201cLA BATAILLE DE L\u2019INFORMATION EST ABSOLUMENT D\u00c9CISIVE\u201d\u200b\"}]},{\"@type\":\"WebSite\",\"@id\":\"https:\\\/\\\/ihedn.fr\\\/#website\",\"url\":\"https:\\\/\\\/ihedn.fr\\\/\",\"name\":\"IHEDN : Institut des hautes \u00e9tudes de d\u00e9fense nationale |\",\"description\":\"Site officiel de l&#039;IHEDN plac\u00e9 sous la tutelle du Premier ministre.\",\"publisher\":{\"@id\":\"https:\\\/\\\/ihedn.fr\\\/#organization\"},\"potentialAction\":[{\"@type\":\"SearchAction\",\"target\":{\"@type\":\"EntryPoint\",\"urlTemplate\":\"https:\\\/\\\/ihedn.fr\\\/?s={search_term_string}\"},\"query-input\":{\"@type\":\"PropertyValueSpecification\",\"valueRequired\":true,\"valueName\":\"search_term_string\"}}],\"inLanguage\":\"en-GB\"},{\"@type\":\"Organization\",\"@id\":\"https:\\\/\\\/ihedn.fr\\\/#organization\",\"name\":\"IHEDN - Institut des Hautes Etudes de D\u00e9fense Nationale\",\"url\":\"https:\\\/\\\/ihedn.fr\\\/\",\"logo\":{\"@type\":\"ImageObject\",\"inLanguage\":\"en-GB\",\"@id\":\"https:\\\/\\\/ihedn.fr\\\/#\\\/schema\\\/logo\\\/image\\\/\",\"url\":\"https:\\\/\\\/ihedn.fr\\\/wp-content\\\/uploads\\\/2020\\\/11\\\/BLOC_RF_IHEDN_WEB.png\",\"contentUrl\":\"https:\\\/\\\/ihedn.fr\\\/wp-content\\\/uploads\\\/2020\\\/11\\\/BLOC_RF_IHEDN_WEB.png\",\"width\":500,\"height\":237,\"caption\":\"IHEDN - Institut des Hautes Etudes de D\u00e9fense Nationale\"},\"image\":{\"@id\":\"https:\\\/\\\/ihedn.fr\\\/#\\\/schema\\\/logo\\\/image\\\/\"},\"sameAs\":[\"https:\\\/\\\/www.facebook.com\\\/ihedn\\\/\",\"https:\\\/\\\/x.com\\\/IHEDN\",\"https:\\\/\\\/www.instagram.com\\\/ihedn\\\/\",\"https:\\\/\\\/www.linkedin.com\\\/school\\\/ihedn\\\/\",\"https:\\\/\\\/fr.wikipedia.org\\\/wiki\\\/Institut_des_hautes_\u00e9tudes_de_D\u00e9fense_nationale\"]},{\"@type\":\"Person\",\"@id\":\"https:\\\/\\\/ihedn.fr\\\/#\\\/schema\\\/person\\\/ed217a37104b27a246b200e65b827cc7\",\"name\":\"tanguy.morel@ihedn.fr\",\"image\":{\"@type\":\"ImageObject\",\"inLanguage\":\"en-GB\",\"@id\":\"https:\\\/\\\/secure.gravatar.com\\\/avatar\\\/36877cd30919fafddf1f9da45f4154aa468a64328452f2ceaff0968772207348?s=96&d=mm&r=g\",\"url\":\"https:\\\/\\\/secure.gravatar.com\\\/avatar\\\/36877cd30919fafddf1f9da45f4154aa468a64328452f2ceaff0968772207348?s=96&d=mm&r=g\",\"contentUrl\":\"https:\\\/\\\/secure.gravatar.com\\\/avatar\\\/36877cd30919fafddf1f9da45f4154aa468a64328452f2ceaff0968772207348?s=96&d=mm&r=g\",\"caption\":\"tanguy.morel@ihedn.fr\"},\"url\":\"https:\\\/\\\/ihedn.fr\\\/en\\\/author\\\/tanguy-morelihedn-fr\\\/\"}]}<\/script>\n<!-- \/ Yoast SEO plugin. -->","yoast_head_json":{"title":"GENERAL BRETON: \"THE BATTLE OF INFORMATION IS ABSOLUTELY DECISIVE\" - IHEDN : Institut des hautes \u00e9tudes de d\u00e9fense nationale (Graduate Institute of National Defence)","robots":{"index":"index","follow":"follow","max-snippet":"max-snippet:-1","max-image-preview":"max-image-preview:large","max-video-preview":"max-video-preview:-1"},"canonical":"https:\/\/ihedn.fr\/en\/uncategorized\/general-breton-la-bataille-de-linformation-est-absolument-decisive\/","og_locale":"en_GB","og_type":"article","og_title":"G\u00c9N\u00c9RAL BRETON : \u201cLA BATAILLE DE L\u2019INFORMATION EST ABSOLUMENT D\u00c9CISIVE\u201d\u200b - L&#039;IHEDN : Institut des hautes \u00e9tudes de d\u00e9fense nationale","og_description":"Le g\u00e9n\u00e9ral de division a\u00e9rienne Vincent Breton, directeur du Centre interarm\u00e9es des concepts, doctrines et exp\u00e9rimentations, livre une analyse strat\u00e9gique et op\u00e9rative d\u2019ensemble. Soulignant le retour de la guerre de haute intensit\u00e9 en Europe, sur sept champs et terrains de conflictualit\u00e9 (terre, mer, air, espace, cyber, informationnel et \u00e9lectromagn\u00e9tique), il note aussi un retour de [&hellip;]","og_url":"https:\/\/ihedn.fr\/en\/uncategorized\/general-breton-la-bataille-de-linformation-est-absolument-decisive\/","og_site_name":"L&#039;IHEDN : Institut des hautes \u00e9tudes de d\u00e9fense nationale","article_publisher":"https:\/\/www.facebook.com\/ihedn\/","article_published_time":"2023-12-18T10:40:51+00:00","article_modified_time":"2024-01-29T11:31:21+00:00","author":"tanguy.morel@ihedn.fr","twitter_card":"summary_large_image","twitter_creator":"@IHEDN","twitter_site":"@IHEDN","twitter_misc":{"Written by":"tanguy.morel@ihedn.fr","Estimated reading time":"2 minutes"},"schema":{"@context":"https:\/\/schema.org","@graph":[{"@type":"Article","@id":"https:\/\/ihedn.fr\/uncategorized\/general-breton-la-bataille-de-linformation-est-absolument-decisive\/#article","isPartOf":{"@id":"https:\/\/ihedn.fr\/uncategorized\/general-breton-la-bataille-de-linformation-est-absolument-decisive\/"},"author":{"name":"tanguy.morel@ihedn.fr","@id":"https:\/\/ihedn.fr\/#\/schema\/person\/ed217a37104b27a246b200e65b827cc7"},"headline":"G\u00c9N\u00c9RAL BRETON : \u201cLA BATAILLE DE L\u2019INFORMATION EST ABSOLUMENT D\u00c9CISIVE\u201d\u200b","datePublished":"2023-12-18T10:40:51+00:00","dateModified":"2024-01-29T11:31:21+00:00","mainEntityOfPage":{"@id":"https:\/\/ihedn.fr\/uncategorized\/general-breton-la-bataille-de-linformation-est-absolument-decisive\/"},"wordCount":321,"publisher":{"@id":"https:\/\/ihedn.fr\/#organization"},"keywords":["colloque-guerreUkraine"],"articleSection":["Uncategorized"],"inLanguage":"en-GB"},{"@type":"WebPage","@id":"https:\/\/ihedn.fr\/uncategorized\/general-breton-la-bataille-de-linformation-est-absolument-decisive\/","url":"https:\/\/ihedn.fr\/uncategorized\/general-breton-la-bataille-de-linformation-est-absolument-decisive\/","name":"GENERAL BRETON: \"THE BATTLE OF INFORMATION IS ABSOLUTELY DECISIVE\" - IHEDN : Institut des hautes \u00e9tudes de d\u00e9fense nationale (Graduate Institute of National Defence)","isPartOf":{"@id":"https:\/\/ihedn.fr\/#website"},"datePublished":"2023-12-18T10:40:51+00:00","dateModified":"2024-01-29T11:31:21+00:00","breadcrumb":{"@id":"https:\/\/ihedn.fr\/uncategorized\/general-breton-la-bataille-de-linformation-est-absolument-decisive\/#breadcrumb"},"inLanguage":"en-GB","potentialAction":[{"@type":"ReadAction","target":["https:\/\/ihedn.fr\/uncategorized\/general-breton-la-bataille-de-linformation-est-absolument-decisive\/"]}]},{"@type":"BreadcrumbList","@id":"https:\/\/ihedn.fr\/uncategorized\/general-breton-la-bataille-de-linformation-est-absolument-decisive\/#breadcrumb","itemListElement":[{"@type":"ListItem","position":1,"name":"Accueil","item":"https:\/\/ihedn.fr\/"},{"@type":"ListItem","position":2,"name":"G\u00c9N\u00c9RAL BRETON : \u201cLA BATAILLE DE L\u2019INFORMATION EST ABSOLUMENT D\u00c9CISIVE\u201d\u200b"}]},{"@type":"WebSite","@id":"https:\/\/ihedn.fr\/#website","url":"https:\/\/ihedn.fr\/","name":"IHEDN: Institut des hautes \u00e9tudes de d\u00e9fense nationale (Institute for Higher National Defence Studies)","description":"Official website of the IHEDN under the supervision of the Prime Minister.","publisher":{"@id":"https:\/\/ihedn.fr\/#organization"},"potentialAction":[{"@type":"SearchAction","target":{"@type":"EntryPoint","urlTemplate":"https:\/\/ihedn.fr\/?s={search_term_string}"},"query-input":{"@type":"PropertyValueSpecification","valueRequired":true,"valueName":"search_term_string"}}],"inLanguage":"en-GB"},{"@type":"Organization","@id":"https:\/\/ihedn.fr\/#organization","name":"IHEDN - Institute for Higher National Defence Studies","url":"https:\/\/ihedn.fr\/","logo":{"@type":"ImageObject","inLanguage":"en-GB","@id":"https:\/\/ihedn.fr\/#\/schema\/logo\/image\/","url":"https:\/\/ihedn.fr\/wp-content\/uploads\/2020\/11\/BLOC_RF_IHEDN_WEB.png","contentUrl":"https:\/\/ihedn.fr\/wp-content\/uploads\/2020\/11\/BLOC_RF_IHEDN_WEB.png","width":500,"height":237,"caption":"IHEDN - Institut des Hautes Etudes de D\u00e9fense Nationale"},"image":{"@id":"https:\/\/ihedn.fr\/#\/schema\/logo\/image\/"},"sameAs":["https:\/\/www.facebook.com\/ihedn\/","https:\/\/x.com\/IHEDN","https:\/\/www.instagram.com\/ihedn\/","https:\/\/www.linkedin.com\/school\/ihedn\/","https:\/\/fr.wikipedia.org\/wiki\/Institut_des_hautes_\u00e9tudes_de_D\u00e9fense_nationale"]},{"@type":"Person","@id":"https:\/\/ihedn.fr\/#\/schema\/person\/ed217a37104b27a246b200e65b827cc7","name":"tanguy.morel@ihedn.fr","image":{"@type":"ImageObject","inLanguage":"en-GB","@id":"https:\/\/secure.gravatar.com\/avatar\/36877cd30919fafddf1f9da45f4154aa468a64328452f2ceaff0968772207348?s=96&d=mm&r=g","url":"https:\/\/secure.gravatar.com\/avatar\/36877cd30919fafddf1f9da45f4154aa468a64328452f2ceaff0968772207348?s=96&d=mm&r=g","contentUrl":"https:\/\/secure.gravatar.com\/avatar\/36877cd30919fafddf1f9da45f4154aa468a64328452f2ceaff0968772207348?s=96&d=mm&r=g","caption":"tanguy.morel@ihedn.fr"},"url":"https:\/\/ihedn.fr\/en\/author\/tanguy-morelihedn-fr\/"}]}},"publishpress_future_action":{"enabled":false,"date":"2026-05-07 18:13:53","action":"change-status","newStatus":"draft","terms":[],"taxonomy":"category","extraData":[]},"publishpress_future_workflow_manual_trigger":{"enabledWorkflows":[]},"_links":{"self":[{"href":"https:\/\/ihedn.fr\/en\/wp-json\/wp\/v2\/posts\/44674","targetHints":{"allow":["GET"]}}],"collection":[{"href":"https:\/\/ihedn.fr\/en\/wp-json\/wp\/v2\/posts"}],"about":[{"href":"https:\/\/ihedn.fr\/en\/wp-json\/wp\/v2\/types\/post"}],"author":[{"embeddable":true,"href":"https:\/\/ihedn.fr\/en\/wp-json\/wp\/v2\/users\/10"}],"replies":[{"embeddable":true,"href":"https:\/\/ihedn.fr\/en\/wp-json\/wp\/v2\/comments?post=44674"}],"version-history":[{"count":5,"href":"https:\/\/ihedn.fr\/en\/wp-json\/wp\/v2\/posts\/44674\/revisions"}],"predecessor-version":[{"id":44679,"href":"https:\/\/ihedn.fr\/en\/wp-json\/wp\/v2\/posts\/44674\/revisions\/44679"}],"wp:attachment":[{"href":"https:\/\/ihedn.fr\/en\/wp-json\/wp\/v2\/media?parent=44674"}],"wp:term":[{"taxonomy":"category","embeddable":true,"href":"https:\/\/ihedn.fr\/en\/wp-json\/wp\/v2\/categories?post=44674"},{"taxonomy":"post_tag","embeddable":true,"href":"https:\/\/ihedn.fr\/en\/wp-json\/wp\/v2\/tags?post=44674"}],"curies":[{"name":"wp","href":"https:\/\/api.w.org\/{rel}","templated":true}]}}