{"id":44680,"date":"2023-12-18T11:45:18","date_gmt":"2023-12-18T10:45:18","guid":{"rendered":"https:\/\/ihedn.fr\/?p=44680"},"modified":"2024-01-29T12:31:00","modified_gmt":"2024-01-29T11:31:00","slug":"general-givre-cest-une-guerre-integrale-et-non-une-guerre-totale","status":"publish","type":"post","link":"https:\/\/ihedn.fr\/en\/uncategorized\/general-givre-cest-une-guerre-integrale-et-non-une-guerre-totale\/","title":{"rendered":"GENERAL GIVRE: \"IT'S AN ALL-OUT WAR, NOT A TOTAL WAR\"."},"content":{"rendered":"<div data-elementor-type=\"wp-post\" data-elementor-id=\"44680\" class=\"elementor elementor-44680\" data-elementor-post-type=\"post\">\n\t\t\t\t\t\t<section data-particle_enable=\"false\" data-particle-mobile-disabled=\"false\" class=\"elementor-section elementor-top-section elementor-element elementor-element-7b1b72b elementor-section-boxed elementor-section-height-default elementor-section-height-default\" data-id=\"7b1b72b\" data-element_type=\"section\" data-e-type=\"section\">\n\t\t\t\t\t\t<div class=\"elementor-container elementor-column-gap-default\">\n\t\t\t\t\t<div class=\"elementor-column elementor-col-100 elementor-top-column elementor-element elementor-element-d24cb0e\" data-id=\"d24cb0e\" data-element_type=\"column\" data-e-type=\"column\">\n\t\t\t<div class=\"elementor-widget-wrap elementor-element-populated\">\n\t\t\t\t\t\t<div class=\"elementor-element elementor-element-299fe8e elementor-widget elementor-widget-text-editor\" data-id=\"299fe8e\" data-element_type=\"widget\" data-e-type=\"widget\" data-widget_type=\"text-editor.default\">\n\t\t\t\t<div class=\"elementor-widget-container\">\n\t\t\t\t\t\t\t\t\t<p>Major General Pierre-Joseph Givre, Director of the Centre de doctrine et d'enseignement du commandement, analyses the breaks and continuities on the battlefield. In his view, this war seems to be a continuation of what has been observed since the beginning of the 21st century, with an amplification and an accumulation of new technologies, new capabilities and new modes of action.<\/p><p>In particular, he sees it as \"an integral war, not a total war\": \"What is an integral war? It's the war of the M2MC, multi-milieu and multi-field, before the war actually breaks out, and when it breaks out in the sense of physical confrontation. The war in Ukraine began in Africa, with Wagner, with disinformation, and France was targeted in particular. It began with cyber attacks at a strategic level against European countries, against France, and with disinformation campaigns.\"<\/p><p>General Givre also highlights the innovative capacity of the Ukrainians, who \"have understood the advantages of using civilian technologies and applications for military purposes\". For example, \"the Shazam of the drone\", in reference to the consumer application that can recognise any music being played: \"They put the application in front of the drone because Shahed drones make a lot of noise, it gives them the altitude, speed and distance, the information immediately passes to the effectors in the sector, and one of them will hit it. It's extremely intelligent.\"<\/p>\t\t\t\t\t\t\t\t<\/div>\n\t\t\t\t<\/div>\n\t\t\t\t\t<\/div>\n\t\t<\/div>\n\t\t\t\t\t<\/div>\n\t\t<\/section>\n\t\t\t\t<\/div>","protected":false},"excerpt":{"rendered":"<p>Le g\u00e9n\u00e9ral de division Pierre-Joseph Givre, directeur du Centre de doctrine et d\u2019enseignement du commandement, analyse les ruptures et continuit\u00e9s sur le champ de bataille. Selon lui, cette guerre semble dans la continuit\u00e9 de ce qui a \u00e9t\u00e9 observ\u00e9 depuis le d\u00e9but du XXIe\u00a0si\u00e8cle, avec une amplification et un ph\u00e9nom\u00e8ne de cumul de nouvelles technologies, [&hellip;]<\/p>\n","protected":false},"author":10,"featured_media":0,"comment_status":"closed","ping_status":"closed","sticky":false,"template":"","format":"standard","meta":{"footnotes":""},"categories":[1],"tags":[219],"class_list":["post-44680","post","type-post","status-publish","format-standard","hentry","category-uncategorized","tag-colloque-guerreukraine"],"yoast_head":"<!-- This site is optimized with the Yoast SEO plugin v27.5 - https:\/\/yoast.com\/product\/yoast-seo-wordpress\/ -->\n<title>G\u00c9N\u00c9RAL GIVRE : \u201cC\u2019EST UNE GUERRE INT\u00c9GRALE, ET NON UNE GUERRE TOTALE\u201d\u200b - L&#039;IHEDN : Institut des hautes \u00e9tudes de d\u00e9fense nationale<\/title>\n<meta name=\"robots\" content=\"index, follow, max-snippet:-1, max-image-preview:large, max-video-preview:-1\" \/>\n<link rel=\"canonical\" href=\"https:\/\/ihedn.fr\/en\/uncategorized\/general-givre-cest-une-guerre-integrale-et-non-une-guerre-totale\/\" \/>\n<meta property=\"og:locale\" content=\"en_GB\" \/>\n<meta property=\"og:type\" content=\"article\" \/>\n<meta property=\"og:title\" content=\"G\u00c9N\u00c9RAL GIVRE : \u201cC\u2019EST UNE GUERRE INT\u00c9GRALE, ET NON UNE GUERRE TOTALE\u201d\u200b - L&#039;IHEDN : Institut des hautes \u00e9tudes de d\u00e9fense nationale\" \/>\n<meta property=\"og:description\" content=\"Le g\u00e9n\u00e9ral de division Pierre-Joseph Givre, directeur du Centre de doctrine et d\u2019enseignement du commandement, analyse les ruptures et continuit\u00e9s sur le champ de bataille. Selon lui, cette guerre semble dans la continuit\u00e9 de ce qui a \u00e9t\u00e9 observ\u00e9 depuis le d\u00e9but du XXIe\u00a0si\u00e8cle, avec une amplification et un ph\u00e9nom\u00e8ne de cumul de nouvelles technologies, [&hellip;]\" \/>\n<meta property=\"og:url\" content=\"https:\/\/ihedn.fr\/en\/uncategorized\/general-givre-cest-une-guerre-integrale-et-non-une-guerre-totale\/\" \/>\n<meta property=\"og:site_name\" content=\"L&#039;IHEDN : Institut des hautes \u00e9tudes de d\u00e9fense nationale\" \/>\n<meta property=\"article:publisher\" content=\"https:\/\/www.facebook.com\/ihedn\/\" \/>\n<meta property=\"article:published_time\" content=\"2023-12-18T10:45:18+00:00\" \/>\n<meta property=\"article:modified_time\" content=\"2024-01-29T11:31:00+00:00\" \/>\n<meta name=\"author\" content=\"tanguy.morel@ihedn.fr\" \/>\n<meta name=\"twitter:card\" content=\"summary_large_image\" \/>\n<meta name=\"twitter:creator\" content=\"@IHEDN\" \/>\n<meta name=\"twitter:site\" content=\"@IHEDN\" \/>\n<meta name=\"twitter:label1\" content=\"Written by\" \/>\n\t<meta name=\"twitter:data1\" content=\"tanguy.morel@ihedn.fr\" \/>\n\t<meta name=\"twitter:label2\" content=\"Estimated reading time\" \/>\n\t<meta name=\"twitter:data2\" content=\"2 minutes\" \/>\n<script type=\"application\/ld+json\" class=\"yoast-schema-graph\">{\"@context\":\"https:\\\/\\\/schema.org\",\"@graph\":[{\"@type\":\"Article\",\"@id\":\"https:\\\/\\\/ihedn.fr\\\/uncategorized\\\/general-givre-cest-une-guerre-integrale-et-non-une-guerre-totale\\\/#article\",\"isPartOf\":{\"@id\":\"https:\\\/\\\/ihedn.fr\\\/uncategorized\\\/general-givre-cest-une-guerre-integrale-et-non-une-guerre-totale\\\/\"},\"author\":{\"name\":\"tanguy.morel@ihedn.fr\",\"@id\":\"https:\\\/\\\/ihedn.fr\\\/#\\\/schema\\\/person\\\/ed217a37104b27a246b200e65b827cc7\"},\"headline\":\"G\u00c9N\u00c9RAL GIVRE : \u201cC\u2019EST UNE GUERRE INT\u00c9GRALE, ET NON UNE GUERRE TOTALE\u201d\u200b\",\"datePublished\":\"2023-12-18T10:45:18+00:00\",\"dateModified\":\"2024-01-29T11:31:00+00:00\",\"mainEntityOfPage\":{\"@id\":\"https:\\\/\\\/ihedn.fr\\\/uncategorized\\\/general-givre-cest-une-guerre-integrale-et-non-une-guerre-totale\\\/\"},\"wordCount\":297,\"publisher\":{\"@id\":\"https:\\\/\\\/ihedn.fr\\\/#organization\"},\"keywords\":[\"colloque-guerreUkraine\"],\"articleSection\":[\"Uncategorized\"],\"inLanguage\":\"en-GB\"},{\"@type\":\"WebPage\",\"@id\":\"https:\\\/\\\/ihedn.fr\\\/uncategorized\\\/general-givre-cest-une-guerre-integrale-et-non-une-guerre-totale\\\/\",\"url\":\"https:\\\/\\\/ihedn.fr\\\/uncategorized\\\/general-givre-cest-une-guerre-integrale-et-non-une-guerre-totale\\\/\",\"name\":\"G\u00c9N\u00c9RAL GIVRE : \u201cC\u2019EST UNE GUERRE INT\u00c9GRALE, ET NON UNE GUERRE TOTALE\u201d\u200b - L&#039;IHEDN : Institut des hautes \u00e9tudes de d\u00e9fense nationale\",\"isPartOf\":{\"@id\":\"https:\\\/\\\/ihedn.fr\\\/#website\"},\"datePublished\":\"2023-12-18T10:45:18+00:00\",\"dateModified\":\"2024-01-29T11:31:00+00:00\",\"breadcrumb\":{\"@id\":\"https:\\\/\\\/ihedn.fr\\\/uncategorized\\\/general-givre-cest-une-guerre-integrale-et-non-une-guerre-totale\\\/#breadcrumb\"},\"inLanguage\":\"en-GB\",\"potentialAction\":[{\"@type\":\"ReadAction\",\"target\":[\"https:\\\/\\\/ihedn.fr\\\/uncategorized\\\/general-givre-cest-une-guerre-integrale-et-non-une-guerre-totale\\\/\"]}]},{\"@type\":\"BreadcrumbList\",\"@id\":\"https:\\\/\\\/ihedn.fr\\\/uncategorized\\\/general-givre-cest-une-guerre-integrale-et-non-une-guerre-totale\\\/#breadcrumb\",\"itemListElement\":[{\"@type\":\"ListItem\",\"position\":1,\"name\":\"Accueil\",\"item\":\"https:\\\/\\\/ihedn.fr\\\/\"},{\"@type\":\"ListItem\",\"position\":2,\"name\":\"G\u00c9N\u00c9RAL GIVRE : \u201cC\u2019EST UNE GUERRE INT\u00c9GRALE, ET NON UNE GUERRE TOTALE\u201d\u200b\"}]},{\"@type\":\"WebSite\",\"@id\":\"https:\\\/\\\/ihedn.fr\\\/#website\",\"url\":\"https:\\\/\\\/ihedn.fr\\\/\",\"name\":\"IHEDN : Institut des hautes \u00e9tudes de d\u00e9fense nationale |\",\"description\":\"Site officiel de l&#039;IHEDN plac\u00e9 sous la tutelle du Premier ministre.\",\"publisher\":{\"@id\":\"https:\\\/\\\/ihedn.fr\\\/#organization\"},\"potentialAction\":[{\"@type\":\"SearchAction\",\"target\":{\"@type\":\"EntryPoint\",\"urlTemplate\":\"https:\\\/\\\/ihedn.fr\\\/?s={search_term_string}\"},\"query-input\":{\"@type\":\"PropertyValueSpecification\",\"valueRequired\":true,\"valueName\":\"search_term_string\"}}],\"inLanguage\":\"en-GB\"},{\"@type\":\"Organization\",\"@id\":\"https:\\\/\\\/ihedn.fr\\\/#organization\",\"name\":\"IHEDN - Institut des Hautes Etudes de D\u00e9fense Nationale\",\"url\":\"https:\\\/\\\/ihedn.fr\\\/\",\"logo\":{\"@type\":\"ImageObject\",\"inLanguage\":\"en-GB\",\"@id\":\"https:\\\/\\\/ihedn.fr\\\/#\\\/schema\\\/logo\\\/image\\\/\",\"url\":\"https:\\\/\\\/ihedn.fr\\\/wp-content\\\/uploads\\\/2020\\\/11\\\/BLOC_RF_IHEDN_WEB.png\",\"contentUrl\":\"https:\\\/\\\/ihedn.fr\\\/wp-content\\\/uploads\\\/2020\\\/11\\\/BLOC_RF_IHEDN_WEB.png\",\"width\":500,\"height\":237,\"caption\":\"IHEDN - Institut des Hautes Etudes de D\u00e9fense Nationale\"},\"image\":{\"@id\":\"https:\\\/\\\/ihedn.fr\\\/#\\\/schema\\\/logo\\\/image\\\/\"},\"sameAs\":[\"https:\\\/\\\/www.facebook.com\\\/ihedn\\\/\",\"https:\\\/\\\/x.com\\\/IHEDN\",\"https:\\\/\\\/www.instagram.com\\\/ihedn\\\/\",\"https:\\\/\\\/www.linkedin.com\\\/school\\\/ihedn\\\/\",\"https:\\\/\\\/fr.wikipedia.org\\\/wiki\\\/Institut_des_hautes_\u00e9tudes_de_D\u00e9fense_nationale\"]},{\"@type\":\"Person\",\"@id\":\"https:\\\/\\\/ihedn.fr\\\/#\\\/schema\\\/person\\\/ed217a37104b27a246b200e65b827cc7\",\"name\":\"tanguy.morel@ihedn.fr\",\"image\":{\"@type\":\"ImageObject\",\"inLanguage\":\"en-GB\",\"@id\":\"https:\\\/\\\/secure.gravatar.com\\\/avatar\\\/36877cd30919fafddf1f9da45f4154aa468a64328452f2ceaff0968772207348?s=96&d=mm&r=g\",\"url\":\"https:\\\/\\\/secure.gravatar.com\\\/avatar\\\/36877cd30919fafddf1f9da45f4154aa468a64328452f2ceaff0968772207348?s=96&d=mm&r=g\",\"contentUrl\":\"https:\\\/\\\/secure.gravatar.com\\\/avatar\\\/36877cd30919fafddf1f9da45f4154aa468a64328452f2ceaff0968772207348?s=96&d=mm&r=g\",\"caption\":\"tanguy.morel@ihedn.fr\"},\"url\":\"https:\\\/\\\/ihedn.fr\\\/en\\\/author\\\/tanguy-morelihedn-fr\\\/\"}]}<\/script>\n<!-- \/ Yoast SEO plugin. -->","yoast_head_json":{"title":"GENERAL GIVRE: \"THIS IS AN INTEGRAL WAR, NOT A TOTAL WAR\" - L'IHEDN : Institut des hautes \u00e9tudes de d\u00e9fense nationale","robots":{"index":"index","follow":"follow","max-snippet":"max-snippet:-1","max-image-preview":"max-image-preview:large","max-video-preview":"max-video-preview:-1"},"canonical":"https:\/\/ihedn.fr\/en\/uncategorized\/general-givre-cest-une-guerre-integrale-et-non-une-guerre-totale\/","og_locale":"en_GB","og_type":"article","og_title":"G\u00c9N\u00c9RAL GIVRE : \u201cC\u2019EST UNE GUERRE INT\u00c9GRALE, ET NON UNE GUERRE TOTALE\u201d\u200b - L&#039;IHEDN : Institut des hautes \u00e9tudes de d\u00e9fense nationale","og_description":"Le g\u00e9n\u00e9ral de division Pierre-Joseph Givre, directeur du Centre de doctrine et d\u2019enseignement du commandement, analyse les ruptures et continuit\u00e9s sur le champ de bataille. Selon lui, cette guerre semble dans la continuit\u00e9 de ce qui a \u00e9t\u00e9 observ\u00e9 depuis le d\u00e9but du XXIe\u00a0si\u00e8cle, avec une amplification et un ph\u00e9nom\u00e8ne de cumul de nouvelles technologies, [&hellip;]","og_url":"https:\/\/ihedn.fr\/en\/uncategorized\/general-givre-cest-une-guerre-integrale-et-non-une-guerre-totale\/","og_site_name":"L&#039;IHEDN : Institut des hautes \u00e9tudes de d\u00e9fense nationale","article_publisher":"https:\/\/www.facebook.com\/ihedn\/","article_published_time":"2023-12-18T10:45:18+00:00","article_modified_time":"2024-01-29T11:31:00+00:00","author":"tanguy.morel@ihedn.fr","twitter_card":"summary_large_image","twitter_creator":"@IHEDN","twitter_site":"@IHEDN","twitter_misc":{"Written by":"tanguy.morel@ihedn.fr","Estimated reading time":"2 minutes"},"schema":{"@context":"https:\/\/schema.org","@graph":[{"@type":"Article","@id":"https:\/\/ihedn.fr\/uncategorized\/general-givre-cest-une-guerre-integrale-et-non-une-guerre-totale\/#article","isPartOf":{"@id":"https:\/\/ihedn.fr\/uncategorized\/general-givre-cest-une-guerre-integrale-et-non-une-guerre-totale\/"},"author":{"name":"tanguy.morel@ihedn.fr","@id":"https:\/\/ihedn.fr\/#\/schema\/person\/ed217a37104b27a246b200e65b827cc7"},"headline":"G\u00c9N\u00c9RAL GIVRE : \u201cC\u2019EST UNE GUERRE INT\u00c9GRALE, ET NON UNE GUERRE TOTALE\u201d\u200b","datePublished":"2023-12-18T10:45:18+00:00","dateModified":"2024-01-29T11:31:00+00:00","mainEntityOfPage":{"@id":"https:\/\/ihedn.fr\/uncategorized\/general-givre-cest-une-guerre-integrale-et-non-une-guerre-totale\/"},"wordCount":297,"publisher":{"@id":"https:\/\/ihedn.fr\/#organization"},"keywords":["colloque-guerreUkraine"],"articleSection":["Uncategorized"],"inLanguage":"en-GB"},{"@type":"WebPage","@id":"https:\/\/ihedn.fr\/uncategorized\/general-givre-cest-une-guerre-integrale-et-non-une-guerre-totale\/","url":"https:\/\/ihedn.fr\/uncategorized\/general-givre-cest-une-guerre-integrale-et-non-une-guerre-totale\/","name":"GENERAL GIVRE: \"THIS IS AN INTEGRAL WAR, NOT A TOTAL WAR\" - L'IHEDN : Institut des hautes \u00e9tudes de d\u00e9fense nationale","isPartOf":{"@id":"https:\/\/ihedn.fr\/#website"},"datePublished":"2023-12-18T10:45:18+00:00","dateModified":"2024-01-29T11:31:00+00:00","breadcrumb":{"@id":"https:\/\/ihedn.fr\/uncategorized\/general-givre-cest-une-guerre-integrale-et-non-une-guerre-totale\/#breadcrumb"},"inLanguage":"en-GB","potentialAction":[{"@type":"ReadAction","target":["https:\/\/ihedn.fr\/uncategorized\/general-givre-cest-une-guerre-integrale-et-non-une-guerre-totale\/"]}]},{"@type":"BreadcrumbList","@id":"https:\/\/ihedn.fr\/uncategorized\/general-givre-cest-une-guerre-integrale-et-non-une-guerre-totale\/#breadcrumb","itemListElement":[{"@type":"ListItem","position":1,"name":"Accueil","item":"https:\/\/ihedn.fr\/"},{"@type":"ListItem","position":2,"name":"G\u00c9N\u00c9RAL GIVRE : \u201cC\u2019EST UNE GUERRE INT\u00c9GRALE, ET NON UNE GUERRE TOTALE\u201d\u200b"}]},{"@type":"WebSite","@id":"https:\/\/ihedn.fr\/#website","url":"https:\/\/ihedn.fr\/","name":"IHEDN: Institut des hautes \u00e9tudes de d\u00e9fense nationale (Institute for Higher National Defence Studies)","description":"Official website of the IHEDN under the supervision of the Prime Minister.","publisher":{"@id":"https:\/\/ihedn.fr\/#organization"},"potentialAction":[{"@type":"SearchAction","target":{"@type":"EntryPoint","urlTemplate":"https:\/\/ihedn.fr\/?s={search_term_string}"},"query-input":{"@type":"PropertyValueSpecification","valueRequired":true,"valueName":"search_term_string"}}],"inLanguage":"en-GB"},{"@type":"Organization","@id":"https:\/\/ihedn.fr\/#organization","name":"IHEDN - Institute for Higher National Defence Studies","url":"https:\/\/ihedn.fr\/","logo":{"@type":"ImageObject","inLanguage":"en-GB","@id":"https:\/\/ihedn.fr\/#\/schema\/logo\/image\/","url":"https:\/\/ihedn.fr\/wp-content\/uploads\/2020\/11\/BLOC_RF_IHEDN_WEB.png","contentUrl":"https:\/\/ihedn.fr\/wp-content\/uploads\/2020\/11\/BLOC_RF_IHEDN_WEB.png","width":500,"height":237,"caption":"IHEDN - Institut des Hautes Etudes de D\u00e9fense Nationale"},"image":{"@id":"https:\/\/ihedn.fr\/#\/schema\/logo\/image\/"},"sameAs":["https:\/\/www.facebook.com\/ihedn\/","https:\/\/x.com\/IHEDN","https:\/\/www.instagram.com\/ihedn\/","https:\/\/www.linkedin.com\/school\/ihedn\/","https:\/\/fr.wikipedia.org\/wiki\/Institut_des_hautes_\u00e9tudes_de_D\u00e9fense_nationale"]},{"@type":"Person","@id":"https:\/\/ihedn.fr\/#\/schema\/person\/ed217a37104b27a246b200e65b827cc7","name":"tanguy.morel@ihedn.fr","image":{"@type":"ImageObject","inLanguage":"en-GB","@id":"https:\/\/secure.gravatar.com\/avatar\/36877cd30919fafddf1f9da45f4154aa468a64328452f2ceaff0968772207348?s=96&d=mm&r=g","url":"https:\/\/secure.gravatar.com\/avatar\/36877cd30919fafddf1f9da45f4154aa468a64328452f2ceaff0968772207348?s=96&d=mm&r=g","contentUrl":"https:\/\/secure.gravatar.com\/avatar\/36877cd30919fafddf1f9da45f4154aa468a64328452f2ceaff0968772207348?s=96&d=mm&r=g","caption":"tanguy.morel@ihedn.fr"},"url":"https:\/\/ihedn.fr\/en\/author\/tanguy-morelihedn-fr\/"}]}},"publishpress_future_action":{"enabled":false,"date":"2026-05-07 08:57:24","action":"change-status","newStatus":"draft","terms":[],"taxonomy":"category","extraData":[]},"publishpress_future_workflow_manual_trigger":{"enabledWorkflows":[]},"_links":{"self":[{"href":"https:\/\/ihedn.fr\/en\/wp-json\/wp\/v2\/posts\/44680","targetHints":{"allow":["GET"]}}],"collection":[{"href":"https:\/\/ihedn.fr\/en\/wp-json\/wp\/v2\/posts"}],"about":[{"href":"https:\/\/ihedn.fr\/en\/wp-json\/wp\/v2\/types\/post"}],"author":[{"embeddable":true,"href":"https:\/\/ihedn.fr\/en\/wp-json\/wp\/v2\/users\/10"}],"replies":[{"embeddable":true,"href":"https:\/\/ihedn.fr\/en\/wp-json\/wp\/v2\/comments?post=44680"}],"version-history":[{"count":5,"href":"https:\/\/ihedn.fr\/en\/wp-json\/wp\/v2\/posts\/44680\/revisions"}],"predecessor-version":[{"id":45643,"href":"https:\/\/ihedn.fr\/en\/wp-json\/wp\/v2\/posts\/44680\/revisions\/45643"}],"wp:attachment":[{"href":"https:\/\/ihedn.fr\/en\/wp-json\/wp\/v2\/media?parent=44680"}],"wp:term":[{"taxonomy":"category","embeddable":true,"href":"https:\/\/ihedn.fr\/en\/wp-json\/wp\/v2\/categories?post=44680"},{"taxonomy":"post_tag","embeddable":true,"href":"https:\/\/ihedn.fr\/en\/wp-json\/wp\/v2\/tags?post=44680"}],"curies":[{"name":"wp","href":"https:\/\/api.w.org\/{rel}","templated":true}]}}