{"id":44707,"date":"2023-12-18T16:43:25","date_gmt":"2023-12-18T15:43:25","guid":{"rendered":"https:\/\/ihedn.fr\/?p=44707"},"modified":"2025-09-05T08:33:41","modified_gmt":"2025-09-05T07:33:41","slug":"les-batailles-diplomatiques-de-lukraine-dans-un-monde-multi-aligne","status":"publish","type":"post","link":"https:\/\/ihedn.fr\/en\/notre-selection\/les-batailles-diplomatiques-de-lukraine-dans-un-monde-multi-aligne\/","title":{"rendered":"Ukraine's diplomatic battles in a \"multi-aligned\" world"},"content":{"rendered":"<div data-elementor-type=\"wp-post\" data-elementor-id=\"44707\" class=\"elementor elementor-44707\" data-elementor-post-type=\"post\">\n\t\t\t\t\t\t<section data-particle_enable=\"false\" data-particle-mobile-disabled=\"false\" class=\"elementor-section elementor-top-section elementor-element elementor-element-2393d72 elementor-section-boxed elementor-section-height-default elementor-section-height-default\" data-id=\"2393d72\" data-element_type=\"section\" data-e-type=\"section\">\n\t\t\t\t\t\t<div class=\"elementor-container elementor-column-gap-default\">\n\t\t\t\t\t<div class=\"elementor-column elementor-col-100 elementor-top-column elementor-element elementor-element-64441e7\" data-id=\"64441e7\" data-element_type=\"column\" data-e-type=\"column\">\n\t\t\t<div class=\"elementor-widget-wrap elementor-element-populated\">\n\t\t\t\t\t\t<div class=\"elementor-element elementor-element-f273ef3 elementor-widget elementor-widget-text-editor\" data-id=\"f273ef3\" data-element_type=\"widget\" data-e-type=\"widget\" data-widget_type=\"text-editor.default\">\n\t\t\t\t<div class=\"elementor-widget-container\">\n\t\t\t\t\t\t\t\t\t<p style=\"text-align: left;\">On 8 December, the think-tank Eastern Circles and the IHEDN organised a one-day event at the \u00c9cole Militaire in partnership with Diplomatie Magazine on the four fronts of the war in Ukraine: informational, economic, military and diplomatic. For this last round table, international specialists from Ukraine, India, China and Africa presented their analyses, which describe an increasingly 'multi-aligned' world behind the Western positions that are quite familiar in our latitudes.<\/p><p style=\"text-align: left;\">Hosted by Canadian security consultant Yan St-Pierre, the meeting brought together researchers from the following fields <b>Swasti Rao<\/b>from the Manohar Parikkar Institute for Defence Studies and Analyses in New Delhi (India), <b>Niagal\u00e9 Bagayoko<\/b>Director of the African Security Sector Network (ASSN), and <b>Velina Tchakarova<\/b>director of the FACE think-tank based in Vienna (Austria) and a specialist in China, and the researcher <b>Hennadiy Maksak<\/b>director of the Ukrainian Prism think-tank based in Kyiv (Ukraine).<\/p>\t\t\t\t\t\t\t\t<\/div>\n\t\t\t\t<\/div>\n\t\t\t\t\t<\/div>\n\t\t<\/div>\n\t\t\t\t\t<\/div>\n\t\t<\/section>\n\t\t\t\t<section data-particle_enable=\"false\" data-particle-mobile-disabled=\"false\" class=\"elementor-section elementor-top-section elementor-element elementor-element-19be913 elementor-section-boxed elementor-section-height-default elementor-section-height-default\" data-id=\"19be913\" data-element_type=\"section\" data-e-type=\"section\">\n\t\t\t\t\t\t<div class=\"elementor-container elementor-column-gap-default\">\n\t\t\t\t\t<div class=\"elementor-column elementor-col-100 elementor-top-column elementor-element elementor-element-b86613b\" data-id=\"b86613b\" data-element_type=\"column\" data-e-type=\"column\">\n\t\t\t<div class=\"elementor-widget-wrap elementor-element-populated\">\n\t\t\t\t\t\t<div class=\"elementor-element elementor-element-b8fb3c7 elementor-widget elementor-widget-heading\" data-id=\"b8fb3c7\" data-element_type=\"widget\" data-e-type=\"widget\" data-widget_type=\"heading.default\">\n\t\t\t\t<div class=\"elementor-widget-container\">\n\t\t\t\t\t<h2 class=\"elementor-heading-title elementor-size-default\">India's position in the conflict poorly understood in the West<\/h2>\t\t\t\t<\/div>\n\t\t\t\t<\/div>\n\t\t\t\t<div class=\"elementor-element elementor-element-ae814b3 elementor-widget-divider--view-line elementor-widget elementor-widget-divider\" data-id=\"ae814b3\" data-element_type=\"widget\" data-e-type=\"widget\" data-widget_type=\"divider.default\">\n\t\t\t\t<div class=\"elementor-widget-container\">\n\t\t\t\t\t\t\t<div class=\"elementor-divider\">\n\t\t\t<span class=\"elementor-divider-separator\">\n\t\t\t\t\t\t<\/span>\n\t\t<\/div>\n\t\t\t\t\t\t<\/div>\n\t\t\t\t<\/div>\n\t\t\t\t\t<\/div>\n\t\t<\/div>\n\t\t\t\t\t<\/div>\n\t\t<\/section>\n\t\t\t\t<section data-particle_enable=\"false\" data-particle-mobile-disabled=\"false\" class=\"elementor-section elementor-top-section elementor-element elementor-element-c26f458 elementor-section-boxed elementor-section-height-default elementor-section-height-default\" data-id=\"c26f458\" data-element_type=\"section\" data-e-type=\"section\">\n\t\t\t\t\t\t<div class=\"elementor-container elementor-column-gap-default\">\n\t\t\t\t\t<div class=\"elementor-column elementor-col-100 elementor-top-column elementor-element elementor-element-ecef182\" data-id=\"ecef182\" data-element_type=\"column\" data-e-type=\"column\">\n\t\t\t<div class=\"elementor-widget-wrap elementor-element-populated\">\n\t\t\t\t\t\t<div class=\"elementor-element elementor-element-a324cfd elementor-widget elementor-widget-text-editor\" data-id=\"a324cfd\" data-element_type=\"widget\" data-e-type=\"widget\" data-widget_type=\"text-editor.default\">\n\t\t\t\t<div class=\"elementor-widget-container\">\n\t\t\t\t\t\t\t\t\t<p style=\"text-align: left;\">For Swasti Rao, the war in Ukraine came at a time when India was \"at the peak of its global intersectional moment\": presidency of the Shanghai Cooperation Organisation, the G20, a successful mission to the Moon, an unprecedented increase in its technological and defence links with the West, etc. \"But at the same time, India has continued its engagement with Russia, and will continue to do so\". The researcher asks herself: \"Are we experiencing this intersectional global moment because of our neutrality in the Russian-Ukrainian war, or in spite of that neutrality?\"<\/p><p style=\"text-align: left;\">\"Initially, the Indian position in this war was less well understood in the West\", she notes, \"but this understanding has changed\" in view of India's concern for strategic autonomy and its need to respond to the \"3 Fs\" crisis it is experiencing:\u00a0<em>fuel, food and fertilisers<\/em>\u00a0(fuel, food and fertiliser). It is this crisis that has led it to continue buying oil from Russia.<\/p><p style=\"text-align: left;\">India achieves its strategic autonomy through its \"multi-alignment\". \"It is now completely different from what it was during the Cold War: from being rather passive, it is now very active indeed. In her view, India is in the process of \"recalibrating\" its Russian strategy, since Russia \"is being pushed around by China\", with which India has a number of disputes, notably over borders. \"India will need a great deal of stability in the world order if it is to continue its economic success, and that is precisely why it is so closely aligned with the West when it comes to the Indo-Pacific.<\/p>\t\t\t\t\t\t\t\t<\/div>\n\t\t\t\t<\/div>\n\t\t\t\t\t<\/div>\n\t\t<\/div>\n\t\t\t\t\t<\/div>\n\t\t<\/section>\n\t\t\t\t<section data-particle_enable=\"false\" data-particle-mobile-disabled=\"false\" class=\"elementor-section elementor-top-section elementor-element elementor-element-e7895f4 elementor-section-boxed elementor-section-height-default elementor-section-height-default\" data-id=\"e7895f4\" data-element_type=\"section\" data-e-type=\"section\">\n\t\t\t\t\t\t<div class=\"elementor-container elementor-column-gap-default\">\n\t\t\t\t\t<div class=\"elementor-column elementor-col-100 elementor-top-column elementor-element elementor-element-8c0b275\" data-id=\"8c0b275\" data-element_type=\"column\" data-e-type=\"column\">\n\t\t\t<div class=\"elementor-widget-wrap elementor-element-populated\">\n\t\t\t\t\t\t<div class=\"elementor-element elementor-element-023feeb elementor-widget elementor-widget-heading\" data-id=\"023feeb\" data-element_type=\"widget\" data-e-type=\"widget\" data-widget_type=\"heading.default\">\n\t\t\t\t<div class=\"elementor-widget-container\">\n\t\t\t\t\t<h2 class=\"elementor-heading-title elementor-size-default\">does russia want to destroy the european security order?<\/h2>\t\t\t\t<\/div>\n\t\t\t\t<\/div>\n\t\t\t\t<div class=\"elementor-element elementor-element-68ca4c8 elementor-widget-divider--view-line elementor-widget elementor-widget-divider\" data-id=\"68ca4c8\" data-element_type=\"widget\" data-e-type=\"widget\" data-widget_type=\"divider.default\">\n\t\t\t\t<div class=\"elementor-widget-container\">\n\t\t\t\t\t\t\t<div class=\"elementor-divider\">\n\t\t\t<span class=\"elementor-divider-separator\">\n\t\t\t\t\t\t<\/span>\n\t\t<\/div>\n\t\t\t\t\t\t<\/div>\n\t\t\t\t<\/div>\n\t\t\t\t\t<\/div>\n\t\t<\/div>\n\t\t\t\t\t<\/div>\n\t\t<\/section>\n\t\t\t\t<section data-particle_enable=\"false\" data-particle-mobile-disabled=\"false\" class=\"elementor-section elementor-top-section elementor-element elementor-element-93d3a2b elementor-section-boxed elementor-section-height-default elementor-section-height-default\" data-id=\"93d3a2b\" data-element_type=\"section\" data-e-type=\"section\">\n\t\t\t\t\t\t<div class=\"elementor-container elementor-column-gap-default\">\n\t\t\t\t\t<div class=\"elementor-column elementor-col-100 elementor-top-column elementor-element elementor-element-275fcb0\" data-id=\"275fcb0\" data-element_type=\"column\" data-e-type=\"column\">\n\t\t\t<div class=\"elementor-widget-wrap elementor-element-populated\">\n\t\t\t\t\t\t<div class=\"elementor-element elementor-element-7dfb8e2 elementor-widget elementor-widget-text-editor\" data-id=\"7dfb8e2\" data-element_type=\"widget\" data-e-type=\"widget\" data-widget_type=\"text-editor.default\">\n\t\t\t\t<div class=\"elementor-widget-container\">\n\t\t\t\t\t\t\t\t\t<p style=\"text-align: left;\" align=\"left\">Velina Tchakarova analyses the \"Russian calculation\" both in the context of the bilateral Russia-China relationship and in that of Russia's multilateral relationship with the \"Global South\". \"What we need to understand is that this calculation is not only aimed at the primary objective of subjugating Ukraine, but also at two other equally important objectives.\"<\/p><p style=\"text-align: left;\" align=\"left\">One is \"the destruction of the European security order as we have known it for 30 years\". The other, and most important, objective is not without China: \"To gain pole position in the systemic competition that is emerging between China and the United States\". \"For me\", continues Velina Tchakarova, \"24 February 2022 also marked the start of the Cold War between the United States on the one hand and the bear-dragon on the other, in other words the China-Russia modus operandi that does not require entering into any kind of military or strategic alliance in the Western sense\".<\/p><p style=\"text-align: left;\" align=\"left\">\"Russia sees itself as a \"\u00a0<em>game changer<\/em>\u00a0\"Russia needs Russia for four reasons, according to the researcher. China needs Russia for four reasons, according to the researcher: as an outlet for its goods; for its technology as part of the fourth industrial revolution; for diplomacy, with the shared concern to impose new rules of the game; and, in practice, for the new alliances that these partners are forging.<\/p><p style=\"text-align: left;\" align=\"left\">As far as Africa is concerned, for Niagal\u00e9 Bagayoko, the war in Ukraine has made visible a phenomenon that has been developing for \"at least a decade, if not 20 years: the fact that most African countries have diversified their partnerships\". Why has this happened? The main reason is that \"friendly European countries, multilateral partners such as the European Union and the United Nations, but also African multilateral organisations, have completely failed to deal with the type of insecurity facing certain regions, particularly the Sahel\".\u00a0\u00a0<\/p>\t\t\t\t\t\t\t\t<\/div>\n\t\t\t\t<\/div>\n\t\t\t\t\t<\/div>\n\t\t<\/div>\n\t\t\t\t\t<\/div>\n\t\t<\/section>\n\t\t\t\t<section data-particle_enable=\"false\" data-particle-mobile-disabled=\"false\" class=\"elementor-section elementor-top-section elementor-element elementor-element-2458a58 elementor-section-boxed elementor-section-height-default elementor-section-height-default\" data-id=\"2458a58\" data-element_type=\"section\" data-e-type=\"section\">\n\t\t\t\t\t\t<div class=\"elementor-container elementor-column-gap-default\">\n\t\t\t\t\t<div class=\"elementor-column elementor-col-100 elementor-top-column elementor-element elementor-element-5ea45fe\" data-id=\"5ea45fe\" data-element_type=\"column\" data-e-type=\"column\">\n\t\t\t<div class=\"elementor-widget-wrap elementor-element-populated\">\n\t\t\t\t\t\t<div class=\"elementor-element elementor-element-dc84c17 elementor-widget elementor-widget-heading\" data-id=\"dc84c17\" data-element_type=\"widget\" data-e-type=\"widget\" data-widget_type=\"heading.default\">\n\t\t\t\t<div class=\"elementor-widget-container\">\n\t\t\t\t\t<h2 class=\"elementor-heading-title elementor-size-default\">The Cold War system totally challenged<\/h2>\t\t\t\t<\/div>\n\t\t\t\t<\/div>\n\t\t\t\t<div class=\"elementor-element elementor-element-349c72c elementor-widget-divider--view-line elementor-widget elementor-widget-divider\" data-id=\"349c72c\" data-element_type=\"widget\" data-e-type=\"widget\" data-widget_type=\"divider.default\">\n\t\t\t\t<div class=\"elementor-widget-container\">\n\t\t\t\t\t\t\t<div class=\"elementor-divider\">\n\t\t\t<span class=\"elementor-divider-separator\">\n\t\t\t\t\t\t<\/span>\n\t\t<\/div>\n\t\t\t\t\t\t<\/div>\n\t\t\t\t<\/div>\n\t\t\t\t\t<\/div>\n\t\t<\/div>\n\t\t\t\t\t<\/div>\n\t\t<\/section>\n\t\t\t\t<section data-particle_enable=\"false\" data-particle-mobile-disabled=\"false\" class=\"elementor-section elementor-top-section elementor-element elementor-element-953b10a elementor-section-boxed elementor-section-height-default elementor-section-height-default\" data-id=\"953b10a\" data-element_type=\"section\" data-e-type=\"section\">\n\t\t\t\t\t\t<div class=\"elementor-container elementor-column-gap-default\">\n\t\t\t\t\t<div class=\"elementor-column elementor-col-100 elementor-top-column elementor-element elementor-element-cb217b3\" data-id=\"cb217b3\" data-element_type=\"column\" data-e-type=\"column\">\n\t\t\t<div class=\"elementor-widget-wrap elementor-element-populated\">\n\t\t\t\t\t\t<div class=\"elementor-element elementor-element-767c0a5 elementor-widget elementor-widget-text-editor\" data-id=\"767c0a5\" data-element_type=\"widget\" data-e-type=\"widget\" data-widget_type=\"text-editor.default\">\n\t\t\t\t<div class=\"elementor-widget-container\">\n\t\t\t\t\t\t\t\t\t<p style=\"text-align: left;\">The Congo and Sudan show the same thing: \"The whole system defined at the end of the Cold War to prevent, manage and resolve conflicts has been totally challenged. It is in this context that we are witnessing the re-emergence of Russia, because it is a re-emergence\". As a result, when they had to take a stance on the war in Ukraine, \"most African states made it clear that they are ready to develop relations with powers that share their interests\". In Africa, too, the trend is towards \"multi-alignment\".<\/p><p style=\"text-align: left;\">Hennadiy Maksak is a researcher but, as debate moderator Yan St-Pierre pointed out, he is also very active in promoting Ukrainian foreign policy. \"Our diplomacy is now like playing chess on several boards at once\", he said.<\/p><p style=\"text-align: left;\">These chessboards are numerous, and the Ukrainian detailed them one by one. The first is at the level of international organisations: \"We are trying to forge coalitions within the United Nations General Assembly so that it adopts binding and non-binding resolutions, indicating where Russian aggression is taking place and what the consequences are\". These efforts are aimed not only at Ukraine's Western allies, but also at \"our partners in Asia, Africa and Latin America\".<\/p><p style=\"text-align: left;\">Another area is sanctions, \"since it is also important to deprive Russia of the resources that fuel its war of aggression\". \"The process is mixed\", admits Hennadiy Maksak, but in comparison with the 2014-2021 period, progress is significant: \"We now have 11 sanctions packages and we are in the process of negotiating a twelfth.\" The next point is that \"our diplomats are working to secure arms deliveries. Here too, developments are positive, with the 50+ coalition, which is much broader than the EU and the United States.<\/p>\t\t\t\t\t\t\t\t<\/div>\n\t\t\t\t<\/div>\n\t\t\t\t\t<\/div>\n\t\t<\/div>\n\t\t\t\t\t<\/div>\n\t\t<\/section>\n\t\t\t\t<section data-particle_enable=\"false\" data-particle-mobile-disabled=\"false\" class=\"elementor-section elementor-top-section elementor-element elementor-element-a974424 elementor-section-boxed elementor-section-height-default elementor-section-height-default\" data-id=\"a974424\" data-element_type=\"section\" data-e-type=\"section\">\n\t\t\t\t\t\t<div class=\"elementor-container elementor-column-gap-default\">\n\t\t\t\t\t<div class=\"elementor-column elementor-col-100 elementor-top-column elementor-element elementor-element-dabc293\" data-id=\"dabc293\" data-element_type=\"column\" data-e-type=\"column\">\n\t\t\t<div class=\"elementor-widget-wrap elementor-element-populated\">\n\t\t\t\t\t\t<div class=\"elementor-element elementor-element-24712ca elementor-widget elementor-widget-heading\" data-id=\"24712ca\" data-element_type=\"widget\" data-e-type=\"widget\" data-widget_type=\"heading.default\">\n\t\t\t\t<div class=\"elementor-widget-container\">\n\t\t\t\t\t<h2 class=\"elementor-heading-title elementor-size-default\">3 to 5 billion $ per month to keep the Ukrainian economy afloat<\/h2>\t\t\t\t<\/div>\n\t\t\t\t<\/div>\n\t\t\t\t<div class=\"elementor-element elementor-element-da75724 elementor-widget-divider--view-line elementor-widget elementor-widget-divider\" data-id=\"da75724\" data-element_type=\"widget\" data-e-type=\"widget\" data-widget_type=\"divider.default\">\n\t\t\t\t<div class=\"elementor-widget-container\">\n\t\t\t\t\t\t\t<div class=\"elementor-divider\">\n\t\t\t<span class=\"elementor-divider-separator\">\n\t\t\t\t\t\t<\/span>\n\t\t<\/div>\n\t\t\t\t\t\t<\/div>\n\t\t\t\t<\/div>\n\t\t\t\t\t<\/div>\n\t\t<\/div>\n\t\t\t\t\t<\/div>\n\t\t<\/section>\n\t\t\t\t<section data-particle_enable=\"false\" data-particle-mobile-disabled=\"false\" class=\"elementor-section elementor-top-section elementor-element elementor-element-34f2f17 elementor-section-boxed elementor-section-height-default elementor-section-height-default\" data-id=\"34f2f17\" data-element_type=\"section\" data-e-type=\"section\">\n\t\t\t\t\t\t<div class=\"elementor-container elementor-column-gap-default\">\n\t\t\t\t\t<div class=\"elementor-column elementor-col-100 elementor-top-column elementor-element elementor-element-7406df1\" data-id=\"7406df1\" data-element_type=\"column\" data-e-type=\"column\">\n\t\t\t<div class=\"elementor-widget-wrap elementor-element-populated\">\n\t\t\t\t\t\t<div class=\"elementor-element elementor-element-e5d0374 elementor-widget elementor-widget-text-editor\" data-id=\"e5d0374\" data-element_type=\"widget\" data-e-type=\"widget\" data-widget_type=\"text-editor.default\">\n\t\t\t\t<div class=\"elementor-widget-container\">\n\t\t\t\t\t\t\t\t\t<p style=\"text-align: left;\">The financial arena is also crucial: \"We are unable to keep our economy on track without the support of external partners\", the Ukrainian researcher frankly admits. \"The figure fluctuates, but we need between 3 and 5 billion dollars a month just to keep our social system afloat, because all the money we generate in Ukraine is spent on military objectives to defend ourselves.<\/p><p style=\"text-align: left;\">Among other issues, Hennadiy Maksak mentions the judicial dimension, with plans to set up a special tribunal to investigate Russian aggression and war crimes, and the reconstruction of the country, its schools and hospitals, which could be carried out using frozen Russian funds. He also stresses the importance of the security architecture, in particular \"Euro-Atlantic integration\".<\/p><p style=\"text-align: left;\">Ukraine also plays on the \"multi-alignment\" of its partners: \"When we talk to different partners, we can include them in different coalitions. For example, the \"Grain for Ukraine\" coalition has 38 partners; if it's the Ramstein Group (editor's note: for arms issues), it's the 50+; for work on peace, the last meeting, in Malta, brought together more than 80 countries\".<\/p><p style=\"text-align: left;\">Depending on what is needed, Ukraine therefore calls on different partners in different coalitions. \"This is the approach we have adopted for this second year of the war,\" sums up Hennadiy Maksak.<\/p>\t\t\t\t\t\t\t\t<\/div>\n\t\t\t\t<\/div>\n\t\t\t\t\t<\/div>\n\t\t<\/div>\n\t\t\t\t\t<\/div>\n\t\t<\/section>\n\t\t\t\t<section data-particle_enable=\"false\" data-particle-mobile-disabled=\"false\" class=\"elementor-section elementor-top-section elementor-element elementor-element-7f8509a elementor-section-boxed elementor-section-height-default elementor-section-height-default\" data-id=\"7f8509a\" data-element_type=\"section\" data-e-type=\"section\">\n\t\t\t\t\t\t<div class=\"elementor-container elementor-column-gap-default\">\n\t\t\t\t\t<div class=\"elementor-column elementor-col-100 elementor-top-column elementor-element elementor-element-d6a50b6\" data-id=\"d6a50b6\" data-element_type=\"column\" data-e-type=\"column\">\n\t\t\t<div class=\"elementor-widget-wrap elementor-element-populated\">\n\t\t\t\t\t\t<div class=\"elementor-element elementor-element-13118aa elementor-widget elementor-widget-text-editor\" data-id=\"13118aa\" data-element_type=\"widget\" data-e-type=\"widget\" data-widget_type=\"text-editor.default\">\n\t\t\t\t<div class=\"elementor-widget-container\">\n\t\t\t\t\t\t\t\t\t<p style=\"text-align: left;\"><strong>Find out more about the round table \"Diplomatic wars, or how to win new and preserve old allies\".\u00a0<\/strong><a href=\"https:\/\/www.youtube.com\/watch?v=tNrNFJlhYl8&amp;ab_channel=Acad%C3%A9mieded%C3%A9fensedel%27%C3%89colemilitaire\" target=\"_blank\" rel=\"noopener\"><strong>on the YouTube channel of the Defence Academy of the \u00c9cole Militaire<\/strong><\/a><\/p>\t\t\t\t\t\t\t\t<\/div>\n\t\t\t\t<\/div>\n\t\t\t\t\t<\/div>\n\t\t<\/div>\n\t\t\t\t\t<\/div>\n\t\t<\/section>\n\t\t\t\t<\/div>","protected":false},"excerpt":{"rendered":"<p>At a time when President Volodymyr Zelensky is travelling abroad to bolster international support for his country's war effort, a conference at the \u00c9cole Militaire looked at the delicate diplomatic ballet that Ukraine has been conducting since 2022, and the responses of various states.<\/p>","protected":false},"author":10,"featured_media":45314,"comment_status":"closed","ping_status":"closed","sticky":false,"template":"","format":"standard","meta":{"footnotes":""},"categories":[41,171,209],"tags":[218],"class_list":["post-44707","post","type-post","status-publish","format-standard","has-post-thumbnail","hentry","category-lundis-de-lihedn","category-notre-selection","category-securite-internationale","tag-guerreukraine"],"yoast_head":"<!-- This site is optimized with the Yoast SEO plugin v27.5 - https:\/\/yoast.com\/product\/yoast-seo-wordpress\/ -->\n<title>Les batailles diplomatiques de l\u2019Ukraine dans un monde \u00ab multi-align\u00e9 \u00bb - L&#039;IHEDN : Institut des hautes \u00e9tudes de d\u00e9fense nationale<\/title>\n<meta name=\"description\" content=\"Alors que le pr\u00e9sident Volodymyr Zelensky multiplie les d\u00e9placements \u00e0 l\u2019\u00e9tranger pour renforcer le soutien international \u00e0 l\u2019effort de guerre de son pays, un colloque \u00e0 l\u2019\u00c9cole Militaire s\u2019est pench\u00e9 sur le d\u00e9licat ballet diplomatique que m\u00e8ne l&#039;Ukraine depuis 2022, et sur les r\u00e9ponses de diff\u00e9rents \u00c9tats.\" \/>\n<meta name=\"robots\" content=\"index, follow, max-snippet:-1, max-image-preview:large, max-video-preview:-1\" \/>\n<link rel=\"canonical\" href=\"https:\/\/ihedn.fr\/en\/notre-selection\/les-batailles-diplomatiques-de-lukraine-dans-un-monde-multi-aligne\/\" \/>\n<meta property=\"og:locale\" content=\"en_GB\" \/>\n<meta property=\"og:type\" content=\"article\" \/>\n<meta property=\"og:title\" content=\"Les batailles diplomatiques de l\u2019Ukraine dans un monde \u00ab multi-align\u00e9 \u00bb\" \/>\n<meta property=\"og:description\" content=\"Alors que le pr\u00e9sident Volodymyr Zelensky multiplie les d\u00e9placements \u00e0 l\u2019\u00e9tranger pour renforcer le soutien international \u00e0 l\u2019effort de guerre de son pays, un colloque \u00e0 l\u2019\u00c9cole Militaire s\u2019est pench\u00e9 sur le d\u00e9licat ballet diplomatique que m\u00e8ne le pays depuis 2022, et sur les r\u00e9ponses de diff\u00e9rents \u00c9tats.\" \/>\n<meta property=\"og:url\" content=\"https:\/\/ihedn.fr\/en\/notre-selection\/les-batailles-diplomatiques-de-lukraine-dans-un-monde-multi-aligne\/\" \/>\n<meta property=\"og:site_name\" content=\"L&#039;IHEDN : Institut des hautes \u00e9tudes de d\u00e9fense nationale\" \/>\n<meta property=\"article:publisher\" content=\"https:\/\/www.facebook.com\/ihedn\/\" \/>\n<meta property=\"article:published_time\" content=\"2023-12-18T15:43:25+00:00\" \/>\n<meta property=\"article:modified_time\" content=\"2025-09-05T07:33:41+00:00\" \/>\n<meta property=\"og:image\" content=\"https:\/\/ihedn.fr\/wp-content\/uploads\/2023\/12\/LUNDIS_IH_1812-scaled-1.jpg\" \/>\n\t<meta property=\"og:image:width\" content=\"1920\" \/>\n\t<meta property=\"og:image:height\" content=\"1080\" \/>\n\t<meta property=\"og:image:type\" content=\"image\/jpeg\" \/>\n<meta name=\"author\" content=\"tanguy.morel@ihedn.fr\" \/>\n<meta name=\"twitter:card\" content=\"summary_large_image\" \/>\n<meta name=\"twitter:title\" content=\"Les batailles diplomatiques de l\u2019Ukraine dans un monde \u00ab multi-align\u00e9 \u00bb\" \/>\n<meta name=\"twitter:description\" content=\"Alors que le pr\u00e9sident Volodymyr Zelensky multiplie les d\u00e9placements \u00e0 l\u2019\u00e9tranger pour renforcer le soutien international \u00e0 l\u2019effort de guerre de son pays, un colloque \u00e0 l\u2019\u00c9cole Militaire s\u2019est pench\u00e9 sur le d\u00e9licat ballet diplomatique que m\u00e8ne le pays depuis 2022, et sur les r\u00e9ponses de diff\u00e9rents \u00c9tats.\" \/>\n<meta name=\"twitter:image\" content=\"https:\/\/ihedn.fr\/wp-content\/uploads\/2023\/12\/LUNDIS_IH_1812-scaled.jpg\" \/>\n<meta name=\"twitter:creator\" content=\"@IHEDN\" \/>\n<meta name=\"twitter:site\" content=\"@IHEDN\" \/>\n<meta name=\"twitter:label1\" content=\"Written by\" \/>\n\t<meta name=\"twitter:data1\" content=\"tanguy.morel@ihedn.fr\" \/>\n\t<meta name=\"twitter:label2\" content=\"Estimated reading time\" \/>\n\t<meta name=\"twitter:data2\" content=\"7 minutes\" \/>\n<script type=\"application\/ld+json\" class=\"yoast-schema-graph\">{\"@context\":\"https:\\\/\\\/schema.org\",\"@graph\":[{\"@type\":\"Article\",\"@id\":\"https:\\\/\\\/ihedn.fr\\\/notre-selection\\\/les-batailles-diplomatiques-de-lukraine-dans-un-monde-multi-aligne\\\/#article\",\"isPartOf\":{\"@id\":\"https:\\\/\\\/ihedn.fr\\\/notre-selection\\\/les-batailles-diplomatiques-de-lukraine-dans-un-monde-multi-aligne\\\/\"},\"author\":{\"name\":\"tanguy.morel@ihedn.fr\",\"@id\":\"https:\\\/\\\/ihedn.fr\\\/#\\\/schema\\\/person\\\/ed217a37104b27a246b200e65b827cc7\"},\"headline\":\"Les batailles diplomatiques de l\u2019Ukraine dans un monde \u00ab multi-align\u00e9 \u00bb\",\"datePublished\":\"2023-12-18T15:43:25+00:00\",\"dateModified\":\"2025-09-05T07:33:41+00:00\",\"mainEntityOfPage\":{\"@id\":\"https:\\\/\\\/ihedn.fr\\\/notre-selection\\\/les-batailles-diplomatiques-de-lukraine-dans-un-monde-multi-aligne\\\/\"},\"wordCount\":1472,\"publisher\":{\"@id\":\"https:\\\/\\\/ihedn.fr\\\/#organization\"},\"image\":{\"@id\":\"https:\\\/\\\/ihedn.fr\\\/notre-selection\\\/les-batailles-diplomatiques-de-lukraine-dans-un-monde-multi-aligne\\\/#primaryimage\"},\"thumbnailUrl\":\"https:\\\/\\\/ihedn.fr\\\/wp-content\\\/uploads\\\/2023\\\/12\\\/LUNDIS_IH_1812-scaled-1.jpg\",\"keywords\":[\"guerreUkraine\"],\"articleSection\":[\"Lundis de l'IHEDN\",\"Notre s\u00e9lection\",\"s\u00e9curit\u00e9 internationale\"],\"inLanguage\":\"en-GB\"},{\"@type\":\"WebPage\",\"@id\":\"https:\\\/\\\/ihedn.fr\\\/notre-selection\\\/les-batailles-diplomatiques-de-lukraine-dans-un-monde-multi-aligne\\\/\",\"url\":\"https:\\\/\\\/ihedn.fr\\\/notre-selection\\\/les-batailles-diplomatiques-de-lukraine-dans-un-monde-multi-aligne\\\/\",\"name\":\"Les batailles diplomatiques de l\u2019Ukraine dans un monde \u00ab multi-align\u00e9 \u00bb - L&#039;IHEDN : Institut des hautes \u00e9tudes de d\u00e9fense nationale\",\"isPartOf\":{\"@id\":\"https:\\\/\\\/ihedn.fr\\\/#website\"},\"primaryImageOfPage\":{\"@id\":\"https:\\\/\\\/ihedn.fr\\\/notre-selection\\\/les-batailles-diplomatiques-de-lukraine-dans-un-monde-multi-aligne\\\/#primaryimage\"},\"image\":{\"@id\":\"https:\\\/\\\/ihedn.fr\\\/notre-selection\\\/les-batailles-diplomatiques-de-lukraine-dans-un-monde-multi-aligne\\\/#primaryimage\"},\"thumbnailUrl\":\"https:\\\/\\\/ihedn.fr\\\/wp-content\\\/uploads\\\/2023\\\/12\\\/LUNDIS_IH_1812-scaled-1.jpg\",\"datePublished\":\"2023-12-18T15:43:25+00:00\",\"dateModified\":\"2025-09-05T07:33:41+00:00\",\"description\":\"Alors que le pr\u00e9sident Volodymyr Zelensky multiplie les d\u00e9placements \u00e0 l\u2019\u00e9tranger pour renforcer le soutien international \u00e0 l\u2019effort de guerre de son pays, un colloque \u00e0 l\u2019\u00c9cole Militaire s\u2019est pench\u00e9 sur le d\u00e9licat ballet diplomatique que m\u00e8ne l'Ukraine depuis 2022, et sur les r\u00e9ponses de diff\u00e9rents \u00c9tats.\",\"breadcrumb\":{\"@id\":\"https:\\\/\\\/ihedn.fr\\\/notre-selection\\\/les-batailles-diplomatiques-de-lukraine-dans-un-monde-multi-aligne\\\/#breadcrumb\"},\"inLanguage\":\"en-GB\",\"potentialAction\":[{\"@type\":\"ReadAction\",\"target\":[\"https:\\\/\\\/ihedn.fr\\\/notre-selection\\\/les-batailles-diplomatiques-de-lukraine-dans-un-monde-multi-aligne\\\/\"]}]},{\"@type\":\"ImageObject\",\"inLanguage\":\"en-GB\",\"@id\":\"https:\\\/\\\/ihedn.fr\\\/notre-selection\\\/les-batailles-diplomatiques-de-lukraine-dans-un-monde-multi-aligne\\\/#primaryimage\",\"url\":\"https:\\\/\\\/ihedn.fr\\\/wp-content\\\/uploads\\\/2023\\\/12\\\/LUNDIS_IH_1812-scaled-1.jpg\",\"contentUrl\":\"https:\\\/\\\/ihedn.fr\\\/wp-content\\\/uploads\\\/2023\\\/12\\\/LUNDIS_IH_1812-scaled-1.jpg\",\"width\":1920,\"height\":1080},{\"@type\":\"BreadcrumbList\",\"@id\":\"https:\\\/\\\/ihedn.fr\\\/notre-selection\\\/les-batailles-diplomatiques-de-lukraine-dans-un-monde-multi-aligne\\\/#breadcrumb\",\"itemListElement\":[{\"@type\":\"ListItem\",\"position\":1,\"name\":\"Accueil\",\"item\":\"https:\\\/\\\/ihedn.fr\\\/\"},{\"@type\":\"ListItem\",\"position\":2,\"name\":\"Les batailles diplomatiques de l\u2019Ukraine dans un monde \u00ab multi-align\u00e9 \u00bb\"}]},{\"@type\":\"WebSite\",\"@id\":\"https:\\\/\\\/ihedn.fr\\\/#website\",\"url\":\"https:\\\/\\\/ihedn.fr\\\/\",\"name\":\"IHEDN : Institut des hautes \u00e9tudes de d\u00e9fense nationale |\",\"description\":\"Site officiel de l&#039;IHEDN plac\u00e9 sous la tutelle du Premier ministre.\",\"publisher\":{\"@id\":\"https:\\\/\\\/ihedn.fr\\\/#organization\"},\"potentialAction\":[{\"@type\":\"SearchAction\",\"target\":{\"@type\":\"EntryPoint\",\"urlTemplate\":\"https:\\\/\\\/ihedn.fr\\\/?s={search_term_string}\"},\"query-input\":{\"@type\":\"PropertyValueSpecification\",\"valueRequired\":true,\"valueName\":\"search_term_string\"}}],\"inLanguage\":\"en-GB\"},{\"@type\":\"Organization\",\"@id\":\"https:\\\/\\\/ihedn.fr\\\/#organization\",\"name\":\"IHEDN - Institut des Hautes Etudes de D\u00e9fense Nationale\",\"url\":\"https:\\\/\\\/ihedn.fr\\\/\",\"logo\":{\"@type\":\"ImageObject\",\"inLanguage\":\"en-GB\",\"@id\":\"https:\\\/\\\/ihedn.fr\\\/#\\\/schema\\\/logo\\\/image\\\/\",\"url\":\"https:\\\/\\\/ihedn.fr\\\/wp-content\\\/uploads\\\/2020\\\/11\\\/BLOC_RF_IHEDN_WEB.png\",\"contentUrl\":\"https:\\\/\\\/ihedn.fr\\\/wp-content\\\/uploads\\\/2020\\\/11\\\/BLOC_RF_IHEDN_WEB.png\",\"width\":500,\"height\":237,\"caption\":\"IHEDN - Institut des Hautes Etudes de D\u00e9fense Nationale\"},\"image\":{\"@id\":\"https:\\\/\\\/ihedn.fr\\\/#\\\/schema\\\/logo\\\/image\\\/\"},\"sameAs\":[\"https:\\\/\\\/www.facebook.com\\\/ihedn\\\/\",\"https:\\\/\\\/x.com\\\/IHEDN\",\"https:\\\/\\\/www.instagram.com\\\/ihedn\\\/\",\"https:\\\/\\\/www.linkedin.com\\\/school\\\/ihedn\\\/\",\"https:\\\/\\\/fr.wikipedia.org\\\/wiki\\\/Institut_des_hautes_\u00e9tudes_de_D\u00e9fense_nationale\"]},{\"@type\":\"Person\",\"@id\":\"https:\\\/\\\/ihedn.fr\\\/#\\\/schema\\\/person\\\/ed217a37104b27a246b200e65b827cc7\",\"name\":\"tanguy.morel@ihedn.fr\",\"image\":{\"@type\":\"ImageObject\",\"inLanguage\":\"en-GB\",\"@id\":\"https:\\\/\\\/secure.gravatar.com\\\/avatar\\\/36877cd30919fafddf1f9da45f4154aa468a64328452f2ceaff0968772207348?s=96&d=mm&r=g\",\"url\":\"https:\\\/\\\/secure.gravatar.com\\\/avatar\\\/36877cd30919fafddf1f9da45f4154aa468a64328452f2ceaff0968772207348?s=96&d=mm&r=g\",\"contentUrl\":\"https:\\\/\\\/secure.gravatar.com\\\/avatar\\\/36877cd30919fafddf1f9da45f4154aa468a64328452f2ceaff0968772207348?s=96&d=mm&r=g\",\"caption\":\"tanguy.morel@ihedn.fr\"},\"url\":\"https:\\\/\\\/ihedn.fr\\\/en\\\/author\\\/tanguy-morelihedn-fr\\\/\"}]}<\/script>\n<!-- \/ Yoast SEO plugin. -->","yoast_head_json":{"title":"Ukraine's diplomatic battles in a \"multi-aligned\" world - L'IHEDN : Institut des hautes \u00e9tudes de d\u00e9fense nationale (Graduate Institute of National Defence)","description":"At a time when President Volodymyr Zelensky is travelling abroad to bolster international support for his country's war effort, a conference at the \u00c9cole Militaire looked at the delicate diplomatic ballet that Ukraine has been conducting since 2022, and the responses of various states.","robots":{"index":"index","follow":"follow","max-snippet":"max-snippet:-1","max-image-preview":"max-image-preview:large","max-video-preview":"max-video-preview:-1"},"canonical":"https:\/\/ihedn.fr\/en\/notre-selection\/les-batailles-diplomatiques-de-lukraine-dans-un-monde-multi-aligne\/","og_locale":"en_GB","og_type":"article","og_title":"Les batailles diplomatiques de l\u2019Ukraine dans un monde \u00ab multi-align\u00e9 \u00bb","og_description":"Alors que le pr\u00e9sident Volodymyr Zelensky multiplie les d\u00e9placements \u00e0 l\u2019\u00e9tranger pour renforcer le soutien international \u00e0 l\u2019effort de guerre de son pays, un colloque \u00e0 l\u2019\u00c9cole Militaire s\u2019est pench\u00e9 sur le d\u00e9licat ballet diplomatique que m\u00e8ne le pays depuis 2022, et sur les r\u00e9ponses de diff\u00e9rents \u00c9tats.","og_url":"https:\/\/ihedn.fr\/en\/notre-selection\/les-batailles-diplomatiques-de-lukraine-dans-un-monde-multi-aligne\/","og_site_name":"L&#039;IHEDN : Institut des hautes \u00e9tudes de d\u00e9fense nationale","article_publisher":"https:\/\/www.facebook.com\/ihedn\/","article_published_time":"2023-12-18T15:43:25+00:00","article_modified_time":"2025-09-05T07:33:41+00:00","og_image":[{"width":1920,"height":1080,"url":"https:\/\/ihedn.fr\/wp-content\/uploads\/2023\/12\/LUNDIS_IH_1812-scaled-1.jpg","type":"image\/jpeg"}],"author":"tanguy.morel@ihedn.fr","twitter_card":"summary_large_image","twitter_title":"Les batailles diplomatiques de l\u2019Ukraine dans un monde \u00ab multi-align\u00e9 \u00bb","twitter_description":"Alors que le pr\u00e9sident Volodymyr Zelensky multiplie les d\u00e9placements \u00e0 l\u2019\u00e9tranger pour renforcer le soutien international \u00e0 l\u2019effort de guerre de son pays, un colloque \u00e0 l\u2019\u00c9cole Militaire s\u2019est pench\u00e9 sur le d\u00e9licat ballet diplomatique que m\u00e8ne le pays depuis 2022, et sur les r\u00e9ponses de diff\u00e9rents \u00c9tats.","twitter_image":"https:\/\/ihedn.fr\/wp-content\/uploads\/2023\/12\/LUNDIS_IH_1812-scaled.jpg","twitter_creator":"@IHEDN","twitter_site":"@IHEDN","twitter_misc":{"Written by":"tanguy.morel@ihedn.fr","Estimated reading time":"7 minutes"},"schema":{"@context":"https:\/\/schema.org","@graph":[{"@type":"Article","@id":"https:\/\/ihedn.fr\/notre-selection\/les-batailles-diplomatiques-de-lukraine-dans-un-monde-multi-aligne\/#article","isPartOf":{"@id":"https:\/\/ihedn.fr\/notre-selection\/les-batailles-diplomatiques-de-lukraine-dans-un-monde-multi-aligne\/"},"author":{"name":"tanguy.morel@ihedn.fr","@id":"https:\/\/ihedn.fr\/#\/schema\/person\/ed217a37104b27a246b200e65b827cc7"},"headline":"Les batailles diplomatiques de l\u2019Ukraine dans un monde \u00ab multi-align\u00e9 \u00bb","datePublished":"2023-12-18T15:43:25+00:00","dateModified":"2025-09-05T07:33:41+00:00","mainEntityOfPage":{"@id":"https:\/\/ihedn.fr\/notre-selection\/les-batailles-diplomatiques-de-lukraine-dans-un-monde-multi-aligne\/"},"wordCount":1472,"publisher":{"@id":"https:\/\/ihedn.fr\/#organization"},"image":{"@id":"https:\/\/ihedn.fr\/notre-selection\/les-batailles-diplomatiques-de-lukraine-dans-un-monde-multi-aligne\/#primaryimage"},"thumbnailUrl":"https:\/\/ihedn.fr\/wp-content\/uploads\/2023\/12\/LUNDIS_IH_1812-scaled-1.jpg","keywords":["guerreUkraine"],"articleSection":["Lundis de l'IHEDN","Notre s\u00e9lection","s\u00e9curit\u00e9 internationale"],"inLanguage":"en-GB"},{"@type":"WebPage","@id":"https:\/\/ihedn.fr\/notre-selection\/les-batailles-diplomatiques-de-lukraine-dans-un-monde-multi-aligne\/","url":"https:\/\/ihedn.fr\/notre-selection\/les-batailles-diplomatiques-de-lukraine-dans-un-monde-multi-aligne\/","name":"Ukraine's diplomatic battles in a \"multi-aligned\" world - L'IHEDN : Institut des hautes \u00e9tudes de d\u00e9fense nationale (Graduate Institute of National Defence)","isPartOf":{"@id":"https:\/\/ihedn.fr\/#website"},"primaryImageOfPage":{"@id":"https:\/\/ihedn.fr\/notre-selection\/les-batailles-diplomatiques-de-lukraine-dans-un-monde-multi-aligne\/#primaryimage"},"image":{"@id":"https:\/\/ihedn.fr\/notre-selection\/les-batailles-diplomatiques-de-lukraine-dans-un-monde-multi-aligne\/#primaryimage"},"thumbnailUrl":"https:\/\/ihedn.fr\/wp-content\/uploads\/2023\/12\/LUNDIS_IH_1812-scaled-1.jpg","datePublished":"2023-12-18T15:43:25+00:00","dateModified":"2025-09-05T07:33:41+00:00","description":"At a time when President Volodymyr Zelensky is travelling abroad to bolster international support for his country's war effort, a conference at the \u00c9cole Militaire looked at the delicate diplomatic ballet that Ukraine has been conducting since 2022, and the responses of various states.","breadcrumb":{"@id":"https:\/\/ihedn.fr\/notre-selection\/les-batailles-diplomatiques-de-lukraine-dans-un-monde-multi-aligne\/#breadcrumb"},"inLanguage":"en-GB","potentialAction":[{"@type":"ReadAction","target":["https:\/\/ihedn.fr\/notre-selection\/les-batailles-diplomatiques-de-lukraine-dans-un-monde-multi-aligne\/"]}]},{"@type":"ImageObject","inLanguage":"en-GB","@id":"https:\/\/ihedn.fr\/notre-selection\/les-batailles-diplomatiques-de-lukraine-dans-un-monde-multi-aligne\/#primaryimage","url":"https:\/\/ihedn.fr\/wp-content\/uploads\/2023\/12\/LUNDIS_IH_1812-scaled-1.jpg","contentUrl":"https:\/\/ihedn.fr\/wp-content\/uploads\/2023\/12\/LUNDIS_IH_1812-scaled-1.jpg","width":1920,"height":1080},{"@type":"BreadcrumbList","@id":"https:\/\/ihedn.fr\/notre-selection\/les-batailles-diplomatiques-de-lukraine-dans-un-monde-multi-aligne\/#breadcrumb","itemListElement":[{"@type":"ListItem","position":1,"name":"Accueil","item":"https:\/\/ihedn.fr\/"},{"@type":"ListItem","position":2,"name":"Les batailles diplomatiques de l\u2019Ukraine dans un monde \u00ab multi-align\u00e9 \u00bb"}]},{"@type":"WebSite","@id":"https:\/\/ihedn.fr\/#website","url":"https:\/\/ihedn.fr\/","name":"IHEDN: Institut des hautes \u00e9tudes de d\u00e9fense nationale (Institute for Higher National Defence Studies)","description":"Official website of the IHEDN under the supervision of the Prime Minister.","publisher":{"@id":"https:\/\/ihedn.fr\/#organization"},"potentialAction":[{"@type":"SearchAction","target":{"@type":"EntryPoint","urlTemplate":"https:\/\/ihedn.fr\/?s={search_term_string}"},"query-input":{"@type":"PropertyValueSpecification","valueRequired":true,"valueName":"search_term_string"}}],"inLanguage":"en-GB"},{"@type":"Organization","@id":"https:\/\/ihedn.fr\/#organization","name":"IHEDN - Institute for Higher National Defence Studies","url":"https:\/\/ihedn.fr\/","logo":{"@type":"ImageObject","inLanguage":"en-GB","@id":"https:\/\/ihedn.fr\/#\/schema\/logo\/image\/","url":"https:\/\/ihedn.fr\/wp-content\/uploads\/2020\/11\/BLOC_RF_IHEDN_WEB.png","contentUrl":"https:\/\/ihedn.fr\/wp-content\/uploads\/2020\/11\/BLOC_RF_IHEDN_WEB.png","width":500,"height":237,"caption":"IHEDN - Institut des Hautes Etudes de D\u00e9fense Nationale"},"image":{"@id":"https:\/\/ihedn.fr\/#\/schema\/logo\/image\/"},"sameAs":["https:\/\/www.facebook.com\/ihedn\/","https:\/\/x.com\/IHEDN","https:\/\/www.instagram.com\/ihedn\/","https:\/\/www.linkedin.com\/school\/ihedn\/","https:\/\/fr.wikipedia.org\/wiki\/Institut_des_hautes_\u00e9tudes_de_D\u00e9fense_nationale"]},{"@type":"Person","@id":"https:\/\/ihedn.fr\/#\/schema\/person\/ed217a37104b27a246b200e65b827cc7","name":"tanguy.morel@ihedn.fr","image":{"@type":"ImageObject","inLanguage":"en-GB","@id":"https:\/\/secure.gravatar.com\/avatar\/36877cd30919fafddf1f9da45f4154aa468a64328452f2ceaff0968772207348?s=96&d=mm&r=g","url":"https:\/\/secure.gravatar.com\/avatar\/36877cd30919fafddf1f9da45f4154aa468a64328452f2ceaff0968772207348?s=96&d=mm&r=g","contentUrl":"https:\/\/secure.gravatar.com\/avatar\/36877cd30919fafddf1f9da45f4154aa468a64328452f2ceaff0968772207348?s=96&d=mm&r=g","caption":"tanguy.morel@ihedn.fr"},"url":"https:\/\/ihedn.fr\/en\/author\/tanguy-morelihedn-fr\/"}]}},"publishpress_future_action":{"enabled":false,"date":"2026-05-07 01:39:15","action":"change-status","newStatus":"draft","terms":[],"taxonomy":"category","extraData":[]},"publishpress_future_workflow_manual_trigger":{"enabledWorkflows":[]},"_links":{"self":[{"href":"https:\/\/ihedn.fr\/en\/wp-json\/wp\/v2\/posts\/44707","targetHints":{"allow":["GET"]}}],"collection":[{"href":"https:\/\/ihedn.fr\/en\/wp-json\/wp\/v2\/posts"}],"about":[{"href":"https:\/\/ihedn.fr\/en\/wp-json\/wp\/v2\/types\/post"}],"author":[{"embeddable":true,"href":"https:\/\/ihedn.fr\/en\/wp-json\/wp\/v2\/users\/10"}],"replies":[{"embeddable":true,"href":"https:\/\/ihedn.fr\/en\/wp-json\/wp\/v2\/comments?post=44707"}],"version-history":[{"count":30,"href":"https:\/\/ihedn.fr\/en\/wp-json\/wp\/v2\/posts\/44707\/revisions"}],"predecessor-version":[{"id":55478,"href":"https:\/\/ihedn.fr\/en\/wp-json\/wp\/v2\/posts\/44707\/revisions\/55478"}],"wp:featuredmedia":[{"embeddable":true,"href":"https:\/\/ihedn.fr\/en\/wp-json\/wp\/v2\/media\/45314"}],"wp:attachment":[{"href":"https:\/\/ihedn.fr\/en\/wp-json\/wp\/v2\/media?parent=44707"}],"wp:term":[{"taxonomy":"category","embeddable":true,"href":"https:\/\/ihedn.fr\/en\/wp-json\/wp\/v2\/categories?post=44707"},{"taxonomy":"post_tag","embeddable":true,"href":"https:\/\/ihedn.fr\/en\/wp-json\/wp\/v2\/tags?post=44707"}],"curies":[{"name":"wp","href":"https:\/\/api.w.org\/{rel}","templated":true}]}}