{"id":44721,"date":"2023-12-19T11:05:22","date_gmt":"2023-12-19T10:05:22","guid":{"rendered":"https:\/\/ihedn.fr\/?p=44721"},"modified":"2023-12-19T11:06:52","modified_gmt":"2023-12-19T10:06:52","slug":"lintelligence-economique-outil-de-reconquete-de-la-souverainete-francaise","status":"publish","type":"post","link":"https:\/\/ihedn.fr\/en\/notre-actualite\/lintelligence-economique-outil-de-reconquete-de-la-souverainete-francaise\/","title":{"rendered":"Economic intelligence, a tool for regaining French sovereignty?"},"content":{"rendered":"<div data-elementor-type=\"wp-post\" data-elementor-id=\"44721\" class=\"elementor elementor-44721\" data-elementor-post-type=\"post\">\n\t\t\t\t\t\t<section data-particle_enable=\"false\" data-particle-mobile-disabled=\"false\" class=\"elementor-section elementor-top-section elementor-element elementor-element-20d1edd elementor-section-boxed elementor-section-height-default elementor-section-height-default\" data-id=\"20d1edd\" data-element_type=\"section\" data-e-type=\"section\">\n\t\t\t\t\t\t<div class=\"elementor-container elementor-column-gap-default\">\n\t\t\t\t\t<div class=\"elementor-column elementor-col-100 elementor-top-column elementor-element elementor-element-230a769\" data-id=\"230a769\" data-element_type=\"column\" data-e-type=\"column\">\n\t\t\t<div class=\"elementor-widget-wrap elementor-element-populated\">\n\t\t\t\t\t\t<div class=\"elementor-element elementor-element-b2a5247 elementor-widget elementor-widget-text-editor\" data-id=\"b2a5247\" data-element_type=\"widget\" data-e-type=\"widget\" data-widget_type=\"text-editor.default\">\n\t\t\t\t<div class=\"elementor-widget-container\">\n\t\t\t\t\t\t\t\t\t<p><span style=\"color: #252525;\">Executive of the Directorate General of Armaments<\/span> (DGA)<span style=\"color: #252525;\">A number of leading figures in the field were present to discuss the development of a genuine business intelligence approach in France. In companies and institutions alike, this approach is essential if we are to regain sovereignty in the economic sphere.<\/span><\/p>\n<p><span style=\"color: #252525;\">On the agenda: sharing and cultivating strategic information, <\/span>and <span style=\"color: #252525;\">the role of <\/span>DGA<span style=\"color: #252525;\"> in supporting strategic companies and Base companies <\/span>i<span style=\"color: #252525;\">ndustrial and <\/span>t<span style=\"color: #252525;\">echnology of <\/span>d<span style=\"color: #252525;\">s defence.<\/span><\/p>\n<p><span style=\"color: #252525;\">Following this event, the Institut des <\/span>h<span style=\"color: #252525;\">other <\/span>\u00e9<span style=\"color: #252525;\">studies of <\/span>d<span style=\"color: #252525;\">s defence <\/span>n<span style=\"color: #252525;\">ationale has signed a partnership agreement with the Syndicat <\/span>f<span style=\"color: #252525;\">ran\u00e7ais de l'<\/span>i<span style=\"color: #252525;\">ntelligence <\/span><span style=\"color: #252525;\">economic.<\/span><\/p>\t\t\t\t\t\t\t\t<\/div>\n\t\t\t\t<\/div>\n\t\t\t\t\t<\/div>\n\t\t<\/div>\n\t\t\t\t\t<\/div>\n\t\t<\/section>\n\t\t\t\t<\/div>","protected":false},"excerpt":{"rendered":"<p>A round table organised by the Syndicat fran\u00e7ais de l'intelligence \u00e9conomique in partnership with the Institut des hautes \u00e9tudes de d\u00e9fense nationale was held at the \u00c9cole militaire on 13 December.<\/p>","protected":false},"author":10,"featured_media":44723,"comment_status":"closed","ping_status":"closed","sticky":false,"template":"","format":"standard","meta":{"footnotes":""},"categories":[172],"tags":[],"class_list":["post-44721","post","type-post","status-publish","format-standard","has-post-thumbnail","hentry","category-notre-actualite"],"yoast_head":"<!-- This site is optimized with the Yoast SEO plugin v27.5 - https:\/\/yoast.com\/product\/yoast-seo-wordpress\/ -->\n<title>L&#039;intelligence \u00e9conomique, outil de reconqu\u00eate de la souverainet\u00e9 fran\u00e7aise ? - L&#039;IHEDN : Institut des hautes \u00e9tudes de d\u00e9fense nationale<\/title>\n<meta name=\"description\" content=\"Le 13 d\u00e9cembre s&#039;est tenue \u00e0 l&#039;\u00c9cole militaire une table ronde organis\u00e9e par le Syndicat fran\u00e7ais de l\u2019intelligence \u00e9conomique en partenariat avec l&#039;Institut des hautes \u00e9tudes de d\u00e9fense nationale.\" \/>\n<meta name=\"robots\" content=\"index, follow, max-snippet:-1, max-image-preview:large, max-video-preview:-1\" \/>\n<link rel=\"canonical\" href=\"https:\/\/ihedn.fr\/en\/notre-actualite\/lintelligence-economique-outil-de-reconquete-de-la-souverainete-francaise\/\" \/>\n<meta property=\"og:locale\" content=\"en_GB\" \/>\n<meta property=\"og:type\" content=\"article\" \/>\n<meta property=\"og:title\" content=\"L&#039;intelligence \u00e9conomique, outil de reconqu\u00eate de la souverainet\u00e9 fran\u00e7aise ?\" \/>\n<meta property=\"og:description\" content=\"Le 13 d\u00e9cembre s&#039;est tenue \u00e0 l&#039;\u00c9cole militaire une table ronde organis\u00e9e par le Syndicat fran\u00e7ais de l\u2019intelligence \u00e9conomique en partenariat avec l&#039;Institut des hautes \u00e9tudes de d\u00e9fense nationale.\" \/>\n<meta property=\"og:url\" content=\"https:\/\/ihedn.fr\/en\/notre-actualite\/lintelligence-economique-outil-de-reconquete-de-la-souverainete-francaise\/\" \/>\n<meta property=\"og:site_name\" content=\"L&#039;IHEDN : Institut des hautes \u00e9tudes de d\u00e9fense nationale\" \/>\n<meta property=\"article:publisher\" content=\"https:\/\/www.facebook.com\/ihedn\/\" \/>\n<meta property=\"article:published_time\" content=\"2023-12-19T10:05:22+00:00\" \/>\n<meta property=\"article:modified_time\" content=\"2023-12-19T10:06:52+00:00\" \/>\n<meta property=\"og:image\" content=\"https:\/\/ihedn.fr\/wp-content\/uploads\/2023\/12\/466A20E6.jpg\" \/>\n\t<meta property=\"og:image:width\" content=\"1600\" \/>\n\t<meta property=\"og:image:height\" content=\"1200\" \/>\n\t<meta property=\"og:image:type\" content=\"image\/jpeg\" \/>\n<meta name=\"author\" content=\"tanguy.morel@ihedn.fr\" \/>\n<meta name=\"twitter:card\" content=\"summary_large_image\" \/>\n<meta name=\"twitter:title\" content=\"L&#039;intelligence \u00e9conomique, outil de reconqu\u00eate de la souverainet\u00e9 fran\u00e7aise ?\" \/>\n<meta name=\"twitter:description\" content=\"Le 13 d\u00e9cembre s&#039;est tenue \u00e0 l&#039;\u00c9cole militaire une table ronde organis\u00e9e par le Syndicat fran\u00e7ais de l\u2019intelligence \u00e9conomique en partenariat avec l&#039;Institut des hautes \u00e9tudes de d\u00e9fense nationale.\" \/>\n<meta name=\"twitter:image\" content=\"https:\/\/ihedn.fr\/wp-content\/uploads\/2023\/12\/466A20E6.jpg\" \/>\n<meta name=\"twitter:creator\" content=\"@IHEDN\" \/>\n<meta name=\"twitter:site\" content=\"@IHEDN\" \/>\n<meta name=\"twitter:label1\" content=\"Written by\" \/>\n\t<meta name=\"twitter:data1\" content=\"tanguy.morel@ihedn.fr\" \/>\n\t<meta name=\"twitter:label2\" content=\"Estimated reading time\" \/>\n\t<meta name=\"twitter:data2\" content=\"1 minute\" \/>\n<script type=\"application\/ld+json\" class=\"yoast-schema-graph\">{\"@context\":\"https:\\\/\\\/schema.org\",\"@graph\":[{\"@type\":\"Article\",\"@id\":\"https:\\\/\\\/ihedn.fr\\\/en\\\/notre-actualite\\\/lintelligence-economique-outil-de-reconquete-de-la-souverainete-francaise\\\/#article\",\"isPartOf\":{\"@id\":\"https:\\\/\\\/ihedn.fr\\\/en\\\/notre-actualite\\\/lintelligence-economique-outil-de-reconquete-de-la-souverainete-francaise\\\/\"},\"author\":{\"name\":\"tanguy.morel@ihedn.fr\",\"@id\":\"https:\\\/\\\/ihedn.fr\\\/#\\\/schema\\\/person\\\/ed217a37104b27a246b200e65b827cc7\"},\"headline\":\"L&rsquo;intelligence \u00e9conomique, outil de reconqu\u00eate de la souverainet\u00e9 fran\u00e7aise ?\",\"datePublished\":\"2023-12-19T10:05:22+00:00\",\"dateModified\":\"2023-12-19T10:06:52+00:00\",\"mainEntityOfPage\":{\"@id\":\"https:\\\/\\\/ihedn.fr\\\/en\\\/notre-actualite\\\/lintelligence-economique-outil-de-reconquete-de-la-souverainete-francaise\\\/\"},\"wordCount\":153,\"publisher\":{\"@id\":\"https:\\\/\\\/ihedn.fr\\\/#organization\"},\"image\":{\"@id\":\"https:\\\/\\\/ihedn.fr\\\/en\\\/notre-actualite\\\/lintelligence-economique-outil-de-reconquete-de-la-souverainete-francaise\\\/#primaryimage\"},\"thumbnailUrl\":\"https:\\\/\\\/ihedn.fr\\\/wp-content\\\/uploads\\\/2023\\\/12\\\/466A20E6.jpg\",\"articleSection\":[\"Notre actualit\u00e9\"],\"inLanguage\":\"en-GB\"},{\"@type\":\"WebPage\",\"@id\":\"https:\\\/\\\/ihedn.fr\\\/en\\\/notre-actualite\\\/lintelligence-economique-outil-de-reconquete-de-la-souverainete-francaise\\\/\",\"url\":\"https:\\\/\\\/ihedn.fr\\\/en\\\/notre-actualite\\\/lintelligence-economique-outil-de-reconquete-de-la-souverainete-francaise\\\/\",\"name\":\"L'intelligence \u00e9conomique, outil de reconqu\u00eate de la souverainet\u00e9 fran\u00e7aise ? - L&#039;IHEDN : Institut des hautes \u00e9tudes de d\u00e9fense nationale\",\"isPartOf\":{\"@id\":\"https:\\\/\\\/ihedn.fr\\\/#website\"},\"primaryImageOfPage\":{\"@id\":\"https:\\\/\\\/ihedn.fr\\\/en\\\/notre-actualite\\\/lintelligence-economique-outil-de-reconquete-de-la-souverainete-francaise\\\/#primaryimage\"},\"image\":{\"@id\":\"https:\\\/\\\/ihedn.fr\\\/en\\\/notre-actualite\\\/lintelligence-economique-outil-de-reconquete-de-la-souverainete-francaise\\\/#primaryimage\"},\"thumbnailUrl\":\"https:\\\/\\\/ihedn.fr\\\/wp-content\\\/uploads\\\/2023\\\/12\\\/466A20E6.jpg\",\"datePublished\":\"2023-12-19T10:05:22+00:00\",\"dateModified\":\"2023-12-19T10:06:52+00:00\",\"description\":\"Le 13 d\u00e9cembre s'est tenue \u00e0 l'\u00c9cole militaire une table ronde organis\u00e9e par le Syndicat fran\u00e7ais de l\u2019intelligence \u00e9conomique en partenariat avec l'Institut des hautes \u00e9tudes de d\u00e9fense nationale.\",\"breadcrumb\":{\"@id\":\"https:\\\/\\\/ihedn.fr\\\/en\\\/notre-actualite\\\/lintelligence-economique-outil-de-reconquete-de-la-souverainete-francaise\\\/#breadcrumb\"},\"inLanguage\":\"en-GB\",\"potentialAction\":[{\"@type\":\"ReadAction\",\"target\":[\"https:\\\/\\\/ihedn.fr\\\/en\\\/notre-actualite\\\/lintelligence-economique-outil-de-reconquete-de-la-souverainete-francaise\\\/\"]}]},{\"@type\":\"ImageObject\",\"inLanguage\":\"en-GB\",\"@id\":\"https:\\\/\\\/ihedn.fr\\\/en\\\/notre-actualite\\\/lintelligence-economique-outil-de-reconquete-de-la-souverainete-francaise\\\/#primaryimage\",\"url\":\"https:\\\/\\\/ihedn.fr\\\/wp-content\\\/uploads\\\/2023\\\/12\\\/466A20E6.jpg\",\"contentUrl\":\"https:\\\/\\\/ihedn.fr\\\/wp-content\\\/uploads\\\/2023\\\/12\\\/466A20E6.jpg\",\"width\":1600,\"height\":1200,\"caption\":\"Table ronde organis\u00e9e par le Syndicat fran\u00e7ais de l'intelligence \u00e9conomique\"},{\"@type\":\"BreadcrumbList\",\"@id\":\"https:\\\/\\\/ihedn.fr\\\/en\\\/notre-actualite\\\/lintelligence-economique-outil-de-reconquete-de-la-souverainete-francaise\\\/#breadcrumb\",\"itemListElement\":[{\"@type\":\"ListItem\",\"position\":1,\"name\":\"Accueil\",\"item\":\"https:\\\/\\\/ihedn.fr\\\/\"},{\"@type\":\"ListItem\",\"position\":2,\"name\":\"L&rsquo;intelligence \u00e9conomique, outil de reconqu\u00eate de la souverainet\u00e9 fran\u00e7aise ?\"}]},{\"@type\":\"WebSite\",\"@id\":\"https:\\\/\\\/ihedn.fr\\\/#website\",\"url\":\"https:\\\/\\\/ihedn.fr\\\/\",\"name\":\"IHEDN : Institut des hautes \u00e9tudes de d\u00e9fense nationale |\",\"description\":\"Site officiel de l&#039;IHEDN plac\u00e9 sous la tutelle du Premier ministre.\",\"publisher\":{\"@id\":\"https:\\\/\\\/ihedn.fr\\\/#organization\"},\"potentialAction\":[{\"@type\":\"SearchAction\",\"target\":{\"@type\":\"EntryPoint\",\"urlTemplate\":\"https:\\\/\\\/ihedn.fr\\\/?s={search_term_string}\"},\"query-input\":{\"@type\":\"PropertyValueSpecification\",\"valueRequired\":true,\"valueName\":\"search_term_string\"}}],\"inLanguage\":\"en-GB\"},{\"@type\":\"Organization\",\"@id\":\"https:\\\/\\\/ihedn.fr\\\/#organization\",\"name\":\"IHEDN - Institut des Hautes Etudes de D\u00e9fense Nationale\",\"url\":\"https:\\\/\\\/ihedn.fr\\\/\",\"logo\":{\"@type\":\"ImageObject\",\"inLanguage\":\"en-GB\",\"@id\":\"https:\\\/\\\/ihedn.fr\\\/#\\\/schema\\\/logo\\\/image\\\/\",\"url\":\"https:\\\/\\\/ihedn.fr\\\/wp-content\\\/uploads\\\/2020\\\/11\\\/BLOC_RF_IHEDN_WEB.png\",\"contentUrl\":\"https:\\\/\\\/ihedn.fr\\\/wp-content\\\/uploads\\\/2020\\\/11\\\/BLOC_RF_IHEDN_WEB.png\",\"width\":500,\"height\":237,\"caption\":\"IHEDN - Institut des Hautes Etudes de D\u00e9fense Nationale\"},\"image\":{\"@id\":\"https:\\\/\\\/ihedn.fr\\\/#\\\/schema\\\/logo\\\/image\\\/\"},\"sameAs\":[\"https:\\\/\\\/www.facebook.com\\\/ihedn\\\/\",\"https:\\\/\\\/x.com\\\/IHEDN\",\"https:\\\/\\\/www.instagram.com\\\/ihedn\\\/\",\"https:\\\/\\\/www.linkedin.com\\\/school\\\/ihedn\\\/\",\"https:\\\/\\\/fr.wikipedia.org\\\/wiki\\\/Institut_des_hautes_\u00e9tudes_de_D\u00e9fense_nationale\"]},{\"@type\":\"Person\",\"@id\":\"https:\\\/\\\/ihedn.fr\\\/#\\\/schema\\\/person\\\/ed217a37104b27a246b200e65b827cc7\",\"name\":\"tanguy.morel@ihedn.fr\",\"image\":{\"@type\":\"ImageObject\",\"inLanguage\":\"en-GB\",\"@id\":\"https:\\\/\\\/secure.gravatar.com\\\/avatar\\\/36877cd30919fafddf1f9da45f4154aa468a64328452f2ceaff0968772207348?s=96&d=mm&r=g\",\"url\":\"https:\\\/\\\/secure.gravatar.com\\\/avatar\\\/36877cd30919fafddf1f9da45f4154aa468a64328452f2ceaff0968772207348?s=96&d=mm&r=g\",\"contentUrl\":\"https:\\\/\\\/secure.gravatar.com\\\/avatar\\\/36877cd30919fafddf1f9da45f4154aa468a64328452f2ceaff0968772207348?s=96&d=mm&r=g\",\"caption\":\"tanguy.morel@ihedn.fr\"},\"url\":\"https:\\\/\\\/ihedn.fr\\\/en\\\/author\\\/tanguy-morelihedn-fr\\\/\"}]}<\/script>\n<!-- \/ Yoast SEO plugin. -->","yoast_head_json":{"title":"Economic intelligence, a tool for regaining French sovereignty? - IHEDN: Institute for Advanced National Defence Studies","description":"A round table organised by the Syndicat fran\u00e7ais de l'intelligence \u00e9conomique in partnership with the Institut des hautes \u00e9tudes de d\u00e9fense nationale was held at the \u00c9cole militaire on 13 December.","robots":{"index":"index","follow":"follow","max-snippet":"max-snippet:-1","max-image-preview":"max-image-preview:large","max-video-preview":"max-video-preview:-1"},"canonical":"https:\/\/ihedn.fr\/en\/notre-actualite\/lintelligence-economique-outil-de-reconquete-de-la-souverainete-francaise\/","og_locale":"en_GB","og_type":"article","og_title":"L'intelligence \u00e9conomique, outil de reconqu\u00eate de la souverainet\u00e9 fran\u00e7aise ?","og_description":"Le 13 d\u00e9cembre s'est tenue \u00e0 l'\u00c9cole militaire une table ronde organis\u00e9e par le Syndicat fran\u00e7ais de l\u2019intelligence \u00e9conomique en partenariat avec l'Institut des hautes \u00e9tudes de d\u00e9fense nationale.","og_url":"https:\/\/ihedn.fr\/en\/notre-actualite\/lintelligence-economique-outil-de-reconquete-de-la-souverainete-francaise\/","og_site_name":"L&#039;IHEDN : Institut des hautes \u00e9tudes de d\u00e9fense nationale","article_publisher":"https:\/\/www.facebook.com\/ihedn\/","article_published_time":"2023-12-19T10:05:22+00:00","article_modified_time":"2023-12-19T10:06:52+00:00","og_image":[{"width":1600,"height":1200,"url":"https:\/\/ihedn.fr\/wp-content\/uploads\/2023\/12\/466A20E6.jpg","type":"image\/jpeg"}],"author":"tanguy.morel@ihedn.fr","twitter_card":"summary_large_image","twitter_title":"L'intelligence \u00e9conomique, outil de reconqu\u00eate de la souverainet\u00e9 fran\u00e7aise ?","twitter_description":"Le 13 d\u00e9cembre s'est tenue \u00e0 l'\u00c9cole militaire une table ronde organis\u00e9e par le Syndicat fran\u00e7ais de l\u2019intelligence \u00e9conomique en partenariat avec l'Institut des hautes \u00e9tudes de d\u00e9fense nationale.","twitter_image":"https:\/\/ihedn.fr\/wp-content\/uploads\/2023\/12\/466A20E6.jpg","twitter_creator":"@IHEDN","twitter_site":"@IHEDN","twitter_misc":{"Written by":"tanguy.morel@ihedn.fr","Estimated reading time":"1 minute"},"schema":{"@context":"https:\/\/schema.org","@graph":[{"@type":"Article","@id":"https:\/\/ihedn.fr\/en\/notre-actualite\/lintelligence-economique-outil-de-reconquete-de-la-souverainete-francaise\/#article","isPartOf":{"@id":"https:\/\/ihedn.fr\/en\/notre-actualite\/lintelligence-economique-outil-de-reconquete-de-la-souverainete-francaise\/"},"author":{"name":"tanguy.morel@ihedn.fr","@id":"https:\/\/ihedn.fr\/#\/schema\/person\/ed217a37104b27a246b200e65b827cc7"},"headline":"L&rsquo;intelligence \u00e9conomique, outil de reconqu\u00eate de la souverainet\u00e9 fran\u00e7aise ?","datePublished":"2023-12-19T10:05:22+00:00","dateModified":"2023-12-19T10:06:52+00:00","mainEntityOfPage":{"@id":"https:\/\/ihedn.fr\/en\/notre-actualite\/lintelligence-economique-outil-de-reconquete-de-la-souverainete-francaise\/"},"wordCount":153,"publisher":{"@id":"https:\/\/ihedn.fr\/#organization"},"image":{"@id":"https:\/\/ihedn.fr\/en\/notre-actualite\/lintelligence-economique-outil-de-reconquete-de-la-souverainete-francaise\/#primaryimage"},"thumbnailUrl":"https:\/\/ihedn.fr\/wp-content\/uploads\/2023\/12\/466A20E6.jpg","articleSection":["Notre actualit\u00e9"],"inLanguage":"en-GB"},{"@type":"WebPage","@id":"https:\/\/ihedn.fr\/en\/notre-actualite\/lintelligence-economique-outil-de-reconquete-de-la-souverainete-francaise\/","url":"https:\/\/ihedn.fr\/en\/notre-actualite\/lintelligence-economique-outil-de-reconquete-de-la-souverainete-francaise\/","name":"Economic intelligence, a tool for regaining French sovereignty? - IHEDN: Institute for Advanced National Defence Studies","isPartOf":{"@id":"https:\/\/ihedn.fr\/#website"},"primaryImageOfPage":{"@id":"https:\/\/ihedn.fr\/en\/notre-actualite\/lintelligence-economique-outil-de-reconquete-de-la-souverainete-francaise\/#primaryimage"},"image":{"@id":"https:\/\/ihedn.fr\/en\/notre-actualite\/lintelligence-economique-outil-de-reconquete-de-la-souverainete-francaise\/#primaryimage"},"thumbnailUrl":"https:\/\/ihedn.fr\/wp-content\/uploads\/2023\/12\/466A20E6.jpg","datePublished":"2023-12-19T10:05:22+00:00","dateModified":"2023-12-19T10:06:52+00:00","description":"A round table organised by the Syndicat fran\u00e7ais de l'intelligence \u00e9conomique in partnership with the Institut des hautes \u00e9tudes de d\u00e9fense nationale was held at the \u00c9cole militaire on 13 December.","breadcrumb":{"@id":"https:\/\/ihedn.fr\/en\/notre-actualite\/lintelligence-economique-outil-de-reconquete-de-la-souverainete-francaise\/#breadcrumb"},"inLanguage":"en-GB","potentialAction":[{"@type":"ReadAction","target":["https:\/\/ihedn.fr\/en\/notre-actualite\/lintelligence-economique-outil-de-reconquete-de-la-souverainete-francaise\/"]}]},{"@type":"ImageObject","inLanguage":"en-GB","@id":"https:\/\/ihedn.fr\/en\/notre-actualite\/lintelligence-economique-outil-de-reconquete-de-la-souverainete-francaise\/#primaryimage","url":"https:\/\/ihedn.fr\/wp-content\/uploads\/2023\/12\/466A20E6.jpg","contentUrl":"https:\/\/ihedn.fr\/wp-content\/uploads\/2023\/12\/466A20E6.jpg","width":1600,"height":1200,"caption":"Table ronde organis\u00e9e par le Syndicat fran\u00e7ais de l'intelligence \u00e9conomique"},{"@type":"BreadcrumbList","@id":"https:\/\/ihedn.fr\/en\/notre-actualite\/lintelligence-economique-outil-de-reconquete-de-la-souverainete-francaise\/#breadcrumb","itemListElement":[{"@type":"ListItem","position":1,"name":"Accueil","item":"https:\/\/ihedn.fr\/"},{"@type":"ListItem","position":2,"name":"L&rsquo;intelligence \u00e9conomique, outil de reconqu\u00eate de la souverainet\u00e9 fran\u00e7aise ?"}]},{"@type":"WebSite","@id":"https:\/\/ihedn.fr\/#website","url":"https:\/\/ihedn.fr\/","name":"IHEDN: Institut des hautes \u00e9tudes de d\u00e9fense nationale (Institute for Higher National Defence Studies)","description":"Official website of the IHEDN under the supervision of the Prime Minister.","publisher":{"@id":"https:\/\/ihedn.fr\/#organization"},"potentialAction":[{"@type":"SearchAction","target":{"@type":"EntryPoint","urlTemplate":"https:\/\/ihedn.fr\/?s={search_term_string}"},"query-input":{"@type":"PropertyValueSpecification","valueRequired":true,"valueName":"search_term_string"}}],"inLanguage":"en-GB"},{"@type":"Organization","@id":"https:\/\/ihedn.fr\/#organization","name":"IHEDN - Institute for Higher National Defence Studies","url":"https:\/\/ihedn.fr\/","logo":{"@type":"ImageObject","inLanguage":"en-GB","@id":"https:\/\/ihedn.fr\/#\/schema\/logo\/image\/","url":"https:\/\/ihedn.fr\/wp-content\/uploads\/2020\/11\/BLOC_RF_IHEDN_WEB.png","contentUrl":"https:\/\/ihedn.fr\/wp-content\/uploads\/2020\/11\/BLOC_RF_IHEDN_WEB.png","width":500,"height":237,"caption":"IHEDN - Institut des Hautes Etudes de D\u00e9fense Nationale"},"image":{"@id":"https:\/\/ihedn.fr\/#\/schema\/logo\/image\/"},"sameAs":["https:\/\/www.facebook.com\/ihedn\/","https:\/\/x.com\/IHEDN","https:\/\/www.instagram.com\/ihedn\/","https:\/\/www.linkedin.com\/school\/ihedn\/","https:\/\/fr.wikipedia.org\/wiki\/Institut_des_hautes_\u00e9tudes_de_D\u00e9fense_nationale"]},{"@type":"Person","@id":"https:\/\/ihedn.fr\/#\/schema\/person\/ed217a37104b27a246b200e65b827cc7","name":"tanguy.morel@ihedn.fr","image":{"@type":"ImageObject","inLanguage":"en-GB","@id":"https:\/\/secure.gravatar.com\/avatar\/36877cd30919fafddf1f9da45f4154aa468a64328452f2ceaff0968772207348?s=96&d=mm&r=g","url":"https:\/\/secure.gravatar.com\/avatar\/36877cd30919fafddf1f9da45f4154aa468a64328452f2ceaff0968772207348?s=96&d=mm&r=g","contentUrl":"https:\/\/secure.gravatar.com\/avatar\/36877cd30919fafddf1f9da45f4154aa468a64328452f2ceaff0968772207348?s=96&d=mm&r=g","caption":"tanguy.morel@ihedn.fr"},"url":"https:\/\/ihedn.fr\/en\/author\/tanguy-morelihedn-fr\/"}]}},"publishpress_future_action":{"enabled":false,"date":"2026-05-08 04:44:01","action":"change-status","newStatus":"draft","terms":[],"taxonomy":"category","extraData":[]},"publishpress_future_workflow_manual_trigger":{"enabledWorkflows":[]},"_links":{"self":[{"href":"https:\/\/ihedn.fr\/en\/wp-json\/wp\/v2\/posts\/44721","targetHints":{"allow":["GET"]}}],"collection":[{"href":"https:\/\/ihedn.fr\/en\/wp-json\/wp\/v2\/posts"}],"about":[{"href":"https:\/\/ihedn.fr\/en\/wp-json\/wp\/v2\/types\/post"}],"author":[{"embeddable":true,"href":"https:\/\/ihedn.fr\/en\/wp-json\/wp\/v2\/users\/10"}],"replies":[{"embeddable":true,"href":"https:\/\/ihedn.fr\/en\/wp-json\/wp\/v2\/comments?post=44721"}],"version-history":[{"count":8,"href":"https:\/\/ihedn.fr\/en\/wp-json\/wp\/v2\/posts\/44721\/revisions"}],"predecessor-version":[{"id":44731,"href":"https:\/\/ihedn.fr\/en\/wp-json\/wp\/v2\/posts\/44721\/revisions\/44731"}],"wp:featuredmedia":[{"embeddable":true,"href":"https:\/\/ihedn.fr\/en\/wp-json\/wp\/v2\/media\/44723"}],"wp:attachment":[{"href":"https:\/\/ihedn.fr\/en\/wp-json\/wp\/v2\/media?parent=44721"}],"wp:term":[{"taxonomy":"category","embeddable":true,"href":"https:\/\/ihedn.fr\/en\/wp-json\/wp\/v2\/categories?post=44721"},{"taxonomy":"post_tag","embeddable":true,"href":"https:\/\/ihedn.fr\/en\/wp-json\/wp\/v2\/tags?post=44721"}],"curies":[{"name":"wp","href":"https:\/\/api.w.org\/{rel}","templated":true}]}}