{"id":44732,"date":"2023-12-19T14:39:39","date_gmt":"2023-12-19T13:39:39","guid":{"rendered":"https:\/\/ihedn.fr\/?p=44732"},"modified":"2023-12-19T15:43:45","modified_gmt":"2023-12-19T14:43:45","slug":"un-cycle-jeunes-de-lihedn-se-penche-sur-lautonomie-strategique-europeenne","status":"publish","type":"post","link":"https:\/\/ihedn.fr\/en\/uncategorized\/un-cycle-jeunes-de-lihedn-se-penche-sur-lautonomie-strategique-europeenne\/","title":{"rendered":"IHEDN Youth Cycle looks at European strategic autonomy"},"content":{"rendered":"<div data-elementor-type=\"wp-post\" data-elementor-id=\"44732\" class=\"elementor elementor-44732\" data-elementor-post-type=\"post\">\n\t\t\t\t\t\t<section data-particle_enable=\"false\" data-particle-mobile-disabled=\"false\" class=\"elementor-section elementor-top-section elementor-element elementor-element-44306e9 elementor-section-boxed elementor-section-height-default elementor-section-height-default\" data-id=\"44306e9\" data-element_type=\"section\" data-e-type=\"section\">\n\t\t\t\t\t\t<div class=\"elementor-container elementor-column-gap-default\">\n\t\t\t\t\t<div class=\"elementor-column elementor-col-100 elementor-top-column elementor-element elementor-element-4f483a7\" data-id=\"4f483a7\" data-element_type=\"column\" data-e-type=\"column\">\n\t\t\t<div class=\"elementor-widget-wrap elementor-element-populated\">\n\t\t\t\t\t\t<div class=\"elementor-element elementor-element-88fadda elementor-widget elementor-widget-text-editor\" data-id=\"88fadda\" data-element_type=\"widget\" data-e-type=\"widget\" data-widget_type=\"text-editor.default\">\n\t\t\t\t<div class=\"elementor-widget-container\">\n\t\t\t\t\t\t\t\t\t<p>At the end of November, the \u00c9cole Militaire hosted the 138<sup>e<\/sup> IHEDN-Jeunes cycle in the \u00cele-de-France region, bringing together more than 80 students to learn about the major issues in national defence and international security.<\/p><p>During this week-long series of lectures, the young listeners were particularly impressed by the complexity of the subject and the clarity of the presentation. Bruno Dupr\u00e9 has a doctorate in law and is a graduate of the Kennedy School of Government at Harvard University and the University of Paris-II. He is a specialist in international security issues, which he tackled as a lawyer and then as a civil servant, notably at NATO.<\/p><p>In 2013, the Quai d'Orsay seconded him to the European External Action Service (EEAS), where he has been Political Adviser to the Secretary-General since 2017.<\/p><p>Bruno Dupr\u00e9 was therefore the ideal person to speak on the thorny issue of European strategic autonomy. Defining the concept, how it differs from sovereignty, its compatibility with NATO, the impact of the war in Ukraine... he covered every aspect in his talk, illustrated by <a href=\"https:\/\/ihedn.fr\/wp-content\/uploads\/2023\/12\/IHEDN-Jeune_versionphotos.pdf\" target=\"_blank\" rel=\"noopener\" data-wplink-edit=\"true\"><b>this support<\/b><\/a> which he and the EEAS have authorised us to publish.<\/p>\t\t\t\t\t\t\t\t<\/div>\n\t\t\t\t<\/div>\n\t\t\t\t\t<\/div>\n\t\t<\/div>\n\t\t\t\t\t<\/div>\n\t\t<\/section>\n\t\t\t\t<section data-particle_enable=\"false\" data-particle-mobile-disabled=\"false\" class=\"elementor-section elementor-top-section elementor-element elementor-element-396d7d6 elementor-section-boxed elementor-section-height-default elementor-section-height-default\" data-id=\"396d7d6\" data-element_type=\"section\" data-e-type=\"section\">\n\t\t\t\t\t\t<div class=\"elementor-container elementor-column-gap-default\">\n\t\t\t\t\t<div class=\"elementor-column elementor-col-100 elementor-top-column elementor-element elementor-element-33e5f62\" data-id=\"33e5f62\" data-element_type=\"column\" data-e-type=\"column\">\n\t\t\t<div class=\"elementor-widget-wrap elementor-element-populated\">\n\t\t\t\t\t\t<div class=\"elementor-element elementor-element-c895427 elementor-position-inline-start elementor-view-default elementor-mobile-position-block-start elementor-widget elementor-widget-icon-box\" data-id=\"c895427\" data-element_type=\"widget\" data-e-type=\"widget\" data-widget_type=\"icon-box.default\">\n\t\t\t\t<div class=\"elementor-widget-container\">\n\t\t\t\t\t\t\t<div class=\"elementor-icon-box-wrapper\">\n\n\t\t\t\t\t\t<div class=\"elementor-icon-box-icon\">\n\t\t\t\t<a href=\"https:\/\/ihedn.fr\/wp-content\/uploads\/2023\/12\/IHEDN-Jeune_versionphotos.pdf\" target=\"_blank\" class=\"elementor-icon\" tabindex=\"-1\" aria-label=\"download support\">\n\t\t\t\t<svg aria-hidden=\"true\" class=\"e-font-icon-svg e-fas-file-download\" viewbox=\"0 0 384 512\" xmlns=\"http:\/\/www.w3.org\/2000\/svg\"><path d=\"M224 136V0H24C10.7 0 0 10.7 0 24v464c0 13.3 10.7 24 24 24h336c13.3 0 24-10.7 24-24V160H248c-13.2 0-24-10.8-24-24zm76.45 211.36l-96.42 95.7c-6.65 6.61-17.39 6.61-24.04 0l-96.42-95.7C73.42 337.29 80.54 320 94.82 320H160v-80c0-8.84 7.16-16 16-16h32c8.84 0 16 7.16 16 16v80h65.18c14.28 0 21.4 17.29 11.27 27.36zM377 105L279.1 7c-4.5-4.5-10.6-7-17-7H256v128h128v-6.1c0-6.3-2.5-12.4-7-16.9z\"><\/path><\/svg>\t\t\t\t<\/a>\n\t\t\t<\/div>\n\t\t\t\n\t\t\t\t\t\t<div class=\"elementor-icon-box-content\">\n\n\t\t\t\t\t\t\t\t\t<h3 class=\"elementor-icon-box-title\">\n\t\t\t\t\t\t<a href=\"https:\/\/ihedn.fr\/wp-content\/uploads\/2023\/12\/IHEDN-Jeune_versionphotos.pdf\" target=\"_blank\" >\n\t\t\t\t\t\t\tdownload support\t\t\t\t\t\t<\/a>\n\t\t\t\t\t<\/h3>\n\t\t\t\t\n\t\t\t\t\n\t\t\t<\/div>\n\t\t\t\n\t\t<\/div>\n\t\t\t\t\t\t<\/div>\n\t\t\t\t<\/div>\n\t\t\t\t\t<\/div>\n\t\t<\/div>\n\t\t\t\t\t<\/div>\n\t\t<\/section>\n\t\t\t\t<\/div>","protected":false},"excerpt":{"rendered":"<p>Fin novembre s\u2019est tenu \u00e0 l\u2019\u00c9cole militaire le 138e cycle IHEDN-Jeunes en r\u00e9gion \u00cele-de-France, rassemblant plus de 80 \u00e9tudiants venus appr\u00e9hender les grands enjeux de d\u00e9fense nationale et de s\u00e9curit\u00e9 internationale. Au sein de ce cycle d\u2019une semaine, une intervention a particuli\u00e8rement marqu\u00e9 les jeunes auditeurs, par la complexit\u00e9 du sujet et la clart\u00e9 de [&hellip;]<\/p>\n","protected":false},"author":10,"featured_media":44736,"comment_status":"closed","ping_status":"closed","sticky":false,"template":"","format":"standard","meta":{"footnotes":""},"categories":[172,1],"tags":[],"class_list":["post-44732","post","type-post","status-publish","format-standard","has-post-thumbnail","hentry","category-notre-actualite","category-uncategorized"],"yoast_head":"<!-- This site is optimized with the Yoast SEO plugin v27.5 - https:\/\/yoast.com\/product\/yoast-seo-wordpress\/ -->\n<title>Un Cycle jeunes de l\u2019IHEDN se penche sur l\u2019autonomie strat\u00e9gique europ\u00e9enne - L&#039;IHEDN : Institut des hautes \u00e9tudes de d\u00e9fense nationale<\/title>\n<meta name=\"description\" content=\"Le 138e cycle IHEDN-Jeunes a b\u00e9n\u00e9fici\u00e9 d\u2019une \u00e9clairante pr\u00e9sentation sur cette question complexe par le diplomate europ\u00e9en Bruno Dupr\u00e9, conseiller politique aupr\u00e8s du secr\u00e9taire g\u00e9n\u00e9ral du Service europ\u00e9en pour l\u2019action ext\u00e9rieure.\" \/>\n<meta name=\"robots\" content=\"index, follow, max-snippet:-1, max-image-preview:large, max-video-preview:-1\" \/>\n<link rel=\"canonical\" href=\"https:\/\/ihedn.fr\/en\/uncategorized\/un-cycle-jeunes-de-lihedn-se-penche-sur-lautonomie-strategique-europeenne\/\" \/>\n<meta property=\"og:locale\" content=\"en_GB\" \/>\n<meta property=\"og:type\" content=\"article\" \/>\n<meta property=\"og:title\" content=\"Un Cycle jeunes de l\u2019IHEDN se penche sur l\u2019autonomie strat\u00e9gique europ\u00e9enne\" \/>\n<meta property=\"og:description\" content=\"Le 138e cycle IHEDN-Jeunes a b\u00e9n\u00e9fici\u00e9 d\u2019une \u00e9clairante pr\u00e9sentation sur cette question complexe par le diplomate europ\u00e9en Bruno Dupr\u00e9, conseiller politique aupr\u00e8s du secr\u00e9taire g\u00e9n\u00e9ral du Service europ\u00e9en pour l\u2019action ext\u00e9rieure.\" \/>\n<meta property=\"og:url\" content=\"https:\/\/ihedn.fr\/en\/uncategorized\/un-cycle-jeunes-de-lihedn-se-penche-sur-lautonomie-strategique-europeenne\/\" \/>\n<meta property=\"og:site_name\" content=\"L&#039;IHEDN : Institut des hautes \u00e9tudes de d\u00e9fense nationale\" \/>\n<meta property=\"article:publisher\" content=\"https:\/\/www.facebook.com\/ihedn\/\" \/>\n<meta property=\"article:published_time\" content=\"2023-12-19T13:39:39+00:00\" \/>\n<meta property=\"article:modified_time\" content=\"2023-12-19T14:43:45+00:00\" \/>\n<meta property=\"og:image\" content=\"https:\/\/ihedn.fr\/wp-content\/uploads\/2023\/12\/european_flag-scaled.jpg\" \/>\n\t<meta property=\"og:image:width\" content=\"2560\" \/>\n\t<meta property=\"og:image:height\" content=\"1498\" \/>\n\t<meta property=\"og:image:type\" content=\"image\/jpeg\" \/>\n<meta name=\"author\" content=\"tanguy.morel@ihedn.fr\" \/>\n<meta name=\"twitter:card\" content=\"summary_large_image\" \/>\n<meta name=\"twitter:title\" content=\"Un Cycle jeunes de l\u2019IHEDN se penche sur l\u2019autonomie strat\u00e9gique europ\u00e9enne\" \/>\n<meta name=\"twitter:description\" content=\"Le 138e cycle IHEDN-Jeunes a b\u00e9n\u00e9fici\u00e9 d\u2019une \u00e9clairante pr\u00e9sentation sur cette question complexe par le diplomate europ\u00e9en Bruno Dupr\u00e9, conseiller politique aupr\u00e8s du secr\u00e9taire g\u00e9n\u00e9ral du Service europ\u00e9en pour l\u2019action ext\u00e9rieure.\" \/>\n<meta name=\"twitter:creator\" content=\"@IHEDN\" \/>\n<meta name=\"twitter:site\" content=\"@IHEDN\" \/>\n<meta name=\"twitter:label1\" content=\"Written by\" \/>\n\t<meta name=\"twitter:data1\" content=\"tanguy.morel@ihedn.fr\" \/>\n\t<meta name=\"twitter:label2\" content=\"Estimated reading time\" \/>\n\t<meta name=\"twitter:data2\" content=\"1 minute\" \/>\n<script type=\"application\/ld+json\" class=\"yoast-schema-graph\">{\"@context\":\"https:\\\/\\\/schema.org\",\"@graph\":[{\"@type\":\"Article\",\"@id\":\"https:\\\/\\\/ihedn.fr\\\/uncategorized\\\/un-cycle-jeunes-de-lihedn-se-penche-sur-lautonomie-strategique-europeenne\\\/#article\",\"isPartOf\":{\"@id\":\"https:\\\/\\\/ihedn.fr\\\/uncategorized\\\/un-cycle-jeunes-de-lihedn-se-penche-sur-lautonomie-strategique-europeenne\\\/\"},\"author\":{\"name\":\"tanguy.morel@ihedn.fr\",\"@id\":\"https:\\\/\\\/ihedn.fr\\\/#\\\/schema\\\/person\\\/ed217a37104b27a246b200e65b827cc7\"},\"headline\":\"Un Cycle jeunes de l\u2019IHEDN se penche sur l\u2019autonomie strat\u00e9gique europ\u00e9enne\",\"datePublished\":\"2023-12-19T13:39:39+00:00\",\"dateModified\":\"2023-12-19T14:43:45+00:00\",\"mainEntityOfPage\":{\"@id\":\"https:\\\/\\\/ihedn.fr\\\/uncategorized\\\/un-cycle-jeunes-de-lihedn-se-penche-sur-lautonomie-strategique-europeenne\\\/\"},\"wordCount\":231,\"publisher\":{\"@id\":\"https:\\\/\\\/ihedn.fr\\\/#organization\"},\"image\":{\"@id\":\"https:\\\/\\\/ihedn.fr\\\/uncategorized\\\/un-cycle-jeunes-de-lihedn-se-penche-sur-lautonomie-strategique-europeenne\\\/#primaryimage\"},\"thumbnailUrl\":\"https:\\\/\\\/ihedn.fr\\\/wp-content\\\/uploads\\\/2023\\\/12\\\/european_flag-scaled.jpg\",\"articleSection\":[\"Notre actualit\u00e9\",\"Uncategorized\"],\"inLanguage\":\"en-GB\"},{\"@type\":\"WebPage\",\"@id\":\"https:\\\/\\\/ihedn.fr\\\/uncategorized\\\/un-cycle-jeunes-de-lihedn-se-penche-sur-lautonomie-strategique-europeenne\\\/\",\"url\":\"https:\\\/\\\/ihedn.fr\\\/uncategorized\\\/un-cycle-jeunes-de-lihedn-se-penche-sur-lautonomie-strategique-europeenne\\\/\",\"name\":\"Un Cycle jeunes de l\u2019IHEDN se penche sur l\u2019autonomie strat\u00e9gique europ\u00e9enne - L&#039;IHEDN : Institut des hautes \u00e9tudes de d\u00e9fense nationale\",\"isPartOf\":{\"@id\":\"https:\\\/\\\/ihedn.fr\\\/#website\"},\"primaryImageOfPage\":{\"@id\":\"https:\\\/\\\/ihedn.fr\\\/uncategorized\\\/un-cycle-jeunes-de-lihedn-se-penche-sur-lautonomie-strategique-europeenne\\\/#primaryimage\"},\"image\":{\"@id\":\"https:\\\/\\\/ihedn.fr\\\/uncategorized\\\/un-cycle-jeunes-de-lihedn-se-penche-sur-lautonomie-strategique-europeenne\\\/#primaryimage\"},\"thumbnailUrl\":\"https:\\\/\\\/ihedn.fr\\\/wp-content\\\/uploads\\\/2023\\\/12\\\/european_flag-scaled.jpg\",\"datePublished\":\"2023-12-19T13:39:39+00:00\",\"dateModified\":\"2023-12-19T14:43:45+00:00\",\"description\":\"Le 138e cycle IHEDN-Jeunes a b\u00e9n\u00e9fici\u00e9 d\u2019une \u00e9clairante pr\u00e9sentation sur cette question complexe par le diplomate europ\u00e9en Bruno Dupr\u00e9, conseiller politique aupr\u00e8s du secr\u00e9taire g\u00e9n\u00e9ral du Service europ\u00e9en pour l\u2019action ext\u00e9rieure.\",\"breadcrumb\":{\"@id\":\"https:\\\/\\\/ihedn.fr\\\/uncategorized\\\/un-cycle-jeunes-de-lihedn-se-penche-sur-lautonomie-strategique-europeenne\\\/#breadcrumb\"},\"inLanguage\":\"en-GB\",\"potentialAction\":[{\"@type\":\"ReadAction\",\"target\":[\"https:\\\/\\\/ihedn.fr\\\/uncategorized\\\/un-cycle-jeunes-de-lihedn-se-penche-sur-lautonomie-strategique-europeenne\\\/\"]}]},{\"@type\":\"ImageObject\",\"inLanguage\":\"en-GB\",\"@id\":\"https:\\\/\\\/ihedn.fr\\\/uncategorized\\\/un-cycle-jeunes-de-lihedn-se-penche-sur-lautonomie-strategique-europeenne\\\/#primaryimage\",\"url\":\"https:\\\/\\\/ihedn.fr\\\/wp-content\\\/uploads\\\/2023\\\/12\\\/european_flag-scaled.jpg\",\"contentUrl\":\"https:\\\/\\\/ihedn.fr\\\/wp-content\\\/uploads\\\/2023\\\/12\\\/european_flag-scaled.jpg\",\"width\":2560,\"height\":1498,\"caption\":\"Drapeau europ\u00e9en\"},{\"@type\":\"BreadcrumbList\",\"@id\":\"https:\\\/\\\/ihedn.fr\\\/uncategorized\\\/un-cycle-jeunes-de-lihedn-se-penche-sur-lautonomie-strategique-europeenne\\\/#breadcrumb\",\"itemListElement\":[{\"@type\":\"ListItem\",\"position\":1,\"name\":\"Accueil\",\"item\":\"https:\\\/\\\/ihedn.fr\\\/\"},{\"@type\":\"ListItem\",\"position\":2,\"name\":\"Un Cycle jeunes de l\u2019IHEDN se penche sur l\u2019autonomie strat\u00e9gique europ\u00e9enne\"}]},{\"@type\":\"WebSite\",\"@id\":\"https:\\\/\\\/ihedn.fr\\\/#website\",\"url\":\"https:\\\/\\\/ihedn.fr\\\/\",\"name\":\"IHEDN : Institut des hautes \u00e9tudes de d\u00e9fense nationale |\",\"description\":\"Site officiel de l&#039;IHEDN plac\u00e9 sous la tutelle du Premier ministre.\",\"publisher\":{\"@id\":\"https:\\\/\\\/ihedn.fr\\\/#organization\"},\"potentialAction\":[{\"@type\":\"SearchAction\",\"target\":{\"@type\":\"EntryPoint\",\"urlTemplate\":\"https:\\\/\\\/ihedn.fr\\\/?s={search_term_string}\"},\"query-input\":{\"@type\":\"PropertyValueSpecification\",\"valueRequired\":true,\"valueName\":\"search_term_string\"}}],\"inLanguage\":\"en-GB\"},{\"@type\":\"Organization\",\"@id\":\"https:\\\/\\\/ihedn.fr\\\/#organization\",\"name\":\"IHEDN - Institut des Hautes Etudes de D\u00e9fense Nationale\",\"url\":\"https:\\\/\\\/ihedn.fr\\\/\",\"logo\":{\"@type\":\"ImageObject\",\"inLanguage\":\"en-GB\",\"@id\":\"https:\\\/\\\/ihedn.fr\\\/#\\\/schema\\\/logo\\\/image\\\/\",\"url\":\"https:\\\/\\\/ihedn.fr\\\/wp-content\\\/uploads\\\/2020\\\/11\\\/BLOC_RF_IHEDN_WEB.png\",\"contentUrl\":\"https:\\\/\\\/ihedn.fr\\\/wp-content\\\/uploads\\\/2020\\\/11\\\/BLOC_RF_IHEDN_WEB.png\",\"width\":500,\"height\":237,\"caption\":\"IHEDN - Institut des Hautes Etudes de D\u00e9fense Nationale\"},\"image\":{\"@id\":\"https:\\\/\\\/ihedn.fr\\\/#\\\/schema\\\/logo\\\/image\\\/\"},\"sameAs\":[\"https:\\\/\\\/www.facebook.com\\\/ihedn\\\/\",\"https:\\\/\\\/x.com\\\/IHEDN\",\"https:\\\/\\\/www.instagram.com\\\/ihedn\\\/\",\"https:\\\/\\\/www.linkedin.com\\\/school\\\/ihedn\\\/\",\"https:\\\/\\\/fr.wikipedia.org\\\/wiki\\\/Institut_des_hautes_\u00e9tudes_de_D\u00e9fense_nationale\"]},{\"@type\":\"Person\",\"@id\":\"https:\\\/\\\/ihedn.fr\\\/#\\\/schema\\\/person\\\/ed217a37104b27a246b200e65b827cc7\",\"name\":\"tanguy.morel@ihedn.fr\",\"image\":{\"@type\":\"ImageObject\",\"inLanguage\":\"en-GB\",\"@id\":\"https:\\\/\\\/secure.gravatar.com\\\/avatar\\\/36877cd30919fafddf1f9da45f4154aa468a64328452f2ceaff0968772207348?s=96&d=mm&r=g\",\"url\":\"https:\\\/\\\/secure.gravatar.com\\\/avatar\\\/36877cd30919fafddf1f9da45f4154aa468a64328452f2ceaff0968772207348?s=96&d=mm&r=g\",\"contentUrl\":\"https:\\\/\\\/secure.gravatar.com\\\/avatar\\\/36877cd30919fafddf1f9da45f4154aa468a64328452f2ceaff0968772207348?s=96&d=mm&r=g\",\"caption\":\"tanguy.morel@ihedn.fr\"},\"url\":\"https:\\\/\\\/ihedn.fr\\\/en\\\/author\\\/tanguy-morelihedn-fr\\\/\"}]}<\/script>\n<!-- \/ Yoast SEO plugin. -->","yoast_head_json":{"title":"IHEDN Youth Cycle looks at European strategic autonomy - L'IHEDN : Institut des hautes \u00e9tudes de d\u00e9fense nationale","description":"The 138th IHEDN-Jeunes cycle was given an enlightening presentation on this complex issue by European diplomat Bruno Dupr\u00e9, Political Adviser to the Secretary-General of the European External Action Service.","robots":{"index":"index","follow":"follow","max-snippet":"max-snippet:-1","max-image-preview":"max-image-preview:large","max-video-preview":"max-video-preview:-1"},"canonical":"https:\/\/ihedn.fr\/en\/uncategorized\/un-cycle-jeunes-de-lihedn-se-penche-sur-lautonomie-strategique-europeenne\/","og_locale":"en_GB","og_type":"article","og_title":"Un Cycle jeunes de l\u2019IHEDN se penche sur l\u2019autonomie strat\u00e9gique europ\u00e9enne","og_description":"Le 138e cycle IHEDN-Jeunes a b\u00e9n\u00e9fici\u00e9 d\u2019une \u00e9clairante pr\u00e9sentation sur cette question complexe par le diplomate europ\u00e9en Bruno Dupr\u00e9, conseiller politique aupr\u00e8s du secr\u00e9taire g\u00e9n\u00e9ral du Service europ\u00e9en pour l\u2019action ext\u00e9rieure.","og_url":"https:\/\/ihedn.fr\/en\/uncategorized\/un-cycle-jeunes-de-lihedn-se-penche-sur-lautonomie-strategique-europeenne\/","og_site_name":"L&#039;IHEDN : Institut des hautes \u00e9tudes de d\u00e9fense nationale","article_publisher":"https:\/\/www.facebook.com\/ihedn\/","article_published_time":"2023-12-19T13:39:39+00:00","article_modified_time":"2023-12-19T14:43:45+00:00","og_image":[{"width":2560,"height":1498,"url":"https:\/\/ihedn.fr\/wp-content\/uploads\/2023\/12\/european_flag-scaled.jpg","type":"image\/jpeg"}],"author":"tanguy.morel@ihedn.fr","twitter_card":"summary_large_image","twitter_title":"Un Cycle jeunes de l\u2019IHEDN se penche sur l\u2019autonomie strat\u00e9gique europ\u00e9enne","twitter_description":"Le 138e cycle IHEDN-Jeunes a b\u00e9n\u00e9fici\u00e9 d\u2019une \u00e9clairante pr\u00e9sentation sur cette question complexe par le diplomate europ\u00e9en Bruno Dupr\u00e9, conseiller politique aupr\u00e8s du secr\u00e9taire g\u00e9n\u00e9ral du Service europ\u00e9en pour l\u2019action ext\u00e9rieure.","twitter_creator":"@IHEDN","twitter_site":"@IHEDN","twitter_misc":{"Written by":"tanguy.morel@ihedn.fr","Estimated reading time":"1 minute"},"schema":{"@context":"https:\/\/schema.org","@graph":[{"@type":"Article","@id":"https:\/\/ihedn.fr\/uncategorized\/un-cycle-jeunes-de-lihedn-se-penche-sur-lautonomie-strategique-europeenne\/#article","isPartOf":{"@id":"https:\/\/ihedn.fr\/uncategorized\/un-cycle-jeunes-de-lihedn-se-penche-sur-lautonomie-strategique-europeenne\/"},"author":{"name":"tanguy.morel@ihedn.fr","@id":"https:\/\/ihedn.fr\/#\/schema\/person\/ed217a37104b27a246b200e65b827cc7"},"headline":"Un Cycle jeunes de l\u2019IHEDN se penche sur l\u2019autonomie strat\u00e9gique europ\u00e9enne","datePublished":"2023-12-19T13:39:39+00:00","dateModified":"2023-12-19T14:43:45+00:00","mainEntityOfPage":{"@id":"https:\/\/ihedn.fr\/uncategorized\/un-cycle-jeunes-de-lihedn-se-penche-sur-lautonomie-strategique-europeenne\/"},"wordCount":231,"publisher":{"@id":"https:\/\/ihedn.fr\/#organization"},"image":{"@id":"https:\/\/ihedn.fr\/uncategorized\/un-cycle-jeunes-de-lihedn-se-penche-sur-lautonomie-strategique-europeenne\/#primaryimage"},"thumbnailUrl":"https:\/\/ihedn.fr\/wp-content\/uploads\/2023\/12\/european_flag-scaled.jpg","articleSection":["Notre actualit\u00e9","Uncategorized"],"inLanguage":"en-GB"},{"@type":"WebPage","@id":"https:\/\/ihedn.fr\/uncategorized\/un-cycle-jeunes-de-lihedn-se-penche-sur-lautonomie-strategique-europeenne\/","url":"https:\/\/ihedn.fr\/uncategorized\/un-cycle-jeunes-de-lihedn-se-penche-sur-lautonomie-strategique-europeenne\/","name":"IHEDN Youth Cycle looks at European strategic autonomy - L'IHEDN : Institut des hautes \u00e9tudes de d\u00e9fense nationale","isPartOf":{"@id":"https:\/\/ihedn.fr\/#website"},"primaryImageOfPage":{"@id":"https:\/\/ihedn.fr\/uncategorized\/un-cycle-jeunes-de-lihedn-se-penche-sur-lautonomie-strategique-europeenne\/#primaryimage"},"image":{"@id":"https:\/\/ihedn.fr\/uncategorized\/un-cycle-jeunes-de-lihedn-se-penche-sur-lautonomie-strategique-europeenne\/#primaryimage"},"thumbnailUrl":"https:\/\/ihedn.fr\/wp-content\/uploads\/2023\/12\/european_flag-scaled.jpg","datePublished":"2023-12-19T13:39:39+00:00","dateModified":"2023-12-19T14:43:45+00:00","description":"The 138th IHEDN-Jeunes cycle was given an enlightening presentation on this complex issue by European diplomat Bruno Dupr\u00e9, Political Adviser to the Secretary-General of the European External Action Service.","breadcrumb":{"@id":"https:\/\/ihedn.fr\/uncategorized\/un-cycle-jeunes-de-lihedn-se-penche-sur-lautonomie-strategique-europeenne\/#breadcrumb"},"inLanguage":"en-GB","potentialAction":[{"@type":"ReadAction","target":["https:\/\/ihedn.fr\/uncategorized\/un-cycle-jeunes-de-lihedn-se-penche-sur-lautonomie-strategique-europeenne\/"]}]},{"@type":"ImageObject","inLanguage":"en-GB","@id":"https:\/\/ihedn.fr\/uncategorized\/un-cycle-jeunes-de-lihedn-se-penche-sur-lautonomie-strategique-europeenne\/#primaryimage","url":"https:\/\/ihedn.fr\/wp-content\/uploads\/2023\/12\/european_flag-scaled.jpg","contentUrl":"https:\/\/ihedn.fr\/wp-content\/uploads\/2023\/12\/european_flag-scaled.jpg","width":2560,"height":1498,"caption":"Drapeau europ\u00e9en"},{"@type":"BreadcrumbList","@id":"https:\/\/ihedn.fr\/uncategorized\/un-cycle-jeunes-de-lihedn-se-penche-sur-lautonomie-strategique-europeenne\/#breadcrumb","itemListElement":[{"@type":"ListItem","position":1,"name":"Accueil","item":"https:\/\/ihedn.fr\/"},{"@type":"ListItem","position":2,"name":"Un Cycle jeunes de l\u2019IHEDN se penche sur l\u2019autonomie strat\u00e9gique europ\u00e9enne"}]},{"@type":"WebSite","@id":"https:\/\/ihedn.fr\/#website","url":"https:\/\/ihedn.fr\/","name":"IHEDN: Institut des hautes \u00e9tudes de d\u00e9fense nationale (Institute for Higher National Defence Studies)","description":"Official website of the IHEDN under the supervision of the Prime Minister.","publisher":{"@id":"https:\/\/ihedn.fr\/#organization"},"potentialAction":[{"@type":"SearchAction","target":{"@type":"EntryPoint","urlTemplate":"https:\/\/ihedn.fr\/?s={search_term_string}"},"query-input":{"@type":"PropertyValueSpecification","valueRequired":true,"valueName":"search_term_string"}}],"inLanguage":"en-GB"},{"@type":"Organization","@id":"https:\/\/ihedn.fr\/#organization","name":"IHEDN - Institute for Higher National Defence Studies","url":"https:\/\/ihedn.fr\/","logo":{"@type":"ImageObject","inLanguage":"en-GB","@id":"https:\/\/ihedn.fr\/#\/schema\/logo\/image\/","url":"https:\/\/ihedn.fr\/wp-content\/uploads\/2020\/11\/BLOC_RF_IHEDN_WEB.png","contentUrl":"https:\/\/ihedn.fr\/wp-content\/uploads\/2020\/11\/BLOC_RF_IHEDN_WEB.png","width":500,"height":237,"caption":"IHEDN - Institut des Hautes Etudes de D\u00e9fense Nationale"},"image":{"@id":"https:\/\/ihedn.fr\/#\/schema\/logo\/image\/"},"sameAs":["https:\/\/www.facebook.com\/ihedn\/","https:\/\/x.com\/IHEDN","https:\/\/www.instagram.com\/ihedn\/","https:\/\/www.linkedin.com\/school\/ihedn\/","https:\/\/fr.wikipedia.org\/wiki\/Institut_des_hautes_\u00e9tudes_de_D\u00e9fense_nationale"]},{"@type":"Person","@id":"https:\/\/ihedn.fr\/#\/schema\/person\/ed217a37104b27a246b200e65b827cc7","name":"tanguy.morel@ihedn.fr","image":{"@type":"ImageObject","inLanguage":"en-GB","@id":"https:\/\/secure.gravatar.com\/avatar\/36877cd30919fafddf1f9da45f4154aa468a64328452f2ceaff0968772207348?s=96&d=mm&r=g","url":"https:\/\/secure.gravatar.com\/avatar\/36877cd30919fafddf1f9da45f4154aa468a64328452f2ceaff0968772207348?s=96&d=mm&r=g","contentUrl":"https:\/\/secure.gravatar.com\/avatar\/36877cd30919fafddf1f9da45f4154aa468a64328452f2ceaff0968772207348?s=96&d=mm&r=g","caption":"tanguy.morel@ihedn.fr"},"url":"https:\/\/ihedn.fr\/en\/author\/tanguy-morelihedn-fr\/"}]}},"publishpress_future_action":{"enabled":false,"date":"2026-05-07 18:12:22","action":"change-status","newStatus":"draft","terms":[],"taxonomy":"category","extraData":[]},"publishpress_future_workflow_manual_trigger":{"enabledWorkflows":[]},"_links":{"self":[{"href":"https:\/\/ihedn.fr\/en\/wp-json\/wp\/v2\/posts\/44732","targetHints":{"allow":["GET"]}}],"collection":[{"href":"https:\/\/ihedn.fr\/en\/wp-json\/wp\/v2\/posts"}],"about":[{"href":"https:\/\/ihedn.fr\/en\/wp-json\/wp\/v2\/types\/post"}],"author":[{"embeddable":true,"href":"https:\/\/ihedn.fr\/en\/wp-json\/wp\/v2\/users\/10"}],"replies":[{"embeddable":true,"href":"https:\/\/ihedn.fr\/en\/wp-json\/wp\/v2\/comments?post=44732"}],"version-history":[{"count":12,"href":"https:\/\/ihedn.fr\/en\/wp-json\/wp\/v2\/posts\/44732\/revisions"}],"predecessor-version":[{"id":44748,"href":"https:\/\/ihedn.fr\/en\/wp-json\/wp\/v2\/posts\/44732\/revisions\/44748"}],"wp:featuredmedia":[{"embeddable":true,"href":"https:\/\/ihedn.fr\/en\/wp-json\/wp\/v2\/media\/44736"}],"wp:attachment":[{"href":"https:\/\/ihedn.fr\/en\/wp-json\/wp\/v2\/media?parent=44732"}],"wp:term":[{"taxonomy":"category","embeddable":true,"href":"https:\/\/ihedn.fr\/en\/wp-json\/wp\/v2\/categories?post=44732"},{"taxonomy":"post_tag","embeddable":true,"href":"https:\/\/ihedn.fr\/en\/wp-json\/wp\/v2\/tags?post=44732"}],"curies":[{"name":"wp","href":"https:\/\/api.w.org\/{rel}","templated":true}]}}