{"id":44783,"date":"2023-12-20T16:37:26","date_gmt":"2023-12-20T15:37:26","guid":{"rendered":"https:\/\/ihedn.fr\/?p=44783"},"modified":"2024-01-26T09:48:16","modified_gmt":"2024-01-26T08:48:16","slug":"clap-de-fin-sur-la-234eme-session-en-region-auvergne-rhone-alpes","status":"publish","type":"post","link":"https:\/\/ihedn.fr\/en\/notre-actualite\/clap-de-fin-sur-la-234eme-session-en-region-auvergne-rhone-alpes\/","title":{"rendered":"The end of the line for the 234<sup>e<\/sup> session in the Auvergne Rh\u00f4ne-Alpes region"},"content":{"rendered":"<div data-elementor-type=\"wp-post\" data-elementor-id=\"44783\" class=\"elementor elementor-44783\" data-elementor-post-type=\"post\">\n\t\t\t\t<div data-particle_enable=\"false\" data-particle-mobile-disabled=\"false\" class=\"elementor-element elementor-element-0164ce6 e-flex e-con-boxed e-con e-parent\" data-id=\"0164ce6\" data-element_type=\"container\" data-e-type=\"container\">\n\t\t\t\t\t<div class=\"e-con-inner\">\n\t\t<div data-particle_enable=\"false\" data-particle-mobile-disabled=\"false\" class=\"elementor-element elementor-element-c2633c2 e-con-full e-flex e-con e-child\" data-id=\"c2633c2\" data-element_type=\"container\" data-e-type=\"container\">\n\t\t\t\t<div class=\"elementor-element elementor-element-944b84a elementor-widget elementor-widget-text-editor\" data-id=\"944b84a\" data-element_type=\"widget\" data-e-type=\"widget\" data-widget_type=\"text-editor.default\">\n\t\t\t\t<div class=\"elementor-widget-container\">\n\t\t\t\t\t\t\t\t\t<p style=\"text-align: left;\">The high-quality work of the committee was presented to the Rh\u00f4ne prefecture, marking the culmination of four weeks of intensive work. The auditors addressed a wide range of issues: the competitiveness of the defence industrial and technological base, the memory of the Resistance, recruitment in the armed forces, etc.<\/p><p>The heterogeneity of the professional backgrounds of each participant enabled different points of view and analyses to be cross-referenced, leading to a collective reflection on topical issues of interest to national defence and security.<\/p><p>The IHEDN would like to thank the auditors and the supervisory team for the quality of the discussions and the programme of this 234th regional session.<\/p><p>Coming soon:\u00a0<b>the 237<sup>e<\/sup> session in French Polynesia.<\/b><\/p>\t\t\t\t\t\t\t\t<\/div>\n\t\t\t\t<\/div>\n\t\t\t\t<div class=\"elementor-element elementor-element-b74c73c elementor-align-left elementor-widget__width-initial elementor-widget elementor-widget-button\" data-id=\"b74c73c\" data-element_type=\"widget\" data-e-type=\"widget\" data-widget_type=\"button.default\">\n\t\t\t\t<div class=\"elementor-widget-container\">\n\t\t\t\t\t\t\t\t\t<div class=\"elementor-button-wrapper\">\n\t\t\t\t\t<a class=\"elementor-button elementor-button-link elementor-size-xs\" href=\"https:\/\/www.demarches-simplifiees.fr\/commencer\/inscription-237eme-session-ihedn-outremer\" target=\"_blank\">\n\t\t\t\t\t\t<span class=\"elementor-button-content-wrapper\">\n\t\t\t\t\t\t\t\t\t<span class=\"elementor-button-text\">register<\/span>\n\t\t\t\t\t<\/span>\n\t\t\t\t\t<\/a>\n\t\t\t\t<\/div>\n\t\t\t\t\t\t\t\t<\/div>\n\t\t\t\t<\/div>\n\t\t\t\t<\/div>\n\t\t\t\t\t<\/div>\n\t\t\t\t<\/div>\n\t\t\t\t<\/div>","protected":false},"excerpt":{"rendered":"<p>The 234<sup>e<\/sup> session in the Auvergne-Rh\u00f4ne-Alpes region ended in Lyon on 15 December. Committee work, collective reflection, field visits... These four weeks of training enabled 50 participants to learn about France's military and industrial challenges. <\/p>","protected":false},"author":10,"featured_media":44786,"comment_status":"closed","ping_status":"closed","sticky":false,"template":"","format":"standard","meta":{"footnotes":""},"categories":[172],"tags":[],"class_list":["post-44783","post","type-post","status-publish","format-standard","has-post-thumbnail","hentry","category-notre-actualite"],"yoast_head":"<!-- This site is optimized with the Yoast SEO plugin v27.5 - https:\/\/yoast.com\/product\/yoast-seo-wordpress\/ -->\n<title>Clap de fin sur la 234e session en r\u00e9gion Auvergne Rh\u00f4ne-Alpes - L&#039;IHEDN : Institut des hautes \u00e9tudes de d\u00e9fense nationale<\/title>\n<meta name=\"description\" content=\"La 234e session en r\u00e9gion Auvergne-Rh\u00f4ne-Alpes s&#039;est cl\u00f4tur\u00e9e \u00e0 Lyon le 15 d\u00e9cembre. Travaux de comit\u00e9, r\u00e9flexion collective, visites de terrain\u2026 Ces quatre semaines de formation ont permis \u00e0 50 auditeurs de se sensibiliser aux enjeux militaires et industriels de la France.\" \/>\n<meta name=\"robots\" content=\"index, follow, max-snippet:-1, max-image-preview:large, max-video-preview:-1\" \/>\n<link rel=\"canonical\" href=\"https:\/\/ihedn.fr\/en\/notre-actualite\/clap-de-fin-sur-la-234eme-session-en-region-auvergne-rhone-alpes\/\" \/>\n<meta property=\"og:locale\" content=\"en_GB\" \/>\n<meta property=\"og:type\" content=\"article\" \/>\n<meta property=\"og:title\" content=\"Clap de fin sur la 234e session en r\u00e9gion Auvergne Rh\u00f4ne-Alpes - L&#039;IHEDN : Institut des hautes \u00e9tudes de d\u00e9fense nationale\" \/>\n<meta property=\"og:description\" content=\"La 234e session en r\u00e9gion Auvergne-Rh\u00f4ne-Alpes s&#039;est cl\u00f4tur\u00e9e \u00e0 Lyon le 15 d\u00e9cembre. Travaux de comit\u00e9, r\u00e9flexion collective, visites de terrain\u2026 Ces quatre semaines de formation ont permis \u00e0 50 auditeurs de se sensibiliser aux enjeux militaires et industriels de la France.\" \/>\n<meta property=\"og:url\" content=\"https:\/\/ihedn.fr\/en\/notre-actualite\/clap-de-fin-sur-la-234eme-session-en-region-auvergne-rhone-alpes\/\" \/>\n<meta property=\"og:site_name\" content=\"L&#039;IHEDN : Institut des hautes \u00e9tudes de d\u00e9fense nationale\" \/>\n<meta property=\"article:publisher\" content=\"https:\/\/www.facebook.com\/ihedn\/\" \/>\n<meta property=\"article:published_time\" content=\"2023-12-20T15:37:26+00:00\" \/>\n<meta property=\"article:modified_time\" content=\"2024-01-26T08:48:16+00:00\" \/>\n<meta property=\"og:image\" content=\"https:\/\/ihedn.fr\/wp-content\/uploads\/2023\/12\/AURA-3-scaled.jpg\" \/>\n\t<meta property=\"og:image:width\" content=\"2560\" \/>\n\t<meta property=\"og:image:height\" content=\"1541\" \/>\n\t<meta property=\"og:image:type\" content=\"image\/jpeg\" \/>\n<meta name=\"author\" content=\"tanguy.morel@ihedn.fr\" \/>\n<meta name=\"twitter:card\" content=\"summary_large_image\" \/>\n<meta name=\"twitter:creator\" content=\"@IHEDN\" \/>\n<meta name=\"twitter:site\" content=\"@IHEDN\" \/>\n<meta name=\"twitter:label1\" content=\"Written by\" \/>\n\t<meta name=\"twitter:data1\" content=\"tanguy.morel@ihedn.fr\" \/>\n\t<meta name=\"twitter:label2\" content=\"Estimated reading time\" \/>\n\t<meta name=\"twitter:data2\" content=\"1 minute\" \/>\n<script type=\"application\/ld+json\" class=\"yoast-schema-graph\">{\"@context\":\"https:\\\/\\\/schema.org\",\"@graph\":[{\"@type\":\"Article\",\"@id\":\"https:\\\/\\\/ihedn.fr\\\/en\\\/notre-actualite\\\/clap-de-fin-sur-la-234eme-session-en-region-auvergne-rhone-alpes\\\/#article\",\"isPartOf\":{\"@id\":\"https:\\\/\\\/ihedn.fr\\\/en\\\/notre-actualite\\\/clap-de-fin-sur-la-234eme-session-en-region-auvergne-rhone-alpes\\\/\"},\"author\":{\"name\":\"tanguy.morel@ihedn.fr\",\"@id\":\"https:\\\/\\\/ihedn.fr\\\/#\\\/schema\\\/person\\\/ed217a37104b27a246b200e65b827cc7\"},\"headline\":\"Clap de fin sur la 234e session en r\u00e9gion Auvergne Rh\u00f4ne-Alpes\",\"datePublished\":\"2023-12-20T15:37:26+00:00\",\"dateModified\":\"2024-01-26T08:48:16+00:00\",\"mainEntityOfPage\":{\"@id\":\"https:\\\/\\\/ihedn.fr\\\/en\\\/notre-actualite\\\/clap-de-fin-sur-la-234eme-session-en-region-auvergne-rhone-alpes\\\/\"},\"wordCount\":152,\"publisher\":{\"@id\":\"https:\\\/\\\/ihedn.fr\\\/#organization\"},\"image\":{\"@id\":\"https:\\\/\\\/ihedn.fr\\\/en\\\/notre-actualite\\\/clap-de-fin-sur-la-234eme-session-en-region-auvergne-rhone-alpes\\\/#primaryimage\"},\"thumbnailUrl\":\"https:\\\/\\\/ihedn.fr\\\/wp-content\\\/uploads\\\/2023\\\/12\\\/AURA-3-scaled.jpg\",\"articleSection\":[\"Notre actualit\u00e9\"],\"inLanguage\":\"en-GB\"},{\"@type\":\"WebPage\",\"@id\":\"https:\\\/\\\/ihedn.fr\\\/en\\\/notre-actualite\\\/clap-de-fin-sur-la-234eme-session-en-region-auvergne-rhone-alpes\\\/\",\"url\":\"https:\\\/\\\/ihedn.fr\\\/en\\\/notre-actualite\\\/clap-de-fin-sur-la-234eme-session-en-region-auvergne-rhone-alpes\\\/\",\"name\":\"Clap de fin sur la 234e session en r\u00e9gion Auvergne Rh\u00f4ne-Alpes - L&#039;IHEDN : Institut des hautes \u00e9tudes de d\u00e9fense nationale\",\"isPartOf\":{\"@id\":\"https:\\\/\\\/ihedn.fr\\\/#website\"},\"primaryImageOfPage\":{\"@id\":\"https:\\\/\\\/ihedn.fr\\\/en\\\/notre-actualite\\\/clap-de-fin-sur-la-234eme-session-en-region-auvergne-rhone-alpes\\\/#primaryimage\"},\"image\":{\"@id\":\"https:\\\/\\\/ihedn.fr\\\/en\\\/notre-actualite\\\/clap-de-fin-sur-la-234eme-session-en-region-auvergne-rhone-alpes\\\/#primaryimage\"},\"thumbnailUrl\":\"https:\\\/\\\/ihedn.fr\\\/wp-content\\\/uploads\\\/2023\\\/12\\\/AURA-3-scaled.jpg\",\"datePublished\":\"2023-12-20T15:37:26+00:00\",\"dateModified\":\"2024-01-26T08:48:16+00:00\",\"description\":\"La 234e session en r\u00e9gion Auvergne-Rh\u00f4ne-Alpes s'est cl\u00f4tur\u00e9e \u00e0 Lyon le 15 d\u00e9cembre. Travaux de comit\u00e9, r\u00e9flexion collective, visites de terrain\u2026 Ces quatre semaines de formation ont permis \u00e0 50 auditeurs de se sensibiliser aux enjeux militaires et industriels de la France.\",\"breadcrumb\":{\"@id\":\"https:\\\/\\\/ihedn.fr\\\/en\\\/notre-actualite\\\/clap-de-fin-sur-la-234eme-session-en-region-auvergne-rhone-alpes\\\/#breadcrumb\"},\"inLanguage\":\"en-GB\",\"potentialAction\":[{\"@type\":\"ReadAction\",\"target\":[\"https:\\\/\\\/ihedn.fr\\\/en\\\/notre-actualite\\\/clap-de-fin-sur-la-234eme-session-en-region-auvergne-rhone-alpes\\\/\"]}]},{\"@type\":\"ImageObject\",\"inLanguage\":\"en-GB\",\"@id\":\"https:\\\/\\\/ihedn.fr\\\/en\\\/notre-actualite\\\/clap-de-fin-sur-la-234eme-session-en-region-auvergne-rhone-alpes\\\/#primaryimage\",\"url\":\"https:\\\/\\\/ihedn.fr\\\/wp-content\\\/uploads\\\/2023\\\/12\\\/AURA-3-scaled.jpg\",\"contentUrl\":\"https:\\\/\\\/ihedn.fr\\\/wp-content\\\/uploads\\\/2023\\\/12\\\/AURA-3-scaled.jpg\",\"width\":2560,\"height\":1541,\"caption\":\"La 234e Session en r\u00e9gion Auvergne-Rh\u00f4nes-Alpes\"},{\"@type\":\"BreadcrumbList\",\"@id\":\"https:\\\/\\\/ihedn.fr\\\/en\\\/notre-actualite\\\/clap-de-fin-sur-la-234eme-session-en-region-auvergne-rhone-alpes\\\/#breadcrumb\",\"itemListElement\":[{\"@type\":\"ListItem\",\"position\":1,\"name\":\"Accueil\",\"item\":\"https:\\\/\\\/ihedn.fr\\\/\"},{\"@type\":\"ListItem\",\"position\":2,\"name\":\"Clap de fin sur la 234e session en r\u00e9gion Auvergne Rh\u00f4ne-Alpes\"}]},{\"@type\":\"WebSite\",\"@id\":\"https:\\\/\\\/ihedn.fr\\\/#website\",\"url\":\"https:\\\/\\\/ihedn.fr\\\/\",\"name\":\"IHEDN : Institut des hautes \u00e9tudes de d\u00e9fense nationale |\",\"description\":\"Site officiel de l&#039;IHEDN plac\u00e9 sous la tutelle du Premier ministre.\",\"publisher\":{\"@id\":\"https:\\\/\\\/ihedn.fr\\\/#organization\"},\"potentialAction\":[{\"@type\":\"SearchAction\",\"target\":{\"@type\":\"EntryPoint\",\"urlTemplate\":\"https:\\\/\\\/ihedn.fr\\\/?s={search_term_string}\"},\"query-input\":{\"@type\":\"PropertyValueSpecification\",\"valueRequired\":true,\"valueName\":\"search_term_string\"}}],\"inLanguage\":\"en-GB\"},{\"@type\":\"Organization\",\"@id\":\"https:\\\/\\\/ihedn.fr\\\/#organization\",\"name\":\"IHEDN - Institut des Hautes Etudes de D\u00e9fense Nationale\",\"url\":\"https:\\\/\\\/ihedn.fr\\\/\",\"logo\":{\"@type\":\"ImageObject\",\"inLanguage\":\"en-GB\",\"@id\":\"https:\\\/\\\/ihedn.fr\\\/#\\\/schema\\\/logo\\\/image\\\/\",\"url\":\"https:\\\/\\\/ihedn.fr\\\/wp-content\\\/uploads\\\/2020\\\/11\\\/BLOC_RF_IHEDN_WEB.png\",\"contentUrl\":\"https:\\\/\\\/ihedn.fr\\\/wp-content\\\/uploads\\\/2020\\\/11\\\/BLOC_RF_IHEDN_WEB.png\",\"width\":500,\"height\":237,\"caption\":\"IHEDN - Institut des Hautes Etudes de D\u00e9fense Nationale\"},\"image\":{\"@id\":\"https:\\\/\\\/ihedn.fr\\\/#\\\/schema\\\/logo\\\/image\\\/\"},\"sameAs\":[\"https:\\\/\\\/www.facebook.com\\\/ihedn\\\/\",\"https:\\\/\\\/x.com\\\/IHEDN\",\"https:\\\/\\\/www.instagram.com\\\/ihedn\\\/\",\"https:\\\/\\\/www.linkedin.com\\\/school\\\/ihedn\\\/\",\"https:\\\/\\\/fr.wikipedia.org\\\/wiki\\\/Institut_des_hautes_\u00e9tudes_de_D\u00e9fense_nationale\"]},{\"@type\":\"Person\",\"@id\":\"https:\\\/\\\/ihedn.fr\\\/#\\\/schema\\\/person\\\/ed217a37104b27a246b200e65b827cc7\",\"name\":\"tanguy.morel@ihedn.fr\",\"image\":{\"@type\":\"ImageObject\",\"inLanguage\":\"en-GB\",\"@id\":\"https:\\\/\\\/secure.gravatar.com\\\/avatar\\\/36877cd30919fafddf1f9da45f4154aa468a64328452f2ceaff0968772207348?s=96&d=mm&r=g\",\"url\":\"https:\\\/\\\/secure.gravatar.com\\\/avatar\\\/36877cd30919fafddf1f9da45f4154aa468a64328452f2ceaff0968772207348?s=96&d=mm&r=g\",\"contentUrl\":\"https:\\\/\\\/secure.gravatar.com\\\/avatar\\\/36877cd30919fafddf1f9da45f4154aa468a64328452f2ceaff0968772207348?s=96&d=mm&r=g\",\"caption\":\"tanguy.morel@ihedn.fr\"},\"url\":\"https:\\\/\\\/ihedn.fr\\\/en\\\/author\\\/tanguy-morelihedn-fr\\\/\"}]}<\/script>\n<!-- \/ Yoast SEO plugin. -->","yoast_head_json":{"title":"The 234th session in the Auvergne Rh\u00f4ne-Alpes region draws to a close - L'IHEDN : Institut des hautes \u00e9tudes de d\u00e9fense nationale (French Institute for Advanced National Defence Studies)","description":"The 234th session in the Auvergne-Rh\u00f4ne-Alpes region ended in Lyon on 15 December. Committee work, collective reflection, field visits... These four weeks of training enabled 50 students to learn about France's military and industrial challenges.","robots":{"index":"index","follow":"follow","max-snippet":"max-snippet:-1","max-image-preview":"max-image-preview:large","max-video-preview":"max-video-preview:-1"},"canonical":"https:\/\/ihedn.fr\/en\/notre-actualite\/clap-de-fin-sur-la-234eme-session-en-region-auvergne-rhone-alpes\/","og_locale":"en_GB","og_type":"article","og_title":"Clap de fin sur la 234e session en r\u00e9gion Auvergne Rh\u00f4ne-Alpes - L&#039;IHEDN : Institut des hautes \u00e9tudes de d\u00e9fense nationale","og_description":"La 234e session en r\u00e9gion Auvergne-Rh\u00f4ne-Alpes s'est cl\u00f4tur\u00e9e \u00e0 Lyon le 15 d\u00e9cembre. Travaux de comit\u00e9, r\u00e9flexion collective, visites de terrain\u2026 Ces quatre semaines de formation ont permis \u00e0 50 auditeurs de se sensibiliser aux enjeux militaires et industriels de la France.","og_url":"https:\/\/ihedn.fr\/en\/notre-actualite\/clap-de-fin-sur-la-234eme-session-en-region-auvergne-rhone-alpes\/","og_site_name":"L&#039;IHEDN : Institut des hautes \u00e9tudes de d\u00e9fense nationale","article_publisher":"https:\/\/www.facebook.com\/ihedn\/","article_published_time":"2023-12-20T15:37:26+00:00","article_modified_time":"2024-01-26T08:48:16+00:00","og_image":[{"width":2560,"height":1541,"url":"https:\/\/ihedn.fr\/wp-content\/uploads\/2023\/12\/AURA-3-scaled.jpg","type":"image\/jpeg"}],"author":"tanguy.morel@ihedn.fr","twitter_card":"summary_large_image","twitter_creator":"@IHEDN","twitter_site":"@IHEDN","twitter_misc":{"Written by":"tanguy.morel@ihedn.fr","Estimated reading time":"1 minute"},"schema":{"@context":"https:\/\/schema.org","@graph":[{"@type":"Article","@id":"https:\/\/ihedn.fr\/en\/notre-actualite\/clap-de-fin-sur-la-234eme-session-en-region-auvergne-rhone-alpes\/#article","isPartOf":{"@id":"https:\/\/ihedn.fr\/en\/notre-actualite\/clap-de-fin-sur-la-234eme-session-en-region-auvergne-rhone-alpes\/"},"author":{"name":"tanguy.morel@ihedn.fr","@id":"https:\/\/ihedn.fr\/#\/schema\/person\/ed217a37104b27a246b200e65b827cc7"},"headline":"Clap de fin sur la 234e session en r\u00e9gion Auvergne Rh\u00f4ne-Alpes","datePublished":"2023-12-20T15:37:26+00:00","dateModified":"2024-01-26T08:48:16+00:00","mainEntityOfPage":{"@id":"https:\/\/ihedn.fr\/en\/notre-actualite\/clap-de-fin-sur-la-234eme-session-en-region-auvergne-rhone-alpes\/"},"wordCount":152,"publisher":{"@id":"https:\/\/ihedn.fr\/#organization"},"image":{"@id":"https:\/\/ihedn.fr\/en\/notre-actualite\/clap-de-fin-sur-la-234eme-session-en-region-auvergne-rhone-alpes\/#primaryimage"},"thumbnailUrl":"https:\/\/ihedn.fr\/wp-content\/uploads\/2023\/12\/AURA-3-scaled.jpg","articleSection":["Notre actualit\u00e9"],"inLanguage":"en-GB"},{"@type":"WebPage","@id":"https:\/\/ihedn.fr\/en\/notre-actualite\/clap-de-fin-sur-la-234eme-session-en-region-auvergne-rhone-alpes\/","url":"https:\/\/ihedn.fr\/en\/notre-actualite\/clap-de-fin-sur-la-234eme-session-en-region-auvergne-rhone-alpes\/","name":"The 234th session in the Auvergne Rh\u00f4ne-Alpes region draws to a close - L'IHEDN : Institut des hautes \u00e9tudes de d\u00e9fense nationale (French Institute for Advanced National Defence Studies)","isPartOf":{"@id":"https:\/\/ihedn.fr\/#website"},"primaryImageOfPage":{"@id":"https:\/\/ihedn.fr\/en\/notre-actualite\/clap-de-fin-sur-la-234eme-session-en-region-auvergne-rhone-alpes\/#primaryimage"},"image":{"@id":"https:\/\/ihedn.fr\/en\/notre-actualite\/clap-de-fin-sur-la-234eme-session-en-region-auvergne-rhone-alpes\/#primaryimage"},"thumbnailUrl":"https:\/\/ihedn.fr\/wp-content\/uploads\/2023\/12\/AURA-3-scaled.jpg","datePublished":"2023-12-20T15:37:26+00:00","dateModified":"2024-01-26T08:48:16+00:00","description":"The 234th session in the Auvergne-Rh\u00f4ne-Alpes region ended in Lyon on 15 December. Committee work, collective reflection, field visits... These four weeks of training enabled 50 students to learn about France's military and industrial challenges.","breadcrumb":{"@id":"https:\/\/ihedn.fr\/en\/notre-actualite\/clap-de-fin-sur-la-234eme-session-en-region-auvergne-rhone-alpes\/#breadcrumb"},"inLanguage":"en-GB","potentialAction":[{"@type":"ReadAction","target":["https:\/\/ihedn.fr\/en\/notre-actualite\/clap-de-fin-sur-la-234eme-session-en-region-auvergne-rhone-alpes\/"]}]},{"@type":"ImageObject","inLanguage":"en-GB","@id":"https:\/\/ihedn.fr\/en\/notre-actualite\/clap-de-fin-sur-la-234eme-session-en-region-auvergne-rhone-alpes\/#primaryimage","url":"https:\/\/ihedn.fr\/wp-content\/uploads\/2023\/12\/AURA-3-scaled.jpg","contentUrl":"https:\/\/ihedn.fr\/wp-content\/uploads\/2023\/12\/AURA-3-scaled.jpg","width":2560,"height":1541,"caption":"La 234e Session en r\u00e9gion Auvergne-Rh\u00f4nes-Alpes"},{"@type":"BreadcrumbList","@id":"https:\/\/ihedn.fr\/en\/notre-actualite\/clap-de-fin-sur-la-234eme-session-en-region-auvergne-rhone-alpes\/#breadcrumb","itemListElement":[{"@type":"ListItem","position":1,"name":"Accueil","item":"https:\/\/ihedn.fr\/"},{"@type":"ListItem","position":2,"name":"Clap de fin sur la 234e session en r\u00e9gion Auvergne Rh\u00f4ne-Alpes"}]},{"@type":"WebSite","@id":"https:\/\/ihedn.fr\/#website","url":"https:\/\/ihedn.fr\/","name":"IHEDN: Institut des hautes \u00e9tudes de d\u00e9fense nationale (Institute for Higher National Defence Studies)","description":"Official website of the IHEDN under the supervision of the Prime Minister.","publisher":{"@id":"https:\/\/ihedn.fr\/#organization"},"potentialAction":[{"@type":"SearchAction","target":{"@type":"EntryPoint","urlTemplate":"https:\/\/ihedn.fr\/?s={search_term_string}"},"query-input":{"@type":"PropertyValueSpecification","valueRequired":true,"valueName":"search_term_string"}}],"inLanguage":"en-GB"},{"@type":"Organization","@id":"https:\/\/ihedn.fr\/#organization","name":"IHEDN - Institute for Higher National Defence Studies","url":"https:\/\/ihedn.fr\/","logo":{"@type":"ImageObject","inLanguage":"en-GB","@id":"https:\/\/ihedn.fr\/#\/schema\/logo\/image\/","url":"https:\/\/ihedn.fr\/wp-content\/uploads\/2020\/11\/BLOC_RF_IHEDN_WEB.png","contentUrl":"https:\/\/ihedn.fr\/wp-content\/uploads\/2020\/11\/BLOC_RF_IHEDN_WEB.png","width":500,"height":237,"caption":"IHEDN - Institut des Hautes Etudes de D\u00e9fense Nationale"},"image":{"@id":"https:\/\/ihedn.fr\/#\/schema\/logo\/image\/"},"sameAs":["https:\/\/www.facebook.com\/ihedn\/","https:\/\/x.com\/IHEDN","https:\/\/www.instagram.com\/ihedn\/","https:\/\/www.linkedin.com\/school\/ihedn\/","https:\/\/fr.wikipedia.org\/wiki\/Institut_des_hautes_\u00e9tudes_de_D\u00e9fense_nationale"]},{"@type":"Person","@id":"https:\/\/ihedn.fr\/#\/schema\/person\/ed217a37104b27a246b200e65b827cc7","name":"tanguy.morel@ihedn.fr","image":{"@type":"ImageObject","inLanguage":"en-GB","@id":"https:\/\/secure.gravatar.com\/avatar\/36877cd30919fafddf1f9da45f4154aa468a64328452f2ceaff0968772207348?s=96&d=mm&r=g","url":"https:\/\/secure.gravatar.com\/avatar\/36877cd30919fafddf1f9da45f4154aa468a64328452f2ceaff0968772207348?s=96&d=mm&r=g","contentUrl":"https:\/\/secure.gravatar.com\/avatar\/36877cd30919fafddf1f9da45f4154aa468a64328452f2ceaff0968772207348?s=96&d=mm&r=g","caption":"tanguy.morel@ihedn.fr"},"url":"https:\/\/ihedn.fr\/en\/author\/tanguy-morelihedn-fr\/"}]}},"publishpress_future_action":{"enabled":false,"date":"2026-05-09 04:19:00","action":"change-status","newStatus":"draft","terms":[],"taxonomy":"category","extraData":[]},"publishpress_future_workflow_manual_trigger":{"enabledWorkflows":[]},"_links":{"self":[{"href":"https:\/\/ihedn.fr\/en\/wp-json\/wp\/v2\/posts\/44783","targetHints":{"allow":["GET"]}}],"collection":[{"href":"https:\/\/ihedn.fr\/en\/wp-json\/wp\/v2\/posts"}],"about":[{"href":"https:\/\/ihedn.fr\/en\/wp-json\/wp\/v2\/types\/post"}],"author":[{"embeddable":true,"href":"https:\/\/ihedn.fr\/en\/wp-json\/wp\/v2\/users\/10"}],"replies":[{"embeddable":true,"href":"https:\/\/ihedn.fr\/en\/wp-json\/wp\/v2\/comments?post=44783"}],"version-history":[{"count":11,"href":"https:\/\/ihedn.fr\/en\/wp-json\/wp\/v2\/posts\/44783\/revisions"}],"predecessor-version":[{"id":45518,"href":"https:\/\/ihedn.fr\/en\/wp-json\/wp\/v2\/posts\/44783\/revisions\/45518"}],"wp:featuredmedia":[{"embeddable":true,"href":"https:\/\/ihedn.fr\/en\/wp-json\/wp\/v2\/media\/44786"}],"wp:attachment":[{"href":"https:\/\/ihedn.fr\/en\/wp-json\/wp\/v2\/media?parent=44783"}],"wp:term":[{"taxonomy":"category","embeddable":true,"href":"https:\/\/ihedn.fr\/en\/wp-json\/wp\/v2\/categories?post=44783"},{"taxonomy":"post_tag","embeddable":true,"href":"https:\/\/ihedn.fr\/en\/wp-json\/wp\/v2\/tags?post=44783"}],"curies":[{"name":"wp","href":"https:\/\/api.w.org\/{rel}","templated":true}]}}