{"id":44950,"date":"2024-01-05T14:40:24","date_gmt":"2024-01-05T13:40:24","guid":{"rendered":"https:\/\/ihedn.fr\/?p=44950"},"modified":"2024-01-05T14:58:58","modified_gmt":"2024-01-05T13:58:58","slug":"le-sahel-epicentre-geopolitique","status":"publish","type":"post","link":"https:\/\/ihedn.fr\/en\/veille-strategique\/le-sahel-epicentre-geopolitique\/","title":{"rendered":"The Sahel, geopolitical epicentre"},"content":{"rendered":"<div data-elementor-type=\"wp-post\" data-elementor-id=\"44950\" class=\"elementor elementor-44950\" data-elementor-post-type=\"post\">\n\t\t\t\t\t\t<section data-particle_enable=\"false\" data-particle-mobile-disabled=\"false\" class=\"elementor-section elementor-top-section elementor-element elementor-element-f66b938 elementor-section-boxed elementor-section-height-default elementor-section-height-default\" data-id=\"f66b938\" data-element_type=\"section\" data-e-type=\"section\">\n\t\t\t\t\t\t<div class=\"elementor-container elementor-column-gap-default\">\n\t\t\t\t\t<div class=\"elementor-column elementor-col-100 elementor-top-column elementor-element elementor-element-17f03b1\" data-id=\"17f03b1\" data-element_type=\"column\" data-e-type=\"column\">\n\t\t\t<div class=\"elementor-widget-wrap elementor-element-populated\">\n\t\t\t\t\t\t<div class=\"elementor-element elementor-element-37d2ebc elementor-widget__width-initial elementor-widget elementor-widget-text-editor\" data-id=\"37d2ebc\" data-element_type=\"widget\" data-e-type=\"widget\" data-widget_type=\"text-editor.default\">\n\t\t\t\t<div class=\"elementor-widget-container\">\n\t\t\t\t\t\t\t\t\t<p>Through an insightful analysis of the sociogenesis of extremism and crime in the Sahel and the paradigm shifts, the author unpacks the historical, political and cultural dynamics that have shaped the Sahel into a geopolitical epicentre. This book offers a rich and nuanced look at the Sahel, highlighting local structural initiatives and community strategies that seek to resolve the region's security problems.<\/p>\t\t\t\t\t\t\t\t<\/div>\n\t\t\t\t<\/div>\n\t\t\t\t<div class=\"elementor-element elementor-element-7f83902 elementor-widget elementor-widget-text-editor\" data-id=\"7f83902\" data-element_type=\"widget\" data-e-type=\"widget\" data-widget_type=\"text-editor.default\">\n\t\t\t\t<div class=\"elementor-widget-container\">\n\t\t\t\t\t\t\t\t\t<p><strong>NIANG Thierno Souleymane Diop, L'Harmattan, 7 December 2023<\/strong><\/p>\t\t\t\t\t\t\t\t<\/div>\n\t\t\t\t<\/div>\n\t\t\t\t<div class=\"elementor-element elementor-element-5222ae9 elementor-align-right elementor-widget elementor-widget-button\" data-id=\"5222ae9\" data-element_type=\"widget\" data-e-type=\"widget\" data-widget_type=\"button.default\">\n\t\t\t\t<div class=\"elementor-widget-container\">\n\t\t\t\t\t\t\t\t\t<div class=\"elementor-button-wrapper\">\n\t\t\t\t\t<a class=\"elementor-button elementor-button-link elementor-size-xs\" href=\"https:\/\/www.editions-harmattan.fr\/livre-le_sahel_epicentre_geopolitique_des_solutions_endogenes_face_a_l_enjeu_securitaire_thierno_souleymane_diop_niang-9782336411613-78512.html\" target=\"_blank\">\n\t\t\t\t\t\t<span class=\"elementor-button-content-wrapper\">\n\t\t\t\t\t\t\t\t\t<span class=\"elementor-button-text\">More information<\/span>\n\t\t\t\t\t<\/span>\n\t\t\t\t\t<\/a>\n\t\t\t\t<\/div>\n\t\t\t\t\t\t\t\t<\/div>\n\t\t\t\t<\/div>\n\t\t\t\t\t<\/div>\n\t\t<\/div>\n\t\t\t\t\t<\/div>\n\t\t<\/section>\n\t\t\t\t<\/div>","protected":false},"excerpt":{"rendered":"<p>\u00c0\u00a0travers une analyse perspicace de la sociogen\u00e8se de l\u2019extr\u00e9misme et du crime au Sahel et des changements de paradigmes, l\u2019auteur d\u00e9cortique les dynamiques historiques, politiques et culturelles qui ont fa\u00e7onn\u00e9 le Sahel en un \u00e9picentre g\u00e9opolitique. Ce livre propose un regard riche et nuanc\u00e9 sur le Sahel, en mettant en avant des initiatives structurelles locales [&hellip;]<\/p>\n","protected":false},"author":10,"featured_media":44951,"comment_status":"closed","ping_status":"closed","sticky":false,"template":"","format":"standard","meta":{"footnotes":""},"categories":[92,175],"tags":[],"class_list":["post-44950","post","type-post","status-publish","format-standard","has-post-thumbnail","hentry","category-nos-lectures","category-veille-strategique"],"yoast_head":"<!-- This site is optimized with the Yoast SEO plugin v27.5 - https:\/\/yoast.com\/product\/yoast-seo-wordpress\/ -->\n<title>Le Sahel, \u00e9picentre g\u00e9opolitique - L&#039;IHEDN : Institut des hautes \u00e9tudes de d\u00e9fense nationale<\/title>\n<meta name=\"description\" content=\"\u00c0 travers une analyse perspicace de la sociogen\u00e8se de l\u2019extr\u00e9misme et du crime au Sahel et des changements de paradigmes, l\u2019auteur d\u00e9cortique les dynamiques historiques, politiques et culturelles qui ont fa\u00e7onn\u00e9 le Sahel en un \u00e9picentre g\u00e9opolitique. Ce livre propose un regard riche et nuanc\u00e9 sur le Sahel, en mettant en avant des initiatives structurelles locales et des strat\u00e9gies communautaires qui cherchent \u00e0 r\u00e9soudre les probl\u00e8mes s\u00e9curitaires de la r\u00e9gion.\" \/>\n<meta name=\"robots\" content=\"index, follow, max-snippet:-1, max-image-preview:large, max-video-preview:-1\" \/>\n<link rel=\"canonical\" href=\"https:\/\/ihedn.fr\/en\/publications\/nos-lectures\/le-sahel-epicentre-geopolitique\/\" \/>\n<meta property=\"og:locale\" content=\"en_GB\" \/>\n<meta property=\"og:type\" content=\"article\" \/>\n<meta property=\"og:title\" content=\"Le Sahel, \u00e9picentre g\u00e9opolitique\" \/>\n<meta property=\"og:description\" content=\"\u00c0 travers une analyse perspicace de la sociogen\u00e8se de l\u2019extr\u00e9misme et du crime au Sahel et des changements de paradigmes, l\u2019auteur d\u00e9cortique les dynamiques historiques, politiques et culturelles qui ont fa\u00e7onn\u00e9 le Sahel en un \u00e9picentre g\u00e9opolitique. Ce livre propose un regard riche et nuanc\u00e9 sur le Sahel, en mettant en avant des initiatives structurelles locales et des strat\u00e9gies communautaires qui cherchent \u00e0 r\u00e9soudre les probl\u00e8mes s\u00e9curitaires de la r\u00e9gion.\" \/>\n<meta property=\"og:url\" content=\"https:\/\/ihedn.fr\/en\/publications\/nos-lectures\/le-sahel-epicentre-geopolitique\/\" \/>\n<meta property=\"og:site_name\" content=\"L&#039;IHEDN : Institut des hautes \u00e9tudes de d\u00e9fense nationale\" \/>\n<meta property=\"article:publisher\" content=\"https:\/\/www.facebook.com\/ihedn\/\" \/>\n<meta property=\"article:published_time\" content=\"2024-01-05T13:40:24+00:00\" \/>\n<meta property=\"article:modified_time\" content=\"2024-01-05T13:58:58+00:00\" \/>\n<meta property=\"og:image\" content=\"https:\/\/ihedn.fr\/wp-content\/uploads\/2024\/01\/le_sahel_epicentre.jpg\" \/>\n\t<meta property=\"og:image:width\" content=\"316\" \/>\n\t<meta property=\"og:image:height\" content=\"503\" \/>\n\t<meta property=\"og:image:type\" content=\"image\/jpeg\" \/>\n<meta name=\"author\" content=\"tanguy.morel@ihedn.fr\" \/>\n<meta name=\"twitter:card\" content=\"summary_large_image\" \/>\n<meta name=\"twitter:title\" content=\"Le Sahel, \u00e9picentre g\u00e9opolitique\" \/>\n<meta name=\"twitter:description\" content=\"\u00c0 travers une analyse perspicace de la sociogen\u00e8se de l\u2019extr\u00e9misme et du crime au Sahel et des changements de paradigmes, l\u2019auteur d\u00e9cortique les dynamiques historiques, politiques et culturelles qui ont fa\u00e7onn\u00e9 le Sahel en un \u00e9picentre g\u00e9opolitique. Ce livre propose un regard riche et nuanc\u00e9 sur le Sahel, en mettant en avant des initiatives structurelles locales et des strat\u00e9gies communautaires qui cherchent \u00e0 r\u00e9soudre les probl\u00e8mes s\u00e9curitaires de la r\u00e9gion.\" \/>\n<meta name=\"twitter:image\" content=\"https:\/\/ihedn.fr\/wp-content\/uploads\/2024\/01\/le_sahel_epicentre.jpg\" \/>\n<meta name=\"twitter:creator\" content=\"@IHEDN\" \/>\n<meta name=\"twitter:site\" content=\"@IHEDN\" \/>\n<meta name=\"twitter:label1\" content=\"Written by\" \/>\n\t<meta name=\"twitter:data1\" content=\"tanguy.morel@ihedn.fr\" \/>\n\t<meta name=\"twitter:label2\" content=\"Estimated reading time\" \/>\n\t<meta name=\"twitter:data2\" content=\"1 minute\" \/>\n<script type=\"application\/ld+json\" class=\"yoast-schema-graph\">{\"@context\":\"https:\\\/\\\/schema.org\",\"@graph\":[{\"@type\":\"Article\",\"@id\":\"https:\\\/\\\/ihedn.fr\\\/publications\\\/nos-lectures\\\/le-sahel-epicentre-geopolitique\\\/#article\",\"isPartOf\":{\"@id\":\"https:\\\/\\\/ihedn.fr\\\/publications\\\/nos-lectures\\\/le-sahel-epicentre-geopolitique\\\/\"},\"author\":{\"name\":\"tanguy.morel@ihedn.fr\",\"@id\":\"https:\\\/\\\/ihedn.fr\\\/#\\\/schema\\\/person\\\/ed217a37104b27a246b200e65b827cc7\"},\"headline\":\"Le Sahel, \u00e9picentre g\u00e9opolitique\",\"datePublished\":\"2024-01-05T13:40:24+00:00\",\"dateModified\":\"2024-01-05T13:58:58+00:00\",\"mainEntityOfPage\":{\"@id\":\"https:\\\/\\\/ihedn.fr\\\/publications\\\/nos-lectures\\\/le-sahel-epicentre-geopolitique\\\/\"},\"wordCount\":96,\"publisher\":{\"@id\":\"https:\\\/\\\/ihedn.fr\\\/#organization\"},\"image\":{\"@id\":\"https:\\\/\\\/ihedn.fr\\\/publications\\\/nos-lectures\\\/le-sahel-epicentre-geopolitique\\\/#primaryimage\"},\"thumbnailUrl\":\"https:\\\/\\\/ihedn.fr\\\/wp-content\\\/uploads\\\/2024\\\/01\\\/le_sahel_epicentre.jpg\",\"articleSection\":[\"nos lectures\",\"Veille strat\u00e9gique\"],\"inLanguage\":\"en-GB\"},{\"@type\":\"WebPage\",\"@id\":\"https:\\\/\\\/ihedn.fr\\\/publications\\\/nos-lectures\\\/le-sahel-epicentre-geopolitique\\\/\",\"url\":\"https:\\\/\\\/ihedn.fr\\\/publications\\\/nos-lectures\\\/le-sahel-epicentre-geopolitique\\\/\",\"name\":\"Le Sahel, \u00e9picentre g\u00e9opolitique - L&#039;IHEDN : Institut des hautes \u00e9tudes de d\u00e9fense nationale\",\"isPartOf\":{\"@id\":\"https:\\\/\\\/ihedn.fr\\\/#website\"},\"primaryImageOfPage\":{\"@id\":\"https:\\\/\\\/ihedn.fr\\\/publications\\\/nos-lectures\\\/le-sahel-epicentre-geopolitique\\\/#primaryimage\"},\"image\":{\"@id\":\"https:\\\/\\\/ihedn.fr\\\/publications\\\/nos-lectures\\\/le-sahel-epicentre-geopolitique\\\/#primaryimage\"},\"thumbnailUrl\":\"https:\\\/\\\/ihedn.fr\\\/wp-content\\\/uploads\\\/2024\\\/01\\\/le_sahel_epicentre.jpg\",\"datePublished\":\"2024-01-05T13:40:24+00:00\",\"dateModified\":\"2024-01-05T13:58:58+00:00\",\"description\":\"\u00c0 travers une analyse perspicace de la sociogen\u00e8se de l\u2019extr\u00e9misme et du crime au Sahel et des changements de paradigmes, l\u2019auteur d\u00e9cortique les dynamiques historiques, politiques et culturelles qui ont fa\u00e7onn\u00e9 le Sahel en un \u00e9picentre g\u00e9opolitique. Ce livre propose un regard riche et nuanc\u00e9 sur le Sahel, en mettant en avant des initiatives structurelles locales et des strat\u00e9gies communautaires qui cherchent \u00e0 r\u00e9soudre les probl\u00e8mes s\u00e9curitaires de la r\u00e9gion.\",\"breadcrumb\":{\"@id\":\"https:\\\/\\\/ihedn.fr\\\/publications\\\/nos-lectures\\\/le-sahel-epicentre-geopolitique\\\/#breadcrumb\"},\"inLanguage\":\"en-GB\",\"potentialAction\":[{\"@type\":\"ReadAction\",\"target\":[\"https:\\\/\\\/ihedn.fr\\\/publications\\\/nos-lectures\\\/le-sahel-epicentre-geopolitique\\\/\"]}]},{\"@type\":\"ImageObject\",\"inLanguage\":\"en-GB\",\"@id\":\"https:\\\/\\\/ihedn.fr\\\/publications\\\/nos-lectures\\\/le-sahel-epicentre-geopolitique\\\/#primaryimage\",\"url\":\"https:\\\/\\\/ihedn.fr\\\/wp-content\\\/uploads\\\/2024\\\/01\\\/le_sahel_epicentre.jpg\",\"contentUrl\":\"https:\\\/\\\/ihedn.fr\\\/wp-content\\\/uploads\\\/2024\\\/01\\\/le_sahel_epicentre.jpg\",\"width\":316,\"height\":503,\"caption\":\"Livre Le Sahel, \u00e9picentre g\u00e9opolitique\"},{\"@type\":\"BreadcrumbList\",\"@id\":\"https:\\\/\\\/ihedn.fr\\\/publications\\\/nos-lectures\\\/le-sahel-epicentre-geopolitique\\\/#breadcrumb\",\"itemListElement\":[{\"@type\":\"ListItem\",\"position\":1,\"name\":\"Accueil\",\"item\":\"https:\\\/\\\/ihedn.fr\\\/\"},{\"@type\":\"ListItem\",\"position\":2,\"name\":\"Le Sahel, \u00e9picentre g\u00e9opolitique\"}]},{\"@type\":\"WebSite\",\"@id\":\"https:\\\/\\\/ihedn.fr\\\/#website\",\"url\":\"https:\\\/\\\/ihedn.fr\\\/\",\"name\":\"IHEDN : Institut des hautes \u00e9tudes de d\u00e9fense nationale |\",\"description\":\"Site officiel de l&#039;IHEDN plac\u00e9 sous la tutelle du Premier ministre.\",\"publisher\":{\"@id\":\"https:\\\/\\\/ihedn.fr\\\/#organization\"},\"potentialAction\":[{\"@type\":\"SearchAction\",\"target\":{\"@type\":\"EntryPoint\",\"urlTemplate\":\"https:\\\/\\\/ihedn.fr\\\/?s={search_term_string}\"},\"query-input\":{\"@type\":\"PropertyValueSpecification\",\"valueRequired\":true,\"valueName\":\"search_term_string\"}}],\"inLanguage\":\"en-GB\"},{\"@type\":\"Organization\",\"@id\":\"https:\\\/\\\/ihedn.fr\\\/#organization\",\"name\":\"IHEDN - Institut des Hautes Etudes de D\u00e9fense Nationale\",\"url\":\"https:\\\/\\\/ihedn.fr\\\/\",\"logo\":{\"@type\":\"ImageObject\",\"inLanguage\":\"en-GB\",\"@id\":\"https:\\\/\\\/ihedn.fr\\\/#\\\/schema\\\/logo\\\/image\\\/\",\"url\":\"https:\\\/\\\/ihedn.fr\\\/wp-content\\\/uploads\\\/2020\\\/11\\\/BLOC_RF_IHEDN_WEB.png\",\"contentUrl\":\"https:\\\/\\\/ihedn.fr\\\/wp-content\\\/uploads\\\/2020\\\/11\\\/BLOC_RF_IHEDN_WEB.png\",\"width\":500,\"height\":237,\"caption\":\"IHEDN - Institut des Hautes Etudes de D\u00e9fense Nationale\"},\"image\":{\"@id\":\"https:\\\/\\\/ihedn.fr\\\/#\\\/schema\\\/logo\\\/image\\\/\"},\"sameAs\":[\"https:\\\/\\\/www.facebook.com\\\/ihedn\\\/\",\"https:\\\/\\\/x.com\\\/IHEDN\",\"https:\\\/\\\/www.instagram.com\\\/ihedn\\\/\",\"https:\\\/\\\/www.linkedin.com\\\/school\\\/ihedn\\\/\",\"https:\\\/\\\/fr.wikipedia.org\\\/wiki\\\/Institut_des_hautes_\u00e9tudes_de_D\u00e9fense_nationale\"]},{\"@type\":\"Person\",\"@id\":\"https:\\\/\\\/ihedn.fr\\\/#\\\/schema\\\/person\\\/ed217a37104b27a246b200e65b827cc7\",\"name\":\"tanguy.morel@ihedn.fr\",\"image\":{\"@type\":\"ImageObject\",\"inLanguage\":\"en-GB\",\"@id\":\"https:\\\/\\\/secure.gravatar.com\\\/avatar\\\/36877cd30919fafddf1f9da45f4154aa468a64328452f2ceaff0968772207348?s=96&d=mm&r=g\",\"url\":\"https:\\\/\\\/secure.gravatar.com\\\/avatar\\\/36877cd30919fafddf1f9da45f4154aa468a64328452f2ceaff0968772207348?s=96&d=mm&r=g\",\"contentUrl\":\"https:\\\/\\\/secure.gravatar.com\\\/avatar\\\/36877cd30919fafddf1f9da45f4154aa468a64328452f2ceaff0968772207348?s=96&d=mm&r=g\",\"caption\":\"tanguy.morel@ihedn.fr\"},\"url\":\"https:\\\/\\\/ihedn.fr\\\/en\\\/author\\\/tanguy-morelihedn-fr\\\/\"}]}<\/script>\n<!-- \/ Yoast SEO plugin. -->","yoast_head_json":{"title":"The Sahel, a geopolitical epicentre - IHEDN : Institut des hautes \u00e9tudes de d\u00e9fense nationale (Graduate Institute of National Defence)","description":"Through an insightful analysis of the sociogenesis of extremism and crime in the Sahel and the paradigm shifts, the author unpacks the historical, political and cultural dynamics that have shaped the Sahel into a geopolitical epicentre. This book offers a rich and nuanced look at the Sahel, highlighting local structural initiatives and community strategies that seek to resolve the region's security problems.","robots":{"index":"index","follow":"follow","max-snippet":"max-snippet:-1","max-image-preview":"max-image-preview:large","max-video-preview":"max-video-preview:-1"},"canonical":"https:\/\/ihedn.fr\/en\/publications\/nos-lectures\/le-sahel-epicentre-geopolitique\/","og_locale":"en_GB","og_type":"article","og_title":"Le Sahel, \u00e9picentre g\u00e9opolitique","og_description":"\u00c0 travers une analyse perspicace de la sociogen\u00e8se de l\u2019extr\u00e9misme et du crime au Sahel et des changements de paradigmes, l\u2019auteur d\u00e9cortique les dynamiques historiques, politiques et culturelles qui ont fa\u00e7onn\u00e9 le Sahel en un \u00e9picentre g\u00e9opolitique. Ce livre propose un regard riche et nuanc\u00e9 sur le Sahel, en mettant en avant des initiatives structurelles locales et des strat\u00e9gies communautaires qui cherchent \u00e0 r\u00e9soudre les probl\u00e8mes s\u00e9curitaires de la r\u00e9gion.","og_url":"https:\/\/ihedn.fr\/en\/publications\/nos-lectures\/le-sahel-epicentre-geopolitique\/","og_site_name":"L&#039;IHEDN : Institut des hautes \u00e9tudes de d\u00e9fense nationale","article_publisher":"https:\/\/www.facebook.com\/ihedn\/","article_published_time":"2024-01-05T13:40:24+00:00","article_modified_time":"2024-01-05T13:58:58+00:00","og_image":[{"width":316,"height":503,"url":"https:\/\/ihedn.fr\/wp-content\/uploads\/2024\/01\/le_sahel_epicentre.jpg","type":"image\/jpeg"}],"author":"tanguy.morel@ihedn.fr","twitter_card":"summary_large_image","twitter_title":"Le Sahel, \u00e9picentre g\u00e9opolitique","twitter_description":"\u00c0 travers une analyse perspicace de la sociogen\u00e8se de l\u2019extr\u00e9misme et du crime au Sahel et des changements de paradigmes, l\u2019auteur d\u00e9cortique les dynamiques historiques, politiques et culturelles qui ont fa\u00e7onn\u00e9 le Sahel en un \u00e9picentre g\u00e9opolitique. Ce livre propose un regard riche et nuanc\u00e9 sur le Sahel, en mettant en avant des initiatives structurelles locales et des strat\u00e9gies communautaires qui cherchent \u00e0 r\u00e9soudre les probl\u00e8mes s\u00e9curitaires de la r\u00e9gion.","twitter_image":"https:\/\/ihedn.fr\/wp-content\/uploads\/2024\/01\/le_sahel_epicentre.jpg","twitter_creator":"@IHEDN","twitter_site":"@IHEDN","twitter_misc":{"Written by":"tanguy.morel@ihedn.fr","Estimated reading time":"1 minute"},"schema":{"@context":"https:\/\/schema.org","@graph":[{"@type":"Article","@id":"https:\/\/ihedn.fr\/publications\/nos-lectures\/le-sahel-epicentre-geopolitique\/#article","isPartOf":{"@id":"https:\/\/ihedn.fr\/publications\/nos-lectures\/le-sahel-epicentre-geopolitique\/"},"author":{"name":"tanguy.morel@ihedn.fr","@id":"https:\/\/ihedn.fr\/#\/schema\/person\/ed217a37104b27a246b200e65b827cc7"},"headline":"Le Sahel, \u00e9picentre g\u00e9opolitique","datePublished":"2024-01-05T13:40:24+00:00","dateModified":"2024-01-05T13:58:58+00:00","mainEntityOfPage":{"@id":"https:\/\/ihedn.fr\/publications\/nos-lectures\/le-sahel-epicentre-geopolitique\/"},"wordCount":96,"publisher":{"@id":"https:\/\/ihedn.fr\/#organization"},"image":{"@id":"https:\/\/ihedn.fr\/publications\/nos-lectures\/le-sahel-epicentre-geopolitique\/#primaryimage"},"thumbnailUrl":"https:\/\/ihedn.fr\/wp-content\/uploads\/2024\/01\/le_sahel_epicentre.jpg","articleSection":["nos lectures","Veille strat\u00e9gique"],"inLanguage":"en-GB"},{"@type":"WebPage","@id":"https:\/\/ihedn.fr\/publications\/nos-lectures\/le-sahel-epicentre-geopolitique\/","url":"https:\/\/ihedn.fr\/publications\/nos-lectures\/le-sahel-epicentre-geopolitique\/","name":"The Sahel, a geopolitical epicentre - IHEDN : Institut des hautes \u00e9tudes de d\u00e9fense nationale (Graduate Institute of National Defence)","isPartOf":{"@id":"https:\/\/ihedn.fr\/#website"},"primaryImageOfPage":{"@id":"https:\/\/ihedn.fr\/publications\/nos-lectures\/le-sahel-epicentre-geopolitique\/#primaryimage"},"image":{"@id":"https:\/\/ihedn.fr\/publications\/nos-lectures\/le-sahel-epicentre-geopolitique\/#primaryimage"},"thumbnailUrl":"https:\/\/ihedn.fr\/wp-content\/uploads\/2024\/01\/le_sahel_epicentre.jpg","datePublished":"2024-01-05T13:40:24+00:00","dateModified":"2024-01-05T13:58:58+00:00","description":"Through an insightful analysis of the sociogenesis of extremism and crime in the Sahel and the paradigm shifts, the author unpacks the historical, political and cultural dynamics that have shaped the Sahel into a geopolitical epicentre. This book offers a rich and nuanced look at the Sahel, highlighting local structural initiatives and community strategies that seek to resolve the region's security problems.","breadcrumb":{"@id":"https:\/\/ihedn.fr\/publications\/nos-lectures\/le-sahel-epicentre-geopolitique\/#breadcrumb"},"inLanguage":"en-GB","potentialAction":[{"@type":"ReadAction","target":["https:\/\/ihedn.fr\/publications\/nos-lectures\/le-sahel-epicentre-geopolitique\/"]}]},{"@type":"ImageObject","inLanguage":"en-GB","@id":"https:\/\/ihedn.fr\/publications\/nos-lectures\/le-sahel-epicentre-geopolitique\/#primaryimage","url":"https:\/\/ihedn.fr\/wp-content\/uploads\/2024\/01\/le_sahel_epicentre.jpg","contentUrl":"https:\/\/ihedn.fr\/wp-content\/uploads\/2024\/01\/le_sahel_epicentre.jpg","width":316,"height":503,"caption":"Livre Le Sahel, \u00e9picentre g\u00e9opolitique"},{"@type":"BreadcrumbList","@id":"https:\/\/ihedn.fr\/publications\/nos-lectures\/le-sahel-epicentre-geopolitique\/#breadcrumb","itemListElement":[{"@type":"ListItem","position":1,"name":"Accueil","item":"https:\/\/ihedn.fr\/"},{"@type":"ListItem","position":2,"name":"Le Sahel, \u00e9picentre g\u00e9opolitique"}]},{"@type":"WebSite","@id":"https:\/\/ihedn.fr\/#website","url":"https:\/\/ihedn.fr\/","name":"IHEDN: Institut des hautes \u00e9tudes de d\u00e9fense nationale (Institute for Higher National Defence Studies)","description":"Official website of the IHEDN under the supervision of the Prime Minister.","publisher":{"@id":"https:\/\/ihedn.fr\/#organization"},"potentialAction":[{"@type":"SearchAction","target":{"@type":"EntryPoint","urlTemplate":"https:\/\/ihedn.fr\/?s={search_term_string}"},"query-input":{"@type":"PropertyValueSpecification","valueRequired":true,"valueName":"search_term_string"}}],"inLanguage":"en-GB"},{"@type":"Organization","@id":"https:\/\/ihedn.fr\/#organization","name":"IHEDN - Institute for Higher National Defence Studies","url":"https:\/\/ihedn.fr\/","logo":{"@type":"ImageObject","inLanguage":"en-GB","@id":"https:\/\/ihedn.fr\/#\/schema\/logo\/image\/","url":"https:\/\/ihedn.fr\/wp-content\/uploads\/2020\/11\/BLOC_RF_IHEDN_WEB.png","contentUrl":"https:\/\/ihedn.fr\/wp-content\/uploads\/2020\/11\/BLOC_RF_IHEDN_WEB.png","width":500,"height":237,"caption":"IHEDN - Institut des Hautes Etudes de D\u00e9fense Nationale"},"image":{"@id":"https:\/\/ihedn.fr\/#\/schema\/logo\/image\/"},"sameAs":["https:\/\/www.facebook.com\/ihedn\/","https:\/\/x.com\/IHEDN","https:\/\/www.instagram.com\/ihedn\/","https:\/\/www.linkedin.com\/school\/ihedn\/","https:\/\/fr.wikipedia.org\/wiki\/Institut_des_hautes_\u00e9tudes_de_D\u00e9fense_nationale"]},{"@type":"Person","@id":"https:\/\/ihedn.fr\/#\/schema\/person\/ed217a37104b27a246b200e65b827cc7","name":"tanguy.morel@ihedn.fr","image":{"@type":"ImageObject","inLanguage":"en-GB","@id":"https:\/\/secure.gravatar.com\/avatar\/36877cd30919fafddf1f9da45f4154aa468a64328452f2ceaff0968772207348?s=96&d=mm&r=g","url":"https:\/\/secure.gravatar.com\/avatar\/36877cd30919fafddf1f9da45f4154aa468a64328452f2ceaff0968772207348?s=96&d=mm&r=g","contentUrl":"https:\/\/secure.gravatar.com\/avatar\/36877cd30919fafddf1f9da45f4154aa468a64328452f2ceaff0968772207348?s=96&d=mm&r=g","caption":"tanguy.morel@ihedn.fr"},"url":"https:\/\/ihedn.fr\/en\/author\/tanguy-morelihedn-fr\/"}]}},"publishpress_future_action":{"enabled":false,"date":"2026-05-06 08:08:14","action":"change-status","newStatus":"draft","terms":[],"taxonomy":"category","extraData":[]},"publishpress_future_workflow_manual_trigger":{"enabledWorkflows":[]},"_links":{"self":[{"href":"https:\/\/ihedn.fr\/en\/wp-json\/wp\/v2\/posts\/44950","targetHints":{"allow":["GET"]}}],"collection":[{"href":"https:\/\/ihedn.fr\/en\/wp-json\/wp\/v2\/posts"}],"about":[{"href":"https:\/\/ihedn.fr\/en\/wp-json\/wp\/v2\/types\/post"}],"author":[{"embeddable":true,"href":"https:\/\/ihedn.fr\/en\/wp-json\/wp\/v2\/users\/10"}],"replies":[{"embeddable":true,"href":"https:\/\/ihedn.fr\/en\/wp-json\/wp\/v2\/comments?post=44950"}],"version-history":[{"count":5,"href":"https:\/\/ihedn.fr\/en\/wp-json\/wp\/v2\/posts\/44950\/revisions"}],"predecessor-version":[{"id":44985,"href":"https:\/\/ihedn.fr\/en\/wp-json\/wp\/v2\/posts\/44950\/revisions\/44985"}],"wp:featuredmedia":[{"embeddable":true,"href":"https:\/\/ihedn.fr\/en\/wp-json\/wp\/v2\/media\/44951"}],"wp:attachment":[{"href":"https:\/\/ihedn.fr\/en\/wp-json\/wp\/v2\/media?parent=44950"}],"wp:term":[{"taxonomy":"category","embeddable":true,"href":"https:\/\/ihedn.fr\/en\/wp-json\/wp\/v2\/categories?post=44950"},{"taxonomy":"post_tag","embeddable":true,"href":"https:\/\/ihedn.fr\/en\/wp-json\/wp\/v2\/tags?post=44950"}],"curies":[{"name":"wp","href":"https:\/\/api.w.org\/{rel}","templated":true}]}}