{"id":44997,"date":"2023-12-10T16:33:58","date_gmt":"2023-12-10T15:33:58","guid":{"rendered":"https:\/\/ihedn.fr\/?p=44997"},"modified":"2024-01-19T09:23:05","modified_gmt":"2024-01-19T08:23:05","slug":"colloque-armee-de-lair-et-de-lespace-encourager-linnovation-pour-une-armee-de-lair-et-de-lespace-audacieuse-agile-ouverte-et-connectee","status":"publish","type":"post","link":"https:\/\/ihedn.fr\/en\/uncategorized\/colloque-armee-de-lair-et-de-lespace-encourager-linnovation-pour-une-armee-de-lair-et-de-lespace-audacieuse-agile-ouverte-et-connectee\/","title":{"rendered":"Air and Space Force Symposium: Encouraging innovation: for a daring, agile, open and connected Air and Space Force"},"content":{"rendered":"<div data-elementor-type=\"wp-post\" data-elementor-id=\"44997\" class=\"elementor elementor-44997\" data-elementor-post-type=\"post\">\n\t\t\t\t\t\t<section data-particle_enable=\"false\" data-particle-mobile-disabled=\"false\" class=\"elementor-section elementor-top-section elementor-element elementor-element-a996be7 elementor-section-boxed elementor-section-height-default elementor-section-height-default\" data-id=\"a996be7\" data-element_type=\"section\" data-e-type=\"section\">\n\t\t\t\t\t\t<div class=\"elementor-container elementor-column-gap-default\">\n\t\t\t\t\t<div class=\"elementor-column elementor-col-100 elementor-top-column elementor-element elementor-element-ec8e958\" data-id=\"ec8e958\" data-element_type=\"column\" data-e-type=\"column\">\n\t\t\t<div class=\"elementor-widget-wrap elementor-element-populated\">\n\t\t\t\t\t\t<div class=\"elementor-element elementor-element-41d14fe elementor-widget elementor-widget-text-editor\" data-id=\"41d14fe\" data-element_type=\"widget\" data-e-type=\"widget\" data-widget_type=\"text-editor.default\">\n\t\t\t\t<div class=\"elementor-widget-container\">\n\t\t\t\t\t\t\t\t\t<p>Air Force General St\u00e9phane Mille, Chief of Staff of the French Air Force, is pleased to invite you to the Colloque de l'Arm\u00e9e de l'Air et de l'Espace Encouraging innovation: For a daring, agile, open and connected Air Force.<\/p>\t\t\t\t\t\t\t\t<\/div>\n\t\t\t\t<\/div>\n\t\t\t\t\t<\/div>\n\t\t<\/div>\n\t\t\t\t\t<\/div>\n\t\t<\/section>\n\t\t\t\t<section data-particle_enable=\"false\" data-particle-mobile-disabled=\"false\" class=\"elementor-section elementor-top-section elementor-element elementor-element-edcfdf1 elementor-section-full_width elementor-section-content-middle elementor-section-height-default elementor-section-height-default\" data-id=\"edcfdf1\" data-element_type=\"section\" data-e-type=\"section\">\n\t\t\t\t\t\t<div class=\"elementor-container elementor-column-gap-default\">\n\t\t\t\t\t<div class=\"elementor-column elementor-col-50 elementor-top-column elementor-element elementor-element-ec75140\" data-id=\"ec75140\" data-element_type=\"column\" data-e-type=\"column\">\n\t\t\t<div class=\"elementor-widget-wrap elementor-element-populated\">\n\t\t\t\t\t\t<div class=\"elementor-element elementor-element-0982e21 elementor-widget elementor-widget-text-editor\" data-id=\"0982e21\" data-element_type=\"widget\" data-e-type=\"widget\" data-widget_type=\"text-editor.default\">\n\t\t\t\t<div class=\"elementor-widget-container\">\n\t\t\t\t\t\t\t\t\t<p><strong>To attend this conference:<\/strong><\/p>\t\t\t\t\t\t\t\t<\/div>\n\t\t\t\t<\/div>\n\t\t\t\t\t<\/div>\n\t\t<\/div>\n\t\t\t\t<div class=\"elementor-column elementor-col-50 elementor-top-column elementor-element elementor-element-c0cbf04\" data-id=\"c0cbf04\" data-element_type=\"column\" data-e-type=\"column\">\n\t\t\t<div class=\"elementor-widget-wrap elementor-element-populated\">\n\t\t\t\t\t\t<div class=\"elementor-element elementor-element-ddbfa62 elementor-align-left elementor-widget elementor-widget-button\" data-id=\"ddbfa62\" data-element_type=\"widget\" data-e-type=\"widget\" data-widget_type=\"button.default\">\n\t\t\t\t<div class=\"elementor-widget-container\">\n\t\t\t\t\t\t\t\t\t<div class=\"elementor-button-wrapper\">\n\t\t\t\t\t<a class=\"elementor-button elementor-button-link elementor-size-sm\" href=\"https:\/\/www.paris-ecole-militaire.fr\/fr\/forms\/colloquearmeedelairetdelespace\">\n\t\t\t\t\t\t<span class=\"elementor-button-content-wrapper\">\n\t\t\t\t\t\t\t\t\t<span class=\"elementor-button-text\">REGISTER<\/span>\n\t\t\t\t\t<\/span>\n\t\t\t\t\t<\/a>\n\t\t\t\t<\/div>\n\t\t\t\t\t\t\t\t<\/div>\n\t\t\t\t<\/div>\n\t\t\t\t\t<\/div>\n\t\t<\/div>\n\t\t\t\t\t<\/div>\n\t\t<\/section>\n\t\t\t\t<\/div>","protected":false},"excerpt":{"rendered":"<p><span style=\"color: #c80a23;\"><strong>18 January 2024 | 2pm to 6pm<\/strong><\/span> at the \u00c9cole militaire<\/p>","protected":false},"author":10,"featured_media":45001,"comment_status":"closed","ping_status":"closed","sticky":false,"template":"","format":"standard","meta":{"footnotes":""},"categories":[1],"tags":[],"class_list":["post-44997","post","type-post","status-publish","format-standard","has-post-thumbnail","hentry","category-uncategorized"],"yoast_head":"<!-- This site is optimized with the Yoast SEO plugin v27.5 - https:\/\/yoast.com\/product\/yoast-seo-wordpress\/ -->\n<title>Colloque arm\u00e9e de l\u2019air et de l\u2019espace : Encourager l&#039;innovation : pour une arm\u00e9e de l&#039;Air et de l&#039;Espace audacieuse, agile, ouverte et connect\u00e9e - L&#039;IHEDN : Institut des hautes \u00e9tudes de d\u00e9fense nationale<\/title>\n<meta name=\"description\" content=\"18 janvier de 14h \u00e0 18h : Colloque arm\u00e9e de l\u2019air et de l\u2019espace : Encourager l&#039;innovation : pour une arm\u00e9e de l&#039;Air et de l&#039;Espace audacieuse, agile, ouverte et connect\u00e9e\u00c9cole militaire, PARIS\" \/>\n<meta name=\"robots\" content=\"index, follow, max-snippet:-1, max-image-preview:large, max-video-preview:-1\" \/>\n<link rel=\"canonical\" href=\"https:\/\/ihedn.fr\/en\/uncategorized\/colloque-armee-de-lair-et-de-lespace-encourager-linnovation-pour-une-armee-de-lair-et-de-lespace-audacieuse-agile-ouverte-et-connectee\/\" \/>\n<meta property=\"og:locale\" content=\"en_GB\" \/>\n<meta property=\"og:type\" content=\"article\" \/>\n<meta property=\"og:title\" content=\"Colloque arm\u00e9e de l\u2019air et de l\u2019espace : Encourager l&#039;innovation : pour une arm\u00e9e de l&#039;Air et de l&#039;Espace audacieuse, agile, ouverte et connect\u00e9e\" \/>\n<meta property=\"og:description\" content=\"18 janvier de 14h \u00e0 18h : Colloque arm\u00e9e de l\u2019air et de l\u2019espace : Encourager l&#039;innovation : pour une arm\u00e9e de l&#039;Air et de l&#039;Espace audacieuse, agile, ouverte et connect\u00e9e\u00c9cole militaire, PARIS\" \/>\n<meta property=\"og:url\" content=\"https:\/\/ihedn.fr\/en\/uncategorized\/colloque-armee-de-lair-et-de-lespace-encourager-linnovation-pour-une-armee-de-lair-et-de-lespace-audacieuse-agile-ouverte-et-connectee\/\" \/>\n<meta property=\"og:site_name\" content=\"L&#039;IHEDN : Institut des hautes \u00e9tudes de d\u00e9fense nationale\" \/>\n<meta property=\"article:publisher\" content=\"https:\/\/www.facebook.com\/ihedn\/\" \/>\n<meta property=\"article:published_time\" content=\"2023-12-10T15:33:58+00:00\" \/>\n<meta property=\"article:modified_time\" content=\"2024-01-19T08:23:05+00:00\" \/>\n<meta property=\"og:image\" content=\"https:\/\/ihedn.fr\/wp-content\/uploads\/2024\/01\/colloque_AAE.jpg\" \/>\n\t<meta property=\"og:image:width\" content=\"792\" \/>\n\t<meta property=\"og:image:height\" content=\"445\" \/>\n\t<meta property=\"og:image:type\" content=\"image\/jpeg\" \/>\n<meta name=\"author\" content=\"tanguy.morel@ihedn.fr\" \/>\n<meta name=\"twitter:card\" content=\"summary_large_image\" \/>\n<meta name=\"twitter:title\" content=\"Colloque arm\u00e9e de l\u2019air et de l\u2019espace : Encourager l&#039;innovation : pour une arm\u00e9e de l&#039;Air et de l&#039;Espace audacieuse, agile, ouverte et connect\u00e9e\" \/>\n<meta name=\"twitter:description\" content=\"18 janvier de 14h \u00e0 18h : Colloque arm\u00e9e de l\u2019air et de l\u2019espace : Encourager l&#039;innovation : pour une arm\u00e9e de l&#039;Air et de l&#039;Espace audacieuse, agile, ouverte et connect\u00e9e\u00c9cole militaire, PARIS\" \/>\n<meta name=\"twitter:image\" content=\"https:\/\/ihedn.fr\/wp-content\/uploads\/2023\/12\/JAN_FEV_MARS_DEBSTRATEGIQUE_1600x9002.jpg\" \/>\n<meta name=\"twitter:creator\" content=\"@IHEDN\" \/>\n<meta name=\"twitter:site\" content=\"@IHEDN\" \/>\n<meta name=\"twitter:label1\" content=\"Written by\" \/>\n\t<meta name=\"twitter:data1\" content=\"tanguy.morel@ihedn.fr\" \/>\n\t<meta name=\"twitter:label2\" content=\"Estimated reading time\" \/>\n\t<meta name=\"twitter:data2\" content=\"1 minute\" \/>\n<script type=\"application\/ld+json\" class=\"yoast-schema-graph\">{\"@context\":\"https:\\\/\\\/schema.org\",\"@graph\":[{\"@type\":\"Article\",\"@id\":\"https:\\\/\\\/ihedn.fr\\\/uncategorized\\\/colloque-armee-de-lair-et-de-lespace-encourager-linnovation-pour-une-armee-de-lair-et-de-lespace-audacieuse-agile-ouverte-et-connectee\\\/#article\",\"isPartOf\":{\"@id\":\"https:\\\/\\\/ihedn.fr\\\/uncategorized\\\/colloque-armee-de-lair-et-de-lespace-encourager-linnovation-pour-une-armee-de-lair-et-de-lespace-audacieuse-agile-ouverte-et-connectee\\\/\"},\"author\":{\"name\":\"tanguy.morel@ihedn.fr\",\"@id\":\"https:\\\/\\\/ihedn.fr\\\/#\\\/schema\\\/person\\\/ed217a37104b27a246b200e65b827cc7\"},\"headline\":\"Colloque arm\u00e9e de l\u2019air et de l\u2019espace : Encourager l&rsquo;innovation : pour une arm\u00e9e de l&rsquo;Air et de l&rsquo;Espace audacieuse, agile, ouverte et connect\u00e9e\",\"datePublished\":\"2023-12-10T15:33:58+00:00\",\"dateModified\":\"2024-01-19T08:23:05+00:00\",\"mainEntityOfPage\":{\"@id\":\"https:\\\/\\\/ihedn.fr\\\/uncategorized\\\/colloque-armee-de-lair-et-de-lespace-encourager-linnovation-pour-une-armee-de-lair-et-de-lespace-audacieuse-agile-ouverte-et-connectee\\\/\"},\"wordCount\":100,\"publisher\":{\"@id\":\"https:\\\/\\\/ihedn.fr\\\/#organization\"},\"image\":{\"@id\":\"https:\\\/\\\/ihedn.fr\\\/uncategorized\\\/colloque-armee-de-lair-et-de-lespace-encourager-linnovation-pour-une-armee-de-lair-et-de-lespace-audacieuse-agile-ouverte-et-connectee\\\/#primaryimage\"},\"thumbnailUrl\":\"https:\\\/\\\/ihedn.fr\\\/wp-content\\\/uploads\\\/2024\\\/01\\\/colloque_AAE.jpg\",\"articleSection\":[\"Uncategorized\"],\"inLanguage\":\"en-GB\"},{\"@type\":\"WebPage\",\"@id\":\"https:\\\/\\\/ihedn.fr\\\/uncategorized\\\/colloque-armee-de-lair-et-de-lespace-encourager-linnovation-pour-une-armee-de-lair-et-de-lespace-audacieuse-agile-ouverte-et-connectee\\\/\",\"url\":\"https:\\\/\\\/ihedn.fr\\\/uncategorized\\\/colloque-armee-de-lair-et-de-lespace-encourager-linnovation-pour-une-armee-de-lair-et-de-lespace-audacieuse-agile-ouverte-et-connectee\\\/\",\"name\":\"Colloque arm\u00e9e de l\u2019air et de l\u2019espace : Encourager l'innovation : pour une arm\u00e9e de l'Air et de l'Espace audacieuse, agile, ouverte et connect\u00e9e - L&#039;IHEDN : Institut des hautes \u00e9tudes de d\u00e9fense nationale\",\"isPartOf\":{\"@id\":\"https:\\\/\\\/ihedn.fr\\\/#website\"},\"primaryImageOfPage\":{\"@id\":\"https:\\\/\\\/ihedn.fr\\\/uncategorized\\\/colloque-armee-de-lair-et-de-lespace-encourager-linnovation-pour-une-armee-de-lair-et-de-lespace-audacieuse-agile-ouverte-et-connectee\\\/#primaryimage\"},\"image\":{\"@id\":\"https:\\\/\\\/ihedn.fr\\\/uncategorized\\\/colloque-armee-de-lair-et-de-lespace-encourager-linnovation-pour-une-armee-de-lair-et-de-lespace-audacieuse-agile-ouverte-et-connectee\\\/#primaryimage\"},\"thumbnailUrl\":\"https:\\\/\\\/ihedn.fr\\\/wp-content\\\/uploads\\\/2024\\\/01\\\/colloque_AAE.jpg\",\"datePublished\":\"2023-12-10T15:33:58+00:00\",\"dateModified\":\"2024-01-19T08:23:05+00:00\",\"description\":\"18 janvier de 14h \u00e0 18h : Colloque arm\u00e9e de l\u2019air et de l\u2019espace : Encourager l'innovation : pour une arm\u00e9e de l'Air et de l'Espace audacieuse, agile, ouverte et connect\u00e9e\u00c9cole militaire, PARIS\",\"breadcrumb\":{\"@id\":\"https:\\\/\\\/ihedn.fr\\\/uncategorized\\\/colloque-armee-de-lair-et-de-lespace-encourager-linnovation-pour-une-armee-de-lair-et-de-lespace-audacieuse-agile-ouverte-et-connectee\\\/#breadcrumb\"},\"inLanguage\":\"en-GB\",\"potentialAction\":[{\"@type\":\"ReadAction\",\"target\":[\"https:\\\/\\\/ihedn.fr\\\/uncategorized\\\/colloque-armee-de-lair-et-de-lespace-encourager-linnovation-pour-une-armee-de-lair-et-de-lespace-audacieuse-agile-ouverte-et-connectee\\\/\"]}]},{\"@type\":\"ImageObject\",\"inLanguage\":\"en-GB\",\"@id\":\"https:\\\/\\\/ihedn.fr\\\/uncategorized\\\/colloque-armee-de-lair-et-de-lespace-encourager-linnovation-pour-une-armee-de-lair-et-de-lespace-audacieuse-agile-ouverte-et-connectee\\\/#primaryimage\",\"url\":\"https:\\\/\\\/ihedn.fr\\\/wp-content\\\/uploads\\\/2024\\\/01\\\/colloque_AAE.jpg\",\"contentUrl\":\"https:\\\/\\\/ihedn.fr\\\/wp-content\\\/uploads\\\/2024\\\/01\\\/colloque_AAE.jpg\",\"width\":792,\"height\":445,\"caption\":\"Visuel du colloque de l'arm\u00e9e de l'air et de l'espace\"},{\"@type\":\"BreadcrumbList\",\"@id\":\"https:\\\/\\\/ihedn.fr\\\/uncategorized\\\/colloque-armee-de-lair-et-de-lespace-encourager-linnovation-pour-une-armee-de-lair-et-de-lespace-audacieuse-agile-ouverte-et-connectee\\\/#breadcrumb\",\"itemListElement\":[{\"@type\":\"ListItem\",\"position\":1,\"name\":\"Accueil\",\"item\":\"https:\\\/\\\/ihedn.fr\\\/\"},{\"@type\":\"ListItem\",\"position\":2,\"name\":\"Colloque arm\u00e9e de l\u2019air et de l\u2019espace : Encourager l&rsquo;innovation : pour une arm\u00e9e de l&rsquo;Air et de l&rsquo;Espace audacieuse, agile, ouverte et connect\u00e9e\"}]},{\"@type\":\"WebSite\",\"@id\":\"https:\\\/\\\/ihedn.fr\\\/#website\",\"url\":\"https:\\\/\\\/ihedn.fr\\\/\",\"name\":\"IHEDN : Institut des hautes \u00e9tudes de d\u00e9fense nationale |\",\"description\":\"Site officiel de l&#039;IHEDN plac\u00e9 sous la tutelle du Premier ministre.\",\"publisher\":{\"@id\":\"https:\\\/\\\/ihedn.fr\\\/#organization\"},\"potentialAction\":[{\"@type\":\"SearchAction\",\"target\":{\"@type\":\"EntryPoint\",\"urlTemplate\":\"https:\\\/\\\/ihedn.fr\\\/?s={search_term_string}\"},\"query-input\":{\"@type\":\"PropertyValueSpecification\",\"valueRequired\":true,\"valueName\":\"search_term_string\"}}],\"inLanguage\":\"en-GB\"},{\"@type\":\"Organization\",\"@id\":\"https:\\\/\\\/ihedn.fr\\\/#organization\",\"name\":\"IHEDN - Institut des Hautes Etudes de D\u00e9fense Nationale\",\"url\":\"https:\\\/\\\/ihedn.fr\\\/\",\"logo\":{\"@type\":\"ImageObject\",\"inLanguage\":\"en-GB\",\"@id\":\"https:\\\/\\\/ihedn.fr\\\/#\\\/schema\\\/logo\\\/image\\\/\",\"url\":\"https:\\\/\\\/ihedn.fr\\\/wp-content\\\/uploads\\\/2020\\\/11\\\/BLOC_RF_IHEDN_WEB.png\",\"contentUrl\":\"https:\\\/\\\/ihedn.fr\\\/wp-content\\\/uploads\\\/2020\\\/11\\\/BLOC_RF_IHEDN_WEB.png\",\"width\":500,\"height\":237,\"caption\":\"IHEDN - Institut des Hautes Etudes de D\u00e9fense Nationale\"},\"image\":{\"@id\":\"https:\\\/\\\/ihedn.fr\\\/#\\\/schema\\\/logo\\\/image\\\/\"},\"sameAs\":[\"https:\\\/\\\/www.facebook.com\\\/ihedn\\\/\",\"https:\\\/\\\/x.com\\\/IHEDN\",\"https:\\\/\\\/www.instagram.com\\\/ihedn\\\/\",\"https:\\\/\\\/www.linkedin.com\\\/school\\\/ihedn\\\/\",\"https:\\\/\\\/fr.wikipedia.org\\\/wiki\\\/Institut_des_hautes_\u00e9tudes_de_D\u00e9fense_nationale\"]},{\"@type\":\"Person\",\"@id\":\"https:\\\/\\\/ihedn.fr\\\/#\\\/schema\\\/person\\\/ed217a37104b27a246b200e65b827cc7\",\"name\":\"tanguy.morel@ihedn.fr\",\"image\":{\"@type\":\"ImageObject\",\"inLanguage\":\"en-GB\",\"@id\":\"https:\\\/\\\/secure.gravatar.com\\\/avatar\\\/36877cd30919fafddf1f9da45f4154aa468a64328452f2ceaff0968772207348?s=96&d=mm&r=g\",\"url\":\"https:\\\/\\\/secure.gravatar.com\\\/avatar\\\/36877cd30919fafddf1f9da45f4154aa468a64328452f2ceaff0968772207348?s=96&d=mm&r=g\",\"contentUrl\":\"https:\\\/\\\/secure.gravatar.com\\\/avatar\\\/36877cd30919fafddf1f9da45f4154aa468a64328452f2ceaff0968772207348?s=96&d=mm&r=g\",\"caption\":\"tanguy.morel@ihedn.fr\"},\"url\":\"https:\\\/\\\/ihedn.fr\\\/en\\\/author\\\/tanguy-morelihedn-fr\\\/\"}]}<\/script>\n<!-- \/ Yoast SEO plugin. -->","yoast_head_json":{"title":"Air force and space conference: Encouraging innovation: for a bold, agile, open and connected air force and space force - L'IHEDN : Institut des hautes \u00e9tudes de d\u00e9fense nationale (French Institute of Higher Studies in National Defence)","description":"18 January from 2pm to 6pm: Air and Space Force Symposium: Encouraging innovation: for a bold, agile, open and connected Air and Space Force\u00c9cole militaire, PARIS","robots":{"index":"index","follow":"follow","max-snippet":"max-snippet:-1","max-image-preview":"max-image-preview:large","max-video-preview":"max-video-preview:-1"},"canonical":"https:\/\/ihedn.fr\/en\/uncategorized\/colloque-armee-de-lair-et-de-lespace-encourager-linnovation-pour-une-armee-de-lair-et-de-lespace-audacieuse-agile-ouverte-et-connectee\/","og_locale":"en_GB","og_type":"article","og_title":"Colloque arm\u00e9e de l\u2019air et de l\u2019espace : Encourager l'innovation : pour une arm\u00e9e de l'Air et de l'Espace audacieuse, agile, ouverte et connect\u00e9e","og_description":"18 janvier de 14h \u00e0 18h : Colloque arm\u00e9e de l\u2019air et de l\u2019espace : Encourager l'innovation : pour une arm\u00e9e de l'Air et de l'Espace audacieuse, agile, ouverte et connect\u00e9e\u00c9cole militaire, PARIS","og_url":"https:\/\/ihedn.fr\/en\/uncategorized\/colloque-armee-de-lair-et-de-lespace-encourager-linnovation-pour-une-armee-de-lair-et-de-lespace-audacieuse-agile-ouverte-et-connectee\/","og_site_name":"L&#039;IHEDN : Institut des hautes \u00e9tudes de d\u00e9fense nationale","article_publisher":"https:\/\/www.facebook.com\/ihedn\/","article_published_time":"2023-12-10T15:33:58+00:00","article_modified_time":"2024-01-19T08:23:05+00:00","og_image":[{"width":792,"height":445,"url":"https:\/\/ihedn.fr\/wp-content\/uploads\/2024\/01\/colloque_AAE.jpg","type":"image\/jpeg"}],"author":"tanguy.morel@ihedn.fr","twitter_card":"summary_large_image","twitter_title":"Colloque arm\u00e9e de l\u2019air et de l\u2019espace : Encourager l'innovation : pour une arm\u00e9e de l'Air et de l'Espace audacieuse, agile, ouverte et connect\u00e9e","twitter_description":"18 janvier de 14h \u00e0 18h : Colloque arm\u00e9e de l\u2019air et de l\u2019espace : Encourager l'innovation : pour une arm\u00e9e de l'Air et de l'Espace audacieuse, agile, ouverte et connect\u00e9e\u00c9cole militaire, PARIS","twitter_image":"https:\/\/ihedn.fr\/wp-content\/uploads\/2023\/12\/JAN_FEV_MARS_DEBSTRATEGIQUE_1600x9002.jpg","twitter_creator":"@IHEDN","twitter_site":"@IHEDN","twitter_misc":{"Written by":"tanguy.morel@ihedn.fr","Estimated reading time":"1 minute"},"schema":{"@context":"https:\/\/schema.org","@graph":[{"@type":"Article","@id":"https:\/\/ihedn.fr\/uncategorized\/colloque-armee-de-lair-et-de-lespace-encourager-linnovation-pour-une-armee-de-lair-et-de-lespace-audacieuse-agile-ouverte-et-connectee\/#article","isPartOf":{"@id":"https:\/\/ihedn.fr\/uncategorized\/colloque-armee-de-lair-et-de-lespace-encourager-linnovation-pour-une-armee-de-lair-et-de-lespace-audacieuse-agile-ouverte-et-connectee\/"},"author":{"name":"tanguy.morel@ihedn.fr","@id":"https:\/\/ihedn.fr\/#\/schema\/person\/ed217a37104b27a246b200e65b827cc7"},"headline":"Colloque arm\u00e9e de l\u2019air et de l\u2019espace : Encourager l&rsquo;innovation : pour une arm\u00e9e de l&rsquo;Air et de l&rsquo;Espace audacieuse, agile, ouverte et connect\u00e9e","datePublished":"2023-12-10T15:33:58+00:00","dateModified":"2024-01-19T08:23:05+00:00","mainEntityOfPage":{"@id":"https:\/\/ihedn.fr\/uncategorized\/colloque-armee-de-lair-et-de-lespace-encourager-linnovation-pour-une-armee-de-lair-et-de-lespace-audacieuse-agile-ouverte-et-connectee\/"},"wordCount":100,"publisher":{"@id":"https:\/\/ihedn.fr\/#organization"},"image":{"@id":"https:\/\/ihedn.fr\/uncategorized\/colloque-armee-de-lair-et-de-lespace-encourager-linnovation-pour-une-armee-de-lair-et-de-lespace-audacieuse-agile-ouverte-et-connectee\/#primaryimage"},"thumbnailUrl":"https:\/\/ihedn.fr\/wp-content\/uploads\/2024\/01\/colloque_AAE.jpg","articleSection":["Uncategorized"],"inLanguage":"en-GB"},{"@type":"WebPage","@id":"https:\/\/ihedn.fr\/uncategorized\/colloque-armee-de-lair-et-de-lespace-encourager-linnovation-pour-une-armee-de-lair-et-de-lespace-audacieuse-agile-ouverte-et-connectee\/","url":"https:\/\/ihedn.fr\/uncategorized\/colloque-armee-de-lair-et-de-lespace-encourager-linnovation-pour-une-armee-de-lair-et-de-lespace-audacieuse-agile-ouverte-et-connectee\/","name":"Air force and space conference: Encouraging innovation: for a bold, agile, open and connected air force and space force - L'IHEDN : Institut des hautes \u00e9tudes de d\u00e9fense nationale (French Institute of Higher Studies in National Defence)","isPartOf":{"@id":"https:\/\/ihedn.fr\/#website"},"primaryImageOfPage":{"@id":"https:\/\/ihedn.fr\/uncategorized\/colloque-armee-de-lair-et-de-lespace-encourager-linnovation-pour-une-armee-de-lair-et-de-lespace-audacieuse-agile-ouverte-et-connectee\/#primaryimage"},"image":{"@id":"https:\/\/ihedn.fr\/uncategorized\/colloque-armee-de-lair-et-de-lespace-encourager-linnovation-pour-une-armee-de-lair-et-de-lespace-audacieuse-agile-ouverte-et-connectee\/#primaryimage"},"thumbnailUrl":"https:\/\/ihedn.fr\/wp-content\/uploads\/2024\/01\/colloque_AAE.jpg","datePublished":"2023-12-10T15:33:58+00:00","dateModified":"2024-01-19T08:23:05+00:00","description":"18 January from 2pm to 6pm: Air and Space Force Symposium: Encouraging innovation: for a bold, agile, open and connected Air and Space Force\u00c9cole militaire, PARIS","breadcrumb":{"@id":"https:\/\/ihedn.fr\/uncategorized\/colloque-armee-de-lair-et-de-lespace-encourager-linnovation-pour-une-armee-de-lair-et-de-lespace-audacieuse-agile-ouverte-et-connectee\/#breadcrumb"},"inLanguage":"en-GB","potentialAction":[{"@type":"ReadAction","target":["https:\/\/ihedn.fr\/uncategorized\/colloque-armee-de-lair-et-de-lespace-encourager-linnovation-pour-une-armee-de-lair-et-de-lespace-audacieuse-agile-ouverte-et-connectee\/"]}]},{"@type":"ImageObject","inLanguage":"en-GB","@id":"https:\/\/ihedn.fr\/uncategorized\/colloque-armee-de-lair-et-de-lespace-encourager-linnovation-pour-une-armee-de-lair-et-de-lespace-audacieuse-agile-ouverte-et-connectee\/#primaryimage","url":"https:\/\/ihedn.fr\/wp-content\/uploads\/2024\/01\/colloque_AAE.jpg","contentUrl":"https:\/\/ihedn.fr\/wp-content\/uploads\/2024\/01\/colloque_AAE.jpg","width":792,"height":445,"caption":"Visuel du colloque de l'arm\u00e9e de l'air et de l'espace"},{"@type":"BreadcrumbList","@id":"https:\/\/ihedn.fr\/uncategorized\/colloque-armee-de-lair-et-de-lespace-encourager-linnovation-pour-une-armee-de-lair-et-de-lespace-audacieuse-agile-ouverte-et-connectee\/#breadcrumb","itemListElement":[{"@type":"ListItem","position":1,"name":"Accueil","item":"https:\/\/ihedn.fr\/"},{"@type":"ListItem","position":2,"name":"Colloque arm\u00e9e de l\u2019air et de l\u2019espace : Encourager l&rsquo;innovation : pour une arm\u00e9e de l&rsquo;Air et de l&rsquo;Espace audacieuse, agile, ouverte et connect\u00e9e"}]},{"@type":"WebSite","@id":"https:\/\/ihedn.fr\/#website","url":"https:\/\/ihedn.fr\/","name":"IHEDN: Institut des hautes \u00e9tudes de d\u00e9fense nationale (Institute for Higher National Defence Studies)","description":"Official website of the IHEDN under the supervision of the Prime Minister.","publisher":{"@id":"https:\/\/ihedn.fr\/#organization"},"potentialAction":[{"@type":"SearchAction","target":{"@type":"EntryPoint","urlTemplate":"https:\/\/ihedn.fr\/?s={search_term_string}"},"query-input":{"@type":"PropertyValueSpecification","valueRequired":true,"valueName":"search_term_string"}}],"inLanguage":"en-GB"},{"@type":"Organization","@id":"https:\/\/ihedn.fr\/#organization","name":"IHEDN - Institute for Higher National Defence Studies","url":"https:\/\/ihedn.fr\/","logo":{"@type":"ImageObject","inLanguage":"en-GB","@id":"https:\/\/ihedn.fr\/#\/schema\/logo\/image\/","url":"https:\/\/ihedn.fr\/wp-content\/uploads\/2020\/11\/BLOC_RF_IHEDN_WEB.png","contentUrl":"https:\/\/ihedn.fr\/wp-content\/uploads\/2020\/11\/BLOC_RF_IHEDN_WEB.png","width":500,"height":237,"caption":"IHEDN - Institut des Hautes Etudes de D\u00e9fense Nationale"},"image":{"@id":"https:\/\/ihedn.fr\/#\/schema\/logo\/image\/"},"sameAs":["https:\/\/www.facebook.com\/ihedn\/","https:\/\/x.com\/IHEDN","https:\/\/www.instagram.com\/ihedn\/","https:\/\/www.linkedin.com\/school\/ihedn\/","https:\/\/fr.wikipedia.org\/wiki\/Institut_des_hautes_\u00e9tudes_de_D\u00e9fense_nationale"]},{"@type":"Person","@id":"https:\/\/ihedn.fr\/#\/schema\/person\/ed217a37104b27a246b200e65b827cc7","name":"tanguy.morel@ihedn.fr","image":{"@type":"ImageObject","inLanguage":"en-GB","@id":"https:\/\/secure.gravatar.com\/avatar\/36877cd30919fafddf1f9da45f4154aa468a64328452f2ceaff0968772207348?s=96&d=mm&r=g","url":"https:\/\/secure.gravatar.com\/avatar\/36877cd30919fafddf1f9da45f4154aa468a64328452f2ceaff0968772207348?s=96&d=mm&r=g","contentUrl":"https:\/\/secure.gravatar.com\/avatar\/36877cd30919fafddf1f9da45f4154aa468a64328452f2ceaff0968772207348?s=96&d=mm&r=g","caption":"tanguy.morel@ihedn.fr"},"url":"https:\/\/ihedn.fr\/en\/author\/tanguy-morelihedn-fr\/"}]}},"publishpress_future_action":{"enabled":false,"date":"2026-05-07 18:12:20","action":"change-status","newStatus":"draft","terms":[],"taxonomy":"category","extraData":[]},"publishpress_future_workflow_manual_trigger":{"enabledWorkflows":[]},"_links":{"self":[{"href":"https:\/\/ihedn.fr\/en\/wp-json\/wp\/v2\/posts\/44997","targetHints":{"allow":["GET"]}}],"collection":[{"href":"https:\/\/ihedn.fr\/en\/wp-json\/wp\/v2\/posts"}],"about":[{"href":"https:\/\/ihedn.fr\/en\/wp-json\/wp\/v2\/types\/post"}],"author":[{"embeddable":true,"href":"https:\/\/ihedn.fr\/en\/wp-json\/wp\/v2\/users\/10"}],"replies":[{"embeddable":true,"href":"https:\/\/ihedn.fr\/en\/wp-json\/wp\/v2\/comments?post=44997"}],"version-history":[{"count":10,"href":"https:\/\/ihedn.fr\/en\/wp-json\/wp\/v2\/posts\/44997\/revisions"}],"predecessor-version":[{"id":45293,"href":"https:\/\/ihedn.fr\/en\/wp-json\/wp\/v2\/posts\/44997\/revisions\/45293"}],"wp:featuredmedia":[{"embeddable":true,"href":"https:\/\/ihedn.fr\/en\/wp-json\/wp\/v2\/media\/45001"}],"wp:attachment":[{"href":"https:\/\/ihedn.fr\/en\/wp-json\/wp\/v2\/media?parent=44997"}],"wp:term":[{"taxonomy":"category","embeddable":true,"href":"https:\/\/ihedn.fr\/en\/wp-json\/wp\/v2\/categories?post=44997"},{"taxonomy":"post_tag","embeddable":true,"href":"https:\/\/ihedn.fr\/en\/wp-json\/wp\/v2\/tags?post=44997"}],"curies":[{"name":"wp","href":"https:\/\/api.w.org\/{rel}","templated":true}]}}