{"id":45528,"date":"2024-01-26T17:10:42","date_gmt":"2024-01-26T16:10:42","guid":{"rendered":"https:\/\/ihedn.fr\/?p=45528"},"modified":"2025-09-04T17:33:44","modified_gmt":"2025-09-04T16:33:44","slug":"generale-evrard-les-ukrainiens-guerre-informationnelle","status":"publish","type":"post","link":"https:\/\/ihedn.fr\/en\/lundis-de-lihedn\/generale-evrard-les-ukrainiens-guerre-informationnelle\/","title":{"rendered":"General Andr\u00e9e \u00c9vrard: \"The Ukrainians immediately understood the scale of the information war\"."},"content":{"rendered":"\t\t<div data-elementor-type=\"wp-post\" data-elementor-id=\"45528\" class=\"elementor elementor-45528\" data-elementor-post-type=\"post\">\n\t\t\t\t<div data-particle_enable=\"false\" data-particle-mobile-disabled=\"false\" class=\"elementor-element elementor-element-80ef62d e-flex e-con-boxed e-con e-parent\" data-id=\"80ef62d\" data-element_type=\"container\" data-e-type=\"container\">\n\t\t\t\t\t<div class=\"e-con-inner\">\n\t\t\t\t<div class=\"elementor-element elementor-element-7ab864c elementor-widget elementor-widget-text-editor\" data-id=\"7ab864c\" data-element_type=\"widget\" data-e-type=\"widget\" data-widget_type=\"text-editor.default\">\n\t\t\t\t<div class=\"elementor-widget-container\">\n\t\t\t\t\t\t\t\t\t<p style=\"text-align: left;\">La g\u00e9n\u00e9rale de brigade Andr\u00e9e \u00c9vrard est officier de l\u2019arm\u00e9e de Terre et de l\u2019arme du g\u00e9nie. Apr\u00e8s une premi\u00e8re partie de carri\u00e8re op\u00e9rationnelle pass\u00e9e dans des r\u00e9giments de g\u00e9nie blind\u00e9 des forces (3<sup>e<\/sup> RG, 19<sup>e<\/sup> RG) et en op\u00e9rations ext\u00e9rieures, elle a occup\u00e9 divers postes dans les relations internationales militaires, comme cheffe de bureau \u00e0 la Direction g\u00e9n\u00e9rale des relations internationales et de la strat\u00e9gie (DGRIS) et attach\u00e9e de d\u00e9fense dans le Caucase du Sud et en Ukraine. Charg\u00e9e de mission aupr\u00e8s du Major g\u00e9n\u00e9ral des Arm\u00e9es depuis ao\u00fbt 2022, elle a pass\u00e9 sept des quinze derni\u00e8res ann\u00e9es dans l\u2019espace post-sovi\u00e9tique (Abkhazie\/G\u00e9orgie, G\u00e9orgie, Arm\u00e9nie, Azerba\u00efdjan, Ukraine et Bi\u00e9lorussie). Elle est russophone et comprend l\u2019ukrainien.<\/p>\t\t\t\t\t\t\t\t<\/div>\n\t\t\t\t<\/div>\n\t\t\t\t<div class=\"elementor-element elementor-element-ad7546c elementor-widget elementor-widget-heading\" data-id=\"ad7546c\" data-element_type=\"widget\" data-e-type=\"widget\" data-widget_type=\"heading.default\">\n\t\t\t\t<div class=\"elementor-widget-container\">\n\t\t\t\t\t<h2 class=\"elementor-heading-title elementor-size-default\">DEPUIS F\u00c9VRIER 2022, LE MONDE EST FRAPP\u00c9 PAR L\u2019AMPLEUR DE LA R\u00c9SISTANCE UKRAINIENNE. QUELLE EST SELON VOUS LA RECETTE DE CETTE FORCE MORALE ?<\/h2>\t\t\t\t<\/div>\n\t\t\t\t<\/div>\n\t\t\t\t<div class=\"elementor-element elementor-element-ef65b1b elementor-widget-divider--view-line elementor-widget elementor-widget-divider\" data-id=\"ef65b1b\" data-element_type=\"widget\" data-e-type=\"widget\" data-widget_type=\"divider.default\">\n\t\t\t\t<div class=\"elementor-widget-container\">\n\t\t\t\t\t\t\t<div class=\"elementor-divider\">\n\t\t\t<span class=\"elementor-divider-separator\">\n\t\t\t\t\t\t<\/span>\n\t\t<\/div>\n\t\t\t\t\t\t<\/div>\n\t\t\t\t<\/div>\n\t\t\t\t<div class=\"elementor-element elementor-element-71717bb elementor-widget elementor-widget-text-editor\" data-id=\"71717bb\" data-element_type=\"widget\" data-e-type=\"widget\" data-widget_type=\"text-editor.default\">\n\t\t\t\t<div class=\"elementor-widget-container\">\n\t\t\t\t\t\t\t\t\t<p style=\"text-align: left;\">L\u2019ampleur de la r\u00e9sistance ukrainienne force effectivement l\u2019admiration. La vigueur des forces morales constitue toujours un facteur de succ\u00e8s dans une guerre. Cette force morale peut \u00eatre attribu\u00e9e \u00e0 la coh\u00e9sion du pays, qui s\u2019est tout entier rassembl\u00e9 autour de la volont\u00e9 de d\u00e9fendre sa souverainet\u00e9 et son int\u00e9grit\u00e9. Un consensus imm\u00e9diat s\u2019est form\u00e9 entre les diff\u00e9rentes composantes de la soci\u00e9t\u00e9, \u00e0 savoir le politique, le militaire et la population, pour se d\u00e9fendre et r\u00e9sister, chacune \u00e0 sa mani\u00e8re.<\/p><p style=\"text-align: left;\">D\u00e8s le 24 f\u00e9vrier 2022, le Pr\u00e9sident Zelensky assurait aux Ukrainiens qu\u2019ils allaient se battre pour leur pays. Toute la classe politique et les milieux \u00e9conomiques ont observ\u00e9 depuis lors une sorte \u00ab\u00a0d\u2019Union sacr\u00e9e\u00a0\u00bb pour garantir la continuit\u00e9 de l\u2019\u00c9tat, f\u00e9d\u00e9rer, et incarner cette r\u00e9sistance. Les forces de s\u00e9curit\u00e9 et de d\u00e9fense sont plac\u00e9es sous le commandement du g\u00e9n\u00e9ral d\u2019arm\u00e9e Zaloujny, qui symbolise une nouvelle g\u00e9n\u00e9ration de chefs militaires, privil\u00e9giant le commandement par intention, qui laisse au subordonn\u00e9 initiative et libert\u00e9 d\u2019action tout en respectant l\u2019intention de son sup\u00e9rieur.<\/p><p style=\"text-align: left;\">Enfin, la population ukrainienne d\u00e9montre sa r\u00e9silience dans des fonctions non-combattantes, et sa r\u00e9sistance dans des fonctions combattantes.\u00a0<\/p><p style=\"text-align: left;\">Chacun joue un r\u00f4le, en s\u2019engageant \u00e0 hauteur de ses comp\u00e9tences et de ses capacit\u00e9s. Certains continuent \u00e0 travailler dans la profession qu\u2019ils occupaient avant-guerre, ou s\u2019enr\u00f4lent comme volontaires dans les forces arm\u00e9es, la d\u00e9fense territoriale, ou dans une organisation non gouvernementale, la cyberarm\u00e9e\u2026 Pour la partie non-combattante de la population, la r\u00e9silience devient une r\u00e9sistance.<\/p>\t\t\t\t\t\t\t\t<\/div>\n\t\t\t\t<\/div>\n\t\t\t\t<div class=\"elementor-element elementor-element-d4e40cb elementor-widget elementor-widget-heading\" data-id=\"d4e40cb\" data-element_type=\"widget\" data-e-type=\"widget\" data-widget_type=\"heading.default\">\n\t\t\t\t<div class=\"elementor-widget-container\">\n\t\t\t\t\t<h2 class=\"elementor-heading-title elementor-size-default\">COMMENT ANALYSEZ-VOUS LA STRAT\u00c9GIE DE COMMUNICATION DU PR\u00c9SIDENT ZELENSKY ?<\/h2>\t\t\t\t<\/div>\n\t\t\t\t<\/div>\n\t\t\t\t<div class=\"elementor-element elementor-element-2af8197 elementor-widget-divider--view-line elementor-widget elementor-widget-divider\" data-id=\"2af8197\" data-element_type=\"widget\" data-e-type=\"widget\" data-widget_type=\"divider.default\">\n\t\t\t\t<div class=\"elementor-widget-container\">\n\t\t\t\t\t\t\t<div class=\"elementor-divider\">\n\t\t\t<span class=\"elementor-divider-separator\">\n\t\t\t\t\t\t<\/span>\n\t\t<\/div>\n\t\t\t\t\t\t<\/div>\n\t\t\t\t<\/div>\n\t\t\t\t<div class=\"elementor-element elementor-element-309d43b elementor-widget elementor-widget-text-editor\" data-id=\"309d43b\" data-element_type=\"widget\" data-e-type=\"widget\" data-widget_type=\"text-editor.default\">\n\t\t\t\t<div class=\"elementor-widget-container\">\n\t\t\t\t\t\t\t\t\t<p style=\"text-align: left;\">La strat\u00e9gie de communication du Pr\u00e9sident Zelensky est moderne et efficace. Comme vous le savez, il fut acteur et com\u00e9dien avant son \u00e9lection. Il conna\u00eet donc l\u2019importance de la communication et en ma\u00eetrise les codes, notamment sur les r\u00e9seaux sociaux. Je pense qu\u2019il en a fait un pilier de sa diplomatie publique. Ses interventions sont synth\u00e9tiques et directes. Les id\u00e9es-force sont pass\u00e9es rapidement et en termes simples.<\/p><p style=\"text-align: left;\">Par ailleurs, sa communication est authentique et humanis\u00e9e, incarn\u00e9e. Il n\u2019h\u00e9site pas \u00e0 se montrer en situation, dans le registre personnel comme dans l\u2019exercice de ses fonctions. Sa communication n\u2019est pas abstraite, mais montre des faits, des acteurs qui \u0153uvrent chacun dans leur domaine. Cette communication est abordable et compr\u00e9hensible par tous, et une grande majorit\u00e9 de l\u2019auditoire peut y trouver des messages. Elle vise \u00e0 la fois la population ukrainienne, la population russe et la communaut\u00e9 internationale avec des r\u00e9f\u00e9rences adapt\u00e9es \u00e0 chaque auditoire.<\/p>\t\t\t\t\t\t\t\t<\/div>\n\t\t\t\t<\/div>\n\t\t\t\t<div class=\"elementor-element elementor-element-c6e1ea4 elementor-widget elementor-widget-heading\" data-id=\"c6e1ea4\" data-element_type=\"widget\" data-e-type=\"widget\" data-widget_type=\"heading.default\">\n\t\t\t\t<div class=\"elementor-widget-container\">\n\t\t\t\t\t<h2 class=\"elementor-heading-title elementor-size-default\">\u00ab LES UKRAINIENS ONT GAGN\u00c9 LA BATAILLE DU NARRATIF VERS LES AUDITOIRES OCCIDENTAUX \u00bb<\/h2>\t\t\t\t<\/div>\n\t\t\t\t<\/div>\n\t\t\t\t<div class=\"elementor-element elementor-element-46fc9b2 elementor-widget-divider--view-line elementor-widget elementor-widget-divider\" data-id=\"46fc9b2\" data-element_type=\"widget\" data-e-type=\"widget\" data-widget_type=\"divider.default\">\n\t\t\t\t<div class=\"elementor-widget-container\">\n\t\t\t\t\t\t\t<div class=\"elementor-divider\">\n\t\t\t<span class=\"elementor-divider-separator\">\n\t\t\t\t\t\t<\/span>\n\t\t<\/div>\n\t\t\t\t\t\t<\/div>\n\t\t\t\t<\/div>\n\t\t\t\t<div class=\"elementor-element elementor-element-dd76e4d elementor-widget elementor-widget-text-editor\" data-id=\"dd76e4d\" data-element_type=\"widget\" data-e-type=\"widget\" data-widget_type=\"text-editor.default\">\n\t\t\t\t<div class=\"elementor-widget-container\">\n\t\t\t\t\t\t\t\t\t<p style=\"text-align: left;\">C\u2019est une communication partag\u00e9e avec les Ukrainiens. Si le Pr\u00e9sident d\u00e9cide du narratif, la population le nourrit \u00e9galement. Ce partage s\u2019exprime sous la forme d\u2019une courte allocution quotidienne du Pr\u00e9sident \u00e0 la population, au cours de laquelle il d\u00e9crypte pour le pays les avanc\u00e9es de la guerre. Ce partage s\u2019exprime \u00e9galement par une valorisation de la r\u00e9sistance. Ainsi, des \u00ab\u00a0h\u00e9ros ordinaires\u00a0\u00bb, militaires comme civils, sont mis \u00e0 l\u2019honneur sur les r\u00e9seaux chaque jour. Le courage et l\u2019h\u00e9ro\u00efsme des Ukrainiens occupent une part pr\u00e9pond\u00e9rante de sa communication.<\/p><p style=\"text-align: left;\">Enfin, les Ukrainiens ont d\u2019embl\u00e9e pris la mesure de la guerre informationnelle qu\u2019ils devraient livrer contre les Russes. D\u00e8s le d\u00e9but de la guerre, ils ont mis en \u0153uvre une strat\u00e9gie informationnelle tr\u00e8s efficace, nourrie par des images de combats prises par les unit\u00e9s engag\u00e9es contre l\u2019arm\u00e9e russe, des moments d\u2019\u00e9motion, lors par exemple de la lib\u00e9ration de villages occup\u00e9s par les Russes, des billets d\u2019humour \u00e9galement lorsqu\u2019ils s\u2019adressent aux pays donateurs pour les remercier et les inciter \u00e0 donner plus. Ils ont gagn\u00e9 la bataille du narratif vers les auditoires occidentaux, c\u2019est ind\u00e9niable et nous apprenons beaucoup en les observant.<\/p>\t\t\t\t\t\t\t\t<\/div>\n\t\t\t\t<\/div>\n\t\t\t\t<div class=\"elementor-element elementor-element-9823a1a elementor-widget elementor-widget-heading\" data-id=\"9823a1a\" data-element_type=\"widget\" data-e-type=\"widget\" data-widget_type=\"heading.default\">\n\t\t\t\t<div class=\"elementor-widget-container\">\n\t\t\t\t\t<h2 class=\"elementor-heading-title elementor-size-default\">QUELLES S\u00c9QUENCES COMMUNICATIONNELLES VOUS ONT LE PLUS FRAPP\u00c9E PENDANT CES PRESQUE DEUX ANN\u00c9ES DE CONFLIT ?<\/h2>\t\t\t\t<\/div>\n\t\t\t\t<\/div>\n\t\t\t\t<div class=\"elementor-element elementor-element-9ec9e1e elementor-widget-divider--view-line elementor-widget elementor-widget-divider\" data-id=\"9ec9e1e\" data-element_type=\"widget\" data-e-type=\"widget\" data-widget_type=\"divider.default\">\n\t\t\t\t<div class=\"elementor-widget-container\">\n\t\t\t\t\t\t\t<div class=\"elementor-divider\">\n\t\t\t<span class=\"elementor-divider-separator\">\n\t\t\t\t\t\t<\/span>\n\t\t<\/div>\n\t\t\t\t\t\t<\/div>\n\t\t\t\t<\/div>\n\t\t\t\t<div class=\"elementor-element elementor-element-1594b12 elementor-widget elementor-widget-text-editor\" data-id=\"1594b12\" data-element_type=\"widget\" data-e-type=\"widget\" data-widget_type=\"text-editor.default\">\n\t\t\t\t<div class=\"elementor-widget-container\">\n\t\t\t\t\t\t\t\t\t<p style=\"text-align: left;\">De nombreuses s\u00e9quences ont \u00e9t\u00e9 marquantes. J\u2019en retiendrai quatre, qui ont connu beaucoup de r\u00e9sonnance en Ukraine, et qui constituent aujourd\u2019hui des symboles.<\/p><p style=\"text-align: left;\"><strong><em>La prise de l\u2019\u00eele aux Serpents<\/em><\/strong><\/p><p style=\"text-align: left;\">La prise de l\u2019\u00eele aux Serpents par les forces arm\u00e9es russes le 24 f\u00e9vrier 2022 se d\u00e9roule pendant les premi\u00e8res heures de la guerre. Cette \u00eele \u00e9tait gard\u00e9e par les gardes-fronti\u00e8res ukrainiens, qui ont re\u00e7u par un b\u00e2timent russe l\u2019injonction de se rendre, sous peine d\u2019\u00eatre bombard\u00e9s. \u00c0 cette injonction, les soldats ukrainiens auraient r\u00e9pondu\u00a0: \u00ab\u00a0navire russe, va te faire voir\u00a0\u00bb <em>[NDLR\u00a0: ce dernier mot \u00e9tant une version att\u00e9nu\u00e9e du verbe initialement employ\u00e9]<\/em>. Cette expression est devenue spontan\u00e9ment et de fa\u00e7on virale le mot de ralliement des Ukrainiens, et le premier slogan de la r\u00e9sistance \u00e0 l\u2019agression russe.<\/p><p style=\"text-align: left;\"><strong><em>Le tracteur ukrainien<\/em><\/strong><\/p><p style=\"text-align: left;\">Le tracteur ukrainien est \u00e9galement devenu un symbole de la r\u00e9sistance ukrainienne. Dans un premier temps, au printemps 2022, les agriculteurs ukrainiens ont commenc\u00e9 \u00e0 \u00e9vacuer des champs et des routes les v\u00e9hicules russes en panne. Il s\u2019agissait d\u2019\u00e9viter que les terres cultiv\u00e9es ne deviennent des d\u00e9charges, mais \u00e9galement de solidarit\u00e9 vis-\u00e0-vis des forces arm\u00e9es ukrainiennes, auxquelles les agriculteurs livraient ces mat\u00e9riels. L\u2019intervention de ces \u00ab\u00a0nouvelles forces sp\u00e9ciales ukrainiennes\u00a0\u00bb [<em>NDLR\u00a0: les tracteurs<\/em>] a \u00e9t\u00e9 abondamment moqu\u00e9e sur les r\u00e9seaux sociaux russes.\u00a0<\/p><p style=\"text-align: left;\">\u00c0 l\u2019automne 2022, lors du retrait russe des r\u00e9gions de Kharkiv et Kherson, les tracteurs ont poursuivi le ramassage des v\u00e9hicules russes d\u00e9t\u00e9rior\u00e9s ou abandonn\u00e9s au profit des forces arm\u00e9es ukrainiennes, qui ont r\u00e9par\u00e9 ces mat\u00e9riels quand elles le pouvaient. Et dans cette phase, la partie ukrainienne a soulign\u00e9 que la Russie constituait le premier fournisseur de l\u2019Ukraine en \u00e9quipements militaires, gr\u00e2ce \u00e0 cette r\u00e9cup\u00e9ration. Le tracteur ukrainien a donc trouv\u00e9 une place d\u2019honneur parmi les symboles de cette guerre\u2026<\/p>\t\t\t\t\t\t\t\t<\/div>\n\t\t\t\t<\/div>\n\t\t\t\t<div class=\"elementor-element elementor-element-d79ad71 elementor-widget elementor-widget-image\" data-id=\"d79ad71\" data-element_type=\"widget\" data-e-type=\"widget\" data-widget_type=\"image.default\">\n\t\t\t\t<div class=\"elementor-widget-container\">\n\t\t\t\t\t\t\t\t\t\t\t\t<figure class=\"wp-caption\">\n\t\t\t\t\t\t\t\t\t\t<img fetchpriority=\"high\" decoding=\"async\" width=\"730\" height=\"410\" src=\"https:\/\/ihedn.fr\/wp-content\/uploads\/2024\/01\/timbre-ukraine.jpg\" class=\"attachment-large size-large wp-image-45530\" alt=\"Timbre \u00e9dit\u00e9 par la poste ukrainienne en hommage au r\u00f4le jou\u00e9 par le tracteur ukrainien\" srcset=\"https:\/\/ihedn.fr\/wp-content\/uploads\/2024\/01\/timbre-ukraine.jpg 730w, https:\/\/ihedn.fr\/wp-content\/uploads\/2024\/01\/timbre-ukraine-18x10.jpg 18w\" sizes=\"(max-width: 730px) 100vw, 730px\" \/>\t\t\t\t\t\t\t\t\t\t\t<figcaption class=\"widget-image-caption wp-caption-text\">Timbre \u00e9dit\u00e9 par la poste ukrainienne en hommage au r\u00f4le jou\u00e9 par le tracteur ukrainien<\/figcaption>\n\t\t\t\t\t\t\t\t\t\t<\/figure>\n\t\t\t\t\t\t\t\t\t<\/div>\n\t\t\t\t<\/div>\n\t\t\t\t<div class=\"elementor-element elementor-element-078a9f6 elementor-widget elementor-widget-text-editor\" data-id=\"078a9f6\" data-element_type=\"widget\" data-e-type=\"widget\" data-widget_type=\"text-editor.default\">\n\t\t\t\t<div class=\"elementor-widget-container\">\n\t\t\t\t\t\t\t\t\t<p style=\"text-align: left;\"><strong><em>L\u2019enl\u00e8vement du raton laveur de Kherson <\/em><\/strong><\/p><p style=\"text-align: left;\">J\u2019avoue que je n\u2019ai pas appr\u00e9hend\u00e9 d\u2019embl\u00e9e l\u2019ampleur de cette s\u00e9quence. Au bout de vingt-quatre heures, et \u00e0 force de rencontrer sur les r\u00e9seaux sociaux le mot \u00ab\u00a0raton laveur\u00a0\u00bb, que je ne connaissais pas en ukrainien, je me suis plong\u00e9e d\u2019abord dans le dictionnaire, puis dans l\u2019\u00e9pop\u00e9e de cet animal devenu une \u00e9g\u00e9rie nationale.<\/p><p style=\"text-align: left;\">En novembre 2022, avant de se retirer de Kherson, les forces arm\u00e9es russes ont enlev\u00e9 plusieurs animaux du zoo municipal, notamment un raton laveur, un lama, un loup, un \u00e2ne et des \u00e9cureuils. Ces animaux auraient \u00e9t\u00e9 emmen\u00e9s dans un zoo en Crim\u00e9e. Le fondateur du mouvement de protection des animaux <em>UAnimals<\/em> a signal\u00e9 cet enl\u00e8vement sur les r\u00e9seaux sociaux. Le raton laveur avait \u00e9t\u00e9 brutalement tir\u00e9 de sa cage et s\u2019\u00e9tait d\u00e9battu. La cause du raton laveur a fait l\u2019objet d\u2019une s\u00e9quence informationnelle abondante, o\u00f9 la partie ukrainienne soulignait les pratiques des forces arm\u00e9es russes qui se livraient au pillage, \u00e0 des brutalit\u00e9s et \u00e0 des enl\u00e8vements.<\/p><p style=\"text-align: left;\">Le raton laveur a donc fait son apparition \u00e0 l\u2019affiche, et est devenu un m\u00e8me.<\/p>\t\t\t\t\t\t\t\t<\/div>\n\t\t\t\t<\/div>\n\t\t\t\t<div class=\"elementor-element elementor-element-f74f60d elementor-widget elementor-widget-image\" data-id=\"f74f60d\" data-element_type=\"widget\" data-e-type=\"widget\" data-widget_type=\"image.default\">\n\t\t\t\t<div class=\"elementor-widget-container\">\n\t\t\t\t\t\t\t\t\t\t\t\t<figure class=\"wp-caption\">\n\t\t\t\t\t\t\t\t\t\t<img decoding=\"async\" width=\"636\" height=\"768\" src=\"https:\/\/ihedn.fr\/wp-content\/uploads\/2024\/01\/affiche-soldat-raccoon-636x768.jpg\" class=\"attachment-medium_large size-medium_large wp-image-45531\" alt=\"Affiche \u00ab Il faut sauver le soldat raton laveur \u00bb\" \/>\t\t\t\t\t\t\t\t\t\t\t<figcaption class=\"widget-image-caption wp-caption-text\">\u00ab Il faut sauver le soldat raton laveur \u00bb<\/figcaption>\n\t\t\t\t\t\t\t\t\t\t<\/figure>\n\t\t\t\t\t\t\t\t\t<\/div>\n\t\t\t\t<\/div>\n\t\t\t\t<div class=\"elementor-element elementor-element-b80246a elementor-widget elementor-widget-text-editor\" data-id=\"b80246a\" data-element_type=\"widget\" data-e-type=\"widget\" data-widget_type=\"text-editor.default\">\n\t\t\t\t<div class=\"elementor-widget-container\">\n\t\t\t\t\t\t\t\t\t<p style=\"text-align: left;\"><strong><em>Les\u00a0remerciements du gouvernement ukrainien \u00e0 la France<\/em><\/strong><\/p><p style=\"text-align: left;\">La France est \u00e9galement pr\u00e9sente dans la communication ukrainienne. Le soutien de la France est salu\u00e9 \u00e0 chaque effort, comme en t\u00e9moigne <a href=\"https:\/\/www.youtube.com\/watch?v=HZbc3S7TU7k\" target=\"_blank\" rel=\"noopener\">cette vid\u00e9o<\/a> \u00e9dit\u00e9e par le minist\u00e8re ukrainien de la D\u00e9fense, qui remerciait en octobre 2022 par un type de communication in\u00e9dit, mais avec des codes culturels tr\u00e8s fran\u00e7ais, la livraison de canons d\u2019artillerie Caesar \u00e0 l\u2019Ukraine. Un an et demi plus tard, le 18 janvier 2024, le ministre des Arm\u00e9es, S\u00e9bastien Lecornu, a lanc\u00e9 avec son homologue ukrainien, Roustem Oumerov, la coalition \u00ab Artillerie pour l\u2019Ukraine \u00bb.<\/p>\t\t\t\t\t\t\t\t<\/div>\n\t\t\t\t<\/div>\n\t\t\t\t<div class=\"elementor-element elementor-element-2edcaaf elementor-widget elementor-widget-heading\" data-id=\"2edcaaf\" data-element_type=\"widget\" data-e-type=\"widget\" data-widget_type=\"heading.default\">\n\t\t\t\t<div class=\"elementor-widget-container\">\n\t\t\t\t\t<h2 class=\"elementor-heading-title elementor-size-default\">CETTE COMMUNICATION PR\u00c9SIDENTIELLE SERAIT-ELLE AUSSI IMPACTANTE AVEC UNE MOINDRE R\u00c9SISTANCE DE LA POPULATION UKRAINIENNE ?<\/h2>\t\t\t\t<\/div>\n\t\t\t\t<\/div>\n\t\t\t\t<div class=\"elementor-element elementor-element-8f2d310 elementor-widget-divider--view-line elementor-widget elementor-widget-divider\" data-id=\"8f2d310\" data-element_type=\"widget\" data-e-type=\"widget\" data-widget_type=\"divider.default\">\n\t\t\t\t<div class=\"elementor-widget-container\">\n\t\t\t\t\t\t\t<div class=\"elementor-divider\">\n\t\t\t<span class=\"elementor-divider-separator\">\n\t\t\t\t\t\t<\/span>\n\t\t<\/div>\n\t\t\t\t\t\t<\/div>\n\t\t\t\t<\/div>\n\t\t\t\t<div class=\"elementor-element elementor-element-fbf56ed elementor-widget elementor-widget-text-editor\" data-id=\"fbf56ed\" data-element_type=\"widget\" data-e-type=\"widget\" data-widget_type=\"text-editor.default\">\n\t\t\t\t<div class=\"elementor-widget-container\">\n\t\t\t\t\t\t\t\t\t<p style=\"text-align: left;\">Ces deux \u00e9l\u00e9ments sont li\u00e9s par une dynamique r\u00e9ciproque. La r\u00e9sistance ukrainienne trouve son incarnation en la personne du Pr\u00e9sident Zelensky. Et ce dernier porte et valorise le courage et l\u2019h\u00e9ro\u00efsme de sa population au niveau international.<\/p><p style=\"text-align: left;\">La volont\u00e9 de d\u00e9fendre l\u2019int\u00e9grit\u00e9, la souverainet\u00e9 et l\u2019identit\u00e9 ukrainiennes est partag\u00e9e par le Pr\u00e9sident et la population. En d\u00e9pit des \u00e9preuves subies par la population civile comme par les militaires, cette volont\u00e9 ne faiblit pas et, au contraire, unit la nation.<\/p>\t\t\t\t\t\t\t\t<\/div>\n\t\t\t\t<\/div>\n\t\t\t\t\t<\/div>\n\t\t\t\t<\/div>\n\t\t\t\t<\/div>\n\t\t","protected":false},"excerpt":{"rendered":"<p>A former defence attach\u00e9 in Ukraine, General Andr\u00e9e \u00c9vrard spoke this week at the Franco-British Strategic Forum about the country's resistance and its President's communication. She shares her analysis of these issues with the IHEDN.<\/p>","protected":false},"author":10,"featured_media":45602,"comment_status":"closed","ping_status":"closed","sticky":false,"template":"","format":"standard","meta":{"footnotes":""},"categories":[41,171,210],"tags":[218],"class_list":["post-45528","post","type-post","status-publish","format-standard","has-post-thumbnail","hentry","category-lundis-de-lihedn","category-notre-selection","category-securite-nationale","tag-guerreukraine"],"yoast_head":"<!-- This site is optimized with the Yoast SEO plugin v27.5 - https:\/\/yoast.com\/product\/yoast-seo-wordpress\/ -->\n<title>G\u00e9n\u00e9rale Andr\u00e9e \u00c9vrard : \u00ab Les Ukrainiens ont d\u2019embl\u00e9e pris la mesure de la guerre informationnelle \u00bb - L&#039;IHEDN : Institut des hautes \u00e9tudes de d\u00e9fense nationale<\/title>\n<meta name=\"description\" content=\"Ancienne attach\u00e9e de d\u00e9fense en Ukraine, la g\u00e9n\u00e9rale Andr\u00e9e \u00c9vrard est intervenue cette semaine au Forum strat\u00e9gique franco-britannique \u00e0 propos de la r\u00e9sistance de ce pays et de la communication de son Pr\u00e9sident. Elle partage avec l\u2019IHEDN son analyse de ces questions.\" \/>\n<meta name=\"robots\" content=\"index, follow, max-snippet:-1, max-image-preview:large, max-video-preview:-1\" \/>\n<link rel=\"canonical\" href=\"https:\/\/ihedn.fr\/en\/lundis-de-lihedn\/generale-evrard-les-ukrainiens-guerre-informationnelle\/\" \/>\n<meta property=\"og:locale\" content=\"en_GB\" \/>\n<meta property=\"og:type\" content=\"article\" \/>\n<meta property=\"og:title\" content=\"G\u00e9n\u00e9rale Andr\u00e9e \u00c9vrard : \u00ab Les Ukrainiens ont d\u2019embl\u00e9e pris la mesure de la guerre informationnelle \u00bb\" \/>\n<meta property=\"og:description\" content=\"Ancienne attach\u00e9e de d\u00e9fense en Ukraine, la g\u00e9n\u00e9rale Andr\u00e9e \u00c9vrard est intervenue cette semaine au Forum strat\u00e9gique franco-britannique \u00e0 propos de la r\u00e9sistance de ce pays et de la communication de son Pr\u00e9sident. Elle partage avec l\u2019IHEDN son analyse de ces questions.\" \/>\n<meta property=\"og:url\" content=\"https:\/\/ihedn.fr\/en\/lundis-de-lihedn\/generale-evrard-les-ukrainiens-guerre-informationnelle\/\" \/>\n<meta property=\"og:site_name\" content=\"L&#039;IHEDN : Institut des hautes \u00e9tudes de d\u00e9fense nationale\" \/>\n<meta property=\"article:publisher\" content=\"https:\/\/www.facebook.com\/ihedn\/\" \/>\n<meta property=\"article:published_time\" content=\"2024-01-26T16:10:42+00:00\" \/>\n<meta property=\"article:modified_time\" content=\"2025-09-04T16:33:44+00:00\" \/>\n<meta property=\"og:image\" content=\"https:\/\/ihedn.fr\/wp-content\/uploads\/2024\/01\/Gal_andree_evrard.jpg\" \/>\n\t<meta property=\"og:image:width\" content=\"640\" \/>\n\t<meta property=\"og:image:height\" content=\"320\" \/>\n\t<meta property=\"og:image:type\" content=\"image\/jpeg\" \/>\n<meta name=\"author\" content=\"tanguy.morel@ihedn.fr\" \/>\n<meta name=\"twitter:card\" content=\"summary_large_image\" \/>\n<meta name=\"twitter:title\" content=\"G\u00e9n\u00e9rale Andr\u00e9e \u00c9vrard : \u00ab Les Ukrainiens ont d\u2019embl\u00e9e pris la mesure de la guerre informationnelle \u00bb\" \/>\n<meta name=\"twitter:description\" content=\"Ancienne attach\u00e9e de d\u00e9fense en Ukraine, la g\u00e9n\u00e9rale Andr\u00e9e \u00c9vrard est intervenue cette semaine au Forum strat\u00e9gique franco-britannique \u00e0 propos de la r\u00e9sistance de ce pays et de la communication de son Pr\u00e9sident. Elle partage avec l\u2019IHEDN son analyse de ces questions.\" \/>\n<meta name=\"twitter:image\" content=\"https:\/\/ihedn.fr\/wp-content\/uploads\/2024\/01\/Gal_andree_evrard.jpg\" \/>\n<meta name=\"twitter:creator\" content=\"@IHEDN\" \/>\n<meta name=\"twitter:site\" content=\"@IHEDN\" \/>\n<meta name=\"twitter:label1\" content=\"Written by\" \/>\n\t<meta name=\"twitter:data1\" content=\"tanguy.morel@ihedn.fr\" \/>\n\t<meta name=\"twitter:label2\" content=\"Estimated reading time\" \/>\n\t<meta name=\"twitter:data2\" content=\"8 minutes\" \/>\n<script type=\"application\/ld+json\" class=\"yoast-schema-graph\">{\"@context\":\"https:\\\/\\\/schema.org\",\"@graph\":[{\"@type\":\"Article\",\"@id\":\"https:\\\/\\\/ihedn.fr\\\/lundis-de-lihedn\\\/generale-evrard-les-ukrainiens-guerre-informationnelle\\\/#article\",\"isPartOf\":{\"@id\":\"https:\\\/\\\/ihedn.fr\\\/lundis-de-lihedn\\\/generale-evrard-les-ukrainiens-guerre-informationnelle\\\/\"},\"author\":{\"name\":\"tanguy.morel@ihedn.fr\",\"@id\":\"https:\\\/\\\/ihedn.fr\\\/#\\\/schema\\\/person\\\/ed217a37104b27a246b200e65b827cc7\"},\"headline\":\"G\u00e9n\u00e9rale Andr\u00e9e \u00c9vrard : \u00ab Les Ukrainiens ont d\u2019embl\u00e9e pris la mesure de la guerre informationnelle \u00bb\",\"datePublished\":\"2024-01-26T16:10:42+00:00\",\"dateModified\":\"2025-09-04T16:33:44+00:00\",\"mainEntityOfPage\":{\"@id\":\"https:\\\/\\\/ihedn.fr\\\/lundis-de-lihedn\\\/generale-evrard-les-ukrainiens-guerre-informationnelle\\\/\"},\"wordCount\":1696,\"publisher\":{\"@id\":\"https:\\\/\\\/ihedn.fr\\\/#organization\"},\"image\":{\"@id\":\"https:\\\/\\\/ihedn.fr\\\/lundis-de-lihedn\\\/generale-evrard-les-ukrainiens-guerre-informationnelle\\\/#primaryimage\"},\"thumbnailUrl\":\"https:\\\/\\\/ihedn.fr\\\/wp-content\\\/uploads\\\/2024\\\/01\\\/Bandeau_EVRARD_29_01_2024.jpg\",\"keywords\":[\"guerreUkraine\"],\"articleSection\":[\"Lundis de l'IHEDN\",\"Notre s\u00e9lection\",\"s\u00e9curit\u00e9 nationale\"],\"inLanguage\":\"en-GB\"},{\"@type\":\"WebPage\",\"@id\":\"https:\\\/\\\/ihedn.fr\\\/lundis-de-lihedn\\\/generale-evrard-les-ukrainiens-guerre-informationnelle\\\/\",\"url\":\"https:\\\/\\\/ihedn.fr\\\/lundis-de-lihedn\\\/generale-evrard-les-ukrainiens-guerre-informationnelle\\\/\",\"name\":\"G\u00e9n\u00e9rale Andr\u00e9e \u00c9vrard : \u00ab Les Ukrainiens ont d\u2019embl\u00e9e pris la mesure de la guerre informationnelle \u00bb - L&#039;IHEDN : Institut des hautes \u00e9tudes de d\u00e9fense nationale\",\"isPartOf\":{\"@id\":\"https:\\\/\\\/ihedn.fr\\\/#website\"},\"primaryImageOfPage\":{\"@id\":\"https:\\\/\\\/ihedn.fr\\\/lundis-de-lihedn\\\/generale-evrard-les-ukrainiens-guerre-informationnelle\\\/#primaryimage\"},\"image\":{\"@id\":\"https:\\\/\\\/ihedn.fr\\\/lundis-de-lihedn\\\/generale-evrard-les-ukrainiens-guerre-informationnelle\\\/#primaryimage\"},\"thumbnailUrl\":\"https:\\\/\\\/ihedn.fr\\\/wp-content\\\/uploads\\\/2024\\\/01\\\/Bandeau_EVRARD_29_01_2024.jpg\",\"datePublished\":\"2024-01-26T16:10:42+00:00\",\"dateModified\":\"2025-09-04T16:33:44+00:00\",\"description\":\"Ancienne attach\u00e9e de d\u00e9fense en Ukraine, la g\u00e9n\u00e9rale Andr\u00e9e \u00c9vrard est intervenue cette semaine au Forum strat\u00e9gique franco-britannique \u00e0 propos de la r\u00e9sistance de ce pays et de la communication de son Pr\u00e9sident. Elle partage avec l\u2019IHEDN son analyse de ces questions.\",\"breadcrumb\":{\"@id\":\"https:\\\/\\\/ihedn.fr\\\/lundis-de-lihedn\\\/generale-evrard-les-ukrainiens-guerre-informationnelle\\\/#breadcrumb\"},\"inLanguage\":\"en-GB\",\"potentialAction\":[{\"@type\":\"ReadAction\",\"target\":[\"https:\\\/\\\/ihedn.fr\\\/lundis-de-lihedn\\\/generale-evrard-les-ukrainiens-guerre-informationnelle\\\/\"]}]},{\"@type\":\"ImageObject\",\"inLanguage\":\"en-GB\",\"@id\":\"https:\\\/\\\/ihedn.fr\\\/lundis-de-lihedn\\\/generale-evrard-les-ukrainiens-guerre-informationnelle\\\/#primaryimage\",\"url\":\"https:\\\/\\\/ihedn.fr\\\/wp-content\\\/uploads\\\/2024\\\/01\\\/Bandeau_EVRARD_29_01_2024.jpg\",\"contentUrl\":\"https:\\\/\\\/ihedn.fr\\\/wp-content\\\/uploads\\\/2024\\\/01\\\/Bandeau_EVRARD_29_01_2024.jpg\",\"width\":1920,\"height\":1080,\"caption\":\"G\u00e9n\u00e9rale Andr\u00e9e \u00c9vrard\"},{\"@type\":\"BreadcrumbList\",\"@id\":\"https:\\\/\\\/ihedn.fr\\\/lundis-de-lihedn\\\/generale-evrard-les-ukrainiens-guerre-informationnelle\\\/#breadcrumb\",\"itemListElement\":[{\"@type\":\"ListItem\",\"position\":1,\"name\":\"Accueil\",\"item\":\"https:\\\/\\\/ihedn.fr\\\/\"},{\"@type\":\"ListItem\",\"position\":2,\"name\":\"G\u00e9n\u00e9rale Andr\u00e9e \u00c9vrard : \u00ab Les Ukrainiens ont d\u2019embl\u00e9e pris la mesure de la guerre informationnelle \u00bb\"}]},{\"@type\":\"WebSite\",\"@id\":\"https:\\\/\\\/ihedn.fr\\\/#website\",\"url\":\"https:\\\/\\\/ihedn.fr\\\/\",\"name\":\"IHEDN : Institut des hautes \u00e9tudes de d\u00e9fense nationale |\",\"description\":\"Site officiel de l&#039;IHEDN plac\u00e9 sous la tutelle du Premier ministre.\",\"publisher\":{\"@id\":\"https:\\\/\\\/ihedn.fr\\\/#organization\"},\"potentialAction\":[{\"@type\":\"SearchAction\",\"target\":{\"@type\":\"EntryPoint\",\"urlTemplate\":\"https:\\\/\\\/ihedn.fr\\\/?s={search_term_string}\"},\"query-input\":{\"@type\":\"PropertyValueSpecification\",\"valueRequired\":true,\"valueName\":\"search_term_string\"}}],\"inLanguage\":\"en-GB\"},{\"@type\":\"Organization\",\"@id\":\"https:\\\/\\\/ihedn.fr\\\/#organization\",\"name\":\"IHEDN - Institut des Hautes Etudes de D\u00e9fense Nationale\",\"url\":\"https:\\\/\\\/ihedn.fr\\\/\",\"logo\":{\"@type\":\"ImageObject\",\"inLanguage\":\"en-GB\",\"@id\":\"https:\\\/\\\/ihedn.fr\\\/#\\\/schema\\\/logo\\\/image\\\/\",\"url\":\"https:\\\/\\\/ihedn.fr\\\/wp-content\\\/uploads\\\/2020\\\/11\\\/BLOC_RF_IHEDN_WEB.png\",\"contentUrl\":\"https:\\\/\\\/ihedn.fr\\\/wp-content\\\/uploads\\\/2020\\\/11\\\/BLOC_RF_IHEDN_WEB.png\",\"width\":500,\"height\":237,\"caption\":\"IHEDN - Institut des Hautes Etudes de D\u00e9fense Nationale\"},\"image\":{\"@id\":\"https:\\\/\\\/ihedn.fr\\\/#\\\/schema\\\/logo\\\/image\\\/\"},\"sameAs\":[\"https:\\\/\\\/www.facebook.com\\\/ihedn\\\/\",\"https:\\\/\\\/x.com\\\/IHEDN\",\"https:\\\/\\\/www.instagram.com\\\/ihedn\\\/\",\"https:\\\/\\\/www.linkedin.com\\\/school\\\/ihedn\\\/\",\"https:\\\/\\\/fr.wikipedia.org\\\/wiki\\\/Institut_des_hautes_\u00e9tudes_de_D\u00e9fense_nationale\"]},{\"@type\":\"Person\",\"@id\":\"https:\\\/\\\/ihedn.fr\\\/#\\\/schema\\\/person\\\/ed217a37104b27a246b200e65b827cc7\",\"name\":\"tanguy.morel@ihedn.fr\",\"image\":{\"@type\":\"ImageObject\",\"inLanguage\":\"en-GB\",\"@id\":\"https:\\\/\\\/secure.gravatar.com\\\/avatar\\\/36877cd30919fafddf1f9da45f4154aa468a64328452f2ceaff0968772207348?s=96&d=mm&r=g\",\"url\":\"https:\\\/\\\/secure.gravatar.com\\\/avatar\\\/36877cd30919fafddf1f9da45f4154aa468a64328452f2ceaff0968772207348?s=96&d=mm&r=g\",\"contentUrl\":\"https:\\\/\\\/secure.gravatar.com\\\/avatar\\\/36877cd30919fafddf1f9da45f4154aa468a64328452f2ceaff0968772207348?s=96&d=mm&r=g\",\"caption\":\"tanguy.morel@ihedn.fr\"},\"url\":\"https:\\\/\\\/ihedn.fr\\\/en\\\/author\\\/tanguy-morelihedn-fr\\\/\"}]}<\/script>\n<!-- \/ Yoast SEO plugin. -->","yoast_head_json":{"title":"General Andr\u00e9e \u00c9vrard: \"From the outset, the Ukrainians have taken the measure of information warfare\" - L'IHEDN : Institut des hautes \u00e9tudes de d\u00e9fense nationale (Graduate Institute of National Defence)","description":"A former defence attach\u00e9 in Ukraine, General Andr\u00e9e \u00c9vrard spoke this week at the Franco-British Strategic Forum about the country's resistance and its President's communication. She shares her analysis of these issues with the IHEDN.","robots":{"index":"index","follow":"follow","max-snippet":"max-snippet:-1","max-image-preview":"max-image-preview:large","max-video-preview":"max-video-preview:-1"},"canonical":"https:\/\/ihedn.fr\/en\/lundis-de-lihedn\/generale-evrard-les-ukrainiens-guerre-informationnelle\/","og_locale":"en_GB","og_type":"article","og_title":"G\u00e9n\u00e9rale Andr\u00e9e \u00c9vrard : \u00ab Les Ukrainiens ont d\u2019embl\u00e9e pris la mesure de la guerre informationnelle \u00bb","og_description":"Ancienne attach\u00e9e de d\u00e9fense en Ukraine, la g\u00e9n\u00e9rale Andr\u00e9e \u00c9vrard est intervenue cette semaine au Forum strat\u00e9gique franco-britannique \u00e0 propos de la r\u00e9sistance de ce pays et de la communication de son Pr\u00e9sident. Elle partage avec l\u2019IHEDN son analyse de ces questions.","og_url":"https:\/\/ihedn.fr\/en\/lundis-de-lihedn\/generale-evrard-les-ukrainiens-guerre-informationnelle\/","og_site_name":"L&#039;IHEDN : Institut des hautes \u00e9tudes de d\u00e9fense nationale","article_publisher":"https:\/\/www.facebook.com\/ihedn\/","article_published_time":"2024-01-26T16:10:42+00:00","article_modified_time":"2025-09-04T16:33:44+00:00","og_image":[{"width":640,"height":320,"url":"https:\/\/ihedn.fr\/wp-content\/uploads\/2024\/01\/Gal_andree_evrard.jpg","type":"image\/jpeg"}],"author":"tanguy.morel@ihedn.fr","twitter_card":"summary_large_image","twitter_title":"G\u00e9n\u00e9rale Andr\u00e9e \u00c9vrard : \u00ab Les Ukrainiens ont d\u2019embl\u00e9e pris la mesure de la guerre informationnelle \u00bb","twitter_description":"Ancienne attach\u00e9e de d\u00e9fense en Ukraine, la g\u00e9n\u00e9rale Andr\u00e9e \u00c9vrard est intervenue cette semaine au Forum strat\u00e9gique franco-britannique \u00e0 propos de la r\u00e9sistance de ce pays et de la communication de son Pr\u00e9sident. Elle partage avec l\u2019IHEDN son analyse de ces questions.","twitter_image":"https:\/\/ihedn.fr\/wp-content\/uploads\/2024\/01\/Gal_andree_evrard.jpg","twitter_creator":"@IHEDN","twitter_site":"@IHEDN","twitter_misc":{"Written by":"tanguy.morel@ihedn.fr","Estimated reading time":"8 minutes"},"schema":{"@context":"https:\/\/schema.org","@graph":[{"@type":"Article","@id":"https:\/\/ihedn.fr\/lundis-de-lihedn\/generale-evrard-les-ukrainiens-guerre-informationnelle\/#article","isPartOf":{"@id":"https:\/\/ihedn.fr\/lundis-de-lihedn\/generale-evrard-les-ukrainiens-guerre-informationnelle\/"},"author":{"name":"tanguy.morel@ihedn.fr","@id":"https:\/\/ihedn.fr\/#\/schema\/person\/ed217a37104b27a246b200e65b827cc7"},"headline":"G\u00e9n\u00e9rale Andr\u00e9e \u00c9vrard : \u00ab Les Ukrainiens ont d\u2019embl\u00e9e pris la mesure de la guerre informationnelle \u00bb","datePublished":"2024-01-26T16:10:42+00:00","dateModified":"2025-09-04T16:33:44+00:00","mainEntityOfPage":{"@id":"https:\/\/ihedn.fr\/lundis-de-lihedn\/generale-evrard-les-ukrainiens-guerre-informationnelle\/"},"wordCount":1696,"publisher":{"@id":"https:\/\/ihedn.fr\/#organization"},"image":{"@id":"https:\/\/ihedn.fr\/lundis-de-lihedn\/generale-evrard-les-ukrainiens-guerre-informationnelle\/#primaryimage"},"thumbnailUrl":"https:\/\/ihedn.fr\/wp-content\/uploads\/2024\/01\/Bandeau_EVRARD_29_01_2024.jpg","keywords":["guerreUkraine"],"articleSection":["Lundis de l'IHEDN","Notre s\u00e9lection","s\u00e9curit\u00e9 nationale"],"inLanguage":"en-GB"},{"@type":"WebPage","@id":"https:\/\/ihedn.fr\/lundis-de-lihedn\/generale-evrard-les-ukrainiens-guerre-informationnelle\/","url":"https:\/\/ihedn.fr\/lundis-de-lihedn\/generale-evrard-les-ukrainiens-guerre-informationnelle\/","name":"General Andr\u00e9e \u00c9vrard: \"From the outset, the Ukrainians have taken the measure of information warfare\" - L'IHEDN : Institut des hautes \u00e9tudes de d\u00e9fense nationale (Graduate Institute of National Defence)","isPartOf":{"@id":"https:\/\/ihedn.fr\/#website"},"primaryImageOfPage":{"@id":"https:\/\/ihedn.fr\/lundis-de-lihedn\/generale-evrard-les-ukrainiens-guerre-informationnelle\/#primaryimage"},"image":{"@id":"https:\/\/ihedn.fr\/lundis-de-lihedn\/generale-evrard-les-ukrainiens-guerre-informationnelle\/#primaryimage"},"thumbnailUrl":"https:\/\/ihedn.fr\/wp-content\/uploads\/2024\/01\/Bandeau_EVRARD_29_01_2024.jpg","datePublished":"2024-01-26T16:10:42+00:00","dateModified":"2025-09-04T16:33:44+00:00","description":"A former defence attach\u00e9 in Ukraine, General Andr\u00e9e \u00c9vrard spoke this week at the Franco-British Strategic Forum about the country's resistance and its President's communication. She shares her analysis of these issues with the IHEDN.","breadcrumb":{"@id":"https:\/\/ihedn.fr\/lundis-de-lihedn\/generale-evrard-les-ukrainiens-guerre-informationnelle\/#breadcrumb"},"inLanguage":"en-GB","potentialAction":[{"@type":"ReadAction","target":["https:\/\/ihedn.fr\/lundis-de-lihedn\/generale-evrard-les-ukrainiens-guerre-informationnelle\/"]}]},{"@type":"ImageObject","inLanguage":"en-GB","@id":"https:\/\/ihedn.fr\/lundis-de-lihedn\/generale-evrard-les-ukrainiens-guerre-informationnelle\/#primaryimage","url":"https:\/\/ihedn.fr\/wp-content\/uploads\/2024\/01\/Bandeau_EVRARD_29_01_2024.jpg","contentUrl":"https:\/\/ihedn.fr\/wp-content\/uploads\/2024\/01\/Bandeau_EVRARD_29_01_2024.jpg","width":1920,"height":1080,"caption":"G\u00e9n\u00e9rale Andr\u00e9e \u00c9vrard"},{"@type":"BreadcrumbList","@id":"https:\/\/ihedn.fr\/lundis-de-lihedn\/generale-evrard-les-ukrainiens-guerre-informationnelle\/#breadcrumb","itemListElement":[{"@type":"ListItem","position":1,"name":"Accueil","item":"https:\/\/ihedn.fr\/"},{"@type":"ListItem","position":2,"name":"G\u00e9n\u00e9rale Andr\u00e9e \u00c9vrard : \u00ab Les Ukrainiens ont d\u2019embl\u00e9e pris la mesure de la guerre informationnelle \u00bb"}]},{"@type":"WebSite","@id":"https:\/\/ihedn.fr\/#website","url":"https:\/\/ihedn.fr\/","name":"IHEDN: Institut des hautes \u00e9tudes de d\u00e9fense nationale (Institute for Higher National Defence Studies)","description":"Official website of the IHEDN under the supervision of the Prime Minister.","publisher":{"@id":"https:\/\/ihedn.fr\/#organization"},"potentialAction":[{"@type":"SearchAction","target":{"@type":"EntryPoint","urlTemplate":"https:\/\/ihedn.fr\/?s={search_term_string}"},"query-input":{"@type":"PropertyValueSpecification","valueRequired":true,"valueName":"search_term_string"}}],"inLanguage":"en-GB"},{"@type":"Organization","@id":"https:\/\/ihedn.fr\/#organization","name":"IHEDN - Institute for Higher National Defence Studies","url":"https:\/\/ihedn.fr\/","logo":{"@type":"ImageObject","inLanguage":"en-GB","@id":"https:\/\/ihedn.fr\/#\/schema\/logo\/image\/","url":"https:\/\/ihedn.fr\/wp-content\/uploads\/2020\/11\/BLOC_RF_IHEDN_WEB.png","contentUrl":"https:\/\/ihedn.fr\/wp-content\/uploads\/2020\/11\/BLOC_RF_IHEDN_WEB.png","width":500,"height":237,"caption":"IHEDN - Institut des Hautes Etudes de D\u00e9fense Nationale"},"image":{"@id":"https:\/\/ihedn.fr\/#\/schema\/logo\/image\/"},"sameAs":["https:\/\/www.facebook.com\/ihedn\/","https:\/\/x.com\/IHEDN","https:\/\/www.instagram.com\/ihedn\/","https:\/\/www.linkedin.com\/school\/ihedn\/","https:\/\/fr.wikipedia.org\/wiki\/Institut_des_hautes_\u00e9tudes_de_D\u00e9fense_nationale"]},{"@type":"Person","@id":"https:\/\/ihedn.fr\/#\/schema\/person\/ed217a37104b27a246b200e65b827cc7","name":"tanguy.morel@ihedn.fr","image":{"@type":"ImageObject","inLanguage":"en-GB","@id":"https:\/\/secure.gravatar.com\/avatar\/36877cd30919fafddf1f9da45f4154aa468a64328452f2ceaff0968772207348?s=96&d=mm&r=g","url":"https:\/\/secure.gravatar.com\/avatar\/36877cd30919fafddf1f9da45f4154aa468a64328452f2ceaff0968772207348?s=96&d=mm&r=g","contentUrl":"https:\/\/secure.gravatar.com\/avatar\/36877cd30919fafddf1f9da45f4154aa468a64328452f2ceaff0968772207348?s=96&d=mm&r=g","caption":"tanguy.morel@ihedn.fr"},"url":"https:\/\/ihedn.fr\/en\/author\/tanguy-morelihedn-fr\/"}]}},"publishpress_future_action":{"enabled":false,"date":"2026-05-07 01:37:38","action":"change-status","newStatus":"draft","terms":[],"taxonomy":"category","extraData":[]},"publishpress_future_workflow_manual_trigger":{"enabledWorkflows":[]},"_links":{"self":[{"href":"https:\/\/ihedn.fr\/en\/wp-json\/wp\/v2\/posts\/45528","targetHints":{"allow":["GET"]}}],"collection":[{"href":"https:\/\/ihedn.fr\/en\/wp-json\/wp\/v2\/posts"}],"about":[{"href":"https:\/\/ihedn.fr\/en\/wp-json\/wp\/v2\/types\/post"}],"author":[{"embeddable":true,"href":"https:\/\/ihedn.fr\/en\/wp-json\/wp\/v2\/users\/10"}],"replies":[{"embeddable":true,"href":"https:\/\/ihedn.fr\/en\/wp-json\/wp\/v2\/comments?post=45528"}],"version-history":[{"count":20,"href":"https:\/\/ihedn.fr\/en\/wp-json\/wp\/v2\/posts\/45528\/revisions"}],"predecessor-version":[{"id":55441,"href":"https:\/\/ihedn.fr\/en\/wp-json\/wp\/v2\/posts\/45528\/revisions\/55441"}],"wp:featuredmedia":[{"embeddable":true,"href":"https:\/\/ihedn.fr\/en\/wp-json\/wp\/v2\/media\/45602"}],"wp:attachment":[{"href":"https:\/\/ihedn.fr\/en\/wp-json\/wp\/v2\/media?parent=45528"}],"wp:term":[{"taxonomy":"category","embeddable":true,"href":"https:\/\/ihedn.fr\/en\/wp-json\/wp\/v2\/categories?post=45528"},{"taxonomy":"post_tag","embeddable":true,"href":"https:\/\/ihedn.fr\/en\/wp-json\/wp\/v2\/tags?post=45528"}],"curies":[{"name":"wp","href":"https:\/\/api.w.org\/{rel}","templated":true}]}}