{"id":45570,"date":"2024-01-26T17:06:44","date_gmt":"2024-01-26T16:06:44","guid":{"rendered":"https:\/\/ihedn.fr\/?p=45570"},"modified":"2024-02-13T12:05:39","modified_gmt":"2024-02-13T11:05:39","slug":"reims-accueille-la-236e-session-en-region-grand-est","status":"publish","type":"post","link":"https:\/\/ihedn.fr\/en\/notre-actualite\/reims-accueille-la-236e-session-en-region-grand-est\/","title":{"rendered":"Reims hosts the 236th session in the Grand Est region"},"content":{"rendered":"<div data-elementor-type=\"wp-post\" data-elementor-id=\"45570\" class=\"elementor elementor-45570\" data-elementor-post-type=\"post\">\n\t\t\t\t<div data-particle_enable=\"false\" data-particle-mobile-disabled=\"false\" class=\"elementor-element elementor-element-93a82e0 e-con-full e-flex e-con e-parent\" data-id=\"93a82e0\" data-element_type=\"container\" data-e-type=\"container\">\n\t\t\t\t<div class=\"elementor-element elementor-element-79a2a8c elementor-widget elementor-widget-text-editor\" data-id=\"79a2a8c\" data-element_type=\"widget\" data-e-type=\"widget\" data-widget_type=\"text-editor.default\">\n\t\t\t\t<div class=\"elementor-widget-container\">\n\t\t\t\t\t\t\t\t\t<p style=\"margin: 0cm 0cm 0.0001pt; text-align: left;\">Welcomed by Arnaud Robinet, Mayor of Reims, the guests were given a concise presentation on the security challenges facing the community. Following the reception, the auditors, accompanied by the deputy director of the IHEDN, prefect Nicolas Basselier, and sub-prefect Jean-Michel Delvert, head of the IHEDN's regional activities department, visited the aerospace company Latitude, a pioneer of the French New Space. Vincent Baudoin, the company's vice-president, gave them an insight into the industrial challenges facing this fast-growing company. Rear-Admiral Christophe M\u00e9rieult, deputy space commander, had travelled from Paris to give them a presentation on the defence implications of space.<\/p><p style=\"text-align: left;\">The auditors were impressed by the vitality of the Latitude company, whose CEO (and recent IHEDN youth auditor), Stanislas Maximin, was in Brussels to take part in the 16<sup>th<\/sup> European Space Conference.<\/p><p style=\"text-align: left;\">During the week, the auditors were also able to attend training manoeuvres by the army's armoured and mechanised forces at the CENTAC combat training centre at the Mailly camp. The discovery of the institutional players in defence and security continued at the Service d\u00e9partemental d'incendie et de secours (SDIS) de la Marne, under the direction of colonel Laurent Nicolay (auditor of the 230th session in the Normandy region). The various workshops on offer gave participants an insight into the many facets of firefighting.<\/p><p style=\"margin: 0cm 0cm 0.0001pt; text-align: left;\">In a region characterised by a historically dense industrial fabric, the sites of ASI Group and Aresia, two medium-sized companies in the aviation sector, helped to shed light on the close interweaving between defence and the private sector. Finally, a visit to the 113 air base at Saint-Dizier brought the auditors into contact with the men and women who help to ensure the nation's nuclear deterrent.<\/p><p style=\"margin: 0cm 0cm 0.0001pt; text-align: left;\">This knowledge was directly invested in the collective sessions of the committees which, like the conferences and visits, are part of the IHEDN's national training programme.<\/p>\t\t\t\t\t\t\t\t<\/div>\n\t\t\t\t<\/div>\n\t\t\t\t<div class=\"elementor-element elementor-element-69e3022 gallery-spacing-custom elementor-widget elementor-widget-image-gallery\" data-id=\"69e3022\" data-element_type=\"widget\" data-e-type=\"widget\" data-widget_type=\"image-gallery.default\">\n\t\t\t\t<div class=\"elementor-widget-container\">\n\t\t\t\t\t\t\t<div class=\"elementor-image-gallery\">\n\t\t\t<div id='gallery-1' class='gallery galleryid-45570 gallery-columns-4 gallery-size-medium'><figure class='gallery-item'>\n\t\t\t<div class='gallery-icon landscape'>\n\t\t\t\t<a data-elementor-open-lightbox=\"yes\" data-elementor-lightbox-slideshow=\"69e3022\" data-e-action-hash=\"#elementor-action%3Aaction%3Dlightbox%26settings%3DeyJpZCI6NDU1NzQsInVybCI6Imh0dHBzOlwvXC9paGVkbi5mclwvd3AtY29udGVudFwvdXBsb2Fkc1wvMjAyNFwvMDFcLzIwMjQwMTI1MjEzMzI5LTcyNWQ0YzA1LW1lLmpwZyIsInNsaWRlc2hvdyI6IjY5ZTMwMjIifQ%3D%3D\" href='https:\/\/ihedn.fr\/wp-content\/uploads\/2024\/01\/20240125213329-725d4c05-me.jpg'><img fetchpriority=\"high\" decoding=\"async\" width=\"300\" height=\"300\" src=\"https:\/\/ihedn.fr\/wp-content\/uploads\/2024\/01\/20240125213329-725d4c05-me-300x300.jpg\" class=\"attachment-medium size-medium\" alt=\"Les auditeurs de la session en r\u00e9gion Grand Est\" srcset=\"https:\/\/ihedn.fr\/wp-content\/uploads\/2024\/01\/20240125213329-725d4c05-me-300x300.jpg 300w, https:\/\/ihedn.fr\/wp-content\/uploads\/2024\/01\/20240125213329-725d4c05-me-150x150.jpg 150w\" sizes=\"(max-width: 300px) 100vw, 300px\" \/><\/a>\n\t\t\t<\/div><\/figure><figure class='gallery-item'>\n\t\t\t<div class='gallery-icon landscape'>\n\t\t\t\t<a data-elementor-open-lightbox=\"yes\" data-elementor-lightbox-slideshow=\"69e3022\" data-e-action-hash=\"#elementor-action%3Aaction%3Dlightbox%26settings%3DeyJpZCI6NDU1NzUsInVybCI6Imh0dHBzOlwvXC9paGVkbi5mclwvd3AtY29udGVudFwvdXBsb2Fkc1wvMjAyNFwvMDFcLzIwMjQyNjAxXzEuanBlZyIsInNsaWRlc2hvdyI6IjY5ZTMwMjIifQ%3D%3D\" href='https:\/\/ihedn.fr\/wp-content\/uploads\/2024\/01\/20242601_1.jpeg'><img decoding=\"async\" width=\"300\" height=\"300\" src=\"https:\/\/ihedn.fr\/wp-content\/uploads\/2024\/01\/20242601_1-300x300.jpeg\" class=\"attachment-medium size-medium\" alt=\"Les auditeurs de la session en r\u00e9gion Grand Est\" srcset=\"https:\/\/ihedn.fr\/wp-content\/uploads\/2024\/01\/20242601_1-300x300.jpeg 300w, https:\/\/ihedn.fr\/wp-content\/uploads\/2024\/01\/20242601_1-150x150.jpeg 150w\" sizes=\"(max-width: 300px) 100vw, 300px\" \/><\/a>\n\t\t\t<\/div><\/figure><figure class='gallery-item'>\n\t\t\t<div class='gallery-icon landscape'>\n\t\t\t\t<a data-elementor-open-lightbox=\"yes\" data-elementor-lightbox-slideshow=\"69e3022\" data-e-action-hash=\"#elementor-action%3Aaction%3Dlightbox%26settings%3DeyJpZCI6NDU1NzYsInVybCI6Imh0dHBzOlwvXC9paGVkbi5mclwvd3AtY29udGVudFwvdXBsb2Fkc1wvMjAyNFwvMDFcLzIwMjQyNjAxXzIuanBlZyIsInNsaWRlc2hvdyI6IjY5ZTMwMjIifQ%3D%3D\" href='https:\/\/ihedn.fr\/wp-content\/uploads\/2024\/01\/20242601_2.jpeg'><img decoding=\"async\" width=\"300\" height=\"300\" src=\"https:\/\/ihedn.fr\/wp-content\/uploads\/2024\/01\/20242601_2-300x300.jpeg\" class=\"attachment-medium size-medium\" alt=\"Les auditeurs de la session en r\u00e9gion Grand Est\" srcset=\"https:\/\/ihedn.fr\/wp-content\/uploads\/2024\/01\/20242601_2-300x300.jpeg 300w, https:\/\/ihedn.fr\/wp-content\/uploads\/2024\/01\/20242601_2-1024x1024.jpeg 1024w, https:\/\/ihedn.fr\/wp-content\/uploads\/2024\/01\/20242601_2-150x150.jpeg 150w, https:\/\/ihedn.fr\/wp-content\/uploads\/2024\/01\/20242601_2-768x768.jpeg 768w\" sizes=\"(max-width: 300px) 100vw, 300px\" \/><\/a>\n\t\t\t<\/div><\/figure><figure class='gallery-item'>\n\t\t\t<div class='gallery-icon landscape'>\n\t\t\t\t<a data-elementor-open-lightbox=\"yes\" data-elementor-lightbox-slideshow=\"69e3022\" data-e-action-hash=\"#elementor-action%3Aaction%3Dlightbox%26settings%3DeyJpZCI6NDU1NzcsInVybCI6Imh0dHBzOlwvXC9paGVkbi5mclwvd3AtY29udGVudFwvdXBsb2Fkc1wvMjAyNFwvMDFcLzIwMjQyNjAxXzMuanBlZyIsInNsaWRlc2hvdyI6IjY5ZTMwMjIifQ%3D%3D\" href='https:\/\/ihedn.fr\/wp-content\/uploads\/2024\/01\/20242601_3.jpeg'><img loading=\"lazy\" decoding=\"async\" width=\"300\" height=\"300\" src=\"https:\/\/ihedn.fr\/wp-content\/uploads\/2024\/01\/20242601_3-300x300.jpeg\" class=\"attachment-medium size-medium\" alt=\"Les auditeurs de la session en r\u00e9gion Grand Est\" srcset=\"https:\/\/ihedn.fr\/wp-content\/uploads\/2024\/01\/20242601_3-300x300.jpeg 300w, https:\/\/ihedn.fr\/wp-content\/uploads\/2024\/01\/20242601_3-1024x1024.jpeg 1024w, https:\/\/ihedn.fr\/wp-content\/uploads\/2024\/01\/20242601_3-150x150.jpeg 150w, https:\/\/ihedn.fr\/wp-content\/uploads\/2024\/01\/20242601_3-768x768.jpeg 768w\" sizes=\"(max-width: 300px) 100vw, 300px\" \/><\/a>\n\t\t\t<\/div><\/figure><figure class='gallery-item'>\n\t\t\t<div class='gallery-icon landscape'>\n\t\t\t\t<a data-elementor-open-lightbox=\"yes\" data-elementor-lightbox-slideshow=\"69e3022\" data-e-action-hash=\"#elementor-action%3Aaction%3Dlightbox%26settings%3DeyJpZCI6NDU1NzgsInVybCI6Imh0dHBzOlwvXC9paGVkbi5mclwvd3AtY29udGVudFwvdXBsb2Fkc1wvMjAyNFwvMDFcLzIwMjQwMTI1MjEzMjIxLTk2M2YzOGMxLW1lLmpwZyIsInNsaWRlc2hvdyI6IjY5ZTMwMjIifQ%3D%3D\" href='https:\/\/ihedn.fr\/wp-content\/uploads\/2024\/01\/20240125213221-963f38c1-me.jpg'><img loading=\"lazy\" decoding=\"async\" width=\"300\" height=\"300\" src=\"https:\/\/ihedn.fr\/wp-content\/uploads\/2024\/01\/20240125213221-963f38c1-me-300x300.jpg\" class=\"attachment-medium size-medium\" alt=\"Les auditeurs de la session en r\u00e9gion Grand Est\" srcset=\"https:\/\/ihedn.fr\/wp-content\/uploads\/2024\/01\/20240125213221-963f38c1-me-300x300.jpg 300w, https:\/\/ihedn.fr\/wp-content\/uploads\/2024\/01\/20240125213221-963f38c1-me-150x150.jpg 150w\" sizes=\"(max-width: 300px) 100vw, 300px\" \/><\/a>\n\t\t\t<\/div><\/figure><figure class='gallery-item'>\n\t\t\t<div class='gallery-icon landscape'>\n\t\t\t\t<a data-elementor-open-lightbox=\"yes\" data-elementor-lightbox-slideshow=\"69e3022\" data-e-action-hash=\"#elementor-action%3Aaction%3Dlightbox%26settings%3DeyJpZCI6NDU1NzksInVybCI6Imh0dHBzOlwvXC9paGVkbi5mclwvd3AtY29udGVudFwvdXBsb2Fkc1wvMjAyNFwvMDFcLzIwMjQwMTI1MjEzMjM2LWJkMzUzOGZhLW1lLmpwZyIsInNsaWRlc2hvdyI6IjY5ZTMwMjIifQ%3D%3D\" href='https:\/\/ihedn.fr\/wp-content\/uploads\/2024\/01\/20240125213236-bd3538fa-me.jpg'><img loading=\"lazy\" decoding=\"async\" width=\"300\" height=\"300\" src=\"https:\/\/ihedn.fr\/wp-content\/uploads\/2024\/01\/20240125213236-bd3538fa-me-300x300.jpg\" class=\"attachment-medium size-medium\" alt=\"Les auditeurs de la session en r\u00e9gion Grand Est\" srcset=\"https:\/\/ihedn.fr\/wp-content\/uploads\/2024\/01\/20240125213236-bd3538fa-me-300x300.jpg 300w, https:\/\/ihedn.fr\/wp-content\/uploads\/2024\/01\/20240125213236-bd3538fa-me-150x150.jpg 150w\" sizes=\"(max-width: 300px) 100vw, 300px\" \/><\/a>\n\t\t\t<\/div><\/figure><figure class='gallery-item'>\n\t\t\t<div class='gallery-icon landscape'>\n\t\t\t\t<a data-elementor-open-lightbox=\"yes\" data-elementor-lightbox-slideshow=\"69e3022\" data-e-action-hash=\"#elementor-action%3Aaction%3Dlightbox%26settings%3DeyJpZCI6NDU1ODAsInVybCI6Imh0dHBzOlwvXC9paGVkbi5mclwvd3AtY29udGVudFwvdXBsb2Fkc1wvMjAyNFwvMDFcLzIwMjQwMTI1MjEzMzIxLTgwNWNjNjgxLW1lLmpwZyIsInNsaWRlc2hvdyI6IjY5ZTMwMjIifQ%3D%3D\" href='https:\/\/ihedn.fr\/wp-content\/uploads\/2024\/01\/20240125213321-805cc681-me.jpg'><img loading=\"lazy\" decoding=\"async\" width=\"300\" height=\"300\" src=\"https:\/\/ihedn.fr\/wp-content\/uploads\/2024\/01\/20240125213321-805cc681-me-300x300.jpg\" class=\"attachment-medium size-medium\" alt=\"Les auditeurs de la session en r\u00e9gion Grand Est\" srcset=\"https:\/\/ihedn.fr\/wp-content\/uploads\/2024\/01\/20240125213321-805cc681-me-300x300.jpg 300w, https:\/\/ihedn.fr\/wp-content\/uploads\/2024\/01\/20240125213321-805cc681-me-150x150.jpg 150w\" sizes=\"(max-width: 300px) 100vw, 300px\" \/><\/a>\n\t\t\t<\/div><\/figure>\n\t\t<\/div>\n\t\t<\/div>\n\t\t\t\t\t\t<\/div>\n\t\t\t\t<\/div>\n\t\t\t\t<\/div>\n\t\t\t\t<\/div>","protected":false},"excerpt":{"rendered":"<p>The 43 listeners met again from 23 to 26 January 2024 for the 2nd week of the 236<sup>e<\/sup> session in the Grand Est region. On the programme: conferences on France's strategic challenges, visits to industrial and military sites and discovery of the institutional players in defence and security. <\/p>","protected":false},"author":10,"featured_media":45571,"comment_status":"closed","ping_status":"closed","sticky":false,"template":"","format":"standard","meta":{"footnotes":""},"categories":[172],"tags":[],"class_list":["post-45570","post","type-post","status-publish","format-standard","has-post-thumbnail","hentry","category-notre-actualite"],"yoast_head":"<!-- This site is optimized with the Yoast SEO plugin v27.5 - https:\/\/yoast.com\/product\/yoast-seo-wordpress\/ -->\n<title>Reims accueille la 236e session en r\u00e9gion Grand Est - L&#039;IHEDN : Institut des hautes \u00e9tudes de d\u00e9fense nationale<\/title>\n<meta name=\"description\" content=\"Les 43 auditeurs se sont retrouv\u00e9s du 23 au 26 janvier 2024 pour la 2e semaine de la 236e session en r\u00e9gion Grand Est. Au programme : conf\u00e9rences sur les enjeux strat\u00e9giques de la France, visites de sites industriels et militaires et d\u00e9couverte des acteurs institutionnels de la d\u00e9fense et de la s\u00e9curit\u00e9.\" \/>\n<meta name=\"robots\" content=\"index, follow, max-snippet:-1, max-image-preview:large, max-video-preview:-1\" \/>\n<link rel=\"canonical\" href=\"https:\/\/ihedn.fr\/en\/notre-actualite\/reims-accueille-la-236e-session-en-region-grand-est\/\" \/>\n<meta property=\"og:locale\" content=\"en_GB\" \/>\n<meta property=\"og:type\" content=\"article\" \/>\n<meta property=\"og:title\" content=\"Reims accueille la 236e session en r\u00e9gion Grand Est\" \/>\n<meta property=\"og:description\" content=\"Les 43 auditeurs se sont retrouv\u00e9s du 23 au 26 janvier 2024 pour la 2e semaine de la 236e session en r\u00e9gion Grand Est. Au programme : conf\u00e9rences sur les enjeux strat\u00e9giques de la France, visites de sites industriels et militaires et d\u00e9couverte des acteurs institutionnels de la d\u00e9fense et de la s\u00e9curit\u00e9.\" \/>\n<meta property=\"og:url\" content=\"https:\/\/ihedn.fr\/en\/notre-actualite\/reims-accueille-la-236e-session-en-region-grand-est\/\" \/>\n<meta property=\"og:site_name\" content=\"L&#039;IHEDN : Institut des hautes \u00e9tudes de d\u00e9fense nationale\" \/>\n<meta property=\"article:publisher\" content=\"https:\/\/www.facebook.com\/ihedn\/\" \/>\n<meta property=\"article:published_time\" content=\"2024-01-26T16:06:44+00:00\" \/>\n<meta property=\"article:modified_time\" content=\"2024-02-13T11:05:39+00:00\" \/>\n<meta property=\"og:image\" content=\"https:\/\/ihedn.fr\/wp-content\/uploads\/2024\/01\/20240125213408-b37d7b1a-me.jpg\" \/>\n\t<meta property=\"og:image:width\" content=\"792\" \/>\n\t<meta property=\"og:image:height\" content=\"528\" \/>\n\t<meta property=\"og:image:type\" content=\"image\/jpeg\" \/>\n<meta name=\"author\" content=\"tanguy.morel@ihedn.fr\" \/>\n<meta name=\"twitter:card\" content=\"summary_large_image\" \/>\n<meta name=\"twitter:title\" content=\"Reims accueille la 236e session en r\u00e9gion Grand Est\" \/>\n<meta name=\"twitter:description\" content=\"Les 43 auditeurs se sont retrouv\u00e9s du 23 au 26 janvier 2024 pour la 2e semaine de la 236e session en r\u00e9gion Grand Est. Au programme : conf\u00e9rences sur les enjeux strat\u00e9giques de la France, visites de sites industriels et militaires et d\u00e9couverte des acteurs institutionnels de la d\u00e9fense et de la s\u00e9curit\u00e9.\" \/>\n<meta name=\"twitter:image\" content=\"https:\/\/ihedn.fr\/wp-content\/uploads\/2024\/01\/20240125213408-b37d7b1a-me.jpg\" \/>\n<meta name=\"twitter:creator\" content=\"@IHEDN\" \/>\n<meta name=\"twitter:site\" content=\"@IHEDN\" \/>\n<meta name=\"twitter:label1\" content=\"Written by\" \/>\n\t<meta name=\"twitter:data1\" content=\"tanguy.morel@ihedn.fr\" \/>\n\t<meta name=\"twitter:label2\" content=\"Estimated reading time\" \/>\n\t<meta name=\"twitter:data2\" content=\"4 minutes\" \/>\n<script type=\"application\/ld+json\" class=\"yoast-schema-graph\">{\"@context\":\"https:\\\/\\\/schema.org\",\"@graph\":[{\"@type\":\"Article\",\"@id\":\"https:\\\/\\\/ihedn.fr\\\/en\\\/notre-actualite\\\/reims-accueille-la-236e-session-en-region-grand-est\\\/#article\",\"isPartOf\":{\"@id\":\"https:\\\/\\\/ihedn.fr\\\/en\\\/notre-actualite\\\/reims-accueille-la-236e-session-en-region-grand-est\\\/\"},\"author\":{\"name\":\"tanguy.morel@ihedn.fr\",\"@id\":\"https:\\\/\\\/ihedn.fr\\\/#\\\/schema\\\/person\\\/ed217a37104b27a246b200e65b827cc7\"},\"headline\":\"Reims accueille la 236e session en r\u00e9gion Grand Est\",\"datePublished\":\"2024-01-26T16:06:44+00:00\",\"dateModified\":\"2024-02-13T11:05:39+00:00\",\"mainEntityOfPage\":{\"@id\":\"https:\\\/\\\/ihedn.fr\\\/en\\\/notre-actualite\\\/reims-accueille-la-236e-session-en-region-grand-est\\\/\"},\"wordCount\":411,\"publisher\":{\"@id\":\"https:\\\/\\\/ihedn.fr\\\/#organization\"},\"image\":{\"@id\":\"https:\\\/\\\/ihedn.fr\\\/en\\\/notre-actualite\\\/reims-accueille-la-236e-session-en-region-grand-est\\\/#primaryimage\"},\"thumbnailUrl\":\"https:\\\/\\\/ihedn.fr\\\/wp-content\\\/uploads\\\/2024\\\/01\\\/20240125213408-b37d7b1a-me.jpg\",\"articleSection\":[\"Notre actualit\u00e9\"],\"inLanguage\":\"en-GB\"},{\"@type\":\"WebPage\",\"@id\":\"https:\\\/\\\/ihedn.fr\\\/en\\\/notre-actualite\\\/reims-accueille-la-236e-session-en-region-grand-est\\\/\",\"url\":\"https:\\\/\\\/ihedn.fr\\\/en\\\/notre-actualite\\\/reims-accueille-la-236e-session-en-region-grand-est\\\/\",\"name\":\"Reims accueille la 236e session en r\u00e9gion Grand Est - L&#039;IHEDN : Institut des hautes \u00e9tudes de d\u00e9fense nationale\",\"isPartOf\":{\"@id\":\"https:\\\/\\\/ihedn.fr\\\/#website\"},\"primaryImageOfPage\":{\"@id\":\"https:\\\/\\\/ihedn.fr\\\/en\\\/notre-actualite\\\/reims-accueille-la-236e-session-en-region-grand-est\\\/#primaryimage\"},\"image\":{\"@id\":\"https:\\\/\\\/ihedn.fr\\\/en\\\/notre-actualite\\\/reims-accueille-la-236e-session-en-region-grand-est\\\/#primaryimage\"},\"thumbnailUrl\":\"https:\\\/\\\/ihedn.fr\\\/wp-content\\\/uploads\\\/2024\\\/01\\\/20240125213408-b37d7b1a-me.jpg\",\"datePublished\":\"2024-01-26T16:06:44+00:00\",\"dateModified\":\"2024-02-13T11:05:39+00:00\",\"description\":\"Les 43 auditeurs se sont retrouv\u00e9s du 23 au 26 janvier 2024 pour la 2e semaine de la 236e session en r\u00e9gion Grand Est. Au programme : conf\u00e9rences sur les enjeux strat\u00e9giques de la France, visites de sites industriels et militaires et d\u00e9couverte des acteurs institutionnels de la d\u00e9fense et de la s\u00e9curit\u00e9.\",\"breadcrumb\":{\"@id\":\"https:\\\/\\\/ihedn.fr\\\/en\\\/notre-actualite\\\/reims-accueille-la-236e-session-en-region-grand-est\\\/#breadcrumb\"},\"inLanguage\":\"en-GB\",\"potentialAction\":[{\"@type\":\"ReadAction\",\"target\":[\"https:\\\/\\\/ihedn.fr\\\/en\\\/notre-actualite\\\/reims-accueille-la-236e-session-en-region-grand-est\\\/\"]}]},{\"@type\":\"ImageObject\",\"inLanguage\":\"en-GB\",\"@id\":\"https:\\\/\\\/ihedn.fr\\\/en\\\/notre-actualite\\\/reims-accueille-la-236e-session-en-region-grand-est\\\/#primaryimage\",\"url\":\"https:\\\/\\\/ihedn.fr\\\/wp-content\\\/uploads\\\/2024\\\/01\\\/20240125213408-b37d7b1a-me.jpg\",\"contentUrl\":\"https:\\\/\\\/ihedn.fr\\\/wp-content\\\/uploads\\\/2024\\\/01\\\/20240125213408-b37d7b1a-me.jpg\",\"width\":792,\"height\":528,\"caption\":\"Les auditeurs de la session en r\u00e9gion Grand Est \u00e0 Reims\"},{\"@type\":\"BreadcrumbList\",\"@id\":\"https:\\\/\\\/ihedn.fr\\\/en\\\/notre-actualite\\\/reims-accueille-la-236e-session-en-region-grand-est\\\/#breadcrumb\",\"itemListElement\":[{\"@type\":\"ListItem\",\"position\":1,\"name\":\"Accueil\",\"item\":\"https:\\\/\\\/ihedn.fr\\\/\"},{\"@type\":\"ListItem\",\"position\":2,\"name\":\"Reims accueille la 236e session en r\u00e9gion Grand Est\"}]},{\"@type\":\"WebSite\",\"@id\":\"https:\\\/\\\/ihedn.fr\\\/#website\",\"url\":\"https:\\\/\\\/ihedn.fr\\\/\",\"name\":\"IHEDN : Institut des hautes \u00e9tudes de d\u00e9fense nationale |\",\"description\":\"Site officiel de l&#039;IHEDN plac\u00e9 sous la tutelle du Premier ministre.\",\"publisher\":{\"@id\":\"https:\\\/\\\/ihedn.fr\\\/#organization\"},\"potentialAction\":[{\"@type\":\"SearchAction\",\"target\":{\"@type\":\"EntryPoint\",\"urlTemplate\":\"https:\\\/\\\/ihedn.fr\\\/?s={search_term_string}\"},\"query-input\":{\"@type\":\"PropertyValueSpecification\",\"valueRequired\":true,\"valueName\":\"search_term_string\"}}],\"inLanguage\":\"en-GB\"},{\"@type\":\"Organization\",\"@id\":\"https:\\\/\\\/ihedn.fr\\\/#organization\",\"name\":\"IHEDN - Institut des Hautes Etudes de D\u00e9fense Nationale\",\"url\":\"https:\\\/\\\/ihedn.fr\\\/\",\"logo\":{\"@type\":\"ImageObject\",\"inLanguage\":\"en-GB\",\"@id\":\"https:\\\/\\\/ihedn.fr\\\/#\\\/schema\\\/logo\\\/image\\\/\",\"url\":\"https:\\\/\\\/ihedn.fr\\\/wp-content\\\/uploads\\\/2020\\\/11\\\/BLOC_RF_IHEDN_WEB.png\",\"contentUrl\":\"https:\\\/\\\/ihedn.fr\\\/wp-content\\\/uploads\\\/2020\\\/11\\\/BLOC_RF_IHEDN_WEB.png\",\"width\":500,\"height\":237,\"caption\":\"IHEDN - Institut des Hautes Etudes de D\u00e9fense Nationale\"},\"image\":{\"@id\":\"https:\\\/\\\/ihedn.fr\\\/#\\\/schema\\\/logo\\\/image\\\/\"},\"sameAs\":[\"https:\\\/\\\/www.facebook.com\\\/ihedn\\\/\",\"https:\\\/\\\/x.com\\\/IHEDN\",\"https:\\\/\\\/www.instagram.com\\\/ihedn\\\/\",\"https:\\\/\\\/www.linkedin.com\\\/school\\\/ihedn\\\/\",\"https:\\\/\\\/fr.wikipedia.org\\\/wiki\\\/Institut_des_hautes_\u00e9tudes_de_D\u00e9fense_nationale\"]},{\"@type\":\"Person\",\"@id\":\"https:\\\/\\\/ihedn.fr\\\/#\\\/schema\\\/person\\\/ed217a37104b27a246b200e65b827cc7\",\"name\":\"tanguy.morel@ihedn.fr\",\"image\":{\"@type\":\"ImageObject\",\"inLanguage\":\"en-GB\",\"@id\":\"https:\\\/\\\/secure.gravatar.com\\\/avatar\\\/36877cd30919fafddf1f9da45f4154aa468a64328452f2ceaff0968772207348?s=96&d=mm&r=g\",\"url\":\"https:\\\/\\\/secure.gravatar.com\\\/avatar\\\/36877cd30919fafddf1f9da45f4154aa468a64328452f2ceaff0968772207348?s=96&d=mm&r=g\",\"contentUrl\":\"https:\\\/\\\/secure.gravatar.com\\\/avatar\\\/36877cd30919fafddf1f9da45f4154aa468a64328452f2ceaff0968772207348?s=96&d=mm&r=g\",\"caption\":\"tanguy.morel@ihedn.fr\"},\"url\":\"https:\\\/\\\/ihedn.fr\\\/en\\\/author\\\/tanguy-morelihedn-fr\\\/\"}]}<\/script>\n<!-- \/ Yoast SEO plugin. -->","yoast_head_json":{"title":"Reims hosts the 236th session in the Grand Est region - L'IHEDN : Institut des hautes \u00e9tudes de d\u00e9fense nationale (Institute for Advanced Studies in National Defence)","description":"The 43 auditors met from 23 to 26 January 2024 for the 2nd week of the 236th session in the Grand Est region. On the programme: conferences on France's strategic challenges, visits to industrial and military sites and discovery of the institutional players in defence and security.","robots":{"index":"index","follow":"follow","max-snippet":"max-snippet:-1","max-image-preview":"max-image-preview:large","max-video-preview":"max-video-preview:-1"},"canonical":"https:\/\/ihedn.fr\/en\/notre-actualite\/reims-accueille-la-236e-session-en-region-grand-est\/","og_locale":"en_GB","og_type":"article","og_title":"Reims accueille la 236e session en r\u00e9gion Grand Est","og_description":"Les 43 auditeurs se sont retrouv\u00e9s du 23 au 26 janvier 2024 pour la 2e semaine de la 236e session en r\u00e9gion Grand Est. Au programme : conf\u00e9rences sur les enjeux strat\u00e9giques de la France, visites de sites industriels et militaires et d\u00e9couverte des acteurs institutionnels de la d\u00e9fense et de la s\u00e9curit\u00e9.","og_url":"https:\/\/ihedn.fr\/en\/notre-actualite\/reims-accueille-la-236e-session-en-region-grand-est\/","og_site_name":"L&#039;IHEDN : Institut des hautes \u00e9tudes de d\u00e9fense nationale","article_publisher":"https:\/\/www.facebook.com\/ihedn\/","article_published_time":"2024-01-26T16:06:44+00:00","article_modified_time":"2024-02-13T11:05:39+00:00","og_image":[{"width":792,"height":528,"url":"https:\/\/ihedn.fr\/wp-content\/uploads\/2024\/01\/20240125213408-b37d7b1a-me.jpg","type":"image\/jpeg"}],"author":"tanguy.morel@ihedn.fr","twitter_card":"summary_large_image","twitter_title":"Reims accueille la 236e session en r\u00e9gion Grand Est","twitter_description":"Les 43 auditeurs se sont retrouv\u00e9s du 23 au 26 janvier 2024 pour la 2e semaine de la 236e session en r\u00e9gion Grand Est. Au programme : conf\u00e9rences sur les enjeux strat\u00e9giques de la France, visites de sites industriels et militaires et d\u00e9couverte des acteurs institutionnels de la d\u00e9fense et de la s\u00e9curit\u00e9.","twitter_image":"https:\/\/ihedn.fr\/wp-content\/uploads\/2024\/01\/20240125213408-b37d7b1a-me.jpg","twitter_creator":"@IHEDN","twitter_site":"@IHEDN","twitter_misc":{"Written by":"tanguy.morel@ihedn.fr","Estimated reading time":"4 minutes"},"schema":{"@context":"https:\/\/schema.org","@graph":[{"@type":"Article","@id":"https:\/\/ihedn.fr\/en\/notre-actualite\/reims-accueille-la-236e-session-en-region-grand-est\/#article","isPartOf":{"@id":"https:\/\/ihedn.fr\/en\/notre-actualite\/reims-accueille-la-236e-session-en-region-grand-est\/"},"author":{"name":"tanguy.morel@ihedn.fr","@id":"https:\/\/ihedn.fr\/#\/schema\/person\/ed217a37104b27a246b200e65b827cc7"},"headline":"Reims accueille la 236e session en r\u00e9gion Grand Est","datePublished":"2024-01-26T16:06:44+00:00","dateModified":"2024-02-13T11:05:39+00:00","mainEntityOfPage":{"@id":"https:\/\/ihedn.fr\/en\/notre-actualite\/reims-accueille-la-236e-session-en-region-grand-est\/"},"wordCount":411,"publisher":{"@id":"https:\/\/ihedn.fr\/#organization"},"image":{"@id":"https:\/\/ihedn.fr\/en\/notre-actualite\/reims-accueille-la-236e-session-en-region-grand-est\/#primaryimage"},"thumbnailUrl":"https:\/\/ihedn.fr\/wp-content\/uploads\/2024\/01\/20240125213408-b37d7b1a-me.jpg","articleSection":["Notre actualit\u00e9"],"inLanguage":"en-GB"},{"@type":"WebPage","@id":"https:\/\/ihedn.fr\/en\/notre-actualite\/reims-accueille-la-236e-session-en-region-grand-est\/","url":"https:\/\/ihedn.fr\/en\/notre-actualite\/reims-accueille-la-236e-session-en-region-grand-est\/","name":"Reims hosts the 236th session in the Grand Est region - L'IHEDN : Institut des hautes \u00e9tudes de d\u00e9fense nationale (Institute for Advanced Studies in National Defence)","isPartOf":{"@id":"https:\/\/ihedn.fr\/#website"},"primaryImageOfPage":{"@id":"https:\/\/ihedn.fr\/en\/notre-actualite\/reims-accueille-la-236e-session-en-region-grand-est\/#primaryimage"},"image":{"@id":"https:\/\/ihedn.fr\/en\/notre-actualite\/reims-accueille-la-236e-session-en-region-grand-est\/#primaryimage"},"thumbnailUrl":"https:\/\/ihedn.fr\/wp-content\/uploads\/2024\/01\/20240125213408-b37d7b1a-me.jpg","datePublished":"2024-01-26T16:06:44+00:00","dateModified":"2024-02-13T11:05:39+00:00","description":"The 43 auditors met from 23 to 26 January 2024 for the 2nd week of the 236th session in the Grand Est region. On the programme: conferences on France's strategic challenges, visits to industrial and military sites and discovery of the institutional players in defence and security.","breadcrumb":{"@id":"https:\/\/ihedn.fr\/en\/notre-actualite\/reims-accueille-la-236e-session-en-region-grand-est\/#breadcrumb"},"inLanguage":"en-GB","potentialAction":[{"@type":"ReadAction","target":["https:\/\/ihedn.fr\/en\/notre-actualite\/reims-accueille-la-236e-session-en-region-grand-est\/"]}]},{"@type":"ImageObject","inLanguage":"en-GB","@id":"https:\/\/ihedn.fr\/en\/notre-actualite\/reims-accueille-la-236e-session-en-region-grand-est\/#primaryimage","url":"https:\/\/ihedn.fr\/wp-content\/uploads\/2024\/01\/20240125213408-b37d7b1a-me.jpg","contentUrl":"https:\/\/ihedn.fr\/wp-content\/uploads\/2024\/01\/20240125213408-b37d7b1a-me.jpg","width":792,"height":528,"caption":"Les auditeurs de la session en r\u00e9gion Grand Est \u00e0 Reims"},{"@type":"BreadcrumbList","@id":"https:\/\/ihedn.fr\/en\/notre-actualite\/reims-accueille-la-236e-session-en-region-grand-est\/#breadcrumb","itemListElement":[{"@type":"ListItem","position":1,"name":"Accueil","item":"https:\/\/ihedn.fr\/"},{"@type":"ListItem","position":2,"name":"Reims accueille la 236e session en r\u00e9gion Grand Est"}]},{"@type":"WebSite","@id":"https:\/\/ihedn.fr\/#website","url":"https:\/\/ihedn.fr\/","name":"IHEDN: Institut des hautes \u00e9tudes de d\u00e9fense nationale (Institute for Higher National Defence Studies)","description":"Official website of the IHEDN under the supervision of the Prime Minister.","publisher":{"@id":"https:\/\/ihedn.fr\/#organization"},"potentialAction":[{"@type":"SearchAction","target":{"@type":"EntryPoint","urlTemplate":"https:\/\/ihedn.fr\/?s={search_term_string}"},"query-input":{"@type":"PropertyValueSpecification","valueRequired":true,"valueName":"search_term_string"}}],"inLanguage":"en-GB"},{"@type":"Organization","@id":"https:\/\/ihedn.fr\/#organization","name":"IHEDN - Institute for Higher National Defence Studies","url":"https:\/\/ihedn.fr\/","logo":{"@type":"ImageObject","inLanguage":"en-GB","@id":"https:\/\/ihedn.fr\/#\/schema\/logo\/image\/","url":"https:\/\/ihedn.fr\/wp-content\/uploads\/2020\/11\/BLOC_RF_IHEDN_WEB.png","contentUrl":"https:\/\/ihedn.fr\/wp-content\/uploads\/2020\/11\/BLOC_RF_IHEDN_WEB.png","width":500,"height":237,"caption":"IHEDN - Institut des Hautes Etudes de D\u00e9fense Nationale"},"image":{"@id":"https:\/\/ihedn.fr\/#\/schema\/logo\/image\/"},"sameAs":["https:\/\/www.facebook.com\/ihedn\/","https:\/\/x.com\/IHEDN","https:\/\/www.instagram.com\/ihedn\/","https:\/\/www.linkedin.com\/school\/ihedn\/","https:\/\/fr.wikipedia.org\/wiki\/Institut_des_hautes_\u00e9tudes_de_D\u00e9fense_nationale"]},{"@type":"Person","@id":"https:\/\/ihedn.fr\/#\/schema\/person\/ed217a37104b27a246b200e65b827cc7","name":"tanguy.morel@ihedn.fr","image":{"@type":"ImageObject","inLanguage":"en-GB","@id":"https:\/\/secure.gravatar.com\/avatar\/36877cd30919fafddf1f9da45f4154aa468a64328452f2ceaff0968772207348?s=96&d=mm&r=g","url":"https:\/\/secure.gravatar.com\/avatar\/36877cd30919fafddf1f9da45f4154aa468a64328452f2ceaff0968772207348?s=96&d=mm&r=g","contentUrl":"https:\/\/secure.gravatar.com\/avatar\/36877cd30919fafddf1f9da45f4154aa468a64328452f2ceaff0968772207348?s=96&d=mm&r=g","caption":"tanguy.morel@ihedn.fr"},"url":"https:\/\/ihedn.fr\/en\/author\/tanguy-morelihedn-fr\/"}]}},"publishpress_future_action":{"enabled":false,"date":"2026-05-09 02:43:22","action":"change-status","newStatus":"draft","terms":[],"taxonomy":"category","extraData":[]},"publishpress_future_workflow_manual_trigger":{"enabledWorkflows":[]},"_links":{"self":[{"href":"https:\/\/ihedn.fr\/en\/wp-json\/wp\/v2\/posts\/45570","targetHints":{"allow":["GET"]}}],"collection":[{"href":"https:\/\/ihedn.fr\/en\/wp-json\/wp\/v2\/posts"}],"about":[{"href":"https:\/\/ihedn.fr\/en\/wp-json\/wp\/v2\/types\/post"}],"author":[{"embeddable":true,"href":"https:\/\/ihedn.fr\/en\/wp-json\/wp\/v2\/users\/10"}],"replies":[{"embeddable":true,"href":"https:\/\/ihedn.fr\/en\/wp-json\/wp\/v2\/comments?post=45570"}],"version-history":[{"count":18,"href":"https:\/\/ihedn.fr\/en\/wp-json\/wp\/v2\/posts\/45570\/revisions"}],"predecessor-version":[{"id":45922,"href":"https:\/\/ihedn.fr\/en\/wp-json\/wp\/v2\/posts\/45570\/revisions\/45922"}],"wp:featuredmedia":[{"embeddable":true,"href":"https:\/\/ihedn.fr\/en\/wp-json\/wp\/v2\/media\/45571"}],"wp:attachment":[{"href":"https:\/\/ihedn.fr\/en\/wp-json\/wp\/v2\/media?parent=45570"}],"wp:term":[{"taxonomy":"category","embeddable":true,"href":"https:\/\/ihedn.fr\/en\/wp-json\/wp\/v2\/categories?post=45570"},{"taxonomy":"post_tag","embeddable":true,"href":"https:\/\/ihedn.fr\/en\/wp-json\/wp\/v2\/tags?post=45570"}],"curies":[{"name":"wp","href":"https:\/\/api.w.org\/{rel}","templated":true}]}}