{"id":45705,"date":"2024-02-02T10:08:31","date_gmt":"2024-02-02T09:08:31","guid":{"rendered":"https:\/\/ihedn.fr\/?p=45705"},"modified":"2024-02-02T10:33:54","modified_gmt":"2024-02-02T09:33:54","slug":"hamass-goal-in-gaza","status":"publish","type":"post","link":"https:\/\/ihedn.fr\/en\/veille-strategique\/hamass-goal-in-gaza\/","title":{"rendered":"\"Peace Between Israelis and Palestinians Remains Possible"},"content":{"rendered":"<div data-elementor-type=\"wp-post\" data-elementor-id=\"45705\" class=\"elementor elementor-45705\" data-elementor-post-type=\"post\">\n\t\t\t\t\t\t<section data-particle_enable=\"false\" data-particle-mobile-disabled=\"false\" class=\"elementor-section elementor-top-section elementor-element elementor-element-25cf675 elementor-section-boxed elementor-section-height-default elementor-section-height-default\" data-id=\"25cf675\" data-element_type=\"section\" data-e-type=\"section\">\n\t\t\t\t\t\t<div class=\"elementor-container elementor-column-gap-default\">\n\t\t\t\t\t<div class=\"elementor-column elementor-col-100 elementor-top-column elementor-element elementor-element-f3ba09f\" data-id=\"f3ba09f\" data-element_type=\"column\" data-e-type=\"column\">\n\t\t\t<div class=\"elementor-widget-wrap elementor-element-populated\">\n\t\t\t\t\t\t<div class=\"elementor-element elementor-element-254228e elementor-widget elementor-widget-text-editor\" data-id=\"254228e\" data-element_type=\"widget\" data-e-type=\"widget\" data-widget_type=\"text-editor.default\">\n\t\t\t\t<div class=\"elementor-widget-container\">\n\t\t\t\t\t\t\t\t\t<p style=\"text-align: left;\">For the author, the Hamas attacks of 7 October marked a double failure. That of Hamas, which has brought nothing but ruin to the people of Gaza and a radicalisation of the Israelis. The Israeli policy of \"containment\" towards the Palestinians has also failed. The one-state solution is seen as a radical solution that condemns both sides to a cycle of violence. The author tries to find a path to peace, a difficult path. The aim is to create a political horizon for the Palestinians and not just a religious one. The ultimate goal is to ensure the independence of Israel and the Palestinians and to alleviate the sources of fear and conflict. The author recognises that this is not possible in the very short term but hopes, in the long term, to find a way out of the crisis.<\/p>\t\t\t\t\t\t\t\t<\/div>\n\t\t\t\t<\/div>\n\t\t\t\t\t<\/div>\n\t\t<\/div>\n\t\t\t\t\t<\/div>\n\t\t<\/section>\n\t\t\t\t<section data-particle_enable=\"false\" data-particle-mobile-disabled=\"false\" class=\"elementor-section elementor-top-section elementor-element elementor-element-56cf714 elementor-section-boxed elementor-section-height-default elementor-section-height-default\" data-id=\"56cf714\" data-element_type=\"section\" data-e-type=\"section\">\n\t\t\t\t\t\t<div class=\"elementor-container elementor-column-gap-default\">\n\t\t\t\t\t<div class=\"elementor-column elementor-col-50 elementor-top-column elementor-element elementor-element-8a23d72\" data-id=\"8a23d72\" data-element_type=\"column\" data-e-type=\"column\">\n\t\t\t<div class=\"elementor-widget-wrap elementor-element-populated\">\n\t\t\t\t\t\t<div class=\"elementor-element elementor-element-1d5cb98 elementor-widget elementor-widget-text-editor\" data-id=\"1d5cb98\" data-element_type=\"widget\" data-e-type=\"widget\" data-widget_type=\"text-editor.default\">\n\t\t\t\t<div class=\"elementor-widget-container\">\n\t\t\t\t\t\t\t\t\t<p><em><strong><span style=\"color: #000000; font-family: Marianne; font-size: medium;\">SACHS Natan, Foreign Affairs, 19 January 2024<\/span><\/strong><\/em><\/p>\t\t\t\t\t\t\t\t<\/div>\n\t\t\t\t<\/div>\n\t\t\t\t\t<\/div>\n\t\t<\/div>\n\t\t\t\t<div class=\"elementor-column elementor-col-50 elementor-top-column elementor-element elementor-element-b25c284\" data-id=\"b25c284\" data-element_type=\"column\" data-e-type=\"column\">\n\t\t\t<div class=\"elementor-widget-wrap elementor-element-populated\">\n\t\t\t\t\t\t<div class=\"elementor-element elementor-element-d6cca6f elementor-align-right elementor-mobile-align-center elementor-widget-mobile__width-inherit elementor-invisible elementor-widget elementor-widget-button\" data-id=\"d6cca6f\" data-element_type=\"widget\" data-e-type=\"widget\" data-settings=\"{&quot;_animation&quot;:&quot;fadeInUp&quot;}\" data-widget_type=\"button.default\">\n\t\t\t\t<div class=\"elementor-widget-container\">\n\t\t\t\t\t\t\t\t\t<div class=\"elementor-button-wrapper\">\n\t\t\t\t\t<a class=\"elementor-button elementor-button-link elementor-size-xs\" href=\"https:\/\/www.foreignaffairs.com\/israel\/peace-between-israelis-and-palestinians-remains-possible\" target=\"_blank\">\n\t\t\t\t\t\t<span class=\"elementor-button-content-wrapper\">\n\t\t\t\t\t\t<span class=\"elementor-button-icon\">\n\t\t\t\t<svg aria-hidden=\"true\" class=\"e-font-icon-svg e-fas-arrow-alt-circle-right\" viewbox=\"0 0 512 512\" xmlns=\"http:\/\/www.w3.org\/2000\/svg\"><path d=\"M256 8c137 0 248 111 248 248S393 504 256 504 8 393 8 256 119 8 256 8zM140 300h116v70.9c0 10.7 13 16.1 20.5 8.5l114.3-114.9c4.7-4.7 4.7-12.2 0-16.9l-114.3-115c-7.6-7.6-20.5-2.2-20.5 8.5V212H140c-6.6 0-12 5.4-12 12v64c0 6.6 5.4 12 12 12z\"><\/path><\/svg>\t\t\t<\/span>\n\t\t\t\t\t\t\t\t\t<span class=\"elementor-button-text\">Visit<\/span>\n\t\t\t\t\t<\/span>\n\t\t\t\t\t<\/a>\n\t\t\t\t<\/div>\n\t\t\t\t\t\t\t\t<\/div>\n\t\t\t\t<\/div>\n\t\t\t\t\t<\/div>\n\t\t<\/div>\n\t\t\t\t\t<\/div>\n\t\t<\/section>\n\t\t\t\t<\/div>","protected":false},"excerpt":{"rendered":"<p>Pour l\u2019auteur, les attaques du Hamas du 7 octobre ont marqu\u00e9 un double \u00e9chec. Celui du Hamas qui n\u2019a apport\u00e9 que ruine aux Gazaouis et une radicalisation des Isra\u00e9liens. Celui \u00e9galement de la politique de \u00ab\u00a0containment\u00a0\u00bb des Isra\u00e9liens envers les Palestiniens. La solution \u00e0 un seul Etat est vue comme une solution radicale qui condamne [&hellip;]<\/p>\n","protected":false},"author":10,"featured_media":0,"comment_status":"closed","ping_status":"closed","sticky":false,"template":"","format":"standard","meta":{"footnotes":""},"categories":[175],"tags":[],"class_list":["post-45705","post","type-post","status-publish","format-standard","hentry","category-veille-strategique"],"yoast_head":"<!-- This site is optimized with the Yoast SEO plugin v27.5 - https:\/\/yoast.com\/product\/yoast-seo-wordpress\/ -->\n<title>\u00ab Peace Between Israelis and Palestinians Remains Possible\u202f \u00bb - L&#039;IHEDN : Institut des hautes \u00e9tudes de d\u00e9fense nationale<\/title>\n<meta name=\"description\" content=\"La bande de Gaza n\u2019\u00e9tait plus consid\u00e9r\u00e9e par les forces de s\u00e9curit\u00e9 isra\u00e9lienne, depuis une d\u00e9cennie, comme une zone pouvant mettre en danger Isra\u00ebl. La pr\u00e9sence de moyens d\u00e9fensifs, comme le d\u00f4me de fer, la capacit\u00e9 \u00e0 mener des interventions cibl\u00e9es y compris intenses, comme en 2014, semblaient avoir condamn\u00e9 le Hamas \u00e0 conserver une position d\u00e9fensive. Cependant, l\u2019attaque du 7 octobre a d\u00e9montr\u00e9 que la fronti\u00e8re n\u2019\u00e9tait pas \u00e9tanche, entra\u00eenant la mort de 1200 citoyens isra\u00e9liens et la prise en otage de 240 autres. La r\u00e9plique isra\u00e9lienne aurait provoqu\u00e9 jusqu\u2019\u00e0 aujourd\u2019hui pr\u00e8s de 20 000 morts. Cela replace Gaza au centre du conflit isra\u00e9lo-palestinien dans le contexte, d\u00e9sormais perturb\u00e9, de normalisation entre Isra\u00ebl et les pays arabes.\" \/>\n<meta name=\"robots\" content=\"index, follow, max-snippet:-1, max-image-preview:large, max-video-preview:-1\" \/>\n<link rel=\"canonical\" href=\"https:\/\/ihedn.fr\/en\/comprendre\/veille-strategique\/hamass-goal-in-gaza\/\" \/>\n<meta property=\"og:locale\" content=\"en_GB\" \/>\n<meta property=\"og:type\" content=\"article\" \/>\n<meta property=\"og:title\" content=\"\u00ab Peace Between Israelis and Palestinians Remains Possible\u202f \u00bb\" \/>\n<meta property=\"og:description\" content=\"La bande de Gaza n\u2019\u00e9tait plus consid\u00e9r\u00e9e par les forces de s\u00e9curit\u00e9 isra\u00e9lienne, depuis une d\u00e9cennie, comme une zone pouvant mettre en danger Isra\u00ebl. La pr\u00e9sence de moyens d\u00e9fensifs, comme le d\u00f4me de fer, la capacit\u00e9 \u00e0 mener des interventions cibl\u00e9es y compris intenses, comme en 2014, semblaient avoir condamn\u00e9 le Hamas \u00e0 conserver une position d\u00e9fensive. Cependant, l\u2019attaque du 7 octobre a d\u00e9montr\u00e9 que la fronti\u00e8re n\u2019\u00e9tait pas \u00e9tanche, entra\u00eenant la mort de 1200 citoyens isra\u00e9liens et la prise en otage de 240 autres. La r\u00e9plique isra\u00e9lienne aurait provoqu\u00e9 jusqu\u2019\u00e0 aujourd\u2019hui pr\u00e8s de 20 000 morts. Cela replace Gaza au centre du conflit isra\u00e9lo-palestinien dans le contexte, d\u00e9sormais perturb\u00e9, de normalisation entre Isra\u00ebl et les pays arabes.\" \/>\n<meta property=\"og:url\" content=\"https:\/\/ihedn.fr\/en\/comprendre\/veille-strategique\/hamass-goal-in-gaza\/\" \/>\n<meta property=\"og:site_name\" content=\"L&#039;IHEDN : Institut des hautes \u00e9tudes de d\u00e9fense nationale\" \/>\n<meta property=\"article:publisher\" content=\"https:\/\/www.facebook.com\/ihedn\/\" \/>\n<meta property=\"article:published_time\" content=\"2024-02-02T09:08:31+00:00\" \/>\n<meta property=\"article:modified_time\" content=\"2024-02-02T09:33:54+00:00\" \/>\n<meta name=\"author\" content=\"tanguy.morel@ihedn.fr\" \/>\n<meta name=\"twitter:card\" content=\"summary_large_image\" \/>\n<meta name=\"twitter:title\" content=\"\u00ab Peace Between Israelis and Palestinians Remains Possible\u202f \u00bb\" \/>\n<meta name=\"twitter:description\" content=\"La bande de Gaza n\u2019\u00e9tait plus consid\u00e9r\u00e9e par les forces de s\u00e9curit\u00e9 isra\u00e9lienne, depuis une d\u00e9cennie, comme une zone pouvant mettre en danger Isra\u00ebl. La pr\u00e9sence de moyens d\u00e9fensifs, comme le d\u00f4me de fer, la capacit\u00e9 \u00e0 mener des interventions cibl\u00e9es y compris intenses, comme en 2014, semblaient avoir condamn\u00e9 le Hamas \u00e0 conserver une position d\u00e9fensive. Cependant, l\u2019attaque du 7 octobre a d\u00e9montr\u00e9 que la fronti\u00e8re n\u2019\u00e9tait pas \u00e9tanche, entra\u00eenant la mort de 1200 citoyens isra\u00e9liens et la prise en otage de 240 autres. La r\u00e9plique isra\u00e9lienne aurait provoqu\u00e9 jusqu\u2019\u00e0 aujourd\u2019hui pr\u00e8s de 20 000 morts. Cela replace Gaza au centre du conflit isra\u00e9lo-palestinien dans le contexte, d\u00e9sormais perturb\u00e9, de normalisation entre Isra\u00ebl et les pays arabes.\" \/>\n<meta name=\"twitter:creator\" content=\"@IHEDN\" \/>\n<meta name=\"twitter:site\" content=\"@IHEDN\" \/>\n<meta name=\"twitter:label1\" content=\"Written by\" \/>\n\t<meta name=\"twitter:data1\" content=\"tanguy.morel@ihedn.fr\" \/>\n\t<meta name=\"twitter:label2\" content=\"Estimated reading time\" \/>\n\t<meta name=\"twitter:data2\" content=\"1 minute\" \/>\n<script type=\"application\/ld+json\" class=\"yoast-schema-graph\">{\"@context\":\"https:\\\/\\\/schema.org\",\"@graph\":[{\"@type\":\"Article\",\"@id\":\"https:\\\/\\\/ihedn.fr\\\/comprendre\\\/veille-strategique\\\/hamass-goal-in-gaza\\\/#article\",\"isPartOf\":{\"@id\":\"https:\\\/\\\/ihedn.fr\\\/comprendre\\\/veille-strategique\\\/hamass-goal-in-gaza\\\/\"},\"author\":{\"name\":\"tanguy.morel@ihedn.fr\",\"@id\":\"https:\\\/\\\/ihedn.fr\\\/#\\\/schema\\\/person\\\/ed217a37104b27a246b200e65b827cc7\"},\"headline\":\"\u00ab Peace Between Israelis and Palestinians Remains Possible\u202f \u00bb\",\"datePublished\":\"2024-02-02T09:08:31+00:00\",\"dateModified\":\"2024-02-02T09:33:54+00:00\",\"mainEntityOfPage\":{\"@id\":\"https:\\\/\\\/ihedn.fr\\\/comprendre\\\/veille-strategique\\\/hamass-goal-in-gaza\\\/\"},\"wordCount\":161,\"publisher\":{\"@id\":\"https:\\\/\\\/ihedn.fr\\\/#organization\"},\"articleSection\":[\"Veille strat\u00e9gique\"],\"inLanguage\":\"en-GB\"},{\"@type\":\"WebPage\",\"@id\":\"https:\\\/\\\/ihedn.fr\\\/comprendre\\\/veille-strategique\\\/hamass-goal-in-gaza\\\/\",\"url\":\"https:\\\/\\\/ihedn.fr\\\/comprendre\\\/veille-strategique\\\/hamass-goal-in-gaza\\\/\",\"name\":\"\u00ab Peace Between Israelis and Palestinians Remains Possible\u202f \u00bb - L&#039;IHEDN : Institut des hautes \u00e9tudes de d\u00e9fense nationale\",\"isPartOf\":{\"@id\":\"https:\\\/\\\/ihedn.fr\\\/#website\"},\"datePublished\":\"2024-02-02T09:08:31+00:00\",\"dateModified\":\"2024-02-02T09:33:54+00:00\",\"description\":\"La bande de Gaza n\u2019\u00e9tait plus consid\u00e9r\u00e9e par les forces de s\u00e9curit\u00e9 isra\u00e9lienne, depuis une d\u00e9cennie, comme une zone pouvant mettre en danger Isra\u00ebl. La pr\u00e9sence de moyens d\u00e9fensifs, comme le d\u00f4me de fer, la capacit\u00e9 \u00e0 mener des interventions cibl\u00e9es y compris intenses, comme en 2014, semblaient avoir condamn\u00e9 le Hamas \u00e0 conserver une position d\u00e9fensive. Cependant, l\u2019attaque du 7 octobre a d\u00e9montr\u00e9 que la fronti\u00e8re n\u2019\u00e9tait pas \u00e9tanche, entra\u00eenant la mort de 1200 citoyens isra\u00e9liens et la prise en otage de 240 autres. La r\u00e9plique isra\u00e9lienne aurait provoqu\u00e9 jusqu\u2019\u00e0 aujourd\u2019hui pr\u00e8s de 20 000 morts. Cela replace Gaza au centre du conflit isra\u00e9lo-palestinien dans le contexte, d\u00e9sormais perturb\u00e9, de normalisation entre Isra\u00ebl et les pays arabes.\",\"breadcrumb\":{\"@id\":\"https:\\\/\\\/ihedn.fr\\\/comprendre\\\/veille-strategique\\\/hamass-goal-in-gaza\\\/#breadcrumb\"},\"inLanguage\":\"en-GB\",\"potentialAction\":[{\"@type\":\"ReadAction\",\"target\":[\"https:\\\/\\\/ihedn.fr\\\/comprendre\\\/veille-strategique\\\/hamass-goal-in-gaza\\\/\"]}]},{\"@type\":\"BreadcrumbList\",\"@id\":\"https:\\\/\\\/ihedn.fr\\\/comprendre\\\/veille-strategique\\\/hamass-goal-in-gaza\\\/#breadcrumb\",\"itemListElement\":[{\"@type\":\"ListItem\",\"position\":1,\"name\":\"Accueil\",\"item\":\"https:\\\/\\\/ihedn.fr\\\/\"},{\"@type\":\"ListItem\",\"position\":2,\"name\":\"\u00ab Peace Between Israelis and Palestinians Remains Possible\u202f \u00bb\"}]},{\"@type\":\"WebSite\",\"@id\":\"https:\\\/\\\/ihedn.fr\\\/#website\",\"url\":\"https:\\\/\\\/ihedn.fr\\\/\",\"name\":\"IHEDN : Institut des hautes \u00e9tudes de d\u00e9fense nationale |\",\"description\":\"Site officiel de l&#039;IHEDN plac\u00e9 sous la tutelle du Premier ministre.\",\"publisher\":{\"@id\":\"https:\\\/\\\/ihedn.fr\\\/#organization\"},\"potentialAction\":[{\"@type\":\"SearchAction\",\"target\":{\"@type\":\"EntryPoint\",\"urlTemplate\":\"https:\\\/\\\/ihedn.fr\\\/?s={search_term_string}\"},\"query-input\":{\"@type\":\"PropertyValueSpecification\",\"valueRequired\":true,\"valueName\":\"search_term_string\"}}],\"inLanguage\":\"en-GB\"},{\"@type\":\"Organization\",\"@id\":\"https:\\\/\\\/ihedn.fr\\\/#organization\",\"name\":\"IHEDN - Institut des Hautes Etudes de D\u00e9fense Nationale\",\"url\":\"https:\\\/\\\/ihedn.fr\\\/\",\"logo\":{\"@type\":\"ImageObject\",\"inLanguage\":\"en-GB\",\"@id\":\"https:\\\/\\\/ihedn.fr\\\/#\\\/schema\\\/logo\\\/image\\\/\",\"url\":\"https:\\\/\\\/ihedn.fr\\\/wp-content\\\/uploads\\\/2020\\\/11\\\/BLOC_RF_IHEDN_WEB.png\",\"contentUrl\":\"https:\\\/\\\/ihedn.fr\\\/wp-content\\\/uploads\\\/2020\\\/11\\\/BLOC_RF_IHEDN_WEB.png\",\"width\":500,\"height\":237,\"caption\":\"IHEDN - Institut des Hautes Etudes de D\u00e9fense Nationale\"},\"image\":{\"@id\":\"https:\\\/\\\/ihedn.fr\\\/#\\\/schema\\\/logo\\\/image\\\/\"},\"sameAs\":[\"https:\\\/\\\/www.facebook.com\\\/ihedn\\\/\",\"https:\\\/\\\/x.com\\\/IHEDN\",\"https:\\\/\\\/www.instagram.com\\\/ihedn\\\/\",\"https:\\\/\\\/www.linkedin.com\\\/school\\\/ihedn\\\/\",\"https:\\\/\\\/fr.wikipedia.org\\\/wiki\\\/Institut_des_hautes_\u00e9tudes_de_D\u00e9fense_nationale\"]},{\"@type\":\"Person\",\"@id\":\"https:\\\/\\\/ihedn.fr\\\/#\\\/schema\\\/person\\\/ed217a37104b27a246b200e65b827cc7\",\"name\":\"tanguy.morel@ihedn.fr\",\"image\":{\"@type\":\"ImageObject\",\"inLanguage\":\"en-GB\",\"@id\":\"https:\\\/\\\/secure.gravatar.com\\\/avatar\\\/36877cd30919fafddf1f9da45f4154aa468a64328452f2ceaff0968772207348?s=96&d=mm&r=g\",\"url\":\"https:\\\/\\\/secure.gravatar.com\\\/avatar\\\/36877cd30919fafddf1f9da45f4154aa468a64328452f2ceaff0968772207348?s=96&d=mm&r=g\",\"contentUrl\":\"https:\\\/\\\/secure.gravatar.com\\\/avatar\\\/36877cd30919fafddf1f9da45f4154aa468a64328452f2ceaff0968772207348?s=96&d=mm&r=g\",\"caption\":\"tanguy.morel@ihedn.fr\"},\"url\":\"https:\\\/\\\/ihedn.fr\\\/en\\\/author\\\/tanguy-morelihedn-fr\\\/\"}]}<\/script>\n<!-- \/ Yoast SEO plugin. -->","yoast_head_json":{"title":"\"Peace Between Israelis and Palestinians Remains Possible\" - L'IHEDN : Institut des hautes \u00e9tudes de d\u00e9fense nationale (French Institute for Higher National Defence Studies)","description":"For a decade, the Israeli security forces no longer considered the Gaza Strip to be an area that could endanger Israel. The presence of defensive means, such as the Iron Dome, and the ability to carry out targeted interventions, including intense ones, as in 2014, seemed to have condemned Hamas to maintaining a defensive position. However, the attack on 7 October showed that the border was not watertight, resulting in the deaths of 1,200 Israeli citizens and the taking hostage of 240 others. The Israeli response is believed to have caused almost 20,000 deaths to date. This puts Gaza back at the centre of the Israeli-Palestinian conflict, in the now troubled context of normalisation between Israel and the Arab countries.","robots":{"index":"index","follow":"follow","max-snippet":"max-snippet:-1","max-image-preview":"max-image-preview:large","max-video-preview":"max-video-preview:-1"},"canonical":"https:\/\/ihedn.fr\/en\/comprendre\/veille-strategique\/hamass-goal-in-gaza\/","og_locale":"en_GB","og_type":"article","og_title":"\u00ab Peace Between Israelis and Palestinians Remains Possible\u202f \u00bb","og_description":"La bande de Gaza n\u2019\u00e9tait plus consid\u00e9r\u00e9e par les forces de s\u00e9curit\u00e9 isra\u00e9lienne, depuis une d\u00e9cennie, comme une zone pouvant mettre en danger Isra\u00ebl. La pr\u00e9sence de moyens d\u00e9fensifs, comme le d\u00f4me de fer, la capacit\u00e9 \u00e0 mener des interventions cibl\u00e9es y compris intenses, comme en 2014, semblaient avoir condamn\u00e9 le Hamas \u00e0 conserver une position d\u00e9fensive. Cependant, l\u2019attaque du 7 octobre a d\u00e9montr\u00e9 que la fronti\u00e8re n\u2019\u00e9tait pas \u00e9tanche, entra\u00eenant la mort de 1200 citoyens isra\u00e9liens et la prise en otage de 240 autres. La r\u00e9plique isra\u00e9lienne aurait provoqu\u00e9 jusqu\u2019\u00e0 aujourd\u2019hui pr\u00e8s de 20 000 morts. Cela replace Gaza au centre du conflit isra\u00e9lo-palestinien dans le contexte, d\u00e9sormais perturb\u00e9, de normalisation entre Isra\u00ebl et les pays arabes.","og_url":"https:\/\/ihedn.fr\/en\/comprendre\/veille-strategique\/hamass-goal-in-gaza\/","og_site_name":"L&#039;IHEDN : Institut des hautes \u00e9tudes de d\u00e9fense nationale","article_publisher":"https:\/\/www.facebook.com\/ihedn\/","article_published_time":"2024-02-02T09:08:31+00:00","article_modified_time":"2024-02-02T09:33:54+00:00","author":"tanguy.morel@ihedn.fr","twitter_card":"summary_large_image","twitter_title":"\u00ab Peace Between Israelis and Palestinians Remains Possible\u202f \u00bb","twitter_description":"La bande de Gaza n\u2019\u00e9tait plus consid\u00e9r\u00e9e par les forces de s\u00e9curit\u00e9 isra\u00e9lienne, depuis une d\u00e9cennie, comme une zone pouvant mettre en danger Isra\u00ebl. La pr\u00e9sence de moyens d\u00e9fensifs, comme le d\u00f4me de fer, la capacit\u00e9 \u00e0 mener des interventions cibl\u00e9es y compris intenses, comme en 2014, semblaient avoir condamn\u00e9 le Hamas \u00e0 conserver une position d\u00e9fensive. Cependant, l\u2019attaque du 7 octobre a d\u00e9montr\u00e9 que la fronti\u00e8re n\u2019\u00e9tait pas \u00e9tanche, entra\u00eenant la mort de 1200 citoyens isra\u00e9liens et la prise en otage de 240 autres. La r\u00e9plique isra\u00e9lienne aurait provoqu\u00e9 jusqu\u2019\u00e0 aujourd\u2019hui pr\u00e8s de 20 000 morts. Cela replace Gaza au centre du conflit isra\u00e9lo-palestinien dans le contexte, d\u00e9sormais perturb\u00e9, de normalisation entre Isra\u00ebl et les pays arabes.","twitter_creator":"@IHEDN","twitter_site":"@IHEDN","twitter_misc":{"Written by":"tanguy.morel@ihedn.fr","Estimated reading time":"1 minute"},"schema":{"@context":"https:\/\/schema.org","@graph":[{"@type":"Article","@id":"https:\/\/ihedn.fr\/comprendre\/veille-strategique\/hamass-goal-in-gaza\/#article","isPartOf":{"@id":"https:\/\/ihedn.fr\/comprendre\/veille-strategique\/hamass-goal-in-gaza\/"},"author":{"name":"tanguy.morel@ihedn.fr","@id":"https:\/\/ihedn.fr\/#\/schema\/person\/ed217a37104b27a246b200e65b827cc7"},"headline":"\u00ab Peace Between Israelis and Palestinians Remains Possible\u202f \u00bb","datePublished":"2024-02-02T09:08:31+00:00","dateModified":"2024-02-02T09:33:54+00:00","mainEntityOfPage":{"@id":"https:\/\/ihedn.fr\/comprendre\/veille-strategique\/hamass-goal-in-gaza\/"},"wordCount":161,"publisher":{"@id":"https:\/\/ihedn.fr\/#organization"},"articleSection":["Veille strat\u00e9gique"],"inLanguage":"en-GB"},{"@type":"WebPage","@id":"https:\/\/ihedn.fr\/comprendre\/veille-strategique\/hamass-goal-in-gaza\/","url":"https:\/\/ihedn.fr\/comprendre\/veille-strategique\/hamass-goal-in-gaza\/","name":"\"Peace Between Israelis and Palestinians Remains Possible\" - L'IHEDN : Institut des hautes \u00e9tudes de d\u00e9fense nationale (French Institute for Higher National Defence Studies)","isPartOf":{"@id":"https:\/\/ihedn.fr\/#website"},"datePublished":"2024-02-02T09:08:31+00:00","dateModified":"2024-02-02T09:33:54+00:00","description":"For a decade, the Israeli security forces no longer considered the Gaza Strip to be an area that could endanger Israel. The presence of defensive means, such as the Iron Dome, and the ability to carry out targeted interventions, including intense ones, as in 2014, seemed to have condemned Hamas to maintaining a defensive position. However, the attack on 7 October showed that the border was not watertight, resulting in the deaths of 1,200 Israeli citizens and the taking hostage of 240 others. The Israeli response is believed to have caused almost 20,000 deaths to date. This puts Gaza back at the centre of the Israeli-Palestinian conflict, in the now troubled context of normalisation between Israel and the Arab countries.","breadcrumb":{"@id":"https:\/\/ihedn.fr\/comprendre\/veille-strategique\/hamass-goal-in-gaza\/#breadcrumb"},"inLanguage":"en-GB","potentialAction":[{"@type":"ReadAction","target":["https:\/\/ihedn.fr\/comprendre\/veille-strategique\/hamass-goal-in-gaza\/"]}]},{"@type":"BreadcrumbList","@id":"https:\/\/ihedn.fr\/comprendre\/veille-strategique\/hamass-goal-in-gaza\/#breadcrumb","itemListElement":[{"@type":"ListItem","position":1,"name":"Accueil","item":"https:\/\/ihedn.fr\/"},{"@type":"ListItem","position":2,"name":"\u00ab Peace Between Israelis and Palestinians Remains Possible\u202f \u00bb"}]},{"@type":"WebSite","@id":"https:\/\/ihedn.fr\/#website","url":"https:\/\/ihedn.fr\/","name":"IHEDN: Institut des hautes \u00e9tudes de d\u00e9fense nationale (Institute for Higher National Defence Studies)","description":"Official website of the IHEDN under the supervision of the Prime Minister.","publisher":{"@id":"https:\/\/ihedn.fr\/#organization"},"potentialAction":[{"@type":"SearchAction","target":{"@type":"EntryPoint","urlTemplate":"https:\/\/ihedn.fr\/?s={search_term_string}"},"query-input":{"@type":"PropertyValueSpecification","valueRequired":true,"valueName":"search_term_string"}}],"inLanguage":"en-GB"},{"@type":"Organization","@id":"https:\/\/ihedn.fr\/#organization","name":"IHEDN - Institute for Higher National Defence Studies","url":"https:\/\/ihedn.fr\/","logo":{"@type":"ImageObject","inLanguage":"en-GB","@id":"https:\/\/ihedn.fr\/#\/schema\/logo\/image\/","url":"https:\/\/ihedn.fr\/wp-content\/uploads\/2020\/11\/BLOC_RF_IHEDN_WEB.png","contentUrl":"https:\/\/ihedn.fr\/wp-content\/uploads\/2020\/11\/BLOC_RF_IHEDN_WEB.png","width":500,"height":237,"caption":"IHEDN - Institut des Hautes Etudes de D\u00e9fense Nationale"},"image":{"@id":"https:\/\/ihedn.fr\/#\/schema\/logo\/image\/"},"sameAs":["https:\/\/www.facebook.com\/ihedn\/","https:\/\/x.com\/IHEDN","https:\/\/www.instagram.com\/ihedn\/","https:\/\/www.linkedin.com\/school\/ihedn\/","https:\/\/fr.wikipedia.org\/wiki\/Institut_des_hautes_\u00e9tudes_de_D\u00e9fense_nationale"]},{"@type":"Person","@id":"https:\/\/ihedn.fr\/#\/schema\/person\/ed217a37104b27a246b200e65b827cc7","name":"tanguy.morel@ihedn.fr","image":{"@type":"ImageObject","inLanguage":"en-GB","@id":"https:\/\/secure.gravatar.com\/avatar\/36877cd30919fafddf1f9da45f4154aa468a64328452f2ceaff0968772207348?s=96&d=mm&r=g","url":"https:\/\/secure.gravatar.com\/avatar\/36877cd30919fafddf1f9da45f4154aa468a64328452f2ceaff0968772207348?s=96&d=mm&r=g","contentUrl":"https:\/\/secure.gravatar.com\/avatar\/36877cd30919fafddf1f9da45f4154aa468a64328452f2ceaff0968772207348?s=96&d=mm&r=g","caption":"tanguy.morel@ihedn.fr"},"url":"https:\/\/ihedn.fr\/en\/author\/tanguy-morelihedn-fr\/"}]}},"publishpress_future_action":{"enabled":false,"date":"2026-05-07 03:33:35","action":"change-status","newStatus":"draft","terms":[],"taxonomy":"category","extraData":[]},"publishpress_future_workflow_manual_trigger":{"enabledWorkflows":[]},"_links":{"self":[{"href":"https:\/\/ihedn.fr\/en\/wp-json\/wp\/v2\/posts\/45705","targetHints":{"allow":["GET"]}}],"collection":[{"href":"https:\/\/ihedn.fr\/en\/wp-json\/wp\/v2\/posts"}],"about":[{"href":"https:\/\/ihedn.fr\/en\/wp-json\/wp\/v2\/types\/post"}],"author":[{"embeddable":true,"href":"https:\/\/ihedn.fr\/en\/wp-json\/wp\/v2\/users\/10"}],"replies":[{"embeddable":true,"href":"https:\/\/ihedn.fr\/en\/wp-json\/wp\/v2\/comments?post=45705"}],"version-history":[{"count":4,"href":"https:\/\/ihedn.fr\/en\/wp-json\/wp\/v2\/posts\/45705\/revisions"}],"predecessor-version":[{"id":45709,"href":"https:\/\/ihedn.fr\/en\/wp-json\/wp\/v2\/posts\/45705\/revisions\/45709"}],"wp:attachment":[{"href":"https:\/\/ihedn.fr\/en\/wp-json\/wp\/v2\/media?parent=45705"}],"wp:term":[{"taxonomy":"category","embeddable":true,"href":"https:\/\/ihedn.fr\/en\/wp-json\/wp\/v2\/categories?post=45705"},{"taxonomy":"post_tag","embeddable":true,"href":"https:\/\/ihedn.fr\/en\/wp-json\/wp\/v2\/tags?post=45705"}],"curies":[{"name":"wp","href":"https:\/\/api.w.org\/{rel}","templated":true}]}}