{"id":45730,"date":"2024-02-02T11:35:08","date_gmt":"2024-02-02T10:35:08","guid":{"rendered":"https:\/\/ihedn.fr\/?p=45730"},"modified":"2024-02-02T11:36:02","modified_gmt":"2024-02-02T10:36:02","slug":"equateur-une-plongee-rapide-dans-le-chaos-criminel","status":"publish","type":"post","link":"https:\/\/ihedn.fr\/en\/veille-strategique\/equateur-une-plongee-rapide-dans-le-chaos-criminel\/","title":{"rendered":"\"Ecuador: a rapid plunge into criminal chaos"},"content":{"rendered":"<div data-elementor-type=\"wp-post\" data-elementor-id=\"45730\" class=\"elementor elementor-45730\" data-elementor-post-type=\"post\">\n\t\t\t\t\t\t<section data-particle_enable=\"false\" data-particle-mobile-disabled=\"false\" class=\"elementor-section elementor-top-section elementor-element elementor-element-25cf675 elementor-section-boxed elementor-section-height-default elementor-section-height-default\" data-id=\"25cf675\" data-element_type=\"section\" data-e-type=\"section\">\n\t\t\t\t\t\t<div class=\"elementor-container elementor-column-gap-default\">\n\t\t\t\t\t<div class=\"elementor-column elementor-col-100 elementor-top-column elementor-element elementor-element-f3ba09f\" data-id=\"f3ba09f\" data-element_type=\"column\" data-e-type=\"column\">\n\t\t\t<div class=\"elementor-widget-wrap elementor-element-populated\">\n\t\t\t\t\t\t<div class=\"elementor-element elementor-element-254228e elementor-widget elementor-widget-text-editor\" data-id=\"254228e\" data-element_type=\"widget\" data-e-type=\"widget\" data-widget_type=\"text-editor.default\">\n\t\t\t\t<div class=\"elementor-widget-container\">\n\t\t\t\t\t\t\t\t\t<p style=\"text-align: left;\">At the start of 2024, the pace of events is accelerating in Latin America, a region that has been plagued by hyperviolence for decades, a reminder of the geopolitical impact, and not just the security impact, of criminal organisations when they reach a critical stage of development. The toppling of the Ecuadorian domino, which until recently had been relatively untouched by these phenomena, linked in particular to drug trafficking, and which we see on a daily basis in Mexico, Venezuela and Colombia, provides yet another tragic illustration of this. In the space of ten years, the country has become a major transit area for cocaine produced in Colombia on its way to the United States, Europe and, to a lesser extent, Asia. Surrounded by the world's two biggest cocaine producers, with a Pacific coastline that opens up to Asia to the west, the Central American corridor giving it access to Europe via the Panama Canal and the United States to the north, Ecuador's geography unfortunately meant that it was bound to attract the greed of criminal organisations constantly on the lookout for new routes.  While it is probably still too early to speak of a failed state, the backdrop of the many political, social and security crises that the country has been experiencing in recent years raises fears of a \"Mexicanisation\", from which it is well known that once started it is very difficult to escape.<\/p>\t\t\t\t\t\t\t\t<\/div>\n\t\t\t\t<\/div>\n\t\t\t\t\t<\/div>\n\t\t<\/div>\n\t\t\t\t\t<\/div>\n\t\t<\/section>\n\t\t\t\t<section data-particle_enable=\"false\" data-particle-mobile-disabled=\"false\" class=\"elementor-section elementor-top-section elementor-element elementor-element-56cf714 elementor-section-boxed elementor-section-height-default elementor-section-height-default\" data-id=\"56cf714\" data-element_type=\"section\" data-e-type=\"section\">\n\t\t\t\t\t\t<div class=\"elementor-container elementor-column-gap-default\">\n\t\t\t\t\t<div class=\"elementor-column elementor-col-50 elementor-top-column elementor-element elementor-element-8a23d72\" data-id=\"8a23d72\" data-element_type=\"column\" data-e-type=\"column\">\n\t\t\t<div class=\"elementor-widget-wrap elementor-element-populated\">\n\t\t\t\t\t\t<div class=\"elementor-element elementor-element-1d5cb98 elementor-widget elementor-widget-text-editor\" data-id=\"1d5cb98\" data-element_type=\"widget\" data-e-type=\"widget\" data-widget_type=\"text-editor.default\">\n\t\t\t\t<div class=\"elementor-widget-container\">\n\t\t\t\t\t\t\t\t\t<p><em><strong><span style=\"color: #000000; font-family: Marianne; font-size: medium;\">Interview with GANDILHON Michel, IFRI, 12 January 2024<\/span><\/strong><\/em><\/p>\t\t\t\t\t\t\t\t<\/div>\n\t\t\t\t<\/div>\n\t\t\t\t\t<\/div>\n\t\t<\/div>\n\t\t\t\t<div class=\"elementor-column elementor-col-50 elementor-top-column elementor-element elementor-element-b25c284\" data-id=\"b25c284\" data-element_type=\"column\" data-e-type=\"column\">\n\t\t\t<div class=\"elementor-widget-wrap elementor-element-populated\">\n\t\t\t\t\t\t<div class=\"elementor-element elementor-element-d6cca6f elementor-align-right elementor-mobile-align-center elementor-widget-mobile__width-inherit elementor-invisible elementor-widget elementor-widget-button\" data-id=\"d6cca6f\" data-element_type=\"widget\" data-e-type=\"widget\" data-settings=\"{&quot;_animation&quot;:&quot;fadeInUp&quot;}\" data-widget_type=\"button.default\">\n\t\t\t\t<div class=\"elementor-widget-container\">\n\t\t\t\t\t\t\t\t\t<div class=\"elementor-button-wrapper\">\n\t\t\t\t\t<a class=\"elementor-button elementor-button-link elementor-size-xs\" href=\"https:\/\/www.iris-france.org\/181717-equateur-une-plongee-rapide-dans-le-chaos-criminel\/\" target=\"_blank\">\n\t\t\t\t\t\t<span class=\"elementor-button-content-wrapper\">\n\t\t\t\t\t\t<span class=\"elementor-button-icon\">\n\t\t\t\t<svg aria-hidden=\"true\" class=\"e-font-icon-svg e-fas-arrow-alt-circle-right\" viewbox=\"0 0 512 512\" xmlns=\"http:\/\/www.w3.org\/2000\/svg\"><path d=\"M256 8c137 0 248 111 248 248S393 504 256 504 8 393 8 256 119 8 256 8zM140 300h116v70.9c0 10.7 13 16.1 20.5 8.5l114.3-114.9c4.7-4.7 4.7-12.2 0-16.9l-114.3-115c-7.6-7.6-20.5-2.2-20.5 8.5V212H140c-6.6 0-12 5.4-12 12v64c0 6.6 5.4 12 12 12z\"><\/path><\/svg>\t\t\t<\/span>\n\t\t\t\t\t\t\t\t\t<span class=\"elementor-button-text\">Visit<\/span>\n\t\t\t\t\t<\/span>\n\t\t\t\t\t<\/a>\n\t\t\t\t<\/div>\n\t\t\t\t\t\t\t\t<\/div>\n\t\t\t\t<\/div>\n\t\t\t\t\t<\/div>\n\t\t<\/div>\n\t\t\t\t\t<\/div>\n\t\t<\/section>\n\t\t\t\t<\/div>","protected":false},"excerpt":{"rendered":"<p>En ce d\u00e9but d\u2019ann\u00e9e 2024, l\u2019histoire s\u2019acc\u00e9l\u00e8re en Am\u00e9rique latine, r\u00e9gion en proie depuis des d\u00e9cennies \u00e0 une hyperviolence, qui vient rappeler l\u2019impact g\u00e9opolitique et pas seulement s\u00e9curitaire des organisations criminelles quand elles atteignent un seuil de d\u00e9veloppement critique. Le basculement du domino \u00e9quatorien, jusque-l\u00e0 r\u00e9cemment relativement \u00e9pargn\u00e9 par ces ph\u00e9nom\u00e8nes, li\u00e9s notamment aux trafics [&hellip;]<\/p>\n","protected":false},"author":10,"featured_media":0,"comment_status":"closed","ping_status":"closed","sticky":false,"template":"","format":"standard","meta":{"footnotes":""},"categories":[175],"tags":[],"class_list":["post-45730","post","type-post","status-publish","format-standard","hentry","category-veille-strategique"],"yoast_head":"<!-- This site is optimized with the Yoast SEO plugin v27.5 - https:\/\/yoast.com\/product\/yoast-seo-wordpress\/ -->\n<title>\u00ab \u00c9quateur : une plong\u00e9e rapide dans le chaos criminel \u00bb - L&#039;IHEDN : Institut des hautes \u00e9tudes de d\u00e9fense nationale<\/title>\n<meta name=\"description\" content=\"En ce d\u00e9but d\u2019ann\u00e9e 2024, l\u2019histoire s\u2019acc\u00e9l\u00e8re en Am\u00e9rique latine, r\u00e9gion en proie depuis des d\u00e9cennies \u00e0 une hyperviolence, qui vient rappeler l\u2019impact g\u00e9opolitique et pas seulement s\u00e9curitaire des organisations criminelles quand elles atteignent un seuil de d\u00e9veloppement critique\" \/>\n<meta name=\"robots\" content=\"index, follow, max-snippet:-1, max-image-preview:large, max-video-preview:-1\" \/>\n<link rel=\"canonical\" href=\"https:\/\/ihedn.fr\/en\/comprendre\/veille-strategique\/equateur-une-plongee-rapide-dans-le-chaos-criminel\/\" \/>\n<meta property=\"og:locale\" content=\"en_GB\" \/>\n<meta property=\"og:type\" content=\"article\" \/>\n<meta property=\"og:title\" content=\"\u00ab \u00c9quateur : une plong\u00e9e rapide dans le chaos criminel \u00bb\" \/>\n<meta property=\"og:description\" content=\"En ce d\u00e9but d\u2019ann\u00e9e 2024, l\u2019histoire s\u2019acc\u00e9l\u00e8re en Am\u00e9rique latine, r\u00e9gion en proie depuis des d\u00e9cennies \u00e0 une hyperviolence, qui vient rappeler l\u2019impact g\u00e9opolitique et pas seulement s\u00e9curitaire des organisations criminelles quand elles atteignent un seuil de d\u00e9veloppement critique\" \/>\n<meta property=\"og:url\" content=\"https:\/\/ihedn.fr\/en\/comprendre\/veille-strategique\/equateur-une-plongee-rapide-dans-le-chaos-criminel\/\" \/>\n<meta property=\"og:site_name\" content=\"L&#039;IHEDN : Institut des hautes \u00e9tudes de d\u00e9fense nationale\" \/>\n<meta property=\"article:publisher\" content=\"https:\/\/www.facebook.com\/ihedn\/\" \/>\n<meta property=\"article:published_time\" content=\"2024-02-02T10:35:08+00:00\" \/>\n<meta property=\"article:modified_time\" content=\"2024-02-02T10:36:02+00:00\" \/>\n<meta name=\"author\" content=\"tanguy.morel@ihedn.fr\" \/>\n<meta name=\"twitter:card\" content=\"summary_large_image\" \/>\n<meta name=\"twitter:title\" content=\"\u00ab \u00c9quateur : une plong\u00e9e rapide dans le chaos criminel \u00bb\" \/>\n<meta name=\"twitter:description\" content=\"En ce d\u00e9but d\u2019ann\u00e9e 2024, l\u2019histoire s\u2019acc\u00e9l\u00e8re en Am\u00e9rique latine, r\u00e9gion en proie depuis des d\u00e9cennies \u00e0 une hyperviolence, qui vient rappeler l\u2019impact g\u00e9opolitique et pas seulement s\u00e9curitaire des organisations criminelles quand elles atteignent un seuil de d\u00e9veloppement critique\" \/>\n<meta name=\"twitter:creator\" content=\"@IHEDN\" \/>\n<meta name=\"twitter:site\" content=\"@IHEDN\" \/>\n<meta name=\"twitter:label1\" content=\"Written by\" \/>\n\t<meta name=\"twitter:data1\" content=\"tanguy.morel@ihedn.fr\" \/>\n\t<meta name=\"twitter:label2\" content=\"Estimated reading time\" \/>\n\t<meta name=\"twitter:data2\" content=\"2 minutes\" \/>\n<script type=\"application\/ld+json\" class=\"yoast-schema-graph\">{\"@context\":\"https:\\\/\\\/schema.org\",\"@graph\":[{\"@type\":\"Article\",\"@id\":\"https:\\\/\\\/ihedn.fr\\\/comprendre\\\/veille-strategique\\\/equateur-une-plongee-rapide-dans-le-chaos-criminel\\\/#article\",\"isPartOf\":{\"@id\":\"https:\\\/\\\/ihedn.fr\\\/comprendre\\\/veille-strategique\\\/equateur-une-plongee-rapide-dans-le-chaos-criminel\\\/\"},\"author\":{\"name\":\"tanguy.morel@ihedn.fr\",\"@id\":\"https:\\\/\\\/ihedn.fr\\\/#\\\/schema\\\/person\\\/ed217a37104b27a246b200e65b827cc7\"},\"headline\":\"\u00ab \u00c9quateur : une plong\u00e9e rapide dans le chaos criminel \u00bb\",\"datePublished\":\"2024-02-02T10:35:08+00:00\",\"dateModified\":\"2024-02-02T10:36:02+00:00\",\"mainEntityOfPage\":{\"@id\":\"https:\\\/\\\/ihedn.fr\\\/comprendre\\\/veille-strategique\\\/equateur-une-plongee-rapide-dans-le-chaos-criminel\\\/\"},\"wordCount\":274,\"publisher\":{\"@id\":\"https:\\\/\\\/ihedn.fr\\\/#organization\"},\"articleSection\":[\"Veille strat\u00e9gique\"],\"inLanguage\":\"en-GB\"},{\"@type\":\"WebPage\",\"@id\":\"https:\\\/\\\/ihedn.fr\\\/comprendre\\\/veille-strategique\\\/equateur-une-plongee-rapide-dans-le-chaos-criminel\\\/\",\"url\":\"https:\\\/\\\/ihedn.fr\\\/comprendre\\\/veille-strategique\\\/equateur-une-plongee-rapide-dans-le-chaos-criminel\\\/\",\"name\":\"\u00ab \u00c9quateur : une plong\u00e9e rapide dans le chaos criminel \u00bb - L&#039;IHEDN : Institut des hautes \u00e9tudes de d\u00e9fense nationale\",\"isPartOf\":{\"@id\":\"https:\\\/\\\/ihedn.fr\\\/#website\"},\"datePublished\":\"2024-02-02T10:35:08+00:00\",\"dateModified\":\"2024-02-02T10:36:02+00:00\",\"description\":\"En ce d\u00e9but d\u2019ann\u00e9e 2024, l\u2019histoire s\u2019acc\u00e9l\u00e8re en Am\u00e9rique latine, r\u00e9gion en proie depuis des d\u00e9cennies \u00e0 une hyperviolence, qui vient rappeler l\u2019impact g\u00e9opolitique et pas seulement s\u00e9curitaire des organisations criminelles quand elles atteignent un seuil de d\u00e9veloppement critique\",\"breadcrumb\":{\"@id\":\"https:\\\/\\\/ihedn.fr\\\/comprendre\\\/veille-strategique\\\/equateur-une-plongee-rapide-dans-le-chaos-criminel\\\/#breadcrumb\"},\"inLanguage\":\"en-GB\",\"potentialAction\":[{\"@type\":\"ReadAction\",\"target\":[\"https:\\\/\\\/ihedn.fr\\\/comprendre\\\/veille-strategique\\\/equateur-une-plongee-rapide-dans-le-chaos-criminel\\\/\"]}]},{\"@type\":\"BreadcrumbList\",\"@id\":\"https:\\\/\\\/ihedn.fr\\\/comprendre\\\/veille-strategique\\\/equateur-une-plongee-rapide-dans-le-chaos-criminel\\\/#breadcrumb\",\"itemListElement\":[{\"@type\":\"ListItem\",\"position\":1,\"name\":\"Accueil\",\"item\":\"https:\\\/\\\/ihedn.fr\\\/\"},{\"@type\":\"ListItem\",\"position\":2,\"name\":\"\u00ab \u00c9quateur : une plong\u00e9e rapide dans le chaos criminel \u00bb\"}]},{\"@type\":\"WebSite\",\"@id\":\"https:\\\/\\\/ihedn.fr\\\/#website\",\"url\":\"https:\\\/\\\/ihedn.fr\\\/\",\"name\":\"IHEDN : Institut des hautes \u00e9tudes de d\u00e9fense nationale |\",\"description\":\"Site officiel de l&#039;IHEDN plac\u00e9 sous la tutelle du Premier ministre.\",\"publisher\":{\"@id\":\"https:\\\/\\\/ihedn.fr\\\/#organization\"},\"potentialAction\":[{\"@type\":\"SearchAction\",\"target\":{\"@type\":\"EntryPoint\",\"urlTemplate\":\"https:\\\/\\\/ihedn.fr\\\/?s={search_term_string}\"},\"query-input\":{\"@type\":\"PropertyValueSpecification\",\"valueRequired\":true,\"valueName\":\"search_term_string\"}}],\"inLanguage\":\"en-GB\"},{\"@type\":\"Organization\",\"@id\":\"https:\\\/\\\/ihedn.fr\\\/#organization\",\"name\":\"IHEDN - Institut des Hautes Etudes de D\u00e9fense Nationale\",\"url\":\"https:\\\/\\\/ihedn.fr\\\/\",\"logo\":{\"@type\":\"ImageObject\",\"inLanguage\":\"en-GB\",\"@id\":\"https:\\\/\\\/ihedn.fr\\\/#\\\/schema\\\/logo\\\/image\\\/\",\"url\":\"https:\\\/\\\/ihedn.fr\\\/wp-content\\\/uploads\\\/2020\\\/11\\\/BLOC_RF_IHEDN_WEB.png\",\"contentUrl\":\"https:\\\/\\\/ihedn.fr\\\/wp-content\\\/uploads\\\/2020\\\/11\\\/BLOC_RF_IHEDN_WEB.png\",\"width\":500,\"height\":237,\"caption\":\"IHEDN - Institut des Hautes Etudes de D\u00e9fense Nationale\"},\"image\":{\"@id\":\"https:\\\/\\\/ihedn.fr\\\/#\\\/schema\\\/logo\\\/image\\\/\"},\"sameAs\":[\"https:\\\/\\\/www.facebook.com\\\/ihedn\\\/\",\"https:\\\/\\\/x.com\\\/IHEDN\",\"https:\\\/\\\/www.instagram.com\\\/ihedn\\\/\",\"https:\\\/\\\/www.linkedin.com\\\/school\\\/ihedn\\\/\",\"https:\\\/\\\/fr.wikipedia.org\\\/wiki\\\/Institut_des_hautes_\u00e9tudes_de_D\u00e9fense_nationale\"]},{\"@type\":\"Person\",\"@id\":\"https:\\\/\\\/ihedn.fr\\\/#\\\/schema\\\/person\\\/ed217a37104b27a246b200e65b827cc7\",\"name\":\"tanguy.morel@ihedn.fr\",\"image\":{\"@type\":\"ImageObject\",\"inLanguage\":\"en-GB\",\"@id\":\"https:\\\/\\\/secure.gravatar.com\\\/avatar\\\/36877cd30919fafddf1f9da45f4154aa468a64328452f2ceaff0968772207348?s=96&d=mm&r=g\",\"url\":\"https:\\\/\\\/secure.gravatar.com\\\/avatar\\\/36877cd30919fafddf1f9da45f4154aa468a64328452f2ceaff0968772207348?s=96&d=mm&r=g\",\"contentUrl\":\"https:\\\/\\\/secure.gravatar.com\\\/avatar\\\/36877cd30919fafddf1f9da45f4154aa468a64328452f2ceaff0968772207348?s=96&d=mm&r=g\",\"caption\":\"tanguy.morel@ihedn.fr\"},\"url\":\"https:\\\/\\\/ihedn.fr\\\/en\\\/author\\\/tanguy-morelihedn-fr\\\/\"}]}<\/script>\n<!-- \/ Yoast SEO plugin. -->","yoast_head_json":{"title":"\"Ecuador: a rapid plunge into criminal chaos\" - IHEDN: Institut des hautes \u00e9tudes de d\u00e9fense nationale (French Institute for Advanced Studies in National Defence)","description":"At the start of 2024, events are gathering pace in Latin America, a region that has been plagued by hyperviolence for decades, a reminder of the geopolitical impact, and not just the security impact, of criminal organisations when they reach a critical stage of development.","robots":{"index":"index","follow":"follow","max-snippet":"max-snippet:-1","max-image-preview":"max-image-preview:large","max-video-preview":"max-video-preview:-1"},"canonical":"https:\/\/ihedn.fr\/en\/comprendre\/veille-strategique\/equateur-une-plongee-rapide-dans-le-chaos-criminel\/","og_locale":"en_GB","og_type":"article","og_title":"\u00ab \u00c9quateur : une plong\u00e9e rapide dans le chaos criminel \u00bb","og_description":"En ce d\u00e9but d\u2019ann\u00e9e 2024, l\u2019histoire s\u2019acc\u00e9l\u00e8re en Am\u00e9rique latine, r\u00e9gion en proie depuis des d\u00e9cennies \u00e0 une hyperviolence, qui vient rappeler l\u2019impact g\u00e9opolitique et pas seulement s\u00e9curitaire des organisations criminelles quand elles atteignent un seuil de d\u00e9veloppement critique","og_url":"https:\/\/ihedn.fr\/en\/comprendre\/veille-strategique\/equateur-une-plongee-rapide-dans-le-chaos-criminel\/","og_site_name":"L&#039;IHEDN : Institut des hautes \u00e9tudes de d\u00e9fense nationale","article_publisher":"https:\/\/www.facebook.com\/ihedn\/","article_published_time":"2024-02-02T10:35:08+00:00","article_modified_time":"2024-02-02T10:36:02+00:00","author":"tanguy.morel@ihedn.fr","twitter_card":"summary_large_image","twitter_title":"\u00ab \u00c9quateur : une plong\u00e9e rapide dans le chaos criminel \u00bb","twitter_description":"En ce d\u00e9but d\u2019ann\u00e9e 2024, l\u2019histoire s\u2019acc\u00e9l\u00e8re en Am\u00e9rique latine, r\u00e9gion en proie depuis des d\u00e9cennies \u00e0 une hyperviolence, qui vient rappeler l\u2019impact g\u00e9opolitique et pas seulement s\u00e9curitaire des organisations criminelles quand elles atteignent un seuil de d\u00e9veloppement critique","twitter_creator":"@IHEDN","twitter_site":"@IHEDN","twitter_misc":{"Written by":"tanguy.morel@ihedn.fr","Estimated reading time":"2 minutes"},"schema":{"@context":"https:\/\/schema.org","@graph":[{"@type":"Article","@id":"https:\/\/ihedn.fr\/comprendre\/veille-strategique\/equateur-une-plongee-rapide-dans-le-chaos-criminel\/#article","isPartOf":{"@id":"https:\/\/ihedn.fr\/comprendre\/veille-strategique\/equateur-une-plongee-rapide-dans-le-chaos-criminel\/"},"author":{"name":"tanguy.morel@ihedn.fr","@id":"https:\/\/ihedn.fr\/#\/schema\/person\/ed217a37104b27a246b200e65b827cc7"},"headline":"\u00ab \u00c9quateur : une plong\u00e9e rapide dans le chaos criminel \u00bb","datePublished":"2024-02-02T10:35:08+00:00","dateModified":"2024-02-02T10:36:02+00:00","mainEntityOfPage":{"@id":"https:\/\/ihedn.fr\/comprendre\/veille-strategique\/equateur-une-plongee-rapide-dans-le-chaos-criminel\/"},"wordCount":274,"publisher":{"@id":"https:\/\/ihedn.fr\/#organization"},"articleSection":["Veille strat\u00e9gique"],"inLanguage":"en-GB"},{"@type":"WebPage","@id":"https:\/\/ihedn.fr\/comprendre\/veille-strategique\/equateur-une-plongee-rapide-dans-le-chaos-criminel\/","url":"https:\/\/ihedn.fr\/comprendre\/veille-strategique\/equateur-une-plongee-rapide-dans-le-chaos-criminel\/","name":"\"Ecuador: a rapid plunge into criminal chaos\" - IHEDN: Institut des hautes \u00e9tudes de d\u00e9fense nationale (French Institute for Advanced Studies in National Defence)","isPartOf":{"@id":"https:\/\/ihedn.fr\/#website"},"datePublished":"2024-02-02T10:35:08+00:00","dateModified":"2024-02-02T10:36:02+00:00","description":"At the start of 2024, events are gathering pace in Latin America, a region that has been plagued by hyperviolence for decades, a reminder of the geopolitical impact, and not just the security impact, of criminal organisations when they reach a critical stage of development.","breadcrumb":{"@id":"https:\/\/ihedn.fr\/comprendre\/veille-strategique\/equateur-une-plongee-rapide-dans-le-chaos-criminel\/#breadcrumb"},"inLanguage":"en-GB","potentialAction":[{"@type":"ReadAction","target":["https:\/\/ihedn.fr\/comprendre\/veille-strategique\/equateur-une-plongee-rapide-dans-le-chaos-criminel\/"]}]},{"@type":"BreadcrumbList","@id":"https:\/\/ihedn.fr\/comprendre\/veille-strategique\/equateur-une-plongee-rapide-dans-le-chaos-criminel\/#breadcrumb","itemListElement":[{"@type":"ListItem","position":1,"name":"Accueil","item":"https:\/\/ihedn.fr\/"},{"@type":"ListItem","position":2,"name":"\u00ab \u00c9quateur : une plong\u00e9e rapide dans le chaos criminel \u00bb"}]},{"@type":"WebSite","@id":"https:\/\/ihedn.fr\/#website","url":"https:\/\/ihedn.fr\/","name":"IHEDN: Institut des hautes \u00e9tudes de d\u00e9fense nationale (Institute for Higher National Defence Studies)","description":"Official website of the IHEDN under the supervision of the Prime Minister.","publisher":{"@id":"https:\/\/ihedn.fr\/#organization"},"potentialAction":[{"@type":"SearchAction","target":{"@type":"EntryPoint","urlTemplate":"https:\/\/ihedn.fr\/?s={search_term_string}"},"query-input":{"@type":"PropertyValueSpecification","valueRequired":true,"valueName":"search_term_string"}}],"inLanguage":"en-GB"},{"@type":"Organization","@id":"https:\/\/ihedn.fr\/#organization","name":"IHEDN - Institute for Higher National Defence Studies","url":"https:\/\/ihedn.fr\/","logo":{"@type":"ImageObject","inLanguage":"en-GB","@id":"https:\/\/ihedn.fr\/#\/schema\/logo\/image\/","url":"https:\/\/ihedn.fr\/wp-content\/uploads\/2020\/11\/BLOC_RF_IHEDN_WEB.png","contentUrl":"https:\/\/ihedn.fr\/wp-content\/uploads\/2020\/11\/BLOC_RF_IHEDN_WEB.png","width":500,"height":237,"caption":"IHEDN - Institut des Hautes Etudes de D\u00e9fense Nationale"},"image":{"@id":"https:\/\/ihedn.fr\/#\/schema\/logo\/image\/"},"sameAs":["https:\/\/www.facebook.com\/ihedn\/","https:\/\/x.com\/IHEDN","https:\/\/www.instagram.com\/ihedn\/","https:\/\/www.linkedin.com\/school\/ihedn\/","https:\/\/fr.wikipedia.org\/wiki\/Institut_des_hautes_\u00e9tudes_de_D\u00e9fense_nationale"]},{"@type":"Person","@id":"https:\/\/ihedn.fr\/#\/schema\/person\/ed217a37104b27a246b200e65b827cc7","name":"tanguy.morel@ihedn.fr","image":{"@type":"ImageObject","inLanguage":"en-GB","@id":"https:\/\/secure.gravatar.com\/avatar\/36877cd30919fafddf1f9da45f4154aa468a64328452f2ceaff0968772207348?s=96&d=mm&r=g","url":"https:\/\/secure.gravatar.com\/avatar\/36877cd30919fafddf1f9da45f4154aa468a64328452f2ceaff0968772207348?s=96&d=mm&r=g","contentUrl":"https:\/\/secure.gravatar.com\/avatar\/36877cd30919fafddf1f9da45f4154aa468a64328452f2ceaff0968772207348?s=96&d=mm&r=g","caption":"tanguy.morel@ihedn.fr"},"url":"https:\/\/ihedn.fr\/en\/author\/tanguy-morelihedn-fr\/"}]}},"publishpress_future_action":{"enabled":false,"date":"2026-05-09 11:45:34","action":"change-status","newStatus":"draft","terms":[],"taxonomy":"category","extraData":[]},"publishpress_future_workflow_manual_trigger":{"enabledWorkflows":[]},"_links":{"self":[{"href":"https:\/\/ihedn.fr\/en\/wp-json\/wp\/v2\/posts\/45730","targetHints":{"allow":["GET"]}}],"collection":[{"href":"https:\/\/ihedn.fr\/en\/wp-json\/wp\/v2\/posts"}],"about":[{"href":"https:\/\/ihedn.fr\/en\/wp-json\/wp\/v2\/types\/post"}],"author":[{"embeddable":true,"href":"https:\/\/ihedn.fr\/en\/wp-json\/wp\/v2\/users\/10"}],"replies":[{"embeddable":true,"href":"https:\/\/ihedn.fr\/en\/wp-json\/wp\/v2\/comments?post=45730"}],"version-history":[{"count":4,"href":"https:\/\/ihedn.fr\/en\/wp-json\/wp\/v2\/posts\/45730\/revisions"}],"predecessor-version":[{"id":45734,"href":"https:\/\/ihedn.fr\/en\/wp-json\/wp\/v2\/posts\/45730\/revisions\/45734"}],"wp:attachment":[{"href":"https:\/\/ihedn.fr\/en\/wp-json\/wp\/v2\/media?parent=45730"}],"wp:term":[{"taxonomy":"category","embeddable":true,"href":"https:\/\/ihedn.fr\/en\/wp-json\/wp\/v2\/categories?post=45730"},{"taxonomy":"post_tag","embeddable":true,"href":"https:\/\/ihedn.fr\/en\/wp-json\/wp\/v2\/tags?post=45730"}],"curies":[{"name":"wp","href":"https:\/\/api.w.org\/{rel}","templated":true}]}}