{"id":45882,"date":"2023-02-20T10:14:19","date_gmt":"2023-02-20T09:14:19","guid":{"rendered":"https:\/\/ihedn.fr\/?p=45882"},"modified":"2024-02-21T17:30:16","modified_gmt":"2024-02-21T16:30:16","slug":"guerre-en-ukraine-un-an-apres-quelles-lecons","status":"publish","type":"post","link":"https:\/\/ihedn.fr\/en\/uncategorized\/guerre-en-ukraine-un-an-apres-quelles-lecons\/","title":{"rendered":"WAR IN UKRAINE: LESSONS LEARNED ONE YEAR ON"},"content":{"rendered":"<div data-elementor-type=\"wp-post\" data-elementor-id=\"45882\" class=\"elementor elementor-45882\" data-elementor-post-type=\"post\">\n\t\t\t\t<div data-particle_enable=\"false\" data-particle-mobile-disabled=\"false\" class=\"elementor-element elementor-element-4bc7a4b e-flex e-con-boxed e-con e-parent\" data-id=\"4bc7a4b\" data-element_type=\"container\" data-e-type=\"container\">\n\t\t\t\t\t<div class=\"e-con-inner\">\n\t\t\t\t<div class=\"elementor-element elementor-element-5e26c6b elementor-widget elementor-widget-heading\" data-id=\"5e26c6b\" data-element_type=\"widget\" data-e-type=\"widget\" data-widget_type=\"heading.default\">\n\t\t\t\t<div class=\"elementor-widget-container\">\n\t\t\t\t\t<h2 class=\"elementor-heading-title elementor-size-default\">DOCTOR ZIMA: \"SINCE THIS CONFLICT, NATO'S ROLE HAS BEEN OVERVALUED\".<\/h2>\t\t\t\t<\/div>\n\t\t\t\t<\/div>\n\t\t\t\t<div class=\"elementor-element elementor-element-7dfd3ae elementor-widget-divider--view-line elementor-widget elementor-widget-divider\" data-id=\"7dfd3ae\" data-element_type=\"widget\" data-e-type=\"widget\" data-widget_type=\"divider.default\">\n\t\t\t\t<div class=\"elementor-widget-container\">\n\t\t\t\t\t\t\t<div class=\"elementor-divider\">\n\t\t\t<span class=\"elementor-divider-separator\">\n\t\t\t\t\t\t<\/span>\n\t\t<\/div>\n\t\t\t\t\t\t<\/div>\n\t\t\t\t<\/div>\n\t\t\t\t<div class=\"elementor-element elementor-element-7708016 elementor-widget elementor-widget-text-editor\" data-id=\"7708016\" data-element_type=\"widget\" data-e-type=\"widget\" data-widget_type=\"text-editor.default\">\n\t\t\t\t<div class=\"elementor-widget-container\">\n\t\t\t\t\t\t\t\t\t<p style=\"text-align: left;\">Am\u00e9lie Zima is a researcher at the Strategic Research Institute at the \u00c9cole Militaire, specialising in NATO and European security. Her talk analyses NATO \"between re-legitimisation through enlargement and the failure of partnerships\".<\/p><p style=\"text-align: left;\">The North Atlantic Treaty Organisation is at the centre of the conflict, which pits two countries with partnership programmes with it against each other on its eastern flank, on the borders of several of its member states, and one of them, Russia, places it at the heart of a \"false narrative\".<\/p><p style=\"text-align: left;\">Ukraine's membership of NATO is presented as one of the reasons why Russia invaded its neighbour. For Am\u00e9lie Zima, this is \"a completely erroneous idea. NATO never included Ukraine in its pre-accession programme. The Ukrainians thought they would be included in this pre-accession strategy in 2008, at the NATO Bucharest summit, but this was refused. It hasn't been on the table since\". The Russian partnership, launched in 1997 to help \"build a more stable, peaceful and undivided Europe\", has been violated by Russia on three occasions, according to NATO (Georgia in 2008, Ukraine in 2014 and in 2022).<\/p><p style=\"text-align: left;\">Another Russian falsehood concerns NATO's alleged \"promise\" never to enlarge. \"NATO never made that promise\", the researcher points out. There were oral discussions in the 1990s, but oral discussions are not binding on an organisation.<\/p><p style=\"text-align: left;\">As a defensive organisation for its member states, NATO cannot undertake armed intervention in a third country, such as Ukraine, without the approval of the UN Security Council. \"This explains why NATO was unable to respond positively to requests from the Ukrainian government to set up a no-fly zone at the start of the conflict. If NATO were to do so without a mandate from the UN Security Council, it would become a party to the conflict.\"<\/p><p style=\"text-align: left;\">\"Since this conflict, NATO's role has been overvalued\", especially in comparison with that of the European Union, which is generous with its funding. But the Alliance's legitimacy has been strengthened by the membership applications from two neutral countries, Sweden and Finland.<\/p>\t\t\t\t\t\t\t\t<\/div>\n\t\t\t\t<\/div>\n\t\t\t\t<div class=\"elementor-element elementor-element-07db2f3 elementor-widget elementor-widget-heading\" data-id=\"07db2f3\" data-element_type=\"widget\" data-e-type=\"widget\" data-widget_type=\"heading.default\">\n\t\t\t\t<div class=\"elementor-widget-container\">\n\t\t\t\t\t<h2 class=\"elementor-heading-title elementor-size-default\">COLONEL BOURDELOUX: \"THE TWO SPACE COALITIONS ARE NEUTRALISING EACH OTHER\".<\/h2>\t\t\t\t<\/div>\n\t\t\t\t<\/div>\n\t\t\t\t<div class=\"elementor-element elementor-element-3bfd8ba elementor-widget-divider--view-line elementor-widget elementor-widget-divider\" data-id=\"3bfd8ba\" data-element_type=\"widget\" data-e-type=\"widget\" data-widget_type=\"divider.default\">\n\t\t\t\t<div class=\"elementor-widget-container\">\n\t\t\t\t\t\t\t<div class=\"elementor-divider\">\n\t\t\t<span class=\"elementor-divider-separator\">\n\t\t\t\t\t\t<\/span>\n\t\t<\/div>\n\t\t\t\t\t\t<\/div>\n\t\t\t\t<\/div>\n\t\t\t\t<div class=\"elementor-element elementor-element-3742cae elementor-widget elementor-widget-text-editor\" data-id=\"3742cae\" data-element_type=\"widget\" data-e-type=\"widget\" data-widget_type=\"text-editor.default\">\n\t\t\t\t<div class=\"elementor-widget-container\">\n\t\t\t\t\t\t\t\t\t<p style=\"text-align: left;\">Air and space colonel Guillaume Bourdeloux, head of military space operations at Space Command, wonders to what extent Ukraine could be the first theatre in space. At least that's what some people are saying.\u00a0<em>think tanks\u00a0<\/em>US, pitting a Western coalition against Russia. The colonel notes a fundamental change in this conflict: our dependence on space, \"an environment that remains largely unregulated\" in all sectors, both civilian and military:<\/p><p style=\"text-align: left;\">\"We are now dependent on space, and this dependence will continue to grow. We were a little dependent before, but we are also dependent on space for military purposes, and we will be increasingly so. We are dependent on space for reasons of mobility, in relation to GPS for example, precision, synchronisation of effects and coordination, because we need to be able to communicate, and a lot of our communications go through space, for anticipation and intelligence purposes, because we need to be able to observe and understand what is happening in any given theatre. This goes hand in hand with the digitisation of weapons systems and the accentuation of connectivity on all fronts, and relies heavily on space.\"<\/p><p style=\"text-align: left;\">For Colonel Bourdeloux, \"there are two complete space coalitions in this war, in almost head-on opposition. In a way, they are neutralising each other. Given that all the belligerents are modern nations, and their dependence on space, no one has an interest in a major conflict that would have catastrophic consequences in space\". Paraphrasing World War II US General Montgomery, who was talking about the air, he says: \"If we lose the war in space, we will lose it, and we will lose it fast.\"<\/p>\t\t\t\t\t\t\t\t<\/div>\n\t\t\t\t<\/div>\n\t\t\t\t<div class=\"elementor-element elementor-element-fdea5d4 elementor-widget elementor-widget-heading\" data-id=\"fdea5d4\" data-element_type=\"widget\" data-e-type=\"widget\" data-widget_type=\"heading.default\">\n\t\t\t\t<div class=\"elementor-widget-container\">\n\t\t\t\t\t<h2 class=\"elementor-heading-title elementor-size-default\">DOCTOR LIMONIER: \"MANIPULATION OF INTERNET ARCHITECTURE FOR STRATEGIC ENDS<\/h2>\t\t\t\t<\/div>\n\t\t\t\t<\/div>\n\t\t\t\t<div class=\"elementor-element elementor-element-68e3cd3 elementor-widget-divider--view-line elementor-widget elementor-widget-divider\" data-id=\"68e3cd3\" data-element_type=\"widget\" data-e-type=\"widget\" data-widget_type=\"divider.default\">\n\t\t\t\t<div class=\"elementor-widget-container\">\n\t\t\t\t\t\t\t<div class=\"elementor-divider\">\n\t\t\t<span class=\"elementor-divider-separator\">\n\t\t\t\t\t\t<\/span>\n\t\t<\/div>\n\t\t\t\t\t\t<\/div>\n\t\t\t\t<\/div>\n\t\t\t\t<div class=\"elementor-element elementor-element-d312af2 elementor-widget elementor-widget-text-editor\" data-id=\"d312af2\" data-element_type=\"widget\" data-e-type=\"widget\" data-widget_type=\"text-editor.default\">\n\t\t\t\t<div class=\"elementor-widget-container\">\n\t\t\t\t\t\t\t\t\t<p style=\"text-align: left;\">Dr K\u00e9vin Limonier, lecturer in Slavic studies and geopolitics at Paris VIII, specialist in Russian-speaking cyberspace and deputy director of\u00a0<a href=\"https:\/\/geode.science\/\">Geode<\/a>explains \"how Russia is manipulating Internet routes\" in order to extend its territorial control.<\/p><p style=\"text-align: left;\">It's not just a question of classic cyber attacks, such as the destruction of infrastructure, but also wider cyber manoeuvres. Since 2014, with the annexation of Crimea, \"Russia is the first country in the world that has thought of manipulating the architecture of the Internet for strategic and geopolitical purposes in a context of control and territorial occupation outside its borders\", by disconnecting Crimea's autonomous systems from those of Ukraine, only to reconnect them with Russia.<\/p><p style=\"text-align: left;\">It is therefore pursuing this strategy in Ukraine. Since February 2022 and the censorship of channels not aligned with the position of the Russian regime, these appropriations of the networks are beginning to have a concrete effect on the population: \"If you are today in a territory occupied by the Russian army, you are in fact placed on the other side of the large digital border posts that the Russians are building to filter absolutely everything that enters and leaves their networks\". But this digital battle is also a priority for Ukraine: when Kherson was liberated, engineers immediately came to re-route the Internet network to Kiev.<\/p>\t\t\t\t\t\t\t\t<\/div>\n\t\t\t\t<\/div>\n\t\t\t\t<div class=\"elementor-element elementor-element-9759940 elementor-widget elementor-widget-heading\" data-id=\"9759940\" data-element_type=\"widget\" data-e-type=\"widget\" data-widget_type=\"heading.default\">\n\t\t\t\t<div class=\"elementor-widget-container\">\n\t\t\t\t\t<h2 class=\"elementor-heading-title elementor-size-default\">GENERAL GIVRE: \"IT'S AN ALL-OUT WAR, NOT A TOTAL WAR\".<\/h2>\t\t\t\t<\/div>\n\t\t\t\t<\/div>\n\t\t\t\t<div class=\"elementor-element elementor-element-c7f53ec elementor-widget-divider--view-line elementor-widget elementor-widget-divider\" data-id=\"c7f53ec\" data-element_type=\"widget\" data-e-type=\"widget\" data-widget_type=\"divider.default\">\n\t\t\t\t<div class=\"elementor-widget-container\">\n\t\t\t\t\t\t\t<div class=\"elementor-divider\">\n\t\t\t<span class=\"elementor-divider-separator\">\n\t\t\t\t\t\t<\/span>\n\t\t<\/div>\n\t\t\t\t\t\t<\/div>\n\t\t\t\t<\/div>\n\t\t\t\t<div class=\"elementor-element elementor-element-62af60c elementor-widget elementor-widget-text-editor\" data-id=\"62af60c\" data-element_type=\"widget\" data-e-type=\"widget\" data-widget_type=\"text-editor.default\">\n\t\t\t\t<div class=\"elementor-widget-container\">\n\t\t\t\t\t\t\t\t\t<p style=\"text-align: left;\">Major General Pierre-Joseph Givre, Director of the Centre de doctrine et d'enseignement du commandement, analyses the breaks and continuities on the battlefield. In his view, this war seems to be a continuation of what has been observed since the beginning of the 21st century, with an amplification and an accumulation of new technologies, new capabilities and new modes of action.<\/p><p style=\"text-align: left;\">In particular, he sees it as \"an integral war, not a total war\": \"What is an integral war? It's the war of the M2MC, multi-milieu and multi-field, before the war actually breaks out, and when it breaks out in the sense of physical confrontation. The war in Ukraine began in Africa, with Wagner, with disinformation, and France was targeted in particular. It began with cyber attacks at a strategic level against European countries, against France, and with disinformation campaigns.\"<\/p><p style=\"text-align: left;\">General Givre also highlights the innovative capacity of the Ukrainians, who \"have understood the advantages of using civilian technologies and applications for military purposes\". For example, \"the Shazam of the drone\", in reference to the consumer application that can recognise any music being played: \"They put the application in front of the drone because Shahed drones make a lot of noise, it gives them the altitude, speed and distance, the information immediately passes to the effectors in the sector, and one of them will hit it. It's extremely intelligent.\"<\/p>\t\t\t\t\t\t\t\t<\/div>\n\t\t\t\t<\/div>\n\t\t\t\t<div class=\"elementor-element elementor-element-abb31c0 elementor-widget elementor-widget-heading\" data-id=\"abb31c0\" data-element_type=\"widget\" data-e-type=\"widget\" data-widget_type=\"heading.default\">\n\t\t\t\t<div class=\"elementor-widget-container\">\n\t\t\t\t\t<h2 class=\"elementor-heading-title elementor-size-default\">GENERAL BRETON: \"THE BATTLE FOR INFORMATION IS ABSOLUTELY DECISIVE\".<\/h2>\t\t\t\t<\/div>\n\t\t\t\t<\/div>\n\t\t\t\t<div class=\"elementor-element elementor-element-3993945 elementor-widget-divider--view-line elementor-widget elementor-widget-divider\" data-id=\"3993945\" data-element_type=\"widget\" data-e-type=\"widget\" data-widget_type=\"divider.default\">\n\t\t\t\t<div class=\"elementor-widget-container\">\n\t\t\t\t\t\t\t<div class=\"elementor-divider\">\n\t\t\t<span class=\"elementor-divider-separator\">\n\t\t\t\t\t\t<\/span>\n\t\t<\/div>\n\t\t\t\t\t\t<\/div>\n\t\t\t\t<\/div>\n\t\t\t\t<div class=\"elementor-element elementor-element-2a496d8 elementor-widget elementor-widget-text-editor\" data-id=\"2a496d8\" data-element_type=\"widget\" data-e-type=\"widget\" data-widget_type=\"text-editor.default\">\n\t\t\t\t<div class=\"elementor-widget-container\">\n\t\t\t\t\t\t\t\t\t<p style=\"text-align: left;\">Air Force Major General Vincent Breton, Director of the Joint Centre for Concepts, Doctrines and Experiments, provides an overall strategic and operational analysis. Highlighting the return of high-intensity warfare in Europe, in seven fields and areas of conflict (land, sea, air, space, cyber, information and electromagnetic), he also notes the return of nuclear rhetoric.<\/p><p style=\"text-align: left;\">He places particular emphasis on the field of information: \"The information battle is absolutely decisive in this war, and Ukraine is very impressive in this respect and is teaching us a lesson. The Ukrainian communication strategy is absolutely remarkable and targets three very specific audiences.<\/p><p style=\"text-align: left;\">Firstly, it targets the Ukrainian people and their soldiers to galvanise them and strengthen what are known as moral forces. Secondly, it targets Western public opinion to reinforce empathy and ensure massive support from the West, which is decisive. Finally, it targets the Russians, in particular to demobilise their soldiers. The Ukrainians are very good at making fun of Russian soldiers on social networks, to make them look like poor soldiers and so make them lose confidence.<\/p><p style=\"text-align: left;\">As far as Russia's communications strategy is concerned, it is such a failure in the West that it is so outrageous, but that is probably not the point. On the other hand, Russia's strategy of influence is highly effective vis-\u00e0-vis the rest of the world. I would remind you that the leaders of more than 50 % of humanity support or refuse to condemn Russia. It is clear that the world is not allied under the West and does not think like us, and we must be fully aware of this.\"<\/p>\t\t\t\t\t\t\t\t<\/div>\n\t\t\t\t<\/div>\n\t\t\t\t\t<\/div>\n\t\t\t\t<\/div>\n\t\t\t\t<\/div>","protected":false},"excerpt":{"rendered":"<p>\"War in Ukraine: one year on, what lessons can be learned? This was the title of the conference organised on 16 February at the \u00c9cole Militaire by several organisations, including the IHEDN and the IRSEM. Opened by Lieutenant General Beno\u00eet Durieux, Director of the IHEDN and Higher Military Education, and closed by Army General Thierry Burkhard, Chief of Staff of the Armed Forces, it brought together specialists from a wide range of civilian and military disciplines, researchers, doctors and officers from the three services, who shared their analyses of the lessons to be learned from the conflict.<\/p>","protected":false},"author":10,"featured_media":35117,"comment_status":"closed","ping_status":"closed","sticky":false,"template":"","format":"standard","meta":{"footnotes":""},"categories":[1],"tags":[218],"class_list":["post-45882","post","type-post","status-publish","format-standard","has-post-thumbnail","hentry","category-uncategorized","tag-guerreukraine"],"yoast_head":"<!-- This site is optimized with the Yoast SEO plugin v27.5 - https:\/\/yoast.com\/product\/yoast-seo-wordpress\/ -->\n<title>GUERRE EN UKRAINE : UN AN APR\u00c8S, QUELLES LE\u00c7ONS ? - L&#039;IHEDN : Institut des hautes \u00e9tudes de d\u00e9fense nationale<\/title>\n<meta name=\"robots\" content=\"index, follow, max-snippet:-1, max-image-preview:large, max-video-preview:-1\" \/>\n<link rel=\"canonical\" href=\"https:\/\/ihedn.fr\/en\/uncategorized\/guerre-en-ukraine-un-an-apres-quelles-lecons\/\" \/>\n<meta property=\"og:locale\" content=\"en_GB\" \/>\n<meta property=\"og:type\" content=\"article\" \/>\n<meta property=\"og:title\" content=\"GUERRE EN UKRAINE : UN AN APR\u00c8S, QUELLES LE\u00c7ONS ? - L&#039;IHEDN : Institut des hautes \u00e9tudes de d\u00e9fense nationale\" \/>\n<meta property=\"og:description\" content=\"\u201cGuerre en Ukraine : un an apr\u00e8s, quelles le\u00e7ons ?\u201d Tel \u00e9tait l\u2019intitul\u00e9 du colloque organis\u00e9 le 16 f\u00e9vrier \u00e0 l\u2019\u00c9cole militaire, par plusieurs organismes, dont l\u2019IHEDN et l\u2019IRSEM. Ouvert par le g\u00e9n\u00e9ral de corps d\u2019arm\u00e9e Beno\u00eet Durieux, directeur de l\u2019IHEDN et de l\u2019Enseignement militaire sup\u00e9rieur, et cl\u00f4tur\u00e9 par le g\u00e9n\u00e9ral d\u2019arm\u00e9e Thierry Burkhard, Chef d\u2019\u00e9tat-major des arm\u00e9es, il a rassembl\u00e9 des sp\u00e9cialistes, issus de nombreux champs disciplinaires, civils et militaires, chercheurs, docteurs, officiers des trois arm\u00e9es, qui ont partag\u00e9 leurs analyses sur les enseignements \u00e0 tirer du conflit.\" \/>\n<meta property=\"og:url\" content=\"https:\/\/ihedn.fr\/en\/uncategorized\/guerre-en-ukraine-un-an-apres-quelles-lecons\/\" \/>\n<meta property=\"og:site_name\" content=\"L&#039;IHEDN : Institut des hautes \u00e9tudes de d\u00e9fense nationale\" \/>\n<meta property=\"article:publisher\" content=\"https:\/\/www.facebook.com\/ihedn\/\" \/>\n<meta property=\"article:published_time\" content=\"2023-02-20T09:14:19+00:00\" \/>\n<meta property=\"article:modified_time\" content=\"2024-02-21T16:30:16+00:00\" \/>\n<meta property=\"og:image\" content=\"https:\/\/ihedn.fr\/wp-content\/uploads\/2023\/02\/Durieux-Ukraine.jpg\" \/>\n\t<meta property=\"og:image:width\" content=\"640\" \/>\n\t<meta property=\"og:image:height\" content=\"320\" \/>\n\t<meta property=\"og:image:type\" content=\"image\/jpeg\" \/>\n<meta name=\"author\" content=\"tanguy.morel@ihedn.fr\" \/>\n<meta name=\"twitter:card\" content=\"summary_large_image\" \/>\n<meta name=\"twitter:creator\" content=\"@IHEDN\" \/>\n<meta name=\"twitter:site\" content=\"@IHEDN\" \/>\n<meta name=\"twitter:label1\" content=\"Written by\" \/>\n\t<meta name=\"twitter:data1\" content=\"tanguy.morel@ihedn.fr\" \/>\n\t<meta name=\"twitter:label2\" content=\"Estimated reading time\" \/>\n\t<meta name=\"twitter:data2\" content=\"8 minutes\" \/>\n<script type=\"application\/ld+json\" class=\"yoast-schema-graph\">{\"@context\":\"https:\\\/\\\/schema.org\",\"@graph\":[{\"@type\":\"Article\",\"@id\":\"https:\\\/\\\/ihedn.fr\\\/uncategorized\\\/guerre-en-ukraine-un-an-apres-quelles-lecons\\\/#article\",\"isPartOf\":{\"@id\":\"https:\\\/\\\/ihedn.fr\\\/uncategorized\\\/guerre-en-ukraine-un-an-apres-quelles-lecons\\\/\"},\"author\":{\"name\":\"tanguy.morel@ihedn.fr\",\"@id\":\"https:\\\/\\\/ihedn.fr\\\/#\\\/schema\\\/person\\\/ed217a37104b27a246b200e65b827cc7\"},\"headline\":\"GUERRE EN UKRAINE : UN AN APR\u00c8S, QUELLES LE\u00c7ONS ?\",\"datePublished\":\"2023-02-20T09:14:19+00:00\",\"dateModified\":\"2024-02-21T16:30:16+00:00\",\"mainEntityOfPage\":{\"@id\":\"https:\\\/\\\/ihedn.fr\\\/uncategorized\\\/guerre-en-ukraine-un-an-apres-quelles-lecons\\\/\"},\"wordCount\":1668,\"publisher\":{\"@id\":\"https:\\\/\\\/ihedn.fr\\\/#organization\"},\"image\":{\"@id\":\"https:\\\/\\\/ihedn.fr\\\/uncategorized\\\/guerre-en-ukraine-un-an-apres-quelles-lecons\\\/#primaryimage\"},\"thumbnailUrl\":\"https:\\\/\\\/ihedn.fr\\\/wp-content\\\/uploads\\\/2023\\\/02\\\/Durieux-Ukraine.jpg\",\"keywords\":[\"guerreUkraine\"],\"articleSection\":[\"Uncategorized\"],\"inLanguage\":\"en-GB\"},{\"@type\":\"WebPage\",\"@id\":\"https:\\\/\\\/ihedn.fr\\\/uncategorized\\\/guerre-en-ukraine-un-an-apres-quelles-lecons\\\/\",\"url\":\"https:\\\/\\\/ihedn.fr\\\/uncategorized\\\/guerre-en-ukraine-un-an-apres-quelles-lecons\\\/\",\"name\":\"GUERRE EN UKRAINE : UN AN APR\u00c8S, QUELLES LE\u00c7ONS ? - L&#039;IHEDN : Institut des hautes \u00e9tudes de d\u00e9fense nationale\",\"isPartOf\":{\"@id\":\"https:\\\/\\\/ihedn.fr\\\/#website\"},\"primaryImageOfPage\":{\"@id\":\"https:\\\/\\\/ihedn.fr\\\/uncategorized\\\/guerre-en-ukraine-un-an-apres-quelles-lecons\\\/#primaryimage\"},\"image\":{\"@id\":\"https:\\\/\\\/ihedn.fr\\\/uncategorized\\\/guerre-en-ukraine-un-an-apres-quelles-lecons\\\/#primaryimage\"},\"thumbnailUrl\":\"https:\\\/\\\/ihedn.fr\\\/wp-content\\\/uploads\\\/2023\\\/02\\\/Durieux-Ukraine.jpg\",\"datePublished\":\"2023-02-20T09:14:19+00:00\",\"dateModified\":\"2024-02-21T16:30:16+00:00\",\"breadcrumb\":{\"@id\":\"https:\\\/\\\/ihedn.fr\\\/uncategorized\\\/guerre-en-ukraine-un-an-apres-quelles-lecons\\\/#breadcrumb\"},\"inLanguage\":\"en-GB\",\"potentialAction\":[{\"@type\":\"ReadAction\",\"target\":[\"https:\\\/\\\/ihedn.fr\\\/uncategorized\\\/guerre-en-ukraine-un-an-apres-quelles-lecons\\\/\"]}]},{\"@type\":\"ImageObject\",\"inLanguage\":\"en-GB\",\"@id\":\"https:\\\/\\\/ihedn.fr\\\/uncategorized\\\/guerre-en-ukraine-un-an-apres-quelles-lecons\\\/#primaryimage\",\"url\":\"https:\\\/\\\/ihedn.fr\\\/wp-content\\\/uploads\\\/2023\\\/02\\\/Durieux-Ukraine.jpg\",\"contentUrl\":\"https:\\\/\\\/ihedn.fr\\\/wp-content\\\/uploads\\\/2023\\\/02\\\/Durieux-Ukraine.jpg\",\"width\":640,\"height\":320,\"caption\":\"IHEDN | Le GCA Durieux : \u201cIl faut r\u00e9fl\u00e9chir \u00e0 la guerre en Ukraine, pour \u00e9viter d\u2019\u00eatre surpris par une nouvelle bascule du monde\u201d\"},{\"@type\":\"BreadcrumbList\",\"@id\":\"https:\\\/\\\/ihedn.fr\\\/uncategorized\\\/guerre-en-ukraine-un-an-apres-quelles-lecons\\\/#breadcrumb\",\"itemListElement\":[{\"@type\":\"ListItem\",\"position\":1,\"name\":\"Accueil\",\"item\":\"https:\\\/\\\/ihedn.fr\\\/\"},{\"@type\":\"ListItem\",\"position\":2,\"name\":\"GUERRE EN UKRAINE : UN AN APR\u00c8S, QUELLES LE\u00c7ONS ?\"}]},{\"@type\":\"WebSite\",\"@id\":\"https:\\\/\\\/ihedn.fr\\\/#website\",\"url\":\"https:\\\/\\\/ihedn.fr\\\/\",\"name\":\"IHEDN : Institut des hautes \u00e9tudes de d\u00e9fense nationale |\",\"description\":\"Site officiel de l&#039;IHEDN plac\u00e9 sous la tutelle du Premier ministre.\",\"publisher\":{\"@id\":\"https:\\\/\\\/ihedn.fr\\\/#organization\"},\"potentialAction\":[{\"@type\":\"SearchAction\",\"target\":{\"@type\":\"EntryPoint\",\"urlTemplate\":\"https:\\\/\\\/ihedn.fr\\\/?s={search_term_string}\"},\"query-input\":{\"@type\":\"PropertyValueSpecification\",\"valueRequired\":true,\"valueName\":\"search_term_string\"}}],\"inLanguage\":\"en-GB\"},{\"@type\":\"Organization\",\"@id\":\"https:\\\/\\\/ihedn.fr\\\/#organization\",\"name\":\"IHEDN - Institut des Hautes Etudes de D\u00e9fense Nationale\",\"url\":\"https:\\\/\\\/ihedn.fr\\\/\",\"logo\":{\"@type\":\"ImageObject\",\"inLanguage\":\"en-GB\",\"@id\":\"https:\\\/\\\/ihedn.fr\\\/#\\\/schema\\\/logo\\\/image\\\/\",\"url\":\"https:\\\/\\\/ihedn.fr\\\/wp-content\\\/uploads\\\/2020\\\/11\\\/BLOC_RF_IHEDN_WEB.png\",\"contentUrl\":\"https:\\\/\\\/ihedn.fr\\\/wp-content\\\/uploads\\\/2020\\\/11\\\/BLOC_RF_IHEDN_WEB.png\",\"width\":500,\"height\":237,\"caption\":\"IHEDN - Institut des Hautes Etudes de D\u00e9fense Nationale\"},\"image\":{\"@id\":\"https:\\\/\\\/ihedn.fr\\\/#\\\/schema\\\/logo\\\/image\\\/\"},\"sameAs\":[\"https:\\\/\\\/www.facebook.com\\\/ihedn\\\/\",\"https:\\\/\\\/x.com\\\/IHEDN\",\"https:\\\/\\\/www.instagram.com\\\/ihedn\\\/\",\"https:\\\/\\\/www.linkedin.com\\\/school\\\/ihedn\\\/\",\"https:\\\/\\\/fr.wikipedia.org\\\/wiki\\\/Institut_des_hautes_\u00e9tudes_de_D\u00e9fense_nationale\"]},{\"@type\":\"Person\",\"@id\":\"https:\\\/\\\/ihedn.fr\\\/#\\\/schema\\\/person\\\/ed217a37104b27a246b200e65b827cc7\",\"name\":\"tanguy.morel@ihedn.fr\",\"image\":{\"@type\":\"ImageObject\",\"inLanguage\":\"en-GB\",\"@id\":\"https:\\\/\\\/secure.gravatar.com\\\/avatar\\\/36877cd30919fafddf1f9da45f4154aa468a64328452f2ceaff0968772207348?s=96&d=mm&r=g\",\"url\":\"https:\\\/\\\/secure.gravatar.com\\\/avatar\\\/36877cd30919fafddf1f9da45f4154aa468a64328452f2ceaff0968772207348?s=96&d=mm&r=g\",\"contentUrl\":\"https:\\\/\\\/secure.gravatar.com\\\/avatar\\\/36877cd30919fafddf1f9da45f4154aa468a64328452f2ceaff0968772207348?s=96&d=mm&r=g\",\"caption\":\"tanguy.morel@ihedn.fr\"},\"url\":\"https:\\\/\\\/ihedn.fr\\\/en\\\/author\\\/tanguy-morelihedn-fr\\\/\"}]}<\/script>\n<!-- \/ Yoast SEO plugin. -->","yoast_head_json":{"title":"WAR IN UKRAINE: LESSONS LEARNED ONE YEAR ON - IHEDN: Institute for Advanced Studies in National Defence","robots":{"index":"index","follow":"follow","max-snippet":"max-snippet:-1","max-image-preview":"max-image-preview:large","max-video-preview":"max-video-preview:-1"},"canonical":"https:\/\/ihedn.fr\/en\/uncategorized\/guerre-en-ukraine-un-an-apres-quelles-lecons\/","og_locale":"en_GB","og_type":"article","og_title":"GUERRE EN UKRAINE : UN AN APR\u00c8S, QUELLES LE\u00c7ONS ? - L&#039;IHEDN : Institut des hautes \u00e9tudes de d\u00e9fense nationale","og_description":"\u201cGuerre en Ukraine : un an apr\u00e8s, quelles le\u00e7ons ?\u201d Tel \u00e9tait l\u2019intitul\u00e9 du colloque organis\u00e9 le 16 f\u00e9vrier \u00e0 l\u2019\u00c9cole militaire, par plusieurs organismes, dont l\u2019IHEDN et l\u2019IRSEM. Ouvert par le g\u00e9n\u00e9ral de corps d\u2019arm\u00e9e Beno\u00eet Durieux, directeur de l\u2019IHEDN et de l\u2019Enseignement militaire sup\u00e9rieur, et cl\u00f4tur\u00e9 par le g\u00e9n\u00e9ral d\u2019arm\u00e9e Thierry Burkhard, Chef d\u2019\u00e9tat-major des arm\u00e9es, il a rassembl\u00e9 des sp\u00e9cialistes, issus de nombreux champs disciplinaires, civils et militaires, chercheurs, docteurs, officiers des trois arm\u00e9es, qui ont partag\u00e9 leurs analyses sur les enseignements \u00e0 tirer du conflit.","og_url":"https:\/\/ihedn.fr\/en\/uncategorized\/guerre-en-ukraine-un-an-apres-quelles-lecons\/","og_site_name":"L&#039;IHEDN : Institut des hautes \u00e9tudes de d\u00e9fense nationale","article_publisher":"https:\/\/www.facebook.com\/ihedn\/","article_published_time":"2023-02-20T09:14:19+00:00","article_modified_time":"2024-02-21T16:30:16+00:00","og_image":[{"width":640,"height":320,"url":"https:\/\/ihedn.fr\/wp-content\/uploads\/2023\/02\/Durieux-Ukraine.jpg","type":"image\/jpeg"}],"author":"tanguy.morel@ihedn.fr","twitter_card":"summary_large_image","twitter_creator":"@IHEDN","twitter_site":"@IHEDN","twitter_misc":{"Written by":"tanguy.morel@ihedn.fr","Estimated reading time":"8 minutes"},"schema":{"@context":"https:\/\/schema.org","@graph":[{"@type":"Article","@id":"https:\/\/ihedn.fr\/uncategorized\/guerre-en-ukraine-un-an-apres-quelles-lecons\/#article","isPartOf":{"@id":"https:\/\/ihedn.fr\/uncategorized\/guerre-en-ukraine-un-an-apres-quelles-lecons\/"},"author":{"name":"tanguy.morel@ihedn.fr","@id":"https:\/\/ihedn.fr\/#\/schema\/person\/ed217a37104b27a246b200e65b827cc7"},"headline":"GUERRE EN UKRAINE : UN AN APR\u00c8S, QUELLES LE\u00c7ONS ?","datePublished":"2023-02-20T09:14:19+00:00","dateModified":"2024-02-21T16:30:16+00:00","mainEntityOfPage":{"@id":"https:\/\/ihedn.fr\/uncategorized\/guerre-en-ukraine-un-an-apres-quelles-lecons\/"},"wordCount":1668,"publisher":{"@id":"https:\/\/ihedn.fr\/#organization"},"image":{"@id":"https:\/\/ihedn.fr\/uncategorized\/guerre-en-ukraine-un-an-apres-quelles-lecons\/#primaryimage"},"thumbnailUrl":"https:\/\/ihedn.fr\/wp-content\/uploads\/2023\/02\/Durieux-Ukraine.jpg","keywords":["guerreUkraine"],"articleSection":["Uncategorized"],"inLanguage":"en-GB"},{"@type":"WebPage","@id":"https:\/\/ihedn.fr\/uncategorized\/guerre-en-ukraine-un-an-apres-quelles-lecons\/","url":"https:\/\/ihedn.fr\/uncategorized\/guerre-en-ukraine-un-an-apres-quelles-lecons\/","name":"WAR IN UKRAINE: LESSONS LEARNED ONE YEAR ON - IHEDN: Institute for Advanced Studies in National Defence","isPartOf":{"@id":"https:\/\/ihedn.fr\/#website"},"primaryImageOfPage":{"@id":"https:\/\/ihedn.fr\/uncategorized\/guerre-en-ukraine-un-an-apres-quelles-lecons\/#primaryimage"},"image":{"@id":"https:\/\/ihedn.fr\/uncategorized\/guerre-en-ukraine-un-an-apres-quelles-lecons\/#primaryimage"},"thumbnailUrl":"https:\/\/ihedn.fr\/wp-content\/uploads\/2023\/02\/Durieux-Ukraine.jpg","datePublished":"2023-02-20T09:14:19+00:00","dateModified":"2024-02-21T16:30:16+00:00","breadcrumb":{"@id":"https:\/\/ihedn.fr\/uncategorized\/guerre-en-ukraine-un-an-apres-quelles-lecons\/#breadcrumb"},"inLanguage":"en-GB","potentialAction":[{"@type":"ReadAction","target":["https:\/\/ihedn.fr\/uncategorized\/guerre-en-ukraine-un-an-apres-quelles-lecons\/"]}]},{"@type":"ImageObject","inLanguage":"en-GB","@id":"https:\/\/ihedn.fr\/uncategorized\/guerre-en-ukraine-un-an-apres-quelles-lecons\/#primaryimage","url":"https:\/\/ihedn.fr\/wp-content\/uploads\/2023\/02\/Durieux-Ukraine.jpg","contentUrl":"https:\/\/ihedn.fr\/wp-content\/uploads\/2023\/02\/Durieux-Ukraine.jpg","width":640,"height":320,"caption":"IHEDN | Le GCA Durieux : \u201cIl faut r\u00e9fl\u00e9chir \u00e0 la guerre en Ukraine, pour \u00e9viter d\u2019\u00eatre surpris par une nouvelle bascule du monde\u201d"},{"@type":"BreadcrumbList","@id":"https:\/\/ihedn.fr\/uncategorized\/guerre-en-ukraine-un-an-apres-quelles-lecons\/#breadcrumb","itemListElement":[{"@type":"ListItem","position":1,"name":"Accueil","item":"https:\/\/ihedn.fr\/"},{"@type":"ListItem","position":2,"name":"GUERRE EN UKRAINE : UN AN APR\u00c8S, QUELLES LE\u00c7ONS ?"}]},{"@type":"WebSite","@id":"https:\/\/ihedn.fr\/#website","url":"https:\/\/ihedn.fr\/","name":"IHEDN: Institut des hautes \u00e9tudes de d\u00e9fense nationale (Institute for Higher National Defence Studies)","description":"Official website of the IHEDN under the supervision of the Prime Minister.","publisher":{"@id":"https:\/\/ihedn.fr\/#organization"},"potentialAction":[{"@type":"SearchAction","target":{"@type":"EntryPoint","urlTemplate":"https:\/\/ihedn.fr\/?s={search_term_string}"},"query-input":{"@type":"PropertyValueSpecification","valueRequired":true,"valueName":"search_term_string"}}],"inLanguage":"en-GB"},{"@type":"Organization","@id":"https:\/\/ihedn.fr\/#organization","name":"IHEDN - Institute for Higher National Defence Studies","url":"https:\/\/ihedn.fr\/","logo":{"@type":"ImageObject","inLanguage":"en-GB","@id":"https:\/\/ihedn.fr\/#\/schema\/logo\/image\/","url":"https:\/\/ihedn.fr\/wp-content\/uploads\/2020\/11\/BLOC_RF_IHEDN_WEB.png","contentUrl":"https:\/\/ihedn.fr\/wp-content\/uploads\/2020\/11\/BLOC_RF_IHEDN_WEB.png","width":500,"height":237,"caption":"IHEDN - Institut des Hautes Etudes de D\u00e9fense Nationale"},"image":{"@id":"https:\/\/ihedn.fr\/#\/schema\/logo\/image\/"},"sameAs":["https:\/\/www.facebook.com\/ihedn\/","https:\/\/x.com\/IHEDN","https:\/\/www.instagram.com\/ihedn\/","https:\/\/www.linkedin.com\/school\/ihedn\/","https:\/\/fr.wikipedia.org\/wiki\/Institut_des_hautes_\u00e9tudes_de_D\u00e9fense_nationale"]},{"@type":"Person","@id":"https:\/\/ihedn.fr\/#\/schema\/person\/ed217a37104b27a246b200e65b827cc7","name":"tanguy.morel@ihedn.fr","image":{"@type":"ImageObject","inLanguage":"en-GB","@id":"https:\/\/secure.gravatar.com\/avatar\/36877cd30919fafddf1f9da45f4154aa468a64328452f2ceaff0968772207348?s=96&d=mm&r=g","url":"https:\/\/secure.gravatar.com\/avatar\/36877cd30919fafddf1f9da45f4154aa468a64328452f2ceaff0968772207348?s=96&d=mm&r=g","contentUrl":"https:\/\/secure.gravatar.com\/avatar\/36877cd30919fafddf1f9da45f4154aa468a64328452f2ceaff0968772207348?s=96&d=mm&r=g","caption":"tanguy.morel@ihedn.fr"},"url":"https:\/\/ihedn.fr\/en\/author\/tanguy-morelihedn-fr\/"}]}},"publishpress_future_action":{"enabled":false,"date":"2026-05-08 10:13:33","action":"change-status","newStatus":"draft","terms":[],"taxonomy":"category","extraData":[]},"publishpress_future_workflow_manual_trigger":{"enabledWorkflows":[]},"_links":{"self":[{"href":"https:\/\/ihedn.fr\/en\/wp-json\/wp\/v2\/posts\/45882","targetHints":{"allow":["GET"]}}],"collection":[{"href":"https:\/\/ihedn.fr\/en\/wp-json\/wp\/v2\/posts"}],"about":[{"href":"https:\/\/ihedn.fr\/en\/wp-json\/wp\/v2\/types\/post"}],"author":[{"embeddable":true,"href":"https:\/\/ihedn.fr\/en\/wp-json\/wp\/v2\/users\/10"}],"replies":[{"embeddable":true,"href":"https:\/\/ihedn.fr\/en\/wp-json\/wp\/v2\/comments?post=45882"}],"version-history":[{"count":10,"href":"https:\/\/ihedn.fr\/en\/wp-json\/wp\/v2\/posts\/45882\/revisions"}],"predecessor-version":[{"id":46064,"href":"https:\/\/ihedn.fr\/en\/wp-json\/wp\/v2\/posts\/45882\/revisions\/46064"}],"wp:featuredmedia":[{"embeddable":true,"href":"https:\/\/ihedn.fr\/en\/wp-json\/wp\/v2\/media\/35117"}],"wp:attachment":[{"href":"https:\/\/ihedn.fr\/en\/wp-json\/wp\/v2\/media?parent=45882"}],"wp:term":[{"taxonomy":"category","embeddable":true,"href":"https:\/\/ihedn.fr\/en\/wp-json\/wp\/v2\/categories?post=45882"},{"taxonomy":"post_tag","embeddable":true,"href":"https:\/\/ihedn.fr\/en\/wp-json\/wp\/v2\/tags?post=45882"}],"curies":[{"name":"wp","href":"https:\/\/api.w.org\/{rel}","templated":true}]}}