{"id":45907,"date":"2024-02-13T12:01:10","date_gmt":"2024-02-13T11:01:10","guid":{"rendered":"https:\/\/ihedn.fr\/?p=45907"},"modified":"2024-02-13T12:03:48","modified_gmt":"2024-02-13T11:03:48","slug":"direction-bruxelles-pour-les-majeures-poldef-et-aed","status":"publish","type":"post","link":"https:\/\/ihedn.fr\/en\/uncategorized\/direction-bruxelles-pour-les-majeures-poldef-et-aed\/","title":{"rendered":"Direction Brussels for POLDEF and AED majors"},"content":{"rendered":"<div data-elementor-type=\"wp-post\" data-elementor-id=\"45907\" class=\"elementor elementor-45907\" data-elementor-post-type=\"post\">\n\t\t\t\t<div data-particle_enable=\"false\" data-particle-mobile-disabled=\"false\" class=\"elementor-element elementor-element-93a82e0 e-con-full e-flex e-con e-parent\" data-id=\"93a82e0\" data-element_type=\"container\" data-e-type=\"container\">\n\t\t\t\t<div class=\"elementor-element elementor-element-79a2a8c elementor-widget elementor-widget-text-editor\" data-id=\"79a2a8c\" data-element_type=\"widget\" data-e-type=\"widget\" data-widget_type=\"text-editor.default\">\n\t\t\t\t<div class=\"elementor-widget-container\">\n\t\t\t\t\t\t\t\t\t<p style=\"margin: 0cm 0cm 0.0001pt; text-align: left;\"><b>Discovering defence institutions and issues :<\/b><\/p><p style=\"margin: 0cm 0cm 0.0001pt; text-align: left;\">The two majors explored the operating and decision-making mechanisms within the European institutions and NATO. The aim of this mission was to clarify France's position within these bodies and to illustrate its capacity for negotiation and influence. The auditors were thus able to grasp the major issues and challenges relating to defence and security, as perceived from Brussels.<\/p><p>\u00a0<\/p><p style=\"margin: 0cm 0cm 0.0001pt; text-align: left;\"><b>Fruitful meetings and exchanges:<\/b><\/p><p style=\"margin: 0cm 0cm 0.0001pt; text-align: left;\">The delegation had the opportunity to attend various speeches and conferences, notably at the Council of the European Union, where crucial subjects such as European defence, EU foreign policy and the implementation of the Strategic Compass were discussed. The audience met representatives of the European defence industry and renowned experts, offering a comprehensive view of current strategic issues. The visit to NATO headquarters was the high point of the mission, offering the auditors an immersion in international security issues and the dynamics of the Alliance. During this visit, the auditors had the opportunity to attend a speech by Marie Doha-Besancenot, Deputy Secretary General for Public Diplomacy. Exchanges with several deputy permanent representatives from member countries such as Romania and Poland helped to improve understanding of the positions and interests of other NATO members.<\/p><p>\u00a0<\/p><p style=\"margin: 0cm 0cm 0.0001pt; text-align: left;\">This mission to Brussels was therefore a valuable opportunity for the IHEDN auditors to provide food for thought on the new balances in national and international defence and security, in a constantly changing geopolitical context.<\/p>\t\t\t\t\t\t\t\t<\/div>\n\t\t\t\t<\/div>\n\t\t\t\t<div class=\"elementor-element elementor-element-69e3022 gallery-spacing-custom elementor-widget elementor-widget-image-gallery\" data-id=\"69e3022\" data-element_type=\"widget\" data-e-type=\"widget\" data-widget_type=\"image-gallery.default\">\n\t\t\t\t<div class=\"elementor-widget-container\">\n\t\t\t\t\t\t\t<div class=\"elementor-image-gallery\">\n\t\t\t<div id='gallery-1' class='gallery galleryid-45907 gallery-columns-4 gallery-size-medium'><figure class='gallery-item'>\n\t\t\t<div class='gallery-icon landscape'>\n\t\t\t\t<a data-elementor-open-lightbox=\"yes\" data-elementor-lightbox-slideshow=\"69e3022\" data-e-action-hash=\"#elementor-action%3Aaction%3Dlightbox%26settings%3DeyJpZCI6NDU5MTAsInVybCI6Imh0dHBzOlwvXC9paGVkbi5mclwvd3AtY29udGVudFwvdXBsb2Fkc1wvMjAyNFwvMDJcL0NvbmZlcmVuY2UtYS1sT1RBTi5qcGciLCJzbGlkZXNob3ciOiI2OWUzMDIyIn0%3D\" href='https:\/\/ihedn.fr\/wp-content\/uploads\/2024\/02\/Conference-a-lOTAN.jpg'><img fetchpriority=\"high\" decoding=\"async\" width=\"300\" height=\"300\" src=\"https:\/\/ihedn.fr\/wp-content\/uploads\/2024\/02\/Conference-a-lOTAN-300x300.jpg\" class=\"attachment-medium size-medium\" alt=\"Conf\u00e9rence \u00e0 l&#039;OTAN\" srcset=\"https:\/\/ihedn.fr\/wp-content\/uploads\/2024\/02\/Conference-a-lOTAN-300x300.jpg 300w, https:\/\/ihedn.fr\/wp-content\/uploads\/2024\/02\/Conference-a-lOTAN-1024x1024.jpg 1024w, https:\/\/ihedn.fr\/wp-content\/uploads\/2024\/02\/Conference-a-lOTAN-150x150.jpg 150w, https:\/\/ihedn.fr\/wp-content\/uploads\/2024\/02\/Conference-a-lOTAN-768x768.jpg 768w\" sizes=\"(max-width: 300px) 100vw, 300px\" \/><\/a>\n\t\t\t<\/div><\/figure><figure class='gallery-item'>\n\t\t\t<div class='gallery-icon landscape'>\n\t\t\t\t<a data-elementor-open-lightbox=\"yes\" data-elementor-lightbox-slideshow=\"69e3022\" data-e-action-hash=\"#elementor-action%3Aaction%3Dlightbox%26settings%3DeyJpZCI6NDU5MTEsInVybCI6Imh0dHBzOlwvXC9paGVkbi5mclwvd3AtY29udGVudFwvdXBsb2Fkc1wvMjAyNFwvMDJcL1RhYmxlLXJvbmRlLUluZHVzdHJpZS1kZS1kZWZlbnNlLmpwZyIsInNsaWRlc2hvdyI6IjY5ZTMwMjIifQ%3D%3D\" href='https:\/\/ihedn.fr\/wp-content\/uploads\/2024\/02\/Table-ronde-Industrie-de-defense.jpg'><img decoding=\"async\" width=\"300\" height=\"300\" src=\"https:\/\/ihedn.fr\/wp-content\/uploads\/2024\/02\/Table-ronde-Industrie-de-defense-300x300.jpg\" class=\"attachment-medium size-medium\" alt=\"Table ronde sur l&#039;industrie de d\u00e9fense\" srcset=\"https:\/\/ihedn.fr\/wp-content\/uploads\/2024\/02\/Table-ronde-Industrie-de-defense-300x300.jpg 300w, https:\/\/ihedn.fr\/wp-content\/uploads\/2024\/02\/Table-ronde-Industrie-de-defense-150x150.jpg 150w, https:\/\/ihedn.fr\/wp-content\/uploads\/2024\/02\/Table-ronde-Industrie-de-defense-768x768.jpg 768w\" sizes=\"(max-width: 300px) 100vw, 300px\" \/><\/a>\n\t\t\t<\/div><\/figure><figure class='gallery-item'>\n\t\t\t<div class='gallery-icon landscape'>\n\t\t\t\t<a data-elementor-open-lightbox=\"yes\" data-elementor-lightbox-slideshow=\"69e3022\" data-e-action-hash=\"#elementor-action%3Aaction%3Dlightbox%26settings%3DeyJpZCI6NDU5MTIsInVybCI6Imh0dHBzOlwvXC9paGVkbi5mclwvd3AtY29udGVudFwvdXBsb2Fkc1wvMjAyNFwvMDJcL0NvbnNlaWwtZGUtbFVuaW9uLWV1cm9wZWVubmUtR0JBLU5pY29sYXMtQ0hBTUJBWi1ldC1DbGVtZW50LUFSTUlOSk9OLmpwZyIsInNsaWRlc2hvdyI6IjY5ZTMwMjIifQ%3D%3D\" href='https:\/\/ihedn.fr\/wp-content\/uploads\/2024\/02\/Conseil-de-lUnion-europeenne-GBA-Nicolas-CHAMBAZ-et-Clement-ARMINJON.jpg'><img decoding=\"async\" width=\"300\" height=\"300\" src=\"https:\/\/ihedn.fr\/wp-content\/uploads\/2024\/02\/Conseil-de-lUnion-europeenne-GBA-Nicolas-CHAMBAZ-et-Clement-ARMINJON-300x300.jpg\" class=\"attachment-medium size-medium\" alt=\"Conseil de l&#039;Union Europ\u00e9enne\" srcset=\"https:\/\/ihedn.fr\/wp-content\/uploads\/2024\/02\/Conseil-de-lUnion-europeenne-GBA-Nicolas-CHAMBAZ-et-Clement-ARMINJON-300x300.jpg 300w, https:\/\/ihedn.fr\/wp-content\/uploads\/2024\/02\/Conseil-de-lUnion-europeenne-GBA-Nicolas-CHAMBAZ-et-Clement-ARMINJON-150x150.jpg 150w, https:\/\/ihedn.fr\/wp-content\/uploads\/2024\/02\/Conseil-de-lUnion-europeenne-GBA-Nicolas-CHAMBAZ-et-Clement-ARMINJON-768x768.jpg 768w\" sizes=\"(max-width: 300px) 100vw, 300px\" \/><\/a>\n\t\t\t<\/div><\/figure><figure class='gallery-item'>\n\t\t\t<div class='gallery-icon landscape'>\n\t\t\t\t<a data-elementor-open-lightbox=\"yes\" data-elementor-lightbox-slideshow=\"69e3022\" data-e-action-hash=\"#elementor-action%3Aaction%3Dlightbox%26settings%3DeyJpZCI6NDU5MTMsInVybCI6Imh0dHBzOlwvXC9paGVkbi5mclwvd3AtY29udGVudFwvdXBsb2Fkc1wvMjAyNFwvMDJcL0NvY2t0YWlsLWRhbWl0aWUtRnJhbmNvLWJlbGdlLi1BbWJhc3NhZGV1ci1kZS1GcmFuY2UtU0UtRnJhbmNvaXMtU0VORU1BVUQuanBnIiwic2xpZGVzaG93IjoiNjllMzAyMiJ9\" href='https:\/\/ihedn.fr\/wp-content\/uploads\/2024\/02\/Cocktail-damitie-Franco-belge.-Ambassadeur-de-France-SE-Francois-SENEMAUD.jpg'><img loading=\"lazy\" decoding=\"async\" width=\"300\" height=\"300\" src=\"https:\/\/ihedn.fr\/wp-content\/uploads\/2024\/02\/Cocktail-damitie-Franco-belge.-Ambassadeur-de-France-SE-Francois-SENEMAUD-300x300.jpg\" class=\"attachment-medium size-medium\" alt=\"Cocktail d&#039;amiti\u00e9 franco-belge\" srcset=\"https:\/\/ihedn.fr\/wp-content\/uploads\/2024\/02\/Cocktail-damitie-Franco-belge.-Ambassadeur-de-France-SE-Francois-SENEMAUD-300x300.jpg 300w, https:\/\/ihedn.fr\/wp-content\/uploads\/2024\/02\/Cocktail-damitie-Franco-belge.-Ambassadeur-de-France-SE-Francois-SENEMAUD-150x150.jpg 150w, https:\/\/ihedn.fr\/wp-content\/uploads\/2024\/02\/Cocktail-damitie-Franco-belge.-Ambassadeur-de-France-SE-Francois-SENEMAUD-768x768.jpg 768w\" sizes=\"(max-width: 300px) 100vw, 300px\" \/><\/a>\n\t\t\t<\/div><\/figure>\n\t\t<\/div>\n\t\t<\/div>\n\t\t\t\t\t\t<\/div>\n\t\t\t\t<\/div>\n\t\t\t\t<\/div>\n\t\t\t\t<\/div>","protected":false},"excerpt":{"rendered":"<p>The 153 students in the Defence Policy (POLDEF) and Armaments and Defence Economics (AED) majors met in Brussels from 7 to 9 February to deepen their understanding of the European institutions and NATO.<\/p>","protected":false},"author":10,"featured_media":45908,"comment_status":"closed","ping_status":"closed","sticky":false,"template":"","format":"standard","meta":{"footnotes":""},"categories":[172,1],"tags":[],"class_list":["post-45907","post","type-post","status-publish","format-standard","has-post-thumbnail","hentry","category-notre-actualite","category-uncategorized"],"yoast_head":"<!-- This site is optimized with the Yoast SEO plugin v27.5 - https:\/\/yoast.com\/product\/yoast-seo-wordpress\/ -->\n<title>Direction Bruxelles pour les majeures POLDEF et AED - L&#039;IHEDN : Institut des hautes \u00e9tudes de d\u00e9fense nationale<\/title>\n<meta name=\"description\" content=\"Les 153 auditeurs des majeures &quot;Politique de d\u00e9fense&quot; (POLDEF) et &quot;Armement et \u00e9conomie de d\u00e9fense&quot; (AED) se sont retrouv\u00e9s \u00e0 Bruxelles, du 7 au 9 f\u00e9vrier, pour approfondir leur compr\u00e9hension des institutions europ\u00e9ennes, et de l&#039;OTAN.\" \/>\n<meta name=\"robots\" content=\"index, follow, max-snippet:-1, max-image-preview:large, max-video-preview:-1\" \/>\n<link rel=\"canonical\" href=\"https:\/\/ihedn.fr\/en\/uncategorized\/direction-bruxelles-pour-les-majeures-poldef-et-aed\/\" \/>\n<meta property=\"og:locale\" content=\"en_GB\" \/>\n<meta property=\"og:type\" content=\"article\" \/>\n<meta property=\"og:title\" content=\"Direction Bruxelles pour les majeures POLDEF et AED\" \/>\n<meta property=\"og:description\" content=\"Les 153 auditeurs des majeures &quot;Politique de d\u00e9fense&quot; (POLDEF) et &quot;Armement et \u00e9conomie de d\u00e9fense&quot; (AED) se sont retrouv\u00e9s \u00e0 Bruxelles, du 7 au 9 f\u00e9vrier, pour approfondir leur compr\u00e9hension des institutions europ\u00e9ennes, et de l&#039;OTAN.\" \/>\n<meta property=\"og:url\" content=\"https:\/\/ihedn.fr\/en\/uncategorized\/direction-bruxelles-pour-les-majeures-poldef-et-aed\/\" \/>\n<meta property=\"og:site_name\" content=\"L&#039;IHEDN : Institut des hautes \u00e9tudes de d\u00e9fense nationale\" \/>\n<meta property=\"article:publisher\" content=\"https:\/\/www.facebook.com\/ihedn\/\" \/>\n<meta property=\"article:published_time\" content=\"2024-02-13T11:01:10+00:00\" \/>\n<meta property=\"article:modified_time\" content=\"2024-02-13T11:03:48+00:00\" \/>\n<meta property=\"og:image\" content=\"https:\/\/ihedn.fr\/wp-content\/uploads\/2024\/02\/Photo-de-Groupe-OTAN-AED-POLDEF-2024.jpg\" \/>\n\t<meta property=\"og:image:width\" content=\"1564\" \/>\n\t<meta property=\"og:image:height\" content=\"659\" \/>\n\t<meta property=\"og:image:type\" content=\"image\/jpeg\" \/>\n<meta name=\"author\" content=\"tanguy.morel@ihedn.fr\" \/>\n<meta name=\"twitter:card\" content=\"summary_large_image\" \/>\n<meta name=\"twitter:title\" content=\"Direction Bruxelles pour les majeures POLDEF et AED\" \/>\n<meta name=\"twitter:description\" content=\"Les 153 auditeurs des majeures &quot;Politique de d\u00e9fense&quot; (POLDEF) et &quot;Armement et \u00e9conomie de d\u00e9fense&quot; (AED) se sont retrouv\u00e9s \u00e0 Bruxelles, du 7 au 9 f\u00e9vrier, pour approfondir leur compr\u00e9hension des institutions europ\u00e9ennes, et de l&#039;OTAN.\" \/>\n<meta name=\"twitter:image\" content=\"https:\/\/ihedn.fr\/wp-content\/uploads\/2024\/02\/Photo-de-Groupe-OTAN-AED-POLDEF-2024.jpg\" \/>\n<meta name=\"twitter:creator\" content=\"@IHEDN\" \/>\n<meta name=\"twitter:site\" content=\"@IHEDN\" \/>\n<meta name=\"twitter:label1\" content=\"Written by\" \/>\n\t<meta name=\"twitter:data1\" content=\"tanguy.morel@ihedn.fr\" \/>\n\t<meta name=\"twitter:label2\" content=\"Estimated reading time\" \/>\n\t<meta name=\"twitter:data2\" content=\"3 minutes\" \/>\n<script type=\"application\/ld+json\" class=\"yoast-schema-graph\">{\"@context\":\"https:\\\/\\\/schema.org\",\"@graph\":[{\"@type\":\"Article\",\"@id\":\"https:\\\/\\\/ihedn.fr\\\/uncategorized\\\/direction-bruxelles-pour-les-majeures-poldef-et-aed\\\/#article\",\"isPartOf\":{\"@id\":\"https:\\\/\\\/ihedn.fr\\\/uncategorized\\\/direction-bruxelles-pour-les-majeures-poldef-et-aed\\\/\"},\"author\":{\"name\":\"tanguy.morel@ihedn.fr\",\"@id\":\"https:\\\/\\\/ihedn.fr\\\/#\\\/schema\\\/person\\\/ed217a37104b27a246b200e65b827cc7\"},\"headline\":\"Direction Bruxelles pour les majeures POLDEF et AED\",\"datePublished\":\"2024-02-13T11:01:10+00:00\",\"dateModified\":\"2024-02-13T11:03:48+00:00\",\"mainEntityOfPage\":{\"@id\":\"https:\\\/\\\/ihedn.fr\\\/uncategorized\\\/direction-bruxelles-pour-les-majeures-poldef-et-aed\\\/\"},\"wordCount\":343,\"publisher\":{\"@id\":\"https:\\\/\\\/ihedn.fr\\\/#organization\"},\"image\":{\"@id\":\"https:\\\/\\\/ihedn.fr\\\/uncategorized\\\/direction-bruxelles-pour-les-majeures-poldef-et-aed\\\/#primaryimage\"},\"thumbnailUrl\":\"https:\\\/\\\/ihedn.fr\\\/wp-content\\\/uploads\\\/2024\\\/02\\\/Photo-de-Groupe-OTAN-AED-POLDEF-2024.jpg\",\"articleSection\":[\"Notre actualit\u00e9\",\"Uncategorized\"],\"inLanguage\":\"en-GB\"},{\"@type\":\"WebPage\",\"@id\":\"https:\\\/\\\/ihedn.fr\\\/uncategorized\\\/direction-bruxelles-pour-les-majeures-poldef-et-aed\\\/\",\"url\":\"https:\\\/\\\/ihedn.fr\\\/uncategorized\\\/direction-bruxelles-pour-les-majeures-poldef-et-aed\\\/\",\"name\":\"Direction Bruxelles pour les majeures POLDEF et AED - L&#039;IHEDN : Institut des hautes \u00e9tudes de d\u00e9fense nationale\",\"isPartOf\":{\"@id\":\"https:\\\/\\\/ihedn.fr\\\/#website\"},\"primaryImageOfPage\":{\"@id\":\"https:\\\/\\\/ihedn.fr\\\/uncategorized\\\/direction-bruxelles-pour-les-majeures-poldef-et-aed\\\/#primaryimage\"},\"image\":{\"@id\":\"https:\\\/\\\/ihedn.fr\\\/uncategorized\\\/direction-bruxelles-pour-les-majeures-poldef-et-aed\\\/#primaryimage\"},\"thumbnailUrl\":\"https:\\\/\\\/ihedn.fr\\\/wp-content\\\/uploads\\\/2024\\\/02\\\/Photo-de-Groupe-OTAN-AED-POLDEF-2024.jpg\",\"datePublished\":\"2024-02-13T11:01:10+00:00\",\"dateModified\":\"2024-02-13T11:03:48+00:00\",\"description\":\"Les 153 auditeurs des majeures \\\"Politique de d\u00e9fense\\\" (POLDEF) et \\\"Armement et \u00e9conomie de d\u00e9fense\\\" (AED) se sont retrouv\u00e9s \u00e0 Bruxelles, du 7 au 9 f\u00e9vrier, pour approfondir leur compr\u00e9hension des institutions europ\u00e9ennes, et de l'OTAN.\",\"breadcrumb\":{\"@id\":\"https:\\\/\\\/ihedn.fr\\\/uncategorized\\\/direction-bruxelles-pour-les-majeures-poldef-et-aed\\\/#breadcrumb\"},\"inLanguage\":\"en-GB\",\"potentialAction\":[{\"@type\":\"ReadAction\",\"target\":[\"https:\\\/\\\/ihedn.fr\\\/uncategorized\\\/direction-bruxelles-pour-les-majeures-poldef-et-aed\\\/\"]}]},{\"@type\":\"ImageObject\",\"inLanguage\":\"en-GB\",\"@id\":\"https:\\\/\\\/ihedn.fr\\\/uncategorized\\\/direction-bruxelles-pour-les-majeures-poldef-et-aed\\\/#primaryimage\",\"url\":\"https:\\\/\\\/ihedn.fr\\\/wp-content\\\/uploads\\\/2024\\\/02\\\/Photo-de-Groupe-OTAN-AED-POLDEF-2024.jpg\",\"contentUrl\":\"https:\\\/\\\/ihedn.fr\\\/wp-content\\\/uploads\\\/2024\\\/02\\\/Photo-de-Groupe-OTAN-AED-POLDEF-2024.jpg\",\"width\":1564,\"height\":659,\"caption\":\"Les auditeurs des majeures POLDEF et AED \u00e0 Bruxelles\"},{\"@type\":\"BreadcrumbList\",\"@id\":\"https:\\\/\\\/ihedn.fr\\\/uncategorized\\\/direction-bruxelles-pour-les-majeures-poldef-et-aed\\\/#breadcrumb\",\"itemListElement\":[{\"@type\":\"ListItem\",\"position\":1,\"name\":\"Accueil\",\"item\":\"https:\\\/\\\/ihedn.fr\\\/\"},{\"@type\":\"ListItem\",\"position\":2,\"name\":\"Direction Bruxelles pour les majeures POLDEF et AED\"}]},{\"@type\":\"WebSite\",\"@id\":\"https:\\\/\\\/ihedn.fr\\\/#website\",\"url\":\"https:\\\/\\\/ihedn.fr\\\/\",\"name\":\"IHEDN : Institut des hautes \u00e9tudes de d\u00e9fense nationale |\",\"description\":\"Site officiel de l&#039;IHEDN plac\u00e9 sous la tutelle du Premier ministre.\",\"publisher\":{\"@id\":\"https:\\\/\\\/ihedn.fr\\\/#organization\"},\"potentialAction\":[{\"@type\":\"SearchAction\",\"target\":{\"@type\":\"EntryPoint\",\"urlTemplate\":\"https:\\\/\\\/ihedn.fr\\\/?s={search_term_string}\"},\"query-input\":{\"@type\":\"PropertyValueSpecification\",\"valueRequired\":true,\"valueName\":\"search_term_string\"}}],\"inLanguage\":\"en-GB\"},{\"@type\":\"Organization\",\"@id\":\"https:\\\/\\\/ihedn.fr\\\/#organization\",\"name\":\"IHEDN - Institut des Hautes Etudes de D\u00e9fense Nationale\",\"url\":\"https:\\\/\\\/ihedn.fr\\\/\",\"logo\":{\"@type\":\"ImageObject\",\"inLanguage\":\"en-GB\",\"@id\":\"https:\\\/\\\/ihedn.fr\\\/#\\\/schema\\\/logo\\\/image\\\/\",\"url\":\"https:\\\/\\\/ihedn.fr\\\/wp-content\\\/uploads\\\/2020\\\/11\\\/BLOC_RF_IHEDN_WEB.png\",\"contentUrl\":\"https:\\\/\\\/ihedn.fr\\\/wp-content\\\/uploads\\\/2020\\\/11\\\/BLOC_RF_IHEDN_WEB.png\",\"width\":500,\"height\":237,\"caption\":\"IHEDN - Institut des Hautes Etudes de D\u00e9fense Nationale\"},\"image\":{\"@id\":\"https:\\\/\\\/ihedn.fr\\\/#\\\/schema\\\/logo\\\/image\\\/\"},\"sameAs\":[\"https:\\\/\\\/www.facebook.com\\\/ihedn\\\/\",\"https:\\\/\\\/x.com\\\/IHEDN\",\"https:\\\/\\\/www.instagram.com\\\/ihedn\\\/\",\"https:\\\/\\\/www.linkedin.com\\\/school\\\/ihedn\\\/\",\"https:\\\/\\\/fr.wikipedia.org\\\/wiki\\\/Institut_des_hautes_\u00e9tudes_de_D\u00e9fense_nationale\"]},{\"@type\":\"Person\",\"@id\":\"https:\\\/\\\/ihedn.fr\\\/#\\\/schema\\\/person\\\/ed217a37104b27a246b200e65b827cc7\",\"name\":\"tanguy.morel@ihedn.fr\",\"image\":{\"@type\":\"ImageObject\",\"inLanguage\":\"en-GB\",\"@id\":\"https:\\\/\\\/secure.gravatar.com\\\/avatar\\\/36877cd30919fafddf1f9da45f4154aa468a64328452f2ceaff0968772207348?s=96&d=mm&r=g\",\"url\":\"https:\\\/\\\/secure.gravatar.com\\\/avatar\\\/36877cd30919fafddf1f9da45f4154aa468a64328452f2ceaff0968772207348?s=96&d=mm&r=g\",\"contentUrl\":\"https:\\\/\\\/secure.gravatar.com\\\/avatar\\\/36877cd30919fafddf1f9da45f4154aa468a64328452f2ceaff0968772207348?s=96&d=mm&r=g\",\"caption\":\"tanguy.morel@ihedn.fr\"},\"url\":\"https:\\\/\\\/ihedn.fr\\\/en\\\/author\\\/tanguy-morelihedn-fr\\\/\"}]}<\/script>\n<!-- \/ Yoast SEO plugin. -->","yoast_head_json":{"title":"Direction Bruxelles pour les majeures POLDEF et AED - IHEDN: Institut des hautes \u00e9tudes de d\u00e9fense nationale (Institute for Advanced National Defence Studies)","description":"The 153 students in the \"Defence Policy\" (POLDEF) and \"Armaments and Defence Economics\" (AED) majors met in Brussels from 7 to 9 February to deepen their understanding of the European institutions and NATO.","robots":{"index":"index","follow":"follow","max-snippet":"max-snippet:-1","max-image-preview":"max-image-preview:large","max-video-preview":"max-video-preview:-1"},"canonical":"https:\/\/ihedn.fr\/en\/uncategorized\/direction-bruxelles-pour-les-majeures-poldef-et-aed\/","og_locale":"en_GB","og_type":"article","og_title":"Direction Bruxelles pour les majeures POLDEF et AED","og_description":"Les 153 auditeurs des majeures \"Politique de d\u00e9fense\" (POLDEF) et \"Armement et \u00e9conomie de d\u00e9fense\" (AED) se sont retrouv\u00e9s \u00e0 Bruxelles, du 7 au 9 f\u00e9vrier, pour approfondir leur compr\u00e9hension des institutions europ\u00e9ennes, et de l'OTAN.","og_url":"https:\/\/ihedn.fr\/en\/uncategorized\/direction-bruxelles-pour-les-majeures-poldef-et-aed\/","og_site_name":"L&#039;IHEDN : Institut des hautes \u00e9tudes de d\u00e9fense nationale","article_publisher":"https:\/\/www.facebook.com\/ihedn\/","article_published_time":"2024-02-13T11:01:10+00:00","article_modified_time":"2024-02-13T11:03:48+00:00","og_image":[{"width":1564,"height":659,"url":"https:\/\/ihedn.fr\/wp-content\/uploads\/2024\/02\/Photo-de-Groupe-OTAN-AED-POLDEF-2024.jpg","type":"image\/jpeg"}],"author":"tanguy.morel@ihedn.fr","twitter_card":"summary_large_image","twitter_title":"Direction Bruxelles pour les majeures POLDEF et AED","twitter_description":"Les 153 auditeurs des majeures \"Politique de d\u00e9fense\" (POLDEF) et \"Armement et \u00e9conomie de d\u00e9fense\" (AED) se sont retrouv\u00e9s \u00e0 Bruxelles, du 7 au 9 f\u00e9vrier, pour approfondir leur compr\u00e9hension des institutions europ\u00e9ennes, et de l'OTAN.","twitter_image":"https:\/\/ihedn.fr\/wp-content\/uploads\/2024\/02\/Photo-de-Groupe-OTAN-AED-POLDEF-2024.jpg","twitter_creator":"@IHEDN","twitter_site":"@IHEDN","twitter_misc":{"Written by":"tanguy.morel@ihedn.fr","Estimated reading time":"3 minutes"},"schema":{"@context":"https:\/\/schema.org","@graph":[{"@type":"Article","@id":"https:\/\/ihedn.fr\/uncategorized\/direction-bruxelles-pour-les-majeures-poldef-et-aed\/#article","isPartOf":{"@id":"https:\/\/ihedn.fr\/uncategorized\/direction-bruxelles-pour-les-majeures-poldef-et-aed\/"},"author":{"name":"tanguy.morel@ihedn.fr","@id":"https:\/\/ihedn.fr\/#\/schema\/person\/ed217a37104b27a246b200e65b827cc7"},"headline":"Direction Bruxelles pour les majeures POLDEF et AED","datePublished":"2024-02-13T11:01:10+00:00","dateModified":"2024-02-13T11:03:48+00:00","mainEntityOfPage":{"@id":"https:\/\/ihedn.fr\/uncategorized\/direction-bruxelles-pour-les-majeures-poldef-et-aed\/"},"wordCount":343,"publisher":{"@id":"https:\/\/ihedn.fr\/#organization"},"image":{"@id":"https:\/\/ihedn.fr\/uncategorized\/direction-bruxelles-pour-les-majeures-poldef-et-aed\/#primaryimage"},"thumbnailUrl":"https:\/\/ihedn.fr\/wp-content\/uploads\/2024\/02\/Photo-de-Groupe-OTAN-AED-POLDEF-2024.jpg","articleSection":["Notre actualit\u00e9","Uncategorized"],"inLanguage":"en-GB"},{"@type":"WebPage","@id":"https:\/\/ihedn.fr\/uncategorized\/direction-bruxelles-pour-les-majeures-poldef-et-aed\/","url":"https:\/\/ihedn.fr\/uncategorized\/direction-bruxelles-pour-les-majeures-poldef-et-aed\/","name":"Direction Bruxelles pour les majeures POLDEF et AED - IHEDN: Institut des hautes \u00e9tudes de d\u00e9fense nationale (Institute for Advanced National Defence Studies)","isPartOf":{"@id":"https:\/\/ihedn.fr\/#website"},"primaryImageOfPage":{"@id":"https:\/\/ihedn.fr\/uncategorized\/direction-bruxelles-pour-les-majeures-poldef-et-aed\/#primaryimage"},"image":{"@id":"https:\/\/ihedn.fr\/uncategorized\/direction-bruxelles-pour-les-majeures-poldef-et-aed\/#primaryimage"},"thumbnailUrl":"https:\/\/ihedn.fr\/wp-content\/uploads\/2024\/02\/Photo-de-Groupe-OTAN-AED-POLDEF-2024.jpg","datePublished":"2024-02-13T11:01:10+00:00","dateModified":"2024-02-13T11:03:48+00:00","description":"The 153 students in the \"Defence Policy\" (POLDEF) and \"Armaments and Defence Economics\" (AED) majors met in Brussels from 7 to 9 February to deepen their understanding of the European institutions and NATO.","breadcrumb":{"@id":"https:\/\/ihedn.fr\/uncategorized\/direction-bruxelles-pour-les-majeures-poldef-et-aed\/#breadcrumb"},"inLanguage":"en-GB","potentialAction":[{"@type":"ReadAction","target":["https:\/\/ihedn.fr\/uncategorized\/direction-bruxelles-pour-les-majeures-poldef-et-aed\/"]}]},{"@type":"ImageObject","inLanguage":"en-GB","@id":"https:\/\/ihedn.fr\/uncategorized\/direction-bruxelles-pour-les-majeures-poldef-et-aed\/#primaryimage","url":"https:\/\/ihedn.fr\/wp-content\/uploads\/2024\/02\/Photo-de-Groupe-OTAN-AED-POLDEF-2024.jpg","contentUrl":"https:\/\/ihedn.fr\/wp-content\/uploads\/2024\/02\/Photo-de-Groupe-OTAN-AED-POLDEF-2024.jpg","width":1564,"height":659,"caption":"Les auditeurs des majeures POLDEF et AED \u00e0 Bruxelles"},{"@type":"BreadcrumbList","@id":"https:\/\/ihedn.fr\/uncategorized\/direction-bruxelles-pour-les-majeures-poldef-et-aed\/#breadcrumb","itemListElement":[{"@type":"ListItem","position":1,"name":"Accueil","item":"https:\/\/ihedn.fr\/"},{"@type":"ListItem","position":2,"name":"Direction Bruxelles pour les majeures POLDEF et AED"}]},{"@type":"WebSite","@id":"https:\/\/ihedn.fr\/#website","url":"https:\/\/ihedn.fr\/","name":"IHEDN: Institut des hautes \u00e9tudes de d\u00e9fense nationale (Institute for Higher National Defence Studies)","description":"Official website of the IHEDN under the supervision of the Prime Minister.","publisher":{"@id":"https:\/\/ihedn.fr\/#organization"},"potentialAction":[{"@type":"SearchAction","target":{"@type":"EntryPoint","urlTemplate":"https:\/\/ihedn.fr\/?s={search_term_string}"},"query-input":{"@type":"PropertyValueSpecification","valueRequired":true,"valueName":"search_term_string"}}],"inLanguage":"en-GB"},{"@type":"Organization","@id":"https:\/\/ihedn.fr\/#organization","name":"IHEDN - Institute for Higher National Defence Studies","url":"https:\/\/ihedn.fr\/","logo":{"@type":"ImageObject","inLanguage":"en-GB","@id":"https:\/\/ihedn.fr\/#\/schema\/logo\/image\/","url":"https:\/\/ihedn.fr\/wp-content\/uploads\/2020\/11\/BLOC_RF_IHEDN_WEB.png","contentUrl":"https:\/\/ihedn.fr\/wp-content\/uploads\/2020\/11\/BLOC_RF_IHEDN_WEB.png","width":500,"height":237,"caption":"IHEDN - Institut des Hautes Etudes de D\u00e9fense Nationale"},"image":{"@id":"https:\/\/ihedn.fr\/#\/schema\/logo\/image\/"},"sameAs":["https:\/\/www.facebook.com\/ihedn\/","https:\/\/x.com\/IHEDN","https:\/\/www.instagram.com\/ihedn\/","https:\/\/www.linkedin.com\/school\/ihedn\/","https:\/\/fr.wikipedia.org\/wiki\/Institut_des_hautes_\u00e9tudes_de_D\u00e9fense_nationale"]},{"@type":"Person","@id":"https:\/\/ihedn.fr\/#\/schema\/person\/ed217a37104b27a246b200e65b827cc7","name":"tanguy.morel@ihedn.fr","image":{"@type":"ImageObject","inLanguage":"en-GB","@id":"https:\/\/secure.gravatar.com\/avatar\/36877cd30919fafddf1f9da45f4154aa468a64328452f2ceaff0968772207348?s=96&d=mm&r=g","url":"https:\/\/secure.gravatar.com\/avatar\/36877cd30919fafddf1f9da45f4154aa468a64328452f2ceaff0968772207348?s=96&d=mm&r=g","contentUrl":"https:\/\/secure.gravatar.com\/avatar\/36877cd30919fafddf1f9da45f4154aa468a64328452f2ceaff0968772207348?s=96&d=mm&r=g","caption":"tanguy.morel@ihedn.fr"},"url":"https:\/\/ihedn.fr\/en\/author\/tanguy-morelihedn-fr\/"}]}},"publishpress_future_action":{"enabled":false,"date":"2026-05-07 22:09:31","action":"change-status","newStatus":"draft","terms":[],"taxonomy":"category","extraData":[]},"publishpress_future_workflow_manual_trigger":{"enabledWorkflows":[]},"_links":{"self":[{"href":"https:\/\/ihedn.fr\/en\/wp-json\/wp\/v2\/posts\/45907","targetHints":{"allow":["GET"]}}],"collection":[{"href":"https:\/\/ihedn.fr\/en\/wp-json\/wp\/v2\/posts"}],"about":[{"href":"https:\/\/ihedn.fr\/en\/wp-json\/wp\/v2\/types\/post"}],"author":[{"embeddable":true,"href":"https:\/\/ihedn.fr\/en\/wp-json\/wp\/v2\/users\/10"}],"replies":[{"embeddable":true,"href":"https:\/\/ihedn.fr\/en\/wp-json\/wp\/v2\/comments?post=45907"}],"version-history":[{"count":5,"href":"https:\/\/ihedn.fr\/en\/wp-json\/wp\/v2\/posts\/45907\/revisions"}],"predecessor-version":[{"id":45918,"href":"https:\/\/ihedn.fr\/en\/wp-json\/wp\/v2\/posts\/45907\/revisions\/45918"}],"wp:featuredmedia":[{"embeddable":true,"href":"https:\/\/ihedn.fr\/en\/wp-json\/wp\/v2\/media\/45908"}],"wp:attachment":[{"href":"https:\/\/ihedn.fr\/en\/wp-json\/wp\/v2\/media?parent=45907"}],"wp:term":[{"taxonomy":"category","embeddable":true,"href":"https:\/\/ihedn.fr\/en\/wp-json\/wp\/v2\/categories?post=45907"},{"taxonomy":"post_tag","embeddable":true,"href":"https:\/\/ihedn.fr\/en\/wp-json\/wp\/v2\/tags?post=45907"}],"curies":[{"name":"wp","href":"https:\/\/api.w.org\/{rel}","templated":true}]}}