{"id":45936,"date":"2024-02-16T13:53:28","date_gmt":"2024-02-16T12:53:28","guid":{"rendered":"https:\/\/ihedn.fr\/?p=45936"},"modified":"2024-02-16T13:54:18","modified_gmt":"2024-02-16T12:54:18","slug":"epinal-accueille-la-236e-session-en-region-grand-est","status":"publish","type":"post","link":"https:\/\/ihedn.fr\/en\/notre-actualite\/epinal-accueille-la-236e-session-en-region-grand-est\/","title":{"rendered":"\u00c9pinal hosts the 236th session in the Grand-Est region"},"content":{"rendered":"<div data-elementor-type=\"wp-post\" data-elementor-id=\"45936\" class=\"elementor elementor-45936\" data-elementor-post-type=\"post\">\n\t\t\t\t<div data-particle_enable=\"false\" data-particle-mobile-disabled=\"false\" class=\"elementor-element elementor-element-93a82e0 e-con-full e-flex e-con e-parent\" data-id=\"93a82e0\" data-element_type=\"container\" data-e-type=\"container\">\n\t\t\t\t<div class=\"elementor-element elementor-element-79a2a8c elementor-widget elementor-widget-text-editor\" data-id=\"79a2a8c\" data-element_type=\"widget\" data-e-type=\"widget\" data-widget_type=\"text-editor.default\">\n\t\t\t\t<div class=\"elementor-widget-container\">\n\t\t\t\t\t\t\t\t\t<p>Tuesday 6 February, the 236<sup>e<\/sup> session in the Grand-Est region was received by David Percheron, General Secretary representing the Prefect Virginie Martinez, before the assembly headed to the Departmental Council to attend the first conference of the week. R\u00e9mi Charrier, head of the INSEE department in the Vosges, gave a presentation on the main issues facing the region.<\/p><p>The session then moved on to the Michelin plant in Epinal, where Bertrand de Solages, site manager, demonstrated the strategic importance of Michelin's production within the local industrial fabric.<\/p><p>The week's other visits were based around keynote lectures given by General Vincent Coste, head of the Nancy fighter aviation brigade, and General Vincent Alexandre, no. 2 of the Zone de d\u00e9fense Est (Eastern Defence Zone), to enable the auditors to develop a more detailed knowledge of the French armed forces and defence system. They were successively welcomed by the 1<sup>er<\/sup> R\u00e9giment de tirailleurs in Epinal, then to Base a\u00e9rienne 133 in Nancy, where they were able to try out the flight simulators used to train Mirage 2000 pilots.<\/p>\t\t\t\t\t\t\t\t<\/div>\n\t\t\t\t<\/div>\n\t\t\t\t<div class=\"elementor-element elementor-element-69e3022 gallery-spacing-custom elementor-widget elementor-widget-image-gallery\" data-id=\"69e3022\" data-element_type=\"widget\" data-e-type=\"widget\" data-widget_type=\"image-gallery.default\">\n\t\t\t\t<div class=\"elementor-widget-container\">\n\t\t\t\t\t\t\t<div class=\"elementor-image-gallery\">\n\t\t\t<div id='gallery-1' class='gallery galleryid-45936 gallery-columns-4 gallery-size-medium'><figure class='gallery-item'>\n\t\t\t<div class='gallery-icon landscape'>\n\t\t\t\t<a data-elementor-open-lightbox=\"yes\" data-elementor-lightbox-slideshow=\"69e3022\" data-e-action-hash=\"#elementor-action%3Aaction%3Dlightbox%26settings%3DeyJpZCI6NDU5NDEsInVybCI6Imh0dHBzOlwvXC9paGVkbi5mclwvd3AtY29udGVudFwvdXBsb2Fkc1wvMjAyNFwvMDJcL0lNRy0yMDI0MDIwOS1XQTAwMTQuanBnIiwic2xpZGVzaG93IjoiNjllMzAyMiJ9\" href='https:\/\/ihedn.fr\/wp-content\/uploads\/2024\/02\/IMG-20240209-WA0014.jpg'><img fetchpriority=\"high\" decoding=\"async\" width=\"300\" height=\"300\" src=\"https:\/\/ihedn.fr\/wp-content\/uploads\/2024\/02\/IMG-20240209-WA0014-300x300.jpg\" class=\"attachment-medium size-medium\" alt=\"Les auditeurs de la session en r\u00e9gion Grand-Est \u00e0 \u00c9pinal\" srcset=\"https:\/\/ihedn.fr\/wp-content\/uploads\/2024\/02\/IMG-20240209-WA0014-300x300.jpg 300w, https:\/\/ihedn.fr\/wp-content\/uploads\/2024\/02\/IMG-20240209-WA0014-150x150.jpg 150w, https:\/\/ihedn.fr\/wp-content\/uploads\/2024\/02\/IMG-20240209-WA0014-768x768.jpg 768w\" sizes=\"(max-width: 300px) 100vw, 300px\" \/><\/a>\n\t\t\t<\/div><\/figure><figure class='gallery-item'>\n\t\t\t<div class='gallery-icon landscape'>\n\t\t\t\t<a data-elementor-open-lightbox=\"yes\" data-elementor-lightbox-slideshow=\"69e3022\" data-e-action-hash=\"#elementor-action%3Aaction%3Dlightbox%26settings%3DeyJpZCI6NDU5NDAsInVybCI6Imh0dHBzOlwvXC9paGVkbi5mclwvd3AtY29udGVudFwvdXBsb2Fkc1wvMjAyNFwvMDJcL0lNRy0yMDI0MDIwOS1XQTAwMDkuanBnIiwic2xpZGVzaG93IjoiNjllMzAyMiJ9\" href='https:\/\/ihedn.fr\/wp-content\/uploads\/2024\/02\/IMG-20240209-WA0009.jpg'><img decoding=\"async\" width=\"300\" height=\"300\" src=\"https:\/\/ihedn.fr\/wp-content\/uploads\/2024\/02\/IMG-20240209-WA0009-300x300.jpg\" class=\"attachment-medium size-medium\" alt=\"Les auditeurs de la session en r\u00e9gion Grand-Est \u00e0 \u00c9pinal\" srcset=\"https:\/\/ihedn.fr\/wp-content\/uploads\/2024\/02\/IMG-20240209-WA0009-300x300.jpg 300w, https:\/\/ihedn.fr\/wp-content\/uploads\/2024\/02\/IMG-20240209-WA0009-1024x1024.jpg 1024w, https:\/\/ihedn.fr\/wp-content\/uploads\/2024\/02\/IMG-20240209-WA0009-150x150.jpg 150w, https:\/\/ihedn.fr\/wp-content\/uploads\/2024\/02\/IMG-20240209-WA0009-768x768.jpg 768w\" sizes=\"(max-width: 300px) 100vw, 300px\" \/><\/a>\n\t\t\t<\/div><\/figure><figure class='gallery-item'>\n\t\t\t<div class='gallery-icon landscape'>\n\t\t\t\t<a data-elementor-open-lightbox=\"yes\" data-elementor-lightbox-slideshow=\"69e3022\" data-e-action-hash=\"#elementor-action%3Aaction%3Dlightbox%26settings%3DeyJpZCI6NDU5MzksInVybCI6Imh0dHBzOlwvXC9paGVkbi5mclwvd3AtY29udGVudFwvdXBsb2Fkc1wvMjAyNFwvMDJcL0lNRy0yMDI0MDIwOS1XQTAwMDQuanBnIiwic2xpZGVzaG93IjoiNjllMzAyMiJ9\" href='https:\/\/ihedn.fr\/wp-content\/uploads\/2024\/02\/IMG-20240209-WA0004.jpg'><img decoding=\"async\" width=\"300\" height=\"300\" src=\"https:\/\/ihedn.fr\/wp-content\/uploads\/2024\/02\/IMG-20240209-WA0004-300x300.jpg\" class=\"attachment-medium size-medium\" alt=\"Les auditeurs de la session en r\u00e9gion Grand-Est \u00e0 \u00c9pinal\" srcset=\"https:\/\/ihedn.fr\/wp-content\/uploads\/2024\/02\/IMG-20240209-WA0004-300x300.jpg 300w, https:\/\/ihedn.fr\/wp-content\/uploads\/2024\/02\/IMG-20240209-WA0004-1024x1024.jpg 1024w, https:\/\/ihedn.fr\/wp-content\/uploads\/2024\/02\/IMG-20240209-WA0004-150x150.jpg 150w, https:\/\/ihedn.fr\/wp-content\/uploads\/2024\/02\/IMG-20240209-WA0004-768x768.jpg 768w\" sizes=\"(max-width: 300px) 100vw, 300px\" \/><\/a>\n\t\t\t<\/div><\/figure><figure class='gallery-item'>\n\t\t\t<div class='gallery-icon landscape'>\n\t\t\t\t<a data-elementor-open-lightbox=\"yes\" data-elementor-lightbox-slideshow=\"69e3022\" data-e-action-hash=\"#elementor-action%3Aaction%3Dlightbox%26settings%3DeyJpZCI6NDU5MzgsInVybCI6Imh0dHBzOlwvXC9paGVkbi5mclwvd3AtY29udGVudFwvdXBsb2Fkc1wvMjAyNFwvMDJcL0lNRy0yMDI0MDIwOS1XQTAwMDAuanBnIiwic2xpZGVzaG93IjoiNjllMzAyMiJ9\" href='https:\/\/ihedn.fr\/wp-content\/uploads\/2024\/02\/IMG-20240209-WA0000.jpg'><img loading=\"lazy\" decoding=\"async\" width=\"300\" height=\"300\" src=\"https:\/\/ihedn.fr\/wp-content\/uploads\/2024\/02\/IMG-20240209-WA0000-300x300.jpg\" class=\"attachment-medium size-medium\" alt=\"Les auditeurs de la session en r\u00e9gion Grand-Est \u00e0 \u00c9pinal\" srcset=\"https:\/\/ihedn.fr\/wp-content\/uploads\/2024\/02\/IMG-20240209-WA0000-300x300.jpg 300w, https:\/\/ihedn.fr\/wp-content\/uploads\/2024\/02\/IMG-20240209-WA0000-1024x1024.jpg 1024w, https:\/\/ihedn.fr\/wp-content\/uploads\/2024\/02\/IMG-20240209-WA0000-150x150.jpg 150w, https:\/\/ihedn.fr\/wp-content\/uploads\/2024\/02\/IMG-20240209-WA0000-768x768.jpg 768w\" sizes=\"(max-width: 300px) 100vw, 300px\" \/><\/a>\n\t\t\t<\/div><\/figure>\n\t\t<\/div>\n\t\t<\/div>\n\t\t\t\t\t\t<\/div>\n\t\t\t\t<\/div>\n\t\t\t\t<\/div>\n\t\t\t\t<\/div>","protected":false},"excerpt":{"rendered":"<p>The 43 auditors met from 6 to 9 February 2024 for the 3rd week of the 236th session in the Grand-Est region. The programme included a welcome at the Pr\u00e9fecture des Vosges, visits to military and industrial sites and lectures, providing an in-depth strategic perspective of the region.<\/p>","protected":false},"author":10,"featured_media":45937,"comment_status":"closed","ping_status":"closed","sticky":false,"template":"","format":"standard","meta":{"footnotes":""},"categories":[172],"tags":[],"class_list":["post-45936","post","type-post","status-publish","format-standard","has-post-thumbnail","hentry","category-notre-actualite"],"yoast_head":"<!-- This site is optimized with the Yoast SEO plugin v27.5 - https:\/\/yoast.com\/product\/yoast-seo-wordpress\/ -->\n<title>\u00c9pinal accueille la 236e session en r\u00e9gion Grand-Est - L&#039;IHEDN : Institut des hautes \u00e9tudes de d\u00e9fense nationale<\/title>\n<meta name=\"description\" content=\"Les 43 auditeurs se sont retrouv\u00e9s du 6 au 9 f\u00e9vrier 2024 pour la 3e semaine de la 236e session en r\u00e9gion Grand-Est. Au programme : accueil \u00e0 la Pr\u00e9fecture des Vosges, visites de sites militaires et industriels et conf\u00e9rences, offrant une perspective strat\u00e9gique approfondie de la r\u00e9gion.\" \/>\n<meta name=\"robots\" content=\"index, follow, max-snippet:-1, max-image-preview:large, max-video-preview:-1\" \/>\n<link rel=\"canonical\" href=\"https:\/\/ihedn.fr\/en\/notre-actualite\/epinal-accueille-la-236e-session-en-region-grand-est\/\" \/>\n<meta property=\"og:locale\" content=\"en_GB\" \/>\n<meta property=\"og:type\" content=\"article\" \/>\n<meta property=\"og:title\" content=\"\u00c9pinal accueille la 236e session en r\u00e9gion Grand-Est\" \/>\n<meta property=\"og:description\" content=\"Les 43 auditeurs se sont retrouv\u00e9s du 6 au 9 f\u00e9vrier 2024 pour la 3e semaine de la 236e session en r\u00e9gion Grand-Est. Au programme : accueil \u00e0 la Pr\u00e9fecture des Vosges, visites de sites militaires et industriels et conf\u00e9rences, offrant une perspective strat\u00e9gique approfondie de la r\u00e9gion.\" \/>\n<meta property=\"og:url\" content=\"https:\/\/ihedn.fr\/en\/notre-actualite\/epinal-accueille-la-236e-session-en-region-grand-est\/\" \/>\n<meta property=\"og:site_name\" content=\"L&#039;IHEDN : Institut des hautes \u00e9tudes de d\u00e9fense nationale\" \/>\n<meta property=\"article:publisher\" content=\"https:\/\/www.facebook.com\/ihedn\/\" \/>\n<meta property=\"article:published_time\" content=\"2024-02-16T12:53:28+00:00\" \/>\n<meta property=\"article:modified_time\" content=\"2024-02-16T12:54:18+00:00\" \/>\n<meta property=\"og:image\" content=\"https:\/\/ihedn.fr\/wp-content\/uploads\/2024\/02\/IMG-20240209-WA0017.jpg\" \/>\n\t<meta property=\"og:image:width\" content=\"1558\" \/>\n\t<meta property=\"og:image:height\" content=\"1169\" \/>\n\t<meta property=\"og:image:type\" content=\"image\/jpeg\" \/>\n<meta name=\"author\" content=\"tanguy.morel@ihedn.fr\" \/>\n<meta name=\"twitter:card\" content=\"summary_large_image\" \/>\n<meta name=\"twitter:title\" content=\"\u00c9pinal accueille la 236e session en r\u00e9gion Grand-Est\" \/>\n<meta name=\"twitter:description\" content=\"Les 43 auditeurs se sont retrouv\u00e9s du 6 au 9 f\u00e9vrier 2024 pour la 3e semaine de la 236e session en r\u00e9gion Grand-Est. Au programme : accueil \u00e0 la Pr\u00e9fecture des Vosges, visites de sites militaires et industriels et conf\u00e9rences, offrant une perspective strat\u00e9gique approfondie de la r\u00e9gion.\" \/>\n<meta name=\"twitter:image\" content=\"https:\/\/ihedn.fr\/wp-content\/uploads\/2024\/02\/IMG-20240209-WA0017.jpg\" \/>\n<meta name=\"twitter:creator\" content=\"@IHEDN\" \/>\n<meta name=\"twitter:site\" content=\"@IHEDN\" \/>\n<meta name=\"twitter:label1\" content=\"Written by\" \/>\n\t<meta name=\"twitter:data1\" content=\"tanguy.morel@ihedn.fr\" \/>\n\t<meta name=\"twitter:label2\" content=\"Estimated reading time\" \/>\n\t<meta name=\"twitter:data2\" content=\"2 minutes\" \/>\n<script type=\"application\/ld+json\" class=\"yoast-schema-graph\">{\"@context\":\"https:\\\/\\\/schema.org\",\"@graph\":[{\"@type\":\"Article\",\"@id\":\"https:\\\/\\\/ihedn.fr\\\/notre-actualite\\\/epinal-accueille-la-236e-session-en-region-grand-est\\\/#article\",\"isPartOf\":{\"@id\":\"https:\\\/\\\/ihedn.fr\\\/notre-actualite\\\/epinal-accueille-la-236e-session-en-region-grand-est\\\/\"},\"author\":{\"name\":\"tanguy.morel@ihedn.fr\",\"@id\":\"https:\\\/\\\/ihedn.fr\\\/#\\\/schema\\\/person\\\/ed217a37104b27a246b200e65b827cc7\"},\"headline\":\"\u00c9pinal accueille la 236e session en r\u00e9gion Grand-Est\",\"datePublished\":\"2024-02-16T12:53:28+00:00\",\"dateModified\":\"2024-02-16T12:54:18+00:00\",\"mainEntityOfPage\":{\"@id\":\"https:\\\/\\\/ihedn.fr\\\/notre-actualite\\\/epinal-accueille-la-236e-session-en-region-grand-est\\\/\"},\"wordCount\":240,\"publisher\":{\"@id\":\"https:\\\/\\\/ihedn.fr\\\/#organization\"},\"image\":{\"@id\":\"https:\\\/\\\/ihedn.fr\\\/notre-actualite\\\/epinal-accueille-la-236e-session-en-region-grand-est\\\/#primaryimage\"},\"thumbnailUrl\":\"https:\\\/\\\/ihedn.fr\\\/wp-content\\\/uploads\\\/2024\\\/02\\\/IMG-20240209-WA0017.jpg\",\"articleSection\":[\"Notre actualit\u00e9\"],\"inLanguage\":\"en-GB\"},{\"@type\":\"WebPage\",\"@id\":\"https:\\\/\\\/ihedn.fr\\\/notre-actualite\\\/epinal-accueille-la-236e-session-en-region-grand-est\\\/\",\"url\":\"https:\\\/\\\/ihedn.fr\\\/notre-actualite\\\/epinal-accueille-la-236e-session-en-region-grand-est\\\/\",\"name\":\"\u00c9pinal accueille la 236e session en r\u00e9gion Grand-Est - L&#039;IHEDN : Institut des hautes \u00e9tudes de d\u00e9fense nationale\",\"isPartOf\":{\"@id\":\"https:\\\/\\\/ihedn.fr\\\/#website\"},\"primaryImageOfPage\":{\"@id\":\"https:\\\/\\\/ihedn.fr\\\/notre-actualite\\\/epinal-accueille-la-236e-session-en-region-grand-est\\\/#primaryimage\"},\"image\":{\"@id\":\"https:\\\/\\\/ihedn.fr\\\/notre-actualite\\\/epinal-accueille-la-236e-session-en-region-grand-est\\\/#primaryimage\"},\"thumbnailUrl\":\"https:\\\/\\\/ihedn.fr\\\/wp-content\\\/uploads\\\/2024\\\/02\\\/IMG-20240209-WA0017.jpg\",\"datePublished\":\"2024-02-16T12:53:28+00:00\",\"dateModified\":\"2024-02-16T12:54:18+00:00\",\"description\":\"Les 43 auditeurs se sont retrouv\u00e9s du 6 au 9 f\u00e9vrier 2024 pour la 3e semaine de la 236e session en r\u00e9gion Grand-Est. Au programme : accueil \u00e0 la Pr\u00e9fecture des Vosges, visites de sites militaires et industriels et conf\u00e9rences, offrant une perspective strat\u00e9gique approfondie de la r\u00e9gion.\",\"breadcrumb\":{\"@id\":\"https:\\\/\\\/ihedn.fr\\\/notre-actualite\\\/epinal-accueille-la-236e-session-en-region-grand-est\\\/#breadcrumb\"},\"inLanguage\":\"en-GB\",\"potentialAction\":[{\"@type\":\"ReadAction\",\"target\":[\"https:\\\/\\\/ihedn.fr\\\/notre-actualite\\\/epinal-accueille-la-236e-session-en-region-grand-est\\\/\"]}]},{\"@type\":\"ImageObject\",\"inLanguage\":\"en-GB\",\"@id\":\"https:\\\/\\\/ihedn.fr\\\/notre-actualite\\\/epinal-accueille-la-236e-session-en-region-grand-est\\\/#primaryimage\",\"url\":\"https:\\\/\\\/ihedn.fr\\\/wp-content\\\/uploads\\\/2024\\\/02\\\/IMG-20240209-WA0017.jpg\",\"contentUrl\":\"https:\\\/\\\/ihedn.fr\\\/wp-content\\\/uploads\\\/2024\\\/02\\\/IMG-20240209-WA0017.jpg\",\"width\":1558,\"height\":1169,\"caption\":\"Les auditeurs de la session en r\u00e9gion Grand-Est \u00e0 \u00c9pinal\"},{\"@type\":\"BreadcrumbList\",\"@id\":\"https:\\\/\\\/ihedn.fr\\\/notre-actualite\\\/epinal-accueille-la-236e-session-en-region-grand-est\\\/#breadcrumb\",\"itemListElement\":[{\"@type\":\"ListItem\",\"position\":1,\"name\":\"Accueil\",\"item\":\"https:\\\/\\\/ihedn.fr\\\/\"},{\"@type\":\"ListItem\",\"position\":2,\"name\":\"\u00c9pinal accueille la 236e session en r\u00e9gion Grand-Est\"}]},{\"@type\":\"WebSite\",\"@id\":\"https:\\\/\\\/ihedn.fr\\\/#website\",\"url\":\"https:\\\/\\\/ihedn.fr\\\/\",\"name\":\"IHEDN : Institut des hautes \u00e9tudes de d\u00e9fense nationale |\",\"description\":\"Site officiel de l&#039;IHEDN plac\u00e9 sous la tutelle du Premier ministre.\",\"publisher\":{\"@id\":\"https:\\\/\\\/ihedn.fr\\\/#organization\"},\"potentialAction\":[{\"@type\":\"SearchAction\",\"target\":{\"@type\":\"EntryPoint\",\"urlTemplate\":\"https:\\\/\\\/ihedn.fr\\\/?s={search_term_string}\"},\"query-input\":{\"@type\":\"PropertyValueSpecification\",\"valueRequired\":true,\"valueName\":\"search_term_string\"}}],\"inLanguage\":\"en-GB\"},{\"@type\":\"Organization\",\"@id\":\"https:\\\/\\\/ihedn.fr\\\/#organization\",\"name\":\"IHEDN - Institut des Hautes Etudes de D\u00e9fense Nationale\",\"url\":\"https:\\\/\\\/ihedn.fr\\\/\",\"logo\":{\"@type\":\"ImageObject\",\"inLanguage\":\"en-GB\",\"@id\":\"https:\\\/\\\/ihedn.fr\\\/#\\\/schema\\\/logo\\\/image\\\/\",\"url\":\"https:\\\/\\\/ihedn.fr\\\/wp-content\\\/uploads\\\/2020\\\/11\\\/BLOC_RF_IHEDN_WEB.png\",\"contentUrl\":\"https:\\\/\\\/ihedn.fr\\\/wp-content\\\/uploads\\\/2020\\\/11\\\/BLOC_RF_IHEDN_WEB.png\",\"width\":500,\"height\":237,\"caption\":\"IHEDN - Institut des Hautes Etudes de D\u00e9fense Nationale\"},\"image\":{\"@id\":\"https:\\\/\\\/ihedn.fr\\\/#\\\/schema\\\/logo\\\/image\\\/\"},\"sameAs\":[\"https:\\\/\\\/www.facebook.com\\\/ihedn\\\/\",\"https:\\\/\\\/x.com\\\/IHEDN\",\"https:\\\/\\\/www.instagram.com\\\/ihedn\\\/\",\"https:\\\/\\\/www.linkedin.com\\\/school\\\/ihedn\\\/\",\"https:\\\/\\\/fr.wikipedia.org\\\/wiki\\\/Institut_des_hautes_\u00e9tudes_de_D\u00e9fense_nationale\"]},{\"@type\":\"Person\",\"@id\":\"https:\\\/\\\/ihedn.fr\\\/#\\\/schema\\\/person\\\/ed217a37104b27a246b200e65b827cc7\",\"name\":\"tanguy.morel@ihedn.fr\",\"image\":{\"@type\":\"ImageObject\",\"inLanguage\":\"en-GB\",\"@id\":\"https:\\\/\\\/secure.gravatar.com\\\/avatar\\\/36877cd30919fafddf1f9da45f4154aa468a64328452f2ceaff0968772207348?s=96&d=mm&r=g\",\"url\":\"https:\\\/\\\/secure.gravatar.com\\\/avatar\\\/36877cd30919fafddf1f9da45f4154aa468a64328452f2ceaff0968772207348?s=96&d=mm&r=g\",\"contentUrl\":\"https:\\\/\\\/secure.gravatar.com\\\/avatar\\\/36877cd30919fafddf1f9da45f4154aa468a64328452f2ceaff0968772207348?s=96&d=mm&r=g\",\"caption\":\"tanguy.morel@ihedn.fr\"},\"url\":\"https:\\\/\\\/ihedn.fr\\\/en\\\/author\\\/tanguy-morelihedn-fr\\\/\"}]}<\/script>\n<!-- \/ Yoast SEO plugin. -->","yoast_head_json":{"title":"\u00c9pinal hosts the 236th session in the Grand-Est region - L'IHEDN : Institut des hautes \u00e9tudes de d\u00e9fense nationale (Institute for Advanced National Defence Studies)","description":"The 43 auditors met from 6 to 9 February 2024 for the 3rd week of the 236th session in the Grand-Est region. The programme included a welcome at the Pr\u00e9fecture des Vosges, visits to military and industrial sites and lectures, providing an in-depth strategic perspective of the region.","robots":{"index":"index","follow":"follow","max-snippet":"max-snippet:-1","max-image-preview":"max-image-preview:large","max-video-preview":"max-video-preview:-1"},"canonical":"https:\/\/ihedn.fr\/en\/notre-actualite\/epinal-accueille-la-236e-session-en-region-grand-est\/","og_locale":"en_GB","og_type":"article","og_title":"\u00c9pinal accueille la 236e session en r\u00e9gion Grand-Est","og_description":"Les 43 auditeurs se sont retrouv\u00e9s du 6 au 9 f\u00e9vrier 2024 pour la 3e semaine de la 236e session en r\u00e9gion Grand-Est. Au programme : accueil \u00e0 la Pr\u00e9fecture des Vosges, visites de sites militaires et industriels et conf\u00e9rences, offrant une perspective strat\u00e9gique approfondie de la r\u00e9gion.","og_url":"https:\/\/ihedn.fr\/en\/notre-actualite\/epinal-accueille-la-236e-session-en-region-grand-est\/","og_site_name":"L&#039;IHEDN : Institut des hautes \u00e9tudes de d\u00e9fense nationale","article_publisher":"https:\/\/www.facebook.com\/ihedn\/","article_published_time":"2024-02-16T12:53:28+00:00","article_modified_time":"2024-02-16T12:54:18+00:00","og_image":[{"width":1558,"height":1169,"url":"https:\/\/ihedn.fr\/wp-content\/uploads\/2024\/02\/IMG-20240209-WA0017.jpg","type":"image\/jpeg"}],"author":"tanguy.morel@ihedn.fr","twitter_card":"summary_large_image","twitter_title":"\u00c9pinal accueille la 236e session en r\u00e9gion Grand-Est","twitter_description":"Les 43 auditeurs se sont retrouv\u00e9s du 6 au 9 f\u00e9vrier 2024 pour la 3e semaine de la 236e session en r\u00e9gion Grand-Est. Au programme : accueil \u00e0 la Pr\u00e9fecture des Vosges, visites de sites militaires et industriels et conf\u00e9rences, offrant une perspective strat\u00e9gique approfondie de la r\u00e9gion.","twitter_image":"https:\/\/ihedn.fr\/wp-content\/uploads\/2024\/02\/IMG-20240209-WA0017.jpg","twitter_creator":"@IHEDN","twitter_site":"@IHEDN","twitter_misc":{"Written by":"tanguy.morel@ihedn.fr","Estimated reading time":"2 minutes"},"schema":{"@context":"https:\/\/schema.org","@graph":[{"@type":"Article","@id":"https:\/\/ihedn.fr\/notre-actualite\/epinal-accueille-la-236e-session-en-region-grand-est\/#article","isPartOf":{"@id":"https:\/\/ihedn.fr\/notre-actualite\/epinal-accueille-la-236e-session-en-region-grand-est\/"},"author":{"name":"tanguy.morel@ihedn.fr","@id":"https:\/\/ihedn.fr\/#\/schema\/person\/ed217a37104b27a246b200e65b827cc7"},"headline":"\u00c9pinal accueille la 236e session en r\u00e9gion Grand-Est","datePublished":"2024-02-16T12:53:28+00:00","dateModified":"2024-02-16T12:54:18+00:00","mainEntityOfPage":{"@id":"https:\/\/ihedn.fr\/notre-actualite\/epinal-accueille-la-236e-session-en-region-grand-est\/"},"wordCount":240,"publisher":{"@id":"https:\/\/ihedn.fr\/#organization"},"image":{"@id":"https:\/\/ihedn.fr\/notre-actualite\/epinal-accueille-la-236e-session-en-region-grand-est\/#primaryimage"},"thumbnailUrl":"https:\/\/ihedn.fr\/wp-content\/uploads\/2024\/02\/IMG-20240209-WA0017.jpg","articleSection":["Notre actualit\u00e9"],"inLanguage":"en-GB"},{"@type":"WebPage","@id":"https:\/\/ihedn.fr\/notre-actualite\/epinal-accueille-la-236e-session-en-region-grand-est\/","url":"https:\/\/ihedn.fr\/notre-actualite\/epinal-accueille-la-236e-session-en-region-grand-est\/","name":"\u00c9pinal hosts the 236th session in the Grand-Est region - L'IHEDN : Institut des hautes \u00e9tudes de d\u00e9fense nationale (Institute for Advanced National Defence Studies)","isPartOf":{"@id":"https:\/\/ihedn.fr\/#website"},"primaryImageOfPage":{"@id":"https:\/\/ihedn.fr\/notre-actualite\/epinal-accueille-la-236e-session-en-region-grand-est\/#primaryimage"},"image":{"@id":"https:\/\/ihedn.fr\/notre-actualite\/epinal-accueille-la-236e-session-en-region-grand-est\/#primaryimage"},"thumbnailUrl":"https:\/\/ihedn.fr\/wp-content\/uploads\/2024\/02\/IMG-20240209-WA0017.jpg","datePublished":"2024-02-16T12:53:28+00:00","dateModified":"2024-02-16T12:54:18+00:00","description":"The 43 auditors met from 6 to 9 February 2024 for the 3rd week of the 236th session in the Grand-Est region. The programme included a welcome at the Pr\u00e9fecture des Vosges, visits to military and industrial sites and lectures, providing an in-depth strategic perspective of the region.","breadcrumb":{"@id":"https:\/\/ihedn.fr\/notre-actualite\/epinal-accueille-la-236e-session-en-region-grand-est\/#breadcrumb"},"inLanguage":"en-GB","potentialAction":[{"@type":"ReadAction","target":["https:\/\/ihedn.fr\/notre-actualite\/epinal-accueille-la-236e-session-en-region-grand-est\/"]}]},{"@type":"ImageObject","inLanguage":"en-GB","@id":"https:\/\/ihedn.fr\/notre-actualite\/epinal-accueille-la-236e-session-en-region-grand-est\/#primaryimage","url":"https:\/\/ihedn.fr\/wp-content\/uploads\/2024\/02\/IMG-20240209-WA0017.jpg","contentUrl":"https:\/\/ihedn.fr\/wp-content\/uploads\/2024\/02\/IMG-20240209-WA0017.jpg","width":1558,"height":1169,"caption":"Les auditeurs de la session en r\u00e9gion Grand-Est \u00e0 \u00c9pinal"},{"@type":"BreadcrumbList","@id":"https:\/\/ihedn.fr\/notre-actualite\/epinal-accueille-la-236e-session-en-region-grand-est\/#breadcrumb","itemListElement":[{"@type":"ListItem","position":1,"name":"Accueil","item":"https:\/\/ihedn.fr\/"},{"@type":"ListItem","position":2,"name":"\u00c9pinal accueille la 236e session en r\u00e9gion Grand-Est"}]},{"@type":"WebSite","@id":"https:\/\/ihedn.fr\/#website","url":"https:\/\/ihedn.fr\/","name":"IHEDN: Institut des hautes \u00e9tudes de d\u00e9fense nationale (Institute for Higher National Defence Studies)","description":"Official website of the IHEDN under the supervision of the Prime Minister.","publisher":{"@id":"https:\/\/ihedn.fr\/#organization"},"potentialAction":[{"@type":"SearchAction","target":{"@type":"EntryPoint","urlTemplate":"https:\/\/ihedn.fr\/?s={search_term_string}"},"query-input":{"@type":"PropertyValueSpecification","valueRequired":true,"valueName":"search_term_string"}}],"inLanguage":"en-GB"},{"@type":"Organization","@id":"https:\/\/ihedn.fr\/#organization","name":"IHEDN - Institute for Higher National Defence Studies","url":"https:\/\/ihedn.fr\/","logo":{"@type":"ImageObject","inLanguage":"en-GB","@id":"https:\/\/ihedn.fr\/#\/schema\/logo\/image\/","url":"https:\/\/ihedn.fr\/wp-content\/uploads\/2020\/11\/BLOC_RF_IHEDN_WEB.png","contentUrl":"https:\/\/ihedn.fr\/wp-content\/uploads\/2020\/11\/BLOC_RF_IHEDN_WEB.png","width":500,"height":237,"caption":"IHEDN - Institut des Hautes Etudes de D\u00e9fense Nationale"},"image":{"@id":"https:\/\/ihedn.fr\/#\/schema\/logo\/image\/"},"sameAs":["https:\/\/www.facebook.com\/ihedn\/","https:\/\/x.com\/IHEDN","https:\/\/www.instagram.com\/ihedn\/","https:\/\/www.linkedin.com\/school\/ihedn\/","https:\/\/fr.wikipedia.org\/wiki\/Institut_des_hautes_\u00e9tudes_de_D\u00e9fense_nationale"]},{"@type":"Person","@id":"https:\/\/ihedn.fr\/#\/schema\/person\/ed217a37104b27a246b200e65b827cc7","name":"tanguy.morel@ihedn.fr","image":{"@type":"ImageObject","inLanguage":"en-GB","@id":"https:\/\/secure.gravatar.com\/avatar\/36877cd30919fafddf1f9da45f4154aa468a64328452f2ceaff0968772207348?s=96&d=mm&r=g","url":"https:\/\/secure.gravatar.com\/avatar\/36877cd30919fafddf1f9da45f4154aa468a64328452f2ceaff0968772207348?s=96&d=mm&r=g","contentUrl":"https:\/\/secure.gravatar.com\/avatar\/36877cd30919fafddf1f9da45f4154aa468a64328452f2ceaff0968772207348?s=96&d=mm&r=g","caption":"tanguy.morel@ihedn.fr"},"url":"https:\/\/ihedn.fr\/en\/author\/tanguy-morelihedn-fr\/"}]}},"publishpress_future_action":{"enabled":false,"date":"2026-05-09 09:45:30","action":"change-status","newStatus":"draft","terms":[],"taxonomy":"category","extraData":[]},"publishpress_future_workflow_manual_trigger":{"enabledWorkflows":[]},"_links":{"self":[{"href":"https:\/\/ihedn.fr\/en\/wp-json\/wp\/v2\/posts\/45936","targetHints":{"allow":["GET"]}}],"collection":[{"href":"https:\/\/ihedn.fr\/en\/wp-json\/wp\/v2\/posts"}],"about":[{"href":"https:\/\/ihedn.fr\/en\/wp-json\/wp\/v2\/types\/post"}],"author":[{"embeddable":true,"href":"https:\/\/ihedn.fr\/en\/wp-json\/wp\/v2\/users\/10"}],"replies":[{"embeddable":true,"href":"https:\/\/ihedn.fr\/en\/wp-json\/wp\/v2\/comments?post=45936"}],"version-history":[{"count":8,"href":"https:\/\/ihedn.fr\/en\/wp-json\/wp\/v2\/posts\/45936\/revisions"}],"predecessor-version":[{"id":45949,"href":"https:\/\/ihedn.fr\/en\/wp-json\/wp\/v2\/posts\/45936\/revisions\/45949"}],"wp:featuredmedia":[{"embeddable":true,"href":"https:\/\/ihedn.fr\/en\/wp-json\/wp\/v2\/media\/45937"}],"wp:attachment":[{"href":"https:\/\/ihedn.fr\/en\/wp-json\/wp\/v2\/media?parent=45936"}],"wp:term":[{"taxonomy":"category","embeddable":true,"href":"https:\/\/ihedn.fr\/en\/wp-json\/wp\/v2\/categories?post=45936"},{"taxonomy":"post_tag","embeddable":true,"href":"https:\/\/ihedn.fr\/en\/wp-json\/wp\/v2\/tags?post=45936"}],"curies":[{"name":"wp","href":"https:\/\/api.w.org\/{rel}","templated":true}]}}