{"id":45954,"date":"2024-02-19T17:07:46","date_gmt":"2024-02-19T16:07:46","guid":{"rendered":"https:\/\/ihedn.fr\/?p=45954"},"modified":"2025-09-04T17:31:42","modified_gmt":"2025-09-04T16:31:42","slug":"nicolas-regaud-la-france-a-ete-le-premier-pays-de-lue-a-elaborer-une-strategie-climat-defense","status":"publish","type":"post","link":"https:\/\/ihedn.fr\/en\/lundis-de-lihedn\/nicolas-regaud-la-france-a-ete-le-premier-pays-de-lue-a-elaborer-une-strategie-climat-defense\/","title":{"rendered":"Nicolas Regaud: \"France was the first EU country to draw up a Climate &amp; Defence strategy\"."},"content":{"rendered":"<div data-elementor-type=\"wp-post\" data-elementor-id=\"45954\" class=\"elementor elementor-45954\" data-elementor-post-type=\"post\">\n\t\t\t\t<div data-particle_enable=\"false\" data-particle-mobile-disabled=\"false\" class=\"elementor-element elementor-element-80ef62d e-flex e-con-boxed e-con e-parent\" data-id=\"80ef62d\" data-element_type=\"container\" data-e-type=\"container\">\n\t\t\t\t\t<div class=\"e-con-inner\">\n\t\t\t\t<div class=\"elementor-element elementor-element-7ab864c elementor-widget elementor-widget-text-editor\" data-id=\"7ab864c\" data-element_type=\"widget\" data-e-type=\"widget\" data-widget_type=\"text-editor.default\">\n\t\t\t\t<div class=\"elementor-widget-container\">\n\t\t\t\t\t\t\t\t\t<p style=\"text-align: left;\">With a doctorate in political science, Nicolas Regaud is the first to be appointed Climate Advisor to the Major General of the French Armed Forces, since spring 2022, in the wake of the adoption of the <a href=\"https:\/\/www.defense.gouv.fr\/ministere\/politique-defense\/strategie-climat-defense\" target=\"_blank\" rel=\"noopener\">Climate and Defence strategy<\/a> of the French Ministry of Defence. He previously held various positions in the field of strategic affairs at the Ministries of the Armed Forces and of Europe and Foreign Affairs, specialising in the Indo-Pacific area in addition to the climate.<\/p>\t\t\t\t\t\t\t\t<\/div>\n\t\t\t\t<\/div>\n\t\t\t\t<div class=\"elementor-element elementor-element-ad7546c elementor-widget elementor-widget-heading\" data-id=\"ad7546c\" data-element_type=\"widget\" data-e-type=\"widget\" data-widget_type=\"heading.default\">\n\t\t\t\t<div class=\"elementor-widget-container\">\n\t\t\t\t\t<h2 class=\"elementor-heading-title elementor-size-default\">HOW IS CLIMATE CHANGE AFFECTING THE DEFENCE SECTOR, IN FRANCE AND ELSEWHERE?<\/h2>\t\t\t\t<\/div>\n\t\t\t\t<\/div>\n\t\t\t\t<div class=\"elementor-element elementor-element-ef65b1b elementor-widget-divider--view-line elementor-widget elementor-widget-divider\" data-id=\"ef65b1b\" data-element_type=\"widget\" data-e-type=\"widget\" data-widget_type=\"divider.default\">\n\t\t\t\t<div class=\"elementor-widget-container\">\n\t\t\t\t\t\t\t<div class=\"elementor-divider\">\n\t\t\t<span class=\"elementor-divider-separator\">\n\t\t\t\t\t\t<\/span>\n\t\t<\/div>\n\t\t\t\t\t\t<\/div>\n\t\t\t\t<\/div>\n\t\t\t\t<div class=\"elementor-element elementor-element-71717bb elementor-widget elementor-widget-text-editor\" data-id=\"71717bb\" data-element_type=\"widget\" data-e-type=\"widget\" data-widget_type=\"text-editor.default\">\n\t\t\t\t<div class=\"elementor-widget-container\">\n\t\t\t\t\t\t\t\t\t<p style=\"text-align: left;\">As major players in defence and security, crisis management and peacekeeping, defence institutions are affected at three levels - strategic, operational and operative.<\/p><p style=\"text-align: left;\">In strategic terms, climate change will make all states more vulnerable, but the most vulnerable are likely to be profoundly destabilised. Take, for example, the very large-scale natural disasters such as those suffered by Pakistan in 2022, when a third of its territory was flooded, or the countries of the Horn of Africa, which experienced several years of devastating drought followed by torrential flooding. These <em>stress tests<\/em> climatic events, sometimes of biblical proportions, will strike us all, but in the least resilient countries this type of event is likely to amplify all the other factors of internal crisis, provoke population displacements with 'crisis-inducing' effects, and even drag their sub-region into instability.<\/p><p style=\"text-align: left;\">Climate change will amplify the risks and threats on a global scale. Think also of the growing tensions over access to water in Africa, the Middle East and Asia. In this context, how can armies not be involved? They will very probably be involved in stabilisation or crisis management missions, even if all eyes are currently focused on the risks of high-intensity conflicts and the Russian-Ukrainian war.<\/p><p style=\"text-align: left;\">In operational terms, it is likely that armies will increasingly be called upon to contribute to humanitarian relief operations following natural disasters. Climate change is increasing the intensity and often the number of these extreme events, and armies around the world often have unique skills and capabilities to help disaster-stricken populations. We therefore need to take action to develop regional cooperation so that we have the organisation and resources to deal with extremely violent climatic shocks in an organised fashion, rather like the FRANZ arrangement which, as early as 1992, enabled cooperation between France, Australia and New Zealand to be organised in terms of relief for disaster-stricken populations in the South Pacific. These frameworks now need to be extended and structured, not only in the Pacific but also in other regions of the world.<\/p>\t\t\t\t\t\t\t\t<\/div>\n\t\t\t\t<\/div>\n\t\t\t\t<div class=\"elementor-element elementor-element-d4e40cb elementor-widget elementor-widget-heading\" data-id=\"d4e40cb\" data-element_type=\"widget\" data-e-type=\"widget\" data-widget_type=\"heading.default\">\n\t\t\t\t<div class=\"elementor-widget-container\">\n\t\t\t\t\t<h2 class=\"elementor-heading-title elementor-size-default\">\"ALL ENVIRONMENTS ARE AFFECTED: OUTER SPACE, AIR, SEA, LAND...\".<\/h2>\t\t\t\t<\/div>\n\t\t\t\t<\/div>\n\t\t\t\t<div class=\"elementor-element elementor-element-2af8197 elementor-widget-divider--view-line elementor-widget elementor-widget-divider\" data-id=\"2af8197\" data-element_type=\"widget\" data-e-type=\"widget\" data-widget_type=\"divider.default\">\n\t\t\t\t<div class=\"elementor-widget-container\">\n\t\t\t\t\t\t\t<div class=\"elementor-divider\">\n\t\t\t<span class=\"elementor-divider-separator\">\n\t\t\t\t\t\t<\/span>\n\t\t<\/div>\n\t\t\t\t\t\t<\/div>\n\t\t\t\t<\/div>\n\t\t\t\t<div class=\"elementor-element elementor-element-309d43b elementor-widget elementor-widget-text-editor\" data-id=\"309d43b\" data-element_type=\"widget\" data-e-type=\"widget\" data-widget_type=\"text-editor.default\">\n\t\t\t\t<div class=\"elementor-widget-container\">\n\t\t\t\t\t\t\t\t\t<p style=\"text-align: left;\">In operational terms, climate change is already having a major impact on us. There are too many possible examples, so I'll just give a few pointers. What we need to remember is that all environments are affected, from outer space to airspace, from land to sea, on the surface and under the sea.<\/p><p style=\"text-align: left;\">Thus, the increase in days of extreme heat is affecting and will increasingly affect the operational readiness of forces, while regions affected by high humid temperatures will make operations particularly demanding. Humid heat and salinity exacerbate the problem of corrosion, which is so often forgotten or underestimated. Let's not forget the need to adapt to the rigours of extreme cold, because the Arctic will become a competitive area as it becomes ice-free.<\/p><p style=\"text-align: left;\">Developing the autonomy of forces, particularly in terms of energy, water and operational readiness maintenance (ORM), is becoming essential for armies committed to adapting to climate change. It is therefore essential for those involved in supporting forces to take MCO into account, particularly with a view to having resilient infrastructures and basing operations on the lightest possible logistical footprint, particularly in terms of energy and water, thereby reducing exposure to threats.<\/p>\t\t\t\t\t\t\t\t<\/div>\n\t\t\t\t<\/div>\n\t\t\t\t<div class=\"elementor-element elementor-element-c6e1ea4 elementor-widget elementor-widget-heading\" data-id=\"c6e1ea4\" data-element_type=\"widget\" data-e-type=\"widget\" data-widget_type=\"heading.default\">\n\t\t\t\t<div class=\"elementor-widget-container\">\n\t\t\t\t\t<h2 class=\"elementor-heading-title elementor-size-default\">WHAT PROGRESS HAS BEEN MADE IN IMPLEMENTING THE CLIMATE AND DEFENCE STRATEGY ADOPTED BY THE MINISTRY OF DEFENCE IN 2022? WHAT ARE ITS MAIN LINES OF ACTION?<\/h2>\t\t\t\t<\/div>\n\t\t\t\t<\/div>\n\t\t\t\t<div class=\"elementor-element elementor-element-46fc9b2 elementor-widget-divider--view-line elementor-widget elementor-widget-divider\" data-id=\"46fc9b2\" data-element_type=\"widget\" data-e-type=\"widget\" data-widget_type=\"divider.default\">\n\t\t\t\t<div class=\"elementor-widget-container\">\n\t\t\t\t\t\t\t<div class=\"elementor-divider\">\n\t\t\t<span class=\"elementor-divider-separator\">\n\t\t\t\t\t\t<\/span>\n\t\t<\/div>\n\t\t\t\t\t\t<\/div>\n\t\t\t\t<\/div>\n\t\t\t\t<div class=\"elementor-element elementor-element-dd76e4d elementor-widget elementor-widget-text-editor\" data-id=\"dd76e4d\" data-element_type=\"widget\" data-e-type=\"widget\" data-widget_type=\"text-editor.default\">\n\t\t\t\t<div class=\"elementor-widget-container\">\n\t\t\t\t\t\t\t\t\t<p style=\"text-align: left;\">The implementation of the <a href=\"https:\/\/www.defense.gouv.fr\/ministere\/politique-defense\/strategie-climat-defense\" target=\"_blank\" rel=\"noopener\">orientation and action plan<\/a> adopted in October 2022, is progressing satisfactorily, sometimes faster than hoped. We need to move quickly, because the climate emergency is here to stay, and every day we see that climate change is accelerating.<\/p><p style=\"text-align: left;\">The main thrusts of our efforts are centred on developing knowledge of the effects of climate change at all levels - from the international scene to the national level. Developing a forward-looking map of climate risks should enable it to be linked and interlinked with the map of geopolitical risks. But we also need to have tools for large-scale prospective risk mapping, in particular to determine the exposure of our infrastructures to natural risks amplified by climate change, by the middle of the century and beyond. This study has already been carried out, covering more than 4,000 sites in France. But this is only the first stage in a process that should enable us to draw up a long-term adaptation plan.<\/p><p style=\"text-align: left;\">Knowledge also means forging closer links with scientific research institutions to ensure that the adaptation of armies is based on science. This has led us to set up a knowledge-sharing tool, to organise regular meetings with high-level scientists, and to develop a tool to raise awareness of the defence challenges of climate change. We are also involved in the large-scale deployment of the Climate &amp; Defence fresco, in which more than 400 people have already taken part since the summer of 2023, and which is helping to ensure that all those involved in the Ministry are not only aware of the issues, but are also agents of change.<\/p><p style=\"text-align: left;\">We have also drawn up a joint forward-looking study on the impact of climate change on the use of forces, which should be approved and published in the next few weeks. This will be a reference document, which can then be adapted by the armed forces, branches and services.<\/p>\t\t\t\t\t\t\t\t<\/div>\n\t\t\t\t<\/div>\n\t\t\t\t<div class=\"elementor-element elementor-element-9823a1a elementor-widget elementor-widget-heading\" data-id=\"9823a1a\" data-element_type=\"widget\" data-e-type=\"widget\" data-widget_type=\"heading.default\">\n\t\t\t\t<div class=\"elementor-widget-container\">\n\t\t\t\t\t<h2 class=\"elementor-heading-title elementor-size-default\">\"AT INTERNATIONAL LEVEL, THINGS ARE MOVING FAST, BOTH AT NATO AND WITHIN THE EUROPEAN UNION\".<\/h2>\t\t\t\t<\/div>\n\t\t\t\t<\/div>\n\t\t\t\t<div class=\"elementor-element elementor-element-9ec9e1e elementor-widget-divider--view-line elementor-widget elementor-widget-divider\" data-id=\"9ec9e1e\" data-element_type=\"widget\" data-e-type=\"widget\" data-widget_type=\"divider.default\">\n\t\t\t\t<div class=\"elementor-widget-container\">\n\t\t\t\t\t\t\t<div class=\"elementor-divider\">\n\t\t\t<span class=\"elementor-divider-separator\">\n\t\t\t\t\t\t<\/span>\n\t\t<\/div>\n\t\t\t\t\t\t<\/div>\n\t\t\t\t<\/div>\n\t\t\t\t<div class=\"elementor-element elementor-element-1594b12 elementor-widget elementor-widget-text-editor\" data-id=\"1594b12\" data-element_type=\"widget\" data-e-type=\"widget\" data-widget_type=\"text-editor.default\">\n\t\t\t\t<div class=\"elementor-widget-container\">\n\t\t\t\t\t\t\t\t\t<p style=\"text-align: left;\">Finally, at the international level, things are moving fast, both at NATO and within the European Union. We are committed to helping launch the NATO Centre of Excellence on Climate and Security, which opened in Montreal in October 2023. Its Chief of Staff is a French officer, and he will be joined next summer by a civilian in charge of doctrine development and standardisation.<\/p><p style=\"text-align: left;\">At EU level, France was the first Member State to have drawn up a Climate &amp; Defence strategy, but we will be joined by all our partners in the coming months - this is a commitment made as part of the Strategic Compass in March 2022 - which will naturally provide new opportunities for sharing experience and good practice. A European Climate &amp; Defence network has been set up, and we welcomed the members of this network to Paris in July 2023, the day after the international conference organised by the Joint Chiefs of Staff on the implementation of the climate strategy.<\/p><p style=\"text-align: left;\">These are just a few examples of the actions that have been taken and the initial results, but there is still a long way to go, because the adaptation of armed forces is a very long-term undertaking, which involves not only contributing to sustainable development and mitigation policies, but also maintaining a defence capability that is at the highest level, resilient and adapted to the consequences of what is undoubtedly the greatest strategic challenge of the century.<\/p>\t\t\t\t\t\t\t\t<\/div>\n\t\t\t\t<\/div>\n\t\t\t\t\t<\/div>\n\t\t\t\t<\/div>\n\t\t\t\t<\/div>","protected":false},"excerpt":{"rendered":"<p>The climate adviser to the Major General of the French Armed Forces explains how climate change is affecting the armed forces at strategic, operational and operational levels, and looks at the application of the Climate and Defence strategy adopted in 2022.<\/p>","protected":false},"author":10,"featured_media":45995,"comment_status":"closed","ping_status":"closed","sticky":false,"template":"","format":"standard","meta":{"footnotes":""},"categories":[41,171,210],"tags":[],"class_list":["post-45954","post","type-post","status-publish","format-standard","has-post-thumbnail","hentry","category-lundis-de-lihedn","category-notre-selection","category-securite-nationale"],"yoast_head":"<!-- This site is optimized with the Yoast SEO plugin v27.5 - https:\/\/yoast.com\/product\/yoast-seo-wordpress\/ -->\n<title>Nicolas Regaud : \u00ab La France a \u00e9t\u00e9 le premier pays de l\u2019UE \u00e0 \u00e9laborer une strat\u00e9gie Climat &amp; D\u00e9fense \u00bb - L&#039;IHEDN : Institut des hautes \u00e9tudes de d\u00e9fense nationale<\/title>\n<meta name=\"description\" content=\"Le conseiller Climat du major g\u00e9n\u00e9ral des arm\u00e9es d\u00e9taille la mani\u00e8re dont le changement climatique affecte les arm\u00e9es \u00e0 la fois au plan strat\u00e9gique, op\u00e9rationnel et op\u00e9ratif, et revient sur l\u2019application de la Strat\u00e9gie climat et d\u00e9fense adopt\u00e9e en 2022.\" \/>\n<meta name=\"robots\" content=\"index, follow, max-snippet:-1, max-image-preview:large, max-video-preview:-1\" \/>\n<link rel=\"canonical\" href=\"https:\/\/ihedn.fr\/en\/lundis-de-lihedn\/nicolas-regaud-la-france-a-ete-le-premier-pays-de-lue-a-elaborer-une-strategie-climat-defense\/\" \/>\n<meta property=\"og:locale\" content=\"en_GB\" \/>\n<meta property=\"og:type\" content=\"article\" \/>\n<meta property=\"og:title\" content=\"Nicolas Regaud : \u00ab La France a \u00e9t\u00e9 le premier pays de l\u2019UE \u00e0 \u00e9laborer une strat\u00e9gie Climat &amp; D\u00e9fense \u00bb\" \/>\n<meta property=\"og:description\" content=\"Le conseiller Climat du major g\u00e9n\u00e9ral des arm\u00e9es d\u00e9taille la mani\u00e8re dont le changement climatique affecte les arm\u00e9es \u00e0 la fois au plan strat\u00e9gique, op\u00e9rationnel et op\u00e9ratif, et revient sur l\u2019application de la Strat\u00e9gie climat et d\u00e9fense adopt\u00e9e en 2022.\" \/>\n<meta property=\"og:url\" content=\"https:\/\/ihedn.fr\/en\/lundis-de-lihedn\/nicolas-regaud-la-france-a-ete-le-premier-pays-de-lue-a-elaborer-une-strategie-climat-defense\/\" \/>\n<meta property=\"og:site_name\" content=\"L&#039;IHEDN : Institut des hautes \u00e9tudes de d\u00e9fense nationale\" \/>\n<meta property=\"article:publisher\" content=\"https:\/\/www.facebook.com\/ihedn\/\" \/>\n<meta property=\"article:published_time\" content=\"2024-02-19T16:07:46+00:00\" \/>\n<meta property=\"article:modified_time\" content=\"2025-09-04T16:31:42+00:00\" \/>\n<meta property=\"og:image\" content=\"https:\/\/ihedn.fr\/wp-content\/uploads\/2024\/02\/Bandeau_REGAUD_19_02_2024.jpg\" \/>\n\t<meta property=\"og:image:width\" content=\"1920\" \/>\n\t<meta property=\"og:image:height\" content=\"960\" \/>\n\t<meta property=\"og:image:type\" content=\"image\/jpeg\" \/>\n<meta name=\"author\" content=\"tanguy.morel@ihedn.fr\" \/>\n<meta name=\"twitter:card\" content=\"summary_large_image\" \/>\n<meta name=\"twitter:title\" content=\"Nicolas Regaud : \u00ab La France a \u00e9t\u00e9 le premier pays de l\u2019UE \u00e0 \u00e9laborer une strat\u00e9gie Climat &amp; D\u00e9fense \u00bb\" \/>\n<meta name=\"twitter:description\" content=\"Le conseiller Climat du major g\u00e9n\u00e9ral des arm\u00e9es d\u00e9taille la mani\u00e8re dont le changement climatique affecte les arm\u00e9es \u00e0 la fois au plan strat\u00e9gique, op\u00e9rationnel et op\u00e9ratif, et revient sur l\u2019application de la Strat\u00e9gie climat et d\u00e9fense adopt\u00e9e en 2022.\" \/>\n<meta name=\"twitter:image\" content=\"https:\/\/ihedn.fr\/wp-content\/uploads\/2024\/02\/Bandeau_REGAUD_19_02_2024.jpg\" \/>\n<meta name=\"twitter:creator\" content=\"@IHEDN\" \/>\n<meta name=\"twitter:site\" content=\"@IHEDN\" \/>\n<meta name=\"twitter:label1\" content=\"Written by\" \/>\n\t<meta name=\"twitter:data1\" content=\"tanguy.morel@ihedn.fr\" \/>\n\t<meta name=\"twitter:label2\" content=\"Estimated reading time\" \/>\n\t<meta name=\"twitter:data2\" content=\"7 minutes\" \/>\n<script type=\"application\/ld+json\" class=\"yoast-schema-graph\">{\"@context\":\"https:\\\/\\\/schema.org\",\"@graph\":[{\"@type\":\"Article\",\"@id\":\"https:\\\/\\\/ihedn.fr\\\/lundis-de-lihedn\\\/nicolas-regaud-la-france-a-ete-le-premier-pays-de-lue-a-elaborer-une-strategie-climat-defense\\\/#article\",\"isPartOf\":{\"@id\":\"https:\\\/\\\/ihedn.fr\\\/lundis-de-lihedn\\\/nicolas-regaud-la-france-a-ete-le-premier-pays-de-lue-a-elaborer-une-strategie-climat-defense\\\/\"},\"author\":{\"name\":\"tanguy.morel@ihedn.fr\",\"@id\":\"https:\\\/\\\/ihedn.fr\\\/#\\\/schema\\\/person\\\/ed217a37104b27a246b200e65b827cc7\"},\"headline\":\"Nicolas Regaud : \u00ab La France a \u00e9t\u00e9 le premier pays de l\u2019UE \u00e0 \u00e9laborer une strat\u00e9gie Climat &#038; D\u00e9fense \u00bb\",\"datePublished\":\"2024-02-19T16:07:46+00:00\",\"dateModified\":\"2025-09-04T16:31:42+00:00\",\"mainEntityOfPage\":{\"@id\":\"https:\\\/\\\/ihedn.fr\\\/lundis-de-lihedn\\\/nicolas-regaud-la-france-a-ete-le-premier-pays-de-lue-a-elaborer-une-strategie-climat-defense\\\/\"},\"wordCount\":1516,\"publisher\":{\"@id\":\"https:\\\/\\\/ihedn.fr\\\/#organization\"},\"image\":{\"@id\":\"https:\\\/\\\/ihedn.fr\\\/lundis-de-lihedn\\\/nicolas-regaud-la-france-a-ete-le-premier-pays-de-lue-a-elaborer-une-strategie-climat-defense\\\/#primaryimage\"},\"thumbnailUrl\":\"https:\\\/\\\/ihedn.fr\\\/wp-content\\\/uploads\\\/2024\\\/02\\\/Bandeau_REGAUD_19_02_2024-1.jpg\",\"articleSection\":[\"Lundis de l'IHEDN\",\"Notre s\u00e9lection\",\"s\u00e9curit\u00e9 nationale\"],\"inLanguage\":\"en-GB\"},{\"@type\":\"WebPage\",\"@id\":\"https:\\\/\\\/ihedn.fr\\\/lundis-de-lihedn\\\/nicolas-regaud-la-france-a-ete-le-premier-pays-de-lue-a-elaborer-une-strategie-climat-defense\\\/\",\"url\":\"https:\\\/\\\/ihedn.fr\\\/lundis-de-lihedn\\\/nicolas-regaud-la-france-a-ete-le-premier-pays-de-lue-a-elaborer-une-strategie-climat-defense\\\/\",\"name\":\"Nicolas Regaud : \u00ab La France a \u00e9t\u00e9 le premier pays de l\u2019UE \u00e0 \u00e9laborer une strat\u00e9gie Climat & D\u00e9fense \u00bb - L&#039;IHEDN : Institut des hautes \u00e9tudes de d\u00e9fense nationale\",\"isPartOf\":{\"@id\":\"https:\\\/\\\/ihedn.fr\\\/#website\"},\"primaryImageOfPage\":{\"@id\":\"https:\\\/\\\/ihedn.fr\\\/lundis-de-lihedn\\\/nicolas-regaud-la-france-a-ete-le-premier-pays-de-lue-a-elaborer-une-strategie-climat-defense\\\/#primaryimage\"},\"image\":{\"@id\":\"https:\\\/\\\/ihedn.fr\\\/lundis-de-lihedn\\\/nicolas-regaud-la-france-a-ete-le-premier-pays-de-lue-a-elaborer-une-strategie-climat-defense\\\/#primaryimage\"},\"thumbnailUrl\":\"https:\\\/\\\/ihedn.fr\\\/wp-content\\\/uploads\\\/2024\\\/02\\\/Bandeau_REGAUD_19_02_2024-1.jpg\",\"datePublished\":\"2024-02-19T16:07:46+00:00\",\"dateModified\":\"2025-09-04T16:31:42+00:00\",\"description\":\"Le conseiller Climat du major g\u00e9n\u00e9ral des arm\u00e9es d\u00e9taille la mani\u00e8re dont le changement climatique affecte les arm\u00e9es \u00e0 la fois au plan strat\u00e9gique, op\u00e9rationnel et op\u00e9ratif, et revient sur l\u2019application de la Strat\u00e9gie climat et d\u00e9fense adopt\u00e9e en 2022.\",\"breadcrumb\":{\"@id\":\"https:\\\/\\\/ihedn.fr\\\/lundis-de-lihedn\\\/nicolas-regaud-la-france-a-ete-le-premier-pays-de-lue-a-elaborer-une-strategie-climat-defense\\\/#breadcrumb\"},\"inLanguage\":\"en-GB\",\"potentialAction\":[{\"@type\":\"ReadAction\",\"target\":[\"https:\\\/\\\/ihedn.fr\\\/lundis-de-lihedn\\\/nicolas-regaud-la-france-a-ete-le-premier-pays-de-lue-a-elaborer-une-strategie-climat-defense\\\/\"]}]},{\"@type\":\"ImageObject\",\"inLanguage\":\"en-GB\",\"@id\":\"https:\\\/\\\/ihedn.fr\\\/lundis-de-lihedn\\\/nicolas-regaud-la-france-a-ete-le-premier-pays-de-lue-a-elaborer-une-strategie-climat-defense\\\/#primaryimage\",\"url\":\"https:\\\/\\\/ihedn.fr\\\/wp-content\\\/uploads\\\/2024\\\/02\\\/Bandeau_REGAUD_19_02_2024-1.jpg\",\"contentUrl\":\"https:\\\/\\\/ihedn.fr\\\/wp-content\\\/uploads\\\/2024\\\/02\\\/Bandeau_REGAUD_19_02_2024-1.jpg\",\"width\":1920,\"height\":960,\"caption\":\"Nicolas Regaud : \u00ab La France a \u00e9t\u00e9 le premier pays de l\u2019UE \u00e0 \u00e9laborer une strat\u00e9gie climat & d\u00e9fense \u00bb\"},{\"@type\":\"BreadcrumbList\",\"@id\":\"https:\\\/\\\/ihedn.fr\\\/lundis-de-lihedn\\\/nicolas-regaud-la-france-a-ete-le-premier-pays-de-lue-a-elaborer-une-strategie-climat-defense\\\/#breadcrumb\",\"itemListElement\":[{\"@type\":\"ListItem\",\"position\":1,\"name\":\"Accueil\",\"item\":\"https:\\\/\\\/ihedn.fr\\\/\"},{\"@type\":\"ListItem\",\"position\":2,\"name\":\"Nicolas Regaud : \u00ab La France a \u00e9t\u00e9 le premier pays de l\u2019UE \u00e0 \u00e9laborer une strat\u00e9gie Climat &#038; D\u00e9fense \u00bb\"}]},{\"@type\":\"WebSite\",\"@id\":\"https:\\\/\\\/ihedn.fr\\\/#website\",\"url\":\"https:\\\/\\\/ihedn.fr\\\/\",\"name\":\"IHEDN : Institut des hautes \u00e9tudes de d\u00e9fense nationale |\",\"description\":\"Site officiel de l&#039;IHEDN plac\u00e9 sous la tutelle du Premier ministre.\",\"publisher\":{\"@id\":\"https:\\\/\\\/ihedn.fr\\\/#organization\"},\"potentialAction\":[{\"@type\":\"SearchAction\",\"target\":{\"@type\":\"EntryPoint\",\"urlTemplate\":\"https:\\\/\\\/ihedn.fr\\\/?s={search_term_string}\"},\"query-input\":{\"@type\":\"PropertyValueSpecification\",\"valueRequired\":true,\"valueName\":\"search_term_string\"}}],\"inLanguage\":\"en-GB\"},{\"@type\":\"Organization\",\"@id\":\"https:\\\/\\\/ihedn.fr\\\/#organization\",\"name\":\"IHEDN - Institut des Hautes Etudes de D\u00e9fense Nationale\",\"url\":\"https:\\\/\\\/ihedn.fr\\\/\",\"logo\":{\"@type\":\"ImageObject\",\"inLanguage\":\"en-GB\",\"@id\":\"https:\\\/\\\/ihedn.fr\\\/#\\\/schema\\\/logo\\\/image\\\/\",\"url\":\"https:\\\/\\\/ihedn.fr\\\/wp-content\\\/uploads\\\/2020\\\/11\\\/BLOC_RF_IHEDN_WEB.png\",\"contentUrl\":\"https:\\\/\\\/ihedn.fr\\\/wp-content\\\/uploads\\\/2020\\\/11\\\/BLOC_RF_IHEDN_WEB.png\",\"width\":500,\"height\":237,\"caption\":\"IHEDN - Institut des Hautes Etudes de D\u00e9fense Nationale\"},\"image\":{\"@id\":\"https:\\\/\\\/ihedn.fr\\\/#\\\/schema\\\/logo\\\/image\\\/\"},\"sameAs\":[\"https:\\\/\\\/www.facebook.com\\\/ihedn\\\/\",\"https:\\\/\\\/x.com\\\/IHEDN\",\"https:\\\/\\\/www.instagram.com\\\/ihedn\\\/\",\"https:\\\/\\\/www.linkedin.com\\\/school\\\/ihedn\\\/\",\"https:\\\/\\\/fr.wikipedia.org\\\/wiki\\\/Institut_des_hautes_\u00e9tudes_de_D\u00e9fense_nationale\"]},{\"@type\":\"Person\",\"@id\":\"https:\\\/\\\/ihedn.fr\\\/#\\\/schema\\\/person\\\/ed217a37104b27a246b200e65b827cc7\",\"name\":\"tanguy.morel@ihedn.fr\",\"image\":{\"@type\":\"ImageObject\",\"inLanguage\":\"en-GB\",\"@id\":\"https:\\\/\\\/secure.gravatar.com\\\/avatar\\\/36877cd30919fafddf1f9da45f4154aa468a64328452f2ceaff0968772207348?s=96&d=mm&r=g\",\"url\":\"https:\\\/\\\/secure.gravatar.com\\\/avatar\\\/36877cd30919fafddf1f9da45f4154aa468a64328452f2ceaff0968772207348?s=96&d=mm&r=g\",\"contentUrl\":\"https:\\\/\\\/secure.gravatar.com\\\/avatar\\\/36877cd30919fafddf1f9da45f4154aa468a64328452f2ceaff0968772207348?s=96&d=mm&r=g\",\"caption\":\"tanguy.morel@ihedn.fr\"},\"url\":\"https:\\\/\\\/ihedn.fr\\\/en\\\/author\\\/tanguy-morelihedn-fr\\\/\"}]}<\/script>\n<!-- \/ Yoast SEO plugin. -->","yoast_head_json":{"title":"Nicolas Regaud: \"France was the first EU country to draw up a Climate &amp; Defence strategy\" - L'IHEDN : Institut des hautes \u00e9tudes de d\u00e9fense nationale (Graduate Institute of National Defence)","description":"The Climate Advisor to the Major General of the French Armed Forces explains how climate change is affecting the armed forces at strategic, operational and operational levels, and looks at the application of the Climate and Defence Strategy adopted in 2022.","robots":{"index":"index","follow":"follow","max-snippet":"max-snippet:-1","max-image-preview":"max-image-preview:large","max-video-preview":"max-video-preview:-1"},"canonical":"https:\/\/ihedn.fr\/en\/lundis-de-lihedn\/nicolas-regaud-la-france-a-ete-le-premier-pays-de-lue-a-elaborer-une-strategie-climat-defense\/","og_locale":"en_GB","og_type":"article","og_title":"Nicolas Regaud : \u00ab La France a \u00e9t\u00e9 le premier pays de l\u2019UE \u00e0 \u00e9laborer une strat\u00e9gie Climat & D\u00e9fense \u00bb","og_description":"Le conseiller Climat du major g\u00e9n\u00e9ral des arm\u00e9es d\u00e9taille la mani\u00e8re dont le changement climatique affecte les arm\u00e9es \u00e0 la fois au plan strat\u00e9gique, op\u00e9rationnel et op\u00e9ratif, et revient sur l\u2019application de la Strat\u00e9gie climat et d\u00e9fense adopt\u00e9e en 2022.","og_url":"https:\/\/ihedn.fr\/en\/lundis-de-lihedn\/nicolas-regaud-la-france-a-ete-le-premier-pays-de-lue-a-elaborer-une-strategie-climat-defense\/","og_site_name":"L&#039;IHEDN : Institut des hautes \u00e9tudes de d\u00e9fense nationale","article_publisher":"https:\/\/www.facebook.com\/ihedn\/","article_published_time":"2024-02-19T16:07:46+00:00","article_modified_time":"2025-09-04T16:31:42+00:00","og_image":[{"width":1920,"height":960,"url":"https:\/\/ihedn.fr\/wp-content\/uploads\/2024\/02\/Bandeau_REGAUD_19_02_2024.jpg","type":"image\/jpeg"}],"author":"tanguy.morel@ihedn.fr","twitter_card":"summary_large_image","twitter_title":"Nicolas Regaud : \u00ab La France a \u00e9t\u00e9 le premier pays de l\u2019UE \u00e0 \u00e9laborer une strat\u00e9gie Climat & D\u00e9fense \u00bb","twitter_description":"Le conseiller Climat du major g\u00e9n\u00e9ral des arm\u00e9es d\u00e9taille la mani\u00e8re dont le changement climatique affecte les arm\u00e9es \u00e0 la fois au plan strat\u00e9gique, op\u00e9rationnel et op\u00e9ratif, et revient sur l\u2019application de la Strat\u00e9gie climat et d\u00e9fense adopt\u00e9e en 2022.","twitter_image":"https:\/\/ihedn.fr\/wp-content\/uploads\/2024\/02\/Bandeau_REGAUD_19_02_2024.jpg","twitter_creator":"@IHEDN","twitter_site":"@IHEDN","twitter_misc":{"Written by":"tanguy.morel@ihedn.fr","Estimated reading time":"7 minutes"},"schema":{"@context":"https:\/\/schema.org","@graph":[{"@type":"Article","@id":"https:\/\/ihedn.fr\/lundis-de-lihedn\/nicolas-regaud-la-france-a-ete-le-premier-pays-de-lue-a-elaborer-une-strategie-climat-defense\/#article","isPartOf":{"@id":"https:\/\/ihedn.fr\/lundis-de-lihedn\/nicolas-regaud-la-france-a-ete-le-premier-pays-de-lue-a-elaborer-une-strategie-climat-defense\/"},"author":{"name":"tanguy.morel@ihedn.fr","@id":"https:\/\/ihedn.fr\/#\/schema\/person\/ed217a37104b27a246b200e65b827cc7"},"headline":"Nicolas Regaud : \u00ab La France a \u00e9t\u00e9 le premier pays de l\u2019UE \u00e0 \u00e9laborer une strat\u00e9gie Climat &#038; D\u00e9fense \u00bb","datePublished":"2024-02-19T16:07:46+00:00","dateModified":"2025-09-04T16:31:42+00:00","mainEntityOfPage":{"@id":"https:\/\/ihedn.fr\/lundis-de-lihedn\/nicolas-regaud-la-france-a-ete-le-premier-pays-de-lue-a-elaborer-une-strategie-climat-defense\/"},"wordCount":1516,"publisher":{"@id":"https:\/\/ihedn.fr\/#organization"},"image":{"@id":"https:\/\/ihedn.fr\/lundis-de-lihedn\/nicolas-regaud-la-france-a-ete-le-premier-pays-de-lue-a-elaborer-une-strategie-climat-defense\/#primaryimage"},"thumbnailUrl":"https:\/\/ihedn.fr\/wp-content\/uploads\/2024\/02\/Bandeau_REGAUD_19_02_2024-1.jpg","articleSection":["Lundis de l'IHEDN","Notre s\u00e9lection","s\u00e9curit\u00e9 nationale"],"inLanguage":"en-GB"},{"@type":"WebPage","@id":"https:\/\/ihedn.fr\/lundis-de-lihedn\/nicolas-regaud-la-france-a-ete-le-premier-pays-de-lue-a-elaborer-une-strategie-climat-defense\/","url":"https:\/\/ihedn.fr\/lundis-de-lihedn\/nicolas-regaud-la-france-a-ete-le-premier-pays-de-lue-a-elaborer-une-strategie-climat-defense\/","name":"Nicolas Regaud: \"France was the first EU country to draw up a Climate &amp; Defence strategy\" - L'IHEDN : Institut des hautes \u00e9tudes de d\u00e9fense nationale (Graduate Institute of National Defence)","isPartOf":{"@id":"https:\/\/ihedn.fr\/#website"},"primaryImageOfPage":{"@id":"https:\/\/ihedn.fr\/lundis-de-lihedn\/nicolas-regaud-la-france-a-ete-le-premier-pays-de-lue-a-elaborer-une-strategie-climat-defense\/#primaryimage"},"image":{"@id":"https:\/\/ihedn.fr\/lundis-de-lihedn\/nicolas-regaud-la-france-a-ete-le-premier-pays-de-lue-a-elaborer-une-strategie-climat-defense\/#primaryimage"},"thumbnailUrl":"https:\/\/ihedn.fr\/wp-content\/uploads\/2024\/02\/Bandeau_REGAUD_19_02_2024-1.jpg","datePublished":"2024-02-19T16:07:46+00:00","dateModified":"2025-09-04T16:31:42+00:00","description":"The Climate Advisor to the Major General of the French Armed Forces explains how climate change is affecting the armed forces at strategic, operational and operational levels, and looks at the application of the Climate and Defence Strategy adopted in 2022.","breadcrumb":{"@id":"https:\/\/ihedn.fr\/lundis-de-lihedn\/nicolas-regaud-la-france-a-ete-le-premier-pays-de-lue-a-elaborer-une-strategie-climat-defense\/#breadcrumb"},"inLanguage":"en-GB","potentialAction":[{"@type":"ReadAction","target":["https:\/\/ihedn.fr\/lundis-de-lihedn\/nicolas-regaud-la-france-a-ete-le-premier-pays-de-lue-a-elaborer-une-strategie-climat-defense\/"]}]},{"@type":"ImageObject","inLanguage":"en-GB","@id":"https:\/\/ihedn.fr\/lundis-de-lihedn\/nicolas-regaud-la-france-a-ete-le-premier-pays-de-lue-a-elaborer-une-strategie-climat-defense\/#primaryimage","url":"https:\/\/ihedn.fr\/wp-content\/uploads\/2024\/02\/Bandeau_REGAUD_19_02_2024-1.jpg","contentUrl":"https:\/\/ihedn.fr\/wp-content\/uploads\/2024\/02\/Bandeau_REGAUD_19_02_2024-1.jpg","width":1920,"height":960,"caption":"Nicolas Regaud : \u00ab La France a \u00e9t\u00e9 le premier pays de l\u2019UE \u00e0 \u00e9laborer une strat\u00e9gie climat & d\u00e9fense \u00bb"},{"@type":"BreadcrumbList","@id":"https:\/\/ihedn.fr\/lundis-de-lihedn\/nicolas-regaud-la-france-a-ete-le-premier-pays-de-lue-a-elaborer-une-strategie-climat-defense\/#breadcrumb","itemListElement":[{"@type":"ListItem","position":1,"name":"Accueil","item":"https:\/\/ihedn.fr\/"},{"@type":"ListItem","position":2,"name":"Nicolas Regaud : \u00ab La France a \u00e9t\u00e9 le premier pays de l\u2019UE \u00e0 \u00e9laborer une strat\u00e9gie Climat &#038; D\u00e9fense \u00bb"}]},{"@type":"WebSite","@id":"https:\/\/ihedn.fr\/#website","url":"https:\/\/ihedn.fr\/","name":"IHEDN: Institut des hautes \u00e9tudes de d\u00e9fense nationale (Institute for Higher National Defence Studies)","description":"Official website of the IHEDN under the supervision of the Prime Minister.","publisher":{"@id":"https:\/\/ihedn.fr\/#organization"},"potentialAction":[{"@type":"SearchAction","target":{"@type":"EntryPoint","urlTemplate":"https:\/\/ihedn.fr\/?s={search_term_string}"},"query-input":{"@type":"PropertyValueSpecification","valueRequired":true,"valueName":"search_term_string"}}],"inLanguage":"en-GB"},{"@type":"Organization","@id":"https:\/\/ihedn.fr\/#organization","name":"IHEDN - Institute for Higher National Defence Studies","url":"https:\/\/ihedn.fr\/","logo":{"@type":"ImageObject","inLanguage":"en-GB","@id":"https:\/\/ihedn.fr\/#\/schema\/logo\/image\/","url":"https:\/\/ihedn.fr\/wp-content\/uploads\/2020\/11\/BLOC_RF_IHEDN_WEB.png","contentUrl":"https:\/\/ihedn.fr\/wp-content\/uploads\/2020\/11\/BLOC_RF_IHEDN_WEB.png","width":500,"height":237,"caption":"IHEDN - Institut des Hautes Etudes de D\u00e9fense Nationale"},"image":{"@id":"https:\/\/ihedn.fr\/#\/schema\/logo\/image\/"},"sameAs":["https:\/\/www.facebook.com\/ihedn\/","https:\/\/x.com\/IHEDN","https:\/\/www.instagram.com\/ihedn\/","https:\/\/www.linkedin.com\/school\/ihedn\/","https:\/\/fr.wikipedia.org\/wiki\/Institut_des_hautes_\u00e9tudes_de_D\u00e9fense_nationale"]},{"@type":"Person","@id":"https:\/\/ihedn.fr\/#\/schema\/person\/ed217a37104b27a246b200e65b827cc7","name":"tanguy.morel@ihedn.fr","image":{"@type":"ImageObject","inLanguage":"en-GB","@id":"https:\/\/secure.gravatar.com\/avatar\/36877cd30919fafddf1f9da45f4154aa468a64328452f2ceaff0968772207348?s=96&d=mm&r=g","url":"https:\/\/secure.gravatar.com\/avatar\/36877cd30919fafddf1f9da45f4154aa468a64328452f2ceaff0968772207348?s=96&d=mm&r=g","contentUrl":"https:\/\/secure.gravatar.com\/avatar\/36877cd30919fafddf1f9da45f4154aa468a64328452f2ceaff0968772207348?s=96&d=mm&r=g","caption":"tanguy.morel@ihedn.fr"},"url":"https:\/\/ihedn.fr\/en\/author\/tanguy-morelihedn-fr\/"}]}},"publishpress_future_action":{"enabled":false,"date":"2026-05-07 01:39:02","action":"change-status","newStatus":"draft","terms":[],"taxonomy":"category","extraData":[]},"publishpress_future_workflow_manual_trigger":{"enabledWorkflows":[]},"_links":{"self":[{"href":"https:\/\/ihedn.fr\/en\/wp-json\/wp\/v2\/posts\/45954","targetHints":{"allow":["GET"]}}],"collection":[{"href":"https:\/\/ihedn.fr\/en\/wp-json\/wp\/v2\/posts"}],"about":[{"href":"https:\/\/ihedn.fr\/en\/wp-json\/wp\/v2\/types\/post"}],"author":[{"embeddable":true,"href":"https:\/\/ihedn.fr\/en\/wp-json\/wp\/v2\/users\/10"}],"replies":[{"embeddable":true,"href":"https:\/\/ihedn.fr\/en\/wp-json\/wp\/v2\/comments?post=45954"}],"version-history":[{"count":18,"href":"https:\/\/ihedn.fr\/en\/wp-json\/wp\/v2\/posts\/45954\/revisions"}],"predecessor-version":[{"id":55438,"href":"https:\/\/ihedn.fr\/en\/wp-json\/wp\/v2\/posts\/45954\/revisions\/55438"}],"wp:featuredmedia":[{"embeddable":true,"href":"https:\/\/ihedn.fr\/en\/wp-json\/wp\/v2\/media\/45995"}],"wp:attachment":[{"href":"https:\/\/ihedn.fr\/en\/wp-json\/wp\/v2\/media?parent=45954"}],"wp:term":[{"taxonomy":"category","embeddable":true,"href":"https:\/\/ihedn.fr\/en\/wp-json\/wp\/v2\/categories?post=45954"},{"taxonomy":"post_tag","embeddable":true,"href":"https:\/\/ihedn.fr\/en\/wp-json\/wp\/v2\/tags?post=45954"}],"curies":[{"name":"wp","href":"https:\/\/api.w.org\/{rel}","templated":true}]}}