{"id":46251,"date":"2024-02-28T15:15:24","date_gmt":"2024-02-28T14:15:24","guid":{"rendered":"https:\/\/ihedn.fr\/?p=46251"},"modified":"2024-03-22T09:40:14","modified_gmt":"2024-03-22T08:40:14","slug":"julien-vercueil-la-guerre-et-les-sanctions-ont-coute-a-la-russie-5-de-son-pib","status":"publish","type":"post","link":"https:\/\/ihedn.fr\/en\/notre-selection\/julien-vercueil-la-guerre-et-les-sanctions-ont-coute-a-la-russie-5-de-son-pib\/","title":{"rendered":"Julien Vercueil: \"The war and sanctions have cost Russia 5 % of its GDP\"."},"content":{"rendered":"\t\t<div data-elementor-type=\"wp-post\" data-elementor-id=\"46251\" class=\"elementor elementor-46251\" data-elementor-post-type=\"post\">\n\t\t\t\t<div data-particle_enable=\"false\" data-particle-mobile-disabled=\"false\" class=\"elementor-element elementor-element-80ef62d e-flex e-con-boxed e-con e-parent\" data-id=\"80ef62d\" data-element_type=\"container\" data-e-type=\"container\">\n\t\t\t\t\t<div class=\"e-con-inner\">\n\t\t\t\t<div class=\"elementor-element elementor-element-7ab864c elementor-widget elementor-widget-text-editor\" data-id=\"7ab864c\" data-element_type=\"widget\" data-e-type=\"widget\" data-widget_type=\"text-editor.default\">\n\t\t\t\t<div class=\"elementor-widget-container\">\n\t\t\t\t\t\t\t\t\t<p style=\"text-align: left;\">Docteur en sciences \u00e9conomiques, Julien Vercueil est professeur des universit\u00e9s et vice-pr\u00e9sident de l&rsquo;Institut national des langues et civilisations orientales (INALCO). Apr\u00e8s sa th\u00e8se sur la transition et l\u2019ouverture de l&rsquo;\u00e9conomie russe entre 1992 et 1999,\u00a0il s\u2019est sp\u00e9cialis\u00e9 sur l\u2019\u00e9conomie de la Russie et des \u00c9tats postsovi\u00e9tiques, ainsi que sur le commerce international. Depuis le d\u00e9but de la guerre, il se penche en particulier sur l\u2019impact des sanctions occidentales sur l\u2019\u00e9conomie russe.<\/p>\t\t\t\t\t\t\t\t<\/div>\n\t\t\t\t<\/div>\n\t\t\t\t<div class=\"elementor-element elementor-element-ad7546c elementor-widget elementor-widget-heading\" data-id=\"ad7546c\" data-element_type=\"widget\" data-e-type=\"widget\" data-widget_type=\"heading.default\">\n\t\t\t\t<div class=\"elementor-widget-container\">\n\t\t\t\t\t<h2 class=\"elementor-heading-title elementor-size-default\">L\u2019UNION EUROP\u00c9ENNE A D\u00c9J\u00c0 ADOPT\u00c9 13 \u00ab TRAINS DE SANCTIONS \u00bb CONTRE LA RUSSIE, EN PLUS DES SANCTIONS AM\u00c9RICAINES OU BRITANNIQUES. QUEL EST LEUR IMPACT R\u00c9EL SUR L\u2019\u00c9CONOMIE DU PAYS ?<\/h2>\t\t\t\t<\/div>\n\t\t\t\t<\/div>\n\t\t\t\t<div class=\"elementor-element elementor-element-ef65b1b elementor-widget-divider--view-line elementor-widget elementor-widget-divider\" data-id=\"ef65b1b\" data-element_type=\"widget\" data-e-type=\"widget\" data-widget_type=\"divider.default\">\n\t\t\t\t<div class=\"elementor-widget-container\">\n\t\t\t\t\t\t\t<div class=\"elementor-divider\">\n\t\t\t<span class=\"elementor-divider-separator\">\n\t\t\t\t\t\t<\/span>\n\t\t<\/div>\n\t\t\t\t\t\t<\/div>\n\t\t\t\t<\/div>\n\t\t\t\t<div class=\"elementor-element elementor-element-71717bb elementor-widget elementor-widget-text-editor\" data-id=\"71717bb\" data-element_type=\"widget\" data-e-type=\"widget\" data-widget_type=\"text-editor.default\">\n\t\t\t\t<div class=\"elementor-widget-container\">\n\t\t\t\t\t\t\t\t\t<p style=\"text-align: left;\">Les premi\u00e8res sanctions (financi\u00e8res) ont consid\u00e9rablement d\u00e9stabilis\u00e9 le syst\u00e8me financier russe, d\u00e9j\u00e0 durement touch\u00e9 par l&rsquo;entr\u00e9e en guerre. Les fuites de capitaux qu&rsquo;elles ont acc\u00e9l\u00e9r\u00e9es risquaient en effet de vider en quelques semaines les r\u00e9serves de la Banque centrale de Russie et de provoquer une crise financi\u00e8re majeure. Les autorit\u00e9s mon\u00e9taires ont r\u00e9agi promptement et ont r\u00e9ussi \u00e0 cantonner l&rsquo;impact en instaurant un contr\u00f4le des changes drastique, plus strict encore que lors du krach de 1998.<\/p><p style=\"text-align: left;\">Les salves suivantes de sanctions, qui touchaient davantage l&rsquo;\u00e9conomie r\u00e9elle (exportations et importations) ont eu des effets sectoriels. C&rsquo;est le cas pour les exportations occidentales de composants sensibles ou \u00e0 double usage <em>[NDLR\u00a0: industriel et militaire]<\/em> : il est encore aujourd&rsquo;hui, de l&rsquo;aveu m\u00eame de la grande majorit\u00e9 des entreprises russes interrog\u00e9es, plus difficile et plus co\u00fbteux pour elles de s&rsquo;approvisionner en composants et machines import\u00e9s qu&rsquo;avant la guerre.<\/p><p style=\"text-align: left;\">L&rsquo;inflation, qui persiste en Russie \u00e0 des niveaux relativement \u00e9lev\u00e9s deux ans apr\u00e8s le d\u00e9but de la guerre, n&rsquo;est que faiblement li\u00e9e aux sanctions, mais elle n&rsquo;y est pas totalement \u00e9trang\u00e8re et repr\u00e9sente un d\u00e9s\u00e9quilibre important de l&rsquo;\u00e9conomie. Si l&rsquo;on dresse un bilan global de ces deux ann\u00e9es, on peut dire que la guerre et les sanctions ont co\u00fbt\u00e9 \u00e0 la Russie 5 \u00e0 6 % de son PIB, soit deux ans de croissance \u00e9conomique. Et elles continueront de peser \u00e0 l&rsquo;avenir sur l&rsquo;\u00e9conomie russe.<\/p>\t\t\t\t\t\t\t\t<\/div>\n\t\t\t\t<\/div>\n\t\t\t\t<div class=\"elementor-element elementor-element-d4e40cb elementor-widget elementor-widget-heading\" data-id=\"d4e40cb\" data-element_type=\"widget\" data-e-type=\"widget\" data-widget_type=\"heading.default\">\n\t\t\t\t<div class=\"elementor-widget-container\">\n\t\t\t\t\t<h2 class=\"elementor-heading-title elementor-size-default\">LA RUSSIE PARVIENT-ELLE \u00c0 CONTOURNER CES SANCTIONS ? UN RAPPORT DE LA KYIV SCHOOL OF ECONOMICS ESTIME QU\u2019ENTRE JANVIER ET OCTOBRE 2023, PR\u00c8S DE LA MOITI\u00c9 DES COMPOSANTS DESTIN\u00c9S AUX \u00c9QUIPEMENTS DE GUERRE PROVENAIENT DE PAYS AYANT ADOPT\u00c9 DES SANCTIONS\u2026 <\/h2>\t\t\t\t<\/div>\n\t\t\t\t<\/div>\n\t\t\t\t<div class=\"elementor-element elementor-element-2af8197 elementor-widget-divider--view-line elementor-widget elementor-widget-divider\" data-id=\"2af8197\" data-element_type=\"widget\" data-e-type=\"widget\" data-widget_type=\"divider.default\">\n\t\t\t\t<div class=\"elementor-widget-container\">\n\t\t\t\t\t\t\t<div class=\"elementor-divider\">\n\t\t\t<span class=\"elementor-divider-separator\">\n\t\t\t\t\t\t<\/span>\n\t\t<\/div>\n\t\t\t\t\t\t<\/div>\n\t\t\t\t<\/div>\n\t\t\t\t<div class=\"elementor-element elementor-element-309d43b elementor-widget elementor-widget-text-editor\" data-id=\"309d43b\" data-element_type=\"widget\" data-e-type=\"widget\" data-widget_type=\"text-editor.default\">\n\t\t\t\t<div class=\"elementor-widget-container\">\n\t\t\t\t\t\t\t\t\t<p style=\"text-align: left;\">C&rsquo;est un point qui avait d\u00e9j\u00e0 \u00e9t\u00e9 observ\u00e9 pour d&rsquo;autres pays sous sanctions, comme l&rsquo;Iran <em>[NDLR\u00a0: r\u00e9guli\u00e8rement sanctionn\u00e9 depuis 1979]<\/em>. Oui, l&rsquo;\u00e9conomie russe s&rsquo;adapte et parvient dans une certaine mesure \u00e0 contourner les sanctions occidentales. Ceci parce qu&rsquo;il est encore lucratif aujourd&rsquo;hui, pour une entit\u00e9 \u00e9trang\u00e8re &#8211; parfois europ\u00e9enne &#8211; de prendre le risque d&rsquo;\u00eatre sanctionn\u00e9e en commer\u00e7ant avec une entit\u00e9 russe, compte tenu de la probabilit\u00e9 d&rsquo;\u00eatre confondue.<\/p><p style=\"text-align: left;\">Pour contourner des sanctions internationales portant sur le commerce ext\u00e9rieur, il faut \u00eatre au moins deux : l&rsquo;entreprise russe et son partenaire \u00e9tranger. C&rsquo;est pourquoi la reprise \u00e9conomique de la Russie en 2023 en d\u00e9pit des sanctions, ne traduit pas uniquement la r\u00e9silience d&rsquo;une \u00e9conomie russe qui serait habitu\u00e9e aux privations, comme on l&rsquo;entend parfois : elle signale surtout les facult\u00e9s d&rsquo;adaptation des acteurs du capitalisme mondialis\u00e9 d&rsquo;aujourd&rsquo;hui, face \u00e0 un contexte r\u00e8glementaire qui se durcit rapidement.\u00a0<\/p>\t\t\t\t\t\t\t\t<\/div>\n\t\t\t\t<\/div>\n\t\t\t\t<div class=\"elementor-element elementor-element-c6e1ea4 elementor-widget elementor-widget-heading\" data-id=\"c6e1ea4\" data-element_type=\"widget\" data-e-type=\"widget\" data-widget_type=\"heading.default\">\n\t\t\t\t<div class=\"elementor-widget-container\">\n\t\t\t\t\t<h2 class=\"elementor-heading-title elementor-size-default\">LA RUSSIE AFFIRME QUE CES SANCTIONS ONT UN IMPACT IMPORTANT SUR LES PRIX ALIMENTAIRES, NOTAMMENT DANS LES PAYS LES PLUS PAUVRES. EST-CE BIEN LE CAS ?<\/h2>\t\t\t\t<\/div>\n\t\t\t\t<\/div>\n\t\t\t\t<div class=\"elementor-element elementor-element-46fc9b2 elementor-widget-divider--view-line elementor-widget elementor-widget-divider\" data-id=\"46fc9b2\" data-element_type=\"widget\" data-e-type=\"widget\" data-widget_type=\"divider.default\">\n\t\t\t\t<div class=\"elementor-widget-container\">\n\t\t\t\t\t\t\t<div class=\"elementor-divider\">\n\t\t\t<span class=\"elementor-divider-separator\">\n\t\t\t\t\t\t<\/span>\n\t\t<\/div>\n\t\t\t\t\t\t<\/div>\n\t\t\t\t<\/div>\n\t\t\t\t<div class=\"elementor-element elementor-element-dd76e4d elementor-widget elementor-widget-text-editor\" data-id=\"dd76e4d\" data-element_type=\"widget\" data-e-type=\"widget\" data-widget_type=\"text-editor.default\">\n\t\t\t\t<div class=\"elementor-widget-container\">\n\t\t\t\t\t\t\t\t\t<p style=\"text-align: left;\">L&rsquo;attribution de la hausse des prix alimentaires aux sanctions occidentales est fallacieuse, pour plusieurs raisons. Cette hausse s&rsquo;inscrit dans le prolongement d&rsquo;une tendance qui date de la sortie du Covid. Elle a d&rsquo;abord \u00e9t\u00e9 port\u00e9e par la reprise de la demande chinoise (notamment en ma\u00efs, bl\u00e9 et orge). 2021 est une ann\u00e9e de forte hausse des prix agricoles : ils ont alors atteint des niveaux jamais \u00e9gal\u00e9s depuis dix ans. Les sanctions n&rsquo;\u00e9taient pas en place \u00e0 cette \u00e9poque.<\/p><p style=\"text-align: left;\">Sur ce fond haussier, le d\u00e9clenchement par la Russie de la guerre en Ukraine a eu un effet d&rsquo;acc\u00e9l\u00e9ration : en s&rsquo;attaquant \u00e0 l&rsquo;un des principaux pays exportateurs de c\u00e9r\u00e9ales et d&rsquo;ol\u00e9agineux du monde, la Russie a d\u00e9stabilis\u00e9 le march\u00e9 mondial et provoqu\u00e9 une sp\u00e9culation \u00e0 la hausse sur de nombreux produits.<\/p><p style=\"text-align: left;\">La Russie a non seulement occup\u00e9 et mis hors d&rsquo;\u00e9tat de produire une partie du territoire de l&rsquo;Ukraine qui exporte des c\u00e9r\u00e9ales, mais elle a aussi bombard\u00e9 \u00e0 distance d&rsquo;autres zones cultiv\u00e9es, ce qui a r\u00e9duit les r\u00e9coltes ukrainiennes. Elle a enfin pratiqu\u00e9 un blocus naval des ports d&rsquo;exportation ukrainiens non occup\u00e9s et d\u00e9truit des silos de stockage, en violation de toutes les conventions internationales. Ces exactions ont r\u00e9duit les volumes d&rsquo;exportations de c\u00e9r\u00e9ales ukrainiennes en 2022, entretenant la hausse des prix.<\/p>\t\t\t\t\t\t\t\t<\/div>\n\t\t\t\t<\/div>\n\t\t\t\t<div class=\"elementor-element elementor-element-9823a1a elementor-widget elementor-widget-heading\" data-id=\"9823a1a\" data-element_type=\"widget\" data-e-type=\"widget\" data-widget_type=\"heading.default\">\n\t\t\t\t<div class=\"elementor-widget-container\">\n\t\t\t\t\t<h2 class=\"elementor-heading-title elementor-size-default\">\u00ab LA HAUSSE DES PRIX ALIMENTAIRES PR\u00c9EXISTAIT AUX SANCTIONS OCCIDENTALES \u00bb<\/h2>\t\t\t\t<\/div>\n\t\t\t\t<\/div>\n\t\t\t\t<div class=\"elementor-element elementor-element-9ec9e1e elementor-widget-divider--view-line elementor-widget elementor-widget-divider\" data-id=\"9ec9e1e\" data-element_type=\"widget\" data-e-type=\"widget\" data-widget_type=\"divider.default\">\n\t\t\t\t<div class=\"elementor-widget-container\">\n\t\t\t\t\t\t\t<div class=\"elementor-divider\">\n\t\t\t<span class=\"elementor-divider-separator\">\n\t\t\t\t\t\t<\/span>\n\t\t<\/div>\n\t\t\t\t\t\t<\/div>\n\t\t\t\t<\/div>\n\t\t\t\t<div class=\"elementor-element elementor-element-1594b12 elementor-widget elementor-widget-text-editor\" data-id=\"1594b12\" data-element_type=\"widget\" data-e-type=\"widget\" data-widget_type=\"text-editor.default\">\n\t\t\t\t<div class=\"elementor-widget-container\">\n\t\t\t\t\t\t\t\t\t<p style=\"text-align: left;\">La Russie a \u00e9galement r\u00e9duit ses exportations d&rsquo;engrais azot\u00e9s (dont elle est traditionnellement le premier fournisseur international). De ce fait, les prix des engrais ont augment\u00e9, ce qui s&rsquo;est r\u00e9percut\u00e9 sur les co\u00fbts de production agricoles qui en d\u00e9pendent.<\/p><p style=\"text-align: left;\">\u00c0 partir de l&rsquo;\u00e9t\u00e9 2022, <a href=\"https:\/\/news.un.org\/fr\/story\/2022\/07\/1124282\">un accord a pu \u00eatre trouv\u00e9 entre l&rsquo;ONU et la Russie<\/a>, sous l&rsquo;\u00e9gide de la Turquie, gardienne des d\u00e9troits du Bosphore, pour laisser sortir quelques navires c\u00e9r\u00e9aliers ukrainiens <em>[NDLR\u00a0: depuis le 17 juillet 2023, la Russie a suspendu sa participation \u00e0 cet accord]<\/em>. Cela a suffi pour faire rapidement baisser les prix internationaux des c\u00e9r\u00e9ales \u00e0 leurs niveaux d&rsquo;avant-guerre. C&rsquo;est donc bien le blocus naval qui les entretenait \u00e0 des niveaux anormaux.<\/p><p style=\"text-align: left;\">Par cons\u00e9quent, on peut dire que la guerre d&rsquo;agression de la Russie contre l&rsquo;Ukraine est la cause de l&rsquo;acc\u00e9l\u00e9ration de la hausse des prix alimentaires mondiaux. Cette hausse pr\u00e9existait aux sanctions occidentales. Elles ont r\u00e9pondu \u00e0 la guerre d&rsquo;agression russe et n&rsquo;ont pas jou\u00e9 de r\u00f4le significatif dans la hausse des prix qui a \u00e9t\u00e9 observ\u00e9e : elles se sont durcies depuis et pourtant, les prix des c\u00e9r\u00e9ales ont baiss\u00e9. \u00a0<\/p>\t\t\t\t\t\t\t\t<\/div>\n\t\t\t\t<\/div>\n\t\t<div data-particle_enable=\"false\" data-particle-mobile-disabled=\"false\" class=\"elementor-element elementor-element-d11fc7c e-flex e-con-boxed e-con e-child\" data-id=\"d11fc7c\" data-element_type=\"container\" data-e-type=\"container\">\n\t\t\t\t\t<div class=\"e-con-inner\">\n\t\t\t\t\t<\/div>\n\t\t\t\t<\/div>\n\t\t\t\t\t<\/div>\n\t\t\t\t<\/div>\n\t\t\t\t<\/div>\n\t\t","protected":false},"excerpt":{"rendered":"<p>Western sanctions against Russia have deprived it of \"two years of economic growth\", and the accelerating rise in world food prices is indeed due to Russia's war of aggression in Ukraine: economist Julien Vercueil gives his analysis at the IHEDN.<\/p>","protected":false},"author":10,"featured_media":46257,"comment_status":"closed","ping_status":"closed","sticky":false,"template":"","format":"standard","meta":{"footnotes":""},"categories":[171],"tags":[218],"class_list":["post-46251","post","type-post","status-publish","format-standard","has-post-thumbnail","hentry","category-notre-selection","tag-guerreukraine"],"yoast_head":"<!-- This site is optimized with the Yoast SEO plugin v27.5 - https:\/\/yoast.com\/product\/yoast-seo-wordpress\/ -->\n<title>Julien Vercueil : \u00ab La guerre et les sanctions ont co\u00fbt\u00e9 \u00e0 la Russie 5 % de son PIB \u00bb - L&#039;IHEDN : Institut des hautes \u00e9tudes de d\u00e9fense nationale<\/title>\n<meta name=\"description\" content=\"Les sanctions occidentales contre la Russie l\u2019ont priv\u00e9e de \u00ab deux ans de croissance \u00e9conomique \u00bb, l&#039;acc\u00e9l\u00e9ration de la hausse des prix alimentaires mondiaux est bien due \u00e0 la guerre d\u2019agression russe en Ukraine : l\u2019\u00e9conomiste Julien Vercueil livre son analyse \u00e0 l\u2019IHEDN.\" \/>\n<meta name=\"robots\" content=\"index, follow, max-snippet:-1, max-image-preview:large, max-video-preview:-1\" \/>\n<link rel=\"canonical\" href=\"https:\/\/ihedn.fr\/en\/notre-selection\/julien-vercueil-la-guerre-et-les-sanctions-ont-coute-a-la-russie-5-de-son-pib\/\" \/>\n<meta property=\"og:locale\" content=\"en_GB\" \/>\n<meta property=\"og:type\" content=\"article\" \/>\n<meta property=\"og:title\" content=\"Julien Vercueil : \u00ab La guerre et les sanctions ont co\u00fbt\u00e9 \u00e0 la Russie 5 % de son PIB \u00bb\" \/>\n<meta property=\"og:description\" content=\"Les sanctions occidentales contre la Russie l\u2019ont priv\u00e9e de \u00ab deux ans de croissance \u00e9conomique \u00bb, l&#039;acc\u00e9l\u00e9ration de la hausse des prix alimentaires mondiaux est bien due \u00e0 la guerre d\u2019agression russe en Ukraine : l\u2019\u00e9conomiste Julien Vercueil livre son analyse \u00e0 l\u2019IHEDN.\" \/>\n<meta property=\"og:url\" content=\"https:\/\/ihedn.fr\/en\/notre-selection\/julien-vercueil-la-guerre-et-les-sanctions-ont-coute-a-la-russie-5-de-son-pib\/\" \/>\n<meta property=\"og:site_name\" content=\"L&#039;IHEDN : Institut des hautes \u00e9tudes de d\u00e9fense nationale\" \/>\n<meta property=\"article:publisher\" content=\"https:\/\/www.facebook.com\/ihedn\/\" \/>\n<meta property=\"article:published_time\" content=\"2024-02-28T14:15:24+00:00\" \/>\n<meta property=\"article:modified_time\" content=\"2024-03-22T08:40:14+00:00\" \/>\n<meta property=\"og:image\" content=\"https:\/\/ihedn.fr\/wp-content\/uploads\/2024\/02\/VISUEL_SANCTIONS_VERCUEIL.jpg\" \/>\n\t<meta property=\"og:image:width\" content=\"1920\" \/>\n\t<meta property=\"og:image:height\" content=\"1080\" \/>\n\t<meta property=\"og:image:type\" content=\"image\/jpeg\" \/>\n<meta name=\"author\" content=\"tanguy.morel@ihedn.fr\" \/>\n<meta name=\"twitter:card\" content=\"summary_large_image\" \/>\n<meta name=\"twitter:title\" content=\"Julien Vercueil : \u00ab La guerre et les sanctions ont co\u00fbt\u00e9 \u00e0 la Russie 5 % de son PIB \u00bb\" \/>\n<meta name=\"twitter:description\" content=\"Les sanctions occidentales contre la Russie l\u2019ont priv\u00e9e de \u00ab deux ans de croissance \u00e9conomique \u00bb, l&#039;acc\u00e9l\u00e9ration de la hausse des prix alimentaires mondiaux est bien due \u00e0 la guerre d\u2019agression russe en Ukraine : l\u2019\u00e9conomiste Julien Vercueil livre son analyse \u00e0 l\u2019IHEDN.\" \/>\n<meta name=\"twitter:image\" content=\"https:\/\/ihedn.fr\/wp-content\/uploads\/2024\/02\/VISUEL_SANCTIONS_VERCUEIL.jpg\" \/>\n<meta name=\"twitter:creator\" content=\"@IHEDN\" \/>\n<meta name=\"twitter:site\" content=\"@IHEDN\" \/>\n<meta name=\"twitter:label1\" content=\"Written by\" \/>\n\t<meta name=\"twitter:data1\" content=\"tanguy.morel@ihedn.fr\" \/>\n\t<meta name=\"twitter:label2\" content=\"Estimated reading time\" \/>\n\t<meta name=\"twitter:data2\" content=\"5 minutes\" \/>\n<script type=\"application\/ld+json\" class=\"yoast-schema-graph\">{\"@context\":\"https:\\\/\\\/schema.org\",\"@graph\":[{\"@type\":\"Article\",\"@id\":\"https:\\\/\\\/ihedn.fr\\\/notre-selection\\\/julien-vercueil-la-guerre-et-les-sanctions-ont-coute-a-la-russie-5-de-son-pib\\\/#article\",\"isPartOf\":{\"@id\":\"https:\\\/\\\/ihedn.fr\\\/notre-selection\\\/julien-vercueil-la-guerre-et-les-sanctions-ont-coute-a-la-russie-5-de-son-pib\\\/\"},\"author\":{\"name\":\"tanguy.morel@ihedn.fr\",\"@id\":\"https:\\\/\\\/ihedn.fr\\\/#\\\/schema\\\/person\\\/ed217a37104b27a246b200e65b827cc7\"},\"headline\":\"Julien Vercueil : \u00ab La guerre et les sanctions ont co\u00fbt\u00e9 \u00e0 la Russie 5 % de son PIB \u00bb\",\"datePublished\":\"2024-02-28T14:15:24+00:00\",\"dateModified\":\"2024-03-22T08:40:14+00:00\",\"mainEntityOfPage\":{\"@id\":\"https:\\\/\\\/ihedn.fr\\\/notre-selection\\\/julien-vercueil-la-guerre-et-les-sanctions-ont-coute-a-la-russie-5-de-son-pib\\\/\"},\"wordCount\":1093,\"publisher\":{\"@id\":\"https:\\\/\\\/ihedn.fr\\\/#organization\"},\"image\":{\"@id\":\"https:\\\/\\\/ihedn.fr\\\/notre-selection\\\/julien-vercueil-la-guerre-et-les-sanctions-ont-coute-a-la-russie-5-de-son-pib\\\/#primaryimage\"},\"thumbnailUrl\":\"https:\\\/\\\/ihedn.fr\\\/wp-content\\\/uploads\\\/2024\\\/02\\\/VISUEL_SANCTIONS_VERCUEIL.jpg\",\"keywords\":[\"guerreUkraine\"],\"articleSection\":[\"Notre s\u00e9lection\"],\"inLanguage\":\"en-GB\"},{\"@type\":\"WebPage\",\"@id\":\"https:\\\/\\\/ihedn.fr\\\/notre-selection\\\/julien-vercueil-la-guerre-et-les-sanctions-ont-coute-a-la-russie-5-de-son-pib\\\/\",\"url\":\"https:\\\/\\\/ihedn.fr\\\/notre-selection\\\/julien-vercueil-la-guerre-et-les-sanctions-ont-coute-a-la-russie-5-de-son-pib\\\/\",\"name\":\"Julien Vercueil : \u00ab La guerre et les sanctions ont co\u00fbt\u00e9 \u00e0 la Russie 5 % de son PIB \u00bb - L&#039;IHEDN : Institut des hautes \u00e9tudes de d\u00e9fense nationale\",\"isPartOf\":{\"@id\":\"https:\\\/\\\/ihedn.fr\\\/#website\"},\"primaryImageOfPage\":{\"@id\":\"https:\\\/\\\/ihedn.fr\\\/notre-selection\\\/julien-vercueil-la-guerre-et-les-sanctions-ont-coute-a-la-russie-5-de-son-pib\\\/#primaryimage\"},\"image\":{\"@id\":\"https:\\\/\\\/ihedn.fr\\\/notre-selection\\\/julien-vercueil-la-guerre-et-les-sanctions-ont-coute-a-la-russie-5-de-son-pib\\\/#primaryimage\"},\"thumbnailUrl\":\"https:\\\/\\\/ihedn.fr\\\/wp-content\\\/uploads\\\/2024\\\/02\\\/VISUEL_SANCTIONS_VERCUEIL.jpg\",\"datePublished\":\"2024-02-28T14:15:24+00:00\",\"dateModified\":\"2024-03-22T08:40:14+00:00\",\"description\":\"Les sanctions occidentales contre la Russie l\u2019ont priv\u00e9e de \u00ab deux ans de croissance \u00e9conomique \u00bb, l'acc\u00e9l\u00e9ration de la hausse des prix alimentaires mondiaux est bien due \u00e0 la guerre d\u2019agression russe en Ukraine : l\u2019\u00e9conomiste Julien Vercueil livre son analyse \u00e0 l\u2019IHEDN.\",\"breadcrumb\":{\"@id\":\"https:\\\/\\\/ihedn.fr\\\/notre-selection\\\/julien-vercueil-la-guerre-et-les-sanctions-ont-coute-a-la-russie-5-de-son-pib\\\/#breadcrumb\"},\"inLanguage\":\"en-GB\",\"potentialAction\":[{\"@type\":\"ReadAction\",\"target\":[\"https:\\\/\\\/ihedn.fr\\\/notre-selection\\\/julien-vercueil-la-guerre-et-les-sanctions-ont-coute-a-la-russie-5-de-son-pib\\\/\"]}]},{\"@type\":\"ImageObject\",\"inLanguage\":\"en-GB\",\"@id\":\"https:\\\/\\\/ihedn.fr\\\/notre-selection\\\/julien-vercueil-la-guerre-et-les-sanctions-ont-coute-a-la-russie-5-de-son-pib\\\/#primaryimage\",\"url\":\"https:\\\/\\\/ihedn.fr\\\/wp-content\\\/uploads\\\/2024\\\/02\\\/VISUEL_SANCTIONS_VERCUEIL.jpg\",\"contentUrl\":\"https:\\\/\\\/ihedn.fr\\\/wp-content\\\/uploads\\\/2024\\\/02\\\/VISUEL_SANCTIONS_VERCUEIL.jpg\",\"width\":1920,\"height\":1080,\"caption\":\"Julien Vercueil : \u00ab La guerre et les sanctions ont co\u00fbt\u00e9 \u00e0 la Russie 5 % de son PIB \u00bb\"},{\"@type\":\"BreadcrumbList\",\"@id\":\"https:\\\/\\\/ihedn.fr\\\/notre-selection\\\/julien-vercueil-la-guerre-et-les-sanctions-ont-coute-a-la-russie-5-de-son-pib\\\/#breadcrumb\",\"itemListElement\":[{\"@type\":\"ListItem\",\"position\":1,\"name\":\"Accueil\",\"item\":\"https:\\\/\\\/ihedn.fr\\\/\"},{\"@type\":\"ListItem\",\"position\":2,\"name\":\"Julien Vercueil : \u00ab La guerre et les sanctions ont co\u00fbt\u00e9 \u00e0 la Russie 5 % de son PIB \u00bb\"}]},{\"@type\":\"WebSite\",\"@id\":\"https:\\\/\\\/ihedn.fr\\\/#website\",\"url\":\"https:\\\/\\\/ihedn.fr\\\/\",\"name\":\"IHEDN : Institut des hautes \u00e9tudes de d\u00e9fense nationale |\",\"description\":\"Site officiel de l&#039;IHEDN plac\u00e9 sous la tutelle du Premier ministre.\",\"publisher\":{\"@id\":\"https:\\\/\\\/ihedn.fr\\\/#organization\"},\"potentialAction\":[{\"@type\":\"SearchAction\",\"target\":{\"@type\":\"EntryPoint\",\"urlTemplate\":\"https:\\\/\\\/ihedn.fr\\\/?s={search_term_string}\"},\"query-input\":{\"@type\":\"PropertyValueSpecification\",\"valueRequired\":true,\"valueName\":\"search_term_string\"}}],\"inLanguage\":\"en-GB\"},{\"@type\":\"Organization\",\"@id\":\"https:\\\/\\\/ihedn.fr\\\/#organization\",\"name\":\"IHEDN - Institut des Hautes Etudes de D\u00e9fense Nationale\",\"url\":\"https:\\\/\\\/ihedn.fr\\\/\",\"logo\":{\"@type\":\"ImageObject\",\"inLanguage\":\"en-GB\",\"@id\":\"https:\\\/\\\/ihedn.fr\\\/#\\\/schema\\\/logo\\\/image\\\/\",\"url\":\"https:\\\/\\\/ihedn.fr\\\/wp-content\\\/uploads\\\/2020\\\/11\\\/BLOC_RF_IHEDN_WEB.png\",\"contentUrl\":\"https:\\\/\\\/ihedn.fr\\\/wp-content\\\/uploads\\\/2020\\\/11\\\/BLOC_RF_IHEDN_WEB.png\",\"width\":500,\"height\":237,\"caption\":\"IHEDN - Institut des Hautes Etudes de D\u00e9fense Nationale\"},\"image\":{\"@id\":\"https:\\\/\\\/ihedn.fr\\\/#\\\/schema\\\/logo\\\/image\\\/\"},\"sameAs\":[\"https:\\\/\\\/www.facebook.com\\\/ihedn\\\/\",\"https:\\\/\\\/x.com\\\/IHEDN\",\"https:\\\/\\\/www.instagram.com\\\/ihedn\\\/\",\"https:\\\/\\\/www.linkedin.com\\\/school\\\/ihedn\\\/\",\"https:\\\/\\\/fr.wikipedia.org\\\/wiki\\\/Institut_des_hautes_\u00e9tudes_de_D\u00e9fense_nationale\"]},{\"@type\":\"Person\",\"@id\":\"https:\\\/\\\/ihedn.fr\\\/#\\\/schema\\\/person\\\/ed217a37104b27a246b200e65b827cc7\",\"name\":\"tanguy.morel@ihedn.fr\",\"image\":{\"@type\":\"ImageObject\",\"inLanguage\":\"en-GB\",\"@id\":\"https:\\\/\\\/secure.gravatar.com\\\/avatar\\\/36877cd30919fafddf1f9da45f4154aa468a64328452f2ceaff0968772207348?s=96&d=mm&r=g\",\"url\":\"https:\\\/\\\/secure.gravatar.com\\\/avatar\\\/36877cd30919fafddf1f9da45f4154aa468a64328452f2ceaff0968772207348?s=96&d=mm&r=g\",\"contentUrl\":\"https:\\\/\\\/secure.gravatar.com\\\/avatar\\\/36877cd30919fafddf1f9da45f4154aa468a64328452f2ceaff0968772207348?s=96&d=mm&r=g\",\"caption\":\"tanguy.morel@ihedn.fr\"},\"url\":\"https:\\\/\\\/ihedn.fr\\\/en\\\/author\\\/tanguy-morelihedn-fr\\\/\"}]}<\/script>\n<!-- \/ Yoast SEO plugin. -->","yoast_head_json":{"title":"Julien Vercueil: \"The war and sanctions have cost Russia 5 % of its GDP\" - L'IHEDN : Institut des hautes \u00e9tudes de d\u00e9fense nationale (Graduate Institute of National Defence)","description":"Western sanctions against Russia have deprived it of \"two years of economic growth\", and the accelerating rise in world food prices is indeed due to Russia's war of aggression in Ukraine: economist Julien Vercueil gives his analysis at the IHEDN.","robots":{"index":"index","follow":"follow","max-snippet":"max-snippet:-1","max-image-preview":"max-image-preview:large","max-video-preview":"max-video-preview:-1"},"canonical":"https:\/\/ihedn.fr\/en\/notre-selection\/julien-vercueil-la-guerre-et-les-sanctions-ont-coute-a-la-russie-5-de-son-pib\/","og_locale":"en_GB","og_type":"article","og_title":"Julien Vercueil : \u00ab La guerre et les sanctions ont co\u00fbt\u00e9 \u00e0 la Russie 5 % de son PIB \u00bb","og_description":"Les sanctions occidentales contre la Russie l\u2019ont priv\u00e9e de \u00ab deux ans de croissance \u00e9conomique \u00bb, l'acc\u00e9l\u00e9ration de la hausse des prix alimentaires mondiaux est bien due \u00e0 la guerre d\u2019agression russe en Ukraine : l\u2019\u00e9conomiste Julien Vercueil livre son analyse \u00e0 l\u2019IHEDN.","og_url":"https:\/\/ihedn.fr\/en\/notre-selection\/julien-vercueil-la-guerre-et-les-sanctions-ont-coute-a-la-russie-5-de-son-pib\/","og_site_name":"L&#039;IHEDN : Institut des hautes \u00e9tudes de d\u00e9fense nationale","article_publisher":"https:\/\/www.facebook.com\/ihedn\/","article_published_time":"2024-02-28T14:15:24+00:00","article_modified_time":"2024-03-22T08:40:14+00:00","og_image":[{"width":1920,"height":1080,"url":"https:\/\/ihedn.fr\/wp-content\/uploads\/2024\/02\/VISUEL_SANCTIONS_VERCUEIL.jpg","type":"image\/jpeg"}],"author":"tanguy.morel@ihedn.fr","twitter_card":"summary_large_image","twitter_title":"Julien Vercueil : \u00ab La guerre et les sanctions ont co\u00fbt\u00e9 \u00e0 la Russie 5 % de son PIB \u00bb","twitter_description":"Les sanctions occidentales contre la Russie l\u2019ont priv\u00e9e de \u00ab deux ans de croissance \u00e9conomique \u00bb, l'acc\u00e9l\u00e9ration de la hausse des prix alimentaires mondiaux est bien due \u00e0 la guerre d\u2019agression russe en Ukraine : l\u2019\u00e9conomiste Julien Vercueil livre son analyse \u00e0 l\u2019IHEDN.","twitter_image":"https:\/\/ihedn.fr\/wp-content\/uploads\/2024\/02\/VISUEL_SANCTIONS_VERCUEIL.jpg","twitter_creator":"@IHEDN","twitter_site":"@IHEDN","twitter_misc":{"Written by":"tanguy.morel@ihedn.fr","Estimated reading time":"5 minutes"},"schema":{"@context":"https:\/\/schema.org","@graph":[{"@type":"Article","@id":"https:\/\/ihedn.fr\/notre-selection\/julien-vercueil-la-guerre-et-les-sanctions-ont-coute-a-la-russie-5-de-son-pib\/#article","isPartOf":{"@id":"https:\/\/ihedn.fr\/notre-selection\/julien-vercueil-la-guerre-et-les-sanctions-ont-coute-a-la-russie-5-de-son-pib\/"},"author":{"name":"tanguy.morel@ihedn.fr","@id":"https:\/\/ihedn.fr\/#\/schema\/person\/ed217a37104b27a246b200e65b827cc7"},"headline":"Julien Vercueil : \u00ab La guerre et les sanctions ont co\u00fbt\u00e9 \u00e0 la Russie 5 % de son PIB \u00bb","datePublished":"2024-02-28T14:15:24+00:00","dateModified":"2024-03-22T08:40:14+00:00","mainEntityOfPage":{"@id":"https:\/\/ihedn.fr\/notre-selection\/julien-vercueil-la-guerre-et-les-sanctions-ont-coute-a-la-russie-5-de-son-pib\/"},"wordCount":1093,"publisher":{"@id":"https:\/\/ihedn.fr\/#organization"},"image":{"@id":"https:\/\/ihedn.fr\/notre-selection\/julien-vercueil-la-guerre-et-les-sanctions-ont-coute-a-la-russie-5-de-son-pib\/#primaryimage"},"thumbnailUrl":"https:\/\/ihedn.fr\/wp-content\/uploads\/2024\/02\/VISUEL_SANCTIONS_VERCUEIL.jpg","keywords":["guerreUkraine"],"articleSection":["Notre s\u00e9lection"],"inLanguage":"en-GB"},{"@type":"WebPage","@id":"https:\/\/ihedn.fr\/notre-selection\/julien-vercueil-la-guerre-et-les-sanctions-ont-coute-a-la-russie-5-de-son-pib\/","url":"https:\/\/ihedn.fr\/notre-selection\/julien-vercueil-la-guerre-et-les-sanctions-ont-coute-a-la-russie-5-de-son-pib\/","name":"Julien Vercueil: \"The war and sanctions have cost Russia 5 % of its GDP\" - L'IHEDN : Institut des hautes \u00e9tudes de d\u00e9fense nationale (Graduate Institute of National Defence)","isPartOf":{"@id":"https:\/\/ihedn.fr\/#website"},"primaryImageOfPage":{"@id":"https:\/\/ihedn.fr\/notre-selection\/julien-vercueil-la-guerre-et-les-sanctions-ont-coute-a-la-russie-5-de-son-pib\/#primaryimage"},"image":{"@id":"https:\/\/ihedn.fr\/notre-selection\/julien-vercueil-la-guerre-et-les-sanctions-ont-coute-a-la-russie-5-de-son-pib\/#primaryimage"},"thumbnailUrl":"https:\/\/ihedn.fr\/wp-content\/uploads\/2024\/02\/VISUEL_SANCTIONS_VERCUEIL.jpg","datePublished":"2024-02-28T14:15:24+00:00","dateModified":"2024-03-22T08:40:14+00:00","description":"Western sanctions against Russia have deprived it of \"two years of economic growth\", and the accelerating rise in world food prices is indeed due to Russia's war of aggression in Ukraine: economist Julien Vercueil gives his analysis at the IHEDN.","breadcrumb":{"@id":"https:\/\/ihedn.fr\/notre-selection\/julien-vercueil-la-guerre-et-les-sanctions-ont-coute-a-la-russie-5-de-son-pib\/#breadcrumb"},"inLanguage":"en-GB","potentialAction":[{"@type":"ReadAction","target":["https:\/\/ihedn.fr\/notre-selection\/julien-vercueil-la-guerre-et-les-sanctions-ont-coute-a-la-russie-5-de-son-pib\/"]}]},{"@type":"ImageObject","inLanguage":"en-GB","@id":"https:\/\/ihedn.fr\/notre-selection\/julien-vercueil-la-guerre-et-les-sanctions-ont-coute-a-la-russie-5-de-son-pib\/#primaryimage","url":"https:\/\/ihedn.fr\/wp-content\/uploads\/2024\/02\/VISUEL_SANCTIONS_VERCUEIL.jpg","contentUrl":"https:\/\/ihedn.fr\/wp-content\/uploads\/2024\/02\/VISUEL_SANCTIONS_VERCUEIL.jpg","width":1920,"height":1080,"caption":"Julien Vercueil : \u00ab La guerre et les sanctions ont co\u00fbt\u00e9 \u00e0 la Russie 5 % de son PIB \u00bb"},{"@type":"BreadcrumbList","@id":"https:\/\/ihedn.fr\/notre-selection\/julien-vercueil-la-guerre-et-les-sanctions-ont-coute-a-la-russie-5-de-son-pib\/#breadcrumb","itemListElement":[{"@type":"ListItem","position":1,"name":"Accueil","item":"https:\/\/ihedn.fr\/"},{"@type":"ListItem","position":2,"name":"Julien Vercueil : \u00ab La guerre et les sanctions ont co\u00fbt\u00e9 \u00e0 la Russie 5 % de son PIB \u00bb"}]},{"@type":"WebSite","@id":"https:\/\/ihedn.fr\/#website","url":"https:\/\/ihedn.fr\/","name":"IHEDN: Institut des hautes \u00e9tudes de d\u00e9fense nationale (Institute for Higher National Defence Studies)","description":"Official website of the IHEDN under the supervision of the Prime Minister.","publisher":{"@id":"https:\/\/ihedn.fr\/#organization"},"potentialAction":[{"@type":"SearchAction","target":{"@type":"EntryPoint","urlTemplate":"https:\/\/ihedn.fr\/?s={search_term_string}"},"query-input":{"@type":"PropertyValueSpecification","valueRequired":true,"valueName":"search_term_string"}}],"inLanguage":"en-GB"},{"@type":"Organization","@id":"https:\/\/ihedn.fr\/#organization","name":"IHEDN - Institute for Higher National Defence Studies","url":"https:\/\/ihedn.fr\/","logo":{"@type":"ImageObject","inLanguage":"en-GB","@id":"https:\/\/ihedn.fr\/#\/schema\/logo\/image\/","url":"https:\/\/ihedn.fr\/wp-content\/uploads\/2020\/11\/BLOC_RF_IHEDN_WEB.png","contentUrl":"https:\/\/ihedn.fr\/wp-content\/uploads\/2020\/11\/BLOC_RF_IHEDN_WEB.png","width":500,"height":237,"caption":"IHEDN - Institut des Hautes Etudes de D\u00e9fense Nationale"},"image":{"@id":"https:\/\/ihedn.fr\/#\/schema\/logo\/image\/"},"sameAs":["https:\/\/www.facebook.com\/ihedn\/","https:\/\/x.com\/IHEDN","https:\/\/www.instagram.com\/ihedn\/","https:\/\/www.linkedin.com\/school\/ihedn\/","https:\/\/fr.wikipedia.org\/wiki\/Institut_des_hautes_\u00e9tudes_de_D\u00e9fense_nationale"]},{"@type":"Person","@id":"https:\/\/ihedn.fr\/#\/schema\/person\/ed217a37104b27a246b200e65b827cc7","name":"tanguy.morel@ihedn.fr","image":{"@type":"ImageObject","inLanguage":"en-GB","@id":"https:\/\/secure.gravatar.com\/avatar\/36877cd30919fafddf1f9da45f4154aa468a64328452f2ceaff0968772207348?s=96&d=mm&r=g","url":"https:\/\/secure.gravatar.com\/avatar\/36877cd30919fafddf1f9da45f4154aa468a64328452f2ceaff0968772207348?s=96&d=mm&r=g","contentUrl":"https:\/\/secure.gravatar.com\/avatar\/36877cd30919fafddf1f9da45f4154aa468a64328452f2ceaff0968772207348?s=96&d=mm&r=g","caption":"tanguy.morel@ihedn.fr"},"url":"https:\/\/ihedn.fr\/en\/author\/tanguy-morelihedn-fr\/"}]}},"publishpress_future_action":{"enabled":false,"date":"2026-05-07 01:39:34","action":"change-status","newStatus":"draft","terms":[],"taxonomy":"category","extraData":[]},"publishpress_future_workflow_manual_trigger":{"enabledWorkflows":[]},"_links":{"self":[{"href":"https:\/\/ihedn.fr\/en\/wp-json\/wp\/v2\/posts\/46251","targetHints":{"allow":["GET"]}}],"collection":[{"href":"https:\/\/ihedn.fr\/en\/wp-json\/wp\/v2\/posts"}],"about":[{"href":"https:\/\/ihedn.fr\/en\/wp-json\/wp\/v2\/types\/post"}],"author":[{"embeddable":true,"href":"https:\/\/ihedn.fr\/en\/wp-json\/wp\/v2\/users\/10"}],"replies":[{"embeddable":true,"href":"https:\/\/ihedn.fr\/en\/wp-json\/wp\/v2\/comments?post=46251"}],"version-history":[{"count":19,"href":"https:\/\/ihedn.fr\/en\/wp-json\/wp\/v2\/posts\/46251\/revisions"}],"predecessor-version":[{"id":46680,"href":"https:\/\/ihedn.fr\/en\/wp-json\/wp\/v2\/posts\/46251\/revisions\/46680"}],"wp:featuredmedia":[{"embeddable":true,"href":"https:\/\/ihedn.fr\/en\/wp-json\/wp\/v2\/media\/46257"}],"wp:attachment":[{"href":"https:\/\/ihedn.fr\/en\/wp-json\/wp\/v2\/media?parent=46251"}],"wp:term":[{"taxonomy":"category","embeddable":true,"href":"https:\/\/ihedn.fr\/en\/wp-json\/wp\/v2\/categories?post=46251"},{"taxonomy":"post_tag","embeddable":true,"href":"https:\/\/ihedn.fr\/en\/wp-json\/wp\/v2\/tags?post=46251"}],"curies":[{"name":"wp","href":"https:\/\/api.w.org\/{rel}","templated":true}]}}