{"id":46395,"date":"2024-03-06T16:59:05","date_gmt":"2024-03-06T15:59:05","guid":{"rendered":"https:\/\/ihedn.fr\/?p=46395"},"modified":"2024-03-06T17:08:12","modified_gmt":"2024-03-06T16:08:12","slug":"cloture-de-la-236e-session-en-region-grand-est-a-strasbourg","status":"publish","type":"post","link":"https:\/\/ihedn.fr\/en\/notre-actualite\/cloture-de-la-236e-session-en-region-grand-est-a-strasbourg\/","title":{"rendered":"Closure of the 236th session in the Grand Est region in Strasbourg"},"content":{"rendered":"<div data-elementor-type=\"wp-post\" data-elementor-id=\"46395\" class=\"elementor elementor-46395\" data-elementor-post-type=\"post\">\n\t\t\t\t<div data-particle_enable=\"false\" data-particle-mobile-disabled=\"false\" class=\"elementor-element elementor-element-93a82e0 e-con-full e-flex e-con e-parent\" data-id=\"93a82e0\" data-element_type=\"container\" data-e-type=\"container\">\n\t\t\t\t<div class=\"elementor-element elementor-element-79a2a8c elementor-widget elementor-widget-text-editor\" data-id=\"79a2a8c\" data-element_type=\"widget\" data-e-type=\"widget\" data-widget_type=\"text-editor.default\">\n\t\t\t\t<div class=\"elementor-widget-container\">\n\t\t\t\t\t\t\t\t\t<p>Auditors had the opportunity to attend lectures on subjects such as Franco-German customs cooperation, the geopolitics of China, as well as intelligence, information warfare, the Middle East and the future of transatlantic relations. These presentations, given by seasoned experts in their respective fields, enabled listeners to grasp the many facets of contemporary security challenges.<\/p><p>An in-depth visit to the autonomous port of Strasbourg gave them an insight into the crucial issues of river freight transport and cross-border cooperation along the Rhine. Other visits, notably to the Council of Europe and the SOFRAME site, an expert in the production of armoured vehicles, enriched the session's programme with concrete experiences in the field.<\/p><p>At the end of this regional session, the five committees presented their reports and operational proposals. The formal reception at the regional prefecture, chaired by regional prefect Josiane Chevalier, highlighted the importance of the training and commitment of the 43 auditors.  Finally, the certificates conferring the status of auditor were presented by Lieutenant General Beno\u00eet Durieux, Director of the IHEDN, in the presence of Lieutenant General Yann Grav\u00eathe, Military Governor of Metz and General Officer of the Est defence and security zone.<\/p>\t\t\t\t\t\t\t\t<\/div>\n\t\t\t\t<\/div>\n\t\t\t\t<\/div>\n\t\t<div data-particle_enable=\"false\" data-particle-mobile-disabled=\"false\" class=\"elementor-element elementor-element-e61f565 e-grid e-con-boxed e-con e-parent\" data-id=\"e61f565\" data-element_type=\"container\" data-e-type=\"container\">\n\t\t\t\t\t<div class=\"e-con-inner\">\n\t\t\t\t<div class=\"elementor-element elementor-element-ddf18f1 elementor-widget elementor-widget-image\" data-id=\"ddf18f1\" data-element_type=\"widget\" data-e-type=\"widget\" data-widget_type=\"image.default\">\n\t\t\t\t<div class=\"elementor-widget-container\">\n\t\t\t\t\t\t\t\t\t\t\t\t\t\t\t<img fetchpriority=\"high\" decoding=\"async\" width=\"300\" height=\"300\" src=\"https:\/\/ihedn.fr\/wp-content\/uploads\/2024\/03\/1708107594736-300x300.jpeg\" class=\"attachment-medium size-medium wp-image-46398\" alt=\"\" srcset=\"https:\/\/ihedn.fr\/wp-content\/uploads\/2024\/03\/1708107594736-300x300.jpeg 300w, https:\/\/ihedn.fr\/wp-content\/uploads\/2024\/03\/1708107594736-150x150.jpeg 150w\" sizes=\"(max-width: 300px) 100vw, 300px\" \/>\t\t\t\t\t\t\t\t\t\t\t\t\t\t\t<\/div>\n\t\t\t\t<\/div>\n\t\t\t\t<div class=\"elementor-element elementor-element-cdd6692 elementor-widget elementor-widget-image\" data-id=\"cdd6692\" data-element_type=\"widget\" data-e-type=\"widget\" data-widget_type=\"image.default\">\n\t\t\t\t<div class=\"elementor-widget-container\">\n\t\t\t\t\t\t\t\t\t\t\t\t\t\t\t<img decoding=\"async\" width=\"300\" height=\"300\" src=\"https:\/\/ihedn.fr\/wp-content\/uploads\/2024\/03\/1708107594516-300x300.jpeg\" class=\"attachment-medium size-medium wp-image-46399\" alt=\"\" srcset=\"https:\/\/ihedn.fr\/wp-content\/uploads\/2024\/03\/1708107594516-300x300.jpeg 300w, https:\/\/ihedn.fr\/wp-content\/uploads\/2024\/03\/1708107594516-150x150.jpeg 150w\" sizes=\"(max-width: 300px) 100vw, 300px\" \/>\t\t\t\t\t\t\t\t\t\t\t\t\t\t\t<\/div>\n\t\t\t\t<\/div>\n\t\t\t\t<div class=\"elementor-element elementor-element-c704ef8 elementor-widget elementor-widget-image\" data-id=\"c704ef8\" data-element_type=\"widget\" data-e-type=\"widget\" data-widget_type=\"image.default\">\n\t\t\t\t<div class=\"elementor-widget-container\">\n\t\t\t\t\t\t\t\t\t\t\t\t\t\t\t<img decoding=\"async\" width=\"300\" height=\"300\" src=\"https:\/\/ihedn.fr\/wp-content\/uploads\/2024\/03\/1708107594547-300x300.jpeg\" class=\"attachment-medium size-medium wp-image-46400\" alt=\"\" srcset=\"https:\/\/ihedn.fr\/wp-content\/uploads\/2024\/03\/1708107594547-300x300.jpeg 300w, https:\/\/ihedn.fr\/wp-content\/uploads\/2024\/03\/1708107594547-150x150.jpeg 150w\" sizes=\"(max-width: 300px) 100vw, 300px\" \/>\t\t\t\t\t\t\t\t\t\t\t\t\t\t\t<\/div>\n\t\t\t\t<\/div>\n\t\t\t\t\t<\/div>\n\t\t\t\t<\/div>\n\t\t\t\t<\/div>","protected":false},"excerpt":{"rendered":"<p>The 236th session in the Grand Est region ended on Friday 16 February in Strasbourg. For 4 weeks, 43 students were trained in the military and industrial challenges facing France and the region.<\/p>","protected":false},"author":12,"featured_media":46396,"comment_status":"closed","ping_status":"closed","sticky":false,"template":"","format":"standard","meta":{"footnotes":""},"categories":[172],"tags":[],"class_list":["post-46395","post","type-post","status-publish","format-standard","has-post-thumbnail","hentry","category-notre-actualite"],"yoast_head":"<!-- This site is optimized with the Yoast SEO plugin v27.5 - https:\/\/yoast.com\/product\/yoast-seo-wordpress\/ -->\n<title>Cl\u00f4ture de la 236e session en r\u00e9gion Grand Est \u00e0 Strasbourg - L&#039;IHEDN : Institut des hautes \u00e9tudes de d\u00e9fense nationale<\/title>\n<meta name=\"description\" content=\"Les 43 auditeurs se sont retrouv\u00e9s du 6 au 9 f\u00e9vrier 2024 pour la 3e semaine de la 236e session en r\u00e9gion Grand-Est. Au programme : accueil \u00e0 la Pr\u00e9fecture des Vosges, visites de sites militaires et industriels et conf\u00e9rences, offrant une perspective strat\u00e9gique approfondie de la r\u00e9gion.\" \/>\n<meta name=\"robots\" content=\"index, follow, max-snippet:-1, max-image-preview:large, max-video-preview:-1\" \/>\n<link rel=\"canonical\" href=\"https:\/\/ihedn.fr\/en\/notre-actualite\/cloture-de-la-236e-session-en-region-grand-est-a-strasbourg\/\" \/>\n<meta property=\"og:locale\" content=\"en_GB\" \/>\n<meta property=\"og:type\" content=\"article\" \/>\n<meta property=\"og:title\" content=\"Cl\u00f4ture de la 236e session en r\u00e9gion Grand Est \u00e0 Strasbourg\" \/>\n<meta property=\"og:description\" content=\"La 236e session en r\u00e9gion Grand Est s&#039;est achev\u00e9e vendredi 16 f\u00e9vrier \u00e0 Strasbourg. Pendant 4 semaines, 43 auditeurs se sont form\u00e9s aux enjeux militaires et industriels de la France et de la r\u00e9gion.\" \/>\n<meta property=\"og:url\" content=\"https:\/\/ihedn.fr\/en\/notre-actualite\/cloture-de-la-236e-session-en-region-grand-est-a-strasbourg\/\" \/>\n<meta property=\"og:site_name\" content=\"L&#039;IHEDN : Institut des hautes \u00e9tudes de d\u00e9fense nationale\" \/>\n<meta property=\"article:publisher\" content=\"https:\/\/www.facebook.com\/ihedn\/\" \/>\n<meta property=\"article:published_time\" content=\"2024-03-06T15:59:05+00:00\" \/>\n<meta property=\"article:modified_time\" content=\"2024-03-06T16:08:12+00:00\" \/>\n<meta property=\"og:image\" content=\"https:\/\/ihedn.fr\/wp-content\/uploads\/2024\/03\/1708107595790.jpeg\" \/>\n\t<meta property=\"og:image:width\" content=\"800\" \/>\n\t<meta property=\"og:image:height\" content=\"600\" \/>\n\t<meta property=\"og:image:type\" content=\"image\/jpeg\" \/>\n<meta name=\"author\" content=\"Ad\u00e8le Thoumieux\" \/>\n<meta name=\"twitter:card\" content=\"summary_large_image\" \/>\n<meta name=\"twitter:title\" content=\"Cl\u00f4ture de la 236e session en r\u00e9gion Grand Est \u00e0 Strasbourg\" \/>\n<meta name=\"twitter:description\" content=\"La 236e session en r\u00e9gion Grand Est s&#039;est achev\u00e9e vendredi 16 f\u00e9vrier \u00e0 Strasbourg. Pendant 4 semaines, 43 auditeurs se sont form\u00e9s aux enjeux militaires et industriels de la France et de la r\u00e9gion.\" \/>\n<meta name=\"twitter:image\" content=\"https:\/\/ihedn.fr\/wp-content\/uploads\/2024\/03\/1708107595790.jpeg\" \/>\n<meta name=\"twitter:creator\" content=\"@IHEDN\" \/>\n<meta name=\"twitter:site\" content=\"@IHEDN\" \/>\n<meta name=\"twitter:label1\" content=\"Written by\" \/>\n\t<meta name=\"twitter:data1\" content=\"Ad\u00e8le Thoumieux\" \/>\n\t<meta name=\"twitter:label2\" content=\"Estimated reading time\" \/>\n\t<meta name=\"twitter:data2\" content=\"2 minutes\" \/>\n<script type=\"application\/ld+json\" class=\"yoast-schema-graph\">{\"@context\":\"https:\\\/\\\/schema.org\",\"@graph\":[{\"@type\":\"Article\",\"@id\":\"https:\\\/\\\/ihedn.fr\\\/notre-actualite\\\/cloture-de-la-236e-session-en-region-grand-est-a-strasbourg\\\/#article\",\"isPartOf\":{\"@id\":\"https:\\\/\\\/ihedn.fr\\\/notre-actualite\\\/cloture-de-la-236e-session-en-region-grand-est-a-strasbourg\\\/\"},\"author\":{\"name\":\"Ad\u00e8le Thoumieux\",\"@id\":\"https:\\\/\\\/ihedn.fr\\\/#\\\/schema\\\/person\\\/16d49c2bd0121499ea9b9023ce89826c\"},\"headline\":\"Cl\u00f4ture de la 236e session en r\u00e9gion Grand Est \u00e0 Strasbourg\",\"datePublished\":\"2024-03-06T15:59:05+00:00\",\"dateModified\":\"2024-03-06T16:08:12+00:00\",\"mainEntityOfPage\":{\"@id\":\"https:\\\/\\\/ihedn.fr\\\/notre-actualite\\\/cloture-de-la-236e-session-en-region-grand-est-a-strasbourg\\\/\"},\"wordCount\":287,\"publisher\":{\"@id\":\"https:\\\/\\\/ihedn.fr\\\/#organization\"},\"image\":{\"@id\":\"https:\\\/\\\/ihedn.fr\\\/notre-actualite\\\/cloture-de-la-236e-session-en-region-grand-est-a-strasbourg\\\/#primaryimage\"},\"thumbnailUrl\":\"https:\\\/\\\/ihedn.fr\\\/wp-content\\\/uploads\\\/2024\\\/03\\\/1708107595790.jpeg\",\"articleSection\":[\"Notre actualit\u00e9\"],\"inLanguage\":\"en-GB\"},{\"@type\":\"WebPage\",\"@id\":\"https:\\\/\\\/ihedn.fr\\\/notre-actualite\\\/cloture-de-la-236e-session-en-region-grand-est-a-strasbourg\\\/\",\"url\":\"https:\\\/\\\/ihedn.fr\\\/notre-actualite\\\/cloture-de-la-236e-session-en-region-grand-est-a-strasbourg\\\/\",\"name\":\"Cl\u00f4ture de la 236e session en r\u00e9gion Grand Est \u00e0 Strasbourg - L&#039;IHEDN : Institut des hautes \u00e9tudes de d\u00e9fense nationale\",\"isPartOf\":{\"@id\":\"https:\\\/\\\/ihedn.fr\\\/#website\"},\"primaryImageOfPage\":{\"@id\":\"https:\\\/\\\/ihedn.fr\\\/notre-actualite\\\/cloture-de-la-236e-session-en-region-grand-est-a-strasbourg\\\/#primaryimage\"},\"image\":{\"@id\":\"https:\\\/\\\/ihedn.fr\\\/notre-actualite\\\/cloture-de-la-236e-session-en-region-grand-est-a-strasbourg\\\/#primaryimage\"},\"thumbnailUrl\":\"https:\\\/\\\/ihedn.fr\\\/wp-content\\\/uploads\\\/2024\\\/03\\\/1708107595790.jpeg\",\"datePublished\":\"2024-03-06T15:59:05+00:00\",\"dateModified\":\"2024-03-06T16:08:12+00:00\",\"description\":\"Les 43 auditeurs se sont retrouv\u00e9s du 6 au 9 f\u00e9vrier 2024 pour la 3e semaine de la 236e session en r\u00e9gion Grand-Est. Au programme : accueil \u00e0 la Pr\u00e9fecture des Vosges, visites de sites militaires et industriels et conf\u00e9rences, offrant une perspective strat\u00e9gique approfondie de la r\u00e9gion.\",\"breadcrumb\":{\"@id\":\"https:\\\/\\\/ihedn.fr\\\/notre-actualite\\\/cloture-de-la-236e-session-en-region-grand-est-a-strasbourg\\\/#breadcrumb\"},\"inLanguage\":\"en-GB\",\"potentialAction\":[{\"@type\":\"ReadAction\",\"target\":[\"https:\\\/\\\/ihedn.fr\\\/notre-actualite\\\/cloture-de-la-236e-session-en-region-grand-est-a-strasbourg\\\/\"]}]},{\"@type\":\"ImageObject\",\"inLanguage\":\"en-GB\",\"@id\":\"https:\\\/\\\/ihedn.fr\\\/notre-actualite\\\/cloture-de-la-236e-session-en-region-grand-est-a-strasbourg\\\/#primaryimage\",\"url\":\"https:\\\/\\\/ihedn.fr\\\/wp-content\\\/uploads\\\/2024\\\/03\\\/1708107595790.jpeg\",\"contentUrl\":\"https:\\\/\\\/ihedn.fr\\\/wp-content\\\/uploads\\\/2024\\\/03\\\/1708107595790.jpeg\",\"width\":800,\"height\":600},{\"@type\":\"BreadcrumbList\",\"@id\":\"https:\\\/\\\/ihedn.fr\\\/notre-actualite\\\/cloture-de-la-236e-session-en-region-grand-est-a-strasbourg\\\/#breadcrumb\",\"itemListElement\":[{\"@type\":\"ListItem\",\"position\":1,\"name\":\"Accueil\",\"item\":\"https:\\\/\\\/ihedn.fr\\\/\"},{\"@type\":\"ListItem\",\"position\":2,\"name\":\"Cl\u00f4ture de la 236e session en r\u00e9gion Grand Est \u00e0 Strasbourg\"}]},{\"@type\":\"WebSite\",\"@id\":\"https:\\\/\\\/ihedn.fr\\\/#website\",\"url\":\"https:\\\/\\\/ihedn.fr\\\/\",\"name\":\"IHEDN : Institut des hautes \u00e9tudes de d\u00e9fense nationale |\",\"description\":\"Site officiel de l&#039;IHEDN plac\u00e9 sous la tutelle du Premier ministre.\",\"publisher\":{\"@id\":\"https:\\\/\\\/ihedn.fr\\\/#organization\"},\"potentialAction\":[{\"@type\":\"SearchAction\",\"target\":{\"@type\":\"EntryPoint\",\"urlTemplate\":\"https:\\\/\\\/ihedn.fr\\\/?s={search_term_string}\"},\"query-input\":{\"@type\":\"PropertyValueSpecification\",\"valueRequired\":true,\"valueName\":\"search_term_string\"}}],\"inLanguage\":\"en-GB\"},{\"@type\":\"Organization\",\"@id\":\"https:\\\/\\\/ihedn.fr\\\/#organization\",\"name\":\"IHEDN - Institut des Hautes Etudes de D\u00e9fense Nationale\",\"url\":\"https:\\\/\\\/ihedn.fr\\\/\",\"logo\":{\"@type\":\"ImageObject\",\"inLanguage\":\"en-GB\",\"@id\":\"https:\\\/\\\/ihedn.fr\\\/#\\\/schema\\\/logo\\\/image\\\/\",\"url\":\"https:\\\/\\\/ihedn.fr\\\/wp-content\\\/uploads\\\/2020\\\/11\\\/BLOC_RF_IHEDN_WEB.png\",\"contentUrl\":\"https:\\\/\\\/ihedn.fr\\\/wp-content\\\/uploads\\\/2020\\\/11\\\/BLOC_RF_IHEDN_WEB.png\",\"width\":500,\"height\":237,\"caption\":\"IHEDN - Institut des Hautes Etudes de D\u00e9fense Nationale\"},\"image\":{\"@id\":\"https:\\\/\\\/ihedn.fr\\\/#\\\/schema\\\/logo\\\/image\\\/\"},\"sameAs\":[\"https:\\\/\\\/www.facebook.com\\\/ihedn\\\/\",\"https:\\\/\\\/x.com\\\/IHEDN\",\"https:\\\/\\\/www.instagram.com\\\/ihedn\\\/\",\"https:\\\/\\\/www.linkedin.com\\\/school\\\/ihedn\\\/\",\"https:\\\/\\\/fr.wikipedia.org\\\/wiki\\\/Institut_des_hautes_\u00e9tudes_de_D\u00e9fense_nationale\"]},{\"@type\":\"Person\",\"@id\":\"https:\\\/\\\/ihedn.fr\\\/#\\\/schema\\\/person\\\/16d49c2bd0121499ea9b9023ce89826c\",\"name\":\"Ad\u00e8le Thoumieux\",\"image\":{\"@type\":\"ImageObject\",\"inLanguage\":\"en-GB\",\"@id\":\"https:\\\/\\\/secure.gravatar.com\\\/avatar\\\/64fc58d14679bdd185946349bcb229b06e37d30d6290c2bec15f1daa8f8e0ece?s=96&d=mm&r=g\",\"url\":\"https:\\\/\\\/secure.gravatar.com\\\/avatar\\\/64fc58d14679bdd185946349bcb229b06e37d30d6290c2bec15f1daa8f8e0ece?s=96&d=mm&r=g\",\"contentUrl\":\"https:\\\/\\\/secure.gravatar.com\\\/avatar\\\/64fc58d14679bdd185946349bcb229b06e37d30d6290c2bec15f1daa8f8e0ece?s=96&d=mm&r=g\",\"caption\":\"Ad\u00e8le Thoumieux\"},\"sameAs\":[\"http:\\\/\\\/ihedn.fr\"],\"url\":\"https:\\\/\\\/ihedn.fr\\\/en\\\/author\\\/thoumieux\\\/\"}]}<\/script>\n<!-- \/ Yoast SEO plugin. -->","yoast_head_json":{"title":"Closure of the 236th session in the Grand Est region in Strasbourg - L'IHEDN : Institut des hautes \u00e9tudes de d\u00e9fense nationale","description":"The 43 auditors met from 6 to 9 February 2024 for the 3rd week of the 236th session in the Grand-Est region. The programme included a welcome at the Pr\u00e9fecture des Vosges, visits to military and industrial sites and lectures, providing an in-depth strategic perspective of the region.","robots":{"index":"index","follow":"follow","max-snippet":"max-snippet:-1","max-image-preview":"max-image-preview:large","max-video-preview":"max-video-preview:-1"},"canonical":"https:\/\/ihedn.fr\/en\/notre-actualite\/cloture-de-la-236e-session-en-region-grand-est-a-strasbourg\/","og_locale":"en_GB","og_type":"article","og_title":"Cl\u00f4ture de la 236e session en r\u00e9gion Grand Est \u00e0 Strasbourg","og_description":"La 236e session en r\u00e9gion Grand Est s'est achev\u00e9e vendredi 16 f\u00e9vrier \u00e0 Strasbourg. Pendant 4 semaines, 43 auditeurs se sont form\u00e9s aux enjeux militaires et industriels de la France et de la r\u00e9gion.","og_url":"https:\/\/ihedn.fr\/en\/notre-actualite\/cloture-de-la-236e-session-en-region-grand-est-a-strasbourg\/","og_site_name":"L&#039;IHEDN : Institut des hautes \u00e9tudes de d\u00e9fense nationale","article_publisher":"https:\/\/www.facebook.com\/ihedn\/","article_published_time":"2024-03-06T15:59:05+00:00","article_modified_time":"2024-03-06T16:08:12+00:00","og_image":[{"width":800,"height":600,"url":"https:\/\/ihedn.fr\/wp-content\/uploads\/2024\/03\/1708107595790.jpeg","type":"image\/jpeg"}],"author":"Ad\u00e8le Thoumieux","twitter_card":"summary_large_image","twitter_title":"Cl\u00f4ture de la 236e session en r\u00e9gion Grand Est \u00e0 Strasbourg","twitter_description":"La 236e session en r\u00e9gion Grand Est s'est achev\u00e9e vendredi 16 f\u00e9vrier \u00e0 Strasbourg. Pendant 4 semaines, 43 auditeurs se sont form\u00e9s aux enjeux militaires et industriels de la France et de la r\u00e9gion.","twitter_image":"https:\/\/ihedn.fr\/wp-content\/uploads\/2024\/03\/1708107595790.jpeg","twitter_creator":"@IHEDN","twitter_site":"@IHEDN","twitter_misc":{"Written by":"Ad\u00e8le Thoumieux","Estimated reading time":"2 minutes"},"schema":{"@context":"https:\/\/schema.org","@graph":[{"@type":"Article","@id":"https:\/\/ihedn.fr\/notre-actualite\/cloture-de-la-236e-session-en-region-grand-est-a-strasbourg\/#article","isPartOf":{"@id":"https:\/\/ihedn.fr\/notre-actualite\/cloture-de-la-236e-session-en-region-grand-est-a-strasbourg\/"},"author":{"name":"Ad\u00e8le Thoumieux","@id":"https:\/\/ihedn.fr\/#\/schema\/person\/16d49c2bd0121499ea9b9023ce89826c"},"headline":"Cl\u00f4ture de la 236e session en r\u00e9gion Grand Est \u00e0 Strasbourg","datePublished":"2024-03-06T15:59:05+00:00","dateModified":"2024-03-06T16:08:12+00:00","mainEntityOfPage":{"@id":"https:\/\/ihedn.fr\/notre-actualite\/cloture-de-la-236e-session-en-region-grand-est-a-strasbourg\/"},"wordCount":287,"publisher":{"@id":"https:\/\/ihedn.fr\/#organization"},"image":{"@id":"https:\/\/ihedn.fr\/notre-actualite\/cloture-de-la-236e-session-en-region-grand-est-a-strasbourg\/#primaryimage"},"thumbnailUrl":"https:\/\/ihedn.fr\/wp-content\/uploads\/2024\/03\/1708107595790.jpeg","articleSection":["Notre actualit\u00e9"],"inLanguage":"en-GB"},{"@type":"WebPage","@id":"https:\/\/ihedn.fr\/notre-actualite\/cloture-de-la-236e-session-en-region-grand-est-a-strasbourg\/","url":"https:\/\/ihedn.fr\/notre-actualite\/cloture-de-la-236e-session-en-region-grand-est-a-strasbourg\/","name":"Closure of the 236th session in the Grand Est region in Strasbourg - L'IHEDN : Institut des hautes \u00e9tudes de d\u00e9fense nationale","isPartOf":{"@id":"https:\/\/ihedn.fr\/#website"},"primaryImageOfPage":{"@id":"https:\/\/ihedn.fr\/notre-actualite\/cloture-de-la-236e-session-en-region-grand-est-a-strasbourg\/#primaryimage"},"image":{"@id":"https:\/\/ihedn.fr\/notre-actualite\/cloture-de-la-236e-session-en-region-grand-est-a-strasbourg\/#primaryimage"},"thumbnailUrl":"https:\/\/ihedn.fr\/wp-content\/uploads\/2024\/03\/1708107595790.jpeg","datePublished":"2024-03-06T15:59:05+00:00","dateModified":"2024-03-06T16:08:12+00:00","description":"The 43 auditors met from 6 to 9 February 2024 for the 3rd week of the 236th session in the Grand-Est region. The programme included a welcome at the Pr\u00e9fecture des Vosges, visits to military and industrial sites and lectures, providing an in-depth strategic perspective of the region.","breadcrumb":{"@id":"https:\/\/ihedn.fr\/notre-actualite\/cloture-de-la-236e-session-en-region-grand-est-a-strasbourg\/#breadcrumb"},"inLanguage":"en-GB","potentialAction":[{"@type":"ReadAction","target":["https:\/\/ihedn.fr\/notre-actualite\/cloture-de-la-236e-session-en-region-grand-est-a-strasbourg\/"]}]},{"@type":"ImageObject","inLanguage":"en-GB","@id":"https:\/\/ihedn.fr\/notre-actualite\/cloture-de-la-236e-session-en-region-grand-est-a-strasbourg\/#primaryimage","url":"https:\/\/ihedn.fr\/wp-content\/uploads\/2024\/03\/1708107595790.jpeg","contentUrl":"https:\/\/ihedn.fr\/wp-content\/uploads\/2024\/03\/1708107595790.jpeg","width":800,"height":600},{"@type":"BreadcrumbList","@id":"https:\/\/ihedn.fr\/notre-actualite\/cloture-de-la-236e-session-en-region-grand-est-a-strasbourg\/#breadcrumb","itemListElement":[{"@type":"ListItem","position":1,"name":"Accueil","item":"https:\/\/ihedn.fr\/"},{"@type":"ListItem","position":2,"name":"Cl\u00f4ture de la 236e session en r\u00e9gion Grand Est \u00e0 Strasbourg"}]},{"@type":"WebSite","@id":"https:\/\/ihedn.fr\/#website","url":"https:\/\/ihedn.fr\/","name":"IHEDN: Institut des hautes \u00e9tudes de d\u00e9fense nationale (Institute for Higher National Defence Studies)","description":"Official website of the IHEDN under the supervision of the Prime Minister.","publisher":{"@id":"https:\/\/ihedn.fr\/#organization"},"potentialAction":[{"@type":"SearchAction","target":{"@type":"EntryPoint","urlTemplate":"https:\/\/ihedn.fr\/?s={search_term_string}"},"query-input":{"@type":"PropertyValueSpecification","valueRequired":true,"valueName":"search_term_string"}}],"inLanguage":"en-GB"},{"@type":"Organization","@id":"https:\/\/ihedn.fr\/#organization","name":"IHEDN - Institute for Higher National Defence Studies","url":"https:\/\/ihedn.fr\/","logo":{"@type":"ImageObject","inLanguage":"en-GB","@id":"https:\/\/ihedn.fr\/#\/schema\/logo\/image\/","url":"https:\/\/ihedn.fr\/wp-content\/uploads\/2020\/11\/BLOC_RF_IHEDN_WEB.png","contentUrl":"https:\/\/ihedn.fr\/wp-content\/uploads\/2020\/11\/BLOC_RF_IHEDN_WEB.png","width":500,"height":237,"caption":"IHEDN - Institut des Hautes Etudes de D\u00e9fense Nationale"},"image":{"@id":"https:\/\/ihedn.fr\/#\/schema\/logo\/image\/"},"sameAs":["https:\/\/www.facebook.com\/ihedn\/","https:\/\/x.com\/IHEDN","https:\/\/www.instagram.com\/ihedn\/","https:\/\/www.linkedin.com\/school\/ihedn\/","https:\/\/fr.wikipedia.org\/wiki\/Institut_des_hautes_\u00e9tudes_de_D\u00e9fense_nationale"]},{"@type":"Person","@id":"https:\/\/ihedn.fr\/#\/schema\/person\/16d49c2bd0121499ea9b9023ce89826c","name":"Ad\u00e8le Thoumieux","image":{"@type":"ImageObject","inLanguage":"en-GB","@id":"https:\/\/secure.gravatar.com\/avatar\/64fc58d14679bdd185946349bcb229b06e37d30d6290c2bec15f1daa8f8e0ece?s=96&d=mm&r=g","url":"https:\/\/secure.gravatar.com\/avatar\/64fc58d14679bdd185946349bcb229b06e37d30d6290c2bec15f1daa8f8e0ece?s=96&d=mm&r=g","contentUrl":"https:\/\/secure.gravatar.com\/avatar\/64fc58d14679bdd185946349bcb229b06e37d30d6290c2bec15f1daa8f8e0ece?s=96&d=mm&r=g","caption":"Ad\u00e8le Thoumieux"},"sameAs":["http:\/\/ihedn.fr"],"url":"https:\/\/ihedn.fr\/en\/author\/thoumieux\/"}]}},"publishpress_future_action":{"enabled":false,"date":"2026-05-09 02:42:04","action":"change-status","newStatus":"draft","terms":[],"taxonomy":"category","extraData":[]},"publishpress_future_workflow_manual_trigger":{"enabledWorkflows":[]},"_links":{"self":[{"href":"https:\/\/ihedn.fr\/en\/wp-json\/wp\/v2\/posts\/46395","targetHints":{"allow":["GET"]}}],"collection":[{"href":"https:\/\/ihedn.fr\/en\/wp-json\/wp\/v2\/posts"}],"about":[{"href":"https:\/\/ihedn.fr\/en\/wp-json\/wp\/v2\/types\/post"}],"author":[{"embeddable":true,"href":"https:\/\/ihedn.fr\/en\/wp-json\/wp\/v2\/users\/12"}],"replies":[{"embeddable":true,"href":"https:\/\/ihedn.fr\/en\/wp-json\/wp\/v2\/comments?post=46395"}],"version-history":[{"count":4,"href":"https:\/\/ihedn.fr\/en\/wp-json\/wp\/v2\/posts\/46395\/revisions"}],"predecessor-version":[{"id":46403,"href":"https:\/\/ihedn.fr\/en\/wp-json\/wp\/v2\/posts\/46395\/revisions\/46403"}],"wp:featuredmedia":[{"embeddable":true,"href":"https:\/\/ihedn.fr\/en\/wp-json\/wp\/v2\/media\/46396"}],"wp:attachment":[{"href":"https:\/\/ihedn.fr\/en\/wp-json\/wp\/v2\/media?parent=46395"}],"wp:term":[{"taxonomy":"category","embeddable":true,"href":"https:\/\/ihedn.fr\/en\/wp-json\/wp\/v2\/categories?post=46395"},{"taxonomy":"post_tag","embeddable":true,"href":"https:\/\/ihedn.fr\/en\/wp-json\/wp\/v2\/tags?post=46395"}],"curies":[{"name":"wp","href":"https:\/\/api.w.org\/{rel}","templated":true}]}}