{"id":46631,"date":"2024-03-19T12:09:42","date_gmt":"2024-03-19T11:09:42","guid":{"rendered":"https:\/\/ihedn.fr\/?p=46631"},"modified":"2024-03-19T12:16:44","modified_gmt":"2024-03-19T11:16:44","slug":"la-polynesie-francaise-accueille-une-session-en-region","status":"publish","type":"post","link":"https:\/\/ihedn.fr\/en\/notre-actualite\/la-polynesie-francaise-accueille-une-session-en-region\/","title":{"rendered":"French Polynesia hosts a regional session"},"content":{"rendered":"<div data-elementor-type=\"wp-post\" data-elementor-id=\"46631\" class=\"elementor elementor-46631\" data-elementor-post-type=\"post\">\n\t\t\t\t<div data-particle_enable=\"false\" data-particle-mobile-disabled=\"false\" class=\"elementor-element elementor-element-93a82e0 e-con-full e-flex e-con e-parent\" data-id=\"93a82e0\" data-element_type=\"container\" data-e-type=\"container\">\n\t\t\t\t<div class=\"elementor-element elementor-element-79a2a8c elementor-widget elementor-widget-text-editor\" data-id=\"79a2a8c\" data-element_type=\"widget\" data-e-type=\"widget\" data-widget_type=\"text-editor.default\">\n\t\t\t\t<div class=\"elementor-widget-container\">\n\t\t\t\t\t\t\t\t\t<p>This training course brings together 49 executives and managers living in French Polynesia and local players. It is organised by IHEDN with the support of the French Overseas Departments and Territories (DGOM) and the civil and military authorities based in French Polynesia.<\/p><p>The programme for this session includes high-level lectures, the first of which was given by S\u00e9mir Al Wardi, professor at the University of French Polynesia, on the panorama of the contemporary world. Visits to military and industrial sites also enrich the course content.<\/p><p>The maritime issues facing French Polynesia were studied from the start of the session: presentation of the Navy and visit to the Papeete naval base; visit to the fishing port company and \"tuna geopolitics\"; then presentation of the issues facing the autonomous port of Papeete.<\/p><p>\u00a0The military dimension of the programme was discussed at the R\u00e9giment d'infanterie de marine du Pacifique - Polyn\u00e9sie, and at the Groupement a\u00e9ronautique militaire de Faa'a. The evolution of conflict (by Lieutenant General Marc Ollier, Inspector of the Armed Forces) and deterrence (by the CEP division of the \u00c9cole militaire Interarmes) were also presented to the audience. A visit to the Moruroa site will follow this lecture.<\/p><p>The interministerial nature of the programme has already been highlighted by speeches on the challenges of communications (submarine cables and satellites, by the Chairman of Tahiti Nui Telecom), civil aviation (by the Director of the State Civil Aviation Department in French Polynesia), and the energy transition in French Polynesia (by EDT Engie). Visits to the EDT Engie thermal power plant and the IFREMER Pacific centre (with a focus on applied research) provided further food for thought for the audience.<\/p><p>On 13 March, at the end of the last lecture of the day, the IHEDN auditors and management team were honoured by a visit from Moetai Brotherson, President of French Polynesia. He took the time to speak to them and answer their questions.<\/p><p>This week, the auditors continue their discovery of defence and national security before presenting the conclusions of their committee work on Friday 22 March.<\/p><p>Another highlight of the week was the 141st youth cycle in French Polynesia. The 35 young auditors were welcomed on 18 March by Lieutenant General Beno\u00eet Durieux, Director of the IHEDN. This course is also organised with the support of the DGOM.<\/p>\t\t\t\t\t\t\t\t<\/div>\n\t\t\t\t<\/div>\n\t\t\t\t<div class=\"elementor-element elementor-element-69e3022 gallery-spacing-custom elementor-widget elementor-widget-image-gallery\" data-id=\"69e3022\" data-element_type=\"widget\" data-e-type=\"widget\" data-widget_type=\"image-gallery.default\">\n\t\t\t\t<div class=\"elementor-widget-container\">\n\t\t\t\t\t\t\t<div class=\"elementor-image-gallery\">\n\t\t\t<div id='gallery-1' class='gallery galleryid-46631 gallery-columns-4 gallery-size-medium'><figure class='gallery-item'>\n\t\t\t<div class='gallery-icon portrait'>\n\t\t\t\t<a data-elementor-open-lightbox=\"yes\" data-elementor-lightbox-slideshow=\"69e3022\" data-e-action-hash=\"#elementor-action%3Aaction%3Dlightbox%26settings%3DeyJpZCI6NDY2MzYsInVybCI6Imh0dHBzOlwvXC9paGVkbi5mclwvd3AtY29udGVudFwvdXBsb2Fkc1wvMjAyNFwvMDNcLzUuanBlZyIsInNsaWRlc2hvdyI6IjY5ZTMwMjIifQ%3D%3D\" href='https:\/\/ihedn.fr\/wp-content\/uploads\/2024\/03\/5.jpeg'><img fetchpriority=\"high\" decoding=\"async\" width=\"300\" height=\"300\" src=\"https:\/\/ihedn.fr\/wp-content\/uploads\/2024\/03\/5-300x300.jpeg\" class=\"attachment-medium size-medium\" alt=\"\" srcset=\"https:\/\/ihedn.fr\/wp-content\/uploads\/2024\/03\/5-300x300.jpeg 300w, https:\/\/ihedn.fr\/wp-content\/uploads\/2024\/03\/5-1024x1024.jpeg 1024w, https:\/\/ihedn.fr\/wp-content\/uploads\/2024\/03\/5-150x150.jpeg 150w, https:\/\/ihedn.fr\/wp-content\/uploads\/2024\/03\/5-768x768.jpeg 768w\" sizes=\"(max-width: 300px) 100vw, 300px\" \/><\/a>\n\t\t\t<\/div><\/figure><figure class='gallery-item'>\n\t\t\t<div class='gallery-icon landscape'>\n\t\t\t\t<a data-elementor-open-lightbox=\"yes\" data-elementor-lightbox-slideshow=\"69e3022\" data-e-action-hash=\"#elementor-action%3Aaction%3Dlightbox%26settings%3DeyJpZCI6NDY2MzUsInVybCI6Imh0dHBzOlwvXC9paGVkbi5mclwvd3AtY29udGVudFwvdXBsb2Fkc1wvMjAyNFwvMDNcLzQuanBlZyIsInNsaWRlc2hvdyI6IjY5ZTMwMjIifQ%3D%3D\" href='https:\/\/ihedn.fr\/wp-content\/uploads\/2024\/03\/4.jpeg'><img decoding=\"async\" width=\"300\" height=\"300\" src=\"https:\/\/ihedn.fr\/wp-content\/uploads\/2024\/03\/4-300x300.jpeg\" class=\"attachment-medium size-medium\" alt=\"\" srcset=\"https:\/\/ihedn.fr\/wp-content\/uploads\/2024\/03\/4-300x300.jpeg 300w, https:\/\/ihedn.fr\/wp-content\/uploads\/2024\/03\/4-1024x1024.jpeg 1024w, https:\/\/ihedn.fr\/wp-content\/uploads\/2024\/03\/4-150x150.jpeg 150w, https:\/\/ihedn.fr\/wp-content\/uploads\/2024\/03\/4-768x768.jpeg 768w\" sizes=\"(max-width: 300px) 100vw, 300px\" \/><\/a>\n\t\t\t<\/div><\/figure><figure class='gallery-item'>\n\t\t\t<div class='gallery-icon landscape'>\n\t\t\t\t<a data-elementor-open-lightbox=\"yes\" data-elementor-lightbox-slideshow=\"69e3022\" data-e-action-hash=\"#elementor-action%3Aaction%3Dlightbox%26settings%3DeyJpZCI6NDY2MzgsInVybCI6Imh0dHBzOlwvXC9paGVkbi5mclwvd3AtY29udGVudFwvdXBsb2Fkc1wvMjAyNFwvMDNcLzcuanBlZyIsInNsaWRlc2hvdyI6IjY5ZTMwMjIifQ%3D%3D\" href='https:\/\/ihedn.fr\/wp-content\/uploads\/2024\/03\/7.jpeg'><img decoding=\"async\" width=\"300\" height=\"300\" src=\"https:\/\/ihedn.fr\/wp-content\/uploads\/2024\/03\/7-300x300.jpeg\" class=\"attachment-medium size-medium\" alt=\"\" srcset=\"https:\/\/ihedn.fr\/wp-content\/uploads\/2024\/03\/7-300x300.jpeg 300w, https:\/\/ihedn.fr\/wp-content\/uploads\/2024\/03\/7-1024x1024.jpeg 1024w, https:\/\/ihedn.fr\/wp-content\/uploads\/2024\/03\/7-150x150.jpeg 150w, https:\/\/ihedn.fr\/wp-content\/uploads\/2024\/03\/7-768x768.jpeg 768w\" sizes=\"(max-width: 300px) 100vw, 300px\" \/><\/a>\n\t\t\t<\/div><\/figure><figure class='gallery-item'>\n\t\t\t<div class='gallery-icon landscape'>\n\t\t\t\t<a data-elementor-open-lightbox=\"yes\" data-elementor-lightbox-slideshow=\"69e3022\" data-e-action-hash=\"#elementor-action%3Aaction%3Dlightbox%26settings%3DeyJpZCI6NDY2MzksInVybCI6Imh0dHBzOlwvXC9paGVkbi5mclwvd3AtY29udGVudFwvdXBsb2Fkc1wvMjAyNFwvMDNcL1NhbnMtdGl0cmUyLmpwZWciLCJzbGlkZXNob3ciOiI2OWUzMDIyIn0%3D\" href='https:\/\/ihedn.fr\/wp-content\/uploads\/2024\/03\/Sans-titre2.jpeg'><img loading=\"lazy\" decoding=\"async\" width=\"300\" height=\"300\" src=\"https:\/\/ihedn.fr\/wp-content\/uploads\/2024\/03\/Sans-titre2-300x300.jpeg\" class=\"attachment-medium size-medium\" alt=\"\" srcset=\"https:\/\/ihedn.fr\/wp-content\/uploads\/2024\/03\/Sans-titre2-300x300.jpeg 300w, https:\/\/ihedn.fr\/wp-content\/uploads\/2024\/03\/Sans-titre2-1024x1024.jpeg 1024w, https:\/\/ihedn.fr\/wp-content\/uploads\/2024\/03\/Sans-titre2-150x150.jpeg 150w, https:\/\/ihedn.fr\/wp-content\/uploads\/2024\/03\/Sans-titre2-768x768.jpeg 768w\" sizes=\"(max-width: 300px) 100vw, 300px\" \/><\/a>\n\t\t\t<\/div><\/figure>\n\t\t<\/div>\n\t\t<\/div>\n\t\t\t\t\t\t<\/div>\n\t\t\t\t<\/div>\n\t\t\t\t<\/div>\n\t\t<div data-particle_enable=\"false\" data-particle-mobile-disabled=\"false\" class=\"elementor-element elementor-element-c201789 e-grid e-con-boxed e-con e-parent\" data-id=\"c201789\" data-element_type=\"container\" data-e-type=\"container\">\n\t\t\t\t\t<div class=\"e-con-inner\">\n\t\t\t\t<div class=\"elementor-element elementor-element-537d922 elementor-widget elementor-widget-image\" data-id=\"537d922\" data-element_type=\"widget\" data-e-type=\"widget\" data-widget_type=\"image.default\">\n\t\t\t\t<div class=\"elementor-widget-container\">\n\t\t\t\t\t\t\t\t\t\t\t\t\t\t\t<img loading=\"lazy\" decoding=\"async\" width=\"768\" height=\"768\" src=\"https:\/\/ihedn.fr\/wp-content\/uploads\/2024\/03\/6-768x768.jpeg\" class=\"attachment-medium_large size-medium_large wp-image-46637\" alt=\"\" srcset=\"https:\/\/ihedn.fr\/wp-content\/uploads\/2024\/03\/6-768x768.jpeg 768w, https:\/\/ihedn.fr\/wp-content\/uploads\/2024\/03\/6-300x300.jpeg 300w, https:\/\/ihedn.fr\/wp-content\/uploads\/2024\/03\/6-1024x1024.jpeg 1024w, https:\/\/ihedn.fr\/wp-content\/uploads\/2024\/03\/6-150x150.jpeg 150w\" sizes=\"(max-width: 768px) 100vw, 768px\" \/>\t\t\t\t\t\t\t\t\t\t\t\t\t\t\t<\/div>\n\t\t\t\t<\/div>\n\t\t\t\t<div class=\"elementor-element elementor-element-05f7a06 elementor-widget elementor-widget-image\" data-id=\"05f7a06\" data-element_type=\"widget\" data-e-type=\"widget\" data-widget_type=\"image.default\">\n\t\t\t\t<div class=\"elementor-widget-container\">\n\t\t\t\t\t\t\t\t\t\t\t\t\t\t\t<img loading=\"lazy\" decoding=\"async\" width=\"800\" height=\"800\" src=\"https:\/\/ihedn.fr\/wp-content\/uploads\/2024\/03\/3-1024x1024.jpeg\" class=\"attachment-large size-large wp-image-46634\" alt=\"\" srcset=\"https:\/\/ihedn.fr\/wp-content\/uploads\/2024\/03\/3-1024x1024.jpeg 1024w, https:\/\/ihedn.fr\/wp-content\/uploads\/2024\/03\/3-300x300.jpeg 300w, https:\/\/ihedn.fr\/wp-content\/uploads\/2024\/03\/3-150x150.jpeg 150w, https:\/\/ihedn.fr\/wp-content\/uploads\/2024\/03\/3-768x768.jpeg 768w\" sizes=\"(max-width: 800px) 100vw, 800px\" \/>\t\t\t\t\t\t\t\t\t\t\t\t\t\t\t<\/div>\n\t\t\t\t<\/div>\n\t\t\t\t\t<\/div>\n\t\t\t\t<\/div>\n\t\t\t\t<\/div>","protected":false},"excerpt":{"rendered":"<p>For the 3rd time in fifteen months, the IHEDN has headed overseas to organise a new regional session, the 237th, in French Polynesia. The session opened on 6 March at the Tahiti Museum, in the presence of Prefect \u00c9ric Spitz, High Commissioner of the Republic in French Polynesia, and Rear-Admiral Geoffroy d'Andign\u00e9, COMSUP FAPF.<\/p>","protected":false},"author":12,"featured_media":46632,"comment_status":"closed","ping_status":"closed","sticky":false,"template":"","format":"standard","meta":{"footnotes":""},"categories":[172],"tags":[],"class_list":["post-46631","post","type-post","status-publish","format-standard","has-post-thumbnail","hentry","category-notre-actualite"],"yoast_head":"<!-- This site is optimized with the Yoast SEO plugin v27.5 - https:\/\/yoast.com\/product\/yoast-seo-wordpress\/ -->\n<title>La Polyn\u00e9sie fran\u00e7aise accueille une session en r\u00e9gion - L&#039;IHEDN : Institut des hautes \u00e9tudes de d\u00e9fense nationale<\/title>\n<meta name=\"description\" content=\"Les 43 auditeurs se sont retrouv\u00e9s du 6 au 9 f\u00e9vrier 2024 pour la 3e semaine de la 236e session en r\u00e9gion Grand-Est. Au programme : accueil \u00e0 la Pr\u00e9fecture des Vosges, visites de sites militaires et industriels et conf\u00e9rences, offrant une perspective strat\u00e9gique approfondie de la r\u00e9gion.\" \/>\n<meta name=\"robots\" content=\"index, follow, max-snippet:-1, max-image-preview:large, max-video-preview:-1\" \/>\n<link rel=\"canonical\" href=\"https:\/\/ihedn.fr\/en\/notre-actualite\/la-polynesie-francaise-accueille-une-session-en-region\/\" \/>\n<meta property=\"og:locale\" content=\"en_GB\" \/>\n<meta property=\"og:type\" content=\"article\" \/>\n<meta property=\"og:title\" content=\"La Polyn\u00e9sie fran\u00e7aise accueille une session en r\u00e9gion La Polyn\u00e9sie fran\u00e7aise accueille une session en r\u00e9gion\" \/>\n<meta property=\"og:description\" content=\"Pour la 3\u00e8me fois en quinze mois, l\u2019IHEDN a pris la direction de l\u2019outre-mer pour l\u2019organisation d\u2019une nouvelle session en r\u00e9gion, la 237\u00e8me, en Polyn\u00e9sie fran\u00e7aise. Elle a \u00e9t\u00e9 ouverte le 6 mars, au mus\u00e9e de Tahiti, en pr\u00e9sence du pr\u00e9fet \u00c9ric Spitz, Haut-commissaire de la R\u00e9publique en Polyn\u00e9sie fran\u00e7aise, et du contre-amiral Geoffroy d\u2019Andign\u00e9, COMSUP FAPF.\" \/>\n<meta property=\"og:url\" content=\"https:\/\/ihedn.fr\/en\/notre-actualite\/la-polynesie-francaise-accueille-une-session-en-region\/\" \/>\n<meta property=\"og:site_name\" content=\"L&#039;IHEDN : Institut des hautes \u00e9tudes de d\u00e9fense nationale\" \/>\n<meta property=\"article:publisher\" content=\"https:\/\/www.facebook.com\/ihedn\/\" \/>\n<meta property=\"article:published_time\" content=\"2024-03-19T11:09:42+00:00\" \/>\n<meta property=\"article:modified_time\" content=\"2024-03-19T11:16:44+00:00\" \/>\n<meta property=\"og:image\" content=\"https:\/\/ihedn.fr\/wp-content\/uploads\/2024\/03\/8.jpeg\" \/>\n\t<meta property=\"og:image:width\" content=\"1600\" \/>\n\t<meta property=\"og:image:height\" content=\"1200\" \/>\n\t<meta property=\"og:image:type\" content=\"image\/jpeg\" \/>\n<meta name=\"author\" content=\"Ad\u00e8le Thoumieux\" \/>\n<meta name=\"twitter:card\" content=\"summary_large_image\" \/>\n<meta name=\"twitter:title\" content=\"La Polyn\u00e9sie fran\u00e7aise accueille une session en r\u00e9gion La Polyn\u00e9sie fran\u00e7aise accueille une session en r\u00e9gion\" \/>\n<meta name=\"twitter:description\" content=\"Pour la 3\u00e8me fois en quinze mois, l\u2019IHEDN a pris la direction de l\u2019outre-mer pour l\u2019organisation d\u2019une nouvelle session en r\u00e9gion, la 237\u00e8me, en Polyn\u00e9sie fran\u00e7aise. Elle a \u00e9t\u00e9 ouverte le 6 mars, au mus\u00e9e de Tahiti, en pr\u00e9sence du pr\u00e9fet \u00c9ric Spitz, Haut-commissaire de la R\u00e9publique en Polyn\u00e9sie fran\u00e7aise, et du contre-amiral Geoffroy d\u2019Andign\u00e9, COMSUP FAPF.\" \/>\n<meta name=\"twitter:image\" content=\"https:\/\/ihedn.fr\/wp-content\/uploads\/2024\/03\/8.jpeg\" \/>\n<meta name=\"twitter:creator\" content=\"@IHEDN\" \/>\n<meta name=\"twitter:site\" content=\"@IHEDN\" \/>\n<meta name=\"twitter:label1\" content=\"Written by\" \/>\n\t<meta name=\"twitter:data1\" content=\"Ad\u00e8le Thoumieux\" \/>\n\t<meta name=\"twitter:label2\" content=\"Estimated reading time\" \/>\n\t<meta name=\"twitter:data2\" content=\"4 minutes\" \/>\n<script type=\"application\/ld+json\" class=\"yoast-schema-graph\">{\"@context\":\"https:\\\/\\\/schema.org\",\"@graph\":[{\"@type\":\"Article\",\"@id\":\"https:\\\/\\\/ihedn.fr\\\/en\\\/notre-actualite\\\/la-polynesie-francaise-accueille-une-session-en-region\\\/#article\",\"isPartOf\":{\"@id\":\"https:\\\/\\\/ihedn.fr\\\/en\\\/notre-actualite\\\/la-polynesie-francaise-accueille-une-session-en-region\\\/\"},\"author\":{\"name\":\"Ad\u00e8le Thoumieux\",\"@id\":\"https:\\\/\\\/ihedn.fr\\\/#\\\/schema\\\/person\\\/16d49c2bd0121499ea9b9023ce89826c\"},\"headline\":\"La Polyn\u00e9sie fran\u00e7aise accueille une session en r\u00e9gion\",\"datePublished\":\"2024-03-19T11:09:42+00:00\",\"dateModified\":\"2024-03-19T11:16:44+00:00\",\"mainEntityOfPage\":{\"@id\":\"https:\\\/\\\/ihedn.fr\\\/en\\\/notre-actualite\\\/la-polynesie-francaise-accueille-une-session-en-region\\\/\"},\"wordCount\":514,\"publisher\":{\"@id\":\"https:\\\/\\\/ihedn.fr\\\/#organization\"},\"image\":{\"@id\":\"https:\\\/\\\/ihedn.fr\\\/en\\\/notre-actualite\\\/la-polynesie-francaise-accueille-une-session-en-region\\\/#primaryimage\"},\"thumbnailUrl\":\"https:\\\/\\\/ihedn.fr\\\/wp-content\\\/uploads\\\/2024\\\/03\\\/8.jpeg\",\"articleSection\":[\"Notre actualit\u00e9\"],\"inLanguage\":\"en-GB\"},{\"@type\":\"WebPage\",\"@id\":\"https:\\\/\\\/ihedn.fr\\\/en\\\/notre-actualite\\\/la-polynesie-francaise-accueille-une-session-en-region\\\/\",\"url\":\"https:\\\/\\\/ihedn.fr\\\/en\\\/notre-actualite\\\/la-polynesie-francaise-accueille-une-session-en-region\\\/\",\"name\":\"La Polyn\u00e9sie fran\u00e7aise accueille une session en r\u00e9gion - L&#039;IHEDN : Institut des hautes \u00e9tudes de d\u00e9fense nationale\",\"isPartOf\":{\"@id\":\"https:\\\/\\\/ihedn.fr\\\/#website\"},\"primaryImageOfPage\":{\"@id\":\"https:\\\/\\\/ihedn.fr\\\/en\\\/notre-actualite\\\/la-polynesie-francaise-accueille-une-session-en-region\\\/#primaryimage\"},\"image\":{\"@id\":\"https:\\\/\\\/ihedn.fr\\\/en\\\/notre-actualite\\\/la-polynesie-francaise-accueille-une-session-en-region\\\/#primaryimage\"},\"thumbnailUrl\":\"https:\\\/\\\/ihedn.fr\\\/wp-content\\\/uploads\\\/2024\\\/03\\\/8.jpeg\",\"datePublished\":\"2024-03-19T11:09:42+00:00\",\"dateModified\":\"2024-03-19T11:16:44+00:00\",\"description\":\"Les 43 auditeurs se sont retrouv\u00e9s du 6 au 9 f\u00e9vrier 2024 pour la 3e semaine de la 236e session en r\u00e9gion Grand-Est. Au programme : accueil \u00e0 la Pr\u00e9fecture des Vosges, visites de sites militaires et industriels et conf\u00e9rences, offrant une perspective strat\u00e9gique approfondie de la r\u00e9gion.\",\"breadcrumb\":{\"@id\":\"https:\\\/\\\/ihedn.fr\\\/en\\\/notre-actualite\\\/la-polynesie-francaise-accueille-une-session-en-region\\\/#breadcrumb\"},\"inLanguage\":\"en-GB\",\"potentialAction\":[{\"@type\":\"ReadAction\",\"target\":[\"https:\\\/\\\/ihedn.fr\\\/en\\\/notre-actualite\\\/la-polynesie-francaise-accueille-une-session-en-region\\\/\"]}]},{\"@type\":\"ImageObject\",\"inLanguage\":\"en-GB\",\"@id\":\"https:\\\/\\\/ihedn.fr\\\/en\\\/notre-actualite\\\/la-polynesie-francaise-accueille-une-session-en-region\\\/#primaryimage\",\"url\":\"https:\\\/\\\/ihedn.fr\\\/wp-content\\\/uploads\\\/2024\\\/03\\\/8.jpeg\",\"contentUrl\":\"https:\\\/\\\/ihedn.fr\\\/wp-content\\\/uploads\\\/2024\\\/03\\\/8.jpeg\",\"width\":1600,\"height\":1200},{\"@type\":\"BreadcrumbList\",\"@id\":\"https:\\\/\\\/ihedn.fr\\\/en\\\/notre-actualite\\\/la-polynesie-francaise-accueille-une-session-en-region\\\/#breadcrumb\",\"itemListElement\":[{\"@type\":\"ListItem\",\"position\":1,\"name\":\"Accueil\",\"item\":\"https:\\\/\\\/ihedn.fr\\\/\"},{\"@type\":\"ListItem\",\"position\":2,\"name\":\"La Polyn\u00e9sie fran\u00e7aise accueille une session en r\u00e9gion\"}]},{\"@type\":\"WebSite\",\"@id\":\"https:\\\/\\\/ihedn.fr\\\/#website\",\"url\":\"https:\\\/\\\/ihedn.fr\\\/\",\"name\":\"IHEDN : Institut des hautes \u00e9tudes de d\u00e9fense nationale |\",\"description\":\"Site officiel de l&#039;IHEDN plac\u00e9 sous la tutelle du Premier ministre.\",\"publisher\":{\"@id\":\"https:\\\/\\\/ihedn.fr\\\/#organization\"},\"potentialAction\":[{\"@type\":\"SearchAction\",\"target\":{\"@type\":\"EntryPoint\",\"urlTemplate\":\"https:\\\/\\\/ihedn.fr\\\/?s={search_term_string}\"},\"query-input\":{\"@type\":\"PropertyValueSpecification\",\"valueRequired\":true,\"valueName\":\"search_term_string\"}}],\"inLanguage\":\"en-GB\"},{\"@type\":\"Organization\",\"@id\":\"https:\\\/\\\/ihedn.fr\\\/#organization\",\"name\":\"IHEDN - Institut des Hautes Etudes de D\u00e9fense Nationale\",\"url\":\"https:\\\/\\\/ihedn.fr\\\/\",\"logo\":{\"@type\":\"ImageObject\",\"inLanguage\":\"en-GB\",\"@id\":\"https:\\\/\\\/ihedn.fr\\\/#\\\/schema\\\/logo\\\/image\\\/\",\"url\":\"https:\\\/\\\/ihedn.fr\\\/wp-content\\\/uploads\\\/2020\\\/11\\\/BLOC_RF_IHEDN_WEB.png\",\"contentUrl\":\"https:\\\/\\\/ihedn.fr\\\/wp-content\\\/uploads\\\/2020\\\/11\\\/BLOC_RF_IHEDN_WEB.png\",\"width\":500,\"height\":237,\"caption\":\"IHEDN - Institut des Hautes Etudes de D\u00e9fense Nationale\"},\"image\":{\"@id\":\"https:\\\/\\\/ihedn.fr\\\/#\\\/schema\\\/logo\\\/image\\\/\"},\"sameAs\":[\"https:\\\/\\\/www.facebook.com\\\/ihedn\\\/\",\"https:\\\/\\\/x.com\\\/IHEDN\",\"https:\\\/\\\/www.instagram.com\\\/ihedn\\\/\",\"https:\\\/\\\/www.linkedin.com\\\/school\\\/ihedn\\\/\",\"https:\\\/\\\/fr.wikipedia.org\\\/wiki\\\/Institut_des_hautes_\u00e9tudes_de_D\u00e9fense_nationale\"]},{\"@type\":\"Person\",\"@id\":\"https:\\\/\\\/ihedn.fr\\\/#\\\/schema\\\/person\\\/16d49c2bd0121499ea9b9023ce89826c\",\"name\":\"Ad\u00e8le Thoumieux\",\"image\":{\"@type\":\"ImageObject\",\"inLanguage\":\"en-GB\",\"@id\":\"https:\\\/\\\/secure.gravatar.com\\\/avatar\\\/64fc58d14679bdd185946349bcb229b06e37d30d6290c2bec15f1daa8f8e0ece?s=96&d=mm&r=g\",\"url\":\"https:\\\/\\\/secure.gravatar.com\\\/avatar\\\/64fc58d14679bdd185946349bcb229b06e37d30d6290c2bec15f1daa8f8e0ece?s=96&d=mm&r=g\",\"contentUrl\":\"https:\\\/\\\/secure.gravatar.com\\\/avatar\\\/64fc58d14679bdd185946349bcb229b06e37d30d6290c2bec15f1daa8f8e0ece?s=96&d=mm&r=g\",\"caption\":\"Ad\u00e8le Thoumieux\"},\"sameAs\":[\"http:\\\/\\\/ihedn.fr\"],\"url\":\"https:\\\/\\\/ihedn.fr\\\/en\\\/author\\\/thoumieux\\\/\"}]}<\/script>\n<!-- \/ Yoast SEO plugin. -->","yoast_head_json":{"title":"French Polynesia hosts a regional session - L'IHEDN : Institut des hautes \u00e9tudes de d\u00e9fense nationale","description":"The 43 auditors met from 6 to 9 February 2024 for the 3rd week of the 236th session in the Grand-Est region. The programme included a welcome at the Pr\u00e9fecture des Vosges, visits to military and industrial sites and lectures, providing an in-depth strategic perspective of the region.","robots":{"index":"index","follow":"follow","max-snippet":"max-snippet:-1","max-image-preview":"max-image-preview:large","max-video-preview":"max-video-preview:-1"},"canonical":"https:\/\/ihedn.fr\/en\/notre-actualite\/la-polynesie-francaise-accueille-une-session-en-region\/","og_locale":"en_GB","og_type":"article","og_title":"La Polyn\u00e9sie fran\u00e7aise accueille une session en r\u00e9gion La Polyn\u00e9sie fran\u00e7aise accueille une session en r\u00e9gion","og_description":"Pour la 3\u00e8me fois en quinze mois, l\u2019IHEDN a pris la direction de l\u2019outre-mer pour l\u2019organisation d\u2019une nouvelle session en r\u00e9gion, la 237\u00e8me, en Polyn\u00e9sie fran\u00e7aise. Elle a \u00e9t\u00e9 ouverte le 6 mars, au mus\u00e9e de Tahiti, en pr\u00e9sence du pr\u00e9fet \u00c9ric Spitz, Haut-commissaire de la R\u00e9publique en Polyn\u00e9sie fran\u00e7aise, et du contre-amiral Geoffroy d\u2019Andign\u00e9, COMSUP FAPF.","og_url":"https:\/\/ihedn.fr\/en\/notre-actualite\/la-polynesie-francaise-accueille-une-session-en-region\/","og_site_name":"L&#039;IHEDN : Institut des hautes \u00e9tudes de d\u00e9fense nationale","article_publisher":"https:\/\/www.facebook.com\/ihedn\/","article_published_time":"2024-03-19T11:09:42+00:00","article_modified_time":"2024-03-19T11:16:44+00:00","og_image":[{"width":1600,"height":1200,"url":"https:\/\/ihedn.fr\/wp-content\/uploads\/2024\/03\/8.jpeg","type":"image\/jpeg"}],"author":"Ad\u00e8le Thoumieux","twitter_card":"summary_large_image","twitter_title":"La Polyn\u00e9sie fran\u00e7aise accueille une session en r\u00e9gion La Polyn\u00e9sie fran\u00e7aise accueille une session en r\u00e9gion","twitter_description":"Pour la 3\u00e8me fois en quinze mois, l\u2019IHEDN a pris la direction de l\u2019outre-mer pour l\u2019organisation d\u2019une nouvelle session en r\u00e9gion, la 237\u00e8me, en Polyn\u00e9sie fran\u00e7aise. Elle a \u00e9t\u00e9 ouverte le 6 mars, au mus\u00e9e de Tahiti, en pr\u00e9sence du pr\u00e9fet \u00c9ric Spitz, Haut-commissaire de la R\u00e9publique en Polyn\u00e9sie fran\u00e7aise, et du contre-amiral Geoffroy d\u2019Andign\u00e9, COMSUP FAPF.","twitter_image":"https:\/\/ihedn.fr\/wp-content\/uploads\/2024\/03\/8.jpeg","twitter_creator":"@IHEDN","twitter_site":"@IHEDN","twitter_misc":{"Written by":"Ad\u00e8le Thoumieux","Estimated reading time":"4 minutes"},"schema":{"@context":"https:\/\/schema.org","@graph":[{"@type":"Article","@id":"https:\/\/ihedn.fr\/en\/notre-actualite\/la-polynesie-francaise-accueille-une-session-en-region\/#article","isPartOf":{"@id":"https:\/\/ihedn.fr\/en\/notre-actualite\/la-polynesie-francaise-accueille-une-session-en-region\/"},"author":{"name":"Ad\u00e8le Thoumieux","@id":"https:\/\/ihedn.fr\/#\/schema\/person\/16d49c2bd0121499ea9b9023ce89826c"},"headline":"La Polyn\u00e9sie fran\u00e7aise accueille une session en r\u00e9gion","datePublished":"2024-03-19T11:09:42+00:00","dateModified":"2024-03-19T11:16:44+00:00","mainEntityOfPage":{"@id":"https:\/\/ihedn.fr\/en\/notre-actualite\/la-polynesie-francaise-accueille-une-session-en-region\/"},"wordCount":514,"publisher":{"@id":"https:\/\/ihedn.fr\/#organization"},"image":{"@id":"https:\/\/ihedn.fr\/en\/notre-actualite\/la-polynesie-francaise-accueille-une-session-en-region\/#primaryimage"},"thumbnailUrl":"https:\/\/ihedn.fr\/wp-content\/uploads\/2024\/03\/8.jpeg","articleSection":["Notre actualit\u00e9"],"inLanguage":"en-GB"},{"@type":"WebPage","@id":"https:\/\/ihedn.fr\/en\/notre-actualite\/la-polynesie-francaise-accueille-une-session-en-region\/","url":"https:\/\/ihedn.fr\/en\/notre-actualite\/la-polynesie-francaise-accueille-une-session-en-region\/","name":"French Polynesia hosts a regional session - L'IHEDN : Institut des hautes \u00e9tudes de d\u00e9fense nationale","isPartOf":{"@id":"https:\/\/ihedn.fr\/#website"},"primaryImageOfPage":{"@id":"https:\/\/ihedn.fr\/en\/notre-actualite\/la-polynesie-francaise-accueille-une-session-en-region\/#primaryimage"},"image":{"@id":"https:\/\/ihedn.fr\/en\/notre-actualite\/la-polynesie-francaise-accueille-une-session-en-region\/#primaryimage"},"thumbnailUrl":"https:\/\/ihedn.fr\/wp-content\/uploads\/2024\/03\/8.jpeg","datePublished":"2024-03-19T11:09:42+00:00","dateModified":"2024-03-19T11:16:44+00:00","description":"The 43 auditors met from 6 to 9 February 2024 for the 3rd week of the 236th session in the Grand-Est region. The programme included a welcome at the Pr\u00e9fecture des Vosges, visits to military and industrial sites and lectures, providing an in-depth strategic perspective of the region.","breadcrumb":{"@id":"https:\/\/ihedn.fr\/en\/notre-actualite\/la-polynesie-francaise-accueille-une-session-en-region\/#breadcrumb"},"inLanguage":"en-GB","potentialAction":[{"@type":"ReadAction","target":["https:\/\/ihedn.fr\/en\/notre-actualite\/la-polynesie-francaise-accueille-une-session-en-region\/"]}]},{"@type":"ImageObject","inLanguage":"en-GB","@id":"https:\/\/ihedn.fr\/en\/notre-actualite\/la-polynesie-francaise-accueille-une-session-en-region\/#primaryimage","url":"https:\/\/ihedn.fr\/wp-content\/uploads\/2024\/03\/8.jpeg","contentUrl":"https:\/\/ihedn.fr\/wp-content\/uploads\/2024\/03\/8.jpeg","width":1600,"height":1200},{"@type":"BreadcrumbList","@id":"https:\/\/ihedn.fr\/en\/notre-actualite\/la-polynesie-francaise-accueille-une-session-en-region\/#breadcrumb","itemListElement":[{"@type":"ListItem","position":1,"name":"Accueil","item":"https:\/\/ihedn.fr\/"},{"@type":"ListItem","position":2,"name":"La Polyn\u00e9sie fran\u00e7aise accueille une session en r\u00e9gion"}]},{"@type":"WebSite","@id":"https:\/\/ihedn.fr\/#website","url":"https:\/\/ihedn.fr\/","name":"IHEDN: Institut des hautes \u00e9tudes de d\u00e9fense nationale (Institute for Higher National Defence Studies)","description":"Official website of the IHEDN under the supervision of the Prime Minister.","publisher":{"@id":"https:\/\/ihedn.fr\/#organization"},"potentialAction":[{"@type":"SearchAction","target":{"@type":"EntryPoint","urlTemplate":"https:\/\/ihedn.fr\/?s={search_term_string}"},"query-input":{"@type":"PropertyValueSpecification","valueRequired":true,"valueName":"search_term_string"}}],"inLanguage":"en-GB"},{"@type":"Organization","@id":"https:\/\/ihedn.fr\/#organization","name":"IHEDN - Institute for Higher National Defence Studies","url":"https:\/\/ihedn.fr\/","logo":{"@type":"ImageObject","inLanguage":"en-GB","@id":"https:\/\/ihedn.fr\/#\/schema\/logo\/image\/","url":"https:\/\/ihedn.fr\/wp-content\/uploads\/2020\/11\/BLOC_RF_IHEDN_WEB.png","contentUrl":"https:\/\/ihedn.fr\/wp-content\/uploads\/2020\/11\/BLOC_RF_IHEDN_WEB.png","width":500,"height":237,"caption":"IHEDN - Institut des Hautes Etudes de D\u00e9fense Nationale"},"image":{"@id":"https:\/\/ihedn.fr\/#\/schema\/logo\/image\/"},"sameAs":["https:\/\/www.facebook.com\/ihedn\/","https:\/\/x.com\/IHEDN","https:\/\/www.instagram.com\/ihedn\/","https:\/\/www.linkedin.com\/school\/ihedn\/","https:\/\/fr.wikipedia.org\/wiki\/Institut_des_hautes_\u00e9tudes_de_D\u00e9fense_nationale"]},{"@type":"Person","@id":"https:\/\/ihedn.fr\/#\/schema\/person\/16d49c2bd0121499ea9b9023ce89826c","name":"Ad\u00e8le Thoumieux","image":{"@type":"ImageObject","inLanguage":"en-GB","@id":"https:\/\/secure.gravatar.com\/avatar\/64fc58d14679bdd185946349bcb229b06e37d30d6290c2bec15f1daa8f8e0ece?s=96&d=mm&r=g","url":"https:\/\/secure.gravatar.com\/avatar\/64fc58d14679bdd185946349bcb229b06e37d30d6290c2bec15f1daa8f8e0ece?s=96&d=mm&r=g","contentUrl":"https:\/\/secure.gravatar.com\/avatar\/64fc58d14679bdd185946349bcb229b06e37d30d6290c2bec15f1daa8f8e0ece?s=96&d=mm&r=g","caption":"Ad\u00e8le Thoumieux"},"sameAs":["http:\/\/ihedn.fr"],"url":"https:\/\/ihedn.fr\/en\/author\/thoumieux\/"}]}},"publishpress_future_action":{"enabled":false,"date":"2026-05-09 02:43:52","action":"change-status","newStatus":"draft","terms":[],"taxonomy":"category","extraData":[]},"publishpress_future_workflow_manual_trigger":{"enabledWorkflows":[]},"_links":{"self":[{"href":"https:\/\/ihedn.fr\/en\/wp-json\/wp\/v2\/posts\/46631","targetHints":{"allow":["GET"]}}],"collection":[{"href":"https:\/\/ihedn.fr\/en\/wp-json\/wp\/v2\/posts"}],"about":[{"href":"https:\/\/ihedn.fr\/en\/wp-json\/wp\/v2\/types\/post"}],"author":[{"embeddable":true,"href":"https:\/\/ihedn.fr\/en\/wp-json\/wp\/v2\/users\/12"}],"replies":[{"embeddable":true,"href":"https:\/\/ihedn.fr\/en\/wp-json\/wp\/v2\/comments?post=46631"}],"version-history":[{"count":5,"href":"https:\/\/ihedn.fr\/en\/wp-json\/wp\/v2\/posts\/46631\/revisions"}],"predecessor-version":[{"id":46643,"href":"https:\/\/ihedn.fr\/en\/wp-json\/wp\/v2\/posts\/46631\/revisions\/46643"}],"wp:featuredmedia":[{"embeddable":true,"href":"https:\/\/ihedn.fr\/en\/wp-json\/wp\/v2\/media\/46632"}],"wp:attachment":[{"href":"https:\/\/ihedn.fr\/en\/wp-json\/wp\/v2\/media?parent=46631"}],"wp:term":[{"taxonomy":"category","embeddable":true,"href":"https:\/\/ihedn.fr\/en\/wp-json\/wp\/v2\/categories?post=46631"},{"taxonomy":"post_tag","embeddable":true,"href":"https:\/\/ihedn.fr\/en\/wp-json\/wp\/v2\/tags?post=46631"}],"curies":[{"name":"wp","href":"https:\/\/api.w.org\/{rel}","templated":true}]}}