{"id":46710,"date":"2024-03-25T16:34:58","date_gmt":"2024-03-25T15:34:58","guid":{"rendered":"https:\/\/ihedn.fr\/?p=46710"},"modified":"2025-09-04T17:18:30","modified_gmt":"2025-09-04T16:18:30","slug":"prise-en-charge-des-femmes-djihadistes-la-specificite-francaise","status":"publish","type":"post","link":"https:\/\/ihedn.fr\/en\/notre-selection\/prise-en-charge-des-femmes-djihadistes-la-specificite-francaise\/","title":{"rendered":"Care for female jihadists: the French specificity"},"content":{"rendered":"\t\t<div data-elementor-type=\"wp-post\" data-elementor-id=\"46710\" class=\"elementor elementor-46710\" data-elementor-post-type=\"post\">\n\t\t\t\t<div data-particle_enable=\"false\" data-particle-mobile-disabled=\"false\" class=\"elementor-element elementor-element-80ef62d e-flex e-con-boxed e-con e-parent\" data-id=\"80ef62d\" data-element_type=\"container\" data-e-type=\"container\">\n\t\t\t\t\t<div class=\"e-con-inner\">\n\t\t\t\t<div class=\"elementor-element elementor-element-7ab864c elementor-widget elementor-widget-text-editor\" data-id=\"7ab864c\" data-element_type=\"widget\" data-e-type=\"widget\" data-widget_type=\"text-editor.default\">\n\t\t\t\t<div class=\"elementor-widget-container\">\n\t\t\t\t\t\t\t\t\t<p style=\"text-align: left;\">Le terrorisme est un ph\u00e9nom\u00e8ne important parmi ceux que <a href=\"https:\/\/ihedn.fr\/2023\/05\/15\/le-perimetre-de-la-defense-nationale-la-specificite-de-lihedn\/\" target=\"_blank\" rel=\"noopener\">les quatre cercles du p\u00e9rim\u00e8tre de la d\u00e9fense nationale<\/a> cherchent \u00e0 contrer. Concernant le terrorisme djihadiste, ses acteurs sont g\u00e9n\u00e9ralement analys\u00e9s soit sous un prisme global, soit sous un prisme individuel. C\u2019est ce qui rend int\u00e9ressante <a href=\"https:\/\/www.icct.nl\/publication\/female-jihadis-facing-justice-comparing-approaches-europe\" target=\"_blank\" rel=\"noopener\">l\u2019\u00e9tude d\u00e9voil\u00e9e fin janvier (en anglais)<\/a> par l\u2019International Centre for Counter-Terrorism (ICCT), un think-tank ind\u00e9pendant bas\u00e9 \u00e0 La Haye (Pays-Bas). R\u00e9alis\u00e9e par un panel international de chercheurs, elle compare les r\u00e9ponses judiciaires au djihadisme f\u00e9minin\u00a0dans quatre pays : l\u2019Allemagne, la Belgique, les Pays-Bas et la France.<\/p><p style=\"text-align: left;\">Sur les 5 \u00e0 6 000 Europ\u00e9ens arriv\u00e9s en zone syro-irakienne \u00e0 l\u2019apog\u00e9e de Daech (deuxi\u00e8me tiers des ann\u00e9es 2010), environ 1500 \u00e9taient fran\u00e7ais. Parmi eux, 500 femmes. Dans l\u2019ensemble comme pour les seules femmes, il s\u2019agissait des plus gros contingents d\u2019Europe.<\/p><p style=\"text-align: left;\">Comment expliquer cette forte proportion de femmes\u00a0? \u00ab\u00a0C\u2019est une vaste question, la r\u00e9ponse n\u2019est pas simple\u00a0\u00bb, pr\u00e9vient l\u2019auteur de la partie fran\u00e7aise de l\u2019\u00e9tude, Marc Hecker. Le politologue, directeur adjoint de l\u2019Institut fran\u00e7ais des relations internationales (IFRI), peut donner \u00ab\u00a0quelques \u00e9l\u00e9ments\u00a0\u00bb\u00a0: d\u2019abord, \u00ab\u00a0dans la propagande de Daech, la France est particuli\u00e8rement cibl\u00e9e, d\u00e9sign\u00e9e comme un pays en guerre contre l\u2019islam \u00e0 la fois \u00e0 l\u2019ext\u00e9rieur de ses fronti\u00e8res\u00a0\u00bb et \u00e0 l\u2019int\u00e9rieur, avec la la\u00efcit\u00e9, pr\u00e9sent\u00e9e \u00ab\u00a0comme de l\u2019islamophobie institutionnalis\u00e9e\u00a0\u00bb.<\/p>\t\t\t\t\t\t\t\t<\/div>\n\t\t\t\t<\/div>\n\t\t\t\t<div class=\"elementor-element elementor-element-ad7546c elementor-widget elementor-widget-heading\" data-id=\"ad7546c\" data-element_type=\"widget\" data-e-type=\"widget\" data-widget_type=\"heading.default\">\n\t\t\t\t<div class=\"elementor-widget-container\">\n\t\t\t\t\t<h2 class=\"elementor-heading-title elementor-size-default\">LA PLUPART DES FEMMES N\u2019ONT PAS DE CASIER JUDICIAIRE, \u00c0 L\u2019INVERSE DES HOMMES<\/h2>\t\t\t\t<\/div>\n\t\t\t\t<\/div>\n\t\t\t\t<div class=\"elementor-element elementor-element-ef65b1b elementor-widget-divider--view-line elementor-widget elementor-widget-divider\" data-id=\"ef65b1b\" data-element_type=\"widget\" data-e-type=\"widget\" data-widget_type=\"divider.default\">\n\t\t\t\t<div class=\"elementor-widget-container\">\n\t\t\t\t\t\t\t<div class=\"elementor-divider\">\n\t\t\t<span class=\"elementor-divider-separator\">\n\t\t\t\t\t\t<\/span>\n\t\t<\/div>\n\t\t\t\t\t\t<\/div>\n\t\t\t\t<\/div>\n\t\t\t\t<div class=\"elementor-element elementor-element-71717bb elementor-widget elementor-widget-text-editor\" data-id=\"71717bb\" data-element_type=\"widget\" data-e-type=\"widget\" data-widget_type=\"text-editor.default\">\n\t\t\t\t<div class=\"elementor-widget-container\">\n\t\t\t\t\t\t\t\t\t<p style=\"text-align: left;\">Ensuite, des r\u00e9seaux anciens implant\u00e9s dans diff\u00e9rents territoires (Toulouse, r\u00e9gions parisienne ou lyonnaise, Nord, Alsace\u2026) \u00ab\u00a0ont concentr\u00e9 des fili\u00e8res djihadistes importantes\u00a0\u00bb\u00a0:\u00a0\u00ab\u00a0Lorsque quelques personnes d\u2019un territoire commencent \u00e0 partir en zone syro-irakienne, elles entra\u00eenent d\u2019autres personnes parmi leurs connaissances.\u00a0\u00bb<\/p><p style=\"text-align: left;\">Journaliste \u00e0 Mediapart et auteur de nombreux ouvrages sur le djihadisme (dont \u00ab\u00a0Femmes de djihadistes\u00a0\u00bb, Fayard, 2016), Matthieu Suc ajoute une autre motivation possible pour les femmes\u00a0: \u00ab\u00a0Le statut de \u00ab\u00a0chahid\u00a0\u00bb [martyr dans l\u2019islam] offre selon les islamistes 72 vierges, mais aussi la possibilit\u00e9 d\u2019interc\u00e9der pour 72 personnes de son entourage, et de les faire venir au paradis.\u00a0\u00bb Il rel\u00e8ve aussi que les femmes engag\u00e9es dans le terrorisme islamiste sont en g\u00e9n\u00e9ral \u00ab\u00a0plus studieuses que les hommes\u00a0\u00bb et \u00ab\u00a0connaissent mieux le Coran\u00a0\u00bb.<\/p><p style=\"text-align: left;\">Autre diff\u00e9rence\u00a0: selon l\u2019\u00e9tude de l\u2019ICCT, 80% des femmes n\u2019ont pas de casier judiciaire, une tendance inverse \u00e0 celle des hommes\u00a0: \u00ab\u00a0C\u2019est une des diff\u00e9rences les plus notables\u00a0\u00bb entre les deux genres, note Marc Hecker, ajoutant que \u00ab\u00a0le <em>crime-terror nexus<\/em>\u00a0\u00bb, le lien entre criminalit\u00e9 et terrorisme, est \u00ab\u00a0une notion tr\u00e8s pr\u00e9sente dans les \u00e9tudes sur le djihadisme\u00a0\u00bb.<\/p><p style=\"text-align: left;\">Selon lui, une premi\u00e8re explication se trouve dans la diff\u00e9rence hommes-femmes au sein de la population carc\u00e9rale g\u00e9n\u00e9rale. \u00ab\u00a0Il y a beaucoup moins de femmes dans les prisons fran\u00e7aises\u00a0\u00bb, observe le chercheur en parlant d\u2019un ordre de grandeur de 2 500 femmes sur 75\u00a0000 d\u00e9tenus environ.<\/p>\t\t\t\t\t\t\t\t<\/div>\n\t\t\t\t<\/div>\n\t\t\t\t<div class=\"elementor-element elementor-element-d4e40cb elementor-widget elementor-widget-heading\" data-id=\"d4e40cb\" data-element_type=\"widget\" data-e-type=\"widget\" data-widget_type=\"heading.default\">\n\t\t\t\t<div class=\"elementor-widget-container\">\n\t\t\t\t\t<h2 class=\"elementor-heading-title elementor-size-default\">UN \u00c9CHANTILLON DE 91 FEMMES PR\u00c9SENTES DANS 94 AFFAIRES<\/h2>\t\t\t\t<\/div>\n\t\t\t\t<\/div>\n\t\t\t\t<div class=\"elementor-element elementor-element-2af8197 elementor-widget-divider--view-line elementor-widget elementor-widget-divider\" data-id=\"2af8197\" data-element_type=\"widget\" data-e-type=\"widget\" data-widget_type=\"divider.default\">\n\t\t\t\t<div class=\"elementor-widget-container\">\n\t\t\t\t\t\t\t<div class=\"elementor-divider\">\n\t\t\t<span class=\"elementor-divider-separator\">\n\t\t\t\t\t\t<\/span>\n\t\t<\/div>\n\t\t\t\t\t\t<\/div>\n\t\t\t\t<\/div>\n\t\t\t\t<div class=\"elementor-element elementor-element-309d43b elementor-widget elementor-widget-text-editor\" data-id=\"309d43b\" data-element_type=\"widget\" data-e-type=\"widget\" data-widget_type=\"text-editor.default\">\n\t\t\t\t<div class=\"elementor-widget-container\">\n\t\t\t\t\t\t\t\t\t<p style=\"text-align: left;\">Marc Hecker avance un autre \u00e9l\u00e9ment, une hypoth\u00e8se\u00a0plus sp\u00e9cifique \u00e0 cette mouvance djihadiste : pour les hommes, Daech cherchait des combattants pr\u00eats \u00e0 donner la mort\u00a0; pour les femmes, l\u2019id\u00e9al de la femme vertueuse selon l\u2019organisation islamiste \u00ab\u00a0collait mieux avec des profils non-d\u00e9linquants que d\u00e9linquants\u00a0\u00bb.<\/p><p style=\"text-align: left;\">Matthieu Suc est du m\u00eame avis,\u00a0\u00e9voquant les \u00ab\u00a0droits et devoirs des \u00e9pouses et veuves\u00a0\u00bb de djihadistes publi\u00e9s dans Dar al-Islam, la revue francophone de propagande de Daech. Mais toutes les femmes djihadistes ne correspondent pas \u00e0 ce profil. Marc Hecker a travaill\u00e9 sur un \u00e9chantillon de 91 femmes pr\u00e9sentes dans 94 affaires diff\u00e9rentes\u00a0: \u00ab\u00a0Dans cet \u00e9chantillon, il y avait quand m\u00eame une vingtaine de femmes impliqu\u00e9es dans des projets d\u2019attentats.\u00a0\u00bb<\/p><p style=\"text-align: left;\">Parmi les djihadistes fran\u00e7aises les plus connues, on peut mentionner Hayat Boumeddiene, veuve d\u2019Amedy Coulibaly, le tueur de l\u2019Hyper Cacher de Vincennes, en janvier 2015. Condamn\u00e9e par contumace \u00e0 30 ans de r\u00e9clusion criminelle pour \u00ab\u00a0association de malfaiteurs terroriste \u00bb et financement du terrorisme, elle a quitt\u00e9 la France avant l\u2019attentat de son compagnon et demeure introuvable depuis. La convertie bretonne \u00c9milie K\u00f6nig, \u00ab\u00a0plac\u00e9e assez haut dans la hi\u00e9rarchie de Daech\u00a0\u00bb selon Matthieu Suc, a \u00e9t\u00e9 arr\u00eat\u00e9e en 2017 en Syrie puis rapatri\u00e9e en 2022. D\u00e9but 2024, elle a \u00e9t\u00e9 transf\u00e9r\u00e9e dans l\u2019un des deux quartiers de prise en charge de la radicalisation (QPR) r\u00e9serv\u00e9s aux femmes, \u00e0 Rennes. Le second a \u00e9t\u00e9 inaugur\u00e9 il y a quelques semaines \u00e0 Roanne (Loire).<\/p><p style=\"text-align: left;\">En France, le cas le plus embl\u00e9matique impliquant des femmes djihadistes reste \u00ab\u00a0l\u2019affaire des bombonnes de Notre-Dame\u00a0\u00bb, en septembre 2016, quand un groupe 100% f\u00e9minin avait tent\u00e9 de faire exploser des bombonnes de gaz non loin de la cath\u00e9drale parisienne. \u00ab\u00a0Il y a d\u2019autres cas, beaucoup moins connus, de femmes parfois tr\u00e8s jeunes qui ont projet\u00e9 de commettre des attentats en France \u00bb, pr\u00e9cise Marc Hecker.<\/p>\t\t\t\t\t\t\t\t<\/div>\n\t\t\t\t<\/div>\n\t\t\t\t<div class=\"elementor-element elementor-element-c6e1ea4 elementor-widget elementor-widget-heading\" data-id=\"c6e1ea4\" data-element_type=\"widget\" data-e-type=\"widget\" data-widget_type=\"heading.default\">\n\t\t\t\t<div class=\"elementor-widget-container\">\n\t\t\t\t\t<h2 class=\"elementor-heading-title elementor-size-default\">\u00ab TRANSMISSION DE VALEURS \u00bb \u00c0 LA FUTURE G\u00c9N\u00c9RATION<\/h2>\t\t\t\t<\/div>\n\t\t\t\t<\/div>\n\t\t\t\t<div class=\"elementor-element elementor-element-46fc9b2 elementor-widget-divider--view-line elementor-widget elementor-widget-divider\" data-id=\"46fc9b2\" data-element_type=\"widget\" data-e-type=\"widget\" data-widget_type=\"divider.default\">\n\t\t\t\t<div class=\"elementor-widget-container\">\n\t\t\t\t\t\t\t<div class=\"elementor-divider\">\n\t\t\t<span class=\"elementor-divider-separator\">\n\t\t\t\t\t\t<\/span>\n\t\t<\/div>\n\t\t\t\t\t\t<\/div>\n\t\t\t\t<\/div>\n\t\t\t\t<div class=\"elementor-element elementor-element-dd76e4d elementor-widget elementor-widget-text-editor\" data-id=\"dd76e4d\" data-element_type=\"widget\" data-e-type=\"widget\" data-widget_type=\"text-editor.default\">\n\t\t\t\t<div class=\"elementor-widget-container\">\n\t\t\t\t\t\t\t\t\t<p style=\"text-align: left;\">L\u2019id\u00e9e qu\u2019avec cette tentative d\u2019attentat, les autorit\u00e9s fran\u00e7aises seraient pass\u00e9es d\u2019une conception de la femme djihadiste soumise et influenc\u00e9e \u00e0 celle d\u2019une v\u00e9ritable combattante est \u00ab\u00a0en partie erron\u00e9e\u00a0\u00bb, selon le chercheur\u00a0: la justice fran\u00e7aise avait d\u00e9j\u00e0 \u00e9volu\u00e9 avant cette tentative m\u00e9diatis\u00e9e. Un arr\u00eat \u00ab\u00a0extr\u00eamement important\u00a0\u00bb de la Cour de cassation, en juillet 2016, stipule en effet que l\u2019\u00ab\u00a0association de malfaiteurs terroriste \u00bb peut s\u2019appliquer aux personnes faisant partie d\u2019un groupe m\u00eame si elles ne sont pas impliqu\u00e9es directement dans les actes criminels de ce groupe. Depuis lors,\u00a0\u00ab\u00a0une femme qui n\u2019aurait que cuisin\u00e9 pour son mari\u00a0\u00bb est consid\u00e9r\u00e9e comme un soutien logistique du terrorisme.<\/p><p style=\"text-align: left;\">C\u2019est le cas de la plupart des femmes djihadistes condamn\u00e9es en France. \u00ab\u00a0Pour la majorit\u00e9 des femmes qui sont parties dans la zone syro-irakienne, l\u2019id\u00e9al qu\u2019elles avaient, c\u2019est celui qui est projet\u00e9 par Daech dans sa propagande\u00a0\u00bb, d\u00e9taille Marc Hecker. \u00ab\u00a0Celui de femmes au foyer\u00a0: femme de djihadiste et aussi m\u00e8re d\u2019enfants, ceux qu\u2019on a appel\u00e9 en Occident les \u00ab\u00a0lionceaux du califat\u00a0\u00bb.\u00a0L\u2019id\u00e9al type de la femme djihadiste pour Daech, ce n\u2019est donc pas une femme combattante ou violente, c\u2019est une femme qui soutient son mari et qui \u00e9l\u00e8ve ses enfants.\u00a0\u00bb Dans ce cas, leur r\u00f4le est donc plus celui de \u00ab\u00a0transmission de valeurs, de transmission culturelle\u00a0\u00bb \u00e0 la future g\u00e9n\u00e9ration.<\/p><p style=\"text-align: left;\">Voil\u00e0 pourquoi ces femmes \u00ab revenantes \u00bb de la zone syro-irakienne sont incarc\u00e9r\u00e9es d\u00e8s leur retour en France. Et d\u00e8s l\u2019a\u00e9roport, elles sont s\u00e9par\u00e9es de leurs enfants, car ces derniers \u00ab sont consid\u00e9r\u00e9s comme des victimes \u00bb, rappelle le chercheur. Leur prise en charge est ensuite calqu\u00e9e sur celle des hommes, qui a beaucoup \u00e9volu\u00e9 depuis 2015. D\u2019abord, une \u00e9valuation dans des quartiers d\u2019\u00e9valuation de la radicalisation (QER) ; les premiers pour les femmes ont \u00e9t\u00e9 cr\u00e9\u00e9s en 2021-22. Ensuite, trois possibilit\u00e9s : pour les moins radicalis\u00e9es, la d\u00e9tention ordinaire, qui concerne la majorit\u00e9 d\u2019entre elles ; pour les plus radicalis\u00e9es, la possibilit\u00e9 de les envoyer \u00e0 l\u2019isolement (autour de 10%) ; enfin, entre les deux, les QPR, o\u00f9 sont appliqu\u00e9s des programmes sp\u00e9cifiques visant \u00e0 les d\u00e9radicaliser.<\/p>\t\t\t\t\t\t\t\t<\/div>\n\t\t\t\t<\/div>\n\t\t\t\t<div class=\"elementor-element elementor-element-57c4937 elementor-widget elementor-widget-heading\" data-id=\"57c4937\" data-element_type=\"widget\" data-e-type=\"widget\" data-widget_type=\"heading.default\">\n\t\t\t\t<div class=\"elementor-widget-container\">\n\t\t\t\t\t<h2 class=\"elementor-heading-title elementor-size-default\">DES PEINES PLUS LONGUES EN FRANCE QUE DANS LES AUTRES PAYS \u00c9TUDI\u00c9S <\/h2>\t\t\t\t<\/div>\n\t\t\t\t<\/div>\n\t\t\t\t<div class=\"elementor-element elementor-element-94649d8 elementor-widget-divider--view-line elementor-widget elementor-widget-divider\" data-id=\"94649d8\" data-element_type=\"widget\" data-e-type=\"widget\" data-widget_type=\"divider.default\">\n\t\t\t\t<div class=\"elementor-widget-container\">\n\t\t\t\t\t\t\t<div class=\"elementor-divider\">\n\t\t\t<span class=\"elementor-divider-separator\">\n\t\t\t\t\t\t<\/span>\n\t\t<\/div>\n\t\t\t\t\t\t<\/div>\n\t\t\t\t<\/div>\n\t\t\t\t<div class=\"elementor-element elementor-element-0125abf elementor-widget elementor-widget-text-editor\" data-id=\"0125abf\" data-element_type=\"widget\" data-e-type=\"widget\" data-widget_type=\"text-editor.default\">\n\t\t\t\t<div class=\"elementor-widget-container\">\n\t\t\t\t\t\t\t\t\t<p style=\"text-align: left;\">Les QPR\u00a0comptent en ce moment plus d\u2019hommes que de femmes, mais la proportion de ces derni\u00e8res envoy\u00e9es en QPR apr\u00e8s leur \u00e9valuation est sup\u00e9rieure \u00e0 celle des hommes. Selon Marc Hecker, la place importante prise par les femmes derni\u00e8rement s&rsquo;explique par les d\u00e9cisions gouvernementales de les rapatrier entre les \u00e9t\u00e9s 2022 et 2023. En f\u00e9vrier 2023, les hommes djihadistes comptaient pour 0,5% de la population carc\u00e9rale\u00a0masculine, et les femmes djihadistes pour 4% de la population carc\u00e9rale f\u00e9minine. \u00ab Le pic de d\u00e9tenus terroristes a \u00e9t\u00e9 atteint en mars 2020\u00a0avec 540 personnes\u00a0\u00bb, pr\u00e9cise-t-il. Depuis lors, ce chiffre d\u00e9cro\u00eet.<\/p><p style=\"text-align: left;\">Une fois jug\u00e9es, elles \u00e9copent de peines plus longues en France que dans les autres pays \u00e9tudi\u00e9s\u00a0: 30 ans au maximum pour association de malfaiteurs terroriste, contre des plafonds \u00ab\u00a0nettement plus bas\u00a0\u00bb dans les trois autres pays, observe le chercheur. C\u2019est la m\u00eame chose pour les peines r\u00e9ellement appliqu\u00e9es\u00a0: 17 ans, 14 ans, 12 ans pour des revenantes en France, et en moyenne 6 ans pour simple activit\u00e9 \u00ab\u00a0domestique\u00a0\u00bb, de soutien logistique donc.<\/p><p style=\"text-align: left;\">Parmi les 91 dossiers de femmes djihadistes qu\u2019il a \u00e9tudi\u00e9s pour ce rapport, Marc Hecker a rencontr\u00e9 de visu six d\u2019entre elles. \u00ab\u00a0Sur ce qu\u2019elles avaient \u00e0 raconter, il faut \u00eatre tr\u00e8s prudent, surtout pour celles qui n\u2019\u00e9taient pas encore jug\u00e9es\u00a0: elles ont un discours assez st\u00e9r\u00e9otyp\u00e9, qui tend \u00e0 les d\u00e9douaner\u00a0\u00bb, estime-t-il. \u00ab\u00a0\u00c9videmment, il est impossible de savoir si ce discours est franc ou s\u2019il s\u2019agit d\u2019une forme de manipulation, d\u2019instrumentalisation. \u00bb<\/p><p style=\"text-align: left;\">Un cas qu\u2019il a rencontr\u00e9 corrobore \u00ab\u00a0quelque chose qu\u2019on entend beaucoup\u00a0\u00bb, celui d\u2019une m\u00e8re pla\u00e7ant l\u2019id\u00e9ologie au-dessus de ses enfants. Arr\u00eat\u00e9e avec trois enfants \u00e0 l\u2019a\u00e9roport d\u2019Istanbul, elle a choisi d\u2019en abandonner un afin de pouvoir rejoindre Daech.<\/p><p style=\"text-align: left;\">Tirant les le\u00e7ons de cette \u00e9tude, il note que les quatre pays ont \u00e0 la fois \u00ab\u00a0une perception de la menace qui est diff\u00e9rente, et une mani\u00e8re de traiter cette menace qui est diff\u00e9rente\u00a0\u00bb. \u00ab\u00a0En r\u00e9alit\u00e9\u00a0\u00bb selon lui, \u00ab\u00a0ce qui est en jeu, c\u2019est la transmission de valeur \u00e0 des enfants. Comment un \u00c9tat agit-il l\u00e0-dessus\u00a0? C\u2019est \u00e9videmment tr\u00e8s complexe quand on est dans un \u00c9tat lib\u00e9ral.\u00a0\u00bb<\/p><p style=\"text-align: left;\">Marc Hecker pr\u00e9conise de r\u00e9habiliter la notion de d\u00e9radicalisation\u00a0: \u00ab\u00a0Elle a \u00e9t\u00e9 extr\u00eamement critiqu\u00e9e ces derni\u00e8res ann\u00e9es en France. Mais peut-\u00eatre faudrait-il un petit peu la r\u00e9habiliter, car ce qui est en jeu, c\u2019est que les valeurs transmises par des m\u00e8res \u00e0 leurs enfants ne soient pas des valeurs radicales.\u00a0Et pour ce faire, il faut pouvoir faire \u00e9voluer la perception que ces femmes ont de leur environnement, de leur religion.\u00a0\u00bb<\/p>\t\t\t\t\t\t\t\t<\/div>\n\t\t\t\t<\/div>\n\t\t\t\t<div class=\"elementor-element elementor-element-9ec9e1e elementor-widget-divider--view-line elementor-widget elementor-widget-divider\" data-id=\"9ec9e1e\" data-element_type=\"widget\" data-e-type=\"widget\" data-widget_type=\"divider.default\">\n\t\t\t\t<div class=\"elementor-widget-container\">\n\t\t\t\t\t\t\t<div class=\"elementor-divider\">\n\t\t\t<span class=\"elementor-divider-separator\">\n\t\t\t\t\t\t<\/span>\n\t\t<\/div>\n\t\t\t\t\t\t<\/div>\n\t\t\t\t<\/div>\n\t\t\t\t<div class=\"elementor-element elementor-element-7779c87 elementor-widget elementor-widget-text-editor\" data-id=\"7779c87\" data-element_type=\"widget\" data-e-type=\"widget\" data-widget_type=\"text-editor.default\">\n\t\t\t\t<div class=\"elementor-widget-container\">\n\t\t\t\t\t\t\t\t\t<p><span style=\"text-decoration: underline;\"><strong>Pour aller plus loin:<\/strong><\/span><\/p><p><a href=\"https:\/\/www.icct.nl\/publication\/female-jihadis-facing-justice-comparing-approaches-europe\" target=\"_blank\" rel=\"noopener\">L\u2019\u00e9tude (en anglais) de l\u2019ICCT\u00a0\u00ab\u00a0Female Jihadis Facing Justice: Comparing Approaches in Europe\u00a0\u00bb<\/a>, janvier 2024<\/p><p><a href=\"https:\/\/youtu.be\/W3-Tn_7Fals?si=caxgzmaNt4xgUg2W\" target=\"_blank\" rel=\"noopener\">Notre entretien avec Marc Hecker en int\u00e9gralit\u00e9, sur notre cha\u00eene YouTube<\/a><\/p><p><a href=\"https:\/\/www.ifri.org\/fr\/publications\/etudes-de-lifri\/focus-strategique\/137-nuances-de-terrorisme-djihadistes-de-france-face\" target=\"_blank\" rel=\"noopener\">\u00ab\u00a0137 nuances de terrorisme. Les djihadistes de France face \u00e0 la justice\u00a0\u00bb<\/a>, Marc Hecker, avril 2018.<\/p>\t\t\t\t\t\t\t\t<\/div>\n\t\t\t\t<\/div>\n\t\t\t\t\t<\/div>\n\t\t\t\t<\/div>\n\t\t\t\t<\/div>\n\t\t","protected":false},"excerpt":{"rendered":"<p>A comparative study carried out in four European countries shows that France, which had the largest number of female nationals who left for the Syrian-Iraqi zone, is also the strictest in its judicial and prison treatment. Specialists, including the author of the study, analyse this particular case.<\/p>","protected":false},"author":10,"featured_media":46719,"comment_status":"closed","ping_status":"closed","sticky":false,"template":"","format":"standard","meta":{"footnotes":""},"categories":[41,171,210],"tags":[],"class_list":["post-46710","post","type-post","status-publish","format-standard","has-post-thumbnail","hentry","category-lundis-de-lihedn","category-notre-selection","category-securite-nationale"],"yoast_head":"<!-- This site is optimized with the Yoast SEO plugin v27.5 - https:\/\/yoast.com\/product\/yoast-seo-wordpress\/ -->\n<title>Prise en charge des femmes djihadistes : la sp\u00e9cificit\u00e9 fran\u00e7aise - L&#039;IHEDN : Institut des hautes \u00e9tudes de d\u00e9fense nationale<\/title>\n<meta name=\"description\" content=\"Une \u00e9tude comparative men\u00e9e dans quatre pays europ\u00e9ens le montre : la France, dont le contingent de ressortissantes parties en zone syro-irakienne \u00e9tait le plus important, est aussi la plus ferme dans son traitement judiciaire et p\u00e9nitentiaire. Des sp\u00e9cialistes, dont l\u2019auteur de l\u2019\u00e9tude, analysent ce cas particulier.\" \/>\n<meta name=\"robots\" content=\"index, follow, max-snippet:-1, max-image-preview:large, max-video-preview:-1\" \/>\n<link rel=\"canonical\" href=\"https:\/\/ihedn.fr\/en\/lundis-de-lihedn\/prise-en-charge-des-femmes-djihadistes-la-specificite-francaise\/\" \/>\n<meta property=\"og:locale\" content=\"en_GB\" \/>\n<meta property=\"og:type\" content=\"article\" \/>\n<meta property=\"og:title\" content=\"Prise en charge des femmes djihadistes : la sp\u00e9cificit\u00e9 fran\u00e7aise\" \/>\n<meta property=\"og:description\" content=\"Une \u00e9tude comparative men\u00e9e dans quatre pays europ\u00e9ens le montre : la France, dont le contingent de ressortissantes parties en zone syro-irakienne \u00e9tait le plus important, est aussi la plus ferme dans son traitement judiciaire et p\u00e9nitentiaire. Des sp\u00e9cialistes, dont l\u2019auteur de l\u2019\u00e9tude, analysent ce cas particulier.\" \/>\n<meta property=\"og:url\" content=\"https:\/\/ihedn.fr\/en\/lundis-de-lihedn\/prise-en-charge-des-femmes-djihadistes-la-specificite-francaise\/\" \/>\n<meta property=\"og:site_name\" content=\"L&#039;IHEDN : Institut des hautes \u00e9tudes de d\u00e9fense nationale\" \/>\n<meta property=\"article:publisher\" content=\"https:\/\/www.facebook.com\/ihedn\/\" \/>\n<meta property=\"article:published_time\" content=\"2024-03-25T15:34:58+00:00\" \/>\n<meta property=\"article:modified_time\" content=\"2025-09-04T16:18:30+00:00\" \/>\n<meta property=\"og:image\" content=\"https:\/\/ihedn.fr\/wp-content\/uploads\/2024\/03\/lundis-IH-1.png\" \/>\n\t<meta property=\"og:image:width\" content=\"1920\" \/>\n\t<meta property=\"og:image:height\" content=\"960\" \/>\n\t<meta property=\"og:image:type\" content=\"image\/png\" \/>\n<meta name=\"author\" content=\"tanguy.morel@ihedn.fr\" \/>\n<meta name=\"twitter:card\" content=\"summary_large_image\" \/>\n<meta name=\"twitter:title\" content=\"Prise en charge des femmes djihadistes : la sp\u00e9cificit\u00e9 fran\u00e7aise\" \/>\n<meta name=\"twitter:description\" content=\"Une \u00e9tude comparative men\u00e9e dans quatre pays europ\u00e9ens le montre : la France, dont le contingent de ressortissantes parties en zone syro-irakienne \u00e9tait le plus important, est aussi la plus ferme dans son traitement judiciaire et p\u00e9nitentiaire. Des sp\u00e9cialistes, dont l\u2019auteur de l\u2019\u00e9tude, analysent ce cas particulier.\" \/>\n<meta name=\"twitter:image\" content=\"https:\/\/ihedn.fr\/wp-content\/uploads\/2024\/03\/lundis-IH-1.png\" \/>\n<meta name=\"twitter:creator\" content=\"@IHEDN\" \/>\n<meta name=\"twitter:site\" content=\"@IHEDN\" \/>\n<meta name=\"twitter:label1\" content=\"Written by\" \/>\n\t<meta name=\"twitter:data1\" content=\"tanguy.morel@ihedn.fr\" \/>\n\t<meta name=\"twitter:label2\" content=\"Estimated reading time\" \/>\n\t<meta name=\"twitter:data2\" content=\"9 minutes\" \/>\n<script type=\"application\/ld+json\" class=\"yoast-schema-graph\">{\"@context\":\"https:\\\/\\\/schema.org\",\"@graph\":[{\"@type\":\"Article\",\"@id\":\"https:\\\/\\\/ihedn.fr\\\/lundis-de-lihedn\\\/prise-en-charge-des-femmes-djihadistes-la-specificite-francaise\\\/#article\",\"isPartOf\":{\"@id\":\"https:\\\/\\\/ihedn.fr\\\/lundis-de-lihedn\\\/prise-en-charge-des-femmes-djihadistes-la-specificite-francaise\\\/\"},\"author\":{\"name\":\"tanguy.morel@ihedn.fr\",\"@id\":\"https:\\\/\\\/ihedn.fr\\\/#\\\/schema\\\/person\\\/ed217a37104b27a246b200e65b827cc7\"},\"headline\":\"Prise en charge des femmes djihadistes : la sp\u00e9cificit\u00e9 fran\u00e7aise\",\"datePublished\":\"2024-03-25T15:34:58+00:00\",\"dateModified\":\"2025-09-04T16:18:30+00:00\",\"mainEntityOfPage\":{\"@id\":\"https:\\\/\\\/ihedn.fr\\\/lundis-de-lihedn\\\/prise-en-charge-des-femmes-djihadistes-la-specificite-francaise\\\/\"},\"wordCount\":1793,\"publisher\":{\"@id\":\"https:\\\/\\\/ihedn.fr\\\/#organization\"},\"image\":{\"@id\":\"https:\\\/\\\/ihedn.fr\\\/lundis-de-lihedn\\\/prise-en-charge-des-femmes-djihadistes-la-specificite-francaise\\\/#primaryimage\"},\"thumbnailUrl\":\"https:\\\/\\\/ihedn.fr\\\/wp-content\\\/uploads\\\/2024\\\/03\\\/lundis-IH-1.png\",\"articleSection\":[\"Lundis de l'IHEDN\",\"Notre s\u00e9lection\",\"s\u00e9curit\u00e9 nationale\"],\"inLanguage\":\"en-GB\"},{\"@type\":\"WebPage\",\"@id\":\"https:\\\/\\\/ihedn.fr\\\/lundis-de-lihedn\\\/prise-en-charge-des-femmes-djihadistes-la-specificite-francaise\\\/\",\"url\":\"https:\\\/\\\/ihedn.fr\\\/lundis-de-lihedn\\\/prise-en-charge-des-femmes-djihadistes-la-specificite-francaise\\\/\",\"name\":\"Prise en charge des femmes djihadistes : la sp\u00e9cificit\u00e9 fran\u00e7aise - L&#039;IHEDN : Institut des hautes \u00e9tudes de d\u00e9fense nationale\",\"isPartOf\":{\"@id\":\"https:\\\/\\\/ihedn.fr\\\/#website\"},\"primaryImageOfPage\":{\"@id\":\"https:\\\/\\\/ihedn.fr\\\/lundis-de-lihedn\\\/prise-en-charge-des-femmes-djihadistes-la-specificite-francaise\\\/#primaryimage\"},\"image\":{\"@id\":\"https:\\\/\\\/ihedn.fr\\\/lundis-de-lihedn\\\/prise-en-charge-des-femmes-djihadistes-la-specificite-francaise\\\/#primaryimage\"},\"thumbnailUrl\":\"https:\\\/\\\/ihedn.fr\\\/wp-content\\\/uploads\\\/2024\\\/03\\\/lundis-IH-1.png\",\"datePublished\":\"2024-03-25T15:34:58+00:00\",\"dateModified\":\"2025-09-04T16:18:30+00:00\",\"description\":\"Une \u00e9tude comparative men\u00e9e dans quatre pays europ\u00e9ens le montre : la France, dont le contingent de ressortissantes parties en zone syro-irakienne \u00e9tait le plus important, est aussi la plus ferme dans son traitement judiciaire et p\u00e9nitentiaire. Des sp\u00e9cialistes, dont l\u2019auteur de l\u2019\u00e9tude, analysent ce cas particulier.\",\"breadcrumb\":{\"@id\":\"https:\\\/\\\/ihedn.fr\\\/lundis-de-lihedn\\\/prise-en-charge-des-femmes-djihadistes-la-specificite-francaise\\\/#breadcrumb\"},\"inLanguage\":\"en-GB\",\"potentialAction\":[{\"@type\":\"ReadAction\",\"target\":[\"https:\\\/\\\/ihedn.fr\\\/lundis-de-lihedn\\\/prise-en-charge-des-femmes-djihadistes-la-specificite-francaise\\\/\"]}]},{\"@type\":\"ImageObject\",\"inLanguage\":\"en-GB\",\"@id\":\"https:\\\/\\\/ihedn.fr\\\/lundis-de-lihedn\\\/prise-en-charge-des-femmes-djihadistes-la-specificite-francaise\\\/#primaryimage\",\"url\":\"https:\\\/\\\/ihedn.fr\\\/wp-content\\\/uploads\\\/2024\\\/03\\\/lundis-IH-1.png\",\"contentUrl\":\"https:\\\/\\\/ihedn.fr\\\/wp-content\\\/uploads\\\/2024\\\/03\\\/lundis-IH-1.png\",\"width\":1920,\"height\":960,\"caption\":\"Visuel avec titre \\\"Prise en charge des femmes djihadistes : la sp\u00e9cificit\u00e9 fran\u00e7aise\\\"\"},{\"@type\":\"BreadcrumbList\",\"@id\":\"https:\\\/\\\/ihedn.fr\\\/lundis-de-lihedn\\\/prise-en-charge-des-femmes-djihadistes-la-specificite-francaise\\\/#breadcrumb\",\"itemListElement\":[{\"@type\":\"ListItem\",\"position\":1,\"name\":\"Accueil\",\"item\":\"https:\\\/\\\/ihedn.fr\\\/\"},{\"@type\":\"ListItem\",\"position\":2,\"name\":\"Prise en charge des femmes djihadistes : la sp\u00e9cificit\u00e9 fran\u00e7aise\"}]},{\"@type\":\"WebSite\",\"@id\":\"https:\\\/\\\/ihedn.fr\\\/#website\",\"url\":\"https:\\\/\\\/ihedn.fr\\\/\",\"name\":\"IHEDN : Institut des hautes \u00e9tudes de d\u00e9fense nationale |\",\"description\":\"Site officiel de l&#039;IHEDN plac\u00e9 sous la tutelle du Premier ministre.\",\"publisher\":{\"@id\":\"https:\\\/\\\/ihedn.fr\\\/#organization\"},\"potentialAction\":[{\"@type\":\"SearchAction\",\"target\":{\"@type\":\"EntryPoint\",\"urlTemplate\":\"https:\\\/\\\/ihedn.fr\\\/?s={search_term_string}\"},\"query-input\":{\"@type\":\"PropertyValueSpecification\",\"valueRequired\":true,\"valueName\":\"search_term_string\"}}],\"inLanguage\":\"en-GB\"},{\"@type\":\"Organization\",\"@id\":\"https:\\\/\\\/ihedn.fr\\\/#organization\",\"name\":\"IHEDN - Institut des Hautes Etudes de D\u00e9fense Nationale\",\"url\":\"https:\\\/\\\/ihedn.fr\\\/\",\"logo\":{\"@type\":\"ImageObject\",\"inLanguage\":\"en-GB\",\"@id\":\"https:\\\/\\\/ihedn.fr\\\/#\\\/schema\\\/logo\\\/image\\\/\",\"url\":\"https:\\\/\\\/ihedn.fr\\\/wp-content\\\/uploads\\\/2020\\\/11\\\/BLOC_RF_IHEDN_WEB.png\",\"contentUrl\":\"https:\\\/\\\/ihedn.fr\\\/wp-content\\\/uploads\\\/2020\\\/11\\\/BLOC_RF_IHEDN_WEB.png\",\"width\":500,\"height\":237,\"caption\":\"IHEDN - Institut des Hautes Etudes de D\u00e9fense Nationale\"},\"image\":{\"@id\":\"https:\\\/\\\/ihedn.fr\\\/#\\\/schema\\\/logo\\\/image\\\/\"},\"sameAs\":[\"https:\\\/\\\/www.facebook.com\\\/ihedn\\\/\",\"https:\\\/\\\/x.com\\\/IHEDN\",\"https:\\\/\\\/www.instagram.com\\\/ihedn\\\/\",\"https:\\\/\\\/www.linkedin.com\\\/school\\\/ihedn\\\/\",\"https:\\\/\\\/fr.wikipedia.org\\\/wiki\\\/Institut_des_hautes_\u00e9tudes_de_D\u00e9fense_nationale\"]},{\"@type\":\"Person\",\"@id\":\"https:\\\/\\\/ihedn.fr\\\/#\\\/schema\\\/person\\\/ed217a37104b27a246b200e65b827cc7\",\"name\":\"tanguy.morel@ihedn.fr\",\"image\":{\"@type\":\"ImageObject\",\"inLanguage\":\"en-GB\",\"@id\":\"https:\\\/\\\/secure.gravatar.com\\\/avatar\\\/36877cd30919fafddf1f9da45f4154aa468a64328452f2ceaff0968772207348?s=96&d=mm&r=g\",\"url\":\"https:\\\/\\\/secure.gravatar.com\\\/avatar\\\/36877cd30919fafddf1f9da45f4154aa468a64328452f2ceaff0968772207348?s=96&d=mm&r=g\",\"contentUrl\":\"https:\\\/\\\/secure.gravatar.com\\\/avatar\\\/36877cd30919fafddf1f9da45f4154aa468a64328452f2ceaff0968772207348?s=96&d=mm&r=g\",\"caption\":\"tanguy.morel@ihedn.fr\"},\"url\":\"https:\\\/\\\/ihedn.fr\\\/en\\\/author\\\/tanguy-morelihedn-fr\\\/\"}]}<\/script>\n<!-- \/ Yoast SEO plugin. -->","yoast_head_json":{"title":"Care for female jihadists: the French specificity - L'IHEDN : Institut des hautes \u00e9tudes de d\u00e9fense nationale (Graduate Institute of National Defence)","description":"A comparative study carried out in four European countries shows that France, which had the largest number of female nationals who left for the Syrian-Iraqi zone, is also the strictest in its judicial and prison treatment. Specialists, including the author of the study, analyse this particular case.","robots":{"index":"index","follow":"follow","max-snippet":"max-snippet:-1","max-image-preview":"max-image-preview:large","max-video-preview":"max-video-preview:-1"},"canonical":"https:\/\/ihedn.fr\/en\/lundis-de-lihedn\/prise-en-charge-des-femmes-djihadistes-la-specificite-francaise\/","og_locale":"en_GB","og_type":"article","og_title":"Prise en charge des femmes djihadistes : la sp\u00e9cificit\u00e9 fran\u00e7aise","og_description":"Une \u00e9tude comparative men\u00e9e dans quatre pays europ\u00e9ens le montre : la France, dont le contingent de ressortissantes parties en zone syro-irakienne \u00e9tait le plus important, est aussi la plus ferme dans son traitement judiciaire et p\u00e9nitentiaire. Des sp\u00e9cialistes, dont l\u2019auteur de l\u2019\u00e9tude, analysent ce cas particulier.","og_url":"https:\/\/ihedn.fr\/en\/lundis-de-lihedn\/prise-en-charge-des-femmes-djihadistes-la-specificite-francaise\/","og_site_name":"L&#039;IHEDN : Institut des hautes \u00e9tudes de d\u00e9fense nationale","article_publisher":"https:\/\/www.facebook.com\/ihedn\/","article_published_time":"2024-03-25T15:34:58+00:00","article_modified_time":"2025-09-04T16:18:30+00:00","og_image":[{"width":1920,"height":960,"url":"https:\/\/ihedn.fr\/wp-content\/uploads\/2024\/03\/lundis-IH-1.png","type":"image\/png"}],"author":"tanguy.morel@ihedn.fr","twitter_card":"summary_large_image","twitter_title":"Prise en charge des femmes djihadistes : la sp\u00e9cificit\u00e9 fran\u00e7aise","twitter_description":"Une \u00e9tude comparative men\u00e9e dans quatre pays europ\u00e9ens le montre : la France, dont le contingent de ressortissantes parties en zone syro-irakienne \u00e9tait le plus important, est aussi la plus ferme dans son traitement judiciaire et p\u00e9nitentiaire. Des sp\u00e9cialistes, dont l\u2019auteur de l\u2019\u00e9tude, analysent ce cas particulier.","twitter_image":"https:\/\/ihedn.fr\/wp-content\/uploads\/2024\/03\/lundis-IH-1.png","twitter_creator":"@IHEDN","twitter_site":"@IHEDN","twitter_misc":{"Written by":"tanguy.morel@ihedn.fr","Estimated reading time":"9 minutes"},"schema":{"@context":"https:\/\/schema.org","@graph":[{"@type":"Article","@id":"https:\/\/ihedn.fr\/lundis-de-lihedn\/prise-en-charge-des-femmes-djihadistes-la-specificite-francaise\/#article","isPartOf":{"@id":"https:\/\/ihedn.fr\/lundis-de-lihedn\/prise-en-charge-des-femmes-djihadistes-la-specificite-francaise\/"},"author":{"name":"tanguy.morel@ihedn.fr","@id":"https:\/\/ihedn.fr\/#\/schema\/person\/ed217a37104b27a246b200e65b827cc7"},"headline":"Prise en charge des femmes djihadistes : la sp\u00e9cificit\u00e9 fran\u00e7aise","datePublished":"2024-03-25T15:34:58+00:00","dateModified":"2025-09-04T16:18:30+00:00","mainEntityOfPage":{"@id":"https:\/\/ihedn.fr\/lundis-de-lihedn\/prise-en-charge-des-femmes-djihadistes-la-specificite-francaise\/"},"wordCount":1793,"publisher":{"@id":"https:\/\/ihedn.fr\/#organization"},"image":{"@id":"https:\/\/ihedn.fr\/lundis-de-lihedn\/prise-en-charge-des-femmes-djihadistes-la-specificite-francaise\/#primaryimage"},"thumbnailUrl":"https:\/\/ihedn.fr\/wp-content\/uploads\/2024\/03\/lundis-IH-1.png","articleSection":["Lundis de l'IHEDN","Notre s\u00e9lection","s\u00e9curit\u00e9 nationale"],"inLanguage":"en-GB"},{"@type":"WebPage","@id":"https:\/\/ihedn.fr\/lundis-de-lihedn\/prise-en-charge-des-femmes-djihadistes-la-specificite-francaise\/","url":"https:\/\/ihedn.fr\/lundis-de-lihedn\/prise-en-charge-des-femmes-djihadistes-la-specificite-francaise\/","name":"Care for female jihadists: the French specificity - L'IHEDN : Institut des hautes \u00e9tudes de d\u00e9fense nationale (Graduate Institute of National Defence)","isPartOf":{"@id":"https:\/\/ihedn.fr\/#website"},"primaryImageOfPage":{"@id":"https:\/\/ihedn.fr\/lundis-de-lihedn\/prise-en-charge-des-femmes-djihadistes-la-specificite-francaise\/#primaryimage"},"image":{"@id":"https:\/\/ihedn.fr\/lundis-de-lihedn\/prise-en-charge-des-femmes-djihadistes-la-specificite-francaise\/#primaryimage"},"thumbnailUrl":"https:\/\/ihedn.fr\/wp-content\/uploads\/2024\/03\/lundis-IH-1.png","datePublished":"2024-03-25T15:34:58+00:00","dateModified":"2025-09-04T16:18:30+00:00","description":"A comparative study carried out in four European countries shows that France, which had the largest number of female nationals who left for the Syrian-Iraqi zone, is also the strictest in its judicial and prison treatment. Specialists, including the author of the study, analyse this particular case.","breadcrumb":{"@id":"https:\/\/ihedn.fr\/lundis-de-lihedn\/prise-en-charge-des-femmes-djihadistes-la-specificite-francaise\/#breadcrumb"},"inLanguage":"en-GB","potentialAction":[{"@type":"ReadAction","target":["https:\/\/ihedn.fr\/lundis-de-lihedn\/prise-en-charge-des-femmes-djihadistes-la-specificite-francaise\/"]}]},{"@type":"ImageObject","inLanguage":"en-GB","@id":"https:\/\/ihedn.fr\/lundis-de-lihedn\/prise-en-charge-des-femmes-djihadistes-la-specificite-francaise\/#primaryimage","url":"https:\/\/ihedn.fr\/wp-content\/uploads\/2024\/03\/lundis-IH-1.png","contentUrl":"https:\/\/ihedn.fr\/wp-content\/uploads\/2024\/03\/lundis-IH-1.png","width":1920,"height":960,"caption":"Visuel avec titre \"Prise en charge des femmes djihadistes : la sp\u00e9cificit\u00e9 fran\u00e7aise\""},{"@type":"BreadcrumbList","@id":"https:\/\/ihedn.fr\/lundis-de-lihedn\/prise-en-charge-des-femmes-djihadistes-la-specificite-francaise\/#breadcrumb","itemListElement":[{"@type":"ListItem","position":1,"name":"Accueil","item":"https:\/\/ihedn.fr\/"},{"@type":"ListItem","position":2,"name":"Prise en charge des femmes djihadistes : la sp\u00e9cificit\u00e9 fran\u00e7aise"}]},{"@type":"WebSite","@id":"https:\/\/ihedn.fr\/#website","url":"https:\/\/ihedn.fr\/","name":"IHEDN: Institut des hautes \u00e9tudes de d\u00e9fense nationale (Institute for Higher National Defence Studies)","description":"Official website of the IHEDN under the supervision of the Prime Minister.","publisher":{"@id":"https:\/\/ihedn.fr\/#organization"},"potentialAction":[{"@type":"SearchAction","target":{"@type":"EntryPoint","urlTemplate":"https:\/\/ihedn.fr\/?s={search_term_string}"},"query-input":{"@type":"PropertyValueSpecification","valueRequired":true,"valueName":"search_term_string"}}],"inLanguage":"en-GB"},{"@type":"Organization","@id":"https:\/\/ihedn.fr\/#organization","name":"IHEDN - Institute for Higher National Defence Studies","url":"https:\/\/ihedn.fr\/","logo":{"@type":"ImageObject","inLanguage":"en-GB","@id":"https:\/\/ihedn.fr\/#\/schema\/logo\/image\/","url":"https:\/\/ihedn.fr\/wp-content\/uploads\/2020\/11\/BLOC_RF_IHEDN_WEB.png","contentUrl":"https:\/\/ihedn.fr\/wp-content\/uploads\/2020\/11\/BLOC_RF_IHEDN_WEB.png","width":500,"height":237,"caption":"IHEDN - Institut des Hautes Etudes de D\u00e9fense Nationale"},"image":{"@id":"https:\/\/ihedn.fr\/#\/schema\/logo\/image\/"},"sameAs":["https:\/\/www.facebook.com\/ihedn\/","https:\/\/x.com\/IHEDN","https:\/\/www.instagram.com\/ihedn\/","https:\/\/www.linkedin.com\/school\/ihedn\/","https:\/\/fr.wikipedia.org\/wiki\/Institut_des_hautes_\u00e9tudes_de_D\u00e9fense_nationale"]},{"@type":"Person","@id":"https:\/\/ihedn.fr\/#\/schema\/person\/ed217a37104b27a246b200e65b827cc7","name":"tanguy.morel@ihedn.fr","image":{"@type":"ImageObject","inLanguage":"en-GB","@id":"https:\/\/secure.gravatar.com\/avatar\/36877cd30919fafddf1f9da45f4154aa468a64328452f2ceaff0968772207348?s=96&d=mm&r=g","url":"https:\/\/secure.gravatar.com\/avatar\/36877cd30919fafddf1f9da45f4154aa468a64328452f2ceaff0968772207348?s=96&d=mm&r=g","contentUrl":"https:\/\/secure.gravatar.com\/avatar\/36877cd30919fafddf1f9da45f4154aa468a64328452f2ceaff0968772207348?s=96&d=mm&r=g","caption":"tanguy.morel@ihedn.fr"},"url":"https:\/\/ihedn.fr\/en\/author\/tanguy-morelihedn-fr\/"}]}},"publishpress_future_action":{"enabled":false,"date":"2026-05-07 19:52:49","action":"change-status","newStatus":"draft","terms":[],"taxonomy":"category","extraData":[]},"publishpress_future_workflow_manual_trigger":{"enabledWorkflows":[]},"_links":{"self":[{"href":"https:\/\/ihedn.fr\/en\/wp-json\/wp\/v2\/posts\/46710","targetHints":{"allow":["GET"]}}],"collection":[{"href":"https:\/\/ihedn.fr\/en\/wp-json\/wp\/v2\/posts"}],"about":[{"href":"https:\/\/ihedn.fr\/en\/wp-json\/wp\/v2\/types\/post"}],"author":[{"embeddable":true,"href":"https:\/\/ihedn.fr\/en\/wp-json\/wp\/v2\/users\/10"}],"replies":[{"embeddable":true,"href":"https:\/\/ihedn.fr\/en\/wp-json\/wp\/v2\/comments?post=46710"}],"version-history":[{"count":26,"href":"https:\/\/ihedn.fr\/en\/wp-json\/wp\/v2\/posts\/46710\/revisions"}],"predecessor-version":[{"id":55418,"href":"https:\/\/ihedn.fr\/en\/wp-json\/wp\/v2\/posts\/46710\/revisions\/55418"}],"wp:featuredmedia":[{"embeddable":true,"href":"https:\/\/ihedn.fr\/en\/wp-json\/wp\/v2\/media\/46719"}],"wp:attachment":[{"href":"https:\/\/ihedn.fr\/en\/wp-json\/wp\/v2\/media?parent=46710"}],"wp:term":[{"taxonomy":"category","embeddable":true,"href":"https:\/\/ihedn.fr\/en\/wp-json\/wp\/v2\/categories?post=46710"},{"taxonomy":"post_tag","embeddable":true,"href":"https:\/\/ihedn.fr\/en\/wp-json\/wp\/v2\/tags?post=46710"}],"curies":[{"name":"wp","href":"https:\/\/api.w.org\/{rel}","templated":true}]}}